{"id":30967,"date":"2023-04-25T08:00:43","date_gmt":"2023-04-25T06:00:43","guid":{"rendered":"https:\/\/www.brw.pl\/blog\/?p=30967"},"modified":"2023-04-19T08:53:05","modified_gmt":"2023-04-19T06:53:05","slug":"salon-z-oknem-naroznym-aranzacje","status":"publish","type":"post","link":"https:\/\/www.brw.pl\/blog\/salon-z-oknem-naroznym-aranzacje\/","title":{"rendered":"Salon z oknem naro\u017cnym &#8211; aran\u017cacje"},"content":{"rendered":"<p data-pm-slice=\"1 1 []\"><strong>Marzy Ci si\u0119 przestronny, wype\u0142niony \u015bwiat\u0142em salon? Zainwestuj w okno naro\u017cne! Takie rozwi\u0105zanie w pokoju dziennym ma mn\u00f3stwo zalet. Jakich? Sprawd\u017a!<\/strong><\/p>\n<p data-pm-slice=\"1 1 []\"><!--more--><\/p>\n<p><center><img decoding=\"async\" class=\"alignnone size-medium wp-image-29595 lazyload\" data-src=\"https:\/\/www.brw.pl\/blog\/wp-content\/uploads\/2023\/01\/Pok\u00f3j-dzienny-Modeo-800x450.jpg\" alt=\"Styl le\u015bny we wn\u0119trzach - zobacz, jak urz\u0105dzi\u0107 salon lub sypialni\u0119 w le\u015bnym klimacie\" width=\"800\" height=\"450\" data-srcset=\"https:\/\/www.brw.pl\/blog\/wp-content\/uploads\/2023\/01\/Pok\u00f3j-dzienny-Modeo-800x450.jpg 800w, https:\/\/www.brw.pl\/blog\/wp-content\/uploads\/2023\/01\/Pok\u00f3j-dzienny-Modeo-768x432.jpg 768w, https:\/\/www.brw.pl\/blog\/wp-content\/uploads\/2023\/01\/Pok\u00f3j-dzienny-Modeo-1536x864.jpg 1536w, https:\/\/www.brw.pl\/blog\/wp-content\/uploads\/2023\/01\/Pok\u00f3j-dzienny-Modeo.jpg 1919w\" data-sizes=\"(max-width: 800px) 100vw, 800px\" src=\"data:image\/svg+xml;base64,PHN2ZyB3aWR0aD0iMSIgaGVpZ2h0PSIxIiB4bWxucz0iaHR0cDovL3d3dy53My5vcmcvMjAwMC9zdmciPjwvc3ZnPg==\" style=\"--smush-placeholder-width: 800px; --smush-placeholder-aspect-ratio: 800\/450;\" \/><\/center><\/p>\n<p style=\"text-align: center;\" data-pm-slice=\"1 1 []\"><a href=\"https:\/\/www.brw.pl\/kolekcja-modeo,598\" target=\"_blank\" rel=\"noopener noreferrer\"><strong>KOLEKCJA MEBLI MODEO<\/strong><\/a><\/p>\n<h2><strong><span data-color=\"rgb(248, 250, 251)\">Salon z naro\u017cnym oknem \u2013 odpowiednio go zaaran\u017cuj!<\/span><\/strong><\/h2>\n<p>W naszym artykule:<\/p>\n<ul>\n<li>dowiesz si\u0119, co wyr\u00f3\u017cnia okna naro\u017cne,<\/li>\n<li>poznasz zalety i wady takich okien,<\/li>\n<li>zobaczysz, jak urz\u0105dzi\u0107 salon z oknem naro\u017cnym,<\/li>\n<li>obejrzysz inspiruj\u0105ce aran\u017cacje pokoju dziennego z rogowym przeszkleniem.<\/li>\n<\/ul>\n<p>Okna naro\u017cne dziel\u0105 si\u0119 na <strong>s\u0142upkowe<\/strong> oraz <strong>bezs\u0142upkowe<\/strong> &#8211; klejone. W odniesieniu do tych pierwszych, s\u0142upek odgrywa rol\u0119 wspornika, dzi\u0119ki czemu ca\u0142a konstrukcja jest bardziej stabilna. Z kolei okna bezs\u0142upkowe wyra\u017aniej otwieraj\u0105 przestrze\u0144, sprawiaj\u0105c, \u017ce widok staje si\u0119 bardziej spektakularny. Twoje okna wychodz\u0105 na las, morze albo g\u00f3ry? Okna bezs\u0142upkowe s\u0105 dla Ciebie stworzone!<\/p>\n<p>Rogowe przeszklenie sprawdzi si\u0119 zar\u00f3wno w przypadku okien drewnianych czy drewniano-aluminiowych, jak i plastikowych. Takie okna mog\u0105 si\u0119 otwiera\u0107, ale nie musz\u0105. Plusem nieotwieraj\u0105cych si\u0119 s\u0105 lepsze parametry termiczne i ni\u017csza cena. Natomiast otwierane okna &#8211; uchylne, rozwierane, obrotowe czy przesuwne &#8211; u\u0142atwiaj\u0105 przewietrzenie wn\u0119trza.<\/p>\n<h3 style=\"text-align: center;\"><strong>Okna naro\u017cne &#8211; zalety<\/strong><\/h3>\n<p>Okna naro\u017cne maj\u0105 wiele atut\u00f3w. Oto najwa\u017cniejsze z nich:<\/p>\n<ul>\n<li>walory estetyczne &#8211; naro\u017cne okno jest bardziej efektowne ni\u017c tradycyjne,<\/li>\n<li>optyczne powi\u0119kszenie przestrzeni &#8211; szczeg\u00f3lnie przy wariancie bezs\u0142upkowym,<\/li>\n<li>nadanie lekko\u015bci bryle budynku &#8211; w nowoczesnym budownictwie na przeszkleniu na pewno skorzystaj\u0105 du\u017ce domy,<\/li>\n<li>wi\u0119cej \u015bwiat\u0142a we wn\u0119trzu &#8211; jasne pomieszczenia nie wymagaj\u0105 sztucznego do\u015bwietlania w ci\u0105gu dnia, co ma dobry wp\u0142yw na Tw\u00f3j wzrok.<\/li>\n<\/ul>\n<h3 style=\"text-align: center;\"><strong>Okna naro\u017cne &#8211; wyzwania<\/strong><\/h3>\n<p><strong>Okna naro\u017cne s\u0105 rozwi\u0105zaniem, kt\u00f3re warto uwzgl\u0119dni\u0107 ju\u017c na etapie projektowania domu czy mieszkania.<\/strong> Ich obecno\u015b\u0107 wi\u0105\u017ce si\u0119 z konieczno\u015bci\u0105 wzmocnienia stropu czy u\u017cycia specjalnych nadpro\u017cy. Wybieraj\u0105c okna, zdecydowa\u0142e\u015b si\u0119 na du\u017ce przeszklenie? Dodatkowo b\u0119dzie Ci potrzebna rama \u017celbetowa i szyby z dwiema lub trzema taflami szk\u0142a.<\/p>\n<p>Okno naro\u017cne jest dro\u017csze od zwyk\u0142ego. Dlatego je\u015bli rozwa\u017casz monta\u017c takiego okna na parterze, zastan\u00f3w si\u0119, czy nie lepiej zainwestowa\u0107 w drzwi tarasowe. Z drugiej strony, <strong>naro\u017cne okna maj\u0105 stosunkowo szerok\u0105 rozpi\u0119to\u015b\u0107 cenow\u0105<\/strong>. Kwoty wahaj\u0105 si\u0119 od kilku do kilkunastu tysi\u0119cy z\u0142otych. Wszystko zale\u017cy od producenta, rodzaju okien, ich parametr\u00f3w i tak dalej.<\/p>\n<p>Do minus\u00f3w okien naro\u017cnych opr\u00f3cz wysokiej ceny instalacji zalicza si\u0119 r\u00f3wnie\u017c utrat\u0119 ciep\u0142a. Dotyczy to zw\u0142aszcza okien klejonych, czyli bezs\u0142upkowych. Aby nie marzn\u0105\u0107 zim\u0105, <strong>zwr\u00f3\u0107 uwag\u0119 na wska\u017anik izolacyjno\u015bci szyb<\/strong>.<\/p>\n<h3 style=\"text-align: center;\"><strong>Okna naro\u017cne w salonie<\/strong><\/h3>\n<p>Na oknie naro\u017cnym zyska aran\u017cacja kuchni czy sypialni, jednak najlepiej wykorzystasz jego zalety w pokoju reprezentacyjnym, jakim jest salon. W ko\u0144cu to w nim sp\u0119dzasz najwi\u0119cej czasu. Zapraszasz tam r\u00f3wnie\u017c go\u015bci. <strong>W salonie okno naro\u017cne pozwala cieszy\u0107 si\u0119 pi\u0119knym widokiem i naturalnym \u015bwiat\u0142em.<\/strong> Umie\u015b\u0107 przy nim stref\u0119 wypoczynkow\u0105 lub jadalnian\u0105.<\/p>\n<p>Milej przebywa si\u0119 w jasnym, przestronnym wn\u0119trzu, ale pami\u0119taj, \u017ce wystr\u00f3j pomieszczenia z rogowym przeszkleniem rz\u0105dzi si\u0119 swoimi prawami. Jak urz\u0105dzi\u0107 salon z naro\u017cnym oknem? Czytaj dalej.<\/p>\n<h2><strong><span data-color=\"rgb(248, 250, 251)\">Urz\u0105dzamy salon z oknem naro\u017cnym<\/span><\/strong><\/h2>\n<p>Czy dekorator albo wr\u0119cz architekt wn\u0119trz jest niezb\u0119dny do rozplanowania i wyposa\u017cenia pokoju dziennego z oknem naro\u017cnym? Niekoniecznie. Podpowiemy Ci, jak sobie z tym poradzi\u0107 samodzielnie.<\/p>\n<h3 style=\"text-align: center;\"><strong>Zas\u0142ony, \u017caluzje czy rolety?<\/strong><\/h3>\n<p>Po pierwsze <strong>dostosuj aran\u017cacj\u0119 okna naro\u017cnego do stylu wn\u0119trza oraz jego kolorystyki<\/strong>. W klasycznym salonie odnajd\u0105 si\u0119 ci\u0119\u017ckie <a href=\"https:\/\/www.brw.pl\/tekstylia\/firany-zaslony\/zaslony\/\" target=\"_blank\" rel=\"noopener noreferrer\">zas\u0142ony<\/a> z grubego materia\u0142u oraz <a href=\"https:\/\/www.brw.pl\/tekstylia\/firany-zaslony\/firany\/\" target=\"_blank\" rel=\"noopener noreferrer\">firany<\/a>. W pokoju glamour powie\u015b eleganckie zas\u0142ony z b\u0142yszcz\u0105cej tkaniny. Warto przy tym wiedzie\u0107, \u017ce rezygnuj\u0105c z typowego karnisza na rzecz szyny podsufitowej, zgrabnie po\u0142\u0105czysz ze sob\u0105 dwie zas\u0142ony. <strong>Zas\u0142ony maj\u0105 t\u0119 przewag\u0119 nad roletami i \u017caluzjami, \u017ce dodaj\u0105 przytulno\u015bci.<\/strong><\/p>\n<div style=\"display: flex; flex-wrap: wrap; align-items: center; justify-content: center; text-align: center;\">\n<figure id=\"attachment_20530\" aria-describedby=\"caption-attachment-20530\" style=\"width: 285px\" class=\"wp-caption aligncenter\"><img decoding=\"async\" class=\"wp-image-20530 lazyload\" data-src=\"https:\/\/www.brw.pl\/blog\/wp-content\/uploads\/2022\/09\/zaslona-rosa.jpg\" alt=\"Zas\u0142ona Rosa\" width=\"285\" height=\"214\" src=\"data:image\/svg+xml;base64,PHN2ZyB3aWR0aD0iMSIgaGVpZ2h0PSIxIiB4bWxucz0iaHR0cDovL3d3dy53My5vcmcvMjAwMC9zdmciPjwvc3ZnPg==\" style=\"--smush-placeholder-width: 285px; --smush-placeholder-aspect-ratio: 285\/214;\" \/><figcaption id=\"caption-attachment-20530\" class=\"wp-caption-text\"><a href=\"https:\/\/www.brw.pl\/zaslona-rosa,39993\" target=\"_blank\" rel=\"noopener noreferrer\"><span style=\"font-weight: 400;\">Zas\u0142ona Rosa<\/span><\/a><\/figcaption><\/figure>\n<figure id=\"attachment_20530\" aria-describedby=\"caption-attachment-20530\" style=\"width: 285px\" class=\"wp-caption aligncenter\"><img decoding=\"async\" class=\"wp-image-20530 lazyload\" data-src=\"https:\/\/www.brw.pl\/blog\/wp-content\/uploads\/2023\/04\/zaslona-york-mediuma.jpg\" alt=\"Zas\u0142ona York\" width=\"285\" height=\"214\" src=\"data:image\/svg+xml;base64,PHN2ZyB3aWR0aD0iMSIgaGVpZ2h0PSIxIiB4bWxucz0iaHR0cDovL3d3dy53My5vcmcvMjAwMC9zdmciPjwvc3ZnPg==\" style=\"--smush-placeholder-width: 285px; --smush-placeholder-aspect-ratio: 285\/214;\" \/><figcaption id=\"caption-attachment-20530\" class=\"wp-caption-text\"><a href=\"https:\/\/www.brw.pl\/zaslona-york,51813\" target=\"_blank\" rel=\"noopener noreferrer\"><span style=\"font-weight: 400;\">Zas\u0142ona York<\/span><\/a><\/figcaption><\/figure>\n<\/div>\n<p>Do nowoczesnego pomieszczenia pasuj\u0105 minimalistyczne \u017caluzje. Do skandynawskiego &#8211; drewniane rolety. <strong>Za \u017caluzjami i roletami przemawia to, \u017ce mo\u017cesz regulowa\u0107 ich wysoko\u015b\u0107, a tym samym ilo\u015b\u0107 \u015bwiat\u0142a w pokoju.<\/strong> Podobnie jak zas\u0142ony, przydadz\u0105 si\u0119 latem, gdy okno wychodzi cz\u0119\u015bciowo na po\u0142udnie i upa\u0142 staje si\u0119 nie do zniesienia.<\/p>\n<h2><strong><span data-color=\"rgb(248, 250, 251)\">Salon z oknem naro\u017cnym \u2013 aran\u017cacje<\/span><\/strong><\/h2>\n<p>Przyjrzyj si\u0119 naszym aran\u017cacjom pokoju dziennego z oknem naro\u017cnym.<\/p>\n<h3 style=\"text-align: center;\"><strong>Okno naro\u017cne w salonie po\u0142\u0105czonym z jadalni\u0105<\/strong><\/h3>\n<p><center><img decoding=\"async\" class=\"alignnone size-medium wp-image-30855 lazyload\" data-src=\"https:\/\/www.brw.pl\/blog\/wp-content\/uploads\/2023\/04\/witryna-gent-800x477.jpg\" alt=\"Salon glamour z drewnem\" width=\"800\" height=\"477\" data-srcset=\"https:\/\/www.brw.pl\/blog\/wp-content\/uploads\/2023\/04\/witryna-gent-800x477.jpg 800w, https:\/\/www.brw.pl\/blog\/wp-content\/uploads\/2023\/04\/witryna-gent-768x458.jpg 768w, https:\/\/www.brw.pl\/blog\/wp-content\/uploads\/2023\/04\/witryna-gent-1536x916.jpg 1536w, https:\/\/www.brw.pl\/blog\/wp-content\/uploads\/2023\/04\/witryna-gent.jpg 1811w\" data-sizes=\"(max-width: 800px) 100vw, 800px\" src=\"data:image\/svg+xml;base64,PHN2ZyB3aWR0aD0iMSIgaGVpZ2h0PSIxIiB4bWxucz0iaHR0cDovL3d3dy53My5vcmcvMjAwMC9zdmciPjwvc3ZnPg==\" style=\"--smush-placeholder-width: 800px; --smush-placeholder-aspect-ratio: 800\/477;\" \/><\/center><\/p>\n<p style=\"text-align: center;\"><a href=\"https:\/\/www.brw.pl\/kolekcja-gent,259\" target=\"_blank\" rel=\"noopener noreferrer\"><strong>KOLEKCJA MEBLI GENT<\/strong><\/a><\/p>\n<p>Gdzie postawi\u0107 st\u00f3\u0142 jadalniany w pokoju dziennym z jadalni\u0105? Najlepiej w pobli\u017cu okna, w tym przypadku naro\u017cnego. Dzi\u0119ki temu zjesz \u015bniadanie czy obiad, korzystaj\u0105c z naturalnego \u015bwiat\u0142a i podziwiaj\u0105c widok za oknem.<\/p>\n<p>Takie rozwi\u0105zanie zastosowali\u015bmy w klasycznym salonie urz\u0105dzonym za pomoc\u0105 kolekcji Gent. Ze wzgl\u0119du na do\u015b\u0107 ciemny kolor drewna i masywne bry\u0142y mebli, uznali\u015bmy, \u017ce zas\u0142ony s\u0105 tu zb\u0119dne &#8211; niepotrzebnie przyt\u0142oczy\u0142yby wn\u0119trze. Naro\u017cne okno rozja\u015bnia i optycznie powi\u0119ksza przestrze\u0144. <strong>Aby aran\u017cacja okna nie by\u0142a zbyt md\u0142a, postawili\u015bmy na dekoracyjne listwy &#8211; szprosy zwane inaczej szczeblinami.<\/strong><\/p>\n<p>To przytulne pomieszczenie zach\u0119ca do spokojnego delektowania si\u0119 w nim smacznym posi\u0142kiem i towarzystwem bliskich os\u00f3b.<\/p>\n<p>Spodoba\u0142y Ci si\u0119 meble z kolekcji Gent?<\/p>\n<p><strong>Ukryt\u0105 za sto\u0142em <a href=\"https:\/\/www.brw.pl\/komoda-gent,10116\" target=\"_blank\" rel=\"noopener noreferrer\">komod\u0119 Gent<\/a> obejrzysz dok\u0142adniej na filmie dost\u0119pnym na <\/strong><a href=\"https:\/\/www.youtube.com\/@brwmeble\" target=\"_blank\" rel=\"noopener noreferrer\"><strong>kanale BRW<\/strong><\/a><strong> w serwisie YouTube:<\/strong><\/p>\n<div class=\"videoWrapper\"><iframe title=\"Komoda Gent\" data-src=\"https:\/\/www.youtube.com\/embed\/96fSIHo_-aI\" frameborder=\"0\" allowfullscreen=\"allowfullscreen\" src=\"data:image\/svg+xml;base64,PHN2ZyB3aWR0aD0iMSIgaGVpZ2h0PSIxIiB4bWxucz0iaHR0cDovL3d3dy53My5vcmcvMjAwMC9zdmciPjwvc3ZnPg==\" data-load-mode=\"1\"><span data-mce-type=\"bookmark\" style=\"display: inline-block; width: 0px; overflow: hidden; line-height: 0;\" class=\"mce_SELRES_start lazyload\">\ufeff<\/span><\/iframe><\/div>\n<p>&nbsp;<\/p>\n<p><strong>Pozosta\u0142e produkty widoczne na zdj\u0119ciu czekaj\u0105 na Ciebie <\/strong><a href=\"https:\/\/www.brw.pl\/inspiracje\/produkty\/?a=6954,gent\" target=\"_blank\" rel=\"noopener noreferrer\"><strong>TUTAJ<\/strong><\/a><strong>.<\/strong><\/p>\n<h3 style=\"text-align: center;\"><strong>Naro\u017cne okno z drzwiami tarasowymi w salonie<\/strong><\/h3>\n<p><center><img decoding=\"async\" class=\"alignnone size-medium wp-image-30969 lazyload\" data-src=\"https:\/\/www.brw.pl\/blog\/wp-content\/uploads\/2023\/04\/witryna-flames-800x500.jpg\" alt=\"Flames - salon - okno naro\u017cne\" width=\"800\" height=\"500\" data-srcset=\"https:\/\/www.brw.pl\/blog\/wp-content\/uploads\/2023\/04\/witryna-flames-800x500.jpg 800w, https:\/\/www.brw.pl\/blog\/wp-content\/uploads\/2023\/04\/witryna-flames-768x480.jpg 768w, https:\/\/www.brw.pl\/blog\/wp-content\/uploads\/2023\/04\/witryna-flames-1536x960.jpg 1536w, https:\/\/www.brw.pl\/blog\/wp-content\/uploads\/2023\/04\/witryna-flames.jpg 1728w\" data-sizes=\"(max-width: 800px) 100vw, 800px\" src=\"data:image\/svg+xml;base64,PHN2ZyB3aWR0aD0iMSIgaGVpZ2h0PSIxIiB4bWxucz0iaHR0cDovL3d3dy53My5vcmcvMjAwMC9zdmciPjwvc3ZnPg==\" style=\"--smush-placeholder-width: 800px; --smush-placeholder-aspect-ratio: 800\/500;\" \/><\/center><\/p>\n<p style=\"text-align: center;\"><a href=\"https:\/\/www.brw.pl\/kolekcja-flames-521,521\" target=\"_blank\" rel=\"noopener noreferrer\"><strong>KOLEKCJA MEBLI FLAMES<\/strong><\/a><\/p>\n<p><strong>W niewielkim pokoju dziennym okno naro\u017cne na du\u017cej powierzchni \u015bciany jest \u015bwietnym pomys\u0142em, poniewa\u017c wn\u0119trze wizualnie zyskuje na metra\u017cu.<\/strong> Przeszklenie obejmuj\u0105ce okna oraz drzwi na taras wpuszcza do \u015brodka du\u017co \u015bwiat\u0142a.<\/p>\n<p>Salon rozja\u015bniaj\u0105 r\u00f3wnie\u017c bia\u0142e meble z kolekcji Flames z ozdobnym ryflowaniem na frontach. Efektownie kontrastuj\u0105 z szarym betonem architektonicznym na jednej ze \u015bcian. Nierzucaj\u0105ce si\u0119 w oczy spoty sufitowe r\u00f3wnomiernie o\u015bwietlaj\u0105 pomieszczenie po zmroku. Pod\u0142oga w naturalnym kolorze drewna nieco ociepla ten nowoczesny, ch\u0142odny pok\u00f3j.<\/p>\n<p><strong>Produkty widoczne na zdj\u0119ciu czekaj\u0105 na Ciebie <\/strong><a href=\"https:\/\/www.brw.pl\/inspiracje\/produkty\/?a=6751,flames\" target=\"_blank\" rel=\"noopener noreferrer\"><strong>TUTAJ<\/strong><\/a><strong>.<\/strong><\/p>\n<p>Po wi\u0119cej inspiracji zapraszamy do <a href=\"https:\/\/www.brw.pl\/\" target=\"_blank\" rel=\"noopener noreferrer\"><strong><u>sklepu internetowego Black Red White<\/u><\/strong><\/a><strong>!<\/strong><\/p>\n<p>Czytaj tak\u017ce: <a href=\"https:\/\/www.brw.pl\/blog\/kuchnia-z-naroznym-oknem-aranzacje\/\" target=\"_blank\" rel=\"noopener noreferrer\"><strong>&#8222;Kuchnia z naro\u017cnym oknem \u2013 aran\u017cacje&#8221;<\/strong><\/a>. Tak jak wspomnieli\u015bmy wcze\u015bniej, naro\u017cne okno w kuchni ma wiele plus\u00f3w. Nasz artyku\u0142 podpowie Ci, jak zaaran\u017cowa\u0107 takie wn\u0119trze. Mi\u0142ej lektury!<\/p>\n","protected":false},"excerpt":{"rendered":"<p>Marzy Ci si\u0119 przestronny, wype\u0142niony \u015bwiat\u0142em salon? Zainwestuj w okno naro\u017cne! Takie rozwi\u0105zanie w pokoju dziennym ma mn\u00f3stwo zalet. Jakich? Sprawd\u017a!<\/p>\n","protected":false},"author":29,"featured_media":29595,"comment_status":"closed","ping_status":"open","sticky":false,"template":"","format":"standard","meta":{"footnotes":""},"categories":[39,28,574,735],"tags":[],"aioseo_notices":[],"_links":{"self":[{"href":"https:\/\/www.brw.pl\/blog\/wp-json\/wp\/v2\/posts\/30967"}],"collection":[{"href":"https:\/\/www.brw.pl\/blog\/wp-json\/wp\/v2\/posts"}],"about":[{"href":"https:\/\/www.brw.pl\/blog\/wp-json\/wp\/v2\/types\/post"}],"author":[{"embeddable":true,"href":"https:\/\/www.brw.pl\/blog\/wp-json\/wp\/v2\/users\/29"}],"replies":[{"embeddable":true,"href":"https:\/\/www.brw.pl\/blog\/wp-json\/wp\/v2\/comments?post=30967"}],"version-history":[{"count":2,"href":"https:\/\/www.brw.pl\/blog\/wp-json\/wp\/v2\/posts\/30967\/revisions"}],"predecessor-version":[{"id":30975,"href":"https:\/\/www.brw.pl\/blog\/wp-json\/wp\/v2\/posts\/30967\/revisions\/30975"}],"wp:featuredmedia":[{"embeddable":true,"href":"https:\/\/www.brw.pl\/blog\/wp-json\/wp\/v2\/media\/29595"}],"wp:attachment":[{"href":"https:\/\/www.brw.pl\/blog\/wp-json\/wp\/v2\/media?parent=30967"}],"wp:term":[{"taxonomy":"category","embeddable":true,"href":"https:\/\/www.brw.pl\/blog\/wp-json\/wp\/v2\/categories?post=30967"},{"taxonomy":"post_tag","embeddable":true,"href":"https:\/\/www.brw.pl\/blog\/wp-json\/wp\/v2\/tags?post=30967"}],"curies":[{"name":"wp","href":"https:\/\/api.w.org\/{rel}","templated":true}]}}