{"id":31630,"date":"2023-04-30T08:00:32","date_gmt":"2023-04-30T06:00:32","guid":{"rendered":"https:\/\/www.brw.pl\/blog\/?p=31630"},"modified":"2023-06-02T14:32:58","modified_gmt":"2023-06-02T12:32:58","slug":"czerwona-cegla-w-salonie-i-drewno-nowoczesne-wydanie-loftu","status":"publish","type":"post","link":"https:\/\/www.brw.pl\/blog\/czerwona-cegla-w-salonie-i-drewno-nowoczesne-wydanie-loftu\/","title":{"rendered":"Czerwona ceg\u0142a w salonie i drewno &#8211; nowoczesne wydanie loftu"},"content":{"rendered":"<p data-pm-slice=\"1 1 []\"><strong>Po\u0142\u0105czenie drewna z ceglan\u0105 \u015bcian\u0105 to cz\u0119ste rozwi\u0105zanie w aran\u017cacji wn\u0119trz w stylu loft. Najefektowniej zaprezentuje si\u0119 w salonie. Podpowiemy Ci, jak urz\u0105dzi\u0107 takie pomieszczenie.<\/strong><\/p>\n<p data-pm-slice=\"1 1 []\"><!--more--><\/p>\n<p><center><img decoding=\"async\" class=\"alignnone size-medium wp-image-31626 lazyload\" data-src=\"https:\/\/www.brw.pl\/blog\/wp-content\/uploads\/2023\/04\/st\u00f3\u0142-fario-fusion-800x530.jpg\" alt=\"St\u00f3\u0142 Vario Fusion w salonie z ceg\u0142\u0105 i drewnem\" width=\"800\" height=\"530\" data-srcset=\"https:\/\/www.brw.pl\/blog\/wp-content\/uploads\/2023\/04\/st\u00f3\u0142-fario-fusion-800x530.jpg 800w, https:\/\/www.brw.pl\/blog\/wp-content\/uploads\/2023\/04\/st\u00f3\u0142-fario-fusion-768x509.jpg 768w, https:\/\/www.brw.pl\/blog\/wp-content\/uploads\/2023\/04\/st\u00f3\u0142-fario-fusion-1536x1018.jpg 1536w, https:\/\/www.brw.pl\/blog\/wp-content\/uploads\/2023\/04\/st\u00f3\u0142-fario-fusion.jpg 1611w\" data-sizes=\"(max-width: 800px) 100vw, 800px\" src=\"data:image\/svg+xml;base64,PHN2ZyB3aWR0aD0iMSIgaGVpZ2h0PSIxIiB4bWxucz0iaHR0cDovL3d3dy53My5vcmcvMjAwMC9zdmciPjwvc3ZnPg==\" style=\"--smush-placeholder-width: 800px; --smush-placeholder-aspect-ratio: 800\/530;\" \/><\/center><\/p>\n<h2 data-pm-slice=\"1 1 []\"><strong><span data-color=\"rgb(248, 250, 251)\">Czerwona ceg\u0142a w salonie i drewno \u2013 loft w nowoczesnej ods\u0142onie<\/span><\/strong><\/h2>\n<p>W naszym artykule:<\/p>\n<ul>\n<li>wyja\u015bnimy, jak urz\u0105dzi\u0107 salon z ceg\u0142\u0105 i drewnem,<\/li>\n<li>przedstawimy meble i dodatki, kt\u00f3re sprawdz\u0105 si\u0119 w takim wn\u0119trzu,<\/li>\n<li>poka\u017cemy inspiruj\u0105ce aran\u017cacje.<\/li>\n<\/ul>\n<p><strong>Ceglana \u015bciana zestawiona z drewnianymi elementami wyposa\u017cenia dodaje wn\u0119trzu pazura.<\/strong> \u015awietnie wygl\u0105da w zasadzie w ka\u017cdym pomieszczeniu, ale najlepiej wyeksponujesz j\u0105 w salonie, gdzie przebywasz w ci\u0105gu dnia oraz zapraszasz go\u015bci. Maria\u017c czerwonej ceg\u0142y z drewnem zda egzamin w rustykalnej przestrzeni, jednak najbardziej pasuje do nowoczesnego loftu. Loftowy klimat w aran\u017cacji wn\u0119trza jest obecnie bardzo popularny.<\/p>\n<p><strong>Ceg\u0142a dzi\u0119ki swojej nieregularnej strukturze i surowo\u015bci wspaniale podkre\u015bla postindustrialn\u0105 estetyk\u0119. Z kolei wizyt\u00f3wk\u0105 drewna jest atrakcyjny rysunek us\u0142ojenia.<\/strong> <strong>S\u0119ki i rysy nadaj\u0105 mu szlachetny, niepowtarzalny charakter.<\/strong> Dotyczy to zar\u00f3wno litego drewna, jak i materia\u0142\u00f3w drewnopochodnych, cho\u0107 te ostatnie nie robi\u0105 tak du\u017cego wra\u017cenia.<\/p>\n<p>Si\u0142a tkwi w kontra\u015bcie &#8211; ciep\u0142e, lekkie drewno wyj\u0105tkowo efektownie komponuje si\u0119 z zimn\u0105, ci\u0119\u017ck\u0105 ceg\u0142\u0105. W ko\u0144cu przeciwie\u0144stwa si\u0119 przyci\u0105gaj\u0105, a w tym przypadku r\u00f3wnie\u017c dope\u0142niaj\u0105.<\/p>\n<h2><strong><span data-color=\"rgb(248, 250, 251)\">Po\u0142\u0105czenie ceg\u0142y z drewnem \u2013 jak urz\u0105dzi\u0107 taki salon?<\/span><\/strong><\/h2>\n<p>W jaki spos\u00f3b zaaran\u017cowa\u0107 loftowy pok\u00f3j dzienny z ceg\u0142\u0105 i drewnem? Istnieje wiele interesuj\u0105cych rozwi\u0105za\u0144. Najcz\u0119\u015bciej stawia si\u0119 na czerwon\u0105 ceg\u0142\u0119 oraz drewnian\u0105 pod\u0142og\u0119. Taka ceg\u0142a wygl\u0105da r\u00f3wnie dobrze w towarzystwie ciemnej pod\u0142ogi, jak i jasnej. Na przyk\u0142ad <strong>rustykalne deski ze star\u0105 ceg\u0142\u0105 albo p\u0142ytkami z ciemnej ceg\u0142y stanowi\u0105 bardzo wyraziste, ciekawe po\u0142\u0105czenie<\/strong>. Dobrym pomys\u0142em b\u0119dzie wykorzystanie ceg\u0142y klinkierowej wykonanej z mieszanki piasku i gliny. Jako naturalny, przyjazny \u015brodowisku materia\u0142, wpisuje si\u0119 w modny nurt ekologiczny.<\/p>\n<p>Mo\u017cesz te\u017c zdecydowa\u0107 si\u0119 na <strong>imitacj\u0119 starej ceg\u0142y w formie tapety b\u0105d\u017a fototapety<\/strong>. To najprostsza metoda, kt\u00f3ra pozwoli Ci zaoszcz\u0119dzi\u0107 czas oraz pieni\u0105dze. Po\u0142o\u017cenie tapety nie wi\u0105\u017ce si\u0119 z konieczno\u015bci\u0105 zatrudnienia fachowca, spokojnie da si\u0119 to zrobi\u0107 samodzielnie.<\/p>\n<h3 style=\"text-align: center;\"><strong>Meble do salonu z ceg\u0142\u0105 i drewnem<\/strong><\/h3>\n<p>Opr\u00f3cz pod\u0142ogi z drewna w postindustrialnym salonie powinny znale\u017a\u0107 si\u0119 minimalistyczne meble zrobione z tego surowca. Mile widziane b\u0119d\u0105 proste formy, g\u0142adkie fronty, metalowe komponenty, stonowane kolory.<\/p>\n<p><center><img decoding=\"async\" class=\"alignnone size-full wp-image-30360 lazyload\" data-src=\"https:\/\/www.brw.pl\/blog\/wp-content\/uploads\/2023\/03\/witryna-sawira.jpg\" alt=\"\" width=\"593\" height=\"445\" src=\"data:image\/svg+xml;base64,PHN2ZyB3aWR0aD0iMSIgaGVpZ2h0PSIxIiB4bWxucz0iaHR0cDovL3d3dy53My5vcmcvMjAwMC9zdmciPjwvc3ZnPg==\" style=\"--smush-placeholder-width: 593px; --smush-placeholder-aspect-ratio: 593\/445;\" \/><\/center><\/p>\n<p style=\"text-align: center;\"><a href=\"https:\/\/www.brw.pl\/witryna-sawira,46067\" target=\"_blank\" rel=\"noopener noreferrer\"><strong>WITRYNA SAWIRA<\/strong><\/a><\/p>\n<p>Drewniana <strong>witryna Sawira<\/strong> na tle \u015bciany z czerwonej ceg\u0142y? Tak! D\u0119bowy odcie\u0144 front\u00f3w b\u0119dzie pi\u0119knie z ni\u0105 korespondowa\u0142. <strong>Mebel, podobnie jak ca\u0142a <\/strong><a href=\"https:\/\/www.brw.pl\/kolekcja-sawira,578\" target=\"_blank\" rel=\"noopener noreferrer\"><strong>kolekcja Sawira<\/strong><\/a><strong>, zosta\u0142 wykonany w duchu eko, z szacunku dla \u015brodowiska naturalnego.<\/strong> Podczas produkcji u\u017cyto najwy\u017cszej jako\u015bci drewna d\u0119bowego, kt\u00f3re uzyskano z fragment\u00f3w niewykorzystanych przy innych kolekcjach. Ten gatunek drewna charakteryzuje si\u0119 wysok\u0105 odporno\u015bci\u0105 na uszkodzenia mechaniczne. Witryn\u0119 pokryto bezpiecznym dla cz\u0142owieka i \u015brodowiska lakierem BIO.<\/p>\n<p><strong>Witryn\u0119 Sawira obejrzysz dok\u0142adniej na filmie dost\u0119pnym na <\/strong><a href=\"https:\/\/www.youtube.com\/@brwmeble\" target=\"_blank\" rel=\"noopener noreferrer\"><strong>kanale BRW<\/strong><\/a><strong> w serwisie YouTube:<\/strong><\/p>\n<div class=\"videoWrapper\"><iframe title=\"Witryna Sawira\" data-src=\"https:\/\/www.youtube.com\/embed\/EliMyJMdpC4\" frameborder=\"0\" allowfullscreen=\"allowfullscreen\" src=\"data:image\/svg+xml;base64,PHN2ZyB3aWR0aD0iMSIgaGVpZ2h0PSIxIiB4bWxucz0iaHR0cDovL3d3dy53My5vcmcvMjAwMC9zdmciPjwvc3ZnPg==\" data-load-mode=\"1\"><span data-mce-type=\"bookmark\" style=\"display: inline-block; width: 0px; overflow: hidden; line-height: 0;\" class=\"mce_SELRES_start lazyload\">\ufeff<\/span><\/iframe><\/div>\n<p>&nbsp;<\/p>\n<p>&nbsp;<\/p>\n<p><center><img decoding=\"async\" class=\"alignnone wp-image-31632 lazyload\" data-src=\"https:\/\/www.brw.pl\/blog\/wp-content\/uploads\/2023\/04\/naroznik-imros-tkanina-soro-93-grey-mediuma.jpg\" alt=\"Naro\u017cnik Imros szary\" width=\"452\" height=\"339\" src=\"data:image\/svg+xml;base64,PHN2ZyB3aWR0aD0iMSIgaGVpZ2h0PSIxIiB4bWxucz0iaHR0cDovL3d3dy53My5vcmcvMjAwMC9zdmciPjwvc3ZnPg==\" style=\"--smush-placeholder-width: 452px; --smush-placeholder-aspect-ratio: 452\/339;\" \/><\/center><\/p>\n<p style=\"text-align: center;\"><a href=\"https:\/\/www.brw.pl\/naroznik-imros,45841\" target=\"_blank\" rel=\"noopener noreferrer\"><strong>NARO\u017bNIK IMROS<\/strong><\/a><\/p>\n<p><strong>Naro\u017cnik Imros<\/strong> bez problemu odnajdzie si\u0119 w ka\u017cdym wn\u0119trzu, w tym loftowym. Zawdzi\u0119cza to minimalistycznemu designowi i ch\u0142odnej szarej barwie. \u015aciana z czerwonej ceg\u0142y nieco o\u017cywi aran\u017cacj\u0119 z szarym naro\u017cnikiem, a pod\u0142oga w naturalnym kolorze drewna ociepli j\u0105. <strong>Mebel posiada funkcj\u0119 spania i du\u017cy pojemnik na po\u015bciel.<\/strong> W razie potrzeby wygodnie przenocujesz na nim go\u015bci. Nadaje si\u0119 r\u00f3wnie\u017c do kawalerki, w kt\u00f3rej salon pe\u0142ni te\u017c funkcj\u0119 sypialni.<\/p>\n<p><center><img decoding=\"async\" class=\"alignnone wp-image-31634 lazyload\" data-src=\"https:\/\/www.brw.pl\/blog\/wp-content\/uploads\/2023\/04\/stolik-70-fredo-kolor-wybarwienia-dab-artisan-czarny-mediumb.jpg\" alt=\"Stoli Fredo d\u0105b artisan\" width=\"450\" height=\"338\" src=\"data:image\/svg+xml;base64,PHN2ZyB3aWR0aD0iMSIgaGVpZ2h0PSIxIiB4bWxucz0iaHR0cDovL3d3dy53My5vcmcvMjAwMC9zdmciPjwvc3ZnPg==\" style=\"--smush-placeholder-width: 450px; --smush-placeholder-aspect-ratio: 450\/338;\" \/><\/center><\/p>\n<p style=\"text-align: center;\"><a href=\"https:\/\/www.brw.pl\/stolik-70-fredo,49009\" target=\"_blank\" rel=\"noopener noreferrer\"><strong>STOLIK FREDO<\/strong><\/a><\/p>\n<p>Wizyt\u00f3wk\u0105 <strong>stolika Fredo <\/strong>jest oryginalny podw\u00f3jny blat o wybarwieniu <em>d\u0105b artisan<\/em>. Dolna cz\u0119\u015b\u0107 odgrywa rol\u0119 p\u00f3\u0142ki, na kt\u00f3rej mo\u017cesz trzyma\u0107 pilot do telewizora, telefon kom\u00f3rkowy, etui z okularami. Blat jest wsparty na stabilnych metalowych nogach. Mebel dope\u0142ni wystr\u00f3j postindustrialnego salonu z ceg\u0142\u0105 i drewnem. <strong>Jest dost\u0119pny tak\u017ce w dw\u00f3ch innych wariantach kolorystycznych &#8211; <em>bia\u0142ym<\/em> oraz <em>czarnym<\/em>.<\/strong><\/p>\n<h3 style=\"text-align: center;\"><strong>Dodatki do salonu z ceg\u0142\u0105 i drewnem<\/strong><\/h3>\n<p>Loftowe aran\u017cacje nie lubi\u0105 przepychu. Nadmiar dekoracji nie jest wskazany. Wybieraj\u0105c dodatki, rozwa\u017c <a href=\"https:\/\/www.brw.pl\/dekoracje\/dekoracje-scienne\/obrazy\/\" target=\"_blank\" rel=\"noopener noreferrer\">obrazy<\/a> i fotografie utrzymane w ciemnej tonacji kolorystycznej, <a href=\"https:\/\/www.brw.pl\/dekoracje\/dekoracje-scienne\/plakaty\/\" target=\"_blank\" rel=\"noopener noreferrer\">plakaty<\/a> o industrialnej tematyce, ozdoby z metalu, <a href=\"https:\/\/www.brw.pl\/tekstylia\/\" target=\"_blank\" rel=\"noopener noreferrer\">tekstylia<\/a> z naturalnych materia\u0142\u00f3w.<\/p>\n<p><center><img decoding=\"async\" class=\"alignnone wp-image-29768 lazyload\" data-src=\"https:\/\/www.brw.pl\/blog\/wp-content\/uploads\/2023\/02\/Obraz-Black-Woman2-800x540.jpg\" alt=\"\" width=\"450\" height=\"304\" data-srcset=\"https:\/\/www.brw.pl\/blog\/wp-content\/uploads\/2023\/02\/Obraz-Black-Woman2-800x540.jpg 800w, https:\/\/www.brw.pl\/blog\/wp-content\/uploads\/2023\/02\/Obraz-Black-Woman2-768x518.jpg 768w, https:\/\/www.brw.pl\/blog\/wp-content\/uploads\/2023\/02\/Obraz-Black-Woman2-1536x1037.jpg 1536w, https:\/\/www.brw.pl\/blog\/wp-content\/uploads\/2023\/02\/Obraz-Black-Woman2-368x250.jpg 368w, https:\/\/www.brw.pl\/blog\/wp-content\/uploads\/2023\/02\/Obraz-Black-Woman2.jpg 1600w\" data-sizes=\"(max-width: 450px) 100vw, 450px\" src=\"data:image\/svg+xml;base64,PHN2ZyB3aWR0aD0iMSIgaGVpZ2h0PSIxIiB4bWxucz0iaHR0cDovL3d3dy53My5vcmcvMjAwMC9zdmciPjwvc3ZnPg==\" style=\"--smush-placeholder-width: 450px; --smush-placeholder-aspect-ratio: 450\/304;\" \/><\/center><\/p>\n<p style=\"text-align: center;\"><a href=\"https:\/\/www.brw.pl\/obraz-black-women,23221\" target=\"_blank\" rel=\"noopener noreferrer\"><strong>OBRAZ &#8222;BLACK WOMEN&#8221;<\/strong><\/a><\/p>\n<p><strong>Obraz &#8222;Black Women&#8221;<\/strong> to zjawiskowa, artystyczna fotografia przedstawiaj\u0105ca pi\u0119kn\u0105, ciemnosk\u00f3r\u0105 kobiet\u0119. Dominuj\u0105ca na obrazie czer\u0144 jest skontrastowana z\u0142otymi detalami, co tworzy intryguj\u0105c\u0105, przyci\u0105gaj\u0105c\u0105 wzrok ca\u0142o\u015b\u0107. Czerwona stara ceg\u0142a na \u015bcianie pomo\u017ce j\u0105 wyeksponowa\u0107.<\/p>\n<p><center><img decoding=\"async\" class=\"alignnone wp-image-31635 lazyload\" data-src=\"https:\/\/www.brw.pl\/blog\/wp-content\/uploads\/2023\/04\/oslonka-mediuma.jpg\" alt=\"Os\u0142onka na doniczk\u0119 metalowa czarna\" width=\"451\" height=\"338\" src=\"data:image\/svg+xml;base64,PHN2ZyB3aWR0aD0iMSIgaGVpZ2h0PSIxIiB4bWxucz0iaHR0cDovL3d3dy53My5vcmcvMjAwMC9zdmciPjwvc3ZnPg==\" style=\"--smush-placeholder-width: 451px; --smush-placeholder-aspect-ratio: 451\/338;\" \/><\/center><\/p>\n<p style=\"text-align: center;\"><a href=\"https:\/\/www.brw.pl\/oslonka,44419\" target=\"_blank\" rel=\"noopener noreferrer\"><strong>OS\u0141ONKA NA DONICZK\u0118<\/strong><\/a><\/p>\n<p>Osadzona w metalowym stela\u017cu czarna <strong>os\u0142onka na doniczk\u0119<\/strong> stanowi interesuj\u0105c\u0105 dekoracj\u0119. Umie\u015b\u0107 w niej na przyk\u0142ad niedu\u017c\u0105 monster\u0119 monkey mask baby z &#8222;dziurawymi&#8221; li\u015b\u0107mi b\u0105d\u017a kolorowy, kwitn\u0105cy kaktus o nietypowym kszta\u0142cie. Loftowa przestrze\u0144 nie lubi sztampy.<\/p>\n<h3 style=\"text-align: center;\"><strong>O\u015bwietlenie do salonu z ceg\u0142\u0105 i drewnem<\/strong><\/h3>\n<p>Co do <a href=\"https:\/\/www.brw.pl\/oswietlenie\/\" target=\"_blank\" rel=\"noopener noreferrer\">o\u015bwietlenia<\/a>, skup si\u0119 na modelach o fabrycznym sznycie. Typowo loftowe s\u0105 np. \u017car\u00f3wki pozbawione klosza, wisz\u0105ce na &#8222;go\u0142ym&#8221; kablu. Rozejrzyj si\u0119 za lampami <a href=\"https:\/\/www.brw.pl\/oswietlenie\/oswietlenie-wewnetrzne\/lampy-wiszace\/\" target=\"_blank\" rel=\"noopener noreferrer\">wisz\u0105cymi<\/a>, <a href=\"https:\/\/www.brw.pl\/oswietlenie\/oswietlenie-wewnetrzne\/lampy-stojace\/\" target=\"_blank\" rel=\"noopener noreferrer\">stoj\u0105cymi<\/a> i <a href=\"https:\/\/www.brw.pl\/oswietlenie\/oswietlenie-wewnetrzne\/kinkiety\/\" target=\"_blank\" rel=\"noopener noreferrer\">kinkietami<\/a> z metalu barwionego na czarno.<\/p>\n<p><center><img decoding=\"async\" class=\"alignnone wp-image-31636 lazyload\" data-src=\"https:\/\/www.brw.pl\/blog\/wp-content\/uploads\/2023\/04\/lampa-wiszaca-lenius-mediuma.jpg\" alt=\"Lampa wisz\u0105ca Lenius\" width=\"450\" height=\"338\" src=\"data:image\/svg+xml;base64,PHN2ZyB3aWR0aD0iMSIgaGVpZ2h0PSIxIiB4bWxucz0iaHR0cDovL3d3dy53My5vcmcvMjAwMC9zdmciPjwvc3ZnPg==\" style=\"--smush-placeholder-width: 450px; --smush-placeholder-aspect-ratio: 450\/338;\" \/><\/center><\/p>\n<p style=\"text-align: center;\"><a href=\"https:\/\/www.brw.pl\/lampa-wiszaca-lenius,26854\" target=\"_blank\" rel=\"noopener noreferrer\"><strong>LAMPA WISZ\u0104CA LENIUS<\/strong><\/a><\/p>\n<p><strong>Lampa wisz\u0105ca Lenius<\/strong> zab\u0142y\u015bnie w salonie loft. Wykonano j\u0105 z metalu w kolorze czarnym, kt\u00f3ry wspaniale wsp\u00f3\u0142gra z czerwieni\u0105 ceg\u0142y i br\u0105zem drewna. Wyr\u00f3\u017cniaj\u0105 j\u0105 elementy ozdobne nawi\u0105zuj\u0105ce do k\u00f3\u0142 z\u0119batych oraz z\u0142ote komponenty.<\/p>\n<p><center><img decoding=\"async\" class=\"alignnone wp-image-31637 lazyload\" data-src=\"https:\/\/www.brw.pl\/blog\/wp-content\/uploads\/2023\/04\/kinkiet-camilla-mediuma.jpg\" alt=\"Kinkiet Camilla\" width=\"452\" height=\"339\" src=\"data:image\/svg+xml;base64,PHN2ZyB3aWR0aD0iMSIgaGVpZ2h0PSIxIiB4bWxucz0iaHR0cDovL3d3dy53My5vcmcvMjAwMC9zdmciPjwvc3ZnPg==\" style=\"--smush-placeholder-width: 452px; --smush-placeholder-aspect-ratio: 452\/339;\" \/><\/center><\/p>\n<p style=\"text-align: center;\"><a href=\"https:\/\/www.brw.pl\/kinkiet-camilla,54545\" target=\"_blank\" rel=\"noopener noreferrer\"><strong>KINKIET CAMILLA<\/strong><\/a><\/p>\n<p>Stalowy<strong> kinkiet Camilla<\/strong> koniecznie zamontuj na ceglanej \u015bcianie nad kanap\u0105 albo biurkiem, je\u015bli pok\u00f3j dzienny s\u0142u\u017cy te\u017c do pracy. Lampa zwraca uwag\u0119 figlarnie wygi\u0119tym ramieniem i nieos\u0142oni\u0119t\u0105 \u017car\u00f3wk\u0105. Z powodzeniem wpisuje si\u0119 w industrialny klimat.<\/p>\n<h2><strong><span data-color=\"rgb(248, 250, 251)\">Ceg\u0142a i drewno w salonie \u2013 aran\u017cacje<\/span><\/strong><\/h2>\n<p>Przygotowali\u015bmy dla Ciebie dwie aran\u017cacje salonu loft z ceg\u0142\u0105 i drewnem.<\/p>\n<h3 style=\"text-align: center;\"><strong>Salon loft z czerwon\u0105 ceg\u0142\u0105 i meblami w naturalnym kolorze drewna<\/strong><\/h3>\n<p><center><img decoding=\"async\" class=\"alignnone size-medium wp-image-31624 lazyload\" data-src=\"https:\/\/www.brw.pl\/blog\/wp-content\/uploads\/2023\/04\/witryna-dodson-800x621.jpg\" alt=\"Witryna Dodson w salonie z ceg\u0142\u0105 i drewnem\" width=\"800\" height=\"621\" data-srcset=\"https:\/\/www.brw.pl\/blog\/wp-content\/uploads\/2023\/04\/witryna-dodson-800x621.jpg 800w, https:\/\/www.brw.pl\/blog\/wp-content\/uploads\/2023\/04\/witryna-dodson-768x596.jpg 768w, https:\/\/www.brw.pl\/blog\/wp-content\/uploads\/2023\/04\/witryna-dodson.jpg 1378w\" data-sizes=\"(max-width: 800px) 100vw, 800px\" src=\"data:image\/svg+xml;base64,PHN2ZyB3aWR0aD0iMSIgaGVpZ2h0PSIxIiB4bWxucz0iaHR0cDovL3d3dy53My5vcmcvMjAwMC9zdmciPjwvc3ZnPg==\" style=\"--smush-placeholder-width: 800px; --smush-placeholder-aspect-ratio: 800\/621;\" \/><\/center><\/p>\n<p style=\"text-align: center;\"><a href=\"https:\/\/www.brw.pl\/kolekcja-dodson,600\" target=\"_blank\" rel=\"noopener noreferrer\"><strong>KOLEKCJA MEBLI DODSON<\/strong><\/a><\/p>\n<p>Drewniane meble z kolekcji Dodson z frontami w odcieniu <em>d\u0105b artisan<\/em> oraz czarnymi komponentami &#8211; stela\u017cem i minimalistycznymi uchwytami &#8211; najefektowniej prezentuj\u0105 si\u0119 na tle \u015bciany z czerwonej ceg\u0142y. Czarno-br\u0105zowy wystr\u00f3j jest o\u017cywiony dzi\u0119ki butelkowozielonym meblom tapicerowanym &#8211; <a href=\"https:\/\/www.brw.pl\/sofa-rimi,45731\" target=\"_blank\" rel=\"noopener noreferrer\"><strong>sof\u0105 Rimi<\/strong><\/a> i <a href=\"https:\/\/www.brw.pl\/puf-lafu,31381\" target=\"_blank\" rel=\"noopener noreferrer\"><strong>pufem Lafu<\/strong><\/a>.<\/p>\n<p><strong>Produkty widoczne na zdj\u0119ciu czekaj\u0105 na Ciebie <\/strong><a href=\"https:\/\/www.brw.pl\/inspiracje\/produkty\/?a=9335,dodson\" target=\"_blank\" rel=\"noopener noreferrer\"><strong>TUTAJ<\/strong><\/a><strong>.<\/strong><\/p>\n<h3 style=\"text-align: center;\"><strong>Loftowy pok\u00f3j dzienny ze \u015bcian\u0105 z ceg\u0142y i bia\u0142ym meblami<\/strong><\/h3>\n<p><center><img decoding=\"async\" class=\"alignnone size-medium wp-image-30155 lazyload\" data-src=\"https:\/\/www.brw.pl\/blog\/wp-content\/uploads\/2023\/02\/Horton-pok\u00f3j-dzienny-800x533.jpg\" alt=\"\" width=\"800\" height=\"533\" data-srcset=\"https:\/\/www.brw.pl\/blog\/wp-content\/uploads\/2023\/02\/Horton-pok\u00f3j-dzienny-800x533.jpg 800w, https:\/\/www.brw.pl\/blog\/wp-content\/uploads\/2023\/02\/Horton-pok\u00f3j-dzienny-768x512.jpg 768w, https:\/\/www.brw.pl\/blog\/wp-content\/uploads\/2023\/02\/Horton-pok\u00f3j-dzienny-1536x1024.jpg 1536w, https:\/\/www.brw.pl\/blog\/wp-content\/uploads\/2023\/02\/Horton-pok\u00f3j-dzienny.jpg 1620w\" data-sizes=\"(max-width: 800px) 100vw, 800px\" src=\"data:image\/svg+xml;base64,PHN2ZyB3aWR0aD0iMSIgaGVpZ2h0PSIxIiB4bWxucz0iaHR0cDovL3d3dy53My5vcmcvMjAwMC9zdmciPjwvc3ZnPg==\" style=\"--smush-placeholder-width: 800px; --smush-placeholder-aspect-ratio: 800\/533;\" \/><\/center><\/p>\n<p style=\"text-align: center;\"><a href=\"https:\/\/www.brw.pl\/kolekcja-horton,579\" target=\"_blank\" rel=\"noopener noreferrer\"><strong>KOLEKCJA MEBLI HORTON<\/strong><\/a><\/p>\n<p>Stoj\u0105c przy czerwonej ceglanej \u015bcianie, bia\u0142e meble z kolekcji Horton zdecydowanie zyskuj\u0105. Wtopi\u0142yby si\u0119 w jasne t\u0142o, a czerwie\u0144 podkre\u015bla ich barw\u0119 oraz kszta\u0142t. Blaty o <em>ciep\u0142ej barwie<\/em> <em>d\u0105b z\u0142oty grandson<\/em> s\u0105 bardzo dekoracyjne, szczeg\u00f3lnie gdy zostan\u0105 pod\u015bwietlone. Istotnymi elementami tej aran\u017cacji s\u0105 tak\u017ce szare meble tapicerowane i loftowa <a href=\"https:\/\/www.brw.pl\/lawa-100-aroz,34694\" target=\"_blank\" rel=\"noopener noreferrer\"><strong>\u0142awa 100 Aroz<\/strong><\/a> z drewnianym blatem i metalowym stela\u017cem. Wszystko razem tworzy sp\u00f3jny stylistycznie wystr\u00f3j, w kt\u00f3rym kr\u00f3luj\u0105 ceg\u0142a i drewno.<\/p>\n<p><strong>Produkty widoczne na zdj\u0119ciu czekaj\u0105 na Ciebie <\/strong><a href=\"https:\/\/www.brw.pl\/inspiracje\/produkty\/?a=8756,horton\" target=\"_blank\" rel=\"noopener noreferrer\"><strong>TUTAJ<\/strong><\/a><strong>.<\/strong><\/p>\n<p>Po wi\u0119cej inspiracji zapraszamy do <a href=\"https:\/\/www.brw.pl\/\" target=\"_blank\" rel=\"noopener noreferrer\"><strong><u>sklepu internetowego Black Red White<\/u><\/strong><\/a><strong>!<\/strong><\/p>\n<p>Czytaj tak\u017ce: <a href=\"https:\/\/www.brw.pl\/blog\/cegla-i-drewno-w-kuchni-aranzacje-z-black-red-white\/\" target=\"_blank\" rel=\"noopener noreferrer\"><strong>&#8222;Ceg\u0142a i drewno w kuchni \u2013 aran\u017cacje z Black Red White&#8221;<\/strong><\/a>.<\/p>\n","protected":false},"excerpt":{"rendered":"<p>Po\u0142\u0105czenie drewna z ceglan\u0105 \u015bcian\u0105 to cz\u0119ste rozwi\u0105zanie w aran\u017cacji wn\u0119trz w stylu loft. Najefektowniej zaprezentuje si\u0119 w salonie. Podpowiemy Ci, jak urz\u0105dzi\u0107 takie pomieszczenie.<\/p>\n","protected":false},"author":29,"featured_media":31626,"comment_status":"closed","ping_status":"open","sticky":false,"template":"","format":"standard","meta":{"footnotes":""},"categories":[28,735,746,744],"tags":[],"aioseo_notices":[],"_links":{"self":[{"href":"https:\/\/www.brw.pl\/blog\/wp-json\/wp\/v2\/posts\/31630"}],"collection":[{"href":"https:\/\/www.brw.pl\/blog\/wp-json\/wp\/v2\/posts"}],"about":[{"href":"https:\/\/www.brw.pl\/blog\/wp-json\/wp\/v2\/types\/post"}],"author":[{"embeddable":true,"href":"https:\/\/www.brw.pl\/blog\/wp-json\/wp\/v2\/users\/29"}],"replies":[{"embeddable":true,"href":"https:\/\/www.brw.pl\/blog\/wp-json\/wp\/v2\/comments?post=31630"}],"version-history":[{"count":3,"href":"https:\/\/www.brw.pl\/blog\/wp-json\/wp\/v2\/posts\/31630\/revisions"}],"predecessor-version":[{"id":31646,"href":"https:\/\/www.brw.pl\/blog\/wp-json\/wp\/v2\/posts\/31630\/revisions\/31646"}],"wp:featuredmedia":[{"embeddable":true,"href":"https:\/\/www.brw.pl\/blog\/wp-json\/wp\/v2\/media\/31626"}],"wp:attachment":[{"href":"https:\/\/www.brw.pl\/blog\/wp-json\/wp\/v2\/media?parent=31630"}],"wp:term":[{"taxonomy":"category","embeddable":true,"href":"https:\/\/www.brw.pl\/blog\/wp-json\/wp\/v2\/categories?post=31630"},{"taxonomy":"post_tag","embeddable":true,"href":"https:\/\/www.brw.pl\/blog\/wp-json\/wp\/v2\/tags?post=31630"}],"curies":[{"name":"wp","href":"https:\/\/api.w.org\/{rel}","templated":true}]}}