{"id":31655,"date":"2023-05-01T08:00:25","date_gmt":"2023-05-01T06:00:25","guid":{"rendered":"https:\/\/www.brw.pl\/blog\/?p=31655"},"modified":"2023-04-28T15:42:49","modified_gmt":"2023-04-28T13:42:49","slug":"wygodny-fotel-do-salonu-sypialni-wybierz-go-z-black-red-white","status":"publish","type":"post","link":"https:\/\/www.brw.pl\/blog\/wygodny-fotel-do-salonu-sypialni-wybierz-go-z-black-red-white\/","title":{"rendered":"Wygodny fotel do salonu, sypialni &#8211; wybierz go z Black Red White"},"content":{"rendered":"<p data-pm-slice=\"1 1 []\"><strong>Wygodne fotele w domu to podstawa! Przydadz\u0105 si\u0119 do czytania, s\u0142uchania muzyki, przyjmowania go\u015bci, karmienia dziecka. Co wi\u0119cej, wspaniale uzupe\u0142ni\u0105 aran\u017cacj\u0119! Podkre\u015bl\u0105 styl wn\u0119trza, dodadz\u0105 mu uroku. Przedstawiamy najwygodniejsze fotele Black Red White do salonu, sypialni i nie tylko!<\/strong><\/p>\n<p data-pm-slice=\"1 1 []\"><!--more--><\/p>\n<p><center><img decoding=\"async\" class=\"alignnone size-medium wp-image-28163 lazyload\" data-src=\"https:\/\/www.brw.pl\/blog\/wp-content\/uploads\/2022\/11\/MODEO_pokoj-dzienny_glowne-800x450.jpg\" alt=\"Modeo - salon - zdj\u0119cie g\u0142\u00f3wne\" width=\"800\" height=\"450\" data-srcset=\"https:\/\/www.brw.pl\/blog\/wp-content\/uploads\/2022\/11\/MODEO_pokoj-dzienny_glowne-800x450.jpg 800w, https:\/\/www.brw.pl\/blog\/wp-content\/uploads\/2022\/11\/MODEO_pokoj-dzienny_glowne.jpg 1920w, https:\/\/www.brw.pl\/blog\/wp-content\/uploads\/2022\/11\/MODEO_pokoj-dzienny_glowne-768x432.jpg 768w, https:\/\/www.brw.pl\/blog\/wp-content\/uploads\/2022\/11\/MODEO_pokoj-dzienny_glowne-1536x864.jpg 1536w\" data-sizes=\"(max-width: 800px) 100vw, 800px\" src=\"data:image\/svg+xml;base64,PHN2ZyB3aWR0aD0iMSIgaGVpZ2h0PSIxIiB4bWxucz0iaHR0cDovL3d3dy53My5vcmcvMjAwMC9zdmciPjwvc3ZnPg==\" style=\"--smush-placeholder-width: 800px; --smush-placeholder-aspect-ratio: 800\/450;\" \/><\/center><\/p>\n<p style=\"text-align: center;\" data-pm-slice=\"1 1 []\"><a href=\"https:\/\/www.brw.pl\/fotel-casey,31390\" target=\"_blank\" rel=\"noopener noreferrer\"><strong>FOTEL CASEY<\/strong><\/a><\/p>\n<h2 data-pm-slice=\"1 1 []\"><strong><span data-color=\"rgb(248, 250, 251)\">Wygodny fotel pozwoli Ci si\u0119 zrelaksowa\u0107 po d\u0142ugim dniu<\/span><\/strong><\/h2>\n<p>W naszym artykule:<\/p>\n<ul>\n<li>odpowiemy na pytanie, dlaczego warto zdecydowa\u0107 si\u0119 na fotel wypoczynkowy,<\/li>\n<li>zaprezentujemy nowoczesne fotele z oferty Black Red White,<\/li>\n<li>poka\u017cemy inspiruj\u0105ce aran\u017cacje pokoju z fotelem w roli g\u0142\u00f3wnej.<\/li>\n<\/ul>\n<p>W sklepach internetowych i stacjonarnych znajdziesz <a href=\"https:\/\/www.brw.pl\/meble\/meble-wypoczynkowe\/fotele\/\" target=\"_blank\" rel=\"noopener noreferrer\">fotele<\/a> o rozmaitych kszta\u0142tach, kolorach i funkcjach. Fotel relaksacyjny z funkcj\u0105 masa\u017cu zniweluje napi\u0119cie w mi\u0119\u015bniach i poprawi samopoczucie, ale takie modele nie nale\u017c\u0105 do najta\u0144szych. Do zrelaksowania si\u0119 po ci\u0119\u017ckim dniu wystarczy fotel rozk\u0142adany albo &#8211; je\u015bli Tw\u00f3j bud\u017cet jest mocno ograniczony &#8211; zwyk\u0142y mebel z wygodnym siedziskiem. Jeste\u015b m\u0142od\u0105 mam\u0105? Zainwestuj w fotel bujany, w kt\u00f3rym nakarmisz i uko\u0142yszesz dziecko do snu. Pomo\u017ce Ci w tym r\u00f3wnie\u017c fotel finka. Jego konstrukcja pozwala na delikatnie bujanie si\u0119.<\/p>\n<p>W ofercie BRW czekaj\u0105 na Ciebie fotele do salonu, sypialni i pokoju dziecka. Sprawd\u017a!<\/p>\n<h2><strong><span data-color=\"rgb(248, 250, 251)\">Wygodny fotel do salonu, sypialni, pokoju dziecka \u2013 wybierz go z BRW!<\/span><\/strong><\/h2>\n<p>Poznaj fotele wypoczynkowe z oferty sklepu internetowego BRW.<\/p>\n<p>&nbsp;<\/p>\n<h3 style=\"text-align: center;\"><a href=\"https:\/\/www.brw.pl\/fotel-rimi,45744\" target=\"_blank\" rel=\"noopener noreferrer\"><strong>FOTEL RIMI<\/strong><\/a><\/h3>\n<p><center><img decoding=\"async\" class=\"alignnone wp-image-28674 lazyload\" data-src=\"https:\/\/www.brw.pl\/blog\/wp-content\/uploads\/2022\/12\/Fotel-Rimi.jpg\" alt=\"Fotel Rimi\" width=\"450\" height=\"338\" src=\"data:image\/svg+xml;base64,PHN2ZyB3aWR0aD0iMSIgaGVpZ2h0PSIxIiB4bWxucz0iaHR0cDovL3d3dy53My5vcmcvMjAwMC9zdmciPjwvc3ZnPg==\" style=\"--smush-placeholder-width: 450px; --smush-placeholder-aspect-ratio: 450\/338;\" \/><\/center><\/p>\n<p style=\"text-align: left;\">Wizyt\u00f3wk\u0105 <strong>fotela Rimi<\/strong> jest jego ekologiczny aspekt. <strong>W trosce o \u015brodowisko naturalne, tapicerk\u0119 wykonano z tkaniny pochodz\u0105cej z recyklingu, a konkretnie z butelek PET.<\/strong> SAVE THE PLANET to kolekcja tkanin zaprojektowanych z\u00a0my\u015bl\u0105 o\u00a0\u015brodowisku i\u00a0jego ochronie. Zr\u00f3wnowa\u017cona produkcja tkanin pochodz\u0105cych z\u00a0recyklingu pozwala ograniczy\u0107 zu\u017cycie wody i\u00a0energii elektrycznej oraz\u00a0zmniejszy\u0107 emisj\u0119 dwutlenku w\u0119gla do atmosfery.<\/p>\n<p>Dodatkowo fotel Rimi jest wsparty na drewnianych n\u00f3\u017ckach, trwa\u0142ych oraz wytrzyma\u0142ych. Butelkowozielona tapicerka nawi\u0105zuje do \u015bwiata natury &#8211; kojarzy si\u0119 z lasem. Fotel idealnie wpisze si\u0119 w estetyk\u0119 nowoczesn\u0105, klasyczn\u0105 i glamour. Postaw go w swoim salonie, a idealnie dope\u0142ni jego wystr\u00f3j w pojedynk\u0119 lub w towarzystwie bli\u017aniaczego modelu. Wysoki komfort u\u017cytkowania zapewni\u0105 spr\u0119\u017cyny faliste oraz warstwa wysokoelatycznej pianki HR w siedzisku. W komplecie otrzymasz poduszk\u0119 ozdobn\u0105, o kt\u00f3r\u0105 oprzesz plecy lub g\u0142ow\u0119.<\/p>\n<p>&nbsp;<\/p>\n<h3 style=\"text-align: center;\"><a href=\"https:\/\/www.brw.pl\/fotel-moti,46140\" target=\"_blank\" rel=\"noopener noreferrer\">FOTEL MOTI<\/a><\/h3>\n<p><center><img decoding=\"async\" class=\"alignnone wp-image-26780 lazyload\" data-src=\"https:\/\/www.brw.pl\/blog\/wp-content\/uploads\/2022\/09\/fotel-moti-1.jpg\" alt=\"Fotel Moti\" width=\"450\" height=\"338\" src=\"data:image\/svg+xml;base64,PHN2ZyB3aWR0aD0iMSIgaGVpZ2h0PSIxIiB4bWxucz0iaHR0cDovL3d3dy53My5vcmcvMjAwMC9zdmciPjwvc3ZnPg==\" style=\"--smush-placeholder-width: 450px; --smush-placeholder-aspect-ratio: 450\/338;\" \/><\/center><\/p>\n<p style=\"text-align: left;\"><strong>Fotel uszak Moti<\/strong> o subtelnej barwie wrzosu uzupe\u0142ni stref\u0119 wypoczynkow\u0105 salonu, gdy umie\u015bcisz go obok <a href=\"https:\/\/www.brw.pl\/meble\/meble-wypoczynkowe\/sofy\/\" target=\"_blank\" rel=\"noopener noreferrer\">sofy<\/a>, naprzeciwko <a href=\"https:\/\/www.brw.pl\/meble\/stoly-i-krzesla\/lawy-i-stoliki\/stoliki\/\" target=\"_blank\" rel=\"noopener noreferrer\">stolika kawowego<\/a>. Przyda si\u0119 r\u00f3wnie\u017c w pokoju dziecka. Nakarmisz w nim niemowl\u0119, uko\u0142yszesz do snu, za\u015bpiewasz ko\u0142ysank\u0119.<\/p>\n<p>Ozdobne guziki po wewn\u0119trznej stronie oparcia dodaj\u0105 mu wdzi\u0119ku, a wysokie drewniane n\u00f3\u017cki &#8211; lekko\u015bci. Na profilowanych pod\u0142okietnikach wygodnie oprzesz przedramiona, a na wysokim oparciu &#8211; plecy. <strong>Pasy tapicerskie i pianka w oparciu umo\u017cliwi\u0105 dostosowanie fotela do sylwetki.<\/strong> Mebel pasuje mi\u0119dzy innymi do aran\u017cacji skandynawskich, nowoczesnych, glamour.<\/p>\n<p>&nbsp;<\/p>\n<h3 style=\"text-align: center;\"><a href=\"https:\/\/www.brw.pl\/fotel-noja,43213\" target=\"_blank\" rel=\"noopener noreferrer\">FOTEL NOJA<\/a><\/h3>\n<p><center><img decoding=\"async\" class=\"alignnone wp-image-31656 lazyload\" data-src=\"https:\/\/www.brw.pl\/blog\/wp-content\/uploads\/2023\/04\/fotel-noja-tkanina-print-auta-01-brown-grey-tx002-buk-naturalny-mediumb.jpg\" alt=\"Fotel Noja samochody\" width=\"450\" height=\"338\" src=\"data:image\/svg+xml;base64,PHN2ZyB3aWR0aD0iMSIgaGVpZ2h0PSIxIiB4bWxucz0iaHR0cDovL3d3dy53My5vcmcvMjAwMC9zdmciPjwvc3ZnPg==\" style=\"--smush-placeholder-width: 450px; --smush-placeholder-aspect-ratio: 450\/338;\" \/><\/center><\/p>\n<p style=\"text-align: left;\">Nowoczesny <strong>fotel Noja<\/strong> jest obity wzorzyst\u0105 tkanin\u0105 ozdobion\u0105 wzorem samochodzik\u00f3w. Jest stworzony do pokoju dziecka. Maluch mo\u017ce w nim przegl\u0105da\u0107 ksi\u0105\u017ceczki czy s\u0142ucha\u0107 bajek z audiobook\u00f3w. Ucze\u0144 podstaw\u00f3wki &#8211; czyta\u0107 lektury szkolne, uczy\u0107 si\u0119, gra\u0107 w gry video.<\/p>\n<p style=\"text-align: left;\"><strong>Fotel jest bezpieczny.<\/strong> Podwy\u017cszone oparcie zapobiegnie garbieniu si\u0119, profilowane pod\u0142okietniki &#8211; b\u00f3lowi ramion. Dzi\u0119ki mocnym drewnianym n\u00f3\u017ckom nie\u0142atwo przewr\u00f3ci\u0107 mebel. Co wi\u0119cej, s\u0105 na tyle wysokie, \u017ce \u0142atwo pod nimi odkurzy\u0107.<\/p>\n<p>&nbsp;<\/p>\n<h3 style=\"text-align: center;\"><a href=\"https:\/\/www.brw.pl\/fotel-bizu,52945\" target=\"_blank\" rel=\"noopener noreferrer\"><strong>FOTEL BIZU<\/strong><\/a><\/h3>\n<p><center><img decoding=\"async\" class=\"alignnone wp-image-31657 lazyload\" data-src=\"https:\/\/www.brw.pl\/blog\/wp-content\/uploads\/2023\/04\/fotel-bizu-tkanina-soro-76-blue-mediumb.jpg\" alt=\"\" width=\"450\" height=\"338\" src=\"data:image\/svg+xml;base64,PHN2ZyB3aWR0aD0iMSIgaGVpZ2h0PSIxIiB4bWxucz0iaHR0cDovL3d3dy53My5vcmcvMjAwMC9zdmciPjwvc3ZnPg==\" style=\"--smush-placeholder-width: 450px; --smush-placeholder-aspect-ratio: 450\/338;\" \/><\/center><\/p>\n<p style=\"text-align: left;\">Granatowy <strong>fotel Bizu<\/strong> to propozycja do salonu, sypialni b\u0105d\u017a pokoju m\u0142odzie\u017cowego. \u015apiewaj\u0105co zda egzamin we wn\u0119trzu urz\u0105dzonym w stylu nowoczesnym lub skandynawskim.<\/p>\n<p>Drewniane stopki mebla w ciep\u0142ym odcieniu \u0142adnie komponuj\u0105 si\u0119 z wyrazistym kolorem tapicerki. Fotel ma wysokie oparcie wype\u0142nione piank\u0105 i wyposa\u017cone w pasy tapicerskie oraz komfortowe siedzisko ze spr\u0119\u017cynami falistymi w \u015brodku.<\/p>\n<p>Wyobra\u017a sobie popo\u0142udniow\u0105 sjest\u0119 w mi\u0119kkim, wygodnym fotelu, z cich\u0105 muzyk\u0105 w tle i ulubion\u0105 woni\u0105 \u015bwiec zapachowych unosz\u0105c\u0105 si\u0119 wok\u00f3\u0142. <strong>Fotel Bizu z pewno\u015bci\u0105 pomo\u017ce wyczarowa\u0107 mi\u0142e, relaksuj\u0105ce chwile tylko dla Ciebie.<\/strong><\/p>\n<p>&nbsp;<\/p>\n<h3 style=\"text-align: center;\"><a href=\"https:\/\/www.brw.pl\/fotel-emilly,45811\" target=\"_blank\" rel=\"noopener noreferrer\"><strong>FOTEL EMILLY<\/strong><\/a><\/h3>\n<p><center><img decoding=\"async\" class=\"alignnone wp-image-28698 lazyload\" data-src=\"https:\/\/www.brw.pl\/blog\/wp-content\/uploads\/2022\/12\/fotel-emilly-petrol.jpg\" alt=\"Fotel Emilly niebieski\" width=\"450\" height=\"338\" src=\"data:image\/svg+xml;base64,PHN2ZyB3aWR0aD0iMSIgaGVpZ2h0PSIxIiB4bWxucz0iaHR0cDovL3d3dy53My5vcmcvMjAwMC9zdmciPjwvc3ZnPg==\" style=\"--smush-placeholder-width: 450px; --smush-placeholder-aspect-ratio: 450\/338;\" \/><\/center><\/p>\n<p style=\"text-align: left;\"><strong>Fotel Emilly<\/strong> w bardzo modnym ostatnio odcieniu niebieskiego zwanym petrol doskonale sprawdzi si\u0119 w przestrzeni odzwierciedlaj\u0105cej estetyk\u0119 glamour. Zawdzi\u0119cza to g\u0142\u0119bokiej barwie, aksamitnej w dotyku, l\u015bni\u0105cej tkaninie obicia, ozdobnym guzikom w oparciu, smuk\u0142ym n\u00f3\u017ckom z drewna li\u015bciastego, eleganckiej sylwetce.<\/p>\n<p>Siedzisko fotela wype\u0142niono wysokoelastyczn\u0105 piank\u0105 HR i pasami tapicerskimi, kt\u00f3re znacz\u0105co zwi\u0119kszaj\u0105 komfort u\u017cytkowania. <strong>Tapicerka ma w\u0142a\u015bciwo\u015bci hydrofobowe, zatem nie musisz martwi\u0107 si\u0119 o plamy z kawy czy herbaty.<\/strong> Je\u015bli usuniesz je szybko, przyk\u0142adaj\u0105c r\u0119cznik papierowy, a nast\u0119pnie delikatnie przecieraj\u0105c materia\u0142 mokr\u0105 \u015bciereczk\u0105 z mikrofibry, zabrudzenie zniknie.<\/p>\n<h2><strong><span data-color=\"rgb(248, 250, 251)\">Aran\u017cacje z wygodnym fotelem w roli g\u0142\u00f3wnej<\/span><\/strong><\/h2>\n<p>Zapoznaj si\u0119 z przygotowanymi przez nas aran\u017cacjami, w kt\u00f3rych fotele pokojowe stanowi\u0105 niezb\u0119dny element wystroju.<\/p>\n<h3 style=\"text-align: center;\"><strong>Uniwersalny fotel do salonu<\/strong><\/h3>\n<p><center><img decoding=\"async\" class=\"alignnone size-medium wp-image-26107 lazyload\" data-src=\"https:\/\/www.brw.pl\/blog\/wp-content\/uploads\/2022\/07\/kolekcja-lord-salon-800x534.jpg\" alt=\"Kolekcja Lord w salonie\" width=\"800\" height=\"534\" data-srcset=\"https:\/\/www.brw.pl\/blog\/wp-content\/uploads\/2022\/07\/kolekcja-lord-salon-800x534.jpg 800w, https:\/\/www.brw.pl\/blog\/wp-content\/uploads\/2022\/07\/kolekcja-lord-salon-768x512.jpg 768w, https:\/\/www.brw.pl\/blog\/wp-content\/uploads\/2022\/07\/kolekcja-lord-salon-1536x1025.jpg 1536w, https:\/\/www.brw.pl\/blog\/wp-content\/uploads\/2022\/07\/kolekcja-lord-salon.jpg 1619w\" data-sizes=\"(max-width: 800px) 100vw, 800px\" src=\"data:image\/svg+xml;base64,PHN2ZyB3aWR0aD0iMSIgaGVpZ2h0PSIxIiB4bWxucz0iaHR0cDovL3d3dy53My5vcmcvMjAwMC9zdmciPjwvc3ZnPg==\" style=\"--smush-placeholder-width: 800px; --smush-placeholder-aspect-ratio: 800\/534;\" \/><\/center><\/p>\n<p style=\"text-align: center;\"><a href=\"https:\/\/www.brw.pl\/fotel-lord,45715\" target=\"_blank\" rel=\"noopener noreferrer\"><strong>FOTEL LORD<\/strong><\/a><\/p>\n<p>Fotel Lord w pe\u0142ni zas\u0142uguje na swoj\u0105 nazw\u0119. Szyku dodaj\u0105 mu ozdobne wci\u0105gi i przeszycia oraz stonowany be\u017cowy odcie\u0144. Neutralny kolor tapicerki i prosta forma powoduj\u0105, \u017ce mebel z powodzeniem dopasuje si\u0119 do ka\u017cdego wn\u0119trza, niezale\u017cnie od stylu, w jakim je urz\u0105dzono. W naszej aran\u017cacji ociepla i rozja\u015bnia loftowy salon. Kompaktowy rozmiar sprawia, \u017ce odnajdzie si\u0119 zar\u00f3wno w przestronnym, jak i niewielkim pokoju.<\/p>\n<p>Dla Twojej wygody fotel wyposa\u017cono w <strong>regulowany zag\u0142\u00f3wek<\/strong>, a tak\u017ce wysokoelastyczn\u0105 piank\u0119 HR oraz spr\u0119\u017cyny faliste w siedzisku.<\/p>\n<p><strong>Produkty widoczne na zdj\u0119ciu czekaj\u0105 na Ciebie <\/strong><a href=\"https:\/\/www.brw.pl\/inspiracje\/produkty\/?a=8699,lord\" target=\"_blank\" rel=\"noopener noreferrer\"><strong>TUTAJ<\/strong><\/a><strong>.<\/strong><\/p>\n<h3 style=\"text-align: center;\"><strong>Fotel glamour w sypialni<\/strong><\/h3>\n<p><center><img decoding=\"async\" class=\"alignnone size-medium wp-image-30659 lazyload\" data-src=\"https:\/\/www.brw.pl\/blog\/wp-content\/uploads\/2023\/03\/Sypialnia-z-fotelem-Cloe-800x540.jpg\" alt=\"Sypialnia z fotelem Cloe\" width=\"800\" height=\"540\" data-srcset=\"https:\/\/www.brw.pl\/blog\/wp-content\/uploads\/2023\/03\/Sypialnia-z-fotelem-Cloe-800x540.jpg 800w, https:\/\/www.brw.pl\/blog\/wp-content\/uploads\/2023\/03\/Sypialnia-z-fotelem-Cloe-768x518.jpg 768w, https:\/\/www.brw.pl\/blog\/wp-content\/uploads\/2023\/03\/Sypialnia-z-fotelem-Cloe-1536x1037.jpg 1536w, https:\/\/www.brw.pl\/blog\/wp-content\/uploads\/2023\/03\/Sypialnia-z-fotelem-Cloe.jpg 1600w\" data-sizes=\"(max-width: 800px) 100vw, 800px\" src=\"data:image\/svg+xml;base64,PHN2ZyB3aWR0aD0iMSIgaGVpZ2h0PSIxIiB4bWxucz0iaHR0cDovL3d3dy53My5vcmcvMjAwMC9zdmciPjwvc3ZnPg==\" style=\"--smush-placeholder-width: 800px; --smush-placeholder-aspect-ratio: 800\/540;\" \/><\/center><\/p>\n<p style=\"text-align: center;\"><a href=\"https:\/\/www.brw.pl\/fotel-cloe,48824\" target=\"_blank\" rel=\"noopener noreferrer\"><strong>FOTEL CLOE<\/strong><\/a><\/p>\n<p>Fotel Cloe reprezentuje <a href=\"https:\/\/www.brw.pl\/kolekcja-cloe,597\" target=\"_blank\" rel=\"noopener noreferrer\"><strong>lini\u0119 mebli wypoczynkowych Cloe<\/strong><\/a>. W kolekcji opr\u00f3cz foteli znajduj\u0105 si\u0119 sofy, krzes\u0142a i pufy. Do wyboru masz trzy rodzaje tapicerki &#8211; piaskow\u0105, z wzorem piwonii lub \u017curawi. Wszystkie odzwierciedlaj\u0105 wyszukany, gustowny styl glamour.<\/p>\n<p>Siedzisko fotela Cloe wype\u0142niono piank\u0105 i spr\u0119\u017cynami pocketowymi, oparcie &#8211; sam\u0105 piank\u0105. Metalowe smuk\u0142e n\u00f3\u017cki w odcieniu z\u0142ota dodaj\u0105 meblowi lekko\u015bci.<\/p>\n<p>W naszej sypialni fotel wraz z <a href=\"https:\/\/www.brw.pl\/puf-cloe,48822\" target=\"_blank\" rel=\"noopener noreferrer\"><strong>pufem Cloe<\/strong><\/a> pi\u0119knie komponuje si\u0119 z szarym \u0142\u00f3\u017ckiem tapicerowanym, drewnian\u0105 pod\u0142og\u0105 w jode\u0142k\u0119, bia\u0142ym dywanem, be\u017cowymi zas\u0142onami. Print \u017curawi na tle go\u0142\u0119biego b\u0142\u0119kitu o\u017cywia ca\u0142\u0105 aran\u017cacj\u0119.<\/p>\n<p><strong>Produkty widoczne na zdj\u0119ciu czekaj\u0105 na Ciebie <\/strong><a href=\"https:\/\/www.brw.pl\/inspiracje\/produkty\/?a=9089,cloe-allos\" target=\"_blank\" rel=\"noopener noreferrer\"><strong>TUTAJ<\/strong><\/a><strong>.<\/strong><\/p>\n<p>Po wi\u0119cej inspiracji zapraszamy do <a href=\"https:\/\/www.brw.pl\/\" target=\"_blank\" rel=\"noopener noreferrer\"><strong><u>sklepu internetowego Black Red White<\/u><\/strong><\/a><strong>!<\/strong><\/p>\n<p>Czytaj tak\u017ce: <a href=\"https:\/\/www.brw.pl\/blog\/fotel-w-sypialni-aranzacje\/\" target=\"_blank\" rel=\"noopener noreferrer\"><strong>&#8222;Fotel w sypialni \u2013 aran\u017cacje&#8221;<\/strong><\/a>.<\/p>\n","protected":false},"excerpt":{"rendered":"<p>Wygodne fotele w domu to podstawa! Przydadz\u0105 si\u0119 do czytania, s\u0142uchania muzyki, przyjmowania go\u015bci, karmienia dziecka. Co wi\u0119cej, wspaniale uzupe\u0142ni\u0105 aran\u017cacj\u0119! Podkre\u015bl\u0105 styl wn\u0119trza, dodadz\u0105 mu uroku. Przedstawiamy najwygodniejsze fotele Black Red White do salonu, sypialni i nie tylko!<\/p>\n","protected":false},"author":29,"featured_media":28163,"comment_status":"closed","ping_status":"open","sticky":false,"template":"","format":"standard","meta":{"footnotes":""},"categories":[39,28,735,29],"tags":[],"aioseo_notices":[],"_links":{"self":[{"href":"https:\/\/www.brw.pl\/blog\/wp-json\/wp\/v2\/posts\/31655"}],"collection":[{"href":"https:\/\/www.brw.pl\/blog\/wp-json\/wp\/v2\/posts"}],"about":[{"href":"https:\/\/www.brw.pl\/blog\/wp-json\/wp\/v2\/types\/post"}],"author":[{"embeddable":true,"href":"https:\/\/www.brw.pl\/blog\/wp-json\/wp\/v2\/users\/29"}],"replies":[{"embeddable":true,"href":"https:\/\/www.brw.pl\/blog\/wp-json\/wp\/v2\/comments?post=31655"}],"version-history":[{"count":15,"href":"https:\/\/www.brw.pl\/blog\/wp-json\/wp\/v2\/posts\/31655\/revisions"}],"predecessor-version":[{"id":31689,"href":"https:\/\/www.brw.pl\/blog\/wp-json\/wp\/v2\/posts\/31655\/revisions\/31689"}],"wp:featuredmedia":[{"embeddable":true,"href":"https:\/\/www.brw.pl\/blog\/wp-json\/wp\/v2\/media\/28163"}],"wp:attachment":[{"href":"https:\/\/www.brw.pl\/blog\/wp-json\/wp\/v2\/media?parent=31655"}],"wp:term":[{"taxonomy":"category","embeddable":true,"href":"https:\/\/www.brw.pl\/blog\/wp-json\/wp\/v2\/categories?post=31655"},{"taxonomy":"post_tag","embeddable":true,"href":"https:\/\/www.brw.pl\/blog\/wp-json\/wp\/v2\/tags?post=31655"}],"curies":[{"name":"wp","href":"https:\/\/api.w.org\/{rel}","templated":true}]}}