{"id":32450,"date":"2023-05-04T14:35:50","date_gmt":"2023-05-04T12:35:50","guid":{"rendered":"https:\/\/www.brw.pl\/blog\/?p=32450"},"modified":"2023-09-22T14:29:05","modified_gmt":"2023-09-22T12:29:05","slug":"sciana-z-lustrem-w-przedpokoju-aranzacje","status":"publish","type":"post","link":"https:\/\/www.brw.pl\/blog\/sciana-z-lustrem-w-przedpokoju-aranzacje\/","title":{"rendered":"\u015aciana z lustrem w przedpokoju \u2013 aran\u017cacje"},"content":{"rendered":"<p><strong>Nawet niewielki przedpok\u00f3j zaprezentuje si\u0119 efektownie, je\u015bli wzbogacisz jego aran\u017cacj\u0119 o lustro na \u015bcianie. Ma\u0142e, du\u017ce, z ram\u0105 lub bez, okr\u0105g\u0142e czy prostok\u0105tne \u2013 lustro w przedpokoju to dodatek, na kt\u00f3ry warto si\u0119 zdecydowa\u0107. Jak urz\u0105dzi\u0107 przedpok\u00f3j z lustrem, by zyska\u0107 modny i praktyczny wystr\u00f3j? Sprawd\u017a! <\/strong><!--more--><\/p>\n<div style=\"display: flex; align-items: center; justify-content: center; text-align: center;\">\n<figure id=\"attachment_32451\" aria-describedby=\"caption-attachment-32451\" style=\"width: 800px\" class=\"wp-caption aligncenter\"><img decoding=\"async\" class=\"wp-image-32451 size-medium lazyload\" data-src=\"https:\/\/www.brw.pl\/blog\/wp-content\/uploads\/2023\/05\/loksa_przedpokoj_www-800x549.jpg\" alt=\"\u015aciana z lustrem w przedpokoju\" width=\"800\" height=\"549\" data-srcset=\"https:\/\/www.brw.pl\/blog\/wp-content\/uploads\/2023\/05\/loksa_przedpokoj_www-800x549.jpg 800w, https:\/\/www.brw.pl\/blog\/wp-content\/uploads\/2023\/05\/loksa_przedpokoj_www-768x527.jpg 768w, https:\/\/www.brw.pl\/blog\/wp-content\/uploads\/2023\/05\/loksa_przedpokoj_www-1536x1054.jpg 1536w, https:\/\/www.brw.pl\/blog\/wp-content\/uploads\/2023\/05\/loksa_przedpokoj_www.jpg 1568w\" data-sizes=\"(max-width: 800px) 100vw, 800px\" src=\"data:image\/svg+xml;base64,PHN2ZyB3aWR0aD0iMSIgaGVpZ2h0PSIxIiB4bWxucz0iaHR0cDovL3d3dy53My5vcmcvMjAwMC9zdmciPjwvc3ZnPg==\" style=\"--smush-placeholder-width: 800px; --smush-placeholder-aspect-ratio: 800\/549;\" \/><figcaption id=\"caption-attachment-32451\" class=\"wp-caption-text\"><b> Meble do przedpokoju z kolekcji Loksa<\/b><\/figcaption><\/figure>\n<\/div>\n<h2><strong>\u015aciana z lustrem w przedpokoju \u2013 spos\u00f3b na optyczne powi\u0119kszenie przestrzeni! <\/strong><\/h2>\n<p>Trudno wyobrazi\u0107 sobie przedpok\u00f3j bez <a href=\"https:\/\/www.brw.pl\/dekoracje\/lustra\/\" target=\"_blank\" rel=\"noopener noreferrer\">lustra<\/a>, cho\u0107by przez wzgl\u0105d na jego podstawow\u0105 funkcj\u0119. To praktyczny dodatek, dzi\u0119ki kt\u00f3remu mo\u017cemy szybko skontrolowa\u0107 wygl\u0105d przed wyj\u015bciem z domu. Najcz\u0119\u015bciej jedno kr\u00f3tkie spojrzenie na stylizacj\u0119 wystarczy, by zamkn\u0105\u0107 za sob\u0105 drzwi ze spokojn\u0105 g\u0142ow\u0105. Lista korzy\u015bci wynikaj\u0105cych z posiadania lustra w przedpokoju jest jednak znacznie d\u0142u\u017csza. Co sprawia, \u017ce jest to element, kt\u00f3rego nie mo\u017ce zabrakn\u0105\u0107 we wn\u0119trzu?<\/p>\n<h3>Lustro w przedpokoju \u2013 dlaczego warto si\u0119 na nie zdecydowa\u0107?<\/h3>\n<p data-pm-slice=\"1 1 []\"><span data-color=\"var(--purple-10)\">Do udekorowania przedpokoju, optycznego powi\u0119kszenia go, rozja\u015bnienia i ukrycia s\u0142abszych stron wystarczy Ci po prostu lustro. Jak to mo\u017cliwe? Czytaj dalej!<\/span><\/p>\n<p><span data-color=\"var(--purple-10)\">Za pomoc\u0105 luster <\/span><strong><span data-color=\"var(--purple-10)\">\u0142atwo zamaskowa\u0107 mankamenty przedpokoju, a tak\u017ce skierowa\u0107 uwag\u0119 go\u015bci na interesuj\u0105ce elementy aran\u017cacji<\/span><\/strong><span data-color=\"var(--purple-10)\">. W g\u0142adkiej tafli odbija si\u0119 obraz przedstawiaj\u0105cy wn\u0119trze domu, dobrze wi\u0119c, by by\u0142a ona zwr\u00f3cona w stron\u0119 najkorzystniejszych wizualnie miejsc. Czy b\u0119dzie to okno z widokiem na ogrodow\u0105 ziele\u0144, tapeta w modny wz\u00f3r czy mo\u017ce strefa wypoczynkowa w salonie \u2013 wyb\u00f3r nale\u017cy do Ciebie.<\/span><\/p>\n<p><strong><span data-color=\"var(--purple-10)\">Lustro<\/span><\/strong> <strong><span data-color=\"var(--purple-10)\">mo\u017ce pe\u0142ni\u0107 r\u00f3wnie\u017c funkcj\u0119 dekoracyjn\u0105<\/span><\/strong><span data-color=\"var(--purple-10)\"> i jako ozdoba wprowadzi\u0107 do pomieszczenia subteln\u0105 elegancj\u0119. L\u015bni\u0105ca tafla lustra rozja\u015bnia wn\u0119trze i dodaje mu blasku, dzi\u0119ki czemu przedpok\u00f3j zyskuje atrakcyjny wygl\u0105d. Je\u015bli dodamy do tego efektowne obramowanie, zyskujemy dekoracj\u0119 na miar\u0119 najbardziej stylowych wn\u0119trz. Lustro dodatkowo podkre\u015bli charakter wn\u0119trza i zyska na nim jego aran\u017cacja.<\/span><\/p>\n<h3 data-pm-slice=\"1 1 []\"><strong><span data-color=\"var(--purple-10)\">Triki powi\u0119kszaj\u0105ce optycznie wn\u0119trze<\/span><\/strong><\/h3>\n<p data-pm-slice=\"1 1 []\"><span data-color=\"var(--purple-10)\">Masz ma\u0142e mieszkanie i ciasny przedpok\u00f3j? <\/span><strong><span data-color=\"var(--purple-10)\">Lustra to doskona\u0142y spos\u00f3b na optyczne powi\u0119kszenie wn\u0119trza<\/span><\/strong><span data-color=\"var(--purple-10)\">. Si\u0119gnij po ten dekoracyjny element, nawet je\u015bli s\u0105dzisz, \u017ce w Twoim przedpokoju nie ma do\u015b\u0107 miejsca na dodatkowe przedmioty. Nie musisz inwestowa\u0107 w wielkoformatowy model. R\u00f3wnie\u017c niedu\u017ce lustro doda pomieszczeniu g\u0142\u0119bi i stworzy iluzj\u0119 przestronno\u015bci. Lustra s\u0105 najwi\u0119kszymi sprzymierze\u0144cami ma\u0142ych pomieszcze\u0144!<\/span><\/p>\n<h3>Lustro w przedpokoju \u2013 jakie wybra\u0107?<\/h3>\n<p>Wyb\u00f3r lustra do przedpokoju to niema\u0142e wyzwanie. Zwierciad\u0142o powinno by\u0107 dopasowane nie tylko stylu czy wielko\u015bci wn\u0119trza, ale r\u00f3wnie\u017c do Twojego pomys\u0142u na aran\u017cacj\u0119. Zanim podejmiesz decyzj\u0119 o zakupie lustra (b\u0105d\u017a kilku luster) we\u017a pod uwag\u0119 jego:<\/p>\n<ul>\n<li><strong>rozmiar,<\/strong><\/li>\n<li><strong>kszta\u0142t<\/strong>,<\/li>\n<li><strong>ram\u0119<\/strong>,<\/li>\n<li><strong>sposoby monta\u017cu<\/strong>.<\/li>\n<\/ul>\n<h3 data-pm-slice=\"1 1 []\"><strong><span data-color=\"var(--purple-10)\">Lustro do przedpokoju w stylu glamour lub nowojorskim<\/span><\/strong><\/h3>\n<p>Marzy Ci si\u0119 du\u017ce lustro od sufitu do pod\u0142ogi? Pomieszczenie, w kt\u00f3rym pierwsze skrzypce gra <strong>lustro na ca\u0142\u0105 \u015bcian\u0119<\/strong>, z pewno\u015bci\u0105 robi wra\u017cenie! W du\u017cym przedpokoju jak najbardziej mo\u017cesz pokusi\u0107 si\u0119 o takie rozwi\u0105zanie. Aran\u017cacja tego rodzaju sprawdzi si\u0119 w przedpokojach urz\u0105dzonych w stylu glamour lub nowojorskim. <span data-color=\"var(--purple-10)\">Odnajdzie si\u0119 tam zw\u0142aszcza lustro w ozdobnej ramie, kt\u00f3re wpisze si\u0119 zar\u00f3wno w styl glamour, jak i nowojorski. <\/span><\/p>\n<h3><strong><span data-color=\"var(--purple-10)\">Lustra do ma\u0142ego przedpokoju<\/span><\/strong><\/h3>\n<p><strong>Ma\u0142e lustra<\/strong> zdadz\u0105 egzamin w niewielkim przedpokoju, w kt\u00f3rym nie mo\u017cesz pozwoli\u0107 sobie na zwierciad\u0142o zajmuj\u0105ce ca\u0142\u0105 \u015bcian\u0119. Nie zobaczysz w nich pe\u0142nej sylwetki, ale za to z powodzeniem poprawisz fryzur\u0119 czy makija\u017c. Niewielki model nie przyt\u0142oczy wn\u0119trza.<\/p>\n<h3><span data-color=\"var(--purple-10)\">Kwadratowe, prostok\u0105tne czy okr\u0105g\u0142e lustro?<\/span><\/h3>\n<p>Kszta\u0142t lustra to kolejny wa\u017cny aspekt. Owalne lub okr\u0105g\u0142e lustro z powodzeniem mo\u017cesz zawiesi\u0107 nad komod\u0105 lub <a href=\"https:\/\/www.brw.pl\/meble\/przechowywanie\/toaletki\/\" target=\"_blank\" rel=\"noopener noreferrer\">toaletk\u0105<\/a>, miej jednak na uwadze, \u017ce modele o takich kszta\u0142tach rzadko pasuj\u0105 do standardowych komplet\u00f3w meblowych. <strong>Uniwersalnym wyborem b\u0119dzie zatem lustro prostok\u0105tne<\/strong>, <strong>kt\u00f3re wkomponuje si\u0119 niemal w ka\u017cd\u0105 przestrze\u0144<\/strong>.<\/p>\n<h3><strong><span data-color=\"var(--purple-10)\">Lustro minimalistyczne czy ozdobne?<\/span><\/strong><\/h3>\n<p>Lustra w ozdobnych ramach spodobaj\u0105 si\u0119 mi\u0142o\u015bnikom barokowych wn\u0119trz, z kolei modele z prostym obramowaniem lub zupe\u0142nie go pozbawione znakomicie wpisz\u0105 si\u0119 w styl nowoczesny. <strong>Do ma\u0142ego mieszkania wprowad\u017a<\/strong> <strong>minimalistyczne lustro<\/strong> \u2013 nie musi by\u0107 mikroskopijnych rozmiar\u00f3w, warto jednak wybra\u0107 model bez bogato zdobionej oprawy. <span data-color=\"var(--purple-10)\">Takie nowoczesne lustra znajdziesz w wielu sklepach, r\u00f3wnie\u017c w naszym.<\/span><\/p>\n<h3><strong><span data-color=\"var(--purple-10)\">Lustro jako element szafy?<\/span><\/strong><\/h3>\n<p>Zastan\u00f3w si\u0119, czy lustro zdobi\u0105ce Tw\u00f3j korytarz b\u0119dzie zawieszone na \u015bcianie, czy mo\u017ce jedynie o ni\u0105 oparte. Du\u017ce lustro w przedpokoju mo\u017ce by\u0107 tak\u017ce elementem szafy. To proste rozwi\u0105zanie i zdecydowanie godne rozwa\u017cenia, je\u015bli zale\u017cy Ci na tym, by oszcz\u0119dzi\u0107 przestrze\u0144 w niedu\u017cym wn\u0119trzu.<\/p>\n<h2><strong>Przedpok\u00f3j z lustrem na \u015bcianie \u2013 jak urz\u0105dzi\u0107 takie wn\u0119trze?<\/strong><\/h2>\n<p>Jak stworzy\u0107 udan\u0105 aran\u017cacj\u0119 przedpokoju z lustrem na \u015bcianie? \u0141aweczka, mi\u0119kki, pikowany <a href=\"https:\/\/www.brw.pl\/meble\/meble-wypoczynkowe\/pufy\/\" target=\"_blank\" rel=\"noopener noreferrer\">puf<\/a> i zgrabna konsola to meble, kt\u00f3re wspaniale zaprezentuj\u0105 si\u0119 w towarzystwie lustra. Efektowny wystr\u00f3j to jednak nie wszystko. <strong>W przedpokoju najcz\u0119\u015bciej chcemy zmie\u015bci\u0107 r\u00f3wnie\u017c praktyczne elementy wyposa\u017cenia<\/strong>: panel z wieszakami na odzie\u017c wierzchni\u0105, <a href=\"https:\/\/www.brw.pl\/meble\/przechowywanie\/szafki\/szafki-na-buty\/\" target=\"_blank\" rel=\"noopener noreferrer\">szafk\u0119 na buty<\/a>, <a href=\"https:\/\/www.brw.pl\/meble\/szafy\/\" target=\"_blank\" rel=\"noopener noreferrer\">szaf\u0119<\/a>, <a href=\"https:\/\/www.brw.pl\/meble\/przechowywanie\/komody\/\" target=\"_blank\" rel=\"noopener noreferrer\">komod\u0119<\/a>. Jak pogodzi\u0107 funkcjonalno\u015b\u0107 z estetyk\u0105?<\/p>\n<h3>Przedpok\u00f3j z lustrzan\u0105 \u015bcian\u0105 a dob\u00f3r mebli<\/h3>\n<p>Je\u015bli chcesz, by Tw\u00f3j przedpok\u00f3j zyska\u0142 sp\u00f3jn\u0105 opraw\u0119, rozwa\u017c zakup mebli z tej samej kolekcji. W\u00f3wczas lustro oraz pozosta\u0142e elementy wyposa\u017cenia b\u0119d\u0105 do siebie pasowa\u0107.<\/p>\n<div style=\"display: flex; align-items: center; justify-content: center; text-align: center;\">\n<figure id=\"attachment_30682\" aria-describedby=\"caption-attachment-30682\" style=\"width: 800px\" class=\"wp-caption aligncenter\"><img decoding=\"async\" class=\"wp-image-30682 size-medium lazyload\" data-src=\"https:\/\/www.brw.pl\/blog\/wp-content\/uploads\/2023\/03\/Przedpok\u00f3j-Flames-800x531.jpg\" alt=\"Przedpok\u00f3j Flames\" width=\"800\" height=\"531\" data-srcset=\"https:\/\/www.brw.pl\/blog\/wp-content\/uploads\/2023\/03\/Przedpok\u00f3j-Flames-800x531.jpg 800w, https:\/\/www.brw.pl\/blog\/wp-content\/uploads\/2023\/03\/Przedpok\u00f3j-Flames-768x509.jpg 768w, https:\/\/www.brw.pl\/blog\/wp-content\/uploads\/2023\/03\/Przedpok\u00f3j-Flames.jpg 1280w\" data-sizes=\"(max-width: 800px) 100vw, 800px\" src=\"data:image\/svg+xml;base64,PHN2ZyB3aWR0aD0iMSIgaGVpZ2h0PSIxIiB4bWxucz0iaHR0cDovL3d3dy53My5vcmcvMjAwMC9zdmciPjwvc3ZnPg==\" style=\"--smush-placeholder-width: 800px; --smush-placeholder-aspect-ratio: 800\/531;\" \/><figcaption id=\"caption-attachment-30682\" class=\"wp-caption-text\"><a href=\"https:\/\/www.brw.pl\/szafka-flames,7068\" target=\"_blank\" rel=\"noopener noreferrer\"><span style=\"font-weight: 400;\">Szafka Flames<\/span><\/a> &#8211; <a href=\"https:\/\/www.brw.pl\/lustro-flames,7063\" target=\"_blank\" rel=\"noopener noreferrer\"><span style=\"font-weight: 400;\">Lustro Flames<\/span><\/a><\/figcaption><\/figure>\n<\/div>\n<p>Zale\u017cy Ci na skompletowaniu funkcjonalnego zestawu? Wybierz meble, kt\u00f3re zapewni\u0105 Ci potrzebne miejsce do przechowywania, a w razie potrzeby pos\u0142u\u017c\u0105 r\u00f3wnie\u017c za siedzisko do zmiany obuwia. Gdy ju\u017c wyposa\u017cysz wn\u0119trze we wszystko, co niezb\u0119dne, <strong>niewielkie lustro o prostok\u0105tnych kszta\u0142tach zawie\u015b nad komod\u0105 lub niewysok\u0105 szafk\u0105<\/strong>. W uk\u0142adzie z reszt\u0105 mebli do przedpokoju lustro b\u0119dzie sk\u0142adnikiem domykaj\u0105cym ca\u0142o\u015b\u0107.<\/p>\n<p>Meble w kolorze bielonego drewna b\u0119d\u0105 dobr\u0105 opcj\u0105 do przedpokoju, kt\u00f3ry chcesz rozja\u015bni\u0107 i optycznie powi\u0119kszy\u0107. <strong>Szafa, komoda oraz lustro z kolekcji Loksa<\/strong> \u015bwietnie sprawdz\u0105 si\u0119 w aran\u017cacji w stylu skandynawskim lub klasycznym. Lustro zawieszone nad komod\u0105 pozwoli Ci przejrze\u0107 si\u0119 w nim przed wyj\u015bciem do pracy, a pude\u0142ka na drobiazgi ustawione na blacie mebla przypomn\u0105 o tym, by zabra\u0107 ze sob\u0105 klucze i telefon.<\/p>\n<div style=\"display: flex; align-items: center; justify-content: center; text-align: center;\">\n<figure id=\"attachment_32452\" aria-describedby=\"caption-attachment-32452\" style=\"width: 350px\" class=\"wp-caption aligncenter\"><img decoding=\"async\" class=\"wp-image-32452 lazyload\" data-src=\"https:\/\/www.brw.pl\/blog\/wp-content\/uploads\/2023\/05\/komoda-loksa-kolor-wybarwienia-sosna-andersen-biala-dab-grandson.jpg\" alt=\"Komoda Loksa\" width=\"350\" height=\"263\" src=\"data:image\/svg+xml;base64,PHN2ZyB3aWR0aD0iMSIgaGVpZ2h0PSIxIiB4bWxucz0iaHR0cDovL3d3dy53My5vcmcvMjAwMC9zdmciPjwvc3ZnPg==\" style=\"--smush-placeholder-width: 350px; --smush-placeholder-aspect-ratio: 350\/263;\" \/><figcaption id=\"caption-attachment-32452\" class=\"wp-caption-text\"><a href=\"https:\/\/www.brw.pl\/komoda-loksa,33203\" target=\"_blank\" rel=\"noopener noreferrer\"><span style=\"font-weight: 400;\">Komoda Loksa<\/span><\/a><\/figcaption><\/figure>\n<figure id=\"attachment_32453\" aria-describedby=\"caption-attachment-32453\" style=\"width: 350px\" class=\"wp-caption aligncenter\"><img decoding=\"async\" class=\"wp-image-32453 lazyload\" data-src=\"https:\/\/www.brw.pl\/blog\/wp-content\/uploads\/2023\/05\/lustro-loksa-kolor-wybarwienia-sosna-andersen-biala-dab-grandson.jpg\" alt=\"Lustro Loksa\" width=\"350\" height=\"263\" src=\"data:image\/svg+xml;base64,PHN2ZyB3aWR0aD0iMSIgaGVpZ2h0PSIxIiB4bWxucz0iaHR0cDovL3d3dy53My5vcmcvMjAwMC9zdmciPjwvc3ZnPg==\" style=\"--smush-placeholder-width: 350px; --smush-placeholder-aspect-ratio: 350\/263;\" \/><figcaption id=\"caption-attachment-32453\" class=\"wp-caption-text\"><a href=\"https:\/\/www.brw.pl\/lustro-loksa,33206\" target=\"_blank\" rel=\"noopener noreferrer\"><span style=\"font-weight: 400;\">Lustro Loksa<\/span><\/a><\/figcaption><\/figure>\n<\/div>\n<div style=\"display: flex; align-items: center; justify-content: center; text-align: center;\">\n<figure id=\"attachment_32454\" aria-describedby=\"caption-attachment-32454\" style=\"width: 500px\" class=\"wp-caption aligncenter\"><img decoding=\"async\" class=\"wp-image-32454 lazyload\" data-src=\"https:\/\/www.brw.pl\/blog\/wp-content\/uploads\/2023\/05\/szafa-loksa-kolor-wybarwienia-sosna-andersen-biala-dab-grandson.jpg\" alt=\"Szafa Loksa\" width=\"500\" height=\"375\" src=\"data:image\/svg+xml;base64,PHN2ZyB3aWR0aD0iMSIgaGVpZ2h0PSIxIiB4bWxucz0iaHR0cDovL3d3dy53My5vcmcvMjAwMC9zdmciPjwvc3ZnPg==\" style=\"--smush-placeholder-width: 500px; --smush-placeholder-aspect-ratio: 500\/375;\" \/><figcaption id=\"caption-attachment-32454\" class=\"wp-caption-text\"><a href=\"https:\/\/www.brw.pl\/szafa-loksa,33213\" target=\"_blank\" rel=\"noopener noreferrer\"><span style=\"font-weight: 400;\">Szafa Loksa<\/span><\/a><\/figcaption><\/figure>\n<\/div>\n<h3>Dodatki do przedpokoju z lustrem na \u015bcianie<\/h3>\n<p>Przedpok\u00f3j to pomieszczenie, kt\u00f3re powinno by\u0107 przede wszystkim funkcjonalne \u2013 nadmiar ozdobnik\u00f3w nie b\u0119dzie mu s\u0142u\u017cy\u0107. <strong>Dobrym rozwi\u0105zaniem jest zatem wyb\u00f3r dodatk\u00f3w, kt\u00f3re poza intryguj\u0105cym designem maj\u0105 r\u00f3wnie\u017c okre\u015blone przeznaczenie<\/strong>. Je\u015bli w Twoim przedpokoju stoi komoda, szafka lub toaletka, wykorzystaj jej blat, by ustawi\u0107 na nim mi\u0142e dla oka przedmioty. Delikatny wazon z cieniowanego szk\u0142a, minimalistyczna szkatu\u0142ka lub ceramiczna misa na klucze i inne drobiazgi sprawdz\u0105 si\u0119 znakomicie. Dekoracje dobieraj tak, by nie przes\u0142ania\u0142y Twojego odbicia w lustrze!<\/p>\n<div style=\"display: flex; align-items: center; justify-content: center; text-align: center;\">\n<figure id=\"attachment_32456\" aria-describedby=\"caption-attachment-32456\" style=\"width: 350px\" class=\"wp-caption aligncenter\"><img decoding=\"async\" class=\"wp-image-32456 lazyload\" data-src=\"https:\/\/www.brw.pl\/blog\/wp-content\/uploads\/2023\/05\/talerzyk-dekoracyjny.jpg\" alt=\"Talerzyk dekoracyjny\" width=\"350\" height=\"263\" src=\"data:image\/svg+xml;base64,PHN2ZyB3aWR0aD0iMSIgaGVpZ2h0PSIxIiB4bWxucz0iaHR0cDovL3d3dy53My5vcmcvMjAwMC9zdmciPjwvc3ZnPg==\" style=\"--smush-placeholder-width: 350px; --smush-placeholder-aspect-ratio: 350\/263;\" \/><figcaption id=\"caption-attachment-32456\" class=\"wp-caption-text\"><a href=\"https:\/\/www.brw.pl\/talerzyk-dekoracyjny,44588\" target=\"_blank\" rel=\"noopener noreferrer\"><span style=\"font-weight: 400;\">Talerzyk dekoracyjny<\/span><\/a><\/figcaption><\/figure>\n<figure id=\"attachment_32457\" aria-describedby=\"caption-attachment-32457\" style=\"width: 350px\" class=\"wp-caption aligncenter\"><img decoding=\"async\" class=\"wp-image-32457 lazyload\" data-src=\"https:\/\/www.brw.pl\/blog\/wp-content\/uploads\/2023\/05\/wazon-mix-kolorow.jpg\" alt=\"Wazon mix kolor\u00f3w\" width=\"350\" height=\"263\" src=\"data:image\/svg+xml;base64,PHN2ZyB3aWR0aD0iMSIgaGVpZ2h0PSIxIiB4bWxucz0iaHR0cDovL3d3dy53My5vcmcvMjAwMC9zdmciPjwvc3ZnPg==\" style=\"--smush-placeholder-width: 350px; --smush-placeholder-aspect-ratio: 350\/263;\" \/><figcaption id=\"caption-attachment-32457\" class=\"wp-caption-text\"><a href=\"https:\/\/www.brw.pl\/wazon-mix-kolorow,47201\" target=\"_blank\" rel=\"noopener noreferrer\"><span style=\"font-weight: 400;\">Wazon mix kolor\u00f3w<\/span><\/a><\/figcaption><\/figure>\n<\/div>\n<p>Nie zapomnij o dodatkach o\u015bwietleniowych. Warto zastanowi\u0107 si\u0119, w jaki spos\u00f3b do\u015bwietli\u0107 lustrzan\u0105 tafl\u0119, by odbicie by\u0142o w niej dobrze widoczne, a \u015bciana, na kt\u00f3rej zawieszone jest zwierciad\u0142o, prezentowa\u0142a si\u0119 estetycznie. Mo\u017cesz zdecydowa\u0107 si\u0119 np. na pojedynczy kinkiet montowany nad lustrem (w przypadku niedu\u017cego modelu b\u0119dzie idealny!) lub dwa kinkiety zawieszone symetrycznie po bokach lustra. Dobrym rozwi\u0105zaniem s\u0105 r\u00f3wnie\u017c ta\u015bmy LED, kt\u00f3re daj\u0105 atrakcyjny efekt \u015bwietlny.<\/p>\n<h2><strong>Lustro w przedpokoju \u2013 aran\u017cacje <\/strong><\/h2>\n<p>Aran\u017cacja przedpokoju z lustrem to \u015bwietny pomys\u0142 niezale\u017cnie od tego, jakim metra\u017cem pomieszczenia dysponujesz. Nie musisz porywa\u0107 si\u0119 na tworzenie wystroju, w kt\u00f3rym g\u0142\u00f3wn\u0105 rol\u0119 gra lustro na ca\u0142\u0105 \u015bcian\u0119, by efekt pozytywnie Ci\u0119 zaskoczy\u0142. Zwyczajne zwierciad\u0142o w standardowych rozmiarach r\u00f3wnie\u017c spisze si\u0119 znakomicie.<\/p>\n<div style=\"display: flex; align-items: center; justify-content: center; text-align: center;\">\n<figure id=\"attachment_32455\" aria-describedby=\"caption-attachment-32455\" style=\"width: 800px\" class=\"wp-caption aligncenter\"><img decoding=\"async\" class=\"wp-image-32455 size-medium lazyload\" data-src=\"https:\/\/www.brw.pl\/blog\/wp-content\/uploads\/2023\/05\/lustro-go-800x531.jpg\" alt=\"Lustro do przedpokoju Go\" width=\"800\" height=\"531\" data-srcset=\"https:\/\/www.brw.pl\/blog\/wp-content\/uploads\/2023\/05\/lustro-go-800x531.jpg 800w, https:\/\/www.brw.pl\/blog\/wp-content\/uploads\/2023\/05\/lustro-go-768x509.jpg 768w, https:\/\/www.brw.pl\/blog\/wp-content\/uploads\/2023\/05\/lustro-go.jpg 1280w\" data-sizes=\"(max-width: 800px) 100vw, 800px\" src=\"data:image\/svg+xml;base64,PHN2ZyB3aWR0aD0iMSIgaGVpZ2h0PSIxIiB4bWxucz0iaHR0cDovL3d3dy53My5vcmcvMjAwMC9zdmciPjwvc3ZnPg==\" style=\"--smush-placeholder-width: 800px; --smush-placeholder-aspect-ratio: 800\/531;\" \/><figcaption id=\"caption-attachment-32455\" class=\"wp-caption-text\"><a href=\"https:\/\/www.brw.pl\/przedpokoj-go,4916\" target=\"_blank\" rel=\"noopener noreferrer\"><span style=\"font-weight: 400;\">Przedpok\u00f3j Go<\/span><\/a> &#8211; <a href=\"https:\/\/www.brw.pl\/lustro-go,6884\" target=\"_blank\" rel=\"noopener noreferrer\"><span style=\"font-weight: 400;\">Lustro Go<\/span><\/a><\/figcaption><\/figure>\n<p>.<\/p>\n<\/div>\n<p>Powy\u017csza aran\u017cacja jest dobrym przyk\u0142adem wykorzystania lustra w przedpokoju o ma\u0142o imponuj\u0105cych rozmiarach. Przejrzyst\u0105 i uporz\u0105dkowan\u0105 przestrze\u0144 wype\u0142nia <strong>komplet meblowy do przedpokoju Go<\/strong>, na kt\u00f3ry sk\u0142adaj\u0105 si\u0119: wysoka szafa z lustrzanym frontem, szafka na buty, wieszak z p\u00f3\u0142k\u0105, komoda oraz prostok\u0105tne lustro wpisuj\u0105ce si\u0119 w kolorystyk\u0119 kolekcji. Meble w klasycznym wybarwieniu <em>d\u0105b sonoma<\/em> to propozycja dla wszystkich ceni\u0105cych ponadczasow\u0105 stylistyk\u0119.<\/p>\n<p>W pomieszczeniu, w kt\u00f3rym wi\u0119kszo\u015b\u0107 przedmiot\u00f3w pozostaje poza zasi\u0119giem wzroku, \u015bmia\u0142o mo\u017cna pokusi\u0107 si\u0119 o urocze dodatki. Wazon z ryflowan\u0105 powierzchni\u0105 i bukiet suszonych kwiat\u00f3w na komodzie s\u0105 strza\u0142em w dziesi\u0105tk\u0119.<\/p>\n<p><strong>\u015aciana z lustrem w przedpokoju sprawi, \u017ce wizyt\u00f3wka Twojego mieszkania zyska na atrakcyjno\u015bci. Zapraszamy do <\/strong><a href=\"https:\/\/www.brw.pl\/\" target=\"_blank\" rel=\"noopener noreferrer\"><strong>sklepu internetowego Black Red White<\/strong><\/a><strong>, w kt\u00f3rym znajdziesz najlepsze rozwi\u0105zania do przedpokoju i nie tylko. Sprawd\u017a!<\/strong><\/p>\n<p>Szukasz innych sposob\u00f3w na aran\u017cacj\u0119 \u015bciany w przedpokoju? Lustro to tylko jedno z dost\u0119pnych rozwi\u0105za\u0144. W artykule &#8222;<a href=\"https:\/\/www.brw.pl\/blog\/sciana-w-przedpokoju-inspiracje\/\" target=\"_blank\" rel=\"noopener noreferrer\">\u015aciana w przedpokoju \u2013 inspiracje<\/a>&#8221; czeka na Ciebie ca\u0142y wachlarz pomys\u0142\u00f3w!<\/p>\n","protected":false},"excerpt":{"rendered":"<p>Nawet niewielki przedpok\u00f3j zaprezentuje si\u0119 efektownie, je\u015bli wzbogacisz jego aran\u017cacj\u0119 o lustro na \u015bcianie. Ma\u0142e, du\u017ce, z ram\u0105 lub bez, okr\u0105g\u0142e czy prostok\u0105tne \u2013 lustro w przedpokoju to dodatek, na kt\u00f3ry warto si\u0119 zdecydowa\u0107. Jak urz\u0105dzi\u0107 przedpok\u00f3j z lustrem, by zyska\u0107 modny i praktyczny wystr\u00f3j? Sprawd\u017a!<\/p>\n","protected":false},"author":21,"featured_media":32451,"comment_status":"closed","ping_status":"open","sticky":false,"template":"","format":"standard","meta":{"footnotes":""},"categories":[39,740],"tags":[],"aioseo_notices":[],"_links":{"self":[{"href":"https:\/\/www.brw.pl\/blog\/wp-json\/wp\/v2\/posts\/32450"}],"collection":[{"href":"https:\/\/www.brw.pl\/blog\/wp-json\/wp\/v2\/posts"}],"about":[{"href":"https:\/\/www.brw.pl\/blog\/wp-json\/wp\/v2\/types\/post"}],"author":[{"embeddable":true,"href":"https:\/\/www.brw.pl\/blog\/wp-json\/wp\/v2\/users\/21"}],"replies":[{"embeddable":true,"href":"https:\/\/www.brw.pl\/blog\/wp-json\/wp\/v2\/comments?post=32450"}],"version-history":[{"count":4,"href":"https:\/\/www.brw.pl\/blog\/wp-json\/wp\/v2\/posts\/32450\/revisions"}],"predecessor-version":[{"id":34176,"href":"https:\/\/www.brw.pl\/blog\/wp-json\/wp\/v2\/posts\/32450\/revisions\/34176"}],"wp:featuredmedia":[{"embeddable":true,"href":"https:\/\/www.brw.pl\/blog\/wp-json\/wp\/v2\/media\/32451"}],"wp:attachment":[{"href":"https:\/\/www.brw.pl\/blog\/wp-json\/wp\/v2\/media?parent=32450"}],"wp:term":[{"taxonomy":"category","embeddable":true,"href":"https:\/\/www.brw.pl\/blog\/wp-json\/wp\/v2\/categories?post=32450"},{"taxonomy":"post_tag","embeddable":true,"href":"https:\/\/www.brw.pl\/blog\/wp-json\/wp\/v2\/tags?post=32450"}],"curies":[{"name":"wp","href":"https:\/\/api.w.org\/{rel}","templated":true}]}}