{"id":32561,"date":"2023-05-12T08:23:12","date_gmt":"2023-05-12T06:23:12","guid":{"rendered":"https:\/\/www.brw.pl\/blog\/?p=32561"},"modified":"2023-05-17T12:13:20","modified_gmt":"2023-05-17T10:13:20","slug":"przedpokoj-butelkowa-zielen-nadal-w-trendzie","status":"publish","type":"post","link":"https:\/\/www.brw.pl\/blog\/przedpokoj-butelkowa-zielen-nadal-w-trendzie\/","title":{"rendered":"Przedpok\u00f3j: butelkowa ziele\u0144 nadal w trendzie!"},"content":{"rendered":"<p><strong>Przedpok\u00f3j to jedno z najbardziej reprezentacyjnych pomieszcze\u0144 w domu. Je\u015bli chcesz, by na co dzie\u0144 prezentowa\u0142 si\u0119 elegancko i co wi\u0119cej \u2013 wzbudza\u0142 zachwyt Twoich go\u015bci, wprowad\u017a do niego butelkow\u0105 ziele\u0144. Jak urz\u0105dzi\u0107 wn\u0119trze w tak wyrazistym kolorze? Inspiracje i pomys\u0142y na modne aran\u017cacje znajdziesz w naszym artykule!<\/strong><!--more--><br \/>\n<img decoding=\"async\" class=\"aligncenter size-medium wp-image-32573 lazyload\" data-src=\"https:\/\/www.brw.pl\/blog\/wp-content\/uploads\/2023\/05\/9300-PANELE-TAPICEROWANEprzedpokoj-NEPO-PLUS-3-800x533.jpg\" alt=\"Przedpok\u00f3j: butelkowa ziele\u0144\" width=\"800\" height=\"533\" data-srcset=\"https:\/\/www.brw.pl\/blog\/wp-content\/uploads\/2023\/05\/9300-PANELE-TAPICEROWANEprzedpokoj-NEPO-PLUS-3-800x533.jpg 800w, https:\/\/www.brw.pl\/blog\/wp-content\/uploads\/2023\/05\/9300-PANELE-TAPICEROWANEprzedpokoj-NEPO-PLUS-3-768x512.jpg 768w, https:\/\/www.brw.pl\/blog\/wp-content\/uploads\/2023\/05\/9300-PANELE-TAPICEROWANEprzedpokoj-NEPO-PLUS-3-1536x1024.jpg 1536w, https:\/\/www.brw.pl\/blog\/wp-content\/uploads\/2023\/05\/9300-PANELE-TAPICEROWANEprzedpokoj-NEPO-PLUS-3.jpg 1620w\" data-sizes=\"(max-width: 800px) 100vw, 800px\" src=\"data:image\/svg+xml;base64,PHN2ZyB3aWR0aD0iMSIgaGVpZ2h0PSIxIiB4bWxucz0iaHR0cDovL3d3dy53My5vcmcvMjAwMC9zdmciPjwvc3ZnPg==\" style=\"--smush-placeholder-width: 800px; --smush-placeholder-aspect-ratio: 800\/533;\" \/><\/p>\n<h2><strong>Przedpok\u00f3j: butelkowa ziele\u0144, kt\u00f3ra odmieni wygl\u0105d wn\u0119trza<\/strong><\/h2>\n<p>Intensywna, g\u0142\u0119boka, szlachetna \u2013 <strong>butelkowa ziele\u0144<\/strong> niezmiennie pozostaje w czo\u0142\u00f3wce najmodniejszych kolor\u00f3w. W jej towarzystwie nawet niepozorne wn\u0119trza zyskuj\u0105 nowe, luksusowe oblicze. <strong>Znakomicie prezentuje si\u0119 jako kolor \u015bcian, dodatk\u00f3w czy tapicerek mebli<\/strong>, dlatego pomieszczenia z jej udzia\u0142em mo\u017cna urz\u0105dzi\u0107 na wiele sposob\u00f3w.<\/p>\n<p>Cho\u0107 butelkowa ziele\u0144 najcz\u0119\u015bciej zdobi wn\u0119trza salon\u00f3w i gabinet\u00f3w, nic nie stoi na przeszkodzie, by zaprosi\u0107 j\u0105 do r\u00f3wnie\u017c do przedpokoju. Aran\u017cacje z udzia\u0142em kr\u00f3lowej kolor\u00f3w to nie lada gratka dla fan\u00f3w wyszukanego designu!<\/p>\n<p>Ziele\u0144 w swoich ciemnych odcieniach mo\u017ce by\u0107 nie tylko stylowym akcentem w pomieszczeniu, lecz tak\u017ce jego motywem przewodnim. Niezale\u017cnie od tego, czy si\u0119gniesz po ni\u0105 jedynie w detalach, czy zdecydujesz si\u0119 na pe\u0142en ekspresji <em>total look<\/em>, butelkowa ziele\u0144 wprowadzi do przedpokoju o\u017cywczy klimat.<\/p>\n<p>Jak urz\u0105dzi\u0107 przedpok\u00f3j w kolorze butelkowej zieleni? Pomys\u0142y na zaaran\u017cowanie stylowej przestrzeni czekaj\u0105 na Ciebie w poni\u017cszych akapitach!<\/p>\n<h2><strong>Jak urz\u0105dzi\u0107 przedpok\u00f3j w kolorze butelkowej zieleni?<\/strong><\/h2>\n<p><strong>Butelkowa ziele\u0144<\/strong> to wyrafinowana barwa, jednak w szerokim wachlarzu jej zalet znajduje si\u0119 r\u00f3wnie\u017c uniwersalny charakter. Podobnie jak czer\u0144 czy granat, <strong>pasuje do wi\u0119kszo\u015bci styl\u00f3w wn\u0119trzarskich<\/strong>. Doskonale odnajduje si\u0119 zar\u00f3wno w ekspresyjnych aran\u017cacjach art deco, jak i w projektach czerpi\u0105cych z nie\u015bmiertelnej klasyki. Urz\u0105dzaj\u0105c przedpok\u00f3j w tym kolorze, masz ogromne pole do popisu! Od czego zacz\u0105\u0107?<\/p>\n<h3>Przedpok\u00f3j w butelkowej zieleni: elementy wyko\u0144czenia<\/h3>\n<p>Chcesz, by butelkowa ziele\u0144 gra\u0142a we wn\u0119trzu pierwsze skrzypce? To mo\u017cliwe zar\u00f3wno w niewielkim korytarzu, jak i w holu o du\u017cej powierzchni. <strong>Bez wzgl\u0119du na metra\u017c przedpokoju, najbardziej spektakularne efekty osi\u0105gniesz, stawiaj\u0105c na butelkowozielony kolor \u015bcian<\/strong>. Nie musisz ogranicza\u0107 si\u0119 do malowania powierzchni \u015bciennej zwyk\u0142\u0105 farb\u0105. Efektownie prezentuj\u0105 si\u0119 r\u00f3wnie\u017c te aran\u017cacje, w kt\u00f3rych zastosowano tapet\u0119, sztukateri\u0119 czy modne w ostatnim czasie <a href=\"https:\/\/www.brw.pl\/dekoracje\/panele-i-scianki-dekoracyjne\/panele-tapicerowane\/\" target=\"_blank\" rel=\"noopener noreferrer\">panele tapicerowane<\/a>.<\/p>\n<p>Je\u015bli Tw\u00f3j <a href=\"https:\/\/www.brw.pl\/meble\/przedpokoj\/\" target=\"_blank\" rel=\"noopener noreferrer\">przedpok\u00f3j<\/a> nie nale\u017cy do najwi\u0119kszych, mo\u017cesz zaaran\u017cowa\u0107 w ten spos\u00f3b tylko jedn\u0105 \u015bcian\u0119, a pozosta\u0142e pokry\u0107 jasn\u0105, neutraln\u0105 barw\u0105. Mocny kolorystyczny akcent nie przyt\u0142oczy wn\u0119trza pod warunkiem, \u017ce b\u0119dzie dozowany z umiarem. Ciekaw\u0105 alternatyw\u0105 dla butelkowozielonych \u015bcian s\u0105 r\u00f3wnie\u017c drzwi wej\u015bciowe w tym kolorze. Tak nietuzinkowy element wyko\u0144czenia sprawi, \u017ce urz\u0105dzisz przedpok\u00f3j jedyny w swoim rodzaju.<\/p>\n<h3>Meble do butelkowozielonego przedpokoju<\/h3>\n<p>Butelkowa ziele\u0144 na \u015bcianach w przedpokoju wymaga oprawy w postaci odpowiednich mebli. Aby podkre\u015bli\u0107 jej elegancki charakter, warto pokusi\u0107 si\u0119 o zakup wyposa\u017cenia w ciep\u0142ym d\u0119bowym kolorze. Naturalne odcienie drewna, a tak\u017ce wszystkie inne kolory z palety barw ziemi w otoczeniu ciemnej zieleni &#8222;czuj\u0105 si\u0119&#8221; znakomicie.<\/p>\n<p>Je\u015bli planujesz urz\u0105dzi\u0107 przedpok\u00f3j w duchu nowoczesnej klasyki lub po prostu nada\u0107 mu szykowny rys, postaw na meble o prostych bry\u0142ach i solidnym wykonaniu. Elementy z <strong>kolekcji Holten<\/strong> pozwol\u0105 Ci zagospodarowa\u0107 przestrze\u0144 przedpokoju w praktyczny i stylowy spos\u00f3b.<\/p>\n<div style=\"display: flex; align-items: center; justify-content: center; text-align: center;\">\n<figure id=\"attachment_32571\" aria-describedby=\"caption-attachment-32571\" style=\"width: 350px\" class=\"wp-caption aligncenter\"><img decoding=\"async\" class=\"wp-image-32571 lazyload\" data-src=\"https:\/\/www.brw.pl\/blog\/wp-content\/uploads\/2023\/05\/wieszak-holten-kolor-wybarwienia-dab-waterford.jpg\" alt=\"Wieszak Holten\" width=\"350\" height=\"263\" src=\"data:image\/svg+xml;base64,PHN2ZyB3aWR0aD0iMSIgaGVpZ2h0PSIxIiB4bWxucz0iaHR0cDovL3d3dy53My5vcmcvMjAwMC9zdmciPjwvc3ZnPg==\" style=\"--smush-placeholder-width: 350px; --smush-placeholder-aspect-ratio: 350\/263;\" \/><figcaption id=\"caption-attachment-32571\" class=\"wp-caption-text\"><a href=\"https:\/\/www.brw.pl\/wieszak-holten,50061\" target=\"_blank\" rel=\"noopener noreferrer\"><span style=\"font-weight: 400;\">Wieszak Holten<\/span><\/a><\/figcaption><\/figure>\n<figure id=\"attachment_32570\" aria-describedby=\"caption-attachment-32570\" style=\"width: 350px\" class=\"wp-caption aligncenter\"><img decoding=\"async\" class=\"wp-image-32570 lazyload\" data-src=\"https:\/\/www.brw.pl\/blog\/wp-content\/uploads\/2023\/05\/szafka-na-buty-holten-kolor-wybarwienia-dab-waterford1.jpg\" alt=\"Szafka na buty Holten\" width=\"350\" height=\"263\" src=\"data:image\/svg+xml;base64,PHN2ZyB3aWR0aD0iMSIgaGVpZ2h0PSIxIiB4bWxucz0iaHR0cDovL3d3dy53My5vcmcvMjAwMC9zdmciPjwvc3ZnPg==\" style=\"--smush-placeholder-width: 350px; --smush-placeholder-aspect-ratio: 350\/263;\" \/><figcaption id=\"caption-attachment-32570\" class=\"wp-caption-text\"><a href=\"https:\/\/www.brw.pl\/szafka-na-buty-holten,50047\" target=\"_blank\" rel=\"noopener noreferrer\"><span style=\"font-weight: 400;\">Niska szafka na buty Holten<\/span><\/a><\/figcaption><\/figure>\n<\/div>\n<div style=\"display: flex; align-items: center; justify-content: center; text-align: center;\">\n<figure id=\"attachment_32569\" aria-describedby=\"caption-attachment-32569\" style=\"width: 500px\" class=\"wp-caption aligncenter\"><img decoding=\"async\" class=\"wp-image-32569 lazyload\" data-src=\"https:\/\/www.brw.pl\/blog\/wp-content\/uploads\/2023\/05\/regal-zamkniety-holten-kolor-wybarwienia-dab-waterford.jpg\" alt=\"Rega\u0142 zamkni\u0119ty Holten\" width=\"500\" height=\"375\" src=\"data:image\/svg+xml;base64,PHN2ZyB3aWR0aD0iMSIgaGVpZ2h0PSIxIiB4bWxucz0iaHR0cDovL3d3dy53My5vcmcvMjAwMC9zdmciPjwvc3ZnPg==\" style=\"--smush-placeholder-width: 500px; --smush-placeholder-aspect-ratio: 500\/375;\" \/><figcaption id=\"caption-attachment-32569\" class=\"wp-caption-text\"><a href=\"https:\/\/www.brw.pl\/regal-zamkniety-holten,50046\" target=\"_blank\" rel=\"noopener noreferrer\"><span style=\"font-weight: 400;\">Rega\u0142 zamkni\u0119ty Holten<\/span><\/a><\/figcaption><\/figure>\n<\/div>\n<p>Masz do dyspozycji przedpok\u00f3j sporych rozmiar\u00f3w? W takiej sytuacji warto skorzysta\u0107 z pe\u0142ni mo\u017cliwo\u015bci, jak\u0105 oferuj\u0105 meble Holten. Na pocz\u0105tek umie\u015b\u0107 przy drzwiach panel z <a href=\"https:\/\/www.brw.pl\/przechowywanie\/stojaki\/stojaki-na-ubrania\/\" target=\"_blank\" rel=\"noopener noreferrer\">wieszakami<\/a> i p\u00f3\u0142k\u0105, a bezpo\u015brednio pod stref\u0105 wieszania \u2013 <a href=\"https:\/\/www.brw.pl\/meble\/przechowywanie\/szafki\/szafki-na-buty\/\" target=\"_blank\" rel=\"noopener noreferrer\">szafk\u0119 na buty<\/a>. W korytarzu przyda si\u0119 r\u00f3wnie\u017c wysoki <a href=\"https:\/\/www.brw.pl\/meble\/przechowywanie\/regaly\/regaly-zamkniete\/\" target=\"_blank\" rel=\"noopener noreferrer\">rega\u0142 zamkni\u0119ty<\/a>, w kt\u00f3rym przechowasz kurtki i odzie\u017cowe dodatki. Tak zorganizowany przedpok\u00f3j b\u0119dzie uporz\u0105dkowanym i schludnym miejscem.<\/p>\n<div style=\"display: flex; align-items: center; justify-content: center; text-align: center;\">\n<figure id=\"attachment_32568\" aria-describedby=\"caption-attachment-32568\" style=\"width: 350px\" class=\"wp-caption aligncenter\"><img decoding=\"async\" class=\"wp-image-32568 lazyload\" data-src=\"https:\/\/www.brw.pl\/blog\/wp-content\/uploads\/2023\/05\/szafka-na-buty-holten-kolor-wybarwienia-dab-waterford.jpg\" alt=\"Szafka na buty Holten\" width=\"350\" height=\"263\" src=\"data:image\/svg+xml;base64,PHN2ZyB3aWR0aD0iMSIgaGVpZ2h0PSIxIiB4bWxucz0iaHR0cDovL3d3dy53My5vcmcvMjAwMC9zdmciPjwvc3ZnPg==\" style=\"--smush-placeholder-width: 350px; --smush-placeholder-aspect-ratio: 350\/263;\" \/><figcaption id=\"caption-attachment-32568\" class=\"wp-caption-text\"><a href=\"https:\/\/www.brw.pl\/szafka-na-buty-holten,50052\" target=\"_blank\" rel=\"noopener noreferrer\"><span style=\"font-weight: 400;\">Szafka na buty Holten<\/span><\/a><\/figcaption><\/figure>\n<figure id=\"attachment_32567\" aria-describedby=\"caption-attachment-32567\" style=\"width: 350px\" class=\"wp-caption aligncenter\"><img decoding=\"async\" class=\"wp-image-32567 lazyload\" data-src=\"https:\/\/www.brw.pl\/blog\/wp-content\/uploads\/2023\/05\/lustro-holten-kolor-wybarwienia-dab-waterford.jpg\" alt=\"Lustro Holten\" width=\"350\" height=\"263\" src=\"data:image\/svg+xml;base64,PHN2ZyB3aWR0aD0iMSIgaGVpZ2h0PSIxIiB4bWxucz0iaHR0cDovL3d3dy53My5vcmcvMjAwMC9zdmciPjwvc3ZnPg==\" style=\"--smush-placeholder-width: 350px; --smush-placeholder-aspect-ratio: 350\/263;\" \/><figcaption id=\"caption-attachment-32567\" class=\"wp-caption-text\"><a href=\"https:\/\/www.brw.pl\/lustro-holten,50042\" target=\"_blank\" rel=\"noopener noreferrer\"><span style=\"font-weight: 400;\">Lustro Holten<\/span><\/a><\/figcaption><\/figure>\n<\/div>\n<div style=\"display: flex; align-items: center; justify-content: center; text-align: center;\"><\/div>\n<p>Butelkowa ziele\u0144 to wyrazisty, ale i dosy\u0107 ciemny kolor. Aby wn\u0119trze nie prezentowa\u0142o si\u0119 ponuro, si\u0119gnij po elementy, kt\u00f3re je roz\u015bwietl\u0105. W przedpokoju egzamin zdadz\u0105 przede wszystkim <a href=\"https:\/\/www.brw.pl\/dekoracje\/lustra\/\" target=\"_blank\" rel=\"noopener noreferrer\">lustra<\/a> \u2013 zawieszone na \u015bcianie dodadz\u0105 pomieszczeniu g\u0142\u0119bi i optycznie je powi\u0119ksz\u0105.<\/p>\n<h3><strong>Dodatki do przedpokoju w kolorze butelkowej zieleni<\/strong><\/h3>\n<p>Szlachetn\u0105 butelkow\u0105 ziele\u0144 przemycisz do przedpokoju r\u00f3wnie\u017c w formie dodatk\u00f3w. Taki zastrzyk koloru to \u015bwietny spos\u00f3b na szybk\u0105 metamorfoz\u0119, kt\u00f3r\u0105 wykonasz bez konieczno\u015bci przeprowadzania remontu. Butelkowozielone dodatki w zupe\u0142no\u015bci wystarcz\u0105, je\u015bli potrzebujesz natychmiastowej zmiany aran\u017cacji lub chcesz jedynie od\u015bwie\u017cy\u0107 urz\u0105dzane jaki\u015b czas temu wn\u0119trze.<\/p>\n<div style=\"display: flex; align-items: center; justify-content: center; text-align: center;\">\n<figure id=\"attachment_32566\" aria-describedby=\"caption-attachment-32566\" style=\"width: 350px\" class=\"wp-caption aligncenter\"><img decoding=\"async\" class=\"wp-image-32566 lazyload\" data-src=\"https:\/\/www.brw.pl\/blog\/wp-content\/uploads\/2023\/05\/wazon.jpg\" alt=\"Zielony wazon\" width=\"350\" height=\"263\" src=\"data:image\/svg+xml;base64,PHN2ZyB3aWR0aD0iMSIgaGVpZ2h0PSIxIiB4bWxucz0iaHR0cDovL3d3dy53My5vcmcvMjAwMC9zdmciPjwvc3ZnPg==\" style=\"--smush-placeholder-width: 350px; --smush-placeholder-aspect-ratio: 350\/263;\" \/><figcaption id=\"caption-attachment-32566\" class=\"wp-caption-text\"><a href=\"https:\/\/www.brw.pl\/wazon,28811\" target=\"_blank\" rel=\"noopener noreferrer\"><span style=\"font-weight: 400;\">Zielony wazon<\/span><\/a><\/figcaption><\/figure>\n<figure id=\"attachment_32565\" aria-describedby=\"caption-attachment-32565\" style=\"width: 350px\" class=\"wp-caption aligncenter\"><img decoding=\"async\" class=\"wp-image-32565 lazyload\" data-src=\"https:\/\/www.brw.pl\/blog\/wp-content\/uploads\/2023\/05\/dywan-80x150-dante.jpg\" alt=\"Dywan Dante\" width=\"350\" height=\"262\" src=\"data:image\/svg+xml;base64,PHN2ZyB3aWR0aD0iMSIgaGVpZ2h0PSIxIiB4bWxucz0iaHR0cDovL3d3dy53My5vcmcvMjAwMC9zdmciPjwvc3ZnPg==\" style=\"--smush-placeholder-width: 350px; --smush-placeholder-aspect-ratio: 350\/262;\" \/><figcaption id=\"caption-attachment-32565\" class=\"wp-caption-text\"><a href=\"https:\/\/www.brw.pl\/dywan-80x150-dante,47390\" target=\"_blank\" rel=\"noopener noreferrer\"><span style=\"font-weight: 400;\">Dywan Dante<\/span><\/a><\/figcaption><\/figure>\n<\/div>\n<p>Pomys\u0142y na dodatki i dekoracje do przedpokoju nie powinny ogranicza\u0107 si\u0119 do ozd\u00f3b \u015bciennych. W domowym korytarzu sprawdz\u0105 si\u0119 r\u00f3wnie\u017c drobiazgi, kt\u00f3re wyeksponujesz na blacie <a href=\"https:\/\/www.brw.pl\/meble\/przechowywanie\/komody\/\" target=\"_blank\" rel=\"noopener noreferrer\">komody<\/a>, np. szklany wazon czy dekoracyjna szkatu\u0142ka. Przedpok\u00f3j mo\u017cesz wyposa\u017cy\u0107 tak\u017ce w elegancki, butelkowozielony dywan taki jak <strong>model Dante<\/strong> z geometrycznym motywem.<\/p>\n<div style=\"display: flex; align-items: center; justify-content: center; text-align: center;\">\n<figure id=\"attachment_32564\" aria-describedby=\"caption-attachment-32564\" style=\"width: 400px\" class=\"wp-caption aligncenter\"><img decoding=\"async\" class=\"wp-image-32564 lazyload\" data-src=\"https:\/\/www.brw.pl\/blog\/wp-content\/uploads\/2023\/05\/puf-milo-tkanina-monoli-37-green.jpg\" alt=\"Puf Milo\" width=\"400\" height=\"300\" src=\"data:image\/svg+xml;base64,PHN2ZyB3aWR0aD0iMSIgaGVpZ2h0PSIxIiB4bWxucz0iaHR0cDovL3d3dy53My5vcmcvMjAwMC9zdmciPjwvc3ZnPg==\" style=\"--smush-placeholder-width: 400px; --smush-placeholder-aspect-ratio: 400\/300;\" \/><figcaption id=\"caption-attachment-32564\" class=\"wp-caption-text\"><a href=\"https:\/\/www.brw.pl\/puf-milo,46107\" target=\"_blank\" rel=\"noopener noreferrer\"><span style=\"font-weight: 400;\">Puf Milo<\/span><\/a><\/figcaption><\/figure>\n<\/div>\n<p>Wi\u0119kszo\u015b\u0107 modeli szafek na buty wyposa\u017cona jest w dodatkowe siedzisko u\u0142atwiaj\u0105ce zmian\u0119 obuwia. Je\u017celi z jakiego\u015b powodu w Twoim wn\u0119trzu brakuje takiego elementu, rozwa\u017c zakup niewielkiego pufu obitego tkanin\u0105 w butelkowozielonym kolorze. Zgrabny tapicerowany mebel b\u0119dzie doskona\u0142ym dodatkiem podnosz\u0105cym walory wizualne aran\u017cacji.<\/p>\n<p><a href=\"https:\/\/www.brw.pl\/blog\/siedzisko-w-przedpokoju-czy-warto\/\" target=\"_blank\" rel=\"noopener noreferrer\"><strong>Siedzisko w przedpokoju \u2013 czy warto<\/strong><\/a><strong>? Dowiesz si\u0119 tego z naszego artyku\u0142u!<\/strong><\/p>\n<h2><strong>Butelkowa ziele\u0144 w przedpokoju \u2013 aran\u017cacje<\/strong><\/h2>\n<p>Chcesz urz\u0105dzi\u0107 przedpok\u00f3j w kolorze butelkowej zieleni, ale trudno Ci znale\u017a\u0107 ciekawe inspiracje? Je\u015bli nie przychodz\u0105 Ci do g\u0142owy \u017cadne pomys\u0142y, przychodzimy z pomoc\u0105 \u2013 nasze aran\u017cacje z pewno\u015bci\u0105 Ci\u0119 zainteresuj\u0105.<\/p>\n<div style=\"display: flex; align-items: center; justify-content: center; text-align: center;\">\n<figure id=\"attachment_32563\" aria-describedby=\"caption-attachment-32563\" style=\"width: 728px\" class=\"wp-caption aligncenter\"><img decoding=\"async\" class=\"wp-image-32563 size-full lazyload\" data-src=\"https:\/\/www.brw.pl\/blog\/wp-content\/uploads\/2023\/05\/9284-PANELE-TAPICEROWANEprzedpokoj-NEPO-PLUS.jpg\" alt=\"Przedpok\u00f3j Nepo Plus\" width=\"728\" height=\"483\" src=\"data:image\/svg+xml;base64,PHN2ZyB3aWR0aD0iMSIgaGVpZ2h0PSIxIiB4bWxucz0iaHR0cDovL3d3dy53My5vcmcvMjAwMC9zdmciPjwvc3ZnPg==\" style=\"--smush-placeholder-width: 728px; --smush-placeholder-aspect-ratio: 728\/483;\" \/><figcaption id=\"caption-attachment-32563\" class=\"wp-caption-text\"><a href=\"https:\/\/www.brw.pl\/szafa-80-nepo-plus,42745\" target=\"_blank\" rel=\"noopener noreferrer\"><span style=\"font-weight: 400;\">Szafa Nepo Plus<\/span><\/a> &#8211; <a href=\"https:\/\/www.brw.pl\/wieszak-nepo-plus,42760\" target=\"_blank\" rel=\"noopener noreferrer\"><span style=\"font-weight: 400;\">Wieszak Nepo Plus<\/span><\/a> &#8211; <a href=\"https:\/\/www.brw.pl\/kwadrat-30x30-panel-tapicerowany,45655\" target=\"_blank\" rel=\"noopener noreferrer\"><span style=\"font-weight: 400;\">Panel tapicerowany kwadrat<\/span><\/a><\/figcaption><\/figure>\n<\/div>\n<p>Przedpok\u00f3j i butelkowa ziele\u0144 to doskona\u0142y duet \u2013 powy\u017cszy projekt jest tego doskona\u0142ym przyk\u0142adem. Wyrazisty kolor pokrywa \u015bcian\u0119, w kt\u00f3r\u0105, niczym kameleon, wtapiaj\u0105 si\u0119 butelkowozielone drzwi. Niebanalny element przykuwa uwag\u0119, podobnie jak <strong>kompozycja z paneli tapicerowanych<\/strong>. Elegancka ziele\u0144 pojawia si\u0119 tu r\u00f3wnie\u017c w postaci dodatk\u00f3w takich jak po\u0142yskuj\u0105ce poduszki dekoracyjne i tapicerowany puf.<\/p>\n<p>O uporz\u0105dkowan\u0105 i dobrze zorganizowan\u0105 przestrze\u0144 dbaj\u0105 meble z kolekcji Nepo Plus: wieszaki, szafki na buty oraz szafa na p\u0142aszcze czy kurtki. Aran\u017cacj\u0119 domykaj\u0105 lampy wisz\u0105ce o prostych, czarnych oprawach w industrialnym stylu. Dzi\u0119ki starannie dobranym detalom przedpok\u00f3j prezentuje si\u0119 modnie i ponadczasowo.<\/p>\n<p><strong>Po wi\u0119cej inspiracji zapraszamy do <\/strong><a href=\"https:\/\/www.brw.pl\/\" target=\"_blank\" rel=\"noopener noreferrer\"><strong>sklepu internetowego Black Red White<\/strong><\/a><strong>! <\/strong><\/p>\n","protected":false},"excerpt":{"rendered":"<p>Przedpok\u00f3j to jedno z najbardziej reprezentacyjnych pomieszcze\u0144 w domu. Je\u015bli chcesz, by na co dzie\u0144 prezentowa\u0142 si\u0119 elegancko i co wi\u0119cej \u2013 wzbudza\u0142 zachwyt Twoich go\u015bci, wprowad\u017a do niego butelkow\u0105 ziele\u0144. Jak urz\u0105dzi\u0107 wn\u0119trze w tak wyrazistym kolorze? Inspiracje i pomys\u0142y na modne aran\u017cacje znajdziesz w naszym artykule!<\/p>\n","protected":false},"author":21,"featured_media":32573,"comment_status":"closed","ping_status":"open","sticky":false,"template":"","format":"standard","meta":{"footnotes":""},"categories":[39,740,572],"tags":[],"aioseo_notices":[],"_links":{"self":[{"href":"https:\/\/www.brw.pl\/blog\/wp-json\/wp\/v2\/posts\/32561"}],"collection":[{"href":"https:\/\/www.brw.pl\/blog\/wp-json\/wp\/v2\/posts"}],"about":[{"href":"https:\/\/www.brw.pl\/blog\/wp-json\/wp\/v2\/types\/post"}],"author":[{"embeddable":true,"href":"https:\/\/www.brw.pl\/blog\/wp-json\/wp\/v2\/users\/21"}],"replies":[{"embeddable":true,"href":"https:\/\/www.brw.pl\/blog\/wp-json\/wp\/v2\/comments?post=32561"}],"version-history":[{"count":4,"href":"https:\/\/www.brw.pl\/blog\/wp-json\/wp\/v2\/posts\/32561\/revisions"}],"predecessor-version":[{"id":32642,"href":"https:\/\/www.brw.pl\/blog\/wp-json\/wp\/v2\/posts\/32561\/revisions\/32642"}],"wp:featuredmedia":[{"embeddable":true,"href":"https:\/\/www.brw.pl\/blog\/wp-json\/wp\/v2\/media\/32573"}],"wp:attachment":[{"href":"https:\/\/www.brw.pl\/blog\/wp-json\/wp\/v2\/media?parent=32561"}],"wp:term":[{"taxonomy":"category","embeddable":true,"href":"https:\/\/www.brw.pl\/blog\/wp-json\/wp\/v2\/categories?post=32561"},{"taxonomy":"post_tag","embeddable":true,"href":"https:\/\/www.brw.pl\/blog\/wp-json\/wp\/v2\/tags?post=32561"}],"curies":[{"name":"wp","href":"https:\/\/api.w.org\/{rel}","templated":true}]}}