{"id":32614,"date":"2023-05-16T12:06:04","date_gmt":"2023-05-16T10:06:04","guid":{"rendered":"https:\/\/www.brw.pl\/blog\/?p=32614"},"modified":"2023-05-19T19:04:02","modified_gmt":"2023-05-19T17:04:02","slug":"wybieramy-dywan-pod-stolik-kawowy","status":"publish","type":"post","link":"https:\/\/www.brw.pl\/blog\/wybieramy-dywan-pod-stolik-kawowy\/","title":{"rendered":"Wybieramy dywan pod stolik kawowy!"},"content":{"rendered":"<p data-pm-slice=\"1 1 []\"><strong>Jak dobra\u0107 dywan do stolika kawowego? Okr\u0105g\u0142y, kwadratowy, prostok\u0105tny, du\u017cy, ma\u0142y, g\u0142adki, wzorzysty &#8211; kt\u00f3ry z nich najefektowniej dope\u0142ni wystr\u00f3j salonu? Odpowiedzi na te pytania znajdziesz w naszym artykule!<\/strong><\/p>\n<p data-pm-slice=\"1 1 []\"><!--more--><\/p>\n<p><center><img decoding=\"async\" class=\"alignnone size-medium wp-image-32615 lazyload\" data-src=\"https:\/\/www.brw.pl\/blog\/wp-content\/uploads\/2023\/05\/glowne-S605_Pont_pokoj_dzienny_ar1-800x553.jpg\" alt=\"Pont - salon\" width=\"800\" height=\"553\" data-srcset=\"https:\/\/www.brw.pl\/blog\/wp-content\/uploads\/2023\/05\/glowne-S605_Pont_pokoj_dzienny_ar1-800x553.jpg 800w, https:\/\/www.brw.pl\/blog\/wp-content\/uploads\/2023\/05\/glowne-S605_Pont_pokoj_dzienny_ar1-768x531.jpg 768w, https:\/\/www.brw.pl\/blog\/wp-content\/uploads\/2023\/05\/glowne-S605_Pont_pokoj_dzienny_ar1-1536x1062.jpg 1536w, https:\/\/www.brw.pl\/blog\/wp-content\/uploads\/2023\/05\/glowne-S605_Pont_pokoj_dzienny_ar1.jpg 1547w\" data-sizes=\"(max-width: 800px) 100vw, 800px\" src=\"data:image\/svg+xml;base64,PHN2ZyB3aWR0aD0iMSIgaGVpZ2h0PSIxIiB4bWxucz0iaHR0cDovL3d3dy53My5vcmcvMjAwMC9zdmciPjwvc3ZnPg==\" style=\"--smush-placeholder-width: 800px; --smush-placeholder-aspect-ratio: 800\/553;\" \/><\/center><\/p>\n<p style=\"text-align: center;\" data-pm-slice=\"1 1 []\"><a href=\"https:\/\/www.brw.pl\/dywan-120x160-rabbit,51399\" target=\"_blank\" rel=\"noopener noreferrer\"><strong>DYWAN RABBIT<\/strong><\/a><\/p>\n<h2><strong><span data-color=\"rgb(248, 250, 251)\">Dywan pod stolik kawowy \u2013 tak czy nie?<\/span><\/strong><\/h2>\n<p>Czego mo\u017cesz spodziewa\u0107 si\u0119 po lekturze artyku\u0142u?<\/p>\n<ul>\n<li>Podpowiemy Ci, w jaki spos\u00f3b dopasowa\u0107 dywan do stolika kawowego.<\/li>\n<li>Poka\u017cemy wybrane produkty z oferty Black Red White.<\/li>\n<li>Zaprezentujemy inspiruj\u0105ce aran\u017cacje salonu.<\/li>\n<\/ul>\n<p><a href=\"https:\/\/www.brw.pl\/tekstylia\/dywany-i-chodniki\/dywany\/\" target=\"_blank\" rel=\"noopener noreferrer\">Dywan<\/a> w duecie ze <a href=\"https:\/\/www.brw.pl\/meble\/stoly-i-krzesla\/lawy-i-stoliki\/stoliki\/\" target=\"_blank\" rel=\"noopener noreferrer\">stolikiem kawowym<\/a> to cz\u0119ste po\u0142\u0105czenie w strefie wypoczynkowej salonu. Nie bez powodu. Takie rozwi\u0105zanie jest zar\u00f3wno funkcjonalne, jak i estetyczne. Dlaczego? Ot\u00f3\u017c po pierwsze dywan <strong>zapobiega zarysowaniu pod\u0142ogi<\/strong>. Po drugie nieco <strong>wycisza pomieszczenie<\/strong>, zw\u0142aszcza gdy zajmuje wi\u0119ksz\u0105 powierzchni\u0119. Po trzecie <strong>dzi\u0119ki niemu nie marzn\u0105 stopy<\/strong>. Lepiej oprze\u0107 je na czym\u015b mi\u0119kkim, ciep\u0142ym, mi\u0142ym w dotyku ni\u017c na zimnej pod\u0142odze. Mi\u0119kki dywan sprawia, \u017ce poruszanie si\u0119 po salonie jest przyjemniejsze. Dlatego faktura dywanu r\u00f3wnie\u017c ma znaczenie. Co wi\u0119cej, <strong>dywan uzupe\u0142nia aran\u017cacj\u0119, podkre\u015blaj\u0105c jej styl oraz kolorystyk\u0119<\/strong>.<\/p>\n<h2><strong><span data-color=\"rgb(248, 250, 251)\">Jaki dywanik pod stolik kawowy wybra\u0107?<\/span><\/strong><\/h2>\n<p>Mamy dla Ciebie gar\u015b\u0107 wskaz\u00f3wek dotycz\u0105cych wyboru odpowiedniego dywanu pod stolik kawowy.<\/p>\n<h3 style=\"text-align: center;\"><strong>Czy rozmiar dywanu ma znaczenie?<\/strong><\/h3>\n<p>Jaki rozmiar dywanu pod stolikiem kawowym b\u0119dzie optymalny? Na pewno <strong>dywan musi zajmowa\u0107 wi\u0119cej miejsca ni\u017c sam mebel<\/strong>. W przeciwnym razie zaburzy\u0142by proporcje. Za jego pomoc\u0105 wyznaczysz obszar k\u0105cika wypoczynkowego salonu. Wi\u0119ksze dywany s\u0105 bardziej praktyczne, poniewa\u017c stanowi\u0105 oparcie dla st\u00f3p podczas relaksu na <a href=\"https:\/\/www.brw.pl\/meble\/meble-wypoczynkowe\/sofy\/\" target=\"_blank\" rel=\"noopener noreferrer\">sofie<\/a> b\u0105d\u017a <a href=\"https:\/\/www.brw.pl\/meble\/meble-wypoczynkowe\/fotele\/\" target=\"_blank\" rel=\"noopener noreferrer\">fotelu<\/a> oraz, jak wspomnieli\u015bmy wcze\u015bniej, pomagaj\u0105 wyciszy\u0107 pok\u00f3j. Mniejsze pe\u0142ni\u0105 funkcj\u0119 g\u0142\u00f3wnie dekoracyjn\u0105.<\/p>\n<h3 style=\"text-align: center;\"><strong>Dywan okr\u0105g\u0142y, kwadratowy czy prostok\u0105tny?<\/strong><\/h3>\n<p><strong>Kiedy dywan zgrywa si\u0119 ze stolikiem pod k\u0105tem kszta\u0142tu, tworz\u0105 bardziej harmonijn\u0105 kompozycj\u0119.<\/strong> Dzieje si\u0119 tak szczeg\u00f3lnie w sytuacji, w kt\u00f3rej dywan jest otoczony przez kilka mebli wypoczynkowych &#8211; kanap\u0119 oraz fotele.<\/p>\n<p>Oczywi\u015bcie to nie oznacza, \u017ce nie wolno zestawi\u0107 okr\u0105g\u0142ego stolika kawowego z prostok\u0105tnym dywanem. Jednak warto w\u00f3wczas postawi\u0107 na g\u0142adki dese\u0144. Zale\u017cy Ci na ciekawym wzorze? Znajd\u017a prostok\u0105tny dywan z rysunkiem zaoblonych form.<\/p>\n<p>Dywany kwadratowe prawdopodobnie polubi\u0105 si\u0119 z blatem w kszta\u0142cie ko\u0142a, a okr\u0105g\u0142e z kwadratowym stolikiem. Dyskusyjne ze wzgl\u0119du na symetri\u0119 jest jedynie umieszczenie okr\u0105g\u0142ego dywanu pod prostok\u0105tnym sto\u0142em.<\/p>\n<h3 style=\"text-align: center;\"><strong>Jaki kolor dywanu wybra\u0107?<\/strong><\/h3>\n<p>Pami\u0119taj, \u017ce jasne, \u017cywe barwy na du\u017cej powierzchni zdominuj\u0105 wn\u0119trze, a dywan nie nale\u017cy do najwa\u017cniejszych element\u00f3w w salonie. To po prostu tekstylny dodatek b\u0119d\u0105cy t\u0142em dla mebli. Dlatego <strong>dobrze sprawdzaj\u0105 si\u0119 dywany w stonowanych barwach &#8211; szaro\u015bciach, be\u017cach, z\u0142amanych bielach<\/strong>.<\/p>\n<p>Wolisz bardziej wyraziste kolory? Rozwa\u017c ich ciemniejsze warianty, na przyk\u0142ad butelkow\u0105 ziele\u0144, granat, burgund. Aby aran\u017cacja by\u0142a sp\u00f3jna, ta sama barwa powinna powtarza\u0107 si\u0119 na niekt\u00f3rych detalach. Uwa\u017caj tylko, \u017ceby nie by\u0142a zbie\u017cna z odcieniem sto\u0142u, poniewa\u017c mebel stanie si\u0119 wtedy prawie niewidoczny.<\/p>\n<h3 style=\"text-align: center;\"><strong>Dywan g\u0142adki czy wzorzysty?<\/strong><\/h3>\n<p><strong>Zastanawiaj\u0105c si\u0119 nad deseniem dywanu, we\u017a pod uwag\u0119 wielko\u015b\u0107 pomieszczenia oraz styl, w jakim zosta\u0142o urz\u0105dzone.<\/strong><\/p>\n<p>Istnieje ryzyko, \u017ce na ma\u0142ym metra\u017cu pstrokaty dywan b\u0119dzie za bardzo rzuca\u0142 si\u0119 w oczy. Jednak gdy wz\u00f3r jest subtelny, nic nie stoi na przeszkodzie. W przestronnym pokoju dziennym nie musisz obawia\u0107 si\u0119 tego, \u017ce wzorzysty dywan przyt\u0142oczy wn\u0119trze.<\/p>\n<p>W salonie glamour sprawdzi si\u0119 dywan z bogatym ornamentem w orientalnym klimacie, a tak\u017ce tkanina ze z\u0142otymi czy srebrnymi elementami. B\u0119d\u0105 \u0142adnie komponowa\u0107 si\u0119 ze stolikiem z marmurowym blatem wspartym na metalowym stela\u017cu o z\u0142otym po\u0142ysku.<\/p>\n<div style=\"display: flex; flex-wrap: wrap; align-items: center; justify-content: center; text-align: center;\">\n<figure id=\"attachment_20530\" aria-describedby=\"caption-attachment-20530\" style=\"width: 285px\" class=\"wp-caption aligncenter\"><img decoding=\"async\" class=\"wp-image-20530 lazyload\" data-src=\"https:\/\/www.brw.pl\/blog\/wp-content\/uploads\/2023\/05\/zestaw-2-stolikow-alisma-mediuma.jpg\" alt=\"Zestaw dw\u00f3ch stolik\u00f3w Alisma\" width=\"285\" height=\"214\" src=\"data:image\/svg+xml;base64,PHN2ZyB3aWR0aD0iMSIgaGVpZ2h0PSIxIiB4bWxucz0iaHR0cDovL3d3dy53My5vcmcvMjAwMC9zdmciPjwvc3ZnPg==\" style=\"--smush-placeholder-width: 285px; --smush-placeholder-aspect-ratio: 285\/214;\" \/><figcaption id=\"caption-attachment-20530\" class=\"wp-caption-text\"><a href=\"https:\/\/www.brw.pl\/zestaw-2-stolikow-alisma,49401\" target=\"_blank\" rel=\"noopener noreferrer\"><span style=\"font-weight: 400;\">Zestaw dw\u00f3ch stolik\u00f3w Alisma<\/span><\/a><\/figcaption><\/figure>\n<figure id=\"attachment_20531\" aria-describedby=\"caption-attachment-20531\" style=\"width: 285px\" class=\"wp-caption aligncenter\"><img decoding=\"async\" class=\"wp-image-20531 lazyload\" data-src=\"https:\/\/www.brw.pl\/blog\/wp-content\/uploads\/2023\/05\/dywan-120x170-dante.jpg\" alt=\"Dywan Dante\" width=\"285\" height=\"214\" src=\"data:image\/svg+xml;base64,PHN2ZyB3aWR0aD0iMSIgaGVpZ2h0PSIxIiB4bWxucz0iaHR0cDovL3d3dy53My5vcmcvMjAwMC9zdmciPjwvc3ZnPg==\" style=\"--smush-placeholder-width: 285px; --smush-placeholder-aspect-ratio: 285\/214;\" \/><figcaption id=\"caption-attachment-20531\" class=\"wp-caption-text\"><a href=\"https:\/\/www.brw.pl\/dywan-80x150-dante,47396\" target=\"_blank\" rel=\"noopener noreferrer\"><span style=\"font-weight: 400;\">Dywan Dante<\/span><\/a><\/figcaption><\/figure>\n<\/div>\n<p>W nowoczesnej przestrzeni odnajdzie si\u0119 minimalistyczny, g\u0142adki dywan w stonowanym odcieniu, kt\u00f3ry b\u0119d\u0105 \u015bwietnie korespondowa\u0107 ze stolikiem o prostej formie.<\/p>\n<p>W skandynawskie wn\u0119trze wpisze si\u0119 okr\u0105g\u0142y dywan z geometrycznym wzorem u\u0142o\u017cony pod stolikiem w naturalnym kolorze drewna z widocznym us\u0142ojeniem.<\/p>\n<div style=\"display: flex; flex-wrap: wrap; align-items: center; justify-content: center; text-align: center;\">\n<figure id=\"attachment_20530\" aria-describedby=\"caption-attachment-20530\" style=\"width: 285px\" class=\"wp-caption aligncenter\"><img decoding=\"async\" class=\"wp-image-20530 lazyload\" data-src=\"https:\/\/www.brw.pl\/blog\/wp-content\/uploads\/2023\/04\/stolik-70-fredo-kolor-wybarwienia-dab-artisan-czarny-mediumb.jpg\" alt=\"Stolik Fredo\" width=\"285\" height=\"214\" src=\"data:image\/svg+xml;base64,PHN2ZyB3aWR0aD0iMSIgaGVpZ2h0PSIxIiB4bWxucz0iaHR0cDovL3d3dy53My5vcmcvMjAwMC9zdmciPjwvc3ZnPg==\" style=\"--smush-placeholder-width: 285px; --smush-placeholder-aspect-ratio: 285\/214;\" \/><figcaption id=\"caption-attachment-20530\" class=\"wp-caption-text\"><a href=\"https:\/\/www.brw.pl\/stolik-70-fredo,49009\" target=\"_blank\" rel=\"noopener noreferrer\"><span style=\"font-weight: 400;\">Stolik Fredo<\/span><\/a><\/figcaption><\/figure>\n<figure id=\"attachment_20531\" aria-describedby=\"caption-attachment-20531\" style=\"width: 285px\" class=\"wp-caption aligncenter\"><img decoding=\"async\" class=\"wp-image-20531 lazyload\" data-src=\"https:\/\/www.brw.pl\/blog\/wp-content\/uploads\/2023\/05\/dywan-90-naturalny-mediuma.jpg\" alt=\"Dywan z juty\" width=\"285\" height=\"214\" src=\"data:image\/svg+xml;base64,PHN2ZyB3aWR0aD0iMSIgaGVpZ2h0PSIxIiB4bWxucz0iaHR0cDovL3d3dy53My5vcmcvMjAwMC9zdmciPjwvc3ZnPg==\" style=\"--smush-placeholder-width: 285px; --smush-placeholder-aspect-ratio: 285\/214;\" \/><figcaption id=\"caption-attachment-20531\" class=\"wp-caption-text\"><a href=\"https:\/\/www.brw.pl\/dywan-90-naturalny,51878\" target=\"_blank\" rel=\"noopener noreferrer\"><span style=\"font-weight: 400;\">Dywan z juty<\/span><\/a><\/figcaption><\/figure>\n<\/div>\n<p>Celowo postarzany dywan albo model w neutralnych barwach pozbawiony deseniu pi\u0119knie uzupe\u0142ni\u0105 loftowy wystr\u00f3j. B\u0119d\u0105 pasowa\u0107 do minimalistycznego sto\u0142u z metalowym stela\u017cem i szklanym blatem.<\/p>\n<div style=\"display: flex; flex-wrap: wrap; align-items: center; justify-content: center; text-align: center;\">\n<figure id=\"attachment_20530\" aria-describedby=\"caption-attachment-20530\" style=\"width: 285px\" class=\"wp-caption aligncenter\"><img decoding=\"async\" class=\"wp-image-20530 lazyload\" data-src=\"https:\/\/www.brw.pl\/blog\/wp-content\/uploads\/2023\/03\/stolik-himari-kolor-wybarwienia-czarny-mediumb.jpg\" alt=\"Stolik Himari\" width=\"285\" height=\"214\" src=\"data:image\/svg+xml;base64,PHN2ZyB3aWR0aD0iMSIgaGVpZ2h0PSIxIiB4bWxucz0iaHR0cDovL3d3dy53My5vcmcvMjAwMC9zdmciPjwvc3ZnPg==\" style=\"--smush-placeholder-width: 285px; --smush-placeholder-aspect-ratio: 285\/214;\" \/><figcaption id=\"caption-attachment-20530\" class=\"wp-caption-text\"><a href=\"https:\/\/www.brw.pl\/stolik-himari,43267\" target=\"_blank\" rel=\"noopener noreferrer\"><span style=\"font-weight: 400;\">Stolik Himari<\/span><\/a><\/figcaption><\/figure>\n<figure id=\"attachment_20531\" aria-describedby=\"caption-attachment-20531\" style=\"width: 285px\" class=\"wp-caption aligncenter\"><img decoding=\"async\" class=\"wp-image-20531 lazyload\" data-src=\"https:\/\/www.brw.pl\/blog\/wp-content\/uploads\/2023\/05\/dywan-116x170-troya-mediuma.jpg\" alt=\"Dywan Troya\" width=\"285\" height=\"214\" src=\"data:image\/svg+xml;base64,PHN2ZyB3aWR0aD0iMSIgaGVpZ2h0PSIxIiB4bWxucz0iaHR0cDovL3d3dy53My5vcmcvMjAwMC9zdmciPjwvc3ZnPg==\" style=\"--smush-placeholder-width: 285px; --smush-placeholder-aspect-ratio: 285\/214;\" \/><figcaption id=\"caption-attachment-20531\" class=\"wp-caption-text\"><a href=\"https:\/\/www.brw.pl\/dywan-116x170-troya,47400\" target=\"_blank\" rel=\"noopener noreferrer\"><span style=\"font-weight: 400;\">Dywan Troya<\/span><\/a><\/figcaption><\/figure>\n<\/div>\n<h2><strong><span data-color=\"rgb(248, 250, 251)\">Stolik kawowy i dywan \u2013 aran\u017cacje<\/span><\/strong><\/h2>\n<p>Przyjrzyj si\u0119 dw\u00f3m aran\u017cacjom salonu z dywanem roz\u0142o\u017conym pod stolikiem kawowym. Pierwsza reprezentuje styl glamour, a druga nowoczesny. Kt\u00f3ra estetyka bardziej do Ciebie przemawia?<\/p>\n<h3 style=\"text-align: center;\"><strong>Dywan pod stolik kawowy w salonie glamour<\/strong><\/h3>\n<p><center><img decoding=\"async\" class=\"alignnone size-medium wp-image-28076 lazyload\" data-src=\"https:\/\/www.brw.pl\/blog\/wp-content\/uploads\/2022\/11\/cloe-piwonie-aranzacja-salonu-800x597.jpg\" alt=\"Pok\u00f3j w stylu vintage - cloe\" width=\"800\" height=\"597\" data-srcset=\"https:\/\/www.brw.pl\/blog\/wp-content\/uploads\/2022\/11\/cloe-piwonie-aranzacja-salonu-800x597.jpg 800w, https:\/\/www.brw.pl\/blog\/wp-content\/uploads\/2022\/11\/cloe-piwonie-aranzacja-salonu-768x573.jpg 768w, https:\/\/www.brw.pl\/blog\/wp-content\/uploads\/2022\/11\/cloe-piwonie-aranzacja-salonu.jpg 1448w\" data-sizes=\"(max-width: 800px) 100vw, 800px\" src=\"data:image\/svg+xml;base64,PHN2ZyB3aWR0aD0iMSIgaGVpZ2h0PSIxIiB4bWxucz0iaHR0cDovL3d3dy53My5vcmcvMjAwMC9zdmciPjwvc3ZnPg==\" style=\"--smush-placeholder-width: 800px; --smush-placeholder-aspect-ratio: 800\/597;\" \/><\/center><\/p>\n<p style=\"text-align: center;\"><a href=\"https:\/\/www.brw.pl\/dywan-120x170-atena,47403\" target=\"_blank\" rel=\"noopener noreferrer\"><strong>DYWAN ATENA<\/strong><\/a><\/p>\n<p><a href=\"https:\/\/www.brw.pl\/stolik-ditra,45241\" target=\"_blank\" rel=\"noopener noreferrer\"><strong>Stolik Ditra<\/strong><\/a> to efektowny przyk\u0142ad maria\u017cu metalu ze szk\u0142em. Jego blat imituj\u0105cy marmur jest dost\u0119pny w trzech wariantach kolorystycznych: czarnym, zielonym oraz bia\u0142ym. W naszej aran\u017cacji wykorzystali\u015bmy czarny model, poniewa\u017c wsp\u00f3\u0142gra z a\u017curowymi kloszami lamp wisz\u0105cych o tym samym wybarwieniu, a tak\u017ce z ciemnym t\u0142em na tapicerce mebli wypoczynkowych z <a href=\"https:\/\/www.brw.pl\/kolekcja-cloe,597\" target=\"_blank\" rel=\"noopener noreferrer\"><strong>kolekcji Cloe<\/strong><\/a>.<\/p>\n<p>Be\u017cowy <strong>dywan Atena o wymiarach 120 x 170 cm<\/strong> z orientalnym, artystycznie przetartym wzorem pozwala wyeksponowa\u0107 stolik. Dywan pod k\u0105tem koloru harmonizuje ze \u015bcianami oraz zas\u0142onami. Dodatkowo kremowy be\u017c dywanu sprawia, \u017ce pomieszczenie wydaje si\u0119 ja\u015bniejsze.<\/p>\n<p>To wn\u0119trze, w kt\u00f3rym nic nie pozostawiono przypadkowi, ka\u017cdy szczeg\u00f3\u0142 jest przemy\u015blany i dopracowany.<\/p>\n<p><strong>Produkty widoczne na zdj\u0119ciu czekaj\u0105 na Ciebie <\/strong><a href=\"https:\/\/www.brw.pl\/inspiracje\/produkty\/?a=9081,cloe\" target=\"_blank\" rel=\"noopener noreferrer\"><strong>TUTAJ<\/strong><\/a><strong>.<\/strong><\/p>\n<h3 style=\"text-align: center;\"><strong>Dywan pod stolik w wydaniu nowoczesnym<\/strong><\/h3>\n<p><center><img decoding=\"async\" class=\"alignnone size-medium wp-image-30317 lazyload\" data-src=\"https:\/\/www.brw.pl\/blog\/wp-content\/uploads\/2023\/02\/Baylar-800x540.jpg\" alt=\"Kolekcja Baylar\" width=\"800\" height=\"540\" data-srcset=\"https:\/\/www.brw.pl\/blog\/wp-content\/uploads\/2023\/02\/Baylar-800x540.jpg 800w, https:\/\/www.brw.pl\/blog\/wp-content\/uploads\/2023\/02\/Baylar-768x518.jpg 768w, https:\/\/www.brw.pl\/blog\/wp-content\/uploads\/2023\/02\/Baylar-1536x1037.jpg 1536w, https:\/\/www.brw.pl\/blog\/wp-content\/uploads\/2023\/02\/Baylar.jpg 1600w\" data-sizes=\"(max-width: 800px) 100vw, 800px\" src=\"data:image\/svg+xml;base64,PHN2ZyB3aWR0aD0iMSIgaGVpZ2h0PSIxIiB4bWxucz0iaHR0cDovL3d3dy53My5vcmcvMjAwMC9zdmciPjwvc3ZnPg==\" style=\"--smush-placeholder-width: 800px; --smush-placeholder-aspect-ratio: 800\/540;\" \/><\/center><\/p>\n<p style=\"text-align: center;\"><a href=\"https:\/\/www.brw.pl\/dywan-120x170-arts-shaggy,25158\" target=\"_blank\" rel=\"noopener noreferrer\"><strong>DYWAN ARTS SHAGGY<\/strong><\/a><\/p>\n<p>W pokoju urz\u0105dzonym z nowoczesn\u0105 <a href=\"https:\/\/www.brw.pl\/kolekcja-baylar,564\" target=\"_blank\" rel=\"noopener noreferrer\"><strong>kolekcj\u0105 mebli Baylar<\/strong><\/a> granic\u0119 strefy wypoczynkowej wyznaczaj\u0105 popielate fotele oraz kanapa. Pomi\u0119dzy nimi le\u017cy puszysty, szary <strong>dywan Arts Shaggy o wymiarach 120 x 170 cm<\/strong>. Zajmuje na tyle du\u017c\u0105 powierzchni\u0119, \u017ce wygodnie oprzesz o niego stopy, siedz\u0105c na sofie b\u0105d\u017a fotelu.<\/p>\n<p>W neutraln\u0105 palet\u0119 kolorystyczn\u0105 wpisuj\u0105 si\u0119 czarne \u0142awy tr\u00f3jk\u0105tne <a href=\"https:\/\/www.brw.pl\/lawa-trojkatna-triango-s,30421\" target=\"_blank\" rel=\"noopener noreferrer\"><strong>Triango S<\/strong><\/a> i <a href=\"https:\/\/www.brw.pl\/lawa-trojkatna-triango-l,30419\" target=\"_blank\" rel=\"noopener noreferrer\"><strong>Triango L<\/strong><\/a> odgrywaj\u0105ce role stolika kawowego. Wykonano je z drewna oraz p\u0142yty MDF. Przyj\u0119\u0142y minimalistyczny, organiczny kszta\u0142t. Zaoblenia nawi\u0105zuj\u0105ce do \u015bwiata natury s\u0105 obecnie bardzo modne, a \u0142awy idealnie odzwierciedlaj\u0105 ten trend.<\/p>\n<p>Je\u015bli Tw\u00f3j salon jest zaaran\u017cowany w duchu nowoczesno\u015bci, zar\u00f3wno \u0142awy, jak i dywan mog\u0105 z powodzeniem dope\u0142ni\u0107 jego wystr\u00f3j.<\/p>\n<p>Produkty widoczne na zdj\u0119ciu czekaj\u0105 na Ciebie <a href=\"https:\/\/www.brw.pl\/inspiracje\/produkty\/?a=7989,baylar\" target=\"_blank\" rel=\"noopener noreferrer\"><strong>TUTAJ<\/strong><\/a><strong>.<\/strong><\/p>\n<p><strong><a href=\"https:\/\/www.brw.pl\/witryna-baylar,42035\" target=\"_blank\" rel=\"noopener noreferrer\">Witryn\u0119 Baylar<\/a> obejrzysz dok\u0142adniej na filmie dost\u0119pnym na <\/strong><a href=\"https:\/\/www.youtube.com\/@brwmeble\" target=\"_blank\" rel=\"noopener noreferrer\"><strong>kanale BRW<\/strong><\/a><strong> w serwisie YouTube:<\/strong><\/p>\n<div class=\"videoWrapper\"><iframe title=\"Witryna Baylar\" data-src=\"https:\/\/www.youtube.com\/embed\/73UN2GmeHH0\" frameborder=\"0\" allowfullscreen=\"allowfullscreen\" src=\"data:image\/svg+xml;base64,PHN2ZyB3aWR0aD0iMSIgaGVpZ2h0PSIxIiB4bWxucz0iaHR0cDovL3d3dy53My5vcmcvMjAwMC9zdmciPjwvc3ZnPg==\" data-load-mode=\"1\"><span data-mce-type=\"bookmark\" style=\"display: inline-block; width: 0px; overflow: hidden; line-height: 0;\" class=\"mce_SELRES_start lazyload\">\ufeff<\/span><\/iframe><\/div>\n<p>&nbsp;<\/p>\n<p>Po wi\u0119cej inspiracji zapraszamy do <a href=\"https:\/\/www.brw.pl\/\" target=\"_blank\" rel=\"noopener noreferrer\"><strong><u>sklepu internetowego Black Red White<\/u><\/strong><\/a><strong>!<\/strong><\/p>\n<p>Czytaj tak\u017ce: <a href=\"https:\/\/www.brw.pl\/blog\/podwojne-stoliki-kawowe-aranzacje\/\" target=\"_blank\" rel=\"noopener noreferrer\"><strong>&#8222;Podw\u00f3jne stoliki kawowe &#8211; aran\u017cacje&#8221;<\/strong><\/a>.<\/p>\n","protected":false},"excerpt":{"rendered":"<p>Jak dobra\u0107 dywan do stolika kawowego? Okr\u0105g\u0142y, kwadratowy, prostok\u0105tny, du\u017cy, ma\u0142y, g\u0142adki, wzorzysty &#8211; kt\u00f3ry z nich najefektowniej dope\u0142ni wystr\u00f3j salonu? Odpowiedzi na te pytania znajdziesz w naszym artykule!<\/p>\n","protected":false},"author":29,"featured_media":32615,"comment_status":"closed","ping_status":"open","sticky":false,"template":"","format":"standard","meta":{"footnotes":""},"categories":[28,574,735],"tags":[],"aioseo_notices":[],"_links":{"self":[{"href":"https:\/\/www.brw.pl\/blog\/wp-json\/wp\/v2\/posts\/32614"}],"collection":[{"href":"https:\/\/www.brw.pl\/blog\/wp-json\/wp\/v2\/posts"}],"about":[{"href":"https:\/\/www.brw.pl\/blog\/wp-json\/wp\/v2\/types\/post"}],"author":[{"embeddable":true,"href":"https:\/\/www.brw.pl\/blog\/wp-json\/wp\/v2\/users\/29"}],"replies":[{"embeddable":true,"href":"https:\/\/www.brw.pl\/blog\/wp-json\/wp\/v2\/comments?post=32614"}],"version-history":[{"count":4,"href":"https:\/\/www.brw.pl\/blog\/wp-json\/wp\/v2\/posts\/32614\/revisions"}],"predecessor-version":[{"id":32701,"href":"https:\/\/www.brw.pl\/blog\/wp-json\/wp\/v2\/posts\/32614\/revisions\/32701"}],"wp:featuredmedia":[{"embeddable":true,"href":"https:\/\/www.brw.pl\/blog\/wp-json\/wp\/v2\/media\/32615"}],"wp:attachment":[{"href":"https:\/\/www.brw.pl\/blog\/wp-json\/wp\/v2\/media?parent=32614"}],"wp:term":[{"taxonomy":"category","embeddable":true,"href":"https:\/\/www.brw.pl\/blog\/wp-json\/wp\/v2\/categories?post=32614"},{"taxonomy":"post_tag","embeddable":true,"href":"https:\/\/www.brw.pl\/blog\/wp-json\/wp\/v2\/tags?post=32614"}],"curies":[{"name":"wp","href":"https:\/\/api.w.org\/{rel}","templated":true}]}}