{"id":32623,"date":"2023-05-17T08:10:21","date_gmt":"2023-05-17T06:10:21","guid":{"rendered":"https:\/\/www.brw.pl\/blog\/?p=32623"},"modified":"2023-05-16T18:09:26","modified_gmt":"2023-05-16T16:09:26","slug":"jaki-dywan-do-szarej-kanapy-wybrac-przeglad-black-red-white","status":"publish","type":"post","link":"https:\/\/www.brw.pl\/blog\/jaki-dywan-do-szarej-kanapy-wybrac-przeglad-black-red-white\/","title":{"rendered":"Jaki dywan do szarej kanapy wybra\u0107? Przegl\u0105d Black Red White"},"content":{"rendered":"<p><strong>Moda na szare kanapy sprawia, \u017ce coraz wi\u0119cej os\u00f3b decyduje si\u0119 na ten uniwersalny mebel. Nic dziwnego \u2013 meble wypoczynkowe w stonowanych kolorach s\u0105 idealnym wyborem do wsp\u00f3\u0142czesnych mieszka\u0144. Jak dopasowa\u0107 dywan do szarej kanapy? W dzisiejszym artykule podpowiemy Ci, jaki dywan stworzy udany duet z kanap\u0105 w kolorze szarym. Zaczynamy! <\/strong><!--more--><\/p>\n<div style=\"display: flex; align-items: center; justify-content: center; text-align: center;\">\n<figure id=\"attachment_32624\" aria-describedby=\"caption-attachment-32624\" style=\"width: 800px\" class=\"wp-caption aligncenter\"><img decoding=\"async\" class=\"wp-image-32624 size-medium lazyload\" data-src=\"https:\/\/www.brw.pl\/blog\/wp-content\/uploads\/2023\/05\/S529_pokoj-dzienny_ar1-800x450.jpg\" alt=\"Jaki dywan do szarej kanapy?\" width=\"800\" height=\"450\" data-srcset=\"https:\/\/www.brw.pl\/blog\/wp-content\/uploads\/2023\/05\/S529_pokoj-dzienny_ar1-800x450.jpg 800w, https:\/\/www.brw.pl\/blog\/wp-content\/uploads\/2023\/05\/S529_pokoj-dzienny_ar1.jpg 1920w, https:\/\/www.brw.pl\/blog\/wp-content\/uploads\/2023\/05\/S529_pokoj-dzienny_ar1-768x432.jpg 768w, https:\/\/www.brw.pl\/blog\/wp-content\/uploads\/2023\/05\/S529_pokoj-dzienny_ar1-1536x864.jpg 1536w\" data-sizes=\"(max-width: 800px) 100vw, 800px\" src=\"data:image\/svg+xml;base64,PHN2ZyB3aWR0aD0iMSIgaGVpZ2h0PSIxIiB4bWxucz0iaHR0cDovL3d3dy53My5vcmcvMjAwMC9zdmciPjwvc3ZnPg==\" style=\"--smush-placeholder-width: 800px; --smush-placeholder-aspect-ratio: 800\/450;\" \/><figcaption id=\"caption-attachment-32624\" class=\"wp-caption-text\"><a href=\"https:\/\/www.brw.pl\/sofa-manila,39802\" target=\"_blank\" rel=\"noopener noreferrer\"><span style=\"font-weight: 400;\">Sofa Manila<\/span><\/a><b> w kolorze szarym<\/b><\/figcaption><\/figure>\n<\/div>\n<h2><strong>Szara kanapa i dywan, czyli urz\u0105dzamy salon!<\/strong><\/h2>\n<p>Nic nie podkre\u015bla charakteru aran\u017cacji lepiej ni\u017c dodatki, a w szczeg\u00f3lno\u015bci <a href=\"https:\/\/www.brw.pl\/tekstylia\/\" target=\"_blank\" rel=\"noopener noreferrer\">tekstylia<\/a>, kt\u00f3re nierzadko s\u0105 jednym z najbardziej wyrazistych element\u00f3w wystroju. Podobnie jak zas\u0142ony, narzuty czy poduszki, tak r\u00f3wnie\u017c <a href=\"https:\/\/www.brw.pl\/tekstylia\/dywany-i-chodniki\/dywany\/\" target=\"_blank\" rel=\"noopener noreferrer\"><strong>dywany<\/strong><\/a><strong> stanowi\u0105 niezast\u0105pion\u0105 dekoracj\u0119 salonu<\/strong>. Kupno dywanu to doskona\u0142y spos\u00f3b na urozmaicenie kolorystyki wn\u0119trza, a tak\u017ce wprowadzenie do niego dodatkowych faktur czy wzor\u00f3w. Co wi\u0119cej, dodatek ten &#8222;domyka&#8221; aran\u017cacj\u0119 strefy wypoczynkowej, dodaje jej przytulno\u015bci i wyrazu.<\/p>\n<p>Warto pami\u0119ta\u0107, \u017ce <strong>idealny dywan nie tylko zdobi wn\u0119trze, lecz r\u00f3wnie\u017c pe\u0142ni szereg praktycznych funkcji<\/strong>. Mi\u0142y dla oka detal doskonale absorbuje d\u017awi\u0119ki, tym samym poprawiaj\u0105c akustyk\u0119 pomieszczenia, izoluje te\u017c od ch\u0142odu pod\u0142ogi, zapewniaj\u0105c domownikom nale\u017cyty komfort. Mi\u0119kki dywan docenisz, relaksuj\u0105c si\u0119 na kanapie w czasie wieczornego seansu filmowego czy sp\u0119dzaj\u0105c czas z rodzin\u0105 w niedzielne popo\u0142udnie.<\/p>\n<p>Tekstylia w salonie na og\u00f3\u0142 zmieniaj\u0105 wizualn\u0105 percepcj\u0119 pomieszczenia, dlatego przed zakupem <strong>warto zastanowi\u0107 si\u0119, jaki dywan najlepiej wpisze si\u0119 w klimat aran\u017cacji<\/strong>. Wa\u017cne, aby w spos\u00f3b harmonijny dopasowa\u0142 si\u0119 do pozosta\u0142ych element\u00f3w wyposa\u017cenia. Wybieraj\u0105c dywan do szarej kanapy, miej na uwadze efekt, jaki chcesz uzyska\u0107. <a href=\"https:\/\/www.brw.pl\/meble\/meble-wypoczynkowe\/sofy\/kolor-szary\/\" target=\"_blank\" rel=\"noopener noreferrer\"><strong>Szara sofa<\/strong><\/a><strong> to mebel o uniwersalnym charakterze<\/strong>. Za pomoc\u0105 dywanu mo\u017cesz &#8222;o\u017cywi\u0107&#8221; j\u0105 lub wr\u0119cz przeciwnie \u2013 podkre\u015bli\u0107 jej minimalistyczny wygl\u0105d.<\/p>\n<h2><strong>Jaki dywan do szarej kanapy?<\/strong><\/h2>\n<p>Dywan powinien wsp\u00f3\u0142gra\u0107 nie tylko z kszta\u0142tem, stylem i kolorystyk\u0105 kanapy, ale r\u00f3wnie\u017c z wystrojem pomieszczenia, w kt\u00f3rym ma si\u0119 znajdowa\u0107. Nie bez znaczenia pozostaje kolor \u015bcian, wygl\u0105d pozosta\u0142ych mebli czy charakter dodatk\u00f3w. <strong>Wyb\u00f3r dywanu, w tym jego struktury i koloru, uzale\u017cniony jest tak\u017ce od po\u017c\u0105danego efektu ko\u0144cowego<\/strong>. Inny model sprawdzi si\u0119 w salonie klasycznym, inny za\u015b w nowoczesnym wn\u0119trzu.<\/p>\n<h3>Jaki kolor dywanu pasuje do szarej sofy?<\/h3>\n<p>W salonie z szar\u0105 kanap\u0105 kolor dywanu ma niebagatelne znaczenie. To od niego w du\u017cej mierze zale\u017cy, jak zaprezentuje si\u0119 strefa wypoczynkowa. Jakie kolory warto wzi\u0105\u0107 pod uwag\u0119? Oto najciekawsze propozycje!<\/p>\n<h3>Szary dywan<\/h3>\n<p>Dywan w tym samym kolorze mo\u017ce by\u0107 optymalnym wyborem do nowoczesnego wn\u0119trza pod warunkiem, \u017ce oba elementy \u2013 kanap\u0119 i dywan \u2013 b\u0119d\u0105 wyr\u00f3\u017cnia\u0107 inne odcienie szaro\u015bci oraz odmienna faktura. W przeciwnym wypadku aran\u017cacja straci sw\u00f3j charakter.<\/p>\n<p><strong>Do kanapy w kolorze stalowej szaro\u015bci warto dobra\u0107 ciemniejszy lub nieco ja\u015bniejszy dywan<\/strong>. W ten spos\u00f3b powstanie delikatny kontrast, kt\u00f3ry o\u017cywi ca\u0142o\u015b\u0107. W salonie stoi kanapa z tekstyln\u0105 tapicerk\u0105? Wybierz szary dywan o lekko b\u0142yszcz\u0105cej fakturze.<\/p>\n<div style=\"display: flex; align-items: center; justify-content: center; text-align: center;\">\n<figure id=\"attachment_32628\" aria-describedby=\"caption-attachment-32628\" style=\"width: 593px\" class=\"wp-caption aligncenter\"><img decoding=\"async\" class=\"wp-image-32628 size-full lazyload\" data-src=\"https:\/\/www.brw.pl\/blog\/wp-content\/uploads\/2023\/05\/dywan-160x120-fur.jpg\" alt=\"Dywan Fur\" width=\"593\" height=\"445\" src=\"data:image\/svg+xml;base64,PHN2ZyB3aWR0aD0iMSIgaGVpZ2h0PSIxIiB4bWxucz0iaHR0cDovL3d3dy53My5vcmcvMjAwMC9zdmciPjwvc3ZnPg==\" style=\"--smush-placeholder-width: 593px; --smush-placeholder-aspect-ratio: 593\/445;\" \/><figcaption id=\"caption-attachment-32628\" class=\"wp-caption-text\"><a href=\"https:\/\/www.brw.pl\/dywan-160x120-fur,35205\" target=\"_blank\" rel=\"noopener noreferrer\"><span style=\"font-weight: 400;\">Dywan Fur<\/span><\/a><\/figcaption><\/figure>\n<\/div>\n<h3>Bia\u0142y dywan<\/h3>\n<p>Dywan w bia\u0142ym kolorze doskonale odnajdzie si\u0119 we wn\u0119trzach urz\u0105dzonych w stylu minimalistycznym lub skandynawskim. Biel to znakomita towarzyszka szaro\u015bci i naturalnych odcieni drewna, dlatego wykorzystaj j\u0105 w aran\u017cacjach z lamelami i bia\u0142o-drewnianymi meblami skrzyniowymi.<\/p>\n<div style=\"display: flex; align-items: center; justify-content: center; text-align: center;\">\n<figure id=\"attachment_32629\" aria-describedby=\"caption-attachment-32629\" style=\"width: 593px\" class=\"wp-caption aligncenter\"><img decoding=\"async\" class=\"wp-image-32629 size-full lazyload\" data-src=\"https:\/\/www.brw.pl\/blog\/wp-content\/uploads\/2023\/05\/dywan-160x220-rabbit.jpg\" alt=\"Dywan Rabbit\" width=\"593\" height=\"445\" src=\"data:image\/svg+xml;base64,PHN2ZyB3aWR0aD0iMSIgaGVpZ2h0PSIxIiB4bWxucz0iaHR0cDovL3d3dy53My5vcmcvMjAwMC9zdmciPjwvc3ZnPg==\" style=\"--smush-placeholder-width: 593px; --smush-placeholder-aspect-ratio: 593\/445;\" \/><figcaption id=\"caption-attachment-32629\" class=\"wp-caption-text\"><a href=\"https:\/\/www.brw.pl\/dywan-160x220-rabbit,25164\" target=\"_blank\" rel=\"noopener noreferrer\"><span style=\"font-weight: 400;\">Dywan Rabbit<\/span><\/a><\/figcaption><\/figure>\n<\/div>\n<h3>Czarny dywan<\/h3>\n<p>Je\u015bli planujesz nowoczesn\u0105 aran\u017cacj\u0119 salonu, czarny dywan do szarej lub popielatej kanapy mo\u017ce by\u0107 interesuj\u0105c\u0105 propozycj\u0105. W industrialnych wn\u0119trzach \u015bwietnie zaprezentuj\u0105 si\u0119 wzorzyste czarne dywany z kr\u00f3tkim w\u0142osiem \u2013 takie dodatki dobrze wsp\u00f3\u0142graj\u0105 z surowym charakterem projekt\u00f3w w poprzemys\u0142owym stylu. Wolisz eleganckie stylizacje w duchu glamour? Wybierz czarny dywan typu shaggy z mi\u0119kkim, d\u0142ugim w\u0142osiem.<\/p>\n<h3><strong>R\u00f3\u017cowy<\/strong> dywan<\/h3>\n<p>W intryguj\u0105cych wn\u0119trzach w stylu glamour \u015bmia\u0142o mo\u017cesz wykorzysta\u0107 tak\u017ce jasny dywan, np. w kolorze pudrowego r\u00f3\u017cu. Poku\u015b si\u0119 o takie rozwi\u0105zanie, je\u015bli w salonie znajduje si\u0119 roz\u0142o\u017cysta sofa w odcieniu platynowej szaro\u015bci. Idea\u0142u do swojego mieszkania szukaj w\u015br\u00f3d dywan\u00f3w z d\u0142ugim, puszystym runem.<\/p>\n<div style=\"display: flex; align-items: center; justify-content: center; text-align: center;\">\n<figure id=\"attachment_32627\" aria-describedby=\"caption-attachment-32627\" style=\"width: 593px\" class=\"wp-caption aligncenter\"><img decoding=\"async\" class=\"wp-image-32627 size-full lazyload\" data-src=\"https:\/\/www.brw.pl\/blog\/wp-content\/uploads\/2023\/05\/dywan-120x170-arts-shaggy.jpg\" alt=\"Dywan Arts Shaggy\" width=\"593\" height=\"445\" src=\"data:image\/svg+xml;base64,PHN2ZyB3aWR0aD0iMSIgaGVpZ2h0PSIxIiB4bWxucz0iaHR0cDovL3d3dy53My5vcmcvMjAwMC9zdmciPjwvc3ZnPg==\" style=\"--smush-placeholder-width: 593px; --smush-placeholder-aspect-ratio: 593\/445;\" \/><figcaption id=\"caption-attachment-32627\" class=\"wp-caption-text\"><a href=\"https:\/\/www.brw.pl\/dywan-120x170-arts-shaggy,25155\" target=\"_blank\" rel=\"noopener noreferrer\"><span style=\"font-weight: 400;\">Dywan Arts Shaggy<\/span><\/a><\/figcaption><\/figure>\n<\/div>\n<h3><strong>Zielony<\/strong> dywan<\/h3>\n<p>Marzy Ci si\u0119 salon w stylu klasycznym? Dobrze si\u0119 sk\u0142ada, gdy\u017c szara kanapa jak najbardziej mo\u017ce zosta\u0107 gwiazd\u0105 tradycyjnej aran\u017cacji. Wystarczy, \u017ce wybierzesz model o mi\u0119kkich, op\u0142ywowych kszta\u0142tach, du\u017cych poduszkach oparciowych i zaokr\u0105glonych pod\u0142okietnikach. Je\u015bli chcesz, by Tw\u00f3j salon zyska\u0142 elegancki rys, poku\u015b si\u0119 o zakup dywanu w kolorze butelkowej zieleni. Szlachetny szmaragdowy odcie\u0144 podkre\u015bli szykowno\u015b\u0107 wystroju.<\/p>\n<div style=\"display: flex; align-items: center; justify-content: center; text-align: center;\">\n<figure id=\"attachment_32565\" aria-describedby=\"caption-attachment-32565\" style=\"width: 593px\" class=\"wp-caption aligncenter\"><img decoding=\"async\" class=\"wp-image-32565 size-full lazyload\" data-src=\"https:\/\/www.brw.pl\/blog\/wp-content\/uploads\/2023\/05\/dywan-80x150-dante.jpg\" alt=\"Dywan Dante\" width=\"593\" height=\"444\" src=\"data:image\/svg+xml;base64,PHN2ZyB3aWR0aD0iMSIgaGVpZ2h0PSIxIiB4bWxucz0iaHR0cDovL3d3dy53My5vcmcvMjAwMC9zdmciPjwvc3ZnPg==\" style=\"--smush-placeholder-width: 593px; --smush-placeholder-aspect-ratio: 593\/444;\" \/><figcaption id=\"caption-attachment-32565\" class=\"wp-caption-text\"><a href=\"https:\/\/www.brw.pl\/dywan-160x230-dante,47392\" target=\"_blank\" rel=\"noopener noreferrer\"><span style=\"font-weight: 400;\">Dywan Dante<\/span><\/a><\/figcaption><\/figure>\n<\/div>\n<h3><strong>Wielokolorowy<\/strong> dywan<\/h3>\n<p>Ciekaw\u0105 alternatyw\u0105 dla dywan\u00f3w w jednolitym kolorze s\u0105 modele wielokolorowe. Barwny dodatek sprawi, \u017ce szare meble tapicerowane nabior\u0105 wyrazu. Stawiaj na po\u0142\u0105czenia kolorystyczne, kt\u00f3re koresponduj\u0105 z pozosta\u0142ymi dekoracjami, np. zas\u0142onami czy ozdobnymi poduszkami.<\/p>\n<div style=\"display: flex; align-items: center; justify-content: center; text-align: center;\">\n<figure id=\"attachment_32626\" aria-describedby=\"caption-attachment-32626\" style=\"width: 593px\" class=\"wp-caption aligncenter\"><img decoding=\"async\" class=\"wp-image-32626 size-full lazyload\" data-src=\"https:\/\/www.brw.pl\/blog\/wp-content\/uploads\/2023\/05\/dywan-120x160-askim.jpg\" alt=\"Dywan Askim\" width=\"593\" height=\"445\" src=\"data:image\/svg+xml;base64,PHN2ZyB3aWR0aD0iMSIgaGVpZ2h0PSIxIiB4bWxucz0iaHR0cDovL3d3dy53My5vcmcvMjAwMC9zdmciPjwvc3ZnPg==\" style=\"--smush-placeholder-width: 593px; --smush-placeholder-aspect-ratio: 593\/445;\" \/><figcaption id=\"caption-attachment-32626\" class=\"wp-caption-text\"><a href=\"https:\/\/www.brw.pl\/dywan-120x160-askim,43244\" target=\"_blank\" rel=\"noopener noreferrer\"><span style=\"font-weight: 400;\">Dywan Askim<\/span><\/a><\/figcaption><\/figure>\n<\/div>\n<h3>Szara kanapa a dywan we wzory \u2013 jaki wybra\u0107?<\/h3>\n<p>Wzorzysty dywan to doskona\u0142y spos\u00f3b na o\u017cywienie wn\u0119trza! Je\u015bli jeste\u015b w posiadaniu g\u0142adkiej kanapy w szarym kolorze, masz ogromne szcz\u0119\u015bcie \u2013 do swojego salonu mo\u017cesz dobra\u0107 dywan z dowolnym motywem. W minimalistycznej, industrialnej lub skandynawskiej aran\u017cacji sprawdzi si\u0119 <strong>geometryczny wz\u00f3r<\/strong>, np. pasy, romby, krata czy tr\u00f3jk\u0105ty. W eklektycznych lub orientalnych salonach doskonale zaprezentuje si\u0119 <strong>dywan w maroka\u0144sk\u0105 koniczyn\u0119<\/strong>, natomiast w nowoczesnych \u2013 <strong>dywan w fantazyjne barwne plamy<\/strong>.<\/p>\n<div style=\"display: flex; align-items: center; justify-content: center; text-align: center;\">\n<figure id=\"attachment_32625\" aria-describedby=\"caption-attachment-32625\" style=\"width: 593px\" class=\"wp-caption aligncenter\"><img decoding=\"async\" class=\"wp-image-32625 size-full lazyload\" data-src=\"https:\/\/www.brw.pl\/blog\/wp-content\/uploads\/2023\/05\/dywan-60x110-mondo.jpg\" alt=\"Dywan Mondo\" width=\"593\" height=\"445\" src=\"data:image\/svg+xml;base64,PHN2ZyB3aWR0aD0iMSIgaGVpZ2h0PSIxIiB4bWxucz0iaHR0cDovL3d3dy53My5vcmcvMjAwMC9zdmciPjwvc3ZnPg==\" style=\"--smush-placeholder-width: 593px; --smush-placeholder-aspect-ratio: 593\/445;\" \/><figcaption id=\"caption-attachment-32625\" class=\"wp-caption-text\"><a href=\"https:\/\/www.brw.pl\/dywan-60x110-mondo,47380\" target=\"_blank\" rel=\"noopener noreferrer\"><span style=\"font-weight: 400;\">Dywan Mondo<\/span><\/a><\/figcaption><\/figure>\n<\/div>\n<h3>Jak dobra\u0107 dywan do kanapy? Wskaz\u00f3wki od Black Red White<\/h3>\n<p>Opr\u00f3cz koloru i wzoru wa\u017cne s\u0105 r\u00f3wnie\u017c kszta\u0142t i rozmiar dywanu. Zbyt ma\u0142y zaburzy proporcje wn\u0119trza, natomiast zbyt du\u017cy przyt\u0142oczy je. Pomieszczenia w ca\u0142o\u015bci przykryte wyk\u0142adzin\u0105 pojawiaj\u0105 si\u0119 raczej w przestrzeniach o charakterze biurowym, w domach czy mieszkaniach nale\u017c\u0105 do rzadko\u015bci. <strong>Dywan b\u0119d\u0105cy dodatkiem do salonu powinien ods\u0142ania\u0107 kawa\u0142ek pod\u0142ogi<\/strong> \u2013 zw\u0142aszcza, je\u015bli jest to pi\u0119kny parkiet lub drewniane panele.<\/p>\n<p>Rozmiar i kszta\u0142t dywanu warto dopasowa\u0107 w taki spos\u00f3b, by za jego pomoc\u0105 m\u00f3c wydzieli\u0107 stref\u0119 wypoczynkow\u0105 z reszty pomieszczenia. Jak to zrobi\u0107? Najlepiej poprzez ustawienie na dywanie nale\u017c\u0105cych do niej element\u00f3w wyposa\u017cenia, a wi\u0119c zar\u00f3wno stolika kawowego, jak i kanapy, <a href=\"https:\/\/www.brw.pl\/meble\/meble-wypoczynkowe\/fotele\/\" target=\"_blank\" rel=\"noopener noreferrer\">foteli<\/a> czy <a href=\"https:\/\/www.brw.pl\/meble\/meble-wypoczynkowe\/pufy\/\" target=\"_blank\" rel=\"noopener noreferrer\">puf\u00f3w<\/a>. Meble wypoczynkowe nie musz\u0105 mie\u015bci\u0107 si\u0119 na nim ca\u0142e \u2013 wystarczy, \u017ce stan\u0105 na dywanie przednimi nogami. Aby by\u0142o to mo\u017cliwe, si\u0119gnij po model prostok\u0105tny, dywan okr\u0105g\u0142y mo\u017ce nie zda\u0107 egzaminu.<\/p>\n<p><strong>Czytaj tak\u017ce: &#8222;<\/strong><a href=\"https:\/\/www.brw.pl\/blog\/wybieramy-dywan-pod-stolik-kawowy\/\" target=\"_blank\" rel=\"noopener noreferrer\"><strong>Wybieramy dywan pod stolik kawowy<\/strong><\/a><strong>!&#8221;<\/strong><\/p>\n<h2><strong>Dywany do szarej kanapy \u2013 aran\u017cacje<\/strong><\/h2>\n<p>Sp\u00f3jrz na poni\u017csze aran\u017cacje z szar\u0105 sof\u0105 i dywanem. Mamy nadziej\u0119, \u017ce Ci\u0119 zainspiruj\u0105!<\/p>\n<div style=\"display: flex; align-items: center; justify-content: center; text-align: center;\">\n<figure id=\"attachment_28163\" aria-describedby=\"caption-attachment-28163\" style=\"width: 800px\" class=\"wp-caption aligncenter\"><img decoding=\"async\" class=\"wp-image-28163 size-medium lazyload\" data-src=\"https:\/\/www.brw.pl\/blog\/wp-content\/uploads\/2022\/11\/MODEO_pokoj-dzienny_glowne-800x450.jpg\" alt=\"Modeo - salon - zdj\u0119cie g\u0142\u00f3wne\" width=\"800\" height=\"450\" data-srcset=\"https:\/\/www.brw.pl\/blog\/wp-content\/uploads\/2022\/11\/MODEO_pokoj-dzienny_glowne-800x450.jpg 800w, https:\/\/www.brw.pl\/blog\/wp-content\/uploads\/2022\/11\/MODEO_pokoj-dzienny_glowne.jpg 1920w, https:\/\/www.brw.pl\/blog\/wp-content\/uploads\/2022\/11\/MODEO_pokoj-dzienny_glowne-768x432.jpg 768w, https:\/\/www.brw.pl\/blog\/wp-content\/uploads\/2022\/11\/MODEO_pokoj-dzienny_glowne-1536x864.jpg 1536w\" data-sizes=\"(max-width: 800px) 100vw, 800px\" src=\"data:image\/svg+xml;base64,PHN2ZyB3aWR0aD0iMSIgaGVpZ2h0PSIxIiB4bWxucz0iaHR0cDovL3d3dy53My5vcmcvMjAwMC9zdmciPjwvc3ZnPg==\" style=\"--smush-placeholder-width: 800px; --smush-placeholder-aspect-ratio: 800\/450;\" \/><figcaption id=\"caption-attachment-28163\" class=\"wp-caption-text\"><a href=\"https:\/\/www.brw.pl\/sofa-rimi,45734\" target=\"_blank\" rel=\"noopener noreferrer\"><span style=\"font-weight: 400;\">Sofa Rimi<\/span><\/a><\/figcaption><\/figure>\n<\/div>\n<p>Nowoczesny salon z przytulnym rysem? To mo\u017cliwe, szczeg\u00f3lnie, je\u015bli we wn\u0119trzu goszcz\u0105 neutralne barwy. W przedstawianej aran\u017cacji wykorzystano sprawdzone po\u0142\u0105czenie szaro\u015bci, bieli, ciep\u0142ego koloru drewna oraz intensywnej zieleni. Stref\u0119 wypoczynkow\u0105 tworzy minimalistyczna szara <strong>sofa Rimi<\/strong>, do kt\u00f3rej dobrano jasnoszary dywan w bia\u0142e romby oraz <strong>bia\u0142\u0105 <a href=\"https:\/\/www.brw.pl\/lawa-modeo,51352\" target=\"_blank\" rel=\"noopener noreferrer\">\u0142aw\u0119 z kolekcji Modeo<\/a><\/strong>.<\/p>\n<p>Wypoczynek znakomicie komponuje si\u0119 z k\u0105cikiem telewizyjnym utrzymanym w bieli i drewnie. Nieoczywisty charakter aran\u017cacji podkre\u015bla kolorystyczny podzia\u0142 na stref\u0119 jasn\u0105 i ciemn\u0105. \u015aciany w kolorze grafitowym to idealne t\u0142o dla jasnych mebli i naturalnej zieleni ro\u015blin. Wystr\u00f3j uzupe\u0142nia klasyczny <a href=\"https:\/\/www.brw.pl\/fotel-casey,31390?wariant=BRW-FO-CASEY-ES-G3_B14E82\" target=\"_blank\" rel=\"noopener noreferrer\">zielony uszak<\/a>, lampa wisz\u0105ca w stylu industrialnym oraz charakterystyczne grafiki \u015bcienne z motywem zwierz\u0105t.<\/p>\n<div style=\"display: flex; align-items: center; justify-content: center; text-align: center;\">\n<figure id=\"attachment_30019\" aria-describedby=\"caption-attachment-30019\" style=\"width: 800px\" class=\"wp-caption aligncenter\"><img decoding=\"async\" class=\"wp-image-30019 size-medium lazyload\" data-src=\"https:\/\/www.brw.pl\/blog\/wp-content\/uploads\/2023\/02\/naroznik-zoya-aranz-800x529.jpg\" alt=\"Salon w stylu klasycznym z nowoczesnym klimatem\" width=\"800\" height=\"529\" data-srcset=\"https:\/\/www.brw.pl\/blog\/wp-content\/uploads\/2023\/02\/naroznik-zoya-aranz-800x529.jpg 800w, https:\/\/www.brw.pl\/blog\/wp-content\/uploads\/2023\/02\/naroznik-zoya-aranz-768x508.jpg 768w, https:\/\/www.brw.pl\/blog\/wp-content\/uploads\/2023\/02\/naroznik-zoya-aranz-1536x1016.jpg 1536w, https:\/\/www.brw.pl\/blog\/wp-content\/uploads\/2023\/02\/naroznik-zoya-aranz.jpg 1632w\" data-sizes=\"(max-width: 800px) 100vw, 800px\" src=\"data:image\/svg+xml;base64,PHN2ZyB3aWR0aD0iMSIgaGVpZ2h0PSIxIiB4bWxucz0iaHR0cDovL3d3dy53My5vcmcvMjAwMC9zdmciPjwvc3ZnPg==\" style=\"--smush-placeholder-width: 800px; --smush-placeholder-aspect-ratio: 800\/529;\" \/><figcaption id=\"caption-attachment-30019\" class=\"wp-caption-text\"><a href=\"https:\/\/www.brw.pl\/naroznik-zoya,45891\" target=\"_blank\" rel=\"noopener noreferrer\"><span style=\"font-weight: 400;\">Naro\u017cnik Zoya<\/span><\/a><\/figcaption><\/figure>\n<\/div>\n<p>Salon urz\u0105dzony w stylu nowoczesnej klasyki to wn\u0119trze, w kt\u00f3rym wszystko, pocz\u0105wszy od koloru \u015bcian a sko\u0144czywszy na dodatkach, zajmuje nieprzypadkowe miejsce. Szaro\u015b\u0107, biel, drewno, oryginalny kolor greige oraz czarne akcenty sk\u0142adaj\u0105 si\u0119 na wystr\u00f3j przytulny i przyjazny dla domownik\u00f3w. Centrum salonu wype\u0142nia <strong>klasyczny naro\u017cnik Zoya<\/strong> w kolorze szarym. \u0141agodna sylwetka kanapy naro\u017cnej tworzy udane zestawienie z puszystym dywanem w odcieniu be\u017cowej szaro\u015bci. Do subtelnej strefy wypoczynkowej dodano bia\u0142e meble skrzyniowe: <a href=\"https:\/\/www.brw.pl\/komoda-haga,16247\" target=\"_blank\" rel=\"noopener noreferrer\"><strong>komod\u0119 Haga<\/strong><\/a> z frezowanymi frontami oraz <a href=\"https:\/\/www.brw.pl\/witryna-haga,26613\" target=\"_blank\" rel=\"noopener noreferrer\"><strong>wysok\u0105 witryn\u0119 z tej samej kolekcji<\/strong><\/a>.<\/p>\n<p>W takiej aran\u017cacji znakomicie odnajduj\u0105 si\u0119 drobne dekoracje i bibeloty. Palma w plecionej os\u0142once, kompozycja suszonych ga\u0142\u0105zek w kulistym wazonie, krucha porcelana wyeksponowana na stolikach kawowych, ceramiczne \u015bwieczniki i niewielki zbi\u00f3r ksi\u0105\u017cek \u2013 oto detale buduj\u0105ce klimat rodzinnego salonu.<\/p>\n<p><strong>Wiesz ju\u017c, jaki dywan pasuje do szarej kanapy. Wymarzone dodatki i meble do swojego mieszkania zam\u00f3wisz w <\/strong><a href=\"https:\/\/www.brw.pl\/\" target=\"_blank\" rel=\"noopener noreferrer\"><strong>sklepie internetowym Black Red White<\/strong><\/a><strong>. Zapraszamy!<\/strong><\/p>\n","protected":false},"excerpt":{"rendered":"<p>Moda na szare kanapy sprawia, \u017ce coraz wi\u0119cej os\u00f3b decyduje si\u0119 na ten uniwersalny mebel. Nic dziwnego \u2013 meble wypoczynkowe w stonowanych kolorach s\u0105 idealnym wyborem do wsp\u00f3\u0142czesnych mieszka\u0144. Jak dopasowa\u0107 dywan do szarej kanapy? W dzisiejszym artykule podpowiemy Ci, jaki dywan stworzy udany duet z kanap\u0105 w kolorze szarym. Zaczynamy!<\/p>\n","protected":false},"author":21,"featured_media":32624,"comment_status":"closed","ping_status":"open","sticky":false,"template":"","format":"standard","meta":{"footnotes":""},"categories":[39,28,574,735],"tags":[],"aioseo_notices":[],"_links":{"self":[{"href":"https:\/\/www.brw.pl\/blog\/wp-json\/wp\/v2\/posts\/32623"}],"collection":[{"href":"https:\/\/www.brw.pl\/blog\/wp-json\/wp\/v2\/posts"}],"about":[{"href":"https:\/\/www.brw.pl\/blog\/wp-json\/wp\/v2\/types\/post"}],"author":[{"embeddable":true,"href":"https:\/\/www.brw.pl\/blog\/wp-json\/wp\/v2\/users\/21"}],"replies":[{"embeddable":true,"href":"https:\/\/www.brw.pl\/blog\/wp-json\/wp\/v2\/comments?post=32623"}],"version-history":[{"count":2,"href":"https:\/\/www.brw.pl\/blog\/wp-json\/wp\/v2\/posts\/32623\/revisions"}],"predecessor-version":[{"id":32631,"href":"https:\/\/www.brw.pl\/blog\/wp-json\/wp\/v2\/posts\/32623\/revisions\/32631"}],"wp:featuredmedia":[{"embeddable":true,"href":"https:\/\/www.brw.pl\/blog\/wp-json\/wp\/v2\/media\/32624"}],"wp:attachment":[{"href":"https:\/\/www.brw.pl\/blog\/wp-json\/wp\/v2\/media?parent=32623"}],"wp:term":[{"taxonomy":"category","embeddable":true,"href":"https:\/\/www.brw.pl\/blog\/wp-json\/wp\/v2\/categories?post=32623"},{"taxonomy":"post_tag","embeddable":true,"href":"https:\/\/www.brw.pl\/blog\/wp-json\/wp\/v2\/tags?post=32623"}],"curies":[{"name":"wp","href":"https:\/\/api.w.org\/{rel}","templated":true}]}}