{"id":32656,"date":"2023-05-19T08:42:51","date_gmt":"2023-05-19T06:42:51","guid":{"rendered":"https:\/\/www.brw.pl\/blog\/?p=32656"},"modified":"2023-05-18T13:12:35","modified_gmt":"2023-05-18T11:12:35","slug":"biala-kuchnia-z-ciemnym-drewnianym-blatem-inspiracje","status":"publish","type":"post","link":"https:\/\/www.brw.pl\/blog\/biala-kuchnia-z-ciemnym-drewnianym-blatem-inspiracje\/","title":{"rendered":"Bia\u0142a kuchnia z ciemnym drewnianym blatem \u2013 inspiracje"},"content":{"rendered":"<p><strong>Bia\u0142e meble kuchenne \u2013 proste, uniwersalne i zawsze modne! W po\u0142\u0105czeniu z ciemnym drewnianym blatem mog\u0105 sta\u0107 si\u0119 baz\u0105 stylowej i bardzo efektownej aran\u017cacji. Jak urz\u0105dzi\u0107 bia\u0142\u0105 kuchni\u0119 z ciemnym blatem? Przeczytaj nasze wskaz\u00f3wki i zainspiruj si\u0119!<\/strong><!--more--><\/p>\n<div style=\"display: flex; align-items: center; justify-content: center; text-align: center;\">\n<figure id=\"attachment_32658\" aria-describedby=\"caption-attachment-32658\" style=\"width: 800px\" class=\"wp-caption aligncenter\"><img decoding=\"async\" class=\"wp-image-32658 size-medium lazyload\" data-src=\"https:\/\/www.brw.pl\/blog\/wp-content\/uploads\/2023\/05\/family-line-tapo-special-800x601.jpg\" alt=\"Bia\u0142a kuchnia z ciemnym drewnianym blatem\" width=\"800\" height=\"601\" data-srcset=\"https:\/\/www.brw.pl\/blog\/wp-content\/uploads\/2023\/05\/family-line-tapo-special-800x601.jpg 800w, https:\/\/www.brw.pl\/blog\/wp-content\/uploads\/2023\/05\/family-line-tapo-special-768x577.jpg 768w, https:\/\/www.brw.pl\/blog\/wp-content\/uploads\/2023\/05\/family-line-tapo-special.jpg 1438w\" data-sizes=\"(max-width: 800px) 100vw, 800px\" src=\"data:image\/svg+xml;base64,PHN2ZyB3aWR0aD0iMSIgaGVpZ2h0PSIxIiB4bWxucz0iaHR0cDovL3d3dy53My5vcmcvMjAwMC9zdmciPjwvc3ZnPg==\" style=\"--smush-placeholder-width: 800px; --smush-placeholder-aspect-ratio: 800\/601;\" \/><figcaption id=\"caption-attachment-32658\" class=\"wp-caption-text\"><a href=\"https:\/\/www.brw.pl\/family-line-tapo-special,44289\" target=\"_blank\" rel=\"noopener noreferrer\"><span style=\"font-weight: 400;\">Kuchnia modu\u0142owa Family Line Tapo Special<\/span><\/a><\/figcaption><\/figure>\n<\/div>\n<h2><strong>Bia\u0142a kuchnia z ciemnym drewnianym blatem \u2013 aran\u017cacyjny hit ostatnich sezon\u00f3w<\/strong><\/h2>\n<p>Bia\u0142e kuchnie od lat ciesz\u0105 si\u0119 ogromn\u0105 popularno\u015bci\u0105, pozostaj\u0105c w czo\u0142\u00f3wce najmodniejszych rozwi\u0105za\u0144 wn\u0119trzarskich. W ostatnich sezonach zainteresowanie bia\u0142ymi meblami ro\u015bnie, co \u015bwietnie ilustruj\u0105 chocia\u017cby tegoroczne trendy.<\/p>\n<p><strong>W\u015br\u00f3d nowinek wn\u0119trzarskich na pierwszy plan wysuwa si\u0119 po\u0142\u0105czenie bia\u0142ych mebli kuchennych i ciemnych drewnianych blat\u00f3w, kt\u00f3re szybko sta\u0142y si\u0119 aran\u017cacyjnym hitem<\/strong>. I bardzo dobrze \u2013 po latach fascynacji kuchniami z bia\u0142ym blatem, wyraziste elementy s\u0105 mi\u0142\u0105 odmian\u0105. Dlaczego coraz wi\u0119cej os\u00f3b decyduje si\u0119 na takie zestawienie i jakie s\u0105 jego najwi\u0119ksze zalety?<\/p>\n<p>Interesuj\u0105 Ci\u0119 najnowsze trendy z bran\u017cy home decor? Przeczytaj nasz artyku\u0142:<br \/>\n&#8222;<a href=\"https:\/\/www.brw.pl\/blog\/modne-kolory-kuchni-2023-brw-inspiruje\/\" target=\"_blank\" rel=\"noopener noreferrer\">Modne kolory kuchni 2023 \u2013 BRW inspiruje<\/a>!&#8221; i dowiedz si\u0119, co piszczy w tegorocznych trendach kolorystycznych.<\/p>\n<h3>Bia\u0142e meble i ciemny blat w aran\u017cacji kuchni <strong>\u2013 zalety po\u0142\u0105czenia<\/strong><\/h3>\n<p>Bia\u0142e meble to ponadczasowy wyb\u00f3r, kt\u00f3ry gwarantuje aran\u017cacyjny sukces niemal w ka\u017cdej kuchni. Jasna kolorystyka optycznie powi\u0119ksza przestrze\u0144, dzi\u0119ki czemu pomieszczenie sprawia wra\u017cenie bardziej przestronnego i dobrze nas\u0142onecznionego. Biel doskonale sprawdza si\u0119 w niedu\u017cych kuchniach oraz tych o ograniczonym dost\u0119pie do naturalnego \u015bwiat\u0142a.<\/p>\n<p>Cho\u0107 wn\u0119trza zaaran\u017cowane w bia\u0142ym kolorze na og\u00f3\u0142 prezentuj\u0105 si\u0119 nowocze\u015bnie i elegancko, mog\u0105 wydawa\u0107 si\u0119 te\u017c ch\u0142odne, wr\u0119cz &#8222;sterylne&#8221;. <strong>Po\u0142\u0105czenie bia\u0142ych <\/strong><a href=\"https:\/\/www.brw.pl\/meble\/meble-kuchenne\/\" target=\"_blank\" rel=\"noopener noreferrer\"><strong>mebli kuchennych<\/strong><\/a><strong> z ciemnymi drewnianymi elementami tworzy stylowy kontrast, kt\u00f3ry prze\u0142amuje ch\u0142\u00f3d i monotoni\u0119 aran\u017cacji<\/strong>. Co wi\u0119cej, g\u0142\u0119bokie odcienie drewna wspaniale ocieplaj\u0105 wn\u0119trze, dzi\u0119ki czemu zyskuje ono przytulny rys.<\/p>\n<h3>Ciemny blat w bia\u0142ej kuchni \u2013 w jakich stylach wn\u0119trzarskich si\u0119 sprawdzi?<\/h3>\n<p>Kuchnia z bia\u0142ymi meblami i ciemnym blatem kuchennym z powodzeniem mo\u017ce by\u0107 urz\u0105dzona w r\u00f3\u017cnych stylach wn\u0119trzarskich \u2013 zar\u00f3wno tych nowoczesnych, jak i nawi\u0105zuj\u0105cych do nie\u015bmiertelnej klasyki. Jej uniwersalno\u015b\u0107 sprawia, \u017ce \u0142atwo dostosujesz j\u0105 do zmieniaj\u0105cych si\u0119 trend\u00f3w, modyfikuj\u0105c dodatki i elementy dekoracyjne, a nawet kolor czy wyko\u0144czenie \u015bcian.<\/p>\n<p>W zale\u017cno\u015bci od zastosowanych materia\u0142\u00f3w, rodzaju zabudowy oraz projektowanego uk\u0142adu kuchennego po\u0142\u0105czenie bieli i ciemnego drewna mo\u017ce sprawdzi\u0107 si\u0119 w ma\u0142ym, \u015brednim lub du\u017cym pomieszczeniu.<\/p>\n<h2><strong>Bia\u0142a kuchnia z ciemnym blatem \u2013 jak j\u0105 urz\u0105dzi\u0107?<\/strong><\/h2>\n<p>Jak urz\u0105dzi\u0107 bia\u0142\u0105 kuchni\u0119 z ciemnym blatem? Je\u015bli chcesz uzyska\u0107 \u015bwietny efekt, postaraj si\u0119 zaplanowa\u0107 aran\u017cacj\u0119 od A do Z. Nie wiesz, od czego zacz\u0105\u0107? Pozw\u00f3l, \u017ce udzielimy Ci kilku wskaz\u00f3wek.<\/p>\n<h3>1. Wybierz odpowiedni blat<\/h3>\n<p>Ciemny blat kuchenny to nie tylko praktyczny element zabudowy, lecz tak\u017ce znakomita ozdoba wn\u0119trza. Jest elegancki, wygl\u0105da pi\u0119knie w towarzystwie bieli, \u0142atwo utrzyma\u0107 go w czysto\u015bci. Chc\u0105c urz\u0105dzi\u0107 kuchni\u0119 z ciemnym blatem, mo\u017cesz wybiera\u0107 spo\u015br\u00f3d modeli z naturalnego drewna, ale te\u017c innych materia\u0142\u00f3w. Na jaki blat warto si\u0119 zdecydowa\u0107?<\/p>\n<ul>\n<li><strong>Drewniany blat <\/strong>\u2013 odpowiednio zaimpregnowane drewno jest niezwykle eleganckie, a do tego trwa\u0142e i odporne na uszkodzenia mechaniczne. Ze wzgl\u0119du na du\u017c\u0105 wytrzyma\u0142o\u015b\u0107 najwi\u0119ksz\u0105 popularno\u015bci\u0105 ciesz\u0105 si\u0119 blaty d\u0119bowe oraz wykonane z drewna bukowego. Ogromn\u0105 zalet\u0105 drewnianych blat\u00f3w jest oryginalny wygl\u0105d \u2013 ka\u017cdy z nich wyr\u00f3\u017cnia si\u0119 unikalnym rysunkiem us\u0142ojenia i niepowtarzaln\u0105 tekstur\u0105. Naturalne rozwi\u0105zania maj\u0105 te\u017c swoje wady. Jedn\u0105 z nich jest cho\u0107by wysoka cena.<\/li>\n<li><strong>Blat laminowany <\/strong>\u2013 to nic innego, jak blat wykonany z p\u0142yty wi\u00f3rowej lub MDF, kt\u00f3r\u0105 zabezpiecza ochronna warstwa laminatu. <a href=\"https:\/\/www.brw.pl\/meble\/meble-kuchenne\/blaty\/\" target=\"_blank\" rel=\"noopener noreferrer\">Blaty laminowane<\/a> s\u0105 wytrzyma\u0142e, odporne na zadrapania i plamy, nie wymagaj\u0105 te\u017c u\u017cycia specjalistycznych \u015brodk\u00f3w czyszcz\u0105cych ani konserwuj\u0105cych. Inwestycja w blat z laminatu, cho\u0107 nie wi\u0105\u017ce si\u0119 z du\u017cym nak\u0142adem finansowym, jest r\u00f3wnie dobrym pomys\u0142em, jak kupno blatu drewnianego. Wyb\u00f3r kolor\u00f3w i wzor\u00f3w jest tak ogromny, \u017ce znalezienie doskona\u0142ej imitacji drewna nie stanowi najmniejszego problemu.<\/li>\n<\/ul>\n<div style=\"display: flex; align-items: center; justify-content: center; text-align: center;\">\n<figure id=\"attachment_32660\" aria-describedby=\"caption-attachment-32660\" style=\"width: 400px\" class=\"wp-caption aligncenter\"><img decoding=\"async\" class=\"wp-image-32660 lazyload\" data-src=\"https:\/\/www.brw.pl\/blog\/wp-content\/uploads\/2023\/05\/blat-260-semi-line-family-line-kolor-blatu-dab-zlocisty.jpg\" alt=\"blat 260 semi line family line\" width=\"400\" height=\"300\" src=\"data:image\/svg+xml;base64,PHN2ZyB3aWR0aD0iMSIgaGVpZ2h0PSIxIiB4bWxucz0iaHR0cDovL3d3dy53My5vcmcvMjAwMC9zdmciPjwvc3ZnPg==\" style=\"--smush-placeholder-width: 400px; --smush-placeholder-aspect-ratio: 400\/300;\" \/><figcaption id=\"caption-attachment-32660\" class=\"wp-caption-text\"><a href=\"https:\/\/www.brw.pl\/blat-260-semi-line-family-line,37212\" target=\"_blank\" rel=\"noopener noreferrer\"><span style=\"font-weight: 400;\">blat 260 semi line\/ family line<\/span><\/a><\/figcaption><\/figure>\n<figure id=\"attachment_32657\" aria-describedby=\"caption-attachment-32657\" style=\"width: 400px\" class=\"wp-caption aligncenter\"><img decoding=\"async\" class=\"wp-image-32657 lazyload\" data-src=\"https:\/\/www.brw.pl\/blog\/wp-content\/uploads\/2023\/05\/blat-120-semi-line-family-line-kolor-blatu-dab-zlocisty.jpg\" alt=\"blat 120 semi line family line\" width=\"400\" height=\"300\" src=\"data:image\/svg+xml;base64,PHN2ZyB3aWR0aD0iMSIgaGVpZ2h0PSIxIiB4bWxucz0iaHR0cDovL3d3dy53My5vcmcvMjAwMC9zdmciPjwvc3ZnPg==\" style=\"--smush-placeholder-width: 400px; --smush-placeholder-aspect-ratio: 400\/300;\" \/><figcaption id=\"caption-attachment-32657\" class=\"wp-caption-text\"><a href=\"https:\/\/www.brw.pl\/blat-120-semi-line-family-line,37208\" target=\"_blank\" rel=\"noopener noreferrer\"><span style=\"font-weight: 400;\">blat 120 semi line\/ family line<\/span><\/a><\/figcaption><\/figure>\n<\/div>\n<p>Je\u015bli marzy Ci nowoczesna bia\u0142a kuchnia z naprawd\u0119 ciemnym, a nawet czarnym blatem, warto rozwa\u017cy\u0107 surowce inne ni\u017c drewno. W kuchni \u015bwietnie sprawdz\u0105 si\u0119 r\u00f3wnie\u017c blaty z marmuru, granitu czy konglomeratu, kt\u00f3re wspaniale komponuj\u0105 si\u0119 z bia\u0142ymi szafkami i drewnian\u0105 pod\u0142og\u0105.<\/p>\n<div style=\"display: flex; align-items: center; justify-content: center; text-align: center;\">\n<figure id=\"attachment_32661\" aria-describedby=\"caption-attachment-32661\" style=\"width: 500px\" class=\"wp-caption aligncenter\"><img decoding=\"async\" class=\"wp-image-32661 lazyload\" data-src=\"https:\/\/www.brw.pl\/blog\/wp-content\/uploads\/2023\/05\/blat-120-sara-line-kolor-blatu-lupek-metaliczny-czarnozloty.jpg\" alt=\"blat 120 sara line \" width=\"500\" height=\"375\" src=\"data:image\/svg+xml;base64,PHN2ZyB3aWR0aD0iMSIgaGVpZ2h0PSIxIiB4bWxucz0iaHR0cDovL3d3dy53My5vcmcvMjAwMC9zdmciPjwvc3ZnPg==\" style=\"--smush-placeholder-width: 500px; --smush-placeholder-aspect-ratio: 500\/375;\" \/><figcaption id=\"caption-attachment-32661\" class=\"wp-caption-text\"><a href=\"https:\/\/www.brw.pl\/blat-120-sara-line,47280\" target=\"_blank\" rel=\"noopener noreferrer\"><span style=\"font-weight: 400;\">blat 120 sara line &#8211; \u0142upek metaliczny czarnoz\u0142oty<\/span><\/a><\/figcaption><\/figure>\n<\/div>\n<h3>2. Dopasuj meble do aran\u017cacji<\/h3>\n<p>Bia\u0142a kuchnia z drewnianym blatem to Tw\u00f3j aran\u017cacyjny numer jeden? Wobec tego czas zdecydowa\u0107, jakie meble uwzgl\u0119dnia\u0107 powinien projekt kuchni. Na pocz\u0105tku zastan\u00f3w si\u0119, w jakim stylu chcesz zaaran\u017cowa\u0107 wn\u0119trze. <strong>Je\u015bli podobaj\u0105 Ci si\u0119 kuchnie w stylu klasycznym, postaw na solidne meble z frezowanymi frontami w kolorze bia\u0142ym<\/strong>. We wn\u0119trzu nie powinno zabrakn\u0105\u0107 wisz\u0105cych witryn z przeszkleniami dzielonymi szprosami, a tak\u017ce tradycyjnych szuflad i otwartych p\u00f3\u0142ek.<\/p>\n<p>Nale\u017cysz do mi\u0142o\u015bnik\u00f3w kuchni w stylu skandynawskim? \u015awietnie si\u0119 sk\u0142ada, gdy\u017c <strong>bia\u0142a kuchnia z drewnem doskonale wpisuje si\u0119 w przytulny klimat aran\u017cacji w duchu scandi<\/strong>. Si\u0119gnij po prost\u0105 zabudow\u0119 meblow\u0105, najlepiej wykonan\u0105 w matowej bieli. <a href=\"https:\/\/www.brw.pl\/meble\/meble-kuchenne\/szafki-kuchenne\/\" target=\"_blank\" rel=\"noopener noreferrer\">Szafki kuchenne<\/a> uzupe\u0142nij czarnymi uchwytami \u2013 takie minimalistyczne detale \u015bwietnie zaprezentuj\u0105 si\u0119 w towarzystwie ciemnego blatu.<\/p>\n<p>Bia\u0142e meble warto wprowadzi\u0107 r\u00f3wnie\u017c do nowoczesnej kuchni. Wybieraj komplety meblowe z g\u0142adkimi, po\u0142yskuj\u0105cymi frontami, najlepiej pozbawionymi uchwyt\u00f3w i zb\u0119dnych ozdobnik\u00f3w. W po\u0142\u0105czeniu z ciemnym blatem z drewna stworz\u0105 efektown\u0105 i wyrazist\u0105 przestrze\u0144 z charakterem.<\/p>\n<div style=\"display: flex; align-items: center; justify-content: center; text-align: center;\">\n<figure id=\"attachment_32647\" aria-describedby=\"caption-attachment-32647\" style=\"width: 593px\" class=\"wp-caption aligncenter\"><img decoding=\"async\" class=\"wp-image-32647 size-full lazyload\" data-src=\"https:\/\/www.brw.pl\/blog\/wp-content\/uploads\/2023\/05\/komplet-kuchenny-sole-260-kolor-frontow-bialy-polysk-kolor-korpusow-bialy-alpejski-mediuma.jpg\" alt=\"Komplet kuchenny Sole\" width=\"593\" height=\"445\" src=\"data:image\/svg+xml;base64,PHN2ZyB3aWR0aD0iMSIgaGVpZ2h0PSIxIiB4bWxucz0iaHR0cDovL3d3dy53My5vcmcvMjAwMC9zdmciPjwvc3ZnPg==\" style=\"--smush-placeholder-width: 593px; --smush-placeholder-aspect-ratio: 593\/445;\" \/><figcaption id=\"caption-attachment-32647\" class=\"wp-caption-text\"><a href=\"https:\/\/www.brw.pl\/komplet-kuchenny-sole-260,34425\" target=\"_blank\" rel=\"noopener noreferrer\"><span style=\"font-weight: 400;\">Komplet kuchenny Sole<\/span><\/a><\/figcaption><\/figure>\n<\/div>\n<h3>3. Zadbaj o sp\u00f3jno\u015b\u0107 ca\u0142ej aran\u017cacji<\/h3>\n<p>Kuchnia bazuj\u0105ca na minimalistycznej kolorystyce powinna opiera\u0107 si\u0119 na aran\u017cacyjnej konsekwencji i sp\u00f3jno\u015bci. Zadbaj o to, aby w pomieszczeniu pojawi\u0142y si\u0119 elementy dobrane pod kolor blatu oraz harmonizuj\u0105ce z bia\u0142ymi frontami mebli. <strong>R\u00f3wnie\u017c kolor \u015bcian powinien stanowi\u0107 neutralne t\u0142o dla wyposa\u017cenia<\/strong> \u2013 egzamin zdadz\u0105 tu przede wszystkim z\u0142amane odcienie bieli, platynowa szaro\u015b\u0107 czy \u00e9cru.<\/p>\n<p>Zastan\u00f3w si\u0119, jaka pod\u0142oga jest najlepszym wyborem do Twojej kuchni. Ciekaw\u0105 propozycj\u0105 dla wn\u0119trza z bia\u0142ymi meblami i ciemnym blatem b\u0119d\u0105 zar\u00f3wno p\u0142ytki imituj\u0105ce drewno, jak i klasyczna, bia\u0142o-czarna szachownica.<\/p>\n<p>Wybieraj\u0105c sprz\u0119ty AGD, we\u017a pod uwag\u0119 modele w kolorach takich jak srebro, biel i czer\u0144. Na ten ostatni zdecyduj si\u0119, je\u015bli do bia\u0142ej kuchni masz zamiar wprowadzi\u0107 czarny blat. W kwestii dodatk\u00f3w zachowaj umiar \u2013 ceramiczne i szklane naczynia eksponowane w witrynach lub na p\u00f3\u0142kach, bambusowe akcesoria i zio\u0142a w doniczkach w zupe\u0142no\u015bci wystarcz\u0105.<\/p>\n<h2><strong>Bia\u0142a kuchnia z ciemnym drewnianym blatem \u2013 aran\u017cacje z Black Red White<\/strong><\/h2>\n<p>Chcesz stworzy\u0107 mi\u0142\u0105 dla oka kuchenn\u0105 przestrze\u0144, ale nie masz pomys\u0142u na aran\u017cacj\u0119? Z przyjemno\u015bci\u0105 podpowiemy Ci, jak urz\u0105dzi\u0107 kuchenne wn\u0119trze, kt\u00f3re b\u0119dzie cieszy\u0107 domownik\u00f3w przez d\u0142ugie lata.<\/p>\n<div style=\"display: flex; align-items: center; justify-content: center; text-align: center;\">\n<figure id=\"attachment_32662\" aria-describedby=\"caption-attachment-32662\" style=\"width: 800px\" class=\"wp-caption aligncenter\"><img decoding=\"async\" class=\"wp-image-32662 size-medium lazyload\" data-src=\"https:\/\/www.brw.pl\/blog\/wp-content\/uploads\/2023\/05\/royal-draggo-800x601.jpg\" alt=\"Kuchnia Royal Draggo\" width=\"800\" height=\"601\" data-srcset=\"https:\/\/www.brw.pl\/blog\/wp-content\/uploads\/2023\/05\/royal-draggo-800x601.jpg 800w, https:\/\/www.brw.pl\/blog\/wp-content\/uploads\/2023\/05\/royal-draggo-768x577.jpg 768w, https:\/\/www.brw.pl\/blog\/wp-content\/uploads\/2023\/05\/royal-draggo.jpg 1438w\" data-sizes=\"(max-width: 800px) 100vw, 800px\" src=\"data:image\/svg+xml;base64,PHN2ZyB3aWR0aD0iMSIgaGVpZ2h0PSIxIiB4bWxucz0iaHR0cDovL3d3dy53My5vcmcvMjAwMC9zdmciPjwvc3ZnPg==\" style=\"--smush-placeholder-width: 800px; --smush-placeholder-aspect-ratio: 800\/601;\" \/><figcaption id=\"caption-attachment-32662\" class=\"wp-caption-text\"><a href=\"https:\/\/www.brw.pl\/royal-draggo,22149\" target=\"_blank\" rel=\"noopener noreferrer\"><span style=\"font-weight: 400;\">Meble kuchenne Royal Draggo<\/span><\/a> &#8211; spos\u00f3b na tradycyjny wystr\u00f3j i nowoczesne rozwi\u0105zania<\/figcaption><\/figure>\n<\/div>\n<p>Kuchnia bia\u0142a z drewnem to \u015bwietny wyb\u00f3r niemal do ka\u017cdego wn\u0119trza. Sp\u00f3jrz na powy\u017cszy projekt: aran\u017cacja przedstawia sporych rozmiar\u00f3w kuchni\u0119 z wysp\u0105, w kt\u00f3rej znalaz\u0142o si\u0119 miejsce na praktyczn\u0105 zabudow\u0119 w liter\u0119 L oraz jednorz\u0119dowy uk\u0142ad mebli si\u0119gaj\u0105cy od pod\u0142ogi do sufitu.<\/p>\n<p>Kuchni\u0119 urz\u0105dzono w stylu ponadczasowej klasyki, kt\u00f3r\u0105 prze\u0142amano nut\u0105 sielsko\u015bci. <strong>Bia\u0142e fronty szafek, cho\u0107 na poz\u00f3r proste, przyci\u0105gaj\u0105 uwag\u0119. To za spraw\u0105 zdobi\u0105cych je frez\u00f3w i delikatnego rysunku drewna<\/strong>. Pod wisz\u0105cymi szafkami zamontowano praktyczne uchwyty \u2013 idealne na kubki, fili\u017canki czy r\u0119kawice kuchenne. W urokliwy styl rustykalny doskonale wpisuj\u0105 si\u0119 pod\u015bwietlane witryny, w kt\u00f3rych wyeksponowano eleganckie <a href=\"https:\/\/www.brw.pl\/serwowanie\/serwowanie-potraw\/serwisy-obiadowe\/\" target=\"_blank\" rel=\"noopener noreferrer\">komplety obiadowe<\/a>.<\/p>\n<div style=\"display: flex; align-items: center; justify-content: center; text-align: center;\">\n<figure id=\"attachment_32663\" aria-describedby=\"caption-attachment-32663\" style=\"width: 800px\" class=\"wp-caption aligncenter\"><img decoding=\"async\" class=\"wp-image-32663 size-medium lazyload\" data-src=\"https:\/\/www.brw.pl\/blog\/wp-content\/uploads\/2023\/05\/royal-draggo-2-800x601.jpg\" alt=\"Kuchnia Royal Draggo 2\" width=\"800\" height=\"601\" data-srcset=\"https:\/\/www.brw.pl\/blog\/wp-content\/uploads\/2023\/05\/royal-draggo-2-800x601.jpg 800w, https:\/\/www.brw.pl\/blog\/wp-content\/uploads\/2023\/05\/royal-draggo-2-768x577.jpg 768w, https:\/\/www.brw.pl\/blog\/wp-content\/uploads\/2023\/05\/royal-draggo-2.jpg 1438w\" data-sizes=\"(max-width: 800px) 100vw, 800px\" src=\"data:image\/svg+xml;base64,PHN2ZyB3aWR0aD0iMSIgaGVpZ2h0PSIxIiB4bWxucz0iaHR0cDovL3d3dy53My5vcmcvMjAwMC9zdmciPjwvc3ZnPg==\" style=\"--smush-placeholder-width: 800px; --smush-placeholder-aspect-ratio: 800\/601;\" \/><figcaption id=\"caption-attachment-32663\" class=\"wp-caption-text\"><b>Pod\u015bwietlane witryny, frezowane fronty i zgrabne uchwyty to znaki rozpoznawcze mebli z linii Royal Draggo<\/b><\/figcaption><\/figure>\n<\/div>\n<p>Ciekawym elementem aran\u017cacji jest <strong>wyspa kuchenna oferuj\u0105ca imponuj\u0105c\u0105 stref\u0119 przechowywania<\/strong>. Mamy tu niewielkie szuflady na drobne przybory, wygodne p\u00f3\u0142ki na wino, a tak\u017ce sporo miejsca na garnki, naczynia i ksi\u0105\u017cki kucharskie. Wysp\u0119, podobnie jak dolny ci\u0105g szafek, wyko\u0144czono blatem w g\u0142\u0119bokim odcieniu d\u0119bowego drewna. Funkcjonalna przestrze\u0144 robocza jest zarazem wyrazistym dope\u0142nieniem wystroju.<\/p>\n<p>Nad wysp\u0105, zamiast lampy, zamontowano drewnian\u0105 konstrukcj\u0119, z kt\u00f3rej zwieszaj\u0105 si\u0119 ro\u015bliny, rondle i patelnie. Akcesoria z naturalnych materia\u0142\u00f3w, pleciony dywan i du\u017ca ilo\u015b\u0107 zieleni s\u0105 tu aran\u017cacyjn\u0105 kropk\u0105 nad &#8222;i&#8221;. Ca\u0142o\u015b\u0107 sprawia, \u017ce w kuchni panuje ciep\u0142a, rodzinna atmosfera.<\/p>\n<p><strong>Bia\u0142e meble kuchenne z ciemnym blatem to propozycja w sam raz dla Ciebie? Zapraszamy do <\/strong><a href=\"https:\/\/www.brw.pl\/\" target=\"_blank\" rel=\"noopener noreferrer\"><strong>sklepu internetowego Black Red White<\/strong><\/a><strong>, w kt\u00f3rym znajdziesz bogat\u0105 ofert\u0119 blat\u00f3w, <\/strong><a href=\"https:\/\/www.brw.pl\/meble\/meble-kuchenne\/kuchnie-modulowe\/\" target=\"_blank\" rel=\"noopener noreferrer\"><strong>kuchni modu\u0142owych<\/strong><\/a><strong>, <\/strong><a href=\"https:\/\/www.brw.pl\/meble\/meble-kuchenne\/kuchnie-na-wymiar\/\" target=\"_blank\" rel=\"noopener noreferrer\"><strong>kuchni na wymiar<\/strong><\/a><strong>, a tak\u017ce modnych <\/strong><a href=\"https:\/\/www.brw.pl\/meble\/meble-kuchenne\/zestawy-kuchenne\/\" target=\"_blank\" rel=\"noopener noreferrer\"><strong>zestaw\u00f3w kuchennych<\/strong><\/a><strong>. Sprawd\u017a!<\/strong><\/p>\n","protected":false},"excerpt":{"rendered":"<p>Bia\u0142e meble kuchenne \u2013 proste, uniwersalne i zawsze modne! W po\u0142\u0105czeniu z ciemnym drewnianym blatem mog\u0105 sta\u0107 si\u0119 baz\u0105 stylowej i bardzo efektownej aran\u017cacji. Jak urz\u0105dzi\u0107 bia\u0142\u0105 kuchni\u0119 z ciemnym blatem? Przeczytaj nasze wskaz\u00f3wki i zainspiruj si\u0119!<\/p>\n","protected":false},"author":21,"featured_media":32658,"comment_status":"closed","ping_status":"open","sticky":false,"template":"","format":"standard","meta":{"footnotes":""},"categories":[39,26],"tags":[],"aioseo_notices":[],"_links":{"self":[{"href":"https:\/\/www.brw.pl\/blog\/wp-json\/wp\/v2\/posts\/32656"}],"collection":[{"href":"https:\/\/www.brw.pl\/blog\/wp-json\/wp\/v2\/posts"}],"about":[{"href":"https:\/\/www.brw.pl\/blog\/wp-json\/wp\/v2\/types\/post"}],"author":[{"embeddable":true,"href":"https:\/\/www.brw.pl\/blog\/wp-json\/wp\/v2\/users\/21"}],"replies":[{"embeddable":true,"href":"https:\/\/www.brw.pl\/blog\/wp-json\/wp\/v2\/comments?post=32656"}],"version-history":[{"count":3,"href":"https:\/\/www.brw.pl\/blog\/wp-json\/wp\/v2\/posts\/32656\/revisions"}],"predecessor-version":[{"id":32665,"href":"https:\/\/www.brw.pl\/blog\/wp-json\/wp\/v2\/posts\/32656\/revisions\/32665"}],"wp:featuredmedia":[{"embeddable":true,"href":"https:\/\/www.brw.pl\/blog\/wp-json\/wp\/v2\/media\/32658"}],"wp:attachment":[{"href":"https:\/\/www.brw.pl\/blog\/wp-json\/wp\/v2\/media?parent=32656"}],"wp:term":[{"taxonomy":"category","embeddable":true,"href":"https:\/\/www.brw.pl\/blog\/wp-json\/wp\/v2\/categories?post=32656"},{"taxonomy":"post_tag","embeddable":true,"href":"https:\/\/www.brw.pl\/blog\/wp-json\/wp\/v2\/tags?post=32656"}],"curies":[{"name":"wp","href":"https:\/\/api.w.org\/{rel}","templated":true}]}}