{"id":32841,"date":"2023-05-30T12:44:00","date_gmt":"2023-05-30T10:44:00","guid":{"rendered":"https:\/\/www.brw.pl\/blog\/?p=32841"},"modified":"2023-05-30T12:44:00","modified_gmt":"2023-05-30T10:44:00","slug":"salon-jedna-sciana-w-innym-kolorze-aranzacje-z-black-red-white","status":"publish","type":"post","link":"https:\/\/www.brw.pl\/blog\/salon-jedna-sciana-w-innym-kolorze-aranzacje-z-black-red-white\/","title":{"rendered":"Salon &#8211; jedna \u015bciana w innym kolorze. Aran\u017cacje z Black Red White"},"content":{"rendered":"<p data-pm-slice=\"1 1 []\"><strong>Znudzi\u0142 Ci si\u0119 dotychczasowy wygl\u0105d Twojego salonu i zastanawiasz si\u0119 nad ma\u0142\u0105 metamorfoz\u0105? Rozwa\u017c pomalowanie jednej \u015bciany farb\u0105 w innym kolorze!<\/strong><\/p>\n<p data-pm-slice=\"1 1 []\"><!--more--><\/p>\n<p><center><img decoding=\"async\" class=\"alignnone size-medium wp-image-31230 lazyload\" data-src=\"https:\/\/www.brw.pl\/blog\/wp-content\/uploads\/2023\/04\/WITRYNA-ALAMEDA-800x450.jpg\" alt=\"\" width=\"800\" height=\"450\" data-srcset=\"https:\/\/www.brw.pl\/blog\/wp-content\/uploads\/2023\/04\/WITRYNA-ALAMEDA-800x450.jpg 800w, https:\/\/www.brw.pl\/blog\/wp-content\/uploads\/2023\/04\/WITRYNA-ALAMEDA.jpg 1920w, https:\/\/www.brw.pl\/blog\/wp-content\/uploads\/2023\/04\/WITRYNA-ALAMEDA-768x432.jpg 768w, https:\/\/www.brw.pl\/blog\/wp-content\/uploads\/2023\/04\/WITRYNA-ALAMEDA-1536x864.jpg 1536w\" data-sizes=\"(max-width: 800px) 100vw, 800px\" src=\"data:image\/svg+xml;base64,PHN2ZyB3aWR0aD0iMSIgaGVpZ2h0PSIxIiB4bWxucz0iaHR0cDovL3d3dy53My5vcmcvMjAwMC9zdmciPjwvc3ZnPg==\" style=\"--smush-placeholder-width: 800px; --smush-placeholder-aspect-ratio: 800\/450;\" \/><\/center><\/p>\n<p style=\"text-align: center;\" data-pm-slice=\"1 1 []\"><a href=\"https:\/\/www.brw.pl\/kolekcja-alameda,516\" target=\"_blank\" rel=\"noopener noreferrer\"><strong>KOLEKCJA MEBLI ALAMEDA<\/strong><\/a><\/p>\n<h2><strong><span data-color=\"rgb(248, 250, 251)\">Jedna \u015bciana w innym kolorze \u2013 postaw na kolorystyczny akcent we wn\u0119trzu!<\/span><\/strong><\/h2>\n<p>W artykule:<\/p>\n<ul>\n<li>wyja\u015bnimy, dlaczego jedna \u015bciana w innym kolorze to \u015bwietny pomys\u0142 w salonie,<\/li>\n<li>podpowiemy, jak urz\u0105dzi\u0107 takie wn\u0119trze,<\/li>\n<li>poka\u017cemy inspiruj\u0105ce aran\u017cacje pokoju dziennego.<\/li>\n<\/ul>\n<h3 style=\"text-align: center;\"><strong>Kolory \u015bcian w aran\u017cacji wn\u0119trz<\/strong><\/h3>\n<p>\u015aciany, nie licz\u0105c sufitu i pod\u0142ogi, zajmuj\u0105 najwi\u0119ksz\u0105 powierzchni\u0119 w pomieszczeniu. <strong>To one stanowi\u0105 t\u0142o dla <\/strong><a href=\"https:\/\/www.brw.pl\/meble\/\" target=\"_blank\" rel=\"noopener noreferrer\"><strong>mebli<\/strong><\/a><strong> oraz dodatk\u00f3w, zatem nale\u017cy uwa\u017cnie dobra\u0107 ich kolor.<\/strong> Malowanie \u015bcian to popularny spos\u00f3b ich wyko\u0144czenia, poniewa\u017c jest tani i szybki. Najbezpieczniejszym rozwi\u0105zaniem s\u0105 oczywi\u015bcie bia\u0142e \u015bciany. Jednak chc\u0105c unikn\u0105\u0107 sztampy, warto wyr\u00f3\u017cni\u0107 kolorem jedn\u0105 z nich. Dlaczego?<\/p>\n<p><strong>Jedna \u015bciana w innym kolorze: <\/strong><\/p>\n<ul>\n<li>to sprawdzony patent na efektown\u0105 metamorfoz\u0119 wn\u0119trza,<\/li>\n<li>o\u017cywi monotonn\u0105 aran\u017cacj\u0119,<\/li>\n<li>pomo\u017ce wyodr\u0119bni\u0107 wybran\u0105 stref\u0119 w salonie, np. wypoczynkow\u0105 lub jadalnian\u0105.<\/li>\n<\/ul>\n<h2><strong><span data-color=\"rgb(248, 250, 251)\">Jak urz\u0105dzi\u0107 salon z jedn\u0105 \u015bcian\u0105 w innym kolorze?<\/span><\/strong><\/h2>\n<p><strong>Baza kolorystyczna w pokoju dziennym powinna by\u0107 neutralna, a przynajmniej stonowana.<\/strong> Sprawdz\u0105 si\u0119 biele, be\u017ce, jasne szaro\u015bci, pastelowe warianty bardziej \u017cywych barw. Dzi\u0119ki nim unikniesz wra\u017cenia chaosu. Pami\u0119taj przy tym, \u017ce ca\u0142y wystr\u00f3j musi by\u0107 sp\u00f3jny. Je\u015bli zdecydujesz si\u0119 na konkretny odcie\u0144 w przypadku jednej ze \u015bcian, zadbaj, aby znalaz\u0142 si\u0119 r\u00f3wnie\u017c na niekt\u00f3rych dodatkach.<\/p>\n<h3 style=\"text-align: center;\"><strong>Pomalowanie jednej \u015bciany farb\u0105 w kontrastowym kolorze<\/strong><\/h3>\n<p>Kontrast dynamizuje przestrze\u0144. Postawienie na mocny odcie\u0144 ma sens tylko w odniesieniu do jednej ze \u015bcian. Gdyby pokry\u0142a wi\u0119ksz\u0105 powierzchni\u0119, mog\u0142aby przyt\u0142acza\u0107.<\/p>\n<p><strong>\u015amia\u0142ym posuni\u0119ciem b\u0119d\u0105 nasycone barwy takie jak: bordo, granat, g\u0142\u0119boki fiolet czy butelkowa ziele\u0144.<\/strong> To modne kolory \u015bcian, kt\u00f3re dodadz\u0105 pazura aran\u017cacji salonu. Z kolei czer\u0144 jest rozwi\u0105zaniem dla odwa\u017cnych, ale w ko\u0144cu do odwa\u017cnych \u015bwiat nale\u017cy. Jedna \u015bciana pomalowana na czarno z pewno\u015bci\u0105 odnajdzie si\u0119 w loftowym wn\u0119trzu.<\/p>\n<p>Wybra\u0142e\u015b intensywny kolor farby i efekt ko\u0144cowy nie do ko\u0144ca Ci odpowiada? Rozwa\u017c delikatne z\u0142agodzenie kontrastu za pomoc\u0105 <a href=\"https:\/\/www.brw.pl\/tekstylia\/\" target=\"_blank\" rel=\"noopener noreferrer\">tekstyli\u00f3w<\/a> w spokojnych barwach &#8211; <a href=\"https:\/\/www.brw.pl\/tekstylia\/wystroj-okien\/zaslony\/\" target=\"_blank\" rel=\"noopener noreferrer\">zas\u0142on<\/a>, <a href=\"https:\/\/www.brw.pl\/tekstylia\/dywany-i-chodniki\/dywany\/\" target=\"_blank\" rel=\"noopener noreferrer\">dywanu<\/a>, <a href=\"https:\/\/www.brw.pl\/dekoracje\/poduszki-dekoracyjne\/\" target=\"_blank\" rel=\"noopener noreferrer\">poduszek dekoracyjnych<\/a>. Mog\u0105 stanowi\u0107 rozbielon\u0105 wersj\u0119 wyrazistego akcentu kolorystycznego, na jaki si\u0119 zdecydowa\u0142e\u015b.<\/p>\n<div style=\"display: flex; flex-wrap: wrap; align-items: center; justify-content: center; text-align: center;\">\n<figure id=\"attachment_20530\" aria-describedby=\"caption-attachment-20530\" style=\"width: 285px\" class=\"wp-caption aligncenter\"><img decoding=\"async\" class=\"wp-image-20530 lazyload\" data-src=\"https:\/\/www.brw.pl\/blog\/wp-content\/uploads\/2023\/05\/dywan-80x130-alta-blue-mediuma.jpg\" alt=\"Dywan Alta blue\" width=\"285\" height=\"214\" src=\"data:image\/svg+xml;base64,PHN2ZyB3aWR0aD0iMSIgaGVpZ2h0PSIxIiB4bWxucz0iaHR0cDovL3d3dy53My5vcmcvMjAwMC9zdmciPjwvc3ZnPg==\" style=\"--smush-placeholder-width: 285px; --smush-placeholder-aspect-ratio: 285\/214;\" \/><figcaption id=\"caption-attachment-20530\" class=\"wp-caption-text\"><a href=\"https:\/\/www.brw.pl\/dywan-80x130-alta-blue,43162\" target=\"_blank\" rel=\"noopener noreferrer\"><span style=\"font-weight: 400;\">Dywan Alta blue<\/span><\/a><\/figcaption><\/figure>\n<figure id=\"attachment_20530\" aria-describedby=\"caption-attachment-20530\" style=\"width: 285px\" class=\"wp-caption aligncenter\"><img decoding=\"async\" class=\"wp-image-20530 lazyload\" data-src=\"https:\/\/www.brw.pl\/blog\/wp-content\/uploads\/2023\/05\/poduszka-dekoracyjna-eternal-mediuma-1.jpg\" alt=\"Poduszka dekoracyjna Eternal\" width=\"285\" height=\"214\" src=\"data:image\/svg+xml;base64,PHN2ZyB3aWR0aD0iMSIgaGVpZ2h0PSIxIiB4bWxucz0iaHR0cDovL3d3dy53My5vcmcvMjAwMC9zdmciPjwvc3ZnPg==\" style=\"--smush-placeholder-width: 285px; --smush-placeholder-aspect-ratio: 285\/214;\" \/><figcaption id=\"caption-attachment-20530\" class=\"wp-caption-text\"><a href=\"https:\/\/www.brw.pl\/poduszka-dekoracyjna-eternal,53082\" target=\"_blank\" rel=\"noopener noreferrer\"><span style=\"font-weight: 400;\">Poduszka dekoracyjna Eternal<\/span><\/a><\/figcaption><\/figure>\n<figure id=\"attachment_20531\" aria-describedby=\"caption-attachment-20531\" style=\"width: 285px\" class=\"wp-caption aligncenter\"><img decoding=\"async\" class=\"wp-image-20531 lazyload\" data-src=\"https:\/\/www.brw.pl\/blog\/wp-content\/uploads\/2023\/05\/zaslona-eclipse-mediuma-1.jpg\" alt=\"Zas\u0142ona Eclipse\" width=\"285\" height=\"214\" src=\"data:image\/svg+xml;base64,PHN2ZyB3aWR0aD0iMSIgaGVpZ2h0PSIxIiB4bWxucz0iaHR0cDovL3d3dy53My5vcmcvMjAwMC9zdmciPjwvc3ZnPg==\" style=\"--smush-placeholder-width: 285px; --smush-placeholder-aspect-ratio: 285\/214;\" \/><figcaption id=\"caption-attachment-20531\" class=\"wp-caption-text\"><a href=\"https:\/\/www.brw.pl\/zaslona-eclipse,51711\" target=\"_blank\" rel=\"noopener noreferrer\"><span style=\"font-weight: 400;\">Zas\u0142ona Eclipse<\/span><\/a><\/figcaption><\/figure>\n<\/div>\n<h3 style=\"text-align: center;\"><strong>Jaka paleta barw optycznie powi\u0119ksza wn\u0119trze?<\/strong><\/h3>\n<p>Tw\u00f3j salon ma skromny metra\u017c? Celuj w jasne kolory! Sprawi\u0105, \u017ce b\u0119dzie wydawa\u0142 si\u0119 wi\u0119kszy, zw\u0142aszcza gdy dodatkowo zainwestujesz w du\u017ce lustro \u015bcienne.<\/p>\n<p><center><img decoding=\"async\" class=\"alignnone size-medium wp-image-13640 lazyload\" data-src=\"https:\/\/www.brw.pl\/blog\/wp-content\/uploads\/2018\/12\/lustro-wiszace-800x645.jpg\" alt=\"\" width=\"800\" height=\"645\" data-srcset=\"https:\/\/www.brw.pl\/blog\/wp-content\/uploads\/2018\/12\/lustro-wiszace-800x645.jpg 800w, https:\/\/www.brw.pl\/blog\/wp-content\/uploads\/2018\/12\/lustro-wiszace-768x619.jpg 768w, https:\/\/www.brw.pl\/blog\/wp-content\/uploads\/2018\/12\/lustro-wiszace.jpg 1339w\" data-sizes=\"(max-width: 800px) 100vw, 800px\" src=\"data:image\/svg+xml;base64,PHN2ZyB3aWR0aD0iMSIgaGVpZ2h0PSIxIiB4bWxucz0iaHR0cDovL3d3dy53My5vcmcvMjAwMC9zdmciPjwvc3ZnPg==\" style=\"--smush-placeholder-width: 800px; --smush-placeholder-aspect-ratio: 800\/645;\" \/><\/center><\/p>\n<p style=\"text-align: center;\"><a href=\"https:\/\/www.brw.pl\/lustro-scienne-basic,22176\" target=\"_blank\" rel=\"noopener noreferrer\"><strong>LUSTRO \u015aCIENNE BASIC<\/strong><\/a><\/p>\n<p>W ma\u0142ym pokoju dziennym pomalowanie nawet jednej \u015bciany farb\u0105 o intensywnej barwie jest ryzykowne. Je\u017celi zale\u017cy Ci na wyj\u015bciu poza neutraln\u0105 palet\u0119, zastan\u00f3w si\u0119 nad jasnymi ods\u0142onami wyrazistych kolor\u00f3w. <strong>Do rozwa\u017cenia s\u0105 np.: seledynowa, mi\u0119towa, sza\u0142wiowa, pastelowor\u00f3\u017cowa, bladob\u0142\u0119kitna b\u0105d\u017a lawendowa.<\/strong><\/p>\n<h3 style=\"text-align: center;\"><strong>Czy kolor \u015bcian wp\u0142ywa na samopoczucie?<\/strong><\/h3>\n<p>Barwy maj\u0105 du\u017cy wp\u0142yw na to, jak si\u0119 czujemy. Koniecznie we\u017a to pod uwag\u0119, maluj\u0105c \u015bciany w salonie. Spokojne b\u0142\u0119kity i zielenie wyciszaj\u0105. Wyrazista czerwie\u0144 pobudza kreatywno\u015b\u0107. Radosne \u017c\u00f3\u0142cienie i pomara\u0144cze s\u0105 energetyczne.<\/p>\n<h3 style=\"text-align: center;\"><strong>Kt\u00f3r\u0105 \u015bcian\u0119 wybra\u0107?<\/strong><\/h3>\n<p>Kt\u00f3r\u0105 \u015bcian\u0119 najlepiej wyr\u00f3\u017cni\u0107? T\u0119, na kt\u00f3r\u0105 zwracasz uwag\u0119 w pierwszej kolejno\u015bci, gdy wchodzisz do pokoju. <strong>Mo\u017ce to by\u0107 \u015bciana za <\/strong><a href=\"https:\/\/www.brw.pl\/meble\/meble-wypoczynkowe\/sofy\/\" target=\"_blank\" rel=\"noopener noreferrer\"><strong>kanap\u0105<\/strong><\/a><strong> w strefie wypoczynkowej salonu albo na przyk\u0142ad \u015bciana telewizyjna.<\/strong> Jednak w tym drugim przypadku kolor nie powinien by\u0107 zbyt \u017cywy, \u017ceby nie odci\u0105ga\u0142 uwagi od ogl\u0105danego programu.<\/p>\n<h2><strong><span data-color=\"rgb(248, 250, 251)\">Salon \u2013 jedna \u015bciana w innym kolorze. Aran\u017cacje z Black Red White<\/span><\/strong><\/h2>\n<p>Przygotowali\u015bmy dla Ciebie dwie aran\u017cacje salonu z jedn\u0105 \u015bcian\u0105 w innym kolorze &#8211; nowoczesn\u0105 oraz skandynawsk\u0105. Zainspiruj si\u0119!<\/p>\n<h3 style=\"text-align: center;\"><strong>\u015aciana z tapet\u0105 w nowoczesnym salonie<\/strong><\/h3>\n<p><center><img decoding=\"async\" class=\"alignnone size-medium wp-image-30062 lazyload\" data-src=\"https:\/\/www.brw.pl\/blog\/wp-content\/uploads\/2023\/02\/Kolekcja-Walton-800x540.png\" alt=\"\" width=\"800\" height=\"540\" data-srcset=\"https:\/\/www.brw.pl\/blog\/wp-content\/uploads\/2023\/02\/Kolekcja-Walton-800x540.png 800w, https:\/\/www.brw.pl\/blog\/wp-content\/uploads\/2023\/02\/Kolekcja-Walton-768x518.png 768w, https:\/\/www.brw.pl\/blog\/wp-content\/uploads\/2023\/02\/Kolekcja-Walton-1536x1037.png 1536w, https:\/\/www.brw.pl\/blog\/wp-content\/uploads\/2023\/02\/Kolekcja-Walton.png 1600w\" data-sizes=\"(max-width: 800px) 100vw, 800px\" src=\"data:image\/svg+xml;base64,PHN2ZyB3aWR0aD0iMSIgaGVpZ2h0PSIxIiB4bWxucz0iaHR0cDovL3d3dy53My5vcmcvMjAwMC9zdmciPjwvc3ZnPg==\" style=\"--smush-placeholder-width: 800px; --smush-placeholder-aspect-ratio: 800\/540;\" \/><\/center><\/p>\n<p style=\"text-align: center;\"><a href=\"https:\/\/www.brw.pl\/kolekcja-walton,595\" target=\"_blank\" rel=\"noopener noreferrer\"><strong>KOLEKCJA MEBLI WALTON<\/strong><\/a><\/p>\n<p>Salon wyposa\u017cony w meble z linii Walton jest stonowany kolorystycznie, jak przysta\u0142o na nowoczesne wn\u0119trze. Szaro\u015bci, czer\u0144 i be\u017c s\u0105 ocieplone jasnym drewnem o wybarwieniu <em>d\u0105b wielki<\/em>. Wykonano z niego meble skrzyniowe. Tymczasem blaty <a href=\"https:\/\/www.brw.pl\/komplet-dwoch-law-40-50-aroz,46059\" target=\"_blank\" rel=\"noopener noreferrer\"><strong>\u0142aw Aroz<\/strong><\/a> maj\u0105 zbli\u017cony odcie\u0144 <em>d\u0105b artisan<\/em>. Naturalny kolor drewna z efektownym rysunkiem us\u0142ojenia powoduje, \u017ce pok\u00f3j nabiera przytulnego charakteru. Natomiast czarne fronty mebli, stela\u017ce \u0142aw i n\u00f3\u017cki <a href=\"https:\/\/www.brw.pl\/fotel-bizu,45714\" target=\"_blank\" rel=\"noopener noreferrer\"><strong>fotela Bizu<\/strong><\/a> dodaj\u0105 mu wyrazu. Zielone ro\u015bliny doniczkowe o\u017cywiaj\u0105 go.<\/p>\n<p>Wspania\u0142ym t\u0142em dla tych wszystkich element\u00f3w s\u0105 \u015bciany. Trzy z nich pomalowali\u015bmy farb\u0105 w modnym odcieniu taupe, kt\u00f3ry oscyluje pomi\u0119dzy be\u017cem a szaro\u015bci\u0105. Na czwartej &#8211; telewizyjnej &#8211; po\u0142o\u017cyli\u015bmy czarno-bia\u0142\u0105 tapet\u0105 z florystycznym motywem, kt\u00f3ra urozmaica oraz dope\u0142nia wystr\u00f3j. Monochromatyczny wz\u00f3r ozdabia r\u00f3wnie\u017c <a href=\"https:\/\/www.brw.pl\/koc-152x127-cardiff,40000\" target=\"_blank\" rel=\"noopener noreferrer\"><strong>koc Cardiff<\/strong><\/a> przerzucony przez fotel. To szczeg\u00f3\u0142, ale nie bez znaczenia. Aran\u017cacja jest dopracowana pod ka\u017cdym wzgl\u0119dem. Nic nie pozostawiono w niej przypadkowi.<\/p>\n<p><strong>Produkty widoczne na zdj\u0119ciu czekaj\u0105 na Ciebie <\/strong><a href=\"https:\/\/www.brw.pl\/inspiracje\/produkty\/?a=9373,walton\" target=\"_blank\" rel=\"noopener noreferrer\"><strong>TUTAJ<\/strong><\/a><strong>.<\/strong><\/p>\n<p>Stoj\u0105c\u0105 pod \u015bcian\u0105 z tapet\u0105 <a href=\"https:\/\/www.brw.pl\/szafka-rtv-walton,48203\" target=\"_blank\" rel=\"noopener noreferrer\"><strong>szafk\u0119 rtv Walton<\/strong><\/a> obejrzysz dok\u0142adniej na filmie dost\u0119pnym na <a href=\"https:\/\/www.youtube.com\/@brwmeble\" target=\"_blank\" rel=\"noopener noreferrer\"><strong>kanale BRW<\/strong><\/a> w serwisie YouTube:<\/p>\n<div class=\"videoWrapper\"><iframe title=\"Szafka rtv Walton\" data-src=\"https:\/\/www.youtube.com\/embed\/rY0O-fo2gew\" frameborder=\"0\" allowfullscreen=\"allowfullscreen\" src=\"data:image\/svg+xml;base64,PHN2ZyB3aWR0aD0iMSIgaGVpZ2h0PSIxIiB4bWxucz0iaHR0cDovL3d3dy53My5vcmcvMjAwMC9zdmciPjwvc3ZnPg==\" data-load-mode=\"1\"><span data-mce-type=\"bookmark\" style=\"display: inline-block; width: 0px; overflow: hidden; line-height: 0;\" class=\"mce_SELRES_start lazyload\">\ufeff<\/span><\/iframe><\/div>\n<p>&nbsp;<\/p>\n<p>Czytaj r\u00f3wnie\u017c: <a href=\"https:\/\/www.brw.pl\/blog\/aranzacje-salonu-tapeta-w-salonie-na-jednej-scianie-czyli-brw-inspiruje\/\" target=\"_blank\" rel=\"noopener noreferrer\"><strong>&#8222;Aran\u017cacje salonu \u2013 tapeta w salonie na jednej \u015bcianie, czyli BRW inspiruje!&#8221;<\/strong><\/a>.<\/p>\n<h3 style=\"text-align: center;\"><strong>Zielona \u015bciana w salonie scandi<\/strong><\/h3>\n<p><center><img decoding=\"async\" class=\"alignnone size-medium wp-image-27091 lazyload\" data-src=\"https:\/\/www.brw.pl\/blog\/wp-content\/uploads\/2022\/09\/heda_salon-800x479.jpg\" alt=\"Kolekcja Heda w salonie\" width=\"800\" height=\"479\" data-srcset=\"https:\/\/www.brw.pl\/blog\/wp-content\/uploads\/2022\/09\/heda_salon-800x479.jpg 800w, https:\/\/www.brw.pl\/blog\/wp-content\/uploads\/2022\/09\/heda_salon-768x460.jpg 768w, https:\/\/www.brw.pl\/blog\/wp-content\/uploads\/2022\/09\/heda_salon-1536x920.jpg 1536w, https:\/\/www.brw.pl\/blog\/wp-content\/uploads\/2022\/09\/heda_salon.jpg 1804w\" data-sizes=\"(max-width: 800px) 100vw, 800px\" src=\"data:image\/svg+xml;base64,PHN2ZyB3aWR0aD0iMSIgaGVpZ2h0PSIxIiB4bWxucz0iaHR0cDovL3d3dy53My5vcmcvMjAwMC9zdmciPjwvc3ZnPg==\" style=\"--smush-placeholder-width: 800px; --smush-placeholder-aspect-ratio: 800\/479;\" \/><\/center><\/p>\n<p style=\"text-align: center;\"><a href=\"https:\/\/www.brw.pl\/kolekcja-heda,447\" target=\"_blank\" rel=\"noopener noreferrer\"><strong>KOLEKCJA MEBLI HEDA<\/strong><\/a><\/p>\n<p>Nasz pok\u00f3j dzienny urz\u0105dzili\u015bmy za pomoc\u0105 mebli z linii Heda. Kolekcja wyr\u00f3\u017cnia si\u0119 g\u0142adkimi bia\u0142ymi frontami wyko\u0144czonymi na po\u0142ysk, male\u0144kimi uchwytami w formie drewnianych ko\u0142k\u00f3w, blatami o ciep\u0142ym wybarwieniu <em>modrzew sibiu z\u0142oty<\/em>. Jednak przede wszystkim uwag\u0119 zwracaj\u0105 smuk\u0142e, wdzi\u0119cznie wygi\u0119te na zewn\u0105trz drewniane n\u00f3\u017cki mebli, kolorystycznie zgrane z blatami. Ich ustawienie i naturalny materia\u0142, z jakiego zosta\u0142y zrobione, idealnie wpisuj\u0105 si\u0119 w skandynawsk\u0105 stylistyk\u0119. Podobnie zreszt\u0105 jak prosta forma mebli oraz dominuj\u0105ce we wn\u0119trzu jasne, ch\u0142odne barwy.<\/p>\n<p>Zauwa\u017c, \u017ce fronty <a href=\"https:\/\/www.brw.pl\/komoda-heda,20680\" target=\"_blank\" rel=\"noopener noreferrer\"><strong>komody<\/strong><\/a> i <a href=\"https:\/\/www.brw.pl\/witryna-heda,20676\" target=\"_blank\" rel=\"noopener noreferrer\"><strong>ni\u017cszej witryny<\/strong><\/a> dyskretnie wtapiaj\u0105 si\u0119 w t\u0142o w postaci bia\u0142ych \u015bcian. Dzi\u0119ki temu optycznie nie odbieraj\u0105 przestrzeni w salonie. Uznali\u015bmy, \u017ce ciekaw\u0105 przeciwwag\u0105 dla bieli trzech \u015bcian b\u0119dzie kontrastowe zestawienie z butelkowozielon\u0105 \u015bcian\u0105 tv we wn\u0119ce. To rozwi\u0105zanie pozwala tak\u017ce wydzieli\u0107 obszar k\u0105cika telewizyjnego w salonie. <strong>Ciemna ziele\u0144 pi\u0119knie podkre\u015bla kszta\u0142t oraz barw\u0119 mebli &#8211;<\/strong> <a href=\"https:\/\/www.brw.pl\/szafka-rtv-heda,20671\" target=\"_blank\" rel=\"noopener noreferrer\"><strong>szafki rtv<\/strong><\/a>, <a href=\"https:\/\/www.brw.pl\/witryna-heda,20673\" target=\"_blank\" rel=\"noopener noreferrer\"><strong>wy\u017cszej witryny<\/strong><\/a>, <a href=\"https:\/\/www.brw.pl\/polka-heda,20677\" target=\"_blank\" rel=\"noopener noreferrer\"><strong>p\u00f3\u0142ki<\/strong><\/a><strong>.<\/strong> Co wi\u0119cej nie b\u0119dzie rozprasza\u0107 podczas ogl\u0105dania telewizji. Ten intensywny, ciemny kolor w aran\u017cacji pomieszczenia jest nieco z\u0142agodzony przez ja\u015bniejsz\u0105, oliwkow\u0105 tapicerk\u0119 fotela. Be\u017cowy dywan z domieszk\u0105 pudrowego r\u00f3\u017cu nieco ociepla wystr\u00f3j.<\/p>\n<p><strong>Produkty widoczne na zdj\u0119ciu czekaj\u0105 na Ciebie <\/strong><a href=\"https:\/\/www.brw.pl\/inspiracje\/produkty\/?a=6053,heda\" target=\"_blank\" rel=\"noopener noreferrer\"><strong>TUTAJ<\/strong><\/a><strong>.<\/strong><\/p>\n<p>Po wi\u0119cej inspiracji zapraszamy do <a href=\"https:\/\/www.brw.pl\/\" target=\"_blank\" rel=\"noopener noreferrer\"><strong><u>sklepu internetowego Black Red White<\/u><\/strong><\/a><strong>!<\/strong><\/p>\n","protected":false},"excerpt":{"rendered":"<p>Znudzi\u0142 Ci si\u0119 dotychczasowy wygl\u0105d Twojego salonu i zastanawiasz si\u0119 nad ma\u0142\u0105 metamorfoz\u0105? Rozwa\u017c pomalowanie jednej \u015bciany farb\u0105 w innym kolorze!<\/p>\n","protected":false},"author":29,"featured_media":31230,"comment_status":"closed","ping_status":"open","sticky":false,"template":"","format":"standard","meta":{"footnotes":""},"categories":[39,28,574,735],"tags":[],"aioseo_notices":[],"_links":{"self":[{"href":"https:\/\/www.brw.pl\/blog\/wp-json\/wp\/v2\/posts\/32841"}],"collection":[{"href":"https:\/\/www.brw.pl\/blog\/wp-json\/wp\/v2\/posts"}],"about":[{"href":"https:\/\/www.brw.pl\/blog\/wp-json\/wp\/v2\/types\/post"}],"author":[{"embeddable":true,"href":"https:\/\/www.brw.pl\/blog\/wp-json\/wp\/v2\/users\/29"}],"replies":[{"embeddable":true,"href":"https:\/\/www.brw.pl\/blog\/wp-json\/wp\/v2\/comments?post=32841"}],"version-history":[{"count":3,"href":"https:\/\/www.brw.pl\/blog\/wp-json\/wp\/v2\/posts\/32841\/revisions"}],"predecessor-version":[{"id":32849,"href":"https:\/\/www.brw.pl\/blog\/wp-json\/wp\/v2\/posts\/32841\/revisions\/32849"}],"wp:featuredmedia":[{"embeddable":true,"href":"https:\/\/www.brw.pl\/blog\/wp-json\/wp\/v2\/media\/31230"}],"wp:attachment":[{"href":"https:\/\/www.brw.pl\/blog\/wp-json\/wp\/v2\/media?parent=32841"}],"wp:term":[{"taxonomy":"category","embeddable":true,"href":"https:\/\/www.brw.pl\/blog\/wp-json\/wp\/v2\/categories?post=32841"},{"taxonomy":"post_tag","embeddable":true,"href":"https:\/\/www.brw.pl\/blog\/wp-json\/wp\/v2\/tags?post=32841"}],"curies":[{"name":"wp","href":"https:\/\/api.w.org\/{rel}","templated":true}]}}