{"id":32906,"date":"2023-06-02T08:07:43","date_gmt":"2023-06-02T06:07:43","guid":{"rendered":"https:\/\/www.brw.pl\/blog\/?p=32906"},"modified":"2024-09-19T11:18:35","modified_gmt":"2024-09-19T09:18:35","slug":"czarne-lamele-w-salonie-inspiracje","status":"publish","type":"post","link":"https:\/\/www.brw.pl\/blog\/czarne-lamele-w-salonie-inspiracje\/","title":{"rendered":"Czarne lamele w salonie \u2013 inspiracje"},"content":{"rendered":"<p><strong>Czarne lamele w salonie to doskona\u0142y spos\u00f3b na aran\u017cacj\u0119, kt\u00f3ra robi wra\u017cenie! Jak wykorzysta\u0107 t\u0119 dekoracj\u0119 we wn\u0119trzu i dlaczego warto si\u0119 na ni\u0105 zdecydowa\u0107? W dzisiejszym artykule podpowiadamy, jak urz\u0105dzi\u0107 salon z czarnymi lamelami. Sprawd\u017a!<\/strong><!--more--><\/p>\n<div style=\"display: flex; align-items: center; justify-content: center; text-align: center;\">\n<figure id=\"attachment_29805\" aria-describedby=\"caption-attachment-29805\" style=\"width: 800px\" class=\"wp-caption aligncenter\"><img decoding=\"async\" class=\"wp-image-29805 size-medium lazyload\" data-src=\"https:\/\/www.brw.pl\/blog\/wp-content\/uploads\/2023\/02\/holten-salon-czarna-sciana-za-tv-800x534.jpg\" alt=\"Czarne lamele w salonie\" width=\"800\" height=\"534\" data-srcset=\"https:\/\/www.brw.pl\/blog\/wp-content\/uploads\/2023\/02\/holten-salon-czarna-sciana-za-tv-800x534.jpg 800w, https:\/\/www.brw.pl\/blog\/wp-content\/uploads\/2023\/02\/holten-salon-czarna-sciana-za-tv-768x512.jpg 768w, https:\/\/www.brw.pl\/blog\/wp-content\/uploads\/2023\/02\/holten-salon-czarna-sciana-za-tv-1536x1025.jpg 1536w, https:\/\/www.brw.pl\/blog\/wp-content\/uploads\/2023\/02\/holten-salon-czarna-sciana-za-tv.jpg 1619w\" data-sizes=\"(max-width: 800px) 100vw, 800px\" src=\"data:image\/svg+xml;base64,PHN2ZyB3aWR0aD0iMSIgaGVpZ2h0PSIxIiB4bWxucz0iaHR0cDovL3d3dy53My5vcmcvMjAwMC9zdmciPjwvc3ZnPg==\" style=\"--smush-placeholder-width: 800px; --smush-placeholder-aspect-ratio: 800\/534;\" \/><figcaption id=\"caption-attachment-29805\" class=\"wp-caption-text\"><a href=\"https:\/\/www.brw.pl\/szafka-rtv-holten,50055\" target=\"_blank\" rel=\"noopener noreferrer\"><span style=\"font-weight: 400;\">Szafka RTV Holten<\/span><\/a> &#8211; <a href=\"https:\/\/www.brw.pl\/komoda-holten-z-szafka-i-3-szufladami-dab-waterford,50035\" target=\"_blank\" rel=\"noopener noreferrer\"><span style=\"font-weight: 400;\">Komoda Holten<\/span><\/a><\/figcaption><\/figure>\n<\/div>\n<h2><strong>Czarne lamele: salon z charakterem!<\/strong><\/h2>\n<p>Lamele \u015bcienne to element dekoracji wn\u0119trz, kt\u00f3ry coraz cz\u0119\u015bciej go\u015bci w modnych aran\u017cacjach. Hit ostatnich sezon\u00f3w stanowi mocn\u0105 konkurencj\u0119 dla dotychczasowych rozwi\u0105za\u0144 takich jak nowoczesne tapety czy sztukaterie. Listwy dekoracyjne w formie lameli MDF, lameli drewnianych czy lameli z poliuretanu s\u0105 na tyle uniwersalne, \u017ce sprawdz\u0105 si\u0119 w ka\u017cdym pomieszczeniu i z powodzeniem mo\u017cna wykorzysta\u0107 je na dziesi\u0105tki sposob\u00f3w. Na ich obecno\u015bci skorzysta na nich zar\u00f3wno ma\u0142y salon, jak i przestronny pok\u00f3j dzienny.<\/p>\n<h3>Lamele \u015bcienne \u2013 rozwi\u0105zanie o wielu zaletach<\/h3>\n<p>W aran\u017cacji wn\u0119trz lamele \u015bcienne to element dekoracyjny, kt\u00f3ry gwarantuje spektakularn\u0105 metamorfoz\u0119 pokoju przy stosunkowo niewielkim nak\u0142adzie \u015brodk\u00f3w i pracy. Z \u0142atwo\u015bci\u0105 wprowadzisz je do ka\u017cdego pomieszczenia: gabinetu, przedpokoju, sypialni czy salonu.<\/p>\n<p><strong>Obok standardowych lameli w odcieniach naturalnego drewna, kt\u00f3re stanowi\u0105 efektowne po\u0142\u0105czenie klasyki i minimalizmu oraz \u015bwietnie kontrastuj\u0105 z ciemnymi \u015bcianami, du\u017cym zainteresowaniem ciesz\u0105 si\u0119 listwy w kolorze czarny mat.<\/strong> Czarne lamele zapewniaj\u0105 intryguj\u0105cy efekt wizualny. Wyr\u00f3\u017cniaj\u0105 si\u0119 eleganckim wygl\u0105dem, s\u0105 wyraziste i dodaj\u0105 wn\u0119trzom charakteru.<\/p>\n<p>Co wi\u0119cej, lamele dekoracyjne w kolorze czarnym dope\u0142ni\u0105 nie tylko nowoczesne wn\u0119trza. Pasuj\u0105 do wielu styl\u00f3w aran\u017cacyjnych: \u015bwietnie wygl\u0105daj\u0105 we wn\u0119trzach loftowych, glam loft, dark nordic czy nowoczesnych. Sprytnie przemycone do skandynawskiej przestrzeni, podkre\u015bl\u0105 naturalne pi\u0119kno jasnych mebli z litego drewna z widocznym rysunkiem us\u0142ojenia. W Twoim salonie, w\u0142a\u015bciwie niezale\u017cnie od zastosowanego w nim stylu, czarne drewniane lamele mog\u0105 sta\u0107 si\u0119 g\u0142\u00f3wnym motywem dekoracyjnym.<\/p>\n<p><strong>Ciekawostka:<\/strong> zale\u017cy Ci na w\u0142a\u015bciwo\u015bciach d\u017awi\u0119koch\u0142onnych lameli? Postaw na lamele na filcu. To\u00a0idealna alternatywa dla klasycznych lameli \u015bciennych, gdy masz wyj\u0105tkowo ha\u0142a\u015bliwych s\u0105siad\u00f3w za \u015bcian\u0105.<\/p>\n<h3>Jak wygl\u0105da monta\u017c lameli dekoracyjnych?<\/h3>\n<p>Popularno\u015b\u0107 lameli \u015bciennych nie bierze si\u0119 znik\u0105d \u2013 s\u0105 niezwykle stylowe, stosunkowo tanie oraz \u0142atwe w monta\u017cu. W jaki spos\u00f3b je zamontowa\u0107? <strong>Nadaj\u0105 si\u0119 do samodzielnego przyci\u0119cia (np. za pomoc\u0105 pi\u0142y ukosowej lub r\u0119cznej), a do ich mocowania wystarczy dobrej jako\u015bci klej monta\u017cowy.<\/strong> Drewniane listwy mo\u017cna uk\u0142ada\u0107 bezpo\u015brednio na \u015bcianie, suficie b\u0105d\u017a na p\u0142ycie laminowanej w dowolnych konfiguracjach: poziomo, pionowo, a nawet uko\u015bnie. Niezale\u017cnie od wybranej opcji monta\u017c lameli nie powinien sprawi\u0107 Ci k\u0142opotu.<\/p>\n<p>W sklepach budowlanych bez problemu znajdziesz gotowy zestaw lameli na wymiar. Zanim zdecydujesz si\u0119 na konkretne listwy, upewnij si\u0119, \u017ce tworz\u0105 kompletny zestaw do samodzielnego monta\u017cu zawieraj\u0105cy wszystkie potrzebne elementy. Warto wiedzie\u0107, \u017ce w niekt\u00f3rych sklepach przed zakupem za niewielk\u0105 op\u0142at\u0105 mo\u017cesz zabra\u0107 pr\u00f3bk\u0119 lameli do domu, aby sprawdzi\u0107, czy wybrany model pasuje do Twojego wn\u0119trza. To daje Ci okazj\u0119 do przetestowania lameli w r\u00f3\u017cnych odcieniach i wybrania optymalnych gotowych do monta\u017cu listew, kt\u00f3re idealnie zgraj\u0105 si\u0119 z wystrojem salonu.<\/p>\n<h2><strong>Czarne lamele w salonie \u2013 jakie meble i dodatki wybra\u0107?<\/strong><\/h2>\n<p>Jak wprowadzi\u0107 czarne lamele \u015bcienne do salonu? Tak naprawd\u0119 mo\u017cesz zrobi\u0107 to na kilka sposob\u00f3w. Na pocz\u0105tek zdecyduj, kt\u00f3r\u0105 ze \u015bcian w pokoju dziennym chcesz pokry\u0107 dekoracyjnymi listwami. <strong>Pami\u0119taj, \u017ce nie musisz mocowa\u0107 ich na ca\u0142ej \u015bcianie \u2013 lamele mog\u0105 zakrywa\u0107 tylko jej fragment<\/strong>.<\/p>\n<p>Czarne lamele \u015bwietnie komponuj\u0105 si\u0119 z innymi materia\u0142ami, takimi jak beton architektoniczny, drewno czy ceg\u0142a. Nic nie stoi wi\u0119c na przeszkodzie, by pokusi\u0107 si\u0119 o zastosowanie dw\u00f3ch rozwi\u0105za\u0144 w ramach jednej aran\u017cacji.<\/p>\n<h3>Czarne lamele na \u015bcianie TV<\/h3>\n<p>Zastanawiasz si\u0119, w jaki spos\u00f3b wyr\u00f3\u017cni\u0107 \u015bcian\u0119 za telewizorem? \u015awietnym rozwi\u0105zaniem b\u0119dzie \u015bciana z lamelami. Salon wizualnie bardzo na niej zyska. <strong>Je\u015bli chcesz stworzy\u0107 nietuzinkow\u0105 aran\u017cacj\u0119, listwy dekoracyjne mo\u017cesz umie\u015bci\u0107 tylko na po\u0142owie \u015bciany, a wolne miejsca pokry\u0107 czarn\u0105 lub betonow\u0105 farb\u0105.<\/strong> Zanim zrealizujesz sw\u00f3j pomys\u0142, zwr\u00f3\u0107 uwag\u0119 na wymiary lameli. W przestrzeni za telewizorem najlepiej sprawdz\u0105 si\u0119 w\u0105skie lamele o szeroko\u015bci 30-40 mm.<\/p>\n<p>Zobacz tak\u017ce: &#8222;<a href=\"https:\/\/www.brw.pl\/blog\/sciana-z-tv-w-salonie-inspiracje\/\" target=\"_blank\" rel=\"noopener noreferrer\">\u015aciana z TV w salonie \u2013 inspiracje&#8221;.<\/a><\/p>\n<p>K\u0105cik telewizyjny nabierze wyrazu, je\u015bli umie\u015bcisz w nim meble wpisuj\u0105ce si\u0119 w stylistyk\u0119 wn\u0119trza. Na ciemnym tle znakomicie zaprezentuje si\u0119 prosta <a href=\"https:\/\/www.brw.pl\/meble\/szafki-rtv\/\" target=\"_blank\" rel=\"noopener noreferrer\">szafka RTV<\/a> oraz <a href=\"https:\/\/www.brw.pl\/meble\/przechowywanie\/witryny\/\" target=\"_blank\" rel=\"noopener noreferrer\">witryny<\/a> w kolorze d\u0119bowego drewna. Dzi\u0119ki czarnej \u015bcianie telewizor b\u0119dzie niemal niewidoczny \u2013 mo\u017cesz mie\u0107 wi\u0119c pewno\u015b\u0107, \u017ce nie zaburzy wystroju salonu.<\/p>\n<div style=\"display: flex; align-items: center; justify-content: center; text-align: center;\">\n<figure id=\"attachment_32909\" aria-describedby=\"caption-attachment-32909\" style=\"width: 350px\" class=\"wp-caption aligncenter\"><a href=\"https:\/\/www.brw.pl\/witryna-vabres-90-cm-z-3-drzwiami-dab-artisan-lamela,287249\" target=\"_blank\" rel=\"noopener noreferrer\"><img decoding=\"async\" class=\"wp-image-32909 lazyload\" data-src=\"https:\/\/www.brw.pl\/blog\/wp-content\/uploads\/2024\/07\/witryna-vabres-90-cm-z-3-drzwiami-dab-artisan-lamela-slargeb.jpg\" alt=\"Witryna Vabres\" width=\"350\" height=\"263\" src=\"data:image\/svg+xml;base64,PHN2ZyB3aWR0aD0iMSIgaGVpZ2h0PSIxIiB4bWxucz0iaHR0cDovL3d3dy53My5vcmcvMjAwMC9zdmciPjwvc3ZnPg==\" style=\"--smush-placeholder-width: 350px; --smush-placeholder-aspect-ratio: 350\/263;\" \/><\/a><figcaption id=\"caption-attachment-32909\" class=\"wp-caption-text\"><a href=\"https:\/\/www.brw.pl\/witryna-vabres-90-cm-z-3-drzwiami-dab-artisan-lamela,287249\" target=\"_blank\" rel=\"noopener noreferrer\"><span style=\"font-weight: 400;\">Witryna Vabres<\/span><\/a><\/figcaption><\/figure>\n<figure id=\"attachment_20869\" aria-describedby=\"caption-attachment-20869\" style=\"width: 350px\" class=\"wp-caption aligncenter\"><a href=\"https:\/\/www.brw.pl\/szafka-rtv-lamea-135-cm-z-drzwiami-szuflada-i-polka-dab-artisan,209895\" target=\"_blank\" rel=\"noopener noreferrer\"><img decoding=\"async\" class=\"wp-image-20869 lazyload\" data-src=\"https:\/\/www.brw.pl\/blog\/wp-content\/uploads\/2021\/11\/szafka-rtv-lamea-z-drzwiami-szuflada-dab-artisan-slargeb.jpg\" alt=\"Szafka RTV Lamea\" width=\"350\" height=\"263\" src=\"data:image\/svg+xml;base64,PHN2ZyB3aWR0aD0iMSIgaGVpZ2h0PSIxIiB4bWxucz0iaHR0cDovL3d3dy53My5vcmcvMjAwMC9zdmciPjwvc3ZnPg==\" style=\"--smush-placeholder-width: 350px; --smush-placeholder-aspect-ratio: 350\/263;\" \/><\/a><figcaption id=\"caption-attachment-20869\" class=\"wp-caption-text\"><a href=\"https:\/\/www.brw.pl\/szafka-rtv-lamea-135-cm-z-drzwiami-szuflada-i-polka-dab-artisan,209895\" target=\"_blank\" rel=\"noopener noreferrer\"><span style=\"font-weight: 400;\">Szafka RTV Lamea<\/span><\/a><\/figcaption><\/figure>\n<\/div>\n<h3>Czarne lamele w strefie wypoczynkowej<\/h3>\n<p>Czarne lamele \u015bcienne pozwol\u0105 Ci modnie zaaran\u017cowa\u0107 stref\u0119 wypoczynkow\u0105. W przypadku lameli \u015bciennych wystarczy pokry\u0107 nimi \u015bcian\u0119 za kanap\u0105, by wn\u0119trze zyska\u0142o zupe\u0142nie nowy rys. <strong>Na tle listew w kolorze czarny mat warto wyeksponowa\u0107 eleganck\u0105 <a href=\"https:\/\/www.brw.pl\/meble\/meble-wypoczynkowe\/sofy\/\" target=\"_blank\" rel=\"noopener noreferrer\">sof\u0119<\/a>, najlepiej obit\u0105 aksamitn\u0105 tkanin\u0105 o wyrazistym wybarwieniu.<\/strong> Intryguj\u0105cy efekt uzyskasz, decyduj\u0105c si\u0119 np. na butelkow\u0105 ziele\u0144, musztardow\u0105 \u017c\u00f3\u0142\u0107 czy rubinow\u0105 czerwie\u0144. Je\u015bli bardziej przekonuje Ci\u0119 wystr\u00f3j tchn\u0105cy spokojem, postaw na kanap\u0119 w odcieniach szaro\u015bci lub be\u017cu.<\/p>\n<div style=\"display: flex; align-items: center; justify-content: center; text-align: center;\">\n<figure id=\"attachment_33133\" aria-describedby=\"caption-attachment-33133\" style=\"width: 401px\" class=\"wp-caption aligncenter\"><a href=\"https:\/\/www.brw.pl\/sofa-trzyosobowa-verto-rozkladana-z-pojemnikiem-welurowa-zielona,56878\" target=\"_blank\" rel=\"noopener noreferrer\"><img decoding=\"async\" class=\"wp-image-33133 lazyload\" data-src=\"https:\/\/www.brw.pl\/blog\/wp-content\/uploads\/2023\/06\/sofa-verto-tkanina-elma-12-green-asti-31-green.jpg\" alt=\"sofa Verto\" width=\"401\" height=\"301\" src=\"data:image\/svg+xml;base64,PHN2ZyB3aWR0aD0iMSIgaGVpZ2h0PSIxIiB4bWxucz0iaHR0cDovL3d3dy53My5vcmcvMjAwMC9zdmciPjwvc3ZnPg==\" style=\"--smush-placeholder-width: 401px; --smush-placeholder-aspect-ratio: 401\/301;\" \/><\/a><figcaption id=\"caption-attachment-33133\" class=\"wp-caption-text\"><a href=\"https:\/\/www.brw.pl\/sofa-trzyosobowa-verto-rozkladana-z-pojemnikiem-welurowa-zielona,56878\" target=\"_blank\" rel=\"noopener noreferrer\"><span style=\"font-weight: 400;\">SOFA VERTO<\/span><\/a><\/figcaption><\/figure>\n<\/div>\n<div style=\"display: flex; align-items: center; justify-content: center; text-align: center;\"><\/div>\n<p><strong>Wskaz\u00f3wka:<\/strong> Tw\u00f3j pok\u00f3j dzienny ma skromny metra\u017c? Dobrym pomys\u0142em b\u0119dzie \u015bciana z lamelami i lustrem nad kanap\u0105. Lustro nie tylko stanowi dekoracj\u0119 \u015bciany, lecz tak\u017ce optycznie powi\u0119ksza przestrze\u0144.<\/p>\n<h3><span id=\"Czarne_lamele_w_roli_przepierzenia\">\u015aciana dzia\u0142owa z lameli &#8211; moda i praktyczna dekoracja<\/span><\/h3>\n<p>W du\u017cym salonie po\u0142\u0105czonym z kuchni\u0105 gotowa \u015bcianka z lameli czarnych zda egzamin r\u00f3wnie\u017c w roli przepierzenia. To nowoczesny spos\u00f3b na oddzielenie r\u00f3\u017cnych stref we wn\u0119trzu. Chc\u0105c wyznaczy\u0107 podzia\u0142 mi\u0119dzy strefami funkcjonalnymi, np. kuchenn\u0105 i dzienn\u0105 lub dzienn\u0105 i jadalnian\u0105, \u015bmia\u0142o mo\u017cesz wykorzysta\u0107 drewniane listwy. <strong>A\u017curowa \u015bcianka z lameli w czarnym kolorze przes\u0142oni wybrane strefy, jednocze\u015bnie nie zaburzaj\u0105c proporcji wn\u0119trza.<\/strong> Obok takiej dekoracji nie spos\u00f3b przej\u015b\u0107 oboj\u0119tnie! \u015acianka dzia\u0142owa z lameli to nowoczesny akcent w mieszkaniu, kt\u00f3ry cieszy si\u0119 du\u017cym powodzeniem, szczeg\u00f3lnie gdy w tym samym pomieszczeniu znajduje si\u0119 salon z jadalni\u0105 lub salon z aneksem kuchennym.<\/p>\n<h3>\u015acianka z a\u017curowych listew &#8211; doskona\u0142e rozwi\u0105zanie w ma\u0142ym wn\u0119trzu<\/h3>\n<p>Ogromnym atutem \u015bcianki a\u017curowej z lameli jest to, \u017ce nie zamyka przestrzeni w przeciwie\u0144stwie do tradycyjnej \u015bcianki dzia\u0142owej. Je\u015bli Tw\u00f3j salon nie imponuje rozmiarem, a chcesz dyskretnie odseparowa\u0107 od siebie wybrane strefy, lamele przyjd\u0105 Ci z pomoc\u0105.<\/p>\n<h3><span id=\"Czarne_lamele_na_suficie\">Czarne lamele zamontowane na suficie<\/span><\/h3>\n<p>Innym sposobem na wyodr\u0119bnienie poszczeg\u00f3lnych stref w pokoju dziennym jest <strong>poprowadzenie lameli od \u015bciany a\u017c do sufitu<\/strong>. Taka dekoracja najefektowniej prezentuje si\u0119 w cz\u0119\u015bci jadalnianej, w kt\u00f3rej mie\u015bci si\u0119 sporych rozmiar\u00f3w st\u00f3\u0142. Nic nie stoi na przeszkodzie, by lamele zago\u015bci\u0142y r\u00f3wnie\u017c nad wysp\u0105 kuchenn\u0105 po\u0142\u0105czon\u0105 z dodatkowym blatem. <strong>Modne wyko\u0144czenie \u015bcian i sufitu podkre\u015bli odpowiednie <\/strong><a href=\"https:\/\/www.brw.pl\/oswietlenie\/\" target=\"_blank\" rel=\"noopener noreferrer\"><strong>o\u015bwietlenie<\/strong><\/a>. Lampy w stylu industrialnym lub nowoczesne oprawy wisz\u0105ce o kulistym kszta\u0142cie b\u0119d\u0105 strza\u0142em w dziesi\u0105tk\u0119.<\/p>\n<div style=\"display: flex; align-items: center; justify-content: center; text-align: center;\">\n<figure id=\"attachment_32908\" aria-describedby=\"caption-attachment-32908\" style=\"width: 350px\" class=\"wp-caption aligncenter\"><img decoding=\"async\" class=\"wp-image-32908 lazyload\" data-src=\"https:\/\/www.brw.pl\/blog\/wp-content\/uploads\/2023\/06\/lampa-sufitowa-viggo.jpg\" alt=\"Lampa sufitowa Viggo\" width=\"350\" height=\"263\" src=\"data:image\/svg+xml;base64,PHN2ZyB3aWR0aD0iMSIgaGVpZ2h0PSIxIiB4bWxucz0iaHR0cDovL3d3dy53My5vcmcvMjAwMC9zdmciPjwvc3ZnPg==\" style=\"--smush-placeholder-width: 350px; --smush-placeholder-aspect-ratio: 350\/263;\" \/><figcaption id=\"caption-attachment-32908\" class=\"wp-caption-text\"><a href=\"https:\/\/www.brw.pl\/lampa-sufitowa-viggo,54663\" target=\"_blank\" rel=\"noopener noreferrer\"><span style=\"font-weight: 400;\">Lampa sufitowa Viggo<\/span><\/a><\/figcaption><\/figure>\n<figure id=\"attachment_32907\" aria-describedby=\"caption-attachment-32907\" style=\"width: 350px\" class=\"wp-caption aligncenter\"><img decoding=\"async\" class=\"wp-image-32907 lazyload\" data-src=\"https:\/\/www.brw.pl\/blog\/wp-content\/uploads\/2023\/06\/lampa-sufitowa-diamond.jpg\" alt=\"Lampa sufitowa Diamond\" width=\"350\" height=\"262\" src=\"data:image\/svg+xml;base64,PHN2ZyB3aWR0aD0iMSIgaGVpZ2h0PSIxIiB4bWxucz0iaHR0cDovL3d3dy53My5vcmcvMjAwMC9zdmciPjwvc3ZnPg==\" style=\"--smush-placeholder-width: 350px; --smush-placeholder-aspect-ratio: 350\/262;\" \/><figcaption id=\"caption-attachment-32907\" class=\"wp-caption-text\"><a href=\"https:\/\/www.brw.pl\/lampa-sufitowa-diamond,44019\" target=\"_blank\" rel=\"noopener noreferrer\"><span style=\"font-weight: 400;\">Lampa sufitowa Diamond<\/span><\/a><\/figcaption><\/figure>\n<\/div>\n<h2><strong>Lamele czarne w salonie \u2013 aran\u017cacje<\/strong><\/h2>\n<p>Jak urz\u0105dzi\u0107 salon z czarnymi lamelami? Sp\u00f3jrz na poni\u017csz\u0105 aran\u017cacj\u0119 \u2013 nasz pomys\u0142 z pewno\u015bci\u0105 Ci\u0119 zainspiruje!<\/p>\n<div style=\"display: flex; align-items: center; justify-content: center; text-align: center;\">\n<p><img decoding=\"async\" class=\"wp-image-30187 size-medium lazyload\" data-src=\"https:\/\/www.brw.pl\/blog\/wp-content\/uploads\/2023\/02\/sofa-street-iv-800x534.jpg\" alt=\"Sofa Street IV - czarna kanapa w salonie\" width=\"800\" height=\"534\" data-srcset=\"https:\/\/www.brw.pl\/blog\/wp-content\/uploads\/2023\/02\/sofa-street-iv-800x534.jpg 800w, https:\/\/www.brw.pl\/blog\/wp-content\/uploads\/2023\/02\/sofa-street-iv-768x512.jpg 768w, https:\/\/www.brw.pl\/blog\/wp-content\/uploads\/2023\/02\/sofa-street-iv-1536x1025.jpg 1536w, https:\/\/www.brw.pl\/blog\/wp-content\/uploads\/2023\/02\/sofa-street-iv.jpg 1619w\" data-sizes=\"(max-width: 800px) 100vw, 800px\" src=\"data:image\/svg+xml;base64,PHN2ZyB3aWR0aD0iMSIgaGVpZ2h0PSIxIiB4bWxucz0iaHR0cDovL3d3dy53My5vcmcvMjAwMC9zdmciPjwvc3ZnPg==\" style=\"--smush-placeholder-width: 800px; --smush-placeholder-aspect-ratio: 800\/534;\" \/><\/p>\n<\/div>\n<p>Szerokie lamele \u015bcienne wykonane z materia\u0142u w kolorze czarny mat wprowadzono do cz\u0119\u015bci wypoczynkowej salonu. Listwy zajmuj\u0105 po\u0142ow\u0119 \u015bciany \u2013 pozosta\u0142\u0105 powierzchni\u0119 pokryto jasn\u0105 tapet\u0105. Za pomoc\u0105 lameli po\u0142o\u017conych tylko na fragmencie \u015bciany pomieszczenie zyska\u0142o oryginalny wygl\u0105d, unikni\u0119to natomiast efektu przyt\u0142oczenia.<\/p>\n<p>Centrum wypoczynku nale\u017cy do minimalistycznej sofy z ozdobnymi przeszyciami. Towarzysz\u0105 jej kontrastuj\u0105ce z czerni\u0105 dodatki \u2013 <a href=\"https:\/\/www.brw.pl\/poduszka-dekoracyjna-lena-45x45-cm-zolta,45827\" target=\"_blank\" rel=\"noopener\"><strong>poduszka dekoracyjna Lena<\/strong><\/a>\u00a0oraz pikowany puf \u2013 obydwa w s\u0142onecznym kolorze. Aran\u017cacj\u0119 o loftowym charakterze uzupe\u0142niaj\u0105 proste meble o lekkich sylwetkach. W k\u0105cie pokoju stan\u0105\u0142 a\u017curowy rega\u0142\u00a0\u2013 idealne miejsce na wyeksponowanie ksi\u0105\u017cek i drobiazg\u00f3w takich jak metalowy koszyk z drewnian\u0105 przykrywk\u0105.<\/p>\n<p>Dzi\u0119ki niewielkiej toaletce pod oknem powsta\u0142 komfortowy k\u0105cik do pracy z czarnym krzes\u0142em i industrialn\u0105 lampk\u0105 biurkow\u0105. Wystr\u00f3j uzupe\u0142niaj\u0105 detale: tarczowy zegar na \u015bcianie z lamelami, ro\u015bliny doniczkowe, geometryczny dywan i oprawy o\u015bwietleniowe w kolorze czarnym.<\/p>\n<p><strong>Jak widzisz, czarne lamele \u015bcienne to znakomity pomys\u0142 na dekoracj\u0119 wn\u0119trza z charakterem.\u00a0<\/strong><strong>W naszej ofercie znajdziesz meble i dodatki, kt\u00f3re dope\u0142ni\u0105 wystr\u00f3j Twojego salonu. Zapraszamy do <a href=\"https:\/\/www.brw.pl\/\" target=\"_blank\" rel=\"noopener noreferrer\">sklepu internetowego Black Red White<\/a>!<\/strong><\/p>\n<p>Chcesz pozna\u0107 wi\u0119cej pomys\u0142\u00f3w na aran\u017cacje z lamelami? Przeczytaj nasz artyku\u0142: \u201e<a href=\"https:\/\/www.brw.pl\/blog\/lamele-w-salonie-aranzacje\/\" target=\"_blank\" rel=\"noopener noreferrer\">Lamele w salonie \u2014 aran\u017cacje\u201d.<\/a><\/p>\n","protected":false},"excerpt":{"rendered":"<p>Czarne lamele w salonie to doskona\u0142y spos\u00f3b na aran\u017cacj\u0119, kt\u00f3ra robi wra\u017cenie! Jak wykorzysta\u0107 t\u0119 dekoracj\u0119 we wn\u0119trzu i dlaczego warto si\u0119 na ni\u0105 zdecydowa\u0107? W dzisiejszym artykule podpowiadamy, jak urz\u0105dzi\u0107 salon z czarnymi lamelami. Sprawd\u017a!<\/p>\n","protected":false},"author":21,"featured_media":29805,"comment_status":"closed","ping_status":"open","sticky":false,"template":"","format":"standard","meta":{"footnotes":""},"categories":[39,28,735],"tags":[],"aioseo_notices":[],"_links":{"self":[{"href":"https:\/\/www.brw.pl\/blog\/wp-json\/wp\/v2\/posts\/32906"}],"collection":[{"href":"https:\/\/www.brw.pl\/blog\/wp-json\/wp\/v2\/posts"}],"about":[{"href":"https:\/\/www.brw.pl\/blog\/wp-json\/wp\/v2\/types\/post"}],"author":[{"embeddable":true,"href":"https:\/\/www.brw.pl\/blog\/wp-json\/wp\/v2\/users\/21"}],"replies":[{"embeddable":true,"href":"https:\/\/www.brw.pl\/blog\/wp-json\/wp\/v2\/comments?post=32906"}],"version-history":[{"count":7,"href":"https:\/\/www.brw.pl\/blog\/wp-json\/wp\/v2\/posts\/32906\/revisions"}],"predecessor-version":[{"id":37195,"href":"https:\/\/www.brw.pl\/blog\/wp-json\/wp\/v2\/posts\/32906\/revisions\/37195"}],"wp:featuredmedia":[{"embeddable":true,"href":"https:\/\/www.brw.pl\/blog\/wp-json\/wp\/v2\/media\/29805"}],"wp:attachment":[{"href":"https:\/\/www.brw.pl\/blog\/wp-json\/wp\/v2\/media?parent=32906"}],"wp:term":[{"taxonomy":"category","embeddable":true,"href":"https:\/\/www.brw.pl\/blog\/wp-json\/wp\/v2\/categories?post=32906"},{"taxonomy":"post_tag","embeddable":true,"href":"https:\/\/www.brw.pl\/blog\/wp-json\/wp\/v2\/tags?post=32906"}],"curies":[{"name":"wp","href":"https:\/\/api.w.org\/{rel}","templated":true}]}}