{"id":32960,"date":"2023-06-05T17:59:02","date_gmt":"2023-06-05T15:59:02","guid":{"rendered":"https:\/\/www.brw.pl\/blog\/?p=32960"},"modified":"2023-06-06T09:46:02","modified_gmt":"2023-06-06T07:46:02","slug":"ile-miejsca-na-stol-z-krzeslami-potrzebujesz-brw-podpowiada","status":"publish","type":"post","link":"https:\/\/www.brw.pl\/blog\/ile-miejsca-na-stol-z-krzeslami-potrzebujesz-brw-podpowiada\/","title":{"rendered":"Ile miejsca na st\u00f3\u0142 z krzes\u0142ami potrzebujesz? BRW podpowiada!"},"content":{"rendered":"<p data-pm-slice=\"1 1 []\"><strong>Urz\u0105dzasz mieszkanie i zastanawiasz si\u0119, gdzie najlepiej umie\u015bci\u0107 st\u00f3\u0142 z krzes\u0142ami? Je\u015bli nie dysponujesz odr\u0119bnym pomieszczeniem dedykowanym jadalni, do wyboru pozostaj\u0105 salon oraz kuchnia. Pojawia si\u0119 tak\u017ce pytanie: ile miejsca przeznaczy\u0107 na st\u00f3\u0142 i krzes\u0142a? Chcesz pozna\u0107 odpowied\u017a? Czytaj dalej!<\/strong><\/p>\n<p data-pm-slice=\"1 1 []\"><!--more--><\/p>\n<p><center><img decoding=\"async\" class=\"alignnone size-medium wp-image-26699 lazyload\" data-src=\"https:\/\/www.brw.pl\/blog\/wp-content\/uploads\/2022\/09\/S472_Sawira_dzienny_ar1-800x601.jpg\" alt=\"Pok\u00f3j dzienny z kolekcj\u0105 Sawira\" width=\"800\" height=\"601\" data-srcset=\"https:\/\/www.brw.pl\/blog\/wp-content\/uploads\/2022\/09\/S472_Sawira_dzienny_ar1-800x601.jpg 800w, https:\/\/www.brw.pl\/blog\/wp-content\/uploads\/2022\/09\/S472_Sawira_dzienny_ar1-768x577.jpg 768w, https:\/\/www.brw.pl\/blog\/wp-content\/uploads\/2022\/09\/S472_Sawira_dzienny_ar1.jpg 1438w\" data-sizes=\"(max-width: 800px) 100vw, 800px\" src=\"data:image\/svg+xml;base64,PHN2ZyB3aWR0aD0iMSIgaGVpZ2h0PSIxIiB4bWxucz0iaHR0cDovL3d3dy53My5vcmcvMjAwMC9zdmciPjwvc3ZnPg==\" style=\"--smush-placeholder-width: 800px; --smush-placeholder-aspect-ratio: 800\/601;\" \/><\/center><\/p>\n<p style=\"text-align: center;\" data-pm-slice=\"1 1 []\"><a href=\"https:\/\/www.brw.pl\/stol-rozkladany-sawira,46626\" target=\"_blank\" rel=\"noopener noreferrer\"><strong>St\u00f3\u0142<\/strong><\/a> oraz <a href=\"https:\/\/www.brw.pl\/krzeslo-sawira,42118\" target=\"_blank\" rel=\"noopener noreferrer\"><strong>krzes\u0142a<\/strong><\/a> z <a href=\"https:\/\/www.brw.pl\/kolekcja-sawira,578\" target=\"_blank\" rel=\"noopener noreferrer\"><strong>kolekcji mebli Sawira<\/strong><\/a><\/p>\n<h2><strong><span data-color=\"rgb(248, 250, 251)\">Urz\u0105dzamy pomieszczenia: miejsce na krzes\u0142a i st\u00f3\u0142<\/span><\/strong><\/h2>\n<p>W naszym artykule:<\/p>\n<ul>\n<li>wyja\u015bnimy, ile miejsca potrzeba na zagospodarowanie strefy jadalnianej,<\/li>\n<li>podpowiemy, jakie warunki musz\u0105 zosta\u0107 spe\u0142nione, aby wygodnie jada\u0107 posi\u0142ki,<\/li>\n<li>zdradzimy, jaki obszar zarezerwowa\u0107 dla sto\u0142u z krzes\u0142ami w kuchni, jadalni oraz salonie po\u0142\u0105czonym z jadalni\u0105,<\/li>\n<li>poka\u017cemy inspiruj\u0105ce aran\u017cacje jadalni i k\u0105cika jadalnianego.<\/li>\n<\/ul>\n<h3 style=\"text-align: center;\"><strong>Ile wolnego miejsca przeznaczy\u0107 na stref\u0119 jadalnian\u0105?<\/strong><\/h3>\n<p>Wielko\u015b\u0107 pomieszczenia i liczba os\u00f3b, kt\u00f3re korzystaj\u0105 ze <a href=\"https:\/\/www.brw.pl\/meble\/stoly-i-krzesla\/stoly\/\" target=\"_blank\" rel=\"noopener noreferrer\">sto\u0142u<\/a>, maj\u0105 du\u017ce znaczenie podczas aran\u017cacji miejsca, w kt\u00f3rym jesz posi\u0142ki. Od w\u0142a\u015bciwego rozmieszczenia mebli zale\u017cy, czy k\u0105cik jadalniany stanowi sp\u00f3jny element wystroju wn\u0119trza.<\/p>\n<p>Wysoko\u015b\u0107 sto\u0142u jadalnianego zwykle wynosi oko\u0142o <strong>80 cm<\/strong>, za\u015b siedziska <a href=\"https:\/\/www.brw.pl\/meble\/stoly-i-krzesla\/krzesla\/\" target=\"_blank\" rel=\"noopener noreferrer\">krzese\u0142<\/a> znajduj\u0105 si\u0119 na poziomie <strong>45-48 cm<\/strong>. Ka\u017cde krzes\u0142o powinno wsun\u0105\u0107 si\u0119 pod st\u00f3\u0142 w taki spos\u00f3b, aby siedz\u0105cy bez najmniejszego problemu zmie\u015bci\u0142 pod nim zar\u00f3wno nogi, jak i r\u0119ce. Dlaczego r\u00f3wnie\u017c r\u0119ce? Poniewa\u017c umo\u017cliwi to roz\u0142o\u017cenie serwetki na kolanach. Zwr\u00f3\u0107 przy tym uwag\u0119, \u017ceby oparcia krzese\u0142 nie wystawa\u0142y zbytnio ponad blat sto\u0142u &#8211; to zaburzy symetri\u0119 ca\u0142ego uk\u0142adu.<\/p>\n<p>Jak blisko ustawi\u0107 krzes\u0142a obok siebie? Siedz\u0105cy musz\u0105 mie\u0107 do dyspozycji minimum <strong>60 cm<\/strong> wzd\u0142u\u017c blatu oraz ok. <strong>40 cm<\/strong> w g\u0142\u0105b blatu, aby wygodnie im si\u0119 jad\u0142o. Z kolei odleg\u0142o\u015b\u0107, na jak\u0105 odsuniesz krzes\u0142o od sto\u0142u, nie wpadaj\u0105c na inne meble, niech mierzy przynajmniej<strong> 70 cm<\/strong>.<\/p>\n<p><strong>Ile krzese\u0142 dobra\u0107 do sto\u0142u? <\/strong><\/p>\n<ul>\n<li>St\u00f3\u0142 o d\u0142ugo\u015bci 120 cm: od 4 do 6 krzese\u0142.<\/li>\n<li>St\u00f3\u0142 o d\u0142ugo\u015bci 150 &#8211; 180 cm: od 6 do 8 krzese\u0142.<\/li>\n<li>St\u00f3\u0142 o d\u0142ugo\u015bci 200 &#8211; 220 cm: od 8 do 10 krzese\u0142.<\/li>\n<li>St\u00f3\u0142 o d\u0142ugo\u015bci powy\u017cej 270 cm: 12 krzese\u0142.<\/li>\n<\/ul>\n<h3 style=\"text-align: center;\"><strong>St\u00f3\u0142 okr\u0105g\u0142y, kwadratowy czy prostok\u0105tny &#8211; jaki blat sto\u0142u u\u0142atwi zadanie?<\/strong><\/h3>\n<p><strong>Sto\u0142y prostok\u0105tne pozwalaj\u0105 zaoszcz\u0119dzi\u0107 wi\u0119cej miejsca ni\u017c sto\u0142y okr\u0105g\u0142e czy kwadratowe z kilku powod\u00f3w.<\/strong> Niezale\u017cnie od rozmiaru prostok\u0105tnego mebla, szczyty sto\u0142u zwykle pozostaj\u0105 zarezerwowane dla pojedynczych krzese\u0142. Zatem decyduj\u0105c si\u0119 na wi\u0119kszy st\u00f3\u0142 &#8211; i co za tym idzie wi\u0119cej krzese\u0142 &#8211; bierzesz pod uwag\u0119 tylko jego d\u0142u\u017csze boki. Ponadto kr\u00f3tszy bok prostok\u0105tnego sto\u0142u zawsze mo\u017cesz dosun\u0105\u0107 do \u015bciany. Przepadnie tylko jedno miejsce siedz\u0105ce, aran\u017cacja wn\u0119trza na tym nie straci, a Ty zyskasz dodatkow\u0105 przestrze\u0144.<\/p>\n<p><center><img decoding=\"async\" class=\"alignnone wp-image-32962 lazyload\" data-src=\"https:\/\/www.brw.pl\/blog\/wp-content\/uploads\/2023\/06\/zestaw-stol-z-krzeslami-sto-138-bis-kolor-wybarwienia-baku-4-grey-dab-naturalny-dab-burlington-allover-mediumb.jpg\" alt=\"Zestaw st\u00f3\u0142 z krzes\u0142ami STO\/138 BIS\" width=\"450\" height=\"338\" src=\"data:image\/svg+xml;base64,PHN2ZyB3aWR0aD0iMSIgaGVpZ2h0PSIxIiB4bWxucz0iaHR0cDovL3d3dy53My5vcmcvMjAwMC9zdmciPjwvc3ZnPg==\" style=\"--smush-placeholder-width: 450px; --smush-placeholder-aspect-ratio: 450\/338;\" \/><\/center><\/p>\n<p style=\"text-align: center;\"><a href=\"https:\/\/www.brw.pl\/zestaw-stol-z-krzeslami-sto-138-bis,36166\" target=\"_blank\" rel=\"noopener noreferrer\"><strong>ST\u00d3\u0141 STO\/138 BIS<\/strong><\/a><\/p>\n<h2><strong><span data-color=\"rgb(248, 250, 251)\">Ile miejsca zajmuje st\u00f3\u0142 z krzes\u0142ami?<\/span><\/strong><\/h2>\n<p>Mamy dla Ciebie kilka wskaz\u00f3wek, kt\u00f3re pomog\u0105 Ci umiej\u0119tnie wkomponowa\u0107 st\u00f3\u0142 z krzes\u0142ami w wystr\u00f3j kuchni, jadalni b\u0105d\u017a salonu po\u0142\u0105czonego z jadalni\u0105. Zainspiruj si\u0119!<\/p>\n<h3 style=\"text-align: center;\"><strong><span data-color=\"rgb(248, 250, 251)\">Ile miejsca na st\u00f3\u0142 z krzes\u0142ami potrzebujesz w kuchni?<\/span><\/strong><\/h3>\n<p>Przestronna kuchnia daje du\u017ce mo\u017cliwo\u015bci w odniesieniu do rozmiaru sto\u0142u z krzes\u0142ami oraz ich lokalizacji. W mniejszej staje si\u0119 to prawdziwym wyzwaniem. Na skromnym metra\u017cu najcz\u0119\u015bciej mie\u015bci si\u0119 jedynie kompaktowy, typowo \u015bniadaniowy okr\u0105g\u0142y st\u00f3\u0142 dla maksymalnie dw\u00f3ch os\u00f3b. Alternatyw\u0105 jest wielofunkcyjny p\u00f3\u0142wysep kuchenny odgrywaj\u0105cy jednocze\u015bnie role blatu roboczego i sto\u0142u jadalnianego.<\/p>\n<p>Je\u015bli bardzo zale\u017cy Ci na wstawieniu sto\u0142u z krzes\u0142ami do kuchni, dopilnuj, by zarezerwowa\u0107 dla \u015bcie\u017cek komunikacyjnych mniej wi\u0119cej <strong>120 cm<\/strong>. To optymalna szeroko\u015b\u0107, jaka pozwala na komfortowe poruszanie si\u0119 po pokoju.<\/p>\n<h3 style=\"text-align: center;\"><strong><span data-color=\"rgb(248, 250, 251)\">Ile miejsca na st\u00f3\u0142 z krzes\u0142ami potrzebujesz w jadalni?<\/span><\/strong><\/h3>\n<p>Masz na tyle du\u017cy dom, \u017ce mo\u017cesz sobie pozwoli\u0107 na niezale\u017cn\u0105 jadalni\u0119? Tak czy inaczej musisz uwzgl\u0119dni\u0107 kilka czynnik\u00f3w, szukaj\u0105c odpowiedniego sto\u0142u i krzese\u0142.<\/p>\n<p>Przede wszystkim powiniene\u015b wygodnie przemieszcza\u0107 si\u0119 wok\u00f3\u0142 sto\u0142u. To wymaga przynajmniej <strong>metra<\/strong> dodatkowej przestrzeni. Pami\u0119taj te\u017c, \u017ce w jadalni zwykle stoi <a href=\"https:\/\/www.brw.pl\/meble\/przechowywanie\/komody\/\" target=\"_blank\" rel=\"noopener noreferrer\">komoda<\/a> lub <a href=\"https:\/\/www.brw.pl\/meble\/przechowywanie\/witryny\/\" target=\"_blank\" rel=\"noopener noreferrer\">witryna<\/a> z naczyniami i innymi akcesoriami potrzebnymi w tym pomieszczeniu. Zadbaj o to, aby mie\u0107 do niej dobry dost\u0119p.<\/p>\n<h3 style=\"text-align: center;\"><strong><span data-color=\"rgb(248, 250, 251)\">Ile miejsca na st\u00f3\u0142 z krzes\u0142ami potrzebujesz w salonie po\u0142\u0105czonym z jadalni\u0105?<\/span><\/strong><\/h3>\n<p>Salon po\u0142\u0105czony z jadalni\u0105 si\u0142\u0105 rzeczy pe\u0142ni wiele funkcji na raz. W takim wn\u0119trzu ka\u017cdy centymetr wolnej przestrzeni ma znaczenie, dlatego najlepszym rozwi\u0105zaniem jest <a href=\"https:\/\/www.brw.pl\/meble\/stoly-i-krzesla\/stoly\/stoly-rozkladane\/\" target=\"_blank\" rel=\"noopener noreferrer\">rozk\u0142adany st\u00f3\u0142<\/a>. Poza porami posi\u0142k\u00f3w nie przyt\u0142oczy wn\u0119trza. Przyda si\u0119, gdy zaprosisz go\u015bci. Niekt\u00f3re modele rozk\u0142adaj\u0105 si\u0119 do d\u0142ugo\u015bci a\u017c <strong>3 metr\u00f3w<\/strong>, wi\u0119c niespodziewana wizyta kilku znajomych raczej nie b\u0119dzie k\u0142opotliwa.<\/p>\n<p>W pokoju dziennym znajduje si\u0119 wiele r\u00f3\u017cnych mebli &#8211; <a href=\"https:\/\/www.brw.pl\/meble\/przechowywanie\/regaly\/\" target=\"_blank\" rel=\"noopener noreferrer\">rega\u0142y<\/a>, witryny, komody, <a href=\"https:\/\/www.brw.pl\/meble\/meble-wypoczynkowe\/sofy\/\" target=\"_blank\" rel=\"noopener noreferrer\">sofy<\/a>, <a href=\"https:\/\/www.brw.pl\/meble\/meble-wypoczynkowe\/fotele\/\" target=\"_blank\" rel=\"noopener noreferrer\">fotele<\/a>, <a href=\"https:\/\/www.brw.pl\/meble\/stoly-i-krzesla\/lawy-i-stoliki\/stoliki\/\" target=\"_blank\" rel=\"noopener noreferrer\">stoliki<\/a> kawowe itp. Wybieraj\u0105c st\u00f3\u0142 oraz krzes\u0142a, warto wiedzie\u0107, \u017ce ich odleg\u0142o\u015b\u0107 od pozosta\u0142ych mebli powinna wynosi\u0107 ok. <strong>76 cm<\/strong>.<\/p>\n<h2><strong><span data-color=\"rgb(248, 250, 251)\">Miejsce na st\u00f3\u0142 z krzes\u0142ami \u2013 aran\u017cacje<\/span><\/strong><\/h2>\n<p>Przyjrzyj si\u0119 dw\u00f3m aran\u017cacjom sto\u0142u z krzes\u0142ami &#8211; w nowoczesnym k\u0105ciku jadalnianym oraz jadalni w stylu loft.<\/p>\n<h3 style=\"text-align: center;\"><strong>Nowoczesny k\u0105cik jadalniany<\/strong><\/h3>\n<p><center><img decoding=\"async\" class=\"alignnone size-medium wp-image-30056 lazyload\" data-src=\"https:\/\/www.brw.pl\/blog\/wp-content\/uploads\/2023\/02\/St\u00f3\u0142-i-krzes\u0142a-Forn-800x600.jpg\" alt=\"St\u00f3\u0142 i krzes\u0142a Forn\" width=\"800\" height=\"600\" data-srcset=\"https:\/\/www.brw.pl\/blog\/wp-content\/uploads\/2023\/02\/St\u00f3\u0142-i-krzes\u0142a-Forn-800x600.jpg 800w, https:\/\/www.brw.pl\/blog\/wp-content\/uploads\/2023\/02\/St\u00f3\u0142-i-krzes\u0142a-Forn-768x576.jpg 768w, https:\/\/www.brw.pl\/blog\/wp-content\/uploads\/2023\/02\/St\u00f3\u0142-i-krzes\u0142a-Forn.jpg 1440w\" data-sizes=\"(max-width: 800px) 100vw, 800px\" src=\"data:image\/svg+xml;base64,PHN2ZyB3aWR0aD0iMSIgaGVpZ2h0PSIxIiB4bWxucz0iaHR0cDovL3d3dy53My5vcmcvMjAwMC9zdmciPjwvc3ZnPg==\" style=\"--smush-placeholder-width: 800px; --smush-placeholder-aspect-ratio: 800\/600;\" \/><\/center><\/p>\n<p style=\"text-align: center;\"><a href=\"https:\/\/www.brw.pl\/stol-rozkladany-forn,44811\" target=\"_blank\" rel=\"noopener noreferrer\"><strong>St\u00f3\u0142<\/strong><\/a> oraz <a href=\"https:\/\/www.brw.pl\/krzeslo-tapicerowane-forn-czarny-welur-dab-stirling,44812\" target=\"_blank\" rel=\"noopener noreferrer\"><strong>krzes\u0142a<\/strong><\/a> z <a href=\"https:\/\/www.brw.pl\/kolekcja-forn,550\" target=\"_blank\" rel=\"noopener noreferrer\"><strong>kolekcji mebli Forn<\/strong><\/a><\/p>\n<p>W naszym przestronnym nowoczesnym salonie stref\u0119 jadalnian\u0105 wydzielili\u015bmy w rogu pokoju, tu\u017c przy naro\u017cnym oknie. Wpada przez nie wystarczaj\u0105ca ilo\u015b\u0107 \u015bwiat\u0142a, aby w ci\u0105gu dnia nie trzeba by\u0142o do\u015bwietla\u0107 k\u0105cika jadalnianego. Dodatkowym atutem takiej lokalizacji jest mo\u017cliwo\u015b\u0107 podziwiania widoku za oknem w czasie posi\u0142ku.<\/p>\n<p>Salon jest wyposa\u017cony w rozbudowan\u0105 lini\u0119 mebli Forn. Meble s\u0105 dost\u0119pne w a\u017c czterech wariantach kolorystycznych. W przypadku <strong>rozk\u0142adanego sto\u0142u o d\u0142ugo\u015bci 140 &#8211; 180 cm<\/strong> zdecydowali\u015bmy si\u0119 na matowy czarny blat dyskretnie ozdobiony uko\u015bnymi frezami i nogi o ciep\u0142ym wybarwieniu <em>d\u0105b stirling<\/em>. Takie same nogi podtrzymuj\u0105 konstrukcj\u0119 krzese\u0142. Ich siedziska i oparcia s\u0105 obite mi\u0119kk\u0105, mi\u0142\u0105 w dotyku tkanin\u0105 Mavel 19 Black. Ciemna tonacja kolorystyczna zestawu dodaje charakteru aran\u017cacji, a prosta forma mebli podkre\u015bla nowoczesny charakter salonu.<\/p>\n<p><strong>Produkty widoczne na zdj\u0119ciu czekaj\u0105 na Ciebie <\/strong><a href=\"https:\/\/www.brw.pl\/inspiracje\/produkty\/?a=8909,forn\" target=\"_blank\" rel=\"noopener noreferrer\"><strong>TUTAJ<\/strong><\/a><strong>.<\/strong><\/p>\n<p>Czytaj r\u00f3wnie\u017c <a href=\"https:\/\/www.brw.pl\/blog\/salon-z-oknem-naroznym-aranzacje\/\" target=\"_blank\" rel=\"noopener noreferrer\"><strong>&#8222;Salon z oknem naro\u017cnym \u2013 aran\u017cacje&#8221;<\/strong><\/a>.<\/p>\n<h3 style=\"text-align: center;\"><strong>Jadalnia w stylu loft<\/strong><\/h3>\n<p><center><img decoding=\"async\" class=\"alignnone size-medium wp-image-30366 lazyload\" data-src=\"https:\/\/www.brw.pl\/blog\/wp-content\/uploads\/2023\/03\/Eland-Ramla-800x533.jpg\" alt=\"\" width=\"800\" height=\"533\" data-srcset=\"https:\/\/www.brw.pl\/blog\/wp-content\/uploads\/2023\/03\/Eland-Ramla-800x533.jpg 800w, https:\/\/www.brw.pl\/blog\/wp-content\/uploads\/2023\/03\/Eland-Ramla-768x512.jpg 768w, https:\/\/www.brw.pl\/blog\/wp-content\/uploads\/2023\/03\/Eland-Ramla-1536x1024.jpg 1536w, https:\/\/www.brw.pl\/blog\/wp-content\/uploads\/2023\/03\/Eland-Ramla.jpg 1620w\" data-sizes=\"(max-width: 800px) 100vw, 800px\" src=\"data:image\/svg+xml;base64,PHN2ZyB3aWR0aD0iMSIgaGVpZ2h0PSIxIiB4bWxucz0iaHR0cDovL3d3dy53My5vcmcvMjAwMC9zdmciPjwvc3ZnPg==\" style=\"--smush-placeholder-width: 800px; --smush-placeholder-aspect-ratio: 800\/533;\" \/><\/center><\/p>\n<p style=\"text-align: center;\"><a href=\"https:\/\/www.brw.pl\/stol-100-eland,49021\" target=\"_blank\" rel=\"noopener noreferrer\"><strong>St\u00f3\u0142 Eland<\/strong><\/a> oraz <strong>krzes\u0142a<\/strong> <a href=\"https:\/\/www.brw.pl\/krzeslo-czarny-alm,45234\" target=\"_blank\" rel=\"noopener noreferrer\"><strong>Alm<\/strong><\/a> i <a href=\"https:\/\/www.brw.pl\/krzeslo-oliwkowy-seran,43234\" target=\"_blank\" rel=\"noopener noreferrer\"><strong>Seran<\/strong><\/a><\/p>\n<p>W naszej loftowej jadalni g\u0142\u00f3wnym bohaterem aran\u017cacji jest <strong>rozk\u0142adany st\u00f3\u0142 Eland o d\u0142ugo\u015bci 100 &#8211; 200 cm<\/strong>. Dlatego znalaz\u0142 si\u0119 w centrum pokoju. Zaoblone kraw\u0119dzie sto\u0142u nieco ograniczaj\u0105 liczb\u0119 krzese\u0142, kt\u00f3re mo\u017cna do niego dostawi\u0107, jednak nie ma to wi\u0119kszego znaczenia po roz\u0142o\u017ceniu mebla. W\u00f3wczas spokojnie stanie przy nim a\u017c 6 krzese\u0142.<\/p>\n<p>Jasny blat sto\u0142u w odcieniu <em>d\u0105b artisan<\/em> wsp\u00f3\u0142gra z frontami mebli skrzyniowych z <a href=\"https:\/\/www.brw.pl\/kolekcja-ramla,601\" target=\"_blank\" rel=\"noopener noreferrer\"><strong>kolekcji Ramla<\/strong><\/a> o wybarwieniu <em>jesion g\u00f3rski<\/em>. Solidny stela\u017c sto\u0142u wykonano z metalu, podobnie jak nogi krzese\u0142 Alm i Seran oraz mebli Ramla. St\u00f3\u0142, krzes\u0142a i meble skrzyniowe pochodz\u0105 z r\u00f3\u017cnych kolekcji, ale maj\u0105 kilka cech wsp\u00f3lnych &#8211; s\u0105 minimalistyczne, do\u015b\u0107 surowe i stonowane kolorystycznie. Dzi\u0119ki temu wystr\u00f3j jest bardzo sp\u00f3jny.<\/p>\n<p><strong>Produkty widoczne na zdj\u0119ciu czekaj\u0105 na Ciebie <\/strong><a href=\"https:\/\/www.brw.pl\/inspiracje\/produkty\/?a=9366,ramla-eland\" target=\"_blank\" rel=\"noopener noreferrer\"><strong>TUTAJ<\/strong><\/a><strong>.<\/strong><\/p>\n<p>Po wi\u0119cej inspiracji zapraszamy do <a href=\"https:\/\/www.brw.pl\/\" target=\"_blank\" rel=\"noopener noreferrer\"><strong><u>sklepu internetowego Black Red White<\/u><\/strong><\/a><strong>!<\/strong><\/p>\n<p>A je\u015bli chcesz dowiedzie\u0107 si\u0119 czego\u015b wi\u0119cej o ekologicznej kolekcji Sawira, z kt\u00f3rej pochodz\u0105 st\u00f3\u0142 i krzes\u0142a wykorzystane na zdj\u0119ciu ok\u0142adkowym, obejrzyj film <strong>&#8222;Mieszkaj \u015bwiadomie&#8221;<\/strong>. Jest dost\u0119pny na <a href=\"https:\/\/www.youtube.com\/@brwmeble\" target=\"_blank\" rel=\"noopener noreferrer\"><strong>kanale BRW<\/strong><\/a> w serwisie YouTube:<\/p>\n<div class=\"videoWrapper\"><iframe title=\"Mieszkaj \u015bwiadomie\" data-src=\"https:\/\/www.youtube.com\/embed\/XQd8PJQgw4c\" frameborder=\"0\" allowfullscreen=\"allowfullscreen\" src=\"data:image\/svg+xml;base64,PHN2ZyB3aWR0aD0iMSIgaGVpZ2h0PSIxIiB4bWxucz0iaHR0cDovL3d3dy53My5vcmcvMjAwMC9zdmciPjwvc3ZnPg==\" data-load-mode=\"1\"><span data-mce-type=\"bookmark\" style=\"display: inline-block; width: 0px; overflow: hidden; line-height: 0;\" class=\"mce_SELRES_start lazyload\">\ufeff<\/span><\/iframe><\/div>\n<p>&nbsp;<\/p>\n","protected":false},"excerpt":{"rendered":"<p>Urz\u0105dzasz mieszkanie i zastanawiasz si\u0119, gdzie najlepiej umie\u015bci\u0107 st\u00f3\u0142 z krzes\u0142ami? Je\u015bli nie dysponujesz odr\u0119bnym pomieszczeniem dedykowanym jadalni, do wyboru pozostaj\u0105 salon oraz kuchnia. Pojawia si\u0119 tak\u017ce pytanie: ile miejsca przeznaczy\u0107 na st\u00f3\u0142 i krzes\u0142a? Chcesz pozna\u0107 odpowied\u017a? Czytaj dalej!<\/p>\n","protected":false},"author":29,"featured_media":26699,"comment_status":"closed","ping_status":"open","sticky":false,"template":"","format":"standard","meta":{"footnotes":""},"categories":[39,738,574],"tags":[],"aioseo_notices":[],"_links":{"self":[{"href":"https:\/\/www.brw.pl\/blog\/wp-json\/wp\/v2\/posts\/32960"}],"collection":[{"href":"https:\/\/www.brw.pl\/blog\/wp-json\/wp\/v2\/posts"}],"about":[{"href":"https:\/\/www.brw.pl\/blog\/wp-json\/wp\/v2\/types\/post"}],"author":[{"embeddable":true,"href":"https:\/\/www.brw.pl\/blog\/wp-json\/wp\/v2\/users\/29"}],"replies":[{"embeddable":true,"href":"https:\/\/www.brw.pl\/blog\/wp-json\/wp\/v2\/comments?post=32960"}],"version-history":[{"count":5,"href":"https:\/\/www.brw.pl\/blog\/wp-json\/wp\/v2\/posts\/32960\/revisions"}],"predecessor-version":[{"id":32966,"href":"https:\/\/www.brw.pl\/blog\/wp-json\/wp\/v2\/posts\/32960\/revisions\/32966"}],"wp:featuredmedia":[{"embeddable":true,"href":"https:\/\/www.brw.pl\/blog\/wp-json\/wp\/v2\/media\/26699"}],"wp:attachment":[{"href":"https:\/\/www.brw.pl\/blog\/wp-json\/wp\/v2\/media?parent=32960"}],"wp:term":[{"taxonomy":"category","embeddable":true,"href":"https:\/\/www.brw.pl\/blog\/wp-json\/wp\/v2\/categories?post=32960"},{"taxonomy":"post_tag","embeddable":true,"href":"https:\/\/www.brw.pl\/blog\/wp-json\/wp\/v2\/tags?post=32960"}],"curies":[{"name":"wp","href":"https:\/\/api.w.org\/{rel}","templated":true}]}}