{"id":32992,"date":"2023-06-09T12:07:00","date_gmt":"2023-06-09T10:07:00","guid":{"rendered":"https:\/\/www.brw.pl\/blog\/?p=32992"},"modified":"2025-05-26T11:37:29","modified_gmt":"2025-05-26T09:37:29","slug":"wygodna-kanapa-do-spania-ranking-black-red-white","status":"publish","type":"post","link":"https:\/\/www.brw.pl\/blog\/wygodna-kanapa-do-spania-ranking-black-red-white\/","title":{"rendered":"Wygodna sofa do spania codziennego \u2013 ranking Black Red White"},"content":{"rendered":"<p data-pm-slice=\"1 1 []\"><strong>Wygodna kanapa rozk\u0142adana sprawdzi si\u0119 w wielu wn\u0119trzach. Mo\u017cesz postawi\u0107 j\u0105 na przyk\u0142ad w salonie i w razie potrzeby przenocowa\u0107 na niej go\u015bci. Spisze si\u0119 r\u00f3wnie\u017c w ma\u0142ym pokoju m\u0142odzie\u017cowym, gdzie liczy si\u0119 ka\u017cdy centymetr wolnej przestrzeni. W kawalerce umo\u017cliwi po\u0142\u0105czenie salonu z sypialni\u0105. Jak wybra\u0107 odpowiedni\u0105 sof\u0119 z funkcj\u0105 spania\u00a0codziennego? Zobacz najbardziej komfortowe kanapy rozk\u0142adane do spania dost\u0119pne w ofercie Black Red White i zainspiruj si\u0119!<\/strong><\/p>\n<p data-pm-slice=\"1 1 []\"><!--more--><\/p>\n<p><center><img decoding=\"async\" class=\"alignnone size-medium wp-image-18770 lazyload\" data-src=\"https:\/\/www.brw.pl\/blog\/wp-content\/uploads\/2021\/07\/SENTILA_LUX_3DL_Matrix-19_ar1_L-800x533.jpg\" alt=\"Meble wypoczynkowe z funkcj\u0105 spania - Sentila\" width=\"800\" height=\"533\" data-srcset=\"https:\/\/www.brw.pl\/blog\/wp-content\/uploads\/2021\/07\/SENTILA_LUX_3DL_Matrix-19_ar1_L-800x533.jpg 800w, https:\/\/www.brw.pl\/blog\/wp-content\/uploads\/2021\/07\/SENTILA_LUX_3DL_Matrix-19_ar1_L-scaled.jpg 1620w, https:\/\/www.brw.pl\/blog\/wp-content\/uploads\/2021\/07\/SENTILA_LUX_3DL_Matrix-19_ar1_L-768x512.jpg 768w, https:\/\/www.brw.pl\/blog\/wp-content\/uploads\/2021\/07\/SENTILA_LUX_3DL_Matrix-19_ar1_L-1536x1024.jpg 1536w, https:\/\/www.brw.pl\/blog\/wp-content\/uploads\/2021\/07\/SENTILA_LUX_3DL_Matrix-19_ar1_L-2048x1366.jpg 2048w\" data-sizes=\"(max-width: 800px) 100vw, 800px\" src=\"data:image\/svg+xml;base64,PHN2ZyB3aWR0aD0iMSIgaGVpZ2h0PSIxIiB4bWxucz0iaHR0cDovL3d3dy53My5vcmcvMjAwMC9zdmciPjwvc3ZnPg==\" style=\"--smush-placeholder-width: 800px; --smush-placeholder-aspect-ratio: 800\/533;\" \/><\/center><\/p>\n<h2 data-pm-slice=\"1 1 []\"><strong><span data-color=\"rgb(248, 250, 251)\">Kanapy do spania \u2013 wygodne, czyli jakie?<\/span><\/strong><\/h2>\n<p>W naszym artykule:<\/p>\n<ul>\n<li>podpowiemy, w kt\u00f3rym pomieszczeniu warto postawi\u0107 sof\u0119 z funkcj\u0105 spania,<\/li>\n<li>wyja\u015bnimy, na co zwr\u00f3ci\u0107 uwag\u0119, wybieraj\u0105c rozk\u0142adan\u0105 kanap\u0119,<\/li>\n<li>zaprezentujemy najwygodniejsze sofy z oferty BRW.<\/li>\n<\/ul>\n<h3 style=\"text-align: center;\"><span id=\"Sofy_rozkladane_w_salonie\"><strong>Sofy z funkcj\u0105 spania rozk\u0142adane w salonie<\/strong><\/span><\/h3>\n<p>Jaki jest sens posiadania kanapy z funkcj\u0105 spania, je\u015bli dysponujesz oddzieln\u0105 sypialni\u0105 z pe\u0142nowymiarowym <a href=\"https:\/\/www.brw.pl\/meble\/lozka\/\" target=\"_blank\" rel=\"noopener noreferrer\">\u0142\u00f3\u017ckiem<\/a>? Wbrew pozorom takie rozwi\u0105zanie ma wiele zalet. Po pierwsze, <strong>gdy z daleka przyjad\u0105 w odwiedziny znajomi lub rodzina, b\u0119dziesz m\u00f3g\u0142 zaproponowa\u0107 im nocleg<\/strong>. Dzi\u0119ki temu nie b\u0119d\u0105 musieli wynajmowa\u0107 pokoju w hotelu. Po drugie, sp\u0119dzenie kilku nocy na sofie w salonie zmniejszy ryzyko zara\u017cenia osoby, z kt\u00f3r\u0105 dzielisz sypialni\u0119, kiedy si\u0119 przezi\u0119bisz. Po trzecie, <strong>ogl\u0105danie d\u0142ugiego filmu w pokoju dziennym jest znacznie przyjemniejsze na roz\u0142o\u017conej kanapie<\/strong>, z wyprostowanymi nogami opartymi na mi\u0119kkim materacu.<\/p>\n<h3 style=\"text-align: center;\"><strong>Kanapa z funkcj\u0105 spania w pokoju dziecka<\/strong><\/h3>\n<p>W sytuacji, w kt\u00f3rej dzieci\u0119cy pok\u00f3j ma skromny metra\u017c, du\u017cym udogodnieniem b\u0119dzie kanapa, kt\u00f3r\u0105 da si\u0119 roz\u0142o\u017cy\u0107. <strong>W ci\u0105gu dnia nie zabierze du\u017co miejsca, wi\u0119c Twoja pociecha b\u0119dzie mia\u0142a wi\u0119cej przestrzeni do zabawy.<\/strong> Wieczorem za\u015b, po roz\u0142o\u017ceniu, sofa zmieni si\u0119 w \u0142\u00f3\u017cko, w kt\u00f3rym dziecko smacznie za\u015bnie, regeneruj\u0105c organizm po aktywnym dniu.<\/p>\n<h3 style=\"text-align: center;\"><span id=\"Sofa_rozkladana_w_kawalerce\"><strong>Sofa rozk\u0142adana w kawalerce \u2013 wygodne miejsce do spania<\/strong><\/span><\/h3>\n<p>W kawalerce rozk\u0142adane meble to doskona\u0142y pomys\u0142. W jednopokojowym mieszkaniu to samo pomieszczenie pe\u0142ni kilka r\u00f3\u017cnych funkcji &#8211; salonu, sypialni, kuchni (je\u015bli ma aneks kuchenny), biura (je\u017celi pracujesz zdalnie). W zwi\u0105zku z tym urz\u0105dzenie takiej kawalerki to prawdziwa ekwilibrystyka aran\u017cacyjna.<\/p>\n<p>W kamienicy z wysokimi sufitami jedn\u0105 z mo\u017cliwo\u015bci jest zbudowanie antresoli, kt\u00f3ra przejmie rol\u0119 pokoju sypialnego. Co jednak zrobi\u0107, gdy sufit jest zawieszony na standardowej wysoko\u015bci i antresola nie wchodzi w gr\u0119? <strong>Wtedy przyda si\u0119 wygodna sofa z funkcj\u0105 spania, poniewa\u017c w dzie\u0144 nie zajmie wiele przestrzeni, za to w nocy zapewni komfortowy sen.<\/strong><\/p>\n<p>Przeczytaj r\u00f3wnie\u017c: <a href=\"https:\/\/www.brw.pl\/blog\/mikrokawalerka-jak-urzadzic-takie-lokum-postaw-na-funkcjonalnosc\/\" target=\"_blank\" rel=\"noopener noreferrer\"><strong>&#8222;Mikrokawalerka \u2013 jak urz\u0105dzi\u0107 takie lokum? Postaw na funkcjonalno\u015b\u0107!&#8221;<\/strong><\/a>.<\/p>\n<h3 style=\"text-align: center;\"><span id=\"Jak_wybrac_kanape_z_funkcja_spania\"><strong>Jak wybra\u0107 kanap\u0119 z funkcj\u0105 spania, kt\u00f3ra \u0142\u0105czy komfort i funkcjonalno\u015b\u0107?<\/strong><\/span><\/h3>\n<p>Staromodne wersalki, na kt\u00f3rych nie spos\u00f3b si\u0119 wyspa\u0107, dawno odesz\u0142y do lamusa. Wyb\u00f3r sofy, kt\u00f3ra spe\u0142nia wsp\u00f3\u0142czesne standardy, powiniene\u015b uzale\u017cni\u0107 od wielu czynnik\u00f3w. Jakich?<\/p>\n<p><strong>W pierwszej kolejno\u015bci zastan\u00f3w si\u0119, jak cz\u0119sto b\u0119dziesz korzysta\u0107 z roz\u0142o\u017conej sofy.<\/strong> Przy sporadycznym u\u017cytkowaniu nie musisz przywi\u0105zywa\u0107 a\u017c tak du\u017cej wagi do parametr\u00f3w zwi\u0105zanych ze spaniem, a wi\u0119c mechanizmu rozk\u0142adania mebla, powierzchni materaca, jego wype\u0142nienia itp. W\u00f3wczas mo\u017cesz w wi\u0119kszym stopniu skupi\u0107 si\u0119 na estetyce jako kolejnym kryterium wyboru. Natomiast kanapa, na kt\u00f3rej \u015bpisz ka\u017cdej nocy, musi spe\u0142ni\u0107 szereg warunk\u00f3w, aby wygodnie Ci si\u0119 z niej korzysta\u0142o.<\/p>\n<p>Przede wszystkim we\u017a pod uwag\u0119 ilo\u015b\u0107 dost\u0119pnego miejsca. Przesuni\u0119cie <a href=\"https:\/\/www.brw.pl\/meble\/stoly-i-krzesla\/lawy-i-stoliki\/stoliki\/\" target=\"_blank\" rel=\"noopener noreferrer\">stolika<\/a> kawowego przed snem to drobiazg, ale codzienne przestawianie wi\u0119kszej liczby mebli &#8211; <a href=\"https:\/\/www.brw.pl\/meble\/meble-wypoczynkowe\/fotele\/\" target=\"_blank\" rel=\"noopener noreferrer\">fotel\u00f3w<\/a>, <a href=\"https:\/\/www.brw.pl\/meble\/meble-wypoczynkowe\/pufy\/\" target=\"_blank\" rel=\"noopener noreferrer\">puf\u00f3w<\/a> itd. &#8211; by\u0142oby mocno uci\u0105\u017cliwe. <strong>Rozmiar kanapy musi by\u0107 dostosowany do metra\u017cu wn\u0119trza oraz uk\u0142adu pozosta\u0142ych element\u00f3w wyposa\u017cenia.<\/strong><\/p>\n<p>Dwuosobowe wygodne sofy do spania spisz\u0105 si\u0119 zar\u00f3wno w przypadku singla, jak i pary. Jednak wi\u0119kszy komfort dla dw\u00f3ch os\u00f3b zagwarantuje kanapa trzyosobowa z materacem wype\u0142nionym nie tylko spr\u0119\u017cynami, lecz tak\u017ce piank\u0105. <strong>Pami\u0119taj te\u017c, \u017ce d\u0142ugo\u015b\u0107 powierzchni spania powinna by\u0107 wi\u0119ksza od Twojego wzrostu o oko\u0142o 15 cm.<\/strong><\/p>\n<p>Przed zakupem zastan\u00f3w si\u0119, jaki mechanizm rozk\u0142adania mebla b\u0119dzie dla Ciebie bardziej dogodny. Zazwyczaj masz do wyboru r\u0119cznie wysuwany modu\u0142, specjaln\u0105 r\u0105czk\u0119 u\u0142atwiaj\u0105c\u0105 to zadanie b\u0105d\u017a samodzielne otwarcie stela\u017ca.<\/p>\n<p><strong>Na koniec upewnij si\u0119, \u017ce sofa posiada pojemnik na po\u015bciel.<\/strong> W du\u017cym domu z pojemnymi szafami i komodami nie jest niezb\u0119dny, ale w kawalerce to ju\u017c konieczno\u015b\u0107.<\/p>\n<p>Chcesz mie\u0107 pewno\u015b\u0107, \u017ce do Twojego domu trafi najbardziej wygodna kanapa do spania? Ranking najlepszych sof od BRW znajdziesz poni\u017cej!<\/p>\n<h2><span id=\"Wygodna_kanapa_do_spania_ranking_Black_red_White\"><strong>Sofy z funkcj\u0105 spania codziennego \u2013 ranking Black red White<\/strong><\/span><\/h2>\n<p>Marzy Ci si\u0119 najwygodniejsza kanapa do spania codziennego? Przyjrzyj si\u0119 wyselekcjonowanym sofom z funkcj\u0105 spania Black Red White.<\/p>\n<h3 style=\"text-align: center;\"><span id=\"Sofa_Lango\"><strong>Sofa Kami<\/strong><\/span><\/h3>\n<p><center><img decoding=\"async\" class=\"alignnone size-medium wp-image-39230 lazyload\" data-src=\"https:\/\/www.brw.pl\/blog\/wp-content\/uploads\/2023\/06\/sofa-trzyosobowa-kami-rozkladana-z-pojemnikiem-fioletowa-xlargeb-800x585.webp\" alt=\"Sofa Kami fioletowa - aran\u017cacja\" width=\"800\" height=\"585\" data-srcset=\"https:\/\/www.brw.pl\/blog\/wp-content\/uploads\/2023\/06\/sofa-trzyosobowa-kami-rozkladana-z-pojemnikiem-fioletowa-xlargeb-800x585.webp 800w, https:\/\/www.brw.pl\/blog\/wp-content\/uploads\/2023\/06\/sofa-trzyosobowa-kami-rozkladana-z-pojemnikiem-fioletowa-xlargeb-768x562.webp 768w, https:\/\/www.brw.pl\/blog\/wp-content\/uploads\/2023\/06\/sofa-trzyosobowa-kami-rozkladana-z-pojemnikiem-fioletowa-xlargeb.webp 1342w\" data-sizes=\"(max-width: 800px) 100vw, 800px\" src=\"data:image\/svg+xml;base64,PHN2ZyB3aWR0aD0iMSIgaGVpZ2h0PSIxIiB4bWxucz0iaHR0cDovL3d3dy53My5vcmcvMjAwMC9zdmciPjwvc3ZnPg==\" style=\"--smush-placeholder-width: 800px; --smush-placeholder-aspect-ratio: 800\/585;\" \/><\/center><\/p>\n<p style=\"text-align: center;\"><a href=\"https:\/\/www.brw.pl\/sofa-trzyosobowa-kami-rozkladana-z-pojemnikiem-fioletowa,356159\" target=\"_blank\" rel=\"noopener\"><strong>SOFA KAMI<\/strong><\/a><\/p>\n<p><strong>Sofa trzyosobowa Kami<\/strong> to \u015bwietny pomys\u0142 i w kawalerce, i w wi\u0119kszym salonie. Na pewno nie przyt\u0142oczy wn\u0119trza, a w nocy zapewni wystarczaj\u0105co du\u017c\u0105 <strong>powierzchni\u0119 spania \u2013 160 x 197 cm<\/strong>. Za funkcj\u0119 rozk\u0142adania kanapy odpowiada prosty mechanizm na podno\u015bnikach. W siedzisku znajduj\u0105 si\u0119 pianka oraz spr\u0119\u017cyny bonell i faliste. Poduszki oparciowe dobrze dopasowuj\u0105 si\u0119 do cia\u0142a. Ko\u0142dry i poduszki przechowasz w du\u017cym pojemniku na po\u015bciel. Sofa jest dost\u0119pna w odcieniach bordowym, be\u017cowym, szarym, fioletowym. Fioletowy model doda elegancji Twojemu wn\u0119trzu.<\/p>\n<h3 style=\"text-align: center;\"><strong>Sofa Royal IV<\/strong><\/h3>\n<p><center><img decoding=\"async\" class=\"alignnone size-medium wp-image-39233 lazyload\" data-src=\"https:\/\/www.brw.pl\/blog\/wp-content\/uploads\/2023\/06\/sofa-trzyosobowa-royal-iv-rozkladana-z-pojemnikiem-sztruksowa-bezowa-xlargea-800x531.webp\" alt=\"Sofa Royal IV be\u017cowa sztruksowa - aran\u017cacja\" width=\"800\" height=\"531\" data-srcset=\"https:\/\/www.brw.pl\/blog\/wp-content\/uploads\/2023\/06\/sofa-trzyosobowa-royal-iv-rozkladana-z-pojemnikiem-sztruksowa-bezowa-xlargea-800x531.webp 800w, https:\/\/www.brw.pl\/blog\/wp-content\/uploads\/2023\/06\/sofa-trzyosobowa-royal-iv-rozkladana-z-pojemnikiem-sztruksowa-bezowa-xlargea-768x510.webp 768w, https:\/\/www.brw.pl\/blog\/wp-content\/uploads\/2023\/06\/sofa-trzyosobowa-royal-iv-rozkladana-z-pojemnikiem-sztruksowa-bezowa-xlargea-1536x1019.webp 1536w, https:\/\/www.brw.pl\/blog\/wp-content\/uploads\/2023\/06\/sofa-trzyosobowa-royal-iv-rozkladana-z-pojemnikiem-sztruksowa-bezowa-xlargea.webp 1545w\" data-sizes=\"(max-width: 800px) 100vw, 800px\" src=\"data:image\/svg+xml;base64,PHN2ZyB3aWR0aD0iMSIgaGVpZ2h0PSIxIiB4bWxucz0iaHR0cDovL3d3dy53My5vcmcvMjAwMC9zdmciPjwvc3ZnPg==\" style=\"--smush-placeholder-width: 800px; --smush-placeholder-aspect-ratio: 800\/531;\" \/><\/center><\/p>\n<p style=\"text-align: center;\"><a href=\"https:\/\/www.brw.pl\/sofa-trzyosobowa-royal-iv-rozkladana-z-pojemnikiem-sztruksowa-bezowa,56327\" target=\"_blank\" rel=\"noopener\"><strong>SOFA ROYAL IV<\/strong><\/a><\/p>\n<p><strong>Nowoczesna sofa trzyosobowa Royal IV<\/strong> z pewno\u015bci\u0105 b\u0119dzie idealnym rozwi\u0105zaniem do pokoju go\u015bcinnego czy dziennego, kr\u00f3luj\u0105c w\u015br\u00f3d mebli wypoczynkowych i zapewniaj\u0105c komfortowy wypoczynek. <strong>Materac ma wymiary 158 x 195 cm<\/strong>, wype\u0142niono go spr\u0119\u017cynami bonell i piank\u0105. Z kolei w poduszkach oparciowych kryje si\u0119 pianka ci\u0119ta oraz silikon. Warto zwr\u00f3ci\u0107 uwag\u0119, \u017ce opr\u00f3cz poduszek oparciowych masz do dyspozycji a\u017c 6 poduszek dekoracyjnych, kt\u00f3re umil\u0105 popo\u0142udniow\u0105 sjest\u0119 czy wieczorny seans filmowy. Wygodne podparcie gwarantuj\u0105 te\u017c szerokie pod\u0142okietniki. Lekko dzia\u0142aj\u0105cy automat wspomagaj\u0105cy umo\u017cliwia szybkie roz\u0142o\u017cenie kanapy, mebel posiada pojemnik na po\u015bciel. Do wyboru masz trzy barwy tapicerki: czarn\u0105, szar\u0105 oraz be\u017cow\u0105. Ta ostatnia odnajdzie si\u0119 w niejednej estetyce wn\u0119trzarskiej.<\/p>\n<h3 style=\"text-align: center;\"><span id=\"Sofa_Sentila\"><strong>Sofa Latina<\/strong><\/span><\/h3>\n<p><center><img decoding=\"async\" class=\"alignnone size-medium wp-image-39236 lazyload\" data-src=\"https:\/\/www.brw.pl\/blog\/wp-content\/uploads\/2023\/06\/sofa-trzyosobowa-latina-rozkladana-z-pojemnikiem-granatowa-xlargeb-800x601.jpg\" alt=\"Sofa Latina granatowa - aran\u017cacja\" width=\"800\" height=\"601\" data-srcset=\"https:\/\/www.brw.pl\/blog\/wp-content\/uploads\/2023\/06\/sofa-trzyosobowa-latina-rozkladana-z-pojemnikiem-granatowa-xlargeb-800x601.jpg 800w, https:\/\/www.brw.pl\/blog\/wp-content\/uploads\/2023\/06\/sofa-trzyosobowa-latina-rozkladana-z-pojemnikiem-granatowa-xlargeb-768x577.jpg 768w, https:\/\/www.brw.pl\/blog\/wp-content\/uploads\/2023\/06\/sofa-trzyosobowa-latina-rozkladana-z-pojemnikiem-granatowa-xlargeb.jpg 1305w\" data-sizes=\"(max-width: 800px) 100vw, 800px\" src=\"data:image\/svg+xml;base64,PHN2ZyB3aWR0aD0iMSIgaGVpZ2h0PSIxIiB4bWxucz0iaHR0cDovL3d3dy53My5vcmcvMjAwMC9zdmciPjwvc3ZnPg==\" style=\"--smush-placeholder-width: 800px; --smush-placeholder-aspect-ratio: 800\/601;\" \/><\/center><\/p>\n<p style=\"text-align: center;\"><a href=\"https:\/\/www.brw.pl\/sofa-trzyosobowa-latina-rozkladana-z-pojemnikiem-granatowa,310511\" target=\"_blank\" rel=\"noopener\"><strong>SOFA LATINA<\/strong><\/a><\/p>\n<p><strong>Trzyosobowa sofa Latina<\/strong> o eleganckim designie zda egzamin w ka\u017cdym wn\u0119trzu. <strong>Powierzchnia spania wynosi 143 x 198 cm<\/strong>, a mebel nadaje si\u0119 zar\u00f3wno do okazjonalnego spania, jak i codziennego. Siedzisko wype\u0142niono piank\u0105 i spr\u0119\u017cynami falistymi. Kanap\u0119 roz\u0142o\u017cysz za pomoc\u0105 mechanizmu DL, a po\u015bciel schowasz do specjalnego pojemnika.\u00a0Podwy\u017cszone drewniane stopki dodaj\u0105 lekko\u015bci i u\u0142atwiaj\u0105ce sprz\u0105tni\u0119cie pod meblem. Sof\u0119 wyr\u00f3\u017cnia zgrabna forma i wyrazisty granatowy kolor, zatem b\u0119dzie \u015bwietnie wygl\u0105da\u0107 w nowoczesnej przestrzeni.<\/p>\n<h3 style=\"text-align: center;\"><span id=\"Sofa_Manila\"><strong>Sofa Fiona<\/strong><\/span><\/h3>\n<p><center><img decoding=\"async\" class=\"alignnone  wp-image-38129 lazyload\" data-src=\"https:\/\/www.brw.pl\/blog\/wp-content\/uploads\/2021\/01\/sofa-fiona.jpg\" alt=\"Sofia Fiona - aran\u017cacja salonu\" width=\"798\" height=\"589\" src=\"data:image\/svg+xml;base64,PHN2ZyB3aWR0aD0iMSIgaGVpZ2h0PSIxIiB4bWxucz0iaHR0cDovL3d3dy53My5vcmcvMjAwMC9zdmciPjwvc3ZnPg==\" style=\"--smush-placeholder-width: 798px; --smush-placeholder-aspect-ratio: 798\/589;\" \/><\/center><\/p>\n<p style=\"text-align: center;\"><a href=\"https:\/\/www.brw.pl\/sofa-dwuosobowa-fiona-rozkladana-z-pojemnikiem-szenilowa-taupe,211367\" target=\"_blank\" rel=\"noopener\"><strong>SOFA FIONA<\/strong><\/a><\/p>\n<p><strong>Sofa dwuosobowa rozk\u0142adana Fiona<\/strong> z pojemnikiem na po\u015bciel to kompaktowy mebel, kt\u00f3ry wykorzystasz w dowolnym pomieszczeniu. <strong>Powierzchnia spania ma 120 \u00d7 196 cm<\/strong>. Rozk\u0142ada si\u0119 jak klasyczna amerykanka: b\u0142yskawicznie. W materacu znajduj\u0105 si\u0119 spr\u0119\u017cyny faliste i pianka, kt\u00f3re sprawdzaj\u0105 si\u0119 podczas wieczornego relaksu oraz ca\u0142onocnego u\u017cytkowania. Wizyt\u00f3wk\u0105 kanapy s\u0105 delikatne ozdobne przeszycia. Sofa jest dost\u0119pna w jednym wariancie kolorystycznym \u2013 modnym odcieniu taupe b\u0119d\u0105cym modnym po\u0142\u0105czeniem be\u017cu z szaro\u015bci\u0105. To uniwersalna barwa, kt\u00f3ra pasuje do ka\u017cdego wn\u0119trza, niezale\u017cnie od stylu, w jakim zosta\u0142o urz\u0105dzone.<\/p>\n<h3 style=\"text-align: center;\"><span id=\"Sofa_Sigma\"><strong>Sofa Simon<\/strong><\/span><\/h3>\n<p><center><img decoding=\"async\" class=\"alignnone size-medium wp-image-39238 lazyload\" data-src=\"https:\/\/www.brw.pl\/blog\/wp-content\/uploads\/2023\/06\/sofa-trzyosobowa-simon-rozkladana-z-pojemnikiem-pomaranczowa-xlargeb-800x562.jpg\" alt=\"Sofa Simon pomara\u0144czowa - aran\u017cacja\" width=\"800\" height=\"562\" data-srcset=\"https:\/\/www.brw.pl\/blog\/wp-content\/uploads\/2023\/06\/sofa-trzyosobowa-simon-rozkladana-z-pojemnikiem-pomaranczowa-xlargeb-800x562.jpg 800w, https:\/\/www.brw.pl\/blog\/wp-content\/uploads\/2023\/06\/sofa-trzyosobowa-simon-rozkladana-z-pojemnikiem-pomaranczowa-xlargeb-768x540.jpg 768w, https:\/\/www.brw.pl\/blog\/wp-content\/uploads\/2023\/06\/sofa-trzyosobowa-simon-rozkladana-z-pojemnikiem-pomaranczowa-xlargeb.jpg 1392w\" data-sizes=\"(max-width: 800px) 100vw, 800px\" src=\"data:image\/svg+xml;base64,PHN2ZyB3aWR0aD0iMSIgaGVpZ2h0PSIxIiB4bWxucz0iaHR0cDovL3d3dy53My5vcmcvMjAwMC9zdmciPjwvc3ZnPg==\" style=\"--smush-placeholder-width: 800px; --smush-placeholder-aspect-ratio: 800\/562;\" \/><\/center><\/p>\n<p style=\"text-align: center;\"><a href=\"https:\/\/www.brw.pl\/sofa-trzyosobowa-simon-rozkladana-z-pojemnikiem-pomaranczowa,304736\" target=\"_blank\" rel=\"noopener\"><strong>SOFA SIMON<\/strong><\/a><\/p>\n<p>Je\u015bli chodzi o efektowne, nowoczesne kanapy do salonu,\u00a0t<strong>rzyosobowa wygodna sofa Simon<\/strong> z pojemnikiem na po\u015bciel nie ma sobie r\u00f3wnych.\u00a0P<strong>owierzchnia spania wynosi 142 x 202 cm<\/strong>. Za roz\u0142o\u017cenie mebla odpowiada automat DL. Na wyposa\u017cenie siedziska sk\u0142adaj\u0105 si\u0119 spr\u0119\u017cyny bonell i faliste oraz pianka. Do dyspozycji masz nie tylko poduszki oparciowe, lecz tak\u017ce dekoracyjne. Geometryczna forma mebla wpisuje si\u0119 w najnowsze trendy, podobnie jak pi\u0119kny, g\u0142\u0119boki odcie\u0144 terakoty.<\/p>\n<p>Po wi\u0119cej inspiracji zapraszamy do <a href=\"https:\/\/www.brw.pl\/\" target=\"_blank\" rel=\"noopener noreferrer\"><strong><u>sklepu internetowego Black Red White<\/u><\/strong><\/a><strong>! <\/strong>Pozosta\u0142e wygodne kanapy do spania z naszej oferty obejrzysz <strong><a href=\"https:\/\/www.brw.pl\/meble\/meble-wypoczynkowe\/sofy\/\" target=\"_blank\" rel=\"noopener\">TUTAJ<\/a><\/strong>.<\/p>\n","protected":false},"excerpt":{"rendered":"<p>Wygodna kanapa rozk\u0142adana sprawdzi si\u0119 w wielu wn\u0119trzach. Mo\u017cesz postawi\u0107 j\u0105 na przyk\u0142ad w salonie i w razie potrzeby przenocowa\u0107 na niej go\u015bci. Spisze si\u0119 r\u00f3wnie\u017c w ma\u0142ym pokoju m\u0142odzie\u017cowym, gdzie liczy si\u0119 ka\u017cdy centymetr wolnej przestrzeni. W kawalerce umo\u017cliwi po\u0142\u0105czenie salonu z sypialni\u0105. Jak wybra\u0107 odpowiedni\u0105 sof\u0119 z funkcj\u0105 spania\u00a0codziennego? Zobacz najbardziej komfortowe kanapy [&hellip;]<\/p>\n","protected":false},"author":29,"featured_media":18645,"comment_status":"closed","ping_status":"open","sticky":false,"template":"","format":"standard","meta":{"footnotes":""},"categories":[39],"tags":[],"aioseo_notices":[],"_links":{"self":[{"href":"https:\/\/www.brw.pl\/blog\/wp-json\/wp\/v2\/posts\/32992"}],"collection":[{"href":"https:\/\/www.brw.pl\/blog\/wp-json\/wp\/v2\/posts"}],"about":[{"href":"https:\/\/www.brw.pl\/blog\/wp-json\/wp\/v2\/types\/post"}],"author":[{"embeddable":true,"href":"https:\/\/www.brw.pl\/blog\/wp-json\/wp\/v2\/users\/29"}],"replies":[{"embeddable":true,"href":"https:\/\/www.brw.pl\/blog\/wp-json\/wp\/v2\/comments?post=32992"}],"version-history":[{"count":7,"href":"https:\/\/www.brw.pl\/blog\/wp-json\/wp\/v2\/posts\/32992\/revisions"}],"predecessor-version":[{"id":39227,"href":"https:\/\/www.brw.pl\/blog\/wp-json\/wp\/v2\/posts\/32992\/revisions\/39227"}],"wp:featuredmedia":[{"embeddable":true,"href":"https:\/\/www.brw.pl\/blog\/wp-json\/wp\/v2\/media\/18645"}],"wp:attachment":[{"href":"https:\/\/www.brw.pl\/blog\/wp-json\/wp\/v2\/media?parent=32992"}],"wp:term":[{"taxonomy":"category","embeddable":true,"href":"https:\/\/www.brw.pl\/blog\/wp-json\/wp\/v2\/categories?post=32992"},{"taxonomy":"post_tag","embeddable":true,"href":"https:\/\/www.brw.pl\/blog\/wp-json\/wp\/v2\/tags?post=32992"}],"curies":[{"name":"wp","href":"https:\/\/api.w.org\/{rel}","templated":true}]}}