{"id":33012,"date":"2023-06-12T10:55:07","date_gmt":"2023-06-12T08:55:07","guid":{"rendered":"https:\/\/www.brw.pl\/blog\/?p=33012"},"modified":"2023-06-12T12:04:24","modified_gmt":"2023-06-12T10:04:24","slug":"pomysl-na-dzien-ojca-z-black-red-white","status":"publish","type":"post","link":"https:\/\/www.brw.pl\/blog\/pomysl-na-dzien-ojca-z-black-red-white\/","title":{"rendered":"Pomys\u0142 na Dzie\u0144 Ojca z Black Red White"},"content":{"rendered":"<p data-pm-slice=\"1 1 []\"><strong>Z okazji zbli\u017caj\u0105cego si\u0119 Dnia Ojca mamy dla Ciebie gar\u015b\u0107 pomys\u0142\u00f3w na wyj\u0105tkowy upominek. Co mo\u017ce ucieszy\u0107 Twojego tat\u0119? Sprawd\u017a!<\/strong><\/p>\n<p data-pm-slice=\"1 1 []\"><!--more--><\/p>\n<p><center><img decoding=\"async\" class=\"alignnone size-medium wp-image-29432 lazyload\" data-src=\"https:\/\/www.brw.pl\/blog\/wp-content\/uploads\/2023\/01\/Fotel-Casey-800x533.jpg\" alt=\"\" width=\"800\" height=\"533\" data-srcset=\"https:\/\/www.brw.pl\/blog\/wp-content\/uploads\/2023\/01\/Fotel-Casey-800x533.jpg 800w, https:\/\/www.brw.pl\/blog\/wp-content\/uploads\/2023\/01\/Fotel-Casey-768x512.jpg 768w, https:\/\/www.brw.pl\/blog\/wp-content\/uploads\/2023\/01\/Fotel-Casey-1536x1024.jpg 1536w, https:\/\/www.brw.pl\/blog\/wp-content\/uploads\/2023\/01\/Fotel-Casey.jpg 1620w\" data-sizes=\"(max-width: 800px) 100vw, 800px\" src=\"data:image\/svg+xml;base64,PHN2ZyB3aWR0aD0iMSIgaGVpZ2h0PSIxIiB4bWxucz0iaHR0cDovL3d3dy53My5vcmcvMjAwMC9zdmciPjwvc3ZnPg==\" style=\"--smush-placeholder-width: 800px; --smush-placeholder-aspect-ratio: 800\/533;\" \/><\/center><\/p>\n<p style=\"text-align: center;\" data-pm-slice=\"1 1 []\"><a href=\"https:\/\/www.brw.pl\/fotel-casey,31390\" target=\"_blank\" rel=\"noopener noreferrer\"><strong>FOTEL CASEY<\/strong><\/a><\/p>\n<h2><strong><span data-color=\"rgb(248, 250, 251)\">Dzie\u0144 Ojca \u2013 spraw, by by\u0142 wyj\u0105tkowy!<\/span><\/strong><\/h2>\n<p>W naszym artykule:<\/p>\n<ul>\n<li>zdradzimy, co zrobi\u0107, aby Dzie\u0144 Ojca okaza\u0142 si\u0119 niezapomniany,<\/li>\n<li>podsuniemy kilka pomys\u0142\u00f3w na udan\u0105 niespodziank\u0119 dla taty,<\/li>\n<li>zaprezentujemy produkty z oferty Black Red White, kt\u00f3re \u015bwietnie nadaj\u0105 si\u0119 na prezent na Dzie\u0144 Ojca.<\/li>\n<\/ul>\n<p>Zastanawiasz si\u0119 nad prezentem z okazji Dnia Ojca i wyb\u00f3r odpowiedniego upominku Ci\u0119 przerasta? Nie przejmuj si\u0119, pomo\u017cemy Ci! Mamy dla Ciebie wiele ciekawych propozycji i jeste\u015bmy przekonani, \u017ce przynajmniej jedna z nich oka\u017ce si\u0119 strza\u0142em w dziesi\u0105tk\u0119!<\/p>\n<h2><strong><span data-color=\"rgb(248, 250, 251)\">Pomys\u0142y na Dzie\u0144 Ojca \u2013 zaskocz swojego tat\u0119<\/span><\/strong><\/h2>\n<p>Wybieraj\u0105c upominek dla ojca, warto wykaza\u0107 si\u0119 wi\u0119kszym zaanga\u017cowaniem i postawi\u0107 na dobrze dobrany prezent. Tw\u00f3j tata b\u0119dzie wzruszony, gdy zobaczy, ile wysi\u0142ku w\u0142o\u017cy\u0142e\u015b w celebrowanie jego \u015bwi\u0119ta. Zamiast kupowa\u0107 butelk\u0119 wina z wy\u017cszej p\u00f3\u0142ki, zadaj sobie wi\u0119cej trudu. Oryginalne prezenty daj\u0105 wi\u0119cej rado\u015bci ni\u017c te sztampowe. Pami\u0119taj jednak, \u017ce nawet pozornie banalny podarunek oka\u017ce si\u0119 wyj\u0105tkowy, gdy po\u015bwi\u0119cisz wi\u0119cej czasu na jego przygotowanie.<\/p>\n<h3 style=\"text-align: center;\"><strong>Rodzinna wycieczka &#8211; wyj\u0105tkowy prezent na Dzie\u0144 Taty<\/strong><\/h3>\n<p>Planujesz w tym roku naprawd\u0119 oryginalny upominek dla taty? Zaproponuj mu wsp\u00f3ln\u0105 podr\u00f3\u017c do miejsca, kt\u00f3re odwiedza\u0142e\u015b z nim, gdy by\u0142e\u015b dzieckiem. Mo\u017ce to by\u0107 np. d\u0142u\u017csza wyprawa rowerowa do lasu w pobli\u017cu Twojego domu rodzinnego po\u0142\u0105czona z piknikiem. W dzieci\u0144stwie \u0142owi\u0142e\u015b z ojcem ryby? Zabierz go nad jezioro i razem pow\u0119dkujcie. Macie wi\u0119cej wsp\u00f3lnych zainteresowa\u0144? Wykorzystaj to. Id\u017acie na mecz ulubionej dru\u017cyny albo koncert zespo\u0142u, za kt\u00f3rym przepadacie.<\/p>\n<h3 style=\"text-align: center;\"><strong>Album ze zdj\u0119ciami &#8211; sentymentalny upominek<\/strong><\/h3>\n<p>Stylowy, dekoracyjny album z rodzinnymi zdj\u0119ciami to nie tylko czu\u0142y, elegancki prezent, lecz tak\u017ce uroczy upominek na pierwszy Dzie\u0144 Ojca. Zbi\u00f3r fotografii dziecka z rodzicami b\u0119dzie wspania\u0142\u0105 pami\u0105tk\u0105. Oczywi\u015bcie wype\u0142nienie albumu zdj\u0119ciami przypadnie w udziale mamie niemowl\u0119cia.<\/p>\n<h3 style=\"text-align: center;\">Pyszny obiad &#8211; przez \u017co\u0142\u0105dek do serca<\/h3>\n<p>Z okazji Dnia Ojca ugotuj tacie obiad. Najlepiej w wydaniu de luxe, a wi\u0119c z przystawkami, zup\u0105, drugim daniem i deserem. To doskona\u0142y pomys\u0142, zw\u0142aszcza gdy Tw\u00f3j tata jest \u0142asuchem. Najlepszy prezent to taki, kt\u00f3ry uwzgl\u0119dnia upodobania obdarowanego. Nie jeste\u015b mistrzem kuchni i gotowanie to Twoja pi\u0119ta achillesowa? Wybierzcie si\u0119 do restauracji!<\/p>\n<h2><strong><span data-color=\"rgb(248, 250, 251)\">Dzie\u0144 Ojca \u2013 pomys\u0142y na prezent z Black Red White<\/span><\/strong><\/h2>\n<p>Poni\u017cej znajdziesz wyj\u0105tkowe prezenty dla taty, kt\u00f3re czekaj\u0105 na Ciebie w Black Red White!<\/p>\n<h3 style=\"text-align: center;\"><strong>Fotel ogrodowy &#8211; w sam raz na lato<\/strong><\/h3>\n<p><center><img decoding=\"async\" class=\"alignnone size-full wp-image-33014 lazyload\" data-src=\"https:\/\/www.brw.pl\/blog\/wp-content\/uploads\/2023\/06\/fotel-ogrodowy-z-poduszkami-samui-mediuma.jpg\" alt=\"Fotel ogrodowy Samui aran\u017cacja\" width=\"593\" height=\"445\" src=\"data:image\/svg+xml;base64,PHN2ZyB3aWR0aD0iMSIgaGVpZ2h0PSIxIiB4bWxucz0iaHR0cDovL3d3dy53My5vcmcvMjAwMC9zdmciPjwvc3ZnPg==\" style=\"--smush-placeholder-width: 593px; --smush-placeholder-aspect-ratio: 593\/445;\" \/><\/center><\/p>\n<p style=\"text-align: center;\"><a href=\"https:\/\/www.brw.pl\/fotel-ogrodowy-z-poduszkami-samui,44449\" target=\"_blank\" rel=\"noopener noreferrer\"><strong>FOTEL OGRODOWY Z PODUSZKAMI SAMUI<\/strong><\/a><\/p>\n<p><a href=\"https:\/\/www.brw.pl\/ogrod\/meble-ogrodowe\/fotele-wiszace\/\" target=\"_blank\" rel=\"noopener noreferrer\">Fotel wisz\u0105cy do ogrodu<\/a> to oryginalny prezent, kt\u00f3rego Tw\u00f3j tata raczej nie b\u0119dzie si\u0119 spodziewa\u0142. Dzie\u0144 Ojca przypada tu\u017c przed pocz\u0105tkiem kalendarzowego lata. To czas weekendowych wyjazd\u00f3w na dzia\u0142k\u0119, dogl\u0105dania domowego ogrodu, popo\u0142udni i wieczor\u00f3w sp\u0119dzanych na tarasie czy balkonie. Dlatego ogrodowy fotel b\u0119dzie prawdziwym strza\u0142em w dziesi\u0105tk\u0119. Tw\u00f3j tata z pewno\u015bci\u0105 go doceni.<\/p>\n<p><strong>Fotel ogrodowy z poduszkami Samui<\/strong> wykonano ze stali i technorattanu o be\u017cowym wybarwieniu. Jest bardzo stabilny, trudno go przewr\u00f3ci\u0107. Jego wymiary wynosz\u0105 107 x 74 x 149c cm, a waga nieco ponad 25 kg. <strong>Ma g\u0142\u0119bokie, wygodne siedzisko wy\u0142o\u017cone mi\u0119kkimi poduszkami.<\/strong> Tw\u00f3j ojciec du\u017co czyta? W tak komfortowym fotelu nawet d\u0142u\u017csza lektura b\u0119dzie prawdziw\u0105 przyjemno\u015bci\u0105.<\/p>\n<p>Przeczytaj r\u00f3wnie\u017c: <a href=\"https:\/\/www.brw.pl\/blog\/wygodny-fotel-do-salonu-sypialni-wybierz-go-z-black-red-white\/\" target=\"_blank\" rel=\"noopener noreferrer\"><strong>&#8222;Wygodny fotel do salonu, sypialni \u2013 wybierz go z Black Red White&#8221;<\/strong><\/a>.<\/p>\n<h3 style=\"text-align: center;\"><strong>Puf z pojemnikiem &#8211; all in one<\/strong><\/h3>\n<p><center><img decoding=\"async\" class=\"alignnone wp-image-33019 lazyload\" data-src=\"https:\/\/www.brw.pl\/blog\/wp-content\/uploads\/2023\/06\/puf-z-pojemnikiem-sira-tkanina-monoli-77-navy-mediumb.jpg\" alt=\"Puf Sira granatowy\" width=\"450\" height=\"338\" src=\"data:image\/svg+xml;base64,PHN2ZyB3aWR0aD0iMSIgaGVpZ2h0PSIxIiB4bWxucz0iaHR0cDovL3d3dy53My5vcmcvMjAwMC9zdmciPjwvc3ZnPg==\" style=\"--smush-placeholder-width: 450px; --smush-placeholder-aspect-ratio: 450\/338;\" \/><\/center><\/p>\n<p style=\"text-align: center;\"><a href=\"https:\/\/www.brw.pl\/puf-sira-ze-schowkiem-welurowy-niebieski,52943\" target=\"_blank\" rel=\"noopener noreferrer\"><strong>PUF Z POJEMNIKIEM SIRA<\/strong><\/a><\/p>\n<p>Co powiesz na podarowanie tacie <a href=\"https:\/\/www.brw.pl\/meble\/meble-wypoczynkowe\/pufy\/schowek-tak\/\" target=\"_blank\" rel=\"noopener noreferrer\">pufa z pojemnikiem<\/a>? <strong>To praktyczny prezent, poniewa\u017c \u0142\u0105czy kilka funkcji w jednym meblu.<\/strong> Pojemnik z powodzeniem pos\u0142u\u017cy jako schowek na przyk\u0142ad na skrzyni\u0119 z narz\u0119dziami, akcesoria do piel\u0119gnacji obuwia czy czasopisma hobbystyczne. Tw\u00f3j ojciec jest w podesz\u0142ym wieku? Siedzisko pufa u\u0142atwi mu zdj\u0119cie but\u00f3w i z\u0142apanie oddechu po powrocie do domu, zatem najlepiej umie\u015bci\u0107 ten mebel w przedpokoju.<\/p>\n<p><strong>Puf z pojemnikiem Sira <\/strong>ma wymiary 32 x 90 x 46 cm, wa\u017cy 14 kg. <strong>W siedzisku kryje si\u0119 pianka, kt\u00f3ra sprawia, \u017ce odpoczywa si\u0119 na nim bardzo komfortowo.<\/strong> Podwy\u017cszone stopki z metalu s\u0105 trwa\u0142e i wytrzyma\u0142e. Co wi\u0119cej, u\u0142atwiaj\u0105 sprz\u0105tni\u0119cie pod meblem bez konieczno\u015bci przesuwania go. Wizyt\u00f3wk\u0105 pufa jest pi\u0119kny granatowy odcie\u0144, kt\u00f3ry dodaje mu elegancji.<\/p>\n<h3 style=\"text-align: center;\"><strong>Komplet dw\u00f3ch \u0142aw &#8211; niezb\u0119dnik w salonie<\/strong><\/h3>\n<p><center><img decoding=\"async\" class=\"alignnone wp-image-31621 lazyload\" data-src=\"https:\/\/www.brw.pl\/blog\/wp-content\/uploads\/2023\/03\/komplet-dwoch-law-40-50-drewno-akacjowe-aroz-wybarwienie-drewna-akacja-naturalna-mediumb.jpg\" alt=\"\u0141awy Aroz - drewno akacjowe\" width=\"450\" height=\"338\" src=\"data:image\/svg+xml;base64,PHN2ZyB3aWR0aD0iMSIgaGVpZ2h0PSIxIiB4bWxucz0iaHR0cDovL3d3dy53My5vcmcvMjAwMC9zdmciPjwvc3ZnPg==\" style=\"--smush-placeholder-width: 450px; --smush-placeholder-aspect-ratio: 450\/338;\" \/><\/center><\/p>\n<p style=\"text-align: center;\"><a href=\"https:\/\/www.brw.pl\/komplet-dwoch-law-40-50-drewno-akacjowe-aroz,40509\" target=\"_blank\" rel=\"noopener noreferrer\"><strong>KOMPLET DW\u00d3CH \u0141AW AROZ<\/strong><\/a><\/p>\n<p>Tw\u00f3j tata interesuje si\u0119 ekologi\u0105, lubi naturalne materia\u0142y, a idea zero waste nie jest mu obca? <strong>Komplet dw\u00f3ch \u0142aw Aroz<\/strong> to dla niego idealny prezent! Ich blaty zrobiono z drewna akacjowego, kt\u00f3re pochodzi z fragment\u00f3w niewykorzystanych przy produkcji innych kolekcji. Dodatkowo <strong>blaty s\u0105 pokryte ekologicznym lakierem wodnym<\/strong>. Ca\u0142y zestaw jest z\u0142o\u017cony z dw\u00f3ch \u0142aw o wymiarach 50 \u00d7 50 cm i 40 \u00d7 40 cm. Ich minimalistyczna forma pasuje zar\u00f3wno do nowoczesnego, jak i skandynawskiego czy loftowego wn\u0119trza.<\/p>\n<p><a href=\"https:\/\/www.brw.pl\/meble\/stoly-i-krzesla\/lawy-i-stoliki\/lawy\/\" target=\"_blank\" rel=\"noopener noreferrer\"><strong>\u0141awy<\/strong><\/a><strong> przydadz\u0105 si\u0119 w strefie wypoczynkowej salonu.<\/strong> Ogl\u0105daj\u0105c telewizj\u0119, dobrze mie\u0107 w pobli\u017cu napoje i przek\u0105ski. Kiedy odwiedzisz tat\u0119, na dw\u00f3ch blatach na pewno zmieszcz\u0105 si\u0119 <a href=\"https:\/\/www.brw.pl\/serwowanie\/serwowanie-napojow\/filizanki\/\" target=\"_blank\" rel=\"noopener noreferrer\">fili\u017canki<\/a> z kaw\u0105 lub herbat\u0105 oraz <a href=\"https:\/\/www.brw.pl\/serwowanie\/serwowanie-potraw\/tace-i-patery\/\" target=\"_blank\" rel=\"noopener noreferrer\">patera<\/a> z ciastem i <a href=\"https:\/\/www.brw.pl\/serwowanie\/serwowanie-potraw\/talerze\/talerze-deserowe\/\" target=\"_blank\" rel=\"noopener noreferrer\">talerzyki deserowe<\/a>.<\/p>\n<p><strong>\u0141awy Aroz<\/strong>\u00a0obejrzysz dok\u0142adniej na filmie dost\u0119pnym na\u00a0<a href=\"https:\/\/www.youtube.com\/@brwmeble\" target=\"_blank\" rel=\"noopener noreferrer\"><strong>kanale BRW<\/strong><\/a>\u00a0w serwisie YouTube:<\/p>\n<div class=\"videoWrapper\"><iframe title=\"\u0141awy Aroz\" data-src=\"https:\/\/www.youtube.com\/embed\/nO_bcngR5gY\" frameborder=\"0\" allowfullscreen=\"allowfullscreen\" src=\"data:image\/svg+xml;base64,PHN2ZyB3aWR0aD0iMSIgaGVpZ2h0PSIxIiB4bWxucz0iaHR0cDovL3d3dy53My5vcmcvMjAwMC9zdmciPjwvc3ZnPg==\" data-load-mode=\"1\"><span data-mce-type=\"bookmark\" style=\"display: inline-block; width: 0px; overflow: hidden; line-height: 0;\" class=\"mce_SELRES_start lazyload\">\ufeff<\/span><\/iframe><\/div>\n<p>&nbsp;<\/p>\n<h3 style=\"text-align: center;\"><strong>Kinkiet &#8211; dobre o\u015bwietlenie to podstawa<\/strong><\/h3>\n<p><center><img decoding=\"async\" class=\"alignnone wp-image-18111 lazyload\" data-src=\"https:\/\/www.brw.pl\/blog\/wp-content\/uploads\/2021\/05\/Kinkiet-Lubenham.jpg\" alt=\"Kinkiety nad lustro\" width=\"450\" height=\"338\" src=\"data:image\/svg+xml;base64,PHN2ZyB3aWR0aD0iMSIgaGVpZ2h0PSIxIiB4bWxucz0iaHR0cDovL3d3dy53My5vcmcvMjAwMC9zdmciPjwvc3ZnPg==\" style=\"--smush-placeholder-width: 450px; --smush-placeholder-aspect-ratio: 450\/338;\" \/><\/center><\/p>\n<p style=\"text-align: center;\"><a href=\"https:\/\/www.brw.pl\/kinkiet-lubenham,30760\" target=\"_blank\" rel=\"noopener noreferrer\"><strong>KINKIET LUBENHAM<\/strong><\/a><\/p>\n<p>Tw\u00f3j ojciec narzeka na wzrok i szybko m\u0119cz\u0105 mu si\u0119 oczy? W pierwszej kolejno\u015bci wy\u015blij go do okulisty, a w drugiej zadbaj o odpowiednie <a href=\"https:\/\/www.brw.pl\/oswietlenie\/\" target=\"_blank\" rel=\"noopener noreferrer\">o\u015bwietlenie<\/a> w domu taty. <a href=\"https:\/\/www.brw.pl\/oswietlenie\/oswietlenie-wewnetrzne\/lampy-sufitowe\/\" target=\"_blank\" rel=\"noopener noreferrer\">Lampy sufitowe<\/a> powinny dok\u0142adnie o\u015bwietla\u0107 wszystkie pomieszczenia. Opr\u00f3cz nich przydadz\u0105 si\u0119 r\u00f3wnie\u017c lampy <a href=\"https:\/\/www.brw.pl\/oswietlenie\/oswietlenie-wewnetrzne\/lampy-stojace\/lampy-podlogowe\/\" target=\"_blank\" rel=\"noopener noreferrer\">pod\u0142ogowe<\/a>, <a href=\"https:\/\/www.brw.pl\/oswietlenie\/oswietlenie-wewnetrzne\/lampy-stojace\/lampy-stolowe\/\" target=\"_blank\" rel=\"noopener noreferrer\">sto\u0142owe<\/a> oraz <a href=\"https:\/\/www.brw.pl\/oswietlenie\/oswietlenie-wewnetrzne\/kinkiety\/\" target=\"_blank\" rel=\"noopener noreferrer\">kinkiety<\/a>.<\/p>\n<p><strong>Kinkiet Lubenham<\/strong> to doskona\u0142y prezent w takiej sytuacji. Zamontowany przy <a href=\"https:\/\/www.brw.pl\/meble\/lozka\/\" target=\"_blank\" rel=\"noopener noreferrer\">\u0142\u00f3\u017cku<\/a>, przejmie funkcj\u0119 lampki nocnej i do\u015bwietli strony czytanej ksi\u0105\u017cki. <strong>Du\u017cym plusem jest ruchoma g\u0142owica, kt\u00f3ra umo\u017cliwia zmian\u0119 k\u0105ta padania \u015bwiat\u0142a.<\/strong> Kinkiet oka\u017ce si\u0119 pomocny w razie pobudki w \u015brodku nocy, gdy trzeba b\u0119dzie uda\u0107 si\u0119 do toalety. Zamiast i\u015b\u0107 po omacku, ryzykuj\u0105c upadek, wystarczy wyci\u0105gn\u0105\u0107 r\u0119k\u0119 i nacisn\u0105\u0107 w\u0142\u0105cznik lampy.<\/p>\n<h3 style=\"text-align: center;\"><strong>Zegar \u015bcienny &#8211; prezent na czasie<\/strong><\/h3>\n<p><center><img decoding=\"async\" class=\"alignnone wp-image-32775 lazyload\" data-src=\"https:\/\/www.brw.pl\/blog\/wp-content\/uploads\/2023\/05\/zegar-scienny-mediuma-1.jpg\" alt=\"Zegar \u015bcienny bia\u0142o-be\u017cowy\" width=\"450\" height=\"338\" src=\"data:image\/svg+xml;base64,PHN2ZyB3aWR0aD0iMSIgaGVpZ2h0PSIxIiB4bWxucz0iaHR0cDovL3d3dy53My5vcmcvMjAwMC9zdmciPjwvc3ZnPg==\" style=\"--smush-placeholder-width: 450px; --smush-placeholder-aspect-ratio: 450\/338;\" \/><\/center><\/p>\n<p style=\"text-align: center;\"><a href=\"https:\/\/www.brw.pl\/zegar-scienny,53679\" target=\"_blank\" rel=\"noopener noreferrer\"><strong>ZEGAR \u015aCIENNY<\/strong><\/a><\/p>\n<p>Przydatnym upominkiem z okazji Dnia Ojca b\u0119dzie <a href=\"https:\/\/www.brw.pl\/dekoracje\/zegary\/rodzaj-scienny\/\" target=\"_blank\" rel=\"noopener noreferrer\">zegar \u015bcienny<\/a>. Twojemu tacie zdarza si\u0119 zapomnie\u0107 o w\u0142o\u017ceniu zegarka na r\u0119k\u0119? Jego \u015bcienny wariant powieszony w zauwa\u017calnym miejscu podpowie zapominalskiemu, kt\u00f3ra godzina. Zegar mo\u017ce r\u00f3wnie\u017c odgrywa\u0107 rol\u0119 dekoracji, dope\u0142niaj\u0105c wystr\u00f3j pokoju.<\/p>\n<p>Je\u015bli zdecydowa\u0142e\u015b si\u0119 na zakup takiego zegara, rozwa\u017c nasz model. <strong>Du\u017ce, czarne cyfry arabskie s\u0105 dobrze widoczne na tle bia\u0142ej tarczy.<\/strong> Ciemne wskaz\u00f3wki zako\u0144czono strza\u0142kami, kt\u00f3re u\u0142atwiaj\u0105 szybkie odczytanie godziny. Jedyn\u0105 ozdob\u0105 zegara jest rama z efektownym rysunkiem us\u0142ojenia, stylizowana na drewnian\u0105. Dzi\u0119ki prostej formie i neutralnej kolorystyce zegar dopasuje si\u0119 do niejednej aran\u017cacji wn\u0119trza.<\/p>\n<p>Po wi\u0119cej inspiracji zapraszamy do <a href=\"https:\/\/www.brw.pl\/\" target=\"_blank\" rel=\"noopener noreferrer\"><strong><u>sklepu internetowego Black Red White<\/u><\/strong><\/a><strong>!<\/strong><\/p>\n","protected":false},"excerpt":{"rendered":"<p>Z okazji zbli\u017caj\u0105cego si\u0119 Dnia Ojca mamy dla Ciebie gar\u015b\u0107 pomys\u0142\u00f3w na wyj\u0105tkowy upominek. Co mo\u017ce ucieszy\u0107 Twojego tat\u0119? Sprawd\u017a!<\/p>\n","protected":false},"author":29,"featured_media":29432,"comment_status":"closed","ping_status":"open","sticky":false,"template":"","format":"standard","meta":{"footnotes":""},"categories":[39,574],"tags":[],"aioseo_notices":[],"_links":{"self":[{"href":"https:\/\/www.brw.pl\/blog\/wp-json\/wp\/v2\/posts\/33012"}],"collection":[{"href":"https:\/\/www.brw.pl\/blog\/wp-json\/wp\/v2\/posts"}],"about":[{"href":"https:\/\/www.brw.pl\/blog\/wp-json\/wp\/v2\/types\/post"}],"author":[{"embeddable":true,"href":"https:\/\/www.brw.pl\/blog\/wp-json\/wp\/v2\/users\/29"}],"replies":[{"embeddable":true,"href":"https:\/\/www.brw.pl\/blog\/wp-json\/wp\/v2\/comments?post=33012"}],"version-history":[{"count":3,"href":"https:\/\/www.brw.pl\/blog\/wp-json\/wp\/v2\/posts\/33012\/revisions"}],"predecessor-version":[{"id":33020,"href":"https:\/\/www.brw.pl\/blog\/wp-json\/wp\/v2\/posts\/33012\/revisions\/33020"}],"wp:featuredmedia":[{"embeddable":true,"href":"https:\/\/www.brw.pl\/blog\/wp-json\/wp\/v2\/media\/29432"}],"wp:attachment":[{"href":"https:\/\/www.brw.pl\/blog\/wp-json\/wp\/v2\/media?parent=33012"}],"wp:term":[{"taxonomy":"category","embeddable":true,"href":"https:\/\/www.brw.pl\/blog\/wp-json\/wp\/v2\/categories?post=33012"},{"taxonomy":"post_tag","embeddable":true,"href":"https:\/\/www.brw.pl\/blog\/wp-json\/wp\/v2\/tags?post=33012"}],"curies":[{"name":"wp","href":"https:\/\/api.w.org\/{rel}","templated":true}]}}