{"id":33158,"date":"2023-06-23T09:20:23","date_gmt":"2023-06-23T07:20:23","guid":{"rendered":"https:\/\/www.brw.pl\/blog\/?p=33158"},"modified":"2024-02-28T07:57:29","modified_gmt":"2024-02-28T06:57:29","slug":"bezowa-kanapa-w-salonie-klasyka-ktora-nie-wychodzi-z-mody","status":"publish","type":"post","link":"https:\/\/www.brw.pl\/blog\/bezowa-kanapa-w-salonie-klasyka-ktora-nie-wychodzi-z-mody\/","title":{"rendered":"Be\u017cowa kanapa w salonie \u2013 klasyka, kt\u00f3ra nie wychodzi z mody!"},"content":{"rendered":"<p><strong>Szykowny, ponadczasowy, pe\u0142en harmonii i wdzi\u0119ku. Kolor be\u017cowy to klasyka gatunku! Wygodna sofa w odcieniach be\u017cu doda Twojemu wn\u0119trzu charakteru. Zobacz, jak zaaran\u017cowa\u0107 salon z be\u017cow\u0105 kanap\u0105 w roli g\u0142\u00f3wnej.<\/strong><!--more--><\/p>\n<div style=\"display: flex; align-items: center; justify-content: center; text-align: center;\">\n<figure id=\"attachment_29902\" aria-describedby=\"caption-attachment-29902\" style=\"width: 800px\" class=\"wp-caption aligncenter\"><img decoding=\"async\" class=\"wp-image-29902 size-medium lazyload\" data-src=\"https:\/\/www.brw.pl\/blog\/wp-content\/uploads\/2023\/02\/Sofa-Zoya-800x540.jpg\" alt=\"Be\u017cowa kanapa w salonie\" width=\"800\" height=\"540\" data-srcset=\"https:\/\/www.brw.pl\/blog\/wp-content\/uploads\/2023\/02\/Sofa-Zoya-800x540.jpg 800w, https:\/\/www.brw.pl\/blog\/wp-content\/uploads\/2023\/02\/Sofa-Zoya-768x518.jpg 768w, https:\/\/www.brw.pl\/blog\/wp-content\/uploads\/2023\/02\/Sofa-Zoya-1536x1037.jpg 1536w, https:\/\/www.brw.pl\/blog\/wp-content\/uploads\/2023\/02\/Sofa-Zoya.jpg 1600w\" data-sizes=\"(max-width: 800px) 100vw, 800px\" src=\"data:image\/svg+xml;base64,PHN2ZyB3aWR0aD0iMSIgaGVpZ2h0PSIxIiB4bWxucz0iaHR0cDovL3d3dy53My5vcmcvMjAwMC9zdmciPjwvc3ZnPg==\" style=\"--smush-placeholder-width: 800px; --smush-placeholder-aspect-ratio: 800\/540;\" \/><figcaption id=\"caption-attachment-29902\" class=\"wp-caption-text\"><a href=\"https:\/\/www.brw.pl\/sofa-zoya,46236\" target=\"_blank\" rel=\"noopener noreferrer\"><span style=\"font-weight: 400;\">Sofa Zoya<\/span><\/a> &#8211; <a href=\"https:\/\/www.brw.pl\/lampa-podlogowa-treviso,32214\" target=\"_blank\" rel=\"noopener noreferrer\"><span style=\"font-weight: 400;\">Lampa pod\u0142ogowa Treviso<\/span><\/a><\/figcaption><\/figure>\n<\/div>\n<h2><strong>Be\u017cowa kanapa w salonie \u2013 klasyczny mebel w nowoczesnej ods\u0142onie <\/strong><\/h2>\n<p>Kolor be\u017cowy wprowadza do wn\u0119trz przytulny klimat, aur\u0119 spokoju, wyciszenia i relaksu. Nic dziwnego, \u017ce tak doskonale sprawdza si\u0119 w salonie, gdzie domownicy gromadz\u0105 si\u0119, by odpocz\u0105\u0107. Ponadczasowa barwa prezentuje si\u0119 atrakcyjnie nie tylko na \u015bcianach czy dodatkach, ale r\u00f3wnie\u017c na tapicerkach mebli. <a href=\"https:\/\/www.brw.pl\/meble\/meble-wypoczynkowe\/sofy\/kolor-bezowy\/\" target=\"_blank\" rel=\"noopener noreferrer\">Be\u017cowe sofy<\/a>, niezale\u017cnie od stylu, od lat nie maj\u0105 sobie r\u00f3wnych.<\/p>\n<p><strong>Cho\u0107 kanapy w kolorze be\u017cowym na og\u00f3\u0142 kojarz\u0105 si\u0119 z nie\u015bmierteln\u0105 klasyk\u0105, nie zawsze wpisuj\u0105 si\u0119 w styl klasyczny lub tradycyjny<\/strong>. Aktualne trendy wn\u0119trzarskie odwa\u017cnie promuj\u0105 modele wyr\u00f3\u017cniaj\u0105ce si\u0119 nowoczesnym designem, lekk\u0105 sylwetk\u0105 i op\u0142ywowym kszta\u0142tem. <a href=\"https:\/\/www.brw.pl\/meble\/meble-wypoczynkowe\/\" target=\"_blank\" rel=\"noopener noreferrer\">Meble wypoczynkowe<\/a> w nowej, od\u015bwie\u017conej formie to przede wszystkim sofy stworzone do wn\u0119trz naturalnych i ponadczasowych.<\/p>\n<h3>Kanapa w odcieniach be\u017cu &#8211; jak\u0105 wybra\u0107?<\/h3>\n<p>Be\u017c to sprawdzony, uniwersalny kolor, kt\u00f3ry daje wiele mo\u017cliwo\u015bci. Mimo \u017ce przez lata postrzegany by\u0142 jako nudny i niezbyt ciekawy, dzi\u015b u\u015bwietnia niejedn\u0105 modelow\u0105 aran\u017cacj\u0119 wn\u0119trza. Be\u017cowa tapicerka w pokoju dziennym zach\u0119ci domownik\u00f3w do odpoczynku \u2013 jej ciep\u0142y, stonowany odcie\u0144 sprzyja chwilom po\u015bwi\u0119canym na przyjemno\u015bci.<\/p>\n<p>Je\u015bli zale\u017cy Ci na aran\u017cacji wn\u0119trza, w kt\u00f3rym pierwsze skrzypce graj\u0105 odwo\u0142ania do natury, <strong>postaw na be\u017cow\u0105 kanap\u0119 o zaokr\u0105glonych, organicznych liniach<\/strong>. Mo\u017cesz wybiera\u0107 spo\u015br\u00f3d bardzo modnych w ostatnim czasie sof w tkaninach boucl\u00e9, ale nie tylko. W takim salonie pi\u0119knie zaprezentuj\u0105 si\u0119 r\u00f3wnie\u017c plecionki, \u017cakardy i szenile. Z kolei do eleganckiej przestrzeni urz\u0105dzonej w duchu glamour warto wprowadzi\u0107 <strong>kanap\u0119 w ciep\u0142ym odcieniu be\u017cu, pokryt\u0105 welurem lub inn\u0105 po\u0142yskuj\u0105c\u0105 tkanin\u0105<\/strong>. Zwr\u00f3\u0107 uwag\u0119 na smuk\u0142e modele wsparte na z\u0142oconych n\u00f3\u017ckach \u2013 s\u0105 eleganckie i bardzo gustowne.<\/p>\n<p>W klasycznej aran\u017cacji salonu znakomicie sprawdzi si\u0119 du\u017ca, mi\u0119kka sofa z zaokr\u0105glonymi pod\u0142okietnikami i poduszkami oparciowymi. Kanapy w stylu angielskim jeszcze przez d\u0142ugi czas nie wyjd\u0105 z mody. Z powodzeniem stworzysz z nimi pe\u0142ne uroku, ponadczasowe wn\u0119trze. Marzysz o nowoczesnej przestrzeni dziennej? <strong>Wbrew pozorom tak\u017ce salon w duchu modern mo\u017ce skorzysta\u0107 na przytulnym charakterze be\u017cowej kanapy<\/strong>. W tym przypadku si\u0119gnij po nieco masywniejszy model o ergonomicznym kszta\u0142cie i z udogodnieniami takimi jak regulowane zag\u0142\u00f3wki.<\/p>\n<h3>Be\u017cowa sofa w aran\u017cacji salonu<\/h3>\n<p>Kanapa w ciep\u0142ym, naturalnym odcieniu \u015bpiewaj\u0105co zda egzamin w be\u017cowym salonie, nie jest to jednak jedyna aran\u017cacyjna mo\u017cliwo\u015b\u0107. <strong>Be\u017c \u015bwietnie \u0142\u0105czy si\u0119 z innymi spokojnymi lub mocnymi barwami, pi\u0119knie wygl\u0105da w towarzystwie naturalnych materia\u0142\u00f3w<\/strong>. Do be\u017cowego pasuj\u0105 kolory ziemi, takie jak br\u0105z, czer\u0144 czy czerwie\u0144. Z kolei jego elegancki charakter podkre\u015blaj\u0105 z\u0142ote akcenty i butelkowa ziele\u0144.<\/p>\n<p><strong>Je\u015bli zdecydujesz si\u0119 na be\u017cowy komplet wypoczynkowy, \u015bmia\u0142o mo\u017cesz \u0142\u0105czy\u0107 go z bia\u0142ymi meblami<\/strong>. W bia\u0142o-be\u017cowym wn\u0119trzu dobrym wyborem b\u0119dzie wystr\u00f3j w stylu skandynawskim lub troch\u0119 bardziej oszcz\u0119dnym w formie, lecz nadal modnym stylu japandi. R\u00f3wnie ciekawy efekt uzyskasz, je\u015bli postawisz na po\u0142\u0105czenie koloru be\u017cowego z delikatnymi pastelami. Pudrowy r\u00f3\u017c, jasna budyniowa \u017c\u00f3\u0142\u0107 lub go\u0142\u0119bia szaro\u015b\u0107 dodadz\u0105 aran\u017cacji lekko\u015bci i romantyzmu.<\/p>\n<h2><strong>Salon z be\u017cow\u0105 kanap\u0105 \u2013 jak zaaran\u017cowa\u0107 takie wn\u0119trze? <\/strong><\/h2>\n<p>Jak urz\u0105dzi\u0107 salon z be\u017cow\u0105 kanap\u0105? Tak naprawd\u0119 wszystko zale\u017cy od wizji aran\u017cera oraz od pomys\u0142u na konkretne wn\u0119trze. Jedno jednak jest pewne \u2013 dzi\u0119ki dobrej koncepcji salon z pewno\u015bci\u0105 nie b\u0119dzie nudny! Oto meble i dodatki, kt\u00f3re pomog\u0105 Ci w aran\u017cacyjnych zmaganiach.<\/p>\n<h3>Wn\u0119trze w stylu total look, czyli be\u017cowy salon<\/h3>\n<p>Aran\u017cacje, w kt\u00f3rych dominuje wyciszona paleta barw, to jeden z najmocniejszych trend\u00f3w ostatnich sezon\u00f3w. Be\u017cowy salon urz\u0105dzony w stylu <em>total look<\/em> urzeka spokojem i naturalno\u015bci\u0105. <strong>W takim wn\u0119trzu, z be\u017cow\u0105 sof\u0105 harmonizuj\u0105 be\u017cowe \u015bciany, mosi\u0119\u017cne dodatki, dekoracje w r\u00f3\u017cnych odcieniach nude oraz <\/strong><a href=\"https:\/\/www.brw.pl\/meble\/przechowywanie\/szafki\/\" target=\"_blank\" rel=\"noopener noreferrer\"><strong>szafki<\/strong><\/a><strong> i <\/strong><a href=\"https:\/\/www.brw.pl\/meble\/przechowywanie\/witryny\/\" target=\"_blank\" rel=\"noopener noreferrer\"><strong>witryny<\/strong><\/a><strong> w kolorze mlecznej bieli<\/strong>. Pomieszczenie sk\u0105pane jest w cieple domowego ogniska.<\/p>\n<div style=\"display: flex; align-items: center; justify-content: center; text-align: center;\">\n<figure id=\"attachment_33168\" aria-describedby=\"caption-attachment-33168\" style=\"width: 593px\" class=\"wp-caption aligncenter\"><img decoding=\"async\" class=\"wp-image-33168 size-full lazyload\" data-src=\"https:\/\/www.brw.pl\/blog\/wp-content\/uploads\/2023\/06\/sofa-royal-iv-tkanina-paros-2-poso-105-poso-2.jpg\" alt=\"Sofa Royal IV\" width=\"593\" height=\"445\" src=\"data:image\/svg+xml;base64,PHN2ZyB3aWR0aD0iMSIgaGVpZ2h0PSIxIiB4bWxucz0iaHR0cDovL3d3dy53My5vcmcvMjAwMC9zdmciPjwvc3ZnPg==\" style=\"--smush-placeholder-width: 593px; --smush-placeholder-aspect-ratio: 593\/445;\" \/><figcaption id=\"caption-attachment-33168\" class=\"wp-caption-text\"><a href=\"https:\/\/www.brw.pl\/sofa-royal-iv,56327\" target=\"_blank\" rel=\"noopener noreferrer\"><span style=\"font-weight: 400;\">Sofa Royal IV<\/span><\/a><\/figcaption><\/figure>\n<\/div>\n<div style=\"display: flex; align-items: center; justify-content: center; text-align: center;\">\n<figure id=\"attachment_33170\" aria-describedby=\"caption-attachment-33170\" style=\"width: 400px\" class=\"wp-caption aligncenter\"><img decoding=\"async\" class=\"wp-image-33170 lazyload\" data-src=\"https:\/\/www.brw.pl\/blog\/wp-content\/uploads\/2023\/06\/witryna-idento-kolor-wybarwienia-bialy.jpg\" alt=\"Witryna Idento\" width=\"400\" height=\"300\" src=\"data:image\/svg+xml;base64,PHN2ZyB3aWR0aD0iMSIgaGVpZ2h0PSIxIiB4bWxucz0iaHR0cDovL3d3dy53My5vcmcvMjAwMC9zdmciPjwvc3ZnPg==\" style=\"--smush-placeholder-width: 400px; --smush-placeholder-aspect-ratio: 400\/300;\" \/><figcaption id=\"caption-attachment-33170\" class=\"wp-caption-text\"><a href=\"https:\/\/www.brw.pl\/witryna-idento,11240\" target=\"_blank\" rel=\"noopener noreferrer\"><span style=\"font-weight: 400;\">Witryna Idento<\/span><\/a><\/figcaption><\/figure>\n<figure id=\"attachment_33169\" aria-describedby=\"caption-attachment-33169\" style=\"width: 400px\" class=\"wp-caption aligncenter\"><img decoding=\"async\" class=\"wp-image-33169 lazyload\" data-src=\"https:\/\/www.brw.pl\/blog\/wp-content\/uploads\/2023\/06\/komoda-idento-kolor-wybarwienia-bialy.jpg\" alt=\"Komoda Idento\" width=\"400\" height=\"300\" src=\"data:image\/svg+xml;base64,PHN2ZyB3aWR0aD0iMSIgaGVpZ2h0PSIxIiB4bWxucz0iaHR0cDovL3d3dy53My5vcmcvMjAwMC9zdmciPjwvc3ZnPg==\" style=\"--smush-placeholder-width: 400px; --smush-placeholder-aspect-ratio: 400\/300;\" \/><figcaption id=\"caption-attachment-33169\" class=\"wp-caption-text\"><a href=\"https:\/\/www.brw.pl\/komoda-idento,11229\" target=\"_blank\" rel=\"noopener noreferrer\"><span style=\"font-weight: 400;\">Komoda Idento<\/span><\/a><\/figcaption><\/figure>\n<\/div>\n<p>Jak o\u017cywi\u0107 be\u017cowy salon? Be\u017cowy kolor (podobnie jak szaro\u015bci), stosowany nieumiej\u0119tnie, potrafi przyt\u0142acza\u0107. Aby nie wpa\u015b\u0107 w pu\u0142apk\u0119 monotonii, warto zastosowa\u0107 we wn\u0119trzu rozmaite faktury oraz zr\u00f3\u017cnicowa\u0107 tonacj\u0119 i temperatur\u0119 barw z tej samej palety, cho\u0107by za pomoc\u0105 dodatk\u00f3w. Elementem r\u00f3\u017cnicuj\u0105cym faktury mog\u0105 by\u0107 np. sztukaterie lub panele \u015bcienne, a tak\u017ce tapety. Do kanapy warto dobra\u0107 puszysty dywan i dekoracyjne poduszki obszyte z\u0142ot\u0105 nici\u0105. Be\u017cowy kolor \u015bcian w strefie wypoczynkowej podkre\u015bl\u0105 r\u00f3wnie\u017c obrazy lub lustro w mosi\u0119\u017cnej ramie. Wszystkie powy\u017csze sposoby pozwol\u0105 Ci od\u015bwie\u017cy\u0107 be\u017cowy salon.<\/p>\n<div style=\"display: flex; align-items: center; justify-content: center; text-align: center;\">\n<figure id=\"attachment_32935\" aria-describedby=\"caption-attachment-32935\" style=\"width: 400px\" class=\"wp-caption aligncenter\"><img decoding=\"async\" class=\"wp-image-32935 lazyload\" data-src=\"https:\/\/www.brw.pl\/blog\/wp-content\/uploads\/2023\/06\/lustro-wiszace-henry.jpg\" alt=\"Lustro wisz\u0105ce Henry\" width=\"400\" height=\"300\" src=\"data:image\/svg+xml;base64,PHN2ZyB3aWR0aD0iMSIgaGVpZ2h0PSIxIiB4bWxucz0iaHR0cDovL3d3dy53My5vcmcvMjAwMC9zdmciPjwvc3ZnPg==\" style=\"--smush-placeholder-width: 400px; --smush-placeholder-aspect-ratio: 400\/300;\" \/><figcaption id=\"caption-attachment-32935\" class=\"wp-caption-text\"><a href=\"https:\/\/www.brw.pl\/lustro-wiszace-henry,51216\" target=\"_blank\" rel=\"noopener noreferrer\"><span style=\"font-weight: 400;\">Lustro wisz\u0105ce Henry<\/span><\/a><\/figcaption><\/figure>\n<figure id=\"attachment_30091\" aria-describedby=\"caption-attachment-30091\" style=\"width: 444px\" class=\"wp-caption aligncenter\"><img decoding=\"async\" class=\"wp-image-30091 lazyload\" data-src=\"https:\/\/www.brw.pl\/blog\/wp-content\/uploads\/2023\/02\/Lampa-Mirellio-800x540.jpg\" alt=\"Lampa wisz\u0105ca Mirellio\" width=\"444\" height=\"300\" data-srcset=\"https:\/\/www.brw.pl\/blog\/wp-content\/uploads\/2023\/02\/Lampa-Mirellio-800x540.jpg 800w, https:\/\/www.brw.pl\/blog\/wp-content\/uploads\/2023\/02\/Lampa-Mirellio-768x518.jpg 768w, https:\/\/www.brw.pl\/blog\/wp-content\/uploads\/2023\/02\/Lampa-Mirellio-1536x1037.jpg 1536w, https:\/\/www.brw.pl\/blog\/wp-content\/uploads\/2023\/02\/Lampa-Mirellio-368x250.jpg 368w, https:\/\/www.brw.pl\/blog\/wp-content\/uploads\/2023\/02\/Lampa-Mirellio.jpg 1600w\" data-sizes=\"(max-width: 444px) 100vw, 444px\" src=\"data:image\/svg+xml;base64,PHN2ZyB3aWR0aD0iMSIgaGVpZ2h0PSIxIiB4bWxucz0iaHR0cDovL3d3dy53My5vcmcvMjAwMC9zdmciPjwvc3ZnPg==\" style=\"--smush-placeholder-width: 444px; --smush-placeholder-aspect-ratio: 444\/300;\" \/><figcaption id=\"caption-attachment-30091\" class=\"wp-caption-text\"><a href=\"https:\/\/www.brw.pl\/lampa-wiszaca-mirellio,47962\" target=\"_blank\" rel=\"noopener noreferrer\"><span style=\"font-weight: 400;\">Lampa wisz\u0105ca Mirellio<\/span><\/a><\/figcaption><\/figure>\n<\/div>\n<h3>Be\u017cowa sofa w salonie z drewnem<\/h3>\n<p>Be\u017cowa sofa w aran\u017cacji salonu \u0142adnie po\u0142\u0105czy si\u0119 r\u00f3wnie\u017c z naturalnymi barwami drewna. Dobrym pomys\u0142em b\u0119dzie zakup mebli w kolorze z\u0142ocistego d\u0119bu i zastosowanie drewnianych lameli na \u015bcianach, np. w strefie telewizyjnej. Je\u015bli obawiasz si\u0119, \u017ce podobnie zaaran\u017cowany salon b\u0119dzie zbyt ciemny, zainwestuj w <a href=\"https:\/\/www.brw.pl\/meble\/przechowywanie\/komody\/\" target=\"_blank\" rel=\"noopener noreferrer\">komody<\/a> i <a href=\"https:\/\/www.brw.pl\/meble\/przechowywanie\/regaly\/\" target=\"_blank\" rel=\"noopener noreferrer\">rega\u0142y<\/a> w jesionowym wybarwieniu, a \u015bciany pomaluj na bia\u0142o. Nie zapomnij o dodatkach \u2013 do be\u017cowego wn\u0119trza warto wprowadzi\u0107 kolorowe dekoracje, m.in. w postaci tekstyli\u00f3w.<\/p>\n<div style=\"display: flex; align-items: center; justify-content: center; text-align: center;\">\n<figure id=\"attachment_29984\" aria-describedby=\"caption-attachment-29984\" style=\"width: 400px\" class=\"wp-caption aligncenter\"><img decoding=\"async\" class=\"wp-image-29984 lazyload\" data-src=\"https:\/\/www.brw.pl\/blog\/wp-content\/uploads\/2023\/02\/poduszka-dekoracyjna-navy-mediuma.jpg\" alt=\"Poduszka dekoracyjna Navy\" width=\"400\" height=\"300\" src=\"data:image\/svg+xml;base64,PHN2ZyB3aWR0aD0iMSIgaGVpZ2h0PSIxIiB4bWxucz0iaHR0cDovL3d3dy53My5vcmcvMjAwMC9zdmciPjwvc3ZnPg==\" style=\"--smush-placeholder-width: 400px; --smush-placeholder-aspect-ratio: 400\/300;\" \/><figcaption id=\"caption-attachment-29984\" class=\"wp-caption-text\"><a href=\"https:\/\/www.brw.pl\/poduszka-dekoracyjna-navy,53080\" target=\"_blank\" rel=\"noopener noreferrer\"><span style=\"font-weight: 400;\">Poduszka dekoracyjna Navy<\/span><\/a><\/figcaption><\/figure>\n<figure id=\"attachment_32444\" aria-describedby=\"caption-attachment-32444\" style=\"width: 400px\" class=\"wp-caption aligncenter\"><img decoding=\"async\" class=\"wp-image-32444 lazyload\" data-src=\"https:\/\/www.brw.pl\/blog\/wp-content\/uploads\/2023\/05\/poduszka-dekoracyjna-lena.jpg\" alt=\"Poduszka dekoracyjna Lena\" width=\"400\" height=\"300\" src=\"data:image\/svg+xml;base64,PHN2ZyB3aWR0aD0iMSIgaGVpZ2h0PSIxIiB4bWxucz0iaHR0cDovL3d3dy53My5vcmcvMjAwMC9zdmciPjwvc3ZnPg==\" style=\"--smush-placeholder-width: 400px; --smush-placeholder-aspect-ratio: 400\/300;\" \/><figcaption id=\"caption-attachment-32444\" class=\"wp-caption-text\"><a href=\"https:\/\/www.brw.pl\/poduszka-dekoracyjna-lena,45827\" target=\"_blank\" rel=\"noopener noreferrer\"><span style=\"font-weight: 400;\">Poduszka dekoracyjna Lena<\/span><\/a><\/figcaption><\/figure>\n<\/div>\n<h2><strong>Be\u017cowa kanapa w salonie \u2013 aran\u017cacje <\/strong><\/h2>\n<p>Sp\u00f3jrz na nasze aran\u017cacje salonu z be\u017cow\u0105 kanap\u0105 i zainspiruj si\u0119!<\/p>\n<div style=\"display: flex; align-items: center; justify-content: center; text-align: center;\">\n<figure id=\"attachment_30570\" aria-describedby=\"caption-attachment-30570\" style=\"width: 800px\" class=\"wp-caption aligncenter\"><img decoding=\"async\" class=\"wp-image-30570 size-medium lazyload\" data-src=\"https:\/\/www.brw.pl\/blog\/wp-content\/uploads\/2023\/03\/cloe-piaskowy-salon-glowne-800x534.jpg\" alt=\"Cloe piaskowy salon\" width=\"800\" height=\"534\" data-srcset=\"https:\/\/www.brw.pl\/blog\/wp-content\/uploads\/2023\/03\/cloe-piaskowy-salon-glowne-800x534.jpg 800w, https:\/\/www.brw.pl\/blog\/wp-content\/uploads\/2023\/03\/cloe-piaskowy-salon-glowne-768x512.jpg 768w, https:\/\/www.brw.pl\/blog\/wp-content\/uploads\/2023\/03\/cloe-piaskowy-salon-glowne-1536x1025.jpg 1536w, https:\/\/www.brw.pl\/blog\/wp-content\/uploads\/2023\/03\/cloe-piaskowy-salon-glowne.jpg 1619w\" data-sizes=\"(max-width: 800px) 100vw, 800px\" src=\"data:image\/svg+xml;base64,PHN2ZyB3aWR0aD0iMSIgaGVpZ2h0PSIxIiB4bWxucz0iaHR0cDovL3d3dy53My5vcmcvMjAwMC9zdmciPjwvc3ZnPg==\" style=\"--smush-placeholder-width: 800px; --smush-placeholder-aspect-ratio: 800\/534;\" \/><figcaption id=\"caption-attachment-30570\" class=\"wp-caption-text\"><a href=\"https:\/\/www.brw.pl\/sofa-cloe,48816\" target=\"_blank\" rel=\"noopener noreferrer\"><span style=\"font-weight: 400;\">Sofa Cloe<\/span><\/a> &#8211; <a href=\"https:\/\/www.brw.pl\/stolik-xana,43266\" target=\"_blank\" rel=\"noopener noreferrer\"><span style=\"font-weight: 400;\">Stolik Xana<\/span><\/a><\/figcaption><\/figure>\n<\/div>\n<p>Zastanawiasz si\u0119, jak podej\u015b\u0107 do wystroju salonu z be\u017cow\u0105 kanap\u0105? Co powiesz na modne wn\u0119trze pe\u0142ne blasku, urz\u0105dzone w duchu glamour? Stref\u0119 relaksu buduje w nim komplet wypoczynkowy z\u0142o\u017cony z <strong>sofy, fotela oraz pufu Cloe<\/strong> w kolorze <em>Eureka Beige. <\/em>Meble osadzone na z\u0142otych n\u00f3\u017ckach \u015bwietnie komponuj\u0105 si\u0119 z dodatkami w kolorze szmaragdowej zieleni i z\u0142ota. Szykowny stolik kawowy Xana z blatem imituj\u0105cym marmur, <a href=\"https:\/\/www.brw.pl\/zaslona-rosa,39993\" target=\"_blank\" rel=\"noopener noreferrer\">zas\u0142ona Rosa<\/a> oraz szklany <a href=\"https:\/\/www.brw.pl\/wazon,28811\" target=\"_blank\" rel=\"noopener noreferrer\">wazon<\/a> o\u017cywiaj\u0105 stonowan\u0105 przestrze\u0144. Elegancji dodaj\u0105 jej <a href=\"https:\/\/www.brw.pl\/l-podlogowa-sober,39318\" target=\"_blank\" rel=\"noopener noreferrer\">lampa pod\u0142ogowa Sober<\/a> z mlecznym kloszem oraz geometryczny <a href=\"https:\/\/www.brw.pl\/zegar-scienny,30155\" target=\"_blank\" rel=\"noopener noreferrer\">zegar \u015bcienny<\/a>.<\/p>\n<div style=\"display: flex; align-items: center; justify-content: center; text-align: center;\">\n<figure id=\"attachment_33163\" aria-describedby=\"caption-attachment-33163\" style=\"width: 800px\" class=\"wp-caption aligncenter\"><img decoding=\"async\" class=\"wp-image-33163 size-medium lazyload\" data-src=\"https:\/\/www.brw.pl\/blog\/wp-content\/uploads\/2023\/06\/FL13_LORD-2BK_ES_COMFI_20_BEIGE_ar2-1-800x534.jpg\" alt=\"Sofa Lord\" width=\"800\" height=\"534\" data-srcset=\"https:\/\/www.brw.pl\/blog\/wp-content\/uploads\/2023\/06\/FL13_LORD-2BK_ES_COMFI_20_BEIGE_ar2-1-800x534.jpg 800w, https:\/\/www.brw.pl\/blog\/wp-content\/uploads\/2023\/06\/FL13_LORD-2BK_ES_COMFI_20_BEIGE_ar2-1-768x512.jpg 768w, https:\/\/www.brw.pl\/blog\/wp-content\/uploads\/2023\/06\/FL13_LORD-2BK_ES_COMFI_20_BEIGE_ar2-1-1536x1025.jpg 1536w, https:\/\/www.brw.pl\/blog\/wp-content\/uploads\/2023\/06\/FL13_LORD-2BK_ES_COMFI_20_BEIGE_ar2-1.jpg 1619w\" data-sizes=\"(max-width: 800px) 100vw, 800px\" src=\"data:image\/svg+xml;base64,PHN2ZyB3aWR0aD0iMSIgaGVpZ2h0PSIxIiB4bWxucz0iaHR0cDovL3d3dy53My5vcmcvMjAwMC9zdmciPjwvc3ZnPg==\" style=\"--smush-placeholder-width: 800px; --smush-placeholder-aspect-ratio: 800\/534;\" \/><figcaption id=\"caption-attachment-33163\" class=\"wp-caption-text\"><a href=\"https:\/\/www.brw.pl\/sofa-lord,45712\" target=\"_blank\" rel=\"noopener noreferrer\"><span style=\"font-weight: 400;\">Sofa Lord<\/span><\/a><\/figcaption><\/figure>\n<\/div>\n<p>Nowoczesne wn\u0119trze z industrialnym rysem wbrew pozorom r\u00f3wnie\u017c jest odpowiednim miejscem dla be\u017cowej kanapy. Zestaw wypoczynkowy, kt\u00f3ry stworzono za pomoc\u0105 <strong>fotela oraz sofy Lord<\/strong>, dobrze odnajduje si\u0119 w towarzystwie mebli skrzyniowych z <a href=\"https:\/\/www.brw.pl\/kolekcja-luton,554\" target=\"_blank\" rel=\"noopener noreferrer\">kolekcji Luton<\/a> oraz <a href=\"https:\/\/www.brw.pl\/komplet-dwoch-law-40-50-drewno-akacjowe-aroz,40509\" target=\"_blank\" rel=\"noopener noreferrer\">kompletu dw\u00f3ch \u0142aw Aroz<\/a>. Wygodna sofa o prostym, geometrycznym kszta\u0142cie nie zajmuje wiele miejsca \u2013 dzi\u0119ki temu okaza\u0142a si\u0119 idealnym meblem do niewielkiej strefy dziennej. Be\u017cowy k\u0105cik przeznaczony do relaksu w rodzinnym gronie mimo oszcz\u0119dnej stylistyki prezentuje si\u0119 bardzo przytulnie.<\/p>\n<p>Poznaj wszystkie funkcjonalno\u015bci sofy Lord \u2013 zobacz filmik opublikowany na <a href=\"https:\/\/www.youtube.com\/@brwmeble\" target=\"_blank\" rel=\"noopener noreferrer\">kanale BRW<\/a> w serwisie YouTube:<\/p>\n<div class=\"videoWrapper\"><iframe title=\"Sofa Lord\" data-src=\"https:\/\/www.youtube-nocookie.com\/embed\/KAC1FIbokc8\" frameborder=\"0\" allowfullscreen=\"allowfullscreen\" src=\"data:image\/svg+xml;base64,PHN2ZyB3aWR0aD0iMSIgaGVpZ2h0PSIxIiB4bWxucz0iaHR0cDovL3d3dy53My5vcmcvMjAwMC9zdmciPjwvc3ZnPg==\" data-load-mode=\"1\"><span data-mce-type=\"bookmark\" style=\"display: inline-block; width: 0px; overflow: hidden; line-height: 0;\" class=\"mce_SELRES_start lazyload\">\ufeff<\/span><\/iframe><\/div>\n<p><strong>Po wi\u0119cej inspiracji zapraszamy do <\/strong><a href=\"https:\/\/www.brw.pl\/\" target=\"_blank\" rel=\"noopener noreferrer\"><strong>sklepu internetowego Black Red White<\/strong><\/a><strong>!<\/strong><\/p>\n<p>Interesuj\u0105 Ci\u0119 inne kolory kanap? Wi\u0119cej stylowych propozycji znajdziesz w naszym artykule: &#8222;<a href=\"https:\/\/www.brw.pl\/blog\/modne-kanapy-do-salonu-2023-przeglad-modeli-black-red-white\/\" target=\"_blank\" rel=\"noopener noreferrer\">Modne kanapy do salonu 2023 \u2013 przegl\u0105d modeli Black Red White&#8221;.<\/a><\/p>\n","protected":false},"excerpt":{"rendered":"<p>Szykowny, ponadczasowy, pe\u0142en harmonii i wdzi\u0119ku. Kolor be\u017cowy to klasyka gatunku! Wygodna sofa w odcieniach be\u017cu doda Twojemu wn\u0119trzu charakteru. Zobacz, jak zaaran\u017cowa\u0107 salon z be\u017cow\u0105 kanap\u0105 w roli g\u0142\u00f3wnej.<\/p>\n","protected":false},"author":21,"featured_media":29902,"comment_status":"closed","ping_status":"open","sticky":false,"template":"","format":"standard","meta":{"footnotes":""},"categories":[39,28,735],"tags":[],"aioseo_notices":[],"_links":{"self":[{"href":"https:\/\/www.brw.pl\/blog\/wp-json\/wp\/v2\/posts\/33158"}],"collection":[{"href":"https:\/\/www.brw.pl\/blog\/wp-json\/wp\/v2\/posts"}],"about":[{"href":"https:\/\/www.brw.pl\/blog\/wp-json\/wp\/v2\/types\/post"}],"author":[{"embeddable":true,"href":"https:\/\/www.brw.pl\/blog\/wp-json\/wp\/v2\/users\/21"}],"replies":[{"embeddable":true,"href":"https:\/\/www.brw.pl\/blog\/wp-json\/wp\/v2\/comments?post=33158"}],"version-history":[{"count":4,"href":"https:\/\/www.brw.pl\/blog\/wp-json\/wp\/v2\/posts\/33158\/revisions"}],"predecessor-version":[{"id":35594,"href":"https:\/\/www.brw.pl\/blog\/wp-json\/wp\/v2\/posts\/33158\/revisions\/35594"}],"wp:featuredmedia":[{"embeddable":true,"href":"https:\/\/www.brw.pl\/blog\/wp-json\/wp\/v2\/media\/29902"}],"wp:attachment":[{"href":"https:\/\/www.brw.pl\/blog\/wp-json\/wp\/v2\/media?parent=33158"}],"wp:term":[{"taxonomy":"category","embeddable":true,"href":"https:\/\/www.brw.pl\/blog\/wp-json\/wp\/v2\/categories?post=33158"},{"taxonomy":"post_tag","embeddable":true,"href":"https:\/\/www.brw.pl\/blog\/wp-json\/wp\/v2\/tags?post=33158"}],"curies":[{"name":"wp","href":"https:\/\/api.w.org\/{rel}","templated":true}]}}