{"id":33172,"date":"2023-06-24T08:55:03","date_gmt":"2023-06-24T06:55:03","guid":{"rendered":"https:\/\/www.brw.pl\/blog\/?p=33172"},"modified":"2023-06-22T15:12:58","modified_gmt":"2023-06-22T13:12:58","slug":"kuchnia-w-kawalerce-porady-i-inspiracje","status":"publish","type":"post","link":"https:\/\/www.brw.pl\/blog\/kuchnia-w-kawalerce-porady-i-inspiracje\/","title":{"rendered":"Kuchnia w kawalerce \u2013 porady i inspiracje"},"content":{"rendered":"<p><strong>Czy kuchnia w kawalerce mo\u017ce by\u0107 funkcjonalna? Jak najbardziej! Przemy\u015blana aran\u017cacja wn\u0119trza to Tw\u00f3j klucz do sukcesu. Odkryj z nami potencja\u0142 ma\u0142ej kuchni \u2013 podpowiemy Ci, jak j\u0105 urz\u0105dzi\u0107, by zachwyca\u0142a ergonomi\u0105 i doskona\u0142ym stylem. <\/strong><!--more--><\/p>\n<div style=\"display: flex; align-items: center; justify-content: center; text-align: center;\">\n<figure id=\"attachment_30618\" aria-describedby=\"caption-attachment-30618\" style=\"width: 800px\" class=\"wp-caption aligncenter\"><img decoding=\"async\" class=\"wp-image-30618 size-medium lazyload\" data-src=\"https:\/\/www.brw.pl\/blog\/wp-content\/uploads\/2023\/03\/Kuchnia-Sara-Line-800x554.jpg\" alt=\"Kuchnia w kawalerce\" width=\"800\" height=\"554\" data-srcset=\"https:\/\/www.brw.pl\/blog\/wp-content\/uploads\/2023\/03\/Kuchnia-Sara-Line-800x554.jpg 800w, https:\/\/www.brw.pl\/blog\/wp-content\/uploads\/2023\/03\/Kuchnia-Sara-Line-768x532.jpg 768w, https:\/\/www.brw.pl\/blog\/wp-content\/uploads\/2023\/03\/Kuchnia-Sara-Line-1536x1063.jpg 1536w, https:\/\/www.brw.pl\/blog\/wp-content\/uploads\/2023\/03\/Kuchnia-Sara-Line.jpg 1560w\" data-sizes=\"(max-width: 800px) 100vw, 800px\" src=\"data:image\/svg+xml;base64,PHN2ZyB3aWR0aD0iMSIgaGVpZ2h0PSIxIiB4bWxucz0iaHR0cDovL3d3dy53My5vcmcvMjAwMC9zdmciPjwvc3ZnPg==\" style=\"--smush-placeholder-width: 800px; --smush-placeholder-aspect-ratio: 800\/554;\" \/><figcaption id=\"caption-attachment-30618\" class=\"wp-caption-text\"><a href=\"https:\/\/www.brw.pl\/komplet-kuchenny-sara-line-240,47286\" target=\"_blank\" rel=\"noopener noreferrer\"><span style=\"font-weight: 400;\">Komplet kuchenny Sara Line<\/span><\/a><\/figcaption><\/figure>\n<\/div>\n<h2><strong>Mini kuchnia w kawalerce \u2013 maxi efekt aran\u017cacyjny <\/strong><\/h2>\n<p>Urz\u0105dzanie kuchni w rozmiarze mini to niew\u0105tpliwie jedno z najwi\u0119kszych wyzwa\u0144 aran\u017cacyjnych, jakie stoj\u0105 przed w\u0142a\u015bcicielami kawalerek. Na czym polega trudno\u015b\u0107? Nale\u017cy zmie\u015bci\u0107 wszystkie strefy funkcjonalne w stosunkowo ma\u0142ej przestrzeni, tak aby zachowa\u0107 ergonomi\u0119 wn\u0119trza i jednocze\u015bnie osi\u0105gn\u0105\u0107 zadowalaj\u0105cy efekt wizualny. Brzmi jak zadanie nie do wykonania? Nic z tych rzeczy! <strong>Wbrew pozorom<\/strong> <strong>r\u00f3wnie\u017c w ma\u0142ej kuchni mo\u017cna zapewni\u0107 sobie najwy\u017cszy komfort pracy<\/strong>. Co wi\u0119cej, nowoczesny aneks kuchenny nie ma nic wsp\u00f3lnego z dawn\u0105 &#8222;\u015blep\u0105 kuchni\u0105&#8221; \u2013 ciemn\u0105, nieatrakcyjn\u0105 i niezbyt ustawn\u0105.<\/p>\n<h3 data-pm-slice=\"1 1 []\">Urz\u0105dzamy ma\u0142\u0105 kuchni\u0119 w kawalerce \u2013 wskaz\u00f3wki na start<\/h3>\n<p>Wsp\u00f3\u0142czesne rozwi\u0105zania aran\u017cacyjne pozwalaj\u0105 wykorzysta\u0107 potencja\u0142 ka\u017cdego pomieszczenia. Przy odrobinie kreatywno\u015bci z powodzeniem urz\u0105dzisz wi\u0119c wygodn\u0105 stref\u0119 gotowania i spo\u017cywania posi\u0142k\u00f3w \u2013 nawet na naprawd\u0119 ma\u0142ym metra\u017cu. <strong>Na co zwr\u00f3ci\u0107 uwag\u0119 podczas projektowania kawalerki z aneksem kuchennym?<\/strong> Oto <strong>gar\u015b\u0107 wskaz\u00f3wek<\/strong>, kt\u00f3re pomog\u0105 Ci m\u0105drze zarz\u0105dzi\u0107 organizacj\u0105 niewielkiego wn\u0119trza.<\/p>\n<ul>\n<li>W niewielkiej kuchni najkorzystniej prezentuj\u0105 si\u0119 proste, geometryczne formy. Zredukuj do minimum liczb\u0119 ozdobnik\u00f3w i dekoracyjnych detali: postaw na zwart\u0105 kuchenn\u0105 zabudow\u0119 o nowoczesnym designie. Taka aran\u017cacja doda wn\u0119trzu lekko\u015bci. <strong>Wi\u0119cej na temat nowoczesnych kuchni przeczytasz w naszym artykule: &#8222;<a href=\"https:\/\/www.brw.pl\/blog\/trend-alert-nowoczesne-kuchnie-2023\" target=\"_blank\" rel=\"noopener noreferrer\">Trend alert: nowoczesne kuchnie 2023&#8243;.<\/a><\/strong><\/li>\n<li>W kawalerkach, w kt\u00f3rych kuchnia jest pomieszczeniem w pe\u0142ni lub cz\u0119\u015bciowo otwartym na salon, <a href=\"https:\/\/www.brw.pl\/meble\/meble-kuchenne\/\" target=\"_blank\" rel=\"noopener noreferrer\">meble kuchenne<\/a> powinny harmonizowa\u0107 z aran\u017cacj\u0105 strefy dziennej. Dzi\u0119ki zachowaniu wizualnej ci\u0105g\u0142o\u015bci, wn\u0119trze b\u0119dzie wygl\u0105da\u0107 na bardziej przestronne.<\/li>\n<li>W aran\u017cacji aneksu kuchennego niebagateln\u0105 rol\u0119 odgrywa <a href=\"https:\/\/www.brw.pl\/oswietlenie\/\" target=\"_blank\" rel=\"noopener noreferrer\">o\u015bwietlenie<\/a>. Je\u015bli Twoja kuchnia, z racji usytuowania, ma ograniczony dost\u0119p do \u015bwiat\u0142a dziennego, zastosuj w niej o\u015bwietlenie wielo\u017ar\u00f3d\u0142owe. Po\u0142\u0105czenie tradycyjnych lamp wisz\u0105cych z oprawami sufitowymi i nowoczesnymi listwami LED spot\u0119guje efekt przestronno\u015bci.<\/li>\n<li>Ma\u0142a kuchnia niesie za sob\u0105 ryzyko zagracenia przestrzeni. Aby tego unikn\u0105\u0107, dbaj o porz\u0105dek w strefie roboczej \u2013 na widoku pozostawiaj jedynie niezb\u0119dne <a href=\"https:\/\/www.brw.pl\/wyposazenie-kuchni\/akcesoria-kuchenne\/\" target=\"_blank\" rel=\"noopener noreferrer\">akcesoria kuchenne<\/a>, a ca\u0142\u0105 reszt\u0119 ukryj za frontami szafek.<\/li>\n<\/ul>\n<p>Pami\u0119taj, \u017ce w malutkiej kuchni dos\u0142ownie ka\u017cdy centymetr jest na wag\u0119 z\u0142ota. To dlatego projekt wn\u0119trza powinien by\u0107 przygotowany z du\u017c\u0105 staranno\u015bci\u0105. W ograniczonej przestrzeni nie ma miejsca na b\u0142\u0119dy.<\/p>\n<h2><strong>Kuchnia w kawalerce \u2013 jak j\u0105 urz\u0105dzi\u0107?<\/strong><\/h2>\n<p>Je\u015bli zastanawiasz si\u0119, jak modnie i praktycznie urz\u0105dzi\u0107 kuchni\u0119 w kawalerce, to jeste\u015b we w\u0142a\u015bciwym miejscu. Mamy dla Ciebie kilka aran\u017cacyjnych porad, przedstawiamy te\u017c meble i dodatki, kt\u00f3re najlepiej sprawdz\u0105 si\u0119 w niewielkim wn\u0119trzu.<\/p>\n<h3>Otw\u00f3rz kuchni\u0119 na salon<\/h3>\n<p>W kawalerkach najcz\u0119\u015bciej mamy do czynienia z otwartym na salon aneksem kuchennym, rzadziej \u2013 z cz\u0119\u015bciowo zamkni\u0119t\u0105 kuchni\u0105. Cho\u0107 tzw. &#8222;\u015blepe kuchnie&#8221; wci\u0105\u017c mo\u017cna spotka\u0107 w blokach z wielkiej p\u0142yty, standardy nowoczesnego budownictwa nie przewiduj\u0105 takich rozwi\u0105za\u0144. <strong>W przypadku wn\u0119trza, w kt\u00f3rym w przesz\u0142o\u015bci dokonano fizycznego podzia\u0142u pomieszcze\u0144, najkorzystniejszym posuni\u0119ciem b\u0119dzie usuni\u0119cie \u015bcianki dzia\u0142owej<\/strong>. Mieszkania typu <em>open space<\/em> nie bez powodu ciesz\u0105 si\u0119 ogromn\u0105 popularno\u015bci\u0105. Pozwalaj\u0105 na maksymalne wykorzystanie dost\u0119pnej przestrzeni i zachowanie pozor\u00f3w przestronno\u015bci.<\/p>\n<p>Je\u015bli mimo wszystko nie chcesz pozostawia\u0107 kuchni na widoku, pomy\u015bl o rozwi\u0105zaniach po\u015brednich. W kawalerkach \u015bwietnie sprawdz\u0105 si\u0119 a\u017curowe przepierzenia, kt\u00f3re nie zdominuj\u0105 aran\u017cacji. Do tego celu mo\u017cesz wykorzysta\u0107 drewniane lamele i stworzy\u0107 z nich konstrukcj\u0119 przes\u0142aniaj\u0105c\u0105 cz\u0119\u015b\u0107 robocz\u0105 kuchni. Ciekawym pomys\u0142em b\u0119dzie r\u00f3wnie\u017c ukrycie kuchennej zabudowy za sk\u0142adanymi drzwiami wykonanymi na wymiar.<\/p>\n<h3>Zadbaj o umowny podzia\u0142 stref funkcjonalnych<\/h3>\n<p>Wa\u017cnym elementem organizowania przestrzeni dziennej w kawalerce jest dokonanie optycznego podzia\u0142u na strefy: wypoczynkow\u0105, jadalnian\u0105 i kuchenn\u0105. Jak to zrobi\u0107? Najlepiej za pomoc\u0105 mebli. <strong>Niewielki st\u00f3\u0142 jadalniany lub designerski barek z hokerami w naturalny spos\u00f3b wydziel\u0105 cz\u0119\u015b\u0107 kuchenn\u0105 z reszty pokoju<\/strong>, <strong>a przy okazji mog\u0105 pos\u0142u\u017cy\u0107 za dodatkowy blat roboczy<\/strong>. Do strefowania pos\u0142u\u017cy Ci r\u00f3wnie\u017c ty\u0142 kanapy. Wybieraj wypoczynek w ca\u0142o\u015bci wyko\u0144czony tkanin\u0105 obiciow\u0105 lub z funkcjonalnym rega\u0142em wbudowanym w ty\u0142 sofy. Takie wielofunkcyjne meble s\u0105 niezast\u0105pione w ma\u0142ych mieszkaniach.<\/p>\n<div style=\"display: flex; align-items: center; justify-content: center; text-align: center;\">\n<figure id=\"attachment_33173\" aria-describedby=\"caption-attachment-33173\" style=\"width: 500px\" class=\"wp-caption aligncenter\"><img decoding=\"async\" class=\"wp-image-33173 lazyload\" data-src=\"https:\/\/www.brw.pl\/blog\/wp-content\/uploads\/2023\/06\/stol-bryk-kolor-wybarwienia-dab-sonoma.jpg\" alt=\"St\u00f3\u0142 Bryk\" width=\"500\" height=\"375\" src=\"data:image\/svg+xml;base64,PHN2ZyB3aWR0aD0iMSIgaGVpZ2h0PSIxIiB4bWxucz0iaHR0cDovL3d3dy53My5vcmcvMjAwMC9zdmciPjwvc3ZnPg==\" style=\"--smush-placeholder-width: 500px; --smush-placeholder-aspect-ratio: 500\/375;\" \/><figcaption id=\"caption-attachment-33173\" class=\"wp-caption-text\"><a href=\"https:\/\/www.brw.pl\/stol-bryk,29461\" target=\"_blank\" rel=\"noopener noreferrer\"><span style=\"font-weight: 400;\">St\u00f3\u0142 Bryk<\/span><\/a><\/figcaption><\/figure>\n<\/div>\n<div style=\"display: flex; align-items: center; justify-content: center; text-align: center;\">\n<figure id=\"attachment_20606\" aria-describedby=\"caption-attachment-20606\" style=\"width: 400px\" class=\"wp-caption aligncenter\"><img decoding=\"async\" class=\"wp-image-20606 lazyload\" data-src=\"https:\/\/www.brw.pl\/blog\/wp-content\/uploads\/2021\/10\/Stolik-Barker.jpg\" alt=\"Stolik Barker\" width=\"400\" height=\"300\" src=\"data:image\/svg+xml;base64,PHN2ZyB3aWR0aD0iMSIgaGVpZ2h0PSIxIiB4bWxucz0iaHR0cDovL3d3dy53My5vcmcvMjAwMC9zdmciPjwvc3ZnPg==\" style=\"--smush-placeholder-width: 400px; --smush-placeholder-aspect-ratio: 400\/300;\" \/><figcaption id=\"caption-attachment-20606\" class=\"wp-caption-text\"><a href=\"https:\/\/www.brw.pl\/stolik-barker,40503\" target=\"_blank\" rel=\"noopener noreferrer\"><span style=\"font-weight: 400;\">Stolik Barker<\/span><\/a><\/figcaption><\/figure>\n<figure id=\"attachment_20605\" aria-describedby=\"caption-attachment-20605\" style=\"width: 400px\" class=\"wp-caption aligncenter\"><img decoding=\"async\" class=\"wp-image-20605 lazyload\" data-src=\"https:\/\/www.brw.pl\/blog\/wp-content\/uploads\/2021\/10\/Krzes\u0142o-hoker-Barker.jpg\" alt=\"Krzes\u0142o hoker Barker\" width=\"400\" height=\"300\" src=\"data:image\/svg+xml;base64,PHN2ZyB3aWR0aD0iMSIgaGVpZ2h0PSIxIiB4bWxucz0iaHR0cDovL3d3dy53My5vcmcvMjAwMC9zdmciPjwvc3ZnPg==\" style=\"--smush-placeholder-width: 400px; --smush-placeholder-aspect-ratio: 400\/300;\" \/><figcaption id=\"caption-attachment-20605\" class=\"wp-caption-text\"><a href=\"https:\/\/www.brw.pl\/krzeslo-hoker-barker,40510\" target=\"_blank\" rel=\"noopener noreferrer\"><span style=\"font-weight: 400;\">Krzes\u0142o hoker Barker<\/span><\/a><\/figcaption><\/figure>\n<\/div>\n<h3>Wybierz praktyczny uk\u0142ad kuchenny<\/h3>\n<p>Wygodna kuchnia w wersji mini mo\u017ce by\u0107 urz\u0105dzona na kilka sposob\u00f3w. <strong>\u015awietnym pomys\u0142em b\u0119dzie postawienie na zabudow\u0119 w kszta\u0142cie litery &#8222;L&#8221; lub \u2013 o ile to mo\u017cliwe \u2013 w liter\u0119 &#8222;U&#8221;<\/strong>. Uk\u0142ad naro\u017cny ma wiele plus\u00f3w: pozwala na zorganizowanie funkcjonalnej strefy roboczej (zazwyczaj wzd\u0142u\u017c d\u0142u\u017cszego ci\u0105gu) oraz strefy magazynowania produkt\u00f3w spo\u017cywczych. W szafkach naro\u017cnych doskonale sprawdz\u0105 si\u0119 p\u00f3\u0142ki obrotowe oraz nowoczesne, wysuwane systemy naro\u017cne. W obydwu przypadkach ci\u0105g kuchenny z g\u00f3rnymi szafkami warto zaplanowa\u0107 tylko na jednej ze \u015bcian. Dzi\u0119ki temu pomieszczenie nabierze lekko\u015bci.<\/p>\n<div style=\"display: flex; align-items: center; justify-content: center; text-align: center;\">\n<figure id=\"attachment_18949\" aria-describedby=\"caption-attachment-18949\" style=\"width: 800px\" class=\"wp-caption aligncenter\"><img decoding=\"async\" class=\"wp-image-18949 size-medium lazyload\" data-src=\"https:\/\/www.brw.pl\/blog\/wp-content\/uploads\/2021\/07\/FL_Iris_03_2018_bialy-super-mat_ar2-nowy-blat-Aris-800x592.jpg\" alt=\"Meble kuchenne Iris\" width=\"800\" height=\"592\" data-srcset=\"https:\/\/www.brw.pl\/blog\/wp-content\/uploads\/2021\/07\/FL_Iris_03_2018_bialy-super-mat_ar2-nowy-blat-Aris-800x592.jpg 800w, https:\/\/www.brw.pl\/blog\/wp-content\/uploads\/2021\/07\/FL_Iris_03_2018_bialy-super-mat_ar2-nowy-blat-Aris-scaled.jpg 1460w, https:\/\/www.brw.pl\/blog\/wp-content\/uploads\/2021\/07\/FL_Iris_03_2018_bialy-super-mat_ar2-nowy-blat-Aris-768x568.jpg 768w, https:\/\/www.brw.pl\/blog\/wp-content\/uploads\/2021\/07\/FL_Iris_03_2018_bialy-super-mat_ar2-nowy-blat-Aris-1536x1136.jpg 1536w, https:\/\/www.brw.pl\/blog\/wp-content\/uploads\/2021\/07\/FL_Iris_03_2018_bialy-super-mat_ar2-nowy-blat-Aris-2048x1515.jpg 2048w\" data-sizes=\"(max-width: 800px) 100vw, 800px\" src=\"data:image\/svg+xml;base64,PHN2ZyB3aWR0aD0iMSIgaGVpZ2h0PSIxIiB4bWxucz0iaHR0cDovL3d3dy53My5vcmcvMjAwMC9zdmciPjwvc3ZnPg==\" style=\"--smush-placeholder-width: 800px; --smush-placeholder-aspect-ratio: 800\/592;\" \/><figcaption id=\"caption-attachment-18949\" class=\"wp-caption-text\"><a href=\"https:\/\/www.brw.pl\/szafka-gorna-iris,35414\" target=\"_blank\" rel=\"noopener noreferrer\"><span style=\"font-weight: 400;\">Szafka g\u00f3rna Iris<\/span><\/a><\/figcaption><\/figure>\n<\/div>\n<p>Je\u015bli mocno ograniczony metra\u017c nie pozwala na zakup naro\u017cnego kompletu kuchennego, rozwi\u0105zaniem b\u0119dzie zabudowa jednorz\u0119dowa. Wybieraj spo\u015br\u00f3d ergonomicznych mebli, kt\u00f3re zaprezentuj\u0105 si\u0119 zgrabnie i nowocze\u015bnie. Decyduj\u0105c si\u0119 na <a href=\"https:\/\/www.brw.pl\/meble\/meble-kuchenne\/kuchnie-na-wymiar\/\" target=\"_blank\" rel=\"noopener noreferrer\">kuchni\u0119 na wymiar<\/a>, g\u00f3rne szafki poprowad\u017a a\u017c do samego sufitu. Zrezygnuj z wolnostoj\u0105cych sprz\u0119t\u00f3w <a href=\"https:\/\/www.brw.pl\/agd\/\" target=\"_blank\" rel=\"noopener noreferrer\">AGD<\/a> \u2013 w ma\u0142ej kuchni egzamin zdadz\u0105 lod\u00f3wka i piekarnik w zabudowie.<\/p>\n<h3>Postaw na minimalizm<\/h3>\n<p>Urz\u0105dzaj\u0105c ma\u0142\u0105 kuchni\u0119, trzymaj si\u0119 zasady: &#8222;mniej znaczy wi\u0119cej&#8221;. Pami\u0119taj, \u017ce Twoimi sprzymierze\u0144cami s\u0105 przede wszystkim stylizacyjny umiar i prostota. Si\u0119gnij po jasne barwy i jednolite fronty szafek, najlepiej z wbudowanym mechanizmem <em>push to open<\/em> lub wyposa\u017cone w minimalistyczne uchwyty. W niewielk\u0105 przestrze\u0144 doskonale wpisz\u0105 si\u0119 meble kuchenne w matowej bieli lub w wybarwieniu jasnego drewna.<\/p>\n<p>Czy oznacza to, \u017ce do ma\u0142ej kuchni nie mo\u017cna wprowadza\u0107 ciemnych kolor\u00f3w? Nie do ko\u0144ca. Nawet granatowe lub czarne meble dodadz\u0105 wn\u0119trzu elegancji, je\u015bli odpowiednio dobierzesz do nich kolor \u015bcian i pod\u0142\u00f3g oraz zadbasz o maksymalne do\u015bwietlenie pomieszczenia.<\/p>\n<h2><strong>Kuchnia w kawalerce \u2013 aran\u017cacje <\/strong><\/h2>\n<p>Przyjrzyj si\u0119 naszej aran\u017cacji kuchni w kawalerce i zainspiruj si\u0119!<\/p>\n<div style=\"display: flex; align-items: center; justify-content: center; text-align: center;\">\n<figure id=\"attachment_30845\" aria-describedby=\"caption-attachment-30845\" style=\"width: 800px\" class=\"wp-caption aligncenter\"><img decoding=\"async\" class=\"wp-image-30845 size-medium lazyload\" data-src=\"https:\/\/www.brw.pl\/blog\/wp-content\/uploads\/2023\/04\/komplet-naro\u017cny-verdi-800x601.jpg\" alt=\"Komplet naro\u017cny Verdi - ceg\u0142a i drewno w kuchni\" width=\"800\" height=\"601\" data-srcset=\"https:\/\/www.brw.pl\/blog\/wp-content\/uploads\/2023\/04\/komplet-naro\u017cny-verdi-800x601.jpg 800w, https:\/\/www.brw.pl\/blog\/wp-content\/uploads\/2023\/04\/komplet-naro\u017cny-verdi-768x577.jpg 768w, https:\/\/www.brw.pl\/blog\/wp-content\/uploads\/2023\/04\/komplet-naro\u017cny-verdi.jpg 1438w\" data-sizes=\"(max-width: 800px) 100vw, 800px\" src=\"data:image\/svg+xml;base64,PHN2ZyB3aWR0aD0iMSIgaGVpZ2h0PSIxIiB4bWxucz0iaHR0cDovL3d3dy53My5vcmcvMjAwMC9zdmciPjwvc3ZnPg==\" style=\"--smush-placeholder-width: 800px; --smush-placeholder-aspect-ratio: 800\/601;\" \/><figcaption id=\"caption-attachment-30845\" class=\"wp-caption-text\"><a href=\"https:\/\/www.brw.pl\/komplet-kuchenny-narozny-verdi,51872\" target=\"_blank\" rel=\"noopener noreferrer\"><span style=\"font-weight: 400;\">Komplet kuchenny naro\u017cny Verdi<\/span><\/a> &#8211; <a href=\"https:\/\/www.brw.pl\/stol-sto-138-bis,24609\" target=\"_blank\" rel=\"noopener noreferrer\"><span style=\"font-weight: 400;\">St\u00f3\u0142 STO\/138 BIS<\/span><\/a><\/figcaption><\/figure>\n<\/div>\n<p>Do urz\u0105dzenia ma\u0142ej kuchni otwartej na salon wykorzystali\u015bmy <strong>komplet kuchenny naro\u017cny Verdi<\/strong> w g\u0142\u0119bokim kolorze <em>mistyczny mat<\/em>. Mimo wyrazistej kolorystyki wn\u0119trze prezentuje si\u0119 lekko i wdzi\u0119cznie. Aran\u017cacj\u0119 roz\u015bwietla nie tylko \u015bwiat\u0142o dzienne wpadaj\u0105ce przez okno, ale r\u00f3wnie\u017c biel \u015bcian oraz jasne odcienie drewna zdobi\u0105ce pod\u0142og\u0119 i kuchenny blat.<\/p>\n<p>\u015acian\u0119 mi\u0119dzy g\u00f3rnymi szafkami a blatem pokryto dekoracyjn\u0105 ceg\u0142\u0105 w naturalnym odcieniu. Dzi\u0119ki ozdobnikowi o do\u015b\u0107 surowym wygl\u0105dzie kuchnia nabiera charakteru. Za podzia\u0142 wielofunkcyjnego wn\u0119trza na strefy odpowiada praktyczny <strong>st\u00f3\u0142 STO\/138 BIS<\/strong>, przy kt\u00f3rym wygodnie rozsi\u0105d\u0105 si\u0119 dwie lub wi\u0119cej os\u00f3b. Wystr\u00f3j uzupe\u0142niaj\u0105 drewniane akcesoria i zio\u0142a w doniczkach na kuchennym parapecie.<\/p>\n<p><strong>Modne meble kuchenne do ma\u0142ych wn\u0119trz i nie tylko czekaj\u0105 na Ciebie w <\/strong><a href=\"https:\/\/www.brw.pl\/\" target=\"_blank\" rel=\"noopener noreferrer\"><strong>sklepie internetowym Black Red White<\/strong><\/a><strong>. Zapraszamy na zakupy!<\/strong><\/p>\n<p>Wci\u0105\u017c szukasz przepisu na kuchni\u0119 marze\u0144? Wi\u0119cej porad i inspiracji znajdziesz w zak\u0142adce <a href=\"https:\/\/www.brw.pl\/blog\/kuchnia\/\" target=\"_blank\" rel=\"noopener noreferrer\">KUCHNIA<\/a> na naszym blogu. Sprawd\u017a!<\/p>\n","protected":false},"excerpt":{"rendered":"<p>Czy kuchnia w kawalerce mo\u017ce by\u0107 funkcjonalna? Jak najbardziej! Przemy\u015blana aran\u017cacja wn\u0119trza to Tw\u00f3j klucz do sukcesu. Odkryj z nami potencja\u0142 ma\u0142ej kuchni \u2013 podpowiemy Ci, jak j\u0105 urz\u0105dzi\u0107, by zachwyca\u0142a ergonomi\u0105 i doskona\u0142ym stylem.<\/p>\n","protected":false},"author":21,"featured_media":30618,"comment_status":"closed","ping_status":"open","sticky":false,"template":"","format":"standard","meta":{"footnotes":""},"categories":[39,26,574],"tags":[],"aioseo_notices":[],"_links":{"self":[{"href":"https:\/\/www.brw.pl\/blog\/wp-json\/wp\/v2\/posts\/33172"}],"collection":[{"href":"https:\/\/www.brw.pl\/blog\/wp-json\/wp\/v2\/posts"}],"about":[{"href":"https:\/\/www.brw.pl\/blog\/wp-json\/wp\/v2\/types\/post"}],"author":[{"embeddable":true,"href":"https:\/\/www.brw.pl\/blog\/wp-json\/wp\/v2\/users\/21"}],"replies":[{"embeddable":true,"href":"https:\/\/www.brw.pl\/blog\/wp-json\/wp\/v2\/comments?post=33172"}],"version-history":[{"count":4,"href":"https:\/\/www.brw.pl\/blog\/wp-json\/wp\/v2\/posts\/33172\/revisions"}],"predecessor-version":[{"id":33177,"href":"https:\/\/www.brw.pl\/blog\/wp-json\/wp\/v2\/posts\/33172\/revisions\/33177"}],"wp:featuredmedia":[{"embeddable":true,"href":"https:\/\/www.brw.pl\/blog\/wp-json\/wp\/v2\/media\/30618"}],"wp:attachment":[{"href":"https:\/\/www.brw.pl\/blog\/wp-json\/wp\/v2\/media?parent=33172"}],"wp:term":[{"taxonomy":"category","embeddable":true,"href":"https:\/\/www.brw.pl\/blog\/wp-json\/wp\/v2\/categories?post=33172"},{"taxonomy":"post_tag","embeddable":true,"href":"https:\/\/www.brw.pl\/blog\/wp-json\/wp\/v2\/tags?post=33172"}],"curies":[{"name":"wp","href":"https:\/\/api.w.org\/{rel}","templated":true}]}}