{"id":33219,"date":"2023-06-27T08:43:34","date_gmt":"2023-06-27T06:43:34","guid":{"rendered":"https:\/\/www.brw.pl\/blog\/?p=33219"},"modified":"2024-02-28T07:58:38","modified_gmt":"2024-02-28T06:58:38","slug":"mlodziezowy-pokoj-w-stylu-amerykanskim-inspiracje","status":"publish","type":"post","link":"https:\/\/www.brw.pl\/blog\/mlodziezowy-pokoj-w-stylu-amerykanskim-inspiracje\/","title":{"rendered":"M\u0142odzie\u017cowy pok\u00f3j w stylu ameryka\u0144skim \u2013 inspiracje"},"content":{"rendered":"<p><strong>Marzeniem Twojego dziecka jest pok\u00f3j w ameryka\u0144skim stylu? Bez obaw \u2013 urz\u0105dzenie takiego wn\u0119trza nie musi by\u0107 trudne. O tym, jakie meble i dodatki pozwol\u0105 Ci na aran\u017cacj\u0119 pokoju rodem z hollywoodzkiego filmu, opowiadamy w dzisiejszym artykule. Zapraszamy do lektury!<\/strong><!--more--><\/p>\n<div style=\"display: flex; align-items: center; justify-content: center; text-align: center;\">\n<figure id=\"attachment_28817\" aria-describedby=\"caption-attachment-28817\" style=\"width: 800px\" class=\"wp-caption aligncenter\"><img decoding=\"async\" class=\"wp-image-28817 size-medium lazyload\" data-src=\"https:\/\/www.brw.pl\/blog\/wp-content\/uploads\/2022\/12\/tapczan-rico-pokoj-mlodziezowy-francuski-800x534.jpg\" alt=\"M\u0142odzie\u017cowy pok\u00f3j w stylu ameryka\u0144skim\" width=\"800\" height=\"534\" data-srcset=\"https:\/\/www.brw.pl\/blog\/wp-content\/uploads\/2022\/12\/tapczan-rico-pokoj-mlodziezowy-francuski-800x534.jpg 800w, https:\/\/www.brw.pl\/blog\/wp-content\/uploads\/2022\/12\/tapczan-rico-pokoj-mlodziezowy-francuski-768x512.jpg 768w, https:\/\/www.brw.pl\/blog\/wp-content\/uploads\/2022\/12\/tapczan-rico-pokoj-mlodziezowy-francuski-1536x1025.jpg 1536w, https:\/\/www.brw.pl\/blog\/wp-content\/uploads\/2022\/12\/tapczan-rico-pokoj-mlodziezowy-francuski.jpg 1619w\" data-sizes=\"(max-width: 800px) 100vw, 800px\" src=\"data:image\/svg+xml;base64,PHN2ZyB3aWR0aD0iMSIgaGVpZ2h0PSIxIiB4bWxucz0iaHR0cDovL3d3dy53My5vcmcvMjAwMC9zdmciPjwvc3ZnPg==\" style=\"--smush-placeholder-width: 800px; --smush-placeholder-aspect-ratio: 800\/534;\" \/><figcaption id=\"caption-attachment-28817\" class=\"wp-caption-text\"><a href=\"https:\/\/www.brw.pl\/komoda-flames,28564\" target=\"_blank\" rel=\"noopener noreferrer\"><span style=\"font-weight: 400;\">Komoda Flames<\/span><\/a> &#8211; <a href=\"https:\/\/www.brw.pl\/lustro-scienne-okragle,40629\" target=\"_blank\" rel=\"noopener noreferrer\"><span style=\"font-weight: 400;\">Lustro \u015bcienne okr\u0105g\u0142e<\/span><\/a><\/figcaption><\/figure>\n<\/div>\n<h2><strong>Ameryka\u0144ski pok\u00f3j m\u0142odzie\u017cowy \u2013 sen nastolatki, kt\u00f3ry mo\u017cesz spe\u0142ni\u0107! <\/strong><\/h2>\n<p>Ameryka\u0144ski pok\u00f3j m\u0142odzie\u017cowy to marzenie niejednej nastolatki (lub nastolatka). Kto cho\u0107 raz odby\u0142 podr\u00f3\u017c za ocean, ten wie, \u017ce urokowi ameryka\u0144skich wn\u0119trz naprawd\u0119 trudno si\u0119 oprze\u0107. Niezale\u017cnie od tego, czy m\u00f3wimy o ameryka\u0144skim domu z przedmie\u015bcia czy raczej o apartamencie w centrum wielkiego miasta, tamtejsze aran\u017cacje niezmiennie zachwycaj\u0105 <strong>przestronno\u015bci\u0105, przytulnym klimatem i panuj\u0105c\u0105 w nich swobod\u0105<\/strong>. Przyjazna, w pe\u0142ni spersonalizowana przestrze\u0144 odpowiada potrzebom ka\u017cdego domownika.<\/p>\n<h3>Styl ameryka\u0144ski \u2013 kr\u00f3tka charakterystyka<\/h3>\n<p>Czym jeszcze wyr\u00f3\u017cniaj\u0105 si\u0119 wn\u0119trza w ameryka\u0144skich domach? Tak naprawd\u0119 wiele zale\u017cy od odmiany stylu ameryka\u0144skiego, kt\u00f3ry wiedzie prym w danym regionie. Na po\u0142udniowym wybrze\u017cu b\u0119dzie to sielski, kolorowy styl country, z kolei w p\u00f3\u0142nocno-wschodniej cz\u0119\u015bci Stan\u00f3w Zjednoczonych \u2013 \u015bwie\u017cy i elegancki styl Hampton, a tak\u017ce nowojorska estetyka glamour.<\/p>\n<p>Mimo dostrzegalnych r\u00f3\u017cnic, w omawianym wystroju wn\u0119trz mo\u017cna zauwa\u017cy\u0107 r\u00f3wnie\u017c pewne cechy wsp\u00f3lne. <strong>Amerykanie uwielbiaj\u0105 luksus, tote\u017c ich domy urz\u0105dzane s\u0105 z rozmachem<\/strong>. Przepych w ameryka\u0144skim wydaniu nie oznacza jednak popadania w barokow\u0105 strojno\u015b\u0107, kt\u00f3ra nierzadko ociera si\u0119 o kicz. Wr\u0119cz przeciwnie. W aran\u017cacjach kr\u00f3luj\u0105 szlachetne materia\u0142y, jasne kolory i du\u017ca ilo\u015b\u0107 \u015bwiat\u0142a. Pomieszczenia s\u0105 du\u017ce, symetryczne, bogate w dekoracje i modne ozdobniki. W ten spos\u00f3b prezentuje si\u0119 nie tylko salon ameryka\u0144ski czy znana na ca\u0142ym \u015bwiecie master bedroom, ale r\u00f3wnie\u017c pokoje m\u0142odszych domownik\u00f3w, w tym nastoletnich dzieci.<\/p>\n<p>Nie przegap: &#8222;<a href=\"https:\/\/www.brw.pl\/blog\/salon-w-stylu-amerykanskim-jak-go-urzadzic\/\" target=\"_blank\" rel=\"noopener noreferrer\">Salon w stylu ameryka\u0144skim \u2013 jak go urz\u0105dzi\u0107<\/a>?&#8221;.<\/p>\n<h2><strong>Jak urz\u0105dzi\u0107 pok\u00f3j m\u0142odzie\u017cowy w stylu ameryka\u0144skim?<\/strong><\/h2>\n<p>Nie masz poj\u0119cia, jak zabra\u0107 si\u0119 za urz\u0105dzanie pokoju m\u0142odzie\u017cowego w stylu ameryka\u0144skim? \u015apieszymy z pomoc\u0105. Oto kilka praktycznych wskaz\u00f3wek, dzi\u0119ki kt\u00f3rym Twoja pociecha spe\u0142ni sw\u00f3j <em>american dream<\/em>.<\/p>\n<h3>\u0141\u00f3\u017cko do pokoju m\u0142odzie\u017cowego w stylu ameryka\u0144skim<\/h3>\n<p>Do najwa\u017cniejszych element\u00f3w wyposa\u017cenia w ameryka\u0144skich wn\u0119trzach nale\u017c\u0105 niew\u0105tpliwie <a href=\"https:\/\/www.brw.pl\/meble\/lozka\/\" target=\"_blank\" rel=\"noopener noreferrer\">\u0142\u00f3\u017cka<\/a>. Podobnie jak w g\u0142\u00f3wnej sypialni, tak r\u00f3wnie\u017c <strong>w pokoju m\u0142odzie\u017cowym sporych rozmiar\u00f3w mebel zajmuje zwykle centraln\u0105 cz\u0119\u015b\u0107 pomieszczenia \u2013 rzadko bywa dosuni\u0119ty do \u015bciany<\/strong>. W Stanach Zjednoczonych nastolatkowie sypiaj\u0105 najcz\u0119\u015bciej w \u0142\u00f3\u017ckach dwuosobowych, obowi\u0105zkowo wyposa\u017conych w wysokie wezg\u0142owia, o kt\u00f3re mo\u017cna wygodnie si\u0119 oprze\u0107.<\/p>\n<p>Metra\u017c pokoju m\u0142odzie\u017cowego nie pozwala na wykorzystanie wspomnianych ameryka\u0144skich trend\u00f3w? Nic straconego! Niewielkie \u0142\u00f3\u017cko jednoosobowe r\u00f3wnie\u017c zda egzamin w kr\u00f3lestwie nastolatka. Miejsce do spania powinno by\u0107 jednak wygodne i zaaran\u017cowane w spos\u00f3b zach\u0119caj\u0105cy do relaksu. Jak uzyska\u0107 taki efekt? Si\u0119gnij po mi\u0119kk\u0105, mi\u0142\u0105 w dotyku po\u015bciel, mi\u0119sist\u0105 narzut\u0119 oraz kilka poduszek dekoracyjnych w rozmiarze maxi \u2013 dzi\u0119ki detalom tradycyjne \u0142\u00f3\u017cko skrzyniowe zmieni si\u0119 w prawdziwe \u0142o\u017ce w stylu ameryka\u0144skim!<\/p>\n<div style=\"display: flex; align-items: center; justify-content: center; text-align: center;\">\n<figure id=\"attachment_33222\" aria-describedby=\"caption-attachment-33222\" style=\"width: 350px\" class=\"wp-caption aligncenter\"><img decoding=\"async\" class=\"wp-image-33222 lazyload\" data-src=\"https:\/\/www.brw.pl\/blog\/wp-content\/uploads\/2023\/06\/poduszka-dekoracyjna-futro-mediuma.jpg\" alt=\"Poduszka dekoracyjna futro\" width=\"350\" height=\"263\" src=\"data:image\/svg+xml;base64,PHN2ZyB3aWR0aD0iMSIgaGVpZ2h0PSIxIiB4bWxucz0iaHR0cDovL3d3dy53My5vcmcvMjAwMC9zdmciPjwvc3ZnPg==\" style=\"--smush-placeholder-width: 350px; --smush-placeholder-aspect-ratio: 350\/263;\" \/><figcaption id=\"caption-attachment-33222\" class=\"wp-caption-text\"><a href=\"https:\/\/www.brw.pl\/poduszka-dekoracyjna-futro,13202\" target=\"_blank\" rel=\"noopener noreferrer\"><span style=\"font-weight: 400;\">Poduszka dekoracyjna Futro<\/span><\/a><\/figcaption><\/figure>\n<figure id=\"attachment_33223\" aria-describedby=\"caption-attachment-33223\" style=\"width: 350px\" class=\"wp-caption aligncenter\"><img decoding=\"async\" class=\"wp-image-33223 lazyload\" data-src=\"https:\/\/www.brw.pl\/blog\/wp-content\/uploads\/2023\/06\/poduszka-dekoracyjna-kalea-mediuma.jpg\" alt=\"Poduszka dekoracyjna Kalea\" width=\"350\" height=\"263\" src=\"data:image\/svg+xml;base64,PHN2ZyB3aWR0aD0iMSIgaGVpZ2h0PSIxIiB4bWxucz0iaHR0cDovL3d3dy53My5vcmcvMjAwMC9zdmciPjwvc3ZnPg==\" style=\"--smush-placeholder-width: 350px; --smush-placeholder-aspect-ratio: 350\/263;\" \/><figcaption id=\"caption-attachment-33223\" class=\"wp-caption-text\"><a href=\"https:\/\/www.brw.pl\/poduszka-dekoracyjna-kalea,43003\" target=\"_blank\" rel=\"noopener noreferrer\"><span style=\"font-weight: 400;\">Poduszka dekoracyjna Kalea<\/span><\/a><\/figcaption><\/figure>\n<figure id=\"attachment_33224\" aria-describedby=\"caption-attachment-33224\" style=\"width: 350px\" class=\"wp-caption aligncenter\"><img decoding=\"async\" class=\"wp-image-33224 lazyload\" data-src=\"https:\/\/www.brw.pl\/blog\/wp-content\/uploads\/2023\/06\/primo-poduszka-dekoracyjna-mediuma.jpg\" alt=\"Poduszka dekoracyjna Primo\" width=\"350\" height=\"263\" src=\"data:image\/svg+xml;base64,PHN2ZyB3aWR0aD0iMSIgaGVpZ2h0PSIxIiB4bWxucz0iaHR0cDovL3d3dy53My5vcmcvMjAwMC9zdmciPjwvc3ZnPg==\" style=\"--smush-placeholder-width: 350px; --smush-placeholder-aspect-ratio: 350\/263;\" \/><figcaption id=\"caption-attachment-33224\" class=\"wp-caption-text\"><a href=\"https:\/\/www.brw.pl\/primo-poduszka-dekoracyjna,45196\" target=\"_blank\" rel=\"noopener noreferrer\"><span style=\"font-weight: 400;\">Poduszka dekoracyjna Primo<\/span><\/a><\/figcaption><\/figure>\n<\/div>\n<h3>Wyposa\u017cenie wn\u0119trza w stylu ameryka\u0144skim \u2013 meble do pokoju nastolatka<\/h3>\n<p>Urz\u0105dzenie pokoju nastolatka wi\u0105\u017ce si\u0119 z wieloma wyzwaniami. W jednym pomieszczeniu musi zmie\u015bci\u0107 si\u0119 nie tylko komfortowe \u0142\u00f3\u017cko i przylegaj\u0105ce do niego stoliki nocne, ale r\u00f3wnie\u017c meble przeznaczone do nauki, dziennego odpoczynku czy przyjmowania go\u015bci oraz wyposa\u017cenie u\u0142atwiaj\u0105ce przechowywanie. <a href=\"https:\/\/www.brw.pl\/meble\/meble-biurowe\/biurka\/\" target=\"_blank\" rel=\"noopener noreferrer\">Biurka<\/a> m\u0142odzie\u017cowe, <a href=\"https:\/\/www.brw.pl\/meble\/meble-biurowe\/fotele-i-krzesla-biurowe\/\" target=\"_blank\" rel=\"noopener noreferrer\">krzes\u0142a biurowe<\/a>, <a href=\"https:\/\/www.brw.pl\/meble\/przechowywanie\/polki\/\" target=\"_blank\" rel=\"noopener noreferrer\">p\u00f3\u0142ki<\/a>, <a href=\"https:\/\/www.brw.pl\/meble\/przechowywanie\/komody\/\" target=\"_blank\" rel=\"noopener noreferrer\">komody<\/a> oraz <a href=\"https:\/\/www.brw.pl\/meble\/przechowywanie\/regaly\/\" target=\"_blank\" rel=\"noopener noreferrer\">rega\u0142y<\/a> b\u0119d\u0105 na Twojej li\u015bcie &#8222;must have&#8221; niezale\u017cnie od stylu aran\u017cowanego wn\u0119trza. Pami\u0119taj, \u017ce <a href=\"https:\/\/www.brw.pl\/meble\/pokoj-mlodziezowy\/\" target=\"_blank\" rel=\"noopener noreferrer\">meble do pokoju m\u0142odzie\u017cowego<\/a> powinny by\u0107 przede wszystkim solidne, pojemne i wielofunkcyjne.<\/p>\n<div style=\"display: flex; align-items: center; justify-content: center; text-align: center;\">\n<figure id=\"attachment_30825\" aria-describedby=\"caption-attachment-30825\" style=\"width: 800px\" class=\"wp-caption aligncenter\"><img decoding=\"async\" class=\"wp-image-30825 size-medium lazyload\" data-src=\"https:\/\/www.brw.pl\/blog\/wp-content\/uploads\/2023\/04\/glowne-MODEO_rozowa-sypialnia-panele-800x515.jpg\" alt=\"Sypialnia Modeo i panele tapicerowane\" width=\"800\" height=\"515\" data-srcset=\"https:\/\/www.brw.pl\/blog\/wp-content\/uploads\/2023\/04\/glowne-MODEO_rozowa-sypialnia-panele-800x515.jpg 800w, https:\/\/www.brw.pl\/blog\/wp-content\/uploads\/2023\/04\/glowne-MODEO_rozowa-sypialnia-panele-768x494.jpg 768w, https:\/\/www.brw.pl\/blog\/wp-content\/uploads\/2023\/04\/glowne-MODEO_rozowa-sypialnia-panele-1536x989.jpg 1536w, https:\/\/www.brw.pl\/blog\/wp-content\/uploads\/2023\/04\/glowne-MODEO_rozowa-sypialnia-panele.jpg 1659w\" data-sizes=\"(max-width: 800px) 100vw, 800px\" src=\"data:image\/svg+xml;base64,PHN2ZyB3aWR0aD0iMSIgaGVpZ2h0PSIxIiB4bWxucz0iaHR0cDovL3d3dy53My5vcmcvMjAwMC9zdmciPjwvc3ZnPg==\" style=\"--smush-placeholder-width: 800px; --smush-placeholder-aspect-ratio: 800\/515;\" \/><figcaption id=\"caption-attachment-30825\" class=\"wp-caption-text\"><a href=\"https:\/\/www.brw.pl\/komoda-modeo,51933\" target=\"_blank\" rel=\"noopener noreferrer\"><span style=\"font-weight: 400;\">Komoda Modeo<\/span><\/a> &#8211; <a href=\"https:\/\/www.brw.pl\/szafka-wiszaca-modeo,53029\" target=\"_blank\" rel=\"noopener noreferrer\"><span style=\"font-weight: 400;\">Szafka wisz\u0105ca Modeo<\/span><\/a><\/figcaption><\/figure>\n<\/div>\n<p>Je\u015bli urz\u0105dzasz pok\u00f3j dla nastoletniej dziewczynki, nic nie stoi na przeszkodzie, by zape\u0142ni\u0107 go bia\u0142ymi meblami o nowoczesnym designie oraz dobrej jako\u015bci tapicerk\u0105. W pokoju ch\u0142opca \u015bmia\u0142o mo\u017cna pokusi\u0107 si\u0119 o ciemniejsze kolory mebli takie jak grafit czy g\u0142\u0119bokie odcienie d\u0119bowego drewna.<\/p>\n<h3>Styl ameryka\u0144ski a kolory w pokoju m\u0142odzie\u017cowym<\/h3>\n<p>W domach ameryka\u0144skich ogromn\u0105 popularno\u015bci\u0105 ciesz\u0105 si\u0119 stonowane kolory. Aran\u017cacje bazuj\u0105 zazwyczaj na z\u0142amanych odcieniach bieli, budyniowych \u017c\u00f3\u0142ciach, be\u017cach, szaro\u015bciach i pastelach. Styl hampton nie stroni od b\u0142\u0119kit\u00f3w, kolor\u00f3w s\u0142o\u0144ca i rozgrzanego piasku. Z kolei w stylu country zobaczymy r\u00f3wnie\u017c br\u0105zy, ochr\u0119 i delikatne akcenty czerni. Jak wida\u0107, ameryka\u0144ski dom niejedno ma imi\u0119.<\/p>\n<p>Warto pami\u0119ta\u0107, \u017ce <strong>pok\u00f3j m\u0142odzie\u017cowy w stylu ameryka\u0144skim<\/strong> (w przeciwie\u0144stwie do ameryka\u0144skiej kuchni czy salonu)<strong> jest<\/strong> <strong>wn\u0119trzem na wskro\u015b zindywidualizowanym i odpowiadaj\u0105cym preferencjom m\u0142odego cz\u0142owieka<\/strong>. Oznacza to, \u017ce aran\u017cacja pokoju musi by\u0107 zgodna nie tyle z za\u0142o\u017ceniami stylu, ile z oczekiwaniami lokatora.<\/p>\n<h3>Pok\u00f3j m\u0142odzie\u017cowy w stylu ameryka\u0144skim \u2013 o\u015bwietlenie i dodatki<\/h3>\n<p>Ameryka\u0144ski styl &#8222;uwielbia&#8221; dodatki! R\u00f3wnie\u017c w pokoju m\u0142odzie\u017cowym zaaran\u017cowanym na t\u0119 mod\u0142\u0119 nie mo\u017ce zabrakn\u0105\u0107 wszelkiego rodzaju dekoracji \u015bciennych, tekstyli\u00f3w i drobiazg\u00f3w takich jak \u015bwieczniki, zegary, ramki na zdj\u0119cia czy wazony. <strong>Na \u015bcianach warto powiesi\u0107 plakaty, np. ilustruj\u0105ce zainteresowania dziecka<\/strong>. Na stoliku kawowym ustaw flakon z \u015bwie\u017cymi kwiatami, p\u00f3\u0142ki zape\u0142nij szkatu\u0142kami i koszyczkami, a na \u015brodku pokoju roz\u0142\u00f3\u017c puszysty dywan. Im wi\u0119cej modnych detali, tym lepiej.<\/p>\n<div style=\"display: flex; align-items: center; justify-content: center; text-align: center;\">\n<figure id=\"attachment_20537\" aria-describedby=\"caption-attachment-20537\" style=\"width: 450px\" class=\"wp-caption aligncenter\"><img decoding=\"async\" class=\"wp-image-20537 lazyload\" data-src=\"https:\/\/www.brw.pl\/blog\/wp-content\/uploads\/2021\/10\/Obraz-Koliber.jpg\" alt=\"Obraz Koliber\" width=\"450\" height=\"338\" src=\"data:image\/svg+xml;base64,PHN2ZyB3aWR0aD0iMSIgaGVpZ2h0PSIxIiB4bWxucz0iaHR0cDovL3d3dy53My5vcmcvMjAwMC9zdmciPjwvc3ZnPg==\" style=\"--smush-placeholder-width: 450px; --smush-placeholder-aspect-ratio: 450\/338;\" \/><figcaption id=\"caption-attachment-20537\" class=\"wp-caption-text\"><a href=\"https:\/\/www.brw.pl\/obraz-koliber,23297\" target=\"_blank\" rel=\"noopener noreferrer\"><span style=\"font-weight: 400;\">Obraz Koliber<\/span><\/a><\/figcaption><\/figure>\n<figure id=\"attachment_33221\" aria-describedby=\"caption-attachment-33221\" style=\"width: 450px\" class=\"wp-caption aligncenter\"><img decoding=\"async\" class=\"wp-image-33221 lazyload\" data-src=\"https:\/\/www.brw.pl\/blog\/wp-content\/uploads\/2023\/06\/obraz-wilk.jpg\" alt=\"Obraz Wilk\" width=\"450\" height=\"338\" src=\"data:image\/svg+xml;base64,PHN2ZyB3aWR0aD0iMSIgaGVpZ2h0PSIxIiB4bWxucz0iaHR0cDovL3d3dy53My5vcmcvMjAwMC9zdmciPjwvc3ZnPg==\" style=\"--smush-placeholder-width: 450px; --smush-placeholder-aspect-ratio: 450\/338;\" \/><figcaption id=\"caption-attachment-33221\" class=\"wp-caption-text\"><a href=\"https:\/\/www.brw.pl\/obraz-wilk,23234\" target=\"_blank\" rel=\"noopener noreferrer\"><span style=\"font-weight: 400;\">Obraz Wilk<\/span><\/a><\/figcaption><\/figure>\n<\/div>\n<p><strong>Wn\u0119trza w stylu ameryka\u0144skim s\u0105 dobrze o\u015bwietlone<\/strong>. Zadbaj o to, by poza g\u0142\u00f3wn\u0105 lamp\u0105 sufitow\u0105 w pokoju m\u0142odzie\u017cowym znalaz\u0142a si\u0119 tak\u017ce regulowana lampka biurkowa, a na stoliku nocnym \u2013 lampa sto\u0142owa delikatnie o\u015bwietlaj\u0105ca stref\u0119 snu. Nie zapomnij o o\u015bwietleniu dekoracyjnym. Mile widziane b\u0119d\u0105 girlandy \u015bwietlne czy ozdobne lampki LED.<\/p>\n<div style=\"display: flex; align-items: center; justify-content: center; text-align: center;\">\n<figure id=\"attachment_33220\" aria-describedby=\"caption-attachment-33220\" style=\"width: 593px\" class=\"wp-caption aligncenter\"><img decoding=\"async\" class=\"wp-image-33220 size-full lazyload\" data-src=\"https:\/\/www.brw.pl\/blog\/wp-content\/uploads\/2023\/06\/lampa-wiszaca-elena-chrome.jpg\" alt=\"Lampa wisz\u0105ca Elena Chrome\" width=\"593\" height=\"445\" src=\"data:image\/svg+xml;base64,PHN2ZyB3aWR0aD0iMSIgaGVpZ2h0PSIxIiB4bWxucz0iaHR0cDovL3d3dy53My5vcmcvMjAwMC9zdmciPjwvc3ZnPg==\" style=\"--smush-placeholder-width: 593px; --smush-placeholder-aspect-ratio: 593\/445;\" \/><figcaption id=\"caption-attachment-33220\" class=\"wp-caption-text\"><a href=\"https:\/\/www.brw.pl\/lampa-wiszaca-elena-chrome,20987\" target=\"_blank\" rel=\"noopener noreferrer\"><span style=\"font-weight: 400;\">Lampa wisz\u0105ca Elena Chrome<\/span><\/a><\/figcaption><\/figure>\n<\/div>\n<h2><strong>M\u0142odzie\u017cowy pok\u00f3j w stylu ameryka\u0144skim <\/strong>\u2013<strong> inspiracje <\/strong><\/h2>\n<p>Jak urz\u0105dzi\u0107 pok\u00f3j m\u0142odzie\u017cowy w stylu ameryka\u0144skim? Prezentujemy aran\u017cacje, kt\u00f3re z pewno\u015bci\u0105 Ci\u0119 zainspiruj\u0105!<\/p>\n<div style=\"display: flex; align-items: center; justify-content: center; text-align: center;\">\n<figure id=\"attachment_30913\" aria-describedby=\"caption-attachment-30913\" style=\"width: 800px\" class=\"wp-caption aligncenter\"><img decoding=\"async\" class=\"wp-image-30913 size-medium lazyload\" data-src=\"https:\/\/www.brw.pl\/blog\/wp-content\/uploads\/2023\/04\/S440-HOLTEN_pokoj-mlodziezowy_bi_dwo_bip_ar_2-800x490.jpg\" alt=\"Pok\u00f3j m\u0142odzie\u017cowy Holten\" width=\"800\" height=\"490\" data-srcset=\"https:\/\/www.brw.pl\/blog\/wp-content\/uploads\/2023\/04\/S440-HOLTEN_pokoj-mlodziezowy_bi_dwo_bip_ar_2-800x490.jpg 800w, https:\/\/www.brw.pl\/blog\/wp-content\/uploads\/2023\/04\/S440-HOLTEN_pokoj-mlodziezowy_bi_dwo_bip_ar_2-768x470.jpg 768w, https:\/\/www.brw.pl\/blog\/wp-content\/uploads\/2023\/04\/S440-HOLTEN_pokoj-mlodziezowy_bi_dwo_bip_ar_2-1536x940.jpg 1536w, https:\/\/www.brw.pl\/blog\/wp-content\/uploads\/2023\/04\/S440-HOLTEN_pokoj-mlodziezowy_bi_dwo_bip_ar_2.jpg 1764w\" data-sizes=\"(max-width: 800px) 100vw, 800px\" src=\"data:image\/svg+xml;base64,PHN2ZyB3aWR0aD0iMSIgaGVpZ2h0PSIxIiB4bWxucz0iaHR0cDovL3d3dy53My5vcmcvMjAwMC9zdmciPjwvc3ZnPg==\" style=\"--smush-placeholder-width: 800px; --smush-placeholder-aspect-ratio: 800\/490;\" \/><figcaption id=\"caption-attachment-30913\" class=\"wp-caption-text\"><a href=\"https:\/\/www.brw.pl\/lozko-120-holten,37893\" target=\"_blank\" rel=\"noopener noreferrer\"><span style=\"font-weight: 400;\">\u0141\u00f3\u017cko 120 Holten<\/span><\/a> &#8211; <a href=\"https:\/\/www.brw.pl\/szafa-holten,36719\" target=\"_blank\" rel=\"noopener noreferrer\"><span style=\"font-weight: 400;\">Szafa Holten<\/span><\/a><\/figcaption><\/figure>\n<\/div>\n<p>Pok\u00f3j nastolatki zaaran\u017cowany z <strong>kolekcj\u0105 Holten<\/strong> znakomicie wpisuje si\u0119 w za\u0142o\u017cenia ameryka\u0144skiego stylu. W przyjaznej przestrzeni nie zabrak\u0142o udogodnie\u0144, dzi\u0119ki kt\u00f3rym m\u0142oda lokatorka mo\u017ce cieszy\u0107 si\u0119 wygodnym miejscem do nauki i odpoczynku. W naro\u017cnej cz\u0119\u015bci pokoju ulokowano bia\u0142e skrzyniowe \u0142\u00f3\u017cko z listwami w kolorze drewna. Przytulno\u015b\u0107 w strefie snu zapewniaj\u0105 \u015bcienne panele tapicerowane, kt\u00f3re mog\u0105 s\u0142u\u017cy\u0107 r\u00f3wnie\u017c jako podparcie pod plecy, np. w czasie czytania. K\u0105cik do nauki wyposa\u017cono w biurko oraz krzes\u0142o obrotowe pokryte pudrowor\u00f3\u017cow\u0105 tkanin\u0105. Pojemny rega\u0142 i szafa zapewniaj\u0105 du\u017co miejsca do przechowywania ubra\u0144, bibelot\u00f3w czy ksi\u0105\u017cek. Jasn\u0105, dziewcz\u0119c\u0105 aran\u017cacj\u0119 uzupe\u0142niaj\u0105 mi\u0119kki <a href=\"https:\/\/www.brw.pl\/puf-lafu,31381\" target=\"_blank\" rel=\"noopener noreferrer\">puf Lafu<\/a>, praktyczny <a href=\"https:\/\/www.brw.pl\/stolik-mariffa,32294\" target=\"_blank\" rel=\"noopener noreferrer\">stolik Mariffa<\/a> oraz <a href=\"https:\/\/www.brw.pl\/dywan-160x230-arts-shaggy,25156\" target=\"_blank\" rel=\"noopener noreferrer\">dywan Arts Shaggy<\/a>.<\/p>\n<div style=\"display: flex; align-items: center; justify-content: center; text-align: center;\">\n<figure id=\"attachment_30754\" aria-describedby=\"caption-attachment-30754\" style=\"width: 800px\" class=\"wp-caption aligncenter\"><img decoding=\"async\" class=\"wp-image-30754 size-medium lazyload\" data-src=\"https:\/\/www.brw.pl\/blog\/wp-content\/uploads\/2023\/03\/S515_Hesen_pokoj-mlodziezowy_MSJ_SOL-800x557.jpg\" alt=\"Pok\u00f3j m\u0142odzie\u017cowy Hesen\" width=\"800\" height=\"557\" data-srcset=\"https:\/\/www.brw.pl\/blog\/wp-content\/uploads\/2023\/03\/S515_Hesen_pokoj-mlodziezowy_MSJ_SOL-800x557.jpg 800w, https:\/\/www.brw.pl\/blog\/wp-content\/uploads\/2023\/03\/S515_Hesen_pokoj-mlodziezowy_MSJ_SOL-768x535.jpg 768w, https:\/\/www.brw.pl\/blog\/wp-content\/uploads\/2023\/03\/S515_Hesen_pokoj-mlodziezowy_MSJ_SOL.jpg 1534w\" data-sizes=\"(max-width: 800px) 100vw, 800px\" src=\"data:image\/svg+xml;base64,PHN2ZyB3aWR0aD0iMSIgaGVpZ2h0PSIxIiB4bWxucz0iaHR0cDovL3d3dy53My5vcmcvMjAwMC9zdmciPjwvc3ZnPg==\" style=\"--smush-placeholder-width: 800px; --smush-placeholder-aspect-ratio: 800\/557;\" \/><figcaption id=\"caption-attachment-30754\" class=\"wp-caption-text\"><a href=\"https:\/\/www.brw.pl\/komoda-hesen,56303\" target=\"_blank\" rel=\"noopener noreferrer\"><span style=\"font-weight: 400;\">Komoda Hesen<\/span><\/a> &#8211; <a href=\"https:\/\/www.brw.pl\/biurko-hesen,56286\" target=\"_blank\" rel=\"noopener noreferrer\"><span style=\"font-weight: 400;\">Biurko Hesen<\/span><\/a><\/figcaption><\/figure>\n<\/div>\n<p>W pokoju m\u0142odzie\u017cowym wyposa\u017conym w meble z <strong>kolekcji Hesen<\/strong> pierwszoplanow\u0105 rol\u0119 odgrywa drewno. Wyeksponowane elementy konstrukcyjne dachu, postarzana pod\u0142oga oraz dekoracyjne listwy meblowe pi\u0119knie komponuj\u0105 si\u0119 z grafitowymi frontami mebli oraz biel\u0105 \u015bcian. W aran\u017cacji wykorzystano przytulny klimat poddasza, kt\u00f3ry podkre\u015blono naturalnym wystrojem w duchu sielskiego stylu country. W pokoju nie zabrak\u0142o akcesori\u00f3w idealnych do m\u0142odzie\u017cowego pokoju: globusa, <a href=\"https:\/\/www.brw.pl\/design-zegar-scienny,45193\" target=\"_blank\" rel=\"noopener noreferrer\">zegara \u015bciennego Design<\/a> i plecionej hu\u015btawki, w kt\u00f3rej mi\u0142o jest odpocz\u0105\u0107 i pobuja\u0107 w ob\u0142okach.<\/p>\n<p><strong>Wi\u0119cej inspiracji znajdziesz w <\/strong><a href=\"https:\/\/www.brw.pl\/\" target=\"_blank\" rel=\"noopener noreferrer\"><strong>sklepie internetowym Black Red White<\/strong><\/a><strong>. Zapraszamy!<\/strong><\/p>\n","protected":false},"excerpt":{"rendered":"<p>Marzeniem Twojego dziecka jest pok\u00f3j w ameryka\u0144skim stylu? Bez obaw \u2013 urz\u0105dzenie takiego wn\u0119trza nie musi by\u0107 trudne. O tym, jakie meble i dodatki pozwol\u0105 Ci na aran\u017cacj\u0119 pokoju rodem z hollywoodzkiego filmu, opowiadamy w dzisiejszym artykule. Zapraszamy do lektury!<\/p>\n","protected":false},"author":21,"featured_media":28817,"comment_status":"closed","ping_status":"open","sticky":false,"template":"","format":"standard","meta":{"footnotes":""},"categories":[39,9,573],"tags":[],"aioseo_notices":[],"_links":{"self":[{"href":"https:\/\/www.brw.pl\/blog\/wp-json\/wp\/v2\/posts\/33219"}],"collection":[{"href":"https:\/\/www.brw.pl\/blog\/wp-json\/wp\/v2\/posts"}],"about":[{"href":"https:\/\/www.brw.pl\/blog\/wp-json\/wp\/v2\/types\/post"}],"author":[{"embeddable":true,"href":"https:\/\/www.brw.pl\/blog\/wp-json\/wp\/v2\/users\/21"}],"replies":[{"embeddable":true,"href":"https:\/\/www.brw.pl\/blog\/wp-json\/wp\/v2\/comments?post=33219"}],"version-history":[{"count":3,"href":"https:\/\/www.brw.pl\/blog\/wp-json\/wp\/v2\/posts\/33219\/revisions"}],"predecessor-version":[{"id":35597,"href":"https:\/\/www.brw.pl\/blog\/wp-json\/wp\/v2\/posts\/33219\/revisions\/35597"}],"wp:featuredmedia":[{"embeddable":true,"href":"https:\/\/www.brw.pl\/blog\/wp-json\/wp\/v2\/media\/28817"}],"wp:attachment":[{"href":"https:\/\/www.brw.pl\/blog\/wp-json\/wp\/v2\/media?parent=33219"}],"wp:term":[{"taxonomy":"category","embeddable":true,"href":"https:\/\/www.brw.pl\/blog\/wp-json\/wp\/v2\/categories?post=33219"},{"taxonomy":"post_tag","embeddable":true,"href":"https:\/\/www.brw.pl\/blog\/wp-json\/wp\/v2\/tags?post=33219"}],"curies":[{"name":"wp","href":"https:\/\/api.w.org\/{rel}","templated":true}]}}