{"id":33295,"date":"2023-07-03T08:00:44","date_gmt":"2023-07-03T06:00:44","guid":{"rendered":"https:\/\/www.brw.pl\/blog\/?p=33295"},"modified":"2023-06-29T19:08:59","modified_gmt":"2023-06-29T17:08:59","slug":"kuchnia-boho-vintage-aranzacje","status":"publish","type":"post","link":"https:\/\/www.brw.pl\/blog\/kuchnia-boho-vintage-aranzacje\/","title":{"rendered":"Kuchnia boho vintage &#8211; aran\u017cacje"},"content":{"rendered":"<p data-pm-slice=\"1 1 []\"><strong>W jaki spos\u00f3b do kuchennego wn\u0119trza boho przemyci\u0107 elementy w stylu vintage? Jak urz\u0105dzi\u0107 kuchni\u0119 z dusz\u0105, nawi\u0105zuj\u0105c\u0105 do \u015bwiata natury, dalek\u0105 od sztampy? Czym si\u0119 kierowa\u0107, wybieraj\u0105c meble oraz dodatki? Sprawd\u017a!<\/strong><\/p>\n<p data-pm-slice=\"1 1 []\"><!--more--><\/p>\n<p><center><img decoding=\"async\" class=\"alignnone size-medium wp-image-33296 lazyload\" data-src=\"https:\/\/www.brw.pl\/blog\/wp-content\/uploads\/2023\/06\/glowne-szafka-pod-zabudow\u0119-lod\u00f3wki-sole-800x400.jpg\" alt=\"Sole - aran\u017cacja kuchni\" width=\"800\" height=\"400\" data-srcset=\"https:\/\/www.brw.pl\/blog\/wp-content\/uploads\/2023\/06\/glowne-szafka-pod-zabudow\u0119-lod\u00f3wki-sole-800x400.jpg 800w, https:\/\/www.brw.pl\/blog\/wp-content\/uploads\/2023\/06\/glowne-szafka-pod-zabudow\u0119-lod\u00f3wki-sole-scaled.jpg 1920w, https:\/\/www.brw.pl\/blog\/wp-content\/uploads\/2023\/06\/glowne-szafka-pod-zabudow\u0119-lod\u00f3wki-sole-768x384.jpg 768w, https:\/\/www.brw.pl\/blog\/wp-content\/uploads\/2023\/06\/glowne-szafka-pod-zabudow\u0119-lod\u00f3wki-sole-1536x768.jpg 1536w, https:\/\/www.brw.pl\/blog\/wp-content\/uploads\/2023\/06\/glowne-szafka-pod-zabudow\u0119-lod\u00f3wki-sole-2048x1024.jpg 2048w\" data-sizes=\"(max-width: 800px) 100vw, 800px\" src=\"data:image\/svg+xml;base64,PHN2ZyB3aWR0aD0iMSIgaGVpZ2h0PSIxIiB4bWxucz0iaHR0cDovL3d3dy53My5vcmcvMjAwMC9zdmciPjwvc3ZnPg==\" style=\"--smush-placeholder-width: 800px; --smush-placeholder-aspect-ratio: 800\/400;\" \/><\/center><\/p>\n<p style=\"text-align: center;\" data-pm-slice=\"1 1 []\">Kuchnia modu\u0142owa <a href=\"https:\/\/www.brw.pl\/family-line-sole,25051\" target=\"_blank\" rel=\"noopener noreferrer\"><strong>SOLE<\/strong><\/a><\/p>\n<h2><strong><span data-color=\"rgb(248, 250, 251)\">Kuchnia boho vintage \u2013 poznaj to niecodzienne po\u0142\u0105czenie!<\/span><\/strong><\/h2>\n<p>W naszym artykule:<\/p>\n<ul>\n<li>opowiemy o nietuzinkowym po\u0142\u0105czeniu styl\u00f3w boho i vintage w kuchni,<\/li>\n<li>wska\u017cemy meble oraz dodatki, kt\u00f3re sprawdz\u0105 si\u0119 w takiej aran\u017cacji wn\u0119trz kuchennych,<\/li>\n<li>zaprezentujemy kuchnie Black Red White z elementami vintage i boho.<\/li>\n<\/ul>\n<h3 style=\"text-align: center;\"><strong>Boho &#8211; naturalnie, swobodnie i kolorowo<\/strong><\/h3>\n<p>Estetyka boho cz\u0119sto nawi\u0105zuje do \u015bwiata natury. Ceni<strong> naturalne materia\u0142y<\/strong> takie jak mi\u0119dzy innymi drewno, porcelana, ceramika, szk\u0142o, bawe\u0142na, len, bambus, trawa morska, juta. W kuchni boho obecno\u015b\u0107 ro\u015blin jest wr\u0119cz obowi\u0105zkowa. Nie tylko zi\u00f3\u0142 w postaci bazylii, tymianku czy mi\u0119ty. Przydadz\u0105 si\u0119 tak\u017ce ozdobne ro\u015bliny doniczkowe, na przyk\u0142ad zamiokulkas, alokazja, \u015bwietnie oczyszczaj\u0105cy powietrze skrzyd\u0142okwiat. Stylistyka boho zdecydowanie lubi si\u0119 z ekologi\u0105. Ho\u0142duje idei zero waste. Mile widziane s\u0105 przedmioty z recyklingu.<\/p>\n<p>Boho stroni od nowoczesno\u015bci. \u0141amie obowi\u0105zuj\u0105ce normy. Ch\u0119tnie przygarnia pokryte patyn\u0105 czasu meble i dodatki vintage, daj\u0105c im nowe \u017cycie. Charakteryzuje si\u0119 <strong>du\u017c\u0105 swobod\u0105 aran\u017cacyjn\u0105 oraz eklektyzmem<\/strong>. Wystr\u00f3j kuchni powinien by\u0107 zindywidualizowany, oryginalny, nie do podrobienia. W ko\u0144cu czerpie inspiracje z tw\u00f3rczo\u015bci francuskiej bohemy z pocz\u0105tk\u00f3w XIX w., kt\u00f3ra przeciwstawia\u0142a si\u0119 konwencjonalno\u015bci w sztuce.<\/p>\n<p>We wn\u0119trzach boho przewa\u017caj\u0105 <strong>kolory ziemi<\/strong>: be\u017ce, br\u0105zy, zielenie, zgaszone czerwienie, blady b\u0142\u0119kit, szaro\u015bci. Jednak tu i tam pojawiaj\u0105 si\u0119 ich bardziej intensywne warianty, zar\u00f3wno w formie mebli, dodatk\u00f3w, jak i wyko\u0144czenia \u015bcian oraz pod\u0142ogi.<\/p>\n<p>Ciekawej palecie barw towarzyszy <strong>bogate wzornictwo<\/strong>. \u015aciany kuchni, pod\u0142oga, <a href=\"https:\/\/www.brw.pl\/tekstylia\/\" target=\"_blank\" rel=\"noopener noreferrer\">tekstylia<\/a> b\u0105d\u017a <a href=\"https:\/\/www.brw.pl\/dekoracje\/\" target=\"_blank\" rel=\"noopener noreferrer\">dekoracje<\/a> s\u0105 pokryte geometrycznymi deseniami, ludowymi albo florystycznymi motywami. Dobrym pomys\u0142em b\u0119dzie <strong>patchwork<\/strong> na formatce \u015bciennej czy kafelkach pod\u0142ogowych. Sprawdz\u0105 si\u0119 maroka\u0144skie wzory.<\/p>\n<p data-pm-slice=\"1 1 []\">Czytaj r\u00f3wnie\u017c: <a href=\"https:\/\/www.brw.pl\/blog\/kuchnia-patchwork-co-ja-wyroznia\/\" target=\"_blank\" rel=\"noopener noreferrer\"><strong>&#8222;Kuchnia patchwork \u2013 co j\u0105 wyr\u00f3\u017cnia?&#8221;<\/strong><\/a>.<\/p>\n<h3 style=\"text-align: center;\"><strong>Vintage &#8211; wn\u0119trze z dusz\u0105<\/strong><\/h3>\n<p>Styl vintage si\u0119ga po <strong>meble i dodatki, kt\u00f3re niegdy\u015b by\u0142y modne<\/strong>. Wpisuj\u0105 si\u0119 w niego rzeczy wypatrzone na pchlich targach. Podobnie jak boho, ma wiele wsp\u00f3lnego z <strong>rustykaln\u0105 estetyk\u0105<\/strong>. W takim wydaniu jest sielski i przytulny. W <a href=\"https:\/\/www.brw.pl\/meble\/meble-kuchenne\/szafki-kuchenne\/\" target=\"_blank\" rel=\"noopener noreferrer\">szafkach<\/a> i na <a href=\"https:\/\/www.brw.pl\/meble\/meble-kuchenne\/blaty\/\" target=\"_blank\" rel=\"noopener noreferrer\">blatach<\/a> stoj\u0105 naczynia, <a href=\"https:\/\/www.brw.pl\/wyposazenie-kuchni\/akcesoria-kuchenne\/\" target=\"_blank\" rel=\"noopener noreferrer\">akcesoria<\/a> oraz urz\u0105dzenia kuchenne sprzed lat lub stylizowane na wiekowe. W kuchni vintage odnajd\u0105 si\u0119 te\u017c kaflowe piece, bielone drewniane pod\u0142ogi i meble. Ciekawym rozwi\u0105zaniem i zarazem prawdziwym wyzwaniem b\u0119dzie umieszczenie we wn\u0119trzu antycznego mebla &#8211; komody b\u0105d\u017a sto\u0142u &#8211; i dostosowanie do niego ca\u0142ego wystroju kuchni.<\/p>\n<p>Nurty boho i vintage \u0142\u0105czy sentyment do przesz\u0142o\u015bci, tej dalekiej i nieco bli\u017cszej. Nierzadko w aran\u017cacjach boho vintage spotyka si\u0119 bowiem detale <strong>retro<\/strong> typowe dla lat 60. i 70. XX w. Jakie? Czytaj dalej!<\/p>\n<h2><strong><span data-color=\"rgb(248, 250, 251)\">Kuchnia w stylu boho vintage \u2013 jak j\u0105 urz\u0105dzi\u0107?<\/span><\/strong><\/h2>\n<p>W tej cz\u0119\u015bci artyku\u0142u podpowiemy, jak zaaran\u017cowa\u0107 kuchni\u0119 boho vintage.<\/p>\n<h3 style=\"text-align: center;\"><strong>Meble kuchenne we wn\u0119trzu boho vintage<\/strong><\/h3>\n<p>Absolutnym must have w kuchni b\u0119d\u0105 <strong>drewniane meble<\/strong>. Zapomnij o wyko\u0144czeniu na wysoki po\u0142ysk, kt\u00f3re jest wizyt\u00f3wk\u0105 nowoczesnego wystroju. Postaw na frezy, drewno w naturalnym kolorze z widocznym us\u0142ojeniem, ale i pomalowane na bia\u0142o. Zastan\u00f3w si\u0119 nad przeszkleniami w postaci <strong>witryn<\/strong>. Do rozwa\u017cenia s\u0105 przesuwane drzwiczki oraz zast\u0105pienie g\u00f3rnej zabudowy otwartymi <a href=\"https:\/\/www.brw.pl\/meble\/meble-kuchenne\/polki\/\" target=\"_blank\" rel=\"noopener noreferrer\">p\u00f3\u0142kami<\/a>. Co do uchwyt\u00f3w, spisz\u0105 si\u0119 tradycyjne okr\u0105g\u0142e ga\u0142ki. Wolisz pod\u0142u\u017cne metalowe modele? Te\u017c b\u0119d\u0105 w porz\u0105dku.<\/p>\n<p>Je\u017celi Twoja kuchnia posiada stref\u0119 jadalnian\u0105, wstaw do niej <a href=\"https:\/\/www.brw.pl\/meble\/stoly-i-krzesla\/stoly\/\" target=\"_blank\" rel=\"noopener noreferrer\">st\u00f3\u0142<\/a> z prawdziwego drewna. Nie ob\u0119dzie si\u0119 te\u017c bez mebli tapicerowanych, czyli <a href=\"https:\/\/www.brw.pl\/meble\/stoly-i-krzesla\/krzesla\/krzesla-tapicerowane\/\" target=\"_blank\" rel=\"noopener noreferrer\">krzese\u0142<\/a> z mi\u0119kkimi, wygodnymi siedziskami, najlepiej wzorzystymi.<\/p>\n<div style=\"display: flex; flex-wrap: wrap; align-items: center; justify-content: center; text-align: center;\">\n<figure id=\"attachment_20530\" aria-describedby=\"caption-attachment-20530\" style=\"width: 285px\" class=\"wp-caption aligncenter\"><img decoding=\"async\" class=\"wp-image-20530 lazyload\" data-src=\"https:\/\/www.brw.pl\/blog\/wp-content\/uploads\/2023\/06\/szafka-gorna-z-ociekarka-verdi-kolor-korpusow-szary-grenola-kolor-frontow-jasny-szary-mat-mediumb.jpg\" alt=\"Szafka g\u00f3rna z ociekark\u0105 Verdi\" width=\"285\" height=\"214\" src=\"data:image\/svg+xml;base64,PHN2ZyB3aWR0aD0iMSIgaGVpZ2h0PSIxIiB4bWxucz0iaHR0cDovL3d3dy53My5vcmcvMjAwMC9zdmciPjwvc3ZnPg==\" style=\"--smush-placeholder-width: 285px; --smush-placeholder-aspect-ratio: 285\/214;\" \/><figcaption id=\"caption-attachment-20530\" class=\"wp-caption-text\"><a href=\"https:\/\/www.brw.pl\/szafka-gorna-z-ociekarka-verdi,46997\" target=\"_blank\" rel=\"noopener noreferrer\"><span style=\"font-weight: 400;\">Szafka g\u00f3rna z ociekark\u0105 Verdi<\/span><\/a><\/figcaption><\/figure>\n<figure id=\"attachment_20531\" aria-describedby=\"caption-attachment-20531\" style=\"width: 285px\" class=\"wp-caption aligncenter\"><img decoding=\"async\" class=\"wp-image-20531 lazyload\" data-src=\"https:\/\/www.brw.pl\/blog\/wp-content\/uploads\/2023\/06\/polka-junona-line-pol-100-kolor-wybarwienia-bialy-mediuma.jpg\" alt=\"P\u00f3\u0142ka Junona Line\" width=\"285\" height=\"214\" src=\"data:image\/svg+xml;base64,PHN2ZyB3aWR0aD0iMSIgaGVpZ2h0PSIxIiB4bWxucz0iaHR0cDovL3d3dy53My5vcmcvMjAwMC9zdmciPjwvc3ZnPg==\" style=\"--smush-placeholder-width: 285px; --smush-placeholder-aspect-ratio: 285\/214;\" \/><figcaption id=\"caption-attachment-20531\" class=\"wp-caption-text\"><a href=\"https:\/\/www.brw.pl\/polka-junona-line-pol-100,6959\" target=\"_blank\" rel=\"noopener noreferrer\"><span style=\"font-weight: 400;\">P\u00f3\u0142ka Junona Line<\/span><\/a><\/figcaption><\/figure>\n<\/div>\n<h3 style=\"text-align: center;\"><strong>Dodatki i o\u015bwietlenie w kuchni boho vintage<\/strong><\/h3>\n<p>Ani styl boho, ani estetyka vintage nie ograniczaj\u0105 si\u0119 w kwestii dodatk\u00f3w. Ma by\u0107 <strong>du\u017co, kolorowo, r\u00f3\u017cnorodnie<\/strong>. Barwne, ceramiczne (w tym porcelanowe) naczynia oraz szk\u0142o wyeksponuj w witrynach i na p\u00f3\u0142kach. P\u00f3\u0142ki nie musz\u0105 by\u0107 drewniane. Mo\u017cesz zamontowa\u0107 na \u015bcianach np. metalowe klatki, w kt\u00f3rych umie\u015bcisz przyprawy, akcesoria kuchenne, ro\u015bliny w <a href=\"https:\/\/www.brw.pl\/dekoracje\/doniczki-i-oslonki\/doniczki\/\" target=\"_blank\" rel=\"noopener noreferrer\">doniczkach<\/a>.<\/p>\n<p><center><img decoding=\"async\" class=\"alignnone wp-image-33300 lazyload\" data-src=\"https:\/\/www.brw.pl\/blog\/wp-content\/uploads\/2023\/06\/komplet-obiadowy-18-elem-herbal-mediuma.jpg\" alt=\"Komplet obiadowy Herbal\" width=\"303\" height=\"228\" src=\"data:image\/svg+xml;base64,PHN2ZyB3aWR0aD0iMSIgaGVpZ2h0PSIxIiB4bWxucz0iaHR0cDovL3d3dy53My5vcmcvMjAwMC9zdmciPjwvc3ZnPg==\" style=\"--smush-placeholder-width: 303px; --smush-placeholder-aspect-ratio: 303\/228;\" \/><\/center><\/p>\n<p style=\"text-align: center;\"><a href=\"https:\/\/www.brw.pl\/komplet-obiadowy-18-elem-herbal,55578\" target=\"_blank\" rel=\"noopener noreferrer\"><strong>KOMPLET OBIADOWY HERBAL<\/strong><\/a><\/p>\n<p>Te ostatnie b\u0119d\u0105 pi\u0119knie si\u0119 prezentowa\u0107 r\u00f3wnie\u017c w plecionych, wisz\u0105cych <a href=\"https:\/\/www.brw.pl\/dekoracje\/doniczki-i-oslonki\/oslonki-na-doniczki\/\" target=\"_blank\" rel=\"noopener noreferrer\">os\u0142onkach<\/a>. <strong>Wyplatanki<\/strong> zapro\u015b tak\u017ce w formie makram \u015bciennych oraz <a href=\"https:\/\/www.brw.pl\/przechowywanie\/kosze-i-koszyki\/\" target=\"_blank\" rel=\"noopener noreferrer\">koszy do przechowywania<\/a> z trawy morskiej, bambusa, juty. Je\u015bli chodzi o tkane tekstylia, wspania\u0142\u0105 ozdob\u0105 b\u0119dzie etniczny kilim powieszony na \u015bcianie albo orientalny dywanik. Na oknach powie\u015b lniane, ewentualnie bawe\u0142niane, lekkie <a href=\"https:\/\/www.brw.pl\/tekstylia\/wystroj-okien\/zaslony\/\" target=\"_blank\" rel=\"noopener noreferrer\">zas\u0142ony<\/a> przepuszczaj\u0105ce \u015bwiat\u0142o.<\/p>\n<p><center><img decoding=\"async\" class=\"alignnone wp-image-33301 lazyload\" data-src=\"https:\/\/www.brw.pl\/blog\/wp-content\/uploads\/2023\/06\/dywan-60x100-amiko-mediuma.jpg\" alt=\"Dywan Amiko\" width=\"301\" height=\"226\" src=\"data:image\/svg+xml;base64,PHN2ZyB3aWR0aD0iMSIgaGVpZ2h0PSIxIiB4bWxucz0iaHR0cDovL3d3dy53My5vcmcvMjAwMC9zdmciPjwvc3ZnPg==\" style=\"--smush-placeholder-width: 301px; --smush-placeholder-aspect-ratio: 301\/226;\" \/><\/center><\/p>\n<p style=\"text-align: center;\"><a href=\"https:\/\/www.brw.pl\/dywan-60x100-amiko,52135\" target=\"_blank\" rel=\"noopener noreferrer\"><strong>DYWAN AMIKO<\/strong><\/a><\/p>\n<p>Zainwestuj w <strong>przedmioty postarzane b\u0105d\u017a retro<\/strong>: staro\u015bwieckie <a href=\"https:\/\/www.brw.pl\/wyposazenie-kuchni\/akcesoria-kuchenne\/mozdzierze\/\" target=\"_blank\" rel=\"noopener noreferrer\">mo\u017adzierz<\/a>, m\u0142ynek do kawy i <a href=\"https:\/\/www.brw.pl\/wyposazenie-kuchni\/armatura-kuchenna\/baterie-kuchenne\/\" target=\"_blank\" rel=\"noopener noreferrer\">bateri\u0119 kuchenn\u0105<\/a>; <a href=\"https:\/\/www.brw.pl\/wyposazenie-kuchni\/naczynia-do-gotowania\/czajniki\/\" target=\"_blank\" rel=\"noopener noreferrer\">czajnik<\/a> z gwizdkiem, toster i lod\u00f3wk\u0119 retro w mocnych lub pastelowych kolorach.<\/p>\n<p>Co z <a href=\"https:\/\/www.brw.pl\/oswietlenie\/\" target=\"_blank\" rel=\"noopener noreferrer\">o\u015bwietleniem<\/a>? Egzamin zdadz\u0105 <a href=\"https:\/\/www.brw.pl\/oswietlenie\/oswietlenie-wewnetrzne\/lampy-wiszace\/\" target=\"_blank\" rel=\"noopener noreferrer\">lampy wisz\u0105ce<\/a> z <strong>aba\u017curami wykonanymi z naturalnych materia\u0142\u00f3w<\/strong>, np. drewna czy bambusa. Interesuj\u0105c\u0105 alternatyw\u0105 b\u0119d\u0105 <strong>metalowe lampy retro<\/strong> z kolorowymi okr\u0105g\u0142ymi kloszami.<\/p>\n<p><center><img decoding=\"async\" class=\"alignnone size-full wp-image-33302 lazyload\" data-src=\"https:\/\/www.brw.pl\/blog\/wp-content\/uploads\/2023\/06\/lampa-wiszaca-corin-mediuma.jpg\" alt=\"Lampa wisz\u0105ca Corin aran\u017cacja\" width=\"500\" height=\"500\" data-srcset=\"https:\/\/www.brw.pl\/blog\/wp-content\/uploads\/2023\/06\/lampa-wiszaca-corin-mediuma.jpg 500w, https:\/\/www.brw.pl\/blog\/wp-content\/uploads\/2023\/06\/lampa-wiszaca-corin-mediuma-150x150.jpg 150w, https:\/\/www.brw.pl\/blog\/wp-content\/uploads\/2023\/06\/lampa-wiszaca-corin-mediuma-165x165.jpg 165w, https:\/\/www.brw.pl\/blog\/wp-content\/uploads\/2023\/06\/lampa-wiszaca-corin-mediuma-120x120.jpg 120w\" data-sizes=\"(max-width: 500px) 100vw, 500px\" src=\"data:image\/svg+xml;base64,PHN2ZyB3aWR0aD0iMSIgaGVpZ2h0PSIxIiB4bWxucz0iaHR0cDovL3d3dy53My5vcmcvMjAwMC9zdmciPjwvc3ZnPg==\" style=\"--smush-placeholder-width: 500px; --smush-placeholder-aspect-ratio: 500\/500;\" \/><\/center><\/p>\n<p style=\"text-align: center;\"><a href=\"https:\/\/www.brw.pl\/lampa-wiszaca-corin,45114\" target=\"_blank\" rel=\"noopener noreferrer\"><strong>LAMPA WISZ\u0104CA CORIN<\/strong><\/a><\/p>\n<h2><strong><span data-color=\"rgb(248, 250, 251)\">Kuchnia boho vintage \u2013 aran\u017cacje<\/span><\/strong><\/h2>\n<p>Przyjrzyj si\u0119 naszej kuchni boho vintage wyposa\u017conej w meble na wymiar.<\/p>\n<h3 style=\"text-align: center;\"><strong>Styl boho z nut\u0105 vintage w kuchni na wymiar Senso Kitchens<\/strong><\/h3>\n<p><center><img decoding=\"async\" class=\"alignnone size-medium wp-image-32662 lazyload\" data-src=\"https:\/\/www.brw.pl\/blog\/wp-content\/uploads\/2023\/05\/royal-draggo-800x601.jpg\" alt=\"\" width=\"800\" height=\"601\" data-srcset=\"https:\/\/www.brw.pl\/blog\/wp-content\/uploads\/2023\/05\/royal-draggo-800x601.jpg 800w, https:\/\/www.brw.pl\/blog\/wp-content\/uploads\/2023\/05\/royal-draggo-768x577.jpg 768w, https:\/\/www.brw.pl\/blog\/wp-content\/uploads\/2023\/05\/royal-draggo.jpg 1438w\" data-sizes=\"(max-width: 800px) 100vw, 800px\" src=\"data:image\/svg+xml;base64,PHN2ZyB3aWR0aD0iMSIgaGVpZ2h0PSIxIiB4bWxucz0iaHR0cDovL3d3dy53My5vcmcvMjAwMC9zdmciPjwvc3ZnPg==\" style=\"--smush-placeholder-width: 800px; --smush-placeholder-aspect-ratio: 800\/601;\" \/><\/center><\/p>\n<p style=\"text-align: center;\">Kuchnia na wymiar <a href=\"https:\/\/www.brw.pl\/royal-draggo,22149\" target=\"_blank\" rel=\"noopener noreferrer\"><strong>ROYAL DRAGGO<\/strong><\/a><\/p>\n<p>Na zdj\u0119ciu widzisz jedn\u0105 z naszych kuchni na wymiar &#8211; Royal Draggo. Jej cechy charakterystyczne to m.in. drewniane fronty pokryte fornirowan\u0105 p\u0142yt\u0105 MDF, szuflady i szafki z cichym domykiem, dopasowane przegrody, efektowne o\u015bwietlenie LED. \u015awiat\u0142o w witrynie podkre\u015bla kryj\u0105ce si\u0119 w niej od\u015bwi\u0119tne serwisy obiadowe, l\u015bni\u0105ce szk\u0142o oraz kryszta\u0142.<\/p>\n<p>Bia\u0142ym, frezowanym frontom mebli stoj\u0105cych po prawej stronie towarzysz\u0105 jasne blaty o naturalnej barwie drewna z dekoracyjnym rysunkiem us\u0142ojenia. Ocieplaj\u0105 wystr\u00f3j. \u015aciana nad kuchenk\u0105 wy\u0142o\u017cona bia\u0142ymi p\u0142ytkami, z zabudowanym okapem, kojarzy si\u0119 troch\u0119 ze staro\u015bwieckim piecem kaflowym, kt\u00f3ry zawita\u0142 do europejskich kuchni w XVIII w.<\/p>\n<p>Z lewej strony pomieszczenia znajduj\u0105 si\u0119 szafki w g\u0142\u0119bokim odcieniu granatu, kt\u00f3ry sprawia, \u017ce aran\u017cacja nabiera wyrazu. Jednak na pierwszy plan wysuwa si\u0119 tutaj ogromna wyspa kuchenna zajmuj\u0105ca centraln\u0105 cz\u0119\u015b\u0107 kuchni. Wmontowano w ni\u0105 szuflady, otwarte p\u00f3\u0142ki i p\u00f3\u0142eczki przeznaczone na butelki z winem. <strong>Ilo\u015b\u0107 miejsca do przechowywania w naszej kuchni z pewno\u015bci\u0105 zadowoli nawet najbardziej wymagaj\u0105cego kucharza.<\/strong><\/p>\n<p>Nad wysp\u0105 na solidnych \u0142a\u0144cuchach wisi drewniany, a\u017curowy stela\u017c, na kt\u00f3rym mo\u017cna zawiesi\u0107 patelnie, garnki, os\u0142onki z ro\u015blinami doniczkowymi &#8211; co zechcesz. Ro\u015bliny ozdabiaj\u0105 te\u017c blaty i parapet, o\u017cywiaj\u0105c przestrze\u0144.<\/p>\n<p>Pod\u0142og\u0119 z desek tu\u017c przy dolnej zabudowie kuchennej wy\u0142o\u017cono dywanikami boho w kolorach ziemi, ozdobionymi geometrycznymi wzorami i fr\u0119dzlami. Dodaj\u0105 wn\u0119trzu przytulno\u015bci i urozmaicaj\u0105 wystr\u00f3j. Oto kuchnia boho vintage w pe\u0142nej krasie.<\/p>\n<p><strong>Kuchnie na wymiar Senso Kitchens <\/strong>dok\u0142adniej obejrzysz na filmie dost\u0119pnym na <a href=\"https:\/\/www.youtube.com\/@brwmeble\" target=\"_blank\" rel=\"noopener noreferrer\"><strong>kanale BRW<\/strong><\/a> w serwisie YouTube:<\/p>\n<div class=\"videoWrapper\"><iframe title=\"Kuchnie na wymiar Senso Kitchens\" data-src=\"https:\/\/www.youtube.com\/embed\/DCpnJxp28H0\" frameborder=\"0\" allowfullscreen=\"allowfullscreen\" src=\"data:image\/svg+xml;base64,PHN2ZyB3aWR0aD0iMSIgaGVpZ2h0PSIxIiB4bWxucz0iaHR0cDovL3d3dy53My5vcmcvMjAwMC9zdmciPjwvc3ZnPg==\" data-load-mode=\"1\"><span data-mce-type=\"bookmark\" style=\"display: inline-block; width: 0px; overflow: hidden; line-height: 0;\" class=\"mce_SELRES_start lazyload\">\ufeff<\/span><\/iframe><\/div>\n<p>&nbsp;<\/p>\n<p>Po wi\u0119cej inspiracji zapraszamy do <a href=\"https:\/\/www.brw.pl\/\" target=\"_blank\" rel=\"noopener noreferrer\"><strong><u>sklepu internetowego Black Red White<\/u><\/strong><\/a><strong>!<\/strong><\/p>\n","protected":false},"excerpt":{"rendered":"<p>W jaki spos\u00f3b do kuchennego wn\u0119trza boho przemyci\u0107 elementy w stylu vintage? Jak urz\u0105dzi\u0107 kuchni\u0119 z dusz\u0105, nawi\u0105zuj\u0105c\u0105 do \u015bwiata natury, dalek\u0105 od sztampy? Czym si\u0119 kierowa\u0107, wybieraj\u0105c meble oraz dodatki? Sprawd\u017a!<\/p>\n","protected":false},"author":29,"featured_media":33296,"comment_status":"closed","ping_status":"open","sticky":false,"template":"","format":"standard","meta":{"footnotes":""},"categories":[26,747,573],"tags":[],"aioseo_notices":[],"_links":{"self":[{"href":"https:\/\/www.brw.pl\/blog\/wp-json\/wp\/v2\/posts\/33295"}],"collection":[{"href":"https:\/\/www.brw.pl\/blog\/wp-json\/wp\/v2\/posts"}],"about":[{"href":"https:\/\/www.brw.pl\/blog\/wp-json\/wp\/v2\/types\/post"}],"author":[{"embeddable":true,"href":"https:\/\/www.brw.pl\/blog\/wp-json\/wp\/v2\/users\/29"}],"replies":[{"embeddable":true,"href":"https:\/\/www.brw.pl\/blog\/wp-json\/wp\/v2\/comments?post=33295"}],"version-history":[{"count":3,"href":"https:\/\/www.brw.pl\/blog\/wp-json\/wp\/v2\/posts\/33295\/revisions"}],"predecessor-version":[{"id":33304,"href":"https:\/\/www.brw.pl\/blog\/wp-json\/wp\/v2\/posts\/33295\/revisions\/33304"}],"wp:featuredmedia":[{"embeddable":true,"href":"https:\/\/www.brw.pl\/blog\/wp-json\/wp\/v2\/media\/33296"}],"wp:attachment":[{"href":"https:\/\/www.brw.pl\/blog\/wp-json\/wp\/v2\/media?parent=33295"}],"wp:term":[{"taxonomy":"category","embeddable":true,"href":"https:\/\/www.brw.pl\/blog\/wp-json\/wp\/v2\/categories?post=33295"},{"taxonomy":"post_tag","embeddable":true,"href":"https:\/\/www.brw.pl\/blog\/wp-json\/wp\/v2\/tags?post=33295"}],"curies":[{"name":"wp","href":"https:\/\/api.w.org\/{rel}","templated":true}]}}