{"id":33502,"date":"2023-07-26T14:32:39","date_gmt":"2023-07-26T12:32:39","guid":{"rendered":"https:\/\/www.brw.pl\/blog\/?p=33502"},"modified":"2023-07-25T15:02:29","modified_gmt":"2023-07-25T13:02:29","slug":"styl-kawaii-wnetrza-w-pastelowej-odslonie","status":"publish","type":"post","link":"https:\/\/www.brw.pl\/blog\/styl-kawaii-wnetrza-w-pastelowej-odslonie\/","title":{"rendered":"Styl kawaii \u2013 wn\u0119trza w pastelowej ods\u0142onie"},"content":{"rendered":"<p><strong>Barwne niczym impresjonistyczny obraz, odrobin\u0119 bajkowe, a nade wszystko \u2013 urocze. Tak prezentuj\u0105 si\u0119 aran\u017cacje w stylu kawaii. Sk\u0105d wzi\u0119\u0142a si\u0119 moda na s\u0142odkie wn\u0119trza i dlaczego warto jej ulec? Na te pytania odpowiadamy w artykule. Przeczytaj i dowiedz si\u0119, jak urz\u0105dzi\u0107 dom w pastelowych kolorach!<\/strong><!--more--><\/p>\n<div style=\"display: flex; align-items: center; justify-content: center; text-align: center;\">\n<figure id=\"attachment_28029\" aria-describedby=\"caption-attachment-28029\" style=\"width: 800px\" class=\"wp-caption aligncenter\"><img decoding=\"async\" class=\"wp-image-28029 size-medium lazyload\" data-src=\"https:\/\/www.brw.pl\/blog\/wp-content\/uploads\/2022\/11\/dekoracja-lozka-heda-800x513.jpg\" alt=\"Styl kawaii - wn\u0119trza w pastelowej ods\u0142onie\" width=\"800\" height=\"513\" data-srcset=\"https:\/\/www.brw.pl\/blog\/wp-content\/uploads\/2022\/11\/dekoracja-lozka-heda-800x513.jpg 800w, https:\/\/www.brw.pl\/blog\/wp-content\/uploads\/2022\/11\/dekoracja-lozka-heda-768x493.jpg 768w, https:\/\/www.brw.pl\/blog\/wp-content\/uploads\/2022\/11\/dekoracja-lozka-heda-1536x985.jpg 1536w, https:\/\/www.brw.pl\/blog\/wp-content\/uploads\/2022\/11\/dekoracja-lozka-heda.jpg 1684w\" data-sizes=\"(max-width: 800px) 100vw, 800px\" src=\"data:image\/svg+xml;base64,PHN2ZyB3aWR0aD0iMSIgaGVpZ2h0PSIxIiB4bWxucz0iaHR0cDovL3d3dy53My5vcmcvMjAwMC9zdmciPjwvc3ZnPg==\" style=\"--smush-placeholder-width: 800px; --smush-placeholder-aspect-ratio: 800\/513;\" \/><figcaption id=\"caption-attachment-28029\" class=\"wp-caption-text\"><a href=\"https:\/\/www.brw.pl\/kolekcja-heda,447\" target=\"_blank\" rel=\"noopener noreferrer\"><span style=\"font-weight: 400;\">Kolekcja Heda<\/span><\/a><b> w pastelowej sypialni<\/b><\/figcaption><\/figure>\n<\/div>\n<h2><strong>Styl kawaii \u2013 wn\u0119trza w pastelowej ods\u0142onie <\/strong><\/h2>\n<p>Lukrowane wypieki u\u0142o\u017cone na minimalistycznie nakrytym stole, urocze przedmioty spogl\u0105daj\u0105ce z p\u00f3\u0142ek i s\u0142odkie motywy wprowadzaj\u0105ce domownik\u00f3w w bajkowy \u015bwiat marze\u0144&#8230; Styl kawaii to co\u015b wi\u0119cej ni\u017c tylko sztuka dekorowania wn\u0119trz. Kawaii jest niczym filozofia \u017cycia: szcz\u0119\u015bliwego, wolnego od trosk, przesi\u0105kni\u0119tego dzieci\u0119c\u0105 naiwno\u015bci\u0105 i swobod\u0105.<\/p>\n<p>Zar\u00f3wno sam koncept, jak i moda na &#8222;urocze wn\u0119trza&#8221; przyw\u0119drowa\u0142y do nas prosto z Kraju Kwitn\u0105cej Wi\u015bni, gdzie upatrywa\u0107 mo\u017cna pocz\u0105tk\u00f3w tego niezwyk\u0142ego stylu. <strong>Oryginalnie brzmi\u0105ce s\u0142owo &#8222;kawaii&#8221; w j\u0119zyku japo\u0144skim oznacza tyle, co &#8222;czaruj\u0105cy&#8221;, &#8222;mi\u0142y&#8221;, &#8222;s\u0142odki&#8221; czy &#8222;sympatyczny&#8221;<\/strong>. Cukierkowa estetyka opanowa\u0142a nie tylko \u015bwiat designu, ale r\u00f3wnie\u017c mod\u0119 i szeroko poj\u0119t\u0105 pop-kultur\u0119 Japonii. Od kilku sezon\u00f3w ca\u0142kiem dobrze ma si\u0119 r\u00f3wnie\u017c w Europie.<\/p>\n<h3>Kolory w stylu kawaii<\/h3>\n<p>Styl Kawaii rozpoznasz cho\u0107by po palecie barw \u2013 s\u0142odkich, \u0142agodnych i apetycznych jak owocowy deser. Kojarz\u0105ce si\u0119 z beztroskim dzieci\u0144stwem pastelowe kolory wprowadzaj\u0105 do wn\u0119trz niepowtarzalny klimat. Delikatny r\u00f3\u017c, mi\u0119towa ziele\u0144, cytrynowa \u017c\u00f3\u0142\u0107, b\u0142\u0119kit i lawenda zdobi\u0105 nie tylko \u015bciany, ale r\u00f3wnie\u017c dekoracyjne dodatki czy meble. Dzi\u0119ki nim aran\u017cacje przepe\u0142nione s\u0105 dziewcz\u0119c\u0105 subtelno\u015bci\u0105 i daj\u0105 wra\u017cenie lekko\u015bci.<\/p>\n<h3>Styl kawaii \u2013 motywy i kszta\u0142ty<\/h3>\n<p>Aran\u017cacje w stylu kawaii mog\u0105 bazowa\u0107 na r\u00f3\u017cnorodnych motywach, z kt\u00f3rych s\u0142ynie Japonia. I tak radosne, pastelowe wn\u0119trza doskonale wsp\u00f3\u0142graj\u0105 zar\u00f3wno z <strong>figurkami Maneki-neko<\/strong> czy drobiazgami przedstawiaj\u0105cymi <strong>kotka Hello Kitty<\/strong>, jak i naturalnymi dodatkami, takimi jak <strong>drzewka bonsai<\/strong>. W projektach inspirowanych tym stylem nierzadko pojawiaj\u0105 si\u0119 kwiaty kwitn\u0105cej wi\u015bni i motywy gejsz.<\/p>\n<p>Kawaii to r\u00f3wnie\u017c modne w ostatnich sezonach \u0142uki, ob\u0142e kszta\u0142ty, zaokr\u0105glenia i \u0142agodne linie. O czym mowa? Przede wszystkim o nietypowych rozwi\u0105zaniach projektowych, otworach drzwiowych i okiennych, designerskich meblach czy wzorach malowanych na \u015bcianach.<\/p>\n<p><strong>Wi\u0119cej na temat \u0142uk\u00f3w w aran\u017cacji wn\u0119trz pisali\u015bmy w artykule: <\/strong><a href=\"https:\/\/www.brw.pl\/blog\/luk-w-salonie-inspiracje\/\" target=\"_blank\" rel=\"noopener noreferrer\"><strong>&#8222;\u0141uk w salonie \u2013 inspiracje&#8221;<\/strong><\/a><strong>. <\/strong><\/p>\n<h2><strong>Styl kawaii \u2013 jak wprowadzi\u0107 go do wn\u0119trza?<\/strong><\/h2>\n<p>Chcesz dowiedzie\u0107 si\u0119, jak wprowadzi\u0107 styl kawaii do wn\u0119trza? Przedstawiamy <a href=\"https:\/\/www.brw.pl\/meble\/\" target=\"_blank\" rel=\"noopener noreferrer\">meble<\/a>, <a href=\"https:\/\/www.brw.pl\/dekoracje\/\" target=\"_blank\" rel=\"noopener noreferrer\">dekoracje<\/a> i rozwi\u0105zania, dzi\u0119ki kt\u00f3rym dasz wyraz japo\u0144skiemu minimalizmowi, a przy okazji zaprosisz pastelowe barwy do domu.<\/p>\n<h3>Salon w stylu kawaii<\/h3>\n<p>Otoczenie, w kt\u00f3rym na pierwszy plan wysuwa si\u0119 kolor, z pewno\u015bci\u0105 wprawi domownik\u00f3w w dobry nastr\u00f3j. Urocze wn\u0119trza pe\u0142ne pozytywnych wibracji zach\u0119caj\u0105, by przemyci\u0107 styl kawaii do salonu. Jak to zrobi\u0107? Zacznij od strefy wypoczynkowej \u2013 serca ka\u017cdej rodzinnej przestrzeni. Je\u015bli nie chcesz, by pomieszczenie przypomina\u0142o pude\u0142ko z landrynkami, postaw na stonowan\u0105 baz\u0119 i tapicerk\u0119 w s\u0142odkich kolorach. Do \u015bcian w odcieniu \u015bmietankowej bieli dopasuj sztruksow\u0105 sof\u0119 w kolorze pudrowy r\u00f3\u017c. Model Garcia przyci\u0105gnie uwag\u0119 ciekaw\u0105 faktur\u0105.<\/p>\n<div style=\"display: flex; align-items: center; justify-content: center; text-align: center;\">\n<figure id=\"attachment_33503\" aria-describedby=\"caption-attachment-33503\" style=\"width: 800px\" class=\"wp-caption aligncenter\"><img decoding=\"async\" class=\"wp-image-33503 size-medium lazyload\" data-src=\"https:\/\/www.brw.pl\/blog\/wp-content\/uploads\/2023\/07\/LL14_GARCIA_POSO_145_ar1-800x534.jpg\" alt=\"sofa Garcia - aran\u017cacja\" width=\"800\" height=\"534\" data-srcset=\"https:\/\/www.brw.pl\/blog\/wp-content\/uploads\/2023\/07\/LL14_GARCIA_POSO_145_ar1-800x534.jpg 800w, https:\/\/www.brw.pl\/blog\/wp-content\/uploads\/2023\/07\/LL14_GARCIA_POSO_145_ar1-768x513.jpg 768w, https:\/\/www.brw.pl\/blog\/wp-content\/uploads\/2023\/07\/LL14_GARCIA_POSO_145_ar1-1536x1026.jpg 1536w, https:\/\/www.brw.pl\/blog\/wp-content\/uploads\/2023\/07\/LL14_GARCIA_POSO_145_ar1.jpg 1617w\" data-sizes=\"(max-width: 800px) 100vw, 800px\" src=\"data:image\/svg+xml;base64,PHN2ZyB3aWR0aD0iMSIgaGVpZ2h0PSIxIiB4bWxucz0iaHR0cDovL3d3dy53My5vcmcvMjAwMC9zdmciPjwvc3ZnPg==\" style=\"--smush-placeholder-width: 800px; --smush-placeholder-aspect-ratio: 800\/534;\" \/><figcaption id=\"caption-attachment-33503\" class=\"wp-caption-text\"><a href=\"https:\/\/www.brw.pl\/sofa-garcia,56828\" target=\"_blank\" rel=\"noopener noreferrer\"><span style=\"font-weight: 400;\">Sofa Garcia<\/span><\/a><b> w sztruksowej tkaninie Poso 145 Pink<\/b><\/figcaption><\/figure>\n<\/div>\n<p><a href=\"https:\/\/www.brw.pl\/meble\/meble-wypoczynkowe\/\" target=\"_blank\" rel=\"noopener noreferrer\">Meble wypoczynkowe<\/a> to jednak nie wszystko. Nie zapomnij o dodatkach, kt\u00f3re buduj\u0105 klimat aran\u017cacji. Oczywi\u015bcie mowa tu o detalach dobieranych do wpisuj\u0105cych si\u0119 w japo\u0144skie trendy wn\u0119trz. Czym warto si\u0119 otoczy\u0107? Na pewno przyjemnymi w dotyku tkaninami, kocami, <a href=\"https:\/\/www.brw.pl\/dekoracje\/poduszki-dekoracyjne\/\" target=\"_blank\" rel=\"noopener noreferrer\">poduszkami dekoracyjnymi<\/a>, puszystym dywanem. W przechowywaniu tekstyli\u00f3w pomog\u0105 Ci kosze z uszami, np. wykonane z trawy morskiej.<\/p>\n<div style=\"display: flex; align-items: center; justify-content: center; text-align: center;\">\n<figure id=\"attachment_33504\" aria-describedby=\"caption-attachment-33504\" style=\"width: 593px\" class=\"wp-caption aligncenter\"><img decoding=\"async\" class=\"wp-image-33504 size-medium lazyload\" data-src=\"https:\/\/www.brw.pl\/blog\/wp-content\/uploads\/2023\/07\/THK-082303-THK-076755-THK-081865-THK-081206-THK-080059-THK-076940-593x800.jpg\" alt=\"Poduszka dekoracyjna Parrot, Koc w aran\u017cacji\" width=\"593\" height=\"800\" data-srcset=\"https:\/\/www.brw.pl\/blog\/wp-content\/uploads\/2023\/07\/THK-082303-THK-076755-THK-081865-THK-081206-THK-080059-THK-076940-593x800.jpg 593w, https:\/\/www.brw.pl\/blog\/wp-content\/uploads\/2023\/07\/THK-082303-THK-076755-THK-081865-THK-081206-THK-080059-THK-076940-768x1036.jpg 768w, https:\/\/www.brw.pl\/blog\/wp-content\/uploads\/2023\/07\/THK-082303-THK-076755-THK-081865-THK-081206-THK-080059-THK-076940.jpg 800w\" data-sizes=\"(max-width: 593px) 100vw, 593px\" src=\"data:image\/svg+xml;base64,PHN2ZyB3aWR0aD0iMSIgaGVpZ2h0PSIxIiB4bWxucz0iaHR0cDovL3d3dy53My5vcmcvMjAwMC9zdmciPjwvc3ZnPg==\" style=\"--smush-placeholder-width: 593px; --smush-placeholder-aspect-ratio: 593\/800;\" \/><figcaption id=\"caption-attachment-33504\" class=\"wp-caption-text\"><a href=\"https:\/\/www.brw.pl\/poduszka-dekoracyjna-parrot,45924\" target=\"_blank\" rel=\"noopener noreferrer\"><span style=\"font-weight: 400;\">Poduszka dekoracyjna Parrot<\/span><\/a> &#8211; <a href=\"https:\/\/www.brw.pl\/koc-160x130,42971\" target=\"_blank\" rel=\"noopener noreferrer\"><span style=\"font-weight: 400;\">Koc 160\u00d7130 <\/span><\/a><\/figcaption><\/figure>\n<\/div>\n<p>Salon w stylu kawaii powinien sprawia\u0107 wra\u017cenie lekko\u015bci. \u015awietnym uzupe\u0142nieniem aran\u017cacji b\u0119d\u0105 \u0142agodne bry\u0142y mebli, z kt\u00f3rymi urz\u0105dzisz stref\u0119 multimedialn\u0105 a tak\u017ce zadbasz o przechowywanie rozmaitych drobiazg\u00f3w. Witryna oraz szafka RTV Kalio to strza\u0142 w dziesi\u0105tk\u0119.<\/p>\n<div style=\"display: flex; align-items: center; justify-content: center; text-align: center;\">\n<figure id=\"attachment_30230\" aria-describedby=\"caption-attachment-30230\" style=\"width: 800px\" class=\"wp-caption aligncenter\"><img decoding=\"async\" class=\"wp-image-30230 size-medium lazyload\" data-src=\"https:\/\/www.brw.pl\/blog\/wp-content\/uploads\/2023\/02\/kalio-salon-800x533.jpg\" alt=\"kolekcja Kalio w salonie kawaii\" width=\"800\" height=\"533\" data-srcset=\"https:\/\/www.brw.pl\/blog\/wp-content\/uploads\/2023\/02\/kalio-salon-800x533.jpg 800w, https:\/\/www.brw.pl\/blog\/wp-content\/uploads\/2023\/02\/kalio-salon-768x512.jpg 768w, https:\/\/www.brw.pl\/blog\/wp-content\/uploads\/2023\/02\/kalio-salon-1536x1024.jpg 1536w, https:\/\/www.brw.pl\/blog\/wp-content\/uploads\/2023\/02\/kalio-salon.jpg 1620w\" data-sizes=\"(max-width: 800px) 100vw, 800px\" src=\"data:image\/svg+xml;base64,PHN2ZyB3aWR0aD0iMSIgaGVpZ2h0PSIxIiB4bWxucz0iaHR0cDovL3d3dy53My5vcmcvMjAwMC9zdmciPjwvc3ZnPg==\" style=\"--smush-placeholder-width: 800px; --smush-placeholder-aspect-ratio: 800\/533;\" \/><figcaption id=\"caption-attachment-30230\" class=\"wp-caption-text\"><a href=\"https:\/\/www.brw.pl\/witryna-kalio,29914\" target=\"_blank\" rel=\"noopener noreferrer\"><span style=\"font-weight: 400;\">Witryna Kalio<\/span><\/a> &#8211; <a href=\"https:\/\/www.brw.pl\/szafka-rtv-kalio,29915\" target=\"_blank\" rel=\"noopener noreferrer\"><span style=\"font-weight: 400;\">Szafka RTV Kalio<\/span><\/a><\/figcaption><\/figure>\n<\/div>\n<h3>Sypialnia w stylu kawaii<\/h3>\n<p>Co powiesz na sypialni\u0119 w pastelowych barwach? Urocze wn\u0119trza sypialne zaaran\u017cowane w mi\u0119towej zieleni, pudrowym r\u00f3\u017cu czy kolorze liliowym przypadn\u0105 do gustu nie tylko romantyczkom. Zapewniamy, \u017ce w takiej sypialni ka\u017cdego dnia obudzisz si\u0119 w kwitn\u0105cym humorze! Poku\u015b si\u0119 o zakup du\u017cego <a href=\"https:\/\/www.brw.pl\/meble\/lozka\/\" target=\"_blank\" rel=\"noopener noreferrer\">\u0142\u00f3\u017cka<\/a> w drewnianej ramie oraz <a href=\"https:\/\/www.brw.pl\/tekstylia\/\" target=\"_blank\" rel=\"noopener noreferrer\">tekstyli\u00f3w<\/a>, z kt\u00f3rymi stworzysz pi\u0119kne pos\u0142anie. Pastelowe kolory wspaniale prezentuj\u0105 si\u0119 na narzutach, po\u015bcieli i du\u017cych ozdobnych poduchach. <strong>W kreowaniu sprzyjaj\u0105cej wypoczynkowi atmosfery pomog\u0105 Ci panele tapicerowane<\/strong> \u2013 sprawdz\u0105 si\u0119 zw\u0142aszcza w roli mi\u0119kkiego zag\u0142\u00f3wka.<\/p>\n<div style=\"display: flex; align-items: center; justify-content: center; text-align: center;\">\n<figure id=\"attachment_30825\" aria-describedby=\"caption-attachment-30825\" style=\"width: 800px\" class=\"wp-caption aligncenter\"><img decoding=\"async\" class=\"wp-image-30825 size-medium lazyload\" data-src=\"https:\/\/www.brw.pl\/blog\/wp-content\/uploads\/2023\/04\/glowne-MODEO_rozowa-sypialnia-panele-800x515.jpg\" alt=\"Sypialnia Modeo i panele tapicerowane\" width=\"800\" height=\"515\" data-srcset=\"https:\/\/www.brw.pl\/blog\/wp-content\/uploads\/2023\/04\/glowne-MODEO_rozowa-sypialnia-panele-800x515.jpg 800w, https:\/\/www.brw.pl\/blog\/wp-content\/uploads\/2023\/04\/glowne-MODEO_rozowa-sypialnia-panele-768x494.jpg 768w, https:\/\/www.brw.pl\/blog\/wp-content\/uploads\/2023\/04\/glowne-MODEO_rozowa-sypialnia-panele-1536x989.jpg 1536w, https:\/\/www.brw.pl\/blog\/wp-content\/uploads\/2023\/04\/glowne-MODEO_rozowa-sypialnia-panele.jpg 1659w\" data-sizes=\"(max-width: 800px) 100vw, 800px\" src=\"data:image\/svg+xml;base64,PHN2ZyB3aWR0aD0iMSIgaGVpZ2h0PSIxIiB4bWxucz0iaHR0cDovL3d3dy53My5vcmcvMjAwMC9zdmciPjwvc3ZnPg==\" style=\"--smush-placeholder-width: 800px; --smush-placeholder-aspect-ratio: 800\/515;\" \/><figcaption id=\"caption-attachment-30825\" class=\"wp-caption-text\"><a href=\"https:\/\/www.brw.pl\/kwadrat-30x30-panel-tapicerowany,45656\" target=\"_blank\" rel=\"noopener noreferrer\"><span style=\"font-weight: 400;\">Panel tapicerowany kwadrat 30\u00d730<\/span><\/a><\/figcaption><\/figure>\n<\/div>\n<p>Je\u015bli chcesz, by Tw\u00f3j pok\u00f3j nocny nabra\u0142 lekko\u015bci, zamiast tradycyjnej szafy umie\u015b\u0107 w nim prosty wieszak na ubrania, np. w postaci dr\u0105\u017ck\u00f3w zwisaj\u0105cych z sufitu. Ba\u0142agan w garderobie ujarzmi\u0105 r\u00f3wnie\u017c designerskie pojemniki obsypane brokatowymi zdobieniami.<\/p>\n<h3>Kuchnia i jadalnia w stylu kawaii<\/h3>\n<p>W stylu kawaii z powodzeniem urz\u0105dzisz nie tylko salon i sypialni\u0119, ale r\u00f3wnie\u017c kuchni\u0119 i stref\u0119 jadalnian\u0105. Jak to mo\u017cliwe? Pastelowe barwy doskonale graj\u0105 z g\u0142adk\u0105 powierzchni\u0105 front\u00f3w kuchennych, modnymi p\u0142ytkami strukturalnymi, deginem sprz\u0119tu AGD w duchu retro czy tapicerk\u0105 krzese\u0142.<\/p>\n<div style=\"display: flex; align-items: center; justify-content: center; text-align: center;\">\n<figure id=\"attachment_13536\" aria-describedby=\"caption-attachment-13536\" style=\"width: 800px\" class=\"wp-caption aligncenter\"><img decoding=\"async\" class=\"wp-image-13536 size-medium lazyload\" data-src=\"https:\/\/www.brw.pl\/blog\/wp-content\/uploads\/2020\/08\/Senso-kitchen-Capital-38th-Elysee-Avenue-800x533.jpg\" alt=\"Senso kitchen - Capital 38th Elysee Avenue\" width=\"800\" height=\"533\" data-srcset=\"https:\/\/www.brw.pl\/blog\/wp-content\/uploads\/2020\/08\/Senso-kitchen-Capital-38th-Elysee-Avenue-800x533.jpg 800w, https:\/\/www.brw.pl\/blog\/wp-content\/uploads\/2020\/08\/Senso-kitchen-Capital-38th-Elysee-Avenue-768x512.jpg 768w, https:\/\/www.brw.pl\/blog\/wp-content\/uploads\/2020\/08\/Senso-kitchen-Capital-38th-Elysee-Avenue-1536x1024.jpg 1536w, https:\/\/www.brw.pl\/blog\/wp-content\/uploads\/2020\/08\/Senso-kitchen-Capital-38th-Elysee-Avenue.jpg 1620w\" data-sizes=\"(max-width: 800px) 100vw, 800px\" src=\"data:image\/svg+xml;base64,PHN2ZyB3aWR0aD0iMSIgaGVpZ2h0PSIxIiB4bWxucz0iaHR0cDovL3d3dy53My5vcmcvMjAwMC9zdmciPjwvc3ZnPg==\" style=\"--smush-placeholder-width: 800px; --smush-placeholder-aspect-ratio: 800\/533;\" \/><figcaption id=\"caption-attachment-13536\" class=\"wp-caption-text\"><a href=\"https:\/\/www.brw.pl\/capital-38th-elysee-avenue,22125\" target=\"_blank\" rel=\"noopener noreferrer\"><span style=\"font-weight: 400;\">Kuchnia Capital 38th Elysee Avenue<\/span><\/a><\/figcaption><\/figure>\n<\/div>\n<p>Masz s\u0142abo\u015b\u0107 do intryguj\u0105cych projekt\u00f3w, kt\u00f3rym daleko do opatrzonych aran\u017cacji? \u015aciany i wysp\u0119 kuchenn\u0105 &#8222;ubierz&#8221; w orze\u017awiaj\u0105c\u0105 mi\u0119t\u0119 lub delikatny r\u00f3\u017c. Nad blatem umie\u015b\u0107 p\u0142ytki lastrykowe, na pod\u0142odze \u2013 geometryczn\u0105 szachownic\u0119. Oto przepis na wn\u0119trze, kt\u00f3re skradnie serca mi\u0142o\u015bnikom dobrego designu.<\/p>\n<h2><strong>Wn\u0119trza w stylu kawaii \u2013 aran\u017cacje <\/strong><\/h2>\n<p>Wi\u0119cej modnych aran\u017cacji w stylu kawaii czeka na Ciebie poni\u017cej. Zainspiruj si\u0119!<\/p>\n<div style=\"display: flex; align-items: center; justify-content: center; text-align: center;\">\n<figure id=\"attachment_29157\" aria-describedby=\"caption-attachment-29157\" style=\"width: 800px\" class=\"wp-caption aligncenter\"><img decoding=\"async\" class=\"wp-image-29157 size-medium lazyload\" data-src=\"https:\/\/www.brw.pl\/blog\/wp-content\/uploads\/2022\/12\/Biurko-toaletka-Pori-800x540.png\" alt=\"Biurko toaletka Pori\" width=\"800\" height=\"540\" data-srcset=\"https:\/\/www.brw.pl\/blog\/wp-content\/uploads\/2022\/12\/Biurko-toaletka-Pori-800x540.png 800w, https:\/\/www.brw.pl\/blog\/wp-content\/uploads\/2022\/12\/Biurko-toaletka-Pori-768x518.png 768w, https:\/\/www.brw.pl\/blog\/wp-content\/uploads\/2022\/12\/Biurko-toaletka-Pori-1536x1037.png 1536w, https:\/\/www.brw.pl\/blog\/wp-content\/uploads\/2022\/12\/Biurko-toaletka-Pori.png 1600w\" data-sizes=\"(max-width: 800px) 100vw, 800px\" src=\"data:image\/svg+xml;base64,PHN2ZyB3aWR0aD0iMSIgaGVpZ2h0PSIxIiB4bWxucz0iaHR0cDovL3d3dy53My5vcmcvMjAwMC9zdmciPjwvc3ZnPg==\" style=\"--smush-placeholder-width: 800px; --smush-placeholder-aspect-ratio: 800\/540;\" \/><figcaption id=\"caption-attachment-29157\" class=\"wp-caption-text\"><a href=\"https:\/\/www.brw.pl\/nadstawka-pori,23923\" target=\"_blank\" rel=\"noopener noreferrer\"><span style=\"font-weight: 400;\">Nadstawka Pori<\/span><\/a> &#8211; <a href=\"https:\/\/www.brw.pl\/komoda-pori,23924\" target=\"_blank\" rel=\"noopener noreferrer\"><span style=\"font-weight: 400;\">Komoda Pori<\/span><\/a><\/figcaption><\/figure>\n<\/div>\n<p>Kobieco, stylowo i pastelowo \u2013 tak zaaran\u017cowano przestrze\u0144 sypialni, w kt\u00f3rej mi\u0142o zacz\u0105\u0107 i zako\u0144czy\u0107 dzie\u0144. W tej przestrzeni rz\u0105dz\u0105 funkcjonalne formy i efektowny detal. O dobr\u0105 organizacj\u0119 przechowywania oraz przyjemno\u015b\u0107 p\u0142yn\u0105c\u0105 z urodowych zabieg\u00f3w dbaj\u0105 bia\u0142e <strong>meble z kolekcji Pori<\/strong>: stylowa toaletka z nadstawk\u0105 a tak\u017ce komoda wyposa\u017cona w cztery szuflady. Pomalowane na delikatny b\u0142\u0119kit \u015bciany zdobi sztukateria \u015bcienna. Cienkie listwy u\u0142o\u017cone w ramki dodaj\u0105 wn\u0119trzu elegancji. Ca\u0142o\u015b\u0107 uzupe\u0142niaj\u0105 pudrowor\u00f3\u017cowe elementy takie jak <a href=\"https:\/\/www.brw.pl\/dywan-120x170-arts-shaggy,25155\" target=\"_blank\" rel=\"noopener noreferrer\">dywan Arts Shaggy<\/a> gazetownik, zwiewne zas\u0142ony, fotel czy lampa pod\u0142ogowa.<\/p>\n<div style=\"display: flex; align-items: center; justify-content: center; text-align: center;\">\n<figure id=\"attachment_17114\" aria-describedby=\"caption-attachment-17114\" style=\"width: 800px\" class=\"wp-caption aligncenter\"><img decoding=\"async\" class=\"wp-image-17114 size-full lazyload\" data-src=\"https:\/\/www.brw.pl\/blog\/wp-content\/uploads\/2021\/03\/Salon-kolekcja-Holten-sofa-Lisera-fotel-Susa.jpg\" alt=\"Eklektyczny mix: meble Holten, sofa Lisera\" width=\"800\" height=\"530\" data-srcset=\"https:\/\/www.brw.pl\/blog\/wp-content\/uploads\/2021\/03\/Salon-kolekcja-Holten-sofa-Lisera-fotel-Susa.jpg 800w, https:\/\/www.brw.pl\/blog\/wp-content\/uploads\/2021\/03\/Salon-kolekcja-Holten-sofa-Lisera-fotel-Susa-768x509.jpg 768w\" data-sizes=\"(max-width: 800px) 100vw, 800px\" src=\"data:image\/svg+xml;base64,PHN2ZyB3aWR0aD0iMSIgaGVpZ2h0PSIxIiB4bWxucz0iaHR0cDovL3d3dy53My5vcmcvMjAwMC9zdmciPjwvc3ZnPg==\" style=\"--smush-placeholder-width: 800px; --smush-placeholder-aspect-ratio: 800\/530;\" \/><figcaption id=\"caption-attachment-17114\" class=\"wp-caption-text\"><a href=\"https:\/\/www.brw.pl\/szafka-rtv-holten,36713\" target=\"_blank\" rel=\"noopener noreferrer\"><span style=\"font-weight: 400;\">Szafka RTV Holten<\/span><\/a> &#8211; <a href=\"https:\/\/www.brw.pl\/lampa-stolowa-monaco,24957\" target=\"_blank\" rel=\"noopener noreferrer\"><span style=\"font-weight: 400;\">Lampa sto\u0142owa Monaco<\/span><\/a><\/figcaption><\/figure>\n<\/div>\n<p>Sp\u00f3jrz na salon, w kt\u00f3rym inspiracje stylem kawaii przeplataj\u0105 si\u0119 z wp\u0142ywami loft i retro. Spokojn\u0105, pogodn\u0105 aran\u017cacj\u0119 buduj\u0105 jasne kolory \u015bcian, meble skrzyniowe w bieli i drewnie, zaoblone sylwetki mebli wypoczynkowych, a tak\u017ce kr\u0105g\u0142o\u015bci lamp, stolika czy figur przedstawionych na obrazach. Do przestrzeni dziennej prowadzi niewielki przedpok\u00f3j, w kt\u00f3rym umieszczono <a href=\"https:\/\/www.brw.pl\/szafka-na-buty-nepo-plus,29752\" target=\"_blank\" rel=\"noopener noreferrer\"><strong>szafk\u0119 na buty z kolekcji Nepo Plus<\/strong><\/a> oraz industrialne o\u015bwietlenie.<\/p>\n<p>Stref\u0119 wypoczynkow\u0105 i wej\u015bcie do domu oddziela minimalistyczne przepierzenie. Tu\u017c za nim kryje si\u0119 k\u0105cik multimedialny z <strong>szafk\u0105 RTV z kolekcji Holten<\/strong>. Uwag\u0119 przyci\u0105ga jednak centrum salonu, w kt\u00f3rym stan\u0119\u0142a <a href=\"https:\/\/www.brw.pl\/sofa-lisera,35699\" target=\"_blank\" rel=\"noopener noreferrer\">sofa Lisera<\/a>. Elegancka kanapa w pastelowym kolorze ciekawie kontrastuje z surowo\u015bci\u0105 opraw o\u015bwietleniowych \u2013 sto\u0142ow\u0105 lamp\u0105 Monaco i modelem zawieszonym nad stref\u0105 relaksu.<\/p>\n<p><strong>Wi\u0119cej inspiruj\u0105cych rozwi\u0105za\u0144 wn\u0119trzarskich, w tym meble i dodatki w najpopularniejszych stylach, znajdziesz w <\/strong><a href=\"https:\/\/www.brw.pl\/\" target=\"_blank\" rel=\"noopener noreferrer\"><strong>sklepie internetowym Black Red White<\/strong><\/a><strong>. Zapraszamy!<\/strong><\/p>\n","protected":false},"excerpt":{"rendered":"<p>Barwne niczym impresjonistyczny obraz, odrobin\u0119 bajkowe, a nade wszystko \u2013 urocze. Tak prezentuj\u0105 si\u0119 aran\u017cacje w stylu kawaii. Sk\u0105d wzi\u0119\u0142a si\u0119 moda na s\u0142odkie wn\u0119trza i dlaczego warto jej ulec? Na te pytania odpowiadamy w artykule. Przeczytaj i dowiedz si\u0119, jak urz\u0105dzi\u0107 dom w pastelowych kolorach!<\/p>\n","protected":false},"author":21,"featured_media":28029,"comment_status":"closed","ping_status":"open","sticky":false,"template":"","format":"standard","meta":{"footnotes":""},"categories":[39,573],"tags":[],"aioseo_notices":[],"_links":{"self":[{"href":"https:\/\/www.brw.pl\/blog\/wp-json\/wp\/v2\/posts\/33502"}],"collection":[{"href":"https:\/\/www.brw.pl\/blog\/wp-json\/wp\/v2\/posts"}],"about":[{"href":"https:\/\/www.brw.pl\/blog\/wp-json\/wp\/v2\/types\/post"}],"author":[{"embeddable":true,"href":"https:\/\/www.brw.pl\/blog\/wp-json\/wp\/v2\/users\/21"}],"replies":[{"embeddable":true,"href":"https:\/\/www.brw.pl\/blog\/wp-json\/wp\/v2\/comments?post=33502"}],"version-history":[{"count":4,"href":"https:\/\/www.brw.pl\/blog\/wp-json\/wp\/v2\/posts\/33502\/revisions"}],"predecessor-version":[{"id":33508,"href":"https:\/\/www.brw.pl\/blog\/wp-json\/wp\/v2\/posts\/33502\/revisions\/33508"}],"wp:featuredmedia":[{"embeddable":true,"href":"https:\/\/www.brw.pl\/blog\/wp-json\/wp\/v2\/media\/28029"}],"wp:attachment":[{"href":"https:\/\/www.brw.pl\/blog\/wp-json\/wp\/v2\/media?parent=33502"}],"wp:term":[{"taxonomy":"category","embeddable":true,"href":"https:\/\/www.brw.pl\/blog\/wp-json\/wp\/v2\/categories?post=33502"},{"taxonomy":"post_tag","embeddable":true,"href":"https:\/\/www.brw.pl\/blog\/wp-json\/wp\/v2\/tags?post=33502"}],"curies":[{"name":"wp","href":"https:\/\/api.w.org\/{rel}","templated":true}]}}