{"id":33608,"date":"2023-08-03T12:42:20","date_gmt":"2023-08-03T10:42:20","guid":{"rendered":"https:\/\/www.brw.pl\/blog\/?p=33608"},"modified":"2025-04-17T09:39:46","modified_gmt":"2025-04-17T07:39:46","slug":"lamele-w-pokoju-mlodziezowym-inspiracje","status":"publish","type":"post","link":"https:\/\/www.brw.pl\/blog\/lamele-w-pokoju-mlodziezowym-inspiracje\/","title":{"rendered":"Lamele w pokoju nastolatka \u2013 inspiracje"},"content":{"rendered":"<p data-pm-slice=\"1 1 []\"><strong>Urz\u0105dzaj\u0105c pok\u00f3j m\u0142odzie\u017cowy, pozw\u00f3l sobie i dziecku popu\u015bci\u0107 wodze fantazji. M\u0142odzi ludzie nie lubi\u0105 sztampy. Niebanalne wyko\u0144czenie \u015bcian, modne gad\u017cety, wyraziste dodatki na pewno uciesz\u0105 nastolatka. My proponujemy w\u0142\u0105czy\u0107 do aran\u017cacji lamele \u015bcienne. Poznaj nasze pomys\u0142y na wystr\u00f3j wn\u0119trza z lamelami w roli g\u0142\u00f3wnej!<\/strong><\/p>\n<p data-pm-slice=\"1 1 []\"><!--more--><\/p>\n<p><center><\/center><img decoding=\"async\" class=\"aligncenter wp-image-38364 size-medium lazyload\" data-src=\"https:\/\/www.brw.pl\/blog\/wp-content\/uploads\/2025\/01\/lozko-camron-160x200-cm-sosna-aurelio-xlargeb-800x606.jpg\" alt=\"Lamele w pokoju nastolatka \u2013 inspiracje\" width=\"800\" height=\"606\" data-srcset=\"https:\/\/www.brw.pl\/blog\/wp-content\/uploads\/2025\/01\/lozko-camron-160x200-cm-sosna-aurelio-xlargeb-800x606.jpg 800w, https:\/\/www.brw.pl\/blog\/wp-content\/uploads\/2025\/01\/lozko-camron-160x200-cm-sosna-aurelio-xlargeb-768x582.jpg 768w, https:\/\/www.brw.pl\/blog\/wp-content\/uploads\/2025\/01\/lozko-camron-160x200-cm-sosna-aurelio-xlargeb.jpg 1299w\" data-sizes=\"(max-width: 800px) 100vw, 800px\" src=\"data:image\/svg+xml;base64,PHN2ZyB3aWR0aD0iMSIgaGVpZ2h0PSIxIiB4bWxucz0iaHR0cDovL3d3dy53My5vcmcvMjAwMC9zdmciPjwvc3ZnPg==\" style=\"--smush-placeholder-width: 800px; --smush-placeholder-aspect-ratio: 800\/606;\" \/><\/p>\n<p style=\"text-align: center;\"><a href=\"https:\/\/www.brw.pl\/inspiracje\/produkty\/?a=10573,camron\" target=\"_blank\" rel=\"noopener\"><strong>MEBLE Z KOLEKCJI CAMRON<\/strong><\/a><\/p>\n<h2><strong><span data-color=\"rgb(248, 250, 251)\">Lamele w pokoju m\u0142odzie\u017cowym \u2013 aran\u017cacyjny hit ostatnich sezon\u00f3w!<\/span><\/strong><\/h2>\n<p>W artykule:<\/p>\n<ul>\n<li>wyja\u015bnimy, dlaczego warto zdecydowa\u0107 si\u0119 na lamele w pokoju dziecka,<\/li>\n<li>podpowiemy, jak za ich pomoc\u0105 urz\u0105dzi\u0107 funkcjonalne i estetyczne pomieszczenie,<\/li>\n<li>poka\u017cemy inspiruj\u0105ce dzieci\u0119ce aran\u017cacje z lamelami.<\/li>\n<\/ul>\n<p>Lamele \u015bcienne to listwy dekoracyjne wykonywane z p\u0142yty pil\u015bniowej MDF b\u0105d\u017a z p\u0142yty wi\u00f3rowej. Sprawdz\u0105 si\u0119 wsz\u0119dzie &#8211; w salonie, sypialni, pokoju m\u0142odzie\u017cowym, przedpokoju, \u0142azience. Co sprawia, \u017ce s\u0105 tak uniwersalne?<\/p>\n<p>Po pierwsze wyst\u0119puj\u0105 w r\u00f3\u017cnych kolorach, wi\u0119c <strong>bez problemu<\/strong> <strong>dopasujesz je do ulubionego stylu wn\u0119trzarskiego<\/strong>. W lofcie zda egzamin ich czarny wariant, w przestrzeni glamour &#8211; bia\u0142y. Naturalny kolor drewna z pewno\u015bci\u0105 polubi si\u0119 ze skandynawskim i minimalistycznym wystrojem.<\/p>\n<p>Po drugie lamele wykorzystasz na rozmaite sposoby. <strong>Mo\u017cesz przymocowa\u0107 je do \u015bciany, zabezpieczy\u0107 nimi wej\u015bcie na schody albo stworzy\u0107 dzi\u0119ki nim modne przepierzenie.<\/strong> B\u0119d\u0105 \u015bwietnie komponowa\u0107 si\u0119 z takimi materia\u0142ami wyko\u0144czeniowymi jak beton architektoniczny, ceg\u0142a czy marmur.<\/p>\n<p>Po trzecie <strong>lamele \u0142atwo zamontowa\u0107<\/strong>. Do przyci\u0119cia wystarczy uko\u015bnica lub pi\u0142ka r\u0119czna, a do przyklejenia do \u015bciany zwyk\u0142y klej monta\u017cowy. Nie musisz wynajmowa\u0107 fachowca. Spokojnie poradzisz sobie z tym zadaniem samodzielnie.<\/p>\n<p>Co wi\u0119cej, listwy ozdobne tego rodzaju <strong>chroni\u0105 \u015bcian\u0119 przed uszkodzeniami<\/strong>, w przeciwie\u0144stwie do farby, tapety czy fototapety.<\/p>\n<h2><strong>Jak wykorzysta\u0107 lamele w pokoju dla nastolatka?<\/strong><\/h2>\n<p>Jakie <a href=\"https:\/\/www.brw.pl\/meble\/pokoj-mlodziezowy\/\" target=\"_blank\" rel=\"noopener noreferrer\">meble<\/a> i dodatki pasuj\u0105 do dzieci\u0119cego &#8222;azylu&#8221; z lamelami na \u015bcianie? Czytaj dalej!<\/p>\n<h3 style=\"text-align: center;\"><strong>Meble przy \u015bcianie z lamelami<\/strong><\/h3>\n<p>Zastanawiasz si\u0119, ile \u015bcian ozdobi\u0107 lamelami? Bezpiecznym rozwi\u0105zaniem b\u0119dzie tylko jedna z nich. Kiedy nastolatkowi znudz\u0105 si\u0119 listwy dekoracyjne, szybciej je usuniesz. Ponadto zaoszcz\u0119dzisz czas i pieni\u0105dze.<\/p>\n<p>Zale\u017cy Ci na wyeksponowaniu lameli? Przy \u015bcianie, na kt\u00f3rej je zamontowa\u0142e\u015b, ustaw <strong>niskie meble<\/strong>, takie jak na przyk\u0142ad <a href=\"https:\/\/www.brw.pl\/meble\/meble-biurowe\/biurka\/pokoj-mlodziezowy\/\" target=\"_blank\" rel=\"noopener noreferrer\">biurko<\/a>, wygodne krzes\u0142o, <a href=\"https:\/\/www.brw.pl\/meble\/przechowywanie\/komody\/pokoj-mlodziezowy\/\" target=\"_blank\" rel=\"noopener noreferrer\">komoda<\/a>, <a href=\"https:\/\/www.brw.pl\/meble\/lozka\/pokoj-mlodziezowy\/\" target=\"_blank\" rel=\"noopener noreferrer\">\u0142\u00f3\u017cko<\/a>. Aby aran\u017cacja wn\u0119trza by\u0142a bardziej sp\u00f3jna, kolor lameli powinien wsp\u00f3\u0142gra\u0107 z barw\u0105 mebli.<\/p>\n<div style=\"display: flex; flex-wrap: wrap; align-items: center; justify-content: center; text-align: center;\">\n<figure id=\"attachment_20530\" aria-describedby=\"caption-attachment-20530\" style=\"width: 285px\" class=\"wp-caption aligncenter\"><img decoding=\"async\" class=\"wp-image-20530 lazyload\" data-src=\"https:\/\/www.brw.pl\/blog\/wp-content\/uploads\/2022\/09\/biurko-holten.jpg\" alt=\"Biurko Holten\" width=\"285\" height=\"214\" src=\"data:image\/svg+xml;base64,PHN2ZyB3aWR0aD0iMSIgaGVpZ2h0PSIxIiB4bWxucz0iaHR0cDovL3d3dy53My5vcmcvMjAwMC9zdmciPjwvc3ZnPg==\" style=\"--smush-placeholder-width: 285px; --smush-placeholder-aspect-ratio: 285\/214;\" \/><figcaption id=\"caption-attachment-20530\" class=\"wp-caption-text\"><a href=\"https:\/\/www.brw.pl\/biurko-holten,37873\" target=\"_blank\" rel=\"noopener noreferrer\"><span style=\"font-weight: 400;\">Biurko Holten<\/span><\/a><\/figcaption><\/figure>\n<figure id=\"attachment_26002\" aria-describedby=\"caption-attachment-26002\" style=\"width: 285px\" class=\"wp-caption alignnone\"><a href=\"https:\/\/www.brw.pl\/komoda-zele-135-cm-z-2-drzwiami-i-3-szufladami-dab-wotan-bialy-polysk,20234\" target=\"_blank\" rel=\"noopener noreferrer\"><img decoding=\"async\" class=\"wp-image-26002 lazyload\" data-src=\"https:\/\/www.brw.pl\/blog\/wp-content\/uploads\/2022\/08\/komoda-zele.jpg\" alt=\"Komoda Zele\" width=\"285\" height=\"214\" src=\"data:image\/svg+xml;base64,PHN2ZyB3aWR0aD0iMSIgaGVpZ2h0PSIxIiB4bWxucz0iaHR0cDovL3d3dy53My5vcmcvMjAwMC9zdmciPjwvc3ZnPg==\" style=\"--smush-placeholder-width: 285px; --smush-placeholder-aspect-ratio: 285\/214;\" \/><\/a><figcaption id=\"caption-attachment-26002\" class=\"wp-caption-text\"><a href=\"https:\/\/www.brw.pl\/komoda-zele-135-cm-z-2-drzwiami-i-3-szufladami-dab-wotan-bialy-polysk,20234\" target=\"_blank\" rel=\"noopener noreferrer\"><span style=\"font-weight: 400;\">Komoda Zele<\/span><\/a><\/figcaption><\/figure>\n<figure id=\"attachment_20531\" aria-describedby=\"caption-attachment-20531\" style=\"width: 285px\" class=\"wp-caption aligncenter\"><img decoding=\"async\" class=\"wp-image-20531 lazyload\" data-src=\"https:\/\/www.brw.pl\/blog\/wp-content\/uploads\/2023\/03\/lozko-90-luca-juzi-kolor-wybarwienia-modrzew-sibiu-jasny-dab-sonoma-ciemny.jpg\" alt=\"\u0141\u00f3\u017cko Luca Juzi\" width=\"285\" height=\"214\" src=\"data:image\/svg+xml;base64,PHN2ZyB3aWR0aD0iMSIgaGVpZ2h0PSIxIiB4bWxucz0iaHR0cDovL3d3dy53My5vcmcvMjAwMC9zdmciPjwvc3ZnPg==\" style=\"--smush-placeholder-width: 285px; --smush-placeholder-aspect-ratio: 285\/214;\" \/><figcaption id=\"caption-attachment-20531\" class=\"wp-caption-text\"><a href=\"https:\/\/www.brw.pl\/lozko-90-luca-juzi,16735\" target=\"_blank\" rel=\"noopener noreferrer\"><span style=\"font-weight: 400;\">\u0141\u00f3\u017cko Luca Juzi<\/span><\/a><\/figcaption><\/figure>\n<\/div>\n<h3><strong>Dodatki w dzieci\u0119cym pokoju z lamelami<\/strong><\/h3>\n<p>Jakie dekoracje na \u015bcianie z lamelami przypadn\u0105 do gustu Twojemu dziecku? Wbrew pozorom masz przed sob\u0105 wiele mo\u017cliwo\u015bci. W gr\u0119 wchodz\u0105 mi\u0119dzy innymi <a href=\"https:\/\/www.brw.pl\/dekoracje\/zegary\/pokoj-mlodziezowy\/\" target=\"_blank\" rel=\"noopener noreferrer\">zegary<\/a>, <a href=\"https:\/\/www.brw.pl\/dekoracje\/dekoracje-scienne\/obrazy\/pokoj-mlodziezowy\/\" target=\"_blank\" rel=\"noopener noreferrer\">obrazy<\/a>, <a href=\"https:\/\/www.brw.pl\/dekoracje\/dekoracje-scienne\/plakaty\/pokoj-mlodziezowy\/\" target=\"_blank\" rel=\"noopener noreferrer\">plakaty<\/a>, makramy&#8230; We\u017a r\u00f3wnie\u017c pod uwag\u0119 upodobania latoro\u015bli.<\/p>\n<p><center><img decoding=\"async\" class=\"wp-image-39008 aligncenter lazyload\" data-src=\"https:\/\/www.brw.pl\/blog\/wp-content\/uploads\/2023\/08\/makrama-40x50-cm-slargea.jpg\" alt=\"Makrama\" width=\"352\" height=\"265\" data-srcset=\"https:\/\/www.brw.pl\/blog\/wp-content\/uploads\/2023\/08\/makrama-40x50-cm-slargea.jpg 798w, https:\/\/www.brw.pl\/blog\/wp-content\/uploads\/2023\/08\/makrama-40x50-cm-slargea-768x577.jpg 768w\" data-sizes=\"(max-width: 352px) 100vw, 352px\" src=\"data:image\/svg+xml;base64,PHN2ZyB3aWR0aD0iMSIgaGVpZ2h0PSIxIiB4bWxucz0iaHR0cDovL3d3dy53My5vcmcvMjAwMC9zdmciPjwvc3ZnPg==\" style=\"--smush-placeholder-width: 352px; --smush-placeholder-aspect-ratio: 352\/265;\" \/><\/center><\/p>\n<p style=\"text-align: center;\"><strong><a href=\"https:\/\/www.brw.pl\/makrama-40x50-cm,56146\" target=\"_blank\" rel=\"noopener\">MAKRAMA NA \u015aCIAN\u0118<\/a><\/strong><\/p>\n<p>Nad \u0142\u00f3\u017ckiem powie\u015b np. \u0142apacz sn\u00f3w z barwnymi koralikami oraz pi\u00f3rami. &#8222;Magiczny&#8221; amulet pi\u0119knie ozdobi \u015bcian\u0119, a wed\u0142ug india\u0144skich wierze\u0144 odgoni z\u0142e sny, przyci\u0105gaj\u0105c dobre. Ten czarodziejski motyw pobudzi wyobra\u017ani\u0119 Twojej pociechy i sprawi, \u017ce spokojniej u\u015bnie.<\/p>\n<p>Nad toaletk\u0105 dorastaj\u0105cej c\u00f3rki umie\u015b\u0107 <a href=\"https:\/\/www.brw.pl\/dekoracje\/lustra\/pokoj-mlodziezowy\/\" target=\"_blank\" rel=\"noopener noreferrer\">lustro<\/a>. Przyda si\u0119 podczas czesania, wykonywania makija\u017cu i innych czynno\u015bci piel\u0119gnacyjnych. Nastolatki przywi\u0105zuj\u0105 du\u017c\u0105 wag\u0119 do swojego wygl\u0105du. Lustro w pokoju dziewczyny b\u0119dzie strza\u0142em w dziesi\u0105tk\u0119.<\/p>\n<p><center><img decoding=\"async\" class=\"alignnone wp-image-33611 lazyload\" data-src=\"https:\/\/www.brw.pl\/blog\/wp-content\/uploads\/2023\/08\/lustro-scienne-mediuma.jpg\" alt=\"Lustro \u015bcienne okr\u0105g\u0142e\" width=\"352\" height=\"264\" src=\"data:image\/svg+xml;base64,PHN2ZyB3aWR0aD0iMSIgaGVpZ2h0PSIxIiB4bWxucz0iaHR0cDovL3d3dy53My5vcmcvMjAwMC9zdmciPjwvc3ZnPg==\" style=\"--smush-placeholder-width: 352px; --smush-placeholder-aspect-ratio: 352\/264;\" \/><\/center><\/p>\n<p style=\"text-align: center;\"><a href=\"https:\/\/www.brw.pl\/lustro-scienne,20145\" target=\"_blank\" rel=\"noopener noreferrer\"><strong>LUSTRO \u015aCIENNE<\/strong><\/a><\/p>\n<p>Powierzchnia za biurkiem w przestrzeni do nauki b\u0119dzie idealna na tablic\u0119 korkow\u0105, do kt\u00f3rej ucze\u0144 przypnie plan lekcji, zdj\u0119cia z przyjaci\u00f3\u0142mi, kolorowe karteczki przypominaj\u0105ce o terminach klas\u00f3wek i kartk\u00f3wek.<\/p>\n<p><center><img decoding=\"async\" class=\"alignnone wp-image-33235 lazyload\" data-src=\"https:\/\/www.brw.pl\/blog\/wp-content\/uploads\/2023\/06\/tablica-korkowa-mediuma.jpg\" alt=\"Tablica korkowa\" width=\"350\" height=\"263\" src=\"data:image\/svg+xml;base64,PHN2ZyB3aWR0aD0iMSIgaGVpZ2h0PSIxIiB4bWxucz0iaHR0cDovL3d3dy53My5vcmcvMjAwMC9zdmciPjwvc3ZnPg==\" style=\"--smush-placeholder-width: 350px; --smush-placeholder-aspect-ratio: 350\/263;\" \/><\/center><\/p>\n<p style=\"text-align: center;\"><a href=\"https:\/\/www.brw.pl\/tablica-korkowa,47056\" target=\"_blank\" rel=\"noopener noreferrer\"><strong>TABLICA KORKOWA<\/strong><\/a><\/p>\n<p data-pm-slice=\"1 1 []\">Czytaj r\u00f3wnie\u017c: <a href=\"https:\/\/www.brw.pl\/blog\/panele-tapicerowane-w-pokoju-dziecka-inspiracje\/\" target=\"_blank\" rel=\"noopener noreferrer\"><strong>&#8222;Panele tapicerowane w pokoju dziecka \u2013 inspiracje&#8221;<\/strong><\/a>.<\/p>\n<h2><strong>Lamele \u015bcienne <\/strong><span id=\"Lamele_w_pokoju_mlodziezowym_aranzacje\"><strong>\u2013<\/strong><\/span><strong> najpopularniejsze wymiary i materia\u0142y<\/strong><\/h2>\n<p>Panele \u015bcienne lamelowe dost\u0119pne s\u0105 w wielu wymiarach, dzi\u0119ki czemu \u0142atwo dopasujesz je do ka\u017cdego pokoju. Standardowa szeroko\u015b\u0107 listew wynosi 3-4 cm, jednak w sprzeda\u017cy dost\u0119pne s\u0105 r\u00f3wnie\u017c cie\u0144sze, 2-centymetrowe oraz grubsze, 5-centymetrowe warianty. Grubo\u015b\u0107 paneli zazwyczaj mie\u015bci si\u0119 w przedziale 2-4 cm. Je\u015bli chodzi o d\u0142ugo\u015b\u0107, najcz\u0119\u015bciej spotkamy si\u0119 z lamelami d\u0142ugimi na 275 cm. Oczywi\u015bcie zawsze istnieje mo\u017cliwo\u015b\u0107 doci\u0119cia element\u00f3w na wybrany przez nas wymiar.<\/p>\n<p><strong>W\u015br\u00f3d materia\u0142\u00f3w, z kt\u00f3rych wykonuje si\u0119 lamele, kr\u00f3luje MDF wyko\u0144czony drewnopodobn\u0105 oklein\u0105 lub fornirem<\/strong>. Nie bez powodu. Takie panele s\u0105 \u0142atwe w monta\u017cu, maj\u0105 przyst\u0119pn\u0105 cen\u0119, a ponadto dost\u0119pne s\u0105 w wielu stylowych wzorach i kolorach. Szlachetny, ponadczasowy design to z kolei wyr\u00f3\u017cnik litego drewna. Panele lamelowe drewniane charakteryzuje trwa\u0142o\u015b\u0107 i pi\u0119kny rysunek us\u0142ojenia. Tego rodzaju dekoracja mo\u017ce by\u0107 r\u00f3wnie\u017c poddana renowacji, co w odpowiednim czasie zrekompensuje pocz\u0105tkowy wydatek.<\/p>\n<p>Do ciekawych rozwi\u0105za\u0144 nale\u017c\u0105 lamele z PCV, kt\u00f3re charakteryzuj\u0105 si\u0119 lekko\u015bci\u0105 i odporno\u015bci\u0105 na wilgo\u0107. Cho\u0107 projektowane s\u0105 z my\u015bl\u0105 o pomieszczeniach takich \u0142azienka czy kuchnia, w nowoczesnym pokoju dzieci\u0119cym b\u0119d\u0105 oryginalnym akcentem. W pokoju nastolatka \u0107wicz\u0105cego gr\u0119 na instrumencie \u015bwietnie sprawdz\u0105 si\u0119 lamele montowane na panelach filcowych \u2013 maj\u0105 w\u0142a\u015bciwo\u015bci wyg\u0142uszaj\u0105ce.<\/p>\n<h2><strong><span data-color=\"rgb(248, 250, 251)\">Lamele w pokoju m\u0142odzie\u017cowym \u2013 aran\u017cacje<\/span><\/strong><\/h2>\n<p>Przygotowali\u015bmy dla Ciebie dwie aran\u017cacje m\u0142odzie\u017cowego pokoju z lamelami. Kt\u00f3ra z nich bardziej Ci si\u0119 podoba?<\/p>\n<h3 style=\"text-align: center;\"><strong>Pok\u00f3j dziecka z lamelami zamontowanymi poziomo<\/strong><\/h3>\n<p><center><img decoding=\"async\" class=\"alignnone size-medium wp-image-30796 lazyload\" data-src=\"https:\/\/www.brw.pl\/blog\/wp-content\/uploads\/2023\/03\/ronse-www-800x450.jpg\" alt=\"\" width=\"800\" height=\"450\" data-srcset=\"https:\/\/www.brw.pl\/blog\/wp-content\/uploads\/2023\/03\/ronse-www-800x450.jpg 800w, https:\/\/www.brw.pl\/blog\/wp-content\/uploads\/2023\/03\/ronse-www-768x432.jpg 768w, https:\/\/www.brw.pl\/blog\/wp-content\/uploads\/2023\/03\/ronse-www-1536x864.jpg 1536w, https:\/\/www.brw.pl\/blog\/wp-content\/uploads\/2023\/03\/ronse-www.jpg 1919w\" data-sizes=\"(max-width: 800px) 100vw, 800px\" src=\"data:image\/svg+xml;base64,PHN2ZyB3aWR0aD0iMSIgaGVpZ2h0PSIxIiB4bWxucz0iaHR0cDovL3d3dy53My5vcmcvMjAwMC9zdmciPjwvc3ZnPg==\" style=\"--smush-placeholder-width: 800px; --smush-placeholder-aspect-ratio: 800\/450;\" \/><\/center><\/p>\n<p style=\"text-align: center;\"><a href=\"https:\/\/www.brw.pl\/kolekcja-ronse,566\" target=\"_blank\" rel=\"noopener noreferrer\"><strong>KOLEKCJA MEBLI RONSE<\/strong><\/a><\/p>\n<p>W pomieszczeniu znajduj\u0105 si\u0119 meble z kolekcji Ronse. Ich wizyt\u00f3wk\u0105 s\u0105 prostota i funkcjonalno\u015b\u0107, dlatego wspaniale dope\u0142niaj\u0105 nowoczesn\u0105 przestrze\u0144. Fronty oraz korpusy o wybarwieniu <em>d\u0105b San Remo<\/em> \u0142adnie komponuj\u0105 si\u0119 z wn\u0119trzami p\u00f3\u0142ek w odcieniu <em>szarego wolframu<\/em>. Wyra\u017any rysunek us\u0142ojenia dodaje bry\u0142om szlachetno\u015bci.<\/p>\n<p>Jedn\u0105 \u015bcian\u0119 pokrywaj\u0105 b\u0142\u0119kitne lamele w uk\u0142adzie poziomym. <strong>O\u017cywiaj\u0105 wystr\u00f3j i sprawiaj\u0105, \u017ce pok\u00f3j wydaje si\u0119 szerszy, bardziej przestronny.<\/strong> Lamele wsp\u00f3\u0142graj\u0105 kolorystycznie z dywanem w geometryczne wzory, co czyni aran\u017cacj\u0119 sp\u00f3jniejsz\u0105. Pastelowe kolory w ch\u0142odnej ods\u0142onie sprzyjaj\u0105 koncentracji i uspokajaj\u0105.<\/p>\n<p>Nie chcieli\u015bmy zas\u0142ania\u0107 lameli wysokimi meblami, wi\u0119c ustawili\u015bmy przy nich <a href=\"https:\/\/www.brw.pl\/lozko-90-ronse,42062\" target=\"_blank\" rel=\"noopener noreferrer\"><strong>\u0142\u00f3\u017cko<\/strong><\/a> oraz <a href=\"https:\/\/www.brw.pl\/komoda-ronse,42061\" target=\"_blank\" rel=\"noopener noreferrer\"><strong>komod\u0119<\/strong><\/a>. Lamele wyznaczaj\u0105 zatem stref\u0119 snu. Wy\u017csze meble stoj\u0105 w cz\u0119\u015bci przeznaczonej do nauki. W ten spos\u00f3b zaaran\u017cowali\u015bmy przestrze\u0144 dostosowan\u0105 do potrzeb dorastaj\u0105cego cz\u0142owieka.<\/p>\n<p><strong>Produkty widoczne na zdj\u0119ciu czekaj\u0105 na Ciebie <\/strong><a href=\"https:\/\/www.brw.pl\/inspiracje\/produkty\/?a=7993,ronse\" target=\"_blank\" rel=\"noopener noreferrer\"><strong>TUTAJ<\/strong><\/a><strong>.<\/strong><\/p>\n<h3 style=\"text-align: center;\"><strong>Lamele u\u0142o\u017cone pionowo w pokoju nastolatka<\/strong><\/h3>\n<p><center><img decoding=\"async\" class=\"alignnone size-medium wp-image-7530 lazyload\" data-src=\"https:\/\/www.brw.pl\/blog\/wp-content\/uploads\/2019\/10\/1136x572_MALCOLM_TARBES-800x403.jpg\" alt=\"\" width=\"800\" height=\"403\" data-srcset=\"https:\/\/www.brw.pl\/blog\/wp-content\/uploads\/2019\/10\/1136x572_MALCOLM_TARBES-800x403.jpg 800w, https:\/\/www.brw.pl\/blog\/wp-content\/uploads\/2019\/10\/1136x572_MALCOLM_TARBES-768x387.jpg 768w, https:\/\/www.brw.pl\/blog\/wp-content\/uploads\/2019\/10\/1136x572_MALCOLM_TARBES.jpg 1136w\" data-sizes=\"(max-width: 800px) 100vw, 800px\" src=\"data:image\/svg+xml;base64,PHN2ZyB3aWR0aD0iMSIgaGVpZ2h0PSIxIiB4bWxucz0iaHR0cDovL3d3dy53My5vcmcvMjAwMC9zdmciPjwvc3ZnPg==\" style=\"--smush-placeholder-width: 800px; --smush-placeholder-aspect-ratio: 800\/403;\" \/><\/center><\/p>\n<p style=\"text-align: center;\"><a href=\"https:\/\/www.brw.pl\/kolekcja-malcolm,267\" target=\"_blank\" rel=\"noopener noreferrer\"><strong>KOLEKCJA MEBLI MALCOLM<\/strong><\/a><\/p>\n<p>Sp\u00f3jrz na wn\u0119trze wyposa\u017cone w meble z kolekcji Malcolm. To przestrze\u0144 ma\u0142ego odkrywcy. Na frontach mo\u017cna dostrzec niewyra\u017ane stemple z tajemniczego kraju, kt\u00f3re zach\u0119caj\u0105 do fantazjowania. Przebarwienia, rysy, p\u0119kni\u0119cia sugeruj\u0105, \u017ce meble przeby\u0142y d\u0142ug\u0105 drog\u0119, zanim dotar\u0142y do nowego w\u0142a\u015bciciela. Zwr\u00f3\u0107 uwag\u0119 na metalowe uchwyty w kszta\u0142cie ko\u0142atki, kt\u00f3ra w czasach \u015bredniowiecznych zdobi\u0142a drzwi wej\u015bciowe, poniewa\u017c wierzono, \u017ce strze\u017ce dom przed z\u0142ymi duchami. To meble z dusz\u0105, kt\u00f3re kryj\u0105 w sobie ciekaw\u0105 opowie\u015b\u0107. Pozw\u00f3l dziecku jej wys\u0142ucha\u0107 i pomarzy\u0107 o dalekich podr\u00f3\u017cach.<\/p>\n<p>Tym razem lamele zamontowali\u015bmy w strefie nauki, tu\u017c za <a href=\"https:\/\/www.brw.pl\/biurko-malcolm,10425\" target=\"_blank\" rel=\"noopener noreferrer\"><strong>biurkiem<\/strong><\/a>, <a href=\"https:\/\/www.brw.pl\/szafa-malcolm,10430\" target=\"_blank\" rel=\"noopener noreferrer\"><strong>szaf\u0105<\/strong><\/a>, <a href=\"https:\/\/www.brw.pl\/szafka-wiszaca-malcolm,10429\" target=\"_blank\" rel=\"noopener noreferrer\"><strong>szafk\u0105 wisz\u0105c\u0105<\/strong><\/a> i <a href=\"https:\/\/www.brw.pl\/regal-malcolm,10428\" target=\"_blank\" rel=\"noopener noreferrer\"><strong>rega\u0142em<\/strong><\/a>. <strong>S\u0105 ustawione pionowo, dzi\u0119ki czemu pok\u00f3j robi wra\u017cenie wy\u017cszego.<\/strong> Mog\u0105 by\u0107 przes\u0142oni\u0119te, bo jako bia\u0142y element dekoracyjny nie wprowadzaj\u0105 wyrazistego koloru. Co wi\u0119cej, stanowi\u0105 jakby przed\u0142u\u017cenie pod\u0142ogi z bielonych desek. W ten spos\u00f3b wystr\u00f3j jest bardziej harmonijny. Jednak nadmiar pas\u00f3w m\u00f3g\u0142by m\u0119czy\u0107 oko, dlatego przy \u015bcianie z lamelami stoj\u0105 wysokie meble, a posadzk\u0119 cz\u0119\u015bciowo zas\u0142ania puchaty dywan typu shaggy. Dywan nie tylko zapewni mi\u0119kkie, ciep\u0142e podparcie stopom, lecz tak\u017ce odegra rol\u0119 dodatkowego siedziska, gdy Twoj\u0105 pociech\u0119 odwiedz\u0105 znajomi ze szko\u0142y.<\/p>\n<p>Aby pomieszczenie nie sta\u0142o si\u0119 zbyt monotonne kolorystycznie, o\u017cywiaj\u0105 je soczy\u015bcie zielone akcenty. Zdecydowali\u015bmy si\u0119 na puf, poduszk\u0119 ozdobn\u0105 i \u015bcian\u0119 pomalowan\u0105 farb\u0105 w tym odcieniu. Przys\u0142owiow\u0105 kropk\u0105 nad i jest wazon z bukietem \u017c\u00f3\u0142tych kwiat\u00f3w otoczonych butelkowozielonymi li\u015b\u0107mi.<\/p>\n<p><strong>Produkty widoczne na zdj\u0119ciu czekaj\u0105 na Ciebie <\/strong><a href=\"https:\/\/www.brw.pl\/inspiracje\/produkty\/?a=5572,malcolm\" target=\"_blank\" rel=\"noopener noreferrer\"><strong>TUTAJ<\/strong><\/a><strong>.<\/strong><\/p>\n<p><strong>Biurko Malcolm<\/strong> obejrzysz dok\u0142adniej na filmie dost\u0119pnym na <a href=\"https:\/\/www.youtube.com\/@brwmeble\" target=\"_blank\" rel=\"noopener noreferrer\"><strong>kanale BRW<\/strong><\/a> w serwisie YouTube:<\/p>\n<div class=\"videoWrapper\"><iframe title=\"Biurko Malcolm\" data-src=\"https:\/\/www.youtube.com\/embed\/HGvXFleywFY\" frameborder=\"0\" allowfullscreen=\"allowfullscreen\" src=\"data:image\/svg+xml;base64,PHN2ZyB3aWR0aD0iMSIgaGVpZ2h0PSIxIiB4bWxucz0iaHR0cDovL3d3dy53My5vcmcvMjAwMC9zdmciPjwvc3ZnPg==\" data-load-mode=\"1\"><span data-mce-type=\"bookmark\" style=\"display: inline-block; width: 0px; overflow: hidden; line-height: 0;\" class=\"mce_SELRES_start lazyload\">\ufeff<\/span><\/iframe><\/div>\n<p>&nbsp;<\/p>\n<p>Po wi\u0119cej inspiracji zapraszamy do <a href=\"https:\/\/www.brw.pl\/\" target=\"_blank\" rel=\"noopener noreferrer\"><strong><u>sklepu internetowego Black Red White<\/u><\/strong><\/a><strong>!<\/strong><\/p>\n","protected":false},"excerpt":{"rendered":"<p>Urz\u0105dzaj\u0105c pok\u00f3j m\u0142odzie\u017cowy, pozw\u00f3l sobie i dziecku popu\u015bci\u0107 wodze fantazji. M\u0142odzi ludzie nie lubi\u0105 sztampy. Niebanalne wyko\u0144czenie \u015bcian, modne gad\u017cety, wyraziste dodatki na pewno uciesz\u0105 nastolatka. My proponujemy w\u0142\u0105czy\u0107 do aran\u017cacji lamele \u015bcienne. Poznaj nasze pomys\u0142y na wystr\u00f3j wn\u0119trza z lamelami w roli g\u0142\u00f3wnej!<\/p>\n","protected":false},"author":29,"featured_media":38364,"comment_status":"closed","ping_status":"open","sticky":false,"template":"","format":"standard","meta":{"footnotes":""},"categories":[39,9],"tags":[],"aioseo_notices":[],"_links":{"self":[{"href":"https:\/\/www.brw.pl\/blog\/wp-json\/wp\/v2\/posts\/33608"}],"collection":[{"href":"https:\/\/www.brw.pl\/blog\/wp-json\/wp\/v2\/posts"}],"about":[{"href":"https:\/\/www.brw.pl\/blog\/wp-json\/wp\/v2\/types\/post"}],"author":[{"embeddable":true,"href":"https:\/\/www.brw.pl\/blog\/wp-json\/wp\/v2\/users\/29"}],"replies":[{"embeddable":true,"href":"https:\/\/www.brw.pl\/blog\/wp-json\/wp\/v2\/comments?post=33608"}],"version-history":[{"count":7,"href":"https:\/\/www.brw.pl\/blog\/wp-json\/wp\/v2\/posts\/33608\/revisions"}],"predecessor-version":[{"id":39010,"href":"https:\/\/www.brw.pl\/blog\/wp-json\/wp\/v2\/posts\/33608\/revisions\/39010"}],"wp:featuredmedia":[{"embeddable":true,"href":"https:\/\/www.brw.pl\/blog\/wp-json\/wp\/v2\/media\/38364"}],"wp:attachment":[{"href":"https:\/\/www.brw.pl\/blog\/wp-json\/wp\/v2\/media?parent=33608"}],"wp:term":[{"taxonomy":"category","embeddable":true,"href":"https:\/\/www.brw.pl\/blog\/wp-json\/wp\/v2\/categories?post=33608"},{"taxonomy":"post_tag","embeddable":true,"href":"https:\/\/www.brw.pl\/blog\/wp-json\/wp\/v2\/tags?post=33608"}],"curies":[{"name":"wp","href":"https:\/\/api.w.org\/{rel}","templated":true}]}}