{"id":33669,"date":"2023-08-10T15:02:44","date_gmt":"2023-08-10T13:02:44","guid":{"rendered":"https:\/\/www.brw.pl\/blog\/?p=33669"},"modified":"2023-08-10T15:02:44","modified_gmt":"2023-08-10T13:02:44","slug":"przedsionek-w-domu-aranzacje-malej-funkcjonalnej-przestrzeni","status":"publish","type":"post","link":"https:\/\/www.brw.pl\/blog\/przedsionek-w-domu-aranzacje-malej-funkcjonalnej-przestrzeni\/","title":{"rendered":"Przedsionek w domu &#8211; aran\u017cacje ma\u0142ej, funkcjonalnej przestrzeni"},"content":{"rendered":"<p data-pm-slice=\"1 1 []\"><strong>Wydzielony przedsionek ma wiele zalet, o kt\u00f3rych opowiemy w dzisiejszym artykule. Przedpok\u00f3j to wizyt\u00f3wka domu. Jest pierwszym pomieszczeniem, kt\u00f3ry widz\u0105 domownicy oraz ich go\u015bcie. Dlatego warto urz\u0105dzi\u0107 go z pomys\u0142em, funkcjonalnie i estetycznie.<\/strong><\/p>\n<p data-pm-slice=\"1 1 []\"><!--more--><\/p>\n<p><center><img decoding=\"async\" class=\"alignnone size-medium wp-image-27848 lazyload\" data-src=\"https:\/\/www.brw.pl\/blog\/wp-content\/uploads\/2022\/10\/alameda_przedpokoj-800x587.jpg\" alt=\"Alameda - aran\u017cacja przedpokoju\" width=\"800\" height=\"587\" data-srcset=\"https:\/\/www.brw.pl\/blog\/wp-content\/uploads\/2022\/10\/alameda_przedpokoj-800x587.jpg 800w, https:\/\/www.brw.pl\/blog\/wp-content\/uploads\/2022\/10\/alameda_przedpokoj-768x563.jpg 768w, https:\/\/www.brw.pl\/blog\/wp-content\/uploads\/2022\/10\/alameda_przedpokoj.jpg 1472w\" data-sizes=\"(max-width: 800px) 100vw, 800px\" src=\"data:image\/svg+xml;base64,PHN2ZyB3aWR0aD0iMSIgaGVpZ2h0PSIxIiB4bWxucz0iaHR0cDovL3d3dy53My5vcmcvMjAwMC9zdmciPjwvc3ZnPg==\" style=\"--smush-placeholder-width: 800px; --smush-placeholder-aspect-ratio: 800\/587;\" \/><\/center><\/p>\n<p style=\"text-align: center;\" data-pm-slice=\"1 1 []\"><a href=\"https:\/\/www.brw.pl\/kolekcja-alameda,516\" target=\"_blank\" rel=\"noopener noreferrer\"><strong>KOLEKCJA MEBLI ALAMEDA<\/strong><\/a><\/p>\n<h2><strong><span data-color=\"rgb(248, 250, 251)\">Przedsionek w domu \u2013 niedoceniany, ale przydatny!<\/span><\/strong><\/h2>\n<p>W naszym artykule:<\/p>\n<ul>\n<li>wyja\u015bnimy, dlaczego przedsionek jest istotnym elementem mieszkania,<\/li>\n<li>podpowiemy, jakie meble i dodatki przydadz\u0105 Ci si\u0119 w sieni,<\/li>\n<li>poka\u017cemy inspiruj\u0105ce aran\u017cacje przedpokoju.<\/li>\n<\/ul>\n<p>Przedsionek nazywa si\u0119 r\u00f3wnie\u017c przedpokojem, korytarzem, holem, sieni\u0105 czy wiatro\u0142apem w zale\u017cno\u015bci od formy, jak\u0105 przyjmuje. Odgrywa bardzo wa\u017cn\u0105 rol\u0119 w domu. Co sprawia, \u017ce tak trudno obej\u015b\u0107 si\u0119 bez niego?<\/p>\n<p>Jako wiatro\u0142ap odseparowany od reszty mieszkania drzwiami dba o to, by ch\u0142odne powietrze nie przedosta\u0142o si\u0119 dalej. Takie rozwi\u0105zanie jest wyj\u0105tkowo ekonomiczne, poniewa\u017c <strong>zmniejsza straty ciep\u0142a, a co za tym idzie op\u0142aty za ogrzewanie<\/strong>.<\/p>\n<p>Kolejnym atutem przedpokoju jest mo\u017cliwo\u015b\u0107 przechowania w nim odzie\u017cy wierzchniej i but\u00f3w oraz przebrania si\u0119 w domowy str\u00f3j. Dzi\u0119ki temu <strong>nie nanosisz brudu do pozosta\u0142ych pomieszcze\u0144<\/strong>, zatem \u0142atwiej utrzyma\u0107 w nich porz\u0105dek.<\/p>\n<p>Sie\u0144 <strong>zapewnia tak\u017ce wi\u0119cej prywatno\u015bci<\/strong>. Je\u015bli nie masz ochoty pokazywa\u0107 obcym ludziom &#8211; listonoszowi, kurierowi, dostawcy jedzenia lub ankieterowi &#8211; dalszej cz\u0119\u015bci domu, nawet ma\u0142y wiatro\u0142ap przyjdzie Ci z pomoc\u0105. Docenisz go zw\u0142aszcza w sytuacji, gdy nie zd\u0105\u017cysz wcze\u015bniej posprz\u0105ta\u0107. Widok dzieci\u0119cych zabawek na pod\u0142odze, ubra\u0144 niedbale rzuconych na fotel czy brudnych naczy\u0144 na stole by\u0142by dla Ciebie kr\u0119puj\u0105cy.<\/p>\n<p>Jak widzisz, posiadanie przedpokoju ma wiele plus\u00f3w. Nie traktuj go zatem po macoszemu, tylko zatroszcz si\u0119 o jego wygl\u0105d. W jaki spos\u00f3b zaaran\u017cowa\u0107 przedsionek? Czytaj dalej!<\/p>\n<h2><strong><span data-color=\"rgb(248, 250, 251)\">Jak urz\u0105dzi\u0107 przedsionek w domu?<\/span><\/strong><\/h2>\n<p>Najcz\u0119\u015bciej przedpok\u00f3j ma skromny metra\u017c. To wi\u0105\u017ce si\u0119 z pewnymi ograniczeniami w zakresie jego wystroju. Na pewno zrezygnuj z ciemnej kolorystyki, kt\u00f3ra optycznie zmniejszy wn\u0119trze, podobnie jak zbyt du\u017ce i nieustawne meble. Sprawdz\u0105 si\u0119 <strong>stonowane, jasne kolory takie jak z\u0142amane biele, delikatne szaro\u015bci, be\u017ce<\/strong>. Zale\u017cy Ci na dodaniu nieco bardziej wyrazistej barwy? Warto postawi\u0107 na pastelowe odcienie b\u0142\u0119kitu, r\u00f3\u017cu b\u0105d\u017a zieleni. Posiadasz klasyczny zamykany wiatro\u0142ap? Je\u017celi chcesz otworzy\u0107 przestrze\u0144, zainwestuj w przeszklone drzwi, kt\u00f3re wpuszcz\u0105 wi\u0119cej \u015bwiat\u0142a.<\/p>\n<p><strong>Co do wyko\u0144czenia przedsionka, dostosuj je do estetyki, zgodnie z kt\u00f3r\u0105 urz\u0105dzi\u0142e\u015b dom.<\/strong> Styl nowoczesny &#8222;polubi si\u0119&#8221; ze \u015bcianami pomalowanymi popielat\u0105, tudzie\u017c bia\u0142\u0105 farb\u0105, oraz pod\u0142og\u0105 z kafelkami w ch\u0142odnym odcieniu. P\u0142ytki z marmuru lub imituj\u0105ce go oddadz\u0105 ducha glamour. Beton architektoniczny b\u0119dzie uk\u0142onem w stron\u0119 loftowych stylizacji. Drewniane lamele odnajd\u0105 si\u0119 w skandynawskiej aran\u017cacji.<\/p>\n<h3 style=\"text-align: center;\"><strong>Meble do przedpokoju<\/strong><\/h3>\n<p>Jakie <a href=\"https:\/\/www.brw.pl\/meble\/przedpokoj\/\" target=\"_blank\" rel=\"noopener noreferrer\">meble<\/a> pasuj\u0105 do holu? Wyznacznikiem jest uk\u0142ad pomieszczenia. Rozwa\u017c zainwestowanie w <strong>meble modu\u0142owe b\u0105d\u017a na wymiar<\/strong>, kt\u00f3re u\u0142atwi\u0105 wyposa\u017cenie nietypowego przedsionka. Pomog\u0105 tak\u017ce przy urz\u0105dzaniu wn\u0119trza o ma\u0142ym metra\u017cu, gdzie liczy si\u0119 ka\u017cdy centymetr wolnej przestrzeni.<\/p>\n<p>Doskona\u0142ym pomys\u0142em b\u0119dzie <a href=\"https:\/\/www.brw.pl\/meble\/szafy\/szafy-przesuwne\/\" target=\"_blank\" rel=\"noopener noreferrer\"><strong>przesuwna szafa<\/strong><\/a>, kt\u00f3ra r\u00f3wnie\u017c pozwoli zaoszcz\u0119dzi\u0107 miejsce. Przechowasz w niej sezonowe ubrania, kurtki, obuwie, dodatki.<\/p>\n<p><center><img decoding=\"async\" class=\"alignnone size-full wp-image-33670 lazyload\" data-src=\"https:\/\/www.brw.pl\/blog\/wp-content\/uploads\/2023\/08\/szafa-150-flex-kolor-korpusow-bialy-kolor-frontow-bialy-dab-wotan-mediuma.jpg\" alt=\"Szafa Flex bia\u0142a\/ d\u0105b wotan - aran\u017cacja\" width=\"593\" height=\"445\" src=\"data:image\/svg+xml;base64,PHN2ZyB3aWR0aD0iMSIgaGVpZ2h0PSIxIiB4bWxucz0iaHR0cDovL3d3dy53My5vcmcvMjAwMC9zdmciPjwvc3ZnPg==\" style=\"--smush-placeholder-width: 593px; --smush-placeholder-aspect-ratio: 593\/445;\" \/><\/center><\/p>\n<p style=\"text-align: center;\"><a href=\"https:\/\/www.brw.pl\/szafa-150-flex,34466\" target=\"_blank\" rel=\"noopener noreferrer\"><strong>SZAFA FLEX<\/strong><\/a><\/p>\n<p><strong>Szafy Flex<\/strong> obejrzysz dok\u0142adniej na filmie dost\u0119pnym na <a href=\"https:\/\/www.youtube.com\/@brwmeble\" target=\"_blank\" rel=\"noopener noreferrer\"><strong>kanale BRW<\/strong><\/a> w serwisie YouTube:<\/p>\n<div class=\"videoWrapper\"><iframe title=\"Szafy Flex\" data-src=\"https:\/\/www.youtube.com\/embed\/E-SEgqIgjrg\" frameborder=\"0\" allowfullscreen=\"allowfullscreen\" src=\"data:image\/svg+xml;base64,PHN2ZyB3aWR0aD0iMSIgaGVpZ2h0PSIxIiB4bWxucz0iaHR0cDovL3d3dy53My5vcmcvMjAwMC9zdmciPjwvc3ZnPg==\" data-load-mode=\"1\"><span data-mce-type=\"bookmark\" style=\"display: inline-block; width: 0px; overflow: hidden; line-height: 0;\" class=\"mce_SELRES_start lazyload\">\ufeff<\/span><\/iframe><\/div>\n<p>&nbsp;<\/p>\n<p>Zastan\u00f3w si\u0119 te\u017c nad kompaktow\u0105 <a href=\"https:\/\/www.brw.pl\/meble\/przechowywanie\/komody\/przedpokoj\/\" target=\"_blank\" rel=\"noopener noreferrer\"><strong>komod\u0105<\/strong><\/a>, w kt\u00f3rej ukryjesz szaliki, czapki, r\u0119kawiczki, szale, klucze do domu, kluczyki do samochodu, dokumenty.<\/p>\n<p><center><img decoding=\"async\" class=\"alignnone size-full wp-image-33671 lazyload\" data-src=\"https:\/\/www.brw.pl\/blog\/wp-content\/uploads\/2023\/08\/komoda-kaspian-kolor-wybarwienia-dab-sonoma-mediumb.jpg\" alt=\"Komoda Kaspian - aran\u017cacja\" width=\"380\" height=\"500\" src=\"data:image\/svg+xml;base64,PHN2ZyB3aWR0aD0iMSIgaGVpZ2h0PSIxIiB4bWxucz0iaHR0cDovL3d3dy53My5vcmcvMjAwMC9zdmciPjwvc3ZnPg==\" style=\"--smush-placeholder-width: 380px; --smush-placeholder-aspect-ratio: 380\/500;\" \/><\/center><\/p>\n<p style=\"text-align: center;\"><a href=\"https:\/\/www.brw.pl\/komoda-kaspian,1160\" target=\"_blank\" rel=\"noopener noreferrer\"><strong>KOMODA KASPIAN<\/strong><\/a><\/p>\n<p>W Twojej szafie nie mieszcz\u0105 si\u0119 buty? Zaopatrz si\u0119 w specjaln\u0105 <a href=\"https:\/\/www.brw.pl\/meble\/przechowywanie\/szafki\/szafki-na-buty\/\" target=\"_blank\" rel=\"noopener noreferrer\"><strong>szafk\u0119 na obuwie<\/strong><\/a>! Na rynku s\u0105 dost\u0119pne modele z siedziskiem, dzi\u0119ki kt\u00f3remu wygodnie za\u0142o\u017cysz kalosze, sneakersy, botki, mokasyny czy sanda\u0142y.<\/p>\n<p><center><img decoding=\"async\" class=\"alignnone size-full wp-image-26747 lazyload\" data-src=\"https:\/\/www.brw.pl\/blog\/wp-content\/uploads\/2022\/09\/dallas-przedpokoj.jpg\" alt=\"Przedpok\u00f3j z kolekcj\u0105 Dallas\" width=\"728\" height=\"483\" src=\"data:image\/svg+xml;base64,PHN2ZyB3aWR0aD0iMSIgaGVpZ2h0PSIxIiB4bWxucz0iaHR0cDovL3d3dy53My5vcmcvMjAwMC9zdmciPjwvc3ZnPg==\" style=\"--smush-placeholder-width: 728px; --smush-placeholder-aspect-ratio: 728\/483;\" \/><\/center><\/p>\n<p style=\"text-align: center;\"><a href=\"https:\/\/www.brw.pl\/szafka-na-buty-dallas,44784\" target=\"_blank\" rel=\"noopener noreferrer\"><strong>SZAFKA NA BUTY DALLAS<\/strong><\/a><\/p>\n<p>Szafka, kt\u00f3r\u0105 wybra\u0142e\u015b, nie posiada siedziska? Poszukaj niewielkiego <a href=\"https:\/\/www.brw.pl\/meble\/meble-wypoczynkowe\/pufy\/\" target=\"_blank\" rel=\"noopener noreferrer\"><strong>pufa<\/strong><\/a>, kt\u00f3ry z powodzeniem je zast\u0105pi. Pufy s\u0105 wyj\u0105tkowo uniwersalne, poniewa\u017c przydaj\u0105 si\u0119 w ka\u017cdym pokoju. Co wi\u0119cej, ze wzgl\u0119du na ma\u0142e gabaryty, bez problemu przetransportujesz je tam, gdzie zechcesz.<\/p>\n<div style=\"display: flex; flex-wrap: wrap; align-items: center; justify-content: center; text-align: center;\">\n<figure id=\"attachment_20530\" aria-describedby=\"caption-attachment-20530\" style=\"width: 285px\" class=\"wp-caption aligncenter\"><img decoding=\"async\" class=\"wp-image-20530 lazyload\" data-src=\"https:\/\/www.brw.pl\/blog\/wp-content\/uploads\/2023\/08\/puf-z-pojemnikiem-sira-tkanina-bluvel-40-beige-mediumb.jpg\" alt=\"Puf z pojemnikiem Sira\" width=\"285\" height=\"214\" src=\"data:image\/svg+xml;base64,PHN2ZyB3aWR0aD0iMSIgaGVpZ2h0PSIxIiB4bWxucz0iaHR0cDovL3d3dy53My5vcmcvMjAwMC9zdmciPjwvc3ZnPg==\" style=\"--smush-placeholder-width: 285px; --smush-placeholder-aspect-ratio: 285\/214;\" \/><figcaption id=\"caption-attachment-20530\" class=\"wp-caption-text\"><a href=\"https:\/\/www.brw.pl\/puf-sira-ze-schowkiem-welurowy-bezowy,56904\" target=\"_blank\" rel=\"noopener noreferrer\"><span style=\"font-weight: 400;\">Puf z pojemnikiem Sira<\/span><\/a><\/figcaption><\/figure>\n<figure id=\"attachment_20531\" aria-describedby=\"caption-attachment-20531\" style=\"width: 285px\" class=\"wp-caption aligncenter\"><img decoding=\"async\" class=\"wp-image-20531 lazyload\" data-src=\"https:\/\/www.brw.pl\/blog\/wp-content\/uploads\/2023\/08\/puf-milo-tkanina-aphrodite-13-green-mediumb.jpg\" alt=\"Puf Milo\" width=\"285\" height=\"214\" src=\"data:image\/svg+xml;base64,PHN2ZyB3aWR0aD0iMSIgaGVpZ2h0PSIxIiB4bWxucz0iaHR0cDovL3d3dy53My5vcmcvMjAwMC9zdmciPjwvc3ZnPg==\" style=\"--smush-placeholder-width: 285px; --smush-placeholder-aspect-ratio: 285\/214;\" \/><figcaption id=\"caption-attachment-20531\" class=\"wp-caption-text\"><a href=\"https:\/\/www.brw.pl\/puf-milo,56883\" target=\"_blank\" rel=\"noopener noreferrer\"><span style=\"font-weight: 400;\">Puf Milo<\/span><\/a><\/figcaption><\/figure>\n<\/div>\n<h3 style=\"text-align: center;\"><strong>O\u015bwietlenie sufitowe, lampy wisz\u0105ce czy kinkiety?<\/strong><\/h3>\n<p>Jakie <a href=\"https:\/\/www.brw.pl\/oswietlenie\/przedpokoj\/\" target=\"_blank\" rel=\"noopener noreferrer\">o\u015bwietlenie<\/a> spisze si\u0119 w przedpokoju? W przypadku holu o imponuj\u0105cym rozmiarze mo\u017cesz sobie pozwoli\u0107 na okaza\u0142\u0105 <a href=\"https:\/\/www.brw.pl\/oswietlenie\/oswietlenie-wewnetrzne\/lampy-wiszace\/przedpokoj\/\" target=\"_blank\" rel=\"noopener noreferrer\">lamp\u0119 wisz\u0105c\u0105<\/a> lub <a href=\"https:\/\/www.brw.pl\/oswietlenie\/oswietlenie-wewnetrzne\/zyrandole\/przedpokoj\/\" target=\"_blank\" rel=\"noopener noreferrer\"><strong>\u017cyrandol<\/strong><\/a>. W niewielkim przedsionku lepiej postawi\u0107 na o\u015bwietlenie sufitowe. Dobrym rozwi\u0105zaniem b\u0119d\u0105 <a href=\"https:\/\/www.brw.pl\/oswietlenie\/oswietlenie-wewnetrzne\/reflektory-i-spoty\/przedpokoj\/\" target=\"_blank\" rel=\"noopener noreferrer\"><strong>reflektory, spoty<\/strong><\/a><strong>, <\/strong><a href=\"https:\/\/www.brw.pl\/oswietlenie\/oswietlenie-wewnetrzne\/plafony\/przedpokoj\/\" target=\"_blank\" rel=\"noopener noreferrer\"><strong>plafony<\/strong><\/a><strong>, <\/strong><a href=\"https:\/\/www.brw.pl\/oswietlenie\/oswietlenie-wewnetrzne\/lampy-wpuszczane-w-sufit\/przedpokoj\/\" target=\"_blank\" rel=\"noopener noreferrer\"><strong>lampy wpuszczane w sufit<\/strong><\/a><strong>, <\/strong><a href=\"https:\/\/www.brw.pl\/oswietlenie\/oswietlenie-wewnetrzne\/oswietlenie-szynowe\/\" target=\"_blank\" rel=\"noopener noreferrer\"><strong>szyny o\u015bwietleniowe<\/strong><\/a>. Lubisz <a href=\"https:\/\/www.brw.pl\/oswietlenie\/oswietlenie-wewnetrzne\/kinkiety\/przedpokoj\/\" target=\"_blank\" rel=\"noopener noreferrer\">kinkiety<\/a>? Taka lampa \u015bwietnie sprawdzi si\u0119, gdy zamontujesz j\u0105 na \u015bcianie przy lustrze &#8211; dok\u0142adniej skontrolujesz wygl\u0105d przed wyj\u015bciem z mieszkania.<\/p>\n<div style=\"display: flex; flex-wrap: wrap; align-items: center; justify-content: center; text-align: center;\">\n<figure id=\"attachment_20530\" aria-describedby=\"caption-attachment-20530\" style=\"width: 285px\" class=\"wp-caption aligncenter\"><img decoding=\"async\" class=\"wp-image-20530 lazyload\" data-src=\"https:\/\/www.brw.pl\/blog\/wp-content\/uploads\/2023\/06\/zestaw-szynowy-marvi-mediuma.jpg\" alt=\"Zestaw szynowy Marvi\" width=\"285\" height=\"214\" src=\"data:image\/svg+xml;base64,PHN2ZyB3aWR0aD0iMSIgaGVpZ2h0PSIxIiB4bWxucz0iaHR0cDovL3d3dy53My5vcmcvMjAwMC9zdmciPjwvc3ZnPg==\" style=\"--smush-placeholder-width: 285px; --smush-placeholder-aspect-ratio: 285\/214;\" \/><figcaption id=\"caption-attachment-20530\" class=\"wp-caption-text\"><a href=\"https:\/\/www.brw.pl\/zestaw-szynowy-marvi,48002\" target=\"_blank\" rel=\"noopener noreferrer\"><span style=\"font-weight: 400;\">Zestaw szynowy Marvi<\/span><\/a><\/figcaption><\/figure>\n<figure id=\"attachment_20531\" aria-describedby=\"caption-attachment-20531\" style=\"width: 285px\" class=\"wp-caption aligncenter\"><img decoding=\"async\" class=\"wp-image-20531 lazyload\" data-src=\"https:\/\/www.brw.pl\/blog\/wp-content\/uploads\/2023\/08\/lampa-sufitowa-wpuszczana-led-katro-mediuma.jpg\" alt=\"Lampa sufitowa Katro\" width=\"285\" height=\"214\" src=\"data:image\/svg+xml;base64,PHN2ZyB3aWR0aD0iMSIgaGVpZ2h0PSIxIiB4bWxucz0iaHR0cDovL3d3dy53My5vcmcvMjAwMC9zdmciPjwvc3ZnPg==\" style=\"--smush-placeholder-width: 285px; --smush-placeholder-aspect-ratio: 285\/214;\" \/><figcaption id=\"caption-attachment-20531\" class=\"wp-caption-text\"><a href=\"https:\/\/www.brw.pl\/lampa-sufitowa-wpuszczana-led-katro,56730\" target=\"_blank\" rel=\"noopener noreferrer\"><span style=\"font-weight: 400;\">Lampa sufitowa Katro<\/span><\/a><\/figcaption><\/figure>\n<\/div>\n<p><strong>Rada:<\/strong> dostosuj ilo\u015b\u0107 lumen\u00f3w, czyli jednostek \u015bwiat\u0142a emitowanego przez jego \u017ar\u00f3d\u0142o, do metra\u017cu pomieszczenia. Przyj\u0119\u0142o si\u0119, \u017ce na jeden metr kwadratowy powinno przypada\u0107 od 100 do 200 lumen\u00f3w. W odniesieniu do \u017car\u00f3wek o mocy do 25 wat\u00f3w, 1 wat odpowiada oko\u0142o 10 lumenom.<\/p>\n<h3 style=\"text-align: center;\"><strong>Jak urz\u0105dzi\u0107 przedpok\u00f3j za pomoc\u0105 dodatk\u00f3w?<\/strong><\/h3>\n<p>Do przydatnych w wiatro\u0142apie dodatk\u00f3w nale\u017c\u0105 mi\u0119dzy innymi <a href=\"https:\/\/www.brw.pl\/przechowywanie\/stojaki\/stojaki-na-ubrania\/\" target=\"_blank\" rel=\"noopener noreferrer\"><strong>stojaki na ubrania<\/strong><\/a><strong>, <\/strong><a href=\"https:\/\/www.brw.pl\/tekstylia\/dywany-i-chodniki\/wycieraczki\/\" target=\"_blank\" rel=\"noopener noreferrer\"><strong>wycieraczki<\/strong><\/a><strong>, <\/strong><a href=\"https:\/\/www.brw.pl\/dekoracje\/lustra\/przedpokoj\/\" target=\"_blank\" rel=\"noopener noreferrer\"><strong>lustra<\/strong><\/a>. W Twojej szafie brakuje miejsca na odzie\u017c wierzchni\u0105? Wolisz mie\u0107 pod r\u0119k\u0105 aktualnie noszone kurtki i p\u0142aszcze? Zainwestuj w stojak! W przedpokoju nie ob\u0119dzie si\u0119 r\u00f3wnie\u017c bez wycieraczki, o kt\u00f3r\u0105 wytrzesz buty po powrocie do domu. Lustro za\u015b nie tylko umo\u017cliwi przejrzenie si\u0119, lecz tak\u017ce optycznie powi\u0119kszy wn\u0119trze.<\/p>\n<div style=\"display: flex; flex-wrap: wrap; align-items: center; justify-content: center; text-align: center;\">\n<figure id=\"attachment_20530\" aria-describedby=\"caption-attachment-20530\" style=\"width: 285px\" class=\"wp-caption aligncenter\"><img decoding=\"async\" class=\"wp-image-20530 lazyload\" data-src=\"https:\/\/www.brw.pl\/blog\/wp-content\/uploads\/2022\/05\/wieszak-gent.jpg\" alt=\"Wieszak Gent\" width=\"285\" height=\"214\" src=\"data:image\/svg+xml;base64,PHN2ZyB3aWR0aD0iMSIgaGVpZ2h0PSIxIiB4bWxucz0iaHR0cDovL3d3dy53My5vcmcvMjAwMC9zdmciPjwvc3ZnPg==\" style=\"--smush-placeholder-width: 285px; --smush-placeholder-aspect-ratio: 285\/214;\" \/><figcaption id=\"caption-attachment-20530\" class=\"wp-caption-text\"><a href=\"https:\/\/www.brw.pl\/wieszak-gent,42186\" target=\"_blank\" rel=\"noopener noreferrer\"><span style=\"font-weight: 400;\">Wieszak Gent<\/span><\/a><\/figcaption><\/figure>\n<figure id=\"attachment_20530\" aria-describedby=\"caption-attachment-20530\" style=\"width: 285px\" class=\"wp-caption aligncenter\"><img decoding=\"async\" class=\"wp-image-20530 lazyload\" data-src=\"https:\/\/www.brw.pl\/blog\/wp-content\/uploads\/2023\/03\/lustro-scienne-basic-mediuma.jpg\" alt=\"Lustro \u015bcienne Basic\" width=\"285\" height=\"214\" src=\"data:image\/svg+xml;base64,PHN2ZyB3aWR0aD0iMSIgaGVpZ2h0PSIxIiB4bWxucz0iaHR0cDovL3d3dy53My5vcmcvMjAwMC9zdmciPjwvc3ZnPg==\" style=\"--smush-placeholder-width: 285px; --smush-placeholder-aspect-ratio: 285\/214;\" \/><figcaption id=\"caption-attachment-20530\" class=\"wp-caption-text\"><a href=\"https:\/\/www.brw.pl\/lustro-scienne-basic,22176\" target=\"_blank\" rel=\"noopener noreferrer\"><span style=\"font-weight: 400;\">Lustro \u015bcienne Basic<\/span><\/a><\/figcaption><\/figure>\n<figure id=\"attachment_20531\" aria-describedby=\"caption-attachment-20531\" style=\"width: 285px\" class=\"wp-caption aligncenter\"><img decoding=\"async\" class=\"wp-image-20531 lazyload\" data-src=\"https:\/\/www.brw.pl\/blog\/wp-content\/uploads\/2023\/08\/wycieraczka-tree-mediuma.jpg\" alt=\"Wycieraczka Tree\" width=\"285\" height=\"214\" src=\"data:image\/svg+xml;base64,PHN2ZyB3aWR0aD0iMSIgaGVpZ2h0PSIxIiB4bWxucz0iaHR0cDovL3d3dy53My5vcmcvMjAwMC9zdmciPjwvc3ZnPg==\" style=\"--smush-placeholder-width: 285px; --smush-placeholder-aspect-ratio: 285\/214;\" \/><figcaption id=\"caption-attachment-20531\" class=\"wp-caption-text\"><a href=\"https:\/\/www.brw.pl\/wycieraczka-tree,17280\" target=\"_blank\" rel=\"noopener noreferrer\"><span style=\"font-weight: 400;\">Wycieraczka Tree<\/span><\/a><\/figcaption><\/figure>\n<\/div>\n<p>Wystr\u00f3j korytarza uzupe\u0142nij dekoracjami takimi jak na przyk\u0142ad <a href=\"https:\/\/www.brw.pl\/dekoracje\/dekoracje-scienne\/obrazy\/przedpokoj\/\" target=\"_blank\" rel=\"noopener noreferrer\">obrazy<\/a>, <a href=\"https:\/\/www.brw.pl\/dekoracje\/wazony\/\" target=\"_blank\" rel=\"noopener noreferrer\">wazony<\/a> z kwiatami, <a href=\"https:\/\/www.brw.pl\/dekoracje\/doniczki-i-oslonki\/doniczki\/\" target=\"_blank\" rel=\"noopener noreferrer\">donice<\/a> z ro\u015blinami.<\/p>\n<div style=\"display: flex; flex-wrap: wrap; align-items: center; justify-content: center; text-align: center;\">\n<figure id=\"attachment_20530\" aria-describedby=\"caption-attachment-20530\" style=\"width: 285px\" class=\"wp-caption aligncenter\"><img decoding=\"async\" class=\"wp-image-20530 lazyload\" data-src=\"https:\/\/www.brw.pl\/blog\/wp-content\/uploads\/2021\/10\/Obraz-pla\u017ca.jpg\" alt=\"Obraz \" width=\"285\" height=\"214\" src=\"data:image\/svg+xml;base64,PHN2ZyB3aWR0aD0iMSIgaGVpZ2h0PSIxIiB4bWxucz0iaHR0cDovL3d3dy53My5vcmcvMjAwMC9zdmciPjwvc3ZnPg==\" style=\"--smush-placeholder-width: 285px; --smush-placeholder-aspect-ratio: 285\/214;\" \/><figcaption id=\"caption-attachment-20530\" class=\"wp-caption-text\"><a href=\"https:\/\/www.brw.pl\/obraz-plaza-no-1,38633\" target=\"_blank\" rel=\"noopener noreferrer\"><span style=\"font-weight: 400;\">Obraz &#8222;Pla\u017ca No. 1&#8221;<\/span><\/a><\/figcaption><\/figure>\n<figure id=\"attachment_20530\" aria-describedby=\"caption-attachment-20530\" style=\"width: 285px\" class=\"wp-caption aligncenter\"><img decoding=\"async\" class=\"wp-image-20530 lazyload\" data-src=\"https:\/\/www.brw.pl\/blog\/wp-content\/uploads\/2021\/05\/trend.jpg\" alt=\"Wazon Trend\" width=\"285\" height=\"214\" src=\"data:image\/svg+xml;base64,PHN2ZyB3aWR0aD0iMSIgaGVpZ2h0PSIxIiB4bWxucz0iaHR0cDovL3d3dy53My5vcmcvMjAwMC9zdmciPjwvc3ZnPg==\" style=\"--smush-placeholder-width: 285px; --smush-placeholder-aspect-ratio: 285\/214;\" \/><figcaption id=\"caption-attachment-20530\" class=\"wp-caption-text\"><a href=\"https:\/\/www.brw.pl\/wazon-trend,38281\" target=\"_blank\" rel=\"noopener noreferrer\"><span style=\"font-weight: 400;\">Wazon Trend<\/span><\/a><\/figcaption><\/figure>\n<figure id=\"attachment_20531\" aria-describedby=\"caption-attachment-20531\" style=\"width: 285px\" class=\"wp-caption aligncenter\"><img decoding=\"async\" class=\"wp-image-20531 lazyload\" data-src=\"https:\/\/www.brw.pl\/blog\/wp-content\/uploads\/2023\/05\/doniczka-mediuma.jpg\" alt=\"Doniczka\" width=\"285\" height=\"214\" src=\"data:image\/svg+xml;base64,PHN2ZyB3aWR0aD0iMSIgaGVpZ2h0PSIxIiB4bWxucz0iaHR0cDovL3d3dy53My5vcmcvMjAwMC9zdmciPjwvc3ZnPg==\" style=\"--smush-placeholder-width: 285px; --smush-placeholder-aspect-ratio: 285\/214;\" \/><figcaption id=\"caption-attachment-20531\" class=\"wp-caption-text\"><a href=\"https:\/\/www.brw.pl\/doniczka,53687\" target=\"_blank\" rel=\"noopener noreferrer\"><span style=\"font-weight: 400;\">Doniczka<\/span><\/a><\/figcaption><\/figure>\n<\/div>\n<p data-pm-slice=\"1 1 []\">Czytaj r\u00f3wnie\u017c: <a href=\"https:\/\/www.brw.pl\/blog\/przedpokoj-w-kolorze-cappuccino-trend-2023\/\" target=\"_blank\" rel=\"noopener noreferrer\"><strong>&#8222;Przedpok\u00f3j w kolorze cappuccino \u2013 trend 2023&#8221;<\/strong><\/a>.<\/p>\n<h2><strong><span data-color=\"rgb(248, 250, 251)\">Przedsionek w domu \u2013 aran\u017cacje<\/span><\/strong><\/h2>\n<p>Przygotowali\u015bmy dla Ciebie dwie aran\u017cacje przedsionka. Zainspiruj si\u0119!<\/p>\n<h3 style=\"text-align: center;\"><strong>Jasny przedpok\u00f3j z drewnianymi lamelami<\/strong><\/h3>\n<p><center><img decoding=\"async\" class=\"alignnone size-medium wp-image-29790 lazyload\" data-src=\"https:\/\/www.brw.pl\/blog\/wp-content\/uploads\/2023\/02\/Aranz_przedpokoj_Holten_www-800x550.jpg\" alt=\"Przedpok\u00f3j Holten\" width=\"800\" height=\"550\" data-srcset=\"https:\/\/www.brw.pl\/blog\/wp-content\/uploads\/2023\/02\/Aranz_przedpokoj_Holten_www-800x550.jpg 800w, https:\/\/www.brw.pl\/blog\/wp-content\/uploads\/2023\/02\/Aranz_przedpokoj_Holten_www-768x528.jpg 768w, https:\/\/www.brw.pl\/blog\/wp-content\/uploads\/2023\/02\/Aranz_przedpokoj_Holten_www-1536x1056.jpg 1536w, https:\/\/www.brw.pl\/blog\/wp-content\/uploads\/2023\/02\/Aranz_przedpokoj_Holten_www.jpg 1571w\" data-sizes=\"(max-width: 800px) 100vw, 800px\" src=\"data:image\/svg+xml;base64,PHN2ZyB3aWR0aD0iMSIgaGVpZ2h0PSIxIiB4bWxucz0iaHR0cDovL3d3dy53My5vcmcvMjAwMC9zdmciPjwvc3ZnPg==\" style=\"--smush-placeholder-width: 800px; --smush-placeholder-aspect-ratio: 800\/550;\" \/><\/center><\/p>\n<p style=\"text-align: center;\"><a href=\"https:\/\/www.brw.pl\/kolekcja-holten,466\" target=\"_blank\" rel=\"noopener noreferrer\"><strong>KOLEKCJA MEBLI HOLTEN<\/strong><\/a><\/p>\n<p><strong>Marzysz o przestronnym, wype\u0142nionym \u015bwiat\u0142em holu? Kolekcja mebli Holten pomo\u017ce Ci go zaaran\u017cowa\u0107.<\/strong> Bia\u0142e fronty wyko\u0144czone na po\u0142ysk efektownie odcinaj\u0105 si\u0119 od blat\u00f3w o wybarwieniu <em>d\u0105b wotan<\/em>, kt\u00f3re ocieplaj\u0105 ch\u0142odne, minimalistyczne bry\u0142y. Blaty kolorystycznie wsp\u00f3\u0142graj\u0105 z drewnianymi lamelami odgrywaj\u0105cymi rol\u0119 przepierzenia zabezpieczaj\u0105cego schody. B\u0142\u0119kitna \u015bciana za lustrem, niebieski puf oraz wzorzysta pod\u0142oga o\u017cywiaj\u0105 wystr\u00f3j.<\/p>\n<p><strong>Produkty widoczne na zdj\u0119ciu czekaj\u0105 na Ciebie <\/strong><a href=\"https:\/\/www.brw.pl\/inspiracje\/produkty\/?a=7032,holten\" target=\"_blank\" rel=\"noopener noreferrer\"><strong>TUTAJ<\/strong><\/a><strong>.<\/strong><\/p>\n<h3 style=\"text-align: center;\"><strong>Ma\u0142y, ale funkcjonalny przedsionek w stylu nowoczesnym<\/strong><\/h3>\n<p><center><img decoding=\"async\" class=\"alignnone size-medium wp-image-33676 lazyload\" data-src=\"https:\/\/www.brw.pl\/blog\/wp-content\/uploads\/2023\/08\/wieszak-azteca-trio-800x474.jpg\" alt=\"Azteca Trio - przedpok\u00f3j\" width=\"800\" height=\"474\" data-srcset=\"https:\/\/www.brw.pl\/blog\/wp-content\/uploads\/2023\/08\/wieszak-azteca-trio-800x474.jpg 800w, https:\/\/www.brw.pl\/blog\/wp-content\/uploads\/2023\/08\/wieszak-azteca-trio-768x455.jpg 768w, https:\/\/www.brw.pl\/blog\/wp-content\/uploads\/2023\/08\/wieszak-azteca-trio-1536x911.jpg 1536w, https:\/\/www.brw.pl\/blog\/wp-content\/uploads\/2023\/08\/wieszak-azteca-trio.jpg 1800w\" data-sizes=\"(max-width: 800px) 100vw, 800px\" src=\"data:image\/svg+xml;base64,PHN2ZyB3aWR0aD0iMSIgaGVpZ2h0PSIxIiB4bWxucz0iaHR0cDovL3d3dy53My5vcmcvMjAwMC9zdmciPjwvc3ZnPg==\" style=\"--smush-placeholder-width: 800px; --smush-placeholder-aspect-ratio: 800\/474;\" \/><\/center><\/p>\n<p style=\"text-align: center;\"><a href=\"https:\/\/www.brw.pl\/kolekcja-azteca-trio,530\" target=\"_blank\" rel=\"noopener noreferrer\"><strong>KOLEKCJA MEBLI AZTECA TRIO<\/strong><\/a><\/p>\n<p>Uwielbiasz styl nowoczesny? Przyjrzyj si\u0119 sieni wyposa\u017conej w meble z kolekcji Azteca Trio. Czarne dekoracyjne listwy dodaj\u0105 wyrazu l\u015bni\u0105cym bia\u0142ym frontom. Popielate \u015bciany podkre\u015blaj\u0105 barw\u0119 i form\u0119 bry\u0142. Bielona pod\u0142oga oraz szary chodnik dope\u0142niaj\u0105 t\u0119 sp\u00f3jn\u0105 aran\u017cacj\u0119.<\/p>\n<p><strong>Produkty widoczne na zdj\u0119ciu czekaj\u0105 na Ciebie <\/strong><a href=\"https:\/\/www.brw.pl\/inspiracje\/produkty\/?a=6969,azteca-trio\" target=\"_blank\" rel=\"noopener noreferrer\"><strong>TUTAJ<\/strong><\/a><strong>.<\/strong><\/p>\n<p>Po wi\u0119cej inspiracji zapraszamy do <a href=\"https:\/\/www.brw.pl\/\" target=\"_blank\" rel=\"noopener noreferrer\"><strong><u>sklepu internetowego Black Red White<\/u><\/strong><\/a><strong>!<\/strong><\/p>\n","protected":false},"excerpt":{"rendered":"<p>Wydzielony przedsionek ma wiele zalet, o kt\u00f3rych opowiemy w dzisiejszym artykule. Przedpok\u00f3j to wizyt\u00f3wka domu. Jest pierwszym pomieszczeniem, kt\u00f3ry widz\u0105 domownicy oraz ich go\u015bcie. Dlatego warto urz\u0105dzi\u0107 go z pomys\u0142em, funkcjonalnie i estetycznie.<\/p>\n","protected":false},"author":29,"featured_media":27848,"comment_status":"closed","ping_status":"open","sticky":false,"template":"","format":"standard","meta":{"footnotes":""},"categories":[39,740],"tags":[],"aioseo_notices":[],"_links":{"self":[{"href":"https:\/\/www.brw.pl\/blog\/wp-json\/wp\/v2\/posts\/33669"}],"collection":[{"href":"https:\/\/www.brw.pl\/blog\/wp-json\/wp\/v2\/posts"}],"about":[{"href":"https:\/\/www.brw.pl\/blog\/wp-json\/wp\/v2\/types\/post"}],"author":[{"embeddable":true,"href":"https:\/\/www.brw.pl\/blog\/wp-json\/wp\/v2\/users\/29"}],"replies":[{"embeddable":true,"href":"https:\/\/www.brw.pl\/blog\/wp-json\/wp\/v2\/comments?post=33669"}],"version-history":[{"count":4,"href":"https:\/\/www.brw.pl\/blog\/wp-json\/wp\/v2\/posts\/33669\/revisions"}],"predecessor-version":[{"id":33680,"href":"https:\/\/www.brw.pl\/blog\/wp-json\/wp\/v2\/posts\/33669\/revisions\/33680"}],"wp:featuredmedia":[{"embeddable":true,"href":"https:\/\/www.brw.pl\/blog\/wp-json\/wp\/v2\/media\/27848"}],"wp:attachment":[{"href":"https:\/\/www.brw.pl\/blog\/wp-json\/wp\/v2\/media?parent=33669"}],"wp:term":[{"taxonomy":"category","embeddable":true,"href":"https:\/\/www.brw.pl\/blog\/wp-json\/wp\/v2\/categories?post=33669"},{"taxonomy":"post_tag","embeddable":true,"href":"https:\/\/www.brw.pl\/blog\/wp-json\/wp\/v2\/tags?post=33669"}],"curies":[{"name":"wp","href":"https:\/\/api.w.org\/{rel}","templated":true}]}}