{"id":33740,"date":"2023-08-20T08:00:34","date_gmt":"2023-08-20T06:00:34","guid":{"rendered":"https:\/\/www.brw.pl\/blog\/?p=33740"},"modified":"2023-08-18T16:39:26","modified_gmt":"2023-08-18T14:39:26","slug":"kuchnia-zabudowana-do-sufitu-kiedy-zdecydowac-sie-na-takie-rozwiazanie","status":"publish","type":"post","link":"https:\/\/www.brw.pl\/blog\/kuchnia-zabudowana-do-sufitu-kiedy-zdecydowac-sie-na-takie-rozwiazanie\/","title":{"rendered":"Kuchnia zabudowana do sufitu &#8211; kiedy zdecydowa\u0107 si\u0119 na takie rozwi\u0105zanie?"},"content":{"rendered":"<p data-pm-slice=\"1 1 []\"><strong>Zastanawiasz si\u0119, czy kuchnia zabudowana do sufitu to dobre rozwi\u0105zanie? Oczywi\u015bcie, \u017ce tak! Niezale\u017cnie od metra\u017cu pomieszczenia, wysoka zabudowa meblowa ma wiele plus\u00f3w. Jakich? Sprawd\u017a!<\/strong><\/p>\n<p data-pm-slice=\"1 1 []\"><!--more--><\/p>\n<p><center><img decoding=\"async\" class=\"alignnone size-medium wp-image-33741 lazyload\" data-src=\"https:\/\/www.brw.pl\/blog\/wp-content\/uploads\/2023\/08\/glowne-kuchnia-family-line-sole-800x402.jpg\" alt=\"Kuchnia Family Line Sole - aran\u017cacja - uci\u0119te zdj\u0119cie\" width=\"800\" height=\"402\" data-srcset=\"https:\/\/www.brw.pl\/blog\/wp-content\/uploads\/2023\/08\/glowne-kuchnia-family-line-sole-800x402.jpg 800w, https:\/\/www.brw.pl\/blog\/wp-content\/uploads\/2023\/08\/glowne-kuchnia-family-line-sole-768x386.jpg 768w, https:\/\/www.brw.pl\/blog\/wp-content\/uploads\/2023\/08\/glowne-kuchnia-family-line-sole-1536x772.jpg 1536w, https:\/\/www.brw.pl\/blog\/wp-content\/uploads\/2023\/08\/glowne-kuchnia-family-line-sole.jpg 1623w\" data-sizes=\"(max-width: 800px) 100vw, 800px\" src=\"data:image\/svg+xml;base64,PHN2ZyB3aWR0aD0iMSIgaGVpZ2h0PSIxIiB4bWxucz0iaHR0cDovL3d3dy53My5vcmcvMjAwMC9zdmciPjwvc3ZnPg==\" style=\"--smush-placeholder-width: 800px; --smush-placeholder-aspect-ratio: 800\/402;\" \/><\/center><\/p>\n<p style=\"text-align: center;\" data-pm-slice=\"1 1 []\"><strong>Kuchnia <\/strong><a href=\"https:\/\/www.brw.pl\/family-line-sole,25051\" target=\"_blank\" rel=\"noopener noreferrer\"><strong>FAMILY LINE &#8211; SOLE<\/strong><\/a><\/p>\n<h2><strong><span data-color=\"rgb(248, 250, 251)\">Kuchnia zabudowana do sufitu \u2013 tak czy nie?<\/span><\/strong><\/h2>\n<p>W naszym artykule:<\/p>\n<ul>\n<li>wska\u017cemy zalety i wady kuchni zabudowanej do sufitu,<\/li>\n<li>podpowiemy, jakie meble i dodatki pomog\u0105 Ci j\u0105 urz\u0105dzi\u0107,<\/li>\n<li>zaprezentujemy inspiruj\u0105ce aran\u017cacje takiej kuchni.<\/li>\n<\/ul>\n<h3 style=\"text-align: center;\"><strong>Zalety kuchni z wysok\u0105 zabudow\u0105<\/strong><\/h3>\n<p>Przede wszystkim warto zabudowa\u0107 kuchni\u0119, poniewa\u017c dzi\u0119ki temu <strong>w pe\u0142ni zagospodarujesz dost\u0119pn\u0105 przestrze\u0144<\/strong>. Zw\u0142aszcza w ma\u0142ej kuchni zabudowa pod sufit jest bardzo funkcjonalnym rozwi\u0105zaniem. Atutem systemu wysokich szafek jest <strong>du\u017ca ilo\u015b\u0107 miejsca do przechowywania<\/strong> produkt\u00f3w spo\u017cywczych, naczy\u0144 i <a href=\"https:\/\/www.brw.pl\/wyposazenie-kuchni\/akcesoria-kuchenne\/\" target=\"_blank\" rel=\"noopener noreferrer\">akcesori\u00f3w kuchennych<\/a>.<\/p>\n<p>Marzy Ci si\u0119 przestronna, nowoczesna kuchnia otwarta na salon? Rozwa\u017c dwustronne szafki do sufitu. Tym sposobem oddzielisz aneks kuchenny od strefy salonu. Od strony pokoju dziennego mo\u017cesz ustawi\u0107 na p\u00f3\u0142kach na przyk\u0142ad ksi\u0105\u017cki, ro\u015bliny doniczkowe, zdj\u0119cia w <a href=\"https:\/\/www.brw.pl\/dekoracje\/ramki-do-zdjec\/\" target=\"_blank\" rel=\"noopener noreferrer\">ramkach<\/a>.<\/p>\n<p><strong>Wysokie szafki idealnie nadaj\u0105 si\u0119 do zamontowania popularnego obecnie systemu cargo.<\/strong> W pojemnych, wysuwanych koszach bez problemu zmie\u015bcisz sw\u00f3j sprz\u0119t kuchenny i nie tylko. Decyduj\u0105c si\u0119 na szafki otwierane za pomoc\u0105 lekkiego nacisku, dodatkowo u\u0142atwisz sobie korzystanie z nich.<\/p>\n<p>Kolejnym plusem mebli kuchennych pod sufit jest <strong>mo\u017cliwo\u015b\u0107 zabudowania lod\u00f3wki, <\/strong><a href=\"https:\/\/www.brw.pl\/agd\/agd-do-zabudowy\/zmywarki-do-zabudowy\/\" target=\"_blank\" rel=\"noopener noreferrer\"><strong>zmywarki<\/strong><\/a><strong>, <\/strong><a href=\"https:\/\/www.brw.pl\/agd\/agd-do-zabudowy\/piekarniki-do-zabudowy\/\" target=\"_blank\" rel=\"noopener noreferrer\"><strong>piekarnika<\/strong><\/a><strong>, <\/strong><a href=\"https:\/\/www.brw.pl\/agd\/agd-do-zabudowy\/kuchenki-mikrofalowe-do-zabudowy\/\" target=\"_blank\" rel=\"noopener noreferrer\"><strong>mikrofal\u00f3wki<\/strong><\/a>. To pozwoli zaoszcz\u0119dzi\u0107 miejsce i zwi\u0119kszy walory estetyczne wn\u0119trza. Rzadko <a href=\"https:\/\/www.brw.pl\/agd\/\" target=\"_blank\" rel=\"noopener noreferrer\">sprz\u0119t AGD<\/a> jest zarazem funkcjonalny i efektowny. Zwykle lepiej go ukry\u0107.<\/p>\n<h3 style=\"text-align: center;\"><strong>Wady zabudowy do sufitu<\/strong><\/h3>\n<p>Do wysoko zawieszonych <a href=\"https:\/\/www.brw.pl\/meble\/meble-kuchenne\/szafki-kuchenne\/szafki-kuchenne-wiszace\/\" target=\"_blank\" rel=\"noopener noreferrer\">szafek<\/a> trudniej si\u0119gn\u0105\u0107. Podczas przygotowywania posi\u0142k\u00f3w jest to pewne utrudnienie, szczeg\u00f3lnie dla niskich os\u00f3b. Dlatego trzymaj w takich szafkach rzeczy, kt\u00f3rych rzadziej u\u017cywasz.<strong> Pomocne b\u0119d\u0105 r\u00f3wnie\u017c schodki lub ma\u0142a, sk\u0142adana drabinka.<\/strong><\/p>\n<p>Boisz si\u0119, \u017ce kuchenna meblo\u015bcianka do sufitu przyt\u0142oczy kuchni\u0119 o niewielkim metra\u017cu? W ma\u0142ych pomieszczeniach istnieje takie ryzyko, ale s\u0105 te\u017c sposoby na skuteczne wyeliminowanie go. <strong>Je\u015bli wybierzesz fronty i \u015bciany wysokiej zabudowy w takich kolorach jak bia\u0142y, kremowy czy popielaty, rozja\u015bnisz przestrze\u0144.<\/strong> Ponadto optycznie b\u0119dzie wydawa\u0107 si\u0119 wi\u0119ksza!<\/p>\n<p>Jak widzisz, plusy wysokiej zabudowy zdecydowanie wygrywaj\u0105 z minusami. Co wi\u0119cej, jej wady \u0142atwo przeku\u0107 w zalety!<\/p>\n<h2><strong><span data-color=\"rgb(248, 250, 251)\">Kuchnia zabudowana pod sufit \u2013 jak j\u0105 urz\u0105dzi\u0107?<\/span><\/strong><\/h2>\n<p>Z tej cz\u0119\u015bci artyku\u0142u dowiesz si\u0119, jakie meble i dodatki pomog\u0105 Ci zaaran\u017cowa\u0107 kuchni\u0119 zabudowan\u0105 pod sufit. Zainspiruj si\u0119!<\/p>\n<h3 style=\"text-align: center;\"><strong>Meble kuchenne do zabudowanej kuchni<\/strong><\/h3>\n<p>W kuchni wyposa\u017conej w <a href=\"https:\/\/www.brw.pl\/meble\/meble-kuchenne\/\" target=\"_blank\" rel=\"noopener noreferrer\">meble<\/a> a\u017c do sufitu spisz\u0105 si\u0119 wysokie szafki. Poni\u017cej znajdziesz trzy propozycje, ka\u017cd\u0105 z innej p\u00f3\u0142ki cenowej.<\/p>\n<p><center><img decoding=\"async\" class=\"alignnone wp-image-33743 lazyload\" data-src=\"https:\/\/www.brw.pl\/blog\/wp-content\/uploads\/2023\/08\/szafka-wysoka-z-koszem-cargo-sole-l6-kolor-korpusow-czarny-kolor-frontow-dab-halifax-natura-mediumb.jpg\" alt=\"Szafka wysoka z koszem cargo Sole L6\" width=\"501\" height=\"376\" src=\"data:image\/svg+xml;base64,PHN2ZyB3aWR0aD0iMSIgaGVpZ2h0PSIxIiB4bWxucz0iaHR0cDovL3d3dy53My5vcmcvMjAwMC9zdmciPjwvc3ZnPg==\" style=\"--smush-placeholder-width: 501px; --smush-placeholder-aspect-ratio: 501\/376;\" \/><\/center><\/p>\n<p style=\"text-align: center;\"><a href=\"https:\/\/www.brw.pl\/szafka-wysoka-z-koszem-cargo-sole-l6,56718\" target=\"_blank\" rel=\"noopener noreferrer\"><strong>SZAFKA WYSOKA Z KOSZEM CARGO SOLE L6<\/strong><\/a><\/p>\n<p>Wysoka <strong>szafka gospodarcza Family Line z frontem Sole L6<\/strong> ma wymiary 40 x 207 cm. Posiada kosz cargo oraz ociekark\u0119. Na p\u00f3\u0142kach mo\u017cesz trzyma\u0107 przetwory, mi\u00f3d, ocet, olej &#8211; co zechcesz.<\/p>\n<p>Czarny korpus mebla \u0142adnie komponuje si\u0119 z frontem o ciep\u0142ym wybarwieniu <em>d\u0105b halifax natura<\/em>. Minimalistyczny design oddaje styl nowoczesny, ale polubi si\u0119 tak\u017ce z estetyk\u0105 skandynawsk\u0105 i loftow\u0105. Inne wersje kolorystyczne s\u0105 dost\u0119pne w salonach stacjonarnych.<\/p>\n<p><center><img decoding=\"async\" class=\"alignnone wp-image-33744 lazyload\" data-src=\"https:\/\/www.brw.pl\/blog\/wp-content\/uploads\/2023\/08\/szafka-wysoka-top-line-kolor-frontow-bialy-polysk-kolor-korpusow-bialy-alpejski-mediumb.jpg\" alt=\"Szafka wysoka Top Line\" width=\"401\" height=\"301\" src=\"data:image\/svg+xml;base64,PHN2ZyB3aWR0aD0iMSIgaGVpZ2h0PSIxIiB4bWxucz0iaHR0cDovL3d3dy53My5vcmcvMjAwMC9zdmciPjwvc3ZnPg==\" style=\"--smush-placeholder-width: 401px; --smush-placeholder-aspect-ratio: 401\/301;\" \/><\/center><\/p>\n<p style=\"text-align: center;\"><a href=\"https:\/\/www.brw.pl\/szafka-wysoka-top-line,36963\" target=\"_blank\" rel=\"noopener noreferrer\"><strong>SZAFKA WYSOKA TOP LINE<\/strong><\/a><\/p>\n<p>Wysoka <strong>szafka gospodarcza Family Line z frontem Top Line<\/strong> ma wymiary 60 x 207 cm. Sk\u0142ada si\u0119 z 5 p\u00f3\u0142ek o g\u0142\u0119boko\u015bci 56 cm. Przechowamy tam mi\u0119dzy innymi produkty spo\u017cywcze, \u015brodki czysto\u015bci, <a href=\"https:\/\/www.brw.pl\/czystosc-w-domu\/akcesoria-do-sprzatania\/\" target=\"_blank\" rel=\"noopener noreferrer\">przybory do sprz\u0105tania<\/a>. W takiej zabudowie bez najmniejszego k\u0142opotu zmie\u015bcimy sprz\u0119t kuchenny. Trzeba jednak pami\u0119ta\u0107, \u017ceby nie trzyma\u0107 razem chemii i jedzenia.<\/p>\n<p>Korpusom w odcieniu <em>bia\u0142y alpejski<\/em> towarzysz\u0105 bia\u0142e fronty wyko\u0144czone na po\u0142ysk. Szafka wspaniale uzupe\u0142ni wystr\u00f3j nowoczesnej kuchni. Do wyboru s\u0105 jeszcze dwa warianty kolorystyczne.<\/p>\n<p><center><img decoding=\"async\" class=\"alignnone wp-image-33745 lazyload\" data-src=\"https:\/\/www.brw.pl\/blog\/wp-content\/uploads\/2023\/08\/szafka-wysoka-semi-line-kolor-korpusow-dab-reveal-kolor-frontow-grafit-mediumb.jpg\" alt=\"Szafka wysoka Semi Line\" width=\"501\" height=\"376\" src=\"data:image\/svg+xml;base64,PHN2ZyB3aWR0aD0iMSIgaGVpZ2h0PSIxIiB4bWxucz0iaHR0cDovL3d3dy53My5vcmcvMjAwMC9zdmciPjwvc3ZnPg==\" style=\"--smush-placeholder-width: 501px; --smush-placeholder-aspect-ratio: 501\/376;\" \/><\/center><\/p>\n<p style=\"text-align: center;\"><a href=\"https:\/\/www.brw.pl\/szafka-wysoka-semi-line,37221\" target=\"_blank\" rel=\"noopener noreferrer\"><strong>SZAFKA WYSOKA SEMI LINE<\/strong><\/a><\/p>\n<p>Planujesz urz\u0105dzi\u0107 kuchni\u0119 w stylu loftowym? Rozwa\u017c wysok\u0105 <strong>szafk\u0119 gospodarcz\u0105 z <a href=\"https:\/\/www.brw.pl\/kolekcja-semi-line,411\" target=\"_blank\" rel=\"noopener noreferrer\">kolekcji Semi Line<\/a><\/strong> o wymiarach 40 x 207 cm. Korpus o wybarwieniu <em>d\u0105b Reveal<\/em> nieco ociepla grafitowy front. Zwr\u00f3\u0107 uwag\u0119 na ozdobne frezy oraz uchwyty w kszta\u0142cie ga\u0142ki. Te detale to uk\u0142on w stron\u0119 tradycji. Szafka stanowi unikalne po\u0142\u0105czenie estetyki loftowej oraz klasycznej. To mebel z charakterem, kt\u00f3ry doda wyrazu aran\u017cacji.<\/p>\n<p>Szafka posiada 4 p\u00f3\u0142ki, kt\u00f3re mo\u017cesz przeznaczy\u0107 na podr\u0119czn\u0105 spi\u017carni\u0119. Z powodzeniem odegra te\u017c rol\u0119 schowka na akcesoria do sprz\u0105tania. Istnieje mo\u017cliwo\u015b\u0107 rozbudowania mebla na przyk\u0142ad o kosze na \u015bmieci, wk\u0142ady na sztu\u0107ce, o\u015bwietlenie, cichy domyk. Regulowane \u015blizgacze u\u0142atwi\u0105 wypoziomowanie dolnych szafek.<\/p>\n<p data-pm-slice=\"1 1 []\">Czytaj r\u00f3wnie\u017c: <a href=\"https:\/\/www.brw.pl\/blog\/styl-loftowy-salon-z-kuchnia\/\" target=\"_blank\" rel=\"noopener noreferrer\"><strong>&#8222;Styl loftowy: salon z kuchni\u0105&#8221;<\/strong><\/a>.<\/p>\n<h3 style=\"text-align: center;\"><strong>Jak zaaran\u017cowa\u0107 wymarzon\u0105 kuchni\u0119 za pomoc\u0105 dodatk\u00f3w?<\/strong><\/h3>\n<p>W przypadku wysokiej zabudowy si\u0142\u0105 rzeczy nale\u017cy zrezygnowa\u0107 z typowych <a href=\"https:\/\/www.brw.pl\/dekoracje\/dekoracje-scienne\/\" target=\"_blank\" rel=\"noopener noreferrer\">dekoracji \u015bciennych<\/a> takich jak <a href=\"https:\/\/www.brw.pl\/dekoracje\/dekoracje-scienne\/obrazy\/\" target=\"_blank\" rel=\"noopener noreferrer\">obrazy<\/a> lub <a href=\"https:\/\/www.brw.pl\/dekoracje\/zegary\/\" target=\"_blank\" rel=\"noopener noreferrer\">zegary<\/a>. Skup si\u0119 raczej na dodatkach, kt\u00f3re postawisz w g\u0142\u0119bi <a href=\"https:\/\/www.brw.pl\/meble\/meble-kuchenne\/blaty\/\" target=\"_blank\" rel=\"noopener noreferrer\">blatu<\/a> roboczego, na <a href=\"https:\/\/www.brw.pl\/meble\/stoly-i-krzesla\/stoly\/\" target=\"_blank\" rel=\"noopener noreferrer\">stole<\/a> czy wyspie kuchennej. Mamy tu na my\u015bli m.in. zio\u0142a i ozdobne ro\u015bliny w dekoracyjnych <a href=\"https:\/\/www.brw.pl\/dekoracje\/doniczki-i-oslonki\/doniczki\/\" target=\"_blank\" rel=\"noopener noreferrer\">donicach<\/a>, \u015bwie\u017ce kwiaty w <a href=\"https:\/\/www.brw.pl\/dekoracje\/wazony\/\" target=\"_blank\" rel=\"noopener noreferrer\">wazonach<\/a>. Rozejrzyj si\u0119 r\u00f3wnie\u017c za <a href=\"https:\/\/www.brw.pl\/serwowanie\/serwowanie-potraw\/tace-i-patery\/\" target=\"_blank\" rel=\"noopener noreferrer\">paterami<\/a> na owoce i warzywa, najlepiej za takimi o niebanalnym designie.<\/p>\n<div style=\"display: flex; flex-wrap: wrap; align-items: center; justify-content: center; text-align: center;\">\n<figure id=\"attachment_20530\" aria-describedby=\"caption-attachment-20530\" style=\"width: 285px\" class=\"wp-caption aligncenter\"><img decoding=\"async\" class=\"wp-image-20530 lazyload\" data-src=\"https:\/\/www.brw.pl\/blog\/wp-content\/uploads\/2023\/08\/doniczka-mika-mediuma.jpg\" alt=\"Doniczka Mika\" width=\"285\" height=\"214\" src=\"data:image\/svg+xml;base64,PHN2ZyB3aWR0aD0iMSIgaGVpZ2h0PSIxIiB4bWxucz0iaHR0cDovL3d3dy53My5vcmcvMjAwMC9zdmciPjwvc3ZnPg==\" style=\"--smush-placeholder-width: 285px; --smush-placeholder-aspect-ratio: 285\/214;\" \/><figcaption id=\"caption-attachment-20530\" class=\"wp-caption-text\"><a href=\"https:\/\/www.brw.pl\/doniczka-mika,47271\" target=\"_blank\" rel=\"noopener noreferrer\"><span style=\"font-weight: 400;\">Doniczka Mika<\/span><\/a><\/figcaption><\/figure>\n<figure id=\"attachment_20531\" aria-describedby=\"caption-attachment-20531\" style=\"width: 285px\" class=\"wp-caption aligncenter\"><img decoding=\"async\" class=\"wp-image-20531 lazyload\" data-src=\"https:\/\/www.brw.pl\/blog\/wp-content\/uploads\/2023\/08\/patera-mediuma.jpg\" alt=\"Patera\" width=\"285\" height=\"214\" src=\"data:image\/svg+xml;base64,PHN2ZyB3aWR0aD0iMSIgaGVpZ2h0PSIxIiB4bWxucz0iaHR0cDovL3d3dy53My5vcmcvMjAwMC9zdmciPjwvc3ZnPg==\" style=\"--smush-placeholder-width: 285px; --smush-placeholder-aspect-ratio: 285\/214;\" \/><figcaption id=\"caption-attachment-20531\" class=\"wp-caption-text\"><a href=\"https:\/\/www.brw.pl\/patera,43594\" target=\"_blank\" rel=\"noopener noreferrer\"><span style=\"font-weight: 400;\">Patera<\/span><\/a><\/figcaption><\/figure>\n<\/div>\n<p>Nie zapomnij o odpowiednim <a href=\"https:\/\/www.brw.pl\/oswietlenie\/kuchnia\/\" target=\"_blank\" rel=\"noopener noreferrer\">o\u015bwietleniu<\/a>. Du\u017ce <a href=\"https:\/\/www.brw.pl\/oswietlenie\/oswietlenie-wewnetrzne\/lampy-wiszace\/kuchnia\/\" target=\"_blank\" rel=\"noopener noreferrer\">lampy wisz\u0105ce<\/a> nie s\u0105 dobrym pomys\u0142em, poniewa\u017c mog\u0105 przyt\u0142oczy\u0107 wn\u0119trze o wysokiej zabudowie. Zastan\u00f3w si\u0119 raczej nad <a href=\"https:\/\/www.brw.pl\/oswietlenie\/oswietlenie-wewnetrzne\/oswietlenie-szynowe\/\" target=\"_blank\" rel=\"noopener noreferrer\">o\u015bwietleniem szynowym<\/a>, <a href=\"https:\/\/www.brw.pl\/oswietlenie\/oswietlenie-wewnetrzne\/plafony\/kuchnia\/\" target=\"_blank\" rel=\"noopener noreferrer\">plafonami<\/a>, <a href=\"https:\/\/www.brw.pl\/oswietlenie\/oswietlenie-wewnetrzne\/reflektory-i-spoty\/kuchnia\/\" target=\"_blank\" rel=\"noopener noreferrer\">spotami, reflektorkami<\/a>.<\/p>\n<p><center><img decoding=\"async\" class=\"alignnone wp-image-33103 lazyload\" data-src=\"https:\/\/www.brw.pl\/blog\/wp-content\/uploads\/2023\/06\/zestaw-szynowy-marvi-mediuma.jpg\" alt=\"Zestaw szynowy Marvi\" width=\"402\" height=\"302\" src=\"data:image\/svg+xml;base64,PHN2ZyB3aWR0aD0iMSIgaGVpZ2h0PSIxIiB4bWxucz0iaHR0cDovL3d3dy53My5vcmcvMjAwMC9zdmciPjwvc3ZnPg==\" style=\"--smush-placeholder-width: 402px; --smush-placeholder-aspect-ratio: 402\/302;\" \/><\/center><\/p>\n<p style=\"text-align: center;\"><a href=\"https:\/\/www.brw.pl\/zestaw-szynowy-marvi,48002\" target=\"_blank\" rel=\"noopener noreferrer\"><strong>ZESTAW SZYNOWY MARVI<\/strong><\/a><\/p>\n<h2><strong><span data-color=\"rgb(248, 250, 251)\">Kuchnia zabudowana pod sufit \u2013 aran\u017cacje<\/span><\/strong><\/h2>\n<p>Przygotowali\u015bmy dla Ciebie dwie aran\u017cacje zabudowanej do sufitu kuchni. Kt\u00f3ra z nich bardziej Ci si\u0119 podoba?<\/p>\n<h3 style=\"text-align: center;\"><strong>Szafki kuchenne i domowa biblioteka w jednym<\/strong><\/h3>\n<p><center><img decoding=\"async\" class=\"alignnone size-medium wp-image-33748 lazyload\" data-src=\"https:\/\/www.brw.pl\/blog\/wp-content\/uploads\/2023\/08\/senso-kitchen-traffic-98th-elysee-street-800x450.jpg\" alt=\"Senso Kitchens Traffic 98th Elysee Street\" width=\"800\" height=\"450\" data-srcset=\"https:\/\/www.brw.pl\/blog\/wp-content\/uploads\/2023\/08\/senso-kitchen-traffic-98th-elysee-street-800x450.jpg 800w, https:\/\/www.brw.pl\/blog\/wp-content\/uploads\/2023\/08\/senso-kitchen-traffic-98th-elysee-street.jpg 1920w, https:\/\/www.brw.pl\/blog\/wp-content\/uploads\/2023\/08\/senso-kitchen-traffic-98th-elysee-street-768x432.jpg 768w, https:\/\/www.brw.pl\/blog\/wp-content\/uploads\/2023\/08\/senso-kitchen-traffic-98th-elysee-street-1536x864.jpg 1536w\" data-sizes=\"(max-width: 800px) 100vw, 800px\" src=\"data:image\/svg+xml;base64,PHN2ZyB3aWR0aD0iMSIgaGVpZ2h0PSIxIiB4bWxucz0iaHR0cDovL3d3dy53My5vcmcvMjAwMC9zdmciPjwvc3ZnPg==\" style=\"--smush-placeholder-width: 800px; --smush-placeholder-aspect-ratio: 800\/450;\" \/><\/center><\/p>\n<p style=\"text-align: center;\"><strong>Kuchnia na wymiar <\/strong><a href=\"https:\/\/www.brw.pl\/traffic-98th-elysee-street,22142\" target=\"_blank\" rel=\"noopener noreferrer\"><strong>SENSO KITCHENS TRAFFIC &#8211; 98th ELYSEE STREET<\/strong><\/a><\/p>\n<p>Oto pi\u0119kna kuchnia z zabudow\u0105 pod sufit, &#8222;szyta na miar\u0119&#8221;. Nale\u017cy do kolekcji kuchni na wymiar Senso Kitchens. Wyposa\u017cyli\u015bmy j\u0105 w grafitowe szafki dolne. Nie odbieraj\u0105 metra\u017cu wizualnie, bo g\u00f3rna zabudowa ma bardzo jasne fronty. To nowoczesne wn\u0119trze z loftow\u0105 nut\u0105, w kt\u00f3rym zastosowali\u015bmy ciekawe rozwi\u0105zanie. <strong>Po\u0142\u0105czyli\u015bmy szafki kuchenne z p\u00f3\u0142kami na ksi\u0105\u017cki, kt\u00f3re znajduj\u0105 si\u0119 tu\u017c pod sufitem. Tym samym zaoszcz\u0119dzili\u015bmy troch\u0119 miejsca w salonie. <\/strong><\/p>\n<p><a href=\"https:\/\/www.brw.pl\/kolekcja-senso-kitchens,238\" target=\"_blank\" rel=\"noopener noreferrer\"><strong>Kuchnie na wymiar Senso Kitchens<\/strong><\/a> obejrzysz dok\u0142adniej na filmie dost\u0119pnym na <a href=\"https:\/\/www.youtube.com\/@brwmeble\" target=\"_blank\" rel=\"noopener noreferrer\"><strong>kanale BRW<\/strong><\/a> w serwisie YouTube:<\/p>\n<div class=\"videoWrapper\"><iframe title=\"Kuchnie na wymiar Senso Kitchens\" data-src=\"https:\/\/www.youtube.com\/embed\/DCpnJxp28H0\" frameborder=\"0\" allowfullscreen=\"allowfullscreen\" src=\"data:image\/svg+xml;base64,PHN2ZyB3aWR0aD0iMSIgaGVpZ2h0PSIxIiB4bWxucz0iaHR0cDovL3d3dy53My5vcmcvMjAwMC9zdmciPjwvc3ZnPg==\" data-load-mode=\"1\"><span data-mce-type=\"bookmark\" style=\"display: inline-block; width: 0px; overflow: hidden; line-height: 0;\" class=\"mce_SELRES_start lazyload\">\ufeff<\/span><\/iframe><\/div>\n<p>&nbsp;<\/p>\n<h3 style=\"text-align: center;\"><strong>Zabudowana kuchnia z ciemnymi szafkami<\/strong><\/h3>\n<p><center><img decoding=\"async\" class=\"alignnone size-medium wp-image-30304 lazyload\" data-src=\"https:\/\/www.brw.pl\/blog\/wp-content\/uploads\/2023\/02\/SOLE_orzech_lincolna_szary_polysk-800x600.jpg\" alt=\"SOLE_orzech_lincolna_szary_polysk\" width=\"800\" height=\"600\" data-srcset=\"https:\/\/www.brw.pl\/blog\/wp-content\/uploads\/2023\/02\/SOLE_orzech_lincolna_szary_polysk-800x600.jpg 800w, https:\/\/www.brw.pl\/blog\/wp-content\/uploads\/2023\/02\/SOLE_orzech_lincolna_szary_polysk.jpg 1440w, https:\/\/www.brw.pl\/blog\/wp-content\/uploads\/2023\/02\/SOLE_orzech_lincolna_szary_polysk-768x576.jpg 768w, https:\/\/www.brw.pl\/blog\/wp-content\/uploads\/2023\/02\/SOLE_orzech_lincolna_szary_polysk-1536x1152.jpg 1536w\" data-sizes=\"(max-width: 800px) 100vw, 800px\" src=\"data:image\/svg+xml;base64,PHN2ZyB3aWR0aD0iMSIgaGVpZ2h0PSIxIiB4bWxucz0iaHR0cDovL3d3dy53My5vcmcvMjAwMC9zdmciPjwvc3ZnPg==\" style=\"--smush-placeholder-width: 800px; --smush-placeholder-aspect-ratio: 800\/600;\" \/><\/center><\/p>\n<p style=\"text-align: center;\"><a href=\"https:\/\/www.brw.pl\/szafka-gorna-sole,40414\" target=\"_blank\" rel=\"noopener noreferrer\"><strong>SZAFKA G\u00d3RNA SOLE<\/strong><\/a><\/p>\n<p>Ma\u0142a kuchnia (ale wysoka!) widoczna na zdj\u0119ciu odzwierciedla nowoczesne wydanie loftu. Szafki g\u00f3rne z <a href=\"https:\/\/www.brw.pl\/meble\/meble-kuchenne\/kuchnie-modulowe\/\" target=\"_blank\" rel=\"noopener noreferrer\"><strong>kolekcji mebli modu\u0142owych Family Line<\/strong><\/a> &#8211; Sole w kolorze <em>orzech lincolna<\/em> efektownie odcinaj\u0105 si\u0119 od dolnej zabudowy w odcieniu bia\u0142y alpejski. <strong>Dodaj\u0105 przytulno\u015bci, ocieplaj\u0105c bia\u0142e fronty oraz niemal czarny dekor \u015bcienny nad blatem roboczym.<\/strong><\/p>\n<p>Po wi\u0119cej inspiracji zapraszamy do <a href=\"https:\/\/www.brw.pl\/\" target=\"_blank\" rel=\"noopener noreferrer\"><strong><u>sklepu internetowego Black Red White<\/u><\/strong><\/a><strong>!<\/strong><\/p>\n","protected":false},"excerpt":{"rendered":"<p>Zastanawiasz si\u0119, czy kuchnia zabudowana do sufitu to dobre rozwi\u0105zanie? Oczywi\u015bcie, \u017ce tak! Niezale\u017cnie od metra\u017cu pomieszczenia, wysoka zabudowa meblowa ma wiele plus\u00f3w. Jakich? Sprawd\u017a!<\/p>\n","protected":false},"author":29,"featured_media":33741,"comment_status":"closed","ping_status":"open","sticky":false,"template":"","format":"standard","meta":{"footnotes":""},"categories":[26,574],"tags":[],"aioseo_notices":[],"_links":{"self":[{"href":"https:\/\/www.brw.pl\/blog\/wp-json\/wp\/v2\/posts\/33740"}],"collection":[{"href":"https:\/\/www.brw.pl\/blog\/wp-json\/wp\/v2\/posts"}],"about":[{"href":"https:\/\/www.brw.pl\/blog\/wp-json\/wp\/v2\/types\/post"}],"author":[{"embeddable":true,"href":"https:\/\/www.brw.pl\/blog\/wp-json\/wp\/v2\/users\/29"}],"replies":[{"embeddable":true,"href":"https:\/\/www.brw.pl\/blog\/wp-json\/wp\/v2\/comments?post=33740"}],"version-history":[{"count":3,"href":"https:\/\/www.brw.pl\/blog\/wp-json\/wp\/v2\/posts\/33740\/revisions"}],"predecessor-version":[{"id":33750,"href":"https:\/\/www.brw.pl\/blog\/wp-json\/wp\/v2\/posts\/33740\/revisions\/33750"}],"wp:featuredmedia":[{"embeddable":true,"href":"https:\/\/www.brw.pl\/blog\/wp-json\/wp\/v2\/media\/33741"}],"wp:attachment":[{"href":"https:\/\/www.brw.pl\/blog\/wp-json\/wp\/v2\/media?parent=33740"}],"wp:term":[{"taxonomy":"category","embeddable":true,"href":"https:\/\/www.brw.pl\/blog\/wp-json\/wp\/v2\/categories?post=33740"},{"taxonomy":"post_tag","embeddable":true,"href":"https:\/\/www.brw.pl\/blog\/wp-json\/wp\/v2\/tags?post=33740"}],"curies":[{"name":"wp","href":"https:\/\/api.w.org\/{rel}","templated":true}]}}