{"id":33764,"date":"2023-08-14T19:06:08","date_gmt":"2023-08-14T17:06:08","guid":{"rendered":"https:\/\/www.brw.pl\/blog\/?p=33764"},"modified":"2023-12-01T15:50:58","modified_gmt":"2023-12-01T14:50:58","slug":"fotel-wiszacy-w-pokoju-aranzacje","status":"publish","type":"post","link":"https:\/\/www.brw.pl\/blog\/fotel-wiszacy-w-pokoju-aranzacje\/","title":{"rendered":"Fotel wisz\u0105cy w pokoju \u2013 aran\u017cacje"},"content":{"rendered":"<p><strong>Fotele wisz\u0105ce to niezwykle ciekawe elementy aran\u017cacji, kt\u00f3re mo\u017cna wykorzysta\u0107 zar\u00f3wno w salonie, jak i sypialni. Przyci\u0105gaj\u0105 uwag\u0119, maj\u0105 niesamowicie dekoracyjny charakter, ale przy tym s\u0105 r\u00f3wnie\u017c zaskakuj\u0105co funkcjonalne jako dodatkowy mebel do siedzenia, relaksu i wypoczynku. Jakie fotele wisz\u0105ce wybiera\u0107 i w jaki spos\u00f3b aran\u017cowa\u0107 przestrze\u0144 z ich udzia\u0142em? Tego dowiesz si\u0119 z tego artyku\u0142u.<\/strong><!--more--><\/p>\n<div style=\"display: flex; align-items: center; justify-content: center; text-align: center;\">\n<figure id=\"attachment_22210\" aria-describedby=\"caption-attachment-22210\" style=\"width: 728px\" class=\"wp-caption aligncenter\"><a href=\"https:\/\/www.brw.pl\/fotel-wiszacy-z-makramy-boho-bawelniany-bialy,71013\" target=\"_blank\" rel=\"noopener noreferrer\"><img decoding=\"async\" class=\"size-full wp-image-22210 lazyload\" data-src=\"https:\/\/www.brw.pl\/blog\/wp-content\/uploads\/2023\/08\/fotel-wisz\u0105cy-w-pokoju-aran\u017cacje.jpg\" alt=\"fotel wisz\u0105cy z makramy boho\" width=\"728\" height=\"483\" src=\"data:image\/svg+xml;base64,PHN2ZyB3aWR0aD0iMSIgaGVpZ2h0PSIxIiB4bWxucz0iaHR0cDovL3d3dy53My5vcmcvMjAwMC9zdmciPjwvc3ZnPg==\" style=\"--smush-placeholder-width: 728px; --smush-placeholder-aspect-ratio: 728\/483;\" \/><\/a><figcaption id=\"caption-attachment-22210\" class=\"wp-caption-text\"><a href=\"https:\/\/www.brw.pl\/fotel-wiszacy-z-makramy-boho-bawelniany-bialy,71013\" target=\"_blank\" rel=\"noopener noreferrer\"><span style=\"font-weight: 400;\">FOTEL WISZ\u0104CY Z MAKRAMY BOHO<\/span><\/a><\/figcaption><\/figure>\n<\/div>\n<h2><strong>Fotel wisz\u0105cy w pokoju \u2013 niecodzienny mebel, kt\u00f3ry odmieni charakter wn\u0119trza<\/strong><\/h2>\n<p>Wisz\u0105cy fotel to rzeczywi\u015bcie mebel niecodzienny. Rzadko decydujemy si\u0119 na tego rodzaju wyposa\u017cenie od razu. Z pewno\u015bci\u0105 nie jest to pierwsza rzecz, jaka przychodzi nam na my\u015bl, kiedy my\u015blimy o aran\u017cowaniu przestrzeni. Tymczasem wisz\u0105ce krzes\u0142o mo\u017ce si\u0119 okaza\u0107 pi\u0119knym i bardzo funkcjonalnym dodatkiem do pokoju. <a href=\"https:\/\/www.brw.pl\/ogrod\/meble-ogrodowe\/fotele-wiszace\/\" target=\"_blank\" rel=\"noopener noreferrer\">Fotel wisz\u0105cy<\/a> to bowiem \u017ar\u00f3d\u0142o pi\u0119knych aran\u017cacyjnych inspiracji. Gdzie go wykorzysta\u0107?<\/p>\n<h3>W pokoju dzieci\u0119cym<\/h3>\n<p>Oczywi\u015bcie mo\u017ce by\u0107 to jeden z tych mebli, kt\u00f3re kochaj\u0105 same dzieci i ch\u0119tnie si\u0119 na nich bawi\u0105. Jednak w takim miejscu przydaje si\u0119 on r\u00f3wnie\u017c rodzicom. Cudownie odpocz\u0105\u0107 w fotelu wisz\u0105cym i korzysta\u0107 z przyjemnego bujania, kiedy maluchy wieczorem zasypiaj\u0105. Tak mo\u017cna po\u0142\u0105czy\u0107 przyjemne z po\u017cytecznym.<\/p>\n<h3>W ogrodzie lub na balkonie<\/h3>\n<p>Wisz\u0105ce fotele wr\u0119cz stworzone s\u0105 do takich miejsc i pi\u0119knie je uzupe\u0142niaj\u0105. Wystarczy dobra\u0107 wygodne poduszki, by ciep\u0142e dni w ca\u0142o\u015bci sp\u0119dza\u0107 przyjemnie si\u0119 ko\u0142ysz\u0105c i upajaj\u0105c cisz\u0105 i spokojem.<\/p>\n<h3>W salonie jako dekoracja i jako dodatkowy mebel do siedzenia<\/h3>\n<p>Tego rodzaju dodatek z pewno\u015bci\u0105 podkre\u015bli charakter wn\u0119trza i uczyni je bardziej wyj\u0105tkowym. Z powodzeniem mo\u017cna nim zast\u0105pi\u0107 nawet klasyczny fotel. Jest to przecie\u017c dodatkowy mebel, na kt\u00f3rym usi\u0105\u015b\u0107 mo\u017cna w pe\u0142ni komfortowo.<\/p>\n<h3>W sypialni<\/h3>\n<p>W sypialni fotele wisz\u0105ce prezentuj\u0105 si\u0119 r\u00f3wnie dobrze. Ozdabiaj\u0105c je dodatkowymi poduszkami optycznie jeszcze bardziej &#8222;zmi\u0119kczymy&#8221; ten dodatek, przez co sypialnia wyda si\u0119 jeszcze bardziej przytulna.<\/p>\n<div style=\"display: flex; align-items: center; justify-content: center; text-align: center;\">\n<figure id=\"attachment_22210\" aria-describedby=\"caption-attachment-22210\" style=\"width: 728px\" class=\"wp-caption aligncenter\"><a href=\"https:\/\/www.brw.pl\/fotel-wiszacy-bujak-poduchy-czarny,71000\" target=\"_blank\" rel=\"noopener noreferrer\"><img decoding=\"async\" class=\"size-full wp-image-22210 lazyload\" data-src=\"https:\/\/www.brw.pl\/blog\/wp-content\/uploads\/2023\/08\/fotel-wisz\u0105cy-w-pokoju.jpg\" alt=\"fotel wisz\u0105cy bujak\" width=\"728\" height=\"483\" src=\"data:image\/svg+xml;base64,PHN2ZyB3aWR0aD0iMSIgaGVpZ2h0PSIxIiB4bWxucz0iaHR0cDovL3d3dy53My5vcmcvMjAwMC9zdmciPjwvc3ZnPg==\" style=\"--smush-placeholder-width: 728px; --smush-placeholder-aspect-ratio: 728\/483;\" \/><\/a><figcaption id=\"caption-attachment-22210\" class=\"wp-caption-text\"><a href=\"https:\/\/www.brw.pl\/fotel-wiszacy-bujak-poduchy-czarny,71000\" target=\"_blank\" rel=\"noopener noreferrer\"><span style=\"font-weight: 400;\">FOTEL WISZ\u0104CY BUJAK<\/span><\/a><\/figcaption><\/figure>\n<\/div>\n<h2><strong>Jaki fotel wisz\u0105cy do pokoju wybra\u0107?<\/strong><\/h2>\n<p>Wybieraj\u0105c wisz\u0105cy fotel do przestrzeni, kt\u00f3r\u0105 w\u0142a\u015bnie aran\u017cujesz, zwr\u00f3\u0107 uwag\u0119 przede wszystkim na to, czy jest to fotel, kt\u00f3ry nale\u017cy przykr\u0119ci\u0107 do sufitu, czy te\u017c fotel, kt\u00f3ry zamocowany jest na odpowiednim stela\u017cu. Nie wsz\u0119dzie bowiem b\u0119dzie mo\u017cliwo\u015b\u0107 wkr\u0119cenia haka w sufit, w zwi\u0105zku z czym jedyn\u0105 opcj\u0105 wyboru b\u0119dzie fotel na stela\u017cu. Jakie fotele wisz\u0105ce wybiera\u0107?<\/p>\n<h3><strong>Czarny fotel wisz\u0105cy z poduchami<\/strong><\/h3>\n<p>Ten <a href=\"https:\/\/www.brw.pl\/fotel-wiszacy-bujak-poduchy-czarny,71000\" target=\"_blank\" rel=\"noopener noreferrer\">wisz\u0105cy fotel<\/a> to wyj\u0105tkowa propozycja, bo ju\u017c na pierwszy rzut oka uwag\u0119 zwraca jego kszta\u0142t. Jego forma jest zaokr\u0105glona, rama wygi\u0119ta i nieco pod\u0142u\u017cna. Dzi\u0119ki temu mebel wydaje si\u0119 smuklejszy i niew\u0105tpliwie jest bardziej oryginalny. Warto rozwa\u017cy\u0107 jego obecno\u015b\u0107 w salonie o charakterze loftu, cho\u0107 rattanowe wyko\u0144czenie wpasuje si\u0119 r\u00f3wnie\u017c w styl boho. Wystarczy dorzuci\u0107 dekoracj\u0119 w postaci kolorowych poduszek.<\/p>\n<h3><strong>Fotel wisz\u0105cy z makramy<\/strong><\/h3>\n<p><a href=\"https:\/\/www.brw.pl\/fotel-wiszacy-z-makramy-boho-bawelniany-bialy,71013\" target=\"_blank\" rel=\"noopener noreferrer\">Fotele wisz\u0105ce<\/a> tego typu to kwintesencja stylu boho. Ca\u0142e siedzisko zosta\u0142o wyplecione, a to stworzy\u0142o przepi\u0119kn\u0105 konstrukcj\u0119, kt\u00f3ra zach\u0119ca do odpoczynku. Wybitnie charakterystyczne dla stylu boho, w kt\u00f3rym najlepiej u\u017cy\u0107 tego fotela, s\u0105 fr\u0119dzelki, kt\u00f3re znajdziemy pod siedziskiem. Dodaj\u0105 meblowi uroku. Fotele wisz\u0105ce w czarnym kolorze mo\u017cna zaprosi\u0107 zar\u00f3wno do wn\u0119trza urz\u0105dzonego w jasnych, jak i ciemnych barwach. W bardziej nowoczesnej formie stylu boho pojawi si\u0119 z pewno\u015bci\u0105 sporo bieli i be\u017cu, warto wi\u0119c rozwa\u017cy\u0107 pleciony fotel w bia\u0142ym kolorze.<\/p>\n<h3><strong>Krzes\u0142o wisz\u0105ce \u2013 idealne na patio<\/strong><\/h3>\n<p>Lekko <a href=\"https:\/\/www.brw.pl\/krzeslo-wiszace-jasnoszare-na-patio,71010\" target=\"_blank\" rel=\"noopener noreferrer\">modernistyczne fotele wisz\u0105ce<\/a> r\u00f3wnie\u017c doskonale si\u0119 sprawdz\u0105 w aran\u017cacjach, przede wszystkim taras\u00f3w i ogrod\u00f3w. Przeno\u015bna konstrukcja pozwoli schowa\u0107 mebel przed niepogod\u0105 i \u0142atwo wystawi\u0107 na zewn\u0105trz, kiedy pojawi si\u0119 s\u0142o\u0144ce. Przepastna poducha zach\u0119ca do tego, by zatopi\u0107 si\u0119 w niej podczas odpoczynku. Je\u015bli marzy Ci si\u0119 ogr\u00f3d, taras czy balkon w nowoczesnym stylu, takiego fotela nie powinno na nim zabrakn\u0105\u0107.<\/p>\n<h3><strong>Fotel wisz\u0105cy Alfred \u2013 sedno elegancji<\/strong><\/h3>\n<p>Na tym etapie warto obali\u0107 mit, \u017ce fotele wisz\u0105ce sprawdz\u0105 si\u0119 wy\u0142\u0105cznie w takim domu, kt\u00f3rego aran\u017cacja zmierza w kierunkach nowoczesnych lub lu\u017anych (takich jako boho), ale nie jest to mebel elegancki. Niekt\u00f3re modele foteli wisz\u0105cych idealnie sprawdz\u0105 si\u0119 we wn\u0119trzach, w kt\u00f3rych eksponujemy klas\u0119 i elegancj\u0119. Wyko\u0144czony w kolorze wenge <a href=\"https:\/\/www.brw.pl\/fotel-bujany-wiszacy-alfred-wenge-patio-dajar,63501\" target=\"_blank\" rel=\"noopener noreferrer\">fotel Alfred<\/a> jest tego dowodem. Pi\u0119kna konstrukcja i detale w postaci \u0142a\u0144cuszka, na kt\u00f3rym zawieszona jest konstrukcja mebla \u2013 to sprawia, \u017ce z powodzeniem mo\u017cemy go u\u017cy\u0107 w eleganckiej przestrzeni.<\/p>\n<div style=\"display: flex; align-items: center; justify-content: center; text-align: center;\">\n<figure id=\"attachment_22210\" aria-describedby=\"caption-attachment-22210\" style=\"width: 728px\" class=\"wp-caption aligncenter\"><a href=\"https:\/\/www.brw.pl\/krzeslo-wiszace-jasnoszare-na-patio,71010\" target=\"_blank\" rel=\"noopener noreferrer\"><img decoding=\"async\" class=\"size-full wp-image-22210 lazyload\" data-src=\"https:\/\/www.brw.pl\/blog\/wp-content\/uploads\/2023\/08\/fotel-wisz\u0105cy-do-pokoju.jpg\" alt=\"krzes\u0142o wisz\u0105ce na patio\" width=\"728\" height=\"483\" src=\"data:image\/svg+xml;base64,PHN2ZyB3aWR0aD0iMSIgaGVpZ2h0PSIxIiB4bWxucz0iaHR0cDovL3d3dy53My5vcmcvMjAwMC9zdmciPjwvc3ZnPg==\" style=\"--smush-placeholder-width: 728px; --smush-placeholder-aspect-ratio: 728\/483;\" \/><\/a><figcaption id=\"caption-attachment-22210\" class=\"wp-caption-text\"><a href=\"https:\/\/www.brw.pl\/krzeslo-wiszace-jasnoszare-na-patio,71010\" target=\"_blank\" rel=\"noopener noreferrer\"><span style=\"font-weight: 400;\">KRZES\u0141O WISZ\u0104CE NA PATIO<\/span><\/a><\/figcaption><\/figure>\n<\/div>\n<h2><strong>Fotel wisz\u0105cy w pokoju \u2013 aran\u017cacje \u00a0\u00a0\u00a0\u00a0\u00a0\u00a0\u00a0\u00a0 \u00a0<\/strong><\/h2>\n<p>Jak tworzy\u0107 aran\u017cacje z fotelem wisz\u0105cym w swoim domu i ogrodzie? Warto przestrzega\u0107 kilku prostych zasad, by pi\u0119knie wkomponowa\u0107 ten mebel w przestrze\u0144, kt\u00f3r\u0105 chcemy upi\u0119kszy\u0107.<\/p>\n<ul>\n<li>Dopasuj charakter mebla do stylu aran\u017cacyjnego, wed\u0142ug kt\u00f3rego tworzona jest ca\u0142a przestrze\u0144. W ofercie Black Red White znajdziesz fotele wisz\u0105ce o eleganckim charakterze, kt\u00f3re wspaniale sprawdz\u0105 si\u0119 w stylu glamour. Je\u015bli jednak urz\u0105dzasz przestrze\u0144 rustykaln\u0105 czy boho, zdecydowanie lepsze b\u0119d\u0105 propozycje foteli wisz\u0105cych z rattanu lub pi\u0119knej plecionki.<\/li>\n<li>Je\u015bli taki mebel stanie na tarasie lub w takim miejscu ogrodu, w kt\u00f3rym nie ma zadaszenia, pami\u0119taj o odpowiednim jego wyposa\u017ceniu. Poduszek z naturalnych materia\u0142\u00f3w warto w\u00f3wczas u\u017cywa\u0107 tylko w ciep\u0142e i bezdeszczowe dni. Je\u015bli jednak jest ryzyko wilgoci, zdecydowanie lepiej sprawdzi si\u0119 model poduchy wykonany z poliestru. Gwarantuje wi\u0119ksz\u0105 odporno\u015b\u0107 na wod\u0119 i z pewno\u015bci\u0105 si\u0119 nie zniszczy przy z\u0142ych warunkach pogodowych.<\/li>\n<li>Fotele wisz\u0105ce zawsze umieszczaj tam, gdzie jeste\u015b w stanie wygospodarowa\u0107 odrobin\u0119 wi\u0119cej miejsca. Chodzi o dodatkowe kilkana\u015bcie centymetr\u00f3w w promieniu tego mebla, dzi\u0119ki kt\u00f3rym mo\u017cliwe b\u0119dzie korzystanie z tego, co w przypadku tego fotela najwa\u017cniejsze &#8211; z przyjemnego ko\u0142ysania. Nie obawiaj si\u0119 jednak, \u017ce do posiadania takiego fotela potrzebujesz ogromnej przestrzeni. Z regu\u0142y nie zajmuje wi\u0119cej miejsca ni\u017c klasyczny fotel.<\/li>\n<\/ul>\n<p><a href=\"https:\/\/www.brw.pl\/blog\/chcesz-wprowadzic-oryginalny-akcent-do-pokoju-postaw-na-wzorzysty-fotel\/\" target=\"_blank\" rel=\"noopener noreferrer\"><strong>Chcesz wprowadzi\u0107 do pokoju oryginalny akcent? Zobacz aran\u017cacje ze wzorzystym fotelem w roli g\u0142\u00f3wnej!<\/strong><\/a><\/p>\n<p>Fotele wisz\u0105ce to wspania\u0142y dodatek do niemal ka\u017cdej przestrzeni. Ich monta\u017c (zw\u0142aszcza modeli na stela\u017cu) jest bajecznie prosty, a sam mebel prezentuje si\u0119 zjawiskowo. Do czytania ksi\u0105\u017cki, do ogl\u0105dania telewizji, do odpoczynku na \u015bwie\u017cym powietrzu \u2013 zdecyduj, do czego wykorzystasz sw\u00f3j fotel wisz\u0105cy i nie zastanawiaj si\u0119 d\u0142u\u017cej nad jego zakupem.<\/p>\n","protected":false},"excerpt":{"rendered":"<p>Fotele wisz\u0105ce to niezwykle ciekawe elementy aran\u017cacji, kt\u00f3re mo\u017cna wykorzysta\u0107 zar\u00f3wno w salonie, jak i sypialni. Przyci\u0105gaj\u0105 uwag\u0119, maj\u0105 niesamowicie dekoracyjny charakter, ale przy tym s\u0105 r\u00f3wnie\u017c zaskakuj\u0105co funkcjonalne jako dodatkowy mebel do siedzenia, relaksu i wypoczynku. Jakie fotele wisz\u0105ce wybiera\u0107 i w jaki spos\u00f3b aran\u017cowa\u0107 przestrze\u0144 z ich udzia\u0142em? Tego dowiesz si\u0119 z tego [&hellip;]<\/p>\n","protected":false},"author":27,"featured_media":33765,"comment_status":"closed","ping_status":"open","sticky":false,"template":"","format":"standard","meta":{"footnotes":""},"categories":[735],"tags":[],"aioseo_notices":[],"_links":{"self":[{"href":"https:\/\/www.brw.pl\/blog\/wp-json\/wp\/v2\/posts\/33764"}],"collection":[{"href":"https:\/\/www.brw.pl\/blog\/wp-json\/wp\/v2\/posts"}],"about":[{"href":"https:\/\/www.brw.pl\/blog\/wp-json\/wp\/v2\/types\/post"}],"author":[{"embeddable":true,"href":"https:\/\/www.brw.pl\/blog\/wp-json\/wp\/v2\/users\/27"}],"replies":[{"embeddable":true,"href":"https:\/\/www.brw.pl\/blog\/wp-json\/wp\/v2\/comments?post=33764"}],"version-history":[{"count":3,"href":"https:\/\/www.brw.pl\/blog\/wp-json\/wp\/v2\/posts\/33764\/revisions"}],"predecessor-version":[{"id":35158,"href":"https:\/\/www.brw.pl\/blog\/wp-json\/wp\/v2\/posts\/33764\/revisions\/35158"}],"wp:featuredmedia":[{"embeddable":true,"href":"https:\/\/www.brw.pl\/blog\/wp-json\/wp\/v2\/media\/33765"}],"wp:attachment":[{"href":"https:\/\/www.brw.pl\/blog\/wp-json\/wp\/v2\/media?parent=33764"}],"wp:term":[{"taxonomy":"category","embeddable":true,"href":"https:\/\/www.brw.pl\/blog\/wp-json\/wp\/v2\/categories?post=33764"},{"taxonomy":"post_tag","embeddable":true,"href":"https:\/\/www.brw.pl\/blog\/wp-json\/wp\/v2\/tags?post=33764"}],"curies":[{"name":"wp","href":"https:\/\/api.w.org\/{rel}","templated":true}]}}