{"id":33903,"date":"2023-09-02T08:01:21","date_gmt":"2023-09-02T06:01:21","guid":{"rendered":"https:\/\/www.brw.pl\/blog\/?p=33903"},"modified":"2025-09-23T12:49:20","modified_gmt":"2025-09-23T10:49:20","slug":"kwiaty-w-salonie-inspiracje-z-black-red-white","status":"publish","type":"post","link":"https:\/\/www.brw.pl\/blog\/kwiaty-w-salonie-inspiracje-z-black-red-white\/","title":{"rendered":"Najmodniejsze kwiaty do salonu \u2013 inspiracje z Black Red White"},"content":{"rendered":"<p><strong>Oczyszczaj\u0105 powietrze, poch\u0142aniaj\u0105 kurz, wprowadzaj\u0105 do wn\u0119trza powiew \u015bwie\u017co\u015bci. Kwiaty doniczkowe to naturalne dekoracje, kt\u00f3rymi o\u017cywisz aran\u017cacj\u0119 salonu. Jak wyeksponowa\u0107 je w przestrzeni dziennej, by uzyska\u0107 oryginalny efekt? Zapro\u015b ziele\u0144 do swojego domu lub mieszkania. Sprawd\u017a nasze propozycje modnych kwiat\u00f3w do salonu!<\/strong><br \/>\n<!--more--><\/p>\n<div style=\"display: flex; align-items: center; justify-content: center; text-align: center;\">\n<figure id=\"attachment_39886\" aria-describedby=\"caption-attachment-39886\" style=\"width: 800px\" class=\"wp-caption alignnone\"><img decoding=\"async\" class=\"wp-image-39886 size-medium lazyload\" data-src=\"https:\/\/www.brw.pl\/blog\/wp-content\/uploads\/2025\/09\/LUEN_pokoj_dzienny_CA_DTG_DMU_Ar1-800x511.jpg\" alt=\"Modne kwiaty do salonu inspiracje\" width=\"800\" height=\"511\" data-srcset=\"https:\/\/www.brw.pl\/blog\/wp-content\/uploads\/2025\/09\/LUEN_pokoj_dzienny_CA_DTG_DMU_Ar1-800x511.jpg 800w, https:\/\/www.brw.pl\/blog\/wp-content\/uploads\/2025\/09\/LUEN_pokoj_dzienny_CA_DTG_DMU_Ar1-768x491.jpg 768w, https:\/\/www.brw.pl\/blog\/wp-content\/uploads\/2025\/09\/LUEN_pokoj_dzienny_CA_DTG_DMU_Ar1-1536x982.jpg 1536w, https:\/\/www.brw.pl\/blog\/wp-content\/uploads\/2025\/09\/LUEN_pokoj_dzienny_CA_DTG_DMU_Ar1.jpg 1674w\" data-sizes=\"(max-width: 800px) 100vw, 800px\" src=\"data:image\/svg+xml;base64,PHN2ZyB3aWR0aD0iMSIgaGVpZ2h0PSIxIiB4bWxucz0iaHR0cDovL3d3dy53My5vcmcvMjAwMC9zdmciPjwvc3ZnPg==\" style=\"--smush-placeholder-width: 800px; --smush-placeholder-aspect-ratio: 800\/511;\" \/><figcaption id=\"caption-attachment-39886\" class=\"wp-caption-text\"><a href=\"https:\/\/www.brw.pl\/komoda-luen-143-cm-z-drzwiami-i-3-szufladami-dab-tegola-dab-mauvella,613735\" target=\"_blank\" rel=\"noopener noreferrer\"><span style=\"font-weight: 400;\">Komoda Luen<\/span><\/a> &#8211; <a href=\"https:\/\/www.brw.pl\/polka-scienna-luen-155-cm-dab-tegola-dab-mauvella,613736\" target=\"_blank\" rel=\"noopener noreferrer\"><span style=\"font-weight: 400;\">P\u00f3\u0142ka \u015bcienna Luen<\/span><\/a><\/figcaption><\/figure>\n<\/div>\n<h2><strong>Kwiaty w salonie? Naturalnie!<\/strong><\/h2>\n<p>Je\u015bli \u015bledzisz nowinki wn\u0119trzarskie, style aran\u017cacji takie jak botanical czy urban jungle z pewno\u015bci\u0105 s\u0105 Ci znane. Rozwijaj\u0105ca si\u0119 od kilku sezon\u00f3w moda na zielone mieszkania opanowa\u0142a przede wszystkim du\u017ce miasta. I nic dziwnego \u2013 <strong>aran\u017cacje z udzia\u0142em kwiat\u00f3w doniczkowych przywracaj\u0105 natur\u0119 tam, gdzie skutki jej braku odczuwa si\u0119 najdotkliwiej<\/strong>.<\/p>\n<p>Za spraw\u0105 trendu znanego jako &#8222;biofilic design&#8221; (design biofilny) ro\u015bliny sta\u0142y si\u0119 niezwykle po\u017c\u0105danym elementem wystroju. Dzi\u015b ju\u017c ma\u0142o kto ogranicza si\u0119 do jednego czy dw\u00f3ch okaz\u00f3w ustawionych na parapecie. Domowe kolekcje kwiat\u00f3w zdobi\u0105 nie tylko okna, ale i a\u017curowe <a href=\"https:\/\/www.brw.pl\/meble\/przechowywanie\/regaly\/\" target=\"_blank\" rel=\"noopener noreferrer\">rega\u0142y<\/a>, <a href=\"https:\/\/www.brw.pl\/przechowywanie\/stojaki\/kwietniki\/\" target=\"_blank\" rel=\"noopener noreferrer\">kwietniki<\/a>, <a href=\"https:\/\/www.brw.pl\/meble\/przechowywanie\/polki\/\" target=\"_blank\" rel=\"noopener noreferrer\">p\u00f3\u0142ki<\/a>, pod\u0142og\u0119, meble, lampy, a nawet \u015bciany.<\/p>\n<p>Wsp\u00f3\u0142cze\u015bnie projektanci prze\u015bcigaj\u0105 si\u0119 w pomys\u0142ach na ogrody wertykalne \u2013 inspiracje z ciekawymi kompozycjami \u015bciennymi podpatrze\u0107 mo\u017cna cho\u0107by w Internecie czy w prasie bran\u017cowej. Pionowe ogrody pi\u0119knie si\u0119 prezentuj\u0105, s\u0105 \u0142atwe w piel\u0119gnacji, a ponadto przyczyniaj\u0105 si\u0119 do poprawy jako\u015bci powietrza w domu.<\/p>\n<p>Naturalna ziele\u0144, cho\u0107 sprawdza si\u0119 w r\u00f3\u017cnego rodzaju pomieszczeniach, najokazalej prezentuje si\u0119 w salonie. Tam te\u017c naj\u0142atwiej j\u0105 wyeksponowa\u0107. <strong>Najmodniejsze kwiaty do salonu<\/strong> <strong>to mi\u0119dzy innymi ro\u015bliny o imponuj\u0105cych rozmiarach czy wzorzystych li\u015bciach <\/strong>\u2013 takie gatunki maj\u0105 bardzo &#8222;reprezentacyjny&#8221; charakter.<\/p>\n<p style=\"text-align: center;\">Czytaj tak\u017ce: <a href=\"https:\/\/www.brw.pl\/blog\/kwiaty-do-sypialni-sposob-na-zdrowy-sen\/\" target=\"_blank\" rel=\"noopener noreferrer\">&#8222;Kwiaty do sypialni \u2013 spos\u00f3b na zdrowy sen!&#8221;<\/a>.<\/p>\n<h2><strong>Pomys\u0142 na kwiaty w salonie z Black Red White<\/strong><\/h2>\n<p>W tej cz\u0119\u015bci artyku\u0142u opowiemy o tym, jakie kwiaty do salonu wybra\u0107, jak rozplanowa\u0107 ich u\u0142o\u017cenie oraz jak je zaaran\u017cowa\u0107. Przedstawimy r\u00f3wnie\u017c odpowiednie dodatki, kt\u00f3re podkre\u015bl\u0105 obecno\u015b\u0107 ro\u015blin we wn\u0119trzu.<\/p>\n<h3>Modne kwiaty doniczkowe do salonu \u2013 co wybra\u0107?<\/h3>\n<p>Centra ogrodnicze i kwiaciarnie oferuj\u0105 wiele r\u00f3\u017cnorodnych ro\u015blin doniczkowych. W kontek\u015bcie dekorowania salonu warto przyjrze\u0107 si\u0119 przede wszystkim tym gatunkom, kt\u00f3re wyr\u00f3\u017cniaj\u0105 si\u0119 oryginalnym wygl\u0105dem. <strong>Du\u017ce kwiaty doniczkowe <\/strong>(np. monstery), <strong>kaktusy<\/strong>, kwitn\u0105ce <strong>storczyki<\/strong> i inne osobliwo\u015bci ze \u015bwiata flory pozwalaj\u0105 na stworzenie atrakcyjnej aran\u017cacji przy stosunkowo niewielkim nak\u0142adzie \u015brodk\u00f3w. Niekt\u00f3re ro\u015bliny, na przyk\u0142ad te o barwnych li\u015bciach, same w sobie potrafi\u0105 by\u0107 wyj\u0105tkowo dekoracyjne. Do okaz\u00f3w niezwyk\u0142ej urody nale\u017c\u0105 mi\u0119dzy innymi <strong>trzykrotka pasiasta<\/strong>, <strong>fitonia<\/strong>, <strong>begonia<\/strong> czy <strong>maranta<\/strong>.<\/p>\n<div style=\"display: flex; align-items: center; justify-content: center; text-align: center;\">\n<figure id=\"attachment_33906\" aria-describedby=\"caption-attachment-33906\" style=\"width: 528px\" class=\"wp-caption aligncenter\"><img decoding=\"async\" class=\"wp-image-33906 size-medium lazyload\" data-src=\"https:\/\/www.brw.pl\/blog\/wp-content\/uploads\/2023\/08\/THK-078457-THK-085579-THK-086693-THK-080508-THK-084833-THK-080065-528x800.jpg\" alt=\"Donica Loto\" width=\"528\" height=\"800\" data-srcset=\"https:\/\/www.brw.pl\/blog\/wp-content\/uploads\/2023\/08\/THK-078457-THK-085579-THK-086693-THK-080508-THK-084833-THK-080065-528x800.jpg 528w, https:\/\/www.brw.pl\/blog\/wp-content\/uploads\/2023\/08\/THK-078457-THK-085579-THK-086693-THK-080508-THK-084833-THK-080065.jpg 710w\" data-sizes=\"(max-width: 528px) 100vw, 528px\" src=\"data:image\/svg+xml;base64,PHN2ZyB3aWR0aD0iMSIgaGVpZ2h0PSIxIiB4bWxucz0iaHR0cDovL3d3dy53My5vcmcvMjAwMC9zdmciPjwvc3ZnPg==\" style=\"--smush-placeholder-width: 528px; --smush-placeholder-aspect-ratio: 528\/800;\" \/><figcaption id=\"caption-attachment-33906\" class=\"wp-caption-text\"><a href=\"https:\/\/www.brw.pl\/donica-loto,38841\" target=\"_blank\" rel=\"noopener noreferrer\"><span style=\"font-weight: 400;\">Donica Loto<\/span><\/a> <b>podkre\u015bli urod\u0119 ka\u017cdej ro\u015bliny <\/b><\/figcaption><\/figure>\n<\/div>\n<blockquote><p>W salonie, gdzie czas sp\u0119dzaj\u0105 wszyscy domownicy, szczeg\u00f3lnie sprawdzaj\u0105 si\u0119 kwiaty od\u015bwie\u017caj\u0105ce powietrze. Dracena obrze\u017cona czy pospolita zielistka Sternberga znakomicie nadaj\u0105 si\u0119 do oczyszczania powietrza z lotnych zanieczyszcze\u0144 <strong>\u2013 podpowiada ekspert Black Red White.\u00a0<\/strong><\/p><\/blockquote>\n<p>Je\u015bli nie masz r\u0119ki do ro\u015blin, zapro\u015b do wn\u0119trza sukulenty. Grubosz, znany powszechnie jako <strong>drzewko szcz\u0119\u015bcia<\/strong>, charakteryzuje si\u0119 du\u017c\u0105 wytrzyma\u0142o\u015bci\u0105 i odporno\u015bci\u0105 na zaniedbania. Nie wymaga cz\u0119stego podlewania, a wilgo\u0107 wr\u0119cz mu nie s\u0142u\u017cy. Z tego powodu jest odpowiedni\u0105 propozycj\u0105 dla os\u00f3b zabieganych. <strong>Mniejsze sukulenty najlepiej prezentuj\u0105 si\u0119 w grupach<\/strong> \u2013 do salonu warto kupi\u0107 co najmniej kilka sztuk.<\/p>\n<h3>Du\u017ce ro\u015bliny doniczkowe \u2013 <span id=\"Duze_rosliny_doniczkowe\">pi\u0119kna dekoracja wn\u0119trza<\/span><\/h3>\n<p>Okaza\u0142e ro\u015bliny to prawdziwe pierwszoplanowe gwiazdy aran\u017cacji wn\u0119trz. Du\u017ce kwiaty pi\u0119knie prezentuj\u0105 si\u0119 w plecionych os\u0142onkach. <a href=\"https:\/\/www.brw.pl\/przechowywanie\/kosze-i-koszyki\/\" target=\"_blank\" rel=\"noopener noreferrer\">Kosze i koszyki<\/a> z trawy morskiej bardzo dobrze sprawdzaj\u0105 si\u0119 w tej roli. W industrialnych przestrzeniach egzamin zdadz\u0105 donice z kamienia lub betonu architektonicznego, natomiast w rustykalnych \u2013 gliniane. Zielon\u0105 sceneri\u0119 we w\u0142asnym salonie wyczarujesz dzi\u0119ki kwiatom takim jak:<\/p>\n<ul>\n<li><strong>fikusy<\/strong> \u2013 zwane r\u00f3wnie\u017c figowcami. W swoim naturalnym \u015brodowisku nierzadko wyrastaj\u0105 na pot\u0119\u017cne drzewa. Co prawda w warunkach domowych ich wzrost ograniczony jest przez doniczk\u0119, jednak mimo to potrafi\u0105 osi\u0105ga\u0107 znaczne rozmiary. Do najpopularniejszych ro\u015blin pokojowych nale\u017c\u0105 <strong>fikus spr\u0119\u017cysty<\/strong> oraz <strong>fikus lirolistny<\/strong> o lekko pofalowanych blaszkach li\u015bciowych. Figowce lubi\u0105 wilgotne pod\u0142o\u017ce, ale nie toleruj\u0105 nadmiaru wilgoci \u2013 zalanie powoduje u nich zrzucanie li\u015bci. Fikus najlepiej czuje si\u0119 w jasnym \u015bwietle.<\/li>\n<li><strong>palmy <\/strong>\u2013 jedne z najbardziej efektownych ro\u015blin do salonu. Charakteryzuje je kr\u00f3tki, w\u0142\u00f3knisty pie\u0144 i pi\u00f3ropusz ostro zako\u0144czonych li\u015bci. Poszczeg\u00f3lne gatunki palm, np. areki, s\u0105 \u0142atwe w uprawie, na og\u00f3\u0142 dobrze znosz\u0105 ch\u0142ody, ale lepiej trzyma\u0107 je w temperaturze pokojowej. Latem wymagaj\u0105 obfitego podlewania.<\/li>\n<li><strong>monstera <\/strong>\u2013 nale\u017cy do ro\u015blin pn\u0105cych o bardzo dekoracyjnym ulistnieniu i r\u00f3wnie\u017c z tego powodu cieszy si\u0119 ogromn\u0105 popularno\u015bci\u0105. Monsterze trzeba zapewni\u0107 odpowiedni\u0105 podpor\u0119 \u2013 dobrym wyborem b\u0119dzie palik kokosowy. Ro\u015blina potrzebuje dobrego o\u015bwietlenia, latem jednak bardziej s\u0142u\u017cy jej \u0142agodne \u015bwiat\u0142o rozproszone. Monster\u0119 nale\u017cy regularnie podlewa\u0107, a w upalne dni dodatkowo zrasza\u0107. Niska wilgotno\u015b\u0107 powietrza sprawia, \u017ce podziurkowane, intensywnie zielone li\u015bcie monstery zaczynaj\u0105 br\u0105zowie\u0107.<\/li>\n<\/ul>\n<div style=\"display: flex; align-items: center; justify-content: center; text-align: center;\">\n<figure id=\"attachment_33273\" aria-describedby=\"caption-attachment-33273\" style=\"width: 450px\" class=\"wp-caption aligncenter\"><img decoding=\"async\" class=\"wp-image-33273 lazyload\" data-src=\"https:\/\/www.brw.pl\/blog\/wp-content\/uploads\/2023\/06\/kosz-pleciony-z-fredzlami-l-mediuma.jpg\" alt=\"Kosz pleciony z fr\u0119dzlami\" width=\"450\" height=\"338\" src=\"data:image\/svg+xml;base64,PHN2ZyB3aWR0aD0iMSIgaGVpZ2h0PSIxIiB4bWxucz0iaHR0cDovL3d3dy53My5vcmcvMjAwMC9zdmciPjwvc3ZnPg==\" style=\"--smush-placeholder-width: 450px; --smush-placeholder-aspect-ratio: 450\/338;\" \/><figcaption id=\"caption-attachment-33273\" class=\"wp-caption-text\"><a href=\"https:\/\/www.brw.pl\/kosz-pleciony-z-fredzlami-l,49807\" target=\"_blank\" rel=\"noopener noreferrer\"><span style=\"font-weight: 400;\">Kosz pleciony z fr\u0119dzlami<\/span><\/a><\/figcaption><\/figure>\n<\/div>\n<div style=\"display: flex; align-items: center; justify-content: center; text-align: center;\">\n<figure id=\"attachment_33907\" aria-describedby=\"caption-attachment-33907\" style=\"width: 450px\" class=\"wp-caption aligncenter\"><img decoding=\"async\" class=\"wp-image-33907 lazyload\" data-src=\"https:\/\/www.brw.pl\/blog\/wp-content\/uploads\/2023\/08\/kosz-pleciony-z-uszami-m-mediuma.jpg\" alt=\"Kosz pleciony z uszami\" width=\"450\" height=\"338\" src=\"data:image\/svg+xml;base64,PHN2ZyB3aWR0aD0iMSIgaGVpZ2h0PSIxIiB4bWxucz0iaHR0cDovL3d3dy53My5vcmcvMjAwMC9zdmciPjwvc3ZnPg==\" style=\"--smush-placeholder-width: 450px; --smush-placeholder-aspect-ratio: 450\/338;\" \/><figcaption id=\"caption-attachment-33907\" class=\"wp-caption-text\"><a href=\"https:\/\/www.brw.pl\/kosz-pleciony-z-uszami-m,49811\" target=\"_blank\" rel=\"noopener noreferrer\"><span style=\"font-weight: 400;\">Kosz pleciony z uszami<\/span><\/a><\/figcaption><\/figure>\n<\/div>\n<h3>Ro\u015bliny doniczkowe na parapet<\/h3>\n<p>Poszukuj\u0105c ro\u015blin doniczkowych w sam raz na parapet, we\u017a pod uwag\u0119 warunki panuj\u0105ce na danym stanowisku. Niekt\u00f3re gatunki nadaj\u0105 si\u0119 do cienistego salonu, inne b\u0119d\u0105 czu\u0107 si\u0119 lepiej w dobrze o\u015bwietlonych miejscach.<\/p>\n<ul>\n<li><strong>skrzyd\u0142okwiat <\/strong>\u2013 latem potrzebuje cienistego stanowiska, za to zim\u0105 s\u0142onecznego. Dostatek \u015bwiat\u0142a zimow\u0105 por\u0105 powoduje, \u017ce skrzyd\u0142okwiat obficie zakwita wiosn\u0105. Ozdobne bia\u0142e li\u015bcie brane cz\u0119sto za kwiaty w rzeczywisto\u015bci s\u0105 os\u0142onkami kolbowatych kwiatostan\u00f3w. Skrzyd\u0142okwiaty wyr\u00f3\u017cniaj\u0105 si\u0119 bardzo delikatn\u0105 urod\u0105, kt\u00f3r\u0105 podkre\u015blaj\u0105 b\u0142yszcz\u0105ce du\u017ce li\u015bcie. Odnajdzie si\u0119 w ka\u017cdym stylu aran\u017cacyjnym, ale najbardziej pasuje do wn\u0119trz minimalistycznych i nowoczesnych.<\/li>\n<li><strong>sansewieria <\/strong>\u2013 pochodz\u0105ca ze \u015brodkowej Afryki sansewieria gwinejska, zwana r\u00f3wnie\u017c &#8222;j\u0119zykiem te\u015bciowej&#8221;, to ro\u015blina bardzo \u0142atwa w uprawie. Nie nale\u017cy jej jednak cz\u0119sto podlewa\u0107. Jej li\u015bcie \u2013 d\u0142ugie, o mieczowatym kszta\u0142cie, b\u0119d\u0105 wyj\u0105tkow\u0105 ozdob\u0105 salonu.<\/li>\n<\/ul>\n<p>Niewielkie kwiaty do salonu maj\u0105 t\u0119 zalet\u0119, \u017ce mo\u017cna umieszcza\u0107 je w r\u00f3\u017cnorodnych naczyniach \u2013 metalowych doniczkach, emaliowanych garnkach lub drewnianych skrzynkach. <a href=\"https:\/\/www.brw.pl\/dekoracje\/doniczki-i-oslonki\/\" target=\"_blank\" rel=\"noopener noreferrer\">Doniczki i os\u0142onki<\/a> warto dopasowa\u0107 do stylu aran\u017cacji.<\/p>\n<div style=\"display: flex; align-items: center; justify-content: center; text-align: center;\">\n<figure id=\"attachment_32446\" aria-describedby=\"caption-attachment-32446\" style=\"width: 450px\" class=\"wp-caption aligncenter\"><img decoding=\"async\" class=\"wp-image-32446 lazyload\" data-src=\"https:\/\/www.brw.pl\/blog\/wp-content\/uploads\/2023\/05\/donica-gracia-low.jpg\" alt=\"donica Gracia Low\" width=\"450\" height=\"338\" src=\"data:image\/svg+xml;base64,PHN2ZyB3aWR0aD0iMSIgaGVpZ2h0PSIxIiB4bWxucz0iaHR0cDovL3d3dy53My5vcmcvMjAwMC9zdmciPjwvc3ZnPg==\" style=\"--smush-placeholder-width: 450px; --smush-placeholder-aspect-ratio: 450\/338;\" \/><figcaption id=\"caption-attachment-32446\" class=\"wp-caption-text\"><a href=\"https:\/\/www.brw.pl\/donica-gracia-low,54510\" target=\"_blank\" rel=\"noopener noreferrer\"><span style=\"font-weight: 400;\">Donica Gracia Low<\/span><\/a><\/figcaption><\/figure>\n<\/div>\n<div style=\"display: flex; align-items: center; justify-content: center; text-align: center;\">\n<figure id=\"attachment_33908\" aria-describedby=\"caption-attachment-33908\" style=\"width: 450px\" class=\"wp-caption aligncenter\"><img decoding=\"async\" class=\"wp-image-33908 lazyload\" data-src=\"https:\/\/www.brw.pl\/blog\/wp-content\/uploads\/2023\/08\/oslonka-folke-mediuma.jpg\" alt=\"Os\u0142onka Folke\" width=\"450\" height=\"338\" src=\"data:image\/svg+xml;base64,PHN2ZyB3aWR0aD0iMSIgaGVpZ2h0PSIxIiB4bWxucz0iaHR0cDovL3d3dy53My5vcmcvMjAwMC9zdmciPjwvc3ZnPg==\" style=\"--smush-placeholder-width: 450px; --smush-placeholder-aspect-ratio: 450\/338;\" \/><figcaption id=\"caption-attachment-33908\" class=\"wp-caption-text\"><a href=\"https:\/\/www.brw.pl\/oslonka-folke,51265\" target=\"_blank\" rel=\"noopener noreferrer\"><span style=\"font-weight: 400;\">Os\u0142onka Folke<\/span><\/a><\/figcaption><\/figure>\n<\/div>\n<h3>Ro\u015bliny idealne do kwietnik\u00f3w<\/h3>\n<p>Nietypowa sylwetka i d\u0142ugie, wiotkie p\u0119dy to zalety kwiat\u00f3w zwisaj\u0105cych. Takie ro\u015bliny znakomicie prezentuj\u0105 si\u0119 w kwietnikach \u2013 zar\u00f3wno tych wisz\u0105cych (np. makramowych), jak i stoj\u0105cych. W salonie mo\u017cesz postawi\u0107 je w ro\u015blinnym k\u0105ciku zorganizowanym w strefie wypoczynkowej, wyeksponowa\u0107 na p\u00f3\u0142kach \u015bciennych albo wysokich rega\u0142ach. Mo\u017cliwo\u015bci jest bardzo wiele.<\/p>\n<ul>\n<li><strong>Starzec Rowleya <\/strong>\u2013 modna w ostatnim czasie ro\u015blina, kt\u00f3ra wyr\u00f3\u017cnia si\u0119 przede wszystkim pi\u0119knym wygl\u0105dem. D\u0142ugie nitkowane \u0142odygi z paciorkowatymi li\u015b\u0107mi przypominaj\u0105 sznur pere\u0142 \u2013 zielona kaskada zwieszaj\u0105ca si\u0119 z doniczki b\u0119dzie nietuzinkow\u0105 dekoracj\u0105 salonu. Starzec potrzebuje ciep\u0142ego i s\u0142onecznego stanowiska oraz regularnego nawadniania.<\/li>\n<li><strong>lampion chi\u0144ski <\/strong>\u2013 popularna w\u015br\u00f3d hodowc\u00f3w kwiat\u00f3w ceropegia woodii to zwisaj\u0105ca ro\u015blina doniczkowa o niew\u0105tpliwych walorach dekoracyjnych. Ma\u0142e jajowate listki i d\u0142ugie p\u0119dy tworz\u0105 subteln\u0105 kurtyn\u0119, idealn\u0105 do zwieszaj\u0105cych si\u0119 z sufitu koszy lub ozdobnych stojak\u00f3w. Lampion chi\u0144ski ma ma\u0142e wymagania \u2013 nie potrzebuje skomplikowanych zabieg\u00f3w piel\u0119gnacyjnych.<\/li>\n<li><strong>epipremnum<\/strong> \u2013 \u0142atwe w uprawie pn\u0105cze, kt\u00f3re doskonale radzi sobie w r\u00f3\u017cnych warunkach \u015brodowiskowych. Sercowate li\u015bcie wyr\u00f3\u017cniaj\u0105 si\u0119 efektownymi marmurkowymi wzorami w zielono-\u017c\u00f3\u0142tym wybarwieniu. Epipremnum jest ch\u0119tnie wybieranym kwiatem zar\u00f3wno przez pocz\u0105tkuj\u0105cych, jak i zaawansowanych ogrodnik\u00f3w.<\/li>\n<\/ul>\n<div style=\"display: flex; align-items: center; justify-content: center; text-align: center;\">\n<figure id=\"attachment_24031\" aria-describedby=\"caption-attachment-24031\" style=\"width: 593px\" class=\"wp-caption aligncenter\"><img decoding=\"async\" class=\"wp-image-24031 size-full lazyload\" data-src=\"https:\/\/www.brw.pl\/blog\/wp-content\/uploads\/2022\/06\/makrama-na-doniczke.jpg\" alt=\"Kwietnik makrama\" width=\"593\" height=\"445\" src=\"data:image\/svg+xml;base64,PHN2ZyB3aWR0aD0iMSIgaGVpZ2h0PSIxIiB4bWxucz0iaHR0cDovL3d3dy53My5vcmcvMjAwMC9zdmciPjwvc3ZnPg==\" style=\"--smush-placeholder-width: 593px; --smush-placeholder-aspect-ratio: 593\/445;\" \/><figcaption id=\"caption-attachment-24031\" class=\"wp-caption-text\"><a href=\"https:\/\/www.brw.pl\/makrama-na-doniczke-kwietnik-m,45401\" target=\"_blank\" rel=\"noopener noreferrer\"><span style=\"font-weight: 400;\">Makrama na doniczk\u0119<\/span><\/a><\/figcaption><\/figure>\n<\/div>\n<div style=\"display: flex; align-items: center; justify-content: center; text-align: center;\">\n<figure id=\"attachment_31614\" aria-describedby=\"caption-attachment-31614\" style=\"width: 450px\" class=\"wp-caption aligncenter\"><img decoding=\"async\" class=\"wp-image-31614 lazyload\" data-src=\"https:\/\/www.brw.pl\/blog\/wp-content\/uploads\/2023\/04\/kwietnik-rattanowy.jpg\" alt=\"Kwietnik Rattanowy\" width=\"450\" height=\"338\" src=\"data:image\/svg+xml;base64,PHN2ZyB3aWR0aD0iMSIgaGVpZ2h0PSIxIiB4bWxucz0iaHR0cDovL3d3dy53My5vcmcvMjAwMC9zdmciPjwvc3ZnPg==\" style=\"--smush-placeholder-width: 450px; --smush-placeholder-aspect-ratio: 450\/338;\" \/><figcaption id=\"caption-attachment-31614\" class=\"wp-caption-text\"><a href=\"https:\/\/www.brw.pl\/kwietnik-rattanowy,47274\" target=\"_blank\" rel=\"noopener noreferrer\"><span style=\"font-weight: 400;\">Kwietnik Rattanowy<\/span><\/a><\/figcaption><\/figure>\n<\/div>\n<p style=\"text-align: center;\"><strong>Wi\u0119cej porad czeka w artykule: <a href=\"https:\/\/www.brw.pl\/blog\/jak-ustawic-kwiaty-w-domu\/?\" target=\"_blank\" rel=\"noopener\">&#8222;Jak ustawi\u0107 kwiaty w domu?&#8221;<\/a>.<\/strong><\/p>\n<h2><strong>Kwiaty w salonie \u2013 inspiracje<\/strong><\/h2>\n<p>W tej cz\u0119\u015bci artyku\u0142u przedstawimy aran\u017cacje salonu z kwiatami, w kt\u00f3rych wykorzystano r\u00f3wnie\u017c produkty z oferty Black Red White. Zainspiruj si\u0119 z nami!<\/p>\n<h3>Ro\u015blinna aran\u017cacja w salonie w stylu skandynawskim<\/h3>\n<div style=\"display: flex; align-items: center; justify-content: center; text-align: center;\">\n<figure id=\"attachment_30148\" aria-describedby=\"caption-attachment-30148\" style=\"width: 800px\" class=\"wp-caption aligncenter\"><img decoding=\"async\" class=\"wp-image-30148 size-medium lazyload\" data-src=\"https:\/\/www.brw.pl\/blog\/wp-content\/uploads\/2023\/02\/Kolekcja-Loksa--800x540.jpg\" alt=\"Kwiaty w salonie - kolekcja Loksa\" width=\"800\" height=\"540\" data-srcset=\"https:\/\/www.brw.pl\/blog\/wp-content\/uploads\/2023\/02\/Kolekcja-Loksa--800x540.jpg 800w, https:\/\/www.brw.pl\/blog\/wp-content\/uploads\/2023\/02\/Kolekcja-Loksa--768x518.jpg 768w, https:\/\/www.brw.pl\/blog\/wp-content\/uploads\/2023\/02\/Kolekcja-Loksa--1536x1037.jpg 1536w, https:\/\/www.brw.pl\/blog\/wp-content\/uploads\/2023\/02\/Kolekcja-Loksa-.jpg 1600w\" data-sizes=\"(max-width: 800px) 100vw, 800px\" src=\"data:image\/svg+xml;base64,PHN2ZyB3aWR0aD0iMSIgaGVpZ2h0PSIxIiB4bWxucz0iaHR0cDovL3d3dy53My5vcmcvMjAwMC9zdmciPjwvc3ZnPg==\" style=\"--smush-placeholder-width: 800px; --smush-placeholder-aspect-ratio: 800\/540;\" \/><figcaption id=\"caption-attachment-30148\" class=\"wp-caption-text\"><a href=\"https:\/\/www.brw.pl\/witryna-loksa,33208\" target=\"_blank\" rel=\"noopener noreferrer\"><span style=\"font-weight: 400;\">Witryna Loksa wysoka<\/span><\/a> &#8211; <a href=\"https:\/\/www.brw.pl\/witryna-loksa,33209\" target=\"_blank\" rel=\"noopener noreferrer\"><span style=\"font-weight: 400;\">Witryna Loksa niska<\/span><\/a><\/figcaption><\/figure>\n<\/div>\n<p>Wn\u0119trza urz\u0105dzone w stylu skandynawskim doskonale komponuj\u0105 si\u0119 z ro\u015blinami. W prezentowanym salonie naturalna ziele\u0144 stanowi idealne uzupe\u0142nienie wystroju, w kt\u00f3rym pierwsze skrzypce graj\u0105 bielone meble z <a href=\"https:\/\/www.brw.pl\/kolekcja-loksa,542\" target=\"_blank\" rel=\"noopener noreferrer\"><strong>kolekcji Loksa<\/strong><\/a>. Kwiaty we wn\u0119trzu wyeksponowali\u015bmy, stawiaj\u0105c je na blatach mebli oraz na pod\u0142odze. Mniejsze okazy znalaz\u0142y swoje miejsce w strefie telewizyjnej, gdzie zdobi\u0105 zar\u00f3wno szafki, jak i zamontowan\u0105 na \u015bcianie p\u00f3\u0142k\u0119. Blat niskiej witryny okaza\u0142 si\u0119 odpowiedni dla niewielkiego metalowego kwietnika, na kt\u00f3rym umieszczono trzy identyczne ro\u015bliny. Intensywna ziele\u0144 li\u015bci dodaje salonowi przytulno\u015bci i ociepla jego stonowan\u0105, nieco ch\u0142odn\u0105 kolorystyk\u0119.<\/p>\n<h3>Zielone dekoracje w salonie z loftowym rysem<\/h3>\n<div style=\"display: flex; align-items: center; justify-content: center; text-align: center;\">\n<figure id=\"attachment_32442\" aria-describedby=\"caption-attachment-32442\" style=\"width: 800px\" class=\"wp-caption aligncenter\"><img decoding=\"async\" class=\"wp-image-32442 size-medium lazyload\" data-src=\"https:\/\/www.brw.pl\/blog\/wp-content\/uploads\/2023\/05\/S471_Forn_dzienny-800x524.jpg\" alt=\"Kwiaty w salonie - kolekcja Forn\" width=\"800\" height=\"524\" data-srcset=\"https:\/\/www.brw.pl\/blog\/wp-content\/uploads\/2023\/05\/S471_Forn_dzienny-800x524.jpg 800w, https:\/\/www.brw.pl\/blog\/wp-content\/uploads\/2023\/05\/S471_Forn_dzienny-768x503.jpg 768w, https:\/\/www.brw.pl\/blog\/wp-content\/uploads\/2023\/05\/S471_Forn_dzienny-1536x1006.jpg 1536w, https:\/\/www.brw.pl\/blog\/wp-content\/uploads\/2023\/05\/S471_Forn_dzienny.jpg 1645w\" data-sizes=\"(max-width: 800px) 100vw, 800px\" src=\"data:image\/svg+xml;base64,PHN2ZyB3aWR0aD0iMSIgaGVpZ2h0PSIxIiB4bWxucz0iaHR0cDovL3d3dy53My5vcmcvMjAwMC9zdmciPjwvc3ZnPg==\" style=\"--smush-placeholder-width: 800px; --smush-placeholder-aspect-ratio: 800\/524;\" \/><figcaption id=\"caption-attachment-32442\" class=\"wp-caption-text\"><a href=\"https:\/\/www.brw.pl\/komoda-forn,38200\" target=\"_blank\" rel=\"noopener noreferrer\"><span style=\"font-weight: 400;\">Komoda Forn<\/span><\/a> &#8211; <a href=\"https:\/\/www.brw.pl\/witryna-forn,38207\" target=\"_blank\" rel=\"noopener noreferrer\"><span style=\"font-weight: 400;\">Witryna Forn<\/span><\/a><\/figcaption><\/figure>\n<\/div>\n<p>Ro\u015bliny doniczkowe odnajduj\u0105 si\u0119 bezb\u0142\u0119dnie r\u00f3wnie\u017c w loftowych wn\u0119trzach, czego przyk\u0142adem jest powy\u017csza aran\u017cacja. Wystr\u00f3j salonu urz\u0105dzonego z <a href=\"https:\/\/www.brw.pl\/kolekcja-forn,550\" target=\"_blank\" rel=\"noopener noreferrer\"><strong>kolekcj\u0105 Forn<\/strong><\/a>, utrzymanego w czerni, drewnie i szaro\u015bciach, \u0142agodnieje dzi\u0119ki obecno\u015bci \u017cywych dekoracji. Ustawione na komodzie bluszcz doniczkowy oraz zamiokulkas przykuwaj\u0105 uwag\u0119, mocno kontrastuj\u0105c z ciemnymi frontami mebla. Zestawienie kwiat\u00f3w r\u00f3\u017cnych rozmiar\u00f3w i kszta\u0142t\u00f3w sprawia, \u017ce nowoczesne wn\u0119trze nabiera wyrazu.<\/p>\n<p><strong>Pok\u00f3j dzienny pe\u0142en ro\u015blinnych dekoracji zaaran\u017cujesz z Black Red White! Na zakupy zapraszamy do naszych salon\u00f3w i na <\/strong><a href=\"https:\/\/www.brw.pl\/\" target=\"_blank\" rel=\"noopener noreferrer\"><strong>brw.pl<\/strong><\/a><strong>.<\/strong><\/p>\n<h2><strong>FAQ \u2013 najcz\u0119\u015bciej zadawane pytania<\/strong><\/h2>\n<p><strong>Czy warto mie\u0107 ro\u015bliny w salonie?<\/strong><\/p>\n<p>Oczywi\u015bcie, \u017ce tak! Naturalna ziele\u0144 ma zdolno\u015b\u0107 do poprawy jako\u015bci powietrza, wzbogaca wystr\u00f3j wn\u0119trza, dzia\u0142a koj\u0105co na domownik\u00f3w. Lista korzy\u015bci p\u0142yn\u0105cych z posiadania ro\u015blin jest d\u0142uga.<\/p>\n<p><strong>Gdzie najlepiej ustawi\u0107 kwiaty w pokoju dziennym?<\/strong><\/p>\n<p>Poza parapetami okiennymi kwiaty mo\u017cna stawia\u0107 na p\u00f3\u0142kach, blatach mebli, pod\u0142odze, stojakach. Ciekawym rozwi\u0105zaniem do salonu b\u0119d\u0105 lampy wisz\u0105ce, kt\u00f3re pe\u0142ni\u0105 r\u00f3wnie\u017c funkcj\u0119 kwietnik\u00f3w. To \u015bwietna opcja nad st\u00f3\u0142, wysp\u0119 kuchenn\u0105 czy stref\u0119 wypoczynkow\u0105.<\/p>\n<p><strong>Jakie kwitn\u0105ce ro\u015bliny doniczkowe wybra\u0107 do salonu?\u00a0<\/strong><\/p>\n<p>Do uprawy w warunkach domowych nadaj\u0105 si\u0119 m.in. r\u00f3\u017ce pustyni, woskownice, fio\u0142ki afryka\u0144skie, kalie. Warto pami\u0119ta\u0107, \u017ce ka\u017cdy gatunek ma inne wymagania wzgl\u0119dem stanowiska \u2013 jedne kwiaty preferuj\u0105 s\u0142oneczne miejsca, inne lepiej czuj\u0105 si\u0119 w p\u00f3\u0142cieniu.<\/p>\n","protected":false},"excerpt":{"rendered":"<p>Oczyszczaj\u0105 powietrze, poch\u0142aniaj\u0105 kurz, wprowadzaj\u0105 do wn\u0119trza powiew \u015bwie\u017co\u015bci. Kwiaty doniczkowe to naturalne dekoracje, kt\u00f3rymi o\u017cywisz aran\u017cacj\u0119 salonu. Jak wyeksponowa\u0107 je w przestrzeni dziennej, by uzyska\u0107 oryginalny efekt? Zapro\u015b ziele\u0144 do swojego domu lub mieszkania. Sprawd\u017a nasze propozycje modnych kwiat\u00f3w do salonu!<\/p>\n","protected":false},"author":21,"featured_media":39886,"comment_status":"closed","ping_status":"open","sticky":false,"template":"","format":"standard","meta":{"footnotes":""},"categories":[39,28,735],"tags":[],"aioseo_notices":[],"_links":{"self":[{"href":"https:\/\/www.brw.pl\/blog\/wp-json\/wp\/v2\/posts\/33903"}],"collection":[{"href":"https:\/\/www.brw.pl\/blog\/wp-json\/wp\/v2\/posts"}],"about":[{"href":"https:\/\/www.brw.pl\/blog\/wp-json\/wp\/v2\/types\/post"}],"author":[{"embeddable":true,"href":"https:\/\/www.brw.pl\/blog\/wp-json\/wp\/v2\/users\/21"}],"replies":[{"embeddable":true,"href":"https:\/\/www.brw.pl\/blog\/wp-json\/wp\/v2\/comments?post=33903"}],"version-history":[{"count":6,"href":"https:\/\/www.brw.pl\/blog\/wp-json\/wp\/v2\/posts\/33903\/revisions"}],"predecessor-version":[{"id":40071,"href":"https:\/\/www.brw.pl\/blog\/wp-json\/wp\/v2\/posts\/33903\/revisions\/40071"}],"wp:featuredmedia":[{"embeddable":true,"href":"https:\/\/www.brw.pl\/blog\/wp-json\/wp\/v2\/media\/39886"}],"wp:attachment":[{"href":"https:\/\/www.brw.pl\/blog\/wp-json\/wp\/v2\/media?parent=33903"}],"wp:term":[{"taxonomy":"category","embeddable":true,"href":"https:\/\/www.brw.pl\/blog\/wp-json\/wp\/v2\/categories?post=33903"},{"taxonomy":"post_tag","embeddable":true,"href":"https:\/\/www.brw.pl\/blog\/wp-json\/wp\/v2\/tags?post=33903"}],"curies":[{"name":"wp","href":"https:\/\/api.w.org\/{rel}","templated":true}]}}