{"id":33914,"date":"2023-09-03T08:00:14","date_gmt":"2023-09-03T06:00:14","guid":{"rendered":"https:\/\/www.brw.pl\/blog\/?p=33914"},"modified":"2024-11-20T12:38:35","modified_gmt":"2024-11-20T11:38:35","slug":"5-sposobow-na-przechowywanie-przypraw-z-black-red-white","status":"publish","type":"post","link":"https:\/\/www.brw.pl\/blog\/5-sposobow-na-przechowywanie-przypraw-z-black-red-white\/","title":{"rendered":"5 sposob\u00f3w na przechowywanie przypraw z Black Red White"},"content":{"rendered":"<p data-pm-slice=\"1 1 []\"><strong>Lubisz dobrze przyprawione jedzenie? Koniecznie zadbaj o odpowiednie przechowywanie przypraw w kuchni! Zdradzimy Ci 5 sprawdzonych sposob\u00f3w na domowe magazynowanie tych pachn\u0105cych dodatk\u00f3w.<\/strong><\/p>\n<p data-pm-slice=\"1 1 []\"><!--more--><\/p>\n<p><center><img decoding=\"async\" class=\"alignnone size-medium wp-image-33915 lazyload\" data-src=\"https:\/\/www.brw.pl\/blog\/wp-content\/uploads\/2023\/08\/glowne-zestaw-4-szt-pojemnik-na-przyprawy-800x521.jpg\" alt=\"Pojemniki na przyprawy - aran\u017cacja\" width=\"800\" height=\"521\" data-srcset=\"https:\/\/www.brw.pl\/blog\/wp-content\/uploads\/2023\/08\/glowne-zestaw-4-szt-pojemnik-na-przyprawy-800x521.jpg 800w, https:\/\/www.brw.pl\/blog\/wp-content\/uploads\/2023\/08\/glowne-zestaw-4-szt-pojemnik-na-przyprawy-768x500.jpg 768w, https:\/\/www.brw.pl\/blog\/wp-content\/uploads\/2023\/08\/glowne-zestaw-4-szt-pojemnik-na-przyprawy-1536x1001.jpg 1536w, https:\/\/www.brw.pl\/blog\/wp-content\/uploads\/2023\/08\/glowne-zestaw-4-szt-pojemnik-na-przyprawy.jpg 1658w\" data-sizes=\"(max-width: 800px) 100vw, 800px\" src=\"data:image\/svg+xml;base64,PHN2ZyB3aWR0aD0iMSIgaGVpZ2h0PSIxIiB4bWxucz0iaHR0cDovL3d3dy53My5vcmcvMjAwMC9zdmciPjwvc3ZnPg==\" style=\"--smush-placeholder-width: 800px; --smush-placeholder-aspect-ratio: 800\/521;\" \/><\/center><\/p>\n<p style=\"text-align: center;\" data-pm-slice=\"1 1 []\"><a href=\"https:\/\/www.brw.pl\/zestaw-4-szt-pojemnik-na-przyprawy,15786\" target=\"_blank\" rel=\"noopener noreferrer\"><strong>POJEMNIKI NA PRZYPRAWY<\/strong><\/a><\/p>\n<h2><strong><span data-color=\"rgb(248, 250, 251)\">Przechowywanie przypraw \u2013 zachowaj ich w\u0142a\u015bciwo\u015bci i aromat na d\u0142u\u017cej!<\/span><\/strong><\/h2>\n<p>W naszym artykule:<\/p>\n<ul>\n<li>wyja\u015bnimy, jak przechowywa\u0107 przyprawy tak, aby nie straci\u0142y swoich w\u0142a\u015bciwo\u015bci,<\/li>\n<li>podpowiemy, jakie pojemniki mog\u0105 si\u0119 sprawdzi\u0107,<\/li>\n<li>wska\u017cemy, w kt\u00f3rym miejscu w kuchni najlepiej trzyma\u0107 przyprawy,<\/li>\n<li>zaprezentujemy wybrane akcesoria kuchenne z oferty Black Red White.<\/li>\n<\/ul>\n<p>Sekret smacznego posi\u0142ku zazwyczaj kryje si\u0119 w przyprawach, kt\u00f3rych u\u017cyto podczas jego przygotowania. Dlatego zachowanie ich w\u0142a\u015bciwo\u015bci jest tak istotne.<\/p>\n<p><strong>Przyprawy przechowywane w otwartych oryginalnych torebkach po pewnym czasie przestaj\u0105 by\u0107 aromatyczne.<\/strong> \u0141atwo te\u017c je wysypa\u0107, przez co p\u00f3\u0142ki w szafkach kuchennych czasem przypominaj\u0105 barwn\u0105 piaskownic\u0119, a wymieszane zapachy s\u0105 odpychaj\u0105ce. Jak temu zaradzi\u0107? Twoimi sprzymierze\u0144cami b\u0119d\u0105 <a href=\"https:\/\/www.brw.pl\/wyposazenie-kuchni\/przechowywanie-w-kuchni\/pojemniki-na-przyprawy\/\" target=\"_blank\" rel=\"noopener noreferrer\">pojemniki<\/a> do przechowywania przypraw. Pami\u0119taj, \u017ce szczelne zamkni\u0119cie to podstawa, ale wa\u017cna jest r\u00f3wnie\u017c ich lokalizacja w kuchni.<\/p>\n<p>W dalszej cz\u0119\u015bci artyku\u0142u poznasz 5 przepis\u00f3w na przechowywanie przypraw. Zainspiruj si\u0119!<\/p>\n<h2><strong><span id=\"5_sposobow_na_przechowywanie_przypraw_z_Black_Red_White\">Szafka, p\u00f3\u0142ka, kosz\u00a0cargo, pojemniki \u2014 gdzie i jak przechowywa\u0107 przyprawy? Oto 5 pomys\u0142\u00f3w od Black Red White<\/span><\/strong><\/h2>\n<p><center><img decoding=\"async\" class=\"alignnone size-full wp-image-33916 lazyload\" data-src=\"https:\/\/www.brw.pl\/blog\/wp-content\/uploads\/2023\/08\/segregator-do-przypraw.jpg\" alt=\"Segregator do przypraw Tao - aran\u017cacja\" width=\"728\" height=\"483\" src=\"data:image\/svg+xml;base64,PHN2ZyB3aWR0aD0iMSIgaGVpZ2h0PSIxIiB4bWxucz0iaHR0cDovL3d3dy53My5vcmcvMjAwMC9zdmciPjwvc3ZnPg==\" style=\"--smush-placeholder-width: 728px; --smush-placeholder-aspect-ratio: 728\/483;\" \/><\/center><\/p>\n<p style=\"text-align: center;\"><a href=\"https:\/\/www.brw.pl\/segregator-do-przypraw-tao,31361\" target=\"_blank\" rel=\"noopener noreferrer\"><strong>SEGREGATOR DO PRZYPRAW TAO<\/strong><\/a><\/p>\n<p>Gdzie i w czym przechowywa\u0107 przyprawy? Oto jest pytanie! A my znamy na nie odpowied\u017a i ch\u0119tnie podzielimy si\u0119 nasz\u0105 wiedz\u0105.<\/p>\n<h3 style=\"text-align: center;\"><strong>1. Przechowywanie przypraw w oryginalnych torebkach<\/strong><\/h3>\n<p>Nie musisz rezygnowa\u0107 z trzymania przypraw w torebkach. Jednak je\u015bli chcesz zapobiec utracie aromatu, powiniene\u015b zamyka\u0107 torebki po ka\u017cdym u\u017cyciu. Pomog\u0105 Ci w tym <strong>specjalne zapinki<\/strong>. Tak zabezpieczone torebki w\u0142\u00f3\u017c na przyk\u0142ad do koszyka z wikliny, trawy morskiej, bambusa b\u0105d\u017a innego naturalnego materia\u0142u, je\u017celi cenisz ekologiczne rozwi\u0105zania.<\/p>\n<h3 style=\"text-align: center;\"><strong>2. W czym przechowywa\u0107 przyprawy &#8211; ceramiczne pojemniki<\/strong><\/h3>\n<p>Pojemniki ceramiczne \u015bwietnie spe\u0142niaj\u0105 swoj\u0105 funkcj\u0119. Szczelnie zamkni\u0119te, pilnuj\u0105, by przyprawy pozosta\u0142y zdatne do u\u017cytku. Co wi\u0119cej, potrafi\u0105 by\u0107 naprawd\u0119 <strong>dekoracyjne<\/strong> &#8211; s\u0105 dost\u0119pne w rozmaitych kszta\u0142tach i odcieniach. Za ich pomoc\u0105 ozdobisz swoj\u0105 kuchni\u0119.<\/p>\n<h3 style=\"text-align: center;\"><strong>3. Szklane s\u0142oiczki czy drewniane pojemniki na przyprawy &#8211; kt\u00f3re lepsze?<\/strong><\/h3>\n<p>W <a href=\"https:\/\/www.brw.pl\/wyposazenie-kuchni\/przechowywanie-w-kuchni\/pojemniki-na-przyprawy\/material-szklo\/\" target=\"_blank\" rel=\"noopener noreferrer\">szklanych s\u0142oikach<\/a> kolorowe przyprawy wygl\u0105daj\u0105 bardzo efektownie, poniewa\u017c szk\u0142o pozwala wyeksponowa\u0107 ich barw\u0119. Po zu\u017cyciu przyprawy wystarczy umy\u0107 taki s\u0142oiczek i nic nie stoi na przeszkodzie, \u017ceby wsypa\u0107 do niego inn\u0105 przypraw\u0119. Zawdzi\u0119czasz to <strong>bardzo przydatnej cesze szk\u0142a &#8211;<\/strong> <strong>nie wch\u0142ania zapach\u00f3w<\/strong>.<\/p>\n<p>Niestety drewno nie mo\u017ce pochwali\u0107 si\u0119 tym samym atutem. Szybko ch\u0142onie zapachy, wi\u0119c gdy raz w\u0142o\u017cysz do drewnianego pojemnika korze\u0144 imbiru, cynamon, curry albo chili peperoncini, nie b\u0119dziesz m\u00f3g\u0142 zmieni\u0107 przyprawy na inn\u0105. Natomiast <strong>do niew\u0105tpliwych zalet drewna nale\u017c\u0105 wytrzyma\u0142o\u015b\u0107, ciekawa struktura, pi\u0119kny rysunek us\u0142ojenia. <\/strong>Jest tak\u017ce ekologiczne.<\/p>\n<h3 style=\"text-align: center;\"><strong>4. Plastikowe pojemniki &#8211; zalety i wady<\/strong><\/h3>\n<p>Pojemniki wykonane z plastiku to ekonomiczny wyb\u00f3r. <strong>S\u0105 nie tylko ta\u0144sze, lecz tak\u017ce l\u017cejsze od ceramiki czy drewna.<\/strong> Ze szklanymi s\u0142oikami dziel\u0105 jedn\u0105 zalet\u0119 &#8211; ich transparentna powierzchnia sprawia, \u017ce kolory przypraw s\u0105 dobrze widoczne. Z kolei wad\u0105 plastikowych pojemnik\u00f3w jest fakt, \u017ce plastik jest szkodliwy dla \u015brodowiska. Alternatyw\u0105 s\u0105 produkty pochodz\u0105ce z recyklingu.<\/p>\n<p>Niezale\u017cnie od tego, jaki rodzaj pojemnik\u00f3w wybra\u0142e\u015b, nie zapomnij o przyklejeniu na nich <strong>karteczek z nazwami przypraw<\/strong>. Podobnie jak w przypadku etykiet na innych produktach spo\u017cywczych, na pojemnikach na przyprawy r\u00f3wnie\u017c nale\u017cy wpisa\u0107 dat\u0119 wa\u017cno\u015bci.<\/p>\n<h3 style=\"text-align: center;\"><strong>5. Gdzie przechowywa\u0107 przyprawy?<\/strong><\/h3>\n<p>Przyprawy powiniene\u015b mie\u0107 pod r\u0119k\u0105, zatem warto umie\u015bci\u0107 je na <strong>kuchennym blacie<\/strong>. W sklepach znajdziesz r\u00f3\u017cne organizery do przypraw. Jakie wybra\u0107? Przede wszystkim musz\u0105 pasowa\u0107 do aran\u017cacji kuchni &#8211; koloru <a href=\"https:\/\/www.brw.pl\/meble\/meble-kuchenne\/szafki-kuchenne\/\" target=\"_blank\" rel=\"noopener noreferrer\">szafek<\/a> oraz \u015bciany nad doln\u0105 zabudow\u0105. Ich wielko\u015b\u0107 dostosuj do ilo\u015bci przypraw, bez kt\u00f3rych nie wyobra\u017casz sobie gotowania. Najcz\u0119\u015bciej u\u017cywane przyprawy, czyli s\u00f3l i pieprz, wsyp do tradycyjnych pojemnik\u00f3w &#8211; solniczki oraz pieprzniczki.<\/p>\n<p>Twoja kuchnia ma skromny metra\u017c i wolisz zaoszcz\u0119dzi\u0107 miejsce na <a href=\"https:\/\/www.brw.pl\/meble\/meble-kuchenne\/blaty\/\">blacie<\/a>? Wykorzystaj <strong>\u015bcian\u0119<\/strong>! Rozwa\u017c <strong>reling kuchenny<\/strong> \u2013 dr\u0105\u017cek, na kt\u00f3rym wiesza si\u0119 koszyczki lub p\u00f3\u0142ki, na kt\u00f3rych ustawisz pojemniki z przyprawami. <strong>P\u00f3\u0142ki<\/strong> mo\u017cesz te\u017c przymocowa\u0107 oddzielnie \u2013 szybki monta\u017c to dodatkowy atut tego rozwi\u0105zania. W kuchni urz\u0105dzonej w stylu rustykalnym b\u0105d\u017a boho wspaniale zaprezentuj\u0105 si\u0119 drewniane p\u00f3\u0142eczki w naturalnym kolorze drewna albo bielone, najlepiej w odcieniu front\u00f3w zabudowy meblowej. Alternatyw\u0105 dla p\u00f3\u0142ki jest\u00a0<strong>listwa magnetyczna<\/strong> na \u015bcian\u0119. Przyczepisz do niej\u00a0pojemniki z przyprawami, zrobione z metalu.\u00a0Przyprawy mo\u017cesz w\u0142o\u017cy\u0107 r\u00f3wnie\u017c do <strong>szuflady<\/strong>.<\/p>\n<h4 style=\"text-align: center;\"><strong>Cargo na przyprawy \u2014 idealne rozwi\u0105zanie do ma\u0142ej kuchni!<\/strong><\/h4>\n<p>Modnym rozwi\u0105zaniem w nowoczesnych, minimalistycznych kuchniach jest system cargo. Przechowuj\u0105c przyprawy na wysuwanej p\u00f3\u0142ce w zamkni\u0119tej szafce zamiast na widoku, <strong>nie ograniczasz przestrzeni<\/strong>. Co wi\u0119cej, mo\u017cesz <strong>szybko wysun\u0105\u0107 kosz z szafki<\/strong> bez konieczno\u015bci &#8222;nurkowania&#8221;, zatem jej zawarto\u015b\u0107 jest w zasi\u0119gu r\u0119ki.<\/p>\n<p>Najlepiej wyposa\u017cy\u0107 kuchni\u0119 w praktyczne <strong>cargo mini<\/strong>. W takich podblatowych, niskich i w\u0105skich szafach wygodnie trzyma si\u0119 mniejsze akcesoria kuchenne. W sklepach znajdziesz niejeden organizer na przyprawy do cargo. Dobrym pomys\u0142em jest tak\u017ce wysoka szafka cargo, tzw. <strong>s\u0142upek<\/strong>, z dodatkowymi poziomami p\u00f3\u0142ek. Oferuje wi\u0119cej miejsca do przechowywania.<\/p>\n<p>Jak widzisz, u\u0142atwiaj\u0105ce utrzymanie porz\u0105dku systemy cargo s\u0105 bardzo funkcjonalne. Twoja kuchnia z pewno\u015bci\u0105 na nich skorzysta, poniewa\u017c zwi\u0119kszy si\u0119 jej ergonomia.<\/p>\n<p><strong>Wskaz\u00f3wka:<\/strong> pami\u0119taj o odpowiedniej regulacji szafek cargo. Musz\u0105 by\u0107 w pe\u0142ni dostosowane do uk\u0142adu i rozmiaru pozosta\u0142ych mebli.<\/p>\n<p data-pm-slice=\"1 1 []\">Czytaj r\u00f3wnie\u017c: <a href=\"https:\/\/www.brw.pl\/blog\/swiatowy-dzien-zywnosci-w-czym-przechowywac-zywnosc\/\" target=\"_blank\" rel=\"noopener noreferrer\"><strong>&#8222;\u015awiatowy Dzie\u0144 \u017bywno\u015bci \u2013 w czym przechowywa\u0107 \u017cywno\u015b\u0107?&#8221;<\/strong><\/a>.<\/p>\n<h2><strong><span data-color=\"rgb(248, 250, 251)\">Przydatne akcesoria do kuchni znajdziesz w Black Red White!<\/span><\/strong><\/h2>\n<p>W sklepie internetowym BRW czekaj\u0105 na Ciebie najr\u00f3\u017cniejsze akcesoria kuchenne, kt\u00f3re u\u0142atwi\u0105 przechowywanie przypraw. Oto niekt\u00f3re z nich:<\/p>\n<h3 style=\"text-align: center;\"><strong>Przyprawnik Gusto &#8211; od przybytku g\u0142owa nie boli<\/strong><\/h3>\n<p>&nbsp;<\/p>\n<div style=\"display: flex; align-items: center; justify-content: center; text-align: center;\">\n<figure id=\"attachment_33917\" aria-describedby=\"caption-attachment-33917\" style=\"width: 401px\" class=\"wp-caption aligncenter\"><a href=\"https:\/\/www.brw.pl\/przyprawnik-gusto,34666\" target=\"_blank\" rel=\"noopener noreferrer\"><img decoding=\"async\" class=\"wp-image-33917 lazyload\" data-src=\"https:\/\/www.brw.pl\/blog\/wp-content\/uploads\/2023\/08\/przyprawnik-gusto-mediuma.jpg\" alt=\"Przyprawnik Gusto\" width=\"401\" height=\"300\" src=\"data:image\/svg+xml;base64,PHN2ZyB3aWR0aD0iMSIgaGVpZ2h0PSIxIiB4bWxucz0iaHR0cDovL3d3dy53My5vcmcvMjAwMC9zdmciPjwvc3ZnPg==\" style=\"--smush-placeholder-width: 401px; --smush-placeholder-aspect-ratio: 401\/300;\" \/><\/a><figcaption id=\"caption-attachment-33917\" class=\"wp-caption-text\"><a href=\"https:\/\/www.brw.pl\/przyprawnik-gusto,34666\" target=\"_blank\" rel=\"noopener noreferrer\"><span style=\"font-weight: 400;\">PRZYPRAWNIK GUSTO<\/span><\/a><\/figcaption><\/figure>\n<\/div>\n<p>Co powiesz na nasz przyprawnik Gusto? To obrotowy stojak z a\u017c <strong>12 s\u0142oiczkami na przyprawy<\/strong>! S\u0142oiki posiadaj\u0105 dozowniki, kt\u00f3re zapobiegn\u0105 przypadkowemu wysypaniu na pod\u0142og\u0119 b\u0105d\u017a blat kuchenny tymianku, rozmarynu czy kurkumy. Bambusowe komponenty dodaj\u0105 uroku przyprawnikowi. Stojak z powodzeniem uzupe\u0142ni wystr\u00f3j rustykalnej lub skandynawskiej kuchni.<\/p>\n<h3 style=\"text-align: center;\"><strong>Przyprawnik Spice &#8211; must have w loftowej kuchni!<\/strong><\/h3>\n<p>&nbsp;<\/p>\n<div style=\"display: flex; align-items: center; justify-content: center; text-align: center;\">\n<figure id=\"attachment_33918\" aria-describedby=\"caption-attachment-33918\" style=\"width: 401px\" class=\"wp-caption aligncenter\"><a href=\"https:\/\/www.brw.pl\/przyprawnik-spice,34665\" target=\"_blank\" rel=\"noopener noreferrer\"><img decoding=\"async\" class=\"wp-image-33918 lazyload\" data-src=\"https:\/\/www.brw.pl\/blog\/wp-content\/uploads\/2023\/08\/przyprawnik-spice-mediuma.jpg\" alt=\"Przyprawnik Spice\" width=\"401\" height=\"300\" src=\"data:image\/svg+xml;base64,PHN2ZyB3aWR0aD0iMSIgaGVpZ2h0PSIxIiB4bWxucz0iaHR0cDovL3d3dy53My5vcmcvMjAwMC9zdmciPjwvc3ZnPg==\" style=\"--smush-placeholder-width: 401px; --smush-placeholder-aspect-ratio: 401\/300;\" \/><\/a><figcaption id=\"caption-attachment-33918\" class=\"wp-caption-text\"><a href=\"https:\/\/www.brw.pl\/przyprawnik-spice,34665\" target=\"_blank\" rel=\"noopener noreferrer\"><span style=\"font-weight: 400;\">PRZYPRAWNIK SPICE<\/span><\/a><\/figcaption><\/figure>\n<\/div>\n<p>Na obrotowym stojaku Spice zmieszcz\u0105 si\u0119 <strong>4 du\u017ce s\u0142oiki na przyprawy<\/strong>. Podobnie jak w przyprawniku Gusto, pojemniki s\u0105 zako\u0144czone dozownikami. Dzi\u0119ki stojakowi Twoje przyprawy nie strac\u0105 aromatu ani smaku. Pasuje zw\u0142aszcza do loftowych kuchni.<\/p>\n<h3 style=\"text-align: center;\"><strong>Solniczka i pieprzniczka James &#8211; szach i mat!<\/strong><\/h3>\n<p>&nbsp;<\/p>\n<div style=\"display: flex; align-items: center; justify-content: center; text-align: center;\">\n<figure id=\"attachment_33919\" aria-describedby=\"caption-attachment-33919\" style=\"width: 398px\" class=\"wp-caption aligncenter\"><a href=\"https:\/\/www.brw.pl\/zestaw-recznych-mlynkow-do-soli-i-pieprzu-james,16863\" target=\"_blank\" rel=\"noopener noreferrer\"><img decoding=\"async\" class=\"wp-image-33919 lazyload\" data-src=\"https:\/\/www.brw.pl\/blog\/wp-content\/uploads\/2023\/08\/solniczka-i-pieprzniczka-james-mediuma.jpg\" alt=\"Solniczka i pieprzniczka James\" width=\"398\" height=\"299\" src=\"data:image\/svg+xml;base64,PHN2ZyB3aWR0aD0iMSIgaGVpZ2h0PSIxIiB4bWxucz0iaHR0cDovL3d3dy53My5vcmcvMjAwMC9zdmciPjwvc3ZnPg==\" style=\"--smush-placeholder-width: 398px; --smush-placeholder-aspect-ratio: 398\/299;\" \/><\/a><figcaption id=\"caption-attachment-33919\" class=\"wp-caption-text\"><a href=\"https:\/\/www.brw.pl\/zestaw-recznych-mlynkow-do-soli-i-pieprzu-james,16863\" target=\"_blank\" rel=\"noopener noreferrer\"><span style=\"font-weight: 400;\">ZESTAW R\u0118CZNYCH M\u0141YNK\u00d3W DO SOLI I PIEPRZU JAMES<\/span><\/a><\/figcaption><\/figure>\n<\/div>\n<p>Drewno jak najbardziej mo\u017cna zestawia\u0107 z ceramik\u0105 i efektem takiego po\u0142\u0105czenia jest stylowy zestaw James sk\u0142adaj\u0105cy si\u0119 z solniczki oraz pieprzniczki. Podstaw\u0119 i zakr\u0119tki wykonano z <strong>drewna kauczukowego<\/strong> z widocznym us\u0142ojeniem. Korpusy s\u0105 zrobione z <strong>ceramiki<\/strong>, dzi\u0119ki kt\u00f3rej pi\u0119knie l\u015bni\u0105. Pojemniki zwracaj\u0105 uwag\u0119 kszta\u0142tem &#8211; przypominaj\u0105 bierki szachowe. Zdadz\u0105 egzamin w niejednej kuchni &#8211; klasycznej, minimalistycznej, postindustrialnej, skandynawskiej.<\/p>\n<p>Po wi\u0119cej inspiracji zapraszamy do\u00a0<a href=\"https:\/\/www.brw.pl\/\" target=\"_blank\" rel=\"noopener noreferrer\"><strong><u>sklepu internetowego Black Red White<\/u><\/strong><\/a><strong>!<\/strong><\/p>\n<p data-pm-slice=\"1 1 []\">W\u0142a\u015bnie kupi\u0142e\u015b mieszkanie i nie masz pomys\u0142u na aran\u017cacj\u0119 kuchni ze wzgl\u0119du na niestandardowy uk\u0142ad pomieszczenia? Zapoznaj si\u0119 z naszymi <a href=\"https:\/\/www.brw.pl\/kolekcja-senso-kitchens,238\" target=\"_blank\" rel=\"noopener noreferrer\"><strong>kuchniami na wymiar Senso Kitchens<\/strong><\/a>. Obejrzysz je dok\u0142adniej na filmie dost\u0119pnym na <a href=\"https:\/\/www.youtube.com\/@brwmeble\" target=\"_blank\" rel=\"noopener noreferrer\"><strong>kanale BRW<\/strong><\/a> w serwisie YouTube:<\/p>\n<div class=\"videoWrapper\"><iframe title=\"Kuchnie na wymiar Senso Kitchens\" data-src=\"https:\/\/www.youtube.com\/embed\/DCpnJxp28H0\" frameborder=\"0\" allowfullscreen=\"allowfullscreen\" src=\"data:image\/svg+xml;base64,PHN2ZyB3aWR0aD0iMSIgaGVpZ2h0PSIxIiB4bWxucz0iaHR0cDovL3d3dy53My5vcmcvMjAwMC9zdmciPjwvc3ZnPg==\" data-load-mode=\"1\"><span data-mce-type=\"bookmark\" style=\"display: inline-block; width: 0px; overflow: hidden; line-height: 0;\" class=\"mce_SELRES_start lazyload\">\ufeff<\/span><\/iframe><\/div>\n<p data-pm-slice=\"1 1 []\">Projektuj\u0105c kuchni\u0119, pami\u0119taj, aby zarezerwowa\u0107 w niej miejsce na pojemniki do przechowywania przypraw!<\/p>\n<p>&nbsp;<\/p>\n","protected":false},"excerpt":{"rendered":"<p>Lubisz dobrze przyprawione jedzenie? Koniecznie zadbaj o odpowiednie przechowywanie przypraw w kuchni! Zdradzimy Ci 5 sprawdzonych sposob\u00f3w na domowe magazynowanie tych pachn\u0105cych dodatk\u00f3w.<\/p>\n","protected":false},"author":29,"featured_media":33915,"comment_status":"closed","ping_status":"open","sticky":false,"template":"","format":"standard","meta":{"footnotes":""},"categories":[26,574],"tags":[],"aioseo_notices":[],"_links":{"self":[{"href":"https:\/\/www.brw.pl\/blog\/wp-json\/wp\/v2\/posts\/33914"}],"collection":[{"href":"https:\/\/www.brw.pl\/blog\/wp-json\/wp\/v2\/posts"}],"about":[{"href":"https:\/\/www.brw.pl\/blog\/wp-json\/wp\/v2\/types\/post"}],"author":[{"embeddable":true,"href":"https:\/\/www.brw.pl\/blog\/wp-json\/wp\/v2\/users\/29"}],"replies":[{"embeddable":true,"href":"https:\/\/www.brw.pl\/blog\/wp-json\/wp\/v2\/comments?post=33914"}],"version-history":[{"count":9,"href":"https:\/\/www.brw.pl\/blog\/wp-json\/wp\/v2\/posts\/33914\/revisions"}],"predecessor-version":[{"id":38094,"href":"https:\/\/www.brw.pl\/blog\/wp-json\/wp\/v2\/posts\/33914\/revisions\/38094"}],"wp:featuredmedia":[{"embeddable":true,"href":"https:\/\/www.brw.pl\/blog\/wp-json\/wp\/v2\/media\/33915"}],"wp:attachment":[{"href":"https:\/\/www.brw.pl\/blog\/wp-json\/wp\/v2\/media?parent=33914"}],"wp:term":[{"taxonomy":"category","embeddable":true,"href":"https:\/\/www.brw.pl\/blog\/wp-json\/wp\/v2\/categories?post=33914"},{"taxonomy":"post_tag","embeddable":true,"href":"https:\/\/www.brw.pl\/blog\/wp-json\/wp\/v2\/tags?post=33914"}],"curies":[{"name":"wp","href":"https:\/\/api.w.org\/{rel}","templated":true}]}}