{"id":33928,"date":"2023-08-31T17:43:55","date_gmt":"2023-08-31T15:43:55","guid":{"rendered":"https:\/\/www.brw.pl\/blog\/?p=33928"},"modified":"2023-08-31T17:43:55","modified_gmt":"2023-08-31T15:43:55","slug":"jak-udekorowac-sciane-nad-komoda","status":"publish","type":"post","link":"https:\/\/www.brw.pl\/blog\/jak-udekorowac-sciane-nad-komoda\/","title":{"rendered":"Jak udekorowa\u0107 \u015bcian\u0119 nad komod\u0105?"},"content":{"rendered":"<p><strong>Pomys\u0142owo ozdobiona \u015bciana nad komod\u0105 wzbogaci wystr\u00f3j wn\u0119trza i podkre\u015bli obrany styl aran\u017cacji. Jak udekorowa\u0107 komod\u0119, by w pe\u0142ni wykorzysta\u0107 potencja\u0142 tego mebla? Zainspiruj si\u0119 z nami!<\/strong><!--more--><\/p>\n<div style=\"display: flex; align-items: center; justify-content: center; text-align: center;\">\n<figure id=\"attachment_33930\" aria-describedby=\"caption-attachment-33930\" style=\"width: 800px\" class=\"wp-caption aligncenter\"><img decoding=\"async\" class=\"wp-image-33930 size-medium lazyload\" data-src=\"https:\/\/www.brw.pl\/blog\/wp-content\/uploads\/2023\/08\/\u0141awa-Holten-800x559.jpg\" alt=\"Jak udekorowa\u0107 \u015bcian\u0119 nad komod\u0105?\" width=\"800\" height=\"559\" data-srcset=\"https:\/\/www.brw.pl\/blog\/wp-content\/uploads\/2023\/08\/\u0141awa-Holten-800x559.jpg 800w, https:\/\/www.brw.pl\/blog\/wp-content\/uploads\/2023\/08\/\u0141awa-Holten-768x537.jpg 768w, https:\/\/www.brw.pl\/blog\/wp-content\/uploads\/2023\/08\/\u0141awa-Holten-1536x1074.jpg 1536w, https:\/\/www.brw.pl\/blog\/wp-content\/uploads\/2023\/08\/\u0141awa-Holten.jpg 1545w\" data-sizes=\"(max-width: 800px) 100vw, 800px\" src=\"data:image\/svg+xml;base64,PHN2ZyB3aWR0aD0iMSIgaGVpZ2h0PSIxIiB4bWxucz0iaHR0cDovL3d3dy53My5vcmcvMjAwMC9zdmciPjwvc3ZnPg==\" style=\"--smush-placeholder-width: 800px; --smush-placeholder-aspect-ratio: 800\/559;\" \/><figcaption id=\"caption-attachment-33930\" class=\"wp-caption-text\"><a href=\"https:\/\/www.brw.pl\/komoda-holten,36716\" target=\"_blank\" rel=\"noopener noreferrer\"><span style=\"font-weight: 400;\">Komoda Holten<\/span><\/a> &#8211; <a href=\"https:\/\/www.brw.pl\/lawa-holten,36709\" target=\"_blank\" rel=\"noopener noreferrer\"><span style=\"font-weight: 400;\">\u0141awa Holten<\/span><\/a><\/figcaption><\/figure>\n<\/div>\n<h2><strong>\u015aciana nad komod\u0105 \u2013 odpowiednio j\u0105 zaaran\u017cuj!<\/strong><\/h2>\n<p>W ka\u017cdym wn\u0119trzu znajd\u0105 si\u0119 takie miejsca, kt\u00f3re domagaj\u0105 si\u0119 wype\u0142nienia. Zazwyczaj jest to pusta \u015bciana \u2013 nad komod\u0105, za kanap\u0105 czy za \u0142\u00f3\u017ckiem. O ile w strefach po\u015bwi\u0119conych wypoczynkowi nietrudno o odpowiedni\u0105 dekoracj\u0119 \u015bciany, o tyle w przypadku k\u0105cika z komod\u0105 znalezienie w\u0142a\u015bciwej ozdoby mo\u017ce okaza\u0107 si\u0119 wyzwaniem. Mimo wszystko warto zdecydowa\u0107 si\u0119 na urozmaicenie tej przestrzeni \u2013 <strong>aran\u017cacja komody to \u015bwietny spos\u00f3b na podrasowanie wystroju wn\u0119trza<\/strong> <strong>i podkre\u015blenie jego niepowtarzalnego charakteru<\/strong>.<\/p>\n<p>Je\u015bli w Twoim salonie lub sypialni znajduje si\u0119 taka &#8222;aran\u017cacyjna luka&#8221;, potraktuj j\u0105 jako okazj\u0119 do tw\u00f3rczych dzia\u0142a\u0144. W zale\u017cno\u015bci od stylu, w jakim urz\u0105dzone jest wn\u0119trze, mo\u017cesz si\u0119gn\u0105\u0107 po u\u017cyteczne lub wy\u0142\u0105cznie dekoracyjne dodatki. Ich liczb\u0119 dopasuj do rozmiaru komody \u2013 pami\u0119taj, \u017ce w przypadku niewielkich mebli lepiej zachowa\u0107 umiar.<\/p>\n<p>Z my\u015bl\u0105 o osobach poszukuj\u0105cych nietuzinkowych inspiracji przygotowali\u015bmy kilka rozwi\u0105za\u0144. Najciekawsze pomys\u0142y na dekoracj\u0119 komody znajdziesz poni\u017cej. Zaczynamy!<\/p>\n<h2><strong>Jak udekorowa\u0107 \u015bcian\u0119 nad komod\u0105?<\/strong><\/h2>\n<p>Komoda to wdzi\u0119czny mebel o wielu zaletach i stosunkowo szerokim spektrum zastosowa\u0144. W zale\u017cno\u015bci od pomieszczenia, w kt\u00f3rym si\u0119 znajduje, mo\u017ce s\u0142u\u017cy\u0107 jako bieli\u017aniarka, praktyczny schowek na drobiazgi lub alternatywa dla <a href=\"https:\/\/www.brw.pl\/meble\/szafki-rtv\/\" target=\"_blank\" rel=\"noopener noreferrer\">szafki RTV<\/a>. Wyposa\u017cona w szuflady i pojemne szafki ukryje wiele, nawet przy do\u015b\u0107 kompaktowych rozmiarach. Cho\u0107 jeszcze do niedawna uznawana by\u0142a za standardowy element wyposa\u017cenia domu, dzi\u015b trudno nie doceni\u0107 jej szczeg\u00f3lnej roli w aran\u017cacji wn\u0119trz. Dzi\u0119ki zgrabnej sylwetce i modnemu wyko\u0144czeniu sama w sobie mo\u017ce stanowi\u0107 ozdob\u0119 pokoju.<\/p>\n<h3>Co powiesi\u0107 nad komod\u0105 w salonie?<\/h3>\n<p>Aran\u017cuj\u0105c komod\u0119 w salonie, mo\u017cesz wykorzysta\u0107 nie tylko miejsce na blacie, ale r\u00f3wnie\u017c \u015bcian\u0119, przy kt\u00f3rej postawiony jest mebel. Si\u0119gnij po efektowne detale i odwa\u017c si\u0119 na stworzenie pi\u0119knej kompozycji budz\u0105cej zachwyt go\u015bci i domownik\u00f3w.<\/p>\n<h4 style=\"text-align: center;\"><strong>STYLOWY OBRAZ<\/strong><\/h4>\n<p>Dekoracje \u015bcienne to znakomity spos\u00f3b na przemycenie do salonu motyw\u00f3w personalizuj\u0105cych wn\u0119trze i podkre\u015blaj\u0105cych jego atmosfer\u0119. Co wi\u0119cej, <strong>barwne <\/strong><a href=\"https:\/\/www.brw.pl\/dekoracje\/dekoracje-scienne\/obrazy\/\" target=\"_blank\" rel=\"noopener noreferrer\"><strong>obrazy<\/strong><\/a><strong> i <\/strong><a href=\"https:\/\/www.brw.pl\/dekoracje\/dekoracje-scienne\/plakaty\/\" target=\"_blank\" rel=\"noopener noreferrer\"><strong>plakaty<\/strong><\/a><strong> pozwalaj\u0105 prze\u0142ama\u0107 rutyn\u0119, nadaj\u0105c aran\u017cacji po\u017c\u0105dan\u0105 dynamik\u0119<\/strong>. Wa\u017cne jednak, by odpowiada\u0142y estetyce wn\u0119trza. Je\u015bli szukasz dodatku do salonu w stylu glamour, zwr\u00f3\u0107 uwag\u0119 na obrazy wyr\u00f3\u017cniaj\u0105ce si\u0119 g\u0142\u0119bi\u0105 koloru, a ponadto oprawione w z\u0142ocone ramy. W salonie w stylu skandynawskim znakomicie sprawdz\u0105 si\u0119 obrazy ilustruj\u0105ce przyrod\u0119, natomiast w pokoju dziennym z sielsk\u0105 nut\u0105 \u2013 plakaty przedstawiaj\u0105ce \u0142any zb\u00f3\u017c.<\/p>\n<div style=\"display: flex; align-items: center; justify-content: center; text-align: center;\">\n<figure id=\"attachment_33260\" aria-describedby=\"caption-attachment-33260\" style=\"width: 800px\" class=\"wp-caption aligncenter\"><img decoding=\"async\" class=\"wp-image-33260 size-medium lazyload\" data-src=\"https:\/\/www.brw.pl\/blog\/wp-content\/uploads\/2023\/06\/Komoda-Walton-800x716.jpg\" alt=\"Komoda Walton, obraz Mostero II\" width=\"800\" height=\"716\" data-srcset=\"https:\/\/www.brw.pl\/blog\/wp-content\/uploads\/2023\/06\/Komoda-Walton-800x716.jpg 800w, https:\/\/www.brw.pl\/blog\/wp-content\/uploads\/2023\/06\/Komoda-Walton-768x687.jpg 768w, https:\/\/www.brw.pl\/blog\/wp-content\/uploads\/2023\/06\/Komoda-Walton.jpg 1204w\" data-sizes=\"(max-width: 800px) 100vw, 800px\" src=\"data:image\/svg+xml;base64,PHN2ZyB3aWR0aD0iMSIgaGVpZ2h0PSIxIiB4bWxucz0iaHR0cDovL3d3dy53My5vcmcvMjAwMC9zdmciPjwvc3ZnPg==\" style=\"--smush-placeholder-width: 800px; --smush-placeholder-aspect-ratio: 800\/716;\" \/><figcaption id=\"caption-attachment-33260\" class=\"wp-caption-text\"><a href=\"https:\/\/www.brw.pl\/komoda-walton,48209\" target=\"_blank\" rel=\"noopener noreferrer\"><span style=\"font-weight: 400;\">Komoda Walton<\/span><\/a> &#8211; <a href=\"https:\/\/www.brw.pl\/obraz-mostro-ii,56444\" target=\"_blank\" rel=\"noopener noreferrer\"><span style=\"font-weight: 400;\">Obraz Mostero II<\/span><\/a><\/figcaption><\/figure>\n<\/div>\n<h4 style=\"text-align: center;\"><strong>MAKRAMY<\/strong><\/h4>\n<p>Wi\u0105zane dekoracje, czyli popularne <a href=\"https:\/\/www.brw.pl\/dekoracje\/dekoracje-scienne\/makramy\/\" target=\"_blank\" rel=\"noopener noreferrer\">makramy<\/a>, to kolejne elementy, dzi\u0119ki kt\u00f3rym aran\u017cacja \u015bciany nad komod\u0105 b\u0119dzie cieszy\u0107 oko. R\u0119cznie wykonane cude\u0144ka zachwyc\u0105 mi\u0142o\u015bnik\u00f3w unikalnych detali i ozd\u00f3b z dusz\u0105. <strong>Za pomoc\u0105 a\u017curowych tkanin mo\u017cesz zaaran\u017cowa\u0107 komod\u0119 w salonie w stylu boho<\/strong>, ale nic nie stoi na przeszkodzie, by zaprosi\u0107 je do wn\u0119trza w eklektycznym klimacie. Makramy wprowadz\u0105 do salonu przytulny nastr\u00f3j. Podkr\u0119cisz go, ustawiaj\u0105c na blacie komody drobiazgi: plecione koszyczki i wazon z bukietem suszonych traw.<\/p>\n<h4 style=\"text-align: center;\"><strong>ZEGAR<\/strong><\/h4>\n<p>Dekoracja komody mo\u017ce by\u0107 w r\u00f3wnym stopniu estetyczna, co funkcjonalna. \u015awietnym przyk\u0142adem jest <strong>zegar \u2013 z \u0142atwo\u015bci\u0105 dopasujesz go do stylu wn\u0119trza<\/strong>. Praktyczny drobiazg wype\u0142ni pustk\u0119 na \u015bcianie, a przy okazji odmierzy czas. Tarczowe <a href=\"https:\/\/www.brw.pl\/dekoracje\/zegary\/\" target=\"_blank\" rel=\"noopener noreferrer\">zegary<\/a> wykonane z metalu pomog\u0105 ozdobi\u0107 komod\u0119 w salonie industrialnym, natomiast drewniane \u2013 w klasycznym.<\/p>\n<div style=\"display: flex; align-items: center; justify-content: center; text-align: center;\">\n<figure id=\"attachment_21477\" aria-describedby=\"caption-attachment-21477\" style=\"width: 500px\" class=\"wp-caption aligncenter\"><img decoding=\"async\" class=\"wp-image-21477 lazyload\" data-src=\"https:\/\/www.brw.pl\/blog\/wp-content\/uploads\/2022\/01\/Zegar-Duo-Wood.jpg\" alt=\"Zegar \u015bcienny Duo Wood\" width=\"500\" height=\"375\" src=\"data:image\/svg+xml;base64,PHN2ZyB3aWR0aD0iMSIgaGVpZ2h0PSIxIiB4bWxucz0iaHR0cDovL3d3dy53My5vcmcvMjAwMC9zdmciPjwvc3ZnPg==\" style=\"--smush-placeholder-width: 500px; --smush-placeholder-aspect-ratio: 500\/375;\" \/><figcaption id=\"caption-attachment-21477\" class=\"wp-caption-text\"><a href=\"https:\/\/www.brw.pl\/zegar-scienny-duo-wood,40570\" target=\"_blank\" rel=\"noopener noreferrer\"><span style=\"font-weight: 400;\">Zegar \u015bcienny Duo Wood<\/span><\/a><\/figcaption><\/figure>\n<\/div>\n<div style=\"display: flex; align-items: center; justify-content: center; text-align: center;\">\n<figure id=\"attachment_33933\" aria-describedby=\"caption-attachment-33933\" style=\"width: 500px\" class=\"wp-caption aligncenter\"><img decoding=\"async\" class=\"wp-image-33933 lazyload\" data-src=\"https:\/\/www.brw.pl\/blog\/wp-content\/uploads\/2023\/08\/zegar-scienny-new-york-mediuma.jpg\" alt=\"Zegar \u015bcienny New York\" width=\"500\" height=\"375\" src=\"data:image\/svg+xml;base64,PHN2ZyB3aWR0aD0iMSIgaGVpZ2h0PSIxIiB4bWxucz0iaHR0cDovL3d3dy53My5vcmcvMjAwMC9zdmciPjwvc3ZnPg==\" style=\"--smush-placeholder-width: 500px; --smush-placeholder-aspect-ratio: 500\/375;\" \/><figcaption id=\"caption-attachment-33933\" class=\"wp-caption-text\"><a href=\"https:\/\/www.brw.pl\/zegar-scienny-new-york,56494\" target=\"_blank\" rel=\"noopener noreferrer\"><span style=\"font-weight: 400;\">Zegar \u015bcienny New York<\/span><\/a><\/figcaption><\/figure>\n<\/div>\n<h4 style=\"text-align: center;\"><b>P\u00d3\u0141KA \u015aCIENNA<\/b><\/h4>\n<p>Co jeszcze powiesi\u0107 nad komod\u0105 w salonie? Osobom lubi\u0105cym eksperymentowa\u0107 z wystrojem polecamy uniwersalne rozwi\u0105zania. Jednym z nich jest <a href=\"https:\/\/www.brw.pl\/meble\/przechowywanie\/polki\/\" target=\"_blank\" rel=\"noopener noreferrer\">p\u00f3\u0142ka<\/a> \u015bcienna, kt\u00f3ra doskonale wpisuje si\u0119 w rozmaite aran\u017cacje wn\u0119trz. Czym j\u0105 ozdobi\u0107? Aran\u017cacja takiej p\u00f3\u0142ki zale\u017cy w du\u017cej mierze od&#8230; Twoich upodoba\u0144. Do wyboru masz ca\u0142y wachlarz opcji: kwiaty doniczkowe, upolowan\u0105 na pchlim targu ceramik\u0119, pi\u0119knie oprawione ksi\u0105\u017cki, modowe albumy lub pami\u0105tki z podr\u00f3\u017cy.<\/p>\n<p><strong>Czytaj tak\u017ce: <\/strong><a href=\"https:\/\/www.brw.pl\/blog\/co-postawic-na-polce-w-salonie\/\" target=\"_blank\" rel=\"noopener noreferrer\"><strong>&#8222;Co postawi\u0107 na p\u00f3\u0142ce w salonie?&#8221;<\/strong><\/a><strong>.<\/strong><\/p>\n<div style=\"display: flex; align-items: center; justify-content: center; text-align: center;\">\n<figure id=\"attachment_33934\" aria-describedby=\"caption-attachment-33934\" style=\"width: 500px\" class=\"wp-caption aligncenter\"><img decoding=\"async\" class=\"wp-image-33934 lazyload\" data-src=\"https:\/\/www.brw.pl\/blog\/wp-content\/uploads\/2023\/08\/polka-gent-kolor-wybarwienia-dab-stirling-mediuma.jpg\" alt=\"P\u00f3\u0142ka Gent\" width=\"500\" height=\"375\" src=\"data:image\/svg+xml;base64,PHN2ZyB3aWR0aD0iMSIgaGVpZ2h0PSIxIiB4bWxucz0iaHR0cDovL3d3dy53My5vcmcvMjAwMC9zdmciPjwvc3ZnPg==\" style=\"--smush-placeholder-width: 500px; --smush-placeholder-aspect-ratio: 500\/375;\" \/><figcaption id=\"caption-attachment-33934\" class=\"wp-caption-text\"><a href=\"https:\/\/www.brw.pl\/polka-gent,10119\" target=\"_blank\" rel=\"noopener noreferrer\"><span style=\"font-weight: 400;\">P\u00f3\u0142ka Gent<\/span><\/a><\/figcaption><\/figure>\n<\/div>\n<h3>Co nad komod\u0105 w sypialni?<\/h3>\n<p>Podczas gdy aran\u017cacja salonu tworzona jest z my\u015bl\u0105 o wszystkich lokatorach i ich go\u015bciach, wystr\u00f3j sypialni ma s\u0142u\u017cy\u0107 wy\u0142\u0105cznie domownikom. Ozdabiaj\u0105c pok\u00f3j nocny, kieruj si\u0119 nie tylko sezonow\u0105 mod\u0105, ale r\u00f3wnie\u017c (a mo\u017ce przede wszystkim) w\u0142asnymi preferencjami. W sypialni wskazane b\u0119d\u0105 dekoracje o \u0142agodnej kolorystyce i nienarzucaj\u0105cej si\u0119 formie. Takie detale nie zak\u0142\u00f3c\u0105 wypoczynku i nie b\u0119d\u0105 rozprasza\u0107 Ci\u0119 w chwilach relaksu.<\/p>\n<h4 style=\"text-align: center;\"><strong>LUSTRO<\/strong><\/h4>\n<p>Uniwersalny charakter luster sprawia, \u017ce pasuj\u0105 niemal do ka\u017cdego wn\u0119trza. Zwierciad\u0142o oprawione w wyrafinowan\u0105 ram\u0119 mo\u017cesz powiesi\u0107 nad komod\u0105 lub postawi\u0107 na blacie. Oparte o \u015bcian\u0119 b\u0119dzie pe\u0142ni\u0107 zar\u00f3wno funkcj\u0119 dekoracyjn\u0105, jak i praktyczn\u0105. Tego rodzaju dodatki doskonale prezentuj\u0105 si\u0119 w grupach, dlatego do zawieszenia nad komod\u0105 nada si\u0119 kilka luster w r\u00f3\u017cnych rozmiarach.<\/p>\n<div style=\"display: flex; align-items: center; justify-content: center; text-align: center;\">\n<figure id=\"attachment_33936\" aria-describedby=\"caption-attachment-33936\" style=\"width: 500px\" class=\"wp-caption aligncenter\"><img decoding=\"async\" class=\"wp-image-33936 lazyload\" data-src=\"https:\/\/www.brw.pl\/blog\/wp-content\/uploads\/2023\/08\/lustro-wiszace-raffia-mediuma.jpg\" alt=\"Lustro wisz\u0105ce Rafia\" width=\"500\" height=\"375\" src=\"data:image\/svg+xml;base64,PHN2ZyB3aWR0aD0iMSIgaGVpZ2h0PSIxIiB4bWxucz0iaHR0cDovL3d3dy53My5vcmcvMjAwMC9zdmciPjwvc3ZnPg==\" style=\"--smush-placeholder-width: 500px; --smush-placeholder-aspect-ratio: 500\/375;\" \/><figcaption id=\"caption-attachment-33936\" class=\"wp-caption-text\"><a href=\"https:\/\/www.brw.pl\/lustro-wiszace-raffia,53674\" target=\"_blank\" rel=\"noopener noreferrer\"><span style=\"font-weight: 400;\">Lustro wisz\u0105ce Raffia<\/span><\/a><\/figcaption><\/figure>\n<\/div>\n<div style=\"display: flex; align-items: center; justify-content: center; text-align: center;\">\n<figure id=\"attachment_33935\" aria-describedby=\"caption-attachment-33935\" style=\"width: 500px\" class=\"wp-caption aligncenter\"><img decoding=\"async\" class=\"wp-image-33935 lazyload\" data-src=\"https:\/\/www.brw.pl\/blog\/wp-content\/uploads\/2023\/08\/lustro-scienne-durung-mediuma.jpg\" alt=\"Lustro \u015bcienne Durung\" width=\"500\" height=\"375\" src=\"data:image\/svg+xml;base64,PHN2ZyB3aWR0aD0iMSIgaGVpZ2h0PSIxIiB4bWxucz0iaHR0cDovL3d3dy53My5vcmcvMjAwMC9zdmciPjwvc3ZnPg==\" style=\"--smush-placeholder-width: 500px; --smush-placeholder-aspect-ratio: 500\/375;\" \/><figcaption id=\"caption-attachment-33935\" class=\"wp-caption-text\"><a href=\"https:\/\/www.brw.pl\/lustro-scienne-durung,37632\" target=\"_blank\" rel=\"noopener noreferrer\"><span style=\"font-weight: 400;\">Lustro \u015bcienne Durung<\/span><\/a><\/figcaption><\/figure>\n<\/div>\n<h4 style=\"text-align: center;\"><strong>RODZINNE FOTOGRAFIE<\/strong><\/h4>\n<p>Je\u015bli lubisz otacza\u0107 si\u0119 drobiazgami, kt\u00f3re wiele dla Ciebie znacz\u0105, pomy\u015bl o zaaran\u017cowaniu nad komod\u0105 mini galerii z\u0142o\u017conej z rodzinnych fotografii. Ramki ze zdj\u0119ciami tworz\u0105 w sypialni ciep\u0142y klimat. Skorzystaj z okazji i wciel si\u0119 w dekoratora wn\u0119trz, wyczarowuj\u0105c przer\u00f3\u017cne kompozycje. Starannie zaplanuj uk\u0142ad ramek, zr\u00f3\u017cnicuj tak\u017ce ich wielko\u015b\u0107. Czeka Ci\u0119 dobra zabawa!<\/p>\n<div style=\"display: flex; align-items: center; justify-content: center; text-align: center;\">\n<figure id=\"attachment_32764\" aria-describedby=\"caption-attachment-32764\" style=\"width: 500px\" class=\"wp-caption aligncenter\"><img decoding=\"async\" class=\"wp-image-32764 lazyload\" data-src=\"https:\/\/www.brw.pl\/blog\/wp-content\/uploads\/2023\/05\/ramka-na-zdjecie-basic.jpg\" alt=\"Ramka na zdj\u0119cie Basic\" width=\"500\" height=\"374\" src=\"data:image\/svg+xml;base64,PHN2ZyB3aWR0aD0iMSIgaGVpZ2h0PSIxIiB4bWxucz0iaHR0cDovL3d3dy53My5vcmcvMjAwMC9zdmciPjwvc3ZnPg==\" style=\"--smush-placeholder-width: 500px; --smush-placeholder-aspect-ratio: 500\/374;\" \/><figcaption id=\"caption-attachment-32764\" class=\"wp-caption-text\"><a href=\"https:\/\/www.brw.pl\/ramka-na-zdjecie-basic,44400\" target=\"_blank\" rel=\"noopener noreferrer\"><span style=\"font-weight: 400;\">Ramka na zdj\u0119cie Basic<\/span><\/a><\/figcaption><\/figure>\n<\/div>\n<div style=\"display: flex; align-items: center; justify-content: center; text-align: center;\">\n<figure id=\"attachment_33937\" aria-describedby=\"caption-attachment-33937\" style=\"width: 500px\" class=\"wp-caption aligncenter\"><img decoding=\"async\" class=\"wp-image-33937 lazyload\" data-src=\"https:\/\/www.brw.pl\/blog\/wp-content\/uploads\/2023\/08\/rama-loft-mediuma.jpg\" alt=\"Ramka loft\" width=\"500\" height=\"375\" src=\"data:image\/svg+xml;base64,PHN2ZyB3aWR0aD0iMSIgaGVpZ2h0PSIxIiB4bWxucz0iaHR0cDovL3d3dy53My5vcmcvMjAwMC9zdmciPjwvc3ZnPg==\" style=\"--smush-placeholder-width: 500px; --smush-placeholder-aspect-ratio: 500\/375;\" \/><figcaption id=\"caption-attachment-33937\" class=\"wp-caption-text\"><a href=\"https:\/\/www.brw.pl\/rama-loft,38638\" target=\"_blank\" rel=\"noopener noreferrer\"><span style=\"font-weight: 400;\">Ramka na zdj\u0119cie Loft<\/span><\/a><\/figcaption><\/figure>\n<\/div>\n<h4 style=\"text-align: center;\"><strong>DEKORACYJNE NAKLEJKI<\/strong><\/h4>\n<p>Modnym zamiennikiem obraz\u00f3w, plakat\u00f3w i grafik s\u0105 \u015bcienne naklejki winylowe. Samoprzylepne elementy dekoracyjne s\u0105 trwa\u0142e, wodoodporne, \u0142atwe w czyszczeniu, a do tego ekonomiczne. Zastosujesz je w\u0142a\u015bciwie w ka\u017cdym miejscu. Na \u015bcianie nad komod\u0105 zaprezentuj\u0105 si\u0119 stylowo i elegancko.<\/p>\n<h2><strong>\u015aciana nad komod\u0105 \u2013 inspiracje z Black Red White<\/strong><\/h2>\n<p>W tej cz\u0119\u015bci artyku\u0142u przedstawimy aran\u017cacje \u015bciany nad komod\u0105, w kt\u00f3rych wykorzystano produkty z oferty Black Red White. Zobacz nasze inspiracje!<\/p>\n<h3>\u015aciana nad komod\u0105 w loftowym salonie<\/h3>\n<div style=\"display: flex; align-items: center; justify-content: center; text-align: center;\">\n<figure id=\"attachment_30039\" aria-describedby=\"caption-attachment-30039\" style=\"width: 800px\" class=\"wp-caption aligncenter\"><img decoding=\"async\" class=\"wp-image-30039 size-medium lazyload\" data-src=\"https:\/\/www.brw.pl\/blog\/wp-content\/uploads\/2023\/02\/glowne-ramla-salon-800x533.jpg\" alt=\"Ramla - salon i jadalnia\" width=\"800\" height=\"533\" data-srcset=\"https:\/\/www.brw.pl\/blog\/wp-content\/uploads\/2023\/02\/glowne-ramla-salon-800x533.jpg 800w, https:\/\/www.brw.pl\/blog\/wp-content\/uploads\/2023\/02\/glowne-ramla-salon-768x512.jpg 768w, https:\/\/www.brw.pl\/blog\/wp-content\/uploads\/2023\/02\/glowne-ramla-salon-1536x1024.jpg 1536w, https:\/\/www.brw.pl\/blog\/wp-content\/uploads\/2023\/02\/glowne-ramla-salon.jpg 1620w\" data-sizes=\"(max-width: 800px) 100vw, 800px\" src=\"data:image\/svg+xml;base64,PHN2ZyB3aWR0aD0iMSIgaGVpZ2h0PSIxIiB4bWxucz0iaHR0cDovL3d3dy53My5vcmcvMjAwMC9zdmciPjwvc3ZnPg==\" style=\"--smush-placeholder-width: 800px; --smush-placeholder-aspect-ratio: 800\/533;\" \/><figcaption id=\"caption-attachment-30039\" class=\"wp-caption-text\"><a href=\"https:\/\/www.brw.pl\/komoda-ramla,52832\" target=\"_blank\" rel=\"noopener noreferrer\"><span style=\"font-weight: 400;\">Komoda Ramla<\/span><\/a> &#8211; <a href=\"https:\/\/www.brw.pl\/obraz-sowa,38062\" target=\"_blank\" rel=\"noopener noreferrer\"><span style=\"font-weight: 400;\">Obraz Sowa<\/span><\/a><\/figcaption><\/figure>\n<\/div>\n<p>W loftowym salonie pe\u0142ni\u0105cym r\u00f3wnie\u017c funkcj\u0119 jadalni na pierwszy plan wysuwaj\u0105 si\u0119 meble w \u0142agodnym jesionowym wybarwieniu. Ustawione na tle szarych \u015bcian rozja\u015bniaj\u0105 i ocieplaj\u0105 aran\u017cacj\u0119, a ich subtelny rysunek oddaj\u0105cy naturalne us\u0142ojenie drewna w ciekawy spos\u00f3b kontrastuje z surow\u0105 faktur\u0105 betonu.<\/p>\n<p>Bohaterka wystroju \u2013 <strong>komoda Ramla<\/strong> \u2013 to, jak przysta\u0142o na przedstawicielk\u0119 stylu loftowego, mebel o lekkiej sylwetce i prostej formie. Metalowe n\u00f3\u017cki i czarne uchwyty podkre\u015blaj\u0105 jej industrialny charakter. W przemys\u0142owy klimat wpisuj\u0105 si\u0119 r\u00f3wnie\u017c dekoracje umieszczone na \u015bcianie nad komod\u0105: minimalistyczny tarczowy zegar, plakaty z wielkomiejskimi pejza\u017cami oraz <strong>obraz Sowa<\/strong> prze\u0142amuj\u0105cy urbanistyczn\u0105 narracj\u0119. Aran\u017cacj\u0119 dope\u0142niaj\u0105 ro\u015bliny doniczkowe i kompozycja trzech wazon\u00f3w ustawionych na blacie.<\/p>\n<h3>\u015aciana nad komod\u0105 w nowoczesnej sypialni<\/h3>\n<div style=\"display: flex; align-items: center; justify-content: center; text-align: center;\">\n<figure id=\"attachment_30987\" aria-describedby=\"caption-attachment-30987\" style=\"width: 800px\" class=\"wp-caption aligncenter\"><img decoding=\"async\" class=\"wp-image-30987 size-medium lazyload\" data-src=\"https:\/\/www.brw.pl\/blog\/wp-content\/uploads\/2023\/04\/Sypialnia-Alameda-800x540.jpg\" alt=\"Dekoracja \u015bciany nad komod\u0105 - Alameda\" width=\"800\" height=\"540\" data-srcset=\"https:\/\/www.brw.pl\/blog\/wp-content\/uploads\/2023\/04\/Sypialnia-Alameda-800x540.jpg 800w, https:\/\/www.brw.pl\/blog\/wp-content\/uploads\/2023\/04\/Sypialnia-Alameda-768x518.jpg 768w, https:\/\/www.brw.pl\/blog\/wp-content\/uploads\/2023\/04\/Sypialnia-Alameda-1536x1037.jpg 1536w, https:\/\/www.brw.pl\/blog\/wp-content\/uploads\/2023\/04\/Sypialnia-Alameda.jpg 1600w\" data-sizes=\"(max-width: 800px) 100vw, 800px\" src=\"data:image\/svg+xml;base64,PHN2ZyB3aWR0aD0iMSIgaGVpZ2h0PSIxIiB4bWxucz0iaHR0cDovL3d3dy53My5vcmcvMjAwMC9zdmciPjwvc3ZnPg==\" style=\"--smush-placeholder-width: 800px; --smush-placeholder-aspect-ratio: 800\/540;\" \/><figcaption id=\"caption-attachment-30987\" class=\"wp-caption-text\"><a href=\"https:\/\/www.brw.pl\/komoda-alameda,26729\" target=\"_blank\" rel=\"noopener noreferrer\"><span style=\"font-weight: 400;\">Komoda Alameda<\/span><\/a><\/figcaption><\/figure>\n<\/div>\n<p>W tej nowoczesnej sypialni funkcjonalno\u015b\u0107 idzie w parze z wysmakowanym designem. Skrupulatnie dopasowane detale, gra struktur, kolor\u00f3w i \u015bwiate\u0142 sprawiaj\u0105, \u017ce prezentowane wn\u0119trze jest doskona\u0142ym przyk\u0142adem aran\u017cacyjnego sukcesu. W niewielkiej wn\u0119ce po lewej stronie od \u0142\u00f3\u017cka swoje miejsce zajmuje <strong>komoda Alameda<\/strong>. Mebel \u0142\u0105cz\u0105cy dwa wybarwienia: bia\u0142y po\u0142ysk i d\u0105b westminster jest nie tylko pojemnym schowkiem na bielizn\u0119, ale i wspania\u0142\u0105 ozdob\u0105 sypialni. Du\u017c\u0105 zalet\u0105 komody jest oryginalny dekor widoczny na froncie oraz o\u015bwietlenie LED subtelnie odznaczaj\u0105ce si\u0119 pod blatem.<\/p>\n<p>\u015acian\u0119 nad meblem zaaran\u017cowano za pomoc\u0105 okr\u0105g\u0142ego lustra, w kt\u00f3rym odbijaj\u0105 si\u0119 pomys\u0142owo montowane sztukaterie. Pozosta\u0142e dekoracje, w tym ro\u015blin\u0119 doniczkow\u0105, lampiony i niewielk\u0105 fotografi\u0119, umieszczono na blacie. Za spraw\u0105 drobiazg\u00f3w sypialnia jest przytulna i mi\u0142a dla oka.<\/p>\n<p><strong>Artyku\u0142y dekoracyjne oraz <\/strong><a href=\"https:\/\/www.brw.pl\/meble\/przechowywanie\/komody\/salon-jadalnia\/\" target=\"_blank\" rel=\"noopener noreferrer\"><strong>komody do salonu<\/strong><\/a><strong> i sypialni znajdziesz w <\/strong><a href=\"https:\/\/www.brw.pl\/\" target=\"_blank\" rel=\"noopener noreferrer\"><strong>sklepie internetowym Black Red White<\/strong><\/a><strong>. Zapraszamy na zakupy!<\/strong><\/p>\n","protected":false},"excerpt":{"rendered":"<p>Pomys\u0142owo ozdobiona \u015bciana nad komod\u0105 wzbogaci wystr\u00f3j wn\u0119trza i podkre\u015bli obrany styl aran\u017cacji. Jak udekorowa\u0107 komod\u0119, by w pe\u0142ni wykorzysta\u0107 potencja\u0142 tego mebla? Zainspiruj si\u0119 z nami!<\/p>\n","protected":false},"author":21,"featured_media":33930,"comment_status":"closed","ping_status":"open","sticky":false,"template":"","format":"standard","meta":{"footnotes":""},"categories":[39,28,735,29],"tags":[],"aioseo_notices":[],"_links":{"self":[{"href":"https:\/\/www.brw.pl\/blog\/wp-json\/wp\/v2\/posts\/33928"}],"collection":[{"href":"https:\/\/www.brw.pl\/blog\/wp-json\/wp\/v2\/posts"}],"about":[{"href":"https:\/\/www.brw.pl\/blog\/wp-json\/wp\/v2\/types\/post"}],"author":[{"embeddable":true,"href":"https:\/\/www.brw.pl\/blog\/wp-json\/wp\/v2\/users\/21"}],"replies":[{"embeddable":true,"href":"https:\/\/www.brw.pl\/blog\/wp-json\/wp\/v2\/comments?post=33928"}],"version-history":[{"count":7,"href":"https:\/\/www.brw.pl\/blog\/wp-json\/wp\/v2\/posts\/33928\/revisions"}],"predecessor-version":[{"id":33941,"href":"https:\/\/www.brw.pl\/blog\/wp-json\/wp\/v2\/posts\/33928\/revisions\/33941"}],"wp:featuredmedia":[{"embeddable":true,"href":"https:\/\/www.brw.pl\/blog\/wp-json\/wp\/v2\/media\/33930"}],"wp:attachment":[{"href":"https:\/\/www.brw.pl\/blog\/wp-json\/wp\/v2\/media?parent=33928"}],"wp:term":[{"taxonomy":"category","embeddable":true,"href":"https:\/\/www.brw.pl\/blog\/wp-json\/wp\/v2\/categories?post=33928"},{"taxonomy":"post_tag","embeddable":true,"href":"https:\/\/www.brw.pl\/blog\/wp-json\/wp\/v2\/tags?post=33928"}],"curies":[{"name":"wp","href":"https:\/\/api.w.org\/{rel}","templated":true}]}}