{"id":33996,"date":"2023-09-08T13:51:15","date_gmt":"2023-09-08T11:51:15","guid":{"rendered":"https:\/\/www.brw.pl\/blog\/?p=33996"},"modified":"2023-09-08T13:51:15","modified_gmt":"2023-09-08T11:51:15","slug":"przytulny-salon-drewno-w-roli-glownej","status":"publish","type":"post","link":"https:\/\/www.brw.pl\/blog\/przytulny-salon-drewno-w-roli-glownej\/","title":{"rendered":"Przytulny salon: drewno w roli g\u0142\u00f3wnej!"},"content":{"rendered":"<p><strong>Szlachetne, eleganckie, absolutnie ponadczasowe \u2013 naturalne drewno od dekad pozwala aran\u017cowa\u0107 przytulne wn\u0119trza. Drewniane meble i elementy wyko\u0144czenia zapro\u015b do salonu. Podpowiemy Ci, jak go urz\u0105dzi\u0107, by sta\u0142 si\u0119 bij\u0105cym sercem domu.<\/strong><!--more--><\/p>\n<div style=\"display: flex; align-items: center; justify-content: center; text-align: center;\">\n<figure id=\"attachment_26728\" aria-describedby=\"caption-attachment-26728\" style=\"width: 800px\" class=\"wp-caption aligncenter\"><img decoding=\"async\" class=\"wp-image-26728 size-medium lazyload\" data-src=\"https:\/\/www.brw.pl\/blog\/wp-content\/uploads\/2022\/09\/Pok\u00f3j-dzienny-z-kolekcj\u0105-Sawira-800x601.jpg\" alt=\"Pok\u00f3j dzienny z kolekcj\u0105 Sawira\" width=\"800\" height=\"601\" data-srcset=\"https:\/\/www.brw.pl\/blog\/wp-content\/uploads\/2022\/09\/Pok\u00f3j-dzienny-z-kolekcj\u0105-Sawira-800x601.jpg 800w, https:\/\/www.brw.pl\/blog\/wp-content\/uploads\/2022\/09\/Pok\u00f3j-dzienny-z-kolekcj\u0105-Sawira-768x577.jpg 768w, https:\/\/www.brw.pl\/blog\/wp-content\/uploads\/2022\/09\/Pok\u00f3j-dzienny-z-kolekcj\u0105-Sawira.jpg 1065w\" data-sizes=\"(max-width: 800px) 100vw, 800px\" src=\"data:image\/svg+xml;base64,PHN2ZyB3aWR0aD0iMSIgaGVpZ2h0PSIxIiB4bWxucz0iaHR0cDovL3d3dy53My5vcmcvMjAwMC9zdmciPjwvc3ZnPg==\" style=\"--smush-placeholder-width: 800px; --smush-placeholder-aspect-ratio: 800\/601;\" \/><figcaption id=\"caption-attachment-26728\" class=\"wp-caption-text\"><b> Kolekcja SAWIRA w salonie <\/b><\/figcaption><\/figure>\n<\/div>\n<h2><strong>Salon z drewnem \u2013 przytulne pomieszczenie, w kt\u00f3rym odpoczniesz<\/strong><\/h2>\n<p>Drewno to niezwykle trwa\u0142y i solidny materia\u0142. Swoj\u0105 popularno\u015b\u0107 zawdzi\u0119cza jednak nie tylko wspomnianym w\u0142a\u015bciwo\u015bciom. <strong>Projektanci ceni\u0105 je r\u00f3wnie\u017c ze wzgl\u0119du na przytulny charakter \u2013 wn\u0119trza zaaran\u017cowane z jego udzia\u0142em s\u0105 pe\u0142ne ciep\u0142a, spokoju, klasycystycznej harmonii<\/strong>. Takie otoczenie sprzyja wypoczynkowi i dzia\u0142a pozytywnie na domownik\u00f3w. Nic zatem dziwnego, \u017ce pomieszczeniem, w kt\u00f3rym drewno go\u015bci najcz\u0119\u015bciej, jest przestrze\u0144 wsp\u00f3lna, czyli pok\u00f3j dzienny.<\/p>\n<h3>W jakim stylu urz\u0105dzi\u0107 salon z drewnem?<\/h3>\n<p>Materia\u0142y takie jak drewno nierzadko id\u0105 w parze ze stonowan\u0105 kolorystyk\u0105 czy organicznymi kszta\u0142tami. To dlatego salon z drewnem znakomicie prezentuje si\u0119 w modnych aran\u017cacjach eko, le\u015bnych czy urban jungle. Ekologiczny wymiar wn\u0119trza najlepiej podkre\u015bla surowiec pochodz\u0105cy ze zr\u00f3wnowa\u017conych \u017ar\u00f3de\u0142.<\/p>\n<p>Mimo wszystko <strong>drewno jest na tyle uniwersalne, \u017ce odnajdzie si\u0119 doskonale w ka\u017cdym stylu<\/strong>. O tym, w jakim konkretnie, decyduj\u0105 jego wybarwienie, struktura, a tak\u017ce towarzysz\u0105ce mu elementy wyposa\u017cenia.<\/p>\n<p>W nowoczesnym pokoju dziennym najlepiej zaprezentuj\u0105 si\u0119 meble w s\u0142omkowym odcieniu drewna. G\u0142adkie powierzchnie jasnych front\u00f3w \u015bwietnie wsp\u00f3\u0142graj\u0105 z minimalistycznym wystrojem, w kt\u00f3rym stawia si\u0119 na funkcjonalno\u015b\u0107 i oszcz\u0119dny design. Bielone drewno o nieco surowej strukturze z powodzeniem wykorzystywane jest w <strong>aran\u017cacjach w stylu skandynawskim i shabby chic<\/strong>, z kolei g\u0142\u0119bokie br\u0105zy z pomara\u0144czowym refleksem nierzadko s\u0105 cech\u0105 <strong>mebli w stylu industrialnym<\/strong>. Do klasyki gatunku zaliczy\u0107 nale\u017cy ciep\u0142y kolor d\u0119bowego drewna \u2013 niezast\u0105pionego we wn\u0119trzach modern classic i tradycyjnych.<\/p>\n<div style=\"display: flex; align-items: center; justify-content: center; text-align: center;\">\n<figure id=\"attachment_24685\" aria-describedby=\"caption-attachment-24685\" style=\"width: 800px\" class=\"wp-caption aligncenter\"><img decoding=\"async\" class=\"wp-image-24685 size-medium lazyload\" data-src=\"https:\/\/www.brw.pl\/blog\/wp-content\/uploads\/2022\/07\/kolekcja-luton-w-salonie-800x534.jpg\" alt=\"Kolekcja Luton w salonie\" width=\"800\" height=\"534\" data-srcset=\"https:\/\/www.brw.pl\/blog\/wp-content\/uploads\/2022\/07\/kolekcja-luton-w-salonie-800x534.jpg 800w, https:\/\/www.brw.pl\/blog\/wp-content\/uploads\/2022\/07\/kolekcja-luton-w-salonie-768x512.jpg 768w, https:\/\/www.brw.pl\/blog\/wp-content\/uploads\/2022\/07\/kolekcja-luton-w-salonie-1536x1025.jpg 1536w, https:\/\/www.brw.pl\/blog\/wp-content\/uploads\/2022\/07\/kolekcja-luton-w-salonie.jpg 1619w\" data-sizes=\"(max-width: 800px) 100vw, 800px\" src=\"data:image\/svg+xml;base64,PHN2ZyB3aWR0aD0iMSIgaGVpZ2h0PSIxIiB4bWxucz0iaHR0cDovL3d3dy53My5vcmcvMjAwMC9zdmciPjwvc3ZnPg==\" style=\"--smush-placeholder-width: 800px; --smush-placeholder-aspect-ratio: 800\/534;\" \/><figcaption id=\"caption-attachment-24685\" class=\"wp-caption-text\"><a href=\"https:\/\/www.brw.pl\/witryna-luton,40556\" target=\"_blank\" rel=\"noopener noreferrer\"><span style=\"font-weight: 400;\">Witryna Luton<\/span><\/a> &#8211; <a href=\"https:\/\/www.brw.pl\/szafka-rtv-luton,40558\" target=\"_blank\" rel=\"noopener noreferrer\"><span style=\"font-weight: 400;\">Szafka RTV Luton<\/span><\/a><\/figcaption><\/figure>\n<\/div>\n<p><strong>Dowiedz si\u0119 wi\u0119cej: <\/strong><a href=\"https:\/\/www.brw.pl\/blog\/kolory-drewna-meblowego-przeglad-black-red-white\/\" target=\"_blank\" rel=\"noopener noreferrer\"><strong>&#8222;Kolory drewna meblowego \u2013 przegl\u0105d Black Red White&#8221;<\/strong><\/a><strong>.<\/strong><\/p>\n<h2><strong>Jak urz\u0105dzi\u0107 przytulny salon z drewnem?<\/strong><\/h2>\n<p>Aran\u017cacja wn\u0119trz z drewnem daje wiele mo\u017cliwo\u015bci w zakresie doboru wyko\u0144czenia, mebli i dodatk\u00f3w. Jak urz\u0105dzi\u0107 przytulny salon w drewnie? Wskaz\u00f3wki i inspiracje znajdziesz poni\u017cej.<\/p>\n<h3>Przytulny salon: meble w strefie dziennej<\/h3>\n<p>Drewniane meble to klasyka gatunku: s\u0105 eleganckie, trwa\u0142e, nie starzej\u0105 si\u0119 mimo up\u0142ywu czasu. Nieszablonowa kolorystyka i bogaty wachlarz struktur dodaj\u0105 im niepodrabialnego uroku. Poszukuj\u0105c odpowiedniego wyposa\u017cenia do salonu, przyjrzyj si\u0119 nie tylko meblom wykonanym z naturalnego drewna, ale tak\u017ce ich nieco ta\u0144szym i l\u017cejszym odpowiednikom z p\u0142yty meblowej. Zar\u00f3wno jedne, jak i drugie dost\u0119pne s\u0105 w szerokiej gamie ciep\u0142ych wybarwie\u0144 pasuj\u0105cych do r\u00f3\u017cnych styl\u00f3w.<\/p>\n<p>Interesuj\u0105 Ci\u0119 meble \u0142\u0105cz\u0105ce wysmakowane wzornictwo i ekologiczne materia\u0142y? Zwr\u00f3\u0107 uwag\u0119 na <a href=\"https:\/\/www.brw.pl\/meble\/przechowywanie\/komody\/\" target=\"_blank\" rel=\"noopener noreferrer\"><strong>komody<\/strong><\/a><strong> i <\/strong><a href=\"https:\/\/www.brw.pl\/meble\/przechowywanie\/witryny\/\" target=\"_blank\" rel=\"noopener noreferrer\"><strong>witryny<\/strong><\/a><strong> z kolekcji SAWIRA<\/strong>. U\u017cyte w niej drewno d\u0119bowe powsta\u0142o w wyniku po\u0142\u0105czenia fragment\u00f3w niewykorzystanych przy produkcji innych kolekcji. Wyr\u00f3\u017cniaj\u0105 go nieregularne s\u0142oje, s\u0119ki i przebarwienia, dzi\u0119ki kt\u00f3rym ka\u017cdy element mebla staje si\u0119 jedyny w swoim rodzaju.<\/p>\n<div style=\"display: flex; align-items: center; justify-content: center; text-align: center;\">\n<figure id=\"attachment_24723\" aria-describedby=\"caption-attachment-24723\" style=\"width: 500px\" class=\"wp-caption aligncenter\"><img decoding=\"async\" class=\"wp-image-24723 lazyload\" data-src=\"https:\/\/www.brw.pl\/blog\/wp-content\/uploads\/2022\/07\/komoda-sawira.jpg\" alt=\"Komoda Sawira\" width=\"500\" height=\"375\" src=\"data:image\/svg+xml;base64,PHN2ZyB3aWR0aD0iMSIgaGVpZ2h0PSIxIiB4bWxucz0iaHR0cDovL3d3dy53My5vcmcvMjAwMC9zdmciPjwvc3ZnPg==\" style=\"--smush-placeholder-width: 500px; --smush-placeholder-aspect-ratio: 500\/375;\" \/><figcaption id=\"caption-attachment-24723\" class=\"wp-caption-text\"><a href=\"https:\/\/www.brw.pl\/komoda-sawira,46061\" target=\"_blank\" rel=\"noopener noreferrer\"><span style=\"font-weight: 400;\">Komoda Sawira<\/span><\/a><\/figcaption><\/figure>\n<\/div>\n<div style=\"display: flex; align-items: center; justify-content: center; text-align: center;\">\n<figure id=\"attachment_33997\" aria-describedby=\"caption-attachment-33997\" style=\"width: 593px\" class=\"wp-caption aligncenter\"><img decoding=\"async\" class=\"wp-image-33997 size-full lazyload\" data-src=\"https:\/\/www.brw.pl\/blog\/wp-content\/uploads\/2023\/09\/witryna-sawira-kolor-wybarwienia-dab-butcherblock-dab-bejca-lakier-mediumb.jpg\" alt=\"Witryna Sawira\" width=\"593\" height=\"445\" src=\"data:image\/svg+xml;base64,PHN2ZyB3aWR0aD0iMSIgaGVpZ2h0PSIxIiB4bWxucz0iaHR0cDovL3d3dy53My5vcmcvMjAwMC9zdmciPjwvc3ZnPg==\" style=\"--smush-placeholder-width: 593px; --smush-placeholder-aspect-ratio: 593\/445;\" \/><figcaption id=\"caption-attachment-33997\" class=\"wp-caption-text\"><a href=\"https:\/\/www.brw.pl\/witryna-sawira,46064\" target=\"_blank\" rel=\"noopener noreferrer\"><span style=\"font-weight: 400;\">Witryna Sawira<\/span><\/a><\/figcaption><\/figure>\n<\/div>\n<p>G\u0142\u0119boka barwa drewna jest doskona\u0142ym t\u0142em dla soczystych kolor\u00f3w pokrywaj\u0105cych r\u00f3\u017cne elementy wn\u0119trza. Pi\u0119knie \u0142\u0105czy si\u0119 tak\u017ce ze spokojn\u0105 szaro\u015bci\u0105, be\u017cem, \u015bmietankow\u0105 biel\u0105, pastelami czy zieleni\u0105. Jednak to w otoczeniu ciep\u0142ych, delikatnych odcieni najpe\u0142niej objawia swoj\u0105 przytuln\u0105 natur\u0119. Je\u015bli w Twoim salonie znajduje si\u0119 jadalnia b\u0105d\u017a otwarta strefa z aneksem kuchennym, wyposa\u017c j\u0105 w du\u017cy st\u00f3\u0142 z drewnianym blatem, do kt\u00f3rego dopasujesz <a href=\"https:\/\/www.brw.pl\/meble\/stoly-i-krzesla\/krzesla\/krzesla-tapicerowane\/\" target=\"_blank\" rel=\"noopener noreferrer\">krzes\u0142a tapicerowane<\/a>. Wybieraj obicia w kolorze br\u0105zu, ochry, butelkowej zieleni, by zaakcentowa\u0107 przyjazny domownikom charakter salonu.<\/p>\n<div style=\"display: flex; align-items: center; justify-content: center; text-align: center;\">\n<figure id=\"attachment_33998\" aria-describedby=\"caption-attachment-33998\" style=\"width: 602px\" class=\"wp-caption aligncenter\"><img decoding=\"async\" class=\"wp-image-33998 size-medium lazyload\" data-src=\"https:\/\/www.brw.pl\/blog\/wp-content\/uploads\/2023\/09\/S472_Sawira_dzienny_ar3-602x800.jpg\" alt=\"St\u00f3\u0142 Sawira w pokoju dziennym\" width=\"602\" height=\"800\" data-srcset=\"https:\/\/www.brw.pl\/blog\/wp-content\/uploads\/2023\/09\/S472_Sawira_dzienny_ar3-602x800.jpg 602w, https:\/\/www.brw.pl\/blog\/wp-content\/uploads\/2023\/09\/S472_Sawira_dzienny_ar3-768x1020.jpg 768w, https:\/\/www.brw.pl\/blog\/wp-content\/uploads\/2023\/09\/S472_Sawira_dzienny_ar3.jpg 811w\" data-sizes=\"(max-width: 602px) 100vw, 602px\" src=\"data:image\/svg+xml;base64,PHN2ZyB3aWR0aD0iMSIgaGVpZ2h0PSIxIiB4bWxucz0iaHR0cDovL3d3dy53My5vcmcvMjAwMC9zdmciPjwvc3ZnPg==\" style=\"--smush-placeholder-width: 602px; --smush-placeholder-aspect-ratio: 602\/800;\" \/><figcaption id=\"caption-attachment-33998\" class=\"wp-caption-text\"><a href=\"https:\/\/www.brw.pl\/stol-rozkladany-sawira,46626\" target=\"_blank\" rel=\"noopener noreferrer\"><span style=\"font-weight: 400;\">St\u00f3\u0142 rozk\u0142adany Sawira<\/span><\/a><\/figcaption><\/figure>\n<\/div>\n<h3>Przytulny salon: \u015bciany pod lup\u0105<\/h3>\n<p>W przestrzeni salonu za efekt przytulno\u015bci odpowiada nie tylko wyposa\u017cenie, ale r\u00f3wnie\u017c spos\u00f3b wyko\u0144czenia \u015bcian. Wsp\u00f3\u0142cze\u015bnie du\u017cym zainteresowaniem w\u015br\u00f3d inwestor\u00f3w ciesz\u0105 si\u0119 <strong>drewniane pokrycia \u015bcienne takie jak lamele, boazeria czy deski<\/strong>, kt\u00f3re nawet w dotyku daj\u0105 przyjemne odczucie ciep\u0142a. Wyko\u0144czenie nimi niewielkiego fragmentu \u015bciany zwi\u0119ksza walory wizualne wn\u0119trza. Ok\u0142adziny z naturalnego drewna s\u0105 absolutnie unikalne \u2013 ka\u017cdy element dekoracyjny cechuje si\u0119 niepowtarzalnym wybarwieniem i us\u0142ojeniem.<\/p>\n<h3>Przytulny salon: focus na pod\u0142ogi<\/h3>\n<p>Drewno i jego imitacje doskonale sprawdzaj\u0105 si\u0119 na pod\u0142ogach. Deski, panele oraz p\u0142ytki oddaj\u0105ce pi\u0119kno naturalnego surowca przyci\u0105gaj\u0105 uwag\u0119 i kreuj\u0105 w salonie przytulny klimat. Ciemna pod\u0142oga z egzotycznego drewna, np. tekowego, stworzy zgrany duet z <a href=\"https:\/\/www.brw.pl\/meble\/styl-glamour\/\" target=\"_blank\" rel=\"noopener noreferrer\">meblami w stylu glamour<\/a> lub kolonialnym. Z kolei jasne kolory desek zdadz\u0105 egzamin we wn\u0119trzu skandynawskim, rustykalnym lub boho.<\/p>\n<h3>Przytulny salon: dekoracje<\/h3>\n<p>Jedn\u0105 z najwi\u0119kszych zalet drewna jest jego uniwersalny charakter. \u015awietnie prezentuje si\u0119 solo, ale r\u00f3wnie dobrze wypada w towarzystwie innych materia\u0142\u00f3w. Wiklina, rattan czy trawa morska dodaj\u0105 mu rustykalnego zabarwienia, z kolei metal, szk\u0142o i beton \u2013 wydobywaj\u0105 z drewna loftowy potencja\u0142. Urz\u0105dzaj\u0105c przytulny salon z drewnem w roli g\u0142\u00f3wnej, jak najbardziej mo\u017cesz zdecydowa\u0107 si\u0119 na dodatki pozornie &#8222;z innej bajki&#8221;. Si\u0119gnij po plecione <a href=\"https:\/\/www.brw.pl\/przechowywanie\/kosze-i-koszyki\/\" target=\"_blank\" rel=\"noopener noreferrer\">kosze i koszyki<\/a>, zegary z metalow\u0105 tarcz\u0105, niewielkie <a href=\"https:\/\/www.brw.pl\/meble\/stoly-i-krzesla\/lawy-i-stoliki\/stoliki\/\" target=\"_blank\" rel=\"noopener noreferrer\">stoliki<\/a> ze szklanym blatem czy <a href=\"https:\/\/www.brw.pl\/dekoracje\/lustra\/\" target=\"_blank\" rel=\"noopener noreferrer\">lustra<\/a> w mosi\u0119\u017cnych ramach. We wn\u0119trzu b\u0119dzie si\u0119 dzia\u0142o!<\/p>\n<div style=\"display: flex; align-items: center; justify-content: center; text-align: center;\">\n<figure id=\"attachment_33933\" aria-describedby=\"caption-attachment-33933\" style=\"width: 450px\" class=\"wp-caption aligncenter\"><img decoding=\"async\" class=\"wp-image-33933 lazyload\" data-src=\"https:\/\/www.brw.pl\/blog\/wp-content\/uploads\/2023\/08\/zegar-scienny-new-york-mediuma.jpg\" alt=\"Zegar \u015bcienny New York\" width=\"450\" height=\"338\" src=\"data:image\/svg+xml;base64,PHN2ZyB3aWR0aD0iMSIgaGVpZ2h0PSIxIiB4bWxucz0iaHR0cDovL3d3dy53My5vcmcvMjAwMC9zdmciPjwvc3ZnPg==\" style=\"--smush-placeholder-width: 450px; --smush-placeholder-aspect-ratio: 450\/338;\" \/><figcaption id=\"caption-attachment-33933\" class=\"wp-caption-text\"><a href=\"https:\/\/www.brw.pl\/zegar-scienny-new-york,56494\" target=\"_blank\" rel=\"noopener noreferrer\"><span style=\"font-weight: 400;\">Zegar \u015bcienny New York<\/span><\/a><\/figcaption><\/figure>\n<figure id=\"attachment_21476\" aria-describedby=\"caption-attachment-21476\" style=\"width: 450px\" class=\"wp-caption aligncenter\"><img decoding=\"async\" class=\"wp-image-21476 lazyload\" data-src=\"https:\/\/www.brw.pl\/blog\/wp-content\/uploads\/2022\/01\/Drewniany-zegar-\u015bcienny.jpg\" alt=\"Zegar \u015bcienny\" width=\"450\" height=\"338\" src=\"data:image\/svg+xml;base64,PHN2ZyB3aWR0aD0iMSIgaGVpZ2h0PSIxIiB4bWxucz0iaHR0cDovL3d3dy53My5vcmcvMjAwMC9zdmciPjwvc3ZnPg==\" style=\"--smush-placeholder-width: 450px; --smush-placeholder-aspect-ratio: 450\/338;\" \/><figcaption id=\"caption-attachment-21476\" class=\"wp-caption-text\"><a href=\"https:\/\/www.brw.pl\/zegar-scienny,40637\" target=\"_blank\" rel=\"noopener noreferrer\"><span style=\"font-weight: 400;\">Zegar \u015bcienny<\/span><\/a><\/figcaption><\/figure>\n<\/div>\n<h2><strong>Przytulny salon \u2013 drewno w aran\u017cacji wn\u0119trz<\/strong><\/h2>\n<p>Wsp\u00f3\u0142czesne wn\u0119trza cechuj\u0105 si\u0119 sp\u00f3jno\u015bci\u0105 aran\u017cacyjn\u0105, kt\u00f3ra cieszy oko i zapewnia dobre samopoczucie. Do osi\u0105gni\u0119cia atrakcyjnego efektu potrzebny jest jednak nie tylko ciekawy pomys\u0142, ale r\u00f3wnie\u017c wyczucie stylistyczne oraz znajomo\u015b\u0107 trend\u00f3w. W tej cz\u0119\u015bci artyku\u0142u podpowiemy Ci, jak wprowadzi\u0107 drewno do salonu, by uzyska\u0107 modny i zarazem przytulny wystr\u00f3j. Porady poprzemy przyk\u0142adami \u2013 mamy nadziej\u0119, \u017ce nasze aran\u017cacje Ci\u0119 zainspiruj\u0105!<\/p>\n<div style=\"display: flex; align-items: center; justify-content: center; text-align: center;\">\n<figure id=\"attachment_33999\" aria-describedby=\"caption-attachment-33999\" style=\"width: 800px\" class=\"wp-caption aligncenter\"><img decoding=\"async\" class=\"wp-image-33999 size-medium lazyload\" data-src=\"https:\/\/www.brw.pl\/blog\/wp-content\/uploads\/2023\/09\/Tori_dzienny_ar1-800x535.jpg\" alt=\"Kolekcja Torin w pokoju dziennym\" width=\"800\" height=\"535\" data-srcset=\"https:\/\/www.brw.pl\/blog\/wp-content\/uploads\/2023\/09\/Tori_dzienny_ar1-800x535.jpg 800w, https:\/\/www.brw.pl\/blog\/wp-content\/uploads\/2023\/09\/Tori_dzienny_ar1-768x514.jpg 768w, https:\/\/www.brw.pl\/blog\/wp-content\/uploads\/2023\/09\/Tori_dzienny_ar1.jpg 1434w\" data-sizes=\"(max-width: 800px) 100vw, 800px\" src=\"data:image\/svg+xml;base64,PHN2ZyB3aWR0aD0iMSIgaGVpZ2h0PSIxIiB4bWxucz0iaHR0cDovL3d3dy53My5vcmcvMjAwMC9zdmciPjwvc3ZnPg==\" style=\"--smush-placeholder-width: 800px; --smush-placeholder-aspect-ratio: 800\/535;\" \/><figcaption id=\"caption-attachment-33999\" class=\"wp-caption-text\"><a href=\"https:\/\/www.brw.pl\/komoda-torin,42269\" target=\"_blank\" rel=\"noopener noreferrer\"><span style=\"font-weight: 400;\">Komoda Torin<\/span><\/a> &#8211; <a href=\"https:\/\/www.brw.pl\/polka-torin,42270\" target=\"_blank\" rel=\"noopener noreferrer\"><span style=\"font-weight: 400;\">P\u00f3\u0142ka Torin<\/span><\/a><\/figcaption><\/figure>\n<\/div>\n<p>Oto kameralna przestrze\u0144 dzienna \u0142\u0105cz\u0105ca stref\u0119 wypoczynkow\u0105, multimedialn\u0105 oraz s\u0142u\u017c\u0105c\u0105 przechowywaniu. U podstaw aran\u017cacji le\u017cy stonowana baza, na kt\u00f3r\u0105 sk\u0142adaj\u0105 si\u0119 pod\u015bwietlane meble w ciep\u0142ym kolorze d\u0119bu, jasne \u015bciany oraz panele pod\u0142ogowe imituj\u0105ce drewno. Ca\u0142o\u015b\u0107, dzi\u0119ki <a href=\"https:\/\/www.brw.pl\/kolekcja-torin,567\" target=\"_blank\" rel=\"noopener noreferrer\"><strong>kolekcji Torin<\/strong><\/a>, nabiera industrialnego sznytu. Poza komod\u0105, p\u00f3\u0142k\u0105, szafk\u0105 RTV oraz witrynami znajdziemy tu prosty fotel i puf zach\u0119caj\u0105ce do wypoczynku. Centrum salonu zajmuj\u0105 <a href=\"https:\/\/www.brw.pl\/komplet-dwoch-law-40-50-drewno-akacjowe-aroz,40509\" target=\"_blank\" rel=\"noopener noreferrer\"><strong>komplet dw\u00f3ch \u0142aw Aroz<\/strong><\/a> z drewna akacjowego oraz znajduj\u0105cy si\u0119 pod nimi minimalistyczny dywan. W przytulnym wn\u0119trzu nie zabrak\u0142o dodatk\u00f3w: plakat\u00f3w, ceramicznych drobiazg\u00f3w oraz ro\u015blin doniczkowych otulonych plecionymi os\u0142onkami.<\/p>\n<div style=\"display: flex; align-items: center; justify-content: center; text-align: center;\">\n<figure id=\"attachment_28770\" aria-describedby=\"caption-attachment-28770\" style=\"width: 800px\" class=\"wp-caption aligncenter\"><img decoding=\"async\" class=\"wp-image-28770 size-medium lazyload\" data-src=\"https:\/\/www.brw.pl\/blog\/wp-content\/uploads\/2022\/12\/Jadalnia-Gent-800x540.png\" alt=\"Jadalnia Gent\" width=\"800\" height=\"540\" data-srcset=\"https:\/\/www.brw.pl\/blog\/wp-content\/uploads\/2022\/12\/Jadalnia-Gent-800x540.png 800w, https:\/\/www.brw.pl\/blog\/wp-content\/uploads\/2022\/12\/Jadalnia-Gent-768x518.png 768w, https:\/\/www.brw.pl\/blog\/wp-content\/uploads\/2022\/12\/Jadalnia-Gent-1536x1037.png 1536w, https:\/\/www.brw.pl\/blog\/wp-content\/uploads\/2022\/12\/Jadalnia-Gent.png 1600w\" data-sizes=\"(max-width: 800px) 100vw, 800px\" src=\"data:image\/svg+xml;base64,PHN2ZyB3aWR0aD0iMSIgaGVpZ2h0PSIxIiB4bWxucz0iaHR0cDovL3d3dy53My5vcmcvMjAwMC9zdmciPjwvc3ZnPg==\" style=\"--smush-placeholder-width: 800px; --smush-placeholder-aspect-ratio: 800\/540;\" \/><figcaption id=\"caption-attachment-28770\" class=\"wp-caption-text\"><a href=\"https:\/\/www.brw.pl\/witryna-gent,10120\" target=\"_blank\" rel=\"noopener noreferrer\"><span style=\"font-weight: 400;\">Witryna Gent<\/span><\/a> &#8211; <a href=\"https:\/\/www.brw.pl\/stol-gent,10903\" target=\"_blank\" rel=\"noopener noreferrer\"><span style=\"font-weight: 400;\">St\u00f3\u0142 Gent<\/span><\/a> &#8211; <a href=\"https:\/\/www.brw.pl\/krzeslo-gent-2,34716\" target=\"_blank\" rel=\"noopener noreferrer\"><span style=\"font-weight: 400;\">Krzes\u0142o Gent<\/span><\/a><\/figcaption><\/figure>\n<\/div>\n<p>Druga aran\u017cacja przenosi nas do klasycznego salonu, w kt\u00f3rym przygl\u0105damy si\u0119 strefie jadalnianej. Niewielka, ale m\u0105drze zaprojektowana przestrze\u0144 mie\u015bci w sobie <strong>meble z <\/strong><a href=\"https:\/\/www.brw.pl\/kolekcja-gent,259\" target=\"_blank\" rel=\"noopener noreferrer\"><strong>kolekcji Gent<\/strong><\/a>: rozk\u0142adany st\u00f3\u0142 wraz z tapicerowanymi krzes\u0142ami, dwie witryny, komod\u0119 oraz p\u00f3\u0142k\u0119 \u015bcienn\u0105. Elementem wyznaczaj\u0105cym ramy jadalni i jednocze\u015bnie organizuj\u0105cym wn\u0119trze jest st\u00f3\u0142. Towarzysz\u0105 mu dywan oraz oprawa o\u015bwietleniowa, dzi\u0119ki kt\u00f3rym wzrok domownik\u00f3w skupia si\u0119 na centralnym punkcie wystroju. Kolorystyka aran\u017cacji kr\u0105\u017cy wok\u00f3\u0142 br\u0105z\u00f3w, d\u0119bowych odcieni drewna oraz zieleni. Przytulny salon nabiera elegancji dzi\u0119ki z\u0142otym i czarnym akcentom.<\/p>\n<p><strong>Marzysz o drewnie w przytulnym salonie? Zajrzyj do <\/strong><a href=\"https:\/\/www.brw.pl\/\" target=\"_blank\" rel=\"noopener noreferrer\"><strong>sklepu internetowego Black Red White<\/strong><\/a><strong> \u2013 u nas znajdziesz meble i <\/strong><a href=\"https:\/\/www.brw.pl\/dekoracje\/\" target=\"_blank\" rel=\"noopener noreferrer\"><strong>dekoracje<\/strong><\/a><strong>, z kt\u00f3rymi urz\u0105dzisz komfortowe, naturalne wn\u0119trze. <\/strong><\/p>\n","protected":false},"excerpt":{"rendered":"<p>Szlachetne, eleganckie, absolutnie ponadczasowe \u2013 naturalne drewno od dekad pozwala aran\u017cowa\u0107 przytulne wn\u0119trza. Drewniane meble i elementy wyko\u0144czenia zapro\u015b do salonu. Podpowiemy Ci, jak go urz\u0105dzi\u0107, by sta\u0142 si\u0119 bij\u0105cym sercem domu.<\/p>\n","protected":false},"author":21,"featured_media":26728,"comment_status":"closed","ping_status":"open","sticky":false,"template":"","format":"standard","meta":{"footnotes":""},"categories":[39,28,735],"tags":[],"aioseo_notices":[],"_links":{"self":[{"href":"https:\/\/www.brw.pl\/blog\/wp-json\/wp\/v2\/posts\/33996"}],"collection":[{"href":"https:\/\/www.brw.pl\/blog\/wp-json\/wp\/v2\/posts"}],"about":[{"href":"https:\/\/www.brw.pl\/blog\/wp-json\/wp\/v2\/types\/post"}],"author":[{"embeddable":true,"href":"https:\/\/www.brw.pl\/blog\/wp-json\/wp\/v2\/users\/21"}],"replies":[{"embeddable":true,"href":"https:\/\/www.brw.pl\/blog\/wp-json\/wp\/v2\/comments?post=33996"}],"version-history":[{"count":1,"href":"https:\/\/www.brw.pl\/blog\/wp-json\/wp\/v2\/posts\/33996\/revisions"}],"predecessor-version":[{"id":34001,"href":"https:\/\/www.brw.pl\/blog\/wp-json\/wp\/v2\/posts\/33996\/revisions\/34001"}],"wp:featuredmedia":[{"embeddable":true,"href":"https:\/\/www.brw.pl\/blog\/wp-json\/wp\/v2\/media\/26728"}],"wp:attachment":[{"href":"https:\/\/www.brw.pl\/blog\/wp-json\/wp\/v2\/media?parent=33996"}],"wp:term":[{"taxonomy":"category","embeddable":true,"href":"https:\/\/www.brw.pl\/blog\/wp-json\/wp\/v2\/categories?post=33996"},{"taxonomy":"post_tag","embeddable":true,"href":"https:\/\/www.brw.pl\/blog\/wp-json\/wp\/v2\/tags?post=33996"}],"curies":[{"name":"wp","href":"https:\/\/api.w.org\/{rel}","templated":true}]}}