{"id":34052,"date":"2023-09-14T08:00:02","date_gmt":"2023-09-14T06:00:02","guid":{"rendered":"https:\/\/www.brw.pl\/blog\/?p=34052"},"modified":"2023-09-13T17:54:40","modified_gmt":"2023-09-13T15:54:40","slug":"co-postawic-na-stole-w-jadalni","status":"publish","type":"post","link":"https:\/\/www.brw.pl\/blog\/co-postawic-na-stole-w-jadalni\/","title":{"rendered":"Co postawi\u0107 na stole w jadalni?"},"content":{"rendered":"<p data-pm-slice=\"1 1 []\"><strong>Jak udekorowa\u0107 st\u00f3\u0142 w jadalni? Niezale\u017cnie od tego, czy jadalnia jest odr\u0119bnym pomieszczeniem, czy stref\u0105 po\u0142\u0105czon\u0105 z salonem, pi\u0119kny st\u00f3\u0142 to podstawa! Zobacz, na ile sposob\u00f3w mo\u017cesz ozdobi\u0107 st\u00f3\u0142!<\/strong><\/p>\n<p data-pm-slice=\"1 1 []\"><!--more--><\/p>\n<p><center><img decoding=\"async\" class=\"alignnone size-medium wp-image-30814 lazyload\" data-src=\"https:\/\/www.brw.pl\/blog\/wp-content\/uploads\/2023\/03\/glowne-krzesla-azteca-trio-salon-800x670.jpg\" alt=\"Krzes\u0142a Azteca Trio w salonie glamour\" width=\"800\" height=\"670\" data-srcset=\"https:\/\/www.brw.pl\/blog\/wp-content\/uploads\/2023\/03\/glowne-krzesla-azteca-trio-salon-800x670.jpg 800w, https:\/\/www.brw.pl\/blog\/wp-content\/uploads\/2023\/03\/glowne-krzesla-azteca-trio-salon-768x643.jpg 768w, https:\/\/www.brw.pl\/blog\/wp-content\/uploads\/2023\/03\/glowne-krzesla-azteca-trio-salon.jpg 1289w\" data-sizes=\"(max-width: 800px) 100vw, 800px\" src=\"data:image\/svg+xml;base64,PHN2ZyB3aWR0aD0iMSIgaGVpZ2h0PSIxIiB4bWxucz0iaHR0cDovL3d3dy53My5vcmcvMjAwMC9zdmciPjwvc3ZnPg==\" style=\"--smush-placeholder-width: 800px; --smush-placeholder-aspect-ratio: 800\/670;\" \/><\/center><\/p>\n<p style=\"text-align: center;\" data-pm-slice=\"1 1 []\"><a href=\"https:\/\/www.brw.pl\/stol-azteca-trio,42120\" target=\"_blank\" rel=\"noopener noreferrer\"><strong>ST\u00d3\u0141 AZTECA TRIO<\/strong><\/a><\/p>\n<h2><strong><span data-color=\"rgb(248, 250, 251)\">Co postawi\u0107 na stole w jadalni? Praktyczne wskaz\u00f3wki aran\u017cacyjne<\/span><\/strong><\/h2>\n<p>W naszym artykule:<\/p>\n<ul>\n<li>wyja\u015bnimy, dlaczego warto zadba\u0107 o odpowiedni\u0105 aran\u017cacj\u0119 sto\u0142u w jadalni,<\/li>\n<li>podsuniemy kilka sprawdzonych pomys\u0142\u00f3w na ciekawy wystr\u00f3j sto\u0142u,<\/li>\n<li>poka\u017cemy wyj\u0105tkowe dekoracje z oferty sklepu internetowego Black Red White.<\/li>\n<\/ul>\n<p>Wiele os\u00f3b ogranicza rol\u0119 <a href=\"https:\/\/www.brw.pl\/meble\/stoly-i-krzesla\/stoly\/\" target=\"_blank\" rel=\"noopener noreferrer\">sto\u0142u<\/a> w jadalni do czysto funkcjonalnej, a po ozdoby sto\u0142owe si\u0119ga od \u015bwi\u0119ta. Nies\u0142usznie! Najcz\u0119\u015bciej korzysta si\u0119 ze sto\u0142u jadalnianego w porach posi\u0142k\u00f3w, ale przecie\u017c to nie oznacza, \u017ce pomi\u0119dzy nimi st\u00f3\u0142 znika z pola widzenia. Wr\u0119cz przeciwnie, jako poka\u017any mebel od razu zwraca uwag\u0119. <strong>Pusty blat nie wygl\u0105da dobrze, natomiast \u0142adnie zaaran\u017cowany wspaniale dope\u0142nia wystr\u00f3j wn\u0119trza.<\/strong> Szczeg\u00f3lnie w salonie &#8211; najbardziej reprezentacyjnym pomieszczeniu w domu &#8211; sp\u00f3jno\u015b\u0107 stylistyczna jest bardzo wa\u017cna, a zazwyczaj pok\u00f3j dzienny jest po\u0142\u0105czony z jadalni\u0105. Dlatego st\u00f3\u0142 w salonie powinien by\u0107 nie tylko praktyczny, lecz tak\u017ce estetyczny.<\/p>\n<h3 style=\"text-align: center;\"><strong>Czym si\u0119 kierowa\u0107, dekoruj\u0105c st\u00f3\u0142?<\/strong><\/h3>\n<p>Planuj\u0105c dekoracj\u0119 sto\u0142u, pami\u0119taj o kilku kwestiach.<\/p>\n<p>Po pierwsze, <strong>dopasuj j\u0105 do stylu, w jakim urz\u0105dzi\u0142e\u015b jadalni\u0119<\/strong>. Je\u015bli jeste\u015b fanem pe\u0142nej fantazji estetyki boho, nie szukaj minimalistycznych dodatk\u00f3w. Te odnajd\u0105 si\u0119 w nowoczesnym salonie. Z kolei b\u0142yszcz\u0105ce, bogato zdobione przedmioty zdadz\u0105 egzamin w przestrzeni glamour.<\/p>\n<p>Po drugie, znaj umiar. <strong>Przesadzenie z dekoracjami uniemo\u017cliwi u\u017cytkowanie sto\u0142u<\/strong>. Przestawiaj\u0105c <a href=\"https:\/\/www.brw.pl\/dekoracje\/wazony\/\" target=\"_blank\" rel=\"noopener noreferrer\">wazony<\/a>, <a href=\"https:\/\/www.brw.pl\/dekoracje\/swiece-i-swieczniki\/swieczniki\/\" target=\"_blank\" rel=\"noopener noreferrer\">\u015bwieczniki<\/a> oraz inne bibeloty przed ka\u017cdym posi\u0142kiem, stracisz czas i cierpliwo\u015b\u0107.<\/p>\n<p>Po trzecie, <strong>zadbaj o to, aby ozdoby na stole nie zas\u0142ania\u0142y twarzy domownik\u00f3w oraz ich go\u015bci <\/strong>w trakcie obiadu b\u0105d\u017a kolacji. Dzi\u0119ki temu unikniesz dyskomfortu podczas rozmowy.<\/p>\n<h2><strong><span data-color=\"rgb(248, 250, 251)\">Dekoracje na stole w jadalni \u2013 gar\u015b\u0107 pomys\u0142\u00f3w<\/span><\/strong><\/h2>\n<p><center><img decoding=\"async\" class=\"alignnone size-medium wp-image-29990 lazyload\" data-src=\"https:\/\/www.brw.pl\/blog\/wp-content\/uploads\/2023\/02\/St\u00f3\u0142-do-jadalni-Alameda-800x540.jpg\" alt=\"Wysoko\u015b\u0107 sto\u0142u do jadalni - Alameda\" width=\"800\" height=\"540\" data-srcset=\"https:\/\/www.brw.pl\/blog\/wp-content\/uploads\/2023\/02\/St\u00f3\u0142-do-jadalni-Alameda-800x540.jpg 800w, https:\/\/www.brw.pl\/blog\/wp-content\/uploads\/2023\/02\/St\u00f3\u0142-do-jadalni-Alameda-768x518.jpg 768w, https:\/\/www.brw.pl\/blog\/wp-content\/uploads\/2023\/02\/St\u00f3\u0142-do-jadalni-Alameda-1536x1037.jpg 1536w, https:\/\/www.brw.pl\/blog\/wp-content\/uploads\/2023\/02\/St\u00f3\u0142-do-jadalni-Alameda.jpg 1600w\" data-sizes=\"(max-width: 800px) 100vw, 800px\" src=\"data:image\/svg+xml;base64,PHN2ZyB3aWR0aD0iMSIgaGVpZ2h0PSIxIiB4bWxucz0iaHR0cDovL3d3dy53My5vcmcvMjAwMC9zdmciPjwvc3ZnPg==\" style=\"--smush-placeholder-width: 800px; --smush-placeholder-aspect-ratio: 800\/540;\" \/><\/center><\/p>\n<p style=\"text-align: center;\"><a href=\"https:\/\/www.brw.pl\/stol-alameda,38244\" target=\"_blank\" rel=\"noopener noreferrer\"><strong>ST\u00d3\u0141 ALAMEDA<\/strong><\/a><\/p>\n<p>Z tej cz\u0119\u015bci artyku\u0142u dowiesz si\u0119:<\/p>\n<ul>\n<li>w jaki spos\u00f3b dopasowa\u0107 aran\u017cacj\u0119 sto\u0142u do pory roku,<\/li>\n<li>co postawi\u0107 na stole w czasie \u015bwi\u0105t,<\/li>\n<li>jak mo\u017ce wygl\u0105da\u0107 codzienna dekoracja sto\u0142u.<\/li>\n<\/ul>\n<h3 style=\"text-align: center;\"><strong>Co postawi\u0107 na stole w salonie? Podpowiedz\u0105 Ci pory roku!<\/strong><\/h3>\n<p>Nawi\u0105zania do \u015bwiata przyrody znakomicie wpisuj\u0105 si\u0119 w najnowsze trendy wn\u0119trzarskie. Dlatego wspania\u0142\u0105 ozdob\u0105 sto\u0142u b\u0119d\u0105 tak zwane dary ziemi &#8211; <strong>owoce, orzechy, li\u015bcie, ga\u0142\u0105zki, kwiaty. <\/strong>Dekoracje kwiatowe w\u0142\u00f3\u017c do wazon\u00f3w, owoce oraz orzechy do dekoracyjnych <a href=\"https:\/\/www.brw.pl\/dekoracje\/misy-i-patery\/\" target=\"_blank\" rel=\"noopener noreferrer\">mis<\/a> i ciesz si\u0119 ich naturalnym pi\u0119knem. Je\u017celi jeste\u015b uzdolniony artystycznie, stw\u00f3rz w\u0142asne kompozycje. Z pewno\u015bci\u0105 przyniesie Ci to wiele rado\u015bci. Masz dwie lewe r\u0119ce? Nie przejmuj si\u0119 &#8211; Twoimi sprzymierze\u0144cami b\u0119d\u0105 gotowe stroiki, kt\u00f3rych nie brakuje w sklepach. Nie zapomnij przy tym, \u017ce sezonowe dekoracje najlepiej wybra\u0107 zgodnie z aktualn\u0105 por\u0105 roku.<\/p>\n<h4 style=\"text-align: center;\"><strong>Jesie\u0144<\/strong><\/h4>\n<p>Jesieni\u0105 zbierz kolorowe li\u015bcie, kup wrzos w <a href=\"https:\/\/www.brw.pl\/dekoracje\/doniczki-i-oslonki\/doniczki\/\" target=\"_blank\" rel=\"noopener noreferrer\">doniczce<\/a>, rozejrzyj si\u0119 za ma\u0142ymi dyniami ozdobnymi. Do miski w jesiennych kolorach w\u0142\u00f3\u017c \u015bliwki, gruszki albo jab\u0142ka.<\/p>\n<p><strong>Wskaz\u00f3wka:<\/strong> do barw jesieni zalicza si\u0119 przede wszystkim g\u0142\u0119bokie, nasycone odcienie czerwieni, \u017c\u00f3\u0142cieni, pomara\u0144czu, br\u0105zu, zieleni.<\/p>\n<h4 style=\"text-align: center;\"><strong>Zima<\/strong><\/h4>\n<p>Zim\u0105 poszukaj ga\u0142\u0105zek drzew iglastych &#8211; \u015bwierku, sosny lub jod\u0142y &#8211; obsypanych szyszkami. Koniecznie do\u0142\u0105cz do nich ga\u0142\u0105zki ostrokrzewu z owocami. Umie\u015b\u0107 wszystko w wazonie, kt\u00f3ry kolorystycznie skojarzy si\u0119 z zim\u0105 &#8211; bia\u0142ym, srebrnym, czerwonym b\u0105d\u017a butelkowozielonym.<\/p>\n<h4 style=\"text-align: center;\"><strong>Wiosna<\/strong><\/h4>\n<p>Wiosna to czas, gdy ziemia budzi si\u0119 do \u017cycia. Uwodzi feeri\u0105 \u017cywych barw kwitn\u0105cych kwiat\u00f3w i jasnej, energetycznej zieleni. Wpu\u015b\u0107 je do domu! Na stole ulokuj \u015bwie\u017ce kwiaty w wazonie. Twoj\u0105 rodzin\u0119 zachwyc\u0105 tulipany, \u017conkile, konwalie, krokusy, hiacynty, bez. \u015alicznie zaprezentuj\u0105 si\u0119 na tle bia\u0142ego obrusu, kt\u00f3ry podkre\u015bli ich kolor.<\/p>\n<h4 style=\"text-align: center;\"><strong>Lato<\/strong><\/h4>\n<p>Jakimi kwiatami ozdobi\u0107 st\u00f3\u0142 latem? Polnymi! Pastelowy wazon wype\u0142nij makami, dzwonkami, chabrami. Taka delikatna, urocza kompozycja polubi si\u0119 szczeg\u00f3lnie z aran\u017cacjami boho i rustykalnymi.<\/p>\n<h3 style=\"text-align: center;\"><strong>\u015awi\u0105teczna dekoracja sto\u0142u<\/strong><\/h3>\n<p>W Polce najcz\u0119\u015bciej celebruje si\u0119 Bo\u017ce Narodzenie i Wielkanoc. Te dwa \u015bwi\u0119ta o pod\u0142o\u017cu religijnym s\u0105 o tyle wyj\u0105tkowe, \u017ce obchodz\u0105 je nawet osoby niewierz\u0105ce. S\u0105 traktowane jako okazja do spotkania si\u0119 przy stole w wi\u0119kszym gronie rodzinnym.<\/p>\n<p><strong>Podczas \u015bwi\u0105t wymagana jest odpowiednia oprawa sto\u0142u.<\/strong> Na wielkanocnym stole pokrytym od\u015bwi\u0119tnym obrusem pojawiaj\u0105 si\u0119 pisanki, ceramiczne zaj\u0105ce i kurczaki, wazony z \u017conkilami albo krokusami. Bo\u017conarodzeniowy st\u00f3\u0142 dekoruj\u0105 wspomniane wcze\u015bniej ga\u0142\u0105zki ostrokrzewu, po\u0142yskuj\u0105ce \u015bwieczniki, figurki miko\u0142aj\u00f3w i renifer\u00f3w.<\/p>\n<h3 style=\"text-align: center;\"><strong>Aran\u017cacja sto\u0142u na co dzie\u0144<\/strong><\/h3>\n<p>Do \u015bwi\u0105t jeszcze daleko, a nie chcesz ozdabia\u0107 sto\u0142u sezonowymi kwiatami czy owocami? Nie musisz! Je\u015bli podobaj\u0105 Ci si\u0119 loftowe lub nowoczesne dekoracje sto\u0142u, zastan\u00f3w si\u0119 na przyk\u0142ad nad <strong>wazonami<\/strong> o intryguj\u0105cych formach i neutralnych kolorach. Niekt\u00f3re modele przypominaj\u0105 rze\u017aby i wcale nie potrzebuj\u0105 kwiat\u00f3w, \u017ceby przyku\u0107 wzrok. Same w sobie s\u0105 dekoracj\u0105.<\/p>\n<p>W jadalni glamour spisz\u0105 si\u0119 poz\u0142acane <strong>patery<\/strong> i kryszta\u0142owe <strong>\u015bwieczniki<\/strong>. Pi\u0119knie udekoruj\u0105 bia\u0142y, okr\u0105g\u0142y st\u00f3\u0142 na ludwikowskich n\u00f3\u017ckach. W salonie boho przydadz\u0105 si\u0119 <a href=\"https:\/\/www.brw.pl\/tekstylia\/dekoracja-stolu\/biezniki\/\" target=\"_blank\" rel=\"noopener noreferrer\"><strong>bie\u017cniki<\/strong><\/a> i <a href=\"https:\/\/www.brw.pl\/tekstylia\/dekoracja-stolu\/maty-i-podkladki-na-stol\/\" target=\"_blank\" rel=\"noopener noreferrer\"><strong>podk\u0142adki<\/strong><\/a> z naturalnych materia\u0142\u00f3w, np. juty b\u0105d\u017a bambusa.<\/p>\n<p data-pm-slice=\"1 1 []\">Czytaj r\u00f3wnie\u017c: <a href=\"https:\/\/www.brw.pl\/blog\/ile-miejsca-na-stol-z-krzeslami-potrzebujesz-brw-podpowiada\/\" target=\"_blank\" rel=\"noopener noreferrer\"><strong>&#8222;Ile miejsca na st\u00f3\u0142 z krzes\u0142ami potrzebujesz? BRW podpowiada!&#8221;<\/strong><\/a>.<\/p>\n<h2><strong><span data-color=\"rgb(248, 250, 251)\">Dekoracje na st\u00f3\u0142 znajdziesz w Black Red White!<\/span><\/strong><\/h2>\n<p><center><img decoding=\"async\" class=\"alignnone size-medium wp-image-34053 lazyload\" data-src=\"https:\/\/www.brw.pl\/blog\/wp-content\/uploads\/2023\/09\/st\u00f3\u0142-bryk-2-800x527.jpg\" alt=\"St\u00f3\u0142 Bryk 2 - jadalnia\" width=\"800\" height=\"527\" data-srcset=\"https:\/\/www.brw.pl\/blog\/wp-content\/uploads\/2023\/09\/st\u00f3\u0142-bryk-2-800x527.jpg 800w, https:\/\/www.brw.pl\/blog\/wp-content\/uploads\/2023\/09\/st\u00f3\u0142-bryk-2-768x506.jpg 768w, https:\/\/www.brw.pl\/blog\/wp-content\/uploads\/2023\/09\/st\u00f3\u0142-bryk-2-1536x1013.jpg 1536w, https:\/\/www.brw.pl\/blog\/wp-content\/uploads\/2023\/09\/st\u00f3\u0142-bryk-2.jpg 1638w\" data-sizes=\"(max-width: 800px) 100vw, 800px\" src=\"data:image\/svg+xml;base64,PHN2ZyB3aWR0aD0iMSIgaGVpZ2h0PSIxIiB4bWxucz0iaHR0cDovL3d3dy53My5vcmcvMjAwMC9zdmciPjwvc3ZnPg==\" style=\"--smush-placeholder-width: 800px; --smush-placeholder-aspect-ratio: 800\/527;\" \/><\/center><\/p>\n<p style=\"text-align: center;\"><a href=\"https:\/\/www.brw.pl\/stol-rozkladany-bryk-2,22870\" target=\"_blank\" rel=\"noopener noreferrer\"><strong>ST\u00d3\u0141 BRYK 2<\/strong><\/a><\/p>\n<p style=\"text-align: left;\">Sprawd\u017a, jakie dekoracje sto\u0142u czekaj\u0105 na Ciebie w Black Red White!<\/p>\n<p><center><img decoding=\"async\" class=\"alignnone size-full wp-image-34054 lazyload\" data-src=\"https:\/\/www.brw.pl\/blog\/wp-content\/uploads\/2023\/09\/bieznik-na-stol-jutowy-modalie-35-x-140-cm-mediuma.jpg\" alt=\"Bie\u017cnik Modalie - aran\u017cacja\" width=\"500\" height=\"500\" data-srcset=\"https:\/\/www.brw.pl\/blog\/wp-content\/uploads\/2023\/09\/bieznik-na-stol-jutowy-modalie-35-x-140-cm-mediuma.jpg 500w, https:\/\/www.brw.pl\/blog\/wp-content\/uploads\/2023\/09\/bieznik-na-stol-jutowy-modalie-35-x-140-cm-mediuma-150x150.jpg 150w, https:\/\/www.brw.pl\/blog\/wp-content\/uploads\/2023\/09\/bieznik-na-stol-jutowy-modalie-35-x-140-cm-mediuma-165x165.jpg 165w, https:\/\/www.brw.pl\/blog\/wp-content\/uploads\/2023\/09\/bieznik-na-stol-jutowy-modalie-35-x-140-cm-mediuma-120x120.jpg 120w\" data-sizes=\"(max-width: 500px) 100vw, 500px\" src=\"data:image\/svg+xml;base64,PHN2ZyB3aWR0aD0iMSIgaGVpZ2h0PSIxIiB4bWxucz0iaHR0cDovL3d3dy53My5vcmcvMjAwMC9zdmciPjwvc3ZnPg==\" style=\"--smush-placeholder-width: 500px; --smush-placeholder-aspect-ratio: 500\/500;\" \/><\/center><\/p>\n<p style=\"text-align: center;\"><a href=\"https:\/\/www.brw.pl\/bieznik-na-stol-jutowy-modalie-35-x-140-cm,80607\" target=\"_blank\" rel=\"noopener noreferrer\"><strong>BIE\u017bNIK MODALIE<\/strong><\/a><\/p>\n<p style=\"text-align: left;\">Bie\u017cnik na st\u00f3\u0142 Modalie w rozmiarze 35 x 140 cm wykonano z juty. Jest stworzony do rustykalnych wn\u0119trz.<\/p>\n<p><center><img decoding=\"async\" class=\"alignnone size-full wp-image-34055 lazyload\" data-src=\"https:\/\/www.brw.pl\/blog\/wp-content\/uploads\/2023\/09\/podkladka.jpg\" alt=\"Podk\u0142adka, st\u00f3\u0142 Zalder - aran\u017cacja\" width=\"601\" height=\"475\" src=\"data:image\/svg+xml;base64,PHN2ZyB3aWR0aD0iMSIgaGVpZ2h0PSIxIiB4bWxucz0iaHR0cDovL3d3dy53My5vcmcvMjAwMC9zdmciPjwvc3ZnPg==\" style=\"--smush-placeholder-width: 601px; --smush-placeholder-aspect-ratio: 601\/475;\" \/><\/center><\/p>\n<p style=\"text-align: center;\"><a href=\"https:\/\/www.brw.pl\/podkladka,37624\" target=\"_blank\" rel=\"noopener noreferrer\"><strong>PODK\u0141ADKA<\/strong><\/a><\/p>\n<p style=\"text-align: left;\">Okr\u0105g\u0142a podk\u0142adka z naturalnego materia\u0142u, o \u015brednicy 35 cm, uzupe\u0142ni aran\u017cacje loftowe i skandynawskie.<\/p>\n<p><center><img decoding=\"async\" class=\"alignnone size-full wp-image-34056 lazyload\" data-src=\"https:\/\/www.brw.pl\/blog\/wp-content\/uploads\/2023\/09\/obrus-110x160-oxford-mediuma.jpg\" alt=\"Obrus Oxford - aran\u017cacja\" width=\"415\" height=\"316\" src=\"data:image\/svg+xml;base64,PHN2ZyB3aWR0aD0iMSIgaGVpZ2h0PSIxIiB4bWxucz0iaHR0cDovL3d3dy53My5vcmcvMjAwMC9zdmciPjwvc3ZnPg==\" style=\"--smush-placeholder-width: 415px; --smush-placeholder-aspect-ratio: 415\/316;\" \/><\/center><\/p>\n<p style=\"text-align: center;\"><a href=\"https:\/\/www.brw.pl\/obrus-110x160-oxford,54749\" target=\"_blank\" rel=\"noopener noreferrer\"><strong>OBRUS OXFORD<\/strong><\/a><\/p>\n<p style=\"text-align: left;\">Preferujesz klasyczn\u0105, ponadczasow\u0105 elegancj\u0119? Zastan\u00f3w si\u0119 nad bia\u0142ym obrusem Oxford. Jest dost\u0119pny w rozmiarze 110 x 160 cm.<\/p>\n<p><center><img decoding=\"async\" class=\"alignnone size-full wp-image-34057 lazyload\" data-src=\"https:\/\/www.brw.pl\/blog\/wp-content\/uploads\/2023\/09\/wazon.jpg\" alt=\"Granatowy wazon - aran\u017cacja\" width=\"728\" height=\"483\" src=\"data:image\/svg+xml;base64,PHN2ZyB3aWR0aD0iMSIgaGVpZ2h0PSIxIiB4bWxucz0iaHR0cDovL3d3dy53My5vcmcvMjAwMC9zdmciPjwvc3ZnPg==\" style=\"--smush-placeholder-width: 728px; --smush-placeholder-aspect-ratio: 728\/483;\" \/><\/center><\/p>\n<p style=\"text-align: center;\"><a href=\"https:\/\/www.brw.pl\/wazon,35157\" target=\"_blank\" rel=\"noopener noreferrer\"><strong>WAZON<\/strong><\/a><\/p>\n<p>Wysoki na 25 cm granatowy wazon ze z\u0142ot\u0105 obw\u00f3dk\u0105 b\u0119dzie ukoronowaniem jesiennej oprawy sto\u0142u. Wystarczy, \u017ce w\u0142o\u017cysz do niego barwny, sezonowy stroik.<\/p>\n<p>Aby nie przyt\u0142oczy\u0107 niewielkiego sto\u0142u, pozosta\u0142e jesienne dekoracje umie\u015bcili\u015bmy na ekologicznej <a href=\"https:\/\/www.brw.pl\/komoda-sawira,46061\" target=\"_blank\" rel=\"noopener noreferrer\"><strong>komodzie Sawira<\/strong><\/a>. Obejrzysz j\u0105 dok\u0142adniej na filmie dost\u0119pnym na <a href=\"https:\/\/www.youtube.com\/@brwmeble\" target=\"_blank\" rel=\"noopener noreferrer\"><strong>kanale BRW<\/strong><\/a> w serwisie YouTube:<\/p>\n<div class=\"videoWrapper\"><iframe title=\"Komoda Sawira\" data-src=\"https:\/\/www.youtube.com\/embed\/aHoTq7uA5uc\" frameborder=\"0\" allowfullscreen=\"allowfullscreen\" src=\"data:image\/svg+xml;base64,PHN2ZyB3aWR0aD0iMSIgaGVpZ2h0PSIxIiB4bWxucz0iaHR0cDovL3d3dy53My5vcmcvMjAwMC9zdmciPjwvc3ZnPg==\" data-load-mode=\"1\"><span data-mce-type=\"bookmark\" style=\"display: inline-block; width: 0px; overflow: hidden; line-height: 0;\" class=\"mce_SELRES_start lazyload\">\ufeff<\/span><\/iframe><\/div>\n<p>&nbsp;<\/p>\n<p><center><img decoding=\"async\" class=\"alignnone size-medium wp-image-11223 lazyload\" data-src=\"https:\/\/www.brw.pl\/blog\/wp-content\/uploads\/2015\/12\/\u015bwiecznik-szklany-1-800x531.jpg\" alt=\"\" width=\"800\" height=\"531\" data-srcset=\"https:\/\/www.brw.pl\/blog\/wp-content\/uploads\/2015\/12\/\u015bwiecznik-szklany-1-800x531.jpg 800w, https:\/\/www.brw.pl\/blog\/wp-content\/uploads\/2015\/12\/\u015bwiecznik-szklany-1-768x510.jpg 768w, https:\/\/www.brw.pl\/blog\/wp-content\/uploads\/2015\/12\/\u015bwiecznik-szklany-1-1536x1020.jpg 1536w, https:\/\/www.brw.pl\/blog\/wp-content\/uploads\/2015\/12\/\u015bwiecznik-szklany-1.jpg 1627w\" data-sizes=\"(max-width: 800px) 100vw, 800px\" src=\"data:image\/svg+xml;base64,PHN2ZyB3aWR0aD0iMSIgaGVpZ2h0PSIxIiB4bWxucz0iaHR0cDovL3d3dy53My5vcmcvMjAwMC9zdmciPjwvc3ZnPg==\" style=\"--smush-placeholder-width: 800px; --smush-placeholder-aspect-ratio: 800\/531;\" \/><\/center><\/p>\n<p style=\"text-align: center;\"><a href=\"https:\/\/www.brw.pl\/swiecznik,8693\" target=\"_blank\" rel=\"noopener noreferrer\"><strong>\u015aWIECZNIK<\/strong><\/a><\/p>\n<p>Minimalistyczny szklany \u015bwiecznik jest na tyle uniwersalny, \u017ce pasuje do ka\u017cdego stylu. Na naszym zdj\u0119ciu dope\u0142nia wystr\u00f3j boho.<\/p>\n<p>Po wi\u0119cej inspiracji zapraszamy do <a href=\"https:\/\/www.brw.pl\/\" target=\"_blank\" rel=\"noopener noreferrer\"><strong><u>sklepu internetowego Black Red White<\/u><\/strong><\/a><strong>!<\/strong><\/p>\n<p>&nbsp;<\/p>\n","protected":false},"excerpt":{"rendered":"<p>Jak udekorowa\u0107 st\u00f3\u0142 w jadalni? Niezale\u017cnie od tego, czy jadalnia jest odr\u0119bnym pomieszczeniem, czy stref\u0105 po\u0142\u0105czon\u0105 z salonem, pi\u0119kny st\u00f3\u0142 to podstawa! Zobacz, na ile sposob\u00f3w mo\u017cesz ozdobi\u0107 st\u00f3\u0142!<\/p>\n","protected":false},"author":29,"featured_media":30814,"comment_status":"closed","ping_status":"open","sticky":false,"template":"","format":"standard","meta":{"footnotes":""},"categories":[39,738,574],"tags":[],"aioseo_notices":[],"_links":{"self":[{"href":"https:\/\/www.brw.pl\/blog\/wp-json\/wp\/v2\/posts\/34052"}],"collection":[{"href":"https:\/\/www.brw.pl\/blog\/wp-json\/wp\/v2\/posts"}],"about":[{"href":"https:\/\/www.brw.pl\/blog\/wp-json\/wp\/v2\/types\/post"}],"author":[{"embeddable":true,"href":"https:\/\/www.brw.pl\/blog\/wp-json\/wp\/v2\/users\/29"}],"replies":[{"embeddable":true,"href":"https:\/\/www.brw.pl\/blog\/wp-json\/wp\/v2\/comments?post=34052"}],"version-history":[{"count":2,"href":"https:\/\/www.brw.pl\/blog\/wp-json\/wp\/v2\/posts\/34052\/revisions"}],"predecessor-version":[{"id":34059,"href":"https:\/\/www.brw.pl\/blog\/wp-json\/wp\/v2\/posts\/34052\/revisions\/34059"}],"wp:featuredmedia":[{"embeddable":true,"href":"https:\/\/www.brw.pl\/blog\/wp-json\/wp\/v2\/media\/30814"}],"wp:attachment":[{"href":"https:\/\/www.brw.pl\/blog\/wp-json\/wp\/v2\/media?parent=34052"}],"wp:term":[{"taxonomy":"category","embeddable":true,"href":"https:\/\/www.brw.pl\/blog\/wp-json\/wp\/v2\/categories?post=34052"},{"taxonomy":"post_tag","embeddable":true,"href":"https:\/\/www.brw.pl\/blog\/wp-json\/wp\/v2\/tags?post=34052"}],"curies":[{"name":"wp","href":"https:\/\/api.w.org\/{rel}","templated":true}]}}