{"id":34127,"date":"2023-09-19T13:44:14","date_gmt":"2023-09-19T11:44:14","guid":{"rendered":"https:\/\/www.brw.pl\/blog\/?p=34127"},"modified":"2023-09-19T13:44:14","modified_gmt":"2023-09-19T11:44:14","slug":"butelkowa-zielen-i-pudrowy-roz-we-wnetrzach-czy-da-sie-to-pogodzic","status":"publish","type":"post","link":"https:\/\/www.brw.pl\/blog\/butelkowa-zielen-i-pudrowy-roz-we-wnetrzach-czy-da-sie-to-pogodzic\/","title":{"rendered":"Butelkowa ziele\u0144 i pudrowy r\u00f3\u017c we wn\u0119trzach \u2013 czy da si\u0119 to pogodzi\u0107?"},"content":{"rendered":"<p><strong>Pe\u0142na elegancji butelkowa ziele\u0144, lekki i romantyczny pudrowy r\u00f3\u017c \u2013 nieoczywiste zestawienia kolorystyczne to jeden z najmocniejszych trend\u00f3w ostatnich sezon\u00f3w. Jak gra\u0107 nimi we wn\u0119trzach, by stworzy\u0107 nietuzinkow\u0105 aran\u017cacj\u0119? Podpowiadamy!<\/strong><!--more--><\/p>\n<div style=\"display: flex; align-items: center; justify-content: center; text-align: center;\">\n<figure id=\"attachment_29729\" aria-describedby=\"caption-attachment-29729\" style=\"width: 800px\" class=\"wp-caption aligncenter\"><img decoding=\"async\" class=\"wp-image-29729 size-medium lazyload\" data-src=\"https:\/\/www.brw.pl\/blog\/wp-content\/uploads\/2023\/01\/glowne-Holten_ar_01-salon-800x527.jpg\" alt=\"Butelkowa ziele\u0144 i pudrowy r\u00f3\u017c we wn\u0119trzu\" width=\"800\" height=\"527\" data-srcset=\"https:\/\/www.brw.pl\/blog\/wp-content\/uploads\/2023\/01\/glowne-Holten_ar_01-salon-800x527.jpg 800w, https:\/\/www.brw.pl\/blog\/wp-content\/uploads\/2023\/01\/glowne-Holten_ar_01-salon-768x506.jpg 768w, https:\/\/www.brw.pl\/blog\/wp-content\/uploads\/2023\/01\/glowne-Holten_ar_01-salon-1536x1012.jpg 1536w, https:\/\/www.brw.pl\/blog\/wp-content\/uploads\/2023\/01\/glowne-Holten_ar_01-salon.jpg 1639w\" data-sizes=\"(max-width: 800px) 100vw, 800px\" src=\"data:image\/svg+xml;base64,PHN2ZyB3aWR0aD0iMSIgaGVpZ2h0PSIxIiB4bWxucz0iaHR0cDovL3d3dy53My5vcmcvMjAwMC9zdmciPjwvc3ZnPg==\" style=\"--smush-placeholder-width: 800px; --smush-placeholder-aspect-ratio: 800\/527;\" \/><figcaption id=\"caption-attachment-29729\" class=\"wp-caption-text\"><a href=\"https:\/\/www.brw.pl\/fotel-casey,31390\" target=\"_blank\" rel=\"noopener noreferrer\"><span style=\"font-weight: 400;\">Fotel Casey<\/span><\/a> &#8211; <a href=\"https:\/\/www.brw.pl\/witryna-holten,36809\" target=\"_blank\" rel=\"noopener noreferrer\"><span style=\"font-weight: 400;\">Witryna Holten<\/span><\/a><\/figcaption><\/figure>\n<\/div>\n<h2><strong>Butelkowa ziele\u0144 i pudrowy r\u00f3\u017c \u2013 w jakich wn\u0119trzach sprawdzi si\u0119 to po\u0142\u0105czenie?<\/strong><\/h2>\n<p>Cho\u0107 na pierwszy rzut oka do siebie nie pasuj\u0105, pod pewnymi warunkami tworz\u0105 harmonijny zwi\u0105zek. Butelkowa ziele\u0144 i pudrowy r\u00f3\u017c mog\u0105 bardzo dobrze ze sob\u0105 wsp\u00f3\u0142gra\u0107, jednak nie jest to typowe zestawienie kolorystyczne. Butelkow\u0105 ziele\u0144 kojarzymy z wywa\u017con\u0105 elegancj\u0105 i g\u0142\u0119bi\u0105, pudrowy r\u00f3\u017c z subtelno\u015bci\u0105, romantyzmem, dziewcz\u0119co\u015bci\u0105. Operowanie takim po\u0142\u0105czeniem wymaga od aran\u017cera zmys\u0142u estetycznego \u2013 kluczem do sukcesu jest zachowanie odpowiednich proporcji.<\/p>\n<p>Odcienie pudrowego r\u00f3\u017cu ze wzgl\u0119du na sw\u00f3j estetyczny urok s\u0105 wykorzystywane w designie bardzo cz\u0119sto. Nie ma w tym nic zaskakuj\u0105cego \u2013 pastelowe kolory s\u0105 przyci\u0105gaj\u0105 spojrzenia, a jednocze\u015bnie nie dzia\u0142aj\u0105 pobudzaj\u0105co na domownik\u00f3w. \u0141\u0105cz\u0105 w sobie zalety zar\u00f3wno wyciszonych, jak i bardziej wyrazistych barw. <strong>Jasny r\u00f3\u017c \u0142agodzi intensywno\u015b\u0107 butelkowej zieleni, z kolei ziele\u0144 dodaje r\u00f3\u017cowi charakteru<\/strong>. <strong>Razem tworz\u0105 ciekaw\u0105 kompozycj\u0119, kt\u00f3ra budzi emocje i wprowadza do wn\u0119trza powiew \u015bwie\u017co\u015bci.<\/strong><\/p>\n<h3>Pudrowy r\u00f3\u017c i butelkowa ziele\u0144 \u2013 spos\u00f3b na aran\u017cacj\u0119 z pazurem<\/h3>\n<p>Zestawienie pudrowego r\u00f3\u017cu i butelkowej zieleni sprawdzi si\u0119 w ka\u017cdym eleganckim wn\u0119trzu. To doskona\u0142a propozycja dla os\u00f3b znudzonych aran\u017cacjami ton\u0105cymi w bieli i be\u017cach oraz dla wszystkich szukaj\u0105cych kolorystyki, kt\u00f3ra z jednej strony o\u017cywia wystr\u00f3j, z drugiej za\u015b nie przyt\u0142acza nadmiarem krzykliwych barw. Paleta koi zmys\u0142y, ale ma w sobie te\u017c nutk\u0119 ekstrawagancji. <strong>Dzi\u0119ki temu spodoba si\u0119 fanom aran\u017cacji glamour, nowoczesnych, vintage, art deco czy hiszpa\u0144skich<\/strong>.<\/p>\n<p>Z butelkow\u0105 zieleni\u0105 i jasnym r\u00f3\u017cem warto urz\u0105dzi\u0107 nie tylko reprezentacyjne pomieszczenia. Wspomniane kolory b\u0119d\u0105 idealne do <a href=\"https:\/\/www.brw.pl\/meble\/salon-jadalnia\/\" target=\"_blank\" rel=\"noopener noreferrer\">salonu<\/a>, g\u0142\u00f3wnej <a href=\"https:\/\/www.brw.pl\/meble\/sypialnia\/\" target=\"_blank\" rel=\"noopener noreferrer\">sypialni<\/a>, przedpokoju lub \u0142azienki. Z powodzeniem ozdobi\u0105 przestrze\u0144 kobiecego gabinetu, znakomicie odnajd\u0105 si\u0119 te\u017c w kuchni otwartej na stref\u0119 dzienn\u0105.<\/p>\n<h2><strong>Butelkowa ziele\u0144 i pudrowy r\u00f3\u017c \u2013 salon inny ni\u017c wszystkie<\/strong><\/h2>\n<p>W tej cz\u0119\u015bci artyku\u0142u podpowiemy Ci, jak po\u0142\u0105czy\u0107 te dwa kolory, aby stworzy\u0107 harmonijn\u0105 aran\u017cacj\u0119 salonu.<\/p>\n<h3>Meble i elementy bazowe<\/h3>\n<p>Wprowadzaj\u0105c do salonu pudrowy r\u00f3\u017c i butelkow\u0105 ziele\u0144, w pierwszej kolejno\u015bci ustal, kt\u00f3ry z kolor\u00f3w b\u0119dzie gra\u0142 g\u0142\u00f3wn\u0105 rol\u0119 w wystroju. <strong>Je\u015bli Tw\u00f3j wyb\u00f3r padnie na ziele\u0144, uzyskasz efekt wytwornego, luksusowego wn\u0119trza. Natomiast dominanta r\u00f3\u017cu w pokoju dziennym doda mu ciep\u0142a i lekko\u015bci<\/strong>. W aran\u017cacji wn\u0119trz takich jak salon mo\u017cesz zmiesza\u0107 ze sob\u0105 obydwa kolory, wykorzystuj\u0105c obicia mebli wypoczynkowych oraz wyko\u0144czenie \u015bcian \u2013 farba, sztukaterie czy <a href=\"https:\/\/www.brw.pl\/dekoracje\/dekoracje-scienne\/fototapety\/\" target=\"_blank\" rel=\"noopener noreferrer\">fototapeta<\/a> z motywem botanicznym sprawdz\u0105 si\u0119 znakomicie.<\/p>\n<p>Marzysz o strefie dziennej malowanej w barwach impresjonist\u00f3w? Na tle \u015bciany w odcieniu butelkowej zieleni ustaw <a href=\"https:\/\/www.brw.pl\/meble\/meble-wypoczynkowe\/sofy\/kolor-rozowy\/\" target=\"_blank\" rel=\"noopener noreferrer\">r\u00f3\u017cow\u0105 sof\u0119<\/a> obit\u0105 po\u0142yskuj\u0105c\u0105 tkanin\u0105. Strza\u0142em w dziesi\u0105tk\u0119 b\u0119dzie dostojny model w stylu Chesterfield lub komfortowy angielski klasyk, np. <strong>sofa Zoya w kolorze <em>mavel pink<\/em><\/strong>. Je\u015bli w pomieszczeniu jest do\u015b\u0107 miejsca, si\u0119gnij r\u00f3wnie\u017c po elegancki fotel mu\u015bni\u0119ty r\u00f3\u017cem. W ten spos\u00f3b stworzysz przytulny k\u0105cik wypoczynkowy, w kt\u00f3rym ka\u017cdy domownik poczuje si\u0119 jak w niebie.<\/p>\n<div style=\"display: flex; align-items: center; justify-content: center; text-align: center;\">\n<figure id=\"attachment_33896\" aria-describedby=\"caption-attachment-33896\" style=\"width: 450px\" class=\"wp-caption aligncenter\"><img decoding=\"async\" class=\"wp-image-33896 lazyload\" data-src=\"https:\/\/www.brw.pl\/blog\/wp-content\/uploads\/2023\/08\/sofa-zoya-tkanina-mavel-52-pink-mediuma.jpg\" alt=\"Sofa Zoya\" width=\"450\" height=\"338\" src=\"data:image\/svg+xml;base64,PHN2ZyB3aWR0aD0iMSIgaGVpZ2h0PSIxIiB4bWxucz0iaHR0cDovL3d3dy53My5vcmcvMjAwMC9zdmciPjwvc3ZnPg==\" style=\"--smush-placeholder-width: 450px; --smush-placeholder-aspect-ratio: 450\/338;\" \/><figcaption id=\"caption-attachment-33896\" class=\"wp-caption-text\"><a href=\"https:\/\/www.brw.pl\/sofa-zoya,46236?wariant=BRW-SO3-ZOYA-LX_3DL-G2_B919DE\" target=\"_blank\" rel=\"noopener noreferrer\"><span style=\"font-weight: 400;\">Sofa Zoya<\/span><\/a><\/figcaption><\/figure>\n<\/div>\n<div style=\"display: flex; align-items: center; justify-content: center; text-align: center;\">\n<figure id=\"attachment_34128\" aria-describedby=\"caption-attachment-34128\" style=\"width: 450px\" class=\"wp-caption aligncenter\"><img decoding=\"async\" class=\"wp-image-34128 lazyload\" data-src=\"https:\/\/www.brw.pl\/blog\/wp-content\/uploads\/2023\/09\/sofa-kamari-rozowa.jpg\" alt=\"Sofa Kamari\" width=\"450\" height=\"338\" src=\"data:image\/svg+xml;base64,PHN2ZyB3aWR0aD0iMSIgaGVpZ2h0PSIxIiB4bWxucz0iaHR0cDovL3d3dy53My5vcmcvMjAwMC9zdmciPjwvc3ZnPg==\" style=\"--smush-placeholder-width: 450px; --smush-placeholder-aspect-ratio: 450\/338;\" \/><figcaption id=\"caption-attachment-34128\" class=\"wp-caption-text\"><a href=\"https:\/\/www.brw.pl\/sofa-kamari,53625?wariant=BRW-SO3-KAMARI-LX_3DL-G2_B9CFF4\" target=\"_blank\" rel=\"noopener noreferrer\"><span style=\"font-weight: 400;\">Sofa Kamari<\/span><\/a><\/figcaption><\/figure>\n<\/div>\n<div style=\"display: flex; align-items: center; justify-content: center; text-align: center;\">\n<figure id=\"attachment_33040\" aria-describedby=\"caption-attachment-33040\" style=\"width: 450px\" class=\"wp-caption aligncenter\"><img decoding=\"async\" class=\"wp-image-33040 lazyload\" data-src=\"https:\/\/www.brw.pl\/blog\/wp-content\/uploads\/2023\/06\/fotel-emilly-tkanina-monoli-63-pink.jpg\" alt=\"Fotel Emilly\" width=\"450\" height=\"338\" src=\"data:image\/svg+xml;base64,PHN2ZyB3aWR0aD0iMSIgaGVpZ2h0PSIxIiB4bWxucz0iaHR0cDovL3d3dy53My5vcmcvMjAwMC9zdmciPjwvc3ZnPg==\" style=\"--smush-placeholder-width: 450px; --smush-placeholder-aspect-ratio: 450\/338;\" \/><figcaption id=\"caption-attachment-33040\" class=\"wp-caption-text\"><a href=\"https:\/\/www.brw.pl\/fotel-emilly,35510\" target=\"_blank\" rel=\"noopener noreferrer\"><span style=\"font-weight: 400;\">Fotel Emilly<\/span><\/a><\/figcaption><\/figure>\n<\/div>\n<p><strong>Zajrzyj r\u00f3wnie\u017c do artyku\u0142u: <\/strong><a href=\"https:\/\/www.brw.pl\/blog\/kanapa-pudrowy-roz-w-salonie-aranzacje\/\" target=\"_blank\" rel=\"noopener noreferrer\"><strong>&#8222;Kanapa pudrowy r\u00f3\u017c w salonie \u2013 aran\u017cacje&#8221;<\/strong><\/a><strong>.<\/strong><\/p>\n<p>Cz\u0119\u015b\u0107 Twojego salonu przeznaczona jest na jadalni\u0119? \u015awietnie si\u0119 sk\u0142ada! W tej strefie pole do popisu jest r\u00f3wnie spore. <strong>Je\u015bli r\u00f3\u017c i butelkowa ziele\u0144 maj\u0105 pojawi\u0107 si\u0119 w salonie w r\u00f3wnych proporcjach, wybierz <\/strong><a href=\"https:\/\/www.brw.pl\/meble\/stoly-i-krzesla\/krzesla\/krzesla-tapicerowane\/\" target=\"_blank\" rel=\"noopener noreferrer\"><strong>krzes\u0142a tapicerowane<\/strong><\/a><strong> w dw\u00f3ch wybarwieniach<\/strong>. W duecie z fornirowanym sto\u0142em w kolorze g\u0142\u0119bokiego br\u0105zu stan\u0105 si\u0119 centralnym punktem aran\u017cacji.<\/p>\n<p>Nie zapomnij o elementach bazowych, kt\u00f3re przy tak wyrazistym wyposa\u017ceniu powinny pozosta\u0107 neutralne. Jedna ze \u015bcian pokryta jest kwiecist\u0105 tapet\u0105? Pozosta\u0142e powierzchnie pomaluj farb\u0105 w kolorze z\u0142amanej bieli. Pod\u0142og\u0119 wy\u0142\u00f3\u017c klasyczn\u0105 jode\u0142k\u0105 \u2013 drewno \u0142adnie komponuje si\u0119 z barwami natury.<\/p>\n<h3>Zoom na dodatki, czyli detale pod lup\u0105<\/h3>\n<p>Nie ka\u017cdy ma oko do \u015bmia\u0142ych aran\u017cacji. Na szcz\u0119\u015bcie nie trzeba decydowa\u0107 si\u0119 na radykalne zmiany w wystroju wn\u0119trza, by przemyci\u0107 do niego odrobin\u0119 koloru. Butelkowa ziele\u0144 i r\u00f3\u017c pi\u0119knie zaprezentuj\u0105 si\u0119 w formie szykownych akcent\u00f3w. <a href=\"https:\/\/www.brw.pl\/tekstylia\/\" target=\"_blank\" rel=\"noopener noreferrer\"><strong>Tekstylia<\/strong><\/a><strong>, aba\u017cury lamp, <\/strong><a href=\"https:\/\/www.brw.pl\/tekstylia\/dywany-i-chodniki\/dywany\/\" target=\"_blank\" rel=\"noopener noreferrer\"><strong>dywany<\/strong><\/a><strong>, ceramika czy <\/strong><a href=\"https:\/\/www.brw.pl\/dekoracje\/dekoracje-scienne\/\" target=\"_blank\" rel=\"noopener noreferrer\"><strong>dekoracje \u015bcienne<\/strong><\/a><strong> to dodatki, kt\u00f3rym do twarzy zar\u00f3wno w r\u00f3\u017cu, jak i w zieleni<\/strong>. Mo\u017cesz wyeksponowa\u0107 je na tle stonowanej, jasnej bazy lub wr\u0119cz przeciwnie: podkr\u0119ci\u0107 nimi aran\u017cacj\u0119 utrzyman\u0105 w zmys\u0142owych fioletach, rubinowej czerwieni, z\u0142ocie.<\/p>\n<div style=\"display: flex; align-items: center; justify-content: center; text-align: center;\">\n<figure id=\"attachment_34130\" aria-describedby=\"caption-attachment-34130\" style=\"width: 400px\" class=\"wp-caption aligncenter\"><img decoding=\"async\" class=\"wp-image-34130 lazyload\" data-src=\"https:\/\/www.brw.pl\/blog\/wp-content\/uploads\/2023\/09\/zaslona-calatea.jpg\" alt=\"Zas\u0142ona Calatea\" width=\"400\" height=\"300\" src=\"data:image\/svg+xml;base64,PHN2ZyB3aWR0aD0iMSIgaGVpZ2h0PSIxIiB4bWxucz0iaHR0cDovL3d3dy53My5vcmcvMjAwMC9zdmciPjwvc3ZnPg==\" style=\"--smush-placeholder-width: 400px; --smush-placeholder-aspect-ratio: 400\/300;\" \/><figcaption id=\"caption-attachment-34130\" class=\"wp-caption-text\"><a href=\"https:\/\/www.brw.pl\/zaslona-calatea,51695\" target=\"_blank\" rel=\"noopener noreferrer\"><span style=\"font-weight: 400;\">Zas\u0142ona Calatea<\/span><\/a><\/figcaption><\/figure>\n<figure id=\"attachment_34129\" aria-describedby=\"caption-attachment-34129\" style=\"width: 400px\" class=\"wp-caption aligncenter\"><img decoding=\"async\" class=\"wp-image-34129 lazyload\" data-src=\"https:\/\/www.brw.pl\/blog\/wp-content\/uploads\/2023\/09\/poszewka-dekoracyjna.jpg\" alt=\"Poszewka dekoracyjna zielona\" width=\"400\" height=\"300\" src=\"data:image\/svg+xml;base64,PHN2ZyB3aWR0aD0iMSIgaGVpZ2h0PSIxIiB4bWxucz0iaHR0cDovL3d3dy53My5vcmcvMjAwMC9zdmciPjwvc3ZnPg==\" style=\"--smush-placeholder-width: 400px; --smush-placeholder-aspect-ratio: 400\/300;\" \/><figcaption id=\"caption-attachment-34129\" class=\"wp-caption-text\"><a href=\"https:\/\/www.brw.pl\/poszewka-dekoracyjna,44218\" target=\"_blank\" rel=\"noopener noreferrer\"><span style=\"font-weight: 400;\">Poszewka dekoracyjna<\/span><\/a><\/figcaption><\/figure>\n<figure id=\"attachment_32566\" aria-describedby=\"caption-attachment-32566\" style=\"width: 400px\" class=\"wp-caption aligncenter\"><img decoding=\"async\" class=\"wp-image-32566 lazyload\" data-src=\"https:\/\/www.brw.pl\/blog\/wp-content\/uploads\/2023\/05\/wazon.jpg\" alt=\"Zielony wazon\" width=\"400\" height=\"300\" src=\"data:image\/svg+xml;base64,PHN2ZyB3aWR0aD0iMSIgaGVpZ2h0PSIxIiB4bWxucz0iaHR0cDovL3d3dy53My5vcmcvMjAwMC9zdmciPjwvc3ZnPg==\" style=\"--smush-placeholder-width: 400px; --smush-placeholder-aspect-ratio: 400\/300;\" \/><figcaption id=\"caption-attachment-32566\" class=\"wp-caption-text\"><a href=\"https:\/\/www.brw.pl\/wazon,28811\" target=\"_blank\" rel=\"noopener noreferrer\"><span style=\"font-weight: 400;\">Zielony wazon<\/span><\/a><\/figcaption><\/figure>\n<\/div>\n<p>&nbsp;<\/p>\n<h3>Butelkowa ziele\u0144 i pudrowy r\u00f3\u017c \u2013 inspiracje do salonu<\/h3>\n<div style=\"display: flex; align-items: center; justify-content: center; text-align: center;\">\n<figure id=\"attachment_32462\" aria-describedby=\"caption-attachment-32462\" style=\"width: 800px\" class=\"wp-caption aligncenter\"><img decoding=\"async\" class=\"wp-image-32462 size-medium lazyload\" data-src=\"https:\/\/www.brw.pl\/blog\/wp-content\/uploads\/2023\/05\/komoda-rovika-800x505.jpg\" alt=\"Komoda Rovika i puf Lafu w salonie\" width=\"800\" height=\"505\" data-srcset=\"https:\/\/www.brw.pl\/blog\/wp-content\/uploads\/2023\/05\/komoda-rovika-800x505.jpg 800w, https:\/\/www.brw.pl\/blog\/wp-content\/uploads\/2023\/05\/komoda-rovika-768x484.jpg 768w, https:\/\/www.brw.pl\/blog\/wp-content\/uploads\/2023\/05\/komoda-rovika-1536x969.jpg 1536w, https:\/\/www.brw.pl\/blog\/wp-content\/uploads\/2023\/05\/komoda-rovika.jpg 1698w\" data-sizes=\"(max-width: 800px) 100vw, 800px\" src=\"data:image\/svg+xml;base64,PHN2ZyB3aWR0aD0iMSIgaGVpZ2h0PSIxIiB4bWxucz0iaHR0cDovL3d3dy53My5vcmcvMjAwMC9zdmciPjwvc3ZnPg==\" style=\"--smush-placeholder-width: 800px; --smush-placeholder-aspect-ratio: 800\/505;\" \/><figcaption id=\"caption-attachment-32462\" class=\"wp-caption-text\"><a href=\"https:\/\/www.brw.pl\/puf-lafu,31381\" target=\"_blank\" rel=\"noopener noreferrer\"><span style=\"font-weight: 400;\">Puf Lafu<\/span><\/a><\/figcaption><\/figure>\n<\/div>\n<p>W prezentowanej aran\u017cacji wn\u0119trza dominuje neutralna paleta kolor\u00f3w, b\u0119d\u0105ca idealnym t\u0142em dla delikatnych akcent\u00f3w w butelkowej zieleni i pudrowym r\u00f3\u017cu. <strong>Komoda z <\/strong><a href=\"https:\/\/www.brw.pl\/kolekcja-rovika,547\" target=\"_blank\" rel=\"noopener noreferrer\"><strong>kolekcji Rovika<\/strong><\/a>, \u0142awa, a\u017curowy rega\u0142 utrzymane w bieli i drewnie dodaj\u0105 przestrzeni ciep\u0142a. <a href=\"https:\/\/www.brw.pl\/tekstylia\/wystroj-okien\/zaslony\/kolor-rozowy\/\" target=\"_blank\" rel=\"noopener noreferrer\">R\u00f3\u017cowe zas\u0142ony<\/a> oraz fotel wprowadzaj\u0105 do pokoju dziennego nut\u0119 romantyzmu. Ich pudrowy odcie\u0144 doskonale komponuje si\u0119 z szaro\u015bci\u0105 naro\u017cnika i biel\u0105 \u015bcian. Zielone akcenty widoczne w przestrzeni salonu nie tylko o\u017cywiaj\u0105 aran\u017cacj\u0119, ale r\u00f3wnie\u017c balansuj\u0105 ciep\u0142e tony r\u00f3\u017cu, tworz\u0105c sp\u00f3jn\u0105 kompozycj\u0119 kolorystyczn\u0105. Ca\u0142o\u015b\u0107 dope\u0142niaj\u0105 musztardowe elementy takie jak <strong>puf Lafu<\/strong> czy wisz\u0105ca lampa.<\/p>\n<h2><strong>Sypialnia w kolorze butelkowej zieleni i pudrowym r\u00f3\u017cu \u2013 zobacz, jak j\u0105 urz\u0105dzi\u0107!<\/strong><\/h2>\n<p>W tej cz\u0119\u015bci artyku\u0142u przedstawimy rozwi\u0105zania, kt\u00f3re pomog\u0105 Ci zaaran\u017cowa\u0107 sypialni\u0119 w wyj\u0105tkowych barwach.<\/p>\n<h3>Przepis na przytulne wn\u0119trze<\/h3>\n<div style=\"display: flex; align-items: center; justify-content: center; text-align: center;\">\n<figure id=\"attachment_34131\" aria-describedby=\"caption-attachment-34131\" style=\"width: 533px\" class=\"wp-caption aligncenter\"><img decoding=\"async\" class=\"wp-image-34131 size-medium lazyload\" data-src=\"https:\/\/www.brw.pl\/blog\/wp-content\/uploads\/2023\/09\/poduszka-dekoracyjna-karo-533x800.jpg\" alt=\"Poduszka dekoracyjna Karo\" width=\"533\" height=\"800\" data-srcset=\"https:\/\/www.brw.pl\/blog\/wp-content\/uploads\/2023\/09\/poduszka-dekoracyjna-karo-533x800.jpg 533w, https:\/\/www.brw.pl\/blog\/wp-content\/uploads\/2023\/09\/poduszka-dekoracyjna-karo.jpg 720w\" data-sizes=\"(max-width: 533px) 100vw, 533px\" src=\"data:image\/svg+xml;base64,PHN2ZyB3aWR0aD0iMSIgaGVpZ2h0PSIxIiB4bWxucz0iaHR0cDovL3d3dy53My5vcmcvMjAwMC9zdmciPjwvc3ZnPg==\" style=\"--smush-placeholder-width: 533px; --smush-placeholder-aspect-ratio: 533\/800;\" \/><figcaption id=\"caption-attachment-34131\" class=\"wp-caption-text\"><a href=\"https:\/\/www.brw.pl\/poduszka-dekoracyjna-karo,44864\" target=\"_blank\" rel=\"noopener noreferrer\"><span style=\"font-weight: 400;\">Poduszka dekoracyjna Karo<\/span><\/a><\/figcaption><\/figure>\n<\/div>\n<p>Je\u015bli marzysz o sypialni b\u0119d\u0105cej uciele\u015bnieniem przytulno\u015bci, po\u0142\u0105czenie butelkowej zieleni i pudrowego r\u00f3\u017cu z pewno\u015bci\u0105 Ci si\u0119 spodoba. <strong>Zacznij od <\/strong><a href=\"https:\/\/www.brw.pl\/dekoracje\/panele-i-scianki-dekoracyjne\/panele-tapicerowane\/kolor-zielony\/\" target=\"_blank\" rel=\"noopener noreferrer\"><strong>paneli tapicerowanych w ciemnym odcieniu zieleni<\/strong><\/a><strong>, kt\u00f3re stworz\u0105 stylowy zag\u0142\u00f3wek \u0142\u00f3\u017cka. Przymocuj je do \u015bciany w jasnor\u00f3\u017cowym kolorze \u2013 powstanie kontrast, kt\u00f3ry doda wn\u0119trzu g\u0142\u0119bi<\/strong>. Wybieraj\u0105c po\u015bciel i narzuty, skoncentruj si\u0119 na tkaninach zdobionych drobnym kwiatowym wzorem \u2013 niech przypomina \u0142\u0105k\u0119 pe\u0142n\u0105 chabr\u00f3w, go\u017adzik\u00f3w, dzikiej r\u00f3\u017cy.<\/p>\n<p>Sypialnia to odpowiednie miejsce na toaletk\u0119, wybierz wi\u0119c model w butelkowej zieleni i uzupe\u0142nij go eleganckim tapicerowanym krzes\u0142em. Jeste\u015b fanem tapet? Rozwa\u017c ok\u0142adzin\u0119 \u015bcienn\u0105 \u0142\u0105cz\u0105c\u0105 oba kolory, na przyk\u0142ad delikatne pastelowe kwiaty na zielonym tle. Wzorzysty mural lub druk wielkoformatowy b\u0119d\u0105 wspania\u0142\u0105 dekoracj\u0105 \u015bciany za \u0142\u00f3\u017ckiem, toaletk\u0105 lub komod\u0105.<\/p>\n<h3>Tekstylia i dekoracje do sypialni<\/h3>\n<div style=\"display: flex; align-items: center; justify-content: center; text-align: center;\">\n<figure id=\"attachment_34132\" aria-describedby=\"caption-attachment-34132\" style=\"width: 700px\" class=\"wp-caption aligncenter\"><img decoding=\"async\" class=\"wp-image-34132 lazyload\" data-src=\"https:\/\/www.brw.pl\/blog\/wp-content\/uploads\/2023\/09\/zaslona-rosa-798x800.jpg\" alt=\"Zas\u0142ona Rosa\" width=\"700\" height=\"702\" data-srcset=\"https:\/\/www.brw.pl\/blog\/wp-content\/uploads\/2023\/09\/zaslona-rosa-798x800.jpg 798w, https:\/\/www.brw.pl\/blog\/wp-content\/uploads\/2023\/09\/zaslona-rosa-150x150.jpg 150w, https:\/\/www.brw.pl\/blog\/wp-content\/uploads\/2023\/09\/zaslona-rosa-768x770.jpg 768w, https:\/\/www.brw.pl\/blog\/wp-content\/uploads\/2023\/09\/zaslona-rosa-165x165.jpg 165w, https:\/\/www.brw.pl\/blog\/wp-content\/uploads\/2023\/09\/zaslona-rosa-120x120.jpg 120w, https:\/\/www.brw.pl\/blog\/wp-content\/uploads\/2023\/09\/zaslona-rosa.jpg 1028w\" data-sizes=\"(max-width: 700px) 100vw, 700px\" src=\"data:image\/svg+xml;base64,PHN2ZyB3aWR0aD0iMSIgaGVpZ2h0PSIxIiB4bWxucz0iaHR0cDovL3d3dy53My5vcmcvMjAwMC9zdmciPjwvc3ZnPg==\" style=\"--smush-placeholder-width: 700px; --smush-placeholder-aspect-ratio: 700\/702;\" \/><figcaption id=\"caption-attachment-34132\" class=\"wp-caption-text\"><a href=\"https:\/\/www.brw.pl\/zaslona-rosa,39993\" target=\"_blank\" rel=\"noopener noreferrer\"><span style=\"font-weight: 400;\">Zas\u0142ona Rosa<\/span><\/a><\/figcaption><\/figure>\n<\/div>\n<p>Sypialnia zaaran\u017cowana w tak wyrafinowanej kolorystyce nie potrzebuje wielu ozd\u00f3b. Istotn\u0105 rol\u0119 odegraj\u0105 w niej jednak tkaniny: mi\u0119siste, butelkowozielone zas\u0142ony, poduszki przeszywane b\u0142yszcz\u0105c\u0105 nitk\u0105, narzuty oraz pledy w kolorach szaro\u015bci czy be\u017cu. Na blatach mebli postaw miedziane, z\u0142ote i r\u00f3\u017cowe dodatki. Co powiesz na oryginaln\u0105 ceramik\u0119, lampy na z\u0142oconych n\u00f3\u017ckach czy \u015bwieczniki z pi\u0119knym dekorem?<\/p>\n<div style=\"display: flex; align-items: center; justify-content: center; text-align: center;\">\n<figure id=\"attachment_34134\" aria-describedby=\"caption-attachment-34134\" style=\"width: 533px\" class=\"wp-caption aligncenter\"><img decoding=\"async\" class=\"wp-image-34134 size-medium lazyload\" data-src=\"https:\/\/www.brw.pl\/blog\/wp-content\/uploads\/2023\/09\/wazon-banka-533x800.jpg\" alt=\"Wazon ba\u0144ka\" width=\"533\" height=\"800\" data-srcset=\"https:\/\/www.brw.pl\/blog\/wp-content\/uploads\/2023\/09\/wazon-banka-533x800.jpg 533w, https:\/\/www.brw.pl\/blog\/wp-content\/uploads\/2023\/09\/wazon-banka.jpg 687w\" data-sizes=\"(max-width: 533px) 100vw, 533px\" src=\"data:image\/svg+xml;base64,PHN2ZyB3aWR0aD0iMSIgaGVpZ2h0PSIxIiB4bWxucz0iaHR0cDovL3d3dy53My5vcmcvMjAwMC9zdmciPjwvc3ZnPg==\" style=\"--smush-placeholder-width: 533px; --smush-placeholder-aspect-ratio: 533\/800;\" \/><figcaption id=\"caption-attachment-34134\" class=\"wp-caption-text\"><a href=\"https:\/\/www.brw.pl\/wazon-banka,49675\" target=\"_blank\" rel=\"noopener noreferrer\"><span style=\"font-weight: 400;\">Wazon ba\u0144ka<\/span><\/a><\/figcaption><\/figure>\n<\/div>\n<div style=\"display: flex; align-items: center; justify-content: center; text-align: center;\">\n<figure id=\"attachment_34135\" aria-describedby=\"caption-attachment-34135\" style=\"width: 400px\" class=\"wp-caption aligncenter\"><img decoding=\"async\" class=\"wp-image-34135 lazyload\" data-src=\"https:\/\/www.brw.pl\/blog\/wp-content\/uploads\/2023\/09\/wazon-w-oslonce.jpg\" alt=\"Wazon w os\u0142once\" width=\"400\" height=\"300\" src=\"data:image\/svg+xml;base64,PHN2ZyB3aWR0aD0iMSIgaGVpZ2h0PSIxIiB4bWxucz0iaHR0cDovL3d3dy53My5vcmcvMjAwMC9zdmciPjwvc3ZnPg==\" style=\"--smush-placeholder-width: 400px; --smush-placeholder-aspect-ratio: 400\/300;\" \/><figcaption id=\"caption-attachment-34135\" class=\"wp-caption-text\"><a href=\"https:\/\/www.brw.pl\/wazon-w-oslonce,49696\" target=\"_blank\" rel=\"noopener noreferrer\"><span style=\"font-weight: 400;\">Wazon w os\u0142once<\/span><\/a><\/figcaption><\/figure>\n<figure id=\"attachment_34133\" aria-describedby=\"caption-attachment-34133\" style=\"width: 400px\" class=\"wp-caption aligncenter\"><img decoding=\"async\" class=\"wp-image-34133 lazyload\" data-src=\"https:\/\/www.brw.pl\/blog\/wp-content\/uploads\/2023\/09\/wazon-1.jpg\" alt=\"R\u00f3\u017cowy wazon\" width=\"400\" height=\"300\" src=\"data:image\/svg+xml;base64,PHN2ZyB3aWR0aD0iMSIgaGVpZ2h0PSIxIiB4bWxucz0iaHR0cDovL3d3dy53My5vcmcvMjAwMC9zdmciPjwvc3ZnPg==\" style=\"--smush-placeholder-width: 400px; --smush-placeholder-aspect-ratio: 400\/300;\" \/><figcaption id=\"caption-attachment-34133\" class=\"wp-caption-text\"><a href=\"https:\/\/www.brw.pl\/wazon,49672\" target=\"_blank\" rel=\"noopener noreferrer\"><span style=\"font-weight: 400;\">R\u00f3\u017cowy wazon<\/span><\/a><\/figcaption><\/figure>\n<\/div>\n<p>Czytaj tak\u017ce: <a href=\"https:\/\/www.brw.pl\/blog\/czerwona-cegla-i-butelkowa-zielen-poznaj-jedno-z-najmodniejszych-polaczen-we-wnetrzu\/\" target=\"_blank\" rel=\"noopener noreferrer\">&#8222;Czerwona ceg\u0142a i butelkowa ziele\u0144 \u2013 poznaj jedno z najmodniejszych po\u0142\u0105cze\u0144 we wn\u0119trzu!&#8221;<\/a>.<\/p>\n<p><strong>Wi\u0119cej inspiruj\u0105cych rozwi\u0105za\u0144 do salonu i sypialni znajdziesz w <\/strong><a href=\"https:\/\/www.brw.pl\/\" target=\"_blank\" rel=\"noopener noreferrer\"><strong>sklepie internetowym Black Red White<\/strong><\/a><strong>. Zapraszamy!<\/strong><\/p>\n","protected":false},"excerpt":{"rendered":"<p>Pe\u0142na elegancji butelkowa ziele\u0144, lekki i romantyczny pudrowy r\u00f3\u017c \u2013 nieoczywiste zestawienia kolorystyczne to jeden z najmocniejszych trend\u00f3w ostatnich sezon\u00f3w. Jak gra\u0107 nimi we wn\u0119trzach, by stworzy\u0107 nietuzinkow\u0105 aran\u017cacj\u0119? Podpowiadamy!<\/p>\n","protected":false},"author":21,"featured_media":29729,"comment_status":"closed","ping_status":"open","sticky":false,"template":"","format":"standard","meta":{"footnotes":""},"categories":[39,28,735,29],"tags":[],"aioseo_notices":[],"_links":{"self":[{"href":"https:\/\/www.brw.pl\/blog\/wp-json\/wp\/v2\/posts\/34127"}],"collection":[{"href":"https:\/\/www.brw.pl\/blog\/wp-json\/wp\/v2\/posts"}],"about":[{"href":"https:\/\/www.brw.pl\/blog\/wp-json\/wp\/v2\/types\/post"}],"author":[{"embeddable":true,"href":"https:\/\/www.brw.pl\/blog\/wp-json\/wp\/v2\/users\/21"}],"replies":[{"embeddable":true,"href":"https:\/\/www.brw.pl\/blog\/wp-json\/wp\/v2\/comments?post=34127"}],"version-history":[{"count":1,"href":"https:\/\/www.brw.pl\/blog\/wp-json\/wp\/v2\/posts\/34127\/revisions"}],"predecessor-version":[{"id":34136,"href":"https:\/\/www.brw.pl\/blog\/wp-json\/wp\/v2\/posts\/34127\/revisions\/34136"}],"wp:featuredmedia":[{"embeddable":true,"href":"https:\/\/www.brw.pl\/blog\/wp-json\/wp\/v2\/media\/29729"}],"wp:attachment":[{"href":"https:\/\/www.brw.pl\/blog\/wp-json\/wp\/v2\/media?parent=34127"}],"wp:term":[{"taxonomy":"category","embeddable":true,"href":"https:\/\/www.brw.pl\/blog\/wp-json\/wp\/v2\/categories?post=34127"},{"taxonomy":"post_tag","embeddable":true,"href":"https:\/\/www.brw.pl\/blog\/wp-json\/wp\/v2\/tags?post=34127"}],"curies":[{"name":"wp","href":"https:\/\/api.w.org\/{rel}","templated":true}]}}