{"id":34169,"date":"2023-09-22T08:00:10","date_gmt":"2023-09-22T06:00:10","guid":{"rendered":"https:\/\/www.brw.pl\/blog\/?p=34169"},"modified":"2023-10-24T11:32:47","modified_gmt":"2023-10-24T09:32:47","slug":"metamorfoza-kuchni-bez-remontu-to-mozliwe","status":"publish","type":"post","link":"https:\/\/www.brw.pl\/blog\/metamorfoza-kuchni-bez-remontu-to-mozliwe\/","title":{"rendered":"Metamorfoza kuchni bez remontu? To mo\u017cliwe!"},"content":{"rendered":"<p data-pm-slice=\"1 1 []\"><strong>Czy da si\u0119 przeprowadzi\u0107 spektakularn\u0105 i w dodatku szybk\u0105 metamorfoz\u0119 kuchni, nie wydaj\u0105c maj\u0105tku? Ale\u017c oczywi\u015bcie! Z naszego artyku\u0142u dowiesz si\u0119, jak osi\u0105gn\u0105\u0107 wymarzony efekt niskim nak\u0142adem koszt\u00f3w, czasu i energii.<\/strong><\/p>\n<p data-pm-slice=\"1 1 []\"><!--more--><\/p>\n<p><center><img decoding=\"async\" class=\"alignnone size-medium wp-image-34589 lazyload\" data-src=\"https:\/\/www.brw.pl\/blog\/wp-content\/uploads\/2023\/09\/family-line-sole-xlargea-800x599.jpg\" alt=\"Family Line Sole\" width=\"800\" height=\"599\" data-srcset=\"https:\/\/www.brw.pl\/blog\/wp-content\/uploads\/2023\/09\/family-line-sole-xlargea-800x599.jpg 800w, https:\/\/www.brw.pl\/blog\/wp-content\/uploads\/2023\/09\/family-line-sole-xlargea-768x575.jpg 768w, https:\/\/www.brw.pl\/blog\/wp-content\/uploads\/2023\/09\/family-line-sole-xlargea.jpg 1442w\" data-sizes=\"(max-width: 800px) 100vw, 800px\" src=\"data:image\/svg+xml;base64,PHN2ZyB3aWR0aD0iMSIgaGVpZ2h0PSIxIiB4bWxucz0iaHR0cDovL3d3dy53My5vcmcvMjAwMC9zdmciPjwvc3ZnPg==\" style=\"--smush-placeholder-width: 800px; --smush-placeholder-aspect-ratio: 800\/599;\" \/><\/center><\/p>\n<p style=\"text-align: center;\" data-pm-slice=\"1 1 []\">Kuchnia modu\u0142owa <a href=\"https:\/\/www.brw.pl\/family-line-sole,25051\" target=\"_blank\" rel=\"noopener noreferrer\"><strong>FAMILY LINE &#8211; SOLE<\/strong><\/a><\/p>\n<h2><strong>Metamorfoza kuchni bez remontu \u2013 jak zmieni\u0107 wystr\u00f3j niedu\u017cym kosztem?<\/strong><\/h2>\n<p>W artykule:<\/p>\n<ul>\n<li>podrzucimy kilka sprawdzonych pomys\u0142\u00f3w na udan\u0105 metamorfoz\u0119 kuchni,<\/li>\n<li>poka\u017cemy meble oraz dodatki z oferty sklepu internetowego Black Red White, kt\u00f3re Ci w tym pomog\u0105,<\/li>\n<li>zdradzimy, jak urz\u0105dzi\u0107 kuchni\u0119, aby przez wiele lat cieszy\u0107 si\u0119 jej funkcjonalno\u015bci\u0105 oraz wygl\u0105dem.<\/li>\n<\/ul>\n<p>Znudzi\u0142 Ci si\u0119 dotychczasowy wystr\u00f3j kuchni? Sprawd\u017a, jak go o\u017cywi\u0107 bez zatrudniania ekipy remontowej!<\/p>\n<h3 style=\"text-align: center;\"><strong>Remont kuchni za grosze, czyli malowanie \u015bcian i front\u00f3w szafek<\/strong><\/h3>\n<p>Zauwa\u017caln\u0105 na pierwszy rzut oka zmian\u0105 b\u0119dzie pomalowanie \u015bcian lub front\u00f3w <a href=\"https:\/\/www.brw.pl\/meble\/meble-kuchenne\/szafki-kuchenne\/\" target=\"_blank\" rel=\"noopener noreferrer\"><strong>szafek kuchennych<\/strong><\/a>. Na \u015bcianach znajduj\u0105 si\u0119 p\u0142ytki? To \u017caden problem, je r\u00f3wnie\u017c mo\u017cesz pokry\u0107 farb\u0105! Pami\u0119taj przy tym, by ka\u017cd\u0105 powierzchni\u0119 pomalowa\u0107 odpowiedni\u0105 farb\u0105. <strong>Innej farby u\u017cyjesz do go\u0142ych \u015bcian, a innej do p\u0142ytek czy mebli.<\/strong><\/p>\n<p><strong>Wskaz\u00f3wka:<\/strong> je\u015bli marzy Ci si\u0119 metamorfoza mieszkania nie tylko w odniesieniu do kuchni, lecz tak\u017ce \u0142azienki, kup nieco wi\u0119cej farby. Wystr\u00f3j domu b\u0119dzie bardziej sp\u00f3jny, gdy zdecydujesz si\u0119 na podobn\u0105 kolorystyk\u0119 w kuchni oraz w \u0142azience.<\/p>\n<p>Malowanie \u015bciany za zabudow\u0105 kuchenn\u0105 jest dla Ciebie zbyt uci\u0105\u017cliwe? Nic nie stoi na przeszkodzie, \u017ceby zmieni\u0107 kolor powierzchni, przy kt\u00f3rej nie ma trudnych do przesuni\u0119cia mebli. Na jaki odcie\u0144 farby najlepiej si\u0119 zdecydowa\u0107? Na taki, kt\u00f3ry b\u0119dzie wsp\u00f3\u0142gra\u0142 z barw\u0105 szafek.<\/p>\n<p>Ciekawym i modnym rozwi\u0105zaniem b\u0119dzie <strong>dwukolorowa kuchnia<\/strong>, w kt\u00f3rej dolna zabudowa ma inny kolor ni\u017c g\u00f3rna. Podobaj\u0105 Ci si\u0119 ciemne fronty, ale nie chcesz przyt\u0142oczy\u0107 pomieszczenia o skromnym metra\u017cu? Ogranicz si\u0119 do dolnych szafek, a g\u00f3rne pomaluj ja\u015bniejsz\u0105 farb\u0105.<\/p>\n<p>Jasna kuchnia zaaran\u017cowana w stylu skandynawskim polubi si\u0119 z biel\u0105 i delikatnymi szaro\u015bciami. B\u0119d\u0105 przyjemnie komponowa\u0107 si\u0119 z meblami bielonymi b\u0105d\u017a w naturalnym kolorze drewna z widocznym rysunkiem us\u0142ojenia. Odnajd\u0105 si\u0119 te\u017c w nowoczesnej przestrzeni, w kt\u00f3rej fronty szafek wyko\u0144czono na wysoki po\u0142ysk. Z kolei w loftowym wn\u0119trzu warto rozwa\u017cy\u0107 \u015bciany w odcieniu stali i ciemn\u0105 zabudow\u0119, na przyk\u0142ad grafitow\u0105. Ch\u0142odna, mocna tonacja znakomicie wpisze si\u0119 w industrialn\u0105 estetyk\u0119.<\/p>\n<h3 style=\"text-align: center;\"><strong>Wymiana blat\u00f3w i uchwyt\u00f3w<\/strong><\/h3>\n<p>Nie masz czasu ani ochoty na malowanie? Wymie\u0144 <a href=\"https:\/\/www.brw.pl\/meble\/meble-kuchenne\/blaty\/\" target=\"_blank\" rel=\"noopener noreferrer\">blaty kuchenne<\/a> i <a href=\"https:\/\/www.brw.pl\/meble\/meble-kuchenne\/wyposazenie-szafek-kuchennych\/uchwyty\/\" target=\"_blank\" rel=\"noopener noreferrer\">uchwyty<\/a>! Wbrew pozorom <strong>tyle wystarczy, by od\u015bwie\u017cy\u0107 aran\u017cacj\u0119<\/strong>. Na rynku jest ogromny wyb\u00f3r zar\u00f3wno blat\u00f3w, jak i uchwyt\u00f3w. W pomieszczeniu urz\u0105dzonym w duchu glamour spisz\u0105 si\u0119 blaty z marmuru lub imituj\u0105ce go. Do nich dobierz uchwyty w odcieniu z\u0142ota b\u0105d\u017a transparentne jak kryszta\u0142. W kuchniach boho odnajd\u0105 si\u0119 proste, drewniane blaty zestawione z uchwytami z tego samego materia\u0142u.<\/p>\n<p><center><img decoding=\"async\" class=\"alignnone wp-image-34170 lazyload\" data-src=\"https:\/\/www.brw.pl\/blog\/wp-content\/uploads\/2023\/09\/dab-craft-zloty-blat-100-junona-line-kolory-blatow-kuchnie-dab-craft-zloty-mediumb.jpg\" alt=\"Blat kuchenny 100 Junona Line d\u0105b craft z\u0142oty\" width=\"351\" height=\"303\" src=\"data:image\/svg+xml;base64,PHN2ZyB3aWR0aD0iMSIgaGVpZ2h0PSIxIiB4bWxucz0iaHR0cDovL3d3dy53My5vcmcvMjAwMC9zdmciPjwvc3ZnPg==\" style=\"--smush-placeholder-width: 351px; --smush-placeholder-aspect-ratio: 351\/303;\" \/><\/center><\/p>\n<p style=\"text-align: center;\"><a href=\"https:\/\/www.brw.pl\/dab-craft-zloty-blat-100-junona-line,75882\" target=\"_blank\" rel=\"noopener noreferrer\"><strong>BLAT JUNONA LINE<\/strong> <strong>D\u0104B CRAFT Z\u0141OTY<\/strong><\/a><\/p>\n<p><center><img decoding=\"async\" class=\"alignnone wp-image-34171 lazyload\" data-src=\"https:\/\/www.brw.pl\/blog\/wp-content\/uploads\/2023\/09\/lupek-metaliczny-czarnozloty-blat-100-junona-line-kolory-blatow-kuchnie-lupek-metaliczny-czarnozloty-mediumb.jpg\" alt=\"Blat Junona Line \u0142upek metaliczny czarnoz\u0142oty\" width=\"351\" height=\"303\" src=\"data:image\/svg+xml;base64,PHN2ZyB3aWR0aD0iMSIgaGVpZ2h0PSIxIiB4bWxucz0iaHR0cDovL3d3dy53My5vcmcvMjAwMC9zdmciPjwvc3ZnPg==\" style=\"--smush-placeholder-width: 351px; --smush-placeholder-aspect-ratio: 351\/303;\" \/><\/center><\/p>\n<p style=\"text-align: center;\"><a href=\"https:\/\/www.brw.pl\/lupek-metaliczny-czarnozloty-blat-100-junona-line,75913\" target=\"_blank\" rel=\"noopener noreferrer\"><strong>BLAT JUNONA LINE \u0141UPEK METALICZNY CZARNOZ\u0141OTY<\/strong><\/a><\/p>\n<h3 style=\"text-align: center;\"><strong>P\u00f3\u0142ka i reling <\/strong><\/h3>\n<p>Wystr\u00f3j wn\u0119trza mo\u017cesz uzupe\u0142ni\u0107 o <a href=\"https:\/\/www.brw.pl\/meble\/meble-kuchenne\/polki\/\" target=\"_blank\" rel=\"noopener noreferrer\">p\u00f3\u0142ki<\/a> i reling. W rustykalnej kuchni reling zamontowany nad blatem pozwoli wyeksponowa\u0107 staro\u015bwieckie kubki, patelnie, \u0142y\u017cki. <strong>P\u00f3\u0142ki za\u015b &#8222;przygarn\u0105&#8221; mi\u0119dzy innymi kolorowe <\/strong><a href=\"https:\/\/www.brw.pl\/wyposazenie-kuchni\/przechowywanie-w-kuchni\/pojemniki-na-przyprawy\/material-szklo\/\" target=\"_blank\" rel=\"noopener noreferrer\"><strong>szklane pojemniki<\/strong><\/a><strong> z przyprawami czy zwisaj\u0105ce malowniczo ro\u015bliny w <\/strong><a href=\"https:\/\/www.brw.pl\/dekoracje\/doniczki-i-oslonki\/doniczki\/material-ceramika\/\" target=\"_blank\" rel=\"noopener noreferrer\"><strong>ceramicznych doniczkach<\/strong><\/a><strong>.<\/strong><\/p>\n<p>Czytaj r\u00f3wnie\u017c: <a href=\"https:\/\/www.brw.pl\/blog\/5-sposobow-na-przechowywanie-przypraw-z-black-red-white\/\" target=\"_blank\" rel=\"noopener noreferrer\"><strong>&#8222;5 sposob\u00f3w na przechowywanie przypraw z Black Red White&#8221;<\/strong><\/a>.<\/p>\n<h3 style=\"text-align: center;\"><strong>Aran\u017cacja okna<\/strong><\/h3>\n<p>Dobrym pomys\u0142em b\u0119dzie tak\u017ce przemy\u015blana aran\u017cacja okna. Na parapecie postaw <strong>\u015bwie\u017ce zio\u0142a w \u0142adnych <\/strong><a href=\"https:\/\/www.brw.pl\/dekoracje\/doniczki-i-oslonki\/oslonki-na-doniczki\/\" target=\"_blank\" rel=\"noopener noreferrer\"><strong>os\u0142onkach na doniczki<\/strong><\/a>, a nad oknem zamontuj karnisz, na kt\u00f3rym powiesisz pi\u0119kne <a href=\"https:\/\/www.brw.pl\/tekstylia\/wystroj-okien\/zaslony\/\" target=\"_blank\" rel=\"noopener noreferrer\"><strong>zas\u0142ony<\/strong><\/a><strong> lub rzymskie rolety<\/strong>.<\/p>\n<p>Alternatyw\u0105 w stylu vintage b\u0119d\u0105 tak zwane <strong>zazdrostki zwane dawniej dyskretkami<\/strong>. S\u0105 to kr\u00f3tkie zas\u0142onki b\u0105d\u017a firanki zawieszane mniej wi\u0119cej w po\u0142owie wysoko\u015bci okna. Kiedy\u015b na wsi radzono sobie w ten spos\u00f3b ze w\u015bcibskimi s\u0105siadami, kt\u00f3rzy lubili zagl\u0105da\u0107 do cudzego domu przez okno. Zazdrostki to udaremnia\u0142y, natomiast ods\u0142oni\u0119ta g\u00f3rna cz\u0119\u015b\u0107 okna wpuszcza\u0142a na tyle du\u017co dziennego \u015bwiata, \u017ceby wygodnie przygotowa\u0107 posi\u0142ek.<\/p>\n<h2><strong>Metamorfoza kuchni \u2013 pomys\u0142y od BRW<\/strong><\/h2>\n<p>Z tej cz\u0119\u015bci artyku\u0142u dowiesz si\u0119, jakie meble kuchenne i dodatki przydadz\u0105 si\u0119 podczas metamorfozy kuchni.<\/p>\n<h3 style=\"text-align: center;\"><strong>Od\u015bwie\u017c kuchni\u0119 za pomoc\u0105 nowych mebli kuchennych<\/strong><\/h3>\n<p><center><img decoding=\"async\" class=\"alignnone size-medium wp-image-32645 lazyload\" data-src=\"https:\/\/www.brw.pl\/blog\/wp-content\/uploads\/2023\/05\/kuchnia-family-line-verdi-585x800.jpg\" alt=\"\" width=\"585\" height=\"800\" data-srcset=\"https:\/\/www.brw.pl\/blog\/wp-content\/uploads\/2023\/05\/kuchnia-family-line-verdi-585x800.jpg 585w, https:\/\/www.brw.pl\/blog\/wp-content\/uploads\/2023\/05\/kuchnia-family-line-verdi-768x1050.jpg 768w, https:\/\/www.brw.pl\/blog\/wp-content\/uploads\/2023\/05\/kuchnia-family-line-verdi.jpg 790w\" data-sizes=\"(max-width: 585px) 100vw, 585px\" src=\"data:image\/svg+xml;base64,PHN2ZyB3aWR0aD0iMSIgaGVpZ2h0PSIxIiB4bWxucz0iaHR0cDovL3d3dy53My5vcmcvMjAwMC9zdmciPjwvc3ZnPg==\" style=\"--smush-placeholder-width: 585px; --smush-placeholder-aspect-ratio: 585\/800;\" \/><\/center><\/p>\n<p style=\"text-align: center;\">Kuchnia modu\u0142owa <a href=\"https:\/\/www.brw.pl\/family-line-verdi,44290\" target=\"_blank\" rel=\"noopener noreferrer\"><strong>FAMILY LINE &#8211; VERDI<\/strong><\/a><\/p>\n<p>Aby przearan\u017cowa\u0107 kuchni\u0119, nie musisz kupowa\u0107 kolejnej zabudowy meblowej. Nowy <a href=\"https:\/\/www.brw.pl\/meble\/stoly-i-krzesla\/stoly\/\" target=\"_blank\" rel=\"noopener noreferrer\">st\u00f3\u0142<\/a> lub <a href=\"https:\/\/www.brw.pl\/meble\/stoly-i-krzesla\/krzesla\/\" target=\"_blank\" rel=\"noopener noreferrer\">krzes\u0142a<\/a> w zupe\u0142no\u015bci wystarcz\u0105. Ewentualnie wymie\u0144 jedn\u0105 z <a href=\"https:\/\/www.brw.pl\/meble\/meble-kuchenne\/szafki-kuchenne\/szafki-kuchenne-wiszace\/\" target=\"_blank\" rel=\"noopener noreferrer\">g\u00f3rnych szafek<\/a> na pod\u015bwietlan\u0105 witryn\u0119 (np. tak\u0105 jak widoczna na zdj\u0119ciu powy\u017cej <a href=\"https:\/\/www.brw.pl\/szafka-gorna-z-ociekarka-verdi,46997\" target=\"_blank\" rel=\"noopener noreferrer\"><strong>witryna z ociekark\u0105 Verdi<\/strong><\/a>) lub po prostu <strong>zamontuj o\u015bwietlenie LED we w\u0142asnej przeszklonej szafce wisz\u0105cej<\/strong>. Dzi\u0119ki temu Twoja reprezentacyjna zastawa sto\u0142owa b\u0119dzie cieszy\u0107 oko nie tylko od \u015bwi\u0119ta.<\/p>\n<p><center><img decoding=\"async\" class=\"alignnone size-medium wp-image-25176 lazyload\" data-src=\"https:\/\/www.brw.pl\/blog\/wp-content\/uploads\/2022\/07\/stol-gosol-krzesla-seran-656x800.jpg\" alt=\"Jadalnia ze sto\u0142em Gosol i krzes\u0142ami Seran\" width=\"656\" height=\"800\" data-srcset=\"https:\/\/www.brw.pl\/blog\/wp-content\/uploads\/2022\/07\/stol-gosol-krzesla-seran-656x800.jpg 656w, https:\/\/www.brw.pl\/blog\/wp-content\/uploads\/2022\/07\/stol-gosol-krzesla-seran-768x937.jpg 768w, https:\/\/www.brw.pl\/blog\/wp-content\/uploads\/2022\/07\/stol-gosol-krzesla-seran.jpg 885w\" data-sizes=\"(max-width: 656px) 100vw, 656px\" src=\"data:image\/svg+xml;base64,PHN2ZyB3aWR0aD0iMSIgaGVpZ2h0PSIxIiB4bWxucz0iaHR0cDovL3d3dy53My5vcmcvMjAwMC9zdmciPjwvc3ZnPg==\" style=\"--smush-placeholder-width: 656px; --smush-placeholder-aspect-ratio: 656\/800;\" \/><\/center><\/p>\n<p style=\"text-align: center;\"><a href=\"https:\/\/www.brw.pl\/stol-gosol,43265\" target=\"_blank\" rel=\"noopener noreferrer\"><strong>ST\u00d3\u0141 GOSOL<\/strong><\/a><\/p>\n<p>Dysponujesz przestronn\u0105 kuchni\u0105 ze stref\u0105 jadalnian\u0105? Wyr\u00f3\u017cnij k\u0105cik ze sto\u0142em i krzes\u0142ami za pomoc\u0105 paneli tapicerowanych! Zobacz, jak wspaniale prezentuje si\u0119 st\u00f3\u0142 Gosol oraz <a href=\"https:\/\/www.brw.pl\/krzeslo-oliwkowy-seran,43234\" target=\"_blank\" rel=\"noopener noreferrer\"><strong>oliwkowe<\/strong><\/a> i <a href=\"https:\/\/www.brw.pl\/krzeslo-brazowy-seran,43233\" target=\"_blank\" rel=\"noopener noreferrer\"><strong>br\u0105zowe krzes\u0142a Seran<\/strong><\/a> na tle paneli tapicerowanych w stonowanym be\u017cowym odcieniu.<\/p>\n<h3 style=\"text-align: center;\"><strong>Metamorfozy kuchni &#8211; dodatki<\/strong><\/h3>\n<p><center><img decoding=\"async\" class=\"alignnone size-medium wp-image-34172 lazyload\" data-src=\"https:\/\/www.brw.pl\/blog\/wp-content\/uploads\/2023\/09\/THK-084915-THK-084916-THK-084917-THK-075050-THK-069787-THK-066137-THK-063275-800x583.jpg\" alt=\"Karafka Krosno, komplet pater Acacia\" width=\"800\" height=\"583\" data-srcset=\"https:\/\/www.brw.pl\/blog\/wp-content\/uploads\/2023\/09\/THK-084915-THK-084916-THK-084917-THK-075050-THK-069787-THK-066137-THK-063275-800x583.jpg 800w, https:\/\/www.brw.pl\/blog\/wp-content\/uploads\/2023\/09\/THK-084915-THK-084916-THK-084917-THK-075050-THK-069787-THK-066137-THK-063275-scaled.jpg 1483w, https:\/\/www.brw.pl\/blog\/wp-content\/uploads\/2023\/09\/THK-084915-THK-084916-THK-084917-THK-075050-THK-069787-THK-066137-THK-063275-768x559.jpg 768w, https:\/\/www.brw.pl\/blog\/wp-content\/uploads\/2023\/09\/THK-084915-THK-084916-THK-084917-THK-075050-THK-069787-THK-066137-THK-063275-1536x1118.jpg 1536w, https:\/\/www.brw.pl\/blog\/wp-content\/uploads\/2023\/09\/THK-084915-THK-084916-THK-084917-THK-075050-THK-069787-THK-066137-THK-063275-2048x1491.jpg 2048w\" data-sizes=\"(max-width: 800px) 100vw, 800px\" src=\"data:image\/svg+xml;base64,PHN2ZyB3aWR0aD0iMSIgaGVpZ2h0PSIxIiB4bWxucz0iaHR0cDovL3d3dy53My5vcmcvMjAwMC9zdmciPjwvc3ZnPg==\" style=\"--smush-placeholder-width: 800px; --smush-placeholder-aspect-ratio: 800\/583;\" \/><\/center><\/p>\n<p style=\"text-align: center;\"><strong>Patera<\/strong> z <a href=\"https:\/\/www.brw.pl\/kpl-3-pater-acacia,37706\" target=\"_blank\" rel=\"noopener noreferrer\"><strong>KOMPLETU ACACIA<\/strong><\/a><\/p>\n<p>Dodatki to przys\u0142owiowa kropka nad i w aran\u017cacji wn\u0119trz. W powiedzeniu, \u017ce diabe\u0142 tkwi w szczeg\u00f3\u0142ach kryje si\u0119 wiele prawdy. To one dope\u0142niaj\u0105 wystr\u00f3j i podkre\u015blaj\u0105 jego styl. W kuchni skup si\u0119 na mi\u0142ych dla oka i przyjemnych w dotyku tekstyliach &#8211; zas\u0142onie, <a href=\"https:\/\/www.brw.pl\/tekstylia\/dywany-i-chodniki\/dywany\/\" target=\"_blank\" rel=\"noopener noreferrer\">dywaniku<\/a>, <a href=\"https:\/\/www.brw.pl\/tekstylia\/dekoracja-stolu\/obrusy\/\" target=\"_blank\" rel=\"noopener noreferrer\">obrusie<\/a>, <a href=\"https:\/\/www.brw.pl\/tekstylia\/dekoracja-stolu\/biezniki\/\" target=\"_blank\" rel=\"noopener noreferrer\">bie\u017cniku<\/a>. Na stole albo wyspie kuchennej ustaw efektown\u0105 <a href=\"https:\/\/www.brw.pl\/dekoracje\/misy-i-patery\/\" target=\"_blank\" rel=\"noopener noreferrer\">pater\u0119<\/a> na owoce i <a href=\"https:\/\/www.brw.pl\/dekoracje\/wazony\/\" target=\"_blank\" rel=\"noopener noreferrer\">wazon<\/a> ze \u015bwie\u017cymi, pachn\u0105cymi kwiatami. Na \u015bcianie powie\u015b pi\u0119kny <a href=\"https:\/\/www.brw.pl\/dekoracje\/dekoracje-scienne\/obrazy\/\" target=\"_blank\" rel=\"noopener noreferrer\">obraz<\/a>.<\/p>\n<p><center><img decoding=\"async\" class=\"alignnone wp-image-32808 lazyload\" data-src=\"https:\/\/www.brw.pl\/blog\/wp-content\/uploads\/2023\/05\/obraz-foglia-mediuma.jpg\" alt=\"Obraz &quot;Foglia&quot;\" width=\"350\" height=\"263\" src=\"data:image\/svg+xml;base64,PHN2ZyB3aWR0aD0iMSIgaGVpZ2h0PSIxIiB4bWxucz0iaHR0cDovL3d3dy53My5vcmcvMjAwMC9zdmciPjwvc3ZnPg==\" style=\"--smush-placeholder-width: 350px; --smush-placeholder-aspect-ratio: 350\/263;\" \/><\/center><\/p>\n<p style=\"text-align: center;\"><a href=\"https:\/\/www.brw.pl\/obraz-foglia,56438\" target=\"_blank\" rel=\"noopener noreferrer\"><strong>OBRAZ &#8222;FOGLIA&#8221;<\/strong><\/a><\/p>\n<p>Przyjrzyj si\u0119 obrazowi &#8222;Foglia&#8221; utrzymanemu w \u0142agodnej, ciep\u0142ej kolorystyce. Doda przytulno\u015bci w k\u0105ciku \u015bniadaniowym w kuchni.<\/p>\n<h2><strong>Metamorfoza kuchni \u2013 praktyczne wskaz\u00f3wki na lata<\/strong><\/h2>\n<p><center><img decoding=\"async\" class=\"alignnone size-medium wp-image-33828 lazyload\" data-src=\"https:\/\/www.brw.pl\/blog\/wp-content\/uploads\/2023\/08\/FL_L_VERDI_SZG_JSZ_aranz_2-800x601.jpg\" alt=\"Family Line Verdi - aran\u017cacja\" width=\"800\" height=\"601\" data-srcset=\"https:\/\/www.brw.pl\/blog\/wp-content\/uploads\/2023\/08\/FL_L_VERDI_SZG_JSZ_aranz_2-800x601.jpg 800w, https:\/\/www.brw.pl\/blog\/wp-content\/uploads\/2023\/08\/FL_L_VERDI_SZG_JSZ_aranz_2-768x577.jpg 768w, https:\/\/www.brw.pl\/blog\/wp-content\/uploads\/2023\/08\/FL_L_VERDI_SZG_JSZ_aranz_2.jpg 1438w\" data-sizes=\"(max-width: 800px) 100vw, 800px\" src=\"data:image\/svg+xml;base64,PHN2ZyB3aWR0aD0iMSIgaGVpZ2h0PSIxIiB4bWxucz0iaHR0cDovL3d3dy53My5vcmcvMjAwMC9zdmciPjwvc3ZnPg==\" style=\"--smush-placeholder-width: 800px; --smush-placeholder-aspect-ratio: 800\/601;\" \/><\/center><\/p>\n<p style=\"text-align: center;\"><a href=\"https:\/\/www.brw.pl\/komplet-kuchenny-narozny-verdi,48421\" target=\"_blank\" rel=\"noopener noreferrer\"><strong>KOMPLET KUCHENNY NARO\u017bNY VERDI<\/strong><\/a><\/p>\n<p>Jeste\u015b tradycjonalist\u0105 i nie przepadasz za cz\u0119stymi zmianami? Urz\u0105d\u017a kuchni\u0119 tak, aby\u015b przez d\u0142ugi czas by\u0142 zadowolony z jej wygl\u0105du, a ewentualne drobne zmiany ogranicza\u0142y si\u0119 do dodatk\u00f3w. Jak to zrobi\u0107?<\/p>\n<p>Przede wszystkim <strong>zrezygnuj z krzykliwych kolor\u00f3w i bardzo wzorzystych deseni na du\u017cej powierzchni<\/strong> &#8211; \u015bcianach, pod\u0142odze, frontach mebli. Istnieje prawdopodobie\u0144stwo, \u017ce wkr\u00f3tce poczujesz si\u0119 zm\u0119czony, a nawet rozdra\u017cniony tak jaskrawym wystrojem. Wyraziste wzory i mocne barwy zostaw dodatkom, kt\u00f3re znacznie \u0142atwiej wymieni\u0107.<\/p>\n<h3 style=\"text-align: center;\">Meble modu\u0142owe w kuchni<\/h3>\n<p>Zastan\u00f3w si\u0119 r\u00f3wnie\u017c nad <strong>meblami modu\u0142owymi do kuchni<\/strong>. Sprawdz\u0105 si\u0119 zar\u00f3wno w przypadku ma\u0142ego metra\u017cu, jak i sporego. Gotowe komponenty zestawiasz ze sob\u0105 zgodnie z w\u0142asnymi preferencjami. Co wi\u0119cej, gdy nabierzesz ochoty na przemalowanie kuchni, spokojnie mo\u017cesz rozkr\u0119ci\u0107 meble, a p\u00f3\u017aniej skr\u0119ci\u0107 ponownie bez ryzyka, \u017ce je uszkodzisz.<\/p>\n<p>Nasze <a href=\"https:\/\/www.brw.pl\/meble\/meble-kuchenne\/kuchnie-modulowe\/\" target=\"_blank\" rel=\"noopener noreferrer\"><strong>kuchnie modu\u0142owe Family Line<\/strong><\/a> obejrzysz na filmie dost\u0119pnym na <a href=\"https:\/\/www.youtube.com\/@brwmeble\" target=\"_blank\" rel=\"noopener noreferrer\"><strong>kanale BRW<\/strong><\/a> w serwisie YouTube:<\/p>\n<div class=\"videoWrapper\"><iframe title=\"Kuchnie modu\u0142owe Family Line\" data-src=\"https:\/\/www.youtube.com\/embed\/QXnhGOzECsM\" frameborder=\"0\" allowfullscreen=\"allowfullscreen\" src=\"data:image\/svg+xml;base64,PHN2ZyB3aWR0aD0iMSIgaGVpZ2h0PSIxIiB4bWxucz0iaHR0cDovL3d3dy53My5vcmcvMjAwMC9zdmciPjwvc3ZnPg==\" data-load-mode=\"1\"><span data-mce-type=\"bookmark\" style=\"display: inline-block; width: 0px; overflow: hidden; line-height: 0;\" class=\"mce_SELRES_start lazyload\">\ufeff<\/span><\/iframe><\/div>\n<p>&nbsp;<\/p>\n<p>Po wi\u0119cej inspiracji zapraszamy do <a href=\"https:\/\/www.brw.pl\/\" target=\"_blank\" rel=\"noopener noreferrer\"><strong><u>sklepu internetowego Black Red White<\/u><\/strong><\/a><strong>!<\/strong><\/p>\n","protected":false},"excerpt":{"rendered":"<p>Czy da si\u0119 przeprowadzi\u0107 spektakularn\u0105 i w dodatku szybk\u0105 metamorfoz\u0119 kuchni, nie wydaj\u0105c maj\u0105tku? Ale\u017c oczywi\u015bcie! Z naszego artyku\u0142u dowiesz si\u0119, jak osi\u0105gn\u0105\u0107 wymarzony efekt niskim nak\u0142adem koszt\u00f3w, czasu i energii.<\/p>\n","protected":false},"author":29,"featured_media":34589,"comment_status":"closed","ping_status":"open","sticky":false,"template":"","format":"standard","meta":{"footnotes":""},"categories":[26,741,574],"tags":[],"aioseo_notices":[],"_links":{"self":[{"href":"https:\/\/www.brw.pl\/blog\/wp-json\/wp\/v2\/posts\/34169"}],"collection":[{"href":"https:\/\/www.brw.pl\/blog\/wp-json\/wp\/v2\/posts"}],"about":[{"href":"https:\/\/www.brw.pl\/blog\/wp-json\/wp\/v2\/types\/post"}],"author":[{"embeddable":true,"href":"https:\/\/www.brw.pl\/blog\/wp-json\/wp\/v2\/users\/29"}],"replies":[{"embeddable":true,"href":"https:\/\/www.brw.pl\/blog\/wp-json\/wp\/v2\/comments?post=34169"}],"version-history":[{"count":6,"href":"https:\/\/www.brw.pl\/blog\/wp-json\/wp\/v2\/posts\/34169\/revisions"}],"predecessor-version":[{"id":34591,"href":"https:\/\/www.brw.pl\/blog\/wp-json\/wp\/v2\/posts\/34169\/revisions\/34591"}],"wp:featuredmedia":[{"embeddable":true,"href":"https:\/\/www.brw.pl\/blog\/wp-json\/wp\/v2\/media\/34589"}],"wp:attachment":[{"href":"https:\/\/www.brw.pl\/blog\/wp-json\/wp\/v2\/media?parent=34169"}],"wp:term":[{"taxonomy":"category","embeddable":true,"href":"https:\/\/www.brw.pl\/blog\/wp-json\/wp\/v2\/categories?post=34169"},{"taxonomy":"post_tag","embeddable":true,"href":"https:\/\/www.brw.pl\/blog\/wp-json\/wp\/v2\/tags?post=34169"}],"curies":[{"name":"wp","href":"https:\/\/api.w.org\/{rel}","templated":true}]}}