{"id":34384,"date":"2023-10-05T08:12:32","date_gmt":"2023-10-05T06:12:32","guid":{"rendered":"https:\/\/www.brw.pl\/blog\/?p=34384"},"modified":"2025-10-20T09:53:31","modified_gmt":"2025-10-20T07:53:31","slug":"najmodniejsze-kolory-do-przedpokoju-brw-inspiruje","status":"publish","type":"post","link":"https:\/\/www.brw.pl\/blog\/najmodniejsze-kolory-do-przedpokoju-brw-inspiruje\/","title":{"rendered":"Najmodniejsze kolory do przedpokoju? BRW inspiruje!"},"content":{"rendered":"<p><strong>Nie od dzi\u015b wiadomo, \u017ce przedpok\u00f3j jest swego rodzaju \u201ewizyt\u00f3wk\u0105\u201d mieszkania. Dzi\u0119ki odpowiedniej aran\u017cacji b\u0119dzie r\u00f3wnie\u017c atrakcyjn\u0105 zapowiedzi\u0105 pozosta\u0142ych wn\u0119trz. Na jaki kolor pomalowa\u0107 przedpok\u00f3j, by uzyska\u0107 estetyczny, mi\u0142y dla oka efekt? W jaki spos\u00f3b zestawia\u0107 ze sob\u0105 kolory \u015bcian, mebli i dodatk\u00f3w? Przekonaj si\u0119! <\/strong><br \/>\n<!--more--><\/p>\n<div style=\"display: flex; align-items: center; justify-content: center; text-align: center;\">\n<figure id=\"attachment_29790\" aria-describedby=\"caption-attachment-29790\" style=\"width: 800px\" class=\"wp-caption aligncenter\"><img decoding=\"async\" class=\"wp-image-29790 size-medium lazyload\" data-src=\"https:\/\/www.brw.pl\/blog\/wp-content\/uploads\/2023\/02\/Aranz_przedpokoj_Holten_www-800x550.jpg\" alt=\"Najmodniejsze kolory do przedpokoju\" width=\"800\" height=\"550\" data-srcset=\"https:\/\/www.brw.pl\/blog\/wp-content\/uploads\/2023\/02\/Aranz_przedpokoj_Holten_www-800x550.jpg 800w, https:\/\/www.brw.pl\/blog\/wp-content\/uploads\/2023\/02\/Aranz_przedpokoj_Holten_www-768x528.jpg 768w, https:\/\/www.brw.pl\/blog\/wp-content\/uploads\/2023\/02\/Aranz_przedpokoj_Holten_www-1536x1056.jpg 1536w, https:\/\/www.brw.pl\/blog\/wp-content\/uploads\/2023\/02\/Aranz_przedpokoj_Holten_www.jpg 1571w\" data-sizes=\"(max-width: 800px) 100vw, 800px\" src=\"data:image\/svg+xml;base64,PHN2ZyB3aWR0aD0iMSIgaGVpZ2h0PSIxIiB4bWxucz0iaHR0cDovL3d3dy53My5vcmcvMjAwMC9zdmciPjwvc3ZnPg==\" style=\"--smush-placeholder-width: 800px; --smush-placeholder-aspect-ratio: 800\/550;\" \/><figcaption id=\"caption-attachment-29790\" class=\"wp-caption-text\"><a href=\"https:\/\/www.brw.pl\/szafka-na-buty-holten,36712\" target=\"_blank\" rel=\"noopener noreferrer\"><span style=\"font-weight: 400;\">Szafka na buty Holten<\/span><\/a> &#8211; <a href=\"https:\/\/www.brw.pl\/regal-zamkniety-holten,30996\" target=\"_blank\" rel=\"noopener noreferrer\"><span style=\"font-weight: 400;\">Rega\u0142 zamkni\u0119ty Holten<\/span><\/a> &#8211; <a href=\"https:\/\/www.brw.pl\/lustro-holten,30995\" target=\"_blank\" rel=\"noopener noreferrer\"><span style=\"font-weight: 400;\">Lustro Holten<\/span><\/a><\/figcaption><\/figure>\n<\/div>\n<h2><span id=\"Najmodniejsze_kolory_do_przedpokoju_jaki_kolor_wybrac_do_nowoczesnego_wnetrza\"><strong>Modne kolory do przedpokoju \u2013 jaki odcie\u0144 wybra\u0107 do nowoczesnego wn\u0119trza?<\/strong><\/span><\/h2>\n<p>W naszym artykule:<\/p>\n<ul>\n<li>zdradzamy, jakie kolory \u015bcian s\u0105 obecnie modnym wyborem do przedpokoju;<\/li>\n<li>doradzamy, jak dobra\u0107 kolor do wielko\u015bci pomieszczenia;<\/li>\n<li>podpowiadamy, jakie aspekty wzi\u0105\u0107 pod uwag\u0119, wybieraj\u0105c kolory do przedpokoju.<\/li>\n<\/ul>\n<p>Chcesz urz\u0105dzi\u0107 przedpok\u00f3j zgodnie z aktualnymi trendami? A mo\u017ce marzy Ci si\u0119 stylowy korytarz z nowoczesnym twistem? Je\u015bli cho\u0107 na jedno pytanie odpowiadasz twierdz\u0105co, nasz przegl\u0105d modnych kolor\u00f3w jest w\u0142a\u015bnie dla Ciebie!<\/p>\n<h3>Biel i szaro\u015bci <strong>\u2013 minimalizm w przedpokoju<\/strong><\/h3>\n<p>Neutralne kolory, cho\u0107 ma\u0142o spektakularne, w aran\u017cacji wn\u0119trz zajmuj\u0105 wa\u017cne miejsce. I nic dziwnego! Zar\u00f3wno biel, jak i jasny odcie\u0144 szaro\u015bci od dekad uznawane s\u0105 za ponadczasowy synonim klasy i dobrego smaku. <strong>Jako kolor \u015bcian s\u0105 uniwersalne i niezawodne \u2013 tworz\u0105 udane zestawienie z meblami czy dodatkami w ka\u017cdym stylu<\/strong>. Operuj\u0105c stonowan\u0105 palet\u0105 barw, nie musisz ogranicza\u0107 si\u0119 do zastosowania zwyk\u0142ej farby. Nowoczesny przedpok\u00f3j warto ozdobi\u0107 dekoracyjn\u0105 ceg\u0142\u0105, p\u0142ytkami strukturalnymi lub tapet\u0105. Wi\u0119cej pomys\u0142\u00f3w znajdziesz w artykule: <a href=\"https:\/\/www.brw.pl\/blog\/szary-przedpokoj-jak-go-urzadzic\/\" target=\"_blank\" rel=\"noopener\">&#8222;Szary przedpok\u00f3j \u2013 jak go urz\u0105dzi\u0107?&#8221;<\/a>.<\/p>\n<p><strong>Rada od Black Red White:<\/strong> Do szarego przedpokoju wprowad\u017a elementy w wybarwieniu jasnego drewna, b\u0119dzie w\u00f3wczas bardziej przytulny!<\/p>\n<h3>Pastelowe kolory do przedpokoju<\/h3>\n<p>Inne modne kolory farb, kt\u00f3re zdadz\u0105 egzamin w przestrzeni przedpokoju? <strong>Delikatne pastele, a w\u015br\u00f3d nich barwy o wyj\u0105tkowej urodzie: rozbielony b\u0142\u0119kit, budyniowa \u017c\u00f3\u0142\u0107, pudrowy r\u00f3\u017c czy sza\u0142wiowa ziele\u0144<\/strong>. Jasne \u015bciany utrzymane w \u0142agodnych tonacjach \u0142adnie komponuj\u0105 si\u0119 z drewnianymi meblami, zar\u00f3wno tymi bielonymi, jak i wybarwionymi na s\u0142omkowe kolory. Czy mo\u017cna wyobrazi\u0107 sobie lepsz\u0105 stref\u0119 powitaln\u0105 dla domownik\u00f3w i go\u015bci?<\/p>\n<h3><span id=\"Przytulny_bez_w_aranzacji_przedpokoju\">Przytulny be\u017c w aran\u017cacji przedpokoju, czyli jak rozja\u015bni\u0107 w\u0105ski korytarz<\/span><\/h3>\n<div style=\"display: flex; align-items: center; justify-content: center; text-align: center;\">\n<figure id=\"attachment_32451\" aria-describedby=\"caption-attachment-32451\" style=\"width: 800px\" class=\"wp-caption aligncenter\"><img decoding=\"async\" class=\"wp-image-32451 size-medium lazyload\" data-src=\"https:\/\/www.brw.pl\/blog\/wp-content\/uploads\/2023\/05\/loksa_przedpokoj_www-800x549.jpg\" alt=\"\u015aciana z lustrem w przedpokoju\" width=\"800\" height=\"549\" data-srcset=\"https:\/\/www.brw.pl\/blog\/wp-content\/uploads\/2023\/05\/loksa_przedpokoj_www-800x549.jpg 800w, https:\/\/www.brw.pl\/blog\/wp-content\/uploads\/2023\/05\/loksa_przedpokoj_www-768x527.jpg 768w, https:\/\/www.brw.pl\/blog\/wp-content\/uploads\/2023\/05\/loksa_przedpokoj_www-1536x1054.jpg 1536w, https:\/\/www.brw.pl\/blog\/wp-content\/uploads\/2023\/05\/loksa_przedpokoj_www.jpg 1568w\" data-sizes=\"(max-width: 800px) 100vw, 800px\" src=\"data:image\/svg+xml;base64,PHN2ZyB3aWR0aD0iMSIgaGVpZ2h0PSIxIiB4bWxucz0iaHR0cDovL3d3dy53My5vcmcvMjAwMC9zdmciPjwvc3ZnPg==\" style=\"--smush-placeholder-width: 800px; --smush-placeholder-aspect-ratio: 800\/549;\" \/><figcaption id=\"caption-attachment-32451\" class=\"wp-caption-text\"><a href=\"https:\/\/www.brw.pl\/kolekcja-loksa,542\" target=\"_blank\" rel=\"noopener noreferrer\"><span style=\"font-weight: 400;\">Kolekcja mebli Loksa<\/span><\/a><\/figcaption><\/figure>\n<\/div>\n<p>Chc\u0105c wybra\u0107 odpowiedni kolor do przedpokoju, <strong>zwr\u00f3\u0107 uwag\u0119 na be\u017c w modnym odcieniu cappuccino<\/strong>. To jedna z najciekawszych propozycji kolorystycznych tego sezonu! Przestrze\u0144 zaaran\u017cowana w ciep\u0142ych, kawowych be\u017cach jest nie tylko przytulna, ale i wyj\u0105tkowo elegancka. \u015awietnie prezentuje si\u0119 w intryguj\u0105cej ods\u0142onie\u00a0<em>total look, <\/em>gdzie pierwsze skrzypce graj\u0105 mocno zr\u00f3\u017cnicowane faktury. Do przedpokoju wprowadz\u0105 je <a href=\"https:\/\/www.brw.pl\/dekoracje\/panele-i-scianki-dekoracyjne\/panele-tapicerowane\/\" target=\"_blank\" rel=\"noopener noreferrer\">panele tapicerowane<\/a>, ryflowane fronty <a href=\"https:\/\/www.brw.pl\/meble\/przechowywanie\/szafki\/\" target=\"_blank\" rel=\"noopener noreferrer\">szafek<\/a> i <a href=\"https:\/\/www.brw.pl\/meble\/przechowywanie\/komody\/\" target=\"_blank\" rel=\"noopener noreferrer\">kom\u00f3d<\/a> czy mi\u0119kki dywan o g\u0119stym runie.<\/p>\n<h3>Ciemny kolor w przedpokoju <strong>\u2013 tak czy nie?<\/strong><\/h3>\n<p>Chcesz wprowadzi\u0107 do przedpokoju ciemniejszy kolor? Je\u015bli dysponujesz odpowiednio do\u015bwietlonym i przestronnym holem, nic nie stoi na przeszkodzie, by zagra\u0107 w nim mocniejsz\u0105 barw\u0105. Modna butelkowa ziele\u0144, intensywny granat, antracyt, a nawet czer\u0144 mog\u0105 okaza\u0107 si\u0119 doskona\u0142ym sposobem na nowoczesn\u0105 przestrze\u0144 pe\u0142n\u0105 oryginalnych akcent\u00f3w. Wyrazista kolorystyka ma jeszcze jedn\u0105 zalet\u0119: doskonale maskuje zabrudzenia.<\/p>\n<p>Tw\u00f3j przedpok\u00f3j nie zachwyca metra\u017cem? W takiej sytuacji, zamiast malowa\u0107 \u015bcian\u0119 na czarno, ogranicz si\u0119 do zastosowania ciemnych kolor\u00f3w punktowo, np. w postaci dodatk\u00f3w. Stylowy <a href=\"https:\/\/www.brw.pl\/dekoracje\/dekoracje-scienne\/obrazy\/\" target=\"_blank\" rel=\"noopener noreferrer\">obraz<\/a>, <a href=\"https:\/\/www.brw.pl\/dekoracje\/wazony\/\" target=\"_blank\" rel=\"noopener noreferrer\">wazon<\/a> lub <a href=\"https:\/\/www.brw.pl\/tekstylia\/poduszki-dekoracyjne\/\" target=\"_blank\" rel=\"noopener noreferrer\">poduszki dekoracyjne<\/a> u\u0142o\u017cone na siedzisku b\u0119d\u0105 strza\u0142em w dziesi\u0105tk\u0119!<\/p>\n<h2><strong>Kolory w niewielkim przedpokoju \u2013 co si\u0119 sprawdzi?<\/strong><\/h2>\n<p>Du\u017cy, ustawny przedpok\u00f3j to prawdziwa rzadko\u015b\u0107. Projekty wsp\u00f3\u0142czesnych mieszka\u0144 ograniczaj\u0105 stref\u0119 wej\u015bcia, w skrajnych przypadkach przenosz\u0105c j\u0105 nawet do salonu. Na szcz\u0119\u015bcie dzi\u0119ki zastosowaniu odpowiednich kolor\u00f3w i kilku optycznych trik\u00f3w mo\u017cemy sprawi\u0107, \u017ce rzeczywiste wymiary przedpokoju przestan\u0105 by\u0107 dotkliwym mankamentem. Zainteresowa\u0142 Ci\u0119 ten temat? Przeczytaj nasz artyku\u0142: <a href=\"https:\/\/www.brw.pl\/blog\/jak-polaczyc-salon-z-przedpokojem-brw-podpowiada\/\" target=\"_blank\" rel=\"noopener noreferrer\">&#8222;Jak po\u0142\u0105czy\u0107 salon z przedpokojem? BRW podpowiada!&#8221;<\/a>.<\/p>\n<p><strong>W ma\u0142ym pomieszczeniu, do kt\u00f3rego \u015bwiat\u0142o dzienne dociera w znikomej ilo\u015bci, najkorzystniej prezentuj\u0105 si\u0119 ja\u015bniejsze kolory<\/strong>. Biel, szaro\u015bci, jasne be\u017ce, delikatny r\u00f3\u017c czy b\u0142\u0119kit optycznie powi\u0119kszaj\u0105 przestrze\u0144, dodaj\u0105c jej lekko\u015bci. W takim wn\u0119trzu niezast\u0105pione b\u0119d\u0105 bia\u0142e <a href=\"https:\/\/www.brw.pl\/meble\/przedpokoj\/\" target=\"_blank\" rel=\"noopener noreferrer\">meble<\/a> o prostych, geometrycznych bry\u0142ach. W kwestii wyposa\u017cenia zachowaj umiar: postaw na minimalistyczny panel z wieszakami i p\u00f3\u0142k\u0105, <a href=\"https:\/\/www.brw.pl\/meble\/przechowywanie\/szafki\/szafki-na-buty\/przedpokoj\/\" target=\"_blank\" rel=\"noopener noreferrer\">szafk\u0119 na buty<\/a> oraz <a href=\"https:\/\/www.brw.pl\/meble\/szafy\/\" target=\"_blank\" rel=\"noopener noreferrer\">szaf\u0119<\/a> z lustrem lub frontami typu lacobel. Jasne barwy i l\u015bni\u0105ce powierzchnie stworz\u0105 udany duet.<\/p>\n<div style=\"display: flex; align-items: center; justify-content: center; text-align: center;\">\n<figure id=\"attachment_40204\" aria-describedby=\"caption-attachment-40204\" style=\"width: 500px\" class=\"wp-caption alignnone\"><a href=\"https:\/\/www.brw.pl\/szafa-pieciodrzwiowa-kaspian-153-cm-z-lustrem-i-szufladami-dab-sonoma,1177\" target=\"_blank\" rel=\"noopener noreferrer\"><img decoding=\"async\" class=\"wp-image-40204 lazyload\" data-src=\"https:\/\/www.brw.pl\/blog\/wp-content\/uploads\/2023\/10\/szafa-pieciodrzwiowa-kaspian-153-cm-z-lustrem-i-szufladami-dab-sonoma-xlargea-608x800.jpg\" alt=\"Szafa pi\u0119ciodrzwiowa Kaspian\" width=\"500\" height=\"658\" data-srcset=\"https:\/\/www.brw.pl\/blog\/wp-content\/uploads\/2023\/10\/szafa-pieciodrzwiowa-kaspian-153-cm-z-lustrem-i-szufladami-dab-sonoma-xlargea-608x800.jpg 608w, https:\/\/www.brw.pl\/blog\/wp-content\/uploads\/2023\/10\/szafa-pieciodrzwiowa-kaspian-153-cm-z-lustrem-i-szufladami-dab-sonoma-xlargea-768x1010.jpg 768w, https:\/\/www.brw.pl\/blog\/wp-content\/uploads\/2023\/10\/szafa-pieciodrzwiowa-kaspian-153-cm-z-lustrem-i-szufladami-dab-sonoma-xlargea.jpg 821w\" data-sizes=\"(max-width: 500px) 100vw, 500px\" src=\"data:image\/svg+xml;base64,PHN2ZyB3aWR0aD0iMSIgaGVpZ2h0PSIxIiB4bWxucz0iaHR0cDovL3d3dy53My5vcmcvMjAwMC9zdmciPjwvc3ZnPg==\" style=\"--smush-placeholder-width: 500px; --smush-placeholder-aspect-ratio: 500\/658;\" \/><\/a><figcaption id=\"caption-attachment-40204\" class=\"wp-caption-text\"><a href=\"https:\/\/www.brw.pl\/szafa-pieciodrzwiowa-kaspian-153-cm-z-lustrem-i-szufladami-dab-sonoma,1177\" target=\"_blank\" rel=\"noopener noreferrer\"><span style=\"font-weight: 400;\">SZAFA KASPIAN<\/span><\/a><\/figcaption><\/figure>\n<\/div>\n<blockquote><p>Aran\u017cacja ma\u0142ego, a przy tym w\u0105skiego przedpokoju, wymaga nieco innej strategii. W tym przypadku warto pos\u0142u\u017cy\u0107 si\u0119 wyrazistym kolorem, np. zieleni\u0105, granatem, rubinow\u0105 czerwieni\u0105. Ciemn\u0105 farb\u0105 lub ok\u0142adzin\u0105 pokryjmy jedynie kr\u00f3tsz\u0105 \u015bcian\u0119, tworz\u0105c kolorystyczny kontrast. Dzi\u0119ki niemu pomieszczenie wyda si\u0119 szersze ni\u017c w rzeczywisto\u015bci <strong>\u2013 podpowiada ekspert Black Red White.\u00a0<\/strong><\/p><\/blockquote>\n<p><strong>Wskaz\u00f3wka:<\/strong> Aby optycznie poszerzy\u0107 w\u0105ski przedpok\u00f3j, zawie\u015b na \u015bcianie sporej wielko\u015bci <a href=\"https:\/\/www.brw.pl\/dekoracje\/lustra\/\" target=\"_blank\" rel=\"noopener noreferrer\">lustro<\/a>. Postaraj si\u0119 umie\u015bci\u0107 je tak, by odbija\u0142o wn\u0119trze mieszkania, tworz\u0105c w ten spos\u00f3b iluzj\u0119 g\u0142\u0119bi.<\/p>\n<h2><strong>Czym si\u0119 kierowa\u0107, wybieraj\u0105c kolory do przedpokoju?<\/strong><\/h2>\n<p>Nie wiesz, jak dobra\u0107 kolory przedpokoju, by wszystkie elementy aran\u017cacji sk\u0142ada\u0142y si\u0119 na sp\u00f3jn\u0105 ca\u0142o\u015b\u0107? Mamy dla Ciebie kilka wskaz\u00f3wek!<\/p>\n<h3><span id=\"Kolor_scian_w_przedpokoju_a_kolor_mebli_i_dodatkow\">Kolor \u015bcian w przedpokoju a barwa mebli i dodatk\u00f3w \u2014 inspiracje 2025<\/span><\/h3>\n<p>Kolory \u015bcian oraz wyposa\u017cenia do przedpokoju mo\u017cemy wybra\u0107 na zasadzie kontrastu lub harmonijnego dope\u0142nienia. Wszystko zale\u017cy od tego, jakie &#8222;pierwsze wra\u017cenie&#8221; chcemy osi\u0105gn\u0105\u0107 we wn\u0119trzu.<\/p>\n<div style=\"display: flex; align-items: center; justify-content: center; text-align: center;\">\n<figure id=\"attachment_40205\" aria-describedby=\"caption-attachment-40205\" style=\"width: 800px\" class=\"wp-caption alignnone\"><a href=\"https:\/\/www.brw.pl\/inspiracje\/produkty\/?a=10531,multido\" target=\"_blank\" rel=\"noopener noreferrer\"><img decoding=\"async\" class=\"wp-image-40205 size-medium lazyload\" data-src=\"https:\/\/www.brw.pl\/blog\/wp-content\/uploads\/2023\/10\/MULTI-STAURAUM_MOMAX_11-800x675.jpg\" alt=\"Kolekcja Multido w aran\u017cacji przedpokoju\" width=\"800\" height=\"675\" data-srcset=\"https:\/\/www.brw.pl\/blog\/wp-content\/uploads\/2023\/10\/MULTI-STAURAUM_MOMAX_11-800x675.jpg 800w, https:\/\/www.brw.pl\/blog\/wp-content\/uploads\/2023\/10\/MULTI-STAURAUM_MOMAX_11-768x648.jpg 768w, https:\/\/www.brw.pl\/blog\/wp-content\/uploads\/2023\/10\/MULTI-STAURAUM_MOMAX_11.jpg 1272w\" data-sizes=\"(max-width: 800px) 100vw, 800px\" src=\"data:image\/svg+xml;base64,PHN2ZyB3aWR0aD0iMSIgaGVpZ2h0PSIxIiB4bWxucz0iaHR0cDovL3d3dy53My5vcmcvMjAwMC9zdmciPjwvc3ZnPg==\" style=\"--smush-placeholder-width: 800px; --smush-placeholder-aspect-ratio: 800\/675;\" \/><\/a><figcaption id=\"caption-attachment-40205\" class=\"wp-caption-text\"><a href=\"https:\/\/www.brw.pl\/inspiracje\/produkty\/?a=10531,multido\" target=\"_blank\" rel=\"noopener noreferrer\"><span style=\"font-weight: 400;\">MEBLE Z KOLEKCJI MULTIDO \u2013 KUP ARAN\u017bACJ\u0118<\/span><\/a><\/figcaption><\/figure>\n<\/div>\n<p>Je\u015bli decydujemy si\u0119 na kontrastowe kolory, oznacza to, \u017ce wybieramy barwy, kt\u00f3re znacz\u0105co r\u00f3\u017cni\u0105 si\u0119 od siebie pod wzgl\u0119dem jasno\u015bci i nasycenia. Sp\u00f3jrz na powy\u017csz\u0105 aran\u017cacj\u0119 z <strong>kolekcj\u0105 MultiDo<\/strong>: bia\u0142e \u015bciany zestawiono tu z czarnymi drzwiami wej\u015bciowymi, bia\u0142ymi meblami i czarnymi dodatkami. Kontrasty dodaj\u0105 wn\u0119trzu dynamiki. <strong>Taka paleta kolor\u00f3w to efektowna propozycja do przedpokoj\u00f3w o charakterze nowoczesnym, minimalistycznym, industrialnym<\/strong>.<\/p>\n<p>Z kolei harmonijne dope\u0142nienie kolor\u00f3w oznacza po\u0142\u0105czenie tych barw, kt\u00f3re znajduj\u0105 si\u0119 blisko siebie na kole barw. Zestawienie r\u00f3\u017cnych odcieni tego samego koloru pozwoli Ci wyczarowa\u0107 przestrze\u0144 tchn\u0105c\u0105 spokojem. W harmonijnych kompozycjach sprawdz\u0105 si\u0119 zar\u00f3wno kolory jasne, jak i ciemne.<\/p>\n<h3><span id=\"Kolory_scian_a_styl_przedpokoju\">Modne kolory farb do przedpokoju, a aran\u017cacja wn\u0119trza<\/span><\/h3>\n<p>Kolejnym elementem, kt\u00f3ry determinuje wyb\u00f3r palety kolor\u00f3w do przedpokoju, jest styl aran\u017cacyjny. Przedpok\u00f3j, z uwagi na swoj\u0105 specyficzn\u0105 funkcj\u0119, mo\u017ce nawi\u0105zywa\u0107 stylistyk\u0105 do pozosta\u0142ych pomieszcze\u0144 w mieszkaniu, cho\u0107 oczywi\u015bcie nie musi. Wa\u017cne jednak, by za decyzj\u0105 o eklektycznej aran\u017cacji lokum sta\u0142a czytelna i dobrze przemy\u015blana wizja. Je\u015bli Tw\u00f3j przedpok\u00f3j otwarty jest na salon urz\u0105dzony w stylu skandynawskim, warto wprowadzi\u0107 do niego kolory charakterystyczne dla estetyki scandi. Biel, jasne drewno, piaskowe be\u017ce zbuduj\u0105 we wn\u0119trzu przytulny nastr\u00f3j.<\/p>\n<p style=\"text-align: center;\"><strong>Wi\u0119cej inspiruj\u0105cych rozwi\u0105za\u0144 do przedpokoju znajdziesz w <\/strong><a href=\"https:\/\/www.brw.pl\/\" target=\"_blank\" rel=\"noopener noreferrer\"><strong>sklepie internetowym Black Red White<\/strong><\/a><strong>!<\/strong><\/p>\n<h2><strong>FAQ \u2013 najcz\u0119\u015bciej zadawane pytania<\/strong><\/h2>\n<p><strong>Jakie kolory \u015bcian do przedpokoju s\u0105 modne w 2025 roku?<\/strong><\/p>\n<p>W tym sezonie z pewno\u015bci\u0105 warto mie\u0107 na oku przytulny br\u0105z z dodatkiem be\u017cu, czyli s\u0142ynny Mocha Mousse wytypowany przez Instytut Pantone. Na uwag\u0119 zas\u0142uguj\u0105 r\u00f3wnie\u017c terakota, g\u0142\u0119boki granat i butelkowa ziele\u0144, kt\u00f3re wprowadzaj\u0105 do wn\u0119trza elegancj\u0119. Ciekawym i zarazem funkcjonalnym wyborem w dalszym ci\u0105gu pozostaj\u0105 jasne kolory z palety nude. Rozbielony be\u017c to \u015bwietny spos\u00f3b na optycznie wi\u0119kszy przedpok\u00f3j!<\/p>\n<p><strong>Czy ciemne kolory sprawdz\u0105 si\u0119 w ma\u0142ym przedpokoju?<\/strong><\/p>\n<p>I tak, i nie. Tak \u2013 je\u015bli zostanie zastosowany punktowo, jako akcent. Nie \u2013 je\u015bli zamierzasz pomalowa\u0107 wszystkie \u015bciany na czarno. W niewielkim korytarzu warto zadba\u0107 o ka\u017cdy szczeg\u00f3\u0142 i si\u0119gn\u0105\u0107 przede wszystkim po takie zabiegi aran\u017cacyjne, kt\u00f3re dzia\u0142aj\u0105 na korzy\u015b\u0107 wn\u0119trza. W w\u0105skim przedpokoju b\u0119dzie to np. ciemny kolor na kr\u00f3tszej \u015bcianie.<\/p>\n<p><strong>Jak zabezpieczy\u0107 jasny przedpok\u00f3j przed zabrudzeniami?<\/strong><\/p>\n<p>Funkcjonalno\u015b\u0107 to kluczowy element aran\u017cacji ka\u017cdego przedpokoju, niezale\u017cnie od jego metra\u017cu. Je\u015bli zdecydujesz si\u0119 pokry\u0107 \u015bciany kremow\u0105 biel\u0105, pastelowymi szaro\u015bciami lub innym jasnym kolorem, wybierz farb\u0119 odporn\u0105 na szorowanie i wielokrotne zmywanie. Produkty o takich w\u0142a\u015bciwo\u015bciach to m.in. plamoodporne farby ceramiczne.<\/p>\n","protected":false},"excerpt":{"rendered":"<p>Nie od dzi\u015b wiadomo, \u017ce przedpok\u00f3j jest swego rodzaju \u201ewizyt\u00f3wk\u0105\u201d mieszkania. Dzi\u0119ki odpowiedniej aran\u017cacji b\u0119dzie r\u00f3wnie\u017c atrakcyjn\u0105 zapowiedzi\u0105 pozosta\u0142ych wn\u0119trz. Na jaki kolor pomalowa\u0107 przedpok\u00f3j, by uzyska\u0107 estetyczny, mi\u0142y dla oka efekt? W jaki spos\u00f3b zestawia\u0107 ze sob\u0105 kolory \u015bcian, mebli i dodatk\u00f3w? Przekonaj si\u0119!<\/p>\n","protected":false},"author":21,"featured_media":29790,"comment_status":"closed","ping_status":"open","sticky":false,"template":"","format":"standard","meta":{"footnotes":""},"categories":[39,740,572],"tags":[],"aioseo_notices":[],"_links":{"self":[{"href":"https:\/\/www.brw.pl\/blog\/wp-json\/wp\/v2\/posts\/34384"}],"collection":[{"href":"https:\/\/www.brw.pl\/blog\/wp-json\/wp\/v2\/posts"}],"about":[{"href":"https:\/\/www.brw.pl\/blog\/wp-json\/wp\/v2\/types\/post"}],"author":[{"embeddable":true,"href":"https:\/\/www.brw.pl\/blog\/wp-json\/wp\/v2\/users\/21"}],"replies":[{"embeddable":true,"href":"https:\/\/www.brw.pl\/blog\/wp-json\/wp\/v2\/comments?post=34384"}],"version-history":[{"count":7,"href":"https:\/\/www.brw.pl\/blog\/wp-json\/wp\/v2\/posts\/34384\/revisions"}],"predecessor-version":[{"id":40206,"href":"https:\/\/www.brw.pl\/blog\/wp-json\/wp\/v2\/posts\/34384\/revisions\/40206"}],"wp:featuredmedia":[{"embeddable":true,"href":"https:\/\/www.brw.pl\/blog\/wp-json\/wp\/v2\/media\/29790"}],"wp:attachment":[{"href":"https:\/\/www.brw.pl\/blog\/wp-json\/wp\/v2\/media?parent=34384"}],"wp:term":[{"taxonomy":"category","embeddable":true,"href":"https:\/\/www.brw.pl\/blog\/wp-json\/wp\/v2\/categories?post=34384"},{"taxonomy":"post_tag","embeddable":true,"href":"https:\/\/www.brw.pl\/blog\/wp-json\/wp\/v2\/tags?post=34384"}],"curies":[{"name":"wp","href":"https:\/\/api.w.org\/{rel}","templated":true}]}}