{"id":34520,"date":"2023-10-21T08:00:05","date_gmt":"2023-10-21T06:00:05","guid":{"rendered":"https:\/\/www.brw.pl\/blog\/?p=34520"},"modified":"2023-10-20T11:29:49","modified_gmt":"2023-10-20T09:29:49","slug":"biala-cegla-w-salonie-inspiracje","status":"publish","type":"post","link":"https:\/\/www.brw.pl\/blog\/biala-cegla-w-salonie-inspiracje\/","title":{"rendered":"Bia\u0142a ceg\u0142a w salonie \u2013 inspiracje"},"content":{"rendered":"<p><strong>Bia\u0142a ceg\u0142a to trend, kt\u00f3ry powraca jak bumerang. I nic dziwnego! Odpowiednio wyeksponowana dodaje wn\u0119trzom charakteru. Odkryj potencja\u0142 dekoracyjny bia\u0142ej ceg\u0142y i zobacz, jak wprowadzi\u0107 j\u0105 do salonu.<\/strong><!--more--><\/p>\n<div style=\"display: flex; align-items: center; justify-content: center; text-align: center;\">\n<figure id=\"attachment_29173\" aria-describedby=\"caption-attachment-29173\" style=\"width: 800px\" class=\"wp-caption aligncenter\"><img decoding=\"async\" class=\"wp-image-29173 size-medium lazyload\" data-src=\"https:\/\/www.brw.pl\/blog\/wp-content\/uploads\/2022\/12\/Bocage-do-pokoju-ze-skosem-800x500.jpg\" alt=\"Bia\u0142a ceg\u0142a w salonie inspiracje \" width=\"800\" height=\"500\" data-srcset=\"https:\/\/www.brw.pl\/blog\/wp-content\/uploads\/2022\/12\/Bocage-do-pokoju-ze-skosem-800x500.jpg 800w, https:\/\/www.brw.pl\/blog\/wp-content\/uploads\/2022\/12\/Bocage-do-pokoju-ze-skosem-768x480.jpg 768w, https:\/\/www.brw.pl\/blog\/wp-content\/uploads\/2022\/12\/Bocage-do-pokoju-ze-skosem-1536x960.jpg 1536w, https:\/\/www.brw.pl\/blog\/wp-content\/uploads\/2022\/12\/Bocage-do-pokoju-ze-skosem.jpg 1728w\" data-sizes=\"(max-width: 800px) 100vw, 800px\" src=\"data:image\/svg+xml;base64,PHN2ZyB3aWR0aD0iMSIgaGVpZ2h0PSIxIiB4bWxucz0iaHR0cDovL3d3dy53My5vcmcvMjAwMC9zdmciPjwvc3ZnPg==\" style=\"--smush-placeholder-width: 800px; --smush-placeholder-aspect-ratio: 800\/500;\" \/><figcaption id=\"caption-attachment-29173\" class=\"wp-caption-text\"><a href=\"https:\/\/www.brw.pl\/kolekcja-bocage,523\" target=\"_blank\" rel=\"noopener noreferrer\"><span style=\"font-weight: 400;\">Kolekcja Bocage<\/span><\/a><\/figcaption><\/figure>\n<\/div>\n<h2><strong>Salon: bia\u0142a ceg\u0142a zn\u00f3w w modzie<\/strong><\/h2>\n<p>Je\u015bli z nowinkami w \u015bwiecie designu jeste\u015b na bie\u017c\u0105co, z pewno\u015bci\u0105 wiesz, \u017ce bia\u0142a ceg\u0142a na \u015bcianie w ostatnich sezonach prze\u017cywa prawdziwy renesans. Dekoracja wykorzystywana w rozmaitych wn\u0119trzach, stanowi ciekaw\u0105 alternatyw\u0119 dla popularnych pokry\u0107 \u015bciennych. Zr\u00f3\u017cnicowana faktura i wyj\u0105tkowe walory wizualne ceg\u0142y sprawiaj\u0105, \u017ce jako materia\u0142 wyko\u0144czeniowy nie ma sobie r\u00f3wnych.<\/p>\n<p><strong>Dlaczego to w\u0142a\u015bnie bia\u0142\u0105 ceg\u0142\u0119 warto wykorzysta\u0107 w wystroju salonu?<\/strong> Przede wszystkim z uwagi na jej uniwersalny charakter \u2013 nie jest tak wyrazista i surowa jak czerwona ceg\u0142a, dzi\u0119ki czemu z \u0142atwo\u015bci\u0105 odnajduje si\u0119 w wi\u0119kszo\u015bci aran\u017cacji. \u015awietnie prezentuje si\u0119 w towarzystwie drewna, kamienia, szk\u0142a czy ceramiki.<\/p>\n<p>Ceglane \u015bciany w bia\u0142ym kolorze pokochaj\u0105 nie tylko fani projekt\u00f3w w stylu minimalistycznym, ale r\u00f3wnie\u017c zwolennicy klasycznej elegancji, wn\u0119trz tradycyjnych, rustykalnych oraz tych inspirowanych urokiem Prowansji. To tak\u017ce znakomita propozycja do salonu w stylu skandynawskim, oszcz\u0119dnym w detalu stylu nowoczesnym, a nawet pe\u0142nym blasku stylu glamour.<\/p>\n<h3>Jak stworzy\u0107 efekt bia\u0142ej ceg\u0142y na \u015bcianie?<\/h3>\n<p>Bia\u0142\u0105 ceg\u0142\u0119 w salonie mo\u017cesz uzyska\u0107 podczas remontu mieszkania w starej kamienicy b\u0105d\u017a podczas renowacji wiekowego domu. W takiej sytuacji wystarczy ods\u0142oni\u0107 mur, wydobywaj\u0105c go spod warstw tynku, nast\u0119pnie oczy\u015bci\u0107, pomalowa\u0107 bia\u0142\u0105 farb\u0105, a na koniec zabezpieczy\u0107 warstw\u0105 impregnatu. Nie ka\u017cdy ma jednak tak\u0105 mo\u017cliwo\u015b\u0107. W\u0142a\u015bciciele mieszka\u0144 w nowym budownictwie mog\u0105 zdecydowa\u0107 si\u0119 na jedno z kilku dost\u0119pnych na rynku budowlanym rozwi\u0105za\u0144. S\u0105 to m.in.:<\/p>\n<ul>\n<li>p\u0142ytki imituj\u0105ce ceg\u0142\u0119,<\/li>\n<li>p\u0142ytki klinkierowe,<\/li>\n<li>ceg\u0142a ci\u0119ta,<\/li>\n<li>imitacja cegie\u0142 z tynku,<\/li>\n<li>fototapeta,<\/li>\n<li>naklejki \u015bcienne 3D.<\/li>\n<\/ul>\n<p>Du\u017c\u0105 popularno\u015bci\u0105 w\u015br\u00f3d inwestor\u00f3w ciesz\u0105 si\u0119 p\u0142ytki imituj\u0105ce ceg\u0142y. Nie bez powodu \u2013 bia\u0142e kafelki znakomicie na\u015bladuj\u0105 naturalny surowiec, ponadto pozwalaj\u0105 osi\u0105gn\u0105\u0107 zadowalaj\u0105ce efekty relatywnie niskim kosztem oraz w kr\u00f3tkim czasie. Du\u017c\u0105 zalet\u0105 p\u0142ytek imituj\u0105cych ceg\u0142\u0119 jest lekko\u015b\u0107 i por\u0119czno\u015b\u0107, co znacz\u0105co u\u0142atwia transport i p\u00f3\u017aniejszy monta\u017c. Co wi\u0119cej, p\u0142ytki ceg\u0142opodobne \u0142atwo utrzyma\u0107 w czysto\u015bci. Wystarczy przetrze\u0107 je wilgotn\u0105 \u015bciereczk\u0105, \u017ceby usun\u0105\u0107 zabrudzenia czy gromadz\u0105cy si\u0119 na ich powierzchni kurz.<\/p>\n<h3>Jak wykorzysta\u0107 bia\u0142\u0105 ceg\u0142\u0119 w salonie?<\/h3>\n<p>Ceg\u0142a w kolorze bia\u0142ym jest do\u015b\u0107 wszechstronnym materia\u0142em. W przeciwie\u0144stwie do swojego surowego odpowiednika, \u015bwietnie sprawdzi si\u0119 zar\u00f3wno w przestronnym salonie, jak i nieco mniejszym pokoju dziennym. Je\u015bli chcesz, mo\u017cesz po\u0142o\u017cy\u0107 j\u0105 na jednej \u015bcianie b\u0105d\u017a jedynie na jej fragmencie. W obu przypadkach wystr\u00f3j wn\u0119trza zyska wyj\u0105tkow\u0105 ozdob\u0119.<\/p>\n<p>W niewielkim salonie bia\u0142a ceg\u0142a mo\u017ce przyczyni\u0107 si\u0119 do rozja\u015bnienia i wizualnego powi\u0119kszenia dost\u0119pnej przestrzeni, szczeg\u00f3lnie, je\u015bli zestawisz j\u0105 z wyposa\u017ceniem w jasnych kolorach. W monochromatycznych projektach b\u0119dzie elementem r\u00f3\u017cnicuj\u0105cym faktury.<\/p>\n<p><strong>Chcesz wiedzie\u0107, w jakich pomieszczeniach sprawdzi si\u0119 bia\u0142a ceg\u0142a? Salon to tylko jedna z opcji! Zajrzyj do artyku\u0142u: <\/strong><a href=\"https:\/\/www.brw.pl\/blog\/biala-cegla-na-scianie-aranzacje\/\" target=\"_blank\" rel=\"noopener noreferrer\"><strong>&#8222;Bia\u0142a ceg\u0142a na \u015bcianie \u2013 aran\u017cacje&#8221;<\/strong><\/a><strong>.<\/strong><\/p>\n<h2><strong>Jak urz\u0105dzi\u0107 salon z bia\u0142\u0105 ceg\u0142\u0105?<\/strong><\/h2>\n<p>Bia\u0142a ceg\u0142a na \u015bcianie to \u015bwietny spos\u00f3b na urozmaicenie aran\u017cacji wn\u0119trza. Oryginalny spos\u00f3b wyko\u0144czenia \u015bcian wymaga jednak odpowiedniej oprawy. Jak urz\u0105dzi\u0107 salon, w kt\u00f3rym znalaz\u0142a si\u0119 malowana na bia\u0142o ceg\u0142a? Jakie meble i dodatki podkre\u015bl\u0105 urod\u0119 dekoru?<\/p>\n<h3>Bia\u0142a ceg\u0142a na \u015bcianie za kanap\u0105<\/h3>\n<p>Ceglana \u015bciana, cho\u0107 przywodzi na my\u015bl ascetyczn\u0105 estetyk\u0119 przemys\u0142ow\u0105, wprowadza do salonu przytulny klimat. Z tego powodu znakomicie zdaje egzamin w cz\u0119\u015bci wypoczynkowej, gdzie mo\u017ce ozdabia\u0107 przestrze\u0144 za kanap\u0105. <strong>Ok\u0142adzina imituj\u0105ca bia\u0142\u0105 ceg\u0142\u0119 b\u0119dzie gustownym t\u0142em dla sofy w ciemnym kolorze<\/strong>. Wybieraj spo\u015br\u00f3d tapicerek w odcieniach granatu, musztardowej \u017c\u00f3\u0142ci, czerni, antracytu, popielatej szaro\u015bci lub bordo.<\/p>\n<div style=\"display: flex; align-items: center; justify-content: center; text-align: center;\">\n<figure id=\"attachment_31632\" aria-describedby=\"caption-attachment-31632\" style=\"width: 500px\" class=\"wp-caption aligncenter\"><img decoding=\"async\" class=\"wp-image-31632 lazyload\" data-src=\"https:\/\/www.brw.pl\/blog\/wp-content\/uploads\/2023\/04\/naroznik-imros-tkanina-soro-93-grey-mediuma.jpg\" alt=\"Naro\u017cnik Imros szary\" width=\"500\" height=\"375\" src=\"data:image\/svg+xml;base64,PHN2ZyB3aWR0aD0iMSIgaGVpZ2h0PSIxIiB4bWxucz0iaHR0cDovL3d3dy53My5vcmcvMjAwMC9zdmciPjwvc3ZnPg==\" style=\"--smush-placeholder-width: 500px; --smush-placeholder-aspect-ratio: 500\/375;\" \/><figcaption id=\"caption-attachment-31632\" class=\"wp-caption-text\"><a href=\"https:\/\/www.brw.pl\/naroznik-imros,45841\" target=\"_blank\" rel=\"noopener noreferrer\"><span style=\"font-weight: 400;\">Naro\u017cnik Imros<\/span><\/a><\/figcaption><\/figure>\n<\/div>\n<p>Lubisz nietypowe, eklektyczne wn\u0119trza? Postaw na meble tapicerowane w pi\u0119knych, wzorzystych tkaninach. Co powiesz na <strong>sof\u0119 Cloe z romantycznym printem w piwonie<\/strong>? Do jasnej ceg\u0142y pasuj\u0105 r\u00f3wnie\u017c <strong>finezyjne \u017curawie<\/strong>. Urz\u0105dzaj\u0105c cz\u0119\u015b\u0107 wypoczynkow\u0105 w salonie, nie zapomnij o stoliku kawowym. Powinien by\u0107 lekki, ale niepozbawiony elegancji.<\/p>\n<div style=\"display: flex; align-items: center; justify-content: center; text-align: center;\">\n<figure id=\"attachment_27259\" aria-describedby=\"caption-attachment-27259\" style=\"width: 400px\" class=\"wp-caption aligncenter\"><img decoding=\"async\" class=\"wp-image-27259 lazyload\" data-src=\"https:\/\/www.brw.pl\/blog\/wp-content\/uploads\/2022\/10\/sofa-cloe-piwonie.jpg\" alt=\"Sofa Cloe - piwonie\" width=\"400\" height=\"300\" src=\"data:image\/svg+xml;base64,PHN2ZyB3aWR0aD0iMSIgaGVpZ2h0PSIxIiB4bWxucz0iaHR0cDovL3d3dy53My5vcmcvMjAwMC9zdmciPjwvc3ZnPg==\" style=\"--smush-placeholder-width: 400px; --smush-placeholder-aspect-ratio: 400\/300;\" \/><figcaption id=\"caption-attachment-27259\" class=\"wp-caption-text\"><a href=\"https:\/\/www.brw.pl\/sofa-cloe,48819\" target=\"_blank\" rel=\"noopener noreferrer\"><span style=\"font-weight: 400;\">Sofa Cloe &#8211; piwonie<\/span><\/a><\/figcaption><\/figure>\n<figure id=\"attachment_27260\" aria-describedby=\"caption-attachment-27260\" style=\"width: 400px\" class=\"wp-caption aligncenter\"><img decoding=\"async\" class=\"wp-image-27260 lazyload\" data-src=\"https:\/\/www.brw.pl\/blog\/wp-content\/uploads\/2022\/10\/sofa-cloe-zurawie.jpg\" alt=\"Sofa Cloe - \u017curawie\" width=\"400\" height=\"300\" src=\"data:image\/svg+xml;base64,PHN2ZyB3aWR0aD0iMSIgaGVpZ2h0PSIxIiB4bWxucz0iaHR0cDovL3d3dy53My5vcmcvMjAwMC9zdmciPjwvc3ZnPg==\" style=\"--smush-placeholder-width: 400px; --smush-placeholder-aspect-ratio: 400\/300;\" \/><figcaption id=\"caption-attachment-27260\" class=\"wp-caption-text\"><a href=\"https:\/\/www.brw.pl\/sofa-cloe,48821\" target=\"_blank\" rel=\"noopener noreferrer\"><span style=\"font-weight: 400;\">Sofa Cloe &#8211; \u017curawie<\/span><\/a><\/figcaption><\/figure>\n<\/div>\n<div style=\"display: flex; align-items: center; justify-content: center; text-align: center;\">\n<figure id=\"attachment_34522\" aria-describedby=\"caption-attachment-34522\" style=\"width: 400px\" class=\"wp-caption aligncenter\"><img decoding=\"async\" class=\"wp-image-34522 lazyload\" data-src=\"https:\/\/www.brw.pl\/blog\/wp-content\/uploads\/2023\/10\/stolik-gosol-kolor-wybarwienia-czarny-mediumb.jpg\" alt=\"Stolik Gosol\" width=\"400\" height=\"300\" src=\"data:image\/svg+xml;base64,PHN2ZyB3aWR0aD0iMSIgaGVpZ2h0PSIxIiB4bWxucz0iaHR0cDovL3d3dy53My5vcmcvMjAwMC9zdmciPjwvc3ZnPg==\" style=\"--smush-placeholder-width: 400px; --smush-placeholder-aspect-ratio: 400\/300;\" \/><figcaption id=\"caption-attachment-34522\" class=\"wp-caption-text\"><a href=\"https:\/\/www.brw.pl\/stolik-gosol,43269\" target=\"_blank\" rel=\"noopener noreferrer\"><span style=\"font-weight: 400;\">Stolik Gosol<\/span><\/a><\/figcaption><\/figure>\n<\/div>\n<h3>Ceg\u0142a bia\u0142a na \u015bcianie za telewizorem<\/h3>\n<p>Ceg\u0142a w bia\u0142ym kolorze mo\u017ce ciekawie kontrastowa\u0107 z ekranem telewizora. Jako do\u015b\u0107 stonowany element dekoracyjny nie b\u0119dzie odci\u0105ga\u0107 uwagi domownik\u00f3w od fabu\u0142y filmu, a jednocze\u015bnie wyr\u00f3\u017cni stref\u0119 multimedialn\u0105 spo\u015br\u00f3d innych stref w przestrzeni salonu. Chc\u0105c urz\u0105dzi\u0107 wn\u0119trze z zachowaniem stylistycznej sp\u00f3jno\u015bci, uzupe\u0142nij \u015bcian\u0119 telewizyjn\u0105 drewnianymi meblami. <strong>Szafka RTV i witryny w mocnym orzechowym wybarwieniu b\u0119d\u0105 strza\u0142em w dziesi\u0105tk\u0119!<\/strong> Niepowtarzalny klimat aran\u017cacji salonu podkr\u0119c\u0105 dodatki: smuk\u0142e wazony czy geometryczne figurki. Designerskie drobiazgi postaw na p\u00f3\u0142ce nad telewizorem.<\/p>\n<div style=\"display: flex; align-items: center; justify-content: center; text-align: center;\">\n<figure id=\"attachment_18011\" aria-describedby=\"caption-attachment-18011\" style=\"width: 450px\" class=\"wp-caption aligncenter\"><img decoding=\"async\" class=\"wp-image-18011 lazyload\" data-src=\"https:\/\/www.brw.pl\/blog\/wp-content\/uploads\/2021\/05\/Szafka-RTV-Gent.jpg\" alt=\"Szafka RTV Gent\" width=\"450\" height=\"338\" src=\"data:image\/svg+xml;base64,PHN2ZyB3aWR0aD0iMSIgaGVpZ2h0PSIxIiB4bWxucz0iaHR0cDovL3d3dy53My5vcmcvMjAwMC9zdmciPjwvc3ZnPg==\" style=\"--smush-placeholder-width: 450px; --smush-placeholder-aspect-ratio: 450\/338;\" \/><figcaption id=\"caption-attachment-18011\" class=\"wp-caption-text\"><a href=\"https:\/\/www.brw.pl\/szafka-rtv-gent,10124\" target=\"_blank\" rel=\"noopener noreferrer\"><span style=\"font-weight: 400;\">Szafka RTV Gent<\/span><\/a><\/figcaption><\/figure>\n<figure id=\"attachment_33333\" aria-describedby=\"caption-attachment-33333\" style=\"width: 450px\" class=\"wp-caption aligncenter\"><img decoding=\"async\" class=\"wp-image-33333 lazyload\" data-src=\"https:\/\/www.brw.pl\/blog\/wp-content\/uploads\/2023\/07\/witryna-gent-kolor-wybarwienia-dab-stirling.jpg\" alt=\"Witryna Gent\" width=\"450\" height=\"338\" src=\"data:image\/svg+xml;base64,PHN2ZyB3aWR0aD0iMSIgaGVpZ2h0PSIxIiB4bWxucz0iaHR0cDovL3d3dy53My5vcmcvMjAwMC9zdmciPjwvc3ZnPg==\" style=\"--smush-placeholder-width: 450px; --smush-placeholder-aspect-ratio: 450\/338;\" \/><figcaption id=\"caption-attachment-33333\" class=\"wp-caption-text\"><a href=\"https:\/\/www.brw.pl\/witryna-gent,10121\" target=\"_blank\" rel=\"noopener noreferrer\"><span style=\"font-weight: 400;\">Witryna Gent<\/span><\/a><\/figcaption><\/figure>\n<\/div>\n<div style=\"display: flex; align-items: center; justify-content: center; text-align: center;\">\n<figure id=\"attachment_34523\" aria-describedby=\"caption-attachment-34523\" style=\"width: 400px\" class=\"wp-caption aligncenter\"><img decoding=\"async\" class=\"wp-image-34523 lazyload\" data-src=\"https:\/\/www.brw.pl\/blog\/wp-content\/uploads\/2023\/10\/wazon-mediuma.jpg\" alt=\"Wazon\" width=\"400\" height=\"300\" src=\"data:image\/svg+xml;base64,PHN2ZyB3aWR0aD0iMSIgaGVpZ2h0PSIxIiB4bWxucz0iaHR0cDovL3d3dy53My5vcmcvMjAwMC9zdmciPjwvc3ZnPg==\" style=\"--smush-placeholder-width: 400px; --smush-placeholder-aspect-ratio: 400\/300;\" \/><figcaption id=\"caption-attachment-34523\" class=\"wp-caption-text\"><a href=\"https:\/\/www.brw.pl\/wazon,47190\" target=\"_blank\" rel=\"noopener noreferrer\"><span style=\"font-weight: 400;\">Bia\u0142y wazon<\/span><\/a><\/figcaption><\/figure>\n<\/div>\n<h3>Bia\u0142a ceg\u0142a na \u015bcianie w strefie jadalnianej<\/h3>\n<p>W Twoim salonie znajduje si\u0119 r\u00f3wnie\u017c cz\u0119\u015b\u0107 jadalniana? W takim razie nic nie stoi na przeszkodzie, by odmieni\u0107 jej wygl\u0105d przy pomocy bia\u0142ej ceg\u0142y. Oryginalny dekor wyznaczy czyteln\u0105 granic\u0119 pomi\u0119dzy strefami, jednocze\u015bnie podkre\u015blaj\u0105c stylistyk\u0119 jadalni. Ceglan\u0105 \u015bcian\u0119 w tej cz\u0119\u015bci mieszkania mo\u017cesz przystroi\u0107 grafik\u0105 w kontrastowym kolorze lub galeri\u0105 rodzinnych zdj\u0119\u0107 oprawionych w dekoracyjne ramy. W kwestii doboru sto\u0142u i krzese\u0142 warto trzyma\u0107 si\u0119 przyj\u0119tych za\u0142o\u017ce\u0144 aran\u017cacyjnych \u2013 dobrze, aby meble wsp\u00f3\u0142gra\u0142y z pozosta\u0142ym wyposa\u017ceniem.<\/p>\n<div style=\"display: flex; align-items: center; justify-content: center; text-align: center;\">\n<figure id=\"attachment_30907\" aria-describedby=\"caption-attachment-30907\" style=\"width: 500px\" class=\"wp-caption aligncenter\"><img decoding=\"async\" class=\"wp-image-30907 lazyload\" data-src=\"https:\/\/www.brw.pl\/blog\/wp-content\/uploads\/2023\/04\/obraz-abstrakcje-zen.jpg\" alt=\"Obraz Abstrakcje Zen\" width=\"500\" height=\"374\" src=\"data:image\/svg+xml;base64,PHN2ZyB3aWR0aD0iMSIgaGVpZ2h0PSIxIiB4bWxucz0iaHR0cDovL3d3dy53My5vcmcvMjAwMC9zdmciPjwvc3ZnPg==\" style=\"--smush-placeholder-width: 500px; --smush-placeholder-aspect-ratio: 500\/374;\" \/><figcaption id=\"caption-attachment-30907\" class=\"wp-caption-text\"><a href=\"https:\/\/www.brw.pl\/obraz-abstrakcje-zen,50141\" target=\"_blank\" rel=\"noopener noreferrer\"><span style=\"font-weight: 400;\">Obraz Abstrakcje Zen<\/span><\/a><\/figcaption><\/figure>\n<\/div>\n<h2><strong>Bia\u0142a ceg\u0142a w salonie \u2013 inspiracje<\/strong><\/h2>\n<p>Salon z bia\u0142\u0105 ceg\u0142\u0105 to wn\u0119trze oferuj\u0105ce ogrom mo\u017cliwo\u015bci dekoracyjnych. Poni\u017cej przedstawiamy aran\u017cacje, w kt\u00f3rych ceglane \u015bciany odgrywaj\u0105 g\u0142\u00f3wn\u0105 rol\u0119. Przekonaj si\u0119, jak pi\u0119knie mo\u017cna urz\u0105dzi\u0107 takie wn\u0119trza!<\/p>\n<h3>Bia\u0142a ceg\u0142a w salonie w stylu loftowym<\/h3>\n<div style=\"display: flex; align-items: center; justify-content: center; text-align: center;\">\n<figure id=\"attachment_30226\" aria-describedby=\"caption-attachment-30226\" style=\"width: 800px\" class=\"wp-caption aligncenter\"><img decoding=\"async\" class=\"wp-image-30226 size-medium lazyload\" data-src=\"https:\/\/www.brw.pl\/blog\/wp-content\/uploads\/2023\/02\/Jasmin-pok\u00f3j-dzienny-Lampa-Galaxy-800x450.jpg\" alt=\"Jasmin pok\u00f3j dzienny, Lampa Galaxy\" width=\"800\" height=\"450\" data-srcset=\"https:\/\/www.brw.pl\/blog\/wp-content\/uploads\/2023\/02\/Jasmin-pok\u00f3j-dzienny-Lampa-Galaxy-800x450.jpg 800w, https:\/\/www.brw.pl\/blog\/wp-content\/uploads\/2023\/02\/Jasmin-pok\u00f3j-dzienny-Lampa-Galaxy.jpg 1920w, https:\/\/www.brw.pl\/blog\/wp-content\/uploads\/2023\/02\/Jasmin-pok\u00f3j-dzienny-Lampa-Galaxy-768x432.jpg 768w, https:\/\/www.brw.pl\/blog\/wp-content\/uploads\/2023\/02\/Jasmin-pok\u00f3j-dzienny-Lampa-Galaxy-1536x864.jpg 1536w\" data-sizes=\"(max-width: 800px) 100vw, 800px\" src=\"data:image\/svg+xml;base64,PHN2ZyB3aWR0aD0iMSIgaGVpZ2h0PSIxIiB4bWxucz0iaHR0cDovL3d3dy53My5vcmcvMjAwMC9zdmciPjwvc3ZnPg==\" style=\"--smush-placeholder-width: 800px; --smush-placeholder-aspect-ratio: 800\/450;\" \/><figcaption id=\"caption-attachment-30226\" class=\"wp-caption-text\"><a href=\"https:\/\/www.brw.pl\/komoda-jasmin,46793\" target=\"_blank\" rel=\"noopener noreferrer\"><span style=\"font-weight: 400;\">Komoda Jasmin<\/span><\/a> &#8211; <a href=\"https:\/\/www.brw.pl\/szafka-rtv-jasmin,46790\" target=\"_blank\" rel=\"noopener noreferrer\"><span style=\"font-weight: 400;\">Szafka RTV Jasmin<\/span><\/a><\/figcaption><\/figure>\n<\/div>\n<p>Wystr\u00f3j prezentowanego salonu zbudowany jest na kontra\u015bcie. Dominuj\u0105 w nim biel, czer\u0144 oraz szeroka gama szaro\u015bci \u2013 od go\u0142\u0119bich, przez popielate, po grafitowe. Wn\u0119trze mimo stonowanej kolorystyki dalekie jest od aran\u017cacyjnej nudy. Zr\u00f3\u017cnicowane faktury i formy doskonale r\u00f3wnowa\u017c\u0105 ascetyczny dob\u00f3r barw, w\u0142a\u015bciwy loftowej estetyce.<\/p>\n<p>\u015acian\u0119 z bia\u0142\u0105 ceg\u0142\u0105 zaaran\u017cowano w strefie telewizyjnej. Niejednolita powierzchnia w interesuj\u0105cy spos\u00f3b komponuje si\u0119 z <strong>meblami z kolekcji Jasmin oraz szar\u0105 sof\u0105 Manila<\/strong>. Szafka RTV, p\u00f3\u0142ka, rega\u0142 oraz komoda w wybarwieniach grafit i d\u0105b artisan mog\u0105 zaprezentowa\u0107 si\u0119 na bia\u0142ym tle w pe\u0142nej krasie. Kontrastowe zestawienie uzupe\u0142niono dodatkami: geometrycznym dywanem, industrialnymi lampami, prostymi grafikami w czerni i bieli. Aran\u017cacj\u0119 prze\u0142amuje naturalna ro\u015blinno\u015b\u0107, dzi\u0119ki kt\u00f3rej salon nabiera domowego ciep\u0142a.<\/p>\n<h3>Bia\u0142a ceg\u0142a w salonie w stylu retro<\/h3>\n<div style=\"display: flex; align-items: center; justify-content: center; text-align: center;\">\n<figure id=\"attachment_29603\" aria-describedby=\"caption-attachment-29603\" style=\"width: 800px\" class=\"wp-caption aligncenter\"><img decoding=\"async\" class=\"wp-image-29603 size-medium lazyload\" data-src=\"https:\/\/www.brw.pl\/blog\/wp-content\/uploads\/2023\/01\/Wersalka-Viola-800x540.jpg\" alt=\"Wersalka Viola\" width=\"800\" height=\"540\" data-srcset=\"https:\/\/www.brw.pl\/blog\/wp-content\/uploads\/2023\/01\/Wersalka-Viola-800x540.jpg 800w, https:\/\/www.brw.pl\/blog\/wp-content\/uploads\/2023\/01\/Wersalka-Viola-768x518.jpg 768w, https:\/\/www.brw.pl\/blog\/wp-content\/uploads\/2023\/01\/Wersalka-Viola-1536x1037.jpg 1536w, https:\/\/www.brw.pl\/blog\/wp-content\/uploads\/2023\/01\/Wersalka-Viola.jpg 1600w\" data-sizes=\"(max-width: 800px) 100vw, 800px\" src=\"data:image\/svg+xml;base64,PHN2ZyB3aWR0aD0iMSIgaGVpZ2h0PSIxIiB4bWxucz0iaHR0cDovL3d3dy53My5vcmcvMjAwMC9zdmciPjwvc3ZnPg==\" style=\"--smush-placeholder-width: 800px; --smush-placeholder-aspect-ratio: 800\/540;\" \/><figcaption id=\"caption-attachment-29603\" class=\"wp-caption-text\"><a href=\"https:\/\/www.brw.pl\/wersalka-trzyosobowa-viola-rozkladana-z-pojemnikiem-welurowa-granatowa,107749\" target=\"_blank\" rel=\"noopener noreferrer\"><span style=\"font-weight: 400;\">Wersalka Viola<\/span><\/a> <b> (w dost\u0119pnych kolorach) &#8211; <a href=\"https:\/\/www.brw.pl\/stolik-bora-c,33254\" target=\"_blank\" rel=\"noopener noreferrer\"><span style=\"font-weight: 400;\">Stolik Bora C<\/span><\/a><\/b><\/figcaption><\/figure>\n<\/div>\n<p>Bia\u0142a ceg\u0142a ma to do siebie, \u017ce pasuje niemal do wszystkiego. Sp\u00f3jrz na powy\u017csz\u0105 aran\u017cacj\u0119. Dekoracj\u0119 z bia\u0142ej ceg\u0142y umieszczono tu w salonie w stylu retro. Ok\u0142adzina imituj\u0105ca naturalny pierwowz\u00f3r pos\u0142u\u017cy\u0142a za t\u0142o dla zgrabnej <strong>wersalki Viola<\/strong> w musztardowej tkaninie. W strefie wypoczynkowej umieszczono r\u00f3wnie\u017c <a href=\"https:\/\/www.brw.pl\/regal-heda,20674\" target=\"_blank\" rel=\"noopener noreferrer\"><strong>rega\u0142 Heda<\/strong><\/a>, dwie minimalistyczne p\u00f3\u0142ki oraz <strong>z\u0142oty stolik Bora C<\/strong> z lustrzanym blatem.<\/p>\n<p>\u017bywy wystr\u00f3j salonu akcentuje intensywnie zielona ro\u015blinno\u015b\u0107: bujne palmy, zwieszaj\u0105cy si\u0119 bluszcz i niewielki fikus. Z\u0142ote dodatki pod postaci\u0105 lampy, zaparzacza i dywanu wprowadzaj\u0105 do wn\u0119trza nut\u0119 elegancji.<\/p>\n<p><strong>Wi\u0119cej inspiruj\u0105cych rozwi\u0105za\u0144 do salonu znajdziesz w <\/strong><a href=\"https:\/\/www.brw.pl\/\" target=\"_blank\" rel=\"noopener noreferrer\"><strong>sklepie internetowym Black Red White<\/strong><\/a><strong>.<\/strong><\/p>\n","protected":false},"excerpt":{"rendered":"<p>Bia\u0142a ceg\u0142a to trend, kt\u00f3ry powraca jak bumerang. I nic dziwnego! Odpowiednio wyeksponowana dodaje wn\u0119trzom charakteru. Odkryj potencja\u0142 dekoracyjny bia\u0142ej ceg\u0142y i zobacz, jak wprowadzi\u0107 j\u0105 do salonu.<\/p>\n","protected":false},"author":21,"featured_media":29173,"comment_status":"closed","ping_status":"open","sticky":false,"template":"","format":"standard","meta":{"footnotes":""},"categories":[39,735],"tags":[],"aioseo_notices":[],"_links":{"self":[{"href":"https:\/\/www.brw.pl\/blog\/wp-json\/wp\/v2\/posts\/34520"}],"collection":[{"href":"https:\/\/www.brw.pl\/blog\/wp-json\/wp\/v2\/posts"}],"about":[{"href":"https:\/\/www.brw.pl\/blog\/wp-json\/wp\/v2\/types\/post"}],"author":[{"embeddable":true,"href":"https:\/\/www.brw.pl\/blog\/wp-json\/wp\/v2\/users\/21"}],"replies":[{"embeddable":true,"href":"https:\/\/www.brw.pl\/blog\/wp-json\/wp\/v2\/comments?post=34520"}],"version-history":[{"count":2,"href":"https:\/\/www.brw.pl\/blog\/wp-json\/wp\/v2\/posts\/34520\/revisions"}],"predecessor-version":[{"id":34524,"href":"https:\/\/www.brw.pl\/blog\/wp-json\/wp\/v2\/posts\/34520\/revisions\/34524"}],"wp:featuredmedia":[{"embeddable":true,"href":"https:\/\/www.brw.pl\/blog\/wp-json\/wp\/v2\/media\/29173"}],"wp:attachment":[{"href":"https:\/\/www.brw.pl\/blog\/wp-json\/wp\/v2\/media?parent=34520"}],"wp:term":[{"taxonomy":"category","embeddable":true,"href":"https:\/\/www.brw.pl\/blog\/wp-json\/wp\/v2\/categories?post=34520"},{"taxonomy":"post_tag","embeddable":true,"href":"https:\/\/www.brw.pl\/blog\/wp-json\/wp\/v2\/tags?post=34520"}],"curies":[{"name":"wp","href":"https:\/\/api.w.org\/{rel}","templated":true}]}}