{"id":34642,"date":"2023-10-27T11:27:41","date_gmt":"2023-10-27T09:27:41","guid":{"rendered":"https:\/\/www.brw.pl\/blog\/?p=34642"},"modified":"2023-10-27T11:27:41","modified_gmt":"2023-10-27T09:27:41","slug":"sprytne-schowki-przechowywanie-w-kuchni-z-black-red-white","status":"publish","type":"post","link":"https:\/\/www.brw.pl\/blog\/sprytne-schowki-przechowywanie-w-kuchni-z-black-red-white\/","title":{"rendered":"Sprytne schowki &#8211; przechowywanie w kuchni z Black Red White"},"content":{"rendered":"<p data-pm-slice=\"1 1 []\"><strong>Twoja kuchnia nie imponuje metra\u017cem? Nie masz pomys\u0142u, gdzie schowa\u0107 wszystkie kuchenne akcesoria, tekstylia, naczynia i artyku\u0142y spo\u017cywcze? Z pomoc\u0105 przyjd\u0105 Ci praktyczne schowki!<\/strong><\/p>\n<p data-pm-slice=\"1 1 []\"><!--more--><\/p>\n<p><center><img decoding=\"async\" class=\"alignnone size-medium wp-image-34643 lazyload\" data-src=\"https:\/\/www.brw.pl\/blog\/wp-content\/uploads\/2023\/10\/glowne-traffic-85th-play-street--800x533.jpg\" alt=\"Senso Kitchens Play Street\" width=\"800\" height=\"533\" data-srcset=\"https:\/\/www.brw.pl\/blog\/wp-content\/uploads\/2023\/10\/glowne-traffic-85th-play-street--800x533.jpg 800w, https:\/\/www.brw.pl\/blog\/wp-content\/uploads\/2023\/10\/glowne-traffic-85th-play-street--768x512.jpg 768w, https:\/\/www.brw.pl\/blog\/wp-content\/uploads\/2023\/10\/glowne-traffic-85th-play-street--1536x1024.jpg 1536w, https:\/\/www.brw.pl\/blog\/wp-content\/uploads\/2023\/10\/glowne-traffic-85th-play-street-.jpg 1620w\" data-sizes=\"(max-width: 800px) 100vw, 800px\" src=\"data:image\/svg+xml;base64,PHN2ZyB3aWR0aD0iMSIgaGVpZ2h0PSIxIiB4bWxucz0iaHR0cDovL3d3dy53My5vcmcvMjAwMC9zdmciPjwvc3ZnPg==\" style=\"--smush-placeholder-width: 800px; --smush-placeholder-aspect-ratio: 800\/533;\" \/><\/center><\/p>\n<p style=\"text-align: center;\" data-pm-slice=\"1 1 []\">Kuchnia na wymiar <a href=\"https:\/\/www.brw.pl\/traffic-85th-play-street,94880\" target=\"_blank\" rel=\"noopener noreferrer\"><strong>SENSO KITCHENS &#8211; TRAFFIC 85th PLAY STREET<\/strong><\/a><\/p>\n<h2><strong>Sprytne schowki w kuchni \u2013 spos\u00f3b na porz\u0105dek!<\/strong><\/h2>\n<p>W naszym artykule:<\/p>\n<ul>\n<li>udowodnimy, \u017ce nawet w ma\u0142ej kuchni znajdzie si\u0119 wystarczaj\u0105co du\u017co miejsca do przechowania przybor\u00f3w kuchennych, naczy\u0144, \u017cywno\u015bci,<\/li>\n<li>podpowiemy, jak m\u0105drze zagospodarowa\u0107 szafki kuchenne,<\/li>\n<li>zaprezentujemy produkty od Black Red White, kt\u00f3re pomog\u0105 Ci utrzyma\u0107 porz\u0105dek w kuchni.<\/li>\n<\/ul>\n<h3><strong>Co u\u0142atwi wygodne uk\u0142adanie garnk\u00f3w, produkt\u00f3w spo\u017cywczych, akcesori\u00f3w kuchennych itd. w szafkach?<\/strong><\/h3>\n<p><a href=\"https:\/\/www.brw.pl\/wyposazenie-kuchni\/naczynia-do-gotowania\/garnki-i-rondle\/\" target=\"_blank\" rel=\"noopener noreferrer\">Garnki<\/a>, <a href=\"https:\/\/www.brw.pl\/wyposazenie-kuchni\/naczynia-do-gotowania\/patelnie\/\" target=\"_blank\" rel=\"noopener noreferrer\">patelnie<\/a>, <a href=\"https:\/\/www.brw.pl\/serwowanie\/serwowanie-potraw\/talerze\/\" target=\"_blank\" rel=\"noopener noreferrer\">talerze<\/a>, <a href=\"https:\/\/www.brw.pl\/serwowanie\/serwowanie-potraw\/miski-i-salaterki\/\" target=\"_blank\" rel=\"noopener noreferrer\">miski<\/a>, <a href=\"https:\/\/www.brw.pl\/serwowanie\/serwowanie-potraw\/sztucce\/\" target=\"_blank\" rel=\"noopener noreferrer\">sztu\u0107ce<\/a>, <a href=\"https:\/\/www.brw.pl\/wyposazenie-kuchni\/akcesoria-kuchenne\/deski-do-krojenia\/\" target=\"_blank\" rel=\"noopener noreferrer\">deski do krojenia<\/a> &#8211; to wszystko nale\u017cy odpowiednio przechowa\u0107. Umieszczanie zbyt wielu rzeczy na blacie kuchennym nie jest dobrym pomys\u0142em, poniewa\u017c s\u0142u\u017cy on do przygotowywania posi\u0142k\u00f3w. Potrzebujesz przestrzeni roboczej, aby kroi\u0107, sieka\u0107, obiera\u0107, wa\u0142kowa\u0107 itp. Gdzie zatem ukry\u0107 kulinarne utensylia? W specjalnych schowkach! Z dalszej cz\u0119\u015bci artyku\u0142u dowiesz si\u0119 wi\u0119cej na ten temat.<\/p>\n<h2><strong>Sprytne schowki w kuchni \u2013 jak je zagospodarowa\u0107?<\/strong><\/h2>\n<p><center><img decoding=\"async\" class=\"alignnone size-medium wp-image-33296 lazyload\" data-src=\"https:\/\/www.brw.pl\/blog\/wp-content\/uploads\/2023\/06\/glowne-szafka-pod-zabudow\u0119-lod\u00f3wki-sole-800x400.jpg\" alt=\"Sole - aran\u017cacja kuchni\" width=\"800\" height=\"400\" data-srcset=\"https:\/\/www.brw.pl\/blog\/wp-content\/uploads\/2023\/06\/glowne-szafka-pod-zabudow\u0119-lod\u00f3wki-sole-800x400.jpg 800w, https:\/\/www.brw.pl\/blog\/wp-content\/uploads\/2023\/06\/glowne-szafka-pod-zabudow\u0119-lod\u00f3wki-sole-scaled.jpg 1920w, https:\/\/www.brw.pl\/blog\/wp-content\/uploads\/2023\/06\/glowne-szafka-pod-zabudow\u0119-lod\u00f3wki-sole-768x384.jpg 768w, https:\/\/www.brw.pl\/blog\/wp-content\/uploads\/2023\/06\/glowne-szafka-pod-zabudow\u0119-lod\u00f3wki-sole-1536x768.jpg 1536w, https:\/\/www.brw.pl\/blog\/wp-content\/uploads\/2023\/06\/glowne-szafka-pod-zabudow\u0119-lod\u00f3wki-sole-2048x1024.jpg 2048w\" data-sizes=\"(max-width: 800px) 100vw, 800px\" src=\"data:image\/svg+xml;base64,PHN2ZyB3aWR0aD0iMSIgaGVpZ2h0PSIxIiB4bWxucz0iaHR0cDovL3d3dy53My5vcmcvMjAwMC9zdmciPjwvc3ZnPg==\" style=\"--smush-placeholder-width: 800px; --smush-placeholder-aspect-ratio: 800\/400;\" \/><\/center><\/p>\n<p style=\"text-align: center;\"><strong>Produkty widoczne na zdj\u0119ciu czekaj\u0105 na Ciebie <\/strong><a href=\"https:\/\/www.brw.pl\/inspiracje\/produkty\/?a=6727,kuchnie-family-line-sole\" target=\"_blank\" rel=\"noopener noreferrer\"><strong>TUTAJ<\/strong><\/a><strong>.<\/strong><\/p>\n<p>Mamy dla Ciebie gar\u015b\u0107 wskaz\u00f3wek dotycz\u0105cych tego, jak stworzy\u0107 zmy\u015blne skrytki na <a href=\"https:\/\/www.brw.pl\/wyposazenie-kuchni\/akcesoria-kuchenne\/\" target=\"_blank\" rel=\"noopener noreferrer\">przybory kuchenne<\/a>. Odpowiedni uk\u0142ad wewn\u0105trz szafek sprawi, \u017ce w Twojej kuchni zapanuje po\u017c\u0105dany \u0142ad, co u\u0142atwi gotowanie, pieczenie, sma\u017cenie i poruszanie si\u0119 w pomieszczeniu.<\/p>\n<h3>Wykorzystanie wewn\u0119trznej cz\u0119\u015bci drzwiczek<\/h3>\n<p>Kto powiedzia\u0142, \u017ce drzwiczki do <a href=\"https:\/\/www.brw.pl\/meble\/meble-kuchenne\/szafki-kuchenne\/\" target=\"_blank\" rel=\"noopener noreferrer\">szafki<\/a> s\u0142u\u017c\u0105 jedynie do zabezpieczenia jej zawarto\u015bci? Na pewno nie my! Na drzwiach od wewn\u0105trz mo\u017cesz zamontowa\u0107 na przyk\u0142ad wieszaki na <a href=\"https:\/\/www.brw.pl\/wyposazenie-kuchni\/tekstylia-kuchenne\/\" target=\"_blank\" rel=\"noopener noreferrer\">kuchenne tekstylia<\/a>. Je\u015bli szafka jest g\u0142\u0119boka, zmieszcz\u0105 si\u0119 tam nawet p\u00f3\u0142ki!<\/p>\n<h3><strong>Szuflada &#8211; w\u0142\u00f3\u017c do niej organizer<\/strong><\/h3>\n<p>Zapomnij o wrzucaniu do szuflady sztu\u0107c\u00f3w i innych przedmiot\u00f3w &#8222;luzem&#8221;. Przyda Ci si\u0119 <a href=\"https:\/\/www.brw.pl\/wyposazenie-kuchni\/przechowywanie-w-kuchni\/organizery-kuchenne\/\" target=\"_blank\" rel=\"noopener noreferrer\">organizer<\/a> z przegr\u00f3dkami, kt\u00f3ry umo\u017cliwi posegregowanie widelc\u00f3w, no\u017cy czy \u0142y\u017cek. Dzi\u0119ki temu zaoszcz\u0119dzisz czas, nie trac\u0105c go na po\u015bpieszne przegl\u0105danie zawarto\u015bci szuflady w poszukiwaniu potrzebnej rzeczy. W przypadku wysokich szuflad rozwa\u017c dwupoziomowy uk\u0142ad.<\/p>\n<h3><strong>Du\u017ce szafki &#8211; nie zmarnuj dost\u0119pnej przestrzeni<\/strong><\/h3>\n<p>Wyj\u0105tkowo pojemn\u0105 szafk\u0119 warto podzieli\u0107 na dwie cz\u0119\u015bci za pomoc\u0105 p\u00f3\u0142ek lub pojemnik\u00f3w. W wysokiej szafce przyda si\u0119 stabilna p\u00f3\u0142ka. Niech przydatne na co dzie\u0144 akcesoria trafi\u0105 tam, gdzie masz \u0142atwiejszy dost\u0119p. Ta sama zasada dotyczy podzia\u0142u przy u\u017cyciu pojemnik\u00f3w lub koszy w g\u0142\u0119bokiej szafce. W\u00f3wczas sprz\u0119ty u\u017cywane rzadziej znajd\u0105 si\u0119 dalej, \u017ceby zwi\u0119kszy\u0107 komfort u\u017cytkowania.<\/p>\n<h3><strong>Szafki typu cargo &#8211; ergonomiczne rozwi\u0105zanie w nowoczesnej kuchni<\/strong><\/h3>\n<p>Bardzo popularne obecnie systemy cargo pozwalaj\u0105 sprytnie powi\u0119kszy\u0107 przestrze\u0144 do przechowywania w kuchni. Dlaczego? Ze wzgl\u0119du na swoj\u0105 konstrukcj\u0119. Sk\u0142adaj\u0105 si\u0119 na nie wysuwane kosze i p\u00f3\u0142ki montowane na stela\u017cach. Modele cargo s\u0105 dost\u0119pne w najr\u00f3\u017cniejszych wariantach, wi\u0119c bez najmniejszego problemu znajdziesz mebel pasuj\u0105cy do Twojej kuchni. W szafkach tego rodzaju mo\u017cesz przechowa\u0107 wszystko, co zechcesz &#8211; mi\u0119dzy innymi \u017cywno\u015b\u0107, chemi\u0119, naczynia, przybory kuchenne, tekstylia.<\/p>\n<p>Co wi\u0119cej, <strong>naro\u017cne kosze cargo umo\u017cliwiaj\u0105 wykorzystanie w pe\u0142ni szafki rogowej<\/strong>! Dzieje si\u0119 tak za spraw\u0105 specjalnej obrotowej p\u00f3\u0142ki, kt\u00f3ra zgrabnie chowa si\u0119 w meblu. Jak widzisz, systemy cargo sprawiaj\u0105, \u017ce mo\u017cesz zabudowa\u0107 praktycznie ka\u017cdy centymetr wolnej przestrzeni w szafkach.<\/p>\n<h3><strong>Przechowywanie w kuchni otwartej na salon<\/strong><\/h3>\n<p>Twoja kuchnia jest cz\u0119\u015bci\u0105 salonu? Ciesz si\u0119 &#8211; masz szerokie pole do popisu w zakresie przechowywania! Na pewno pomocna oka\u017ce si\u0119 <strong>wyspa<\/strong>. Zamontuj na niej <a href=\"https:\/\/www.brw.pl\/meble\/meble-kuchenne\/blaty\/\" target=\"_blank\" rel=\"noopener noreferrer\">blat roboczy<\/a>, a miejsce pod nim przeznacz na zamkni\u0119te szafki i otwarte p\u00f3\u0142ki.<\/p>\n<p>Ciekaw\u0105 alternatyw\u0105 dla wyspy b\u0119dzie <a href=\"https:\/\/www.brw.pl\/meble\/przechowywanie\/regaly\/\" target=\"_blank\" rel=\"noopener noreferrer\"><strong>rega\u0142<\/strong><\/a><strong>, <\/strong><a href=\"https:\/\/www.brw.pl\/meble\/przechowywanie\/komody\/\" target=\"_blank\" rel=\"noopener noreferrer\"><strong>komoda<\/strong><\/a><strong> czy <\/strong><a href=\"https:\/\/www.brw.pl\/meble\/przechowywanie\/witryny\/\" target=\"_blank\" rel=\"noopener noreferrer\"><strong>witryna<\/strong><\/a> stanowi\u0105ce umown\u0105 granic\u0119 pomi\u0119dzy pokojem dziennym a aneksem kuchennym. W pod\u015bwietlanej witrynie dodatkowo wyeksponujesz na przyk\u0142ad pi\u0119kny serwis obiadowy.<\/p>\n<p>Trzeci\u0105 sprawdzon\u0105 metod\u0105 na zwi\u0119kszenie miejsca do przechowywania s\u0105 <a href=\"https:\/\/www.brw.pl\/meble\/przechowywanie\/polki\/\" target=\"_blank\" rel=\"noopener noreferrer\"><strong>p\u00f3\u0142ki \u015bcienne<\/strong><\/a>. Mog\u0105 przyj\u0105\u0107 form\u0119 a\u017curowych, metalowych &#8222;klatek&#8221;, pojedynczych albo po\u0142\u0105czonych desek. Postaw na nich ceramiczne i szklane pojemniki z przyprawami, kaszami, m\u0105k\u0105 b\u0105d\u017a reprezentacyjne <a href=\"https:\/\/www.brw.pl\/serwowanie\/serwowanie-napojow\/filizanki\/material-porcelana\/\" target=\"_blank\" rel=\"noopener noreferrer\">porcelanowe fili\u017canki<\/a> ze spodkami.<\/p>\n<p>Dobrym pomys\u0142em jest r\u00f3wnie\u017c <strong>reling kuchenny<\/strong>. Powiesisz na nim r\u00f3\u017cne akcesoria, naczynia i tekstylia. Zw\u0142aszcza w rustykalnym wn\u0119trzu warto zaprezentowa\u0107 w ten spos\u00f3b ozdobione ludowymi wzorami garnki, garnuszki, <a href=\"https:\/\/www.brw.pl\/serwowanie\/serwowanie-napojow\/dzbanki\/\" target=\"_blank\" rel=\"noopener noreferrer\">dzbanki<\/a>, <a href=\"https:\/\/www.brw.pl\/serwowanie\/serwowanie-napojow\/kubki\/\" target=\"_blank\" rel=\"noopener noreferrer\">kubki<\/a>. Dodadz\u0105 przytulno\u015bci, urozmaic\u0105 aran\u017cacj\u0119, wnios\u0105 swojsk\u0105, domow\u0105 atmosfer\u0119. W takiej kuchni przyjemnie b\u0119dzie nie tylko przygotowywa\u0107 posi\u0142ki, lecz tak\u017ce sp\u0119dza\u0107 czas z rodzin\u0105.<\/p>\n<p>Czytaj r\u00f3wnie\u017c: <a href=\"https:\/\/www.brw.pl\/blog\/5-sposobow-na-przechowywanie-przypraw-z-black-red-white\/\" target=\"_blank\" rel=\"noopener noreferrer\"><strong>&#8222;5 sposob\u00f3w na przechowywanie przypraw z Black Red White&#8221;<\/strong><\/a>.<\/p>\n<h2><strong>Sprytne schowki \u2013 przechowywanie w kuchni z Black Red White<\/strong><\/h2>\n<p><center><img decoding=\"async\" class=\"alignnone size-medium wp-image-31580 lazyload\" data-src=\"https:\/\/www.brw.pl\/blog\/wp-content\/uploads\/2023\/04\/komplet-kuchenny-naro\u017cny-top-line-800x548.jpg\" alt=\"Komplet kuchenny naro\u017cny Top Line\" width=\"800\" height=\"548\" data-srcset=\"https:\/\/www.brw.pl\/blog\/wp-content\/uploads\/2023\/04\/komplet-kuchenny-naro\u017cny-top-line-800x548.jpg 800w, https:\/\/www.brw.pl\/blog\/wp-content\/uploads\/2023\/04\/komplet-kuchenny-naro\u017cny-top-line-768x526.jpg 768w, https:\/\/www.brw.pl\/blog\/wp-content\/uploads\/2023\/04\/komplet-kuchenny-naro\u017cny-top-line-1536x1052.jpg 1536w, https:\/\/www.brw.pl\/blog\/wp-content\/uploads\/2023\/04\/komplet-kuchenny-naro\u017cny-top-line.jpg 1555w\" data-sizes=\"(max-width: 800px) 100vw, 800px\" src=\"data:image\/svg+xml;base64,PHN2ZyB3aWR0aD0iMSIgaGVpZ2h0PSIxIiB4bWxucz0iaHR0cDovL3d3dy53My5vcmcvMjAwMC9zdmciPjwvc3ZnPg==\" style=\"--smush-placeholder-width: 800px; --smush-placeholder-aspect-ratio: 800\/548;\" \/><\/center><\/p>\n<p style=\"text-align: center;\">Kuchnia modu\u0142owa <a href=\"https:\/\/www.brw.pl\/family-line-top-line,25061\" target=\"_blank\" rel=\"noopener noreferrer\"><strong>FAMILY LINE &#8211; TOP LINE<\/strong><\/a><\/p>\n<p>Poznaj produkty z oferty sklepu internetowego Black Red White, kt\u00f3re pomog\u0105 Ci przechowa\u0107 kuchenne przybory i naczynia!<\/p>\n<p><center><img decoding=\"async\" class=\"alignnone wp-image-34309 lazyload\" data-src=\"https:\/\/www.brw.pl\/blog\/wp-content\/uploads\/2023\/09\/szafka-wysoka-z-koszem-cargo-sole-l6-kolor-korpusow-czarny-kolor-frontow-dab-halifax-natura-mediumb.jpg\" alt=\"\" width=\"500\" height=\"375\" src=\"data:image\/svg+xml;base64,PHN2ZyB3aWR0aD0iMSIgaGVpZ2h0PSIxIiB4bWxucz0iaHR0cDovL3d3dy53My5vcmcvMjAwMC9zdmciPjwvc3ZnPg==\" style=\"--smush-placeholder-width: 500px; --smush-placeholder-aspect-ratio: 500\/375;\" \/><\/center><\/p>\n<p style=\"text-align: center;\"><a href=\"https:\/\/www.brw.pl\/szafka-wysoka-z-koszem-cargo-sole-l6,56718\" target=\"_blank\" rel=\"noopener noreferrer\"><strong>WYSOKA SZAFKA Z KOSZEM CARGO SOLE<\/strong><\/a><\/p>\n<p>Przyjrzyj si\u0119 wysokiej szafce z koszem cargo Sole. Jest nie tylko praktyczna, lecz tak\u017ce estetyczna. Fronty wyr\u00f3\u017cniaj\u0105 si\u0119 modnym wybarwieniem <em>d\u0105b halifax natura<\/em>, kt\u00f3ry efektownie komponuje si\u0119 z czarnym korpusem. W szafce mo\u017cesz trzyma\u0107 przetwory, oliw\u0119 z oliwek, ocet, mi\u00f3d&#8230; Mebel ma wymiary <strong>40 x 207 cm<\/strong>.<\/p>\n<p><center><img decoding=\"async\" class=\"alignnone size-full wp-image-34644 lazyload\" data-src=\"https:\/\/www.brw.pl\/blog\/wp-content\/uploads\/2023\/10\/szuflada-tao.jpg\" alt=\"Szuflada na sztu\u0107ce Tao\" width=\"728\" height=\"483\" src=\"data:image\/svg+xml;base64,PHN2ZyB3aWR0aD0iMSIgaGVpZ2h0PSIxIiB4bWxucz0iaHR0cDovL3d3dy53My5vcmcvMjAwMC9zdmciPjwvc3ZnPg==\" style=\"--smush-placeholder-width: 728px; --smush-placeholder-aspect-ratio: 728\/483;\" \/><\/center><\/p>\n<p style=\"text-align: center;\"><a href=\"https:\/\/www.brw.pl\/szuflada-na-sztucce-tao,42365\" target=\"_blank\" rel=\"noopener noreferrer\"><strong>SZUFLADA NA SZTU\u0106CE TAO<\/strong><\/a><\/p>\n<p>Szuflada na sztu\u0107ce Tao sk\u0142ada si\u0119 z a\u017c <strong>14 przegr\u00f3dek<\/strong>! Zmieszcz\u0105 si\u0119 tam zar\u00f3wno \u0142y\u017cki, \u0142y\u017ceczki no\u017ce, widelce, jak r\u00f3wnie\u017c otwieracz do butelek, korkoci\u0105g oraz inne przydatne akcesoria.<\/p>\n<p><center><img decoding=\"async\" class=\"alignnone size-full wp-image-34645 lazyload\" data-src=\"https:\/\/www.brw.pl\/blog\/wp-content\/uploads\/2023\/10\/szafka-wozek-bish-czarny-mediuma.jpg\" alt=\"Szafka w\u00f3zek Bish - aran\u017cacja\" width=\"500\" height=\"500\" data-srcset=\"https:\/\/www.brw.pl\/blog\/wp-content\/uploads\/2023\/10\/szafka-wozek-bish-czarny-mediuma.jpg 500w, https:\/\/www.brw.pl\/blog\/wp-content\/uploads\/2023\/10\/szafka-wozek-bish-czarny-mediuma-150x150.jpg 150w, https:\/\/www.brw.pl\/blog\/wp-content\/uploads\/2023\/10\/szafka-wozek-bish-czarny-mediuma-165x165.jpg 165w, https:\/\/www.brw.pl\/blog\/wp-content\/uploads\/2023\/10\/szafka-wozek-bish-czarny-mediuma-120x120.jpg 120w\" data-sizes=\"(max-width: 500px) 100vw, 500px\" src=\"data:image\/svg+xml;base64,PHN2ZyB3aWR0aD0iMSIgaGVpZ2h0PSIxIiB4bWxucz0iaHR0cDovL3d3dy53My5vcmcvMjAwMC9zdmciPjwvc3ZnPg==\" style=\"--smush-placeholder-width: 500px; --smush-placeholder-aspect-ratio: 500\/500;\" \/><\/center><\/p>\n<p style=\"text-align: center;\"><a href=\"https:\/\/www.brw.pl\/szafka-wozek-bish-czarny,57448\" target=\"_blank\" rel=\"noopener noreferrer\"><strong>SZAFKA W FORMIE W\u00d3ZKA BISH<\/strong><\/a><\/p>\n<p>Co powiesz na mobiln\u0105 szafk\u0119 w postaci w\u00f3zka Bish? Wa\u017cy zaledwie <strong>5,5 kg<\/strong>, wi\u0119c przetransportowanie go w wybrane miejsce to bu\u0142ka z mas\u0142em! W\u00f3zek jest wielofunkcyjny. W razie potrzeby odegra rol\u0119 szafki kuchennej, stolika kawowego lub barku na alkohol. Na blacie dodatkowo wyeksponujesz dekoracje.<\/p>\n<p><center><img decoding=\"async\" class=\"alignnone size-full wp-image-27320 lazyload\" data-src=\"https:\/\/www.brw.pl\/blog\/wp-content\/uploads\/2022\/10\/pojemniki-loft.jpg\" alt=\"Pojemniki Loft\" width=\"593\" height=\"445\" src=\"data:image\/svg+xml;base64,PHN2ZyB3aWR0aD0iMSIgaGVpZ2h0PSIxIiB4bWxucz0iaHR0cDovL3d3dy53My5vcmcvMjAwMC9zdmciPjwvc3ZnPg==\" style=\"--smush-placeholder-width: 593px; --smush-placeholder-aspect-ratio: 593\/445;\" \/><\/center><\/p>\n<p style=\"text-align: center;\"><a href=\"https:\/\/www.brw.pl\/pojemnik-1l-loft,42964\" target=\"_blank\" rel=\"noopener noreferrer\"><strong>POJEMNIK LOFT<\/strong><\/a><\/p>\n<p>Pojemnik Loft jest <strong>dost\u0119pny w kilku rozmiarach<\/strong>. Przechowasz w nim makarony, bakalie, p\u0142atki, r\u00f3\u017cne sypkie produkty takie jak kasza b\u0105d\u017a m\u0105ka. Szczelne wieczko zapobiegnie wysuszeniu i zawilgoceniu produkt\u00f3w spo\u017cywczych. Co wi\u0119cej, b\u0119dzie Twoim sprzymierze\u0144cem w walce z molami.<\/p>\n<p><center><img decoding=\"async\" class=\"alignnone size-medium wp-image-33915 lazyload\" data-src=\"https:\/\/www.brw.pl\/blog\/wp-content\/uploads\/2023\/08\/glowne-zestaw-4-szt-pojemnik-na-przyprawy-800x521.jpg\" alt=\"Pojemniki na przyprawy - aran\u017cacja\" width=\"800\" height=\"521\" data-srcset=\"https:\/\/www.brw.pl\/blog\/wp-content\/uploads\/2023\/08\/glowne-zestaw-4-szt-pojemnik-na-przyprawy-800x521.jpg 800w, https:\/\/www.brw.pl\/blog\/wp-content\/uploads\/2023\/08\/glowne-zestaw-4-szt-pojemnik-na-przyprawy-768x500.jpg 768w, https:\/\/www.brw.pl\/blog\/wp-content\/uploads\/2023\/08\/glowne-zestaw-4-szt-pojemnik-na-przyprawy-1536x1001.jpg 1536w, https:\/\/www.brw.pl\/blog\/wp-content\/uploads\/2023\/08\/glowne-zestaw-4-szt-pojemnik-na-przyprawy.jpg 1658w\" data-sizes=\"(max-width: 800px) 100vw, 800px\" src=\"data:image\/svg+xml;base64,PHN2ZyB3aWR0aD0iMSIgaGVpZ2h0PSIxIiB4bWxucz0iaHR0cDovL3d3dy53My5vcmcvMjAwMC9zdmciPjwvc3ZnPg==\" style=\"--smush-placeholder-width: 800px; --smush-placeholder-aspect-ratio: 800\/521;\" \/><\/center><\/p>\n<p style=\"text-align: center;\"><a href=\"https:\/\/www.brw.pl\/zestaw-4-szt-pojemnik-na-przyprawy,15786\" target=\"_blank\" rel=\"noopener noreferrer\"><strong>ZESTAW 4 POJEMNIK\u00d3W NA PRZYPRAWY<\/strong><\/a><\/p>\n<p>Przyprawy w kuchni to podstawa! Za ich spraw\u0105 potrawy staj\u0105 si\u0119 bardziej aromatyczne, a wi\u0119c i smaczniejsze. W szklanych pojemniczkach z metalowymi wieczkami z powodzeniem ukryjesz swoje ulubione przyprawy. Transparentne \u015bcianki ujawni\u0105 ich pi\u0119kne barwy. Pojemno\u015b\u0107 ka\u017cdego z pojemnik\u00f3w wynosi <strong>128 ml<\/strong>.<\/p>\n<p>Po wi\u0119cej inspiracji zapraszamy do <a href=\"https:\/\/www.brw.pl\/\" target=\"_blank\" rel=\"noopener noreferrer\"><strong><u>sklepu internetowego Black Red White<\/u><\/strong><\/a><strong>!<\/strong><\/p>\n<p>Polecamy r\u00f3wnie\u017c nasze <a href=\"https:\/\/www.brw.pl\/meble\/meble-kuchenne\/kuchnie-na-wymiar\/\" target=\"_blank\" rel=\"noopener noreferrer\"><strong>kuchnie na wymiar Senso Kitchens<\/strong><\/a>. Dzi\u0119ki nim zaprojektujesz kuchni\u0119 swoich marze\u0144, w kt\u00f3rej na pewno nie zabraknie miejsca na sprytne schowki. Kuchnie Senso Kitchens obejrzysz dok\u0142adniej na filmie dost\u0119pnym na <a href=\"https:\/\/www.youtube.com\/@brwmeble\" target=\"_blank\" rel=\"noopener noreferrer\"><strong>kanale BRW<\/strong><\/a> w serwisie YouTube:<\/p>\n<div class=\"videoWrapper\"><iframe title=\"Kuchnie na wymiar Senso Kitchens\" data-src=\"https:\/\/www.youtube.com\/embed\/DCpnJxp28H0\" frameborder=\"0\" allowfullscreen=\"allowfullscreen\" src=\"data:image\/svg+xml;base64,PHN2ZyB3aWR0aD0iMSIgaGVpZ2h0PSIxIiB4bWxucz0iaHR0cDovL3d3dy53My5vcmcvMjAwMC9zdmciPjwvc3ZnPg==\" data-load-mode=\"1\"><span data-mce-type=\"bookmark\" style=\"display: inline-block; width: 0px; overflow: hidden; line-height: 0;\" class=\"mce_SELRES_start lazyload\">\ufeff<\/span><\/iframe><\/div>\n<p>&nbsp;<\/p>\n","protected":false},"excerpt":{"rendered":"<p>Twoja kuchnia nie imponuje metra\u017cem? Nie masz pomys\u0142u, gdzie schowa\u0107 wszystkie kuchenne akcesoria, tekstylia, naczynia i artyku\u0142y spo\u017cywcze? Z pomoc\u0105 przyjd\u0105 Ci praktyczne schowki!<\/p>\n","protected":false},"author":29,"featured_media":34643,"comment_status":"closed","ping_status":"open","sticky":false,"template":"","format":"standard","meta":{"footnotes":""},"categories":[26,574],"tags":[],"aioseo_notices":[],"_links":{"self":[{"href":"https:\/\/www.brw.pl\/blog\/wp-json\/wp\/v2\/posts\/34642"}],"collection":[{"href":"https:\/\/www.brw.pl\/blog\/wp-json\/wp\/v2\/posts"}],"about":[{"href":"https:\/\/www.brw.pl\/blog\/wp-json\/wp\/v2\/types\/post"}],"author":[{"embeddable":true,"href":"https:\/\/www.brw.pl\/blog\/wp-json\/wp\/v2\/users\/29"}],"replies":[{"embeddable":true,"href":"https:\/\/www.brw.pl\/blog\/wp-json\/wp\/v2\/comments?post=34642"}],"version-history":[{"count":2,"href":"https:\/\/www.brw.pl\/blog\/wp-json\/wp\/v2\/posts\/34642\/revisions"}],"predecessor-version":[{"id":34651,"href":"https:\/\/www.brw.pl\/blog\/wp-json\/wp\/v2\/posts\/34642\/revisions\/34651"}],"wp:featuredmedia":[{"embeddable":true,"href":"https:\/\/www.brw.pl\/blog\/wp-json\/wp\/v2\/media\/34643"}],"wp:attachment":[{"href":"https:\/\/www.brw.pl\/blog\/wp-json\/wp\/v2\/media?parent=34642"}],"wp:term":[{"taxonomy":"category","embeddable":true,"href":"https:\/\/www.brw.pl\/blog\/wp-json\/wp\/v2\/categories?post=34642"},{"taxonomy":"post_tag","embeddable":true,"href":"https:\/\/www.brw.pl\/blog\/wp-json\/wp\/v2\/tags?post=34642"}],"curies":[{"name":"wp","href":"https:\/\/api.w.org\/{rel}","templated":true}]}}