{"id":3467,"date":"2018-01-30T18:08:46","date_gmt":"2018-01-30T17:08:46","guid":{"rendered":"https:\/\/www.brw.com.pl\/blog\/?p=3467"},"modified":"2024-09-30T13:45:23","modified_gmt":"2024-09-30T11:45:23","slug":"przytulny-zakatek-na-zimowe-seanse","status":"publish","type":"post","link":"https:\/\/www.brw.pl\/blog\/przytulny-zakatek-na-zimowe-seanse\/","title":{"rendered":"Przytulny zak\u0105tek na zimowe seanse"},"content":{"rendered":"<h3>Zima to czas, kiedy po d\u0142ugim dniu marzymy o tym, by wr\u00f3ci\u0107 do Domu i wygodnie rozsi\u0105\u015b\u0107 si\u0119 z kubkiem rozgrzewaj\u0105cej herbaty. Warunki atmosferyczne sk\u0142aniaj\u0105 nas do pozostania w przytulnym i ciep\u0142ym zak\u0105tku podczas rodzinnych seans\u00f3w ulubionego serialu.\u00a0Podpowiadamy jak ociepli\u0107 atmosfer\u0119 wn\u0119trza, aby zimowe wieczory przed telewizorem, by\u0142y wyczekiwanym, pe\u0142nym wygody czasem dla wszystkich Domownik\u00f3w.<\/h3>\n<p><!--more--><\/p>\n<figure id=\"attachment_3468\" aria-describedby=\"caption-attachment-3468\" style=\"width: 698px\" class=\"wp-caption aligncenter\"><img decoding=\"async\" class=\"wp-image-3468 lazyload\" data-src=\"https:\/\/www.brw.com.pl\/blog\/wp-content\/uploads\/2018\/01\/Dinaro-10-A6-RR-80-SB-20-im-Mileu2mFWcwmGjaVOE6tCTiHtf.jpg\" alt=\"\" width=\"698\" height=\"463\" src=\"data:image\/svg+xml;base64,PHN2ZyB3aWR0aD0iMSIgaGVpZ2h0PSIxIiB4bWxucz0iaHR0cDovL3d3dy53My5vcmcvMjAwMC9zdmciPjwvc3ZnPg==\" style=\"--smush-placeholder-width: 698px; --smush-placeholder-aspect-ratio: 698\/463;\" \/><figcaption id=\"caption-attachment-3468\" class=\"wp-caption-text\">Black Red White, kolekcja <a href=\"https:\/\/www.brw.pl\/kolekcja-dinaro,273\">Dinaro<\/a><\/figcaption><\/figure>\n<p>&nbsp;<\/p>\n<p data-pm-slice=\"1 1 []\">Pok\u00f3j dzienny to idealne miejsce na stworzenie serca domowego ogniska. <span data-color=\"var(--purple-10)\">Aby stworzy\u0107 przytulny salon,<\/span> wystarczy zadba\u0107 o kilka kluczowych element\u00f3w, dzi\u0119ki kt\u00f3rym czekaj\u0105 nas pe\u0142ne domowego ciep\u0142a chwile. Warto zastanowi\u0107 si\u0119 nad wyborem odpowiednich mebli i dodatk\u00f3w, kt\u00f3re zapewni\u0105 komfort i wygod\u0119 wszystkim Domownikom, <span data-color=\"var(--purple-10)\">czy to w domu jednorodzinnym, czy w mieszkaniu.<\/span><\/p>\n<p>&nbsp;<\/p>\n<figure id=\"attachment_3487\" aria-describedby=\"caption-attachment-3487\" style=\"width: 700px\" class=\"wp-caption aligncenter\"><img decoding=\"async\" class=\"wp-image-3487 lazyload\" data-src=\"https:\/\/www.brw.com.pl\/blog\/wp-content\/uploads\/2018\/01\/Zele-aranz-HL5A7182-pokoj-dzienny.jpg\" alt=\"\" width=\"700\" height=\"454\" data-srcset=\"https:\/\/www.brw.pl\/blog\/wp-content\/uploads\/2018\/01\/Zele-aranz-HL5A7182-pokoj-dzienny.jpg 1666w, https:\/\/www.brw.pl\/blog\/wp-content\/uploads\/2018\/01\/Zele-aranz-HL5A7182-pokoj-dzienny-800x519.jpg 800w, https:\/\/www.brw.pl\/blog\/wp-content\/uploads\/2018\/01\/Zele-aranz-HL5A7182-pokoj-dzienny-768x498.jpg 768w\" data-sizes=\"(max-width: 700px) 100vw, 700px\" src=\"data:image\/svg+xml;base64,PHN2ZyB3aWR0aD0iMSIgaGVpZ2h0PSIxIiB4bWxucz0iaHR0cDovL3d3dy53My5vcmcvMjAwMC9zdmciPjwvc3ZnPg==\" style=\"--smush-placeholder-width: 700px; --smush-placeholder-aspect-ratio: 700\/454;\" \/><figcaption id=\"caption-attachment-3487\" class=\"wp-caption-text\">Black Red White, <a href=\"https:\/\/www.brw.pl\/kolekcja-zele,443\">kolekcja ZELE<\/a><\/figcaption><\/figure>\n<h2 class=\"DDNagwek\">Komfortowy widok<\/h2>\n<p data-pm-slice=\"1 1 []\">Kolejny element, na kt\u00f3ry warto zwr\u00f3ci\u0107 uwag\u0119 podczas planowania wieczornych chwil relaksu to ustawienie telewizora. W zale\u017cno\u015bci od wn\u0119trza, warto rozwa\u017cy\u0107 umieszczenie go na \u015bcianie lub ustawnej szafce. Wyb\u00f3r odpowiedniej szafki pod telewizor pozwoli w estetyczny spos\u00f3b umie\u015bci\u0107 kable oraz pozosta\u0142e sprz\u0119ty. Wysoko\u015b\u0107 dopasowana do reszty mebli, zapewni dobry widok wszystkim Domownikom. <span data-color=\"var(--purple-10)\">Pami\u0119taj przy tym o stoliku kawowym, na kt\u00f3rym umie\u015bcisz przek\u0105ski przydatne podczas ogl\u0105dania film\u00f3w. St\u00f3\u0142 jadalniany zwykle stoi w pewnym oddaleniu od sofy czy foteli, a kompaktowy stoliczek ustawisz, gdzie zechcesz i nie b\u0119dziesz musia\u0142 wstawa\u0107, \u017ceby si\u0119gn\u0105\u0107 po chipsy lub popcorn.<\/span><\/p>\n<figure id=\"attachment_3471\" aria-describedby=\"caption-attachment-3471\" style=\"width: 708px\" class=\"wp-caption aligncenter\"><img decoding=\"async\" class=\"wp-image-3471 lazyload\" data-src=\"https:\/\/www.brw.com.pl\/blog\/wp-content\/uploads\/2018\/01\/Arendal_ar_1_09-06-2017_final.jpg\" alt=\"\" width=\"708\" height=\"468\" data-srcset=\"https:\/\/www.brw.pl\/blog\/wp-content\/uploads\/2018\/01\/Arendal_ar_1_09-06-2017_final.jpg 1633w, https:\/\/www.brw.pl\/blog\/wp-content\/uploads\/2018\/01\/Arendal_ar_1_09-06-2017_final-800x529.jpg 800w, https:\/\/www.brw.pl\/blog\/wp-content\/uploads\/2018\/01\/Arendal_ar_1_09-06-2017_final-768x508.jpg 768w\" data-sizes=\"(max-width: 708px) 100vw, 708px\" src=\"data:image\/svg+xml;base64,PHN2ZyB3aWR0aD0iMSIgaGVpZ2h0PSIxIiB4bWxucz0iaHR0cDovL3d3dy53My5vcmcvMjAwMC9zdmciPjwvc3ZnPg==\" style=\"--smush-placeholder-width: 708px; --smush-placeholder-aspect-ratio: 708\/468;\" \/><figcaption id=\"caption-attachment-3471\" class=\"wp-caption-text\">Black Red White, <a href=\"https:\/\/www.brw.pl\/kolekcja-arendal,432\">kolekcja ARENDAL<\/a><\/figcaption><\/figure>\n<h2 class=\"DDNagwek\">Miejsce dla wszystkich<\/h2>\n<p data-pm-slice=\"1 1 []\">Czy jest co\u015b przyjemniejszego ni\u017c u\u0142o\u017cenie si\u0119 na sofie, kt\u00f3ra idealnie dopasowuje si\u0119 do naszej pozycji i niemal otula nas mi\u0119kk\u0105 faktur\u0105 materia\u0142u\u2026 <span data-color=\"var(--purple-10)\">Przytulne wn\u0119trza to przestrzenie wype\u0142nione mi\u0119kkimi tkaninami, najlepiej z naturalnych materia\u0142\u00f3w. Dotyczy to nie tylko poduszek dekoracyjnych, koc\u00f3w i dywan\u00f3w, lecz tak\u017ce tapicerki pokrywaj\u0105cej kanapy, fotele i podn\u00f3\u017cki.<\/span><\/p>\n<p>Wyb\u00f3r mebla wypoczynkowego dla ca\u0142ej rodziny to wa\u017cna decyzja, dlatego warto rozwa\u017cy\u0107 r\u00f3\u017cne opcje. Kto z Domownik\u00f3w lubi ogl\u0105da\u0107 telewizj\u0119 w pozycji le\u017c\u0105cej? Kto zawsze wybiera stos poduszek jako idealne oparcie? Czy w\u015br\u00f3d Domownik\u00f3w znajduje si\u0119 czworono\u017cny przyjaciel, kt\u00f3ry tak\u017ce ch\u0119tnie wygodnie roz\u0142o\u017cy si\u0119 na ulubionej kanapie?<\/p>\n<p>W ofercie Black Red White znajdziecie wiele mo\u017cliwo\u015bci na zbudowanie wymarzonej \u201ebazy\u201d na czas zimowych wieczor\u00f3w, kt\u00f3ra zapewni wygod\u0119 wszystkim Domownikom <span data-color=\"var(--purple-10)\">i stworzy przytulne gniazdko<\/span>. W zale\u017cno\u015bci od potrzeb, mo\u017ce by\u0107 to przytulna sofa, czy sporych rozmiar\u00f3w naro\u017cnik z regulowanymi zag\u0142\u00f3wkami.<\/p>\n<figure id=\"attachment_3472\" aria-describedby=\"caption-attachment-3472\" style=\"width: 709px\" class=\"wp-caption aligncenter\"><img decoding=\"async\" class=\"wp-image-3472 lazyload\" data-src=\"https:\/\/www.brw.com.pl\/blog\/wp-content\/uploads\/2018\/01\/Aran\u017c-Sofa-Grace-HL5A5861-v2.jpg\" alt=\"\" width=\"709\" height=\"482\" data-srcset=\"https:\/\/www.brw.pl\/blog\/wp-content\/uploads\/2018\/01\/Aran\u017c-Sofa-Grace-HL5A5861-v2.jpg 1588w, https:\/\/www.brw.pl\/blog\/wp-content\/uploads\/2018\/01\/Aran\u017c-Sofa-Grace-HL5A5861-v2-800x544.jpg 800w, https:\/\/www.brw.pl\/blog\/wp-content\/uploads\/2018\/01\/Aran\u017c-Sofa-Grace-HL5A5861-v2-768x522.jpg 768w, https:\/\/www.brw.pl\/blog\/wp-content\/uploads\/2018\/01\/Aran\u017c-Sofa-Grace-HL5A5861-v2-368x250.jpg 368w\" data-sizes=\"(max-width: 709px) 100vw, 709px\" src=\"data:image\/svg+xml;base64,PHN2ZyB3aWR0aD0iMSIgaGVpZ2h0PSIxIiB4bWxucz0iaHR0cDovL3d3dy53My5vcmcvMjAwMC9zdmciPjwvc3ZnPg==\" style=\"--smush-placeholder-width: 709px; --smush-placeholder-aspect-ratio: 709\/482;\" \/><figcaption id=\"caption-attachment-3472\" class=\"wp-caption-text\">Black Red White, sofa <a href=\"https:\/\/www.brw.pl\/sofa-grace-3f,17313\">GRACE<\/a><\/figcaption><\/figure>\n<p>&nbsp;<\/p>\n<figure id=\"attachment_3475\" aria-describedby=\"caption-attachment-3475\" style=\"width: 622px\" class=\"wp-caption aligncenter\"><img decoding=\"async\" class=\"wp-image-3475 lazyload\" data-src=\"https:\/\/www.brw.com.pl\/blog\/wp-content\/uploads\/2018\/01\/mix.jpg\" alt=\"\" width=\"622\" height=\"939\" data-srcset=\"https:\/\/www.brw.pl\/blog\/wp-content\/uploads\/2018\/01\/mix.jpg 650w, https:\/\/www.brw.pl\/blog\/wp-content\/uploads\/2018\/01\/mix-530x800.jpg 530w\" data-sizes=\"(max-width: 622px) 100vw, 622px\" src=\"data:image\/svg+xml;base64,PHN2ZyB3aWR0aD0iMSIgaGVpZ2h0PSIxIiB4bWxucz0iaHR0cDovL3d3dy53My5vcmcvMjAwMC9zdmciPjwvc3ZnPg==\" style=\"--smush-placeholder-width: 622px; --smush-placeholder-aspect-ratio: 622\/939;\" \/><figcaption id=\"caption-attachment-3475\" class=\"wp-caption-text\">Black Red White, 1. sofa <a href=\"https:\/\/www.brw.pl\/sofa-grace-3f,17313\">GRACE<\/a>, 2849 z\u0142, 2. sofa <a href=\"https:\/\/www.brw.pl\/sofa-maxime,35519\">MAXIME<\/a> 3S, 1599 z\u0142, 3. dywan <a href=\"https:\/\/www.brw.pl\/dywan-150x80-marocco,20562\">MAROCCO<\/a>, 119 z\u0142, 4. dywan <a href=\"https:\/\/www.brw.pl\/dywan-160x230-triangles,20569\">TRIANGLES<\/a>, 349 z\u0142<\/figcaption><\/figure>\n<p>&nbsp;<\/p>\n<h2 class=\"DDNagwek\">Ciep\u0142e dodatki<\/h2>\n<p data-pm-slice=\"1 1 []\">Mi\u0119kkie w dotyku i puchate poduszki, koce oraz pledy to elementy obowi\u0105zkowe podczas leniwych, zimowych wieczor\u00f3w. To one rozgrzej\u0105 nasze zmarzni\u0119te d\u0142onie i stopy, a tak\u017ce <span data-color=\"var(--purple-10)\">pomog\u0105 ociepli\u0107 wn\u0119trze i wprowadzi\u0107 atmosfer\u0119 przytulno\u015bci<\/span>. Delikatne, pastelowe kolory dodatk\u00f3w uspokoj\u0105 zmys\u0142y i pozwol\u0105 zatopi\u0107 si\u0119 w b\u0142ogim stanie rodzinnego odpr\u0119\u017cenia w trakcie \u015bledzenia akcji kolejnego odcinka\u2026<\/p>\n<p>&nbsp;<\/p>\n<figure id=\"attachment_3116\" aria-describedby=\"caption-attachment-3116\" style=\"width: 632px\" class=\"wp-caption aligncenter\"><img decoding=\"async\" class=\"wp-image-3116 lazyload\" data-src=\"https:\/\/www.brw.com.pl\/blog\/wp-content\/uploads\/2017\/10\/7_624x800-2.png\" alt=\"Black Red White, 1. koc Moderna, 59,99 z\u0142, 2. poduszka Oklahoma, 39,99 z\u0142, 3. poduszka Wilk, 59,99 z\u0142, 4. poduszka Minnesota 39,99 z\u0142, 5. poduszka Tanger, 19,99 z\u0142\" width=\"632\" height=\"810\" src=\"data:image\/svg+xml;base64,PHN2ZyB3aWR0aD0iMSIgaGVpZ2h0PSIxIiB4bWxucz0iaHR0cDovL3d3dy53My5vcmcvMjAwMC9zdmciPjwvc3ZnPg==\" style=\"--smush-placeholder-width: 632px; --smush-placeholder-aspect-ratio: 632\/810;\" \/><figcaption id=\"caption-attachment-3116\" class=\"wp-caption-text\">Black Red White, 1. koc <a href=\"https:\/\/www.brw.pl\/koc-modern,8493\">Moderna<\/a>, 59,99 z\u0142, 2. poduszka <a href=\"https:\/\/www.brw.pl\/poduszka-dekoracyjna-oklahoma,16962\">Oklahoma<\/a>, 39,99 z\u0142, 3. poduszka <a href=\"https:\/\/www.brw.pl\/poduszka-dekoracyjna-wilk,17172\">Wilk<\/a>, 59,99 z\u0142, 4. poduszka <a href=\"https:\/\/www.brw.pl\/poduszka-dekoracyjna-minnesota,14150\">Minnesota<\/a> 39,99 z\u0142, 5. poduszka <a href=\"https:\/\/www.brw.pl\/poduszka-tanger,16955\">Tanger<\/a>, 19,99 z\u0142<\/figcaption><\/figure>\n<p>&nbsp;<\/p>\n<figure id=\"attachment_3478\" aria-describedby=\"caption-attachment-3478\" style=\"width: 650px\" class=\"wp-caption aligncenter\"><img decoding=\"async\" class=\"wp-image-3478 size-full lazyload\" data-src=\"https:\/\/www.brw.com.pl\/blog\/wp-content\/uploads\/2018\/01\/mix2-1-1.jpg\" alt=\"\" width=\"650\" height=\"430\" src=\"data:image\/svg+xml;base64,PHN2ZyB3aWR0aD0iMSIgaGVpZ2h0PSIxIiB4bWxucz0iaHR0cDovL3d3dy53My5vcmcvMjAwMC9zdmciPjwvc3ZnPg==\" style=\"--smush-placeholder-width: 650px; --smush-placeholder-aspect-ratio: 650\/430;\" \/><figcaption id=\"caption-attachment-3478\" class=\"wp-caption-text\">Black Red White, 1. narzuta <a href=\"https:\/\/www.brw.pl\/narzuta-montana,14144\">MONTANA<\/a>, 119 z\u0142, 2. narzuta <a href=\"https:\/\/www.brw.pl\/narzuta-montana,14141\">MONTANA<\/a>, 119 z\u0142, 3. narzuta <a href=\"https:\/\/www.brw.pl\/narzuta-minnesota,14147\">MINNESOTA<\/a>, 109 z\u0142, 4. poduszka dekoracyjna <a href=\"https:\/\/www.brw.pl\/poduszka-dekoracyjna-vintage-carpet,13682\">VINTAGE CARPET<\/a>, 39,99 z\u0142, 5. poduszka dekoracyjna <a href=\"https:\/\/www.brw.pl\/poduszka-dekoracyjna-novara,13681\">NOVARA<\/a>, 44,99 z\u0142, 6. poduszka dekoracyjna <a href=\"https:\/\/www.brw.pl\/poduszka-dekoracyjna-alpaka,15189\">ALPAKA<\/a>, 59,99 z\u0142<\/figcaption><\/figure>\n<p>&nbsp;<\/p>\n<h2 class=\"DDNagwek\">Wygoda ponad wszystko<\/h2>\n<p data-pm-slice=\"1 1 []\"><span data-color=\"var(--purple-10)\">Przytulne mieszkanie nie ob\u0119dzie si\u0119 bez chocia\u017cby jednego fotela.<\/span> Dla tych, kt\u00f3rzy nie wyobra\u017caj\u0105 sobie ogl\u0105dania filmu bez idealnie dopasowanego fotela, dobrze wybra\u0107 mebel, kt\u00f3ry spe\u0142ni najwa\u017cniejsze funkcje. Przed zakupem warto pomy\u015ble\u0107 o zag\u0142\u00f3wku, kt\u00f3ry zapewni wygodn\u0105 pozycj\u0119 na kilkugodzinny seans. Odpowiednia szeroko\u015b\u0107 i ustawienie pod\u0142okietnik\u00f3w pozwol\u0105 na jeszcze wi\u0119ksze odpr\u0119\u017cenie i skupienie uwagi podczas kilkugodzinnej domowej projekcji.<\/p>\n<figure id=\"attachment_3479\" aria-describedby=\"caption-attachment-3479\" style=\"width: 700px\" class=\"wp-caption aligncenter\"><img decoding=\"async\" class=\"wp-image-3479 lazyload\" data-src=\"https:\/\/www.brw.com.pl\/blog\/wp-content\/uploads\/2018\/01\/Haga-komoda-biala-mini-aranz-HL5A3915_www.jpg\" alt=\"\" width=\"700\" height=\"495\" data-srcset=\"https:\/\/www.brw.pl\/blog\/wp-content\/uploads\/2018\/01\/Haga-komoda-biala-mini-aranz-HL5A3915_www.jpg 1527w, https:\/\/www.brw.pl\/blog\/wp-content\/uploads\/2018\/01\/Haga-komoda-biala-mini-aranz-HL5A3915_www-800x566.jpg 800w, https:\/\/www.brw.pl\/blog\/wp-content\/uploads\/2018\/01\/Haga-komoda-biala-mini-aranz-HL5A3915_www-768x543.jpg 768w\" data-sizes=\"(max-width: 700px) 100vw, 700px\" src=\"data:image\/svg+xml;base64,PHN2ZyB3aWR0aD0iMSIgaGVpZ2h0PSIxIiB4bWxucz0iaHR0cDovL3d3dy53My5vcmcvMjAwMC9zdmciPjwvc3ZnPg==\" style=\"--smush-placeholder-width: 700px; --smush-placeholder-aspect-ratio: 700\/495;\" \/><figcaption id=\"caption-attachment-3479\" class=\"wp-caption-text\">Black Red White, 1. komoda <a href=\"https:\/\/www.brw.pl\/komoda-haga,16247\">HAGA<\/a>, 1199 z\u0142, 2. fotel <a href=\"https:\/\/www.brw.pl\/fotel-amsterdam,17373\">AMSTERDAM<\/a>, 999 z\u0142<\/figcaption><\/figure>\n<p>&nbsp;<\/p>\n<figure id=\"attachment_3480\" aria-describedby=\"caption-attachment-3480\" style=\"width: 322px\" class=\"wp-caption aligncenter\"><img decoding=\"async\" class=\"wp-image-3480 lazyload\" data-src=\"https:\/\/www.brw.com.pl\/blog\/wp-content\/uploads\/2018\/01\/cornet-es_baku_4_drewno_tx_002_1.jpg\" alt=\"\" width=\"322\" height=\"313\" src=\"data:image\/svg+xml;base64,PHN2ZyB3aWR0aD0iMSIgaGVpZ2h0PSIxIiB4bWxucz0iaHR0cDovL3d3dy53My5vcmcvMjAwMC9zdmciPjwvc3ZnPg==\" style=\"--smush-placeholder-width: 322px; --smush-placeholder-aspect-ratio: 322\/313;\" \/><figcaption id=\"caption-attachment-3480\" class=\"wp-caption-text\">Black Red White, fotel <a href=\"https:\/\/www.brw.pl\/fotel-cornet-es,13545\">Cornet ES<\/a>, 1099 z\u0142<\/figcaption><\/figure>\n<figure id=\"attachment_3485\" aria-describedby=\"caption-attachment-3485\" style=\"width: 600px\" class=\"wp-caption aligncenter\"><img decoding=\"async\" class=\"wp-image-3485 size-full lazyload\" data-src=\"https:\/\/www.brw.com.pl\/blog\/wp-content\/uploads\/2018\/01\/torres-e1517330423572.png\" alt=\"\" width=\"600\" height=\"353\" src=\"data:image\/svg+xml;base64,PHN2ZyB3aWR0aD0iMSIgaGVpZ2h0PSIxIiB4bWxucz0iaHR0cDovL3d3dy53My5vcmcvMjAwMC9zdmciPjwvc3ZnPg==\" style=\"--smush-placeholder-width: 600px; --smush-placeholder-aspect-ratio: 600\/353;\" \/><figcaption id=\"caption-attachment-3485\" class=\"wp-caption-text\">Black Red White, sofa <a href=\"https:\/\/www.brw.pl\/sofa-torres-ii-lux-3dl,20409\">TORRES II LUX<\/a>, 3299 z\u0142<\/figcaption><\/figure>\n<p>&nbsp;<\/p>\n<figure id=\"attachment_3164\" aria-describedby=\"caption-attachment-3164\" style=\"width: 650px\" class=\"wp-caption aligncenter\"><img decoding=\"async\" class=\"size-full wp-image-3164 lazyload\" data-src=\"https:\/\/www.brw.com.pl\/blog\/wp-content\/uploads\/2017\/10\/BRW_6_650x650.png\" alt=\"Black Red White, 1. Fotel Casey ES, 899 z\u0142, 2. Naro\u017cnik Capri Lux, 3699 z\u0142\" width=\"650\" height=\"650\" data-srcset=\"https:\/\/www.brw.pl\/blog\/wp-content\/uploads\/2017\/10\/BRW_6_650x650.png 650w, https:\/\/www.brw.pl\/blog\/wp-content\/uploads\/2017\/10\/BRW_6_650x650-150x150.png 150w, https:\/\/www.brw.pl\/blog\/wp-content\/uploads\/2017\/10\/BRW_6_650x650-165x165.png 165w\" data-sizes=\"(max-width: 650px) 100vw, 650px\" src=\"data:image\/svg+xml;base64,PHN2ZyB3aWR0aD0iMSIgaGVpZ2h0PSIxIiB4bWxucz0iaHR0cDovL3d3dy53My5vcmcvMjAwMC9zdmciPjwvc3ZnPg==\" style=\"--smush-placeholder-width: 650px; --smush-placeholder-aspect-ratio: 650\/650;\" \/><figcaption id=\"caption-attachment-3164\" class=\"wp-caption-text\">Black Red White, 1. Fotel <a href=\"https:\/\/www.brw.pl\/fotel-casey-es,15579\">Casey ES<\/a>, 899 z\u0142, 2. Naro\u017cnik <a href=\"https:\/\/www.brw.pl\/naroznik-capri-lux-rec-e-3dl,17307\">Capri Lux<\/a>, 3699 z\u0142<\/figcaption><\/figure>\n<h2><\/h2>\n<h2>Nastrojowe o\u015bwietlenie<\/h2>\n<p data-pm-slice=\"1 1 []\"><span data-color=\"var(--purple-10)\">Przytulne wn\u0119trze potrzebuje punktowego o\u015bwietlenia daj\u0105cego rozproszone \u015bwiat\u0142o<\/span>. Wybieraj\u0105c idealn\u0105 lamp\u0119 warto zwr\u00f3ci\u0107 uwag\u0119 na to by w\u0142\u0105cznik znajdowa\u0142 si\u0119 w zasi\u0119gu r\u0119ki. Dzi\u0119ki temu, pozostaj\u0105c w wygodnej pozycji, otuleni ciep\u0142ym we\u0142nianym pledem z \u0142atwo\u015bci\u0105 ustawimy poziom o\u015bwietlenia. <span data-color=\"var(--purple-10)\">Ciep\u0142e \u015bwiat\u0142o umili wieczorny seans filmowy.<\/span><\/p>\n<p>&nbsp;<\/p>\n<figure id=\"attachment_3482\" aria-describedby=\"caption-attachment-3482\" style=\"width: 500px\" class=\"wp-caption aligncenter\"><img decoding=\"async\" class=\"wp-image-3482 lazyload\" data-src=\"https:\/\/www.brw.com.pl\/blog\/wp-content\/uploads\/2018\/01\/mix3.jpg\" alt=\"\" width=\"500\" height=\"896\" data-srcset=\"https:\/\/www.brw.pl\/blog\/wp-content\/uploads\/2018\/01\/mix3.jpg 603w, https:\/\/www.brw.pl\/blog\/wp-content\/uploads\/2018\/01\/mix3-447x800.jpg 447w\" data-sizes=\"(max-width: 500px) 100vw, 500px\" src=\"data:image\/svg+xml;base64,PHN2ZyB3aWR0aD0iMSIgaGVpZ2h0PSIxIiB4bWxucz0iaHR0cDovL3d3dy53My5vcmcvMjAwMC9zdmciPjwvc3ZnPg==\" style=\"--smush-placeholder-width: 500px; --smush-placeholder-aspect-ratio: 500\/896;\" \/><figcaption id=\"caption-attachment-3482\" class=\"wp-caption-text\">Black Red White, 1. lampa pod\u0142ogowa <a href=\"https:\/\/www.brw.pl\/lampa-podlogowa-metropolitan,10437\">METROPOLITAN<\/a>, 349 z\u0142, 2. lampa pod\u0142ogowa <a href=\"https:\/\/www.brw.pl\/lampa-podlogowa-across,16760\">ACROSS<\/a>, 599 z\u0142, 3. lampa sto\u0142owa <a href=\"https:\/\/www.brw.pl\/lampa-stolowa-camporale,15052\">CAMPORALE<\/a>, 219 z\u0142, 4. lampa sto\u0142owa <a href=\"https:\/\/www.brw.pl\/lampa-stolowa-chester,15055\">CHESTER<\/a>, 159 z\u0142, 5. lampa wisz\u0105ca <a href=\"https:\/\/www.brw.pl\/lampa-wiszaca-zelda,13936\">ZELDA<\/a>, 97,99 z\u0142, 6. lampa wisz\u0105ca <a href=\"https:\/\/www.brw.pl\/lampa-wiszaca-hawk-gray,13989\">HAWK GRAY<\/a>, 219 z\u0142<\/figcaption><\/figure>\n<p>&nbsp;<\/p>\n<p class=\"DDNagwek2\"><span style=\"color: windowtext;\">Zimowe wieczory to idealny czas na wsp\u00f3lne ogl\u0105danie interesuj\u0105cych film\u00f3w, kiedy bez wyrzut\u00f3w mo\u017cemy rozsi\u0105\u015b\u0107 si\u0119 na ulubionej sofie. Wystarczy wybra\u0107 film, otuli\u0107 si\u0119 mi\u0119kkim kocem, u\u0142o\u017cy\u0107 g\u0142ow\u0119 na puchatej poduszce i\u2026 poczu\u0107 jak wype\u0142nia nas ciep\u0142o b\u0142ogiego odpr\u0119\u017cenia.<\/span><\/p>\n<p>&nbsp;<\/p>\n","protected":false},"excerpt":{"rendered":"<p>Zima to czas, kiedy po d\u0142ugim dniu marzymy o tym, by wr\u00f3ci\u0107 do Domu i wygodnie rozsi\u0105\u015b\u0107 si\u0119 z kubkiem rozgrzewaj\u0105cej herbaty. Warunki atmosferyczne sk\u0142aniaj\u0105 nas do pozostania w przytulnym i ciep\u0142ym zak\u0105tku podczas rodzinnych seans\u00f3w ulubionego serialu.\u00a0Podpowiadamy jak ociepli\u0107 atmosfer\u0119 wn\u0119trza, aby zimowe wieczory przed telewizorem, by\u0142y wyczekiwanym, pe\u0142nym wygody czasem dla wszystkich Domownik\u00f3w.<\/p>\n","protected":false},"author":1,"featured_media":3493,"comment_status":"open","ping_status":"open","sticky":false,"template":"","format":"standard","meta":{"footnotes":""},"categories":[39,28,572],"tags":[],"aioseo_notices":[],"_links":{"self":[{"href":"https:\/\/www.brw.pl\/blog\/wp-json\/wp\/v2\/posts\/3467"}],"collection":[{"href":"https:\/\/www.brw.pl\/blog\/wp-json\/wp\/v2\/posts"}],"about":[{"href":"https:\/\/www.brw.pl\/blog\/wp-json\/wp\/v2\/types\/post"}],"author":[{"embeddable":true,"href":"https:\/\/www.brw.pl\/blog\/wp-json\/wp\/v2\/users\/1"}],"replies":[{"embeddable":true,"href":"https:\/\/www.brw.pl\/blog\/wp-json\/wp\/v2\/comments?post=3467"}],"version-history":[{"count":16,"href":"https:\/\/www.brw.pl\/blog\/wp-json\/wp\/v2\/posts\/3467\/revisions"}],"predecessor-version":[{"id":32412,"href":"https:\/\/www.brw.pl\/blog\/wp-json\/wp\/v2\/posts\/3467\/revisions\/32412"}],"wp:featuredmedia":[{"embeddable":true,"href":"https:\/\/www.brw.pl\/blog\/wp-json\/wp\/v2\/media\/3493"}],"wp:attachment":[{"href":"https:\/\/www.brw.pl\/blog\/wp-json\/wp\/v2\/media?parent=3467"}],"wp:term":[{"taxonomy":"category","embeddable":true,"href":"https:\/\/www.brw.pl\/blog\/wp-json\/wp\/v2\/categories?post=3467"},{"taxonomy":"post_tag","embeddable":true,"href":"https:\/\/www.brw.pl\/blog\/wp-json\/wp\/v2\/tags?post=3467"}],"curies":[{"name":"wp","href":"https:\/\/api.w.org\/{rel}","templated":true}]}}