{"id":34739,"date":"2023-10-31T17:35:35","date_gmt":"2023-10-31T16:35:35","guid":{"rendered":"https:\/\/www.brw.pl\/blog\/?p=34739"},"modified":"2023-10-31T17:35:35","modified_gmt":"2023-10-31T16:35:35","slug":"kolorowe-krzesla-w-salonie-aranzacje","status":"publish","type":"post","link":"https:\/\/www.brw.pl\/blog\/kolorowe-krzesla-w-salonie-aranzacje\/","title":{"rendered":"Kolorowe krzes\u0142a w salonie &#8211; aran\u017cacje"},"content":{"rendered":"<p data-pm-slice=\"1 1 []\"><strong>Kolorowe krzes\u0142a sprawdz\u0105 si\u0119 w niejednym salonie, niezale\u017cnie od stylu, w jakim zosta\u0142 urz\u0105dzony. Dzi\u0119ki nim od\u015bwie\u017cysz wn\u0119trze oraz urozmaicisz aran\u017cacj\u0119. Poznaj pozosta\u0142e zalety tego rozwi\u0105zania i sprawd\u017a, w jaki spos\u00f3b wyczarowa\u0107 sp\u00f3jny, ciekawy wystr\u00f3j z barwnymi krzes\u0142ami w roli g\u0142\u00f3wnej!<\/strong><\/p>\n<p data-pm-slice=\"1 1 []\"><!--more--><\/p>\n<p><center><img decoding=\"async\" class=\"alignnone size-medium wp-image-20021 lazyload\" data-src=\"https:\/\/www.brw.pl\/blog\/wp-content\/uploads\/2021\/09\/St\u00f3\u0142-Lucan-i-krzes\u0142a-Aka-800x540.png\" alt=\"\" width=\"800\" height=\"540\" data-srcset=\"https:\/\/www.brw.pl\/blog\/wp-content\/uploads\/2021\/09\/St\u00f3\u0142-Lucan-i-krzes\u0142a-Aka-800x540.png 800w, https:\/\/www.brw.pl\/blog\/wp-content\/uploads\/2021\/09\/St\u00f3\u0142-Lucan-i-krzes\u0142a-Aka-768x518.png 768w, https:\/\/www.brw.pl\/blog\/wp-content\/uploads\/2021\/09\/St\u00f3\u0142-Lucan-i-krzes\u0142a-Aka-1536x1037.png 1536w, https:\/\/www.brw.pl\/blog\/wp-content\/uploads\/2021\/09\/St\u00f3\u0142-Lucan-i-krzes\u0142a-Aka.png 1600w\" data-sizes=\"(max-width: 800px) 100vw, 800px\" src=\"data:image\/svg+xml;base64,PHN2ZyB3aWR0aD0iMSIgaGVpZ2h0PSIxIiB4bWxucz0iaHR0cDovL3d3dy53My5vcmcvMjAwMC9zdmciPjwvc3ZnPg==\" style=\"--smush-placeholder-width: 800px; --smush-placeholder-aspect-ratio: 800\/540;\" \/><\/center><\/p>\n<p style=\"text-align: center;\" data-pm-slice=\"1 1 []\"><a href=\"https:\/\/www.brw.pl\/krzeslo-aka,39718\" target=\"_blank\" rel=\"noopener noreferrer\"><strong>KRZES\u0141O AKA<\/strong><\/a><\/p>\n<h2 data-pm-slice=\"1 1 []\"><strong>Kolorowe krzes\u0142a w salonie \u2013 tak czy nie?<\/strong><\/h2>\n<p>W naszym artykule:<\/p>\n<ul>\n<li>wyja\u015bnimy, dlaczego krzes\u0142a w \u017cywych kolorach s\u0105 dobrym pomys\u0142em w salonie,<\/li>\n<li>podpowiemy, jak wple\u015b\u0107 je w wystr\u00f3j pokoju dziennego,<\/li>\n<li>zaprezentujemy wybrane <a href=\"https:\/\/www.brw.pl\/meble\/stoly-i-krzesla\/krzesla\/\" target=\"_blank\" rel=\"noopener noreferrer\">krzes\u0142a<\/a>, <a href=\"https:\/\/www.brw.pl\/meble\/stoly-i-krzesla\/stoly\/\" target=\"_blank\" rel=\"noopener noreferrer\">sto\u0142y<\/a> i dodatki od Black Red White,<\/li>\n<li>poka\u017cemy inspiruj\u0105ce aran\u017cacje strefy jadalnianej.<\/li>\n<\/ul>\n<h3 style=\"text-align: center;\"><strong>Kolorowe krzes\u0142a &#8211; zapro\u015b je do salonu!<\/strong><\/h3>\n<p>Kolorowe meble, w tym krzes\u0142a tapicerowane lub pozbawione tapicerki, to propozycja dla zwolennik\u00f3w eklektyzmu, kt\u00f3rzy nie boj\u0105 si\u0119 \u015bmia\u0142ych, \u017cywych barw w swoim otoczeniu. R\u00f3\u017cne krzes\u0142a, kt\u00f3re neutralnym szaro\u015bciom, bielom i czerni m\u00f3wi\u0105 stanowcze &#8222;nie&#8221;, b\u0119d\u0105 Twoim sprzymierze\u0144cem w walce z monotoni\u0105 wystroju. <strong>Zyska na nich aran\u017cacja jadalni b\u0105d\u017a strefy jadalnianej w pokoju dziennym, poniewa\u017c stanie si\u0119 unikalna.<\/strong><\/p>\n<p>Do jakich styl\u00f3w wn\u0119trzarskich pasuj\u0105 r\u00f3\u017cnokolorowe krzes\u0142a? Na pewno do <strong>skandynawskiego<\/strong>. Soczy\u015bcie zielony model krzes\u0142a o\u017cywi stonowan\u0105 przestrze\u0144, w kt\u00f3rej przewa\u017caj\u0105 biele i szaro\u015bci uwielbiane przez Skandynaw\u00f3w. Z kolei mieszane krzes\u0142a w ciep\u0142ych odcieniach pudrowego r\u00f3\u017cu oraz miodowej \u017c\u00f3\u0142cieni sprawi\u0105, \u017ce b\u0119dzie przytulniejsza.<\/p>\n<p>Podobn\u0105 rol\u0119 odegraj\u0105 w salonie <strong>boho<\/strong>. Odnajd\u0105 si\u0119 w nim bez problemu, poniewa\u017c wizyt\u00f3wk\u0105 estetyki boho jest swoboda aran\u017cacyjna. Wszelkie eklektyczne, niebanalne rozwi\u0105zania s\u0105 bardzo mile widziane. Meble w r\u00f3\u017cnych wersjach kolorystycznych w pokoju dziennym boho b\u0119d\u0105 zdecydowanie na miejscu.<\/p>\n<p>Natomiast projektuj\u0105c przestrze\u0144 nowoczesn\u0105 czy industrialn\u0105, nale\u017cy by\u0107 ostro\u017cnym. Obie stylistyki ceni\u0105 minimalizm zar\u00f3wno w odniesieniu do dodatk\u00f3w, jak i mebli. Krzes\u0142a w r\u00f3\u017cnych kolorach wchodz\u0105 w gr\u0119 pod warunkiem, \u017ce nie stworz\u0105 radosnego miszmaszu form oraz barw.<\/p>\n<p>W <strong>nowoczesnym<\/strong> pomieszczeniu zdadz\u0105 egzamin rozbielone odcienie r\u00f3\u017cu, b\u0142\u0119kitu albo zieleni. Jednak zdecyduj si\u0119 tylko na jeden z nich i zestaw go z neutralnym popielem, tudzie\u017c z\u0142aman\u0105 biel\u0105. Tym samym zachowasz oszcz\u0119dny charakter aran\u017cacji, ale nieco j\u0105 uatrakcyjnisz.<\/p>\n<p>W <strong>lofcie<\/strong> rozwa\u017c ciemniejsze, g\u0142\u0119bsze barwy &#8211; butelkow\u0105 ziele\u0144, granat, bordo (spisz\u0105 si\u0119 tak\u017ce w salonie <strong>glamour<\/strong> oraz w pokoju w stylu <strong>klasycznym<\/strong>). Dodadz\u0105 wn\u0119trzu pazura. Pami\u0119taj przy tym, \u017ceby ograniczy\u0107 si\u0119 do jednego wariantu. Do krzese\u0142 w wybranym odcieniu do\u0142\u0105cz ciemnobr\u0105zowe lub czarne modele.<\/p>\n<h2><strong>Salon z kolorowymi krzes\u0142ami \u2013 jak go urz\u0105dzi\u0107?<\/strong><\/h2>\n<p>Jak zaaran\u017cowa\u0107 sp\u00f3jny, funkcjonalny i estetyczny salon z kolorowymi krzes\u0142ami? Poni\u017cej znajdziesz wskaz\u00f3wki, kt\u00f3re naprowadz\u0105 Ci\u0119 na w\u0142a\u015bciwy trop!<\/p>\n<h3 style=\"text-align: center;\"><strong>Krzes\u0142a kolorowe do salonu<\/strong><\/h3>\n<p><center><img decoding=\"async\" class=\"alignnone size-full wp-image-34740 lazyload\" data-src=\"https:\/\/www.brw.pl\/blog\/wp-content\/uploads\/2023\/10\/krzeslo-holten-2.jpg\" alt=\"\" width=\"597\" height=\"479\" src=\"data:image\/svg+xml;base64,PHN2ZyB3aWR0aD0iMSIgaGVpZ2h0PSIxIiB4bWxucz0iaHR0cDovL3d3dy53My5vcmcvMjAwMC9zdmciPjwvc3ZnPg==\" style=\"--smush-placeholder-width: 597px; --smush-placeholder-aspect-ratio: 597\/479;\" \/><\/center><\/p>\n<p style=\"text-align: center;\" data-pm-slice=\"1 1 []\"><a href=\"https:\/\/www.brw.pl\/krzeslo-holten-2,38243\" target=\"_blank\" rel=\"noopener noreferrer\"><strong>KRZES\u0141O HOLTEN 2<\/strong><\/a><\/p>\n<p>Po pierwsze kolor krzese\u0142 musi wsp\u00f3\u0142gra\u0107 z pozosta\u0142ymi elementami wystroju<em>, <\/em>a krzes\u0142a z r\u00f3\u017cnych bajek stoj\u0105ce przy jednym stole powinny mie\u0107 jak\u0105\u015b <strong>cech\u0119 wsp\u00f3ln\u0105<\/strong>. Mo\u017ce to by\u0107 materia\u0142, z jakiego je wykonano &#8211; na przyk\u0142ad naturalne drewno, metal, welur, ekosk\u00f3ra. Sprawdzi si\u0119 podobny kszta\u0142t siedziska, oparcia, pod\u0142okietnik\u00f3w, ewentualnie wz\u00f3r lub kolor.<\/p>\n<div style=\"display: flex; flex-wrap: wrap; align-items: center; justify-content: center; text-align: center;\">\n<figure id=\"attachment_20530\" aria-describedby=\"caption-attachment-20530\" style=\"width: 285px\" class=\"wp-caption aligncenter\"><img decoding=\"async\" class=\"wp-image-20530 lazyload\" data-src=\"https:\/\/www.brw.pl\/blog\/wp-content\/uploads\/2023\/10\/krzeslo-bordowy-k332-mediuma.jpg\" alt=\"Krzes\u0142o K332\" width=\"285\" height=\"214\" src=\"data:image\/svg+xml;base64,PHN2ZyB3aWR0aD0iMSIgaGVpZ2h0PSIxIiB4bWxucz0iaHR0cDovL3d3dy53My5vcmcvMjAwMC9zdmciPjwvc3ZnPg==\" style=\"--smush-placeholder-width: 285px; --smush-placeholder-aspect-ratio: 285\/214;\" \/><figcaption id=\"caption-attachment-20530\" class=\"wp-caption-text\"><a href=\"https:\/\/www.brw.pl\/krzeslo-bordowy-k332,50865\" target=\"_blank\" rel=\"noopener noreferrer\"><span style=\"font-weight: 400;\">Krzes\u0142o K332<\/span><\/a><\/figcaption><\/figure>\n<figure id=\"attachment_20531\" aria-describedby=\"caption-attachment-20531\" style=\"width: 285px\" class=\"wp-caption aligncenter\"><img decoding=\"async\" class=\"wp-image-20531 lazyload\" data-src=\"https:\/\/www.brw.pl\/blog\/wp-content\/uploads\/2023\/10\/krzeslo-granatowy-bex-kolor-wybarwienia-granatowy-czarny-mediumb.jpg\" alt=\"Krzes\u0142o Bex\" width=\"285\" height=\"214\" src=\"data:image\/svg+xml;base64,PHN2ZyB3aWR0aD0iMSIgaGVpZ2h0PSIxIiB4bWxucz0iaHR0cDovL3d3dy53My5vcmcvMjAwMC9zdmciPjwvc3ZnPg==\" style=\"--smush-placeholder-width: 285px; --smush-placeholder-aspect-ratio: 285\/214;\" \/><figcaption id=\"caption-attachment-20531\" class=\"wp-caption-text\"><a href=\"https:\/\/www.brw.pl\/krzeslo-granatowy-bex,44640\" target=\"_blank\" rel=\"noopener noreferrer\"><span style=\"font-weight: 400;\">Krzes\u0142o Bex<\/span><\/a><\/figcaption><\/figure>\n<\/div>\n<p>Po drugie zadbaj o to, aby wszystkie krzes\u0142a mia\u0142y <strong>siedzisko na tej samej wysoko\u015bci<\/strong>. W ten spos\u00f3b nie zaburzysz harmonii uk\u0142adu, za\u015b go\u015bcie nie odczuj\u0105 dyskomfortu.<\/p>\n<p>Po trzecie zwr\u00f3\u0107 uwag\u0119 na <strong>symetri\u0119<\/strong>. W przypadku prostok\u0105tnego sto\u0142u na sze\u015b\u0107 os\u00f3b dobrym pomys\u0142em b\u0119dzie ustawienie identycznych krzese\u0142 naprzeciwko siebie &#8211; u szczyt\u00f3w sto\u0142u oraz przy jego d\u0142u\u017cszych bokach.<\/p>\n<p>Po czwarte zachowaj <strong>umiar<\/strong>. Posiadasz du\u017cy st\u00f3\u0142 wymagaj\u0105cy sporej liczby krzese\u0142? Pomys\u0142 na ka\u017cde krzes\u0142o w innym kolorze nie przejdzie, bo wprowadzi chaos do przestrzeni. Wystarcz\u0105 dwie r\u00f3\u017cne barwy. Ciekaw\u0105 alternatyw\u0105 jest ten sam kolor, ale odmienny design krzese\u0142. Dopilnuj tylko, \u017ceby r\u00f3\u017cnice pomi\u0119dzy poszczeg\u00f3lnymi modelami nie razi\u0142y.<\/p>\n<div style=\"display: flex; flex-wrap: wrap; align-items: center; justify-content: center; text-align: center;\">\n<figure id=\"attachment_20530\" aria-describedby=\"caption-attachment-20530\" style=\"width: 285px\" class=\"wp-caption aligncenter\"><img decoding=\"async\" class=\"wp-image-20530 lazyload\" data-src=\"https:\/\/www.brw.pl\/blog\/wp-content\/uploads\/2023\/10\/krzeslo-curry-sztruks-polten-kolor-wybarwienia-curry-czarny-mediumb.jpg\" alt=\"Krzes\u0142o Polten\" width=\"285\" height=\"214\" src=\"data:image\/svg+xml;base64,PHN2ZyB3aWR0aD0iMSIgaGVpZ2h0PSIxIiB4bWxucz0iaHR0cDovL3d3dy53My5vcmcvMjAwMC9zdmciPjwvc3ZnPg==\" style=\"--smush-placeholder-width: 285px; --smush-placeholder-aspect-ratio: 285\/214;\" \/><figcaption id=\"caption-attachment-20530\" class=\"wp-caption-text\"><a href=\"https:\/\/www.brw.pl\/krzeslo-curry-sztruks-polten,47582\" target=\"_blank\" rel=\"noopener noreferrer\"><span style=\"font-weight: 400;\">Krzes\u0142o Polten<\/span><\/a><\/figcaption><\/figure>\n<figure id=\"attachment_20531\" aria-describedby=\"caption-attachment-20531\" style=\"width: 285px\" class=\"wp-caption aligncenter\"><img decoding=\"async\" class=\"wp-image-20531 lazyload\" data-src=\"https:\/\/www.brw.pl\/blog\/wp-content\/uploads\/2023\/10\/krzeslo-ragit-wybarwienie-drewna-czarny-tkanina-manila-35-ontario-35-mediumb.jpg\" alt=\"Krzes\u0142o Ragit\" width=\"285\" height=\"214\" src=\"data:image\/svg+xml;base64,PHN2ZyB3aWR0aD0iMSIgaGVpZ2h0PSIxIiB4bWxucz0iaHR0cDovL3d3dy53My5vcmcvMjAwMC9zdmciPjwvc3ZnPg==\" style=\"--smush-placeholder-width: 285px; --smush-placeholder-aspect-ratio: 285\/214;\" \/><figcaption id=\"caption-attachment-20531\" class=\"wp-caption-text\"><a href=\"https:\/\/www.brw.pl\/krzeslo-ragit,43647\" target=\"_blank\" rel=\"noopener noreferrer\"><span style=\"font-weight: 400;\">Krzes\u0142o Ragit<\/span><\/a><\/figcaption><\/figure>\n<\/div>\n<p>Zakr\u0119ci\u0142o Ci si\u0119 w g\u0142owie od nadmiaru mo\u017cliwo\u015bci? Najbezpieczniejszym rozwi\u0105zaniem b\u0119dzie jeden model krzese\u0142 w tym samym kolorze, ale bardziej wyrazistym ni\u017c stonowane szaro\u015bci, be\u017ce, biel czy czer\u0144. Rozwa\u017c b\u0142\u0119kit, r\u00f3\u017c, ziele\u0144, \u017c\u00f3\u0142cie\u0144. Najwa\u017cniejsze, \u017ceby krzes\u0142a by\u0142y w innym kolorze ni\u017c st\u00f3\u0142.<\/p>\n<p><strong>Wskaz\u00f3wka:<\/strong> Istnieje jeszcze jeden patent na kolorowe krzes\u0142a. To niskobud\u017cetowe wyj\u015bcie. Zamiast kupowa\u0107 nowe meble, zainwestuj w kolorowe poduszki do siedzenia. Te\u017c urozmaic\u0105 aran\u017cacj\u0119, a gdy Ci si\u0119 znudz\u0105, po prostu je zdejmiesz. \u0141atwiej pozby\u0107 si\u0119 poduszek (cho\u0107by chowaj\u0105c je do szafy) ni\u017c krzese\u0142. Ten manewr najlepiej sprawdzi si\u0119 w odniesieniu do krzese\u0142 bez tapicerki.<\/p>\n<h3 style=\"text-align: center;\"><strong>Jaki st\u00f3\u0142 do kolorowych krzese\u0142?<\/strong><\/h3>\n<p><center><img decoding=\"async\" class=\"alignnone size-full wp-image-26923 lazyload\" data-src=\"https:\/\/www.brw.pl\/blog\/wp-content\/uploads\/2022\/09\/st\u00f3\u0142-filo.jpg\" alt=\"\" width=\"728\" height=\"483\" src=\"data:image\/svg+xml;base64,PHN2ZyB3aWR0aD0iMSIgaGVpZ2h0PSIxIiB4bWxucz0iaHR0cDovL3d3dy53My5vcmcvMjAwMC9zdmciPjwvc3ZnPg==\" style=\"--smush-placeholder-width: 728px; --smush-placeholder-aspect-ratio: 728\/483;\" \/><\/center><\/p>\n<p style=\"text-align: center;\" data-pm-slice=\"1 1 []\"><a href=\"https:\/\/www.brw.pl\/stol-filo-2,30833\" target=\"_blank\" rel=\"noopener noreferrer\"><strong>ST\u00d3\u0141 FILO 2<\/strong><\/a><\/p>\n<p>Tak jak wspomnieli\u015bmy wcze\u015bniej, aran\u017cacja wymaga r\u00f3\u017cnych krzese\u0142, je\u017celi zale\u017cy Ci na malowniczej, eklektycznej strefie jadalnianej. Jednak nic nie stoi na przeszkodzie, \u017ceby jeden z komponent\u00f3w sto\u0142u i krzese\u0142 &#8211; na przyk\u0142ad nogi &#8211; by\u0142 zrobiony z tego samego materia\u0142u albo przybra\u0142 identyczny kolor.<\/p>\n<p>Co jeszcze jest wa\u017cne? St\u00f3\u0142 zestawiony z kolorowymi krzes\u0142ami musi by\u0107 stonowany kolorystycznie. Jest zaledwie t\u0142em dla barwnych krzese\u0142, kt\u00f3re maj\u0105 przecie\u017c kr\u00f3lowa\u0107 we wn\u0119trzu. W przypadku sto\u0142u strza\u0142em w dziesi\u0105tk\u0119 b\u0119dzie drewno w naturalnym kolorze, bielone lub pomalowane czarn\u0105 farb\u0105. Ewentualnie zastan\u00f3w si\u0119 nad metalem chromowanym, barwionym na czarno b\u0105d\u017a bia\u0142o.<\/p>\n<div style=\"display: flex; flex-wrap: wrap; align-items: center; justify-content: center; text-align: center;\">\n<figure id=\"attachment_20530\" aria-describedby=\"caption-attachment-20530\" style=\"width: 285px\" class=\"wp-caption aligncenter\"><img decoding=\"async\" class=\"wp-image-20530 lazyload\" data-src=\"https:\/\/www.brw.pl\/blog\/wp-content\/uploads\/2022\/12\/stol-90-dolan-kolor-wybarwienia-dab-naturalny-fornir-czarny-mediumb.jpg\" alt=\"St\u00f3\u0142 Dolan\" width=\"285\" height=\"214\" src=\"data:image\/svg+xml;base64,PHN2ZyB3aWR0aD0iMSIgaGVpZ2h0PSIxIiB4bWxucz0iaHR0cDovL3d3dy53My5vcmcvMjAwMC9zdmciPjwvc3ZnPg==\" style=\"--smush-placeholder-width: 285px; --smush-placeholder-aspect-ratio: 285\/214;\" \/><figcaption id=\"caption-attachment-20530\" class=\"wp-caption-text\"><a href=\"https:\/\/www.brw.pl\/stol-90-dolan,49011\" target=\"_blank\" rel=\"noopener noreferrer\"><span style=\"font-weight: 400;\">St\u00f3\u0142 Dolan<\/span><\/a><\/figcaption><\/figure>\n<figure id=\"attachment_20531\" aria-describedby=\"caption-attachment-20531\" style=\"width: 285px\" class=\"wp-caption aligncenter\"><img decoding=\"async\" class=\"wp-image-20531 lazyload\" data-src=\"https:\/\/www.brw.pl\/blog\/wp-content\/uploads\/2023\/10\/stol-rozkladany-roleslaw-ii-wybarwienie-drewna-bialy-mediumb.jpg\" alt=\"St\u00f3\u0142 Roles\u0142aw II\" width=\"285\" height=\"214\" src=\"data:image\/svg+xml;base64,PHN2ZyB3aWR0aD0iMSIgaGVpZ2h0PSIxIiB4bWxucz0iaHR0cDovL3d3dy53My5vcmcvMjAwMC9zdmciPjwvc3ZnPg==\" style=\"--smush-placeholder-width: 285px; --smush-placeholder-aspect-ratio: 285\/214;\" \/><figcaption id=\"caption-attachment-20531\" class=\"wp-caption-text\"><a href=\"https:\/\/www.brw.pl\/stol-rozkladany-roleslaw-ii,37791\" target=\"_blank\" rel=\"noopener noreferrer\"><span style=\"font-weight: 400;\">St\u00f3\u0142 Roles\u0142aw II<\/span><\/a><\/figcaption><\/figure>\n<\/div>\n<p>Czytaj r\u00f3wnie\u017c: <a href=\"https:\/\/www.brw.pl\/blog\/jakie-krzesla-do-okraglego-stolu-wybrac\/\" target=\"_blank\" rel=\"noopener noreferrer\"><strong>&#8222;Jakie krzes\u0142a do okr\u0105g\u0142ego sto\u0142u wybra\u0107?&#8221;<\/strong><\/a>.<\/p>\n<h3 style=\"text-align: center;\"><strong>St\u00f3\u0142 z kolorowymi krzes\u0142ami &#8211; dodatki<\/strong><\/h3>\n<p><center><img decoding=\"async\" class=\"alignnone size-full wp-image-34746 lazyload\" data-src=\"https:\/\/www.brw.pl\/blog\/wp-content\/uploads\/2023\/10\/dywan-fur.jpg\" alt=\"\" width=\"728\" height=\"483\" src=\"data:image\/svg+xml;base64,PHN2ZyB3aWR0aD0iMSIgaGVpZ2h0PSIxIiB4bWxucz0iaHR0cDovL3d3dy53My5vcmcvMjAwMC9zdmciPjwvc3ZnPg==\" style=\"--smush-placeholder-width: 728px; --smush-placeholder-aspect-ratio: 728\/483;\" \/><\/center><\/p>\n<p style=\"text-align: center;\" data-pm-slice=\"1 1 []\"><a href=\"https:\/\/www.brw.pl\/dywan-160x120-fur,35205\" target=\"_blank\" rel=\"noopener noreferrer\"><strong>DYWAN FUR<\/strong><\/a><\/p>\n<p>Co z dodatkami w strefie jadalnianej z barwnymi krzes\u0142ami? Podobnie jak st\u00f3\u0142, nie mog\u0105 odwraca\u0107 uwagi od krzese\u0142. Wskazane s\u0105 spokojne, stonowane kolory takie jak be\u017ce czy popiele w formie <a href=\"https:\/\/www.brw.pl\/tekstylia\/dywany-i-chodniki\/\" target=\"_blank\" rel=\"noopener noreferrer\">dywanu<\/a>, <a href=\"https:\/\/www.brw.pl\/tekstylia\/dekoracja-stolu\/maty-i-podkladki-na-stol\/\" target=\"_blank\" rel=\"noopener noreferrer\">podk\u0142adki<\/a>, <a href=\"https:\/\/www.brw.pl\/dekoracje\/wazony\/\" target=\"_blank\" rel=\"noopener noreferrer\">wazonu<\/a>. Rozejrzyj si\u0119 r\u00f3wnie\u017c za szklanymi, transparentnymi dekoracjami, np. <a href=\"https:\/\/www.brw.pl\/dekoracje\/swiece-i-swieczniki\/swieczniki\/\" target=\"_blank\" rel=\"noopener noreferrer\">\u015bwiecznikami<\/a>.<\/p>\n<div style=\"display: flex; flex-wrap: wrap; align-items: center; justify-content: center; text-align: center;\">\n<figure id=\"attachment_20530\" aria-describedby=\"caption-attachment-20530\" style=\"width: 285px\" class=\"wp-caption aligncenter\"><img decoding=\"async\" class=\"wp-image-20530 lazyload\" data-src=\"https:\/\/www.brw.pl\/blog\/wp-content\/uploads\/2023\/10\/podkladka-mediuma.jpg\" alt=\"Podk\u0142adka\" width=\"285\" height=\"214\" src=\"data:image\/svg+xml;base64,PHN2ZyB3aWR0aD0iMSIgaGVpZ2h0PSIxIiB4bWxucz0iaHR0cDovL3d3dy53My5vcmcvMjAwMC9zdmciPjwvc3ZnPg==\" style=\"--smush-placeholder-width: 285px; --smush-placeholder-aspect-ratio: 285\/214;\" \/><figcaption id=\"caption-attachment-20530\" class=\"wp-caption-text\"><a href=\"https:\/\/www.brw.pl\/podkladka,38166\" target=\"_blank\" rel=\"noopener noreferrer\"><span style=\"font-weight: 400;\">Podk\u0142adka<\/span><\/a><\/figcaption><\/figure>\n<figure id=\"attachment_20530\" aria-describedby=\"caption-attachment-20530\" style=\"width: 285px\" class=\"wp-caption aligncenter\"><img decoding=\"async\" class=\"wp-image-20530 lazyload\" data-src=\"https:\/\/www.brw.pl\/blog\/wp-content\/uploads\/2023\/10\/wazon-mediuma-1.jpg\" alt=\"Wazon\" width=\"285\" height=\"214\" src=\"data:image\/svg+xml;base64,PHN2ZyB3aWR0aD0iMSIgaGVpZ2h0PSIxIiB4bWxucz0iaHR0cDovL3d3dy53My5vcmcvMjAwMC9zdmciPjwvc3ZnPg==\" style=\"--smush-placeholder-width: 285px; --smush-placeholder-aspect-ratio: 285\/214;\" \/><figcaption id=\"caption-attachment-20530\" class=\"wp-caption-text\"><a href=\"https:\/\/www.brw.pl\/wazon,47809\" target=\"_blank\" rel=\"noopener noreferrer\"><span style=\"font-weight: 400;\">Wazon<\/span><\/a><\/figcaption><\/figure>\n<figure id=\"attachment_20531\" aria-describedby=\"caption-attachment-20531\" style=\"width: 285px\" class=\"wp-caption aligncenter\"><img decoding=\"async\" class=\"wp-image-20531 lazyload\" data-src=\"https:\/\/www.brw.pl\/blog\/wp-content\/uploads\/2023\/10\/swiecznik-mediuma.jpg\" alt=\"\u015awiecznik\" width=\"285\" height=\"214\" src=\"data:image\/svg+xml;base64,PHN2ZyB3aWR0aD0iMSIgaGVpZ2h0PSIxIiB4bWxucz0iaHR0cDovL3d3dy53My5vcmcvMjAwMC9zdmciPjwvc3ZnPg==\" style=\"--smush-placeholder-width: 285px; --smush-placeholder-aspect-ratio: 285\/214;\" \/><figcaption id=\"caption-attachment-20531\" class=\"wp-caption-text\"><a href=\"https:\/\/www.brw.pl\/swiecznik,11611\" target=\"_blank\" rel=\"noopener noreferrer\"><span style=\"font-weight: 400;\">\u015awiecznik<\/span><\/a><\/figcaption><\/figure>\n<\/div>\n<h2><strong>Kolorowe krzes\u0142a w salonie \u2013 inspiracje<\/strong><\/h2>\n<p>Przygotowali\u015bmy dla Ciebie dwie aran\u017cacje salonu z krzes\u0142ami w wyrazistych odcieniach. Kt\u00f3ra bardziej Ci si\u0119 podoba?<\/p>\n<h3 style=\"text-align: center;\"><strong>Zielone krzes\u0142a tapicerowane w nowoczesnym salonie<\/strong><\/h3>\n<p><center><img decoding=\"async\" class=\"alignnone size-medium wp-image-29990 lazyload\" data-src=\"https:\/\/www.brw.pl\/blog\/wp-content\/uploads\/2023\/02\/St\u00f3\u0142-do-jadalni-Alameda-800x540.jpg\" alt=\"Wysoko\u015b\u0107 sto\u0142u do jadalni - Alameda\" width=\"800\" height=\"540\" data-srcset=\"https:\/\/www.brw.pl\/blog\/wp-content\/uploads\/2023\/02\/St\u00f3\u0142-do-jadalni-Alameda-800x540.jpg 800w, https:\/\/www.brw.pl\/blog\/wp-content\/uploads\/2023\/02\/St\u00f3\u0142-do-jadalni-Alameda-768x518.jpg 768w, https:\/\/www.brw.pl\/blog\/wp-content\/uploads\/2023\/02\/St\u00f3\u0142-do-jadalni-Alameda-1536x1037.jpg 1536w, https:\/\/www.brw.pl\/blog\/wp-content\/uploads\/2023\/02\/St\u00f3\u0142-do-jadalni-Alameda.jpg 1600w\" data-sizes=\"(max-width: 800px) 100vw, 800px\" src=\"data:image\/svg+xml;base64,PHN2ZyB3aWR0aD0iMSIgaGVpZ2h0PSIxIiB4bWxucz0iaHR0cDovL3d3dy53My5vcmcvMjAwMC9zdmciPjwvc3ZnPg==\" style=\"--smush-placeholder-width: 800px; --smush-placeholder-aspect-ratio: 800\/540;\" \/><\/center><\/p>\n<p style=\"text-align: center;\" data-pm-slice=\"1 1 []\"><a href=\"https:\/\/www.brw.pl\/krzeslo-alameda,38245\" target=\"_blank\" rel=\"noopener noreferrer\"><strong>KRZES\u0141O ALAMEDA<\/strong><\/a><\/p>\n<p>W naszym nowoczesnym pokoju dziennym dominuje neutralna kolorystyka &#8211; biele i szaro\u015bci. <strong>Krzes\u0142a z butelkowozielonym obiciem sprawiaj\u0105, \u017ce wystr\u00f3j nabiera charakteru.<\/strong> Tworz\u0105 sp\u00f3jn\u0105 ca\u0142o\u015b\u0107 ze <a href=\"https:\/\/www.brw.pl\/stol-alameda,38244\" target=\"_blank\" rel=\"noopener noreferrer\"><strong>sto\u0142em Alameda<\/strong><\/a> dzi\u0119ki identycznym nogom z bielonego drewna. Tak urz\u0105dzone wn\u0119trze emanuje elegancj\u0105 i spokojem.<\/p>\n<p><strong>Produkty widoczne na zdj\u0119ciu czekaj\u0105 na Ciebie <\/strong><a href=\"https:\/\/www.brw.pl\/inspiracje\/produkty\/?a=7488,alameda\" target=\"_blank\" rel=\"noopener noreferrer\"><strong>TUTAJ<\/strong><\/a><strong>.<\/strong><\/p>\n<h3 style=\"text-align: center;\"><strong>Wzorzyste krzes\u0142a tapicerowane w salonie glamour<\/strong><\/h3>\n<p><center><img decoding=\"async\" class=\"alignnone size-medium wp-image-30815 lazyload\" data-src=\"https:\/\/www.brw.pl\/blog\/wp-content\/uploads\/2023\/03\/krzesla-cloe-salon-653x800.jpg\" alt=\"\" width=\"653\" height=\"800\" data-srcset=\"https:\/\/www.brw.pl\/blog\/wp-content\/uploads\/2023\/03\/krzesla-cloe-salon-653x800.jpg 653w, https:\/\/www.brw.pl\/blog\/wp-content\/uploads\/2023\/03\/krzesla-cloe-salon-768x942.jpg 768w, https:\/\/www.brw.pl\/blog\/wp-content\/uploads\/2023\/03\/krzesla-cloe-salon.jpg 872w\" data-sizes=\"(max-width: 653px) 100vw, 653px\" src=\"data:image\/svg+xml;base64,PHN2ZyB3aWR0aD0iMSIgaGVpZ2h0PSIxIiB4bWxucz0iaHR0cDovL3d3dy53My5vcmcvMjAwMC9zdmciPjwvc3ZnPg==\" style=\"--smush-placeholder-width: 653px; --smush-placeholder-aspect-ratio: 653\/800;\" \/><\/center><\/p>\n<p style=\"text-align: center;\" data-pm-slice=\"1 1 []\"><a href=\"https:\/\/www.brw.pl\/krzeslo-clo,49025\" target=\"_blank\" rel=\"noopener noreferrer\"><strong>KRZES\u0141O CLOE<\/strong><\/a><\/p>\n<p>Oto przestrze\u0144 stworzona dla os\u00f3b, kt\u00f3re preferuj\u0105 nowoczesn\u0105 ods\u0142on\u0119 stylu glamour. Zrezygnowali\u015bmy z typowych dla tej estetyki z\u0142otych akcent\u00f3w, aby unikn\u0105\u0107 niepotrzebnej ostentacji. Nowoczesny glam jest szykowny, ale daleko mu do barokowego przepychu.<\/p>\n<p>W tej przestrzeni bielom, be\u017com i szaro\u015bciom towarzyszy go\u0142\u0119bi b\u0142\u0119kit w postaci gustownych krzese\u0142 Cloe ozdobionych pi\u0119knym wzorem \u017curawi wznosz\u0105cych si\u0119 do lotu. <strong>Za spraw\u0105 kompaktowego rozmiaru i wysokich n\u00f3g nadaj\u0105 lekko\u015b\u0107 aran\u017cacji.<\/strong> Z kolei czarne elementy &#8211; smuk\u0142e n\u00f3\u017cki krzese\u0142 oraz okr\u0105g\u0142y fornirowany <a href=\"https:\/\/www.brw.pl\/stol-fornir-graus,46619\" target=\"_blank\" rel=\"noopener noreferrer\"><strong>st\u00f3\u0142 Graus<\/strong><\/a> &#8211; dodaj\u0105 jej pazura.<\/p>\n<p><strong>Produkty widoczne na zdj\u0119ciu czekaj\u0105 na Ciebie <\/strong><a href=\"https:\/\/www.brw.pl\/inspiracje\/produkty\/?a=9104,clo\" target=\"_blank\" rel=\"noopener noreferrer\"><strong>TUTAJ<\/strong><\/a><strong>.<\/strong><\/p>\n<p>Po wi\u0119cej inspiracji zapraszamy do <a href=\"https:\/\/www.brw.pl\/\" target=\"_blank\" rel=\"noopener noreferrer\"><strong><u>sklepu internetowego Black Red White<\/u><\/strong><\/a><strong>!<\/strong><\/p>\n","protected":false},"excerpt":{"rendered":"<p>Kolorowe krzes\u0142a sprawdz\u0105 si\u0119 w niejednym salonie, niezale\u017cnie od stylu, w jakim zosta\u0142 urz\u0105dzony. Dzi\u0119ki nim od\u015bwie\u017cysz wn\u0119trze oraz urozmaicisz aran\u017cacj\u0119. Poznaj pozosta\u0142e zalety tego rozwi\u0105zania i sprawd\u017a, w jaki spos\u00f3b wyczarowa\u0107 sp\u00f3jny, ciekawy wystr\u00f3j z barwnymi krzes\u0142ami w roli g\u0142\u00f3wnej!<\/p>\n","protected":false},"author":29,"featured_media":20021,"comment_status":"closed","ping_status":"open","sticky":false,"template":"","format":"standard","meta":{"footnotes":""},"categories":[39,28,735],"tags":[],"aioseo_notices":[],"_links":{"self":[{"href":"https:\/\/www.brw.pl\/blog\/wp-json\/wp\/v2\/posts\/34739"}],"collection":[{"href":"https:\/\/www.brw.pl\/blog\/wp-json\/wp\/v2\/posts"}],"about":[{"href":"https:\/\/www.brw.pl\/blog\/wp-json\/wp\/v2\/types\/post"}],"author":[{"embeddable":true,"href":"https:\/\/www.brw.pl\/blog\/wp-json\/wp\/v2\/users\/29"}],"replies":[{"embeddable":true,"href":"https:\/\/www.brw.pl\/blog\/wp-json\/wp\/v2\/comments?post=34739"}],"version-history":[{"count":3,"href":"https:\/\/www.brw.pl\/blog\/wp-json\/wp\/v2\/posts\/34739\/revisions"}],"predecessor-version":[{"id":34751,"href":"https:\/\/www.brw.pl\/blog\/wp-json\/wp\/v2\/posts\/34739\/revisions\/34751"}],"wp:featuredmedia":[{"embeddable":true,"href":"https:\/\/www.brw.pl\/blog\/wp-json\/wp\/v2\/media\/20021"}],"wp:attachment":[{"href":"https:\/\/www.brw.pl\/blog\/wp-json\/wp\/v2\/media?parent=34739"}],"wp:term":[{"taxonomy":"category","embeddable":true,"href":"https:\/\/www.brw.pl\/blog\/wp-json\/wp\/v2\/categories?post=34739"},{"taxonomy":"post_tag","embeddable":true,"href":"https:\/\/www.brw.pl\/blog\/wp-json\/wp\/v2\/tags?post=34739"}],"curies":[{"name":"wp","href":"https:\/\/api.w.org\/{rel}","templated":true}]}}