{"id":34805,"date":"2023-11-08T08:00:56","date_gmt":"2023-11-08T07:00:56","guid":{"rendered":"https:\/\/www.brw.pl\/blog\/?p=34805"},"modified":"2023-11-07T16:58:48","modified_gmt":"2023-11-07T15:58:48","slug":"czarno-zlote-dodatki-w-salonie-mocny-akcent-w-duchu-glamour","status":"publish","type":"post","link":"https:\/\/www.brw.pl\/blog\/czarno-zlote-dodatki-w-salonie-mocny-akcent-w-duchu-glamour\/","title":{"rendered":"Czarno-z\u0142ote dodatki w salonie &#8211; mocny akcent w duchu glamour"},"content":{"rendered":"<p data-pm-slice=\"1 1 []\"><strong>We wn\u0119trzach glamour coraz wi\u0119ksz\u0105 popularno\u015bci\u0105 ciesz\u0105 si\u0119 kontrastowe zestawienia z\u0142ota oraz czerni. Oba kolory r\u00f3\u017cni\u0105 si\u0119 od siebie jak ogie\u0144 i woda, ale maj\u0105 pewn\u0105 wsp\u00f3ln\u0105 cech\u0119, kt\u00f3ra pojawia si\u0119 r\u00f3wnie\u017c we wszystkich aran\u017cacjach w stylu glamour. Jest ni\u0105 elegancja.<\/strong><\/p>\n<p data-pm-slice=\"1 1 []\"><!--more--><\/p>\n<p><center><img decoding=\"async\" class=\"alignnone size-medium wp-image-28076 lazyload\" data-src=\"https:\/\/www.brw.pl\/blog\/wp-content\/uploads\/2022\/11\/cloe-piwonie-aranzacja-salonu-800x597.jpg\" alt=\"Pok\u00f3j w stylu vintage - cloe\" width=\"800\" height=\"597\" data-srcset=\"https:\/\/www.brw.pl\/blog\/wp-content\/uploads\/2022\/11\/cloe-piwonie-aranzacja-salonu-800x597.jpg 800w, https:\/\/www.brw.pl\/blog\/wp-content\/uploads\/2022\/11\/cloe-piwonie-aranzacja-salonu-768x573.jpg 768w, https:\/\/www.brw.pl\/blog\/wp-content\/uploads\/2022\/11\/cloe-piwonie-aranzacja-salonu.jpg 1448w\" data-sizes=\"(max-width: 800px) 100vw, 800px\" src=\"data:image\/svg+xml;base64,PHN2ZyB3aWR0aD0iMSIgaGVpZ2h0PSIxIiB4bWxucz0iaHR0cDovL3d3dy53My5vcmcvMjAwMC9zdmciPjwvc3ZnPg==\" style=\"--smush-placeholder-width: 800px; --smush-placeholder-aspect-ratio: 800\/597;\" \/><\/center><\/p>\n<p style=\"text-align: center;\" data-pm-slice=\"1 1 []\"><a href=\"https:\/\/www.brw.pl\/lampa-biurkowa-doria,35608\" target=\"_blank\" rel=\"noopener noreferrer\"><strong>LAMPA BIURKOWA DORIA<\/strong><\/a><\/p>\n<h2><strong>Czarno-z\u0142ote dodatki w salonie \u2013 wn\u0119trze w ods\u0142onie glamour<\/strong><\/h2>\n<p>W naszym artykule:<\/p>\n<ul>\n<li>opowiemy o zaletach wplecenia w wystr\u00f3j pokoju dziennego czarno-z\u0142otych dodatk\u00f3w,<\/li>\n<li>wyja\u015bnimy, z jakimi barwami \u0142\u0105czy\u0107 wymienione kolory,<\/li>\n<li>zdradzimy, czym kierowa\u0107 si\u0119 podczas urz\u0105dzania wn\u0119trza, w kt\u00f3rym z\u0142ote akcenty towarzysz\u0105 czarnym detalom,<\/li>\n<li>zaprezentujemy wybrane dodatki od Black Red White,<\/li>\n<li>poka\u017cemy inspiruj\u0105ce aran\u017cacje salonu glamour.<\/li>\n<\/ul>\n<p>W przestrzeni odzwierciedlaj\u0105cej pe\u0142n\u0105 przepychu estetyk\u0119 glamour \u0142atwo popa\u015b\u0107 w ostentacj\u0119. Trzeba mie\u0107 du\u017ce wyczucie stylu, aby unikn\u0105\u0107 ra\u017c\u0105cej barokowej przesady. Najwa\u017cniejszy jest umiar. Dawno min\u0119\u0142a moda na ociekaj\u0105ce z\u0142otem, szalenie ozdobne wn\u0119trza.<\/p>\n<p>Glamour w nowoczesnej ods\u0142onie jest zdecydowanie bardziej minimalistyczny. Z\u0142ote dekoracje przemyca si\u0119 do pomieszczenia nieco dyskretniej, a b\u0142yszcz\u0105ce elementy r\u00f3wnowa\u017cy si\u0119 za pomoc\u0105 neutralnych kolor\u00f3w, w tym czerni. Pami\u0119taj jednak, \u017ce tak mocna barwa mo\u017ce szybko zdominowa\u0107 aran\u017cacj\u0119. Dlatego post\u0119puj z ni\u0105 ostro\u017cnie. Zar\u00f3wno z\u0142oto, jak i czer\u0144 najlepiej zaprosi\u0107 do wn\u0119trza w formie dodatk\u00f3w.<\/p>\n<p>Zestawienie czerni ze z\u0142otem jest odwa\u017cne i sprytne, poniewa\u017c oba kolory uzupe\u0142niaj\u0105 si\u0119 wzajemnie. <strong>Czer\u0144 podkre\u015bla subtelny blask z\u0142ota, ono z kolei j\u0105 ociepla.<\/strong> Ich maria\u017c w salonie to sprawdzony przepis na wyrazisty, ciekawy wystr\u00f3j.<\/p>\n<h3 style=\"text-align: center;\"><strong>Jakie kolory pasuj\u0105 do z\u0142ota i czerni?<\/strong><\/h3>\n<p>Czer\u0144 oraz z\u0142oto dobrze koresponduj\u0105 z jasnymi, stonowanymi barwami. Sprawdz\u0105 si\u0119 <strong>z\u0142amane biele, rozbielone szaro\u015bci, delikatne be\u017ce<\/strong>. To bezpieczne rozwi\u0105zanie, kt\u00f3re odnajdzie si\u0119 w ka\u017cdym pomieszczeniu niezale\u017cnie od jego metra\u017cu.<\/p>\n<p>Tw\u00f3j salon jest obszerny i preferujesz ciemne, nastrojowe wn\u0119trza? Po\u0142\u0105cz z\u0142oto i czer\u0144 z <strong>butelkow\u0105 zieleni\u0105<\/strong>. B\u0119dzie intryguj\u0105co, magicznie, odrobin\u0119 ba\u015bniowo. Ciemna ziele\u0144 \u015bwietnie wygl\u0105da mi\u0119dzy innymi na \u015bcianie, tapicerce <a href=\"https:\/\/www.brw.pl\/meble\/meble-wypoczynkowe\/sofy\/\" target=\"_blank\" rel=\"noopener noreferrer\">kanapy<\/a> czy dywanie.<\/p>\n<h2><strong>Czarno-z\u0142ote dodatki do salonu \u2013 kt\u00f3re wybra\u0107?<\/strong><\/h2>\n<p><center><img decoding=\"async\" data-src=\"https:\/\/images.surferseo.art\/1fae0a7a-5ca2-4194-bd00-b4b633da3b89.jpeg\" alt=\"Wuste\" src=\"data:image\/svg+xml;base64,PHN2ZyB3aWR0aD0iMSIgaGVpZ2h0PSIxIiB4bWxucz0iaHR0cDovL3d3dy53My5vcmcvMjAwMC9zdmciPjwvc3ZnPg==\" class=\"lazyload\" \/><\/center><\/p>\n<p style=\"text-align: center;\"><a href=\"https:\/\/www.brw.pl\/zaslona-wuste,51809\" target=\"_blank\" rel=\"noopener noreferrer\"><strong>ZAS\u0141ONA WUSTE<\/strong><\/a><\/p>\n<p>Masz szerokie pole do popisu w zakresie czarno-z\u0142otych dodatk\u00f3w do pokoju dziennego. Mog\u0105 to by\u0107 czarne tekstylia ozdobione z\u0142otym deseniem (na przyk\u0142ad o geometrycznych kszta\u0142tach) w postaci <a href=\"https:\/\/www.brw.pl\/tekstylia\/wystroj-okien\/zaslony\/\" target=\"_blank\" rel=\"noopener noreferrer\">zas\u0142on<\/a>, <a href=\"https:\/\/www.brw.pl\/tekstylia\/dywany-i-chodniki\/\" target=\"_blank\" rel=\"noopener noreferrer\">dywanu<\/a>, <a href=\"https:\/\/www.brw.pl\/dekoracje\/poduszki-dekoracyjne\/\" target=\"_blank\" rel=\"noopener noreferrer\">poduszek dekoracyjnych<\/a>. Strza\u0142em w dziesi\u0105tk\u0119 b\u0119d\u0105 <a href=\"https:\/\/www.brw.pl\/dekoracje\/dekoracje-scienne\/obrazy\/\" target=\"_blank\" rel=\"noopener noreferrer\">obrazy<\/a> z przewag\u0105 z\u0142ota i czarn\u0105 ram\u0105, tudzie\u017c obrazy w z\u0142otej ramie z czerni\u0105 w roli g\u0142\u00f3wnej. Egzamin zdadz\u0105 czarne <a href=\"https:\/\/www.brw.pl\/dekoracje\/figurki-i-rzezby\/\" target=\"_blank\" rel=\"noopener noreferrer\">figurki<\/a>, podstawki b\u0105d\u017a <a href=\"https:\/\/www.brw.pl\/dekoracje\/misy-i-patery\/\" target=\"_blank\" rel=\"noopener noreferrer\">patery<\/a> z akcentami w kolorze z\u0142ota. Na parapecie, <a href=\"https:\/\/www.brw.pl\/meble\/przechowywanie\/komody\/\" target=\"_blank\" rel=\"noopener noreferrer\">komodzie<\/a> albo bezpo\u015brednio na pod\u0142odze warto postawi\u0107 z\u0142ot\u0105 <a href=\"https:\/\/www.brw.pl\/dekoracje\/doniczki-i-oslonki\/oslonki-na-doniczki\/\" target=\"_blank\" rel=\"noopener noreferrer\">os\u0142onk\u0119 na doniczk\u0119<\/a> wspart\u0105 na czarnych metalowych n\u00f3\u017ckach. Rozwa\u017c z\u0142ote lampy z czarnymi komponentami.<\/p>\n<p>Wymienione dodatki znajdziesz w ofercie sklepu internetowego Black Red White. Oto cz\u0119\u015b\u0107 z nich.<\/p>\n<div style=\"display: flex; align-items: center; justify-content: center; text-align: center;\">\n<figure id=\"attachment_34806\" aria-describedby=\"caption-attachment-34806\" style=\"width: 350px\" class=\"wp-caption aligncenter\"><a href=\"https:\/\/www.brw.pl\/poduszka-dekoracyjna-black-wasp,28121\" target=\"_blank\" rel=\"noopener noreferrer\"><img decoding=\"async\" class=\"wp-image-34806 lazyload\" data-src=\"https:\/\/www.brw.pl\/blog\/wp-content\/uploads\/2023\/11\/poduszka-dekoracyjna-black-wasp-mediuma.jpg\" alt=\"Poduszka dekoracyjna Black Wasp\" width=\"350\" height=\"263\" src=\"data:image\/svg+xml;base64,PHN2ZyB3aWR0aD0iMSIgaGVpZ2h0PSIxIiB4bWxucz0iaHR0cDovL3d3dy53My5vcmcvMjAwMC9zdmciPjwvc3ZnPg==\" style=\"--smush-placeholder-width: 350px; --smush-placeholder-aspect-ratio: 350\/263;\" \/><\/a><figcaption id=\"caption-attachment-34806\" class=\"wp-caption-text\"><a href=\"https:\/\/www.brw.pl\/poduszka-dekoracyjna-black-wasp,28121\" target=\"_blank\" rel=\"noopener noreferrer\"><span style=\"font-weight: 400;\">PODUSZKA DEKORACYJNA BLACK WASP<\/span><\/a><\/figcaption><\/figure>\n<\/div>\n<p>Czarn\u0105, aksamitn\u0105 w dotyku poduszk\u0119 dekoracyjn\u0105 Black Wasp we wz\u00f3r z\u0142otych os koniecznie wyeksponuj na kanapie &#8211; popielatej, kremowej lub&#8230; bordo. Ciemna czerwie\u0144 pi\u0119knie komponuje si\u0119 zar\u00f3wno z czerni\u0105, jak i po\u0142yskuj\u0105cym z\u0142otem.<\/p>\n<div style=\"display: flex; align-items: center; justify-content: center; text-align: center;\">\n<figure id=\"attachment_29813\" aria-describedby=\"caption-attachment-29813\" style=\"width: 402px\" class=\"wp-caption aligncenter\"><a href=\"https:\/\/www.brw.pl\/obraz-kobieta,23247\" target=\"_blank\" rel=\"noopener noreferrer\"><img decoding=\"async\" class=\"wp-image-29813 lazyload\" data-src=\"https:\/\/www.brw.pl\/blog\/wp-content\/uploads\/2023\/02\/kobieta-obraz.jpg\" alt=\"Obraz &quot;Kobieta&quot;\" width=\"402\" height=\"302\" src=\"data:image\/svg+xml;base64,PHN2ZyB3aWR0aD0iMSIgaGVpZ2h0PSIxIiB4bWxucz0iaHR0cDovL3d3dy53My5vcmcvMjAwMC9zdmciPjwvc3ZnPg==\" style=\"--smush-placeholder-width: 402px; --smush-placeholder-aspect-ratio: 402\/302;\" \/><\/a><figcaption id=\"caption-attachment-29813\" class=\"wp-caption-text\"><a href=\"https:\/\/www.brw.pl\/obraz-kobieta,23247\" target=\"_blank\" rel=\"noopener noreferrer\"><span style=\"font-weight: 400;\">OBRAZ &#8222;KOBIETA&#8221;<\/span><\/a><\/figcaption><\/figure>\n<\/div>\n<p>Silne kontrasty to zdecydowanie Twoja bajka? Czarno-z\u0142oty obraz &#8222;Kobieta&#8221; powie\u015b na \u015bcianie pomalowanej bia\u0142\u0105 farb\u0105. Wolisz \u0142agodniejsze rozwi\u0105zania? Postaw na be\u017cowe t\u0142o. Tak wyrazisty obraz nie potrzebuje towarzystwa innych dekoracji \u015bciennych. Umie\u015b\u0107 go tam, gdzie b\u0119dzie mo\u017cna go bez przeszk\u00f3d podziwia\u0107.<\/p>\n<div style=\"display: flex; align-items: center; justify-content: center; text-align: center;\">\n<figure id=\"attachment_29459\" aria-describedby=\"caption-attachment-29459\" style=\"width: 350px\" class=\"wp-caption aligncenter\"><a href=\"https:\/\/www.brw.pl\/oslonka-metalowa,41168\" target=\"_blank\" rel=\"noopener noreferrer\"><img decoding=\"async\" class=\"wp-image-29459 lazyload\" data-src=\"https:\/\/www.brw.pl\/blog\/wp-content\/uploads\/2023\/01\/Os\u0142onka-metalowa-800x540.png\" alt=\"Os\u0142onka z\u0142ota\" width=\"350\" height=\"236\" data-srcset=\"https:\/\/www.brw.pl\/blog\/wp-content\/uploads\/2023\/01\/Os\u0142onka-metalowa-800x540.png 800w, https:\/\/www.brw.pl\/blog\/wp-content\/uploads\/2023\/01\/Os\u0142onka-metalowa-768x518.png 768w, https:\/\/www.brw.pl\/blog\/wp-content\/uploads\/2023\/01\/Os\u0142onka-metalowa-1536x1037.png 1536w, https:\/\/www.brw.pl\/blog\/wp-content\/uploads\/2023\/01\/Os\u0142onka-metalowa.png 1600w\" data-sizes=\"(max-width: 350px) 100vw, 350px\" src=\"data:image\/svg+xml;base64,PHN2ZyB3aWR0aD0iMSIgaGVpZ2h0PSIxIiB4bWxucz0iaHR0cDovL3d3dy53My5vcmcvMjAwMC9zdmciPjwvc3ZnPg==\" style=\"--smush-placeholder-width: 350px; --smush-placeholder-aspect-ratio: 350\/236;\" \/><\/a><figcaption id=\"caption-attachment-29459\" class=\"wp-caption-text\"><a href=\"https:\/\/www.brw.pl\/oslonka-metalowa,41168\" target=\"_blank\" rel=\"noopener noreferrer\"><span style=\"font-weight: 400;\">METALOWA OS\u0141ONKA<\/span><\/a><\/figcaption><\/figure>\n<\/div>\n<p>W metalowej os\u0142once w z\u0142otym kolorze na czarnym stela\u017cu wspaniale zaprezentuje si\u0119 egzotyczna ro\u015blina z okaza\u0142ymi, soczy\u015bcie zielonymi li\u015b\u0107mi. Ulokuj j\u0105 na blacie komody oraz otocz przedmiotami dekoracyjnymi w neutralnych odcieniach bieli i szaro\u015bci.<\/p>\n<div style=\"display: flex; align-items: center; justify-content: center; text-align: center;\">\n<figure id=\"attachment_34807\" aria-describedby=\"caption-attachment-34807\" style=\"width: 352px\" class=\"wp-caption aligncenter\"><a href=\"https:\/\/www.brw.pl\/podstawka-kongo,51185\" target=\"_blank\" rel=\"noopener noreferrer\"><img decoding=\"async\" class=\"wp-image-34807 lazyload\" data-src=\"https:\/\/www.brw.pl\/blog\/wp-content\/uploads\/2023\/11\/podstawka-kongo-mediuma.jpg\" alt=\"Podstawka Kongo\" width=\"352\" height=\"264\" src=\"data:image\/svg+xml;base64,PHN2ZyB3aWR0aD0iMSIgaGVpZ2h0PSIxIiB4bWxucz0iaHR0cDovL3d3dy53My5vcmcvMjAwMC9zdmciPjwvc3ZnPg==\" style=\"--smush-placeholder-width: 352px; --smush-placeholder-aspect-ratio: 352\/264;\" \/><\/a><figcaption id=\"caption-attachment-34807\" class=\"wp-caption-text\"><a href=\"https:\/\/www.brw.pl\/podstawka-kongo,51185\" target=\"_blank\" rel=\"noopener noreferrer\"><span style=\"font-weight: 400;\">PODSTAWKA KONGO<\/span><\/a><\/figcaption><\/figure>\n<\/div>\n<p>Lekka drewniana podstawka Kongo polubi si\u0119 ze stolikiem kawowym w strefie wypoczynkowej salonu. Czarna dekoracja ze z\u0142otymi przetarciami i pod\u0142u\u017cnymi \u017c\u0142obieniami jest bardzo efektown\u0105 ozdob\u0105 sama w sobie, ale nic nie stoi na przeszkodzie, aby postawi\u0107 na niej \u015bwiec\u0119 zapachow\u0105.<\/p>\n<div style=\"display: flex; align-items: center; justify-content: center; text-align: center;\">\n<figure id=\"attachment_32766\" aria-describedby=\"caption-attachment-32766\" style=\"width: 350px\" class=\"wp-caption aligncenter\"><a href=\"https:\/\/www.brw.pl\/figurka-ptaszek,41190\" target=\"_blank\" rel=\"noopener noreferrer\"><img decoding=\"async\" class=\"wp-image-32766 lazyload\" data-src=\"https:\/\/www.brw.pl\/blog\/wp-content\/uploads\/2023\/05\/figurka-ptaszek.jpg\" alt=\"Figurka ptaszek\" width=\"350\" height=\"263\" src=\"data:image\/svg+xml;base64,PHN2ZyB3aWR0aD0iMSIgaGVpZ2h0PSIxIiB4bWxucz0iaHR0cDovL3d3dy53My5vcmcvMjAwMC9zdmciPjwvc3ZnPg==\" style=\"--smush-placeholder-width: 350px; --smush-placeholder-aspect-ratio: 350\/263;\" \/><\/a><figcaption id=\"caption-attachment-32766\" class=\"wp-caption-text\"><a href=\"https:\/\/www.brw.pl\/figurka-ptaszek,41190\" target=\"_blank\" rel=\"noopener noreferrer\"><span style=\"font-weight: 400;\">FIGURKA PTASZEK<\/span><\/a><\/figcaption><\/figure>\n<\/div>\n<p>W pokoju dziennym glamour motywy ro\u015blinne i zwierz\u0119ce s\u0105 mile widziane. Figurka czarnego ptaszka ze z\u0142otym dziobem oraz ko\u0144c\u00f3wkami skrzyde\u0142 i ogona w tym odcieniu b\u0119dzie uroczym uzupe\u0142nieniem salonu.<\/p>\n<p>Czytaj r\u00f3wnie\u017c: <a href=\"https:\/\/www.brw.pl\/blog\/salon-czarno-bialy-glamour-w-klasycznej-odslonie\/\" target=\"_blank\" rel=\"noopener noreferrer\"><strong>&#8222;Salon czarno-bia\u0142y \u2013 glamour w klasycznej ods\u0142onie!&#8221;<\/strong><\/a>.<\/p>\n<h2><strong>Czarno-z\u0142ote dodatki w salonie \u2013 inspiracje<\/strong><\/h2>\n<p>Przygotowali\u015bmy dla Ciebie dwie aran\u017cacje salonu glamour z czarno-z\u0142otymi dodatkami. Kt\u00f3ra z nich bardziej Ci si\u0119 podoba?<\/p>\n<h3 style=\"text-align: center;\"><strong>Pok\u00f3j dzienny w stylu glamour z loftow\u0105 nut\u0105<\/strong><\/h3>\n<p><center><img decoding=\"async\" class=\"alignnone size-medium wp-image-32442 lazyload\" data-src=\"https:\/\/www.brw.pl\/blog\/wp-content\/uploads\/2023\/05\/S471_Forn_dzienny-800x524.jpg\" alt=\"Jak rozja\u015bni\u0107 salon z ciemnymi meblami?\" width=\"800\" height=\"524\" data-srcset=\"https:\/\/www.brw.pl\/blog\/wp-content\/uploads\/2023\/05\/S471_Forn_dzienny-800x524.jpg 800w, https:\/\/www.brw.pl\/blog\/wp-content\/uploads\/2023\/05\/S471_Forn_dzienny-768x503.jpg 768w, https:\/\/www.brw.pl\/blog\/wp-content\/uploads\/2023\/05\/S471_Forn_dzienny-1536x1006.jpg 1536w, https:\/\/www.brw.pl\/blog\/wp-content\/uploads\/2023\/05\/S471_Forn_dzienny.jpg 1645w\" data-sizes=\"(max-width: 800px) 100vw, 800px\" src=\"data:image\/svg+xml;base64,PHN2ZyB3aWR0aD0iMSIgaGVpZ2h0PSIxIiB4bWxucz0iaHR0cDovL3d3dy53My5vcmcvMjAwMC9zdmciPjwvc3ZnPg==\" style=\"--smush-placeholder-width: 800px; --smush-placeholder-aspect-ratio: 800\/524;\" \/><\/center><\/p>\n<p style=\"text-align: center;\"><a href=\"https:\/\/www.brw.pl\/lampa-podlogowa-tripod,33894\" target=\"_blank\" rel=\"noopener noreferrer\"><strong>LAMPA POD\u0141OGOWA TRIPOD<\/strong><\/a><\/p>\n<p>W bran\u017cy wn\u0119trzarskiej cz\u0119sto \u0142\u0105czy si\u0119 ze sob\u0105 poszczeg\u00f3lne nurty. Ostatni krzyk mody to zestawienie estetyki loftowej z glamour, czyli eklektyczny i jedyny w swoim rodzaju styl glam loft. Wyr\u00f3\u017cnia si\u0119 szykiem z tak zwanym pazurem. Minimalistycznym rozwi\u0105zaniom oraz mocnym, czarnym akcentom towarzysz\u0105 z\u0142ote detale i liczniejsze dekoracje, kt\u00f3re tradycyjna postindustrialna stylistyka akceptuje tylko w bardzo oszcz\u0119dnym wydaniu. Jednak elegancki salon glam loft jest na nie znacznie bardziej otwarty, co wyra\u017anie wida\u0107 na powy\u017cszej aran\u017cacji.<\/p>\n<p>Czarno-z\u0142ote dodatki wyst\u0119puj\u0105 w postaci o\u015bwietlenia &#8211; lampy pod\u0142ogowej Tripod oraz lampy wisz\u0105cej. Czarne komponenty podkre\u015blaj\u0105 loftowy charakter wn\u0119trza, za\u015b z\u0142ote dodaj\u0105 mu blasku glamour. Maria\u017c czerni i z\u0142ota zosta\u0142 tutaj przemycony tak\u017ce w formie <a href=\"https:\/\/www.brw.pl\/witryna-forn,38207\" target=\"_blank\" rel=\"noopener noreferrer\"><strong>witryny Forn<\/strong><\/a>. O\u015bwietlenie LED wype\u0142nia oszklone p\u00f3\u0142ki z\u0142ocistym \u015bwiat\u0142em, kt\u00f3re efektownie wsp\u00f3\u0142gra z czarnym frontem mebla. W\u015br\u00f3d z\u0142otych element\u00f3w uwag\u0119 przyci\u0105ga r\u00f3wnie\u017c <a href=\"https:\/\/www.brw.pl\/poduszka-dekoracyjna-lena,45827\" target=\"_blank\" rel=\"noopener noreferrer\"><strong>poduszka ozdobna Lena<\/strong><\/a> w tym odcieniu, \u0142adnie wyeksponowana na popielatej kanapie. Z\u0142oty kolor pasuje te\u017c do ciemnej szaro\u015bci pozosta\u0142ych poduszek dekoracyjnych le\u017c\u0105cych obok. Ka\u017cdy szczeg\u00f3\u0142 ma tu znaczenie.<\/p>\n<p><strong>Produkty widoczne na zdj\u0119ciu czekaj\u0105 na Ciebie <\/strong><a href=\"https:\/\/www.brw.pl\/inspiracje\/produkty\/?a=7355,forn\" target=\"_blank\" rel=\"noopener noreferrer\"><strong>TUTAJ<\/strong><\/a><strong>.<\/strong><\/p>\n<p><strong>Witryn\u0119 Forn<\/strong> obejrzysz dok\u0142adniej na filmie dost\u0119pnym na <a href=\"https:\/\/www.youtube.com\/@brwmeble\" target=\"_blank\" rel=\"noopener noreferrer\"><strong>kanale BRW<\/strong><\/a> w serwisie YouTube:<\/p>\n<div class=\"videoWrapper\"><iframe title=\"Witryna Forn\" data-src=\"https:\/\/www.youtube.com\/embed\/X75sRvUpKFM\" frameborder=\"0\" allowfullscreen=\"allowfullscreen\" src=\"data:image\/svg+xml;base64,PHN2ZyB3aWR0aD0iMSIgaGVpZ2h0PSIxIiB4bWxucz0iaHR0cDovL3d3dy53My5vcmcvMjAwMC9zdmciPjwvc3ZnPg==\" data-load-mode=\"1\"><span data-mce-type=\"bookmark\" style=\"display: inline-block; width: 0px; overflow: hidden; line-height: 0;\" class=\"mce_SELRES_start lazyload\">\ufeff<\/span><\/iframe><\/div>\n<p>&nbsp;<\/p>\n<p>Czytaj r\u00f3wnie\u017c: <a href=\"https:\/\/www.brw.pl\/blog\/salon-loftowy-glamour-poznaj-polaczenie-loft-glam-we-wnetrzach\/\" target=\"_blank\" rel=\"noopener noreferrer\"><strong>&#8222;Salon loftowy? Glamour? Poznaj po\u0142\u0105czenie loft glam we wn\u0119trzach!&#8221;<\/strong><\/a>.<\/p>\n<h3 style=\"text-align: center;\"><strong>Z\u0142oto, czer\u0144 i butelkowa ziele\u0144 &#8211; najmodniejsze <em>z<\/em>estawienie kolor\u00f3w w salonie glamour<\/strong><\/h3>\n<p><center><img decoding=\"async\" class=\"alignnone size-full wp-image-34808 lazyload\" data-src=\"https:\/\/www.brw.pl\/blog\/wp-content\/uploads\/2023\/11\/lampa-stolowa-calisto-mediuma.jpg\" alt=\"Lampa sto\u0142owa Calisto\" width=\"316\" height=\"314\" data-srcset=\"https:\/\/www.brw.pl\/blog\/wp-content\/uploads\/2023\/11\/lampa-stolowa-calisto-mediuma.jpg 316w, https:\/\/www.brw.pl\/blog\/wp-content\/uploads\/2023\/11\/lampa-stolowa-calisto-mediuma-150x150.jpg 150w, https:\/\/www.brw.pl\/blog\/wp-content\/uploads\/2023\/11\/lampa-stolowa-calisto-mediuma-165x165.jpg 165w, https:\/\/www.brw.pl\/blog\/wp-content\/uploads\/2023\/11\/lampa-stolowa-calisto-mediuma-120x120.jpg 120w\" data-sizes=\"(max-width: 316px) 100vw, 316px\" src=\"data:image\/svg+xml;base64,PHN2ZyB3aWR0aD0iMSIgaGVpZ2h0PSIxIiB4bWxucz0iaHR0cDovL3d3dy53My5vcmcvMjAwMC9zdmciPjwvc3ZnPg==\" style=\"--smush-placeholder-width: 316px; --smush-placeholder-aspect-ratio: 316\/314;\" \/><\/center><\/p>\n<p style=\"text-align: center;\"><a href=\"https:\/\/www.brw.pl\/lampa-stolowa-calisto,55805\" target=\"_blank\" rel=\"noopener noreferrer\"><strong>LAMPA STO\u0141OWA CALISTO<\/strong><\/a><\/p>\n<p>Nie znosisz banalnych aran\u017cacji? Z\u0142oto-czarne dodatki na tle butelkowej zieleni to propozycja, kt\u00f3ra powinna Ci\u0119 zainteresowa\u0107. Ciemna ziele\u0144 nawi\u0105zuje do \u015bwiata przyrody, mi\u0142o kojarz\u0105c si\u0119 z lasem. W butelkowej ods\u0142onie sprawia, \u017ce pomieszczenie staje si\u0119 bardziej szykowne i stylowe.<\/p>\n<p>W naszym pokoju dziennym kr\u00f3luje w\u0142a\u015bnie ona &#8211; g\u0142\u0119boka, nastrojowa ziele\u0144. Farb\u0105 w tym kolorze pomalowali\u015bmy \u015bciany, kt\u00f3re dodatkowo ozdobili\u015bmy wyj\u0105tkowo dekoracyjn\u0105 sztukateri\u0105. Butelkowa \u015bciana tworzy idealn\u0105 opraw\u0119 dla czarno-z\u0142otej lampy sto\u0142owej Calisto. Lampa zjawiskowo komponuje si\u0119 tak\u017ce z kompletem dw\u00f3ch stolik\u00f3w kawowych na z\u0142ocistych stela\u017cach. Taki projekt wn\u0119trza z pewno\u015bci\u0105 zachwyci domownik\u00f3w oraz ich go\u015bci.<\/p>\n<p>Po wi\u0119cej inspiracji zapraszamy do <a href=\"https:\/\/www.brw.pl\/\" target=\"_blank\" rel=\"noopener noreferrer\"><strong><u>sklepu internetowego Black Red White<\/u><\/strong><\/a><strong>!<\/strong><\/p>\n","protected":false},"excerpt":{"rendered":"<p>We wn\u0119trzach glamour coraz wi\u0119ksz\u0105 popularno\u015bci\u0105 ciesz\u0105 si\u0119 kontrastowe zestawienia z\u0142ota oraz czerni. Oba kolory r\u00f3\u017cni\u0105 si\u0119 od siebie jak ogie\u0144 i woda, ale maj\u0105 pewn\u0105 wsp\u00f3ln\u0105 cech\u0119, kt\u00f3ra pojawia si\u0119 r\u00f3wnie\u017c we wszystkich aran\u017cacjach w stylu glamour. Jest ni\u0105 elegancja.<\/p>\n","protected":false},"author":29,"featured_media":28076,"comment_status":"closed","ping_status":"open","sticky":false,"template":"","format":"standard","meta":{"footnotes":""},"categories":[39,28,735,745],"tags":[],"aioseo_notices":[],"_links":{"self":[{"href":"https:\/\/www.brw.pl\/blog\/wp-json\/wp\/v2\/posts\/34805"}],"collection":[{"href":"https:\/\/www.brw.pl\/blog\/wp-json\/wp\/v2\/posts"}],"about":[{"href":"https:\/\/www.brw.pl\/blog\/wp-json\/wp\/v2\/types\/post"}],"author":[{"embeddable":true,"href":"https:\/\/www.brw.pl\/blog\/wp-json\/wp\/v2\/users\/29"}],"replies":[{"embeddable":true,"href":"https:\/\/www.brw.pl\/blog\/wp-json\/wp\/v2\/comments?post=34805"}],"version-history":[{"count":2,"href":"https:\/\/www.brw.pl\/blog\/wp-json\/wp\/v2\/posts\/34805\/revisions"}],"predecessor-version":[{"id":34810,"href":"https:\/\/www.brw.pl\/blog\/wp-json\/wp\/v2\/posts\/34805\/revisions\/34810"}],"wp:featuredmedia":[{"embeddable":true,"href":"https:\/\/www.brw.pl\/blog\/wp-json\/wp\/v2\/media\/28076"}],"wp:attachment":[{"href":"https:\/\/www.brw.pl\/blog\/wp-json\/wp\/v2\/media?parent=34805"}],"wp:term":[{"taxonomy":"category","embeddable":true,"href":"https:\/\/www.brw.pl\/blog\/wp-json\/wp\/v2\/categories?post=34805"},{"taxonomy":"post_tag","embeddable":true,"href":"https:\/\/www.brw.pl\/blog\/wp-json\/wp\/v2\/tags?post=34805"}],"curies":[{"name":"wp","href":"https:\/\/api.w.org\/{rel}","templated":true}]}}