{"id":34843,"date":"2023-11-12T08:00:24","date_gmt":"2023-11-12T07:00:24","guid":{"rendered":"https:\/\/www.brw.pl\/blog\/?p=34843"},"modified":"2024-02-15T11:37:27","modified_gmt":"2024-02-15T10:37:27","slug":"swiateczny-salon-glamour-inspiracje-z-black-red-white","status":"publish","type":"post","link":"https:\/\/www.brw.pl\/blog\/swiateczny-salon-glamour-inspiracje-z-black-red-white\/","title":{"rendered":"\u015awi\u0105teczny salon glamour &#8211; inspiracje z Black Red White"},"content":{"rendered":"<p data-pm-slice=\"1 1 []\"><strong>\u015awi\u0119ta Bo\u017cego Narodzenia to wyj\u0105tkowy czas. Dlatego wymagaj\u0105 odpowiedniej, uroczystej oprawy. W wyczarowaniu jej pomog\u0105 Ci \u015bwi\u0105teczne dekoracje. Eleganckie gwiazdkowe dodatki najbardziej pasuj\u0105 do wn\u0119trz urz\u0105dzonych w stylu glamour. Zobacz, jak wple\u015b\u0107 je w wystr\u00f3j salonu w duchu glam!<\/strong><\/p>\n<p data-pm-slice=\"1 1 []\"><!--more--><\/p>\n<p><center><img decoding=\"async\" class=\"alignnone size-medium wp-image-34669 lazyload\" data-src=\"https:\/\/www.brw.pl\/blog\/wp-content\/uploads\/2023\/10\/THK-090582-THK-089045-800x651.jpg\" alt=\"\" width=\"800\" height=\"651\" data-srcset=\"https:\/\/www.brw.pl\/blog\/wp-content\/uploads\/2023\/10\/THK-090582-THK-089045-800x651.jpg 800w, https:\/\/www.brw.pl\/blog\/wp-content\/uploads\/2023\/10\/THK-090582-THK-089045-768x625.jpg 768w, https:\/\/www.brw.pl\/blog\/wp-content\/uploads\/2023\/10\/THK-090582-THK-089045.jpg 1312w\" data-sizes=\"(max-width: 800px) 100vw, 800px\" src=\"data:image\/svg+xml;base64,PHN2ZyB3aWR0aD0iMSIgaGVpZ2h0PSIxIiB4bWxucz0iaHR0cDovL3d3dy53My5vcmcvMjAwMC9zdmciPjwvc3ZnPg==\" style=\"--smush-placeholder-width: 800px; --smush-placeholder-aspect-ratio: 800\/651;\" \/><\/center><\/p>\n<p style=\"text-align: center;\" data-pm-slice=\"1 1 []\"><a href=\"https:\/\/www.brw.pl\/gwiazda-do-zawieszania-10led-60cm-mix-kolorow,129924\" target=\"_blank\" rel=\"noopener noreferrer\"><strong>GWIAZDA DO ZAWIESZENIA<\/strong><\/a><\/p>\n<h2><strong>\u015awi\u0105teczny salon glamour \u2013 elegancja w wyj\u0105tkowym wydaniu!<\/strong><\/h2>\n<p>W naszym artykule:<\/p>\n<ul>\n<li>wyja\u015bnimy, jakie ozdoby na Bo\u017ce Narodzenie podkre\u015bl\u0105 urod\u0119 salonu glamour,<\/li>\n<li>poka\u017cemy dodatki od Black Red White, kt\u00f3re pomog\u0105 Ci wprowadzi\u0107 \u015bwi\u0105teczny klimat,<\/li>\n<li>zaprezentujemy inspiruj\u0105ce gwiazdkowe aran\u017cacje.<\/li>\n<\/ul>\n<h3 style=\"text-align: center;\"><strong>Dekoracje \u015bwi\u0105teczne w stylu glamour &#8211; co je wyr\u00f3\u017cnia?<\/strong><\/h3>\n<p>W sklepach &#8211; zar\u00f3wno stacjonarnych, jak i internetowych &#8211; ju\u017c w listopadzie pojawiaj\u0105 si\u0119 <a href=\"https:\/\/www.brw.pl\/dekoracje\/ozdoby-swiateczne\/\" target=\"_blank\" rel=\"noopener noreferrer\">\u015bwi\u0105teczne ozdoby<\/a>. Wyb\u00f3r jest tak ogromny, \u017ce cz\u0119sto trudno si\u0119 zdecydowa\u0107. Co wtedy zrobi\u0107? Przede wszystkim pami\u0119taj, \u017ce nie musisz dekorowa\u0107 ca\u0142ego mieszkania. Wystarczy jedno pomieszczenie. Kt\u00f3re wybra\u0107? To, gdzie sp\u0119dzasz najwi\u0119cej czasu oraz zapraszasz go\u015bci, czyli pok\u00f3j dzienny. Przy tym najlepiej ograniczy\u0107 si\u0119 tylko do dodatk\u00f3w, kt\u00f3re wpisuj\u0105 si\u0119 w estetyk\u0119, zgodnie z kt\u00f3r\u0105 jest urz\u0105dzony Tw\u00f3j salon.<\/p>\n<p>Co jest wizyt\u00f3wk\u0105 stylu glamour? Elegancja. Rozgl\u0105daj\u0105c si\u0119 za konkretnymi dekoracjami, kieruj si\u0119 w\u0142a\u015bnie tym kryterium. Raczej zrezygnuj z poczciwych krasnali z czapkami nasuni\u0119tymi na oczy. Zapomnij o choince uginaj\u0105cej si\u0119 pod ci\u0119\u017carem <a href=\"https:\/\/www.brw.pl\/dekoracje\/ozdoby-swiateczne\/bombki-i-ozdoby-choinkowe\/\" target=\"_blank\" rel=\"noopener noreferrer\">bombek, zawieszek<\/a> i \u0142a\u0144cuch\u00f3w z r\u00f3\u017cnych bajek, rozmieszczonych w przypadkowy, chaotyczny spos\u00f3b. Trzymaj si\u0119 z daleka od kiczowatych, plastikowych <a href=\"https:\/\/www.brw.pl\/dekoracje\/ozdoby-swiateczne\/figurki-bozonarodzeniowe\/\" target=\"_blank\" rel=\"noopener noreferrer\">figurek<\/a> miko\u0142aj\u00f3w i renifer\u00f3w w jarmarcznych kolorach.<\/p>\n<p><strong>Estetyka glamour w nowoczesnej ods\u0142onie jest bardziej stonowana, ceni dobry smak i paryski szyk.<\/strong> Jakie zatem ozdoby powinny uzupe\u0142ni\u0107 wystr\u00f3j pokoju dziennego glam? Tego dowiesz si\u0119 z dalszej cz\u0119\u015bci artyku\u0142u!<\/p>\n<h2><strong>Salon glamour na \u015bwi\u0119ta \u2013 jakie dodatki wybra\u0107?<\/strong><\/h2>\n<p><center><img decoding=\"async\" class=\"alignnone size-medium wp-image-34721 lazyload\" data-src=\"https:\/\/www.brw.pl\/blog\/wp-content\/uploads\/2023\/10\/Choinka-2023-800x532.jpg\" alt=\"Choinka 2023\" width=\"800\" height=\"532\" data-srcset=\"https:\/\/www.brw.pl\/blog\/wp-content\/uploads\/2023\/10\/Choinka-2023-800x532.jpg 800w, https:\/\/www.brw.pl\/blog\/wp-content\/uploads\/2023\/10\/Choinka-2023-768x511.jpg 768w, https:\/\/www.brw.pl\/blog\/wp-content\/uploads\/2023\/10\/Choinka-2023-1536x1022.jpg 1536w, https:\/\/www.brw.pl\/blog\/wp-content\/uploads\/2023\/10\/Choinka-2023.jpg 1617w\" data-sizes=\"(max-width: 800px) 100vw, 800px\" src=\"data:image\/svg+xml;base64,PHN2ZyB3aWR0aD0iMSIgaGVpZ2h0PSIxIiB4bWxucz0iaHR0cDovL3d3dy53My5vcmcvMjAwMC9zdmciPjwvc3ZnPg==\" style=\"--smush-placeholder-width: 800px; --smush-placeholder-aspect-ratio: 800\/532;\" \/><\/center><\/p>\n<p style=\"text-align: center;\"><a href=\"https:\/\/www.brw.pl\/komplet-4-bombek-serce-srebrny,131535\" target=\"_blank\" rel=\"noopener noreferrer\"><strong>KOMPLET BOMBEK SERCE<\/strong><\/a><\/p>\n<p>Zacznijmy od palety barw. Musisz uwzgl\u0119dni\u0107 typowo \u015bwi\u0105teczne kolory, kt\u00f3re wyczaruj\u0105 pe\u0142en magii, wyj\u0105tkowy nastr\u00f3j. W ka\u017cdym domu, szczeg\u00f3lnie w takim, kt\u00f3ry odzwierciedla styl glamour, sprawdz\u0105 si\u0119 dodatki w <strong>odcieniach srebra, z\u0142ota, \u015bnie\u017cnej bieli, butelkowej zieleni lasu iglastego, czerwieni owoc\u00f3w ostrokrzewu<\/strong>. Strza\u0142em w dziesi\u0105tk\u0119 b\u0119d\u0105 przedmioty bezbarwne, lekko transparentne, jak sople lodu. Pi\u0119knie odbij\u0105 \u015bwiat\u0142o <a href=\"https:\/\/www.brw.pl\/dekoracje\/ozdoby-swiateczne\/lampki-choinkowe\/\" target=\"_blank\" rel=\"noopener noreferrer\">lampek choinkowych<\/a>, <a href=\"https:\/\/www.brw.pl\/dekoracje\/swiece-i-swieczniki\/lampiony\/\" target=\"_blank\" rel=\"noopener noreferrer\">lampion\u00f3w<\/a>, <a href=\"https:\/\/www.brw.pl\/oswietlenie\/oswietlenie-wewnetrzne\/kinkiety\/\" target=\"_blank\" rel=\"noopener noreferrer\">kinkiet\u00f3w<\/a>.<\/p>\n<p>W bo\u017conarodzeniowym salonie bezsprzecznie kr\u00f3luje choinka. Dlatego w pierwszej kolejno\u015bci warto skupi\u0107 si\u0119 na ozdobieniu drzewka. Radosny miszmasz kolorystyczny nie wchodzi w gr\u0119. Rozwa\u017c dekoracje w jednej, dw\u00f3ch barwach spo\u015br\u00f3d wymienionych wy\u017cej, opr\u00f3cz zieleni. Dobrym pomys\u0142em s\u0105 mi\u0119dzy innymi <strong>r\u0119cznie malowane szklane bombki, srebrzyste zawieszki, girlanda male\u0144kich, transparentnych pere\u0142ek zamiast tradycyjnego \u0142a\u0144cucha<\/strong>.<\/p>\n<p>Czytaj r\u00f3wnie\u017c: <a href=\"https:\/\/www.brw.pl\/blog\/choinka-2023-trendy-ktore-musisz-znac\/\" target=\"_blank\" rel=\"noopener noreferrer\"><strong>&#8222;Choinka 2023 \u2013 trendy, kt\u00f3re musisz zna\u0107!&#8221;<\/strong><\/a>.<\/p>\n<p>Je\u015bli chodzi o dekoracje okienne, egzamin zdadz\u0105 na przyk\u0142ad bia\u0142e lub z\u0142ote <strong>gwiazdy wisz\u0105ce z lampkami led<\/strong>. Na parapecie mo\u017cemy postawi\u0107 <strong>szklan\u0105 kul\u0119<\/strong>, kt\u00f3ra wype\u0142ni si\u0119 wiruj\u0105cym \u015bniegiem po potrz\u0105\u015bni\u0119ciu. B\u0119dzie wygl\u0105da\u0107 magicznie w towarzystwie <strong>latarenki<\/strong> roztaczaj\u0105cej ciep\u0142y blask o zmierzchu.<\/p>\n<p>Na \u015bcianie koniecznie powie\u015b <a href=\"https:\/\/www.brw.pl\/dekoracje\/ozdoby-swiateczne\/wianki-i-girlandy\/akcja-przygotuj-dom-na-swieta\/\" target=\"_blank\" rel=\"noopener noreferrer\"><strong>wianek<\/strong><\/a> wykonany z ga\u0142\u0105zek \u015bwierku, ostrokrzewu, szyszek. \u015awietnie prezentuj\u0105 si\u0119 modele dodatkowo ozdobione ma\u0142ymi bombkami. Wianek mo\u017cesz r\u00f3wnie\u017c zrobi\u0107 samodzielnie. Praca nad nim przyniesie du\u017co rado\u015bci i satysfakcji, a wykonana przez Ciebie dekoracja b\u0119dzie jedyna w swoim rodzaju.<\/p>\n<p>Bardzo istotnym elementem gwiazdkowego wystroju pokoju dziennego jest \u015bwi\u0105teczny st\u00f3\u0142. Umie\u015b\u0107 na nim <strong>kryszta\u0142owe \u015bwieczniki<\/strong> z wysokimi, smuk\u0142ymi \u015bwiecami. Przyda si\u0119 lniany <a href=\"https:\/\/www.brw.pl\/tekstylia\/dekoracja-stolu\/biezniki\/\" target=\"_blank\" rel=\"noopener noreferrer\">bie\u017cnik<\/a> b\u0105d\u017a <a href=\"https:\/\/www.brw.pl\/tekstylia\/dekoracja-stolu\/obrusy\/\" target=\"_blank\" rel=\"noopener noreferrer\">obrus<\/a> ozdobiony dyskretnym bo\u017conarodzeniowym motywem. Zastan\u00f3w si\u0119 nad stylow\u0105 <a href=\"https:\/\/www.brw.pl\/dekoracje\/misy-i-patery\/\" target=\"_blank\" rel=\"noopener noreferrer\"><strong>pater\u0105<\/strong><\/a><strong>, na kt\u00f3rej u\u0142o\u017cysz pomara\u0144cze z go\u017adzikami<\/strong>. B\u0119d\u0105 wspaniale pachnie\u0107.<\/p>\n<h3 style=\"text-align: center;\"><strong>\u015awi\u0105teczne dekoracje od Black Red White<\/strong><\/h3>\n<p>Oto przegl\u0105d bo\u017conarodzeniowych ozd\u00f3b od Black Red White, kt\u00f3re zrobi\u0105 prawdziw\u0105 furor\u0119 w salonie glamour.<\/p>\n<div style=\"display: flex; align-items: center; justify-content: center; text-align: center;\">\n<figure id=\"attachment_34844\" aria-describedby=\"caption-attachment-34844\" style=\"width: 350px\" class=\"wp-caption aligncenter\"><a href=\"https:\/\/www.brw.pl\/poduszka-dekoracyjna-cami,51884\" target=\"_blank\" rel=\"noopener noreferrer\"><img decoding=\"async\" class=\"wp-image-34844 lazyload\" data-src=\"https:\/\/www.brw.pl\/blog\/wp-content\/uploads\/2023\/11\/poduszka-dekoracyjna-cami-mediuma.jpg\" alt=\"Poduszka Cami czerwona\" width=\"350\" height=\"263\" src=\"data:image\/svg+xml;base64,PHN2ZyB3aWR0aD0iMSIgaGVpZ2h0PSIxIiB4bWxucz0iaHR0cDovL3d3dy53My5vcmcvMjAwMC9zdmciPjwvc3ZnPg==\" style=\"--smush-placeholder-width: 350px; --smush-placeholder-aspect-ratio: 350\/263;\" \/><\/a><figcaption id=\"caption-attachment-34844\" class=\"wp-caption-text\"><a href=\"https:\/\/www.brw.pl\/poduszka-dekoracyjna-cami,51884\" target=\"_blank\" rel=\"noopener noreferrer\"><span style=\"font-weight: 400;\">PODUSZKA DEKORACYJNA CAMI<\/span><\/a><\/figcaption><\/figure>\n<\/div>\n<p>Co powiesz na poduszk\u0119 dekoracyjn\u0105 Cami w kolorze wina z efektownymi z\u0142otymi przetarciami? Po\u0142\u00f3\u017c j\u0105 na kanapie albo fotelu. Zapewni mi\u0119kkie podparcie pod g\u0142ow\u0119 lub plecy podczas drzemki, ogl\u0105dania telewizji, czytania.<\/p>\n<div style=\"display: flex; align-items: center; justify-content: center; text-align: center;\">\n<figure id=\"attachment_35131\" aria-describedby=\"caption-attachment-35131\" style=\"width: 350px\" class=\"wp-caption aligncenter\"><a href=\"https:\/\/www.brw.pl\/bieznik-swiateczny-33x180cm,49923\" target=\"_blank\" rel=\"noopener noreferrer\"><img decoding=\"async\" class=\"wp-image-35131 lazyload\" data-src=\"https:\/\/www.brw.pl\/blog\/wp-content\/uploads\/2023\/11\/bieznik-swiateczny-33x180cm-mediuma.jpg\" alt=\"Bie\u017cnik \u015bwi\u0105teczny w gwiazdki\" width=\"350\" height=\"263\" src=\"data:image\/svg+xml;base64,PHN2ZyB3aWR0aD0iMSIgaGVpZ2h0PSIxIiB4bWxucz0iaHR0cDovL3d3dy53My5vcmcvMjAwMC9zdmciPjwvc3ZnPg==\" style=\"--smush-placeholder-width: 350px; --smush-placeholder-aspect-ratio: 350\/263;\" \/><\/a><figcaption id=\"caption-attachment-35131\" class=\"wp-caption-text\"><a href=\"https:\/\/www.brw.pl\/bieznik-swiateczny-33x180cm,49923\" target=\"_blank\" rel=\"noopener noreferrer\"><span style=\"font-weight: 400;\">\u015aWI\u0104TECZNY BIE\u017bNIK<\/span><\/a><\/figcaption><\/figure>\n<\/div>\n<p>Nasz \u015bwi\u0105teczny bie\u017cnik przyci\u0105ga uwag\u0119 bia\u0142ymi aplikacjami przedstawiaj\u0105cymi p\u0142atki \u015bniegu. Stanowi idealn\u0105 podk\u0142adk\u0119 pod dekoracje na \u015bwi\u0105tecznym stole. Reprezentacyjna zastawa sto\u0142owa r\u00f3wnie\u017c b\u0119dzie doskonale wygl\u0105da\u0142a na jego tle w czasie wigilijnej wieczerzy.<\/p>\n<div style=\"display: flex; align-items: center; justify-content: center; text-align: center;\"><\/div>\n<div style=\"display: flex; align-items: center; justify-content: center; text-align: center;\">\n<figure id=\"attachment_34846\" aria-describedby=\"caption-attachment-34846\" style=\"width: 350px\" class=\"wp-caption aligncenter\"><a href=\"https:\/\/www.brw.pl\/wianek-dekoracyjny,42124\" target=\"_blank\" rel=\"noopener noreferrer\"><img decoding=\"async\" class=\"wp-image-34846 lazyload\" data-src=\"https:\/\/www.brw.pl\/blog\/wp-content\/uploads\/2023\/11\/wianek-dekoracyjny-mediuma.jpg\" alt=\"Wianek dekoracyjny z\u0142oty\" width=\"350\" height=\"263\" src=\"data:image\/svg+xml;base64,PHN2ZyB3aWR0aD0iMSIgaGVpZ2h0PSIxIiB4bWxucz0iaHR0cDovL3d3dy53My5vcmcvMjAwMC9zdmciPjwvc3ZnPg==\" style=\"--smush-placeholder-width: 350px; --smush-placeholder-aspect-ratio: 350\/263;\" \/><\/a><figcaption id=\"caption-attachment-34846\" class=\"wp-caption-text\"><a href=\"https:\/\/www.brw.pl\/wianek-dekoracyjny,42124\" target=\"_blank\" rel=\"noopener noreferrer\"><span style=\"font-weight: 400;\">WIANEK DEKORACYJNY Z\u0141OTY<\/span><\/a><\/figcaption><\/figure>\n<\/div>\n<p>Z\u0142oty wianek dekoracyjny powie\u015b na \u015bcianie, na przyk\u0142ad nad komod\u0105. Dobr\u0105 alternatyw\u0105 dla \u015bciany s\u0105 drzwi. Wianek b\u0119dzie aran\u017cacyjn\u0105 kropk\u0105 nad i w Twoim bo\u017conarodzeniowym salonie.<\/p>\n<div style=\"display: flex; align-items: center; justify-content: center; text-align: center;\">\n<figure id=\"attachment_34847\" aria-describedby=\"caption-attachment-34847\" style=\"width: 350px\" class=\"wp-caption aligncenter\"><a href=\"https:\/\/www.brw.pl\/oslonka-ryflowana-zlota-11x16x16,102031\" target=\"_blank\" rel=\"noopener noreferrer\"><img decoding=\"async\" class=\"wp-image-34847 lazyload\" data-src=\"https:\/\/www.brw.pl\/blog\/wp-content\/uploads\/2023\/11\/oslonka-ryflowana-zlota-11x16x16-mediuma.jpg\" alt=\"Os\u0142onka z\u0142ota ryflowana\" width=\"350\" height=\"263\" src=\"data:image\/svg+xml;base64,PHN2ZyB3aWR0aD0iMSIgaGVpZ2h0PSIxIiB4bWxucz0iaHR0cDovL3d3dy53My5vcmcvMjAwMC9zdmciPjwvc3ZnPg==\" style=\"--smush-placeholder-width: 350px; --smush-placeholder-aspect-ratio: 350\/263;\" \/><\/a><figcaption id=\"caption-attachment-34847\" class=\"wp-caption-text\"><a href=\"https:\/\/www.brw.pl\/oslonka-ryflowana-zlota-11x16x16,102031\" target=\"_blank\" rel=\"noopener noreferrer\"><span style=\"font-weight: 400;\">OS\u0141ONKA NA DONICZK\u0118<\/span><\/a><\/figcaption><\/figure>\n<\/div>\n<p>Jak\u0105 ro\u015blin\u0119 warto wyeksponowa\u0107 w z\u0142otej, ryflowanej os\u0142once na doniczk\u0119 z kamionki? Oczywi\u015bcie gwiazd\u0119 betlejemsk\u0105! To obowi\u0105zkowy element \u015bwi\u0105tecznej aran\u017cacji pokoju dziennego. Zachwyca g\u0142\u0119bok\u0105 czerwieni\u0105 szczytowych li\u015bci podkwiatostanowych, kt\u00f3re malowniczo komponuj\u0105 si\u0119 z rosn\u0105cymi ni\u017cej ciemnozielonymi li\u015b\u0107mi asymilacyjnymi. Oprawa w postaci z\u0142otej os\u0142onki doskonale podkre\u015bli urod\u0119 tej ro\u015bliny.<\/p>\n<div style=\"display: flex; align-items: center; justify-content: center; text-align: center;\">\n<figure id=\"attachment_34848\" aria-describedby=\"caption-attachment-34848\" style=\"width: 351px\" class=\"wp-caption aligncenter\"><a href=\"https:\/\/www.brw.pl\/swiecznik-lampion-metal-szklo-srebrny,67628\" target=\"_blank\" rel=\"noopener noreferrer\"><img decoding=\"async\" class=\"wp-image-34848 lazyload\" data-src=\"https:\/\/www.brw.pl\/blog\/wp-content\/uploads\/2023\/11\/swiecznik-lampion-metal-szklo-srebrny-medium.jpg\" alt=\"\u015awiecznik metal szk\u0142o\" width=\"351\" height=\"263\" src=\"data:image\/svg+xml;base64,PHN2ZyB3aWR0aD0iMSIgaGVpZ2h0PSIxIiB4bWxucz0iaHR0cDovL3d3dy53My5vcmcvMjAwMC9zdmciPjwvc3ZnPg==\" style=\"--smush-placeholder-width: 351px; --smush-placeholder-aspect-ratio: 351\/263;\" \/><\/a><figcaption id=\"caption-attachment-34848\" class=\"wp-caption-text\"><a href=\"https:\/\/www.brw.pl\/swiecznik-lampion-metal-szklo-srebrny,67628\" target=\"_blank\" rel=\"noopener noreferrer\"><span style=\"font-weight: 400;\">\u015aWIECZNIK<\/span><\/a><\/figcaption><\/figure>\n<\/div>\n<p>Srebrzysty \u015bwiecznik ze szk\u0142a na metalowej podstawie prezentuje si\u0119 tak wytwornie, jakby wykonano go z kryszta\u0142u. Jego obecno\u015b\u0107 na wigilijnym stole zmieni kolacj\u0119 w kr\u00f3lewsk\u0105 uczt\u0119.<\/p>\n<div style=\"display: flex; align-items: center; justify-content: center; text-align: center;\">\n<figure id=\"attachment_34849\" aria-describedby=\"caption-attachment-34849\" style=\"width: 350px\" class=\"wp-caption aligncenter\"><a href=\"https:\/\/www.brw.pl\/lampa-wiszaca-dekoracyjna-solvalla,36215\" target=\"_blank\" rel=\"noopener noreferrer\"><img decoding=\"async\" class=\"wp-image-34849 lazyload\" data-src=\"https:\/\/www.brw.pl\/blog\/wp-content\/uploads\/2023\/11\/lampa-wiszaca-dekoracyjna-solvalla-mediuma.jpg\" alt=\"Lampa wisz\u0105ca Solvalla bia\u0142a\" width=\"350\" height=\"263\" src=\"data:image\/svg+xml;base64,PHN2ZyB3aWR0aD0iMSIgaGVpZ2h0PSIxIiB4bWxucz0iaHR0cDovL3d3dy53My5vcmcvMjAwMC9zdmciPjwvc3ZnPg==\" style=\"--smush-placeholder-width: 350px; --smush-placeholder-aspect-ratio: 350\/263;\" \/><\/a><figcaption id=\"caption-attachment-34849\" class=\"wp-caption-text\"><a href=\"https:\/\/www.brw.pl\/lampa-wiszaca-dekoracyjna-solvalla,36215\" target=\"_blank\" rel=\"noopener noreferrer\"><span style=\"font-weight: 400;\">LAMPA WISZ\u0104CA SOLVALLA<\/span><\/a><\/figcaption><\/figure>\n<\/div>\n<p>Papierowa lampa wisz\u0105ca Solvalla wprowadzi magiczn\u0105 atmosfer\u0119 do wn\u0119trza. Jest lekka, delikatna, a \u0142agodne \u015bwiat\u0142o p\u0142yn\u0105ce przez male\u0144kie a\u017curowe otwory nie m\u0119czy oka, nawet gdy patrzysz bezpo\u015brednio na lamp\u0119.<\/p>\n<p>Czytaj r\u00f3wnie\u017c: <a href=\"https:\/\/www.brw.pl\/blog\/jak-ozdobic-pokoj-na-swieta-sposob-na-magiczny-klimat\/\" target=\"_blank\" rel=\"noopener noreferrer\"><strong>&#8222;Jak ozdobi\u0107 pok\u00f3j na \u015bwi\u0119ta? Spos\u00f3b na magiczny klimat!&#8221;<\/strong><\/a>.<\/p>\n<h2><strong>Salon glamour na \u015bwi\u0119ta \u2013 inspiracje z Black Red White<\/strong><\/h2>\n<p>Przyjrzyj si\u0119 naszym dw\u00f3m \u015bwi\u0105tecznym aran\u017cacjom w stylu glamour.<\/p>\n<h3 style=\"text-align: center;\"><strong>Biel i z\u0142oto &#8211; duet idealny<\/strong><\/h3>\n<p><center><img decoding=\"async\" class=\"alignnone size-medium wp-image-34850 lazyload\" data-src=\"https:\/\/www.brw.pl\/blog\/wp-content\/uploads\/2023\/11\/THK-090548-THK-090549-kubki-Ice-Queen-800x795.jpg\" alt=\"Ice Queen aran\u017cacja\" width=\"800\" height=\"795\" data-srcset=\"https:\/\/www.brw.pl\/blog\/wp-content\/uploads\/2023\/11\/THK-090548-THK-090549-kubki-Ice-Queen-800x795.jpg 800w, https:\/\/www.brw.pl\/blog\/wp-content\/uploads\/2023\/11\/THK-090548-THK-090549-kubki-Ice-Queen-150x150.jpg 150w, https:\/\/www.brw.pl\/blog\/wp-content\/uploads\/2023\/11\/THK-090548-THK-090549-kubki-Ice-Queen-768x764.jpg 768w, https:\/\/www.brw.pl\/blog\/wp-content\/uploads\/2023\/11\/THK-090548-THK-090549-kubki-Ice-Queen-165x165.jpg 165w, https:\/\/www.brw.pl\/blog\/wp-content\/uploads\/2023\/11\/THK-090548-THK-090549-kubki-Ice-Queen-120x120.jpg 120w, https:\/\/www.brw.pl\/blog\/wp-content\/uploads\/2023\/11\/THK-090548-THK-090549-kubki-Ice-Queen.jpg 1062w\" data-sizes=\"(max-width: 800px) 100vw, 800px\" src=\"data:image\/svg+xml;base64,PHN2ZyB3aWR0aD0iMSIgaGVpZ2h0PSIxIiB4bWxucz0iaHR0cDovL3d3dy53My5vcmcvMjAwMC9zdmciPjwvc3ZnPg==\" style=\"--smush-placeholder-width: 800px; --smush-placeholder-aspect-ratio: 800\/795;\" \/><\/center><\/p>\n<p style=\"text-align: center;\"><a href=\"https:\/\/www.brw.pl\/figurka-renifer-zloty,131229\" target=\"_blank\" rel=\"noopener noreferrer\"><strong>FIGURKA RENIFER<\/strong><\/a><\/p>\n<p>W czasie \u015bwi\u0105t ka\u017cdy \u0142asuch lubi mie\u0107 pod r\u0119k\u0105 ulubione smako\u0142yki. Zarezerwuj dla nich miejsce w salonie na stole jadalnianym, stoliku kawowym b\u0105d\u017a komodzie. Kusz\u0105co wygl\u0105daj\u0105ce ciasteczka i pierniki w\u0142\u00f3\u017c do transparentnych naczy\u0144, \u017ceby cieszy\u0107 si\u0119 ich widokiem. Gor\u0105ca czekolada z bit\u0105 \u015bmietan\u0105 b\u0119dzie smakowa\u0142a jeszcze lepiej, gdy wypijesz j\u0105 z bia\u0142ej <a href=\"https:\/\/www.brw.pl\/filizanka-na-stopce-ice-queen-jumbo-350-ml,101933\" target=\"_blank\" rel=\"noopener noreferrer\"><strong>fili\u017canki na stopce Ice Queen Jumbo<\/strong><\/a> malowanej w z\u0142ote gwiazdki. Na stra\u017cy domowych \u0142akoci niech stanie ceramiczny z\u0142ocisty renifer.<\/p>\n<h3 style=\"text-align: center;\"><strong>Styl glamour w \u015bwi\u0105tecznej ods\u0142onie &#8211; dekoracja komody<\/strong><\/h3>\n<p><center><img decoding=\"async\" class=\"alignnone size-medium wp-image-34851 lazyload\" data-src=\"https:\/\/www.brw.pl\/blog\/wp-content\/uploads\/2023\/11\/THK-090584-THK-075056-THK-079389-THK-090569-800x795.jpg\" alt=\"Lampion domek aran\u017cacja\" width=\"800\" height=\"795\" data-srcset=\"https:\/\/www.brw.pl\/blog\/wp-content\/uploads\/2023\/11\/THK-090584-THK-075056-THK-079389-THK-090569-800x795.jpg 800w, https:\/\/www.brw.pl\/blog\/wp-content\/uploads\/2023\/11\/THK-090584-THK-075056-THK-079389-THK-090569-150x150.jpg 150w, https:\/\/www.brw.pl\/blog\/wp-content\/uploads\/2023\/11\/THK-090584-THK-075056-THK-079389-THK-090569-768x763.jpg 768w, https:\/\/www.brw.pl\/blog\/wp-content\/uploads\/2023\/11\/THK-090584-THK-075056-THK-079389-THK-090569-165x165.jpg 165w, https:\/\/www.brw.pl\/blog\/wp-content\/uploads\/2023\/11\/THK-090584-THK-075056-THK-079389-THK-090569-120x120.jpg 120w, https:\/\/www.brw.pl\/blog\/wp-content\/uploads\/2023\/11\/THK-090584-THK-075056-THK-079389-THK-090569.jpg 1068w\" data-sizes=\"(max-width: 800px) 100vw, 800px\" src=\"data:image\/svg+xml;base64,PHN2ZyB3aWR0aD0iMSIgaGVpZ2h0PSIxIiB4bWxucz0iaHR0cDovL3d3dy53My5vcmcvMjAwMC9zdmciPjwvc3ZnPg==\" style=\"--smush-placeholder-width: 800px; --smush-placeholder-aspect-ratio: 800\/795;\" \/><\/center><\/p>\n<p style=\"text-align: center;\"><a href=\"https:\/\/www.brw.pl\/lampion-swiateczny-domek-mix-wzorow,134620\" target=\"_blank\" rel=\"noopener noreferrer\"><strong>LAMPION \u015aWI\u0104TECZNY DOMEK<\/strong><\/a><\/p>\n<p>Lampy, lampki, lampiony, latarenki, \u015bwieczniki, girlandy \u015bwietlne &#8211; \u015awi\u0119ta Bo\u017cego Narodzenia kochaj\u0105 nastrojowe \u015bwiat\u0142o w ka\u017cdej postaci! Mro\u017any zimowy wiecz\u00f3r roz\u015bwietl za pomoc\u0105 lampionu i <a href=\"https:\/\/www.brw.pl\/swiecznik,42128\" target=\"_blank\" rel=\"noopener noreferrer\"><strong>\u015bwiecznika<\/strong><\/a> w kszta\u0142cie domk\u00f3w. Ustaw je na komodzie albo parapecie. \u015awietlist\u0105 dekoracj\u0119 uzupe\u0142nij ceramiczn\u0105 <a href=\"https:\/\/www.brw.pl\/figurka-choinka-ceramiczna-led,132896\" target=\"_blank\" rel=\"noopener noreferrer\"><strong>figurk\u0105 choinki<\/strong><\/a> z ledowym o\u015bwietleniem, z\u0142otym <a href=\"https:\/\/www.brw.pl\/choinka-dekoracyjna-z-rattanu-40cm,36267\" target=\"_blank\" rel=\"noopener noreferrer\"><strong>drzewkiem z rattanu<\/strong><\/a> i stroikiem. Ponad nimi zawie\u015b girland\u0119 z lampkami przypominaj\u0105cymi \u015bnie\u017cne kule.<\/p>\n<p>Widoczn\u0105 na zdj\u0119ciu ok\u0142adkowym, pi\u0119knie udekorowan\u0105 \u015bwi\u0105tecznie <a href=\"https:\/\/www.brw.pl\/komoda-hesen,39878\" target=\"_blank\" rel=\"noopener noreferrer\"><strong>komod\u0119 Hesen<\/strong><\/a> obejrzysz dok\u0142adniej na filmie dost\u0119pnym na <a href=\"https:\/\/www.youtube.com\/@brwmeble\" target=\"_blank\" rel=\"noopener noreferrer\"><strong>kanale BRW<\/strong><\/a> w serwisie YouTube:<\/p>\n<div class=\"videoWrapper\"><iframe title=\"KOMODA HESEN\" data-src=\"https:\/\/www.youtube.com\/embed\/XGAZCfes6ig\" frameborder=\"0\" allowfullscreen=\"allowfullscreen\" src=\"data:image\/svg+xml;base64,PHN2ZyB3aWR0aD0iMSIgaGVpZ2h0PSIxIiB4bWxucz0iaHR0cDovL3d3dy53My5vcmcvMjAwMC9zdmciPjwvc3ZnPg==\" data-load-mode=\"1\"><span data-mce-type=\"bookmark\" style=\"display: inline-block; width: 0px; overflow: hidden; line-height: 0;\" class=\"mce_SELRES_start lazyload\">\ufeff<\/span><\/iframe><\/div>\n<p>&nbsp;<\/p>\n<p>Po wi\u0119cej inspiracji zapraszamy do <a href=\"https:\/\/www.brw.pl\/\" target=\"_blank\" rel=\"noopener noreferrer\"><strong><u>sklepu internetowego Black Red White<\/u><\/strong><\/a><strong>!<\/strong><\/p>\n","protected":false},"excerpt":{"rendered":"<p>\u015awi\u0119ta Bo\u017cego Narodzenia to wyj\u0105tkowy czas. Dlatego wymagaj\u0105 odpowiedniej, uroczystej oprawy. W wyczarowaniu jej pomog\u0105 Ci \u015bwi\u0105teczne dekoracje. Eleganckie gwiazdkowe dodatki najbardziej pasuj\u0105 do wn\u0119trz urz\u0105dzonych w stylu glamour. Zobacz, jak wple\u015b\u0107 je w wystr\u00f3j salonu w duchu glam!<\/p>\n","protected":false},"author":29,"featured_media":34669,"comment_status":"closed","ping_status":"open","sticky":false,"template":"","format":"standard","meta":{"footnotes":""},"categories":[39,28,735,739,572],"tags":[],"aioseo_notices":[],"_links":{"self":[{"href":"https:\/\/www.brw.pl\/blog\/wp-json\/wp\/v2\/posts\/34843"}],"collection":[{"href":"https:\/\/www.brw.pl\/blog\/wp-json\/wp\/v2\/posts"}],"about":[{"href":"https:\/\/www.brw.pl\/blog\/wp-json\/wp\/v2\/types\/post"}],"author":[{"embeddable":true,"href":"https:\/\/www.brw.pl\/blog\/wp-json\/wp\/v2\/users\/29"}],"replies":[{"embeddable":true,"href":"https:\/\/www.brw.pl\/blog\/wp-json\/wp\/v2\/comments?post=34843"}],"version-history":[{"count":5,"href":"https:\/\/www.brw.pl\/blog\/wp-json\/wp\/v2\/posts\/34843\/revisions"}],"predecessor-version":[{"id":35132,"href":"https:\/\/www.brw.pl\/blog\/wp-json\/wp\/v2\/posts\/34843\/revisions\/35132"}],"wp:featuredmedia":[{"embeddable":true,"href":"https:\/\/www.brw.pl\/blog\/wp-json\/wp\/v2\/media\/34669"}],"wp:attachment":[{"href":"https:\/\/www.brw.pl\/blog\/wp-json\/wp\/v2\/media?parent=34843"}],"wp:term":[{"taxonomy":"category","embeddable":true,"href":"https:\/\/www.brw.pl\/blog\/wp-json\/wp\/v2\/categories?post=34843"},{"taxonomy":"post_tag","embeddable":true,"href":"https:\/\/www.brw.pl\/blog\/wp-json\/wp\/v2\/tags?post=34843"}],"curies":[{"name":"wp","href":"https:\/\/api.w.org\/{rel}","templated":true}]}}