{"id":34885,"date":"2023-11-16T08:00:37","date_gmt":"2023-11-16T07:00:37","guid":{"rendered":"https:\/\/www.brw.pl\/blog\/?p=34885"},"modified":"2024-10-14T12:34:51","modified_gmt":"2024-10-14T10:34:51","slug":"5-sposobow-na-przemeblowanie-pokoju-szybka-metamorfoza-z-black-red-white","status":"publish","type":"post","link":"https:\/\/www.brw.pl\/blog\/5-sposobow-na-przemeblowanie-pokoju-szybka-metamorfoza-z-black-red-white\/","title":{"rendered":"Metamorfoza wn\u0119trza"},"content":{"rendered":"<p><strong>Chcesz od\u015bwie\u017cy\u0107 sw\u00f3j pok\u00f3j, ale bud\u017cet i czas stoj\u0105 na przeszkodzie? Nic straconego! W dzisiejszym artykule odkryjesz 5 skutecznych sposob\u00f3w na szybk\u0105 metamorfoz\u0119 wn\u0119trza, dzi\u0119ki kt\u00f3rym Twoja przestrze\u0144 zyska now\u0105 jako\u015b\u0107. Zobacz, jak przemeblowa\u0107 pok\u00f3j w kilku krokach!<\/strong><!--more--><\/p>\n<div style=\"display: flex; align-items: center; justify-content: center; text-align: center;\">\n<figure id=\"attachment_30754\" aria-describedby=\"caption-attachment-30754\" style=\"width: 800px\" class=\"wp-caption aligncenter\"><img decoding=\"async\" class=\"wp-image-30754 size-medium lazyload\" data-src=\"https:\/\/www.brw.pl\/blog\/wp-content\/uploads\/2023\/03\/S515_Hesen_pokoj-mlodziezowy_MSJ_SOL-800x557.jpg\" alt=\"5 sposob\u00f3w na przemeblowanie pokoju\" width=\"800\" height=\"557\" data-srcset=\"https:\/\/www.brw.pl\/blog\/wp-content\/uploads\/2023\/03\/S515_Hesen_pokoj-mlodziezowy_MSJ_SOL-800x557.jpg 800w, https:\/\/www.brw.pl\/blog\/wp-content\/uploads\/2023\/03\/S515_Hesen_pokoj-mlodziezowy_MSJ_SOL-768x535.jpg 768w, https:\/\/www.brw.pl\/blog\/wp-content\/uploads\/2023\/03\/S515_Hesen_pokoj-mlodziezowy_MSJ_SOL.jpg 1534w\" data-sizes=\"(max-width: 800px) 100vw, 800px\" src=\"data:image\/svg+xml;base64,PHN2ZyB3aWR0aD0iMSIgaGVpZ2h0PSIxIiB4bWxucz0iaHR0cDovL3d3dy53My5vcmcvMjAwMC9zdmciPjwvc3ZnPg==\" style=\"--smush-placeholder-width: 800px; --smush-placeholder-aspect-ratio: 800\/557;\" \/><figcaption id=\"caption-attachment-30754\" class=\"wp-caption-text\"><a href=\"https:\/\/www.brw.pl\/regal-hesen,56290\" target=\"_blank\" rel=\"noopener noreferrer\"><span style=\"font-weight: 400;\">REGA\u0141 HESEN<\/span><\/a> &#8211; <a href=\"https:\/\/www.brw.pl\/lozko-90-hesen,56289\" target=\"_blank\" rel=\"noopener noreferrer\"><span style=\"font-weight: 400;\">\u0141\u00d3\u017bKO HESEN<\/span><\/a><\/figcaption><\/figure>\n<\/div>\n<h2><strong>Przemeblowanie pokoju \u2013 spos\u00f3b na szybk\u0105 metamorfoz\u0119 wn\u0119trza<\/strong><\/h2>\n<p>Je\u015bli marzysz o szybkiej i taniej metamorfozie wn\u0119trza, ale nie masz olbrzymiego bud\u017cetu ani czasu na pe\u0142nowymiarowy remont pokoju, nie martw si\u0119. Istnieje wiele efektywnych sposob\u00f3w na przekszta\u0142cenie przestrzeni bez du\u017cych nak\u0142ad\u00f3w finansowych oraz bez konieczno\u015bci przeprowadzania rozbudowanych prac budowlanych. Wszystko zaczyna si\u0119 od starannego planowania.<\/p>\n<h3>Jak przemeblowa\u0107 pok\u00f3j? Dobry plan to podstawa!<\/h3>\n<p><strong>Zamierzasz przeprowadzi\u0107 zmiany w pokoju dzieci\u0119cym? A mo\u017ce masz na celowniku pok\u00f3j dzienny lub sypialni\u0119?<\/strong> Niezale\u017cnie od rodzaju pomieszczenia, <strong>pierwszym krokiem w procesie przemeblowania pokoju jest analiza wyj\u015bciowej aran\u017cacji<\/strong>. Na pocz\u0105tek oce\u0144my, kt\u00f3re elementy wn\u0119trza nadaj\u0105 si\u0119 do zachowania, a kt\u00f3re mo\u017cna wymieni\u0107 lub odnowi\u0107. Warto zada\u0107 sobie kilka pyta\u0144:<\/p>\n<ul>\n<li>czy \u015bciany potrzebuj\u0105 nowego koloru lub tapety?<\/li>\n<li>Czy obecne meble nadal s\u0105 funkcjonalne i pasuj\u0105 do nowego pomys\u0142u na wystr\u00f3j?<\/li>\n<li>W jaki spos\u00f3b zagospodarowa\u0107 dost\u0119pn\u0105 przestrze\u0144, by by\u0142a bardziej funkcjonalna?<\/li>\n<\/ul>\n<p>Starajmy si\u0119 my\u015ble\u0107 o ka\u017cdym detalu. W ko\u0144cu diabe\u0142 tkwi w szczeg\u00f3\u0142ach.<\/p>\n<p><strong>Nast\u0119pnie, zastan\u00f3wmy si\u0119 nad koncepcj\u0105 przestrzeni<\/strong>. Wybierzmy palet\u0119 kolor\u00f3w, kt\u00f3ra odpowiada naszym upodobaniom i harmonizuje z wybranym stylem. Zwr\u00f3\u0107my uwag\u0119 r\u00f3wnie\u017c na wymiary pomieszczenia czy stopie\u0144 jego o\u015bwietlenia. Ciemny kolor \u015bcian niekoniecznie nadaje si\u0119 do ma\u0142ego pokoju \u2013 w tym przypadku lepiej postawi\u0107 na jasne barwy i minimalizm.<\/p>\n<p><strong>Etap planowania to dobry moment, aby zainwestowa\u0107 w nowe dekoracje<\/strong>, takie jak poduszki, <a href=\"https:\/\/www.brw.pl\/tekstylia\/wystroj-okien\/zaslony\/\" target=\"_blank\" rel=\"noopener noreferrer\">zas\u0142ony<\/a>, <a href=\"https:\/\/www.brw.pl\/tekstylia\/dywany-i-chodniki\/dywany\/\" target=\"_blank\" rel=\"noopener noreferrer\">dywany<\/a>, <a href=\"https:\/\/www.brw.pl\/dekoracje\/dekoracje-scienne\/plakaty\/\" target=\"_blank\" rel=\"noopener noreferrer\">plakaty<\/a> czy <a href=\"https:\/\/www.brw.pl\/dekoracje\/dekoracje-scienne\/obrazy\/\" target=\"_blank\" rel=\"noopener noreferrer\">obrazy<\/a>. Tego rodzaju elementy nie kosztuj\u0105 wiele, za to znakomicie urozmaicaj\u0105 wystr\u00f3j.<\/p>\n<p>Je\u015bli tylko mamy mo\u017cliwo\u015b\u0107, <strong>przemeblujmy pomieszczenie, eksperymentuj\u0105c z uk\u0142adem mebli<\/strong>. Czasami ju\u017c samo przestawienie <a href=\"https:\/\/www.brw.pl\/meble\/meble-wypoczynkowe\/sofy\/\" target=\"_blank\" rel=\"noopener noreferrer\">sofy<\/a> czy <a href=\"https:\/\/www.brw.pl\/meble\/stoly-i-krzesla\/stoly\/\" target=\"_blank\" rel=\"noopener noreferrer\">sto\u0142u<\/a> mo\u017ce przynie\u015b\u0107 spektakularny efekt. Pami\u0119tajmy o optymalnym wykorzystaniu dost\u0119pnej przestrzeni i zachowaniu funkcjonalno\u015bci pokoju.<\/p>\n<h2><strong>5 sposob\u00f3w na przemeblowanie pokoju<\/strong><\/h2>\n<p>Szukasz sposobu na szybkie od\u015bwie\u017cenie wn\u0119trza? Mamy dla Ciebie 5 spos\u00f3b na przemeblowanie pokoju. Wypr\u00f3buj je, by nada\u0107 aran\u017cacji nowej energii!<\/p>\n<h3>Zmiana uk\u0142adu mebli<\/h3>\n<p>Je\u015bli pok\u00f3j dzienny sprawia wra\u017cenie klaustrofobicznego albo zagraconego, zastan\u00f3wmy si\u0119 nad otwarciem przestrzeni. <strong>Jednym z najprostszych sposob\u00f3w jest przesuni\u0119cie wi\u0119kszych mebli ze \u015brodka pokoju i ulokowanie ich wzd\u0142u\u017c \u015bcian<\/strong>. W efekcie zyskujemy wi\u0119cej przestrzeni do poruszania si\u0119, a pok\u00f3j optycznie staje si\u0119 bardziej przestronny.<\/p>\n<div style=\"display: flex; align-items: center; justify-content: center; text-align: center;\">\n<figure id=\"attachment_27888\" aria-describedby=\"caption-attachment-27888\" style=\"width: 800px\" class=\"wp-caption aligncenter\"><img decoding=\"async\" class=\"wp-image-27888 size-medium lazyload\" data-src=\"https:\/\/www.brw.pl\/blog\/wp-content\/uploads\/2022\/10\/tapczan-rico-aranzacja-800x534.jpg\" alt=\"Jak przemeblowa\u0107 pok\u00f3j? \" width=\"800\" height=\"534\" data-srcset=\"https:\/\/www.brw.pl\/blog\/wp-content\/uploads\/2022\/10\/tapczan-rico-aranzacja-800x534.jpg 800w, https:\/\/www.brw.pl\/blog\/wp-content\/uploads\/2022\/10\/tapczan-rico-aranzacja-768x512.jpg 768w, https:\/\/www.brw.pl\/blog\/wp-content\/uploads\/2022\/10\/tapczan-rico-aranzacja-1536x1025.jpg 1536w, https:\/\/www.brw.pl\/blog\/wp-content\/uploads\/2022\/10\/tapczan-rico-aranzacja.jpg 1619w\" data-sizes=\"(max-width: 800px) 100vw, 800px\" src=\"data:image\/svg+xml;base64,PHN2ZyB3aWR0aD0iMSIgaGVpZ2h0PSIxIiB4bWxucz0iaHR0cDovL3d3dy53My5vcmcvMjAwMC9zdmciPjwvc3ZnPg==\" style=\"--smush-placeholder-width: 800px; --smush-placeholder-aspect-ratio: 800\/534;\" \/><figcaption id=\"caption-attachment-27888\" class=\"wp-caption-text\"><a href=\"https:\/\/www.brw.pl\/tapczan-rico,53003\" target=\"_blank\" rel=\"noopener noreferrer\"><span style=\"font-weight: 400;\">TAPCZAN RICO<\/span><\/a> &#8211; <a href=\"https:\/\/www.brw.pl\/polka-flames,28558\" target=\"_blank\" rel=\"noopener noreferrer\"><span style=\"font-weight: 400;\">P\u00d3\u0141KA FLAMES<\/span><\/a><\/figcaption><\/figure>\n<\/div>\n<p>W pomieszczeniu panuje chaos? W tej sytuacji dobrze jest skupi\u0107 si\u0119 na funkcjonalno\u015bci i wydzieleniu stref w pokoju. Rozwa\u017cmy, w jaki spos\u00f3b chcieliby\u015bmy korzysta\u0107 z konkretnej cz\u0119\u015bci przestrzeni. Mo\u017ce to by\u0107 miejsce do relaksu, czytania, pracy lub spo\u017cywania posi\u0142k\u00f3w. Nast\u0119pnie dostosujmy uk\u0142ad mebli do przeznaczenia danej strefy. Na przyk\u0142ad, umie\u015b\u0107my w niej stolik kawowy i wygodne <a href=\"https:\/\/www.brw.pl\/meble\/meble-wypoczynkowe\/fotele\/\" target=\"_blank\" rel=\"noopener noreferrer\">fotele<\/a>, dzi\u0119ki kt\u00f3rym powstanie przytulny k\u0105cik do rozm\u00f3w i odpoczynku.<\/p>\n<p>Nie b\u00f3jmy si\u0119 eksperymentowa\u0107 z uk\u0142adem mebli, nawet je\u015bli oznacza to niekonwencjonalne rozwi\u0105zania. Co powiesz na zmian\u0119 kierunku ustawienia <a href=\"https:\/\/www.brw.pl\/meble\/lozka\/\" target=\"_blank\" rel=\"noopener noreferrer\">\u0142\u00f3\u017cka<\/a> w sypialni lub diagonalne u\u0142o\u017cenie sofy?<\/p>\n<h3>Mniej znaczy wi\u0119cej, czyli porz\u0105dkowanie pokoju<\/h3>\n<p>Zamiast gromadzi\u0107 zb\u0119dne przedmioty, lepiej postawi\u0107 na przestrze\u0144 i funkcjonalno\u015b\u0107 \u2013 tak w skr\u00f3cie opisa\u0107 mo\u017cna za\u0142o\u017cenia minimalizmu. <strong>Zredukowanie wyposa\u017cenia do mebli, kt\u00f3re s\u0105 niezb\u0119dne, pozwoli pomieszczeniu &#8222;oddycha\u0107&#8221;<\/strong>. Wybierajmy bry\u0142y o prostych, geometrycznych kszta\u0142tach i stonowanych kolorach. Minimalistyczne formy pozwalaj\u0105 skupi\u0107 uwag\u0119 na jako\u015bci, a nie ilo\u015bci.<\/p>\n<p>W minimalistycznym wn\u0119trzu porz\u0105dek to absolutna konieczno\u015b\u0107. Warto zorganizowa\u0107 swoje rzeczy w taki spos\u00f3b, aby by\u0142y \u0142atwo dost\u0119pne i nie rzuca\u0142y si\u0119 w oczy. Ukryjmy kable, przechowujmy drobiazgi w szufladach i starannie wyeksponujmy te elementy, kt\u00f3re ozdabiaj\u0105 wn\u0119trze.<\/p>\n<h3>Wymiana wyposa\u017cenia<\/h3>\n<p><a href=\"https:\/\/www.brw.pl\/meble\/\" target=\"_blank\" rel=\"noopener noreferrer\">Meble<\/a> w pokoju sprawiaj\u0105 wra\u017cenie leciwych? <strong>Wymiana starych element\u00f3w wyposa\u017cenia na nowe z ca\u0142\u0105 pewno\u015bci\u0105 przys\u0142u\u017cy si\u0119 aran\u017cacji<\/strong>. Przetarte obicie sofy czy zarysowana skrzynia \u0142\u00f3\u017cka to sygna\u0142, \u017ce najwy\u017cszy czas uda\u0107 si\u0119 na zakupy.<\/p>\n<div style=\"display: flex; align-items: center; justify-content: center; text-align: center;\">\n<figure id=\"attachment_34886\" aria-describedby=\"caption-attachment-34886\" style=\"width: 800px\" class=\"wp-caption aligncenter\"><img decoding=\"async\" class=\"wp-image-34886 size-medium lazyload\" data-src=\"https:\/\/www.brw.pl\/blog\/wp-content\/uploads\/2023\/11\/S463_Lara_pok_mlodziezowy_ar1-800x536.jpg\" alt=\"Kolekcja Lara\" width=\"800\" height=\"536\" data-srcset=\"https:\/\/www.brw.pl\/blog\/wp-content\/uploads\/2023\/11\/S463_Lara_pok_mlodziezowy_ar1-800x536.jpg 800w, https:\/\/www.brw.pl\/blog\/wp-content\/uploads\/2023\/11\/S463_Lara_pok_mlodziezowy_ar1-768x514.jpg 768w, https:\/\/www.brw.pl\/blog\/wp-content\/uploads\/2023\/11\/S463_Lara_pok_mlodziezowy_ar1-1536x1029.jpg 1536w, https:\/\/www.brw.pl\/blog\/wp-content\/uploads\/2023\/11\/S463_Lara_pok_mlodziezowy_ar1.jpg 1611w\" data-sizes=\"(max-width: 800px) 100vw, 800px\" src=\"data:image\/svg+xml;base64,PHN2ZyB3aWR0aD0iMSIgaGVpZ2h0PSIxIiB4bWxucz0iaHR0cDovL3d3dy53My5vcmcvMjAwMC9zdmciPjwvc3ZnPg==\" style=\"--smush-placeholder-width: 800px; --smush-placeholder-aspect-ratio: 800\/536;\" \/><figcaption id=\"caption-attachment-34886\" class=\"wp-caption-text\"><a href=\"https:\/\/www.brw.pl\/lozko-90-lara,35740\" target=\"_blank\" rel=\"noopener noreferrer\"><span style=\"font-weight: 400;\">\u0141\u00d3\u017bKO LARA<\/span><\/a> &#8211; <a href=\"https:\/\/www.brw.pl\/szafa-lara,35743\" target=\"_blank\" rel=\"noopener noreferrer\"><span style=\"font-weight: 400;\">SZAFA LARA<\/span><\/a><\/figcaption><\/figure>\n<\/div>\n<p>Je\u017celi potrzebujemy wi\u0119cej przestrzeni do przechowywania, rozwa\u017cmy wymian\u0119 szafek i rega\u0142\u00f3w. Nowe <a href=\"https:\/\/www.brw.pl\/meble\/przechowywanie\/witryny\/\" target=\"_blank\" rel=\"noopener noreferrer\">witryny<\/a>, <a href=\"https:\/\/www.brw.pl\/meble\/szafy\/\" target=\"_blank\" rel=\"noopener noreferrer\">szafy<\/a>, <a href=\"https:\/\/www.brw.pl\/meble\/przechowywanie\/regaly\/\" target=\"_blank\" rel=\"noopener noreferrer\">rega\u0142y<\/a> lub <a href=\"https:\/\/www.brw.pl\/meble\/przechowywanie\/komody\/\" target=\"_blank\" rel=\"noopener noreferrer\">komody<\/a> mog\u0105 nie tylko poprawi\u0107 funkcjonalno\u015b\u0107 pomieszczenia, lecz tak\u017ce podrasowa\u0107 jego wygl\u0105d. Wybieraj\u0105c meble do przechowywania, zwr\u00f3\u0107my uwag\u0119 na ich rozmiar, kszta\u0142t i ilo\u015b\u0107 p\u00f3\u0142ek lub szuflad.<\/p>\n<h3>Efektowna aran\u017cacja \u015bciany<\/h3>\n<p><strong>Ciekawym rozwi\u0105zaniem, umo\u017cliwiaj\u0105cym szybk\u0105 i efektown\u0105 metamorfoz\u0119 wn\u0119trza, jest od\u015bwie\u017cenie \u015bcian<\/strong>. Co mo\u017cemy zrobi\u0107, by odmieni\u0107 ich wygl\u0105d? Odpowied\u017a wydaje si\u0119 prosta: przemalowa\u0107. Jednak w sytuacji, gdy niekoniecznie chcemy eksperymentowa\u0107 z kolorem \u015bcian, mo\u017cemy pokusi\u0107 si\u0119 o wyb\u00f3r efektownej ok\u0142adziny \u2013 tapety, muralu b\u0105d\u017a paneli lamelowych. Jasne kolory, takie jak biel czy waniliowa \u017c\u00f3\u0142\u0107 \u0142adnie komponuj\u0105 si\u0119 z drewnianymi lamelami w naturalnym, s\u0142omkowym odcieniu.<\/p>\n<p><a href=\"https:\/\/www.brw.pl\/meble\/przechowywanie\/polki\/\" target=\"_blank\" rel=\"noopener noreferrer\">P\u00f3\u0142ki<\/a> i a\u017curowe rega\u0142y s\u0105 doskona\u0142ym wyborem, je\u015bli zale\u017cy nam na praktycznej aran\u017cacji \u015bciany. \u015awietnie sprawdzaj\u0105 si\u0119 zar\u00f3wno w roli dekoracji, jak i dodatku u\u0142atwiaj\u0105cego przechowywanie. Mo\u017cna umie\u015bci\u0107 na nich ksi\u0105\u017cki, gry planszowe, figurki dekoracyjne, ro\u015bliny doniczkowe czy ciekawe albumy. Odpowiednio dopasowane p\u00f3\u0142ki mog\u0105 przekszta\u0142ci\u0107 \u015bcian\u0119 w unikaln\u0105 przestrze\u0144 ekspozycji.<\/p>\n<div style=\"display: flex; align-items: center; justify-content: center; text-align: center;\">\n<figure id=\"attachment_21725\" aria-describedby=\"caption-attachment-21725\" style=\"width: 400px\" class=\"wp-caption aligncenter\"><a href=\"https:\/\/www.brw.pl\/polka-zele,20237\" target=\"_blank\" rel=\"noopener noreferrer\"><img decoding=\"async\" class=\"wp-image-21725 lazyload\" data-src=\"https:\/\/www.brw.pl\/blog\/wp-content\/uploads\/2022\/01\/p\u00f3\u0142ka-Zele.jpg\" alt=\"p\u00f3\u0142ka Zele\" width=\"400\" height=\"300\" src=\"data:image\/svg+xml;base64,PHN2ZyB3aWR0aD0iMSIgaGVpZ2h0PSIxIiB4bWxucz0iaHR0cDovL3d3dy53My5vcmcvMjAwMC9zdmciPjwvc3ZnPg==\" style=\"--smush-placeholder-width: 400px; --smush-placeholder-aspect-ratio: 400\/300;\" \/><\/a><figcaption id=\"caption-attachment-21725\" class=\"wp-caption-text\"><a href=\"https:\/\/www.brw.pl\/polka-zele,20237\" target=\"_blank\" rel=\"noopener noreferrer\"><span style=\"font-weight: 400;\">P\u00d3\u0141KA ZELE<\/span><\/a><\/figcaption><\/figure>\n<figure id=\"attachment_20533\" aria-describedby=\"caption-attachment-20533\" style=\"width: 400px\" class=\"wp-caption aligncenter\"><a href=\"https:\/\/www.brw.pl\/polka-nandu,29156\" target=\"_blank\" rel=\"noopener noreferrer\"><img decoding=\"async\" class=\"wp-image-20533 lazyload\" data-src=\"https:\/\/www.brw.pl\/blog\/wp-content\/uploads\/2021\/10\/P\u00f3\u0142ka-Nandu.jpg\" alt=\"P\u00f3\u0142ka Nandu\" width=\"400\" height=\"300\" src=\"data:image\/svg+xml;base64,PHN2ZyB3aWR0aD0iMSIgaGVpZ2h0PSIxIiB4bWxucz0iaHR0cDovL3d3dy53My5vcmcvMjAwMC9zdmciPjwvc3ZnPg==\" style=\"--smush-placeholder-width: 400px; --smush-placeholder-aspect-ratio: 400\/300;\" \/><\/a><figcaption id=\"caption-attachment-20533\" class=\"wp-caption-text\"><a href=\"https:\/\/www.brw.pl\/polka-nandu,29156\" target=\"_blank\" rel=\"noopener noreferrer\"><span style=\"font-weight: 400;\">P\u00d3\u0141KA NANDU<\/span><\/a><\/figcaption><\/figure>\n<\/div>\n<h3>Tekstylne dodatki<\/h3>\n<p><a href=\"https:\/\/www.brw.pl\/tekstylia\/poduszki-dekoracyjne\/\" target=\"_blank\" rel=\"noopener noreferrer\">Poduszki dekoracyjne<\/a>, koce, zas\u0142ony i dywany to jedne z najprostszych, a zarazem najbardziej efektywnych tekstylnych dodatk\u00f3w do domu. Aby natychmiast od\u015bwie\u017cy\u0107 aran\u017cacj\u0119, wystarczy wybra\u0107 <a href=\"https:\/\/www.brw.pl\/tekstylia\/\" target=\"_blank\" rel=\"noopener noreferrer\">tekstylia<\/a> o ciekawej kolorystyce czy wyrazistych wzorach i wprowadzi\u0107 je do pokoju. Dekoracyjne elementy mog\u0105 dope\u0142nia\u0107 palet\u0119 kolorystyczn\u0105 aran\u017cacji lub wr\u0119cz przeciwnie \u2013 prze\u0142amywa\u0107 j\u0105.<\/p>\n<h2><strong>Dodatki i meble, kt\u00f3re pozwol\u0105 Ci na szybk\u0105 metamorfoz\u0119 wn\u0119trza, znajdziesz w Black Red White<\/strong><\/h2>\n<p>W tej cz\u0119\u015bci artyku\u0142u poznasz meble i dodatki, dzi\u0119ki kt\u00f3rym przeprowadzisz metamorfoz\u0119 wn\u0119trza, oszcz\u0119dzaj\u0105c czas i pieni\u0105dze. Przekonaj si\u0119!<\/p>\n<div style=\"display: flex; align-items: center; justify-content: center; text-align: center;\">\n<figure id=\"attachment_34887\" aria-describedby=\"caption-attachment-34887\" style=\"width: 593px\" class=\"wp-caption aligncenter\"><a href=\"https:\/\/www.brw.pl\/sofa-trzyosobowa-torent-rozkladana-granatowa,56978\" target=\"_blank\" rel=\"noopener noreferrer\"><img decoding=\"async\" class=\"wp-image-34887 size-full lazyload\" data-src=\"https:\/\/www.brw.pl\/blog\/wp-content\/uploads\/2023\/11\/sofa-trzyosobowa-torent-rozkladana-granatowa-tkanina-monoli-77-navy-mediumb.jpg\" alt=\"sofa Torent granatowa\" width=\"593\" height=\"445\" src=\"data:image\/svg+xml;base64,PHN2ZyB3aWR0aD0iMSIgaGVpZ2h0PSIxIiB4bWxucz0iaHR0cDovL3d3dy53My5vcmcvMjAwMC9zdmciPjwvc3ZnPg==\" style=\"--smush-placeholder-width: 593px; --smush-placeholder-aspect-ratio: 593\/445;\" \/><\/a><figcaption id=\"caption-attachment-34887\" class=\"wp-caption-text\"><a href=\"https:\/\/www.brw.pl\/sofa-trzyosobowa-torent-rozkladana-granatowa,56978\" target=\"_blank\" rel=\"noopener noreferrer\"><span style=\"font-weight: 400;\">SOFA TORENT<\/span><\/a><\/figcaption><\/figure>\n<\/div>\n<p><strong>Sofa Torent<\/strong> w kolorze granatowym mo\u017ce sta\u0107 si\u0119 kluczowym elementem metamorfozy Twojego pokoju. Tkanina w kolorze <em>Monoli 77 Navy<\/em> to odwa\u017cny wyb\u00f3r, kt\u00f3ry przyci\u0105ga uwag\u0119 i dodaje pomieszczeniu elegancji. Mocny kolorystyczny akcent zmieni wygl\u0105d przestrzeni z dnia na dzie\u0144, staj\u0105c si\u0119 jej centralnym punktem. Sof\u0119 Torent mo\u017cesz \u0142atwo roz\u0142o\u017cy\u0107, tworz\u0105c dodatkowe miejsce do spania dla go\u015bci. Du\u017cy pojemnik na po\u015bciel pozwoli Ci zaoszcz\u0119dzi\u0107 miejsce i utrzyma\u0107 porz\u0105dek.<\/p>\n<div style=\"display: flex; align-items: center; justify-content: center; text-align: center;\">\n<figure id=\"attachment_33334\" aria-describedby=\"caption-attachment-33334\" style=\"width: 593px\" class=\"wp-caption aligncenter\"><a href=\"https:\/\/www.brw.pl\/komoda-alameda,26728\" target=\"_blank\" rel=\"noopener noreferrer\"><img decoding=\"async\" class=\"wp-image-33334 size-full lazyload\" data-src=\"https:\/\/www.brw.pl\/blog\/wp-content\/uploads\/2023\/07\/komoda-alameda-kolor-wybarwienia-bialy-polysk-dab-westminster-bialy-polysk.jpg\" alt=\"Komoda Alameda\" width=\"593\" height=\"445\" src=\"data:image\/svg+xml;base64,PHN2ZyB3aWR0aD0iMSIgaGVpZ2h0PSIxIiB4bWxucz0iaHR0cDovL3d3dy53My5vcmcvMjAwMC9zdmciPjwvc3ZnPg==\" style=\"--smush-placeholder-width: 593px; --smush-placeholder-aspect-ratio: 593\/445;\" \/><\/a><figcaption id=\"caption-attachment-33334\" class=\"wp-caption-text\"><a href=\"https:\/\/www.brw.pl\/komoda-alameda,26728\" target=\"_blank\" rel=\"noopener noreferrer\"><span style=\"font-weight: 400;\">KOMODA ALAMEDA<\/span><\/a><\/figcaption><\/figure>\n<\/div>\n<p>Szukasz nietuzinkowego mebla, kt\u00f3ry u\u0142atwi przechowywanie w pokoju? Przyjrzyj si\u0119 <strong>komodzie Alameda<\/strong>, kt\u00f3ra odmieni nie tylko salon, ale te\u017c sypialni\u0119. Po\u0142\u0105czenie dw\u00f3ch wybarwie\u0144: <em>bia\u0142ego po\u0142ysku<\/em> oraz <em>d\u0119bu westminster<\/em> doskonale sprawdzi si\u0119 w nowoczesnych aran\u017cacjach. Komod\u0119 pokochasz r\u00f3wnie\u017c za podblatowe o\u015bwietlenie LED, kt\u00f3re dodaje jej charakteru.<\/p>\n<div style=\"display: flex; align-items: center; justify-content: center; text-align: center;\">\n<figure id=\"attachment_30573\" aria-describedby=\"caption-attachment-30573\" style=\"width: 593px\" class=\"wp-caption aligncenter\"><a href=\"https:\/\/www.brw.pl\/obraz-navy-linear-flowers-i,50086\" target=\"_blank\" rel=\"noopener noreferrer\"><img decoding=\"async\" class=\"wp-image-30573 size-full lazyload\" data-src=\"https:\/\/www.brw.pl\/blog\/wp-content\/uploads\/2023\/03\/obraz-navy-linear-flowers-ii-mediuma.jpg\" alt=\"Obraz &quot;Navy Linear Flowers II&quot;\" width=\"593\" height=\"444\" src=\"data:image\/svg+xml;base64,PHN2ZyB3aWR0aD0iMSIgaGVpZ2h0PSIxIiB4bWxucz0iaHR0cDovL3d3dy53My5vcmcvMjAwMC9zdmciPjwvc3ZnPg==\" style=\"--smush-placeholder-width: 593px; --smush-placeholder-aspect-ratio: 593\/444;\" \/><\/a><figcaption id=\"caption-attachment-30573\" class=\"wp-caption-text\"><a href=\"https:\/\/www.brw.pl\/obraz-navy-linear-flowers-i,50086\" target=\"_blank\" rel=\"noopener noreferrer\"><span style=\"font-weight: 400;\">OBRAZ &#8222;NAVY LINEAR FLOWERS II&#8221;<\/span><\/a><\/figcaption><\/figure>\n<\/div>\n<p>Obraz na \u015bcianie to \u015bwietny spos\u00f3b na wprowadzenie do wn\u0119trza nietuzinkowego akcentu i wype\u0142nienie aran\u017cacyjnej luki. Co powiesz na ro\u015blinn\u0105 kompozycj\u0119, w kt\u00f3rej z\u0142oto i b\u0142\u0119kit dope\u0142niaj\u0105 subteln\u0105 sylwetk\u0119 kwiatu? Z\u0142ote obramowanie podkre\u015bla szykowno\u015b\u0107 dodatku.<\/p>\n<div style=\"display: flex; align-items: center; justify-content: center; text-align: center;\">\n<figure id=\"attachment_34888\" aria-describedby=\"caption-attachment-34888\" style=\"width: 593px\" class=\"wp-caption aligncenter\"><a href=\"https:\/\/www.brw.pl\/poduszka-dekoracyjna-lagos,40882\" target=\"_blank\" rel=\"noopener noreferrer\"><img decoding=\"async\" class=\"wp-image-34888 size-full lazyload\" data-src=\"https:\/\/www.brw.pl\/blog\/wp-content\/uploads\/2023\/11\/poduszka-dekoracyjna-lagos-mediuma.jpg\" alt=\"poduszka dekoracyjna Lagos\" width=\"593\" height=\"445\" src=\"data:image\/svg+xml;base64,PHN2ZyB3aWR0aD0iMSIgaGVpZ2h0PSIxIiB4bWxucz0iaHR0cDovL3d3dy53My5vcmcvMjAwMC9zdmciPjwvc3ZnPg==\" style=\"--smush-placeholder-width: 593px; --smush-placeholder-aspect-ratio: 593\/445;\" \/><\/a><figcaption id=\"caption-attachment-34888\" class=\"wp-caption-text\"><a href=\"https:\/\/www.brw.pl\/poduszka-dekoracyjna-lagos,40882\" target=\"_blank\" rel=\"noopener noreferrer\"><span style=\"font-weight: 400;\">PODUSZKA DEKORACYJNA LAGOS<\/span><\/a><\/figcaption><\/figure>\n<\/div>\n<p>Poduszki dekoracyjne nale\u017c\u0105 do dodatk\u00f3w, dzi\u0119ki kt\u00f3rym przeprowadzisz b\u0142yskawiczn\u0105 metamorfoz\u0119 pokoju. Je\u015bli zale\u017cy Ci na jak najlepszym efekcie ko\u0144cowym, nie poprzestawaj na samym przemeblowaniu. Zmieniaj\u0105c uk\u0142ad strefy wypoczynkowej lub snu, dodaj do niej <strong>poduszki w kwiecisty dese\u0144<\/strong> \u2013 b\u0119d\u0105 wyj\u0105tkow\u0105 dekoracj\u0105 wn\u0119trza.<\/p>\n<p style=\"text-align: center;\">To Ci\u0119 zainteresuje: <a href=\"https:\/\/www.brw.pl\/blog\/metamorfoza-kuchni-bez-remontu-to-mozliwe\/\" target=\"_blank\" rel=\"noopener noreferrer\">&#8222;Metamorfoza kuchni bez remontu? To mo\u017cliwe!&#8221;<\/a>.<\/p>\n<p><strong>Wi\u0119cej inspiruj\u0105cych rozwi\u0105za\u0144 do domu i mieszkania znajdziesz w <\/strong><a href=\"https:\/\/www.brw.pl\/\" target=\"_blank\" rel=\"noopener noreferrer\"><strong>sklepie internetowym Black Red White<\/strong><\/a><strong>. Zapraszamy!<\/strong><\/p>\n","protected":false},"excerpt":{"rendered":"<p>Chcesz od\u015bwie\u017cy\u0107 sw\u00f3j pok\u00f3j, ale bud\u017cet i czas stoj\u0105 na przeszkodzie? Nic straconego! W dzisiejszym artykule odkryjesz 5 skutecznych sposob\u00f3w na szybk\u0105 metamorfoz\u0119 wn\u0119trza, dzi\u0119ki kt\u00f3rym Twoja przestrze\u0144 zyska now\u0105 jako\u015b\u0107. Zobacz, jak przemeblowa\u0107 pok\u00f3j w kilku krokach!<\/p>\n","protected":false},"author":21,"featured_media":30754,"comment_status":"closed","ping_status":"open","sticky":false,"template":"","format":"standard","meta":{"footnotes":""},"categories":[39,741],"tags":[],"aioseo_notices":[],"_links":{"self":[{"href":"https:\/\/www.brw.pl\/blog\/wp-json\/wp\/v2\/posts\/34885"}],"collection":[{"href":"https:\/\/www.brw.pl\/blog\/wp-json\/wp\/v2\/posts"}],"about":[{"href":"https:\/\/www.brw.pl\/blog\/wp-json\/wp\/v2\/types\/post"}],"author":[{"embeddable":true,"href":"https:\/\/www.brw.pl\/blog\/wp-json\/wp\/v2\/users\/21"}],"replies":[{"embeddable":true,"href":"https:\/\/www.brw.pl\/blog\/wp-json\/wp\/v2\/comments?post=34885"}],"version-history":[{"count":3,"href":"https:\/\/www.brw.pl\/blog\/wp-json\/wp\/v2\/posts\/34885\/revisions"}],"predecessor-version":[{"id":37728,"href":"https:\/\/www.brw.pl\/blog\/wp-json\/wp\/v2\/posts\/34885\/revisions\/37728"}],"wp:featuredmedia":[{"embeddable":true,"href":"https:\/\/www.brw.pl\/blog\/wp-json\/wp\/v2\/media\/30754"}],"wp:attachment":[{"href":"https:\/\/www.brw.pl\/blog\/wp-json\/wp\/v2\/media?parent=34885"}],"wp:term":[{"taxonomy":"category","embeddable":true,"href":"https:\/\/www.brw.pl\/blog\/wp-json\/wp\/v2\/categories?post=34885"},{"taxonomy":"post_tag","embeddable":true,"href":"https:\/\/www.brw.pl\/blog\/wp-json\/wp\/v2\/tags?post=34885"}],"curies":[{"name":"wp","href":"https:\/\/api.w.org\/{rel}","templated":true}]}}