{"id":34908,"date":"2023-11-16T10:50:27","date_gmt":"2023-11-16T09:50:27","guid":{"rendered":"https:\/\/www.brw.pl\/blog\/?p=34908"},"modified":"2023-11-16T10:52:23","modified_gmt":"2023-11-16T09:52:23","slug":"elegancki-salon-aranzacje-ponadczasowej-przestrzeni","status":"publish","type":"post","link":"https:\/\/www.brw.pl\/blog\/elegancki-salon-aranzacje-ponadczasowej-przestrzeni\/","title":{"rendered":"Elegancki salon \u2013 aran\u017cacje ponadczasowej przestrzeni"},"content":{"rendered":"<p><strong>Elegancka aran\u017cacja salonu to klucz do wykreowanie pi\u0119knej, komfortowej przestrzeni. Jak urz\u0105dzi\u0107 salon z klas\u0105? W dzisiejszym artykule podpowiemy Ci, co zrobi\u0107, aby strefa dzienna zachwyca\u0142a wygod\u0105 i ponadczasowym designem.<\/strong><!--more--><\/p>\n<div style=\"display: flex; align-items: center; justify-content: center; text-align: center;\">\n<figure id=\"attachment_29589\" aria-describedby=\"caption-attachment-29589\" style=\"width: 800px\" class=\"wp-caption aligncenter\"><a href=\"https:\/\/www.brw.pl\/sofa-cloe,48821\" target=\"_blank\" rel=\"noopener noreferrer\"><img decoding=\"async\" class=\"wp-image-29589 size-medium lazyload\" data-src=\"https:\/\/www.brw.pl\/blog\/wp-content\/uploads\/2023\/01\/Sofa-Cloe-\u017burawie-800x540.png\" alt=\"Elegancki salon aran\u017cacje\" width=\"800\" height=\"540\" data-srcset=\"https:\/\/www.brw.pl\/blog\/wp-content\/uploads\/2023\/01\/Sofa-Cloe-\u017burawie-800x540.png 800w, https:\/\/www.brw.pl\/blog\/wp-content\/uploads\/2023\/01\/Sofa-Cloe-\u017burawie-768x518.png 768w, https:\/\/www.brw.pl\/blog\/wp-content\/uploads\/2023\/01\/Sofa-Cloe-\u017burawie-1536x1037.png 1536w, https:\/\/www.brw.pl\/blog\/wp-content\/uploads\/2023\/01\/Sofa-Cloe-\u017burawie.png 1600w\" data-sizes=\"(max-width: 800px) 100vw, 800px\" src=\"data:image\/svg+xml;base64,PHN2ZyB3aWR0aD0iMSIgaGVpZ2h0PSIxIiB4bWxucz0iaHR0cDovL3d3dy53My5vcmcvMjAwMC9zdmciPjwvc3ZnPg==\" style=\"--smush-placeholder-width: 800px; --smush-placeholder-aspect-ratio: 800\/540;\" \/><\/a><figcaption id=\"caption-attachment-29589\" class=\"wp-caption-text\"><a href=\"https:\/\/www.brw.pl\/sofa-cloe,48821\" target=\"_blank\" rel=\"noopener noreferrer\"><span style=\"font-weight: 400;\">SOFA CLOE \u017bURAWIE<\/span><\/a><\/figcaption><\/figure>\n<\/div>\n<h2><strong>Elegancki wystr\u00f3j salonu \u2013 mo\u017cesz go z \u0142atwo\u015bci\u0105 stworzy\u0107!<\/strong><\/h2>\n<p>Projekt salonu, kt\u00f3ry spe\u0142nia oczekiwania wizualne i u\u017cytkowe, to marzenie wielu z nas. Stworzenie reprezentacyjnej strefy dziennej jest zadaniem szczeg\u00f3lnej wagi. Imponuj\u0105ca przestrze\u0144 ma s\u0142u\u017cy\u0107 domownikom w wielu aspektach \u2013 zwi\u0105zanych czy to z codziennym wypoczynkiem, czy te\u017c z okazjonalnym podejmowaniem go\u015bci.<\/p>\n<p>Cho\u0107 urz\u0105dzenie eleganckiego salonu wydaje si\u0119 sporym wyzwaniem, tak naprawd\u0119 nie powinno sprawi\u0107 trudno\u015bci nawet pocz\u0105tkuj\u0105cym aran\u017cerom. Osi\u0105gni\u0119cie sukcesu jest jak najbardziej mo\u017cliwe. Konsekwencja aran\u017cacyjna, sp\u00f3jno\u015b\u0107 stylistyczna, a tak\u017ce odpowiednie meble i dodatki pozwol\u0105 Ci otrzyma\u0107 upragniony rezultat.<\/p>\n<h3>Wybierz styl aran\u017cacji salonu<\/h3>\n<p><strong>Jak stworzy\u0107 eleganck\u0105 aran\u017cacj\u0119 salonu?<\/strong> Pole do popisu jest bardzo du\u017ce \u2013 istnieje wiele konwencji stylistycznych, za pomoc\u0105 kt\u00f3rych uwydatnisz elegancki charakter wn\u0119trza. <strong>Szykowno\u015b\u0107 dostrzec mo\u017cna zar\u00f3wno w luksusowym stylu glamour, jak i w romantycznym stylu prowansalskim czy przytulnym stylu skandynawskim<\/strong>. Elegancja jest r\u00f3wnie\u017c cech\u0105 wn\u0119trz klasycznych, nowoczesnych, modern classic. Aran\u017cuj\u0105c salon o wytwornym rysie (np. salon glamour), staraj si\u0119 zachowa\u0107 sp\u00f3jno\u015b\u0107 stylistyczn\u0105. Przestrze\u0144 b\u0119dzie w\u00f3wczas harmonijna i pe\u0142na wdzi\u0119ku.<\/p>\n<p style=\"text-align: left;\">Salon glamour to wn\u0119trze pe\u0142ne szyku i ciep\u0142a. Przekonaj si\u0119 o tym, czytaj\u0105c nasz artyku\u0142: <a href=\"https:\/\/www.brw.pl\/blog\/przytulny-salon-glamour-aranzacje\/\" target=\"_blank\" rel=\"noopener noreferrer\">&#8222;Przytulny salon glamour \u2013 aran\u017cacje&#8221;<\/a>.<\/p>\n<h3>Dobierz odpowiedni\u0105 palet\u0119 kolor\u00f3w<\/h3>\n<p>Elegancki pok\u00f3j dzienny powinien wyr\u00f3\u017cnia\u0107 si\u0119 starannie dobran\u0105 palet\u0105 kolorystyczn\u0105. Warto wzi\u0105\u0107 pod uwag\u0119 styl aran\u017cacyjny, kt\u00f3ry ma gra\u0107 w wystroju pierwsze skrzypce. <strong>Nie bez znaczenia pozostaje tak\u017ce metra\u017c salonu \u2013 ma\u0142e wn\u0119trza zaprezentuj\u0105 si\u0119 korzystniej w jasnej oprawie, cho\u0107 obecno\u015b\u0107 mocniejszych akcent\u00f3w kolorystycznych nie jest w nich bezwzgl\u0119dnie zakazana<\/strong>. Eleganckie aran\u017cacje salonu z pewno\u015bci\u0105 polubi\u0105 si\u0119 z klasyczn\u0105 biel\u0105, pastelami, wszystkimi odcieniami be\u017cu, szaro\u015bci\u0105, czerni\u0105. Dobrym wyborem b\u0119dzie te\u017c &#8222;szlachetna tr\u00f3jka&#8221;, czyli szmaragdowa ziele\u0144, szafirowy b\u0142\u0119kit i rubinowa czerwie\u0144.<\/p>\n<div style=\"display: flex; align-items: center; justify-content: center; text-align: center;\">\n<figure id=\"attachment_33125\" aria-describedby=\"caption-attachment-33125\" style=\"width: 800px\" class=\"wp-caption aligncenter\"><a href=\"https:\/\/www.brw.pl\/sofa-gala,56863\" target=\"_blank\" rel=\"noopener noreferrer\"><img decoding=\"async\" class=\"wp-image-33125 size-medium lazyload\" data-src=\"https:\/\/www.brw.pl\/blog\/wp-content\/uploads\/2023\/06\/GALA_APHRODITE-3-\u2013-BE\u017b_ar1-800x587.jpg\" alt=\"Sofa Gala aran\u017cacja\" width=\"800\" height=\"587\" data-srcset=\"https:\/\/www.brw.pl\/blog\/wp-content\/uploads\/2023\/06\/GALA_APHRODITE-3-\u2013-BE\u017b_ar1-800x587.jpg 800w, https:\/\/www.brw.pl\/blog\/wp-content\/uploads\/2023\/06\/GALA_APHRODITE-3-\u2013-BE\u017b_ar1-768x564.jpg 768w, https:\/\/www.brw.pl\/blog\/wp-content\/uploads\/2023\/06\/GALA_APHRODITE-3-\u2013-BE\u017b_ar1.jpg 1469w\" data-sizes=\"(max-width: 800px) 100vw, 800px\" src=\"data:image\/svg+xml;base64,PHN2ZyB3aWR0aD0iMSIgaGVpZ2h0PSIxIiB4bWxucz0iaHR0cDovL3d3dy53My5vcmcvMjAwMC9zdmciPjwvc3ZnPg==\" style=\"--smush-placeholder-width: 800px; --smush-placeholder-aspect-ratio: 800\/587;\" \/><\/a><figcaption id=\"caption-attachment-33125\" class=\"wp-caption-text\"><a href=\"https:\/\/www.brw.pl\/sofa-gala,56863\" target=\"_blank\" rel=\"noopener noreferrer\"><span style=\"font-weight: 400;\">SOFA GALA<\/span><\/a><\/figcaption><\/figure>\n<\/div>\n<h2><strong>Elegancki, nowoczesny salon \u2013 jak go urz\u0105dzi\u0107?<\/strong><\/h2>\n<p>W tej cz\u0119\u015bci artyku\u0142u podpowiemy Ci, jak urz\u0105dzi\u0107 eleganckie, nowoczesne wn\u0119trze. Zdradzimy sposoby na umeblowanie salonu, a tak\u017ce przedstawimy dodatki, kt\u00f3re doskonale sprawdz\u0105 si\u0119 w szykownych aran\u017cacjach. Czytaj dalej!<\/p>\n<h3>Aran\u017cacje salonu w eleganckiej ods\u0142onie<\/h3>\n<p>Urz\u0105dzaj\u0105c salon prezentuj\u0105cy wysoki poziom wizualny, postaraj si\u0119 zadba\u0107 o ka\u017cdy detal. Dzia\u0142ania projektowe rozpocznij od zaplanowania element\u00f3w wyko\u0144czenia: \u015bcian, pod\u0142\u00f3g, stolarki okiennej i drzwiowej. Je\u015bli chcesz nada\u0107 aran\u017cacji sznyt, nie pozbawiaj\u0105c jej przy tym domowego ciep\u0142a, postaw na drewno. <strong>Drewniane deski pod\u0142ogowe, p\u0142ytki czy panele imituj\u0105ce drewno pozwol\u0105 Ci stworzy\u0107 przytulny salon o wyj\u0105tkowej urodzie<\/strong>.<\/p>\n<p>Efektowny wystr\u00f3j pokoju dziennego zapewni\u0105 r\u00f3wnie\u017c pokrycia \u015bcienne, takie jak tapety, panele lamelowe, a nawet spieki wielkoformatowe, coraz cz\u0119\u015bciej goszcz\u0105ce na salonach. W aran\u017cacji wn\u0119trz eleganckich najlepiej zaprezentuj\u0105 si\u0119 tapety z satynowym po\u0142yskiem oraz ok\u0142adziny imituj\u0105ce \u017cy\u0142kowany marmur.<\/p>\n<h3>Eleganckie wyposa\u017cenie salonu<\/h3>\n<p>W eleganckim salonie nie mo\u017ce zabrakn\u0105\u0107 mebli b\u0119d\u0105cych przyk\u0142adami dobrego wzornictwa. Inspiruje Ci\u0119 styl glamour? Znakomit\u0105 propozycj\u0105 do takiego wn\u0119trza b\u0119d\u0105 <strong>welurowe sofy<\/strong> o oparciach zdobionych g\u0142\u0119bokimi pikowaniami. Welwetowe <a href=\"https:\/\/www.brw.pl\/meble\/meble-wypoczynkowe\/\" target=\"_blank\" rel=\"noopener noreferrer\">meble wypoczynkowe<\/a> zdadz\u0105 egzamin tak\u017ce w przestrzeni o eklektycznym charakterze, np. w salonie loft glam. <strong>Sp\u00f3jrz na butelkowozielon\u0105 sof\u0119 Merla \u2013 perfekcyjnie odnajdzie si\u0119 w podobnych aran\u017cacjach<\/strong>.<\/p>\n<div style=\"display: flex; align-items: center; justify-content: center; text-align: center;\">\n<figure id=\"attachment_20650\" aria-describedby=\"caption-attachment-20650\" style=\"width: 800px\" class=\"wp-caption aligncenter\"><a href=\"https:\/\/www.brw.pl\/sofa-trzyosobowa-merla-rozkladana-z-pojemnikiem-welurowa-zielona,136483\" target=\"_blank\" rel=\"noopener noreferrer\"><img decoding=\"async\" class=\"wp-image-20650 size-medium lazyload\" data-src=\"https:\/\/www.brw.pl\/blog\/wp-content\/uploads\/2021\/11\/Sofa-Merla-zielona-800x516.jpg\" alt=\"sofa Merla\" width=\"800\" height=\"516\" data-srcset=\"https:\/\/www.brw.pl\/blog\/wp-content\/uploads\/2021\/11\/Sofa-Merla-zielona-800x516.jpg 800w, https:\/\/www.brw.pl\/blog\/wp-content\/uploads\/2021\/11\/Sofa-Merla-zielona-768x495.jpg 768w, https:\/\/www.brw.pl\/blog\/wp-content\/uploads\/2021\/11\/Sofa-Merla-zielona-1536x990.jpg 1536w, https:\/\/www.brw.pl\/blog\/wp-content\/uploads\/2021\/11\/Sofa-Merla-zielona.jpg 1671w\" data-sizes=\"(max-width: 800px) 100vw, 800px\" src=\"data:image\/svg+xml;base64,PHN2ZyB3aWR0aD0iMSIgaGVpZ2h0PSIxIiB4bWxucz0iaHR0cDovL3d3dy53My5vcmcvMjAwMC9zdmciPjwvc3ZnPg==\" style=\"--smush-placeholder-width: 800px; --smush-placeholder-aspect-ratio: 800\/516;\" \/><\/a><figcaption id=\"caption-attachment-20650\" class=\"wp-caption-text\"><a href=\"https:\/\/www.brw.pl\/sofa-trzyosobowa-merla-rozkladana-z-pojemnikiem-welurowa-zielona,136483\" target=\"_blank\" rel=\"noopener noreferrer\"><span style=\"font-weight: 400;\">SOFA MERLA<\/span><\/a><\/figcaption><\/figure>\n<\/div>\n<p><strong>W przestronnym salonie w stylu nowoczesnym warto umie\u015bci\u0107 obszerny <\/strong><a href=\"https:\/\/www.brw.pl\/meble\/meble-wypoczynkowe\/narozniki\/\" target=\"_blank\" rel=\"noopener noreferrer\"><strong>naro\u017cnik<\/strong><\/a>. O ile ma\u0142y salon raczej nie zyska na obecno\u015bci kanapy rogowej, o tyle w wi\u0119kszej przestrzeni mebel o du\u017cym gabarycie b\u0119dzie wr\u0119cz po\u017c\u0105dany! Nowoczesna elegancja <strong>naro\u017cnika Aldeia<\/strong> wniesie do salonu powiew \u015bwie\u017co\u015bci. B\u0142\u0119kitna tapicerka stworzy stylowy kontrast z wyciszon\u0105 baz\u0105 w kolorach drewna i be\u017cu.<\/p>\n<div style=\"display: flex; align-items: center; justify-content: center; text-align: center;\">\n<figure id=\"attachment_34909\" aria-describedby=\"caption-attachment-34909\" style=\"width: 800px\" class=\"wp-caption aligncenter\"><a href=\"https:\/\/www.brw.pl\/naroznik-aldeia,93473\" target=\"_blank\" rel=\"noopener noreferrer\"><img decoding=\"async\" class=\"wp-image-34909 size-medium lazyload\" data-src=\"https:\/\/www.brw.pl\/blog\/wp-content\/uploads\/2023\/11\/ALDEIA_NAROZNIK_LEWY_BARREL_74_ARANZACJA-800x450.jpg\" alt=\"naro\u017cnik Aldeia\" width=\"800\" height=\"450\" data-srcset=\"https:\/\/www.brw.pl\/blog\/wp-content\/uploads\/2023\/11\/ALDEIA_NAROZNIK_LEWY_BARREL_74_ARANZACJA-800x450.jpg 800w, https:\/\/www.brw.pl\/blog\/wp-content\/uploads\/2023\/11\/ALDEIA_NAROZNIK_LEWY_BARREL_74_ARANZACJA.jpg 1920w, https:\/\/www.brw.pl\/blog\/wp-content\/uploads\/2023\/11\/ALDEIA_NAROZNIK_LEWY_BARREL_74_ARANZACJA-768x432.jpg 768w, https:\/\/www.brw.pl\/blog\/wp-content\/uploads\/2023\/11\/ALDEIA_NAROZNIK_LEWY_BARREL_74_ARANZACJA-1536x864.jpg 1536w\" data-sizes=\"(max-width: 800px) 100vw, 800px\" src=\"data:image\/svg+xml;base64,PHN2ZyB3aWR0aD0iMSIgaGVpZ2h0PSIxIiB4bWxucz0iaHR0cDovL3d3dy53My5vcmcvMjAwMC9zdmciPjwvc3ZnPg==\" style=\"--smush-placeholder-width: 800px; --smush-placeholder-aspect-ratio: 800\/450;\" \/><\/a><figcaption id=\"caption-attachment-34909\" class=\"wp-caption-text\"><a href=\"https:\/\/www.brw.pl\/naroznik-aldeia,93473\" target=\"_blank\" rel=\"noopener noreferrer\"><span style=\"font-weight: 400;\">NARO\u017bNIK ALDEIA<\/span><\/a><\/figcaption><\/figure>\n<\/div>\n<p>Cz\u0119\u015b\u0107 wypoczynkowa jest jedn\u0105 z najwa\u017cniejszych stref eleganckiego salonu. To dlatego wsp\u00f3\u0142tworz\u0105ce j\u0105 wyposa\u017cenie powinno oferowa\u0107 nie tylko atrakcyjny efekt wizualny, ale r\u00f3wnie\u017c zalety u\u017cytkowe. <strong>Naro\u017cnik Norefin<\/strong> wyr\u00f3\u017cnia si\u0119 szerok\u0105 otoman\u0105 oraz regulowanymi pod\u0142okietnikami gwarantuj\u0105cymi komfortowy wypoczynek. Jego ponadczasowy design sprawia, \u017ce z \u0142atwo\u015bci\u0105 dopasujesz do niego eleganckie <a href=\"https:\/\/www.brw.pl\/meble\/stoly-i-krzesla\/lawy-i-stoliki\/stoliki\/\" target=\"_blank\" rel=\"noopener noreferrer\">stoliki kawowe<\/a>, np. Rosen lub Kamza.<\/p>\n<div style=\"display: flex; align-items: center; justify-content: center; text-align: center;\">\n<figure id=\"attachment_34910\" aria-describedby=\"caption-attachment-34910\" style=\"width: 800px\" class=\"wp-caption aligncenter\"><a href=\"https:\/\/www.brw.pl\/naroznik-lewostronny-norefin-rozkladany-z-pojemnikiem-welurowy-szary,57763\" target=\"_blank\" rel=\"noopener noreferrer\"><img decoding=\"async\" class=\"wp-image-34910 size-medium lazyload\" data-src=\"https:\/\/www.brw.pl\/blog\/wp-content\/uploads\/2023\/11\/Norefin-ASTON-17-IMG_5945-800x576.jpg\" alt=\"naro\u017cnik Norefin\" width=\"800\" height=\"576\" data-srcset=\"https:\/\/www.brw.pl\/blog\/wp-content\/uploads\/2023\/11\/Norefin-ASTON-17-IMG_5945-800x576.jpg 800w, https:\/\/www.brw.pl\/blog\/wp-content\/uploads\/2023\/11\/Norefin-ASTON-17-IMG_5945.jpg 1501w, https:\/\/www.brw.pl\/blog\/wp-content\/uploads\/2023\/11\/Norefin-ASTON-17-IMG_5945-768x552.jpg 768w, https:\/\/www.brw.pl\/blog\/wp-content\/uploads\/2023\/11\/Norefin-ASTON-17-IMG_5945-1536x1105.jpg 1536w\" data-sizes=\"(max-width: 800px) 100vw, 800px\" src=\"data:image\/svg+xml;base64,PHN2ZyB3aWR0aD0iMSIgaGVpZ2h0PSIxIiB4bWxucz0iaHR0cDovL3d3dy53My5vcmcvMjAwMC9zdmciPjwvc3ZnPg==\" style=\"--smush-placeholder-width: 800px; --smush-placeholder-aspect-ratio: 800\/576;\" \/><\/a><figcaption id=\"caption-attachment-34910\" class=\"wp-caption-text\"><a href=\"https:\/\/www.brw.pl\/naroznik-lewostronny-norefin-rozkladany-z-pojemnikiem-welurowy-szary,57763\" target=\"_blank\" rel=\"noopener noreferrer\"><span style=\"font-weight: 400;\">NARO\u017bNIK NOREFIN<\/span><\/a><\/figcaption><\/figure>\n<\/div>\n<div style=\"display: flex; align-items: center; justify-content: center; text-align: center;\">\n<figure id=\"attachment_29193\" aria-describedby=\"caption-attachment-29193\" style=\"width: 400px\" class=\"wp-caption aligncenter\"><a href=\"https:\/\/www.brw.pl\/stolik-rosen,43392\" target=\"_blank\" rel=\"noopener noreferrer\"><img decoding=\"async\" class=\"wp-image-29193 lazyload\" data-src=\"https:\/\/www.brw.pl\/blog\/wp-content\/uploads\/2023\/01\/stolik-rosen-mediumb.jpg\" alt=\"Stolik Rosen\" width=\"400\" height=\"300\" src=\"data:image\/svg+xml;base64,PHN2ZyB3aWR0aD0iMSIgaGVpZ2h0PSIxIiB4bWxucz0iaHR0cDovL3d3dy53My5vcmcvMjAwMC9zdmciPjwvc3ZnPg==\" style=\"--smush-placeholder-width: 400px; --smush-placeholder-aspect-ratio: 400\/300;\" \/><\/a><figcaption id=\"caption-attachment-29193\" class=\"wp-caption-text\"><a href=\"https:\/\/www.brw.pl\/stolik-rosen,43392\" target=\"_blank\" rel=\"noopener noreferrer\"><span style=\"font-weight: 400;\">STOLIK ROSEN<\/span><\/a><\/figcaption><\/figure>\n<figure id=\"attachment_23529\" aria-describedby=\"caption-attachment-23529\" style=\"width: 400px\" class=\"wp-caption aligncenter\"><a href=\"https:\/\/www.brw.pl\/komplet-dwoch-stolikow-kamza,43264\" target=\"_blank\" rel=\"noopener noreferrer\"><img decoding=\"async\" class=\"wp-image-23529 lazyload\" data-src=\"https:\/\/www.brw.pl\/blog\/wp-content\/uploads\/2022\/05\/stoliki-kamza.jpg\" alt=\"Stoliki Kamza Art Life\" width=\"400\" height=\"300\" src=\"data:image\/svg+xml;base64,PHN2ZyB3aWR0aD0iMSIgaGVpZ2h0PSIxIiB4bWxucz0iaHR0cDovL3d3dy53My5vcmcvMjAwMC9zdmciPjwvc3ZnPg==\" style=\"--smush-placeholder-width: 400px; --smush-placeholder-aspect-ratio: 400\/300;\" \/><\/a><figcaption id=\"caption-attachment-23529\" class=\"wp-caption-text\"><a href=\"https:\/\/www.brw.pl\/komplet-dwoch-stolikow-kamza,43264\" target=\"_blank\" rel=\"noopener noreferrer\"><span style=\"font-weight: 400;\">KOMPLET DW\u00d3CH STOLIK\u00d3W KAMZA<\/span><\/a><\/figcaption><\/figure>\n<\/div>\n<p style=\"text-align: center;\"><a href=\"https:\/\/www.brw.pl\/meble\/meble-wypoczynkowe\/grupypromocji-black-week'-do-50-na-tysiace-mebli-i-dodatkow-do-26'11'2023-r\/?intc_s=str_glowna_slajd&amp;intc_n=2023.11.13-2023.11.26-meble-wypoczynkowe\" target=\"_blank\" rel=\"noopener noreferrer\"><strong>&gt;&gt;Z okazji Black Week meble wypoczynkowe z oferty Black Red White kupisz w promocyjnych cenach. Sprawd\u017a!&lt;&lt;<\/strong><\/a><\/p>\n<p>Wsp\u00f3\u0142czesne trendy aran\u017cacyjne sprzyjaj\u0105 urz\u0105dzaniu otwartych przestrzeni dziennych \u0142\u0105cz\u0105cych kilka funkcji. Po\u0142\u0105czenie salonu z kuchni\u0105 i\/lub jadalni\u0105 to dzi\u015b cz\u0119sto spotykane rozwi\u0105zanie. <strong>Je\u015bli planujesz umie\u015bci\u0107 w salonie stref\u0119 jadalnian\u0105, zwr\u00f3\u0107 uwag\u0119 na eleganckie <\/strong><a href=\"https:\/\/www.brw.pl\/meble\/stoly-i-krzesla\/\" target=\"_blank\" rel=\"noopener noreferrer\"><strong>sto\u0142y i krzes\u0142a<\/strong><\/a><strong>, kt\u00f3re wprowadz\u0105 do wn\u0119trza luksusowe akcenty<\/strong>. St\u00f3\u0142 z litego drewna i szerokie tapicerowane siedziska b\u0119d\u0105 strza\u0142em w dziesi\u0105tk\u0119!<\/p>\n<h3>Dodatki i elementy dekoracyjne w eleganckim stylu<\/h3>\n<p>Podczas urz\u0105dzania salonu o eleganckim charakterze, szczeg\u00f3ln\u0105 uwag\u0119 po\u015bwi\u0119\u0107 dodatkom. W takiej przestrzeni mile widziane b\u0119d\u0105 strojne detale w postaci tekstyli\u00f3w, p\u0119katych wazon\u00f3w czy obraz\u00f3w w du\u017cych formatach. Aksamitne zas\u0142ony, poduszki w kwiatowe wzory, r\u0119cznie malowana ceramika, sztuka oprawiona w z\u0142ocone ramy czy dekoracyjne <a href=\"https:\/\/www.brw.pl\/dekoracje\/lustra\/\" target=\"_blank\" rel=\"noopener noreferrer\">lustra<\/a> dodadz\u0105 wn\u0119trzu smaku.<\/p>\n<div style=\"display: flex; align-items: center; justify-content: center; text-align: center;\">\n<figure id=\"attachment_29335\" aria-describedby=\"caption-attachment-29335\" style=\"width: 400px\" class=\"wp-caption aligncenter\"><a href=\"https:\/\/www.brw.pl\/wazon,28812\" target=\"_blank\" rel=\"noopener noreferrer\"><img decoding=\"async\" class=\"wp-image-29335 lazyload\" data-src=\"https:\/\/www.brw.pl\/blog\/wp-content\/uploads\/2023\/01\/wazon-mediuma-butelkowa-zielen.jpg\" alt=\"Butelkowozielony wazon\" width=\"400\" height=\"300\" src=\"data:image\/svg+xml;base64,PHN2ZyB3aWR0aD0iMSIgaGVpZ2h0PSIxIiB4bWxucz0iaHR0cDovL3d3dy53My5vcmcvMjAwMC9zdmciPjwvc3ZnPg==\" style=\"--smush-placeholder-width: 400px; --smush-placeholder-aspect-ratio: 400\/300;\" \/><\/a><figcaption id=\"caption-attachment-29335\" class=\"wp-caption-text\"><a href=\"https:\/\/www.brw.pl\/wazon,28812\" target=\"_blank\" rel=\"noopener noreferrer\"><span style=\"font-weight: 400;\">WAZON<\/span><\/a><\/figcaption><\/figure>\n<\/div>\n<h3>O\u015bwietlenie eleganckiego salonu<\/h3>\n<p>Aby wn\u0119trze wygl\u0105da\u0142o elegancko, ale i nowocze\u015bnie, jego projekt powinien uwzgl\u0119dnia\u0107 przemy\u015blane <a href=\"https:\/\/www.brw.pl\/oswietlenie\/\" target=\"_blank\" rel=\"noopener noreferrer\">o\u015bwietlenie<\/a>. Designerskie oprawy o\u015bwietleniowe z ca\u0142\u0105 pewno\u015bci\u0105 wzbogac\u0105 aran\u017cacj\u0119. Co wybra\u0107? W salonie glamour najlepiej sprawdz\u0105 si\u0119 <strong>kryszta\u0142owe \u017cyrandole, lampy-kule o mlecznych kloszach, a tak\u017ce nowoczesne oprawy o geometrycznych formach<\/strong>. Warto rozmie\u015bci\u0107 je w strategicznych miejscach: strefie wypoczynkowej, jadalnianej i kuchennej.<\/p>\n<div style=\"display: flex; align-items: center; justify-content: center; text-align: center;\">\n<figure id=\"attachment_23704\" aria-describedby=\"caption-attachment-23704\" style=\"width: 500px\" class=\"wp-caption aligncenter\"><a href=\"https:\/\/www.brw.pl\/lampa-wiszaca-varus,37992\" target=\"_blank\" rel=\"noopener noreferrer\"><img decoding=\"async\" class=\"wp-image-23704 lazyload\" data-src=\"https:\/\/www.brw.pl\/blog\/wp-content\/uploads\/2022\/05\/lampa-wiszaca-varus.jpg\" alt=\"LAMPA WISZ\u0104CA VARUS\" width=\"500\" height=\"375\" src=\"data:image\/svg+xml;base64,PHN2ZyB3aWR0aD0iMSIgaGVpZ2h0PSIxIiB4bWxucz0iaHR0cDovL3d3dy53My5vcmcvMjAwMC9zdmciPjwvc3ZnPg==\" style=\"--smush-placeholder-width: 500px; --smush-placeholder-aspect-ratio: 500\/375;\" \/><\/a><figcaption id=\"caption-attachment-23704\" class=\"wp-caption-text\"><a href=\"https:\/\/www.brw.pl\/lampa-wiszaca-varus,37992\" target=\"_blank\" rel=\"noopener noreferrer\"><span style=\"font-weight: 400;\">LAMPA WISZ\u0104CA VARUS<\/span><\/a><\/figcaption><\/figure>\n<\/div>\n<h2><strong>Elegancki salon \u2013 aran\u017cacje<\/strong><\/h2>\n<p>W tej cz\u0119\u015bci artyku\u0142u przedstawimy aran\u017cacje eleganckich salon\u00f3w, w kt\u00f3rych wykorzystano produkty z oferty Black Red White. Zainspiruj si\u0119!<\/p>\n<h3>Elegancki salon w stylu glamour<\/h3>\n<div style=\"display: flex; align-items: center; justify-content: center; text-align: center;\">\n<figure id=\"attachment_30570\" aria-describedby=\"caption-attachment-30570\" style=\"width: 800px\" class=\"wp-caption aligncenter\"><img decoding=\"async\" class=\"wp-image-30570 size-medium lazyload\" data-src=\"https:\/\/www.brw.pl\/blog\/wp-content\/uploads\/2023\/03\/cloe-piaskowy-salon-glowne-800x534.jpg\" alt=\"Elegancki salon kolekcja Cloe\" width=\"800\" height=\"534\" data-srcset=\"https:\/\/www.brw.pl\/blog\/wp-content\/uploads\/2023\/03\/cloe-piaskowy-salon-glowne-800x534.jpg 800w, https:\/\/www.brw.pl\/blog\/wp-content\/uploads\/2023\/03\/cloe-piaskowy-salon-glowne-768x512.jpg 768w, https:\/\/www.brw.pl\/blog\/wp-content\/uploads\/2023\/03\/cloe-piaskowy-salon-glowne-1536x1025.jpg 1536w, https:\/\/www.brw.pl\/blog\/wp-content\/uploads\/2023\/03\/cloe-piaskowy-salon-glowne.jpg 1619w\" data-sizes=\"(max-width: 800px) 100vw, 800px\" src=\"data:image\/svg+xml;base64,PHN2ZyB3aWR0aD0iMSIgaGVpZ2h0PSIxIiB4bWxucz0iaHR0cDovL3d3dy53My5vcmcvMjAwMC9zdmciPjwvc3ZnPg==\" style=\"--smush-placeholder-width: 800px; --smush-placeholder-aspect-ratio: 800\/534;\" \/><figcaption id=\"caption-attachment-30570\" class=\"wp-caption-text\"><a href=\"https:\/\/www.brw.pl\/sofa-cloe,48816\" target=\"_blank\" rel=\"noopener noreferrer\"><span style=\"font-weight: 400;\">SOFA CLOE<\/span><\/a> &#8211; <a href=\"https:\/\/www.brw.pl\/stolik-xana,43266\" target=\"_blank\" rel=\"noopener noreferrer\"><span style=\"font-weight: 400;\">STOLIK XANA<\/span><\/a> &#8211; <a href=\"https:\/\/www.brw.pl\/konsola-alita,43393\" target=\"_blank\" rel=\"noopener noreferrer\"><span style=\"font-weight: 400;\">KONSOLA ALITA<\/span><\/a><\/figcaption><\/figure>\n<\/div>\n<p>Szukasz pomys\u0142u na aran\u017cacj\u0119 eleganckiej strefy dziennej? Co powiesz na modny salon w stylu glamour? Jego urz\u0105dzenie wbrew pozorom nie nastr\u0119czy Ci \u017cadnych trudno\u015bci, efekt natomiast przero\u015bnie wszelkie oczekiwania. Przyjrzyj si\u0119 powy\u017cszej realizacji \u2013 za pomoc\u0105 kilku element\u00f3w wyposa\u017cenia projektantom uda\u0142o si\u0119 stworzy\u0107 przestrze\u0144 eleganck\u0105, ponadczasow\u0105 i pe\u0142n\u0105 blasku.<\/p>\n<p>Do aran\u017cacji wprowadzono jasne meble charakterystyczne dla stylu glamour: <strong>be\u017cow\u0105 sof\u0119, fotel i puf Cloe na z\u0142otych n\u00f3\u017ckach<\/strong>, <strong>okr\u0105g\u0142y stolik Xana z blatem w kolorze zielonego marmuru<\/strong> oraz <strong>konsol\u0119 Alita wykonan\u0105 z metalu i szk\u0142a<\/strong>. Luksusowy klimat glamour podkre\u015blaj\u0105 wysokogatunkowe tekstylia oraz paleta barw oscyluj\u0105ca wok\u00f3\u0142 be\u017cu, bieli, butelkowej zieleni i z\u0142ota.<\/p>\n<h3>Szykowny salon w duchu loft<\/h3>\n<div style=\"display: flex; align-items: center; justify-content: center; text-align: center;\">\n<figure id=\"attachment_30861\" aria-describedby=\"caption-attachment-30861\" style=\"width: 800px\" class=\"wp-caption aligncenter\"><img decoding=\"async\" class=\"wp-image-30861 size-medium lazyload\" data-src=\"https:\/\/www.brw.pl\/blog\/wp-content\/uploads\/2023\/04\/rega\u0142-ramla-800x531.jpg\" alt=\"Elegancki salon kolekcja Ramla\" width=\"800\" height=\"531\" data-srcset=\"https:\/\/www.brw.pl\/blog\/wp-content\/uploads\/2023\/04\/rega\u0142-ramla-800x531.jpg 800w, https:\/\/www.brw.pl\/blog\/wp-content\/uploads\/2023\/04\/rega\u0142-ramla-768x509.jpg 768w, https:\/\/www.brw.pl\/blog\/wp-content\/uploads\/2023\/04\/rega\u0142-ramla-1536x1019.jpg 1536w, https:\/\/www.brw.pl\/blog\/wp-content\/uploads\/2023\/04\/rega\u0142-ramla.jpg 1600w\" data-sizes=\"(max-width: 800px) 100vw, 800px\" src=\"data:image\/svg+xml;base64,PHN2ZyB3aWR0aD0iMSIgaGVpZ2h0PSIxIiB4bWxucz0iaHR0cDovL3d3dy53My5vcmcvMjAwMC9zdmciPjwvc3ZnPg==\" style=\"--smush-placeholder-width: 800px; --smush-placeholder-aspect-ratio: 800\/531;\" \/><figcaption id=\"caption-attachment-30861\" class=\"wp-caption-text\"><a href=\"https:\/\/www.brw.pl\/szafka-rtv-ramla,52815\" target=\"_blank\" rel=\"noopener noreferrer\"><span style=\"font-weight: 400;\">SZAFKA RTV RAMLA<\/span><\/a> &#8211; <a href=\"https:\/\/www.brw.pl\/komoda-ramla,52830\" target=\"_blank\" rel=\"noopener noreferrer\"><span style=\"font-weight: 400;\">KOMODA RAMLA<\/span><\/a><\/figcaption><\/figure>\n<\/div>\n<p>Ze stylem loftowym na og\u00f3\u0142 kojarz\u0105 si\u0119 surowe struktury, uboga kolorystyka i praktyczne wyposa\u017cenie. Czy zatem wn\u0119trza inspirowane przemys\u0142ow\u0105 estetyk\u0105 mog\u0105 by\u0107 eleganckie? Okazuje si\u0119, \u017ce tak.<\/p>\n<p>Sp\u00f3jrz na nasz\u0105 aran\u017cacj\u0119 salonu. Stonowan\u0105 baz\u0119 opart\u0105 na szaro\u015bciach i be\u017cach uzupe\u0142nili\u015bmy meblami w ciep\u0142ym, jesionowym wybarwieniu. <strong>Meble z kolekcji Ramla<\/strong> s\u0105 oszcz\u0119dne w formie, nie mo\u017cna jednak odm\u00f3wi\u0107 im klasy. Rega\u0142, szafka RTV, witryna i komoda prezentuj\u0105 si\u0119 lekko i zgrabnie. W powy\u017cszej kompozycji uwag\u0119 zwracaj\u0105 dodatki, kt\u00f3re nadaj\u0105 salonowi eklektyczny charakter. Szklane, kuliste lampy, z\u0142oty <a href=\"https:\/\/www.brw.pl\/zegar-stojacy,39607\" target=\"_blank\" rel=\"noopener noreferrer\">zegar stoj\u0105cy<\/a> czy po\u0142yskuj\u0105ce <a href=\"https:\/\/www.brw.pl\/komplet-dwoch-stolikow-atena,42198\" target=\"_blank\" rel=\"noopener noreferrer\">stoliki Atena<\/a> s\u0105 nietuzinkow\u0105 ozdob\u0105 wn\u0119trza.<\/p>\n<p style=\"text-align: center;\"><strong>Wi\u0119cej stylowych rozwi\u0105za\u0144 do salonu znajdziesz w <\/strong><a href=\"https:\/\/www.brw.pl\/\" target=\"_blank\" rel=\"noopener noreferrer\"><strong>sklepie internetowym Black Red White<\/strong><\/a><strong>. Zapraszamy!<\/strong><\/p>\n","protected":false},"excerpt":{"rendered":"<p>Elegancka aran\u017cacja salonu to klucz do wykreowanie pi\u0119knej, komfortowej przestrzeni. Jak urz\u0105dzi\u0107 salon z klas\u0105? W dzisiejszym artykule podpowiemy Ci, co zrobi\u0107, aby strefa dzienna zachwyca\u0142a wygod\u0105 i ponadczasowym designem.<\/p>\n","protected":false},"author":21,"featured_media":29589,"comment_status":"closed","ping_status":"open","sticky":false,"template":"","format":"standard","meta":{"footnotes":""},"categories":[39,28,735,573],"tags":[],"aioseo_notices":[],"_links":{"self":[{"href":"https:\/\/www.brw.pl\/blog\/wp-json\/wp\/v2\/posts\/34908"}],"collection":[{"href":"https:\/\/www.brw.pl\/blog\/wp-json\/wp\/v2\/posts"}],"about":[{"href":"https:\/\/www.brw.pl\/blog\/wp-json\/wp\/v2\/types\/post"}],"author":[{"embeddable":true,"href":"https:\/\/www.brw.pl\/blog\/wp-json\/wp\/v2\/users\/21"}],"replies":[{"embeddable":true,"href":"https:\/\/www.brw.pl\/blog\/wp-json\/wp\/v2\/comments?post=34908"}],"version-history":[{"count":2,"href":"https:\/\/www.brw.pl\/blog\/wp-json\/wp\/v2\/posts\/34908\/revisions"}],"predecessor-version":[{"id":34912,"href":"https:\/\/www.brw.pl\/blog\/wp-json\/wp\/v2\/posts\/34908\/revisions\/34912"}],"wp:featuredmedia":[{"embeddable":true,"href":"https:\/\/www.brw.pl\/blog\/wp-json\/wp\/v2\/media\/29589"}],"wp:attachment":[{"href":"https:\/\/www.brw.pl\/blog\/wp-json\/wp\/v2\/media?parent=34908"}],"wp:term":[{"taxonomy":"category","embeddable":true,"href":"https:\/\/www.brw.pl\/blog\/wp-json\/wp\/v2\/categories?post=34908"},{"taxonomy":"post_tag","embeddable":true,"href":"https:\/\/www.brw.pl\/blog\/wp-json\/wp\/v2\/tags?post=34908"}],"curies":[{"name":"wp","href":"https:\/\/api.w.org\/{rel}","templated":true}]}}