{"id":34997,"date":"2023-11-26T14:00:10","date_gmt":"2023-11-26T13:00:10","guid":{"rendered":"https:\/\/www.brw.pl\/blog\/?p=34997"},"modified":"2023-11-26T14:00:10","modified_gmt":"2023-11-26T13:00:10","slug":"sypialnia-w-kolorze-szalwii-inspiracje","status":"publish","type":"post","link":"https:\/\/www.brw.pl\/blog\/sypialnia-w-kolorze-szalwii-inspiracje\/","title":{"rendered":"Sypialnia w kolorze sza\u0142wii \u2013 inspiracje"},"content":{"rendered":"<p><strong>Chcesz wprowadzi\u0107 od\u015bwie\u017caj\u0105cy akcent do swojej sypialni? Zapro\u015b do niej modny kolor sza\u0142wii! Subtelny odcie\u0144 doda uroku ka\u017cdej przestrzeni. Odkryj inspiruj\u0105ce pomys\u0142y na aran\u017cacj\u0119 sypialni \u2013 zobacz, jak pi\u0119knie prezentuje si\u0119 w sza\u0142wiowej zieleni.<\/strong><!--more--><\/p>\n<div style=\"display: flex; align-items: center; justify-content: center; text-align: center;\">\n<figure id=\"attachment_18051\" aria-describedby=\"caption-attachment-18051\" style=\"width: 800px\" class=\"wp-caption aligncenter\"><img decoding=\"async\" class=\"wp-image-18051 size-medium lazyload\" data-src=\"https:\/\/www.brw.pl\/blog\/wp-content\/uploads\/2021\/05\/NEPO-PLUS-sypialnia-www-800x450.jpg\" alt=\"Sypialnia w kolorze sza\u0142wii\" width=\"800\" height=\"450\" data-srcset=\"https:\/\/www.brw.pl\/blog\/wp-content\/uploads\/2021\/05\/NEPO-PLUS-sypialnia-www-800x450.jpg 800w, https:\/\/www.brw.pl\/blog\/wp-content\/uploads\/2021\/05\/NEPO-PLUS-sypialnia-www.jpg 1920w, https:\/\/www.brw.pl\/blog\/wp-content\/uploads\/2021\/05\/NEPO-PLUS-sypialnia-www-768x432.jpg 768w, https:\/\/www.brw.pl\/blog\/wp-content\/uploads\/2021\/05\/NEPO-PLUS-sypialnia-www-1536x864.jpg 1536w\" data-sizes=\"(max-width: 800px) 100vw, 800px\" src=\"data:image\/svg+xml;base64,PHN2ZyB3aWR0aD0iMSIgaGVpZ2h0PSIxIiB4bWxucz0iaHR0cDovL3d3dy53My5vcmcvMjAwMC9zdmciPjwvc3ZnPg==\" style=\"--smush-placeholder-width: 800px; --smush-placeholder-aspect-ratio: 800\/450;\" \/><figcaption id=\"caption-attachment-18051\" class=\"wp-caption-text\"><a href=\"https:\/\/www.brw.pl\/szafa-80-nepo-plus,29771\" target=\"_blank\" rel=\"noopener noreferrer\"><span style=\"font-weight: 400;\">SZAFA NEPO PLUS<\/span><\/a> &#8211; <a href=\"https:\/\/www.brw.pl\/lozko-140-nepo-plus,29705\" target=\"_blank\" rel=\"noopener noreferrer\"><span style=\"font-weight: 400;\">\u0141\u00d3\u017bKO NEPO PLUS<\/span><\/a> &#8211; <a href=\"https:\/\/www.brw.pl\/komoda-nepo-plus,29691\" target=\"_blank\" rel=\"noopener noreferrer\"><span style=\"font-weight: 400;\">KOMODA NEPO PLUS<\/span><\/a><\/figcaption><\/figure>\n<\/div>\n<h2><strong>Sypialnia w kolorze sza\u0142wii to hit tego sezonu!<\/strong><\/h2>\n<ul>\n<li>dowiedz si\u0119, dlaczego sza\u0142wiowa ziele\u0144 to najmodniejszy kolor sezonu;<\/li>\n<li>przekonaj si\u0119, jakie meble i dodatki pasuj\u0105 do sza\u0142wiowej sypialni;<\/li>\n<li>zobacz wyj\u0105tkowe aran\u017cacje wn\u0119trz w kolorze sza\u0142wiowym.<\/li>\n<\/ul>\n<p>W \u015bwiecie wn\u0119trzarskich trend\u00f3w nieustannie pojawiaj\u0105 si\u0119 nowe odcienie i inspiracje, ale jednym z najwi\u0119kszych hit\u00f3w ostatnich lat jest kolor sza\u0142wiowy. Ta delikatna, przyjemna dla oczu barwa zdoby\u0142a serca projektant\u00f3w wn\u0119trz, staj\u0105c si\u0119 prawdziw\u0105 gwiazd\u0105 modnych aran\u017cacji. Nie bez powodu! Sza\u0142wiowy odcie\u0144 zieleni \u0142\u0105czy w sobie spok\u00f3j natury z elegancj\u0105 wsp\u00f3\u0142czesnego designu. Co wi\u0119cej, dzia\u0142a relaksuj\u0105co na umys\u0142, wycisza i odpr\u0119\u017ca.<\/p>\n<p>Przekonaj si\u0119, dlaczego sypialnia w odcieniach sza\u0142wii jest teraz na topie i pozw\u00f3l jej oczarowa\u0107 Twoje zmys\u0142y!<\/p>\n<h3>Jak wygl\u0105da sza\u0142wiowa ziele\u0144?<\/h3>\n<p>Kolor sza\u0142wiowy to subtelny, wyciszony odcie\u0144 zieleni z domieszk\u0105 szaro\u015bci. Cho\u0107 mie\u015bci si\u0119 w paletach zieleni, charakteryzuje si\u0119 spokojem w\u0142a\u015bciwym neutralnym barwom. Jego szlachetna natura sprawia, \u017ce w aran\u017cacjach prezentuje si\u0119 niezwykle elegancko. Jest to kolor, kt\u00f3ry pasuje do wielu r\u00f3\u017cnych styl\u00f3w wn\u0119trzarskich i idealnie komponuje si\u0119 zar\u00f3wno z naturalnymi materia\u0142ami, jak drewno czy kamie\u0144, jak i z nieco bardziej nowoczesnymi akcentami. <strong>Sza\u0142wiow\u0105 ziele\u0144 pokochaj\u0105 przede wszystkim ci, kt\u00f3rzy szukaj\u0105 spokojnego, ale i stylowego koloru do swojej sypialni<\/strong>.<\/p>\n<h3>Z czym \u0142\u0105czy\u0107 kolor sza\u0142wiowy?<\/h3>\n<p>Delikatna sza\u0142wia dobrze odnajduje si\u0119 w rozmaitych po\u0142\u0105czeniach kolorystycznych, dlatego nie sprawi k\u0142opotu nawet pocz\u0105tkuj\u0105cym aran\u017cerom. W towarzystwie bieli zyskuje nowoczesny rys, pastele dodaj\u0105 jej s\u0142odyczy, z kolei kolory ziemi akcentuj\u0105 jej zwi\u0105zek z natur\u0105. <strong>Kolor sza\u0142wiowy z powodzeniem zestawisz z pudrowym r\u00f3\u017cem, jasnym be\u017cem, szaro\u015bci\u0105, butelkow\u0105 zieleni\u0105<\/strong>. Sza\u0142wia we wn\u0119trzu sprawdzi si\u0119 jako kolor \u015bcian, tapicerek i dodatk\u00f3w, a tak\u017ce jako wybarwienie stolarki drzwiowej i okiennej.<\/p>\n<p style=\"text-align: center;\">Czytaj tak\u017ce: <a href=\"https:\/\/www.brw.pl\/blog\/kolor-szalwiowy-z-czym-laczyc-go-we-wnetrzach\/\" target=\"_blank\" rel=\"noopener noreferrer\">&#8222;Kolor sza\u0142wiowy \u2013 z czym \u0142\u0105czy\u0107 go we wn\u0119trzach?&#8221;<\/a>.<\/p>\n<h2><strong>Sza\u0142wiowa sypialnia \u2013 jakie meble i dodatki wybra\u0107?<\/strong><\/h2>\n<p>W tej cz\u0119\u015bci artyku\u0142u podpowiemy Ci, jak zaaran\u017cowa\u0107 sypialni\u0119 z sza\u0142wi\u0105 w roli g\u0142\u00f3wnej. Zobacz, jakie <a href=\"https:\/\/www.brw.pl\/meble\/\" target=\"_blank\" rel=\"noopener noreferrer\">meble<\/a> i dodatki &#8222;zagraj\u0105&#8221; w takim wn\u0119trzu!<\/p>\n<h3>Sza\u0142wiowa ziele\u0144 na \u015bcianach<\/h3>\n<p>Je\u015bli chcesz, by zgaszona ziele\u0144 zdominowa\u0142a wn\u0119trze, zdecyduj si\u0119 na sza\u0142wiowe \u015bciany. <strong>Kolor sza\u0142wiowy jest na tyle uniwersalny, \u017ce mo\u017cesz urz\u0105dzi\u0107 w nim niemal ca\u0142e pomieszczenie<\/strong>. Taki zabieg pozwoli Ci stworzy\u0107 sp\u00f3jn\u0105, monochromatyczn\u0105 przestrze\u0144, w kt\u00f3rej odczuwalna jest blisko\u015b\u0107 natury.<\/p>\n<p>Obawiasz si\u0119, \u017ce cztery takie same \u015bciany mog\u0105 przyt\u0142oczy\u0107 sypialni\u0119? W takim razie rozwa\u017c inny scenariusz. <strong>Sza\u0142wiowa ziele\u0144 doskonale sprawdzi si\u0119 jako akcent na jednej ze \u015bcian<\/strong>, na przyk\u0142ad tej, na kt\u00f3rej znajduje si\u0119 \u0142\u00f3\u017cko. Pozosta\u0142e pomaluj na bia\u0142o lub pastelowo, aby zachowa\u0107 r\u00f3wnowag\u0119 kolorystyczn\u0105.<\/p>\n<p>W uzyskaniu harmonijnego efektu pomog\u0105 Ci elementy wyposa\u017cenia. Na sza\u0142wiowym tle warto wyeksponowa\u0107 meble skrzyniowe w wybarwieniu jasnego drewna. D\u0119bowe lub jesionowe <a href=\"https:\/\/www.brw.pl\/meble\/przechowywanie\/komody\/\" target=\"_blank\" rel=\"noopener noreferrer\">komody<\/a> i <a href=\"https:\/\/www.brw.pl\/meble\/szafy\/\" target=\"_blank\" rel=\"noopener noreferrer\">szafy<\/a> b\u0119d\u0105 strza\u0142em w dziesi\u0105tk\u0119!<\/p>\n<div style=\"display: flex; align-items: center; justify-content: center; text-align: center;\">\n<figure id=\"attachment_20548\" aria-describedby=\"caption-attachment-20548\" style=\"width: 500px\" class=\"wp-caption aligncenter\"><a href=\"https:\/\/www.brw.pl\/komoda-kaspian-z-4-szufladami-dab-sonoma,1165\" target=\"_blank\" rel=\"noopener noreferrer\"><img decoding=\"async\" class=\"wp-image-20548 lazyload\" data-src=\"https:\/\/www.brw.pl\/blog\/wp-content\/uploads\/2021\/10\/Komoda-Kaspian.jpg\" alt=\"Komoda Kaspian\" width=\"500\" height=\"375\" src=\"data:image\/svg+xml;base64,PHN2ZyB3aWR0aD0iMSIgaGVpZ2h0PSIxIiB4bWxucz0iaHR0cDovL3d3dy53My5vcmcvMjAwMC9zdmciPjwvc3ZnPg==\" style=\"--smush-placeholder-width: 500px; --smush-placeholder-aspect-ratio: 500\/375;\" \/><\/a><figcaption id=\"caption-attachment-20548\" class=\"wp-caption-text\"><a href=\"https:\/\/www.brw.pl\/komoda-kaspian-z-4-szufladami-dab-sonoma,1165\" target=\"_blank\" rel=\"noopener noreferrer\"><span style=\"font-weight: 400;\">KOMODA KASPIAN<\/span><\/a><\/figcaption><\/figure>\n<\/div>\n<h3>Meble do sza\u0142wiowej sypialni<\/h3>\n<p>\u015aciany w sza\u0142wiowej zieleni nie s\u0105 jedyn\u0105 opcj\u0105 aran\u017cacyjn\u0105, kt\u00f3ra zda egzamin w sypialni. <strong>R\u00f3wnie atrakcyjnym wyborem b\u0119d\u0105 meble wypoczynkowe w tym odcieniu<\/strong>. Co powiesz na eleganckie <a href=\"https:\/\/www.brw.pl\/meble\/lozka\/lozka-tapicerowane\/\" target=\"_blank\" rel=\"noopener noreferrer\">\u0142\u00f3\u017cko tapicerowane<\/a>, roz\u0142o\u017cysty <a href=\"https:\/\/www.brw.pl\/meble\/meble-wypoczynkowe\/fotele\/\" target=\"_blank\" rel=\"noopener noreferrer\">fotel<\/a> lub wygodny <a href=\"https:\/\/www.brw.pl\/meble\/meble-wypoczynkowe\/pufy\/\" target=\"_blank\" rel=\"noopener noreferrer\">puf<\/a>? Je\u015bli w pomieszczeniu jest wystarczaj\u0105co du\u017co miejsca, spr\u00f3buj zaaran\u017cowa\u0107 k\u0105cik czytelniczy lub stref\u0119 urodow\u0105. Tapicerowane siedziska uzupe\u0142ni\u0105 aran\u017cacj\u0119, zwi\u0119kszaj\u0105c jej walory u\u017cytkowe i estetyczne.<\/p>\n<div style=\"display: flex; align-items: center; justify-content: center; text-align: center;\">\n<figure id=\"attachment_34998\" aria-describedby=\"caption-attachment-34998\" style=\"width: 500px\" class=\"wp-caption aligncenter\"><a href=\"https:\/\/www.brw.pl\/fotel-uszak-ezio-welurowy-zielony,99048\" target=\"_blank\" rel=\"noopener noreferrer\"><img decoding=\"async\" class=\"wp-image-34998 lazyload\" data-src=\"https:\/\/www.brw.pl\/blog\/wp-content\/uploads\/2023\/11\/fotel-uszak-ezio-welurowy-zielony-tkanina-velluto-13-seledyn-mediumb.jpg\" alt=\"fotel uszak Ezio zielony\" width=\"500\" height=\"375\" src=\"data:image\/svg+xml;base64,PHN2ZyB3aWR0aD0iMSIgaGVpZ2h0PSIxIiB4bWxucz0iaHR0cDovL3d3dy53My5vcmcvMjAwMC9zdmciPjwvc3ZnPg==\" style=\"--smush-placeholder-width: 500px; --smush-placeholder-aspect-ratio: 500\/375;\" \/><\/a><figcaption id=\"caption-attachment-34998\" class=\"wp-caption-text\"><a href=\"https:\/\/www.brw.pl\/fotel-uszak-ezio-welurowy-zielony,99048\" target=\"_blank\" rel=\"noopener noreferrer\"><span style=\"font-weight: 400;\">FOTEL USZAK EZIO<\/span><\/a><\/figcaption><\/figure>\n<\/div>\n<p>Do kr\u00f3lewskiego \u0142\u00f3\u017cka z sza\u0142wiowym wezg\u0142owiem idealnie pasuje \u015bciana z cienkich, drewnianych lameli. Urod\u0119 \u0142agodnej zieleni podkre\u015bl\u0105 te\u017c sztukaterie pokryte kremow\u0105 farb\u0105. W romantycznej, kobiecej stylizacji warto pokusi\u0107 si\u0119 o wzorzyst\u0105 tapet\u0119, \u0142\u0105cz\u0105c\u0105 sza\u0142wi\u0119 i inne pastelowe barwy.<\/p>\n<h3>Dodatki w odcieniu sza\u0142wii<\/h3>\n<p>Masz ochot\u0119 na mini-metamorfoz\u0119 wystroju sypialni? Nic nie stoi na przeszkodzie, by <strong>kolor sza\u0142wiowy wprowadzi\u0107 do wn\u0119trza w formie dodatk\u00f3w<\/strong>! Si\u0119gnij po tekstylia: <a href=\"https:\/\/www.brw.pl\/tekstylia\/wystroj-okien\/zaslony\/\" target=\"_blank\" rel=\"noopener noreferrer\">zas\u0142ony<\/a>, <a href=\"https:\/\/www.brw.pl\/tekstylia\/dywany-i-chodniki\/dywany\/\" target=\"_blank\" rel=\"noopener noreferrer\">dywany<\/a>, <a href=\"https:\/\/www.brw.pl\/tekstylia\/narzuty\/\" target=\"_blank\" rel=\"noopener noreferrer\">narzuty<\/a>, <a href=\"https:\/\/www.brw.pl\/tekstylia\/poduszki-dekoracyjne\/\" target=\"_blank\" rel=\"noopener noreferrer\">poduszki dekoracyjne<\/a>. Przytulny klimat w sypialni zbuduj\u0105 r\u00f3wnie\u017c drobiazgi, takie jak \u015bwieczniki, wazony czy zawieszone na \u015bcianie plakaty. Sza\u0142wiowe dodatki najlepiej wyeksponowa\u0107 na uniwersalnym tle \u2013 b\u0119d\u0105 w\u00f3wczas lepiej widoczne.<\/p>\n<div style=\"display: flex; align-items: center; justify-content: center; text-align: center;\">\n<figure id=\"attachment_34999\" aria-describedby=\"caption-attachment-34999\" style=\"width: 593px\" class=\"wp-caption aligncenter\"><a href=\"https:\/\/www.brw.pl\/zaslona-oxford,51768\" target=\"_blank\" rel=\"noopener noreferrer\"><img decoding=\"async\" class=\"wp-image-34999 size-full lazyload\" data-src=\"https:\/\/www.brw.pl\/blog\/wp-content\/uploads\/2023\/11\/zaslona-oxford-mediuma.jpg\" alt=\"zas\u0142ona Oxford\" width=\"593\" height=\"445\" src=\"data:image\/svg+xml;base64,PHN2ZyB3aWR0aD0iMSIgaGVpZ2h0PSIxIiB4bWxucz0iaHR0cDovL3d3dy53My5vcmcvMjAwMC9zdmciPjwvc3ZnPg==\" style=\"--smush-placeholder-width: 593px; --smush-placeholder-aspect-ratio: 593\/445;\" \/><\/a><figcaption id=\"caption-attachment-34999\" class=\"wp-caption-text\"><a href=\"https:\/\/www.brw.pl\/zaslona-oxford,51768\" target=\"_blank\" rel=\"noopener noreferrer\"><span style=\"font-weight: 400;\">ZAS\u0141ONA OXFORD<\/span><\/a><\/figcaption><\/figure>\n<\/div>\n<h2><strong>Sypialnia w kolorze sza\u0142wii \u2013 aran\u017cacje<\/strong><\/h2>\n<p>W tym akapicie przedstawiamy wybrane aran\u017cacje sza\u0142wiowej sypialni z wykorzystaniem produkt\u00f3w z oferty Black Red White.<\/p>\n<h3>Nowoczesna sypialnia w kolorze sza\u0142wiowym<\/h3>\n<div style=\"display: flex; align-items: center; justify-content: center; text-align: center;\">\n<figure id=\"attachment_30987\" aria-describedby=\"caption-attachment-30987\" style=\"width: 800px\" class=\"wp-caption aligncenter\"><img decoding=\"async\" class=\"wp-image-30987 size-medium lazyload\" data-src=\"https:\/\/www.brw.pl\/blog\/wp-content\/uploads\/2023\/04\/Sypialnia-Alameda-800x540.jpg\" alt=\"Sypialnia w kolorze sza\u0142wii - kolekcja Alameda\" width=\"800\" height=\"540\" data-srcset=\"https:\/\/www.brw.pl\/blog\/wp-content\/uploads\/2023\/04\/Sypialnia-Alameda-800x540.jpg 800w, https:\/\/www.brw.pl\/blog\/wp-content\/uploads\/2023\/04\/Sypialnia-Alameda-768x518.jpg 768w, https:\/\/www.brw.pl\/blog\/wp-content\/uploads\/2023\/04\/Sypialnia-Alameda-1536x1037.jpg 1536w, https:\/\/www.brw.pl\/blog\/wp-content\/uploads\/2023\/04\/Sypialnia-Alameda.jpg 1600w\" data-sizes=\"(max-width: 800px) 100vw, 800px\" src=\"data:image\/svg+xml;base64,PHN2ZyB3aWR0aD0iMSIgaGVpZ2h0PSIxIiB4bWxucz0iaHR0cDovL3d3dy53My5vcmcvMjAwMC9zdmciPjwvc3ZnPg==\" style=\"--smush-placeholder-width: 800px; --smush-placeholder-aspect-ratio: 800\/540;\" \/><figcaption id=\"caption-attachment-30987\" class=\"wp-caption-text\"><a href=\"https:\/\/www.brw.pl\/lozko-160-alameda,36703\" target=\"_blank\" rel=\"noopener noreferrer\"><span style=\"font-weight: 400;\">\u0141\u00d3\u017bKO ALAMEDA<\/span><\/a> &#8211; <a href=\"https:\/\/www.brw.pl\/szafa-alameda,36707\" target=\"_blank\" rel=\"noopener noreferrer\"><span style=\"font-weight: 400;\">SZAFA ALAMEDA<\/span><\/a><\/figcaption><\/figure>\n<\/div>\n<p>Wprowadzenie koloru sza\u0142wiowego do sypialni mo\u017ce da\u0107 niesamowite efekty, a gdy po\u0142\u0105czy si\u0119 go z nowoczesnym stylem, rezultat mo\u017ce by\u0107 wr\u0119cz osza\u0142amiaj\u0105cy! Sp\u00f3jrz na powy\u017csz\u0105 aran\u017cacj\u0119. \u015acian\u0119 za \u0142\u00f3\u017ckiem ozdobiono delikatn\u0105 sztukateri\u0105, kt\u00f3r\u0105 pomalowano na kolor sza\u0142wiowy.<\/p>\n<p>Elegancka \u015bciana jest doskona\u0142ym t\u0142em dla bia\u0142ych <strong>mebli z kolekcji Alameda<\/strong>. Bry\u0142y o minimalistycznym designie nadaj\u0105 sypialni nowoczesny wygl\u0105d, jednocze\u015bnie doskonale komponuj\u0105c si\u0119 z kolorem sza\u0142wiowym. Bia\u0142e powierzchnie front\u00f3w odbijaj\u0105 \u015bwiat\u0142o, dzi\u0119ki czemu wn\u0119trze wydaje si\u0119 bardziej przestronne i ja\u015bniejsze.<\/p>\n<p>Wystr\u00f3j uzupe\u0142niaj\u0105 szykowne dodatki. Z\u0142ota lampa z czarnym kloszem, z\u0142ota os\u0142onka na doniczk\u0119 i niewielkie wazony w tym kolorze harmonijnie wpisuj\u0105 si\u0119 w ca\u0142o\u015b\u0107.<\/p>\n<p>Kolor sza\u0142wiowy nie tylko dominuje na \u015bcianach, ale jest te\u017c obecny w tekstyliach i tapicerce. Pled i puf w odcieniu ciemnej sza\u0142wii podkre\u015blaj\u0105 koj\u0105cy charakter sypialni. To miejsce, gdzie nowoczesno\u015b\u0107 spotyka si\u0119 z tradycj\u0105, a kolor sza\u0142wiowy pe\u0142ni rol\u0119 spoiwa mi\u0119dzy tymi dwoma \u015bwiatami. Oto sypialnia, kt\u00f3ra jest zar\u00f3wno modna, jak i przytulna \u2013 stanowi idealne miejsce na spokojny sen.<\/p>\n<h3>Romantyczny wystr\u00f3j sypialni w odcieniu sza\u0142wii<\/h3>\n<div style=\"display: flex; align-items: center; justify-content: center; text-align: center;\">\n<figure id=\"attachment_29427\" aria-describedby=\"caption-attachment-29427\" style=\"width: 800px\" class=\"wp-caption aligncenter\"><img decoding=\"async\" class=\"wp-image-29427 size-medium lazyload\" data-src=\"https:\/\/www.brw.pl\/blog\/wp-content\/uploads\/2023\/01\/Tapczan-Landen-800x540.png\" alt=\"Sypialnia w kolorze sza\u0142wii - tapczan Landen\" width=\"800\" height=\"540\" data-srcset=\"https:\/\/www.brw.pl\/blog\/wp-content\/uploads\/2023\/01\/Tapczan-Landen-800x540.png 800w, https:\/\/www.brw.pl\/blog\/wp-content\/uploads\/2023\/01\/Tapczan-Landen-768x518.png 768w, https:\/\/www.brw.pl\/blog\/wp-content\/uploads\/2023\/01\/Tapczan-Landen-1536x1037.png 1536w, https:\/\/www.brw.pl\/blog\/wp-content\/uploads\/2023\/01\/Tapczan-Landen.png 1600w\" data-sizes=\"(max-width: 800px) 100vw, 800px\" src=\"data:image\/svg+xml;base64,PHN2ZyB3aWR0aD0iMSIgaGVpZ2h0PSIxIiB4bWxucz0iaHR0cDovL3d3dy53My5vcmcvMjAwMC9zdmciPjwvc3ZnPg==\" style=\"--smush-placeholder-width: 800px; --smush-placeholder-aspect-ratio: 800\/540;\" \/><figcaption id=\"caption-attachment-29427\" class=\"wp-caption-text\"><a href=\"https:\/\/www.brw.pl\/tapczan-z-pojemnikiem-landen,45746\" target=\"_blank\" rel=\"noopener noreferrer\"><span style=\"font-weight: 400;\">TAPCZAN Z POJEMNIKIEM LANDEN<\/span><\/a> &#8211; <a href=\"https:\/\/www.brw.pl\/koc-152x127-belfast,39996\" target=\"_blank\" rel=\"noopener noreferrer\"><span style=\"font-weight: 400;\">KOC BELFAST<\/span><\/a><\/figcaption><\/figure>\n<\/div>\n<p>Je\u015bli marzysz o sypialni o romantycznym charakterze, gdzie spok\u00f3j i delikatno\u015b\u0107 otaczaj\u0105 Ci\u0119 na ka\u017cdym kroku, to sza\u0142wia jest kolorem, kt\u00f3ry spe\u0142ni Twoje marzenia. W prezentowanym wn\u0119trzu postawiono na do\u015b\u0107 nietypowe drzwi i stolark\u0119 okienn\u0105, malowniczo po\u0142\u0105czone z odcieniem sza\u0142wii. To wyb\u00f3r, kt\u00f3ry wprowadza atmosfer\u0119 romantyzmu i elegancji.<\/p>\n<p>\u015aciany pomalowano delikatn\u0105 farb\u0105 w kolorze piaskowego be\u017cu, co tworzy sp\u00f3jne t\u0142o dla reszty wyposa\u017cenia. Neutralny kolor podkre\u015bla naturalne pi\u0119kno sza\u0142wiowej zieleni, sprawiaj\u0105c, \u017ce ca\u0142a przestrze\u0144 emanuje ciep\u0142em.<\/p>\n<p>W centralnym punkcie sypialni znajduje si\u0119 <strong>tapczan Landen<\/strong> o szarej tapicerce. Szaro\u015b\u0107 jest doskona\u0142ym uzupe\u0142nieniem sza\u0142wiowej kolorystyki, dlatego wykorzystano j\u0105 r\u00f3wnie\u017c w dodatkach. Po\u015bciel, dywan, szklany flakon to drobiazgi, dzi\u0119ki kt\u00f3rym wn\u0119trze nabiera wdzi\u0119ku.<\/p>\n<p><strong>Wi\u0119cej inspiruj\u0105cych rozwi\u0105za\u0144 do sypialni znajdziesz w <\/strong><a href=\"https:\/\/www.brw.pl\/\" target=\"_blank\" rel=\"noopener noreferrer\"><strong>sklepie internetowym Black Red White<\/strong><\/a><strong>. Zapraszamy!<\/strong><\/p>\n","protected":false},"excerpt":{"rendered":"<p>Chcesz wprowadzi\u0107 od\u015bwie\u017caj\u0105cy akcent do swojej sypialni? Zapro\u015b do niej modny kolor sza\u0142wii! Subtelny odcie\u0144 doda uroku ka\u017cdej przestrzeni. Odkryj inspiruj\u0105ce pomys\u0142y na aran\u017cacj\u0119 sypialni \u2013 zobacz, jak pi\u0119knie prezentuje si\u0119 w sza\u0142wiowej zieleni.<\/p>\n","protected":false},"author":21,"featured_media":18051,"comment_status":"closed","ping_status":"open","sticky":false,"template":"","format":"standard","meta":{"footnotes":""},"categories":[39,29],"tags":[],"aioseo_notices":[],"_links":{"self":[{"href":"https:\/\/www.brw.pl\/blog\/wp-json\/wp\/v2\/posts\/34997"}],"collection":[{"href":"https:\/\/www.brw.pl\/blog\/wp-json\/wp\/v2\/posts"}],"about":[{"href":"https:\/\/www.brw.pl\/blog\/wp-json\/wp\/v2\/types\/post"}],"author":[{"embeddable":true,"href":"https:\/\/www.brw.pl\/blog\/wp-json\/wp\/v2\/users\/21"}],"replies":[{"embeddable":true,"href":"https:\/\/www.brw.pl\/blog\/wp-json\/wp\/v2\/comments?post=34997"}],"version-history":[{"count":1,"href":"https:\/\/www.brw.pl\/blog\/wp-json\/wp\/v2\/posts\/34997\/revisions"}],"predecessor-version":[{"id":35000,"href":"https:\/\/www.brw.pl\/blog\/wp-json\/wp\/v2\/posts\/34997\/revisions\/35000"}],"wp:featuredmedia":[{"embeddable":true,"href":"https:\/\/www.brw.pl\/blog\/wp-json\/wp\/v2\/media\/18051"}],"wp:attachment":[{"href":"https:\/\/www.brw.pl\/blog\/wp-json\/wp\/v2\/media?parent=34997"}],"wp:term":[{"taxonomy":"category","embeddable":true,"href":"https:\/\/www.brw.pl\/blog\/wp-json\/wp\/v2\/categories?post=34997"},{"taxonomy":"post_tag","embeddable":true,"href":"https:\/\/www.brw.pl\/blog\/wp-json\/wp\/v2\/tags?post=34997"}],"curies":[{"name":"wp","href":"https:\/\/api.w.org\/{rel}","templated":true}]}}