{"id":35205,"date":"2023-12-05T17:49:14","date_gmt":"2023-12-05T16:49:14","guid":{"rendered":"https:\/\/www.brw.pl\/blog\/?p=35205"},"modified":"2023-12-15T11:37:54","modified_gmt":"2023-12-15T10:37:54","slug":"salon-2024-sprawdz-co-bedzie-modne-w-nadchodzacym-roku","status":"publish","type":"post","link":"https:\/\/www.brw.pl\/blog\/salon-2024-sprawdz-co-bedzie-modne-w-nadchodzacym-roku\/","title":{"rendered":"Salon 2024 &#8211; sprawd\u017a, co b\u0119dzie modne w nadchodz\u0105cym roku"},"content":{"rendered":"<p data-pm-slice=\"1 1 []\"><strong>Grudzie\u0144 to czas podsumowa\u0144, wniosk\u00f3w i refleksji dotycz\u0105cych wydarze\u0144 z ostatnich dwunastu miesi\u0119cy. Jednak zamiast skupia\u0107 si\u0119 na przesz\u0142o\u015bci, sp\u00f3jrz w przysz\u0142o\u015b\u0107 i zastan\u00f3w si\u0119, co czeka Ci\u0119 w nadchodz\u0105cym roku. My zdradzimy, jakie trendy wn\u0119trzarskie b\u0119d\u0105 brylowa\u0107 na salonach w 2024!<\/strong><\/p>\n<p data-pm-slice=\"1 1 []\"><!--more--><\/p>\n<p><center><img decoding=\"async\" class=\"alignnone size-medium wp-image-35206 lazyload\" data-src=\"https:\/\/www.brw.pl\/blog\/wp-content\/uploads\/2023\/12\/glowne-S574_HYGGE_pokoj_dzienny_Ar1-800x450.jpg\" alt=\"Hygge - aran\u017cacja salonu\" width=\"800\" height=\"450\" data-srcset=\"https:\/\/www.brw.pl\/blog\/wp-content\/uploads\/2023\/12\/glowne-S574_HYGGE_pokoj_dzienny_Ar1-800x450.jpg 800w, https:\/\/www.brw.pl\/blog\/wp-content\/uploads\/2023\/12\/glowne-S574_HYGGE_pokoj_dzienny_Ar1.jpg 1920w, https:\/\/www.brw.pl\/blog\/wp-content\/uploads\/2023\/12\/glowne-S574_HYGGE_pokoj_dzienny_Ar1-768x432.jpg 768w, https:\/\/www.brw.pl\/blog\/wp-content\/uploads\/2023\/12\/glowne-S574_HYGGE_pokoj_dzienny_Ar1-1536x864.jpg 1536w\" data-sizes=\"(max-width: 800px) 100vw, 800px\" src=\"data:image\/svg+xml;base64,PHN2ZyB3aWR0aD0iMSIgaGVpZ2h0PSIxIiB4bWxucz0iaHR0cDovL3d3dy53My5vcmcvMjAwMC9zdmciPjwvc3ZnPg==\" style=\"--smush-placeholder-width: 800px; --smush-placeholder-aspect-ratio: 800\/450;\" \/><\/center><\/p>\n<p style=\"text-align: center;\" data-pm-slice=\"1 1 []\"><a href=\"https:\/\/www.brw.pl\/kolekcja-hygge-681,681\" target=\"_blank\" rel=\"noopener noreferrer\"><strong>KOLEKCJA MEBLI HYGGE<\/strong><\/a><\/p>\n<h2><strong>Salon 2024 \u2013 przed nami kolejna ods\u0142ona trend\u00f3w wn\u0119trzarskich<\/strong><\/h2>\n<p>W naszym artykule:<\/p>\n<ul>\n<li>wyja\u015bnimy, czym kierowa\u0107 si\u0119 podczas urz\u0105dzania salonu na miar\u0119 2024 r.,<\/li>\n<li>podpowiemy, jakie meble, o\u015bwietlenie oraz dodatki zrobi\u0105 w nim prawdziw\u0105 furor\u0119,<\/li>\n<li>zaprezentujemy inspiruj\u0105ce aran\u017cacje pokoju dziennego, kt\u00f3re odzwierciedlaj\u0105 nadchodz\u0105ce trendy.<\/li>\n<\/ul>\n<h3 style=\"text-align: center;\"><strong>Pora na japandi<\/strong><\/h3>\n<p>Prognozy wn\u0119trzarskie na 2024 r. to uk\u0142on w stron\u0119 stylu japandi, czyli wyj\u0105tkowego po\u0142\u0105czenia dw\u00f3ch estetyk aran\u017cacyjnych &#8211; skandynawskiej oraz japo\u0144skiej. Przestrze\u0144 japandi jest <strong>funkcjonalna<\/strong>, <strong>minimalistyczna<\/strong> oraz <strong>wygodna<\/strong>. Meble s\u0105 przede wszystkim praktyczne, a oszcz\u0119dne, starannie dobrane dekoracje w duchu <strong>wabi-sabi<\/strong> dodaj\u0105 wn\u0119trzu niepowtarzalnego charakteru. Wystr\u00f3j emanuje <strong>harmoni\u0105<\/strong> i <strong>spokojem<\/strong>. Ciep\u0142a baza kolorystyczna sprawia, \u017ce staje si\u0119 bardzo <strong>przytulny<\/strong>. Mile widziane s\u0105 <strong>ob\u0142e formy<\/strong> i <strong>naturalne materia\u0142y<\/strong> zar\u00f3wno w odniesieniu do mebli, jak i dodatk\u00f3w. Symbolizuj\u0105 po\u0142\u0105czenie z natur\u0105.<\/p>\n<h3 style=\"text-align: center;\"><strong>Nuta retro<\/strong><\/h3>\n<p>Aran\u017cacje w stylu japandi wydaj\u0105 Ci si\u0119 zbyt monotonne? Mo\u017cesz je o\u017cywi\u0107 za pomoc\u0105 rozwi\u0105za\u0144 typowych dla lat 80. ubieg\u0142ego wieku. Pomog\u0105 Ci w tym mi\u0119dzy innymi dynamiczne, <strong>geometryczne kszta\u0142ty<\/strong> widoczne na przyk\u0142ad we wzorach na tapetach lub tkaninach. Rozejrzyj si\u0119 r\u00f3wnie\u017c za dodatkami o <strong>mocniejszych barwach<\/strong>, ale w skromnych ilo\u015bciach, aby nie przyt\u0142oczy\u0107 pomieszczenia.<\/p>\n<h3 style=\"text-align: center;\"><strong>Kolory ziemi i naturalne materia\u0142y<\/strong><\/h3>\n<p>W przysz\u0142ym roku postaw na stonowane kolory nawi\u0105zuj\u0105ce do \u015bwiata przyrody. Barwy ziemi b\u0119d\u0105 strza\u0142em w dziesi\u0105tk\u0119. Spokojne odcienie wprowadz\u0105 do wn\u0119trza \u015bwie\u017co\u015b\u0107 i harmoni\u0119. Sprawdz\u0105 si\u0119 <strong>wyciszaj\u0105ce zielenie<\/strong>, szczeg\u00f3lnie oliwkowa i sza\u0142wiowa. Funkcj\u0119 bazy kolorystycznej przejm\u0105 <strong>czyste<\/strong> <strong>biele i przytulne be\u017ce<\/strong> kojarz\u0105ce si\u0119 z drewnem oraz piaskiem. Zdadz\u0105 egzamin <strong>ponadczasowe<\/strong> <strong>szaro\u015bci<\/strong> przywodz\u0105ce na my\u015bl skalne miasta. Delikatne pastele takie jak <strong>fiolet lawendy i subtelny r\u00f3\u017c kwiat\u00f3w wi\u015bni<\/strong> dodadz\u0105 aran\u017cacjom uroku, a <strong>kobaltowa ods\u0142ona b\u0142\u0119kitu<\/strong> &#8211; wyrazu. Rozwa\u017c te\u017c g\u0142\u0119bsze kolory, kt\u00f3re pomog\u0105 zbudowa\u0107 przytulny nastr\u00f3j. W 2024 r. na pierwszy plan wysun\u0105 si\u0119:<\/p>\n<ul>\n<li>\u0142agodna \u017c\u00f3\u0142cie\u0144 i przydymiona czerwie\u0144 jesiennych li\u015bci,<\/li>\n<li>czer\u0144 i br\u0105z \u017cyznej ziemi,<\/li>\n<li>ciep\u0142e odcienie koloru pomara\u0144czowego &#8211; cynamonowe i terakotowe,<\/li>\n<li>z\u0142ote akcenty.<\/li>\n<\/ul>\n<p>W aran\u017cacji salonu kolorom ziemi powinny towarzyszy\u0107 naturalne materia\u0142y, m.in. <strong>drewno, rattan, bambus, juta, wiklina, trawa morska, len, bawe\u0142na<\/strong>.<\/p>\n<h3 style=\"text-align: center;\"><strong>Trend eko i nowe technologie<\/strong><\/h3>\n<p>Obecnie architekci przyk\u0142adaj\u0105 du\u017c\u0105 wag\u0119 do ekologicznego aspektu pracy przy projektowaniu wn\u0119trz. W trosce o dobro planety projektanci wykorzystuj\u0105 metody, kt\u00f3re nie szkodz\u0105 \u015brodowisku. Promuj\u0105 <strong>recykling i upcykling<\/strong>, u\u017cywaj\u0105 przyjaznych naturze materia\u0142\u00f3w. Ch\u0119tnie nawi\u0105zuj\u0105 do \u015bwiata ro\u015blin i zwierz\u0105t, otwieraj\u0105c na niego wn\u0119trza.<\/p>\n<p>Nurt eko odegra wa\u017cn\u0105 rol\u0119 r\u00f3wnie\u017c w 2024 r., a jego sprzymierze\u0144cem b\u0119d\u0105 nowe technologie umo\u017cliwiaj\u0105ce inwestowanie w energi\u0119 odnawialn\u0105. Dobrym przyk\u0142adem s\u0105 tu <strong>panele s\u0142oneczne<\/strong>, kt\u00f3re z roku na rok staj\u0105 si\u0119 coraz wydajniejsze.<\/p>\n<p>Elektronika tak\u017ce wejdzie na nowy poziom. Wzro\u015bnie zainteresowanie <strong>zintegrowaniem urz\u0105dze\u0144 domowych, ich automatyzacj\u0105<\/strong>. Popularniejsi stan\u0105 si\u0119 <strong>asystenci g\u0142osowi<\/strong>.<\/p>\n<h2><strong>Salon 2024 \u2013 trendy<\/strong><\/h2>\n<p>Jakie wyko\u0144czenie salonu, meble, o\u015bwietlenie oraz dodatki b\u0119d\u0105 cieszy\u0107 si\u0119 powodzeniem w 2024 r.? Sprawd\u017a!<\/p>\n<h3 style=\"text-align: center;\"><strong>Wyko\u0144czenie wn\u0119trza 2024<\/strong><\/h3>\n<p>Pod\u0105\u017caj\u0105c za najnowszymi trendami, pami\u0119taj o <strong>wyrazistych fakturach<\/strong> materia\u0142\u00f3w wyko\u0144czeniowych. Aran\u017cacje en vogue musz\u0105 anga\u017cowa\u0107 wszystkie zmys\u0142y, w tym zmys\u0142 dotyku. Sprawdz\u0105 si\u0119 <strong>tapety obiektowe o ciekawej teksturze, lamele, ceg\u0142a, sztukaterie na \u015bcianach<\/strong>.<\/p>\n<p style=\"text-align: left;\">Czytaj r\u00f3wnie\u017c: <a href=\"https:\/\/www.brw.pl\/blog\/sypialnia-2024-trendy-na-nowy-rok\/\" target=\"_blank\" rel=\"noopener noreferrer\"><strong>&#8222;Sypialnia 2024 \u2013 trendy na nowy rok&#8221;<\/strong><\/a>.<\/p>\n<h3 style=\"text-align: center;\"><strong>Meble w aran\u017cacji wn\u0119trz 2024<\/strong><\/h3>\n<p><center><img decoding=\"async\" class=\"alignnone size-medium wp-image-33416 lazyload\" data-src=\"https:\/\/www.brw.pl\/blog\/wp-content\/uploads\/2023\/07\/BRW-SO3-KAMARI-LX_3DL_ELEMENT_07_ar1-800x552.jpg\" alt=\"Sofa Kamari aran\u017cacja\" width=\"800\" height=\"552\" data-srcset=\"https:\/\/www.brw.pl\/blog\/wp-content\/uploads\/2023\/07\/BRW-SO3-KAMARI-LX_3DL_ELEMENT_07_ar1-800x552.jpg 800w, https:\/\/www.brw.pl\/blog\/wp-content\/uploads\/2023\/07\/BRW-SO3-KAMARI-LX_3DL_ELEMENT_07_ar1-768x530.jpg 768w, https:\/\/www.brw.pl\/blog\/wp-content\/uploads\/2023\/07\/BRW-SO3-KAMARI-LX_3DL_ELEMENT_07_ar1-1536x1060.jpg 1536w, https:\/\/www.brw.pl\/blog\/wp-content\/uploads\/2023\/07\/BRW-SO3-KAMARI-LX_3DL_ELEMENT_07_ar1.jpg 1560w\" data-sizes=\"(max-width: 800px) 100vw, 800px\" src=\"data:image\/svg+xml;base64,PHN2ZyB3aWR0aD0iMSIgaGVpZ2h0PSIxIiB4bWxucz0iaHR0cDovL3d3dy53My5vcmcvMjAwMC9zdmciPjwvc3ZnPg==\" style=\"--smush-placeholder-width: 800px; --smush-placeholder-aspect-ratio: 800\/552;\" \/><\/center><\/p>\n<p style=\"text-align: center;\"><a href=\"https:\/\/www.brw.pl\/sofa-kamari,56881\" target=\"_blank\" rel=\"noopener noreferrer\"><strong>SOFA KAMARI<\/strong><\/a><\/p>\n<p>Co wyr\u00f3\u017cnia meble, kt\u00f3re ju\u017c wkr\u00f3tce zdob\u0119d\u0105 szturmem salony? Opr\u00f3cz wspomnianych wcze\u015bniej funkcjonalnych walor\u00f3w mile widziane b\u0119d\u0105 <strong>ozdobne fronty <\/strong><a href=\"https:\/\/www.brw.pl\/meble\/szafy\/\" target=\"_blank\" rel=\"noopener noreferrer\"><strong>szaf<\/strong><\/a><strong> i <\/strong><a href=\"https:\/\/www.brw.pl\/meble\/przechowywanie\/komody\/\" target=\"_blank\" rel=\"noopener noreferrer\"><strong>kom\u00f3d<\/strong><\/a><strong> &#8211; frezowane b\u0105d\u017a ryflowane<\/strong>. W odniesieniu do materia\u0142\u00f3w, w nurty wn\u0119trzarskie 2024 znakomicie wpisz\u0105 si\u0119 drewno, rattan, bambus. Co do mebli wypoczynkowych, rozejrzyj si\u0119 za modelami obitymi mi\u0119kk\u0105, przyjemn\u0105 w dotyku tkanin\u0105.<\/p>\n<p>Postaw na organiczne kszta\u0142ty. <strong>Zaokr\u0105glone meble<\/strong> b\u0119d\u0105 wygodniejsze w u\u017cytkowaniu. Ponadto \u0142agodne linie <a href=\"https:\/\/www.brw.pl\/meble\/stoly-i-krzesla\/stoly\/\" target=\"_blank\" rel=\"noopener noreferrer\">sto\u0142\u00f3w<\/a>, <a href=\"https:\/\/www.brw.pl\/meble\/stoly-i-krzesla\/lawy-i-stoliki\/stoliki\/\" target=\"_blank\" rel=\"noopener noreferrer\">stolik\u00f3w<\/a> kawowych, <a href=\"https:\/\/www.brw.pl\/meble\/meble-wypoczynkowe\/sofy\/\" target=\"_blank\" rel=\"noopener noreferrer\">sof<\/a> i <a href=\"https:\/\/www.brw.pl\/meble\/meble-wypoczynkowe\/fotele\/\" target=\"_blank\" rel=\"noopener noreferrer\">foteli<\/a> sprawi\u0105, \u017ce aran\u017cacja stanie si\u0119 bardziej naturalna, harmonijna, przytulna. To r\u00f3wnie\u017c bezpieczne rozwi\u0105zanie w domu, w kt\u00f3rym mieszkaj\u0105 ma\u0142e dzieci.<\/p>\n<div style=\"display: flex; align-items: center; justify-content: center; text-align: center;\">\n<figure id=\"attachment_35212\" aria-describedby=\"caption-attachment-35212\" style=\"width: 350px\" class=\"wp-caption aligncenter\"><a href=\"https:\/\/www.brw.pl\/naroznik-obustronny-tulio-rozkladany-zielony,57081\" target=\"_blank\" rel=\"noopener noreferrer\"><img decoding=\"async\" class=\"wp-image-35212 lazyload\" data-src=\"https:\/\/www.brw.pl\/blog\/wp-content\/uploads\/2023\/12\/naroznik-obustronny-tulio-rozkladany-zielony-tkanina-neve-34-mediumb.jpg\" alt=\"Naro\u017cnik Tulio z podniesionymi zag\u0142\u00f3wkami\" width=\"350\" height=\"263\" src=\"data:image\/svg+xml;base64,PHN2ZyB3aWR0aD0iMSIgaGVpZ2h0PSIxIiB4bWxucz0iaHR0cDovL3d3dy53My5vcmcvMjAwMC9zdmciPjwvc3ZnPg==\" style=\"--smush-placeholder-width: 350px; --smush-placeholder-aspect-ratio: 350\/263;\" \/><\/a><figcaption id=\"caption-attachment-35212\" class=\"wp-caption-text\"><a href=\"https:\/\/www.brw.pl\/naroznik-obustronny-tulio-rozkladany-zielony,57081\" target=\"_blank\" rel=\"noopener noreferrer\"><span style=\"font-weight: 400;\">NARO\u017bNIK TULIO<\/span><\/a><\/figcaption><\/figure>\n<\/div>\n<div style=\"display: flex; align-items: center; justify-content: center; text-align: center;\"><\/div>\n<p>&nbsp;<\/p>\n<div style=\"display: flex; align-items: center; justify-content: center; text-align: center;\">\n<figure id=\"attachment_25121\" aria-describedby=\"caption-attachment-25121\" style=\"width: 350px\" class=\"wp-caption aligncenter\"><a href=\"https:\/\/www.brw.pl\/sofa-gaja,57064\" target=\"_blank\" rel=\"noopener noreferrer\"><img decoding=\"async\" class=\"wp-image-25121 lazyload\" data-src=\"https:\/\/www.brw.pl\/blog\/wp-content\/uploads\/2022\/07\/sofa-gaja-new.jpg\" alt=\"Sofa Gaja New\" width=\"350\" height=\"263\" src=\"data:image\/svg+xml;base64,PHN2ZyB3aWR0aD0iMSIgaGVpZ2h0PSIxIiB4bWxucz0iaHR0cDovL3d3dy53My5vcmcvMjAwMC9zdmciPjwvc3ZnPg==\" style=\"--smush-placeholder-width: 350px; --smush-placeholder-aspect-ratio: 350\/263;\" \/><\/a><figcaption id=\"caption-attachment-25121\" class=\"wp-caption-text\"><a href=\"https:\/\/www.brw.pl\/sofa-gaja,57064\" target=\"_blank\" rel=\"noopener noreferrer\"><span style=\"font-weight: 400;\">SOFA GAJA<\/span><\/a><\/figcaption><\/figure>\n<\/div>\n<p>&nbsp;<\/p>\n<div style=\"display: flex; align-items: center; justify-content: center; text-align: center;\">\n<figure id=\"attachment_35207\" aria-describedby=\"caption-attachment-35207\" style=\"width: 350px\" class=\"wp-caption aligncenter\"><a href=\"https:\/\/www.brw.pl\/komoda-sawira,46061\" target=\"_blank\" rel=\"noopener noreferrer\"><img decoding=\"async\" class=\"wp-image-35207 lazyload\" data-src=\"https:\/\/www.brw.pl\/blog\/wp-content\/uploads\/2023\/12\/komoda-sawira-kolor-wybarwienia-dab-butcherblock-dab-bejca-lakier-mediuma.jpg\" alt=\"Komoda Sawira\" width=\"350\" height=\"263\" src=\"data:image\/svg+xml;base64,PHN2ZyB3aWR0aD0iMSIgaGVpZ2h0PSIxIiB4bWxucz0iaHR0cDovL3d3dy53My5vcmcvMjAwMC9zdmciPjwvc3ZnPg==\" style=\"--smush-placeholder-width: 350px; --smush-placeholder-aspect-ratio: 350\/263;\" \/><\/a><figcaption id=\"caption-attachment-35207\" class=\"wp-caption-text\"><a href=\"https:\/\/www.brw.pl\/komoda-sawira,46061\" target=\"_blank\" rel=\"noopener noreferrer\"><span style=\"font-weight: 400;\">KOMODA SAWIRA<\/span><\/a><\/figcaption><\/figure>\n<\/div>\n<p><strong>Komod\u0119 Sawira <\/strong>obejrzysz dok\u0142adniej na filmie dost\u0119pnym na <a href=\"https:\/\/www.youtube.com\/@brwmeble\" target=\"_blank\" rel=\"noopener noreferrer\"><strong>kanale BRW<\/strong><\/a> w serwisie YouTube:<\/p>\n<div class=\"videoWrapper\"><iframe title=\"Komoda Sawira\" data-src=\"https:\/\/www.youtube.com\/embed\/aHoTq7uA5uc\" frameborder=\"0\" allowfullscreen=\"allowfullscreen\" src=\"data:image\/svg+xml;base64,PHN2ZyB3aWR0aD0iMSIgaGVpZ2h0PSIxIiB4bWxucz0iaHR0cDovL3d3dy53My5vcmcvMjAwMC9zdmciPjwvc3ZnPg==\" data-load-mode=\"1\"><span data-mce-type=\"bookmark\" style=\"display: inline-block; width: 0px; overflow: hidden; line-height: 0;\" class=\"mce_SELRES_start lazyload\">\ufeff<\/span><\/iframe><\/div>\n<h3><\/h3>\n<h3 style=\"text-align: center;\"><strong>Trendy wn\u0119trzarskie 2024 &#8211; o\u015bwietlenie i dodatki<\/strong><\/h3>\n<p><center><img decoding=\"async\" class=\"alignnone size-full wp-image-35208 lazyload\" data-src=\"https:\/\/www.brw.pl\/blog\/wp-content\/uploads\/2023\/12\/THK-082058mFWcwmGjaVOE6tCTiHtf.jpg\" alt=\"Obrazy Zen oraz Abstrakcja Zen - aran\u017cacja salonu\" width=\"437\" height=\"477\" src=\"data:image\/svg+xml;base64,PHN2ZyB3aWR0aD0iMSIgaGVpZ2h0PSIxIiB4bWxucz0iaHR0cDovL3d3dy53My5vcmcvMjAwMC9zdmciPjwvc3ZnPg==\" style=\"--smush-placeholder-width: 437px; --smush-placeholder-aspect-ratio: 437\/477;\" \/><\/center><\/p>\n<p style=\"text-align: center;\">OBRAZY <a href=\"https:\/\/www.brw.pl\/obraz-abstrakcje-zen,50141\" target=\"_blank\" rel=\"noopener noreferrer\"><strong>&#8222;ABSTRAKCJE ZEN&#8221;<\/strong><\/a> oraz <a href=\"https:\/\/www.brw.pl\/obraz-zen,50088\" target=\"_blank\" rel=\"noopener noreferrer\"><strong>&#8222;ZEN&#8221;<\/strong><\/a><\/p>\n<p>W przysz\u0142ym roku w dekoracji wn\u0119trz b\u0119dzie dominowa\u0142 minimalistyczny nurt. Przestrzegaj jednej zasady &#8211; znaj umiar. Ka\u017cdy dodatek czy lampa powinny by\u0107 wyj\u0105tkowe i przemy\u015blane. Zainwestuj w ozdoby wykonane z naturalnych materia\u0142\u00f3w. Egzamin zdadz\u0105 mi\u0119dzy innymi lampy z drewna i wikliny, <a href=\"https:\/\/www.brw.pl\/przechowywanie\/kosze-i-koszyki\/\" target=\"_blank\" rel=\"noopener noreferrer\">kosze<\/a> z trawy morskiej, <strong>ceramika<\/strong> i <strong>szk\u0142o<\/strong> w postaci <a href=\"https:\/\/www.brw.pl\/dekoracje\/wazony\/\" target=\"_blank\" rel=\"noopener noreferrer\">wazon\u00f3w<\/a>, <a href=\"https:\/\/www.brw.pl\/dekoracje\/swiece-i-swieczniki\/swieczniki\/\" target=\"_blank\" rel=\"noopener noreferrer\">\u015bwiecznik\u00f3w<\/a>, ozdobnych <a href=\"https:\/\/www.brw.pl\/dekoracje\/misy-i-patery\/\" target=\"_blank\" rel=\"noopener noreferrer\">mis<\/a>. W oknach powie\u015b lniane <a href=\"https:\/\/www.brw.pl\/tekstylia\/wystroj-okien\/zaslony\/\" target=\"_blank\" rel=\"noopener noreferrer\">zas\u0142ony<\/a>, a na kanapie <a href=\"https:\/\/www.brw.pl\/dekoracje\/poduszki-dekoracyjne\/\" target=\"_blank\" rel=\"noopener noreferrer\">poduszki dekoracyjne<\/a> z bawe\u0142ny. Wystr\u00f3j uzupe\u0142nij przedmiotami z dusz\u0105 w stylu wabi-sabi, po kt\u00f3rych zna\u0107 up\u0142yw czasu. Dodatkowo mo\u017cesz wple\u015b\u0107 w wystr\u00f3j japo\u0144ski motyw kr\u0119gu s\u0142o\u0144ca &#8211; <strong>hinomaru<\/strong>, kt\u00f3ry zosta\u0142 wykorzystany w projekcie flagi Japonii. Przemycisz go na przyk\u0142ad w formie <a href=\"https:\/\/www.brw.pl\/dekoracje\/dekoracje-scienne\/obrazy\/\" target=\"_blank\" rel=\"noopener noreferrer\">obrazu<\/a> na \u015bcianie.<\/p>\n<div style=\"display: flex; align-items: center; justify-content: center; text-align: center;\">\n<figure id=\"attachment_33104\" aria-describedby=\"caption-attachment-33104\" style=\"width: 350px\" class=\"wp-caption aligncenter\"><a href=\"https:\/\/www.brw.pl\/lampa-wiszaca-burgo,37126\" target=\"_blank\" rel=\"noopener noreferrer\"><img decoding=\"async\" class=\"wp-image-33104 lazyload\" data-src=\"https:\/\/www.brw.pl\/blog\/wp-content\/uploads\/2023\/06\/lampa-wiszaca-burgo-mediuma.jpg\" alt=\"Lampa wisz\u0105ca Burgo\" width=\"350\" height=\"263\" src=\"data:image\/svg+xml;base64,PHN2ZyB3aWR0aD0iMSIgaGVpZ2h0PSIxIiB4bWxucz0iaHR0cDovL3d3dy53My5vcmcvMjAwMC9zdmciPjwvc3ZnPg==\" style=\"--smush-placeholder-width: 350px; --smush-placeholder-aspect-ratio: 350\/263;\" \/><\/a><figcaption id=\"caption-attachment-33104\" class=\"wp-caption-text\"><a href=\"https:\/\/www.brw.pl\/lampa-wiszaca-burgo,37126\" target=\"_blank\" rel=\"noopener noreferrer\"><span style=\"font-weight: 400;\">LAMPA WISZ\u0104CA BURGO<\/span><\/a><\/figcaption><\/figure>\n<\/div>\n<p>&nbsp;<\/p>\n<div style=\"display: flex; align-items: center; justify-content: center; text-align: center;\">\n<figure id=\"attachment_34748\" aria-describedby=\"caption-attachment-34748\" style=\"width: 350px\" class=\"wp-caption aligncenter\"><a href=\"https:\/\/www.brw.pl\/wazon,47809\" target=\"_blank\" rel=\"noopener noreferrer\"><img decoding=\"async\" class=\"wp-image-34748 lazyload\" data-src=\"https:\/\/www.brw.pl\/blog\/wp-content\/uploads\/2023\/10\/wazon-mediuma-1.jpg\" alt=\"Wazon\" width=\"350\" height=\"263\" src=\"data:image\/svg+xml;base64,PHN2ZyB3aWR0aD0iMSIgaGVpZ2h0PSIxIiB4bWxucz0iaHR0cDovL3d3dy53My5vcmcvMjAwMC9zdmciPjwvc3ZnPg==\" style=\"--smush-placeholder-width: 350px; --smush-placeholder-aspect-ratio: 350\/263;\" \/><\/a><figcaption id=\"caption-attachment-34748\" class=\"wp-caption-text\"><a href=\"https:\/\/www.brw.pl\/wazon,47809\" target=\"_blank\" rel=\"noopener noreferrer\"><span style=\"font-weight: 400;\">WAZON<\/span><\/a><\/figcaption><\/figure>\n<\/div>\n<p>&nbsp;<\/p>\n<div style=\"display: flex; align-items: center; justify-content: center; text-align: center;\">\n<figure id=\"attachment_32600\" aria-describedby=\"caption-attachment-32600\" style=\"width: 350px\" class=\"wp-caption aligncenter\"><a href=\"https:\/\/www.brw.pl\/poduszka-dekoracyjna-seine,33915\" target=\"_blank\" rel=\"noopener noreferrer\"><img decoding=\"async\" class=\"wp-image-32600 lazyload\" data-src=\"https:\/\/www.brw.pl\/blog\/wp-content\/uploads\/2023\/05\/poduszka-dekoracyjna-seine-mediuma.jpg\" alt=\"Poduszka dekoracyjna Seine\" width=\"350\" height=\"263\" src=\"data:image\/svg+xml;base64,PHN2ZyB3aWR0aD0iMSIgaGVpZ2h0PSIxIiB4bWxucz0iaHR0cDovL3d3dy53My5vcmcvMjAwMC9zdmciPjwvc3ZnPg==\" style=\"--smush-placeholder-width: 350px; --smush-placeholder-aspect-ratio: 350\/263;\" \/><\/a><figcaption id=\"caption-attachment-32600\" class=\"wp-caption-text\"><a href=\"https:\/\/www.brw.pl\/poduszka-dekoracyjna-seine,33915\" target=\"_blank\" rel=\"noopener noreferrer\"><span style=\"font-weight: 400;\">PODUSZKA SEINE<\/span><\/a><\/figcaption><\/figure>\n<\/div>\n<h2><strong>Salon 2024 \u2013 inspiracje<\/strong><\/h2>\n<p><center><img decoding=\"async\" class=\"alignnone size-medium wp-image-35209 lazyload\" data-src=\"https:\/\/www.brw.pl\/blog\/wp-content\/uploads\/2023\/12\/witryna-zenda-760x800.jpg\" alt=\"Kolekcja Zenda - aran\u017cacja salonu\" width=\"760\" height=\"800\" data-srcset=\"https:\/\/www.brw.pl\/blog\/wp-content\/uploads\/2023\/12\/witryna-zenda-760x800.jpg 760w, https:\/\/www.brw.pl\/blog\/wp-content\/uploads\/2023\/12\/witryna-zenda-768x808.jpg 768w, https:\/\/www.brw.pl\/blog\/wp-content\/uploads\/2023\/12\/witryna-zenda.jpg 935w\" data-sizes=\"(max-width: 760px) 100vw, 760px\" src=\"data:image\/svg+xml;base64,PHN2ZyB3aWR0aD0iMSIgaGVpZ2h0PSIxIiB4bWxucz0iaHR0cDovL3d3dy53My5vcmcvMjAwMC9zdmciPjwvc3ZnPg==\" style=\"--smush-placeholder-width: 760px; --smush-placeholder-aspect-ratio: 760\/800;\" \/><\/center><\/p>\n<p style=\"text-align: center;\"><a href=\"https:\/\/www.brw.pl\/kolekcja-zenda,697\" target=\"_blank\" rel=\"noopener noreferrer\"><strong>KOLEKCJA MEBLI ZENDA<\/strong><\/a><\/p>\n<p>Poznaj nasz\u0105 now\u0105 kolekcj\u0119 mebli Zenda, kt\u00f3ra pozwoli Ci wyczarowa\u0107 modn\u0105 aran\u017cacj\u0119 salonu. Wizyt\u00f3wk\u0105 kolekcji s\u0105 efektowne<strong> ryflowane fronty o czarnym wybarwieniu<\/strong>. Za nimi kryj\u0105 si\u0119 pojemne szafki, w kt\u00f3rych przechowasz wszystko, co warto trzyma\u0107 w pokoju dziennym. W witrynach wyeksponujesz szk\u0142o i ulubione dekoracje. Na blacie <a href=\"https:\/\/www.brw.pl\/lawa-zenda-z-szuflada-nogi-metal-dab-waterford-czarny,136753\" target=\"_blank\" rel=\"noopener noreferrer\"><strong>\u0142awy<\/strong><\/a> w strefie wypoczynkowej postawisz przek\u0105ski i napoje, kt\u00f3re przydadz\u0105 si\u0119 podczas wieczornego seansu filmowego. Pod blatem schowasz czasopisma, laptop, piloty do telewizora &#8211; co zechcesz.<\/p>\n<p>Zwr\u00f3\u0107 uwag\u0119, jak pi\u0119knie czarne, ryflowane meble komponuj\u0105 si\u0119 z szar\u0105 \u015bcian\u0105 ozdobion\u0105 sztukateri\u0105. <strong>Dekoracyjne listwy nie tylko dodaj\u0105 szyku, lecz tak\u017ce wprowadzaj\u0105 symetri\u0119 do pomieszczenia. <\/strong>Tym samym tworz\u0105 harmonijn\u0105 przestrze\u0144. Oto projekt wn\u0119trza na miar\u0119 2024 r.!<\/p>\n<p>Po wi\u0119cej inspiracji zapraszamy do <a href=\"https:\/\/www.brw.pl\/\" target=\"_blank\" rel=\"noopener noreferrer\"><strong><u>sklepu internetowego Black Red White<\/u><\/strong><\/a><strong>!<\/strong><\/p>\n","protected":false},"excerpt":{"rendered":"<p>Grudzie\u0144 to czas podsumowa\u0144, wniosk\u00f3w i refleksji dotycz\u0105cych wydarze\u0144 z ostatnich dwunastu miesi\u0119cy. Jednak zamiast skupia\u0107 si\u0119 na przesz\u0142o\u015bci, sp\u00f3jrz w przysz\u0142o\u015b\u0107 i zastan\u00f3w si\u0119, co czeka Ci\u0119 w nadchodz\u0105cym roku. My zdradzimy, jakie trendy wn\u0119trzarskie b\u0119d\u0105 brylowa\u0107 na salonach w 2024!<\/p>\n","protected":false},"author":29,"featured_media":35206,"comment_status":"closed","ping_status":"open","sticky":false,"template":"","format":"standard","meta":{"footnotes":""},"categories":[39,28,735,572],"tags":[],"aioseo_notices":[],"_links":{"self":[{"href":"https:\/\/www.brw.pl\/blog\/wp-json\/wp\/v2\/posts\/35205"}],"collection":[{"href":"https:\/\/www.brw.pl\/blog\/wp-json\/wp\/v2\/posts"}],"about":[{"href":"https:\/\/www.brw.pl\/blog\/wp-json\/wp\/v2\/types\/post"}],"author":[{"embeddable":true,"href":"https:\/\/www.brw.pl\/blog\/wp-json\/wp\/v2\/users\/29"}],"replies":[{"embeddable":true,"href":"https:\/\/www.brw.pl\/blog\/wp-json\/wp\/v2\/comments?post=35205"}],"version-history":[{"count":5,"href":"https:\/\/www.brw.pl\/blog\/wp-json\/wp\/v2\/posts\/35205\/revisions"}],"predecessor-version":[{"id":35290,"href":"https:\/\/www.brw.pl\/blog\/wp-json\/wp\/v2\/posts\/35205\/revisions\/35290"}],"wp:featuredmedia":[{"embeddable":true,"href":"https:\/\/www.brw.pl\/blog\/wp-json\/wp\/v2\/media\/35206"}],"wp:attachment":[{"href":"https:\/\/www.brw.pl\/blog\/wp-json\/wp\/v2\/media?parent=35205"}],"wp:term":[{"taxonomy":"category","embeddable":true,"href":"https:\/\/www.brw.pl\/blog\/wp-json\/wp\/v2\/categories?post=35205"},{"taxonomy":"post_tag","embeddable":true,"href":"https:\/\/www.brw.pl\/blog\/wp-json\/wp\/v2\/tags?post=35205"}],"curies":[{"name":"wp","href":"https:\/\/api.w.org\/{rel}","templated":true}]}}