{"id":35216,"date":"2023-12-07T10:55:48","date_gmt":"2023-12-07T09:55:48","guid":{"rendered":"https:\/\/www.brw.pl\/blog\/?p=35216"},"modified":"2023-12-07T10:55:48","modified_gmt":"2023-12-07T09:55:48","slug":"nowoczesny-salon-z-lamelami-aranzacje","status":"publish","type":"post","link":"https:\/\/www.brw.pl\/blog\/nowoczesny-salon-z-lamelami-aranzacje\/","title":{"rendered":"Nowoczesny salon z lamelami &#8211; aran\u017cacje"},"content":{"rendered":"<p data-pm-slice=\"1 1 []\"><strong>Znudzi\u0142 Ci si\u0119 dotychczasowy wygl\u0105d salonu i planujesz ma\u0142\u0105 metamorfoz\u0119? Zale\u017cy Ci na zachowaniu nowoczesnego charakteru wn\u0119trza? Zapro\u015b do niego lamele! To obecnie jedno z najmodniejszych rozwi\u0105za\u0144 aran\u017cacyjnych.<\/strong><\/p>\n<p data-pm-slice=\"1 1 []\"><!--more--><\/p>\n<p><center><img decoding=\"async\" class=\"alignnone size-medium wp-image-35217 lazyload\" data-src=\"https:\/\/www.brw.pl\/blog\/wp-content\/uploads\/2023\/12\/glowne-NAR-LARS-2F_URCBK-CASTEL_20_TAUPE_TX002_ar2-800x516.jpg\" alt=\"Naro\u017cnik Lars - aran\u017cacja\" width=\"800\" height=\"516\" data-srcset=\"https:\/\/www.brw.pl\/blog\/wp-content\/uploads\/2023\/12\/glowne-NAR-LARS-2F_URCBK-CASTEL_20_TAUPE_TX002_ar2-800x516.jpg 800w, https:\/\/www.brw.pl\/blog\/wp-content\/uploads\/2023\/12\/glowne-NAR-LARS-2F_URCBK-CASTEL_20_TAUPE_TX002_ar2-1673x1080.jpg 1673w, https:\/\/www.brw.pl\/blog\/wp-content\/uploads\/2023\/12\/glowne-NAR-LARS-2F_URCBK-CASTEL_20_TAUPE_TX002_ar2-768x496.jpg 768w, https:\/\/www.brw.pl\/blog\/wp-content\/uploads\/2023\/12\/glowne-NAR-LARS-2F_URCBK-CASTEL_20_TAUPE_TX002_ar2-1536x991.jpg 1536w, https:\/\/www.brw.pl\/blog\/wp-content\/uploads\/2023\/12\/glowne-NAR-LARS-2F_URCBK-CASTEL_20_TAUPE_TX002_ar2-scaled.jpg 1674w\" data-sizes=\"(max-width: 800px) 100vw, 800px\" src=\"data:image\/svg+xml;base64,PHN2ZyB3aWR0aD0iMSIgaGVpZ2h0PSIxIiB4bWxucz0iaHR0cDovL3d3dy53My5vcmcvMjAwMC9zdmciPjwvc3ZnPg==\" style=\"--smush-placeholder-width: 800px; --smush-placeholder-aspect-ratio: 800\/516;\" \/><\/center><\/p>\n<p style=\"text-align: center;\" data-pm-slice=\"1 1 []\"><a href=\"https:\/\/www.brw.pl\/naroznik-lars,57350\" target=\"_blank\" rel=\"noopener noreferrer\"><strong>NARO\u017bNIK LARS<\/strong><\/a><\/p>\n<h2><strong>Salon z lamelami \u2013 nowoczesny twist w aran\u017cacji wn\u0119trz<\/strong><\/h2>\n<p>W naszym artykule:<\/p>\n<ul>\n<li>wyja\u015bnimy, dlaczego umieszczenie lameli w salonie jest \u015bwietnym pomys\u0142em,<\/li>\n<li>podpowiemy, jak urz\u0105dzi\u0107 salon z wykorzystaniem lameli,<\/li>\n<li>zdradzimy, jakie meble i dodatki b\u0119d\u0105 efektownie komponowa\u0107 si\u0119 z dekoracyjnymi listwami \u015bciennymi,<\/li>\n<li>zaprezentujemy inspiruj\u0105ce aran\u017cacje salonu z lamelami.<\/li>\n<\/ul>\n<h3 style=\"text-align: center;\"><strong>Lamele w kilku ods\u0142onach<\/strong><\/h3>\n<p>Lamele \u015bcienne wykonane z drewna, p\u0142yty mdf albo poliuretanu maj\u0105 szerokie zastosowanie i sprawi\u0105, \u017ce Tw\u00f3j pok\u00f3j dzienny zyska zupe\u0142nie nowy look. <strong>Warto wiedzie\u0107, \u017ce lamele sprawdz\u0105 si\u0119 nie tylko w postaci listew ozdabiaj\u0105cych \u015bcian\u0119. R\u00f3wnie dobrze mo\u017cesz je wykorzysta\u0107 jako dekoracj\u0119 sufitu czy mebli b\u0105d\u017a w formie \u015bcianki dzia\u0142owej.<\/strong> Zar\u00f3wno listwy \u015bcienne, sufitowe oraz tworz\u0105ce \u015bciank\u0119, jak i ryflowane <a href=\"https:\/\/www.brw.pl\/meble\/przechowywanie\/witryny\/\" target=\"_blank\" rel=\"noopener noreferrer\">witryny<\/a>, <a href=\"https:\/\/www.brw.pl\/meble\/przechowywanie\/komody\/\" target=\"_blank\" rel=\"noopener noreferrer\">komody<\/a>, <a href=\"https:\/\/www.brw.pl\/meble\/szafy\/\" target=\"_blank\" rel=\"noopener noreferrer\">szafy<\/a> buduj\u0105 symetri\u0119 we wn\u0119trzu. Tym samym wprowadzaj\u0105 do niego \u0142ad przestrzenny. Lamele sufitowe \u0142\u0105cz\u0105ce si\u0119 ze \u015bciennymi dodatkowo tworz\u0105 interesuj\u0105cy efekt g\u0142\u0119bi.<\/p>\n<h3 style=\"text-align: center;\"><strong>Listwy dekoracyjne &#8211; zalety<\/strong><\/h3>\n<p>Lamele odnajd\u0105 si\u0119 w ka\u017cdym stylu i pomieszczeniu, jednak najbardziej pasuj\u0105 do nowoczesnego salonu. Ich obecno\u015b\u0107 pozwala podkre\u015bli\u0107 jego minimalizm oraz funkcjonalno\u015b\u0107. Ozdabiaj\u0105 pok\u00f3j, ale bez ostentacji. <strong>Ponadto zapewniaj\u0105 izolacj\u0119 akustyczn\u0105, chroni\u0105 \u015bcian\u0119 przed zabrudzeniami i uszkodzeniami, pomagaj\u0105 wyr\u00f3\u017cni\u0107 poszczeg\u00f3lne strefy.<\/strong><\/p>\n<h3 style=\"text-align: center;\"><strong>Monta\u017c lameli<\/strong><\/h3>\n<p><strong>Monta\u017c lameli jest bardzo prosty.<\/strong> Po zagruntowaniu i pomalowaniu \u015bciany nale\u017cy posmarowa\u0107 pierwsz\u0105 listw\u0119 klejem monta\u017cowym i przyklei\u0107 j\u0105 do \u015bciany. Poziomica podpowie Ci, czy k\u0105t jest odpowiedni. Aby zamontowa\u0107 kolejne listwy, u\u017cyj dystans\u00f3w, kt\u00f3re w\u0142o\u017cysz pomi\u0119dzy pojedyncze lamele na czas monta\u017cu. Dzi\u0119ki nim listwy b\u0119d\u0105 r\u00f3wno le\u017ce\u0107. Gotowe!<\/p>\n<p><strong>Wskaz\u00f3wka:<\/strong> lamele zamontowane pionowo spowoduj\u0105, \u017ce pomieszczenie wyda si\u0119 wy\u017csze. Natomiast poziome listwy umieszczone na w\u0119\u017cszej \u015bcianie w pod\u0142u\u017cnym salonie optycznie j\u0105 rozszerz\u0105.<\/p>\n<h2><strong>Nowoczesny salon z lamelami \u2013 jak go urz\u0105dzi\u0107?<\/strong><\/h2>\n<p>Jak wykorzysta\u0107 lamele drewniane, z p\u0142yty MDF lub poliuretanu? Gdzie najlepiej je zamontowa\u0107? Masz przed sob\u0105 kilka mo\u017cliwo\u015bci. Pierwsz\u0105 z nich jest <strong>\u015bciana tv<\/strong>. Lokuj\u0105c dekoracyjne listwy pionowe za telewizorem, b\u0119dziesz m\u00f3g\u0142 cieszy\u0107 si\u0119 ich widokiem za ka\u017cdym razem, kiedy ogl\u0105dasz telewizj\u0119. Co wi\u0119cej, ze wzgl\u0119du na komfort korzystania z odbiornika zazwyczaj pod \u015bcian\u0105 tv nie stawia si\u0119 wysokich mebli. W zupe\u0142no\u015bci wystarczy niska <a href=\"https:\/\/www.brw.pl\/meble\/przechowywanie\/szafki\/\" target=\"_blank\" rel=\"noopener noreferrer\">szafka<\/a> rtv. Pozbawione &#8222;konkurencji&#8221; lamele b\u0119d\u0105 dobrze wyeksponowane.<\/p>\n<p>Alternatyw\u0105 jest <strong>\u015bciana za kanap\u0105<\/strong>. Lamele wyr\u00f3\u017cni\u0105 stref\u0119 wypoczynkow\u0105, a ich w\u0142a\u015bciwo\u015bci wyciszaj\u0105ce sprawi\u0105, \u017ce Tw\u00f3j k\u0105cik relaksu stanie si\u0119 bardziej intymny i przytulny. Zmniejszy si\u0119 ryzyko, \u017ce odg\u0142osy za \u015bcian\u0105 zak\u0142\u00f3c\u0105 Twoj\u0105 popo\u0142udniow\u0105 drzemk\u0119 lub mi\u0142e chwile sp\u0119dzone na lekturze wci\u0105gaj\u0105cej ksi\u0105\u017cki.<\/p>\n<p>Trzeci\u0105 opcj\u0105 jest zbudowanie a\u017curowej <strong>\u015bcianki dzia\u0142owej z lameli w strefie jadalnianej<\/strong>. Takie zastosowanie lameli jest bardzo funkcjonalne. \u015acianka os\u0142oni miejsce, w kt\u00f3rym spo\u017cywasz posi\u0142ki. Zapewni Ci wi\u0119ksz\u0105 prywatno\u015b\u0107 w czasie jedzenia \u015bniadania, obiadu czy kolacji, kiedy inni domownicy korzystaj\u0105 z salonu. Prze\u015bwity mi\u0119dzy poszczeg\u00f3lnymi listwami przepuszcz\u0105 \u015bwiat\u0142o, zapobiegn\u0105 zamkni\u0119ciu przestrzeni i dodadz\u0105 lekko\u015bci aran\u017cacji.<\/p>\n<p data-pm-slice=\"1 1 []\">Czytaj r\u00f3wnie\u017c: <a href=\"https:\/\/www.brw.pl\/blog\/lamele-w-jadalni-inspiracje\/\" target=\"_blank\" rel=\"noopener noreferrer\"><strong>&#8222;Lamele w jadalni \u2013 inspiracje&#8221;<\/strong><\/a>.<\/p>\n<h3 style=\"text-align: center;\"><strong>Lamele \u015bcienne &#8211; jak dobra\u0107 do nich meble?<\/strong><\/h3>\n<p><a href=\"https:\/\/www.brw.pl\/meble\/przechowywanie\/\" target=\"_blank\" rel=\"noopener noreferrer\">Meble skrzyniowe<\/a>, <strong>z ryflowanymi lub frezowanymi frontami<\/strong>, \u015bwietnie komponuj\u0105 si\u0119 z lamelami \u015bciennymi. \u0141\u0105czy je wsp\u00f3lny element &#8211; ozdobne listwy. Dzi\u0119ki temu wystr\u00f3j jest bardziej sp\u00f3jny i harmonijny. W przypadku <a href=\"https:\/\/www.brw.pl\/meble\/meble-wypoczynkowe\/\" target=\"_blank\" rel=\"noopener noreferrer\">mebli wypoczynkowych<\/a> poszukaj modeli z <strong>obiciem ozdobionym pod\u0142u\u017cnymi przeszyciami<\/strong>.<\/p>\n<div style=\"display: flex; align-items: center; justify-content: center; text-align: center;\">\n<figure id=\"attachment_35218\" aria-describedby=\"caption-attachment-35218\" style=\"width: 350px\" class=\"wp-caption aligncenter\"><a href=\"https:\/\/www.brw.pl\/wersalka-marcia,75291\" target=\"_blank\" rel=\"noopener noreferrer\"><img decoding=\"async\" class=\"wp-image-35218 lazyload\" data-src=\"https:\/\/www.brw.pl\/blog\/wp-content\/uploads\/2023\/12\/wersalka-marcia-tkanina-trinity-05-brown-mediumb.jpg\" alt=\"Wersalka Marcia brown\" width=\"350\" height=\"263\" src=\"data:image\/svg+xml;base64,PHN2ZyB3aWR0aD0iMSIgaGVpZ2h0PSIxIiB4bWxucz0iaHR0cDovL3d3dy53My5vcmcvMjAwMC9zdmciPjwvc3ZnPg==\" style=\"--smush-placeholder-width: 350px; --smush-placeholder-aspect-ratio: 350\/263;\" \/><\/a><figcaption id=\"caption-attachment-35218\" class=\"wp-caption-text\"><a href=\"https:\/\/www.brw.pl\/wersalka-marcia,75291\" target=\"_blank\" rel=\"noopener noreferrer\"><span style=\"font-weight: 400;\">WERSALKA MARCIA<\/span><\/a><\/figcaption><\/figure>\n<\/div>\n<p>&nbsp;<\/p>\n<div style=\"display: flex; align-items: center; justify-content: center; text-align: center;\">\n<figure id=\"attachment_35219\" aria-describedby=\"caption-attachment-35219\" style=\"width: 351px\" class=\"wp-caption aligncenter\"><a href=\"https:\/\/www.brw.pl\/szafka-rtv-zenda-nogi-metal-dab-waterford-czarny,136765\" target=\"_blank\" rel=\"noopener noreferrer\"><img decoding=\"async\" class=\"wp-image-35219 lazyload\" data-src=\"https:\/\/www.brw.pl\/blog\/wp-content\/uploads\/2023\/12\/szafka-rtv-zenda-nogi-metal-dab-waterford-czarny-kolor-wybarwienia-dab-waterford-czarny-mediumb.jpg\" alt=\"Szafka rtv Zenda\" width=\"351\" height=\"203\" src=\"data:image\/svg+xml;base64,PHN2ZyB3aWR0aD0iMSIgaGVpZ2h0PSIxIiB4bWxucz0iaHR0cDovL3d3dy53My5vcmcvMjAwMC9zdmciPjwvc3ZnPg==\" style=\"--smush-placeholder-width: 351px; --smush-placeholder-aspect-ratio: 351\/203;\" \/><\/a><figcaption id=\"caption-attachment-35219\" class=\"wp-caption-text\"><a href=\"https:\/\/www.brw.pl\/szafka-rtv-zenda-nogi-metal-dab-waterford-czarny,136765\" target=\"_blank\" rel=\"noopener noreferrer\"><span style=\"font-weight: 400;\">SZAFKA RTV ZENDA<\/span><\/a><\/figcaption><\/figure>\n<\/div>\n<p>&nbsp;<\/p>\n<div style=\"display: flex; align-items: center; justify-content: center; text-align: center;\">\n<figure id=\"attachment_35220\" aria-describedby=\"caption-attachment-35220\" style=\"width: 300px\" class=\"wp-caption aligncenter\"><a href=\"https:\/\/www.brw.pl\/komoda-hygge-z-3-szafkami-i-2-szufladami-szara-dab-artisan,91014\" target=\"_blank\" rel=\"noopener noreferrer\"><img decoding=\"async\" class=\"wp-image-35220 lazyload\" data-src=\"https:\/\/www.brw.pl\/blog\/wp-content\/uploads\/2023\/12\/komoda-hygge-z-3-szafkami-i-2-szufladami-szara-dab-artisan-6-mediumb.jpg\" alt=\"Komoda Hygge\" width=\"300\" height=\"225\" src=\"data:image\/svg+xml;base64,PHN2ZyB3aWR0aD0iMSIgaGVpZ2h0PSIxIiB4bWxucz0iaHR0cDovL3d3dy53My5vcmcvMjAwMC9zdmciPjwvc3ZnPg==\" style=\"--smush-placeholder-width: 300px; --smush-placeholder-aspect-ratio: 300\/225;\" \/><\/a><figcaption id=\"caption-attachment-35220\" class=\"wp-caption-text\"><a href=\"https:\/\/www.brw.pl\/komoda-hygge-z-3-szafkami-i-2-szufladami-szara-dab-artisan,91014\" target=\"_blank\" rel=\"noopener noreferrer\"><span style=\"font-weight: 400;\">KOMODA HYGGE<\/span><\/a><\/figcaption><\/figure>\n<\/div>\n<p>Wiele zale\u017cy te\u017c od wygl\u0105du lameli. Jasne listwy w naturalnym kolorze drewna, z wyra\u017anym rysunkiem us\u0142ojenia, wnosz\u0105 swojsko\u015b\u0107 i przytulno\u015b\u0107 do wn\u0119trza. Aby zachowa\u0107 r\u00f3wnowag\u0119, umie\u015b\u0107 przy nich meble o ch\u0142odnych odcieniach, na przyk\u0142ad popielat\u0105 <a href=\"https:\/\/www.brw.pl\/meble\/meble-wypoczynkowe\/sofy\/\" target=\"_blank\" rel=\"noopener noreferrer\">sof\u0119<\/a>. Z kolei lamele pomalowane czarn\u0105 farb\u0105 zestaw z bia\u0142ym <a href=\"https:\/\/www.brw.pl\/meble\/meble-wypoczynkowe\/narozniki\/\" target=\"_blank\" rel=\"noopener noreferrer\">naro\u017cnikiem<\/a>. Kontrastowe, klasyczne po\u0142\u0105czenie kolor\u00f3w wniesie elegancj\u0119 do Twojego salonu.<\/p>\n<h3 style=\"text-align: center;\"><strong>Lamele drewniane &#8211; jakie o\u015bwietlenie i dodatki b\u0119d\u0105 do nich pasowa\u0107?<\/strong><\/h3>\n<p>Zdecydowa\u0142e\u015b si\u0119 na tradycyjne drewniane listwy? Zalety lameli drewnianych s\u0105 liczne. Opr\u00f3cz pi\u0119knego, naturalnego dekoru drewno posiada du\u017c\u0105 wytrzyma\u0142o\u015b\u0107 i odporno\u015b\u0107 na czynniki zewn\u0119trzne. Jest tak\u017ce przyjazne dla \u015brodowiska i nie wywo\u0142uje alergii. Chocia\u017c nale\u017cy liczy\u0107 si\u0119 z tym, \u017ce lite drewno jest znacznie dro\u017csze od p\u0142yty mdf, to bez w\u0105tpienia jest r\u00f3wnie\u017c warte swojej ceny.<\/p>\n<p>Jakie <a href=\"https:\/\/www.brw.pl\/oswietlenie\/\" target=\"_blank\" rel=\"noopener noreferrer\">o\u015bwietlenie<\/a> oraz dodatki pasuj\u0105 do drewnianych lameli? Rozwa\u017c wybranie przedmiot\u00f3w, kt\u00f3re nawi\u0105zuj\u0105 do materia\u0142u, z jakiego wykonano listwy, b\u0105d\u017a do ich budowy. Egzamin zdadz\u0105 mi\u0119dzy innymi <strong>lampy z aba\u017curami z drewnianych listewek, <\/strong><a href=\"https:\/\/www.brw.pl\/dekoracje\/lustra\/\" target=\"_blank\" rel=\"noopener noreferrer\"><strong>lustra<\/strong><\/a><strong> w ramkach z drewna, <\/strong><a href=\"https:\/\/www.brw.pl\/dekoracje\/poduszki-dekoracyjne\/\" target=\"_blank\" rel=\"noopener noreferrer\"><strong>poduszki dekoracyjne<\/strong><\/a><strong> w pr\u0105\u017cki<\/strong>. Takie rozwi\u0105zanie spowoduje, \u017ce aran\u017cacja stanie si\u0119 sp\u00f3jniejsza. Zadbaj tylko, aby wymienione dodatki nie znalaz\u0142y si\u0119 w bezpo\u015brednim s\u0105siedztwie lameli, poniewa\u017c w\u00f3wczas wtopi\u0105 si\u0119 w t\u0142o.<\/p>\n<div style=\"display: flex; align-items: center; justify-content: center; text-align: center;\">\n<figure id=\"attachment_30747\" aria-describedby=\"caption-attachment-30747\" style=\"width: 350px\" class=\"wp-caption aligncenter\"><a href=\"https:\/\/www.brw.pl\/lampa-wiszaca-alexia,52470\" target=\"_blank\" rel=\"noopener noreferrer\"><img decoding=\"async\" class=\"wp-image-30747 lazyload\" data-src=\"https:\/\/www.brw.pl\/blog\/wp-content\/uploads\/2023\/03\/lampa-wiszaca-alexia.jpg\" alt=\"lampa-wiszaca-alexia\" width=\"350\" height=\"263\" src=\"data:image\/svg+xml;base64,PHN2ZyB3aWR0aD0iMSIgaGVpZ2h0PSIxIiB4bWxucz0iaHR0cDovL3d3dy53My5vcmcvMjAwMC9zdmciPjwvc3ZnPg==\" style=\"--smush-placeholder-width: 350px; --smush-placeholder-aspect-ratio: 350\/263;\" \/><\/a><figcaption id=\"caption-attachment-30747\" class=\"wp-caption-text\"><a href=\"https:\/\/www.brw.pl\/lampa-wiszaca-alexia,52470\" target=\"_blank\" rel=\"noopener noreferrer\"><span style=\"font-weight: 400;\">LAMPA WISZ\u0104CA ALEXIA<\/span><\/a><\/figcaption><\/figure>\n<\/div>\n<p>&nbsp;<\/p>\n<div style=\"display: flex; align-items: center; justify-content: center; text-align: center;\">\n<figure id=\"attachment_28542\" aria-describedby=\"caption-attachment-28542\" style=\"width: 350px\" class=\"wp-caption aligncenter\"><a href=\"https:\/\/www.brw.pl\/lustro-scienne-basic,32691\" target=\"_blank\" rel=\"noopener noreferrer\"><img decoding=\"async\" class=\"wp-image-28542 lazyload\" data-src=\"https:\/\/www.brw.pl\/blog\/wp-content\/uploads\/2022\/12\/basic-lustro.jpg\" alt=\"Lustro Basic z\u0142ote\" width=\"350\" height=\"263\" src=\"data:image\/svg+xml;base64,PHN2ZyB3aWR0aD0iMSIgaGVpZ2h0PSIxIiB4bWxucz0iaHR0cDovL3d3dy53My5vcmcvMjAwMC9zdmciPjwvc3ZnPg==\" style=\"--smush-placeholder-width: 350px; --smush-placeholder-aspect-ratio: 350\/263;\" \/><\/a><figcaption id=\"caption-attachment-28542\" class=\"wp-caption-text\"><a href=\"https:\/\/www.brw.pl\/lustro-scienne-basic,32691\" target=\"_blank\" rel=\"noopener noreferrer\"><span style=\"font-weight: 400;\">LUSTRO \u015aCIENNE BASIC<\/span><\/a><\/figcaption><\/figure>\n<\/div>\n<p>&nbsp;<\/p>\n<div style=\"display: flex; align-items: center; justify-content: center; text-align: center;\">\n<figure id=\"attachment_35221\" aria-describedby=\"caption-attachment-35221\" style=\"width: 302px\" class=\"wp-caption aligncenter\"><a href=\"https:\/\/www.brw.pl\/poduszka-dekoracyjna-soul,33985\" target=\"_blank\" rel=\"noopener noreferrer\"><img decoding=\"async\" class=\"wp-image-35221 lazyload\" data-src=\"https:\/\/www.brw.pl\/blog\/wp-content\/uploads\/2023\/12\/poduszka-dekoracyjna-soul-mediuma.jpg\" alt=\"Poduszka dekoracyjna Soul\" width=\"302\" height=\"227\" src=\"data:image\/svg+xml;base64,PHN2ZyB3aWR0aD0iMSIgaGVpZ2h0PSIxIiB4bWxucz0iaHR0cDovL3d3dy53My5vcmcvMjAwMC9zdmciPjwvc3ZnPg==\" style=\"--smush-placeholder-width: 302px; --smush-placeholder-aspect-ratio: 302\/227;\" \/><\/a><figcaption id=\"caption-attachment-35221\" class=\"wp-caption-text\"><a href=\"https:\/\/www.brw.pl\/poduszka-dekoracyjna-soul,33985\" target=\"_blank\" rel=\"noopener noreferrer\"><span style=\"font-weight: 400;\">PODUSZKA DEKORACYJNA SOUL<\/span><\/a><\/figcaption><\/figure>\n<\/div>\n<h2><strong>Nowoczesny salon z lamelami \u2013 aran\u017cacje<\/strong><\/h2>\n<p>Przygotowali\u015bmy dla Ciebie dwie aran\u017cacje pokoju dziennego z lamelami. Zainspiruj si\u0119!<\/p>\n<h3 style=\"text-align: center;\"><strong>Zielone drewniane lamele w pokoju dziennym<\/strong><\/h3>\n<p><center><img decoding=\"async\" class=\"alignnone size-medium wp-image-30315 lazyload\" data-src=\"https:\/\/www.brw.pl\/blog\/wp-content\/uploads\/2023\/02\/Romance-800x540.jpg\" alt=\"\" width=\"800\" height=\"540\" data-srcset=\"https:\/\/www.brw.pl\/blog\/wp-content\/uploads\/2023\/02\/Romance-800x540.jpg 800w, https:\/\/www.brw.pl\/blog\/wp-content\/uploads\/2023\/02\/Romance-768x518.jpg 768w, https:\/\/www.brw.pl\/blog\/wp-content\/uploads\/2023\/02\/Romance-1536x1037.jpg 1536w, https:\/\/www.brw.pl\/blog\/wp-content\/uploads\/2023\/02\/Romance.jpg 1600w\" data-sizes=\"(max-width: 800px) 100vw, 800px\" src=\"data:image\/svg+xml;base64,PHN2ZyB3aWR0aD0iMSIgaGVpZ2h0PSIxIiB4bWxucz0iaHR0cDovL3d3dy53My5vcmcvMjAwMC9zdmciPjwvc3ZnPg==\" style=\"--smush-placeholder-width: 800px; --smush-placeholder-aspect-ratio: 800\/540;\" \/><\/center><\/p>\n<p style=\"text-align: center;\"><a href=\"https:\/\/www.brw.pl\/kolekcja-romance,435\" target=\"_blank\" rel=\"noopener noreferrer\"><strong>KOLEKCJA MEBLI ROMANCE<\/strong><\/a><\/p>\n<p>W naszym salonie lamele \u015bcienne zamontowali\u015bmy pionowo. Zakrywaj\u0105 ca\u0142\u0105 powierzchni\u0119 \u015bciany tv. Z powodu ilo\u015bci zajmowanego miejsca oraz odwa\u017cnego mi\u0119towego odcienia listew uznali\u015bmy, \u017ce opr\u00f3cz <a href=\"https:\/\/www.brw.pl\/szafka-rtv-romance,16874\" target=\"_blank\" rel=\"noopener noreferrer\"><strong>szafki rtv<\/strong><\/a> i telewizora spokojnie mo\u017cemy ustawi\u0107 przy tej samej \u015bcianie tak\u017ce inne meble. Wyb\u00f3r pad\u0142 na wysok\u0105 pod\u015bwietlan\u0105 <a href=\"https:\/\/www.brw.pl\/witryna-romance,16837\" target=\"_blank\" rel=\"noopener noreferrer\"><strong>witryn\u0119<\/strong><\/a> i praktyczn\u0105 <a href=\"https:\/\/www.brw.pl\/polka-romance,16873\" target=\"_blank\" rel=\"noopener noreferrer\"><strong>p\u00f3\u0142k\u0119<\/strong><\/a> na ksi\u0105\u017cki. Pomimo &#8222;wielkogabarytowego towarzystwa&#8221; zielone, pionowe lamele nadal graj\u0105 pierwsze skrzypce, o\u017cywiaj\u0105c wystr\u00f3j, ale nie przyt\u0142aczaj\u0105 wn\u0119trza.<\/p>\n<p><strong>Produkty widoczne na zdj\u0119ciu czekaj\u0105 na Ciebie <\/strong><a href=\"https:\/\/www.brw.pl\/inspiracje\/produkty\/?a=6029,romance\" target=\"_blank\" rel=\"noopener noreferrer\"><strong>TUTAJ<\/strong><\/a><strong>.<\/strong><\/p>\n<h3 style=\"text-align: center;\"><strong>Bia\u0142e lamele dekoracyjne w salonie<\/strong><\/h3>\n<p><center><img decoding=\"async\" class=\"alignnone size-medium wp-image-30148 lazyload\" data-src=\"https:\/\/www.brw.pl\/blog\/wp-content\/uploads\/2023\/02\/Kolekcja-Loksa--800x540.jpg\" alt=\"Aran\u017cacja \u015bciany telewizyjnej - pomys\u0142y i inspiracje\" width=\"800\" height=\"540\" data-srcset=\"https:\/\/www.brw.pl\/blog\/wp-content\/uploads\/2023\/02\/Kolekcja-Loksa--800x540.jpg 800w, https:\/\/www.brw.pl\/blog\/wp-content\/uploads\/2023\/02\/Kolekcja-Loksa--768x518.jpg 768w, https:\/\/www.brw.pl\/blog\/wp-content\/uploads\/2023\/02\/Kolekcja-Loksa--1536x1037.jpg 1536w, https:\/\/www.brw.pl\/blog\/wp-content\/uploads\/2023\/02\/Kolekcja-Loksa-.jpg 1600w\" data-sizes=\"(max-width: 800px) 100vw, 800px\" src=\"data:image\/svg+xml;base64,PHN2ZyB3aWR0aD0iMSIgaGVpZ2h0PSIxIiB4bWxucz0iaHR0cDovL3d3dy53My5vcmcvMjAwMC9zdmciPjwvc3ZnPg==\" style=\"--smush-placeholder-width: 800px; --smush-placeholder-aspect-ratio: 800\/540;\" \/><\/center><\/p>\n<p style=\"text-align: center;\"><a href=\"https:\/\/www.brw.pl\/kolekcja-loksa,542\" target=\"_blank\" rel=\"noopener noreferrer\"><strong>KOLEKCJA MEBLI LOKSA<\/strong><\/a><\/p>\n<p>W pokoju dziennym urz\u0105dzonym za pomoc\u0105 mebli z kolekcji Loksa r\u00f3wnie\u017c umie\u015bcili\u015bmy lamele pionowe na g\u0142\u00f3wnej \u015bcianie tv. Jednak tym razem nie wyr\u00f3\u017cnili\u015bmy ich kolorem. Bia\u0142e, dekoracyjne listwy pi\u0119knie koresponduj\u0105 z frezowanymi frontami <a href=\"https:\/\/www.brw.pl\/szafka-rtv-loksa,33210\" target=\"_blank\" rel=\"noopener noreferrer\"><strong>szafki rtv<\/strong><\/a> i <a href=\"https:\/\/www.brw.pl\/szafka-loksa,33202\" target=\"_blank\" rel=\"noopener noreferrer\"><strong>komody<\/strong><\/a> w tym samym odcieniu, dope\u0142niaj\u0105c aran\u017cacj\u0119. Blaty o wybarwieniu <em>d\u0105b san remo jasny<\/em> \u0142agodnie odcinaj\u0105 si\u0119 od bia\u0142ego t\u0142a, zaznaczaj\u0105c granic\u0119 pomi\u0119dzy meblami a \u015bcian\u0105. Podobne zestawienie kolorystyczne reprezentuj\u0105 \u0142awy Triango. Do zgranego duetu bieli i br\u0105zu dodali\u015bmy jeszcze ch\u0142odny b\u0142\u0119kit w postaci \u015bcian oraz popiel w formie mebli wypoczynkowych. To spokojna, pe\u0142na harmonii przestrze\u0144.<\/p>\n<p><strong>Produkty widoczne na zdj\u0119ciu czekaj\u0105 na Ciebie <\/strong><a href=\"https:\/\/www.brw.pl\/inspiracje\/produkty\/?a=7935,loksa\" target=\"_blank\" rel=\"noopener noreferrer\"><strong>TUTAJ<\/strong><\/a><strong>.<\/strong><\/p>\n<p>Po wi\u0119cej inspiracji zapraszamy do <a href=\"https:\/\/www.brw.pl\/\" target=\"_blank\" rel=\"noopener noreferrer\"><strong><u>sklepu internetowego Black Red White<\/u><\/strong><\/a><strong>!<\/strong><\/p>\n<p>&nbsp;<\/p>\n<p data-pm-slice=\"1 1 []\">Zaprezentowany na zdj\u0119ciu ok\u0142adkowym <strong>naro\u017cnik Lars <\/strong>obejrzysz dok\u0142adniej na filmie dost\u0119pnym na <a href=\"https:\/\/www.youtube.com\/@brwmeble\" target=\"_blank\" rel=\"noopener noreferrer\"><strong>kanale BRW<\/strong><\/a> w serwisie YouTube:<\/p>\n<div class=\"videoWrapper\"><iframe title=\"Naro\u017cnik Lars\" data-src=\"https:\/\/www.youtube.com\/embed\/Jl9aPNBKs8Q\" frameborder=\"0\" allowfullscreen=\"allowfullscreen\" src=\"data:image\/svg+xml;base64,PHN2ZyB3aWR0aD0iMSIgaGVpZ2h0PSIxIiB4bWxucz0iaHR0cDovL3d3dy53My5vcmcvMjAwMC9zdmciPjwvc3ZnPg==\" data-load-mode=\"1\"><span data-mce-type=\"bookmark\" style=\"display: inline-block; width: 0px; overflow: hidden; line-height: 0;\" class=\"mce_SELRES_start lazyload\">\ufeff<\/span><\/iframe><\/div>\n<p>&nbsp;<\/p>\n","protected":false},"excerpt":{"rendered":"<p>Znudzi\u0142 Ci si\u0119 dotychczasowy wygl\u0105d salonu i planujesz ma\u0142\u0105 metamorfoz\u0119? Zale\u017cy Ci na zachowaniu nowoczesnego charakteru wn\u0119trza? Zapro\u015b do niego lamele! To obecnie jedno z najmodniejszych rozwi\u0105za\u0144 aran\u017cacyjnych.<\/p>\n","protected":false},"author":29,"featured_media":35217,"comment_status":"closed","ping_status":"open","sticky":false,"template":"","format":"standard","meta":{"footnotes":""},"categories":[39,28,735],"tags":[],"aioseo_notices":[],"_links":{"self":[{"href":"https:\/\/www.brw.pl\/blog\/wp-json\/wp\/v2\/posts\/35216"}],"collection":[{"href":"https:\/\/www.brw.pl\/blog\/wp-json\/wp\/v2\/posts"}],"about":[{"href":"https:\/\/www.brw.pl\/blog\/wp-json\/wp\/v2\/types\/post"}],"author":[{"embeddable":true,"href":"https:\/\/www.brw.pl\/blog\/wp-json\/wp\/v2\/users\/29"}],"replies":[{"embeddable":true,"href":"https:\/\/www.brw.pl\/blog\/wp-json\/wp\/v2\/comments?post=35216"}],"version-history":[{"count":2,"href":"https:\/\/www.brw.pl\/blog\/wp-json\/wp\/v2\/posts\/35216\/revisions"}],"predecessor-version":[{"id":35223,"href":"https:\/\/www.brw.pl\/blog\/wp-json\/wp\/v2\/posts\/35216\/revisions\/35223"}],"wp:featuredmedia":[{"embeddable":true,"href":"https:\/\/www.brw.pl\/blog\/wp-json\/wp\/v2\/media\/35217"}],"wp:attachment":[{"href":"https:\/\/www.brw.pl\/blog\/wp-json\/wp\/v2\/media?parent=35216"}],"wp:term":[{"taxonomy":"category","embeddable":true,"href":"https:\/\/www.brw.pl\/blog\/wp-json\/wp\/v2\/categories?post=35216"},{"taxonomy":"post_tag","embeddable":true,"href":"https:\/\/www.brw.pl\/blog\/wp-json\/wp\/v2\/tags?post=35216"}],"curies":[{"name":"wp","href":"https:\/\/api.w.org\/{rel}","templated":true}]}}