{"id":35304,"date":"2023-12-18T10:40:25","date_gmt":"2023-12-18T09:40:25","guid":{"rendered":"https:\/\/www.brw.pl\/blog\/?p=35304"},"modified":"2023-12-18T10:40:25","modified_gmt":"2023-12-18T09:40:25","slug":"kuchnia-2024-inspiracje-na-nowy-rok","status":"publish","type":"post","link":"https:\/\/www.brw.pl\/blog\/kuchnia-2024-inspiracje-na-nowy-rok\/","title":{"rendered":"Kuchnia 2024 \u2013 inspiracje na nowy rok"},"content":{"rendered":"<p><strong>W 2024 roku mo\u017cemy spodziewa\u0107 si\u0119 ekscytuj\u0105cych zmian w designie kuchennym. Zobacz, jak w nadchodz\u0105cych sezonach b\u0119dzie wygl\u0105da\u0107 modna kuchnia. Poznaj produkty, kt\u00f3re idealnie wpisuj\u0105 si\u0119 w nowoczesne koncepcje.<\/strong><!--more--><\/p>\n<div style=\"display: flex; align-items: center; justify-content: center; text-align: center;\">\n<figure id=\"attachment_18949\" aria-describedby=\"caption-attachment-18949\" style=\"width: 800px\" class=\"wp-caption aligncenter\"><a href=\"https:\/\/www.brw.pl\/family-line-iris,25054\" target=\"_blank\" rel=\"noopener noreferrer\"><img decoding=\"async\" class=\"wp-image-18949 size-medium lazyload\" data-src=\"https:\/\/www.brw.pl\/blog\/wp-content\/uploads\/2021\/07\/FL_Iris_03_2018_bialy-super-mat_ar2-nowy-blat-Aris-800x592.jpg\" alt=\"Kuchnia 2024 - kolekcja Family Line - Iris\" width=\"800\" height=\"592\" data-srcset=\"https:\/\/www.brw.pl\/blog\/wp-content\/uploads\/2021\/07\/FL_Iris_03_2018_bialy-super-mat_ar2-nowy-blat-Aris-800x592.jpg 800w, https:\/\/www.brw.pl\/blog\/wp-content\/uploads\/2021\/07\/FL_Iris_03_2018_bialy-super-mat_ar2-nowy-blat-Aris-scaled.jpg 1460w, https:\/\/www.brw.pl\/blog\/wp-content\/uploads\/2021\/07\/FL_Iris_03_2018_bialy-super-mat_ar2-nowy-blat-Aris-768x568.jpg 768w, https:\/\/www.brw.pl\/blog\/wp-content\/uploads\/2021\/07\/FL_Iris_03_2018_bialy-super-mat_ar2-nowy-blat-Aris-1536x1136.jpg 1536w, https:\/\/www.brw.pl\/blog\/wp-content\/uploads\/2021\/07\/FL_Iris_03_2018_bialy-super-mat_ar2-nowy-blat-Aris-2048x1515.jpg 2048w\" data-sizes=\"(max-width: 800px) 100vw, 800px\" src=\"data:image\/svg+xml;base64,PHN2ZyB3aWR0aD0iMSIgaGVpZ2h0PSIxIiB4bWxucz0iaHR0cDovL3d3dy53My5vcmcvMjAwMC9zdmciPjwvc3ZnPg==\" style=\"--smush-placeholder-width: 800px; --smush-placeholder-aspect-ratio: 800\/592;\" \/><\/a><figcaption id=\"caption-attachment-18949\" class=\"wp-caption-text\"><a href=\"https:\/\/www.brw.pl\/family-line-iris,25054\" target=\"_blank\" rel=\"noopener noreferrer\"><span style=\"font-weight: 400;\">KUCHNIA FAMILY LINE IRIS<\/span><\/a><\/figcaption><\/figure>\n<\/div>\n<h2><strong>Kuchnia 2024 \u2013 nowe trendy i rozwi\u0105zania<\/strong><\/h2>\n<p>Kuchnia 2024 zapowiada si\u0119 jako rewolucja w dziedzinie projektowania wn\u0119trz. W nadchodz\u0105cym roku mo\u017cemy oczekiwa\u0107, \u017ce nowe trendy wn\u0119trzarskie b\u0119d\u0105 k\u0142ad\u0142y nacisk na po\u0142\u0105czenie funkcjonalno\u015bci z estetyk\u0105, co zaowocuje aran\u017cacjami, kt\u00f3re s\u0105 nie tylko pi\u0119kne, lecz tak\u017ce wysoce praktyczne.<\/p>\n<p>Nowoczesna kuchnia to wn\u0119trze spod znaku nowoczesnych technologii u\u0142atwiaj\u0105cych codzienne funkcjonowanie. Inteligentne systemy zarz\u0105dzania domem, zaawansowane urz\u0105dzenia <a href=\"https:\/\/www.brw.pl\/agd\/\" target=\"_blank\" rel=\"noopener noreferrer\">AGD<\/a> sterowane za pomoc\u0105 smartfona czy tabletu, technologie wspomagaj\u0105ce gotowanie, takie jak inteligentne piekarniki czy systemy indukcyjne, stan\u0105 si\u0119 wsp\u00f3\u0142czesnym standardem.<\/p>\n<p>W kszta\u0142towaniu kuchni przysz\u0142o\u015bci sw\u00f3j udzia\u0142 b\u0119d\u0105 mia\u0142y innowacyjne materia\u0142y. Aktualne trendy przewiduj\u0105 stosowanie trwa\u0142ych, \u0142atwych w czyszczeniu powierzchni, m.in. kompozyt\u00f3w kwarcowych oferuj\u0105cych wysok\u0105 wytrzyma\u0142o\u015b\u0107 i estetyk\u0119.<\/p>\n<p>W nowoczesnej kuchni 2024 zobaczymy r\u00f3wnie\u017c odwa\u017cne wzornictwo. <strong>Kuchnie b\u0119d\u0105 charakteryzowa\u0107 si\u0119 \u015bmia\u0142ymi kombinacjami kolor\u00f3w, nietypowymi wzorami i fakturami, kt\u00f3re spersonalizuj\u0105 domow\u0105 przestrze\u0144, a ponadto dopasuj\u0105 si\u0119 do r\u00f3\u017cnych styl\u00f3w wn\u0119trzarskich<\/strong>. Co b\u0119dzie na topie? Przede wszystkim neutralne odcienie drewna, intensywne kolory, metaliczne akcenty. Kuchnia stanie si\u0119 miejscem, w kt\u00f3rym design idzie w parze z funkcjonalno\u015bci\u0105.<\/p>\n<h2><strong>Kuchnia 2024 \u2013 trendy<\/strong><\/h2>\n<p>Jakie kolory mebli kuchennych skradn\u0105 serca projektant\u00f3w i aran\u017cer\u00f3w? Na jakie rozwi\u0105zania wn\u0119trzarskie warto zwr\u00f3ci\u0107 uwag\u0119 w 2024 roku? O tym wszystkim piszemy poni\u017cej!<\/p>\n<h3>Otwarte przestrzenie i wielofunkcyjno\u015b\u0107<\/h3>\n<p>W 2024 roku kuchnie b\u0119d\u0105 jeszcze bardziej otwarte i zintegrowane z przestrzeni\u0105 \u017cyciow\u0105 domu. Trend ten skierowany jest na tworzenie wielofunkcyjnych wn\u0119trz, w kt\u00f3rych gotowanie, spo\u017cywanie posi\u0142k\u00f3w i sp\u0119dzanie czasu z rodzin\u0105 p\u0142ynnie si\u0119 przeplataj\u0105.<\/p>\n<p>Dysponujesz du\u017c\u0105 stref\u0105 dzienn\u0105 i kuchni\u0105 w aneksie? <strong>Zaaran\u017cuj wysp\u0119 kuchenn\u0105 \u2013 idealne miejsce do gotowania, pracy czy spotka\u0144 towarzyskich<\/strong>. Zastosowanie otwartych <a href=\"https:\/\/www.brw.pl\/meble\/meble-kuchenne\/polki\/\" target=\"_blank\" rel=\"noopener noreferrer\">p\u00f3\u0142ek<\/a> i przeszkle\u0144, a tak\u017ce <a href=\"https:\/\/www.brw.pl\/meble\/meble-kuchenne\/\" target=\"_blank\" rel=\"noopener noreferrer\">meble kuchenne<\/a> do samego sufitu, za to bez widocznych uchwyt\u00f3w, pozwol\u0105 na p\u0142ynne po\u0142\u0105czenie kuchni z salonem czy jadalni\u0105. W pod\u015bwietlanych witrynach wyeksponuj dekoracyjn\u0105 zastaw\u0119 sto\u0142ow\u0105, reszt\u0119 sprz\u0119t\u00f3w ukryj za frontami. W ten spos\u00f3b powstanie jednolita, atrakcyjna wizualnie przestrze\u0144.<\/p>\n<div style=\"display: flex; align-items: center; justify-content: center; text-align: center;\">\n<figure id=\"attachment_34643\" aria-describedby=\"caption-attachment-34643\" style=\"width: 800px\" class=\"wp-caption aligncenter\"><a href=\"https:\/\/www.brw.pl\/traffic-85th-play-street,94880\" target=\"_blank\" rel=\"noopener noreferrer\"><img decoding=\"async\" class=\"wp-image-34643 size-medium lazyload\" data-src=\"https:\/\/www.brw.pl\/blog\/wp-content\/uploads\/2023\/10\/glowne-traffic-85th-play-street--800x533.jpg\" alt=\"Senso Kitchens Play Street\" width=\"800\" height=\"533\" data-srcset=\"https:\/\/www.brw.pl\/blog\/wp-content\/uploads\/2023\/10\/glowne-traffic-85th-play-street--800x533.jpg 800w, https:\/\/www.brw.pl\/blog\/wp-content\/uploads\/2023\/10\/glowne-traffic-85th-play-street--768x512.jpg 768w, https:\/\/www.brw.pl\/blog\/wp-content\/uploads\/2023\/10\/glowne-traffic-85th-play-street--1536x1024.jpg 1536w, https:\/\/www.brw.pl\/blog\/wp-content\/uploads\/2023\/10\/glowne-traffic-85th-play-street-.jpg 1620w\" data-sizes=\"(max-width: 800px) 100vw, 800px\" src=\"data:image\/svg+xml;base64,PHN2ZyB3aWR0aD0iMSIgaGVpZ2h0PSIxIiB4bWxucz0iaHR0cDovL3d3dy53My5vcmcvMjAwMC9zdmciPjwvc3ZnPg==\" style=\"--smush-placeholder-width: 800px; --smush-placeholder-aspect-ratio: 800\/533;\" \/><\/a><figcaption id=\"caption-attachment-34643\" class=\"wp-caption-text\"><a href=\"https:\/\/www.brw.pl\/traffic-85th-play-street,94880\" target=\"_blank\" rel=\"noopener noreferrer\"><span style=\"font-weight: 400;\">KUCHNIA TRAFFIC &#8211; 85th PLAY STREET<\/span><\/a><\/figcaption><\/figure>\n<\/div>\n<h3>Naturalne materia\u0142y i kolorowe akcenty<\/h3>\n<p>Naturalne materia\u0142y, w tym drewno i kamie\u0144, b\u0119d\u0105 dominowa\u0107 w kuchniach 2024 roku, nadaj\u0105c wn\u0119trzom du\u017c\u0105 doz\u0119 przytulno\u015bci. W trendach zagoszcz\u0105 surowe tekstury, kt\u00f3re warto zestawia\u0107 z nowoczesnymi elementami, takimi jak chromowana <a href=\"https:\/\/www.brw.pl\/wyposazenie-kuchni\/armatura-kuchenna\/baterie-kuchenne\/\" target=\"_blank\" rel=\"noopener noreferrer\">bateria kuchenna<\/a> czy o\u015bwietlenie LED.<\/p>\n<p>Z drugiej strony, odwa\u017cne, wyraziste barwy pojawi\u0105 si\u0119 w postaci wibruj\u0105cych akcent\u00f3w. W cenie b\u0119dzie ju\u017c nie tylko be\u017cowa kuchnia, ciemne meble czy projekty w odcieniach natury. <strong>Do g\u0142osu dojd\u0105 dynamiczne aran\u017cacje, w kt\u00f3rych kr\u00f3luj\u0105 modne kolory 2024: pudrowy r\u00f3\u017c, ciep\u0142y oran\u017c, go\u0142\u0119bi b\u0142\u0119kit, butelkowa ziele\u0144<\/strong>. Jak wprowadzi\u0107 je do kuchennego wn\u0119trza? Wszystkie chwyty dozwolone! Malowanie \u015bcian, fronty meblowe, barwne sprz\u0119ty AGD, a mo\u017ce stylowe dekoracje? Do wyboru, do koloru.<\/p>\n<div style=\"display: flex; align-items: center; justify-content: center; text-align: center;\">\n<figure id=\"attachment_27189\" aria-describedby=\"caption-attachment-27189\" style=\"width: 800px\" class=\"wp-caption aligncenter\"><a href=\"https:\/\/www.brw.pl\/capital-38th-elysee-avenue,22125\" target=\"_blank\" rel=\"noopener noreferrer\"><img decoding=\"async\" class=\"wp-image-27189 size-medium lazyload\" data-src=\"https:\/\/www.brw.pl\/blog\/wp-content\/uploads\/2022\/10\/38TH-ELYSEE-AVENUE-Z-UCHWYTEM-L4-\u2013-ZIELONY-BUTELKOWY-MAT-800x533.jpg\" alt=\"Kuchnia butelkowy mat\" width=\"800\" height=\"533\" data-srcset=\"https:\/\/www.brw.pl\/blog\/wp-content\/uploads\/2022\/10\/38TH-ELYSEE-AVENUE-Z-UCHWYTEM-L4-\u2013-ZIELONY-BUTELKOWY-MAT-800x533.jpg 800w, https:\/\/www.brw.pl\/blog\/wp-content\/uploads\/2022\/10\/38TH-ELYSEE-AVENUE-Z-UCHWYTEM-L4-\u2013-ZIELONY-BUTELKOWY-MAT-768x512.jpg 768w, https:\/\/www.brw.pl\/blog\/wp-content\/uploads\/2022\/10\/38TH-ELYSEE-AVENUE-Z-UCHWYTEM-L4-\u2013-ZIELONY-BUTELKOWY-MAT-1536x1024.jpg 1536w, https:\/\/www.brw.pl\/blog\/wp-content\/uploads\/2022\/10\/38TH-ELYSEE-AVENUE-Z-UCHWYTEM-L4-\u2013-ZIELONY-BUTELKOWY-MAT.jpg 1620w\" data-sizes=\"(max-width: 800px) 100vw, 800px\" src=\"data:image\/svg+xml;base64,PHN2ZyB3aWR0aD0iMSIgaGVpZ2h0PSIxIiB4bWxucz0iaHR0cDovL3d3dy53My5vcmcvMjAwMC9zdmciPjwvc3ZnPg==\" style=\"--smush-placeholder-width: 800px; --smush-placeholder-aspect-ratio: 800\/533;\" \/><\/a><figcaption id=\"caption-attachment-27189\" class=\"wp-caption-text\"><a href=\"https:\/\/www.brw.pl\/capital-38th-elysee-avenue,22125\" target=\"_blank\" rel=\"noopener noreferrer\"><span style=\"font-weight: 400;\">KUCHNIA CAPITAL &#8211; 38th PLAY ELYSEE AVENUE<\/span><\/a><\/figcaption><\/figure>\n<\/div>\n<p>Butelkow\u0105 ziele\u0144 i pudrowy r\u00f3\u017c zestawiaj ze sob\u0105 w modnych aran\u017cacjach 2024. Wi\u0119cej na ten temat przeczytasz w artykule: <a href=\"https:\/\/www.brw.pl\/blog\/butelkowa-zielen-i-pudrowy-roz-we-wnetrzach-czy-da-sie-to-pogodzic\/\" target=\"_blank\" rel=\"noopener noreferrer\">&#8222;Butelkowa ziele\u0144 i pudrowy r\u00f3\u017c we wn\u0119trzach \u2013 czy da si\u0119 to pogodzi\u0107?&#8221;<\/a>.<\/p>\n<p style=\"text-align: center;\">Przeczytaj tak\u017ce: <a href=\"https:\/\/www.brw.pl\/blog\/modne-kolory-2024-sprawdz-jakie-barwy-beda-krolowac\/\" target=\"_blank\" rel=\"noopener noreferrer\">&#8222;Modne kolory 2024 \u2013 sprawd\u017a, jakie barwy b\u0119d\u0105 kr\u00f3lowa\u0107!&#8221;<\/a>.<\/p>\n<h3>Kuchnia pe\u0142na nowoczesnych technologii<\/h3>\n<p>Inteligentne rozwi\u0105zania technologiczne zrewolucjonizuj\u0105 kuchni\u0119 w 2024 roku. Nowoczesne urz\u0105dzenia AGD, inteligentne lod\u00f3wki, piekarniki z funkcj\u0105 zdalnego sterowania czy zaawansowane systemy filtracji wody, uczyni\u0105 gotowanie \u0142atwiejszym i bardziej intuicyjnym. <strong>Najnowsze trendy promuj\u0105 r\u00f3wnie\u017c innowacyjne systemy o\u015bwietleniowe, kt\u00f3re mo\u017cna dostosowa\u0107 do nastroju czy pory dnia<\/strong>. Wszystko to sprawi, \u017ce kuchnia stanie si\u0119 nie tylko przestrzeni\u0105 do gotowania, ale r\u00f3wnie\u017c centrum nowoczesnego domu.<\/p>\n<h3>Ekologiczne rozwi\u0105zania<\/h3>\n<p>W 2024 roku szczeg\u00f3ln\u0105 uwag\u0119 zwr\u00f3cimy na ekologiczne rozwi\u0105zania i zr\u00f3wnowa\u017cony styl. W odpowiedzi na rosn\u0105c\u0105 \u015bwiadomo\u015b\u0107 ekologiczn\u0105, kuchnie b\u0119d\u0105 projektowane z my\u015bl\u0105 o minimalizowaniu wp\u0142ywu na \u015brodowisko. W nadchodz\u0105cych miesi\u0105cach warto postawi\u0107 na zastosowanie materia\u0142\u00f3w odnawialnych, <a href=\"https:\/\/www.brw.pl\/meble\/meble-kuchenne\/blaty\/\" target=\"_blank\" rel=\"noopener noreferrer\">blat\u00f3w<\/a> z recyklingu lub naturalnych kamiennych powierzchni. Z roku na rok popularno\u015b\u0107 zyskuj\u0105 energooszcz\u0119dne urz\u0105dzenia AGD, z mniejszym zu\u017cyciem wody i energii, co przyczynia si\u0119 do zmniejszenia \u015bladu w\u0119glowego.<\/p>\n<p>W tym kontek\u015bcie, design r\u00f3wnie\u017c zmieni swoje oblicze, id\u0105c w stron\u0119 prostoty i organicznych kszta\u0142t\u00f3w. <strong>Jasna kuchnia z drewnem wci\u0105\u017c b\u0119dzie <em>en vouge<\/em><\/strong>. Kuchenne wn\u0119trza stan\u0105 si\u0119 jasne i przewiewne, z du\u017c\u0105 ilo\u015bci\u0105 \u017cywych ro\u015blin, kt\u00f3re nie tylko dekoruj\u0105, ale tak\u017ce poprawiaj\u0105 jako\u015b\u0107 powietrza w pomieszczeniu. Zio\u0142owe &#8222;ogr\u00f3dki&#8221; uczyni\u0105 z kuchni prawdziwe serce domu.<\/p>\n<h2><strong>Kuchnia 2024 \u2013 inspiracje<\/strong><\/h2>\n<p>Zobacz nasze aran\u017cacje kuchni, kt\u00f3re wpisuj\u0105 si\u0119 w trendy 2024! Zainspiruj si\u0119 do zmian we w\u0142asnym domu.<\/p>\n<div style=\"display: flex; align-items: center; justify-content: center; text-align: center;\">\n<figure id=\"attachment_8398\" aria-describedby=\"caption-attachment-8398\" style=\"width: 800px\" class=\"wp-caption aligncenter\"><a href=\"https:\/\/www.brw.pl\/szafka-gorna-sole,50818\" target=\"_blank\" rel=\"noopener noreferrer\"><img decoding=\"async\" class=\"wp-image-8398 size-medium lazyload\" data-src=\"https:\/\/www.brw.pl\/blog\/wp-content\/uploads\/2019\/10\/Kuchnia-modu\u0142owa-Family-Line-Sole-800x601.jpg\" alt=\"Kuchnia modu\u0142owa Family Line Sole\" width=\"800\" height=\"601\" data-srcset=\"https:\/\/www.brw.pl\/blog\/wp-content\/uploads\/2019\/10\/Kuchnia-modu\u0142owa-Family-Line-Sole-800x601.jpg 800w, https:\/\/www.brw.pl\/blog\/wp-content\/uploads\/2019\/10\/Kuchnia-modu\u0142owa-Family-Line-Sole-768x577.jpg 768w, https:\/\/www.brw.pl\/blog\/wp-content\/uploads\/2019\/10\/Kuchnia-modu\u0142owa-Family-Line-Sole.jpg 1438w\" data-sizes=\"(max-width: 800px) 100vw, 800px\" src=\"data:image\/svg+xml;base64,PHN2ZyB3aWR0aD0iMSIgaGVpZ2h0PSIxIiB4bWxucz0iaHR0cDovL3d3dy53My5vcmcvMjAwMC9zdmciPjwvc3ZnPg==\" style=\"--smush-placeholder-width: 800px; --smush-placeholder-aspect-ratio: 800\/601;\" \/><\/a><figcaption id=\"caption-attachment-8398\" class=\"wp-caption-text\"><a href=\"https:\/\/www.brw.pl\/szafka-gorna-sole,50818\" target=\"_blank\" rel=\"noopener noreferrer\"><span style=\"font-weight: 400;\">SZAFKA G\u00d3RNA SOLE<\/span><\/a><\/figcaption><\/figure>\n<\/div>\n<p>Kuchnia urz\u0105dzona z <strong>meblami z kolekcji Sole<\/strong> w odcieniu d\u0119bowego drewna to doskona\u0142y przyk\u0142ad wn\u0119trza, kt\u00f3re \u0142\u0105czy nowoczesno\u015b\u0107 z naturalnymi akcentami. Aran\u017cacja kuchni w kszta\u0142cie litery U zapewnia wygod\u0119 i optymalne wykorzystanie przestrzeni, czyni\u0105c j\u0105 idealn\u0105 do codziennego u\u017cytkowania.<\/p>\n<p>Kolorystyka front\u00f3w nawi\u0105zuje do natury, co wpisuje si\u0119 w trend zwracania uwagi na ekologiczne aspekty \u017cycia. Ciep\u0142a barwa drewna, w po\u0142\u0105czeniu z szarym kolorem \u015bcian, tworzy spokojn\u0105 i harmonijn\u0105 atmosfer\u0119.<\/p>\n<p>Kuchenne szafki s\u0105 g\u0142adkie i minimalistyczne \u2013 podkre\u015blaj\u0105 nowoczesny charakter przestrzeni. Minimalizm w designie front\u00f3w ma swoj\u0105 praktyczn\u0105 stron\u0119. \u0141atwo\u015b\u0107 w czyszczeniu i brak zb\u0119dnych detali sprawiaj\u0105, \u017ce kuchnia jest maksymalnie funkcjonalna.<\/p>\n<div style=\"display: flex; align-items: center; justify-content: center; text-align: center;\">\n<figure id=\"attachment_31580\" aria-describedby=\"caption-attachment-31580\" style=\"width: 800px\" class=\"wp-caption aligncenter\"><a href=\"https:\/\/www.brw.pl\/komplet-kuchenny-narozny-top-line,37548\" target=\"_blank\" rel=\"noopener noreferrer\"><img decoding=\"async\" class=\"wp-image-31580 size-medium lazyload\" data-src=\"https:\/\/www.brw.pl\/blog\/wp-content\/uploads\/2023\/04\/komplet-kuchenny-naro\u017cny-top-line-800x548.jpg\" alt=\"Komplet kuchenny naro\u017cny Top Line\" width=\"800\" height=\"548\" data-srcset=\"https:\/\/www.brw.pl\/blog\/wp-content\/uploads\/2023\/04\/komplet-kuchenny-naro\u017cny-top-line-800x548.jpg 800w, https:\/\/www.brw.pl\/blog\/wp-content\/uploads\/2023\/04\/komplet-kuchenny-naro\u017cny-top-line-768x526.jpg 768w, https:\/\/www.brw.pl\/blog\/wp-content\/uploads\/2023\/04\/komplet-kuchenny-naro\u017cny-top-line-1536x1052.jpg 1536w, https:\/\/www.brw.pl\/blog\/wp-content\/uploads\/2023\/04\/komplet-kuchenny-naro\u017cny-top-line.jpg 1555w\" data-sizes=\"(max-width: 800px) 100vw, 800px\" src=\"data:image\/svg+xml;base64,PHN2ZyB3aWR0aD0iMSIgaGVpZ2h0PSIxIiB4bWxucz0iaHR0cDovL3d3dy53My5vcmcvMjAwMC9zdmciPjwvc3ZnPg==\" style=\"--smush-placeholder-width: 800px; --smush-placeholder-aspect-ratio: 800\/548;\" \/><\/a><figcaption id=\"caption-attachment-31580\" class=\"wp-caption-text\"><a href=\"https:\/\/www.brw.pl\/komplet-kuchenny-narozny-top-line,37548\" target=\"_blank\" rel=\"noopener noreferrer\"><span style=\"font-weight: 400;\">KOMPLET KUCHENNY NARO\u017bNY TOP LINE<\/span><\/a><\/figcaption><\/figure>\n<\/div>\n<p>Aran\u017cacja z <strong>naro\u017cnym kompletem kuchennym Top Line<\/strong> w kolorze szarym to doskona\u0142e po\u0142\u0105czenie praktyczno\u015bci i dobrego designu. Zabudowa w kszta\u0142cie litery L maksymalizuje wykorzystanie przestrzeni, zapewniaj\u0105c funkcjonalno\u015b\u0107 i wygod\u0119 na najwy\u017cszym poziomie.<\/p>\n<p>Kuchnia w odcieniu szarym jest nie tylko elegancka, ale i uniwersalna, dzi\u0119ki czemu z \u0142atwo\u015bci\u0105 dopasowuje si\u0119 do r\u00f3\u017cnorodnych styl\u00f3w wn\u0119trz. Neutralno\u015b\u0107 szarych front\u00f3w doskonale komponuje si\u0119 z wyrazistymi akcentami w aran\u017cacji.<\/p>\n<p>Pod\u0142oga imituj\u0105ca marmur jest jednym z kluczowych element\u00f3w tej kuchni. Nadaje wn\u0119trzu luksusowego charakteru, jest wyj\u0105tkowym t\u0142em dla szarych mebli. Na uwag\u0119 zas\u0142uguj\u0105 r\u00f3wnie\u017c heksagonalne p\u0142ytki \u015bcienne. Ich niekonwencjonalny kszta\u0142t stanowi atrakcyjny element dekoracyjny, kt\u00f3ry przyci\u0105ga wzrok i o\u017cywia wn\u0119trze.<\/p>\n<p><strong>Zapraszamy do zapoznania si\u0119 z pe\u0142n\u0105 ofert\u0105 <\/strong><a href=\"https:\/\/www.brw.pl\/\" target=\"_blank\" rel=\"noopener noreferrer\"><strong>sklepu internetowego Black Red White<\/strong><\/a><strong>, gdzie znajdziesz wszystko, czego potrzebujesz do zaaran\u017cowania praktycznej i modnej kuchni.<\/strong><\/p>\n","protected":false},"excerpt":{"rendered":"<p>W 2024 roku mo\u017cemy spodziewa\u0107 si\u0119 ekscytuj\u0105cych zmian w designie kuchennym. Zobacz, jak w nadchodz\u0105cych sezonach b\u0119dzie wygl\u0105da\u0107 modna kuchnia. Poznaj produkty, kt\u00f3re idealnie wpisuj\u0105 si\u0119 w nowoczesne koncepcje.<\/p>\n","protected":false},"author":21,"featured_media":18949,"comment_status":"closed","ping_status":"open","sticky":false,"template":"","format":"standard","meta":{"footnotes":""},"categories":[39,26],"tags":[],"aioseo_notices":[],"_links":{"self":[{"href":"https:\/\/www.brw.pl\/blog\/wp-json\/wp\/v2\/posts\/35304"}],"collection":[{"href":"https:\/\/www.brw.pl\/blog\/wp-json\/wp\/v2\/posts"}],"about":[{"href":"https:\/\/www.brw.pl\/blog\/wp-json\/wp\/v2\/types\/post"}],"author":[{"embeddable":true,"href":"https:\/\/www.brw.pl\/blog\/wp-json\/wp\/v2\/users\/21"}],"replies":[{"embeddable":true,"href":"https:\/\/www.brw.pl\/blog\/wp-json\/wp\/v2\/comments?post=35304"}],"version-history":[{"count":1,"href":"https:\/\/www.brw.pl\/blog\/wp-json\/wp\/v2\/posts\/35304\/revisions"}],"predecessor-version":[{"id":35305,"href":"https:\/\/www.brw.pl\/blog\/wp-json\/wp\/v2\/posts\/35304\/revisions\/35305"}],"wp:featuredmedia":[{"embeddable":true,"href":"https:\/\/www.brw.pl\/blog\/wp-json\/wp\/v2\/media\/18949"}],"wp:attachment":[{"href":"https:\/\/www.brw.pl\/blog\/wp-json\/wp\/v2\/media?parent=35304"}],"wp:term":[{"taxonomy":"category","embeddable":true,"href":"https:\/\/www.brw.pl\/blog\/wp-json\/wp\/v2\/categories?post=35304"},{"taxonomy":"post_tag","embeddable":true,"href":"https:\/\/www.brw.pl\/blog\/wp-json\/wp\/v2\/tags?post=35304"}],"curies":[{"name":"wp","href":"https:\/\/api.w.org\/{rel}","templated":true}]}}