{"id":35397,"date":"2024-01-02T15:40:02","date_gmt":"2024-01-02T14:40:02","guid":{"rendered":"https:\/\/www.brw.pl\/blog\/?p=35397"},"modified":"2024-01-02T15:40:02","modified_gmt":"2024-01-02T14:40:02","slug":"minimalistyczny-pokoj-mlodziezowy-dla-fanow-klasycznych-rozwiazan","status":"publish","type":"post","link":"https:\/\/www.brw.pl\/blog\/minimalistyczny-pokoj-mlodziezowy-dla-fanow-klasycznych-rozwiazan\/","title":{"rendered":"Minimalistyczny pok\u00f3j m\u0142odzie\u017cowy \u2013 dla fan\u00f3w klasycznych rozwi\u0105za\u0144"},"content":{"rendered":"<p><strong>Zastanawiasz si\u0119, jak zaaran\u017cowa\u0107 pok\u00f3j m\u0142odzie\u017cowy? Postaw na minimalizm \u2013 styl, kt\u00f3ry nigdy nie wychodzi z mody! Uniwersalna, a zarazem funkcjonalna aran\u017cacja to \u015bwietny spos\u00f3b na dostosowanie pokoju m\u0142odzie\u017cowego do potrzeb nastolatk\u00f3w. Przedstawiamy rozwi\u0105zania, kt\u00f3re zachwyc\u0105 Ci\u0119 pi\u0119knem i prostot\u0105.<\/strong><!--more--><\/p>\n<div style=\"display: flex; align-items: center; justify-content: center; text-align: center;\">\n<figure id=\"attachment_30754\" aria-describedby=\"caption-attachment-30754\" style=\"width: 800px\" class=\"wp-caption aligncenter\"><a href=\"https:\/\/www.brw.pl\/lozko-90-hesen,56289\" target=\"_blank\" rel=\"noopener noreferrer\"><img decoding=\"async\" class=\"wp-image-30754 size-medium lazyload\" data-src=\"https:\/\/www.brw.pl\/blog\/wp-content\/uploads\/2023\/03\/S515_Hesen_pokoj-mlodziezowy_MSJ_SOL-800x557.jpg\" alt=\"Minimalistyczny pok\u00f3j m\u0142odzie\u017cowy - kolekcja Hesen\" width=\"800\" height=\"557\" data-srcset=\"https:\/\/www.brw.pl\/blog\/wp-content\/uploads\/2023\/03\/S515_Hesen_pokoj-mlodziezowy_MSJ_SOL-800x557.jpg 800w, https:\/\/www.brw.pl\/blog\/wp-content\/uploads\/2023\/03\/S515_Hesen_pokoj-mlodziezowy_MSJ_SOL-768x535.jpg 768w, https:\/\/www.brw.pl\/blog\/wp-content\/uploads\/2023\/03\/S515_Hesen_pokoj-mlodziezowy_MSJ_SOL.jpg 1534w\" data-sizes=\"(max-width: 800px) 100vw, 800px\" src=\"data:image\/svg+xml;base64,PHN2ZyB3aWR0aD0iMSIgaGVpZ2h0PSIxIiB4bWxucz0iaHR0cDovL3d3dy53My5vcmcvMjAwMC9zdmciPjwvc3ZnPg==\" style=\"--smush-placeholder-width: 800px; --smush-placeholder-aspect-ratio: 800\/557;\" \/><\/a><figcaption id=\"caption-attachment-30754\" class=\"wp-caption-text\"><a href=\"https:\/\/www.brw.pl\/lozko-90-hesen,56289\" target=\"_blank\" rel=\"noopener noreferrer\"><span style=\"font-weight: 400;\">\u0141\u00d3\u017bKO 90 HESEN<\/span><\/a><\/figcaption><\/figure>\n<\/div>\n<h2><strong>Minimalistyczny pok\u00f3j m\u0142odzie\u017cowy \u2013 funkcjonalny i modny<\/strong><\/h2>\n<p>Styl minimalistyczny charakteryzuje si\u0119 funkcjonalno\u015bci\u0105 i celowym ograniczeniem element\u00f3w wyposa\u017cenia, w tym mebli i dodatk\u00f3w. Decyduj\u0105c si\u0119 na tak\u0105 aran\u017cacj\u0119, wybierasz przestrze\u0144, kt\u00f3ra nie przyt\u0142acza, lecz inspiruje i pomaga skupi\u0107 si\u0119 na tym, co najwa\u017cniejsze. Minimalizm jest idealnym rozwi\u0105zaniem dla m\u0142odzie\u017cy, kt\u00f3ra ceni sobie nie tylko estetyk\u0119, ale te\u017c praktyczno\u015b\u0107. Wywa\u017cona kolorystyka, solidne materia\u0142y czy \u015bwiadome u\u017cycie dekoracji to klucz do stworzenia przyjaznego \u015brodowiska \u2013 idealnego do nauki, rozwoju, odpoczynku.<\/p>\n<p>M\u0142odzie\u017cowy pok\u00f3j rz\u0105dzi si\u0119 swoimi prawami. W ko\u0144cu nie jest przestrzeni\u0105 przeznaczon\u0105 dla ma\u0142ego dziecka. Upodobania dorastaj\u0105cej pociechy zmieniaj\u0105 si\u0119 wraz z ni\u0105 \u2013 typowo dzieci\u0119ce marzenia o wn\u0119trzu jak z bajki ust\u0119puj\u0105 miejsca innym, &#8222;doro\u015blejszym&#8221; potrzebom i wymaganiom. <strong>Okres wczesnej nastoletnio\u015bci to dobry moment na wprowadzenie modyfikacji do pokoju dzieci\u0119cego<\/strong>. Wystr\u00f3j w stylu minimalistycznym mo\u017ce okaza\u0107 si\u0119 strza\u0142em w dziesi\u0105tk\u0119!<\/p>\n<h3>Aran\u017cacja pokoju m\u0142odzie\u017cowego \u2013 minimalizm w kolorystyce<\/h3>\n<p>Wyb\u00f3r kolor\u00f3w w pokoju nastoletniej dziewczyny lub ch\u0142opaka odgrywa kluczow\u0105 rol\u0119, zw\u0142aszcza gdy d\u0105\u017cysz do stworzenia minimalistycznego wn\u0119trza. W takiej aran\u017cacji dominuj\u0105 stonowane, spokojne barwy, kt\u00f3re sprzyjaj\u0105 osi\u0105gni\u0119ciu harmonijnego efektu. Na jaki kolor pomalowa\u0107 pok\u00f3j m\u0142odzie\u017cowy w ascetycznym stylu?<\/p>\n<div style=\"display: flex; align-items: center; justify-content: center; text-align: center;\">\n<figure id=\"attachment_30913\" aria-describedby=\"caption-attachment-30913\" style=\"width: 800px\" class=\"wp-caption aligncenter\"><a href=\"https:\/\/www.brw.pl\/kwadrat-30x30-panel-tapicerowany,45656\" target=\"_blank\" rel=\"noopener noreferrer\"><img decoding=\"async\" class=\"wp-image-30913 size-medium lazyload\" data-src=\"https:\/\/www.brw.pl\/blog\/wp-content\/uploads\/2023\/04\/S440-HOLTEN_pokoj-mlodziezowy_bi_dwo_bip_ar_2-800x490.jpg\" alt=\"Panele tapicerowane w pokoju dziecka\" width=\"800\" height=\"490\" data-srcset=\"https:\/\/www.brw.pl\/blog\/wp-content\/uploads\/2023\/04\/S440-HOLTEN_pokoj-mlodziezowy_bi_dwo_bip_ar_2-800x490.jpg 800w, https:\/\/www.brw.pl\/blog\/wp-content\/uploads\/2023\/04\/S440-HOLTEN_pokoj-mlodziezowy_bi_dwo_bip_ar_2-768x470.jpg 768w, https:\/\/www.brw.pl\/blog\/wp-content\/uploads\/2023\/04\/S440-HOLTEN_pokoj-mlodziezowy_bi_dwo_bip_ar_2-1536x940.jpg 1536w, https:\/\/www.brw.pl\/blog\/wp-content\/uploads\/2023\/04\/S440-HOLTEN_pokoj-mlodziezowy_bi_dwo_bip_ar_2.jpg 1764w\" data-sizes=\"(max-width: 800px) 100vw, 800px\" src=\"data:image\/svg+xml;base64,PHN2ZyB3aWR0aD0iMSIgaGVpZ2h0PSIxIiB4bWxucz0iaHR0cDovL3d3dy53My5vcmcvMjAwMC9zdmciPjwvc3ZnPg==\" style=\"--smush-placeholder-width: 800px; --smush-placeholder-aspect-ratio: 800\/490;\" \/><\/a><figcaption id=\"caption-attachment-30913\" class=\"wp-caption-text\"><a href=\"https:\/\/www.brw.pl\/kwadrat-30x30-panel-tapicerowany,45656\" target=\"_blank\" rel=\"noopener noreferrer\"><span style=\"font-weight: 400;\">PANEL TAPICEROWANY KWADRAT 30&#215;30<\/span><\/a><\/figcaption><\/figure>\n<\/div>\n<p>Pod uwag\u0119 we\u017a biel, ca\u0142\u0105 palet\u0119 szaro\u015bci, be\u017ce, subtelne pastele. Na \u015bcianach mo\u017cesz wykorzysta\u0107 drewniane ok\u0142adziny albo <a href=\"https:\/\/www.brw.pl\/meble\/lozka\/panele-tapicerowane\/\" target=\"_blank\" rel=\"noopener noreferrer\">panele tapicerowane<\/a> \u2013 wn\u0119trze nabierze ciep\u0142a. Jasne, neutralne barwy umo\u017cliwi\u0105 wizualne powi\u0119kszenie przestrzeni, b\u0119d\u0105 te\u017c dobrym t\u0142em dla akcent\u00f3w w postaci tekstyli\u00f3w, grafik \u015bciennych czy innych dodatk\u00f3w.<\/p>\n<h3>Minimalistyczne meble m\u0142odzie\u017cowe \u2013 mniej znaczy wi\u0119cej<\/h3>\n<p>Je\u015bli chcesz urz\u0105dzi\u0107 pok\u00f3j m\u0142odzie\u017cowy bazuj\u0105cy na oszcz\u0119dnej stylistyce, si\u0119gaj po <a href=\"https:\/\/www.brw.pl\/meble\/styl-minimalistyczny\/\" target=\"_blank\" rel=\"noopener noreferrer\">minimalistyczne meble<\/a>. <strong>Co je wyr\u00f3\u017cnia? Prosta konstrukcja, \u0142agodna kolorystyka, brak wyrazistych zdobie\u0144, lekko\u015b\u0107 i mobilno\u015b\u0107.<\/strong> Tego rodzaju wyposa\u017cenie nierzadko projektowane jest w duchu multifunkcjonalno\u015bci. \u015awietnym przyk\u0142adem s\u0105 <a href=\"https:\/\/www.brw.pl\/meble\/lozka\/\" target=\"_blank\" rel=\"noopener noreferrer\">\u0142\u00f3\u017cka<\/a> z szufladami, <a href=\"https:\/\/www.brw.pl\/blog\/toaletka-biurko-garsc-inspiracji\/\" target=\"_blank\" rel=\"noopener noreferrer\">toaletki-biurka<\/a>, <a href=\"https:\/\/www.brw.pl\/meble\/meble-wypoczynkowe\/pufy\/\" target=\"_blank\" rel=\"noopener noreferrer\">pufy<\/a> pe\u0142ni\u0105ce funkcj\u0119 skrytek, stoliki pomocnicze.<\/p>\n<p>Meble o minimalistycznym designie maj\u0105 wiele zalet. Opr\u00f3cz tego, \u017ce pozostaj\u0105 bardzo funkcjonalne, z \u0142atwo\u015bci\u0105 mo\u017cna dopasowa\u0107 je do ka\u017cdego pomys\u0142u na wn\u0119trze. Ich uniwersalny charakter docenisz, gdy nastolatek poprosi o metamorfoz\u0119 pokoju.<\/p>\n<p>Wyposa\u017cenie pe\u0142ni\u0105ce kilka funkcji jednocze\u015bnie pozwala zredukowa\u0107 do minimum liczb\u0119 znajduj\u0105cych si\u0119 we wn\u0119trzu przedmiot\u00f3w. Im mniej mebli i zb\u0119dnych bibelot\u00f3w wype\u0142nia pok\u00f3j nastolatki (lub nastolatka), tym lepiej! Wi\u0119cej wolnej przestrzeni to tak\u017ce wi\u0119ksza dowolno\u015b\u0107 w organizowaniu wn\u0119trza na w\u0142asnych zasadach i wedle w\u0142asnej koncepcji.<\/p>\n<h3>Styl minimalistyczny \u2013 w jakich pokojach si\u0119 sprawdzi?<\/h3>\n<div style=\"display: flex; align-items: center; justify-content: center; text-align: center;\">\n<figure id=\"attachment_26758\" aria-describedby=\"caption-attachment-26758\" style=\"width: 800px\" class=\"wp-caption aligncenter\"><img decoding=\"async\" class=\"wp-image-26758 size-medium lazyload\" data-src=\"https:\/\/www.brw.pl\/blog\/wp-content\/uploads\/2022\/09\/pokoj_blizniakow_salta_nandunew-2-1-800x533.jpg\" alt=\"Pok\u00f3j bli\u017aniak\u00f3w Salta\" width=\"800\" height=\"533\" data-srcset=\"https:\/\/www.brw.pl\/blog\/wp-content\/uploads\/2022\/09\/pokoj_blizniakow_salta_nandunew-2-1-800x533.jpg 800w, https:\/\/www.brw.pl\/blog\/wp-content\/uploads\/2022\/09\/pokoj_blizniakow_salta_nandunew-2-1-768x512.jpg 768w, https:\/\/www.brw.pl\/blog\/wp-content\/uploads\/2022\/09\/pokoj_blizniakow_salta_nandunew-2-1.jpg 1200w\" data-sizes=\"(max-width: 800px) 100vw, 800px\" src=\"data:image\/svg+xml;base64,PHN2ZyB3aWR0aD0iMSIgaGVpZ2h0PSIxIiB4bWxucz0iaHR0cDovL3d3dy53My5vcmcvMjAwMC9zdmciPjwvc3ZnPg==\" style=\"--smush-placeholder-width: 800px; --smush-placeholder-aspect-ratio: 800\/533;\" \/><figcaption id=\"caption-attachment-26758\" class=\"wp-caption-text\"><a href=\"https:\/\/www.brw.pl\/lozko-90-salta,35763\" target=\"_blank\" rel=\"noopener noreferrer\"><span style=\"font-weight: 400;\">\u0141\u00d3\u017bKO 90 SALTA<\/span><\/a> &#8211; <a href=\"https:\/\/www.brw.pl\/biurko-brent,38961\" target=\"_blank\" rel=\"noopener noreferrer\"><span style=\"font-weight: 400;\">BIURKO BRENT<\/span><\/a><\/figcaption><\/figure>\n<\/div>\n<p>Aby sprosta\u0107 wyzwaniom, jakie stawia przed nami wsp\u00f3\u0142czesna architektura, warto si\u0119ga\u0107 po nowoczesne rozwi\u0105zania k\u0142ad\u0105ce nacisk na klarowno\u015b\u0107 form. Pomieszczenie przeznaczone dla nastolatka sprawia trudno\u015bci aran\u017cacyjne? Minimalistyczny wystr\u00f3j pokoju m\u0142odzie\u017cowego b\u0119dzie najlepszym wyj\u015bciem.<\/p>\n<p><strong>Postaw na minimalizm, je\u015bli:<\/strong><\/p>\n<ul>\n<li>aran\u017cujesz w\u0105ski pok\u00f3j m\u0142odzie\u017cowy,<\/li>\n<li>chcesz urz\u0105dzi\u0107 ma\u0142y pok\u00f3j m\u0142odzie\u017cowy na poddaszu,<\/li>\n<li>pok\u00f3j nastolatka jest ma\u0142o ustawny,<\/li>\n<li>ma\u0142y pok\u00f3j m\u0142odzie\u017cowy dzieli ze sob\u0105 rodze\u0144stwo,<\/li>\n<li>zale\u017cy Ci na unikni\u0119ciu ba\u0142aganu i wizualnego chaosu.<\/li>\n<\/ul>\n<h2><strong>Minimalistyczny pok\u00f3j m\u0142odzie\u017cowy dla dziewczyny \u2013 jak go urz\u0105dzi\u0107?<\/strong><\/h2>\n<p>Aran\u017cuj\u0105c pok\u00f3j nastolatki, pomy\u015bl o wykorzystaniu delikatnych, pastelowych kolor\u00f3w i eleganckich, ale nieprzyt\u0142aczaj\u0105cych mebli. <strong>Praktyczne wyposa\u017cenie, takie jak \u0142\u00f3\u017cko z dodatkowym pojemnikiem na po\u015bciel czy funkcjonalne biurko i toaletka w jednym, pomog\u0105 zachowa\u0107 porz\u0105dek oraz zorganizowa\u0107 miejsce pracy<\/strong>. Dobrze przemy\u015blane wyposa\u017cenie powinno tak\u017ce uwzgl\u0119dnia\u0107 przestrze\u0144 na przechowywanie ksi\u0105\u017cek, ubra\u0144 i innych osobistych przedmiot\u00f3w. <a href=\"https:\/\/www.brw.pl\/meble\/przechowywanie\/regaly\/\" target=\"_blank\" rel=\"noopener noreferrer\">Rega\u0142y<\/a>, <a href=\"https:\/\/www.brw.pl\/meble\/przechowywanie\/polki\/\" target=\"_blank\" rel=\"noopener noreferrer\">p\u00f3\u0142ki<\/a>, <a href=\"https:\/\/www.brw.pl\/meble\/przechowywanie\/szafki\/\" target=\"_blank\" rel=\"noopener noreferrer\">szafki<\/a> i <a href=\"https:\/\/www.brw.pl\/meble\/przechowywanie\/komody\/\" target=\"_blank\" rel=\"noopener noreferrer\">komody<\/a> o czystych liniach pozwol\u0105 zagospodarowa\u0107 wn\u0119trze w optymalny spos\u00f3b.<\/p>\n<div style=\"display: flex; align-items: center; justify-content: center; text-align: center;\">\n<figure id=\"attachment_29428\" aria-describedby=\"caption-attachment-29428\" style=\"width: 800px\" class=\"wp-caption aligncenter\"><img decoding=\"async\" class=\"wp-image-29428 size-medium lazyload\" data-src=\"https:\/\/www.brw.pl\/blog\/wp-content\/uploads\/2023\/01\/Tapczan-Rico-800x540.png\" alt=\"Tapczan Rico\" width=\"800\" height=\"540\" data-srcset=\"https:\/\/www.brw.pl\/blog\/wp-content\/uploads\/2023\/01\/Tapczan-Rico-800x540.png 800w, https:\/\/www.brw.pl\/blog\/wp-content\/uploads\/2023\/01\/Tapczan-Rico-768x518.png 768w, https:\/\/www.brw.pl\/blog\/wp-content\/uploads\/2023\/01\/Tapczan-Rico-1536x1037.png 1536w, https:\/\/www.brw.pl\/blog\/wp-content\/uploads\/2023\/01\/Tapczan-Rico.png 1600w\" data-sizes=\"(max-width: 800px) 100vw, 800px\" src=\"data:image\/svg+xml;base64,PHN2ZyB3aWR0aD0iMSIgaGVpZ2h0PSIxIiB4bWxucz0iaHR0cDovL3d3dy53My5vcmcvMjAwMC9zdmciPjwvc3ZnPg==\" style=\"--smush-placeholder-width: 800px; --smush-placeholder-aspect-ratio: 800\/540;\" \/><figcaption id=\"caption-attachment-29428\" class=\"wp-caption-text\"><a href=\"https:\/\/www.brw.pl\/komoda-flames,28564\" target=\"_blank\" rel=\"noopener noreferrer\"><span style=\"font-weight: 400;\">KOMODA FLAMES<\/span><\/a> &#8211; <a href=\"https:\/\/www.brw.pl\/tapczan-rico,53003\" target=\"_blank\" rel=\"noopener noreferrer\"><span style=\"font-weight: 400;\">TAPCZAN RICO<\/span><\/a><\/figcaption><\/figure>\n<\/div>\n<p><strong>C\u00f3rka chce mie\u0107 pi\u0119kny pok\u00f3j m\u0142odzie\u017cowy z tapicerowanym \u0142\u00f3\u017ckiem?<\/strong> Zamiast roz\u0142o\u017cystego modelu w stylu nowojorskim zaproponuj jej nowoczesny tapczan. Nasz <strong>tapczan Rico<\/strong> <strong>to doskona\u0142a alternatywa dla tradycyjnych, jednoosobowych \u0142\u00f3\u017cek<\/strong>. Materac wyposa\u017cony w spr\u0119\u017cyny bonellowe i piank\u0119 zapewni dziewczynce wygod\u0119 zar\u00f3wno podczas nocnego wypoczynku, jak i popo\u0142udniowej drzemki. Regulacja wysoko\u015bci oparcia zach\u0119ci do relaksu przy ksi\u0105\u017cce lub ulubionym serialu.<\/p>\n<p>Istotn\u0105 rol\u0119 w personalizacji pokoju nastolatki odgrywaj\u0105 <a href=\"https:\/\/www.brw.pl\/dekoracje\/\" target=\"_blank\" rel=\"noopener noreferrer\">dekoracje<\/a>. Ro\u015bliny, mi\u0119kkie poduszki, zas\u0142ony, plakaty, obrazy czy dywany dodadz\u0105 wn\u0119trzu przytulno\u015bci. Wa\u017cne, aby wszystkie elementy by\u0142y ze sob\u0105 sp\u00f3jne i tworzy\u0142y harmonijn\u0105 ca\u0142o\u015b\u0107, kt\u00f3ra b\u0119dzie odpowiada\u0107 upodobaniom m\u0142odej lokatorki. Wybieraj stonowane dodatki o ciekawej fakturze, delikatnej urodzie, solidnym wykonaniu. <strong>\u0141adny pok\u00f3j m\u0142odzie\u017cowy wcale nie oznacza wn\u0119trza urz\u0105dzonego z przepychem<\/strong>.<\/p>\n<div style=\"display: flex; align-items: center; justify-content: center; text-align: center;\">\n<figure id=\"attachment_23879\" aria-describedby=\"caption-attachment-23879\" style=\"width: 406px\" class=\"wp-caption aligncenter\"><a href=\"https:\/\/www.brw.pl\/obraz-wydma-no-2,38635\" target=\"_blank\" rel=\"noopener noreferrer\"><img decoding=\"async\" class=\"wp-image-23879 size-full lazyload\" data-src=\"https:\/\/www.brw.pl\/blog\/wp-content\/uploads\/2022\/06\/obraz-wydma.jpg\" alt=\"Obraz Wydma\" width=\"406\" height=\"402\" data-srcset=\"https:\/\/www.brw.pl\/blog\/wp-content\/uploads\/2022\/06\/obraz-wydma.jpg 406w, https:\/\/www.brw.pl\/blog\/wp-content\/uploads\/2022\/06\/obraz-wydma-150x150.jpg 150w, https:\/\/www.brw.pl\/blog\/wp-content\/uploads\/2022\/06\/obraz-wydma-254x250.jpg 254w\" data-sizes=\"(max-width: 406px) 100vw, 406px\" src=\"data:image\/svg+xml;base64,PHN2ZyB3aWR0aD0iMSIgaGVpZ2h0PSIxIiB4bWxucz0iaHR0cDovL3d3dy53My5vcmcvMjAwMC9zdmciPjwvc3ZnPg==\" style=\"--smush-placeholder-width: 406px; --smush-placeholder-aspect-ratio: 406\/402;\" \/><\/a><figcaption id=\"caption-attachment-23879\" class=\"wp-caption-text\"><a href=\"https:\/\/www.brw.pl\/obraz-wydma-no-2,38635\" target=\"_blank\" rel=\"noopener noreferrer\"><span style=\"font-weight: 400;\">OBRAZ WYDMA No.2<\/span><\/a><\/figcaption><\/figure>\n<\/div>\n<p style=\"text-align: center;\"><strong>Czytaj r\u00f3wnie\u017c: <\/strong><a href=\"https:\/\/www.brw.pl\/blog\/pokoj-dla-nastoletniej-dziewczyny-black-red-white-inspiruje\/\" target=\"_blank\" rel=\"noopener noreferrer\"><strong>&#8222;Pok\u00f3j dla nastoletniej dziewczyny \u2013 Black Red White inspiruje!&#8221;<\/strong><\/a><strong>.<\/strong><\/p>\n<h2><strong>Minimalistyczny pok\u00f3j m\u0142odzie\u017cowy dla ch\u0142opaka \u2013 dobierz odpowiednie meble i dodatki<\/strong><\/h2>\n<p>Pokoje m\u0142odzie\u017cowe dla ch\u0142opc\u00f3w \u2013 czy to w stylu minimalistycznym, czy jakimkolwiek innym \u2013 powinny by\u0107 przede wszystkim praktyczne i dobrze zorganizowane. <strong>Nowoczesny pok\u00f3j m\u0142odzie\u017cowy cz\u0119sto \u0142\u0105czy w sobie funkcje miejsca do nauki, wypoczynku, przyjmowania go\u015bci, przechowywania ubra\u0144<\/strong>. Poszukuj\u0105c odpowiednich mebli, przyjrzyj si\u0119 kolekcjom o niewyszukanym designie \u2013 b\u0119d\u0105 stanowi\u0107 solidn\u0105 baz\u0119 aran\u017cacji. \u0141\u00f3\u017cko, rega\u0142 na ksi\u0105\u017cki, komoda, <a href=\"https:\/\/www.brw.pl\/meble\/szafy\/\" target=\"_blank\" rel=\"noopener noreferrer\">szafa<\/a>, przestronne <a href=\"https:\/\/www.brw.pl\/meble\/meble-biurowe\/biurka\/\" target=\"_blank\" rel=\"noopener noreferrer\">biurko<\/a> to podstawy wyposa\u017cenia ka\u017cdego pokoju nastolatka.<\/p>\n<div style=\"display: flex; align-items: center; justify-content: center; text-align: center;\">\n<figure id=\"attachment_33713\" aria-describedby=\"caption-attachment-33713\" style=\"width: 800px\" class=\"wp-caption aligncenter\"><img decoding=\"async\" class=\"wp-image-33713 size-medium lazyload\" data-src=\"https:\/\/www.brw.pl\/blog\/wp-content\/uploads\/2023\/08\/pokoj-mlodziezowy-porto-800x450.jpg\" alt=\"Pok\u00f3j m\u0142odzie\u017cowy Porto\" width=\"800\" height=\"450\" data-srcset=\"https:\/\/www.brw.pl\/blog\/wp-content\/uploads\/2023\/08\/pokoj-mlodziezowy-porto-800x450.jpg 800w, https:\/\/www.brw.pl\/blog\/wp-content\/uploads\/2023\/08\/pokoj-mlodziezowy-porto.jpg 1920w, https:\/\/www.brw.pl\/blog\/wp-content\/uploads\/2023\/08\/pokoj-mlodziezowy-porto-768x432.jpg 768w, https:\/\/www.brw.pl\/blog\/wp-content\/uploads\/2023\/08\/pokoj-mlodziezowy-porto-1536x864.jpg 1536w\" data-sizes=\"(max-width: 800px) 100vw, 800px\" src=\"data:image\/svg+xml;base64,PHN2ZyB3aWR0aD0iMSIgaGVpZ2h0PSIxIiB4bWxucz0iaHR0cDovL3d3dy53My5vcmcvMjAwMC9zdmciPjwvc3ZnPg==\" style=\"--smush-placeholder-width: 800px; --smush-placeholder-aspect-ratio: 800\/450;\" \/><figcaption id=\"caption-attachment-33713\" class=\"wp-caption-text\"><a href=\"https:\/\/www.brw.pl\/biurko-porto,10150\" target=\"_blank\" rel=\"noopener noreferrer\"><span style=\"font-weight: 400;\">BIURKO PORTO<\/span><\/a> &#8211; <a href=\"https:\/\/www.brw.pl\/regal-porto,10162\" target=\"_blank\" rel=\"noopener noreferrer\"><span style=\"font-weight: 400;\">REGA\u0141 PORTO<\/span><\/a><\/figcaption><\/figure>\n<\/div>\n<p>Ch\u0142opi\u0119c\u0105 przestrze\u0144 warto wype\u0142ni\u0107 meblami w ch\u0142odnym wybarwieniu. <strong>Kolekcja Porto<\/strong> przypadnie do gustu mi\u0142o\u015bnikom nowoczesnych form i kolorystyki wpisuj\u0105cej si\u0119 w skandynawski klimat. Geometryczne bry\u0142y w kolorach <em>modrzew sibiu jasny<\/em>\/<em>sosna larico <\/em>znakomicie odnajd\u0105 si\u0119 w pokoju nastolatka ceni\u0105cego spok\u00f3j i stroni\u0105cego od nadmiaru bod\u017ac\u00f3w.<\/p>\n<p>Latoro\u015bl woli bardziej dynamiczne aran\u017cacje? Poku\u015b si\u0119 o wprowadzenie kilku wyrazistych dodatk\u00f3w, takich jak metalowe lampy, abstrakcyjne grafiki na \u015bcianach, nowoczesne siedziska. Pok\u00f3j dziecka w wieku nastoletnim zyska dzi\u0119ki nim m\u0142odzie\u017cowego ducha.<\/p>\n<p><strong>Wi\u0119cej inspiruj\u0105cych rozwi\u0105za\u0144 do pokoju m\u0142odzie\u017cowego znajdziesz w <\/strong><a href=\"https:\/\/www.brw.pl\/\" target=\"_blank\" rel=\"noopener noreferrer\"><strong>sklepie internetowym Black Red White<\/strong><\/a><strong>.\u00a0<\/strong><\/p>\n<div class=\"small-12 columns\">\n<p style=\"text-align: center;\"><strong>Sprawd\u017a r\u00f3wnie\u017c <a href=\"https:\/\/www.youtube.com\/@brwmeble\" target=\"_blank\" rel=\"noopener noreferrer\">kana\u0142 BRW<\/a> w serwisie YouTube. Zapraszamy!<\/strong><\/p>\n<\/div>\n","protected":false},"excerpt":{"rendered":"<p>Zastanawiasz si\u0119, jak zaaran\u017cowa\u0107 pok\u00f3j m\u0142odzie\u017cowy? Postaw na minimalizm \u2013 styl, kt\u00f3ry nigdy nie wychodzi z mody! Uniwersalna, a zarazem funkcjonalna aran\u017cacja to \u015bwietny spos\u00f3b na dostosowanie pokoju m\u0142odzie\u017cowego do potrzeb nastolatk\u00f3w. Przedstawiamy rozwi\u0105zania, kt\u00f3re zachwyc\u0105 Ci\u0119 pi\u0119knem i prostot\u0105.<\/p>\n","protected":false},"author":21,"featured_media":30754,"comment_status":"closed","ping_status":"open","sticky":false,"template":"","format":"standard","meta":{"footnotes":""},"categories":[39,9,573],"tags":[],"aioseo_notices":[],"_links":{"self":[{"href":"https:\/\/www.brw.pl\/blog\/wp-json\/wp\/v2\/posts\/35397"}],"collection":[{"href":"https:\/\/www.brw.pl\/blog\/wp-json\/wp\/v2\/posts"}],"about":[{"href":"https:\/\/www.brw.pl\/blog\/wp-json\/wp\/v2\/types\/post"}],"author":[{"embeddable":true,"href":"https:\/\/www.brw.pl\/blog\/wp-json\/wp\/v2\/users\/21"}],"replies":[{"embeddable":true,"href":"https:\/\/www.brw.pl\/blog\/wp-json\/wp\/v2\/comments?post=35397"}],"version-history":[{"count":2,"href":"https:\/\/www.brw.pl\/blog\/wp-json\/wp\/v2\/posts\/35397\/revisions"}],"predecessor-version":[{"id":35399,"href":"https:\/\/www.brw.pl\/blog\/wp-json\/wp\/v2\/posts\/35397\/revisions\/35399"}],"wp:featuredmedia":[{"embeddable":true,"href":"https:\/\/www.brw.pl\/blog\/wp-json\/wp\/v2\/media\/30754"}],"wp:attachment":[{"href":"https:\/\/www.brw.pl\/blog\/wp-json\/wp\/v2\/media?parent=35397"}],"wp:term":[{"taxonomy":"category","embeddable":true,"href":"https:\/\/www.brw.pl\/blog\/wp-json\/wp\/v2\/categories?post=35397"},{"taxonomy":"post_tag","embeddable":true,"href":"https:\/\/www.brw.pl\/blog\/wp-json\/wp\/v2\/tags?post=35397"}],"curies":[{"name":"wp","href":"https:\/\/api.w.org\/{rel}","templated":true}]}}