{"id":35499,"date":"2024-01-20T08:18:12","date_gmt":"2024-01-20T07:18:12","guid":{"rendered":"https:\/\/www.brw.pl\/blog\/?p=35499"},"modified":"2024-01-16T16:12:17","modified_gmt":"2024-01-16T15:12:17","slug":"niebieski-pokoj-mlodziezowy-aranzacje","status":"publish","type":"post","link":"https:\/\/www.brw.pl\/blog\/niebieski-pokoj-mlodziezowy-aranzacje\/","title":{"rendered":"Niebieski pok\u00f3j m\u0142odzie\u017cowy \u2013 aran\u017cacje"},"content":{"rendered":"<p><strong>Niebieski kolor kojarzy si\u0119 ze spokojem, harmoni\u0105, relaksem, dlatego \u015bwietnie sprawdza si\u0119 w pomieszczeniach przeznaczonych do wypoczynku i nauki. Sprawd\u017a nasze pomys\u0142y na aran\u017cacj\u0119 niebieskiego pokoju m\u0142odzie\u017cowego. Z pewno\u015bci\u0105 przypadn\u0105 do gustu zar\u00f3wno m\u0142odszym, jak i starszym nastolatkom. Zaczynamy!<\/strong><!--more--><\/p>\n<div style=\"display: flex; align-items: center; justify-content: center; text-align: center;\">\n<figure id=\"attachment_30796\" aria-describedby=\"caption-attachment-30796\" style=\"width: 800px\" class=\"wp-caption aligncenter\"><img decoding=\"async\" class=\"wp-image-30796 size-medium lazyload\" data-src=\"https:\/\/www.brw.pl\/blog\/wp-content\/uploads\/2023\/03\/ronse-www-800x450.jpg\" alt=\"Niebieski pok\u00f3j m\u0142odzie\u017cowy - kolekcja Ronse\" width=\"800\" height=\"450\" data-srcset=\"https:\/\/www.brw.pl\/blog\/wp-content\/uploads\/2023\/03\/ronse-www-800x450.jpg 800w, https:\/\/www.brw.pl\/blog\/wp-content\/uploads\/2023\/03\/ronse-www-768x432.jpg 768w, https:\/\/www.brw.pl\/blog\/wp-content\/uploads\/2023\/03\/ronse-www-1536x864.jpg 1536w, https:\/\/www.brw.pl\/blog\/wp-content\/uploads\/2023\/03\/ronse-www.jpg 1919w\" data-sizes=\"(max-width: 800px) 100vw, 800px\" src=\"data:image\/svg+xml;base64,PHN2ZyB3aWR0aD0iMSIgaGVpZ2h0PSIxIiB4bWxucz0iaHR0cDovL3d3dy53My5vcmcvMjAwMC9zdmciPjwvc3ZnPg==\" style=\"--smush-placeholder-width: 800px; --smush-placeholder-aspect-ratio: 800\/450;\" \/><figcaption id=\"caption-attachment-30796\" class=\"wp-caption-text\"><a href=\"https:\/\/www.brw.pl\/szafa-97-5-ronse,42069\" target=\"_blank\" rel=\"noopener noreferrer\"><span style=\"font-weight: 400;\">SZAFA RONSE<\/span><\/a> &#8211; <a href=\"https:\/\/www.brw.pl\/biurko-ronse,42059\" target=\"_blank\" rel=\"noopener noreferrer\"><span style=\"font-weight: 400;\">BIURKO RONSE<\/span><\/a><\/figcaption><\/figure>\n<\/div>\n<h2><strong>Niebieski pok\u00f3j m\u0142odzie\u017cowy \u2013 klasyczne rozwi\u0105zanie w modnym wydaniu<\/strong><\/h2>\n<p><a href=\"https:\/\/www.brw.pl\/meble\/pokoj-mlodziezowy\/\" target=\"_blank\" rel=\"noopener noreferrer\"><strong>Pok\u00f3j m\u0142odzie\u017cowy<\/strong><\/a><strong> w kolorze nieba? Czemu nie!<\/strong> Delikatna kolorystyka to klasyczny, ale i stylowy wyb\u00f3r, kt\u00f3ry nigdy nie wychodzi z mody. Wprowadzenie r\u00f3\u017cnych odcieni niebieskiego do aran\u017cacji wn\u0119trza pozwala na stworzenie przytulnej atmosfery, kt\u00f3ra sprzyja wypoczynkowi i nauce. W ostatnich sezonach coraz cz\u0119\u015bciej spotykane s\u0105 r\u00f3wnie\u017c <strong>nowoczesne pokoje m\u0142odzie\u017cowe<\/strong> <strong>sk\u0105pane w b\u0142\u0119kicie<\/strong> &#8211; takie realizacje po mistrzowsku \u0142\u0105cz\u0105 funkcjonalno\u015b\u0107 z atrakcyjnym designem.<\/p>\n<h3>Niebieski pok\u00f3j nastolatka \u2013 jaki odcie\u0144 wybra\u0107?<\/h3>\n<p>Projekt pokoju m\u0142odzie\u017cowego powinien uwzgl\u0119dnia\u0107 r\u00f3\u017cne odcienie wybranego koloru. Na kt\u00f3ry z nich warto si\u0119 zdecydowa\u0107? Wszystko zale\u017cy od po\u017c\u0105danego efektu oraz stylistyki aran\u017cacji. Jasne b\u0142\u0119kity wprowadz\u0105 do wn\u0119trza delikatno\u015b\u0107 i \u015bwie\u017co\u015b\u0107, z kolei granat doda mu elegancji i g\u0142\u0119bi. Ch\u0142odny niebieski wpadaj\u0105cy w szaro\u015b\u0107 optycznie powi\u0119kszy ma\u0142y pok\u00f3j dziecka &#8211; to dobra alternatywa dla wszechobecnej bieli, waniliowych \u017c\u00f3\u0142ci czy be\u017cu.<\/p>\n<p>Je\u015bli nastolatek nie ma nic przeciwko, \u015bmia\u0142o mo\u017cesz pozwoli\u0107 sobie na po\u0142\u0105czenie kilku odcieni niebieskiego w ramach jednej aran\u017cacji. To dobry spos\u00f3b na osi\u0105gni\u0119cie ciekawego, a przy tym sp\u00f3jnego efektu wizualnego.<\/p>\n<div style=\"display: flex; align-items: center; justify-content: center; text-align: center;\">\n<figure id=\"attachment_5934\" aria-describedby=\"caption-attachment-5934\" style=\"width: 800px\" class=\"wp-caption aligncenter\"><a href=\"https:\/\/www.brw.pl\/kolekcja-porto-261,261\" target=\"_blank\" rel=\"noopener noreferrer\"><img decoding=\"async\" class=\"wp-image-5934 size-medium lazyload\" data-src=\"https:\/\/www.brw.pl\/blog\/wp-content\/uploads\/2019\/07\/Porto_sypialnia_1lFaYeqWeaWZRmdiQiHtf-800x508.jpg\" alt=\"Niebieski pok\u00f3j m\u0142odzie\u017cowy - kolekcja Porto\" width=\"800\" height=\"508\" data-srcset=\"https:\/\/www.brw.pl\/blog\/wp-content\/uploads\/2019\/07\/Porto_sypialnia_1lFaYeqWeaWZRmdiQiHtf-800x508.jpg 800w, https:\/\/www.brw.pl\/blog\/wp-content\/uploads\/2019\/07\/Porto_sypialnia_1lFaYeqWeaWZRmdiQiHtf-768x488.jpg 768w, https:\/\/www.brw.pl\/blog\/wp-content\/uploads\/2019\/07\/Porto_sypialnia_1lFaYeqWeaWZRmdiQiHtf.jpg 1701w\" data-sizes=\"(max-width: 800px) 100vw, 800px\" src=\"data:image\/svg+xml;base64,PHN2ZyB3aWR0aD0iMSIgaGVpZ2h0PSIxIiB4bWxucz0iaHR0cDovL3d3dy53My5vcmcvMjAwMC9zdmciPjwvc3ZnPg==\" style=\"--smush-placeholder-width: 800px; --smush-placeholder-aspect-ratio: 800\/508;\" \/><\/a><figcaption id=\"caption-attachment-5934\" class=\"wp-caption-text\"><a href=\"https:\/\/www.brw.pl\/kolekcja-porto-261,261\" target=\"_blank\" rel=\"noopener noreferrer\"><span style=\"font-weight: 400;\">KOLEKCJA PORTO<\/span><\/a><b> w pokoju w stylu marynistycznym<\/b><\/figcaption><\/figure>\n<\/div>\n<p>W niebieskim pokoju m\u0142odzie\u017cowym znakomicie sprawdz\u0105 si\u0119 r\u00f3wnie\u017c motywy marynistyczne. Bia\u0142e i granatowe paski, kotwice czy \u017cagielki to elementy, kt\u00f3re wnios\u0105 do wn\u0119trza wakacyjny nastr\u00f3j i uczyni\u0105 pok\u00f3j m\u0142odzie\u017cowy jeszcze bardziej atrakcyjnym. Tego rodzaju dekoracje mo\u017cna zastosowa\u0107 na \u015bcianach, ale nie tylko. \u015awietnie prezentuj\u0105 si\u0119 np. na dodatkach, takich jak <a href=\"https:\/\/www.brw.pl\/tekstylia\/posciel\/\" target=\"_blank\" rel=\"noopener noreferrer\">po\u015bciel<\/a>, <a href=\"https:\/\/www.brw.pl\/tekstylia\/wystroj-okien\/zaslony\/\" target=\"_blank\" rel=\"noopener noreferrer\">zas\u0142ony<\/a>, <a href=\"https:\/\/www.brw.pl\/tekstylia\/dywany-i-chodniki\/dywany\/\" target=\"_blank\" rel=\"noopener noreferrer\">dywany<\/a>.<\/p>\n<h2><strong>Jak urz\u0105dzi\u0107 niebieski pok\u00f3j m\u0142odzie\u017cowy?<\/strong><\/h2>\n<p><strong>Urz\u0105dzanie pokoju<\/strong> <strong>m\u0142odzie\u017cowego w kolorze niebieskim<\/strong> to przyjemne zadanie, kt\u00f3re pozwoli na stworzenie spersonalizowanego, funkcjonalnego wn\u0119trza. Aby osi\u0105gn\u0105\u0107 zamierzony efekt, warto zwr\u00f3ci\u0107 uwag\u0119 na kilka kluczowych aspekt\u00f3w, takich jak wyb\u00f3r odpowiedniej farby lub tapety, mebli, dodatk\u00f3w, o\u015bwietlenia. W tej cz\u0119\u015bci artyku\u0142u podpowiemy Ci, jak mo\u017ce wygl\u0105da\u0107 niebieski pok\u00f3j dla dziewczynki, dla ch\u0142opca oraz dla rodze\u0144stwa r\u00f3\u017cnej p\u0142ci. Z\u0142ap gar\u015b\u0107 inspiracji!<\/p>\n<h3>Niebieski pok\u00f3j dla dziewczynki<\/h3>\n<p>Aran\u017cuj\u0105c niebieski pok\u00f3j dziecka (dziewczynki), postaw na delikatne odcienie, lekkie meble i <a href=\"https:\/\/www.brw.pl\/dekoracje\/\" target=\"_blank\" rel=\"noopener noreferrer\">dekoracje <\/a>o subtelnej urodzie. Pastelowy niebieski \u015bwietnie komponuje si\u0119 z biel\u0105, r\u00f3\u017cem czy mi\u0119t\u0105 \u2013 taki zestaw kolorystyczny wyczaruje we wn\u0119trzu spokojn\u0105, dziewcz\u0119c\u0105 atmosfer\u0119. Baz\u0105 aran\u017cacji s\u0105 niebieskie \u015bciany? Dobierz do nich meble m\u0142odzie\u017cowe w kolorze bielonego drewna, matowe lub w po\u0142ysku. \u015awietnym uzupe\u0142nieniem wystroju b\u0119d\u0105 tapicerki w kolorze pudrowego r\u00f3\u017cu \u2013 <a href=\"https:\/\/www.brw.pl\/meble\/lozka\/lozka-tapicerowane\/\" target=\"_blank\" rel=\"noopener noreferrer\">\u0142\u00f3\u017cko tapicerowane<\/a> z roz\u0142o\u017cystym wezg\u0142owiem lub <a href=\"https:\/\/www.brw.pl\/meble\/meble-wypoczynkowe\/sofy\/funkcja-spania-tak\/\" target=\"_blank\" rel=\"noopener noreferrer\">sofa z funkcj\u0105 spania<\/a> stanowi\u0105 idealny wyb\u00f3r.<\/p>\n<div style=\"display: flex; align-items: center; justify-content: center; text-align: center;\">\n<figure id=\"attachment_32876\" aria-describedby=\"caption-attachment-32876\" style=\"width: 500px\" class=\"wp-caption aligncenter\"><a href=\"https:\/\/www.brw.pl\/sofa-lango,57744\" target=\"_blank\" rel=\"noopener noreferrer\"><img decoding=\"async\" class=\"wp-image-32876 lazyload\" data-src=\"https:\/\/www.brw.pl\/blog\/wp-content\/uploads\/2023\/05\/sofa-lango-tkanina-loca-35-violet-mediuma.jpg\" alt=\"Sofa Lango r\u00f3\u017cowa\" width=\"500\" height=\"375\" src=\"data:image\/svg+xml;base64,PHN2ZyB3aWR0aD0iMSIgaGVpZ2h0PSIxIiB4bWxucz0iaHR0cDovL3d3dy53My5vcmcvMjAwMC9zdmciPjwvc3ZnPg==\" style=\"--smush-placeholder-width: 500px; --smush-placeholder-aspect-ratio: 500\/375;\" \/><\/a><figcaption id=\"caption-attachment-32876\" class=\"wp-caption-text\"><a href=\"https:\/\/www.brw.pl\/sofa-lango,57744\" target=\"_blank\" rel=\"noopener noreferrer\"><span style=\"font-weight: 400;\">SOFA LANGO<\/span><\/a><\/figcaption><\/figure>\n<\/div>\n<p>Co z dodatkami? Si\u0119gnij po elementy dekoracyjne, takie jak <a href=\"https:\/\/www.brw.pl\/dekoracje\/ramki-do-zdjec\/\" target=\"_blank\" rel=\"noopener noreferrer\">ramki do zdj\u0119\u0107<\/a>, ozdobne poduszki, <a href=\"https:\/\/www.brw.pl\/dekoracje\/dekoracje-scienne\/plakaty\/\" target=\"_blank\" rel=\"noopener noreferrer\">plakaty<\/a> do wieszania na \u015bcianach, girlandy \u015bwietlne, <a href=\"https:\/\/www.brw.pl\/dekoracje\/lustra\/\" target=\"_blank\" rel=\"noopener noreferrer\">lustra<\/a>. Je\u015bli nastolatka lubi morskie klimaty w eleganckim stylu hampton, poku\u015b si\u0119 o zakup detali nawi\u0105zuj\u0105cych do nadmorskiego krajobrazu. Dywan w kolorze piasku, po\u015bciel z motywem muszelek czy bukiety suszonych traw pi\u0119knie prezentuj\u0105 si\u0119 w otoczeniu b\u0142\u0119kit\u00f3w.<\/p>\n<div style=\"display: flex; align-items: center; justify-content: center; text-align: center;\">\n<figure id=\"attachment_35500\" aria-describedby=\"caption-attachment-35500\" style=\"width: 500px\" class=\"wp-caption aligncenter\"><a href=\"https:\/\/www.brw.pl\/obrazy-abstrakcyjne-morskie-krajobrazy,87704\" target=\"_blank\" rel=\"noopener noreferrer\"><img decoding=\"async\" class=\"wp-image-35500 size-full lazyload\" data-src=\"https:\/\/www.brw.pl\/blog\/wp-content\/uploads\/2024\/01\/obrazy-abstrakcyjne-morskie-krajobrazy-medium.jpg\" alt=\"obrazy abstrakcyjne morskie krajobrazy\" width=\"500\" height=\"500\" data-srcset=\"https:\/\/www.brw.pl\/blog\/wp-content\/uploads\/2024\/01\/obrazy-abstrakcyjne-morskie-krajobrazy-medium.jpg 500w, https:\/\/www.brw.pl\/blog\/wp-content\/uploads\/2024\/01\/obrazy-abstrakcyjne-morskie-krajobrazy-medium-150x150.jpg 150w, https:\/\/www.brw.pl\/blog\/wp-content\/uploads\/2024\/01\/obrazy-abstrakcyjne-morskie-krajobrazy-medium-165x165.jpg 165w, https:\/\/www.brw.pl\/blog\/wp-content\/uploads\/2024\/01\/obrazy-abstrakcyjne-morskie-krajobrazy-medium-120x120.jpg 120w\" data-sizes=\"(max-width: 500px) 100vw, 500px\" src=\"data:image\/svg+xml;base64,PHN2ZyB3aWR0aD0iMSIgaGVpZ2h0PSIxIiB4bWxucz0iaHR0cDovL3d3dy53My5vcmcvMjAwMC9zdmciPjwvc3ZnPg==\" style=\"--smush-placeholder-width: 500px; --smush-placeholder-aspect-ratio: 500\/500;\" \/><\/a><figcaption id=\"caption-attachment-35500\" class=\"wp-caption-text\"><a href=\"https:\/\/www.brw.pl\/obrazy-abstrakcyjne-morskie-krajobrazy,87704\" target=\"_blank\" rel=\"noopener noreferrer\"><span style=\"font-weight: 400;\">OBRAZY MORSKIE KRAJOBRAZY<\/span><\/a><\/figcaption><\/figure>\n<\/div>\n<h3>Niebieski pok\u00f3j dla ch\u0142opca<\/h3>\n<p>W przypadku pokoju dla ch\u0142opca warto si\u0119gn\u0105\u0107 po mocniejsze odcienie niebieskiego, kt\u00f3re dodadz\u0105 aran\u017cacji energii i odrobin\u0119 j\u0105 zdynamizuj\u0105. Morski b\u0142\u0119kit lub intensywny granat, w po\u0142\u0105czeniu z szaro\u015bciami czy zieleni\u0105 bardzo dobrze odnajd\u0105 si\u0119 w ch\u0142opi\u0119cej przestrzeni. <strong>Decyduj\u0105c si\u0119 na akcent ciemnego koloru, pami\u0119taj, by nie przesadzi\u0107 z jego ilo\u015bci\u0105 \u2013 w ma\u0142ym pokoju m\u0142odzie\u017cowym lepiej ograniczy\u0107 si\u0119 do jednej, ewentualnie dw\u00f3ch \u015bcian.<\/strong> Przy wyborze farby koniecznie zwr\u00f3\u0107 uwag\u0119 na jej jako\u015b\u0107 oraz trwa\u0142o\u015b\u0107, aby unikn\u0105\u0107 konieczno\u015bci cz\u0119stego od\u015bwie\u017cania koloru.<\/p>\n<p>W niebieskim pokoju m\u0142odzie\u017cowym projektowanym dla ch\u0142opca wykorzystaj meble w naturalnych odcieniach drewna, takich jak jesion czy sosna. Neutralne wybarwienie korpus\u00f3w i front\u00f3w pozwoli na eksperymentowanie z dodatkami. Do ciemnoniebieskich \u015bcian pasuj\u0105 mi\u0119dzy innymi motywy kosmiczne oraz elementy nawi\u0105zuj\u0105ce do aktywno\u015bci sportowej.<\/p>\n<div style=\"display: flex; align-items: center; justify-content: center; text-align: center;\">\n<figure id=\"attachment_34970\" aria-describedby=\"caption-attachment-34970\" style=\"width: 590px\" class=\"wp-caption aligncenter\"><a href=\"https:\/\/www.brw.pl\/szafa-zele,20226\" target=\"_blank\" rel=\"noopener noreferrer\"><img decoding=\"async\" class=\"wp-image-34970 lazyload\" data-src=\"https:\/\/www.brw.pl\/blog\/wp-content\/uploads\/2023\/11\/szafa-zele-kolor-wybarwienia-dab-wotan-bialy-polysk-mediumb.jpg\" alt=\"Szafa Zele\" width=\"590\" height=\"443\" src=\"data:image\/svg+xml;base64,PHN2ZyB3aWR0aD0iMSIgaGVpZ2h0PSIxIiB4bWxucz0iaHR0cDovL3d3dy53My5vcmcvMjAwMC9zdmciPjwvc3ZnPg==\" style=\"--smush-placeholder-width: 590px; --smush-placeholder-aspect-ratio: 590\/443;\" \/><\/a><figcaption id=\"caption-attachment-34970\" class=\"wp-caption-text\"><a href=\"https:\/\/www.brw.pl\/szafa-zele,20226\" target=\"_blank\" rel=\"noopener noreferrer\"><span style=\"font-weight: 400;\">SZAFA ZELE<\/span><\/a><\/figcaption><\/figure>\n<\/div>\n<div style=\"display: flex; align-items: center; justify-content: center; text-align: center;\">\n<figure id=\"attachment_26002\" aria-describedby=\"caption-attachment-26002\" style=\"width: 500px\" class=\"wp-caption aligncenter\"><a href=\"https:\/\/www.brw.pl\/komoda-zele,20235\" target=\"_blank\" rel=\"noopener noreferrer\"><img decoding=\"async\" class=\"wp-image-26002 lazyload\" data-src=\"https:\/\/www.brw.pl\/blog\/wp-content\/uploads\/2022\/08\/komoda-zele.jpg\" alt=\"Komoda Zele\" width=\"500\" height=\"375\" src=\"data:image\/svg+xml;base64,PHN2ZyB3aWR0aD0iMSIgaGVpZ2h0PSIxIiB4bWxucz0iaHR0cDovL3d3dy53My5vcmcvMjAwMC9zdmciPjwvc3ZnPg==\" style=\"--smush-placeholder-width: 500px; --smush-placeholder-aspect-ratio: 500\/375;\" \/><\/a><figcaption id=\"caption-attachment-26002\" class=\"wp-caption-text\"><a href=\"https:\/\/www.brw.pl\/komoda-zele,20235\" target=\"_blank\" rel=\"noopener noreferrer\"><span style=\"font-weight: 400;\">KOMODA ZELE<\/span><\/a><\/figcaption><\/figure>\n<\/div>\n<h3>Niebieski pok\u00f3j dla rodze\u0144stwa<\/h3>\n<p>Zdarza si\u0119, \u017ce pok\u00f3j m\u0142odzie\u017cowy dzieli ze sob\u0105 rodze\u0144stwo r\u00f3\u017cnej p\u0142ci. Aran\u017cacja bazuj\u0105ca na b\u0142\u0119kitach mo\u017ce okaza\u0107 si\u0119 dobrym wyj\u015bciem z sytuacji. Kolor ten jest na tyle neutralny, \u017ce \u017cadna ze stron nie powinna czu\u0107 si\u0119 pokrzywdzona &#8222;zbyt dziewcz\u0119cym&#8221; lub &#8222;zbyt ch\u0142opi\u0119cym&#8221; wn\u0119trzem. Planuj\u0105c niebieski pok\u00f3j dla rodze\u0144stwa, pami\u0119taj, \u017ce kluczem do sukcesu jest stworzenie przestrzeni funkcjonalnej i komfortowej dla obojga dzieci.<\/p>\n<p>Warto postawi\u0107 na symetryczn\u0105 aran\u017cacj\u0119 z dwoma identycznymi lub podobnymi \u0142\u00f3\u017ckami, ale osobnymi strefami do nauki. <strong>U\u017cywanie r\u00f3\u017cnych odcieni niebieskiego mo\u017ce pom\u00f3c w odr\u00f3\u017cnieniu poszczeg\u00f3lnych cz\u0119\u015bci pokoju przy zachowaniu harmonii kolorystycznej<\/strong>. Wsp\u00f3lne elementy, jak <a href=\"https:\/\/www.brw.pl\/meble\/przechowywanie\/regaly\/\" target=\"_blank\" rel=\"noopener noreferrer\">rega\u0142y<\/a> czy <a href=\"https:\/\/www.brw.pl\/meble\/przechowywanie\/szafki\/\" target=\"_blank\" rel=\"noopener noreferrer\">szafki<\/a>, powinny by\u0107 w\u00f3wczas neutralne kolorystycznie, tak aby pasowa\u0142y do obu stref. Warto zainwestowa\u0107 w funkcjonalne rozwi\u0105zania \u2013 <a href=\"https:\/\/www.brw.pl\/meble\/lozka\/lozka-pietrowe\/\" target=\"_blank\" rel=\"noopener noreferrer\">\u0142\u00f3\u017cka pi\u0119trowe<\/a>, rozk\u0142adane sofy \u2013 aby zaoszcz\u0119dzi\u0107 miejsce w dzielonym pokoju.<\/p>\n<p>Wa\u017cnym elementem aran\u017cacji pokoju dziecka s\u0105 r\u00f3wnie\u017c dodatki. Nastoletniemu rodze\u0144stwu mog\u0105 spodoba\u0107 si\u0119 dekoracje w kontrastuj\u0105cych kolorach, np. \u017c\u00f3\u0142tym, pomara\u0144czowym, czerwonym. Kolorowe poduszki, plakaty czy dywan wprowadz\u0105 do wn\u0119trza dodatkowe kolory i wzory. Ciekawy efekt wizualny gwarantowany!<\/p>\n<h2><strong>Niebieski pok\u00f3j m\u0142odzie\u017cowy \u2013 aran\u017cacje<\/strong><\/h2>\n<p>W tej cz\u0119\u015bci artyku\u0142u przedstawiamy <strong>projekty pokoi m\u0142odzie\u017cowych, w kt\u00f3rych wykorzystano kolor niebieski<\/strong>. Zobacz nasze inspiracje i przekonaj si\u0119, jakie produkty z oferty Black Red White pasuj\u0105 do m\u0142odzie\u017cowych aran\u017cacji.<\/p>\n<div style=\"display: flex; align-items: center; justify-content: center; text-align: center;\">\n<figure id=\"attachment_29175\" aria-describedby=\"caption-attachment-29175\" style=\"width: 800px\" class=\"wp-caption aligncenter\"><img decoding=\"async\" class=\"wp-image-29175 size-medium lazyload\" data-src=\"https:\/\/www.brw.pl\/blog\/wp-content\/uploads\/2022\/12\/Namek-pok\u00f3j-ze-skosem-800x450.jpg\" alt=\"Namek pok\u00f3j ze skosem\" width=\"800\" height=\"450\" data-srcset=\"https:\/\/www.brw.pl\/blog\/wp-content\/uploads\/2022\/12\/Namek-pok\u00f3j-ze-skosem-800x450.jpg 800w, https:\/\/www.brw.pl\/blog\/wp-content\/uploads\/2022\/12\/Namek-pok\u00f3j-ze-skosem-768x432.jpg 768w, https:\/\/www.brw.pl\/blog\/wp-content\/uploads\/2022\/12\/Namek-pok\u00f3j-ze-skosem-1536x864.jpg 1536w, https:\/\/www.brw.pl\/blog\/wp-content\/uploads\/2022\/12\/Namek-pok\u00f3j-ze-skosem.jpg 1919w\" data-sizes=\"(max-width: 800px) 100vw, 800px\" src=\"data:image\/svg+xml;base64,PHN2ZyB3aWR0aD0iMSIgaGVpZ2h0PSIxIiB4bWxucz0iaHR0cDovL3d3dy53My5vcmcvMjAwMC9zdmciPjwvc3ZnPg==\" style=\"--smush-placeholder-width: 800px; --smush-placeholder-aspect-ratio: 800\/450;\" \/><figcaption id=\"caption-attachment-29175\" class=\"wp-caption-text\"><a href=\"https:\/\/www.brw.pl\/regal-namek,24031\" target=\"_blank\" rel=\"noopener noreferrer\"><span style=\"font-weight: 400;\">REGA\u0141 NAMEK<\/span><\/a> &#8211; <a href=\"https:\/\/www.brw.pl\/lozko-90-namek,24025\" target=\"_blank\" rel=\"noopener noreferrer\"><span style=\"font-weight: 400;\">\u0141\u00d3\u017bKO 90 NAMEK<\/span><\/a><\/figcaption><\/figure>\n<\/div>\n<p>Wyrazista, dynamiczna i bardzo stylowa \u2013 oto aran\u017cacja stworzona w przestrzeni u\u017cytkowego poddasza. M\u0142odzie\u017cowy pok\u00f3j pod skosami urz\u0105dzili\u015bmy, wykorzystuj\u0105c si\u0142\u0119 kontrastowych barw. Dzi\u0119ki temu wn\u0119trze zyska\u0142o \u015bwie\u017cy, nowoczesny charakter. Na \u015bcianach, opr\u00f3cz ciemnego niebieskiego, zago\u015bci\u0142a biel w dw\u00f3ch wariantach \u2013 bielonej ceg\u0142y oraz farby. Nieoczywiste po\u0142\u0105czenie kolor\u00f3w i faktur wymaga\u0142o neutralnego dope\u0142nienia. Postawili\u015bmy na <strong>meble z <\/strong><a href=\"https:\/\/www.brw.pl\/kolekcja-namek,498\" target=\"_blank\" rel=\"noopener noreferrer\"><strong>kolekcji Namek<\/strong><\/a>, wyr\u00f3\u017cniaj\u0105ce si\u0119 prost\u0105 lini\u0105 i efektownym detalem. Ch\u0142opi\u0119cy wystr\u00f3j domkn\u0119\u0142y dodatki: czarna lampa paj\u0105k, wzorzyste dywany i odrobina naturalnej zieleni.<\/p>\n<div style=\"display: flex; align-items: center; justify-content: center; text-align: center;\">\n<figure id=\"attachment_30913\" aria-describedby=\"caption-attachment-30913\" style=\"width: 800px\" class=\"wp-caption aligncenter\"><img decoding=\"async\" class=\"wp-image-30913 size-medium lazyload\" data-src=\"https:\/\/www.brw.pl\/blog\/wp-content\/uploads\/2023\/04\/S440-HOLTEN_pokoj-mlodziezowy_bi_dwo_bip_ar_2-800x490.jpg\" alt=\"Pok\u00f3j m\u0142odzie\u017cowy z niebiesk\u0105 \u015bcian\u0105 - kolekcja Holten\" width=\"800\" height=\"490\" data-srcset=\"https:\/\/www.brw.pl\/blog\/wp-content\/uploads\/2023\/04\/S440-HOLTEN_pokoj-mlodziezowy_bi_dwo_bip_ar_2-800x490.jpg 800w, https:\/\/www.brw.pl\/blog\/wp-content\/uploads\/2023\/04\/S440-HOLTEN_pokoj-mlodziezowy_bi_dwo_bip_ar_2-768x470.jpg 768w, https:\/\/www.brw.pl\/blog\/wp-content\/uploads\/2023\/04\/S440-HOLTEN_pokoj-mlodziezowy_bi_dwo_bip_ar_2-1536x940.jpg 1536w, https:\/\/www.brw.pl\/blog\/wp-content\/uploads\/2023\/04\/S440-HOLTEN_pokoj-mlodziezowy_bi_dwo_bip_ar_2.jpg 1764w\" data-sizes=\"(max-width: 800px) 100vw, 800px\" src=\"data:image\/svg+xml;base64,PHN2ZyB3aWR0aD0iMSIgaGVpZ2h0PSIxIiB4bWxucz0iaHR0cDovL3d3dy53My5vcmcvMjAwMC9zdmciPjwvc3ZnPg==\" style=\"--smush-placeholder-width: 800px; --smush-placeholder-aspect-ratio: 800\/490;\" \/><figcaption id=\"caption-attachment-30913\" class=\"wp-caption-text\"><a href=\"https:\/\/www.brw.pl\/szafa-holten,36719\" target=\"_blank\" rel=\"noopener noreferrer\"><span style=\"font-weight: 400;\">SZAFA HOLTEN<\/span><\/a> &#8211; <a href=\"https:\/\/www.brw.pl\/regal-holten,37874\" target=\"_blank\" rel=\"noopener noreferrer\"><span style=\"font-weight: 400;\">REGA\u0141 HOLTEN<\/span><\/a><\/figcaption><\/figure>\n<\/div>\n<p>Kolejny pok\u00f3j to propozycja dla nastoletniej dziewczynki lubi\u0105cej delikatne pastele. Tym razem w roli bazowego koloru wyst\u0105pi\u0142 b\u0142\u0119kit wpadaj\u0105cy w go\u0142\u0119bi\u0105 szaro\u015b\u0107. Barwa jest na tyle subtelna, \u017ce z powodzeniem uda\u0142o si\u0119 zastosowa\u0107 j\u0105 na wszystkich \u015bcianach bez szkody dla aran\u017cacji. Pok\u00f3j umeblowali\u015bmy modu\u0142ami z <a href=\"https:\/\/www.brw.pl\/kolekcja-holten,466\" target=\"_blank\" rel=\"noopener noreferrer\"><strong>kolekcji Holten<\/strong><\/a>. Zestawienie bia\u0142ych po\u0142yskuj\u0105cych front\u00f3w oraz blat\u00f3w w d\u0119bowym wybarwieniu dodaje wn\u0119trzu lekko\u015bci. Mi\u0142ym dla oka akcentem pozostaj\u0105 dodatki i tapicerka w kolorze pudrowego r\u00f3\u017cu.<\/p>\n<p style=\"text-align: center;\">Przeczytaj r\u00f3wnie\u017c: <a href=\"https:\/\/www.brw.pl\/blog\/niebieski-salon-najmodniejsze-aranzacje\/\" target=\"_blank\" rel=\"noopener noreferrer\">&#8222;Niebieski salon \u2013 najmodniejsze aran\u017cacje&#8221;<\/a>.<\/p>\n<p><strong>Wi\u0119cej inspiruj\u0105cych rozwi\u0105za\u0144 do pokoju m\u0142odzie\u017cowego znajdziesz w <\/strong><a href=\"https:\/\/www.brw.pl\/\" target=\"_blank\" rel=\"noopener noreferrer\"><strong>sklepie internetowym Black Red White<\/strong><\/a><strong>. Zapraszamy!<\/strong><\/p>\n","protected":false},"excerpt":{"rendered":"<p>Niebieski kolor kojarzy si\u0119 ze spokojem, harmoni\u0105, relaksem, dlatego \u015bwietnie sprawdza si\u0119 w pomieszczeniach przeznaczonych do wypoczynku i nauki. Sprawd\u017a nasze pomys\u0142y na aran\u017cacj\u0119 niebieskiego pokoju m\u0142odzie\u017cowego. Z pewno\u015bci\u0105 przypadn\u0105 do gustu zar\u00f3wno m\u0142odszym, jak i starszym nastolatkom. Zaczynamy!<\/p>\n","protected":false},"author":21,"featured_media":30796,"comment_status":"closed","ping_status":"open","sticky":false,"template":"","format":"standard","meta":{"footnotes":""},"categories":[39,9],"tags":[],"aioseo_notices":[],"_links":{"self":[{"href":"https:\/\/www.brw.pl\/blog\/wp-json\/wp\/v2\/posts\/35499"}],"collection":[{"href":"https:\/\/www.brw.pl\/blog\/wp-json\/wp\/v2\/posts"}],"about":[{"href":"https:\/\/www.brw.pl\/blog\/wp-json\/wp\/v2\/types\/post"}],"author":[{"embeddable":true,"href":"https:\/\/www.brw.pl\/blog\/wp-json\/wp\/v2\/users\/21"}],"replies":[{"embeddable":true,"href":"https:\/\/www.brw.pl\/blog\/wp-json\/wp\/v2\/comments?post=35499"}],"version-history":[{"count":1,"href":"https:\/\/www.brw.pl\/blog\/wp-json\/wp\/v2\/posts\/35499\/revisions"}],"predecessor-version":[{"id":35501,"href":"https:\/\/www.brw.pl\/blog\/wp-json\/wp\/v2\/posts\/35499\/revisions\/35501"}],"wp:featuredmedia":[{"embeddable":true,"href":"https:\/\/www.brw.pl\/blog\/wp-json\/wp\/v2\/media\/30796"}],"wp:attachment":[{"href":"https:\/\/www.brw.pl\/blog\/wp-json\/wp\/v2\/media?parent=35499"}],"wp:term":[{"taxonomy":"category","embeddable":true,"href":"https:\/\/www.brw.pl\/blog\/wp-json\/wp\/v2\/categories?post=35499"},{"taxonomy":"post_tag","embeddable":true,"href":"https:\/\/www.brw.pl\/blog\/wp-json\/wp\/v2\/tags?post=35499"}],"curies":[{"name":"wp","href":"https:\/\/api.w.org\/{rel}","templated":true}]}}