{"id":35692,"date":"2024-03-14T08:45:35","date_gmt":"2024-03-14T07:45:35","guid":{"rendered":"https:\/\/www.brw.pl\/blog\/?p=35692"},"modified":"2024-04-10T13:18:57","modified_gmt":"2024-04-10T11:18:57","slug":"jak-odnowic-meble-kuchenne-poradnik-dla-zlotych-raczek","status":"publish","type":"post","link":"https:\/\/www.brw.pl\/blog\/jak-odnowic-meble-kuchenne-poradnik-dla-zlotych-raczek\/","title":{"rendered":"Jak odnowi\u0107 meble kuchenne? Poradnik dla z\u0142otych r\u0105czek"},"content":{"rendered":"<p><strong>Nawet w najpi\u0119kniej urz\u0105dzonej kuchni meble mog\u0105 z czasem straci\u0107 sw\u00f3j urok. Od ostatniego remontu w Twoim domu min\u0119\u0142o sporo czasu? Kuchenna aran\u017cacja zdecydowanie wymaga od\u015bwie\u017cenia? Zanim zaplanujesz zakup nowego wyposa\u017cenia, spr\u00f3buj samodzielnie odnowi\u0107 szafki kuchenne. To prostsze ni\u017c my\u015blisz! Skorzystaj z naszych porad i si\u0119gnij po metody, dzi\u0119ki kt\u00f3rym Twoja kuchnia odzyska dawny blask.\u00a0<\/strong><!--more--><\/p>\n<div style=\"display: flex; align-items: center; justify-content: center; text-align: center;\">\n<figure id=\"attachment_35693\" aria-describedby=\"caption-attachment-35693\" style=\"width: 800px\" class=\"wp-caption aligncenter\"><a href=\"https:\/\/www.brw.pl\/inspiracje\/produkty\/?a=10306,kuchnia-junona-line\" target=\"_blank\" rel=\"noopener noreferrer\"><img decoding=\"async\" class=\"wp-image-35693 size-medium lazyload\" data-src=\"https:\/\/www.brw.pl\/blog\/wp-content\/uploads\/2024\/03\/Junona_aranz_pdgl-800x523.jpg\" alt=\"Jak odnowi\u0107 meble kuchenne?\" width=\"800\" height=\"523\" data-srcset=\"https:\/\/www.brw.pl\/blog\/wp-content\/uploads\/2024\/03\/Junona_aranz_pdgl-800x523.jpg 800w, https:\/\/www.brw.pl\/blog\/wp-content\/uploads\/2024\/03\/Junona_aranz_pdgl-768x502.jpg 768w, https:\/\/www.brw.pl\/blog\/wp-content\/uploads\/2024\/03\/Junona_aranz_pdgl.jpg 1500w\" data-sizes=\"(max-width: 800px) 100vw, 800px\" src=\"data:image\/svg+xml;base64,PHN2ZyB3aWR0aD0iMSIgaGVpZ2h0PSIxIiB4bWxucz0iaHR0cDovL3d3dy53My5vcmcvMjAwMC9zdmciPjwvc3ZnPg==\" style=\"--smush-placeholder-width: 800px; --smush-placeholder-aspect-ratio: 800\/523;\" \/><\/a><figcaption id=\"caption-attachment-35693\" class=\"wp-caption-text\"><a href=\"https:\/\/www.brw.pl\/inspiracje\/produkty\/?a=10306,kuchnia-junona-line\" target=\"_blank\" rel=\"noopener noreferrer\"><span style=\"font-weight: 400;\">KUCHNIA JUNONA LINE<\/span><\/a><\/figcaption><\/figure>\n<\/div>\n<h2><strong>\u00a0Jak od\u015bwie\u017cy\u0107 stare meble kuchenne?<\/strong><\/h2>\n<p>Ci\u0105g\u0142y kontakt z wilgoci\u0105, ekspozycja na wysokie temperatury i intensywna eksploatacja sprawiaj\u0105, \u017ce <a href=\"https:\/\/www.brw.pl\/meble\/meble-kuchenne\/\" target=\"_blank\" rel=\"noopener\">meble kuchenne<\/a> s\u0105 wyj\u0105tkowo podatne na zniszczenia. Zarysowania na frontach, odchodz\u0105ca okleina, \u0142uszcz\u0105ca si\u0119 farba czy zniszczone uchwyty to najcz\u0119stsze usterki, jakie maj\u0105 miejsce w obr\u0119bie zabudowy. Dobra wiadomo\u015b\u0107 jest taka, \u017ce nawet najbardziej wys\u0142u\u017cone meble nie musz\u0105 by\u0107 od razu spisane na straty. Twoja kuchnia lata \u015bwietno\u015bci ma ju\u017c za sob\u0105? Spr\u00f3buj samodzielnie podda\u0107 j\u0105 metamorfozie.<\/p>\n<p>Renowacja mebli wraca do \u0142ask. Nic dziwnego &#8211; odnawianie to niedrogi i skuteczny spos\u00f3b na przed\u0142u\u017cenie u\u017cyteczno\u015bci oraz przywr\u00f3cenie blasku starym meblom. A wszystko to z po\u017cytkiem nie tylko dla portfela, ale i dla planety.\u00a0 Je\u015bli lubisz majsterkowa\u0107, a do tego jeste\u015b zdania, \u017ce lepiej naprawi\u0107 ni\u017c wyrzuca\u0107, ten pozytywny trend z pewno\u015bci\u0105 trafi w Twoje gusta. W kolejnych akapitach <strong>przeprowadzimy Ci\u0119 przez proces odnawiania mebli kuchennych krok po kroku<\/strong>. Czytaj dalej!<\/p>\n<h3>Renowacja mebli kuchennych \u2013 od czego zacz\u0105\u0107?<\/h3>\n<p>Odnowienie starych mebli kuchennych nie musi by\u0107 ani trudne, ani czasoch\u0142onne. Kluczem do sukcesu jest dobranie w\u0142a\u015bciwej metody i \u015brodk\u00f3w do renowacji. Wa\u017cne, aby odpowiada\u0142y one nie tylko kondycji mebli, ale te\u017c Twoim oczekiwaniom co do efektu ko\u0144cowego. Od czego zacz\u0105\u0107 prac\u0119? Najlepiej od dok\u0142adnego czyszczenia szafek. U\u017cyj preparat\u00f3w przeznaczonych do typu powierzchni Twoich mebli &#8211; w ten spos\u00f3b usuniesz osadzony na nich t\u0142uszcz oraz kurz. Warstwy zanieczyszcze\u0144 bez w\u0105tpienia nie dodaj\u0105 uroku kuchennej zabudowie.<\/p>\n<p>Nast\u0119pnie <strong>sprawd\u017a stan swoich mebli i zaplanuj drobne naprawy<\/strong>. Zajmij si\u0119 lu\u017anymi zawiasami, uszkodzonymi uchwytami, rysami i p\u0119kni\u0119ciami. Wiele z tych problem\u00f3w mo\u017cna rozwi\u0105za\u0107 samodzielnie, niewielkim nak\u0142adem pracy. Je\u017celi sp\u0119kania nie s\u0105 powa\u017cne, istnieje szansa, \u017ce uda si\u0119 je zeszlifowa\u0107 papierem \u015bciernym. Niewielkie ubytki w drewnie z powodzeniem mo\u017cna uzupe\u0142ni\u0107 za pomoc\u0105 specjalistycznych wype\u0142niaczy. Odchodz\u0105c\u0105 oklein\u0119 r\u00f3wnie\u017c warto spr\u00f3bowa\u0107 naprawi\u0107 &#8211; cz\u0119sto wystarczy podklei\u0107 uszkodzony kawa\u0142ek, by mebel zn\u00f3w dobrze si\u0119 prezentowa\u0142.<\/p>\n<h3>Sposoby odnawiania starych mebli kuchennych<\/h3>\n<div style=\"display: flex; align-items: center; justify-content: center; text-align: center;\">\n<figure id=\"attachment_35694\" aria-describedby=\"caption-attachment-35694\" style=\"width: 800px\" class=\"wp-caption aligncenter\"><a href=\"https:\/\/www.brw.pl\/komplet-kuchenny-narozny-iris,37538\" target=\"_blank\" rel=\"noopener noreferrer\"><img decoding=\"async\" class=\"wp-image-35694 size-medium lazyload\" data-src=\"https:\/\/www.brw.pl\/blog\/wp-content\/uploads\/2024\/03\/komplet-kuchenny-narozny-iris-xlargea-800x546.jpg\" alt=\"Komplet kuchenny naro\u017cny Iris\" width=\"800\" height=\"546\" data-srcset=\"https:\/\/www.brw.pl\/blog\/wp-content\/uploads\/2024\/03\/komplet-kuchenny-narozny-iris-xlargea-800x546.jpg 800w, https:\/\/www.brw.pl\/blog\/wp-content\/uploads\/2024\/03\/komplet-kuchenny-narozny-iris-xlargea-768x524.jpg 768w, https:\/\/www.brw.pl\/blog\/wp-content\/uploads\/2024\/03\/komplet-kuchenny-narozny-iris-xlargea-368x250.jpg 368w, https:\/\/www.brw.pl\/blog\/wp-content\/uploads\/2024\/03\/komplet-kuchenny-narozny-iris-xlargea.jpg 1503w\" data-sizes=\"(max-width: 800px) 100vw, 800px\" src=\"data:image\/svg+xml;base64,PHN2ZyB3aWR0aD0iMSIgaGVpZ2h0PSIxIiB4bWxucz0iaHR0cDovL3d3dy53My5vcmcvMjAwMC9zdmciPjwvc3ZnPg==\" style=\"--smush-placeholder-width: 800px; --smush-placeholder-aspect-ratio: 800\/546;\" \/><\/a><figcaption id=\"caption-attachment-35694\" class=\"wp-caption-text\"><a href=\"https:\/\/www.brw.pl\/komplet-kuchenny-narozny-iris,37538\" target=\"_blank\" rel=\"noopener noreferrer\"><span style=\"font-weight: 400;\">KOMPLET KUCHENNY NARO\u017bNY IRIS<\/span><\/a><\/figcaption><\/figure>\n<\/div>\n<p>Aby od\u015bwie\u017cy\u0107 wn\u0119trze, a przy okazji dostosowa\u0107 je do aktualnych trend\u00f3w, mo\u017cesz przemalowa\u0107 stare meble. Zmiana koloru to \u015bwietny spos\u00f3b na niedrog\u0105, ale za to efektown\u0105 metamorfoz\u0119.\u00a0<strong>Planuj\u0105c malowanie <a href=\"https:\/\/www.brw.pl\/meble\/meble-kuchenne\/szafki-kuchenne\/\" target=\"_blank\" rel=\"noopener\">szafek kuchennych<\/a>, pami\u0119taj o dopasowaniu farb do rodzaju powierzchni mebli<\/strong>. Innego rodzaju farby sprawdz\u0105 si\u0119 w przypadku litego drewna, inne za\u015b zdadz\u0105 egzamin w przypadku mebli z okleiny czy wykonanych z p\u0142yty MDF.<\/p>\n<p><strong>Meble w kuchni zyskaj\u0105 nowe \u017cycie, je\u015bli zdecydujesz si\u0119 na wymian\u0119 okleiny<\/strong>. Zacznij od usuni\u0119cia starej, delikatnie podwa\u017caj\u0105c j\u0105 i zdejmuj\u0105c. Nast\u0119pnie oczy\u015b\u0107 z kurzu i wyszlifuj powierzchni\u0119 mebla. Now\u0105 ok\u0142adzin\u0119 nak\u0142adaj, zaczynaj\u0105c od jednego k\u0105ta. W ten spos\u00f3b unikniesz powstawania p\u0119cherzyk\u00f3w powietrza. Okleiny wyst\u0119puj\u0105 w wielu r\u00f3\u017cnych kolorach i wzorach, do wyboru s\u0105 r\u00f3wnie\u017c wersje matowe i z po\u0142yskiem.<\/p>\n<p>Innym pomys\u0142em na od\u015bwie\u017cenie kuchni jest <strong>zastosowanie dekoracyjnych naklejek na fronty szafek<\/strong>. Metoda pozwala podrasowa\u0107 wygl\u0105d mebli szybko, \u0142atwo i bez wydawania fortuny. Oryginalne ok\u0142adziny wyst\u0119puj\u0105 w postaci folii samoprzylepnej, dlatego s\u0105 stosunkowo proste w obs\u0142udze. Je\u015bli lubisz zdobienia i wyraziste dekory, jest to opcja dla Ciebie.<\/p>\n<p>W sytuacji, w kt\u00f3rej korpusy mebli s\u0105 w dobrym stanie, natomiast fronty zupe\u0142nie zniszczone, zabiegi od\u015bwie\u017caj\u0105ce DIY mog\u0105 nie pom\u00f3c. W\u00f3wczas najlepszym rozwi\u0105zaniem jest <strong>wymiana front\u00f3w kuchennych<\/strong>. Stare fronty musisz zdemontowa\u0107, a nast\u0119pnie dok\u0142adnie wymierzy\u0107. Znaj\u0105c ich wymiary, nie b\u0119dziesz mie\u0107 problemu z dopasowaniem nowych element\u00f3w.<\/p>\n<h2><strong>Malowanie mebli kuchennych \u2013 najszybszy spos\u00f3b na odnowienie front\u00f3w<\/strong><\/h2>\n<div style=\"display: flex; align-items: center; justify-content: center; text-align: center;\">\n<figure id=\"attachment_34589\" aria-describedby=\"caption-attachment-34589\" style=\"width: 800px\" class=\"wp-caption aligncenter\"><a href=\"https:\/\/www.brw.pl\/inspiracje\/produkty\/?a=8859,kuchnie-family-line-sole\" target=\"_blank\" rel=\"noopener noreferrer\"><img decoding=\"async\" class=\"wp-image-34589 size-medium lazyload\" data-src=\"https:\/\/www.brw.pl\/blog\/wp-content\/uploads\/2023\/09\/family-line-sole-xlargea-800x599.jpg\" alt=\"Family Line Sole\" width=\"800\" height=\"599\" data-srcset=\"https:\/\/www.brw.pl\/blog\/wp-content\/uploads\/2023\/09\/family-line-sole-xlargea-800x599.jpg 800w, https:\/\/www.brw.pl\/blog\/wp-content\/uploads\/2023\/09\/family-line-sole-xlargea-768x575.jpg 768w, https:\/\/www.brw.pl\/blog\/wp-content\/uploads\/2023\/09\/family-line-sole-xlargea.jpg 1442w\" data-sizes=\"(max-width: 800px) 100vw, 800px\" src=\"data:image\/svg+xml;base64,PHN2ZyB3aWR0aD0iMSIgaGVpZ2h0PSIxIiB4bWxucz0iaHR0cDovL3d3dy53My5vcmcvMjAwMC9zdmciPjwvc3ZnPg==\" style=\"--smush-placeholder-width: 800px; --smush-placeholder-aspect-ratio: 800\/599;\" \/><\/a><figcaption id=\"caption-attachment-34589\" class=\"wp-caption-text\"><a href=\"https:\/\/www.brw.pl\/inspiracje\/produkty\/?a=8859,kuchnie-family-line-sole\" target=\"_blank\" rel=\"noopener noreferrer\"><span style=\"font-weight: 400;\">KUCHNIA FAMILY LINE &#8211; SOLE<\/span><\/a><\/figcaption><\/figure>\n<\/div>\n<p>Zakup <a href=\"https:\/\/www.brw.pl\/meble\/meble-kuchenne\/zestawy-kuchenne\/\" target=\"_blank\" rel=\"noopener\">zestawu kuchennego<\/a> nie zawsze jest konieczno\u015bci\u0105. Malowanie front\u00f3w meblowych to w wielu przypadkach znakomite rozwi\u0105zanie! Przerabiaj\u0105c star\u0105 zabudow\u0119, mo\u017cesz od\u015bwie\u017cy\u0107 aran\u017cacj\u0119 wn\u0119trza bez wi\u0119kszych inwestycji. <strong>Oto jak przeprowadzi\u0107 malowanie mebli kuchennych krok po kroku!<\/strong><\/p>\n<ul>\n<li>Wyjmij szuflady, zdemontuj drzwiczki, odkr\u0119\u0107 <a href=\"https:\/\/www.brw.pl\/meble\/meble-kuchenne\/wyposazenie-szafek-kuchennych\/uchwyty\/\" target=\"_blank\" rel=\"noopener\">uchwyty<\/a> i ga\u0142ki, aby u\u0142atwi\u0107 sobie przeprowadzenie prac renowacyjnych.<\/li>\n<li>Przetrzyj odnawiane powierzchnie gruboziarnistym papierem \u015bciernym w celu ich zmatowienia. Nast\u0119pnie u\u017cyj drobnoziarnistego papieru \u015bciernego, aby wyg\u0142adzi\u0107 pod\u0142o\u017ce i pozby\u0107 si\u0119 nier\u00f3wno\u015bci. Dzi\u0119ki tym zabiegom farba b\u0119dzie mia\u0142a lepsz\u0105 przyczepno\u015b\u0107.<\/li>\n<li>Odkurz py\u0142, kt\u00f3ry powsta\u0142 podczas szlifowania. Umyj meble za pomoc\u0105 mi\u0119kkiej <a href=\"https:\/\/www.brw.pl\/czystosc-w-domu\/akcesoria-do-sprzatania\/scierki-i-sciereczki\/\" target=\"_blank\" rel=\"noopener\">\u015bciereczki<\/a> z mikrofibry oraz roztworu z p\u0142ynu do mycia naczy\u0144 i wody.<\/li>\n<li>\u00a0Zabezpiecz wszystkie powierzchnie, kt\u00f3rych nie planujesz odnawia\u0107. U\u017cyj do tego celu folii i ta\u015bmy malarskiej.<\/li>\n<li>Kiedy meble wyschn\u0105, mo\u017cesz przyst\u0105pi\u0107 do malowania. Przygotuj wa\u0142ek, zestaw p\u0119dzli oraz farb\u0119 w wybranym kolorze.<\/li>\n<\/ul>\n<p><strong>Dob\u00f3r odpowiedniej farby to kluczowy element ca\u0142ego procesu<\/strong>. Jej rodzaj nale\u017cy dopasowa\u0107 do materia\u0142u, z kt\u00f3rego wykonane s\u0105 meble. Do mebli kuchennych wykonanych z litego drewna najlepiej nadadz\u0105 si\u0119 <strong>lakierobejce i farby olejne<\/strong>. Z kolei do mebli z p\u0142yty wi\u00f3rowej lub MDF warto wybra\u0107 <strong>farby ftalowe lub akrylowe<\/strong> &#8211; dobrze przylegaj\u0105 do g\u0142adkich, nieporowatych powierzchni.<\/p>\n<p>Zamierzasz pomalowa\u0107 meble kuchenne z oklein\u0105? W pierwszej kolejno\u015bci zwr\u00f3\u0107 uwag\u0119 na stan okleiny &#8211; powinna by\u0107 w dobrej kondycji. W przeciwnym wypadku mebel po pomalowaniu nie b\u0119dzie prezentowa\u0142 si\u0119 zbyt atrakcyjnie. Aby przemalowa\u0107 fronty, u\u017cyj farby akrylowej zapewniaj\u0105cej precyzyjne krycie. Pami\u0119taj o zastosowaniu gruntuj\u0105cej bazy zapewniaj\u0105cej trwa\u0142o\u015b\u0107 i estetyczny efekt ko\u0144cowy.<\/p>\n<h2><strong>Wymiana ga\u0142ek, uchwyt\u00f3w i blatu \u2014 szczeg\u00f3\u0142y, kt\u00f3re odmieni\u0105 oblicze starej kuchni<\/strong><\/h2>\n<div style=\"display: flex; align-items: center; justify-content: center; text-align: center;\">\n<figure id=\"attachment_19262\" aria-describedby=\"caption-attachment-19262\" style=\"width: 800px\" class=\"wp-caption aligncenter\"><a href=\"https:\/\/www.brw.pl\/capital-49th-cortese-avenue,44430\" target=\"_blank\" rel=\"noopener noreferrer\"><img decoding=\"async\" class=\"wp-image-19262 size-medium lazyload\" data-src=\"https:\/\/www.brw.pl\/blog\/wp-content\/uploads\/2021\/07\/49TH-CORTESE-AVENUE-SZARY-METEO-2_v2_1-800x584.jpg\" alt=\"Kuchnia Capital - 49th Cortese Avenue\" width=\"800\" height=\"584\" data-srcset=\"https:\/\/www.brw.pl\/blog\/wp-content\/uploads\/2021\/07\/49TH-CORTESE-AVENUE-SZARY-METEO-2_v2_1-800x584.jpg 800w, https:\/\/www.brw.pl\/blog\/wp-content\/uploads\/2021\/07\/49TH-CORTESE-AVENUE-SZARY-METEO-2_v2_1-768x560.jpg 768w, https:\/\/www.brw.pl\/blog\/wp-content\/uploads\/2021\/07\/49TH-CORTESE-AVENUE-SZARY-METEO-2_v2_1.jpg 1480w\" data-sizes=\"(max-width: 800px) 100vw, 800px\" src=\"data:image\/svg+xml;base64,PHN2ZyB3aWR0aD0iMSIgaGVpZ2h0PSIxIiB4bWxucz0iaHR0cDovL3d3dy53My5vcmcvMjAwMC9zdmciPjwvc3ZnPg==\" style=\"--smush-placeholder-width: 800px; --smush-placeholder-aspect-ratio: 800\/584;\" \/><\/a><figcaption id=\"caption-attachment-19262\" class=\"wp-caption-text\"><a href=\"https:\/\/www.brw.pl\/capital-49th-cortese-avenue,44430\" target=\"_blank\" rel=\"noopener noreferrer\"><span style=\"font-weight: 400;\">KUCHNIA CAPITAL &#8211; 49th CORTESE AVENUE<\/span><\/a><\/figcaption><\/figure>\n<\/div>\n<p>Marzy Ci si\u0119 odnowienie starej kuchni, ale nie mo\u017cesz pozwoli\u0107 sobie na kosztowne przer\u00f3bki? I z tej sytuacji znajdzie si\u0119 wyj\u015bcie. Niekiedy wymiana drobnych element\u00f3w zabudowy mo\u017ce przynie\u015b\u0107 wielki efekt. Tak jest w przypadku <a href=\"https:\/\/www.brw.pl\/meble\/meble-kuchenne\/blaty\/\" target=\"_blank\" rel=\"noopener\">blat\u00f3w kuchennych<\/a>, ga\u0142ek i uchwyt\u00f3w, kt\u00f3re &#8211; cho\u0107 niepozorne &#8211; maj\u0105 du\u017cy wp\u0142yw na odbi\u00f3r aran\u017cacji.<\/p>\n<h3>R\u00f3\u017cne style i materia\u0142y<\/h3>\n<p>Na rynku dost\u0119pne s\u0105 uchwyty w szerokiej gamie styl\u00f3w, od klasycznego po nowoczesny. Zar\u00f3wno relingi, jak i ga\u0142ki wykonane s\u0105 z r\u00f3\u017cnych materia\u0142\u00f3w, w tym z metalu, ceramiki czy plastiku. <strong>W ofercie Black Red White znajdziesz wiele modnych uchwyt\u00f3w w ciekawych kszta\u0142tach i kolorach &#8211; z \u0142atwo\u015bci\u0105 dopasujesz je do wystroju swojej kuchni<\/strong>. Mosi\u0119\u017cne ga\u0142ki w aran\u017cacji glamour? Proste, czarne relingi w nowoczesnym wn\u0119trzu? A mo\u017ce uchwyty z dekoracyjnej kamionki w kuchni w stylu boho? Oto niekt\u00f3re z naszych propozycji.<\/p>\n<div style=\"display: flex; align-items: center; justify-content: center; text-align: center;\">\n<figure id=\"attachment_35695\" aria-describedby=\"caption-attachment-35695\" style=\"width: 300px\" class=\"wp-caption aligncenter\"><a href=\"https:\/\/www.brw.pl\/dekoracyjne-uchwyty-galki-do-mebli-arianna,124301\" target=\"_blank\" rel=\"noopener noreferrer\"><img decoding=\"async\" class=\"wp-image-35695 lazyload\" data-src=\"https:\/\/www.brw.pl\/blog\/wp-content\/uploads\/2024\/03\/dekoracyjne-uchwyty-galki-do-mebli-arianna-slarge.jpg\" alt=\"Dekoracyjne ga\u0142ki do mebli Arianna\" width=\"300\" height=\"300\" data-srcset=\"https:\/\/www.brw.pl\/blog\/wp-content\/uploads\/2024\/03\/dekoracyjne-uchwyty-galki-do-mebli-arianna-slarge.jpg 350w, https:\/\/www.brw.pl\/blog\/wp-content\/uploads\/2024\/03\/dekoracyjne-uchwyty-galki-do-mebli-arianna-slarge-150x150.jpg 150w, https:\/\/www.brw.pl\/blog\/wp-content\/uploads\/2024\/03\/dekoracyjne-uchwyty-galki-do-mebli-arianna-slarge-165x165.jpg 165w, https:\/\/www.brw.pl\/blog\/wp-content\/uploads\/2024\/03\/dekoracyjne-uchwyty-galki-do-mebli-arianna-slarge-120x120.jpg 120w\" data-sizes=\"(max-width: 300px) 100vw, 300px\" src=\"data:image\/svg+xml;base64,PHN2ZyB3aWR0aD0iMSIgaGVpZ2h0PSIxIiB4bWxucz0iaHR0cDovL3d3dy53My5vcmcvMjAwMC9zdmciPjwvc3ZnPg==\" style=\"--smush-placeholder-width: 300px; --smush-placeholder-aspect-ratio: 300\/300;\" \/><\/a><figcaption id=\"caption-attachment-35695\" class=\"wp-caption-text\"><a href=\"https:\/\/www.brw.pl\/dekoracyjne-uchwyty-galki-do-mebli-arianna,124301\" target=\"_blank\" rel=\"noopener noreferrer\"><span style=\"font-weight: 400;\">DEKORACYJNE GA\u0141KI DO MEBLI ARIANNA 2 SZT.<\/span><\/a><\/figcaption><\/figure>\n<figure id=\"attachment_35696\" aria-describedby=\"caption-attachment-35696\" style=\"width: 300px\" class=\"wp-caption aligncenter\"><a href=\"https:\/\/www.brw.pl\/dekoracyjne-uchwyty-galki-do-mebli-lena-2szt-,124299\" target=\"_blank\" rel=\"noopener noreferrer\"><img decoding=\"async\" class=\"wp-image-35696 lazyload\" data-src=\"https:\/\/www.brw.pl\/blog\/wp-content\/uploads\/2024\/03\/dekoracyjne-uchwyty-galki-do-mebli-lena-2szt-slarge.jpg\" alt=\"Dekoracyjne ga\u0142ki do mebli Lena\" width=\"300\" height=\"300\" data-srcset=\"https:\/\/www.brw.pl\/blog\/wp-content\/uploads\/2024\/03\/dekoracyjne-uchwyty-galki-do-mebli-lena-2szt-slarge.jpg 350w, https:\/\/www.brw.pl\/blog\/wp-content\/uploads\/2024\/03\/dekoracyjne-uchwyty-galki-do-mebli-lena-2szt-slarge-150x150.jpg 150w, https:\/\/www.brw.pl\/blog\/wp-content\/uploads\/2024\/03\/dekoracyjne-uchwyty-galki-do-mebli-lena-2szt-slarge-165x165.jpg 165w, https:\/\/www.brw.pl\/blog\/wp-content\/uploads\/2024\/03\/dekoracyjne-uchwyty-galki-do-mebli-lena-2szt-slarge-120x120.jpg 120w\" data-sizes=\"(max-width: 300px) 100vw, 300px\" src=\"data:image\/svg+xml;base64,PHN2ZyB3aWR0aD0iMSIgaGVpZ2h0PSIxIiB4bWxucz0iaHR0cDovL3d3dy53My5vcmcvMjAwMC9zdmciPjwvc3ZnPg==\" style=\"--smush-placeholder-width: 300px; --smush-placeholder-aspect-ratio: 300\/300;\" \/><\/a><figcaption id=\"caption-attachment-35696\" class=\"wp-caption-text\"><a href=\"https:\/\/www.brw.pl\/dekoracyjne-uchwyty-galki-do-mebli-lena-2szt-,124299\" target=\" rel=\" rel=\"noopener\"><span style=\"font-weight: 400;\">DEKORACYJNE GA\u0141KI DO MEBLI LENA 2 SZT.<\/span><\/a><\/figcaption><\/figure>\n<\/div>\n<div style=\"display: flex; align-items: center; justify-content: center; text-align: center;\">\n<figure id=\"attachment_35697\" aria-describedby=\"caption-attachment-35697\" style=\"width: 400px\" class=\"wp-caption aligncenter\"><a href=\"https:\/\/www.brw.pl\/uchwyt-m39-verdi,52192\" target=\"_blank\" rel=\"noopener noreferrer\"><img decoding=\"async\" class=\"wp-image-35697 lazyload\" data-src=\"https:\/\/www.brw.pl\/blog\/wp-content\/uploads\/2024\/03\/uchwyt-m39-verdi-slargeb.jpg\" alt=\"Uchwyt Verdi\" width=\"400\" height=\"301\" data-srcset=\"https:\/\/www.brw.pl\/blog\/wp-content\/uploads\/2024\/03\/uchwyt-m39-verdi-slargeb.jpg 798w, https:\/\/www.brw.pl\/blog\/wp-content\/uploads\/2024\/03\/uchwyt-m39-verdi-slargeb-768x577.jpg 768w\" data-sizes=\"(max-width: 400px) 100vw, 400px\" src=\"data:image\/svg+xml;base64,PHN2ZyB3aWR0aD0iMSIgaGVpZ2h0PSIxIiB4bWxucz0iaHR0cDovL3d3dy53My5vcmcvMjAwMC9zdmciPjwvc3ZnPg==\" style=\"--smush-placeholder-width: 400px; --smush-placeholder-aspect-ratio: 400\/301;\" \/><\/a><figcaption id=\"caption-attachment-35697\" class=\"wp-caption-text\"><a href=\"https:\/\/www.brw.pl\/uchwyt-m39-verdi,52192\" target=\"_blank\" rel=\"noopener noreferrer\"><span style=\"font-weight: 400;\">UCHWYT M39 VERDI<\/span><\/a><\/figcaption><\/figure>\n<\/div>\n<p>Poszukuj\u0105c idealnego blatu kuchennego, zwr\u00f3\u0107 uwag\u0119 nie tylko na surowiec, z kt\u00f3rego jest wykonany, ale r\u00f3wnie\u017c na pokrywaj\u0105cy go dekor. W kuchniach nowoczesnych \u015bwietnie sprawdz\u0105 si\u0119 blaty z kwarcu lub kompozytu, wyr\u00f3\u017cniaj\u0105ce si\u0119 g\u0142adk\u0105, szklist\u0105 powierzchni\u0105. Dla kuchni w stylu glamour czy modern classic idealne b\u0119d\u0105 blaty z naturalnego kamienia, takiego jak \u017cy\u0142kowany marmur czy granit, lub ich imitacji. Drewno i materia\u0142y drewnopodobne to doskona\u0142y wyb\u00f3r do kuchni rustykalnej, skandynawskiej, klasycznej.<\/p>\n<div style=\"display: flex; align-items: center; justify-content: center; text-align: center;\">\n<figure id=\"attachment_34171\" aria-describedby=\"caption-attachment-34171\" style=\"width: 500px\" class=\"wp-caption aligncenter\"><a href=\"https:\/\/www.brw.pl\/lupek-metaliczny-czarnozloty-blat-100-junona-line,75913\" target=\"_blank\" rel=\"noopener noreferrer\"><img decoding=\"async\" class=\"wp-image-34171 lazyload\" data-src=\"https:\/\/www.brw.pl\/blog\/wp-content\/uploads\/2023\/09\/lupek-metaliczny-czarnozloty-blat-100-junona-line-kolory-blatow-kuchnie-lupek-metaliczny-czarnozloty-mediumb.jpg\" alt=\"Blat Junona Line \u0142upek metaliczny czarnoz\u0142oty\" width=\"500\" height=\"432\" src=\"data:image\/svg+xml;base64,PHN2ZyB3aWR0aD0iMSIgaGVpZ2h0PSIxIiB4bWxucz0iaHR0cDovL3d3dy53My5vcmcvMjAwMC9zdmciPjwvc3ZnPg==\" style=\"--smush-placeholder-width: 500px; --smush-placeholder-aspect-ratio: 500\/432;\" \/><\/a><figcaption id=\"caption-attachment-34171\" class=\"wp-caption-text\"><a href=\"https:\/\/www.brw.pl\/lupek-metaliczny-czarnozloty-blat-100-junona-line,75913\" target=\"_blank\" rel=\"noopener noreferrer\"><span style=\"font-weight: 400;\">BLAT KUCHENNY JUNONA LINE <\/span><\/a><\/figcaption><\/figure>\n<\/div>\n<div style=\"display: flex; align-items: center; justify-content: center; text-align: center;\">\n<figure id=\"attachment_34170\" aria-describedby=\"caption-attachment-34170\" style=\"width: 500px\" class=\"wp-caption aligncenter\"><a href=\"https:\/\/www.brw.pl\/dab-craft-zloty-blat-100-junona-line,75882\" target=\"_blank\" rel=\"noopener noreferrer\"><img decoding=\"async\" class=\"wp-image-34170 lazyload\" data-src=\"https:\/\/www.brw.pl\/blog\/wp-content\/uploads\/2023\/09\/dab-craft-zloty-blat-100-junona-line-kolory-blatow-kuchnie-dab-craft-zloty-mediumb.jpg\" alt=\"Blat kuchenny 100 Junona Line d\u0105b craft z\u0142oty\" width=\"500\" height=\"432\" src=\"data:image\/svg+xml;base64,PHN2ZyB3aWR0aD0iMSIgaGVpZ2h0PSIxIiB4bWxucz0iaHR0cDovL3d3dy53My5vcmcvMjAwMC9zdmciPjwvc3ZnPg==\" style=\"--smush-placeholder-width: 500px; --smush-placeholder-aspect-ratio: 500\/432;\" \/><\/a><figcaption id=\"caption-attachment-34170\" class=\"wp-caption-text\"><a href=\"https:\/\/www.brw.pl\/dab-craft-zloty-blat-100-junona-line,75882\" target=\"_blank\" rel=\"noopener noreferrer\"><span style=\"font-weight: 400;\">BLAT KUCHENNY JUNONA LINE D\u0104B CRAFT Z\u0141OTY<\/span><\/a><\/figcaption><\/figure>\n<\/div>\n<p style=\"text-align: center;\"><strong>Przeczytaj tak\u017ce: <a href=\"https:\/\/www.brw.pl\/blog\/jak-odnowic-blat-kuchenny-black-red-white-podpowiada\/\" target=\"_blank\" rel=\"noopener\">&#8222;Jak odnowi\u0107 blat kuchenny? Black Red White podpowiada!&#8221;<\/a>.\u00a0<\/strong><\/p>\n<p>Pod\u0105\u017caj\u0105c za powy\u017cszymi wskaz\u00f3wkami, jeste\u015b w stanie samodzielnie od\u015bwie\u017cy\u0107 wygl\u0105d swoich mebli kuchennych. Nie potrzebujesz du\u017cego bud\u017cetu ani specjalistycznych umiej\u0119tno\u015bci &#8211; wystarczy troch\u0119 czasu, cierpliwo\u015bci i kreatywno\u015bci, aby Twoja kuchnia zn\u00f3w sta\u0142a si\u0119 ulubionym miejscem w domu.<\/p>\n<p><strong>Wi\u0119cej inspiruj\u0105cych rozwi\u0105za\u0144 do kuchni znajdziesz w <a href=\"https:\/\/www.brw.pl\/\" target=\"_blank\" rel=\"noopener\">sklepie internetowym Black Red White<\/a>. Zapraszamy!\u00a0<\/strong><\/p>\n","protected":false},"excerpt":{"rendered":"<p>Nawet w najpi\u0119kniej urz\u0105dzonej kuchni meble mog\u0105 z czasem straci\u0107 sw\u00f3j urok. Od ostatniego remontu w Twoim domu min\u0119\u0142o sporo czasu? Kuchenna aran\u017cacja zdecydowanie wymaga od\u015bwie\u017cenia? Zanim zaplanujesz zakup nowego wyposa\u017cenia, spr\u00f3buj samodzielnie odnowi\u0107 szafki kuchenne. To prostsze ni\u017c my\u015blisz! Skorzystaj z naszych porad i si\u0119gnij po metody, dzi\u0119ki kt\u00f3rym Twoja kuchnia odzyska dawny blask.\u00a0<\/p>\n","protected":false},"author":21,"featured_media":35693,"comment_status":"closed","ping_status":"open","sticky":false,"template":"","format":"standard","meta":{"footnotes":""},"categories":[26,574],"tags":[],"aioseo_notices":[],"_links":{"self":[{"href":"https:\/\/www.brw.pl\/blog\/wp-json\/wp\/v2\/posts\/35692"}],"collection":[{"href":"https:\/\/www.brw.pl\/blog\/wp-json\/wp\/v2\/posts"}],"about":[{"href":"https:\/\/www.brw.pl\/blog\/wp-json\/wp\/v2\/types\/post"}],"author":[{"embeddable":true,"href":"https:\/\/www.brw.pl\/blog\/wp-json\/wp\/v2\/users\/21"}],"replies":[{"embeddable":true,"href":"https:\/\/www.brw.pl\/blog\/wp-json\/wp\/v2\/comments?post=35692"}],"version-history":[{"count":5,"href":"https:\/\/www.brw.pl\/blog\/wp-json\/wp\/v2\/posts\/35692\/revisions"}],"predecessor-version":[{"id":35901,"href":"https:\/\/www.brw.pl\/blog\/wp-json\/wp\/v2\/posts\/35692\/revisions\/35901"}],"wp:featuredmedia":[{"embeddable":true,"href":"https:\/\/www.brw.pl\/blog\/wp-json\/wp\/v2\/media\/35693"}],"wp:attachment":[{"href":"https:\/\/www.brw.pl\/blog\/wp-json\/wp\/v2\/media?parent=35692"}],"wp:term":[{"taxonomy":"category","embeddable":true,"href":"https:\/\/www.brw.pl\/blog\/wp-json\/wp\/v2\/categories?post=35692"},{"taxonomy":"post_tag","embeddable":true,"href":"https:\/\/www.brw.pl\/blog\/wp-json\/wp\/v2\/tags?post=35692"}],"curies":[{"name":"wp","href":"https:\/\/api.w.org\/{rel}","templated":true}]}}