{"id":35878,"date":"2024-04-08T17:24:22","date_gmt":"2024-04-08T15:24:22","guid":{"rendered":"https:\/\/www.brw.pl\/blog\/?p=35878"},"modified":"2024-04-10T13:05:46","modified_gmt":"2024-04-10T11:05:46","slug":"jak-wybielic-firanki-i-przywrocic-im-nieskazitelny-odcien-sprawdz-nasz-krotki-poradnik","status":"publish","type":"post","link":"https:\/\/www.brw.pl\/blog\/jak-wybielic-firanki-i-przywrocic-im-nieskazitelny-odcien-sprawdz-nasz-krotki-poradnik\/","title":{"rendered":"Jak wybieli\u0107 firanki i przywr\u00f3ci\u0107 im nieskazitelny odcie\u0144? Sprawd\u017a nasz kr\u00f3tki poradnik"},"content":{"rendered":"<p><strong>Firanki to nieod\u0142\u0105czny element wielu wn\u0119trz. Nic dziwnego! Zwiewne tkaniny pi\u0119knie si\u0119 prezentuj\u0105, podkre\u015blaj\u0105 elegancj\u0119 aran\u017cacji, zapewniaj\u0105 domownikom intymno\u015b\u0107. Maj\u0105 jednak jedn\u0105 wad\u0119 \u2013 z biegiem czasu mog\u0105 traci\u0107 sw\u00f3j nieskazitelny bia\u0142y kolor, staj\u0105c si\u0119 szare i pozbawione blasku. Jak i czym wybieli\u0107 firanki, by odzyska\u0142y pierwotny wygl\u0105d? Tego dowiesz si\u0119 z naszego artyku\u0142u!<\/strong><!--more--><\/p>\n<p><img decoding=\"async\" class=\"aligncenter size-medium wp-image-26548 lazyload\" data-src=\"https:\/\/www.brw.pl\/blog\/wp-content\/uploads\/2022\/08\/horton_aroz_WWW-800x533.jpg\" alt=\"Kolekcja Horton w salonie\" width=\"800\" height=\"533\" data-srcset=\"https:\/\/www.brw.pl\/blog\/wp-content\/uploads\/2022\/08\/horton_aroz_WWW-800x533.jpg 800w, https:\/\/www.brw.pl\/blog\/wp-content\/uploads\/2022\/08\/horton_aroz_WWW-768x512.jpg 768w, https:\/\/www.brw.pl\/blog\/wp-content\/uploads\/2022\/08\/horton_aroz_WWW-1536x1024.jpg 1536w, https:\/\/www.brw.pl\/blog\/wp-content\/uploads\/2022\/08\/horton_aroz_WWW.jpg 1620w\" data-sizes=\"(max-width: 800px) 100vw, 800px\" src=\"data:image\/svg+xml;base64,PHN2ZyB3aWR0aD0iMSIgaGVpZ2h0PSIxIiB4bWxucz0iaHR0cDovL3d3dy53My5vcmcvMjAwMC9zdmciPjwvc3ZnPg==\" style=\"--smush-placeholder-width: 800px; --smush-placeholder-aspect-ratio: 800\/533;\" \/><\/p>\n<h2><strong>\u00a0Dlaczego firanki szarzej\u0105? Najcz\u0119stsze powody<\/strong><\/h2>\n<p><span data-sheets-formula-bar-text-style=\"font-size:12px;color:#000000;font-weight:normal;text-decoration:none;font-family:'docs-Poppins';font-style:normal;text-decoration-skip-ink:none;\">W dzisiejszym artykule: <\/span><\/p>\n<ul>\n<li><strong><span data-sheets-formula-bar-text-style=\"font-size:12px;color:#000000;font-weight:normal;text-decoration:none;font-family:'docs-Poppins';font-style:normal;text-decoration-skip-ink:none;\">podpowiadamy, jak zapobiega\u0107 \u017c\u00f3\u0142kni\u0119ciu i szarzeniu firan;<\/span><\/strong><\/li>\n<\/ul>\n<ul>\n<li><strong>wyja\u015bniamy, dlaczego pranie r\u0119czne jest korzystne dla domowych tekstyli\u00f3w;<\/strong><\/li>\n<\/ul>\n<ul>\n<li><strong><span data-sheets-formula-bar-text-style=\"font-size:12px;color:#000000;font-weight:normal;text-decoration:none;font-family:'docs-Poppins';font-style:normal;text-decoration-skip-ink:none;\">opisujemy, jak bezpiecznie wybieli\u0107 firanki w pralce;<\/span><\/strong><\/li>\n<\/ul>\n<ul>\n<li><span data-sheets-formula-bar-text-style=\"font-size:12px;color:#000000;font-weight:normal;text-decoration:none;font-family:'docs-Poppins';font-style:normal;text-decoration-skip-ink:none;\"><strong>zdradzamy domowe sposoby na \u015bnie\u017cnobia\u0142e firanki<\/strong>.<\/span><\/li>\n<\/ul>\n<p>Firany szarzej\u0105 i \u017c\u00f3\u0142kn\u0105 z wielu powod\u00f3w. Cz\u0119sto nie mamy \u015bwiadomo\u015bci, \u017ce sami r\u00f3wnie\u017c si\u0119 do tego przyczyniamy. Marzysz o \u015bnie\u017cnobia\u0142ych firankach? W takim razie czytaj dalej!<\/p>\n<h3>Nagromadzenie kurzu i zanieczyszcze\u0144<\/h3>\n<p>Codzienna eksploatacja domu lub mieszkania nieuchronnie prowadzi do gromadzenia si\u0119 py\u0142\u00f3w i brudu. Te z kolei osiadaj\u0105 na wszystkich powierzchniach, w tym r\u00f3wnie\u017c na <a href=\"https:\/\/www.brw.pl\/tekstylia\/wystroj-okien\/\" target=\"_blank\" rel=\"noopener\">tekstyliach stanowi\u0105cych wystr\u00f3j okien<\/a>. Dzi\u0119ki wietrzeniu pomieszcze\u0144 oraz utrzymywaniu ich w czysto\u015bci mo\u017cna zmniejszy\u0107 ilo\u015b\u0107 opadaj\u0105cego kurzu. W\u00f3wczas cz\u0119ste pranie firanek nie b\u0119dzie konieczne.<\/p>\n<h3>Dym tytoniowy<\/h3>\n<p>Palenie papieros\u00f3w w zamkni\u0119tych pomieszczeniach to kolejny czynnik, kt\u00f3ry wp\u0142ywa negatywnie na wygl\u0105d <a href=\"https:\/\/www.brw.pl\/tekstylia\/wystroj-okien\/firany\/\" target=\"_blank\" rel=\"noopener\">firan<\/a>, <a href=\"https:\/\/www.brw.pl\/tekstylia\/wystroj-okien\/zaslony\/\" target=\"_blank\" rel=\"noopener\">zas\u0142on<\/a> czy rolet. To w\u0142a\u015bnie dym tytoniowy, osiadaj\u0105cy na bia\u0142ych tkaninach, powoduje ich \u017c\u00f3\u0142kni\u0119cie i szarzenie. Najlepszym rozwi\u0105zaniem jest unikanie palenia w domu. Je\u015bli to niemo\u017cliwe, nale\u017cy du\u017co wietrzy\u0107 i regularnie przeprowadza\u0107 pranie firan.<\/p>\n<h3>Przechowywanie w niew\u0142a\u015bciwych warunkach<\/h3>\n<p>Niew\u0142a\u015bciwe przechowywanie firan, np. w wilgotnych lub zbyt ciasno upakowanych miejscach, mo\u017ce prowadzi\u0107 do ich zagniecenia, a nawet ple\u015bnienia. Aby do tego nie dopu\u015bci\u0107, przechowuj firanki w suchym, przewiewnym miejscu, najlepiej po uprzednim wyprasowaniu. <strong>Tekstylia nieb\u0119d\u0105ce aktualnie w u\u017cyciu warto owin\u0105\u0107 w niebieski papier<\/strong> \u2013 b\u0142\u0119kitny kolor chroni bia\u0142e firanki przed szarzeniem. Mo\u017cesz r\u00f3wnie\u017c skorzysta\u0107 ze specjalnych pokrowc\u00f3w lub <a href=\"https:\/\/www.brw.pl\/przechowywanie\/przechowywanie-w-szafie\/organizery-do-szaf-i-szuflad\/\" target=\"_blank\" rel=\"noopener\">organizer\u00f3w do szaf i szuflad<\/a>.<\/p>\n<h3>Nieodpowiednie pranie<\/h3>\n<p>U\u017cywanie zbyt agresywnych \u015brodk\u00f3w chemicznych lub pranie w niew\u0142a\u015bciwych temperaturach nie tylko nie przyniesie oczekiwanego efektu, ale r\u00f3wnie\u017c uszkodzi delikatne tkaniny. Zanim przyst\u0105pisz do od\u015bwie\u017cania swoich firanek, <strong>zapoznaj si\u0119 z zaleceniami producenta dotycz\u0105cymi prania<\/strong>.<\/p>\n<h2><strong>Wybielanie firan \u2013 r\u0119cznie czy mechanicznie?<\/strong><\/h2>\n<p><img decoding=\"async\" class=\"aligncenter size-medium wp-image-30042 lazyload\" data-src=\"https:\/\/www.brw.pl\/blog\/wp-content\/uploads\/2023\/02\/Ramla_sypialnia_ar1-800x534.jpg\" alt=\"Ramla - nowoczesna sypialnia loft\" width=\"800\" height=\"534\" data-srcset=\"https:\/\/www.brw.pl\/blog\/wp-content\/uploads\/2023\/02\/Ramla_sypialnia_ar1-800x534.jpg 800w, https:\/\/www.brw.pl\/blog\/wp-content\/uploads\/2023\/02\/Ramla_sypialnia_ar1-768x512.jpg 768w, https:\/\/www.brw.pl\/blog\/wp-content\/uploads\/2023\/02\/Ramla_sypialnia_ar1-1536x1025.jpg 1536w, https:\/\/www.brw.pl\/blog\/wp-content\/uploads\/2023\/02\/Ramla_sypialnia_ar1.jpg 1619w\" data-sizes=\"(max-width: 800px) 100vw, 800px\" src=\"data:image\/svg+xml;base64,PHN2ZyB3aWR0aD0iMSIgaGVpZ2h0PSIxIiB4bWxucz0iaHR0cDovL3d3dy53My5vcmcvMjAwMC9zdmciPjwvc3ZnPg==\" style=\"--smush-placeholder-width: 800px; --smush-placeholder-aspect-ratio: 800\/534;\" \/><\/p>\n<p>Twoje stare firanki po\u017c\u00f3\u0142k\u0142y, przez co nie prezentuj\u0105 si\u0119 estetycznie? Nie spisuj ich na straty! Wybielanie firan mo\u017cna przeprowadzi\u0107 na dwa sposoby: r\u0119cznie lub mechanicznie, czyli w pralce. Ka\u017cda z metod ma swoje zalety i wady. Poznaj szczeg\u00f3\u0142y, aby wybra\u0107 najlepsz\u0105 opcj\u0119.<\/p>\n<h3>R\u0119czne wybielanie firanek: czy warto?<\/h3>\n<p>Decyzja o r\u0119cznym wybielaniu firanek to cz\u0119sto kwestia oceny, jak delikatna jest tkanina i jak bardzo zale\u017cy nam na dok\u0142adnym odnowieniu jej wygl\u0105du. Metoda ta z pewno\u015bci\u0105 jest bardziej czasoch\u0142onna, wymaga te\u017c wi\u0119kszego wysi\u0142ku ni\u017c mechaniczne pranie, ma jednak wiele plus\u00f3w. Oto one!<\/p>\n<ul>\n<li><strong>Kontrola nad procesem<\/strong><\/li>\n<\/ul>\n<p>R\u0119czne wybielanie pozwala na dok\u0142adne kontrolowanie si\u0142y dzia\u0142ania i czasu ekspozycji na \u015brodki wybielaj\u0105ce. Daje mo\u017cliwo\u015b\u0107 zwr\u00f3cenia szczeg\u00f3lnej uwagi na najbardziej zabrudzone miejsca, a tak\u017ce na te fragmenty firanki, kt\u00f3re mog\u0105 by\u0107 bardziej podatne na uszkodzenia. W ten spos\u00f3b mo\u017cesz unikn\u0105\u0107 zbyt agresywnego traktowania ca\u0142ej firanki, skupiaj\u0105c si\u0119 tylko na potrzebuj\u0105cych tego obszarach.<\/p>\n<ul>\n<li><strong>Delikatno\u015b\u0107<\/strong><\/li>\n<\/ul>\n<p>R\u0119czne metody s\u0105 zwykle \u0142agodniejsze dla tkanin ni\u017c mechaniczne. W przypadku firanek z woalu lub wykonanych z naturalnych materia\u0142\u00f3w, np. jedwabiu, lnu czy cienkiej bawe\u0142ny, r\u0119czne pranie mo\u017ce by\u0107 jedynym bezpiecznym sposobem na ich wybielenie czy od\u015bwie\u017cenie.<\/p>\n<ul>\n<li><strong>Mo\u017cliwo\u015b\u0107 stosowania domowych \u015brodk\u00f3w wybielaj\u0105cych<\/strong><\/li>\n<\/ul>\n<p>R\u0119czne wybielanie firan otwiera przed Tob\u0105 mo\u017cliwo\u015b\u0107 zastosowania szerokiej gamy domowych \u015brodk\u00f3w wybielaj\u0105cych, bardziej ekologicznych i ekonomicznych ni\u017c komercyjne \u015brodki chemiczne. Ocet, sok z cytryny czy soda oczyszczona jak najbardziej mog\u0105 by\u0107 u\u017cywane do namaczania i prania tkanin delikatnych, takich jak bawe\u0142na czy len.<\/p>\n<div style=\"display: flex; align-items: center; justify-content: center; text-align: center;\">\n<figure id=\"attachment_35879\" aria-describedby=\"caption-attachment-35879\" style=\"width: 798px\" class=\"wp-caption aligncenter\"><a href=\"https:\/\/www.brw.pl\/firana-diana,51613\" target=\"_blank\" rel=\"noopener noreferrer\"><img decoding=\"async\" class=\"wp-image-35879 size-full lazyload\" data-src=\"https:\/\/www.brw.pl\/blog\/wp-content\/uploads\/2024\/04\/firana-diana-slargea.jpg\" alt=\"Firana Diana\" width=\"798\" height=\"600\" data-srcset=\"https:\/\/www.brw.pl\/blog\/wp-content\/uploads\/2024\/04\/firana-diana-slargea.jpg 798w, https:\/\/www.brw.pl\/blog\/wp-content\/uploads\/2024\/04\/firana-diana-slargea-768x577.jpg 768w\" data-sizes=\"(max-width: 798px) 100vw, 798px\" src=\"data:image\/svg+xml;base64,PHN2ZyB3aWR0aD0iMSIgaGVpZ2h0PSIxIiB4bWxucz0iaHR0cDovL3d3dy53My5vcmcvMjAwMC9zdmciPjwvc3ZnPg==\" style=\"--smush-placeholder-width: 798px; --smush-placeholder-aspect-ratio: 798\/600;\" \/><\/a><figcaption id=\"caption-attachment-35879\" class=\"wp-caption-text\"><a href=\"https:\/\/www.brw.pl\/firana-diana,51613\" target=\"_blank\" rel=\"noopener noreferrer\"><span style=\"font-weight: 400;\">FIRANA DIANA 160 \u00d7 140 cm<\/span><\/a><\/figcaption><\/figure>\n<\/div>\n<h3>Wybielanie firanek w pralce \u2013 o czym warto pami\u0119ta\u0107?<\/h3>\n<p>Pranie firanek w pralce \u0142\u0105czy w sobie wygod\u0119 i efektywno\u015b\u0107 \u2013 od\u015bwie\u017canie tkanin staje si\u0119 znacznie mniej pracoch\u0142onne. Korzystaj\u0105c z automatu, przywr\u00f3cisz blask firankom z tworzywa sztucznego. Aby jednak mie\u0107 pewno\u015b\u0107, \u017ce wyjd\u0105 z pralki l\u015bni\u0105co bia\u0142e a nie zniszczone, musisz wzi\u0105\u0107 pod uwag\u0119 kilka aspekt\u00f3w.<\/p>\n<ul>\n<li><strong>Wyb\u00f3r programu do prania<\/strong><\/li>\n<\/ul>\n<p>U\u017cywaj programu do tkanin delikatnych lub specjalnego programu do firan, je\u015bli Twoja pralka takowy posiada. Programy te zaprojektowano tak, aby na\u015bladowa\u0142y r\u0119czne pranie, co minimalizuje ryzyko uszkodzenia w\u0142\u00f3kien. Firanek nie nale\u017cy wirowa\u0107 na wysokich obrotach!<\/p>\n<ul>\n<li><strong>Temperatura wody<\/strong><\/li>\n<\/ul>\n<p>Ciep\u0142a woda mo\u017ce skurczy\u0107 lub uszkodzi\u0107 lekkie materia\u0142y, dlatego najlepiej wybiera\u0107 <strong>temperatur\u0119 nie wy\u017csz\u0105 ni\u017c 30\u00b0C<\/strong>. Warto r\u00f3wnie\u017c pami\u0119ta\u0107, \u017ce niekt\u00f3re \u015brodki wybielaj\u0105ce najskuteczniej dzia\u0142aj\u0105 w ni\u017cszych temperaturach.<\/p>\n<ul>\n<li><strong>Rodzaj \u015brodka wybielaj\u0105cego<\/strong><\/li>\n<\/ul>\n<p>Na rynku dost\u0119pne s\u0105 specjalistyczne \u015brodki do firan, kt\u00f3re mo\u017cna bezpiecznie stosowa\u0107 w pralce. Zawsze nale\u017cy dok\u0142adnie przeczyta\u0107 etykiet\u0119 i upewni\u0107 si\u0119, \u017ce wybrany produkt jest odpowiedni do typu tkaniny, z kt\u00f3rej wykonane s\u0105 przes\u0142ony okienne.<\/p>\n<ul>\n<li><strong>Za\u0142adunek pralki<\/strong><\/li>\n<\/ul>\n<p>Aby zapobiec zagnieceniu i zapl\u0105taniu firan, postaraj si\u0119 nie prze\u0142adowywa\u0107 b\u0119bna pralki. Lepiej pra\u0107 firany osobno lub z innymi delikatnymi tkaninami w ma\u0142ych ilo\u015bciach. Mo\u017cna r\u00f3wnie\u017c u\u017cy\u0107 specjalnych woreczk\u00f3w do prania, kt\u00f3re stanowi\u0105 dodatkowe zabezpieczenie.<\/p>\n<ul>\n<li><strong>Suszenie<\/strong><\/li>\n<\/ul>\n<p>Po wypraniu pozw\u00f3l firankom wyschn\u0105\u0107 naturalnie. Unikaj suszenia firan i zas\u0142on w suszarce b\u0119bnowej, gdy\u017c zar\u00f3wno wysoka temperatura, jak i ruchy b\u0119bna mog\u0105 przyczyni\u0107 si\u0119 do ich uszkodzenia.<\/p>\n<div style=\"display: flex; align-items: center; justify-content: center; text-align: center;\">\n<figure id=\"attachment_35880\" aria-describedby=\"caption-attachment-35880\" style=\"width: 566px\" class=\"wp-caption aligncenter\"><a href=\"https:\/\/www.brw.pl\/firana-emilia,51618\" target=\"_blank\" rel=\"noopener noreferrer\"><img decoding=\"async\" class=\"wp-image-35880 size-medium lazyload\" data-src=\"https:\/\/www.brw.pl\/blog\/wp-content\/uploads\/2024\/04\/firana-emilia-xlargea-566x800.jpg\" alt=\"Firana Emilia\" width=\"566\" height=\"800\" data-srcset=\"https:\/\/www.brw.pl\/blog\/wp-content\/uploads\/2024\/04\/firana-emilia-xlargea-566x800.jpg 566w, https:\/\/www.brw.pl\/blog\/wp-content\/uploads\/2024\/04\/firana-emilia-xlargea.jpg 726w\" data-sizes=\"(max-width: 566px) 100vw, 566px\" src=\"data:image\/svg+xml;base64,PHN2ZyB3aWR0aD0iMSIgaGVpZ2h0PSIxIiB4bWxucz0iaHR0cDovL3d3dy53My5vcmcvMjAwMC9zdmciPjwvc3ZnPg==\" style=\"--smush-placeholder-width: 566px; --smush-placeholder-aspect-ratio: 566\/800;\" \/><\/a><figcaption id=\"caption-attachment-35880\" class=\"wp-caption-text\"><a href=\"https:\/\/www.brw.pl\/firana-emilia,51618\" target=\"_blank\" rel=\"noopener noreferrer\"><span style=\"font-weight: 400;\">FIRANA EMILIA<\/span><\/a><\/figcaption><\/figure>\n<\/div>\n<h2><strong>Jak wybieli\u0107 firanki domowym sposobem?<\/strong><\/h2>\n<p>Wybielanie firanek domowymi sposobami to \u015bwietna propozycja dla os\u00f3b szukaj\u0105cych prostych, ekonomicznych i przede wszystkim ekologicznych rozwi\u0105za\u0144. Poni\u017cej znajdziesz szczeg\u00f3\u0142owe opisy wybranych metod, kt\u00f3re pozwol\u0105 przywr\u00f3ci\u0107 Twoim firankom \u015bwie\u017co\u015b\u0107 i biel bez u\u017cycia dra\u017cni\u0105cej chemii.<\/p>\n<h3>Soda oczyszczona i proszek do pieczenia<\/h3>\n<p>Soda i proszek do pieczenia to wszechstronne specyfiki, kt\u00f3re sprawdzaj\u0105 si\u0119 nie tylko w kuchni, ale i podczas prania. Jak przeprowadzi\u0107 wybielanie firanek sod\u0105 lub proszkiem? P\u00f3\u0142 szklanki proszku do pieczenia rozpu\u015b\u0107 w wiadrze ciep\u0142ej wody (mo\u017cesz po\u0142\u0105czy\u0107 go r\u00f3wnie\u017c z proszkiem do prania). Nast\u0119pnie zanurz firanki w roztworze i pozostaw na kilka godzin, co pozwoli aktywnym sk\u0142adnikom na wnikni\u0119cie w struktur\u0119 tkaniny i rozja\u015bnienie zabrudze\u0144. Po namoczeniu wyp\u0142ucz firanki w czystej wodzie i wysusz na \u015bwie\u017cym powietrzu.<\/p>\n<h3>Ocet<\/h3>\n<p>Ocet to kolejny domowy produkt, kt\u00f3ry znany jest ze swoich w\u0142a\u015bciwo\u015bci wybielaj\u0105cych. Dodaj p\u00f3\u0142 szklanki octu do ostatniego p\u0142ukania w pralce. Kwas octowy nie tylko pomo\u017ce usun\u0105\u0107 resztki detergentu, ale r\u00f3wnie\u017c naturalnie wybieli tkaniny i sprawi, \u017ce stan\u0105 si\u0119 mi\u0119kkie i puszyste. Dodatkowo, ocet jest doskona\u0142ym \u015brodkiem zwalczaj\u0105cym nieprzyjemne zapachy.<\/p>\n<h3>S\u00f3l kuchenna<\/h3>\n<p>S\u00f3l kuchenna dzi\u0119ki swoim w\u0142a\u015bciwo\u015bciom antybakteryjnym i wybielaj\u0105cym jak najbardziej mo\u017ce by\u0107 wykorzystana do od\u015bwie\u017cania firan. Szklank\u0119 soli dodaj do 5 litr\u00f3w wody, a nast\u0119pnie namocz w powsta\u0142ym roztworze firanki na kilka godzin. S\u00f3l usunie zabrudzenia i przywr\u00f3ci tkaninom ich naturaln\u0105 biel. Po namoczeniu upierz i dok\u0142adnie wyp\u0142ucz firanki.<\/p>\n<h3>Sok z cytryny<\/h3>\n<p>Innym sposobem wybielania firan jest moczenie ich w soku z cytryny. Jak to zrobi\u0107?\u00a0Wyci\u015bnij sok z dw\u00f3ch cytryn i dodaj go do wiadra z ciep\u0142\u0105 wod\u0105. Zanurz firanki w przygotowanym roztworze i pozostaw na kilka godzin. Kwas cytrynowy rozja\u015bni tkaniny, jednocze\u015bnie dzia\u0142aj\u0105c od\u015bwie\u017caj\u0105co. Po wybieleniu firanki nale\u017cy dok\u0142adnie wyp\u0142uka\u0107 w czystej wodzie i wysuszy\u0107 na powietrzu.<\/p>\n<div style=\"display: flex; align-items: center; justify-content: center; text-align: center;\">\n<figure id=\"attachment_35881\" aria-describedby=\"caption-attachment-35881\" style=\"width: 556px\" class=\"wp-caption aligncenter\"><a href=\"https:\/\/www.brw.pl\/firana-diana,44282\" target=\"_blank\" rel=\"noopener noreferrer\"><img decoding=\"async\" class=\"wp-image-35881 size-medium lazyload\" data-src=\"https:\/\/www.brw.pl\/blog\/wp-content\/uploads\/2024\/04\/firana-diana-xlargea-556x800.jpg\" alt=\"Firana Diana 260 \u00d7 140 cm\" width=\"556\" height=\"800\" data-srcset=\"https:\/\/www.brw.pl\/blog\/wp-content\/uploads\/2024\/04\/firana-diana-xlargea-556x800.jpg 556w, https:\/\/www.brw.pl\/blog\/wp-content\/uploads\/2024\/04\/firana-diana-xlargea.jpg 712w\" data-sizes=\"(max-width: 556px) 100vw, 556px\" src=\"data:image\/svg+xml;base64,PHN2ZyB3aWR0aD0iMSIgaGVpZ2h0PSIxIiB4bWxucz0iaHR0cDovL3d3dy53My5vcmcvMjAwMC9zdmciPjwvc3ZnPg==\" style=\"--smush-placeholder-width: 556px; --smush-placeholder-aspect-ratio: 556\/800;\" \/><\/a><figcaption id=\"caption-attachment-35881\" class=\"wp-caption-text\"><a href=\"https:\/\/www.brw.pl\/firana-diana,44282\" target=\"_blank\" rel=\"noopener noreferrer\"><span style=\"font-weight: 400;\">FIRANA DIANA 260 \u00d7 140 cm<\/span><\/a><\/figcaption><\/figure>\n<\/div>\n<h2><strong>Wybielanie firanek Domestosem \u2013 tak czy nie?<\/strong><\/h2>\n<p>Szukasz szybkich i efektywnych metod na przywr\u00f3cenie firankom ich pierwotnej bieli? Korzystanie z silnych \u015brodk\u00f3w chemicznych takich jak Domestos, wydaje si\u0119 kusz\u0105cym rozwi\u0105zaniem. Niew\u0105tpliwie tego rodzaju produkty s\u0105 skuteczne w zwalczaniu trudnych plam i zabrudze\u0144, jednak ich agresywny sk\u0142ad mo\u017ce przynie\u015b\u0107 wi\u0119cej szkody ni\u017c po\u017cytku.<\/p>\n<p>Stosowanie wybielaczy zawieraj\u0105cych chlor prowadzi do os\u0142abienia struktury w\u0142\u00f3kien tkanin, co z czasem powoduje ich prucie si\u0119, a nawet rozpadanie. Ponadto, niew\u0142a\u015bciwe u\u017cywanie takich \u015brodk\u00f3w nierzadko skutkuje nieodwracalnymi zmianami w kolorze tkanin \u2013 powstaj\u0105 na nich nieestetyczne, \u017c\u00f3\u0142te lub r\u00f3\u017cowe plamy.<\/p>\n<p>W \u015bwietle potencjalnego ryzyka zaleca si\u0119 si\u0119ganie po \u0142agodniejsze, domowe metody wybielania, kt\u00f3re s\u0105 bezpieczne zar\u00f3wno dla tkanin, jak i dla otoczenia. Sok z cytryny, ocet, s\u00f3l kuchenna, skorupki jajek czy proszek do pieczenia s\u0105 naturaln\u0105 i r\u00f3wnie skuteczn\u0105 alternatyw\u0105.<\/p>\n<div style=\"display: flex; align-items: center; justify-content: center; text-align: center;\">\n<figure id=\"attachment_35882\" aria-describedby=\"caption-attachment-35882\" style=\"width: 543px\" class=\"wp-caption aligncenter\"><a href=\"https:\/\/www.brw.pl\/firana-diana,51608\" target=\"_blank\" rel=\"noopener noreferrer\"><img decoding=\"async\" class=\"wp-image-35882 size-medium lazyload\" data-src=\"https:\/\/www.brw.pl\/blog\/wp-content\/uploads\/2024\/04\/firana-diana-xlargea-1-543x800.jpg\" alt=\"Firana Diana 160 \u00d7 290 cm\" width=\"543\" height=\"800\" data-srcset=\"https:\/\/www.brw.pl\/blog\/wp-content\/uploads\/2024\/04\/firana-diana-xlargea-1-543x800.jpg 543w, https:\/\/www.brw.pl\/blog\/wp-content\/uploads\/2024\/04\/firana-diana-xlargea-1.jpg 697w\" data-sizes=\"(max-width: 543px) 100vw, 543px\" src=\"data:image\/svg+xml;base64,PHN2ZyB3aWR0aD0iMSIgaGVpZ2h0PSIxIiB4bWxucz0iaHR0cDovL3d3dy53My5vcmcvMjAwMC9zdmciPjwvc3ZnPg==\" style=\"--smush-placeholder-width: 543px; --smush-placeholder-aspect-ratio: 543\/800;\" \/><\/a><figcaption id=\"caption-attachment-35882\" class=\"wp-caption-text\"><a href=\"https:\/\/www.brw.pl\/firana-diana,51608\" target=\"_blank\" rel=\"noopener noreferrer\"><span style=\"font-weight: 400;\">FIRANA DIANA 160 \u00d7 290 cm<\/span><\/a><\/figcaption><\/figure>\n<\/div>\n<p>Jak wida\u0107, nadanie firanom nieskazitelnego bia\u0142ego odcienia nie musi by\u0107 trudne. Wybieraj\u0105c odpowiednie metody wybielania, zar\u00f3wno manualne, jak i mechaniczne, a tak\u017ce korzystaj\u0105c z domowych sposob\u00f3w, z powodzeniem przywr\u00f3cisz okiennym ozdobom ich pierwotny blask. Pami\u0119taj jednak, by zawsze dostosowa\u0107 metod\u0119 do rodzaju i wymaga\u0144 tkaniny. Powodzenia!<\/p>\n<p style=\"text-align: center;\">Przeczytaj r\u00f3wnie\u017c: <a href=\"https:\/\/www.brw.pl\/blog\/czym-czyscic-drewniane-meble-domowe-sposoby-od-black-red-white\/\" target=\"_blank\" rel=\"noopener\">&#8222;Czym czy\u015bci\u0107 drewniane meble? Domowe sposoby od Black Red White&#8221;<\/a>.<\/p>\n<p><strong>Zapraszamy do zapoznania si\u0119 z ofert\u0105 naszego sklepu \u00a0\u2013 w Black Red White znajdziesz szeroki wyb\u00f3r firan, kt\u00f3re odmieni\u0105 ka\u017cde wn\u0119trze.<\/strong><\/p>\n","protected":false},"excerpt":{"rendered":"<p>Firanki to nieod\u0142\u0105czny element wielu wn\u0119trz. Nic dziwnego! Zwiewne tkaniny pi\u0119knie si\u0119 prezentuj\u0105, podkre\u015blaj\u0105 elegancj\u0119 aran\u017cacji, zapewniaj\u0105 domownikom intymno\u015b\u0107. Maj\u0105 jednak jedn\u0105 wad\u0119 \u2013 z biegiem czasu mog\u0105 traci\u0107 sw\u00f3j nieskazitelny bia\u0142y kolor, staj\u0105c si\u0119 szare i pozbawione blasku. Jak i czym wybieli\u0107 firanki, by odzyska\u0142y pierwotny wygl\u0105d? Tego dowiesz si\u0119 z naszego artyku\u0142u!<\/p>\n","protected":false},"author":21,"featured_media":26548,"comment_status":"closed","ping_status":"open","sticky":false,"template":"","format":"standard","meta":{"footnotes":""},"categories":[574],"tags":[],"aioseo_notices":[],"_links":{"self":[{"href":"https:\/\/www.brw.pl\/blog\/wp-json\/wp\/v2\/posts\/35878"}],"collection":[{"href":"https:\/\/www.brw.pl\/blog\/wp-json\/wp\/v2\/posts"}],"about":[{"href":"https:\/\/www.brw.pl\/blog\/wp-json\/wp\/v2\/types\/post"}],"author":[{"embeddable":true,"href":"https:\/\/www.brw.pl\/blog\/wp-json\/wp\/v2\/users\/21"}],"replies":[{"embeddable":true,"href":"https:\/\/www.brw.pl\/blog\/wp-json\/wp\/v2\/comments?post=35878"}],"version-history":[{"count":4,"href":"https:\/\/www.brw.pl\/blog\/wp-json\/wp\/v2\/posts\/35878\/revisions"}],"predecessor-version":[{"id":35895,"href":"https:\/\/www.brw.pl\/blog\/wp-json\/wp\/v2\/posts\/35878\/revisions\/35895"}],"wp:featuredmedia":[{"embeddable":true,"href":"https:\/\/www.brw.pl\/blog\/wp-json\/wp\/v2\/media\/26548"}],"wp:attachment":[{"href":"https:\/\/www.brw.pl\/blog\/wp-json\/wp\/v2\/media?parent=35878"}],"wp:term":[{"taxonomy":"category","embeddable":true,"href":"https:\/\/www.brw.pl\/blog\/wp-json\/wp\/v2\/categories?post=35878"},{"taxonomy":"post_tag","embeddable":true,"href":"https:\/\/www.brw.pl\/blog\/wp-json\/wp\/v2\/tags?post=35878"}],"curies":[{"name":"wp","href":"https:\/\/api.w.org\/{rel}","templated":true}]}}