{"id":35948,"date":"2024-04-18T08:00:09","date_gmt":"2024-04-18T06:00:09","guid":{"rendered":"https:\/\/www.brw.pl\/blog\/?p=35948"},"modified":"2024-04-17T12:41:33","modified_gmt":"2024-04-17T10:41:33","slug":"co-zamiast-stolu-w-kuchni-oto-propozycje-od-black-red-white","status":"publish","type":"post","link":"https:\/\/www.brw.pl\/blog\/co-zamiast-stolu-w-kuchni-oto-propozycje-od-black-red-white\/","title":{"rendered":"Co zamiast sto\u0142u w kuchni? Oto propozycje od Black Red White!"},"content":{"rendered":"<p><strong>Twoja kuchnia jest na tyle ma\u0142a, \u017ce nie zmie\u015bci si\u0119 w niej st\u00f3\u0142 jadalniany? Nie martw si\u0119, mamy dla Ciebie alternatyw\u0119 i to niejedn\u0105!<\/strong><\/p>\n<p><!--more--><\/p>\n<p><center><img decoding=\"async\" class=\"alignnone size-medium wp-image-35949 lazyload\" data-src=\"https:\/\/www.brw.pl\/blog\/wp-content\/uploads\/2024\/04\/glowne-FL_SOLE_L6_magnolia-perla-800x610.jpg\" alt=\"Kuchnia Family Line Sole L6 - magnolia per\u0142a - aran\u017cacja\" width=\"800\" height=\"610\" data-srcset=\"https:\/\/www.brw.pl\/blog\/wp-content\/uploads\/2024\/04\/glowne-FL_SOLE_L6_magnolia-perla-800x610.jpg 800w, https:\/\/www.brw.pl\/blog\/wp-content\/uploads\/2024\/04\/glowne-FL_SOLE_L6_magnolia-perla-768x585.jpg 768w, https:\/\/www.brw.pl\/blog\/wp-content\/uploads\/2024\/04\/glowne-FL_SOLE_L6_magnolia-perla.jpg 1395w\" data-sizes=\"(max-width: 800px) 100vw, 800px\" src=\"data:image\/svg+xml;base64,PHN2ZyB3aWR0aD0iMSIgaGVpZ2h0PSIxIiB4bWxucz0iaHR0cDovL3d3dy53My5vcmcvMjAwMC9zdmciPjwvc3ZnPg==\" style=\"--smush-placeholder-width: 800px; --smush-placeholder-aspect-ratio: 800\/610;\" \/><\/center><\/p>\n<p style=\"text-align: center;\">Kuchnia modu\u0142owa <a href=\"https:\/\/www.brw.pl\/family-line-sole-l6,56768\" target=\"_blank\" rel=\"noopener\"><strong>FAMILY LINE &#8211; SOLE L6<\/strong><\/a><\/p>\n<h2><strong>Aran\u017cacja ma\u0142ej kuchni &#8211; o czym pami\u0119ta\u0107?<\/strong><\/h2>\n<p>W naszym artykule:<\/p>\n<ul>\n<li>wyja\u015bnimy, jak pomin\u0105\u0107 st\u00f3\u0142 w ma\u0142ej kuchni &#8211; aran\u017cacje kuchenne bez sto\u0142u jak najbardziej mog\u0105 by\u0107 funkcjonalne oraz estetyczne,<\/li>\n<li>podpowiemy, czym zast\u0105pi\u0107 st\u00f3\u0142, aby wygodnie przygotowywa\u0107 i spo\u017cywa\u0107 posi\u0142ki,<\/li>\n<li>zaprezentujemy inspiruj\u0105ce aran\u017cacje i produkty od Black Red White.<\/li>\n<\/ul>\n<p><strong>Przede wszystkim uk\u0142ad kuchni powinien by\u0107 tak rozplanowany, aby nie utrudnia\u0107 poruszania si\u0119 po niej.<\/strong> Dost\u0119pn\u0105 przestrze\u0144 nale\u017cy rozs\u0105dnie zagospodarowa\u0107. Na skromnym metra\u017cu staje si\u0119 to prawdziwym wyzwaniem, a dodatkowy mebel, jakim jest <a href=\"https:\/\/www.brw.pl\/meble\/stoly-i-krzesla\/stoly\/\" target=\"_blank\" rel=\"noopener\">st\u00f3\u0142<\/a>, nie u\u0142atwia zadania. Nawet st\u00f3\u0142 w kuchni przy \u015bcianie, maksymalnie do niej dosuni\u0119ty, nie wp\u0142ywa korzystnie na u\u017cytkowanie pomieszczenia i trudno sensownie wkomponowa\u0107 go w wystr\u00f3j.<\/p>\n<p>Czym si\u0119 kierowa\u0107, szukaj\u0105c innych rozwi\u0105za\u0144, gdy brakuje miejsca na st\u00f3\u0142? W pierwszej kolejno\u015bci musisz wzi\u0105\u0107 pod uwag\u0119 ci\u0105g komunikacyjny, czyli &#8222;\u015bcie\u017cki&#8221;, kt\u00f3rymi w\u0119drujesz po kuchni. Nic nie mo\u017ce go zaburza\u0107. W przeciwnym razie zar\u00f3wno gotowanie, jak i jedzenie b\u0119dzie uci\u0105\u017cliwe.<\/p>\n<p>Pami\u0119taj, \u017ceby zachowa\u0107 tak zwany tr\u00f3jk\u0105t roboczy, w kt\u00f3rego obr\u0119bie b\u0119dziesz przemieszcza\u0107 si\u0119 bez przeszk\u00f3d. Czym jest tr\u00f3jk\u0105t roboczy? Takim ustawieniem kluczowych kuchennych <a href=\"https:\/\/www.brw.pl\/agd\/\" target=\"_blank\" rel=\"noopener\">urz\u0105dze\u0144 AGD<\/a>, aby korzysta\u0142o si\u0119 z nich jak najbardziej komfortowo. Wierzcho\u0142ki Twojego umownego tr\u00f3jk\u0105ta powinny tworzy\u0107 lod\u00f3wka, zlewozmywak oraz kuchenka. Najwa\u017cniejszy jest swobodny dost\u0119p do nich oraz do <a href=\"https:\/\/www.brw.pl\/meble\/meble-kuchenne\/blaty\/\" target=\"_blank\" rel=\"noopener\">blatu kuchennego<\/a>.<\/p>\n<p>Mebel, przy kt\u00f3rym si\u0105dziesz do \u015bniadania, obiadu czy kolacji musi znale\u017a\u0107 si\u0119 poza tr\u00f3jk\u0105tem roboczym lub&#8230; stanowi\u0107 jego cz\u0119\u015b\u0107. Postaraj si\u0119 r\u00f3wnie\u017c, aby by\u0142\u00a0<strong>sp\u00f3jny stylistycznie i kolorystycznie z pozosta\u0142ymi elementami wyposa\u017cenia takimi jak meble kuchenne<\/strong>.<\/p>\n<p>Co zamiast sto\u0142u do kuchni wybra\u0107? Tego dowiesz si\u0119 z dalszej cz\u0119\u015bci artyku\u0142u.<\/p>\n<h2><strong>Ma\u0142a kuchnia \u2013 co zamiast sto\u0142u w kuchni?<\/strong><\/h2>\n<p><center><img decoding=\"async\" class=\"alignnone size-medium wp-image-35950 lazyload\" data-src=\"https:\/\/www.brw.pl\/blog\/wp-content\/uploads\/2024\/04\/traffic-95th-pure-street-slargea-800x533.jpg\" alt=\"Kuchnia Senso Kitchens Traffic 95th Pure Street - aran\u017cacja\" width=\"800\" height=\"533\" data-srcset=\"https:\/\/www.brw.pl\/blog\/wp-content\/uploads\/2024\/04\/traffic-95th-pure-street-slargea-800x533.jpg 800w, https:\/\/www.brw.pl\/blog\/wp-content\/uploads\/2024\/04\/traffic-95th-pure-street-slargea-768x512.jpg 768w, https:\/\/www.brw.pl\/blog\/wp-content\/uploads\/2024\/04\/traffic-95th-pure-street-slargea.jpg 830w\" data-sizes=\"(max-width: 800px) 100vw, 800px\" src=\"data:image\/svg+xml;base64,PHN2ZyB3aWR0aD0iMSIgaGVpZ2h0PSIxIiB4bWxucz0iaHR0cDovL3d3dy53My5vcmcvMjAwMC9zdmciPjwvc3ZnPg==\" style=\"--smush-placeholder-width: 800px; --smush-placeholder-aspect-ratio: 800\/533;\" \/><\/center><\/p>\n<p style=\"text-align: center;\">Kuchnia na wymiar <a href=\"https:\/\/www.brw.pl\/traffic-95th-pure-street,94301\" target=\"_blank\" rel=\"noopener\"><strong>SENSO KITCHENS TRAFFIC &#8211; 95th PURE STREET<\/strong><\/a><\/p>\n<p>Oto 5 pomys\u0142\u00f3w na alternatyw\u0119 dla sto\u0142u kuchennego. Z pewno\u015bci\u0105 pomog\u0105 Ci wyznaczy\u0107 odpowiednie miejsce w kuchni na konsumowanie potraw.<\/p>\n<h3 style=\"text-align: center;\"><strong>Wyspa zamiast sto\u0142u w kuchni: praktycznie i estetycznie<\/strong><\/h3>\n<p>Wyspa w kuchni jako st\u00f3\u0142 to bardzo popularne rozwi\u0105zanie zar\u00f3wno w du\u017cych kuchniach, jak i w aneksach kuchennych. W przypadku kuchni po\u0142\u0105czonej z salonem wyspa dodatkowo akcentuje podzia\u0142 przestrzeni na strefy wypoczynkow\u0105 oraz kuchenn\u0105.<\/p>\n<p>Wyspa kuchenna nierzadko stanowi wielofunkcyjny mebel. Mo\u017ce by\u0107 zintegrowana ze zlewozmywakiem, piekarnikiem albo <a href=\"https:\/\/www.brw.pl\/agd\/agd-do-zabudowy\/plyty-kuchenne-do-zabudowy\/\" target=\"_blank\" rel=\"noopener\">p\u0142yt\u0105 indukcyjn\u0105<\/a>. Niekt\u00f3rzy decyduj\u0105 si\u0119 na wysp\u0119 w postaci kilku <a href=\"https:\/\/www.brw.pl\/meble\/meble-kuchenne\/szafki-kuchenne\/\" target=\"_blank\" rel=\"noopener\">szafek<\/a> do przechowywania <a href=\"https:\/\/www.brw.pl\/wyposazenie-kuchni\/naczynia-do-gotowania\/garnki-i-rondle\/\" target=\"_blank\" rel=\"noopener\">garnk\u00f3w<\/a>, <a href=\"https:\/\/www.brw.pl\/wyposazenie-kuchni\/naczynia-do-gotowania\/patelnie\/\" target=\"_blank\" rel=\"noopener\">patelni<\/a>, <a href=\"https:\/\/www.brw.pl\/serwowanie\/serwowanie-potraw\/serwisy-obiadowe\/\" target=\"_blank\" rel=\"noopener\">serwis\u00f3w obiadowych<\/a> b\u0105d\u017a produkt\u00f3w spo\u017cywczych. Blat takiej wyspy jak najbardziej nadaje si\u0119 do spo\u017cywania posi\u0142k\u00f3w. Kupuj\u0105c tego rodzaju szafko-st\u00f3\u0142 do kuchni, <strong>rozejrzyj si\u0119 za modelem, w kt\u00f3rym przewidziano przestrze\u0144 na nogi podczas siedzenia<\/strong>.<\/p>\n<blockquote><p>Warto wiedzie\u0107, \u017ce na rynku s\u0105 dost\u0119pne tak\u017ce wyspy kuchenne w wersji mobilnej. Zdaj\u0105 egzamin zw\u0142aszcza w ma\u0142ych kuchniach, poniewa\u017c \u0142atwo przesun\u0105\u0107 je w dowolne miejsce &#8211; podpowiada ekspert Black Red White.<\/p><\/blockquote>\n<h3 style=\"text-align: center;\"><strong>Barek kuchenny: praktyczne rozwi\u0105zanie do niewielkich przestrzeni<\/strong><\/h3>\n<p>Inn\u0105, r\u00f3wnie interesuj\u0105c\u0105 mo\u017cliwo\u015bci\u0105 jest barek kuchenny. Zwykle przyjmuje form\u0119 p\u00f3\u0142wyspu po lewej b\u0105d\u017a prawej stronie kuchni, przylegaj\u0105c do \u015bciany oraz dolnej zabudowy kuchennej. Kuchnia tworzy w\u00f3wczas ergonomiczny uk\u0142ad w kszta\u0142cie litery L lub U.<\/p>\n<p>Barek w kuchni zamiast sto\u0142u sprawia, \u017ce pomieszczenie staje si\u0119 po cz\u0119\u015bci jadalni\u0105. <strong>\u015awietnym pomys\u0142em jest barek wy\u017cszy ni\u017c blat roboczy, przy kt\u00f3rym stoi.<\/strong> Spisuje si\u0119 szczeg\u00f3lnie w kuchni otwartej na salon, poniewa\u017c dzi\u0119ki niemu ukryjesz przed wzrokiem go\u015bci ba\u0142agan powsta\u0142y podczas przygotowywania posi\u0142ku. Niejeden sklep meblowy oferuje te\u017c dwupoziomowe p\u00f3\u0142wyspy z dwoma blatami &#8211; ni\u017cszym roboczym i wy\u017cszym, kt\u00f3ry s\u0142u\u017cy jako miejsce do spo\u017cywania posi\u0142k\u00f3w.<\/p>\n<p>Szukaj\u0105c barku kuchennego, pami\u0119taj o odpowiednich <a href=\"https:\/\/www.brw.pl\/meble\/stoly-i-krzesla\/krzesla\/\" target=\"_blank\" rel=\"noopener\">krzes\u0142ach<\/a>. Strza\u0142em w dziesi\u0105tk\u0119 b\u0119d\u0105 naturalnie <a href=\"https:\/\/www.brw.pl\/meble\/stoly-i-krzesla\/krzesla\/hokery-i-krzesla-barowe\/\" target=\"_blank\" rel=\"noopener\">krzes\u0142a barowe<\/a>, czyli hokery. W loftowym wn\u0119trzu mog\u0105 sprawdzi\u0107 si\u0119 hokery wykonane z metalu, z siedziskiem pokrytym ekosk\u00f3r\u0105. W nowoczesnej kuchni spisz\u0105 si\u0119 krzes\u0142a w neutralnym kolorze, o minimalistycznym designie.<\/p>\n<div style=\"display: flex; align-items: center; justify-content: center; text-align: center;\">\n<figure id=\"attachment_35951\" aria-describedby=\"caption-attachment-35951\" style=\"width: 400px\" class=\"wp-caption aligncenter\"><a href=\"https:\/\/www.brw.pl\/hoker-brazowy-h-88,37255\" target=\"_blank\" rel=\"noopener noreferrer\"><img decoding=\"async\" class=\"wp-image-35951 lazyload\" data-src=\"https:\/\/www.brw.pl\/blog\/wp-content\/uploads\/2024\/04\/hoker-brazowy-h-88-slargea.jpg\" alt=\"Hoker H 88\" width=\"400\" height=\"301\" data-srcset=\"https:\/\/www.brw.pl\/blog\/wp-content\/uploads\/2024\/04\/hoker-brazowy-h-88-slargea.jpg 798w, https:\/\/www.brw.pl\/blog\/wp-content\/uploads\/2024\/04\/hoker-brazowy-h-88-slargea-768x577.jpg 768w\" data-sizes=\"(max-width: 400px) 100vw, 400px\" src=\"data:image\/svg+xml;base64,PHN2ZyB3aWR0aD0iMSIgaGVpZ2h0PSIxIiB4bWxucz0iaHR0cDovL3d3dy53My5vcmcvMjAwMC9zdmciPjwvc3ZnPg==\" style=\"--smush-placeholder-width: 400px; --smush-placeholder-aspect-ratio: 400\/301;\" \/><\/a><figcaption id=\"caption-attachment-35951\" class=\"wp-caption-text\"><a href=\"https:\/\/www.brw.pl\/hoker-brazowy-h-88,37255\" target=\"_blank\" rel=\"noopener noreferrer\"><span style=\"font-weight: 400;\">HOKER H 88<\/span><\/a><\/figcaption><\/figure>\n<\/div>\n<p>&nbsp;<\/p>\n<div style=\"display: flex; align-items: center; justify-content: center; text-align: center;\">\n<figure id=\"attachment_20605\" aria-describedby=\"caption-attachment-20605\" style=\"width: 401px\" class=\"wp-caption aligncenter\"><a href=\"https:\/\/www.brw.pl\/krzeslo-hoker-barker,40510\" target=\"_blank\" rel=\"noopener noreferrer\"><img decoding=\"async\" class=\"wp-image-20605 lazyload\" data-src=\"https:\/\/www.brw.pl\/blog\/wp-content\/uploads\/2021\/10\/Krzes\u0142o-hoker-Barker.jpg\" alt=\"Krzes\u0142o hoker Barker\" width=\"401\" height=\"301\" src=\"data:image\/svg+xml;base64,PHN2ZyB3aWR0aD0iMSIgaGVpZ2h0PSIxIiB4bWxucz0iaHR0cDovL3d3dy53My5vcmcvMjAwMC9zdmciPjwvc3ZnPg==\" style=\"--smush-placeholder-width: 401px; --smush-placeholder-aspect-ratio: 401\/301;\" \/><\/a><figcaption id=\"caption-attachment-20605\" class=\"wp-caption-text\"><a href=\"https:\/\/www.brw.pl\/krzeslo-hoker-barker,40510\" target=\"_blank\" rel=\"noopener noreferrer\"><span style=\"font-weight: 400;\">KRZES\u0141O HOKER BARKER<\/span><\/a><\/figcaption><\/figure>\n<\/div>\n<h3 style=\"text-align: center;\"><strong>St\u00f3\u0142-blat: przed\u0142u\u017cenie blatu kuchennego<\/strong><\/h3>\n<p>Co powiesz na to, aby stworzy\u0107 st\u00f3\u0142 z blatu kuchennego? <strong>Przed\u0142u\u017cenie blatu w kuchni jako st\u00f3\u0142 to fantastyczne rozwi\u0105zanie w pomieszczeniu, kt\u00f3re nie imponuje metra\u017cem.<\/strong> Pozwala sprytnie zagospodarowa\u0107 przestrze\u0144, nie przyt\u0142aczaj\u0105c jej.<\/p>\n<p>Co wi\u0119cej, st\u00f3\u0142 jadalniany tego typu powoduje, \u017ce aran\u017cacja jest bardziej sp\u00f3jna. Wprowadza harmoni\u0119 do kuchni, a im bardziej harmonijne wn\u0119trze, tym przyjemniej si\u0119 w nim przebywa.<\/p>\n<h3 style=\"text-align: center;\"><strong>Wysuwany stolik kuchenny: spos\u00f3b na funkcjonalne i estetyczne wn\u0119trze<\/strong><\/h3>\n<p>Kolejn\u0105 pomys\u0142ow\u0105 metod\u0105 na zast\u0105pienie sto\u0142u w ma\u0142ej kuchni jest&#8230; stolik wysuwany z szuflady. Taki dodatkowy blat mo\u017ce by\u0107 wyposa\u017cony w rozk\u0142adane n\u00f3\u017cki albo nie mie\u0107 ich wcale. <strong>W razie potrzeby zmieni si\u0119 nie tylko w st\u00f3\u0142 jadalniany, lecz tak\u017ce blat roboczy, desk\u0119 do prasowania czy biurko do pracy w kuchni.<\/strong><\/p>\n<h3 style=\"text-align: center;\"><strong>Sk\u0142adany stolik: dodatkowa przestrze\u0144 robocza zawsze wtedy, gdy jej potrzebujesz<\/strong><\/h3>\n<p>Je\u015bli \u017cadna z proponowanych opcji Ci nie odpowiada, zastan\u00f3w si\u0119 nad sk\u0142adanym stolikiem. <strong>Pomi\u0119dzy porami posi\u0142k\u00f3w przechowasz go na przyk\u0142ad w szafie b\u0105d\u017a&#8230; pod \u0142\u00f3\u017ckiem.<\/strong> Zainwestuj w lekki model, kt\u00f3ry bez problemu uniesiesz.<\/p>\n<p>Sk\u0142adanemu stolikowi niech towarzysz\u0105 krzes\u0142a, kt\u00f3re r\u00f3wnie\u017c z\u0142o\u017cysz i ukryjesz w niewidocznym miejscu, gdy nie b\u0119d\u0105 potrzebne.<\/p>\n<p>Czytaj r\u00f3wnie\u017c: <a href=\"https:\/\/www.brw.pl\/blog\/ile-miejsca-na-stol-z-krzeslami-potrzebujesz-brw-podpowiada\/\" target=\"_blank\" rel=\"noopener\"><strong>&#8222;Ile miejsca na st\u00f3\u0142 z krzes\u0142ami potrzebujesz? BRW podpowiada!&#8221;<\/strong><\/a>.<\/p>\n<h2><strong>Klasyczny st\u00f3\u0142 i ma\u0142a kuchnia? Zapomnij!<\/strong><\/h2>\n<p><center><img decoding=\"async\" class=\"alignnone size-medium wp-image-35781 lazyload\" data-src=\"https:\/\/www.brw.pl\/blog\/wp-content\/uploads\/2024\/03\/glowne-95-th_Pure-Street-Velvet-Czarny-z-uchw.-L4-_84-th-Board-Street_Dab-Hikora-z-uchw.-L4_Ar1-800x605.jpg\" alt=\"Kuchnia na wymiar SENSO KITCHENS TRAFFIC - 95th PURE STREET - aran\u017cacja\" width=\"800\" height=\"605\" data-srcset=\"https:\/\/www.brw.pl\/blog\/wp-content\/uploads\/2024\/03\/glowne-95-th_Pure-Street-Velvet-Czarny-z-uchw.-L4-_84-th-Board-Street_Dab-Hikora-z-uchw.-L4_Ar1-800x605.jpg 800w, https:\/\/www.brw.pl\/blog\/wp-content\/uploads\/2024\/03\/glowne-95-th_Pure-Street-Velvet-Czarny-z-uchw.-L4-_84-th-Board-Street_Dab-Hikora-z-uchw.-L4_Ar1-768x581.jpg 768w, https:\/\/www.brw.pl\/blog\/wp-content\/uploads\/2024\/03\/glowne-95-th_Pure-Street-Velvet-Czarny-z-uchw.-L4-_84-th-Board-Street_Dab-Hikora-z-uchw.-L4_Ar1.jpg 1415w\" data-sizes=\"(max-width: 800px) 100vw, 800px\" src=\"data:image\/svg+xml;base64,PHN2ZyB3aWR0aD0iMSIgaGVpZ2h0PSIxIiB4bWxucz0iaHR0cDovL3d3dy53My5vcmcvMjAwMC9zdmciPjwvc3ZnPg==\" style=\"--smush-placeholder-width: 800px; --smush-placeholder-aspect-ratio: 800\/605;\" \/><\/center><\/p>\n<p style=\"text-align: center;\">Jedna z ods\u0142on kuchni Traffic &#8211; 95th Pure Street z kolekcji kuchni na wymiar <a href=\"https:\/\/www.brw.pl\/kolekcja-senso-kitchens,238\" target=\"_blank\" rel=\"noopener\"><strong>SENSO KITCHENS<\/strong><\/a><\/p>\n<p>Jak widzisz, masz przed sob\u0105 szereg mo\u017cliwo\u015bci, gdy planujesz zaaran\u017cowa\u0107 niewielk\u0105 kuchni\u0119 bez tradycyjnego sto\u0142u. Istniej\u0105 liczne\u00a0alternatywne rozwi\u0105zania, kt\u00f3re pomog\u0105 Ci wyczarowa\u0107 funkcjonalne i efektowne wn\u0119trze.\u00a0Wyspa, barek kuchenny, przed\u0142u\u017cenie blatu kuchennego, wysuwany albo sk\u0142adany stolik &#8211; do wyboru, do koloru.<\/p>\n<p><strong>Warto wiedzie\u0107, \u017ce zaproponowane przez nas metody pozwol\u0105 nie tylko m\u0105drze wykorzysta\u0107 ma\u0142\u0105 przestrze\u0144 kuchni, lecz tak\u017ce sprawdz\u0105 si\u0119 w przestronnym pomieszczeniu.<\/strong> Zw\u0142aszcza wyspy i p\u00f3\u0142wyspy ciesz\u0105 si\u0119 nies\u0142abn\u0105cym powodzeniem, gdy masz do dyspozycji spory metra\u017c.<\/p>\n<p>Po wi\u0119cej inspiracji zapraszamy do <a href=\"https:\/\/www.brw.pl\/\" target=\"_blank\" rel=\"noopener\"><strong>sklepu internetowego Black Red White<\/strong><\/a>!<\/p>\n","protected":false},"excerpt":{"rendered":"<p>Twoja kuchnia jest na tyle ma\u0142a, \u017ce nie zmie\u015bci si\u0119 w niej st\u00f3\u0142 jadalniany? Nie martw si\u0119, mamy dla Ciebie alternatyw\u0119 i to niejedn\u0105!<\/p>\n","protected":false},"author":29,"featured_media":35949,"comment_status":"closed","ping_status":"open","sticky":false,"template":"","format":"standard","meta":{"footnotes":""},"categories":[26,574],"tags":[],"aioseo_notices":[],"_links":{"self":[{"href":"https:\/\/www.brw.pl\/blog\/wp-json\/wp\/v2\/posts\/35948"}],"collection":[{"href":"https:\/\/www.brw.pl\/blog\/wp-json\/wp\/v2\/posts"}],"about":[{"href":"https:\/\/www.brw.pl\/blog\/wp-json\/wp\/v2\/types\/post"}],"author":[{"embeddable":true,"href":"https:\/\/www.brw.pl\/blog\/wp-json\/wp\/v2\/users\/29"}],"replies":[{"embeddable":true,"href":"https:\/\/www.brw.pl\/blog\/wp-json\/wp\/v2\/comments?post=35948"}],"version-history":[{"count":3,"href":"https:\/\/www.brw.pl\/blog\/wp-json\/wp\/v2\/posts\/35948\/revisions"}],"predecessor-version":[{"id":35954,"href":"https:\/\/www.brw.pl\/blog\/wp-json\/wp\/v2\/posts\/35948\/revisions\/35954"}],"wp:featuredmedia":[{"embeddable":true,"href":"https:\/\/www.brw.pl\/blog\/wp-json\/wp\/v2\/media\/35949"}],"wp:attachment":[{"href":"https:\/\/www.brw.pl\/blog\/wp-json\/wp\/v2\/media?parent=35948"}],"wp:term":[{"taxonomy":"category","embeddable":true,"href":"https:\/\/www.brw.pl\/blog\/wp-json\/wp\/v2\/categories?post=35948"},{"taxonomy":"post_tag","embeddable":true,"href":"https:\/\/www.brw.pl\/blog\/wp-json\/wp\/v2\/tags?post=35948"}],"curies":[{"name":"wp","href":"https:\/\/api.w.org\/{rel}","templated":true}]}}