{"id":36090,"date":"2024-04-30T08:46:56","date_gmt":"2024-04-30T06:46:56","guid":{"rendered":"https:\/\/www.brw.pl\/blog\/?p=36090"},"modified":"2024-04-29T13:27:09","modified_gmt":"2024-04-29T11:27:09","slug":"bialy-pokoj-jak-go-zaaranzowac-sprawdz-nasze-pomysly-na-biel-we-wnetrzu","status":"publish","type":"post","link":"https:\/\/www.brw.pl\/blog\/bialy-pokoj-jak-go-zaaranzowac-sprawdz-nasze-pomysly-na-biel-we-wnetrzu\/","title":{"rendered":"Bia\u0142y pok\u00f3j \u2013 jak go zaaran\u017cowa\u0107? Sprawd\u017a nasze pomys\u0142y na biel we wn\u0119trzu"},"content":{"rendered":"<p><strong>Bia\u0142e wn\u0119trza od lat ciesz\u0105 si\u0119 ogromn\u0105 popularno\u015bci\u0105. Nie dziwi nas to! Biel to niezwykle uniwersalna barwa <\/strong>\u2013<strong> odnajdzie si\u0119 niemal w ka\u017cdej koncepcji projektowej. Jak urz\u0105dzi\u0107 bia\u0142y pok\u00f3j, aby stworzy\u0107 przestrze\u0144 stylow\u0105, eleganck\u0105 i pe\u0142n\u0105 \u015bwiat\u0142a? Dowiedz si\u0119, jak poradzi\u0107 sobie z potencjalnymi trudno\u015bciami, zobacz najlepsze inspiracje i poznaj pomys\u0142y na aran\u017cacje zgodne z najnowszymi trendami. Zaczynamy!<\/strong><!--more--><\/p>\n<div style=\"display: flex; align-items: center; justify-content: center; text-align: center;\">\n<figure id=\"attachment_35662\" aria-describedby=\"caption-attachment-35662\" style=\"width: 800px\" class=\"wp-caption aligncenter\"><a href=\"https:\/\/www.brw.pl\/kolekcja-loksa,542\" target=\"_blank\" rel=\"noopener noreferrer\"><img decoding=\"async\" class=\"wp-image-35662 size-medium lazyload\" data-src=\"https:\/\/www.brw.pl\/blog\/wp-content\/uploads\/2024\/03\/S455_LOKSA_sypialnia_Ar1-800x552.jpg\" alt=\"Kolekcja Loksa aran\u017cacja sypialni\" width=\"800\" height=\"552\" data-srcset=\"https:\/\/www.brw.pl\/blog\/wp-content\/uploads\/2024\/03\/S455_LOKSA_sypialnia_Ar1-800x552.jpg 800w, https:\/\/www.brw.pl\/blog\/wp-content\/uploads\/2024\/03\/S455_LOKSA_sypialnia_Ar1-768x530.jpg 768w, https:\/\/www.brw.pl\/blog\/wp-content\/uploads\/2024\/03\/S455_LOKSA_sypialnia_Ar1-1536x1061.jpg 1536w, https:\/\/www.brw.pl\/blog\/wp-content\/uploads\/2024\/03\/S455_LOKSA_sypialnia_Ar1.jpg 1561w\" data-sizes=\"(max-width: 800px) 100vw, 800px\" src=\"data:image\/svg+xml;base64,PHN2ZyB3aWR0aD0iMSIgaGVpZ2h0PSIxIiB4bWxucz0iaHR0cDovL3d3dy53My5vcmcvMjAwMC9zdmciPjwvc3ZnPg==\" style=\"--smush-placeholder-width: 800px; --smush-placeholder-aspect-ratio: 800\/552;\" \/><\/a><figcaption id=\"caption-attachment-35662\" class=\"wp-caption-text\"><a href=\"https:\/\/www.brw.pl\/kolekcja-loksa,542\" target=\"_blank\" rel=\"noopener noreferrer\"><span style=\"font-weight: 400;\">KOLEKCJA LOKSA<\/span><\/a><b> W ARAN\u017bACJI SYPIALNI <\/b><\/figcaption><\/figure>\n<\/div>\n<h2><strong>Bia\u0142y pok\u00f3j: czy to dobry pomys\u0142?<\/strong><\/h2>\n<p>Decyzja o urz\u0105dzeniu pokoju w bia\u0142ym kolorze mo\u017ce wydawa\u0107 si\u0119 kusz\u0105ca. Nie bez powodu! <strong>Biel to barwa o licznych zaletach i szerokim zastosowaniu w segmencie <em>home decor<\/em><\/strong>. Doskonale sprawdza si\u0119 nie tylko jako kolor \u015bcian, ale r\u00f3wnie\u017c <a href=\"https:\/\/www.brw.pl\/meble\/\" target=\"_blank\" rel=\"noopener\">mebli<\/a>, dodatk\u00f3w, a nawet pod\u0142\u00f3g. Budzi skojarzenia z czysto\u015bci\u0105 i \u015bwie\u017co\u015bci\u0105, optycznie powi\u0119ksza wn\u0119trza, nigdy nie wychodzi z mody.<\/p>\n<p>Co wi\u0119cej, jasne otoczenie wp\u0142ywa na odczuwanie spokoju i harmonii \u2013 to mi\u0119dzy innymi dlatego bia\u0142e \u015bciany kr\u00f3luj\u0105 g\u0142\u00f3wnie w pomieszczeniach takich jak salon, sypialnia czy pok\u00f3j dzieci\u0119cy. Neutralne t\u0142o jest znakomitym punktem wyj\u015bcia do zaaran\u017cowania <a href=\"https:\/\/www.brw.pl\/blog\/przestrzen-od-zabawy-i-nauki-jak-urzadzic-pokoj-dla-chlopca\/\" target=\"_blank\" rel=\"noopener\">pokoju dla ch\u0142opca<\/a> oraz kr\u00f3lestwa dziewczynki.<\/p>\n<h3>Wszechstronny charakter bieli<\/h3>\n<p>U\u017cywaj\u0105c bieli, mo\u017cesz nada\u0107 wn\u0119trzu <strong>minimalistyczny charakter<\/strong> lub wr\u0119cz przeciwnie \u2013 <strong>podkre\u015bli\u0107 jego wytworno\u015b\u0107 i elegancj\u0119<\/strong>. Jest to kolor, kt\u00f3ry doskonale prezentuje si\u0119 zar\u00f3wno w towarzystwie nowoczesnych, surowych form, jak i w po\u0142\u0105czeniu z klasycznymi detalami. W aran\u017cacjach modernistycznych biel cz\u0119sto wyst\u0119puje jako t\u0142o dla bardziej wyrazistych element\u00f3w, np. sztuki czy awangardowych mebli. Dzi\u0119ki niej nawet najdrobniejsze detale zyskuj\u0105 na znaczeniu.<\/p>\n<h3>Biel w wystroju wn\u0119trza \u2013 wyzwania<\/h3>\n<p>Urz\u0105dzaj\u0105c bia\u0142y pok\u00f3j, musimy zdawa\u0107 sobie spraw\u0119 z aran\u017cacyjnych wyzwa\u0144, z jakimi przyjdzie nam si\u0119 zmierzy\u0107. Zgadza si\u0119, biel we wn\u0119trzach ma nie tylko zalety. <strong>G\u0142\u00f3wn\u0105 niedogodno\u015bci\u0105 zwi\u0105zan\u0105 z posiadaniem bia\u0142ych przestrzeni s\u0105 k\u0142opoty z utrzymaniem jej w czysto\u015bci<\/strong>. Z tym argumentem trudno polemizowa\u0107 \u2013 na jasnych powierzchniach widoczne jest ka\u017cde, nawet najmniejsze zabrudzenie. Bia\u0142y pok\u00f3j wymaga zatem cz\u0119stszego sprz\u0105tania i zwracania wi\u0119kszej uwagi na codzienne u\u017cytkowanie.<\/p>\n<div style=\"display: flex; align-items: center; justify-content: center; text-align: center;\">\n<figure id=\"attachment_29168\" aria-describedby=\"caption-attachment-29168\" style=\"width: 800px\" class=\"wp-caption aligncenter\"><a href=\"https:\/\/www.brw.pl\/szafa-narozna-nuis-78x78-cm-dab-wotan-bialy-polysk,41740\" target=\"_blank\" rel=\"noopener noreferrer\"><img decoding=\"async\" class=\"wp-image-29168 size-medium lazyload\" data-src=\"https:\/\/www.brw.pl\/blog\/wp-content\/uploads\/2022\/12\/Nuis_mlodziezowy_www-800x450.jpg\" alt=\"Pokoje ze skosem - aran\u017cacje\" width=\"800\" height=\"450\" data-srcset=\"https:\/\/www.brw.pl\/blog\/wp-content\/uploads\/2022\/12\/Nuis_mlodziezowy_www-800x450.jpg 800w, https:\/\/www.brw.pl\/blog\/wp-content\/uploads\/2022\/12\/Nuis_mlodziezowy_www.jpg 1920w, https:\/\/www.brw.pl\/blog\/wp-content\/uploads\/2022\/12\/Nuis_mlodziezowy_www-768x432.jpg 768w, https:\/\/www.brw.pl\/blog\/wp-content\/uploads\/2022\/12\/Nuis_mlodziezowy_www-1536x864.jpg 1536w\" data-sizes=\"(max-width: 800px) 100vw, 800px\" src=\"data:image\/svg+xml;base64,PHN2ZyB3aWR0aD0iMSIgaGVpZ2h0PSIxIiB4bWxucz0iaHR0cDovL3d3dy53My5vcmcvMjAwMC9zdmciPjwvc3ZnPg==\" style=\"--smush-placeholder-width: 800px; --smush-placeholder-aspect-ratio: 800\/450;\" \/><\/a><figcaption id=\"caption-attachment-29168\" class=\"wp-caption-text\"><a href=\"https:\/\/www.brw.pl\/szafa-narozna-nuis-78x78-cm-dab-wotan-bialy-polysk,41740\" target=\"_blank\" rel=\"noopener noreferrer\"><span style=\"font-weight: 400;\">SZAFA NARO\u017bNA NUIS<\/span><\/a><\/figcaption><\/figure>\n<\/div>\n<p>Innym zagro\u017ceniem, kt\u00f3re czyha na zwolennik\u00f3w bia\u0142ego koloru, jest zbytnia &#8222;sterylno\u015b\u0107&#8221; wystroju. <strong>Nietrudno o ni\u0105 w nowoczesnych wn\u0119trzach, w kt\u00f3rych przewa\u017ca ch\u0142odny odcie\u0144 bia\u0142ego<\/strong>. Je\u015bli zale\u017cy nam na modnym, a przy tym minimalistycznym efekcie, musimy operowa\u0107 kolorem z du\u017c\u0105 doz\u0105 wyczucia. W przeciwnym razie wn\u0119trze mo\u017ce sta\u0107 si\u0119 zimne i ma\u0142o przyjazne.<\/p>\n<p>Chcesz wiedzie\u0107, jak pokona\u0107 powy\u017csze trudno\u015bci? Czytaj dalej! Piszemy o tym w kolejnych akapitach.<\/p>\n<h2><strong>O czym pami\u0119ta\u0107 przy aran\u017cacji bia\u0142ego pokoju?<\/strong><\/h2>\n<p>Wydawa\u0107 by si\u0119 mog\u0142o, \u017ce urz\u0105dzenie bia\u0142ego pokoju to nic trudnego. Tymczasem monochromatyczne aran\u017cacje wcale nie nale\u017c\u0105 do naj\u0142atwiejszych projekt\u00f3w. Biel jest jedn\u0105 z tych barw we wn\u0119trzach, kt\u00f3re wymagaj\u0105 od aran\u017cera przemy\u015blanej strategii. Oznacza to, \u017ce <strong>dob\u00f3r element\u00f3w wyko\u0144czeniowych, wyposa\u017cenia i dodatk\u00f3w nie powinien by\u0107 przypadkowy<\/strong>. Na co zwr\u00f3ci\u0107 uwag\u0119, aran\u017cuj\u0105c bia\u0142y pok\u00f3j?<\/p>\n<h3>Wybierz materia\u0142y \u0142atwe w utrzymaniu<\/h3>\n<p>Niezale\u017cnie od tego, czy urz\u0105dzasz bia\u0142y pok\u00f3j m\u0142odzie\u017cowy czy te\u017c bia\u0142y salon, <strong>staraj si\u0119 wybiera\u0107 materia\u0142y, kt\u00f3re s\u0105 odporne na zabrudzenia i \u0142atwe do czyszczenia<\/strong>. Je\u015bli chcesz pomalowa\u0107 \u015bciany na bia\u0142y kolor, si\u0119gnij po wysokiej jako\u015bci farby lateksowe. W przypadku pod\u0142\u00f3g warto postawi\u0107 na panele winylowe (maj\u0105 w\u0142a\u015bciwo\u015bci antystatyczne), gres lub p\u0142ytki ceramiczne. Marzysz o jasnej kanapie? Zainwestuj w tak\u0105, kt\u00f3ra pokryta jest tkanin\u0105 typu <em>easy clean<\/em> \u2013 w razie potrzeby bez problemu usuniesz z niej plamy.<\/p>\n<div style=\"display: flex; align-items: center; justify-content: center; text-align: center;\">\n<figure id=\"attachment_33075\" aria-describedby=\"caption-attachment-33075\" style=\"width: 550px\" class=\"wp-caption aligncenter\"><a href=\"https:\/\/www.brw.pl\/fotel-moti,52645\" target=\"_blank\" rel=\"noopener noreferrer\"><img decoding=\"async\" class=\"wp-image-33075 lazyload\" data-src=\"https:\/\/www.brw.pl\/blog\/wp-content\/uploads\/2023\/06\/fotel-moti-tkanina-abriamo-4-white-mediumb.jpg\" alt=\"Fotel Moti bia\u0142y\" width=\"550\" height=\"413\" src=\"data:image\/svg+xml;base64,PHN2ZyB3aWR0aD0iMSIgaGVpZ2h0PSIxIiB4bWxucz0iaHR0cDovL3d3dy53My5vcmcvMjAwMC9zdmciPjwvc3ZnPg==\" style=\"--smush-placeholder-width: 550px; --smush-placeholder-aspect-ratio: 550\/413;\" \/><\/a><figcaption id=\"caption-attachment-33075\" class=\"wp-caption-text\"><a href=\"https:\/\/www.brw.pl\/fotel-moti,52645\" target=\"_blank\" rel=\"noopener noreferrer\"><span style=\"font-weight: 400;\">FOTEL MOTI BIA\u0141Y<\/span><\/a><\/figcaption><\/figure>\n<\/div>\n<h3>Zastan\u00f3w si\u0119, jak o\u017cywi\u0107 bia\u0142y pok\u00f3j<\/h3>\n<p>Bia\u0142e wn\u0119trze, mimo ca\u0142ego swojego uroku, mo\u017ce sta\u0107 si\u0119 zbyt sterylne, monotonne, pozbawione charakteru. Na szcz\u0119\u015bcie \u0142atwo temu zapobiec, np.<strong> poprzez r\u00f3\u017cnorodno\u015b\u0107 faktur i materia\u0142\u00f3w<\/strong>. Tekstylia takie jak pluszowe <a href=\"https:\/\/www.brw.pl\/tekstylia\/dywany-i-chodniki\/dywany\/\" target=\"_blank\" rel=\"noopener\">dywany<\/a> czy mi\u0119kkie <a href=\"https:\/\/www.brw.pl\/dekoracje\/poduszki-dekoracyjne\/\" target=\"_blank\" rel=\"noopener\">poduszki dekoracyjne<\/a> mog\u0105 ociepli\u0107 aran\u017cacj\u0119 i doda\u0107 jej przytulno\u015bci. Eleganckie <a href=\"https:\/\/www.brw.pl\/tekstylia\/wystroj-okien\/zaslony\/\" target=\"_blank\" rel=\"noopener\">zas\u0142ony<\/a> lub delikatne <a href=\"https:\/\/www.brw.pl\/tekstylia\/wystroj-okien\/firany\/\" target=\"_blank\" rel=\"noopener\">firanki<\/a> nie tylko ozdobi\u0105 okna, ale r\u00f3wnie\u017c z\u0142agodz\u0105 surowo\u015b\u0107 bia\u0142ych \u015bcian. Drobne dekoracje o ciekawych formach urozmaic\u0105 monochromatyczny wystr\u00f3j.<\/p>\n<div style=\"display: flex; align-items: center; justify-content: center; text-align: center;\">\n<figure id=\"attachment_30001\" aria-describedby=\"caption-attachment-30001\" style=\"width: 800px\" class=\"wp-caption aligncenter\"><a href=\"https:\/\/www.brw.pl\/lozko-180-holten,29835\" target=\"_blank\" rel=\"noopener noreferrer\"><img decoding=\"async\" class=\"wp-image-30001 size-medium lazyload\" data-src=\"https:\/\/www.brw.pl\/blog\/wp-content\/uploads\/2023\/02\/Sypialnia-Holten-800x540.jpg\" alt=\"Sypialnia w stylu skandynawskim - Holten\" width=\"800\" height=\"540\" data-srcset=\"https:\/\/www.brw.pl\/blog\/wp-content\/uploads\/2023\/02\/Sypialnia-Holten-800x540.jpg 800w, https:\/\/www.brw.pl\/blog\/wp-content\/uploads\/2023\/02\/Sypialnia-Holten-768x518.jpg 768w, https:\/\/www.brw.pl\/blog\/wp-content\/uploads\/2023\/02\/Sypialnia-Holten-1536x1037.jpg 1536w, https:\/\/www.brw.pl\/blog\/wp-content\/uploads\/2023\/02\/Sypialnia-Holten.jpg 1600w\" data-sizes=\"(max-width: 800px) 100vw, 800px\" src=\"data:image\/svg+xml;base64,PHN2ZyB3aWR0aD0iMSIgaGVpZ2h0PSIxIiB4bWxucz0iaHR0cDovL3d3dy53My5vcmcvMjAwMC9zdmciPjwvc3ZnPg==\" style=\"--smush-placeholder-width: 800px; --smush-placeholder-aspect-ratio: 800\/540;\" \/><\/a><figcaption id=\"caption-attachment-30001\" class=\"wp-caption-text\"><a href=\"https:\/\/www.brw.pl\/lozko-180-holten,29835\" target=\"_blank\" rel=\"noopener noreferrer\"><span style=\"font-weight: 400;\">\u0141\u00d3\u017bKO HOLTEN<\/span><\/a><\/figcaption><\/figure>\n<\/div>\n<p>Dobrym wyborem do pokoju utrzymanego w jasnej kolorystyce b\u0119d\u0105 r\u00f3wnie\u017c modne materia\u0142y wyko\u0144czeniowe. Co powiesz na \u015bcian\u0119 pokryt\u0105 bia\u0142ymi lamelami, ceg\u0142\u0105 dekoracyjn\u0105 lub stiukiem weneckim imituj\u0105cym marmur? Aby uzyska\u0107 ciekawy, ponadczasowy efekt mo\u017cesz zdecydowa\u0107 si\u0119 te\u017c na <strong>po\u0142\u0105czenie bieli i naturalnego drewna<\/strong>. Ten duet zawsze jest na topie.<\/p>\n<p>Chcesz urz\u0105dzi\u0107 bia\u0142y pok\u00f3j, kt\u00f3ry sprzyja relaksowi? Pami\u0119taj, \u017ce kolor ten niejedno ma imi\u0119.\u00a0<strong>Je\u015bli zamierzasz unikn\u0105\u0107 efektu ch\u0142odu, mo\u017cesz postawi\u0107 na cieplejsze tonacje, bli\u017csze ko\u015bci s\u0142oniowej, porcelanie, wanilii<\/strong>. Delikatne, kremowe odcienie stworz\u0105 przyjemn\u0105 atmosfer\u0119 i dodadz\u0105 aran\u017cacji wyrazu.<\/p>\n<h2><strong>Pomys\u0142y na bia\u0142y pok\u00f3j \u2013 zainspiruj si\u0119!<\/strong><\/h2>\n<p>Odcienie bia\u0142ego bardzo dobrze prezentuj\u0105 si\u0119 w aran\u017cacjach w stylu industrialnym czy nowoczesnym, ale mog\u0105 wzbogaci\u0107 tak\u017ce projekty w duchu vintage, retro, boho czy glamour. Bia\u0142a baza idealnie sprawdzi si\u0119 w pokoju urz\u0105dzonym w stylu skandynawskim \u2013 bia\u0142e meble w matowej ods\u0142onie, drewniane wyko\u0144czenia, naturalne materia\u0142y to kwintesencja p\u00f3\u0142nocnej estetyki.<\/p>\n<p>Szukasz inspiracji, dzi\u0119ki kt\u00f3rym skrystalizuje si\u0119 Twoja wizja bia\u0142ego pokoju? Ciekawe pomys\u0142y aran\u017cacyjne oraz propozycje mebli i dodatk\u00f3w znajdziesz poni\u017cej!<\/p>\n<h3>\u00a0Minimalizm i prostota: biel w niemal ca\u0142ym pomieszczeniu<\/h3>\n<div style=\"display: flex; align-items: center; justify-content: center; text-align: center;\">\n<figure id=\"attachment_26049\" aria-describedby=\"caption-attachment-26049\" style=\"width: 800px\" class=\"wp-caption aligncenter\"><a href=\"https:\/\/www.brw.pl\/kolekcja-azteca-trio,530\" target=\"_blank\" rel=\"noopener noreferrer\"><img decoding=\"async\" class=\"wp-image-26049 size-medium lazyload\" data-src=\"https:\/\/www.brw.pl\/blog\/wp-content\/uploads\/2022\/08\/azteca-trio-salon-800x533.jpg\" alt=\"Aran\u017c salonu z kolekcj\u0105 Azteca Trio\" width=\"800\" height=\"533\" data-srcset=\"https:\/\/www.brw.pl\/blog\/wp-content\/uploads\/2022\/08\/azteca-trio-salon-800x533.jpg 800w, https:\/\/www.brw.pl\/blog\/wp-content\/uploads\/2022\/08\/azteca-trio-salon-768x512.jpg 768w, https:\/\/www.brw.pl\/blog\/wp-content\/uploads\/2022\/08\/azteca-trio-salon-1536x1024.jpg 1536w, https:\/\/www.brw.pl\/blog\/wp-content\/uploads\/2022\/08\/azteca-trio-salon.jpg 1620w\" data-sizes=\"(max-width: 800px) 100vw, 800px\" src=\"data:image\/svg+xml;base64,PHN2ZyB3aWR0aD0iMSIgaGVpZ2h0PSIxIiB4bWxucz0iaHR0cDovL3d3dy53My5vcmcvMjAwMC9zdmciPjwvc3ZnPg==\" style=\"--smush-placeholder-width: 800px; --smush-placeholder-aspect-ratio: 800\/533;\" \/><\/a><figcaption id=\"caption-attachment-26049\" class=\"wp-caption-text\"><a href=\"https:\/\/www.brw.pl\/kolekcja-azteca-trio,530\" target=\"_blank\" rel=\"noopener noreferrer\"><span style=\"font-weight: 400;\">KOLEKCJA AZTECA TRIO<\/span><\/a><\/figcaption><\/figure>\n<\/div>\n<p>Minimalizm w aran\u017cacji wn\u0119trz ceni sobie przede wszystkim prostot\u0119 form i brak zb\u0119dnych ozd\u00f3b. Nic dziwnego, \u017ce biel jest jednym z najcz\u0119\u015bciej wybieranych kolor\u00f3w do podkre\u015blenia tego stylu! W minimalistycznym bia\u0142ym pokoju, ka\u017cdy element jest dobrze przemy\u015blany i pe\u0142ni okre\u015blon\u0105 funkcj\u0119. W efekcie otrzymujemy wn\u0119trze o czystym, uporz\u0105dkowanym wygl\u0105dzie.<\/p>\n<p>Wybieraj\u0105c biel jako g\u0142\u00f3wny kolor, warto zadba\u0107 o sp\u00f3jno\u015b\u0107 kolorystyczn\u0105 ca\u0142ego pomieszczenia. <strong>Bia\u0142e \u015bciany, pod\u0142ogi i sufit tworz\u0105 jednolit\u0105, harmonijn\u0105 przestrze\u0144, kt\u00f3ra optycznie powi\u0119ksza wn\u0119trze i dodaje mu lekko\u015bci<\/strong>. R\u00f3wnie wa\u017cny jest dob\u00f3r materia\u0142\u00f3w \u2013 matowe wyko\u0144czenia podkre\u015blaj\u0105 subtelny charakter ca\u0142o\u015bci, podczas gdy b\u0142yszcz\u0105ce powierzchnie przyci\u0105gaj\u0105 wi\u0119cej \u015bwiat\u0142a do pomieszczenia. Ten sam zabieg zastosowali nasi projektanci, decyduj\u0105c si\u0119 na wyposa\u017cenie pokoju dziennego z <strong>kolekcji Azteca Trio<\/strong>.<\/p>\n<p>Minimalistyczna przestrze\u0144 zyskuje na warto\u015bci dzi\u0119ki starannie dobranym akcentom. Designerskie <a href=\"https:\/\/www.brw.pl\/oswietlenie\/\" target=\"_blank\" rel=\"noopener\">o\u015bwietlenie<\/a>, minimalistyczna ceramika czy monochromatyczne <a href=\"https:\/\/www.brw.pl\/dekoracje\/dekoracje-scienne\/obrazy\/\" target=\"_blank\" rel=\"noopener\">obrazy <\/a>mog\u0105 s\u0142u\u017cy\u0107 jako artystyczne wtr\u0105cenia, kt\u00f3re przyci\u0105gaj\u0105 wzrok i dodaj\u0105 g\u0142\u0119bi aran\u017cacji. Wa\u017cne jest, aby znalaz\u0142y si\u0119 w\u015br\u00f3d nich elementy nie tylko dekoracyjne, ale tak\u017ce funkcjonalne \u2013 na przyk\u0142ad lampy zapewniaj\u0105ce odpowiednie o\u015bwietlenie do czytania czy pracy.<\/p>\n<div style=\"display: flex; align-items: center; justify-content: center; text-align: center;\">\n<figure id=\"attachment_36091\" aria-describedby=\"caption-attachment-36091\" style=\"width: 450px\" class=\"wp-caption aligncenter\"><a href=\"https:\/\/www.brw.pl\/wazon,47567\" target=\"_blank\" rel=\"noopener noreferrer\"><img decoding=\"async\" class=\"wp-image-36091 lazyload\" data-src=\"https:\/\/www.brw.pl\/blog\/wp-content\/uploads\/2024\/04\/wazon-slargea.jpg\" alt=\"Wazon\" width=\"450\" height=\"338\" data-srcset=\"https:\/\/www.brw.pl\/blog\/wp-content\/uploads\/2024\/04\/wazon-slargea.jpg 798w, https:\/\/www.brw.pl\/blog\/wp-content\/uploads\/2024\/04\/wazon-slargea-768x577.jpg 768w\" data-sizes=\"(max-width: 450px) 100vw, 450px\" src=\"data:image\/svg+xml;base64,PHN2ZyB3aWR0aD0iMSIgaGVpZ2h0PSIxIiB4bWxucz0iaHR0cDovL3d3dy53My5vcmcvMjAwMC9zdmciPjwvc3ZnPg==\" style=\"--smush-placeholder-width: 450px; --smush-placeholder-aspect-ratio: 450\/338;\" \/><\/a><figcaption id=\"caption-attachment-36091\" class=\"wp-caption-text\"><a href=\"https:\/\/www.brw.pl\/wazon,47567\" target=\"_blank\" rel=\"noopener noreferrer\"><span style=\"font-weight: 400;\">BIA\u0141Y WAZON<\/span><\/a><\/figcaption><\/figure>\n<\/div>\n<h3>Bia\u0142y pok\u00f3j \u2013 aran\u017cacje z dodatkami w innych kolorach<\/h3>\n<p>Monochromatyzm, cho\u0107 niezwykle modny, nie jest rozwi\u0105zaniem dla ka\u017cdego. Nawet je\u015bli zdecydujesz si\u0119 na przewag\u0119 bieli w pomieszczeniu, wci\u0105\u017c mo\u017cesz si\u0119gn\u0105\u0107 po inne barwy. Jakimi kolorami dope\u0142ni\u0107 bia\u0142e wn\u0119trze?<\/p>\n<div style=\"display: flex; align-items: center; justify-content: center; text-align: center;\">\n<figure id=\"attachment_29491\" aria-describedby=\"caption-attachment-29491\" style=\"width: 800px\" class=\"wp-caption aligncenter\"><a href=\"https:\/\/www.brw.pl\/box-140-murta,41715\" target=\"_blank\" rel=\"noopener noreferrer\"><img decoding=\"async\" class=\"wp-image-29491 size-medium lazyload\" data-src=\"https:\/\/www.brw.pl\/blog\/wp-content\/uploads\/2023\/01\/Murta-800x540.png\" alt=\"Ma\u0142a sypialnia z oknem - Murta\" width=\"800\" height=\"540\" data-srcset=\"https:\/\/www.brw.pl\/blog\/wp-content\/uploads\/2023\/01\/Murta-800x540.png 800w, https:\/\/www.brw.pl\/blog\/wp-content\/uploads\/2023\/01\/Murta-768x518.png 768w, https:\/\/www.brw.pl\/blog\/wp-content\/uploads\/2023\/01\/Murta-1536x1037.png 1536w, https:\/\/www.brw.pl\/blog\/wp-content\/uploads\/2023\/01\/Murta.png 1600w\" data-sizes=\"(max-width: 800px) 100vw, 800px\" src=\"data:image\/svg+xml;base64,PHN2ZyB3aWR0aD0iMSIgaGVpZ2h0PSIxIiB4bWxucz0iaHR0cDovL3d3dy53My5vcmcvMjAwMC9zdmciPjwvc3ZnPg==\" style=\"--smush-placeholder-width: 800px; --smush-placeholder-aspect-ratio: 800\/540;\" \/><\/a><figcaption id=\"caption-attachment-29491\" class=\"wp-caption-text\"><a href=\"https:\/\/www.brw.pl\/box-140-murta,41715\" target=\"_blank\" rel=\"noopener noreferrer\"><span style=\"font-weight: 400;\">BOX MURTA<\/span><\/a><\/figcaption><\/figure>\n<\/div>\n<p>Podczas dodawania kolor\u00f3w do bia\u0142ego pokoju, wa\u017cne jest, aby zdecydowa\u0107 si\u0119 na sp\u00f3jn\u0105 palet\u0119 barwn\u0105. Mo\u017ce to by\u0107 jeden wybrany kolor, kt\u00f3ry b\u0119dzie si\u0119 powtarza\u0142 w r\u00f3\u017cnych elementach wn\u0119trza, lub kilka kolor\u00f3w, kt\u00f3re dobrze ze sob\u0105 wsp\u00f3\u0142graj\u0105. Delikatne pastele, takie jak r\u00f3\u017c, b\u0142\u0119kit, be\u017cowy, mi\u0119towy s\u0105 idealne, gdy chcemy zachowa\u0107 subteln\u0105 i spokojn\u0105 atmosfer\u0119 (np. w bia\u0142ym pokoju dla nastolatki). Z kolei intensywne barwy takie jak czerwie\u0144, turkus czy \u017c\u00f3\u0142ty dodadz\u0105 wn\u0119trzu wi\u0119cej energii i \u017cycia.<\/p>\n<div style=\"display: flex; align-items: center; justify-content: center; text-align: center;\">\n<figure id=\"attachment_21953\" aria-describedby=\"caption-attachment-21953\" style=\"width: 800px\" class=\"wp-caption aligncenter\"><a href=\"https:\/\/www.brw.pl\/szafa-pieciodrzwiowa-stockholm-243-cm-sosna-andersen-biala,15022\" target=\"_blank\" rel=\"noopener noreferrer\"><img decoding=\"async\" class=\"wp-image-21953 size-medium lazyload\" data-src=\"https:\/\/www.brw.pl\/blog\/wp-content\/uploads\/2022\/02\/Sypialnia-Stockholm-800x533.jpg\" alt=\"Sypialnia Stockholm\" width=\"800\" height=\"533\" data-srcset=\"https:\/\/www.brw.pl\/blog\/wp-content\/uploads\/2022\/02\/Sypialnia-Stockholm-800x533.jpg 800w, https:\/\/www.brw.pl\/blog\/wp-content\/uploads\/2022\/02\/Sypialnia-Stockholm-768x512.jpg 768w, https:\/\/www.brw.pl\/blog\/wp-content\/uploads\/2022\/02\/Sypialnia-Stockholm-1536x1024.jpg 1536w, https:\/\/www.brw.pl\/blog\/wp-content\/uploads\/2022\/02\/Sypialnia-Stockholm.jpg 1620w\" data-sizes=\"(max-width: 800px) 100vw, 800px\" src=\"data:image\/svg+xml;base64,PHN2ZyB3aWR0aD0iMSIgaGVpZ2h0PSIxIiB4bWxucz0iaHR0cDovL3d3dy53My5vcmcvMjAwMC9zdmciPjwvc3ZnPg==\" style=\"--smush-placeholder-width: 800px; --smush-placeholder-aspect-ratio: 800\/533;\" \/><\/a><figcaption id=\"caption-attachment-21953\" class=\"wp-caption-text\"><a href=\"https:\/\/www.brw.pl\/szafa-pieciodrzwiowa-stockholm-243-cm-sosna-andersen-biala,15022\" target=\"_blank\" rel=\"noopener noreferrer\"><span style=\"font-weight: 400;\">SZAFA PI\u0118CIODRZWIOWA STOCKHOLM<\/span><\/a><\/figcaption><\/figure>\n<\/div>\n<p>Lubisz odwa\u017cne, kontrastowe zestawienia? Poku\u015b si\u0119 o stylowy, <strong>czarno-bia\u0142y pok\u00f3j<\/strong>. W takiej aran\u017cacji \u015bwietnie prezentuj\u0105 si\u0119 wzorzyste dodatki, np. tekstylia w geometryczne desenie. R\u00f3wnie wyrazist\u0105 aran\u017cacj\u0119 stanowi <strong>pok\u00f3j granatowo-bia\u0142y<\/strong>. Marynistyczne odniesienia to znakomity spos\u00f3b na wn\u0119trze w stylu New Hampton.<\/p>\n<p style=\"text-align: center;\">Przeczytaj: <a href=\"https:\/\/www.brw.pl\/blog\/salon-czarno-bialy-glamour-w-klasycznej-odslonie\/\" target=\"_blank\" rel=\"noopener\">&#8222;Salon czarno-bia\u0142y \u2013 glamour w klasycznej ods\u0142onie!&#8221;<\/a>.<\/p>\n<h2><strong>Podsumowanie<\/strong><\/h2>\n<p>Bia\u0142y pok\u00f3j oferuje szerokie mo\u017cliwo\u015bci aran\u017cacyjne: od \u015bwie\u017co\u015bci i prostoty po wyrafinowan\u0105 elegancj\u0119. Niezale\u017cnie od wybranej koncepcji, biel z pewno\u015bci\u0105 przyczyni si\u0119 do stworzenia przestrzeni nie tylko pi\u0119knej, ale i funkcjonalnej. Pami\u0119taj o zastosowaniu r\u00f3\u017cnych faktur, materia\u0142\u00f3w wyko\u0144czeniowych, a tak\u017ce kolor\u00f3w dope\u0142niaj\u0105cych, aby do wn\u0119trza nie wkrad\u0142a si\u0119 nuda. Eksperymentuj i ciesz si\u0119 mo\u017cliwo\u015bciami, jakie daje ci biel!<\/p>\n<p style=\"text-align: center;\"><strong>Wi\u0119cej inspiruj\u0105cych rozwi\u0105za\u0144 do domu znajdziesz w <a href=\"https:\/\/www.brw.pl\/\" target=\"_blank\" rel=\"noopener\">sklepie internetowym Black Red White<\/a>. Zapraszamy!<\/strong><\/p>\n","protected":false},"excerpt":{"rendered":"<p>Bia\u0142e wn\u0119trza od lat ciesz\u0105 si\u0119 ogromn\u0105 popularno\u015bci\u0105. Nie dziwi nas to! Biel to niezwykle uniwersalna barwa \u2013 odnajdzie si\u0119 niemal w ka\u017cdej koncepcji projektowej. Jak urz\u0105dzi\u0107 bia\u0142y pok\u00f3j, aby stworzy\u0107 przestrze\u0144 stylow\u0105, eleganck\u0105 i pe\u0142n\u0105 \u015bwiat\u0142a? Dowiedz si\u0119, jak poradzi\u0107 sobie z potencjalnymi trudno\u015bciami, zobacz najlepsze inspiracje i poznaj pomys\u0142y na aran\u017cacje zgodne z [&hellip;]<\/p>\n","protected":false},"author":21,"featured_media":35662,"comment_status":"closed","ping_status":"open","sticky":false,"template":"","format":"standard","meta":{"footnotes":""},"categories":[39,28,9,29],"tags":[],"aioseo_notices":[],"_links":{"self":[{"href":"https:\/\/www.brw.pl\/blog\/wp-json\/wp\/v2\/posts\/36090"}],"collection":[{"href":"https:\/\/www.brw.pl\/blog\/wp-json\/wp\/v2\/posts"}],"about":[{"href":"https:\/\/www.brw.pl\/blog\/wp-json\/wp\/v2\/types\/post"}],"author":[{"embeddable":true,"href":"https:\/\/www.brw.pl\/blog\/wp-json\/wp\/v2\/users\/21"}],"replies":[{"embeddable":true,"href":"https:\/\/www.brw.pl\/blog\/wp-json\/wp\/v2\/comments?post=36090"}],"version-history":[{"count":5,"href":"https:\/\/www.brw.pl\/blog\/wp-json\/wp\/v2\/posts\/36090\/revisions"}],"predecessor-version":[{"id":36096,"href":"https:\/\/www.brw.pl\/blog\/wp-json\/wp\/v2\/posts\/36090\/revisions\/36096"}],"wp:featuredmedia":[{"embeddable":true,"href":"https:\/\/www.brw.pl\/blog\/wp-json\/wp\/v2\/media\/35662"}],"wp:attachment":[{"href":"https:\/\/www.brw.pl\/blog\/wp-json\/wp\/v2\/media?parent=36090"}],"wp:term":[{"taxonomy":"category","embeddable":true,"href":"https:\/\/www.brw.pl\/blog\/wp-json\/wp\/v2\/categories?post=36090"},{"taxonomy":"post_tag","embeddable":true,"href":"https:\/\/www.brw.pl\/blog\/wp-json\/wp\/v2\/tags?post=36090"}],"curies":[{"name":"wp","href":"https:\/\/api.w.org\/{rel}","templated":true}]}}