{"id":36155,"date":"2024-05-20T08:43:15","date_gmt":"2024-05-20T06:43:15","guid":{"rendered":"https:\/\/www.brw.pl\/blog\/?p=36155"},"modified":"2025-05-28T10:04:46","modified_gmt":"2025-05-28T08:04:46","slug":"zazielen-swoja-przestrzen-sprawdz-jakie-kwiaty-do-wysokich-donic-na-taras-warto-wybrac","status":"publish","type":"post","link":"https:\/\/www.brw.pl\/blog\/zazielen-swoja-przestrzen-sprawdz-jakie-kwiaty-do-wysokich-donic-na-taras-warto-wybrac\/","title":{"rendered":"Zaziele\u0144 swoj\u0105 przestrze\u0144 przed domem! Sprawd\u017a, jakie kwiaty do wysokich donic na taras warto wybra\u0107"},"content":{"rendered":"<p><strong>Marzysz o pi\u0119knym, zielonym tarasie pe\u0142nym kwiat\u00f3w? Wysokie donice to doskona\u0142y spos\u00f3b na dodanie uroku i elegancji ka\u017cdej przestrzeni przed domem. W tym artykule wyja\u015bniamy, dlaczego warto postawi\u0107 na wysokie donice, jakie ro\u015bliny najlepiej si\u0119 w nich sprawdz\u0105 oraz jak w\u0142a\u015bciwie je sadzi\u0107. Zapraszamy do lektury!<\/strong><!--more--><\/p>\n<div style=\"display: flex; align-items: center; justify-content: center; text-align: center;\">\n<figure id=\"attachment_36157\" aria-describedby=\"caption-attachment-36157\" style=\"width: 800px\" class=\"wp-caption aligncenter\"><a href=\"https:\/\/www.brw.pl\/kinkiet-zewnetrzny-cornus-stalowy-srebrny,197875\" target=\"_blank\" rel=\"noopener noreferrer\"><img decoding=\"async\" class=\"wp-image-36157 size-medium lazyload\" data-src=\"https:\/\/www.brw.pl\/blog\/wp-content\/uploads\/2024\/05\/kinkiet-zewnetrzny-cornus-stalowy-srebrny-xlargea-800x531.jpg\" alt=\"Jakie kwiaty do wysokich donic na taras warto wybra\u0107?\" width=\"800\" height=\"531\" data-srcset=\"https:\/\/www.brw.pl\/blog\/wp-content\/uploads\/2024\/05\/kinkiet-zewnetrzny-cornus-stalowy-srebrny-xlargea-800x531.jpg 800w, https:\/\/www.brw.pl\/blog\/wp-content\/uploads\/2024\/05\/kinkiet-zewnetrzny-cornus-stalowy-srebrny-xlargea-768x510.jpg 768w, https:\/\/www.brw.pl\/blog\/wp-content\/uploads\/2024\/05\/kinkiet-zewnetrzny-cornus-stalowy-srebrny-xlargea-1536x1020.jpg 1536w, https:\/\/www.brw.pl\/blog\/wp-content\/uploads\/2024\/05\/kinkiet-zewnetrzny-cornus-stalowy-srebrny-xlargea.jpg 1545w\" data-sizes=\"(max-width: 800px) 100vw, 800px\" src=\"data:image\/svg+xml;base64,PHN2ZyB3aWR0aD0iMSIgaGVpZ2h0PSIxIiB4bWxucz0iaHR0cDovL3d3dy53My5vcmcvMjAwMC9zdmciPjwvc3ZnPg==\" style=\"--smush-placeholder-width: 800px; --smush-placeholder-aspect-ratio: 800\/531;\" \/><\/a><figcaption id=\"caption-attachment-36157\" class=\"wp-caption-text\"><a href=\"https:\/\/www.brw.pl\/kinkiet-zewnetrzny-cornus-stalowy-srebrny,197875\" target=\"_blank\" rel=\"noopener noreferrer\"><span style=\"font-weight: 400;\">KINKIET ZEWN\u0118TRZNY CORNUS<\/span><\/a><\/figcaption><\/figure>\n<\/div>\n<h2><span id=\"Kwiaty_w_wysokich_donicach_czy_warto_je_miec_na_swoim_tarasie\"><strong>Kwiaty w wysokich donicach przed domem: dlaczego warto je mie\u0107 na swoim tarasie?<\/strong><\/span><\/h2>\n<p>Donice na tarasie to bardzo praktyczna i estetyczna dekoracja. Prezentuj\u0105 si\u0119 elegancko, pasuj\u0105 do ka\u017cdej aran\u017cacji, <strong>pozwalaj\u0105 na stworzenie ciekawych kompozycji ro\u015blinnych<\/strong>. Dzi\u0119ki nim mo\u017cesz zaaran\u017cowa\u0107 prywatn\u0105 oaz\u0119 spokoju, oddzielaj\u0105c si\u0119 od ciekawskich spojrze\u0144 s\u0105siad\u00f3w. Donice o du\u017cych rozmiarach umo\u017cliwiaj\u0105 sadzenie wi\u0119kszych ro\u015blin, kt\u00f3re pos\u0142u\u017c\u0105 za naturalne parawany.<\/p>\n<p>Co wi\u0119cej, <strong>kwiaty posadzone w wysokich donicach poprawiaj\u0105 mikroklimat, zapewniaj\u0105c naturalny cie\u0144 i zwi\u0119kszaj\u0105c wilgotno\u015b\u0107 powietrza<\/strong>. T\u0119 w\u0142a\u015bciwo\u015b\u0107 docenisz zw\u0142aszcza w upalne, letnie dni.<\/p>\n<p>Wysokie <a href=\"https:\/\/www.brw.pl\/dekoracje\/doniczki-i-oslonki\/doniczki\/\" target=\"_blank\" rel=\"noopener\">doniczki<\/a> to \u015bwietny spos\u00f3b na otoczenie si\u0119 zieleni\u0105, nawet w betonowej d\u017cungli miasta. S\u0105 bardziej widoczne ni\u017c standardowe donice, a wi\u0119c lepiej eksponuj\u0105 pi\u0119kno ro\u015blin. <strong>Efektowne doniczki pozwalaj\u0105 r\u00f3wnie\u017c na lepsze zagospodarowanie przestrzeni<\/strong> \u2013 nadaj\u0105 si\u0119 zar\u00f3wno na du\u017ce tarasy, jak i ma\u0142e balkony.<\/p>\n<p>Planuj\u0105c kupno donic na taras, swoj\u0105 uwag\u0119 skieruj przede wszystkim na produkty, kt\u00f3rym niestraszne b\u0119d\u0105 uszkodzenia mechaniczne ani zmienna pogoda. Na zewn\u0105trz dobrze sprawdz\u0105 si\u0119 donice betonowe, donice technorattanowe, odpowiednio zaimpregnowane <a href=\"https:\/\/www.brw.pl\/dekoracje\/doniczki-i-oslonki\/doniczki\/material-drewno\/\" target=\"_blank\" rel=\"noopener\">donice drewniane<\/a>, donice ze stali corten oraz <a href=\"https:\/\/www.brw.pl\/dekoracje\/doniczki-i-oslonki\/doniczki\/material-tworzywo-sztuczne\/\" target=\"_blank\" rel=\"noopener\">donice z tworzywa sztucznego<\/a> (najlepiej wzmocnione w\u0142\u00f3knem szklanym).<\/p>\n<p style=\"text-align: center;\">Sprawd\u017a r\u00f3wnie\u017c:\u00a0<a href=\"https:\/\/www.brw.pl\/blog\/salon-z-wyjsciem-na-taras-inspiracje\/\" target=\"_blank\" rel=\"noopener\">&#8222;Salon z wyj\u015bciem na taras \u2013 inspiracje&#8221;<\/a>.<\/p>\n<p>&nbsp;<\/p>\n<div style=\"display: flex; align-items: center; justify-content: center; text-align: center;\">\n<figure id=\"attachment_17806\" aria-describedby=\"caption-attachment-17806\" style=\"width: 333px\" class=\"wp-caption aligncenter\"><a href=\"https:\/\/www.brw.pl\/donica-sahara,27349\" target=\"_blank\" rel=\"noopener noreferrer\"><img decoding=\"async\" class=\"wp-image-17806 size-full lazyload\" data-src=\"https:\/\/www.brw.pl\/blog\/wp-content\/uploads\/2021\/05\/Donica-Sahara.jpg\" alt=\"Donica Sahara\" width=\"333\" height=\"500\" src=\"data:image\/svg+xml;base64,PHN2ZyB3aWR0aD0iMSIgaGVpZ2h0PSIxIiB4bWxucz0iaHR0cDovL3d3dy53My5vcmcvMjAwMC9zdmciPjwvc3ZnPg==\" style=\"--smush-placeholder-width: 333px; --smush-placeholder-aspect-ratio: 333\/500;\" \/><\/a><figcaption id=\"caption-attachment-17806\" class=\"wp-caption-text\"><a href=\"https:\/\/www.brw.pl\/donica-sahara,27349\" target=\"_blank\" rel=\"noopener noreferrer\"><span style=\"font-weight: 400;\">DONICA SAHARA<\/span><\/a><\/figcaption><\/figure>\n<\/div>\n<div style=\"display: flex; align-items: center; justify-content: center; text-align: center;\">\n<figure id=\"attachment_34297\" aria-describedby=\"caption-attachment-34297\" style=\"width: 400px\" class=\"wp-caption aligncenter\"><a href=\"https:\/\/www.brw.pl\/donica-lilia-eco-jumper,54502\" target=\"_blank\" rel=\"noopener noreferrer\"><img decoding=\"async\" class=\"wp-image-34297 lazyload\" data-src=\"https:\/\/www.brw.pl\/blog\/wp-content\/uploads\/2023\/09\/donica-lilia-eco-jumper.jpg\" alt=\"Donica Lilia Eco Jumper czarna\" width=\"400\" height=\"300\" src=\"data:image\/svg+xml;base64,PHN2ZyB3aWR0aD0iMSIgaGVpZ2h0PSIxIiB4bWxucz0iaHR0cDovL3d3dy53My5vcmcvMjAwMC9zdmciPjwvc3ZnPg==\" style=\"--smush-placeholder-width: 400px; --smush-placeholder-aspect-ratio: 400\/300;\" \/><\/a><figcaption id=\"caption-attachment-34297\" class=\"wp-caption-text\"><a href=\"https:\/\/www.brw.pl\/donica-lilia-eco-jumper,54502\" target=\"_blank\" rel=\"noopener noreferrer\"><span style=\"font-weight: 400;\">DONICA LILIA ECO JUMPER CZARNA<\/span><\/a><\/figcaption><\/figure>\n<figure id=\"attachment_36160\" aria-describedby=\"caption-attachment-36160\" style=\"width: 400px\" class=\"wp-caption aligncenter\"><a href=\"https:\/\/www.brw.pl\/donica-lilia-eco-jumper,54505\" target=\"_blank\" rel=\"noopener noreferrer\"><img decoding=\"async\" class=\"wp-image-36160 lazyload\" data-src=\"https:\/\/www.brw.pl\/blog\/wp-content\/uploads\/2024\/05\/donica-lilia-eco-jumper-slargea-1.jpg\" alt=\"Donica Lilia Eco Jumper bia\u0142a\" width=\"400\" height=\"301\" data-srcset=\"https:\/\/www.brw.pl\/blog\/wp-content\/uploads\/2024\/05\/donica-lilia-eco-jumper-slargea-1.jpg 798w, https:\/\/www.brw.pl\/blog\/wp-content\/uploads\/2024\/05\/donica-lilia-eco-jumper-slargea-1-768x577.jpg 768w\" data-sizes=\"(max-width: 400px) 100vw, 400px\" src=\"data:image\/svg+xml;base64,PHN2ZyB3aWR0aD0iMSIgaGVpZ2h0PSIxIiB4bWxucz0iaHR0cDovL3d3dy53My5vcmcvMjAwMC9zdmciPjwvc3ZnPg==\" style=\"--smush-placeholder-width: 400px; --smush-placeholder-aspect-ratio: 400\/301;\" \/><\/a><figcaption id=\"caption-attachment-36160\" class=\"wp-caption-text\"><a href=\"https:\/\/www.brw.pl\/donica-lilia-eco-jumper,54505\" target=\"_blank\" rel=\"noopener noreferrer\"><span style=\"font-weight: 400;\">DONICA LILIA ECO JUMPER BIA\u0141A<\/span><\/a><\/figcaption><\/figure>\n<\/div>\n<h2><strong>Jakie ro\u015bliny do du\u017cych donic na taras wybra\u0107, aby na nim przetrwa\u0142y?<\/strong><\/h2>\n<p>Zastanawiasz si\u0119, jakie kwiaty wybra\u0107 do wysokich donic? We\u017a pod uwag\u0119 kilka kryteri\u00f3w. Przede wszystkim, ro\u015bliny powinny by\u0107 odporne na niekorzystne czynniki\u00a0atmosferyczne \u2013 silny wiatr, zmienne, czasem niskie temperatury i ekspozycj\u0119 na s\u0142o\u0144ce. Tarasy s\u0105 nara\u017cone na bezpo\u015brednie dzia\u0142anie promieni s\u0142onecznych oraz nag\u0142e zmiany pogody. Wyb\u00f3r ro\u015blin odpornych na takie warunki pozwoli Ci unikn\u0105\u0107 problem\u00f3w z ich utrzymaniem.<\/p>\n<p><strong>Warto r\u00f3wnie\u017c uwzgl\u0119dni\u0107 wymagania \u015bwietlne i wodne ro\u015blin<\/strong>. Niekt\u00f3re kwiaty lubi\u0105 pe\u0142ne s\u0142o\u0144ce, inne lepiej czuj\u0105 si\u0119 w p\u00f3\u0142cieniu. Dowiedz si\u0119, jak du\u017co s\u0142o\u0144ca i wody potrzebuj\u0105 wybrane ro\u015bliny \u2013 wiedza ta pomo\u017ce Ci odpowiednio rozmie\u015bci\u0107 je na tarasie oraz zatroszczy\u0107 si\u0119 o ich zdrowie i witalno\u015b\u0107. Je\u015bli trudno Ci wygospodarowa\u0107 czas na piel\u0119gnacj\u0119 przydomowej zieleni, si\u0119gnij po\u00a0gatunki odporne na susz\u0119.<\/p>\n<p>Dobrze jest r\u00f3wnie\u017c postawi\u0107 na ro\u015bliny o r\u00f3\u017cnych okresach kwitnienia, aby cieszy\u0107 si\u0119 ich pi\u0119knem przez ca\u0142y sezon, od wiosny do jesieni. <strong>Pomy\u015bl o zakupie zar\u00f3wno ro\u015blin jednorocznych, jak i wieloletnich, kt\u00f3re b\u0119d\u0105 ozdob\u0105 aran\u017cacji w ch\u0142odniejszych miesi\u0105cach<\/strong>. Nie zapominaj o zieleni, kt\u00f3ra przyci\u0105ga po\u017cyteczne owady, takie jak pszczo\u0142y i motyle, kt\u00f3re dodatkowo wzbogac\u0105 Tw\u00f3j tarasowy ekosystem.<\/p>\n<div style=\"display: flex; align-items: center; justify-content: center; text-align: center;\">\n<figure id=\"attachment_36162\" aria-describedby=\"caption-attachment-36162\" style=\"width: 500px\" class=\"wp-caption aligncenter\"><a href=\"https:\/\/www.brw.pl\/zestaw-3-donic-ogrodowych-hiacynt-wodny-naturalny,63714\" target=\"_blank\" rel=\"noopener noreferrer\"><img decoding=\"async\" class=\"wp-image-36162 lazyload\" data-src=\"https:\/\/www.brw.pl\/blog\/wp-content\/uploads\/2024\/05\/zestaw-3-donic-ogrodowych-hiacynt-wodny-naturalny-slarge.jpg\" alt=\"Zestaw 3 donic ogrodowych Hiacynt\" width=\"500\" height=\"375\" data-srcset=\"https:\/\/www.brw.pl\/blog\/wp-content\/uploads\/2024\/05\/zestaw-3-donic-ogrodowych-hiacynt-wodny-naturalny-slarge.jpg 800w, https:\/\/www.brw.pl\/blog\/wp-content\/uploads\/2024\/05\/zestaw-3-donic-ogrodowych-hiacynt-wodny-naturalny-slarge-768x576.jpg 768w\" data-sizes=\"(max-width: 500px) 100vw, 500px\" src=\"data:image\/svg+xml;base64,PHN2ZyB3aWR0aD0iMSIgaGVpZ2h0PSIxIiB4bWxucz0iaHR0cDovL3d3dy53My5vcmcvMjAwMC9zdmciPjwvc3ZnPg==\" style=\"--smush-placeholder-width: 500px; --smush-placeholder-aspect-ratio: 500\/375;\" \/><\/a><figcaption id=\"caption-attachment-36162\" class=\"wp-caption-text\"><a href=\"https:\/\/www.brw.pl\/zestaw-3-donic-ogrodowych-hiacynt-wodny-naturalny,63714\" target=\"_blank\" rel=\"noopener noreferrer\"><span style=\"font-weight: 400;\">ZESTAW 3 DONIC OGRODOWYCH HIACYNT<\/span><\/a><\/figcaption><\/figure>\n<\/div>\n<p>&nbsp;<\/p>\n<div style=\"display: flex; align-items: center; justify-content: center; text-align: center;\">\n<figure id=\"attachment_36161\" aria-describedby=\"caption-attachment-36161\" style=\"width: 500px\" class=\"wp-caption aligncenter\"><a href=\"https:\/\/www.brw.pl\/doniczka-kwadratowa-26-x-60-cm-czarna,187695\" target=\"_blank\" rel=\"noopener noreferrer\"><img decoding=\"async\" class=\"wp-image-36161 lazyload\" data-src=\"https:\/\/www.brw.pl\/blog\/wp-content\/uploads\/2024\/05\/doniczka-kwadratowa-26-x-60-cm-czarna-slarge.jpg\" alt=\"Doniczka kwadratowa czarna\" width=\"500\" height=\"375\" data-srcset=\"https:\/\/www.brw.pl\/blog\/wp-content\/uploads\/2024\/05\/doniczka-kwadratowa-26-x-60-cm-czarna-slarge.jpg 800w, https:\/\/www.brw.pl\/blog\/wp-content\/uploads\/2024\/05\/doniczka-kwadratowa-26-x-60-cm-czarna-slarge-768x576.jpg 768w\" data-sizes=\"(max-width: 500px) 100vw, 500px\" src=\"data:image\/svg+xml;base64,PHN2ZyB3aWR0aD0iMSIgaGVpZ2h0PSIxIiB4bWxucz0iaHR0cDovL3d3dy53My5vcmcvMjAwMC9zdmciPjwvc3ZnPg==\" style=\"--smush-placeholder-width: 500px; --smush-placeholder-aspect-ratio: 500\/375;\" \/><\/a><figcaption id=\"caption-attachment-36161\" class=\"wp-caption-text\"><a href=\"https:\/\/www.brw.pl\/doniczka-kwadratowa-26-x-60-cm-czarna,187695\" target=\"_blank\" rel=\"noopener noreferrer\"><span style=\"font-weight: 400;\">DONICZKA KWADRATOWA CZARNA<\/span><\/a><\/figcaption><\/figure>\n<figure id=\"attachment_36163\" aria-describedby=\"caption-attachment-36163\" style=\"width: 400px\" class=\"wp-caption aligncenter\"><a href=\"https:\/\/www.brw.pl\/donica-stripped-wysoka-eco-coffee-espresso-30xh51-cm,88312\" target=\"_blank\" rel=\"noopener noreferrer\"><img decoding=\"async\" class=\"wp-image-36163 lazyload\" data-src=\"https:\/\/www.brw.pl\/blog\/wp-content\/uploads\/2024\/05\/donica-stripped-wysoka-eco-coffee-espresso-30xh51-cm-slarge.jpg\" alt=\"Donica Stripped\" width=\"400\" height=\"400\" data-srcset=\"https:\/\/www.brw.pl\/blog\/wp-content\/uploads\/2024\/05\/donica-stripped-wysoka-eco-coffee-espresso-30xh51-cm-slarge.jpg 600w, https:\/\/www.brw.pl\/blog\/wp-content\/uploads\/2024\/05\/donica-stripped-wysoka-eco-coffee-espresso-30xh51-cm-slarge-150x150.jpg 150w, https:\/\/www.brw.pl\/blog\/wp-content\/uploads\/2024\/05\/donica-stripped-wysoka-eco-coffee-espresso-30xh51-cm-slarge-165x165.jpg 165w, https:\/\/www.brw.pl\/blog\/wp-content\/uploads\/2024\/05\/donica-stripped-wysoka-eco-coffee-espresso-30xh51-cm-slarge-120x120.jpg 120w\" data-sizes=\"(max-width: 400px) 100vw, 400px\" src=\"data:image\/svg+xml;base64,PHN2ZyB3aWR0aD0iMSIgaGVpZ2h0PSIxIiB4bWxucz0iaHR0cDovL3d3dy53My5vcmcvMjAwMC9zdmciPjwvc3ZnPg==\" style=\"--smush-placeholder-width: 400px; --smush-placeholder-aspect-ratio: 400\/400;\" \/><\/a><figcaption id=\"caption-attachment-36163\" class=\"wp-caption-text\"><a href=\"https:\/\/www.brw.pl\/donica-stripped-wysoka-eco-coffee-espresso-30xh51-cm,88312\" target=\"_blank\" rel=\"noopener noreferrer\"><span style=\"font-weight: 400;\">DONICA STRIPPED BR\u0104ZOWA<\/span><\/a><\/figcaption><\/figure>\n<\/div>\n<h2><strong>Kwiaty do wysokich donic na taras, kt\u00f3re warto mie\u0107<\/strong><\/h2>\n<div style=\"display: flex; align-items: center; justify-content: center; text-align: center;\">\n<figure id=\"attachment_39265\" aria-describedby=\"caption-attachment-39265\" style=\"width: 800px\" class=\"wp-caption alignnone\"><a href=\"https:\/\/www.brw.pl\/kinkiet-zewnetrzny-abel-led-bialo-czarny,536729\" target=\"_blank\" rel=\"noopener noreferrer\"><img decoding=\"async\" class=\"wp-image-39265 size-medium lazyload\" data-src=\"https:\/\/www.brw.pl\/blog\/wp-content\/uploads\/2024\/05\/kinkiet-zewnetrzny-abel-led-bialo-czarny-xlargea-800x534.jpg\" alt=\"Kinkiet zewn\u0119trzny Abel LED\" width=\"800\" height=\"534\" data-srcset=\"https:\/\/www.brw.pl\/blog\/wp-content\/uploads\/2024\/05\/kinkiet-zewnetrzny-abel-led-bialo-czarny-xlargea-800x534.jpg 800w, https:\/\/www.brw.pl\/blog\/wp-content\/uploads\/2024\/05\/kinkiet-zewnetrzny-abel-led-bialo-czarny-xlargea-768x513.jpg 768w, https:\/\/www.brw.pl\/blog\/wp-content\/uploads\/2024\/05\/kinkiet-zewnetrzny-abel-led-bialo-czarny-xlargea.jpg 1374w\" data-sizes=\"(max-width: 800px) 100vw, 800px\" src=\"data:image\/svg+xml;base64,PHN2ZyB3aWR0aD0iMSIgaGVpZ2h0PSIxIiB4bWxucz0iaHR0cDovL3d3dy53My5vcmcvMjAwMC9zdmciPjwvc3ZnPg==\" style=\"--smush-placeholder-width: 800px; --smush-placeholder-aspect-ratio: 800\/534;\" \/><\/a><figcaption id=\"caption-attachment-39265\" class=\"wp-caption-text\"><a href=\"https:\/\/www.brw.pl\/kinkiet-zewnetrzny-abel-led-bialo-czarny,536729\" target=\"_blank\" rel=\"noopener noreferrer\"><span style=\"font-weight: 400;\">KINKIET ZEWN\u0118TRZNY ABEL LED<\/span><\/a><\/figcaption><\/figure>\n<\/div>\n<p>Je\u015bli chcesz stworzy\u0107 prawdziwie pi\u0119kn\u0105, zr\u00f3\u017cnicowan\u0105 kompozycj\u0119,\u00a0<strong>si\u0119gnij nie tylko po kwiaty, ale r\u00f3wnie\u017c po drzewka i krzewy<\/strong>. Do uprawy na balkonach i tarasach znakomicie nadaje si\u0119 m.in. klon palmowy, kt\u00f3ry zachwyca charakterystycznymi li\u015b\u0107mi w kolorze ciemnej czerwieni.<\/p>\n<p>Kolejn\u0105 propozycj\u0105 w sam raz na taras s\u0105 <strong>trawy ozdobne, takie jak miskanty czy turzyce<\/strong>. Trawy wprowadzaj\u0105 do przestrzeni zewn\u0119trznej lekko\u015b\u0107 i naturalny urok, a jednocze\u015bnie s\u0105 \u0142atwe w piel\u0119gnacji i odporne na zmienne warunki pogodowe.<\/p>\n<p>W\u015br\u00f3d kwiat\u00f3w odpowiednich do du\u017cych donic ogrodowych znajdziesz zar\u00f3wno ro\u015bliny sezonowe, jak i zimozielone. Oto, kt\u00f3re z nich na tarasie sprawdz\u0105 si\u0119 najlepiej:<\/p>\n<ul>\n<li><strong>Wrzosy<\/strong><\/li>\n<\/ul>\n<p>Wrzosy to doskona\u0142y wyb\u00f3r do wysokich donic tarasowych i nie tylko. S\u0105 odporne, nie wymagaj\u0105 intensywnej piel\u0119gnacji. Wrzosy dodaj\u0105 uroku tarasowi swoim kolorowym kwitnieniem i \u015bwietnie komponuj\u0105 si\u0119 z innymi kwiatami.<\/p>\n<ul>\n<li>\u00a0<strong>Begonie<\/strong><\/li>\n<\/ul>\n<p>Begonie to pi\u0119kne kwiaty o efektownych, r\u00f3\u017cnorodnych kwiatach, kt\u00f3re \u015bwietnie sprawdzaj\u0105 si\u0119 w donicach o wi\u0119kszym gabarycie. Nale\u017c\u0105 do gatunk\u00f3w wieloletnich, wymagaj\u0105 regularnego podlewania, s\u0105 jednak stosunkowo \u0142atwe w uprawie. Begonie preferuj\u0105 p\u00f3\u0142cie\u0144 i wilgotn\u0105 gleb\u0119.<\/p>\n<ul>\n<li><strong>Pelargonie<\/strong><\/li>\n<\/ul>\n<p>Do ro\u015blin wieloletnich zaliczamy tak\u017ce pelargonie. To klasyczne kwiaty balkonowe, jednak doskonale sprawdzaj\u0105 si\u0119 r\u00f3wnie\u017c na tarasie. S\u0105 bardzo odporne na susz\u0119 i upa\u0142y, a ich intensywne kolory kwiat\u00f3w o\u017cywi\u0105 ka\u017cd\u0105 przestrze\u0144.<\/p>\n<ul>\n<li><strong>Komarzyce<\/strong><\/li>\n<\/ul>\n<p>Komarzyca zwana r\u00f3wnie\u017c komarnic\u0105 lub kadzide\u0142kiem jest ro\u015blin\u0105 o wyj\u0105tkowo dekoracyjnych li\u015bciach. Bylina ma jednak jeszcze jedn\u0105 zalet\u0119 \u2013 skutecznie odstrasza komary. Komarzyca nie nale\u017cy do wymagaj\u0105cych ro\u015blin. Potrzebuje jedynie du\u017co s\u0142o\u0144ca oraz regularnego i do\u015b\u0107 obfitego podlewania.<\/p>\n<ul>\n<li><strong>Niecierpki<\/strong><\/li>\n<\/ul>\n<p>Niecierpki kwitn\u0105\u00a0w cieniu, s\u0105 wi\u0119c idealne do miejsc, gdzie s\u0142o\u0144ce nie dociera bezpo\u015brednio przez wi\u0119ksz\u0105 cz\u0119\u015b\u0107 dnia. Kwitn\u0105 obficie i d\u0142ugo, co czyni je \u015bwietnymi ro\u015blinami do wysokich donic.<\/p>\n<ul>\n<li><strong>Werbeny<\/strong><\/li>\n<\/ul>\n<p>Werbeny s\u0105 odporne na susz\u0119 i ciep\u0142o, a ich delikatne kwiaty przyci\u0105gaj\u0105 motyle. S\u0105 \u0142atwe w piel\u0119gnacji i dobrze rosn\u0105 w pe\u0142nym s\u0142o\u0144cu. Werbeny doskonale komponuj\u0105 si\u0119 z innymi gatunkami ro\u015blin. Z powodzeniem mo\u017cesz je posadzi\u0107 w donicach obok traw, sza\u0142wii czy je\u017c\u00f3wki.<\/p>\n<ul>\n<li><strong>Stokrotki<\/strong><\/li>\n<\/ul>\n<p>Stokrotki to kwiaty, kt\u00f3re subtelnie prezentuj\u0105 si\u0119 w ka\u017cdej aran\u017cacji. S\u0105 \u0142atwe w uprawie i dobrze rosn\u0105 w r\u00f3\u017cnych warunkach \u015bwietlnych. Ich dodatkow\u0105 zalet\u0105 jest du\u017ca odporno\u015b\u0107 na deszcz i wiatr.<\/p>\n<ul>\n<li><strong>Groszek pachn\u0105cy<\/strong><\/li>\n<\/ul>\n<p>Groszek pachn\u0105cy to ro\u015blina pn\u0105ca, kt\u00f3ra znakomicie nadaje si\u0119 do wysokich donic. Jego pi\u0119kne, pachn\u0105ce kwiaty s\u0105 prawdziw\u0105 ozdob\u0105 ka\u017cdego tarasu. Ro\u015blina ta kwitnie obficie, wprowadzaj\u0105c do przydomowej strefy intensywne kolory i cudowny zapach.<\/p>\n<ul>\n<li><strong>Maciejka<\/strong><\/li>\n<\/ul>\n<p>Maciejka to ro\u015blina o delikatnych, fioletowych kwiatach, kt\u00f3ra pi\u0119knie pachnie wieczorami. Jest doskona\u0142ym wyborem do donic umieszczonych w miejscach, gdzie mo\u017cna cieszy\u0107 si\u0119 jej aromatem.<\/p>\n<ul>\n<li><strong>Bratki<\/strong><\/li>\n<\/ul>\n<p>Bratki to uniwersalne kwiaty, kt\u00f3re \u015bwietnie wygl\u0105daj\u0105 w donicach. S\u0105 dost\u0119pne w wielu kolorach i kwitn\u0105 przez d\u0142ugi czas. Bratki s\u0105 niewra\u017cliwe na ch\u0142\u00f3d, dzi\u0119ki czemu s\u0105 idealne na wczesn\u0105 wiosn\u0119 i p\u00f3\u017an\u0105 jesie\u0144.<\/p>\n<div style=\"display: flex; align-items: center; justify-content: center; text-align: center;\">\n<figure id=\"attachment_36164\" aria-describedby=\"caption-attachment-36164\" style=\"width: 400px\" class=\"wp-caption aligncenter\"><a href=\"https:\/\/www.brw.pl\/donica-stripped-wysoka-eco-wood-naturalne-drewno-25xh42-cm,88241\" target=\"_blank\" rel=\"noopener noreferrer\"><img decoding=\"async\" class=\"wp-image-36164 lazyload\" data-src=\"https:\/\/www.brw.pl\/blog\/wp-content\/uploads\/2024\/05\/donica-stripped-wysoka-eco-wood-naturalne-drewno-25xh42-cm-slarge.jpg\" alt=\"Donica Stripped drewniana\" width=\"400\" height=\"400\" data-srcset=\"https:\/\/www.brw.pl\/blog\/wp-content\/uploads\/2024\/05\/donica-stripped-wysoka-eco-wood-naturalne-drewno-25xh42-cm-slarge.jpg 600w, https:\/\/www.brw.pl\/blog\/wp-content\/uploads\/2024\/05\/donica-stripped-wysoka-eco-wood-naturalne-drewno-25xh42-cm-slarge-150x150.jpg 150w, https:\/\/www.brw.pl\/blog\/wp-content\/uploads\/2024\/05\/donica-stripped-wysoka-eco-wood-naturalne-drewno-25xh42-cm-slarge-165x165.jpg 165w, https:\/\/www.brw.pl\/blog\/wp-content\/uploads\/2024\/05\/donica-stripped-wysoka-eco-wood-naturalne-drewno-25xh42-cm-slarge-120x120.jpg 120w\" data-sizes=\"(max-width: 400px) 100vw, 400px\" src=\"data:image\/svg+xml;base64,PHN2ZyB3aWR0aD0iMSIgaGVpZ2h0PSIxIiB4bWxucz0iaHR0cDovL3d3dy53My5vcmcvMjAwMC9zdmciPjwvc3ZnPg==\" style=\"--smush-placeholder-width: 400px; --smush-placeholder-aspect-ratio: 400\/400;\" \/><\/a><figcaption id=\"caption-attachment-36164\" class=\"wp-caption-text\"><a href=\"https:\/\/www.brw.pl\/donica-stripped-wysoka-eco-wood-naturalne-drewno-25xh42-cm,88241\" target=\"_blank\" rel=\"noopener noreferrer\"><span style=\"font-weight: 400;\">DONICA STRIPPED NATURALNE DREWNO<\/span><\/a><\/figcaption><\/figure>\n<\/div>\n<div style=\"display: flex; align-items: center; justify-content: center; text-align: center;\">\n<figure id=\"attachment_39264\" aria-describedby=\"caption-attachment-39264\" style=\"width: 240px\" class=\"wp-caption alignnone\"><a href=\"https:\/\/www.brw.pl\/doniczka-donica-okragla-35x35x50-szara,63809\" target=\"_blank\" rel=\"noopener noreferrer\"><img decoding=\"async\" class=\"wp-image-39264 lazyload\" data-src=\"https:\/\/www.brw.pl\/blog\/wp-content\/uploads\/2024\/05\/doniczka-donica-okragla-35x35x50-szara-slarge.jpg\" alt=\"Donica okr\u0105g\u0142a szara\" width=\"240\" height=\"300\" src=\"data:image\/svg+xml;base64,PHN2ZyB3aWR0aD0iMSIgaGVpZ2h0PSIxIiB4bWxucz0iaHR0cDovL3d3dy53My5vcmcvMjAwMC9zdmciPjwvc3ZnPg==\" style=\"--smush-placeholder-width: 240px; --smush-placeholder-aspect-ratio: 240\/300;\" \/><\/a><figcaption id=\"caption-attachment-39264\" class=\"wp-caption-text\"><a href=\"https:\/\/www.brw.pl\/doniczka-donica-okragla-35x35x50-szara,63809\" target=\"_blank\" rel=\"noopener noreferrer\"><span style=\"font-weight: 400;\">DONICA OKR\u0104G\u0141A<\/span><\/a><\/figcaption><\/figure>\n<figure id=\"attachment_36166\" aria-describedby=\"caption-attachment-36166\" style=\"width: 400px\" class=\"wp-caption aligncenter\"><a href=\"https:\/\/www.brw.pl\/doniczka-na-stojaku-50-cm-metalowa-czarna,76081\" target=\"_blank\" rel=\"noopener noreferrer\"><img decoding=\"async\" class=\"wp-image-36166 lazyload\" data-src=\"https:\/\/www.brw.pl\/blog\/wp-content\/uploads\/2024\/05\/doniczka-na-stojaku-50-cm-metalowa-czarna-slarge.jpg\" alt=\"Doniczka na stojaku\" width=\"400\" height=\"300\" data-srcset=\"https:\/\/www.brw.pl\/blog\/wp-content\/uploads\/2024\/05\/doniczka-na-stojaku-50-cm-metalowa-czarna-slarge.jpg 799w, https:\/\/www.brw.pl\/blog\/wp-content\/uploads\/2024\/05\/doniczka-na-stojaku-50-cm-metalowa-czarna-slarge-768x577.jpg 768w\" data-sizes=\"(max-width: 400px) 100vw, 400px\" src=\"data:image\/svg+xml;base64,PHN2ZyB3aWR0aD0iMSIgaGVpZ2h0PSIxIiB4bWxucz0iaHR0cDovL3d3dy53My5vcmcvMjAwMC9zdmciPjwvc3ZnPg==\" style=\"--smush-placeholder-width: 400px; --smush-placeholder-aspect-ratio: 400\/300;\" \/><\/a><figcaption id=\"caption-attachment-36166\" class=\"wp-caption-text\"><a href=\"https:\/\/www.brw.pl\/doniczka-na-stojaku-50-cm-metalowa-czarna,76081\" target=\"_blank\" rel=\"noopener noreferrer\"><span style=\"font-weight: 400;\">DONICZKA NA STOJAKU<\/span><\/a><\/figcaption><\/figure>\n<\/div>\n<h2><strong>Kompozycje w donicach przed domem &#8211; jak stworzy\u0107 sp\u00f3jn\u0105 aran\u017cacj\u0119?<\/strong><\/h2>\n<p>Czym obsadzi\u0107 donice, by na co dzie\u0144 m\u00f3c cieszy\u0107 oczy pi\u0119kn\u0105 dekoracj\u0105? Je\u015bli blisko Ci do stylu prowansalskiego, postaw na lawend\u0119, sza\u0142wi\u0119 i rozmaryn, kt\u00f3re wspaniale prezentuj\u0105 si\u0119 w przecieranych doniczkach ceramicznych oraz emaliowanych wiaderkach. Kompozycja tego rodzaju przywodzi na my\u015bl po\u0142udniowe ogrody.<\/p>\n<p>Mi\u0142o\u015bnikom stylu rustykalnego spodobaj\u0105 si\u0119 trawy ozdobne zestawione z pelargoniami lub hortensjami. Posad\u017a je w solidnych, glinianych donicach, kt\u00f3re dodaj\u0105 ro\u015blinom sielskiego uroku. Na tarasie urz\u0105dzonym w stylu wiejskim sprawdz\u0105 si\u0119 r\u00f3wnie\u017c r\u00f3\u017cnokolorowe bratki i begonie. Dobrym pomys\u0142em b\u0119dzie zestawienie ich ze sob\u0105 w jednym, szerokim pojemniku.<\/p>\n<p>Nowoczesne elewacje polubi\u0105 si\u0119 z prostymi, geometrycznymi formami. Z tego powodu na minimalistyczny taras warto wprowadzi\u0107 ciemne, grafitowe donice z betonu architektonicznego i posadzi\u0107 w nich np. bukszpany w kulach, niskie berberysy albo miniaturowe sosny.<\/p>\n<h2><strong>Jak sadzi\u0107 ro\u015bliny w wysokich donicach?<\/strong><\/h2>\n<div style=\"display: flex; align-items: center; justify-content: center; text-align: center;\">\n<figure id=\"attachment_36159\" aria-describedby=\"caption-attachment-36159\" style=\"width: 800px\" class=\"wp-caption aligncenter\"><a href=\"https:\/\/www.brw.pl\/kinkiet-zewnetrzny-veronika-led-aluminiowy-szary,197867\" target=\"_blank\" rel=\"noopener noreferrer\"><img decoding=\"async\" class=\"wp-image-36159 size-medium lazyload\" data-src=\"https:\/\/www.brw.pl\/blog\/wp-content\/uploads\/2024\/05\/kinkiet-zewnetrzny-veronika-led-aluminiowy-szary-xlargea-800x715.jpg\" alt=\"Kinkiet zewn\u0119trzny Veronica LED\" width=\"800\" height=\"715\" data-srcset=\"https:\/\/www.brw.pl\/blog\/wp-content\/uploads\/2024\/05\/kinkiet-zewnetrzny-veronika-led-aluminiowy-szary-xlargea-800x715.jpg 800w, https:\/\/www.brw.pl\/blog\/wp-content\/uploads\/2024\/05\/kinkiet-zewnetrzny-veronika-led-aluminiowy-szary-xlargea-768x686.jpg 768w, https:\/\/www.brw.pl\/blog\/wp-content\/uploads\/2024\/05\/kinkiet-zewnetrzny-veronika-led-aluminiowy-szary-xlargea.jpg 1140w\" data-sizes=\"(max-width: 800px) 100vw, 800px\" src=\"data:image\/svg+xml;base64,PHN2ZyB3aWR0aD0iMSIgaGVpZ2h0PSIxIiB4bWxucz0iaHR0cDovL3d3dy53My5vcmcvMjAwMC9zdmciPjwvc3ZnPg==\" style=\"--smush-placeholder-width: 800px; --smush-placeholder-aspect-ratio: 800\/715;\" \/><\/a><figcaption id=\"caption-attachment-36159\" class=\"wp-caption-text\"><a href=\"https:\/\/www.brw.pl\/kinkiet-zewnetrzny-veronika-led-aluminiowy-szary,197867\" target=\"_blank\" rel=\"noopener noreferrer\"><span style=\"font-weight: 400;\">KINKIET ZEWN\u0118TRZNY VERONICA LED<\/span><\/a><\/figcaption><\/figure>\n<\/div>\n<p>Sadzenie ro\u015blin w wysokich donicach wymaga odpowiedniego przygotowania. Przede wszystkim, nale\u017cy zadba\u0107 o drena\u017c \u2013 na dno donicy warto po\u0142o\u017cy\u0107 keramzyt lub \u017cwir, kt\u00f3ry zapobiegnie zastojowi wody i gniciu korzeni. <strong>Poniewa\u017c wysoka donica mo\u017ce zatrzymywa\u0107 nadmiar wody, warstwa drena\u017cowa jest kluczowa<\/strong>. Nast\u0119pnie nale\u017cy wype\u0142ni\u0107 donic\u0119 odpowiedni\u0105 ziemi\u0105 \u2013 warto wybra\u0107 mieszank\u0119 dostosowan\u0105 do potrzeb konkretnych ro\u015blin. Pami\u0119taj, \u017ce gatunki kwitn\u0105ce preferuj\u0105 \u017cyzne pod\u0142o\u017ce.<\/p>\n<p>Je\u015bli zamierzasz posadzi\u0107 ro\u015bliny wieloletnie, musisz zatroszczy\u0107 si\u0119 o nie r\u00f3wnie\u017c na czas zimowania. Korzenie ro\u015blin uprawianych w doniczkach s\u0105 podatne na przemarzanie, dlatego w sezonie zimowym potrzebuj\u0105 dodatkowej ochrony. Doniczki dobrze jest ob\u0142o\u017cy\u0107 styropianem lub w\u0142\u00f3knin\u0105 \u2013 zapewni\u0105 korzeniom w\u0142a\u015bciw\u0105 izolacj\u0119.<\/p>\n<p>Na koniec warto doda\u0107 warstw\u0119 \u015bci\u00f3\u0142ki na powierzchni gleby, kt\u00f3ra pomo\u017ce zatrzyma\u0107 wilgo\u0107 i ograniczy\u0107 wzrost chwast\u00f3w. \u015aci\u00f3\u0142ka mo\u017ce by\u0107 wykonana z kory drzewnej, s\u0142omy lub nawet ozdobnych kamieni, kt\u00f3re dodatkowo upi\u0119ksz\u0105 kompozycj\u0119. \u015aci\u00f3\u0142ka nie tylko pomaga w zatrzymaniu wilgoci, ale tak\u017ce reguluje temperatur\u0119 gleby.<\/p>\n<p style=\"text-align: center;\">To Ci\u0119 zainteresuje: <a href=\"https:\/\/www.brw.pl\/blog\/jakie-kwiaty-na-balkon-wybrac-urzadz-swoja-zielona-strefe-relaksu-z-brw\/\" target=\"_blank\" rel=\"noopener\">&#8222;Jakie kwiaty na balkon wybra\u0107? Urz\u0105d\u017a swoj\u0105 zielon\u0105 stref\u0119 relaksu z BRW!&#8221;<\/a>.<\/p>\n<p><strong>Tw\u00f3j taras mo\u017ce sta\u0107 si\u0119 prawdziwym zielonym azylem dzi\u0119ki odpowiednio dobranym ro\u015blinom w wysokich donicach. Wykorzystuj\u0105c powy\u017csze wskaz\u00f3wki, stworzysz przestrze\u0144 pe\u0142n\u0105 kwiat\u00f3w, kt\u00f3ra b\u0119dzie cieszy\u0107 oczy przez ca\u0142y sezon. Wi\u0119cej inspiruj\u0105cych rozwi\u0105za\u0144 do <a href=\"https:\/\/www.brw.pl\/ogrod\/\" target=\"_blank\" rel=\"noopener\">ogrodu, na balkon i na taras<\/a> znajdziesz w <a href=\"https:\/\/www.brw.pl\/\" target=\"_blank\" rel=\"noopener\">sklepie internetowym Black Red White<\/a>. Zapraszamy!<\/strong><\/p>\n","protected":false},"excerpt":{"rendered":"<p>Marzysz o pi\u0119knym, zielonym tarasie pe\u0142nym kwiat\u00f3w? Wysokie donice to doskona\u0142y spos\u00f3b na dodanie uroku i elegancji ka\u017cdej przestrzeni przed domem. W tym artykule wyja\u015bniamy, dlaczego warto postawi\u0107 na wysokie donice, jakie ro\u015bliny najlepiej si\u0119 w nich sprawdz\u0105 oraz jak w\u0142a\u015bciwie je sadzi\u0107. Zapraszamy do lektury!<\/p>\n","protected":false},"author":21,"featured_media":36157,"comment_status":"closed","ping_status":"open","sticky":false,"template":"","format":"standard","meta":{"footnotes":""},"categories":[39,575],"tags":[],"aioseo_notices":[],"_links":{"self":[{"href":"https:\/\/www.brw.pl\/blog\/wp-json\/wp\/v2\/posts\/36155"}],"collection":[{"href":"https:\/\/www.brw.pl\/blog\/wp-json\/wp\/v2\/posts"}],"about":[{"href":"https:\/\/www.brw.pl\/blog\/wp-json\/wp\/v2\/types\/post"}],"author":[{"embeddable":true,"href":"https:\/\/www.brw.pl\/blog\/wp-json\/wp\/v2\/users\/21"}],"replies":[{"embeddable":true,"href":"https:\/\/www.brw.pl\/blog\/wp-json\/wp\/v2\/comments?post=36155"}],"version-history":[{"count":5,"href":"https:\/\/www.brw.pl\/blog\/wp-json\/wp\/v2\/posts\/36155\/revisions"}],"predecessor-version":[{"id":39266,"href":"https:\/\/www.brw.pl\/blog\/wp-json\/wp\/v2\/posts\/36155\/revisions\/39266"}],"wp:featuredmedia":[{"embeddable":true,"href":"https:\/\/www.brw.pl\/blog\/wp-json\/wp\/v2\/media\/36157"}],"wp:attachment":[{"href":"https:\/\/www.brw.pl\/blog\/wp-json\/wp\/v2\/media?parent=36155"}],"wp:term":[{"taxonomy":"category","embeddable":true,"href":"https:\/\/www.brw.pl\/blog\/wp-json\/wp\/v2\/categories?post=36155"},{"taxonomy":"post_tag","embeddable":true,"href":"https:\/\/www.brw.pl\/blog\/wp-json\/wp\/v2\/tags?post=36155"}],"curies":[{"name":"wp","href":"https:\/\/api.w.org\/{rel}","templated":true}]}}