{"id":36392,"date":"2024-06-23T08:43:49","date_gmt":"2024-06-23T06:43:49","guid":{"rendered":"https:\/\/www.brw.pl\/blog\/?p=36392"},"modified":"2024-06-19T13:11:07","modified_gmt":"2024-06-19T11:11:07","slug":"uchwyty-do-mebli-kuchennych-jakie-beda-najpraktyczniejsze","status":"publish","type":"post","link":"https:\/\/www.brw.pl\/blog\/uchwyty-do-mebli-kuchennych-jakie-beda-najpraktyczniejsze\/","title":{"rendered":"Uchwyty do mebli kuchennych: jakie b\u0119d\u0105 najpraktyczniejsze?"},"content":{"rendered":"<p><strong>Co wybra\u0107 <\/strong>\u2013<strong> nowoczesne relingi, stylowe uchwyty muszelkowe, a mo\u017ce klasyczne ga\u0142ki?<\/strong><strong>\u00a0Jak dobra\u0107 uchwyty do szafek kuchennych? O funkcjonalnych rozwi\u0105zaniach i trendach w projektowaniu przeczytasz w dzisiejszym artykule. Zapraszamy!<\/strong><!--more--><\/p>\n<div style=\"display: flex; align-items: center; justify-content: center; text-align: center;\">\n<figure id=\"attachment_36393\" aria-describedby=\"caption-attachment-36393\" style=\"width: 800px\" class=\"wp-caption aligncenter\"><a href=\"https:\/\/www.brw.pl\/szafka-kuchenna-gorna-top-line-60-cm-uchylna-bialy-polysk,36808\" target=\"_blank\" rel=\"noopener noreferrer\"><img decoding=\"async\" class=\"wp-image-36393 size-medium lazyload\" data-src=\"https:\/\/www.brw.pl\/blog\/wp-content\/uploads\/2024\/06\/topline_www-800x672.jpg\" alt=\"Uchwyty do mebli kuchennych: jakie b\u0119d\u0105 najpraktyczniejsze?\" width=\"800\" height=\"672\" data-srcset=\"https:\/\/www.brw.pl\/blog\/wp-content\/uploads\/2024\/06\/topline_www-800x672.jpg 800w, https:\/\/www.brw.pl\/blog\/wp-content\/uploads\/2024\/06\/topline_www-768x645.jpg 768w, https:\/\/www.brw.pl\/blog\/wp-content\/uploads\/2024\/06\/topline_www.jpg 1275w\" data-sizes=\"(max-width: 800px) 100vw, 800px\" src=\"data:image\/svg+xml;base64,PHN2ZyB3aWR0aD0iMSIgaGVpZ2h0PSIxIiB4bWxucz0iaHR0cDovL3d3dy53My5vcmcvMjAwMC9zdmciPjwvc3ZnPg==\" style=\"--smush-placeholder-width: 800px; --smush-placeholder-aspect-ratio: 800\/672;\" \/><\/a><figcaption id=\"caption-attachment-36393\" class=\"wp-caption-text\"><a href=\"https:\/\/www.brw.pl\/szafka-kuchenna-gorna-top-line-60-cm-uchylna-bialy-polysk,36808\" target=\"_blank\" rel=\"noopener noreferrer\"><span style=\"font-weight: 400;\">SZAFKA KUCHENNA G\u00d3RNA TOP LINE<\/span><\/a><\/figcaption><\/figure>\n<\/div>\n<h2><strong>Uchwyty do mebli kuchennych: jak\u0105 rol\u0119 odgrywaj\u0105 w aran\u017cacji przestrzeni?<\/strong><\/h2>\n<p><a href=\"https:\/\/www.brw.pl\/meble\/meble-kuchenne\/wyposazenie-szafek-kuchennych\/uchwyty\/\" target=\"_blank\" rel=\"noopener\">Uchwyty do mebli kuchennych<\/a> \u2013 na poz\u00f3r drobny detal, w praktyce niezwykle istotny element aran\u017cacji wn\u0119trza. Dobrze dobrane uchwyty s\u0105 dla Twojej kuchni niczym bi\u017cuteria: dodaj\u0105 blasku, dekoruj\u0105, podkre\u015blaj\u0105 styl i charakter wystroju. Estetyka to jednak nie wszystko. Nie zapominajmy, \u017ce <strong>uchwyty pe\u0142ni\u0105 r\u00f3wnie\u017c funkcj\u0119 u\u017cytkow\u0105 \u2013 to one w znacznej mierze wp\u0142ywaj\u0105 na komfort korzystania z zabudowy kuchennej<\/strong>. Ergonomiczne uchwyty, kt\u00f3re dobrze le\u017c\u0105 w d\u0142oni i kt\u00f3rymi \u0142atwo si\u0119 operuje, to maksimum wygody na co dzie\u0144.<\/p>\n<p>Przed Tob\u0105 remont lub metamorfoza kuchni? Je\u015bli marzysz o wn\u0119trzu sp\u00f3jnym i harmonijnym, po\u015bwi\u0119\u0107 chwil\u0119 na dopracowanie szczeg\u00f3\u0142\u00f3w. Uchwyty do front\u00f3w meblowych mog\u0105 wsp\u00f3\u0142gra\u0107 z pozosta\u0142ymi elementami wystroju, takimi jak oprawy o\u015bwietleniowe, bateria kuchenna, zlewozmywak czy okucia meblowe. Nie jest to jednak regu\u0142\u0105. Wa\u017cne natomiast, by wpisywa\u0142y si\u0119 w og\u00f3ln\u0105 koncepcj\u0119 stylistyczn\u0105 wn\u0119trza i dope\u0142nia\u0142y projekt zar\u00f3wno w aspekcie funkcjonalnym, jak i dekoracyjnym. Dzi\u0119ki r\u00f3\u017cnorodno\u015bci dost\u0119pnych wzor\u00f3w, kolor\u00f3w i materia\u0142\u00f3w, bez trudu znajdziesz sw\u00f3j idea\u0142.<\/p>\n<h2><strong>Rodzaje uchwyt\u00f3w do szafek kuchennych<\/strong><\/h2>\n<p>Rynek oferuje szerok\u0105 gam\u0119 uchwyt\u00f3w w rozmaitych kszta\u0142tach, wielko\u015bciach i stylach. Poznaj wszystkie rodzaje uchwyt\u00f3w meblowych!<\/p>\n<h3>Uchwyty relingowe<\/h3>\n<p>Relingi to uchwyty o prostym, liniowym kszta\u0142cie i minimalistycznym designie, kt\u00f3ry doskonale wpisuje si\u0119 w nowoczesne kuchnie. Najcz\u0119\u015bciej wykonuje si\u0119 je ze stali nierdzewnej lub aluminium, dzi\u0119ki czemu s\u0105 trwa\u0142e i uniwersalne.<\/p>\n<p><strong>Wygl\u0105d<\/strong>: maj\u0105 form\u0119 prostych, wyd\u0142u\u017conych pr\u0119t\u00f3w, montowanych poziomo lub pionowo na frontach szafek i szuflad.<\/p>\n<p><strong>Styl<\/strong>: idealne do nowoczesnych, industrialnych oraz minimalistycznych aran\u017cacji, w kt\u00f3rych liczy si\u0119 prostota i elegancja.<\/p>\n<div style=\"display: flex; align-items: center; justify-content: center; text-align: center;\">\n<figure id=\"attachment_36394\" aria-describedby=\"caption-attachment-36394\" style=\"width: 400px\" class=\"wp-caption aligncenter\"><a href=\"https:\/\/www.brw.pl\/uchwyt-n95-edan,46436\" target=\"_blank\" rel=\"noopener noreferrer\"><img decoding=\"async\" class=\"wp-image-36394 lazyload\" data-src=\"https:\/\/www.brw.pl\/blog\/wp-content\/uploads\/2024\/06\/uchwyt-n95-edan-slargeb.jpg\" alt=\"Uchwyt n95 Edan\" width=\"400\" height=\"301\" data-srcset=\"https:\/\/www.brw.pl\/blog\/wp-content\/uploads\/2024\/06\/uchwyt-n95-edan-slargeb.jpg 798w, https:\/\/www.brw.pl\/blog\/wp-content\/uploads\/2024\/06\/uchwyt-n95-edan-slargeb-768x577.jpg 768w\" data-sizes=\"(max-width: 400px) 100vw, 400px\" src=\"data:image\/svg+xml;base64,PHN2ZyB3aWR0aD0iMSIgaGVpZ2h0PSIxIiB4bWxucz0iaHR0cDovL3d3dy53My5vcmcvMjAwMC9zdmciPjwvc3ZnPg==\" style=\"--smush-placeholder-width: 400px; --smush-placeholder-aspect-ratio: 400\/301;\" \/><\/a><figcaption id=\"caption-attachment-36394\" class=\"wp-caption-text\"><a href=\"https:\/\/www.brw.pl\/uchwyt-n95-edan,46436\" target=\"_blank\" rel=\"noopener noreferrer\"><span style=\"font-weight: 400;\">UCHWYT N95 EDAN<\/span><\/a><\/figcaption><\/figure>\n<\/div>\n<div style=\"display: flex; align-items: center; justify-content: center; text-align: center;\">\n<figure id=\"attachment_36395\" aria-describedby=\"caption-attachment-36395\" style=\"width: 400px\" class=\"wp-caption aligncenter\"><a href=\"https:\/\/www.brw.pl\/uchwyt-n100-top-line,46434\" target=\"_blank\" rel=\"noopener noreferrer\"><img decoding=\"async\" class=\"wp-image-36395 lazyload\" data-src=\"https:\/\/www.brw.pl\/blog\/wp-content\/uploads\/2024\/06\/uchwyt-n100-top-line-slargeb.jpg\" alt=\"Uchwyt n100 Top Line\" width=\"400\" height=\"300\" data-srcset=\"https:\/\/www.brw.pl\/blog\/wp-content\/uploads\/2024\/06\/uchwyt-n100-top-line-slargeb.jpg 800w, https:\/\/www.brw.pl\/blog\/wp-content\/uploads\/2024\/06\/uchwyt-n100-top-line-slargeb-768x576.jpg 768w\" data-sizes=\"(max-width: 400px) 100vw, 400px\" src=\"data:image\/svg+xml;base64,PHN2ZyB3aWR0aD0iMSIgaGVpZ2h0PSIxIiB4bWxucz0iaHR0cDovL3d3dy53My5vcmcvMjAwMC9zdmciPjwvc3ZnPg==\" style=\"--smush-placeholder-width: 400px; --smush-placeholder-aspect-ratio: 400\/300;\" \/><\/a><figcaption id=\"caption-attachment-36395\" class=\"wp-caption-text\"><a href=\"https:\/\/www.brw.pl\/uchwyt-n100-top-line,46434\" target=\"_blank\" rel=\"noopener noreferrer\"><span style=\"font-weight: 400;\">UCHWYT N100 TOP LINE<\/span><\/a><\/figcaption><\/figure>\n<\/div>\n<h3><strong>Uchwyty \u0142ukowe<\/strong><\/h3>\n<p>Charakteryzuj\u0105 si\u0119 delikatnie zaokr\u0105glonym kszta\u0142tem, kt\u00f3ry dodaje kuchni klasycznego uroku. Jest to do\u015b\u0107 uniwersalny typ uchwyt\u00f3w \u2013 \u0142atwo dopasowuj\u0105 si\u0119 do r\u00f3\u017cnych styl\u00f3w, od tradycyjnych po nowoczesne.<\/p>\n<p><strong>Wygl\u0105d:<\/strong> maj\u0105 subtelny \u0142uk poprowadzony na zewn\u0105trz, s\u0105 wi\u0119c wygodne do chwytania.<\/p>\n<p><strong>Styl<\/strong>: sprawdz\u0105 si\u0119 w kuchniach klasycznych, eklektycznych, retro.<\/p>\n<div style=\"display: flex; align-items: center; justify-content: center; text-align: center;\">\n<figure id=\"attachment_36396\" aria-describedby=\"caption-attachment-36396\" style=\"width: 400px\" class=\"wp-caption aligncenter\"><a href=\"https:\/\/www.brw.pl\/uchwyt-m37-older,46435\" target=\"_blank\" rel=\"noopener noreferrer\"><img decoding=\"async\" class=\"wp-image-36396 lazyload\" data-src=\"https:\/\/www.brw.pl\/blog\/wp-content\/uploads\/2024\/06\/uchwyt-m37-older-slargeb.jpg\" alt=\"Uchwyt m37 Older\" width=\"400\" height=\"300\" data-srcset=\"https:\/\/www.brw.pl\/blog\/wp-content\/uploads\/2024\/06\/uchwyt-m37-older-slargeb.jpg 800w, https:\/\/www.brw.pl\/blog\/wp-content\/uploads\/2024\/06\/uchwyt-m37-older-slargeb-768x576.jpg 768w\" data-sizes=\"(max-width: 400px) 100vw, 400px\" src=\"data:image\/svg+xml;base64,PHN2ZyB3aWR0aD0iMSIgaGVpZ2h0PSIxIiB4bWxucz0iaHR0cDovL3d3dy53My5vcmcvMjAwMC9zdmciPjwvc3ZnPg==\" style=\"--smush-placeholder-width: 400px; --smush-placeholder-aspect-ratio: 400\/300;\" \/><\/a><figcaption id=\"caption-attachment-36396\" class=\"wp-caption-text\"><a href=\"https:\/\/www.brw.pl\/uchwyt-m37-older,46435\" target=\"_blank\" rel=\"noopener noreferrer\"><span style=\"font-weight: 400;\">UCHWYT M37 OLDER<\/span><\/a><\/figcaption><\/figure>\n<\/div>\n<div style=\"display: flex; align-items: center; justify-content: center; text-align: center;\">\n<figure id=\"attachment_36397\" aria-describedby=\"caption-attachment-36397\" style=\"width: 400px\" class=\"wp-caption aligncenter\"><a href=\"https:\/\/www.brw.pl\/uchwyt-n73-top-line,41760\" target=\"_blank\" rel=\"noopener noreferrer\"><img decoding=\"async\" class=\"wp-image-36397 lazyload\" data-src=\"https:\/\/www.brw.pl\/blog\/wp-content\/uploads\/2024\/06\/uchwyt-n73-top-line-slargeb.jpg\" alt=\"Uchwyt n73 Top Line\" width=\"400\" height=\"300\" data-srcset=\"https:\/\/www.brw.pl\/blog\/wp-content\/uploads\/2024\/06\/uchwyt-n73-top-line-slargeb.jpg 800w, https:\/\/www.brw.pl\/blog\/wp-content\/uploads\/2024\/06\/uchwyt-n73-top-line-slargeb-768x576.jpg 768w\" data-sizes=\"(max-width: 400px) 100vw, 400px\" src=\"data:image\/svg+xml;base64,PHN2ZyB3aWR0aD0iMSIgaGVpZ2h0PSIxIiB4bWxucz0iaHR0cDovL3d3dy53My5vcmcvMjAwMC9zdmciPjwvc3ZnPg==\" style=\"--smush-placeholder-width: 400px; --smush-placeholder-aspect-ratio: 400\/300;\" \/><\/a><figcaption id=\"caption-attachment-36397\" class=\"wp-caption-text\"><a href=\"https:\/\/www.brw.pl\/uchwyt-n73-top-line,41760\" target=\"_blank\" rel=\"noopener noreferrer\"><span style=\"font-weight: 400;\">UCHWYT N73 TOP LINE<\/span><\/a><\/figcaption><\/figure>\n<\/div>\n<h3><strong>Uchwyty muszelkowe<\/strong><\/h3>\n<p>Jest to stylowe i funkcjonalne rozwi\u0105zanie, kt\u00f3re dobrze komponuje si\u0119 z kuchniami w stylu vintage, rustykalnym, prowansalskim, cottagecore. Ich p\u00f3\u0142kolisty kszta\u0142t przypomina muszl\u0119, st\u0105d te\u017c ich nazwa. Uchwyty muszelkowe najcz\u0119\u015bciej wykonane s\u0105 z mosi\u0105dzu, nierzadko z wyko\u0144czeniem w stylu antycznym.<\/p>\n<p><strong>Wygl\u0105d<\/strong>: p\u00f3\u0142koliste lub \u0142ukowate, montowane od do\u0142u lub g\u00f3ry frontu.<\/p>\n<p><strong>Styl<\/strong>: idealne do kuchni vintage, rustykalnych oraz tradycyjnych.<\/p>\n<h3>Uchwyty kraw\u0119dziowe<\/h3>\n<p>Interesuj\u0105 Ci\u0119 dyskretne rozwi\u0105zania? Zwr\u00f3\u0107 uwag\u0119 na uchwyty kraw\u0119dziowe \u2013 minimalistyczne, niemal niewidoczne, mocowane na kraw\u0119dziach drzwiczek lub szuflad. Ergonomicznie wyprofilowane uchwyty s\u0105 idealn\u0105 opcj\u0105 do nowoczesnych kuchni, w kt\u00f3rych dominuj\u0105 proste formy.<\/p>\n<p><strong>Wygl\u0105d:<\/strong> ukryte na kraw\u0119dzi frontu, cz\u0119sto w kszta\u0142cie litery \u201eL\u201d lub \u201eU\u201d, niemal niewidoczne z zewn\u0105trz.<\/p>\n<p><strong>Styl:<\/strong> doskona\u0142e do nowoczesnych, minimalistycznych oraz industrialnych wn\u0119trz.<\/p>\n<h3>Uchwyty frezowane<\/h3>\n<div style=\"display: flex; align-items: center; justify-content: center; text-align: center;\">\n<figure id=\"attachment_36398\" aria-describedby=\"caption-attachment-36398\" style=\"width: 800px\" class=\"wp-caption aligncenter\"><a href=\"https:\/\/www.brw.pl\/szafka-kuchenna-gorna-iris-40-cm-lewa-bialy-super-mat,35387\" target=\"_blank\" rel=\"noopener noreferrer\"><img decoding=\"async\" class=\"wp-image-36398 size-medium lazyload\" data-src=\"https:\/\/www.brw.pl\/blog\/wp-content\/uploads\/2024\/06\/iris_bialy_www-800x450.jpg\" alt=\"Kuchnia Family Line Iris\" width=\"800\" height=\"450\" data-srcset=\"https:\/\/www.brw.pl\/blog\/wp-content\/uploads\/2024\/06\/iris_bialy_www-800x450.jpg 800w, https:\/\/www.brw.pl\/blog\/wp-content\/uploads\/2024\/06\/iris_bialy_www-768x432.jpg 768w, https:\/\/www.brw.pl\/blog\/wp-content\/uploads\/2024\/06\/iris_bialy_www-1536x864.jpg 1536w, https:\/\/www.brw.pl\/blog\/wp-content\/uploads\/2024\/06\/iris_bialy_www.jpg 1920w\" data-sizes=\"(max-width: 800px) 100vw, 800px\" src=\"data:image\/svg+xml;base64,PHN2ZyB3aWR0aD0iMSIgaGVpZ2h0PSIxIiB4bWxucz0iaHR0cDovL3d3dy53My5vcmcvMjAwMC9zdmciPjwvc3ZnPg==\" style=\"--smush-placeholder-width: 800px; --smush-placeholder-aspect-ratio: 800\/450;\" \/><\/a><figcaption id=\"caption-attachment-36398\" class=\"wp-caption-text\"><a href=\"https:\/\/www.brw.pl\/szafka-kuchenna-gorna-iris-40-cm-lewa-bialy-super-mat,35387\" target=\"_blank\" rel=\"noopener noreferrer\"><span style=\"font-weight: 400;\">SZAFKA KUCHENNA G\u00d3RNA IRIS<\/span><\/a><\/figcaption><\/figure>\n<\/div>\n<p>Kolejn\u0105 propozycj\u0105 dla wielbicieli g\u0142adkich powierzchni s\u0105 uchwyty frezowane. Zintegrowane uchwyty wyci\u0119te bezpo\u015brednio we frontach szafek nie rzucaj\u0105 si\u0119 w oczy. To popularny wyb\u00f3r do kuchni nowoczesnych, w kt\u00f3rych stawiamy na funkcjonalno\u015b\u0107.<\/p>\n<p><strong>Wygl\u0105d:<\/strong> wci\u0119cia lub frezy bezpo\u015brednio w materiale frontu, tworz\u0105ce naturalne wg\u0142\u0119bienie.<\/p>\n<p><strong>Styl:<\/strong> pasuj\u0105 do nowoczesnych, minimalistycznych oraz skandynawskich aran\u017cacji.<\/p>\n<h3>Uchwyty wpuszczane we front<\/h3>\n<p>Ten rodzaj uchwytu charakteryzuje si\u0119 g\u0142\u0119bokim wci\u0119ciem, kt\u00f3re pozwala na zlicowanie go z powierzchni\u0105 frontu. \u015awietnie prezentuj\u0105 si\u0119 w eleganckich, nowoczesnych kuchniach otwartych na salon.<\/p>\n<p><strong>Wygl\u0105d:<\/strong> g\u0142\u0119bokie, prostok\u0105tne lub owalne wci\u0119cia we frontach daj\u0105ce efekt g\u0142adkiej, jednolitej powierzchni.<\/p>\n<p><strong>Styl: <\/strong>odnajd\u0105 si\u0119 w kuchniach nowoczesnych i modern classic.<\/p>\n<div style=\"display: flex; align-items: center; justify-content: center; text-align: center;\">\n<figure id=\"attachment_36399\" aria-describedby=\"caption-attachment-36399\" style=\"width: 400px\" class=\"wp-caption aligncenter\"><a href=\"https:\/\/www.brw.pl\/uchwyt-czarny-chrom-tafne,46438\" target=\"_blank\" rel=\"noopener noreferrer\"><img decoding=\"async\" class=\"wp-image-36399 lazyload\" data-src=\"https:\/\/www.brw.pl\/blog\/wp-content\/uploads\/2024\/06\/uchwyt-czarny-chrom-tafne-slargeb.jpg\" alt=\"Uchwyt czarny chrom Tafne\" width=\"400\" height=\"300\" data-srcset=\"https:\/\/www.brw.pl\/blog\/wp-content\/uploads\/2024\/06\/uchwyt-czarny-chrom-tafne-slargeb.jpg 800w, https:\/\/www.brw.pl\/blog\/wp-content\/uploads\/2024\/06\/uchwyt-czarny-chrom-tafne-slargeb-768x576.jpg 768w\" data-sizes=\"(max-width: 400px) 100vw, 400px\" src=\"data:image\/svg+xml;base64,PHN2ZyB3aWR0aD0iMSIgaGVpZ2h0PSIxIiB4bWxucz0iaHR0cDovL3d3dy53My5vcmcvMjAwMC9zdmciPjwvc3ZnPg==\" style=\"--smush-placeholder-width: 400px; --smush-placeholder-aspect-ratio: 400\/300;\" \/><\/a><figcaption id=\"caption-attachment-36399\" class=\"wp-caption-text\"><a href=\"https:\/\/www.brw.pl\/uchwyt-czarny-chrom-tafne,46438\" target=\"_blank\" rel=\"noopener noreferrer\"><span style=\"font-weight: 400;\">UCHWYT CZARNY CHROM TAFNE<\/span><\/a><\/figcaption><\/figure>\n<\/div>\n<div style=\"display: flex; align-items: center; justify-content: center; text-align: center;\">\n<figure id=\"attachment_36400\" aria-describedby=\"caption-attachment-36400\" style=\"width: 400px\" class=\"wp-caption aligncenter\"><a href=\"https:\/\/www.brw.pl\/uchwyt-miedz-szczotkowana-tafne,46439\" target=\"_blank\" rel=\"noopener noreferrer\"><img decoding=\"async\" class=\"wp-image-36400 lazyload\" data-src=\"https:\/\/www.brw.pl\/blog\/wp-content\/uploads\/2024\/06\/uchwyt-miedz-szczotkowana-tafne-slargeb.jpg\" alt=\"Uchwyt mied\u017a szczotkowana Tafne\" width=\"400\" height=\"300\" data-srcset=\"https:\/\/www.brw.pl\/blog\/wp-content\/uploads\/2024\/06\/uchwyt-miedz-szczotkowana-tafne-slargeb.jpg 800w, https:\/\/www.brw.pl\/blog\/wp-content\/uploads\/2024\/06\/uchwyt-miedz-szczotkowana-tafne-slargeb-768x576.jpg 768w\" data-sizes=\"(max-width: 400px) 100vw, 400px\" src=\"data:image\/svg+xml;base64,PHN2ZyB3aWR0aD0iMSIgaGVpZ2h0PSIxIiB4bWxucz0iaHR0cDovL3d3dy53My5vcmcvMjAwMC9zdmciPjwvc3ZnPg==\" style=\"--smush-placeholder-width: 400px; --smush-placeholder-aspect-ratio: 400\/300;\" \/><\/a><figcaption id=\"caption-attachment-36400\" class=\"wp-caption-text\"><a href=\"https:\/\/www.brw.pl\/uchwyt-miedz-szczotkowana-tafne,46439\" target=\"_blank\" rel=\"noopener noreferrer\"><span style=\"font-weight: 400;\">UCHWYT MIED\u0179 SZCZOTKOWANA TAFNE<\/span><\/a><\/figcaption><\/figure>\n<\/div>\n<h3>Ga\u0142ki meblowe<\/h3>\n<p>To klasyczny i uniwersalny typ uchwyt\u00f3w, dost\u0119pny w wielu kszta\u0142tach i materia\u0142ach. Ga\u0142ki mog\u0105 by\u0107 subtelne i dyskretne, ale na rynku znajdziemy r\u00f3wnie\u017c modele dekoracyjne.<\/p>\n<p><strong>Wygl\u0105d:<\/strong> ma\u0142e, okr\u0105g\u0142e lub kszta\u0142towane ga\u0142ki, kt\u00f3re s\u0105 przykr\u0119cane do front\u00f3w szafek.<\/p>\n<p><strong>Styl:<\/strong> ch\u0119tnie wybierane do kuchni klasycznych, w stylu angielskim, glamour, prowansalskim, modern classic. Bez trudu odnajd\u0105 si\u0119 r\u00f3wnie\u017c we wn\u0119trzach skandynawskich.<\/p>\n<div style=\"display: flex; align-items: center; justify-content: center; text-align: center;\">\n<figure id=\"attachment_36401\" aria-describedby=\"caption-attachment-36401\" style=\"width: 400px\" class=\"wp-caption aligncenter\"><a href=\"https:\/\/www.brw.pl\/uchwyt-g29-verdi,52193\" target=\"_blank\" rel=\"noopener noreferrer\"><img decoding=\"async\" class=\"wp-image-36401 lazyload\" data-src=\"https:\/\/www.brw.pl\/blog\/wp-content\/uploads\/2024\/06\/uchwyt-g29-verdi-slargeb.jpg\" alt=\"Uchwyt g29 Verdi\" width=\"400\" height=\"301\" data-srcset=\"https:\/\/www.brw.pl\/blog\/wp-content\/uploads\/2024\/06\/uchwyt-g29-verdi-slargeb.jpg 798w, https:\/\/www.brw.pl\/blog\/wp-content\/uploads\/2024\/06\/uchwyt-g29-verdi-slargeb-768x577.jpg 768w\" data-sizes=\"(max-width: 400px) 100vw, 400px\" src=\"data:image\/svg+xml;base64,PHN2ZyB3aWR0aD0iMSIgaGVpZ2h0PSIxIiB4bWxucz0iaHR0cDovL3d3dy53My5vcmcvMjAwMC9zdmciPjwvc3ZnPg==\" style=\"--smush-placeholder-width: 400px; --smush-placeholder-aspect-ratio: 400\/301;\" \/><\/a><figcaption id=\"caption-attachment-36401\" class=\"wp-caption-text\"><a href=\"https:\/\/www.brw.pl\/uchwyt-g29-verdi,52193\" target=\"_blank\" rel=\"noopener noreferrer\"><span style=\"font-weight: 400;\">UCHWYT G29 VERDI<\/span><\/a><\/figcaption><\/figure>\n<\/div>\n<h3>Uchwyty ozdobne<\/h3>\n<p>Stylowa propozycja dla mi\u0142o\u015bnik\u00f3w wyj\u0105tkowych, artystycznych rozwi\u0105za\u0144. Uchwyty ozdobne przybieraj\u0105 rozmaite kszta\u0142ty, od przedstawie\u0144 zwierz\u0105t po abstrakcyjne formy i zdobienia.<\/p>\n<p><strong>Wygl\u0105d:<\/strong> uchwyty w formie owad\u00f3w, ptak\u00f3w, ro\u015blin oraz \u017cywiczne ga\u0142ki z zatopionymi kwiatami, cz\u0119sto bardzo dekoracyjne.<\/p>\n<p><strong>Styl:<\/strong> doskona\u0142e do kuchni eklektycznych, art deco lub w stylu boho.<\/p>\n<h3>Systemy Tip-On \u2013 alternatywa dla uchwyt\u00f3w kuchennych<\/h3>\n<p>Bezuchwytowe systemy otwierania szafek i szuflad znane s\u0105 pod nazwami Tip-On i push to open. Dzia\u0142aj\u0105 na zasadzie nacisku: szafki otwieraj\u0105 si\u0119 po delikatnym naci\u015bni\u0119ciu frontu.<\/p>\n<p><strong>Wygl\u0105d:<\/strong> brak uchwyt\u00f3w, czysta linia front\u00f3w. Mechanizm montowany jest w korpusie mebla.<\/p>\n<p><strong>Styl:<\/strong> idealne do kuchni ultranowoczesnych i hi-tech.<\/p>\n<p>Szukaj\u0105c uchwyt\u00f3w i ga\u0142ek do swojej kuchni, zwr\u00f3\u0107 r\u00f3wnie\u017c uwag\u0119 na materia\u0142, z kt\u00f3rego s\u0105 wykonane. Do najpopularniejszych nale\u017c\u0105 stal, mosi\u0105dz, aluminium, drewno i tworzywo sztuczne, ale zainteresowaniem ciesz\u0105 si\u0119 r\u00f3wnie\u017c porcelana, ceramika, \u017cywica czy sk\u00f3ra.<\/p>\n<h2><strong>Jak dopasowa\u0107 uchwyty do stylu mebli i kuchni?<\/strong><\/h2>\n<p>Wyb\u00f3r odpowiednich uchwyt\u00f3w to wa\u017cny krok w procesie aran\u017cacji kuchennego wn\u0119trza. Nie warto odk\u0142ada\u0107 go na koniec \u2013 <strong>o tym, jakie uchwyty b\u0119d\u0105 zdobi\u0107 <a href=\"https:\/\/www.brw.pl\/meble\/meble-kuchenne\/szafki-kuchenne\/\" target=\"_blank\" rel=\"noopener\">szafki<\/a>, dobrze jest zdecydowa\u0107 ju\u017c na etapie wybierania mebli<\/strong>. Tylko w\u00f3wczas mo\u017cna uwzgl\u0119dni\u0107 wszystkie aspekty funkcjonalne i estetyczne, i tym samym unikn\u0105\u0107 p\u00f3\u017aniejszych niespodzianek.<\/p>\n<p>Pami\u0119taj, \u017ce niekt\u00f3re systemy otwierania wymagaj\u0105 integracji z korpusami szafek, inne natomiast wykluczaj\u0105 zastosowanie niekt\u00f3rych zdobie\u0144, np. ryflowanych front\u00f3w. Nie wszystkie te\u017c maj\u0105 uniwersalny wygl\u0105d. Jak zatem wybra\u0107 uchwyty kuchenne? Piszemy o tym w kolejnych akapitach.<\/p>\n<h3>Kolorystyka uchwyt\u00f3w meblowych dobrana do kolor\u00f3w front\u00f3w<\/h3>\n<div style=\"display: flex; align-items: center; justify-content: center; text-align: center;\">\n<figure id=\"attachment_36402\" aria-describedby=\"caption-attachment-36402\" style=\"width: 800px\" class=\"wp-caption aligncenter\"><a href=\"https:\/\/www.brw.pl\/traffic-96th-york-street,22792\" target=\"_blank\" rel=\"noopener noreferrer\"><img decoding=\"async\" class=\"wp-image-36402 size-medium lazyload\" data-src=\"https:\/\/www.brw.pl\/blog\/wp-content\/uploads\/2024\/06\/96TH_YORK_STREET_zlelen_boho_czarny_mat_blat_Marmur_Atira_uchwyt_G25_czarny_mat_Ar1-800x623.jpg\" alt=\"Kuchnia Senso Kitchens - 96th York Street\" width=\"800\" height=\"623\" data-srcset=\"https:\/\/www.brw.pl\/blog\/wp-content\/uploads\/2024\/06\/96TH_YORK_STREET_zlelen_boho_czarny_mat_blat_Marmur_Atira_uchwyt_G25_czarny_mat_Ar1-800x623.jpg 800w, https:\/\/www.brw.pl\/blog\/wp-content\/uploads\/2024\/06\/96TH_YORK_STREET_zlelen_boho_czarny_mat_blat_Marmur_Atira_uchwyt_G25_czarny_mat_Ar1-768x598.jpg 768w, https:\/\/www.brw.pl\/blog\/wp-content\/uploads\/2024\/06\/96TH_YORK_STREET_zlelen_boho_czarny_mat_blat_Marmur_Atira_uchwyt_G25_czarny_mat_Ar1.jpg 1385w\" data-sizes=\"(max-width: 800px) 100vw, 800px\" src=\"data:image\/svg+xml;base64,PHN2ZyB3aWR0aD0iMSIgaGVpZ2h0PSIxIiB4bWxucz0iaHR0cDovL3d3dy53My5vcmcvMjAwMC9zdmciPjwvc3ZnPg==\" style=\"--smush-placeholder-width: 800px; --smush-placeholder-aspect-ratio: 800\/623;\" \/><\/a><figcaption id=\"caption-attachment-36402\" class=\"wp-caption-text\"><a href=\"https:\/\/www.brw.pl\/traffic-96th-york-street,22792\" target=\"_blank\" rel=\"noopener noreferrer\"><span style=\"font-weight: 400;\">KUCHNIA TRAFFIC 96TH YORK STREET<\/span><\/a><\/figcaption><\/figure>\n<\/div>\n<p>O tym, jak ostatecznie zaprezentuje si\u0119 wystr\u00f3j Twojej kuchni, decyduje mi\u0119dzy innymi jej kolorystyka. Fronty kuchenne powinny wsp\u00f3\u0142gra\u0107 kolorystycznie nie tylko z elementami wyko\u0144czenia, <a href=\"https:\/\/www.brw.pl\/meble\/meble-kuchenne\/blaty\/\" target=\"_blank\" rel=\"noopener\">blatem<\/a> czy <a href=\"https:\/\/www.brw.pl\/agd\/\" target=\"_blank\" rel=\"noopener\">sprz\u0119tem AGD<\/a>, ale r\u00f3wnie\u017c z uchwytami. Z pozoru b\u0142ahostka, jednak <strong>\u017ale dobrane uchwyty mog\u0105 zepsu\u0107 efekt, kt\u00f3ry chcesz uzyska\u0107<\/strong>.<\/p>\n<p>Kolory w kuchni mog\u0105 by\u0107 dopasowane na zasadzie kontrastu lub podobie\u0144stwa. Wszystko zale\u017cy od tego, czy preferujesz wyraziste czy mo\u017ce bardziej subtelne po\u0142\u0105czenia. Nie masz wyczucia, je\u015bli chodzi o barwy? Poni\u017cej spisali\u015bmy przyk\u0142ady kombinacji kolorystycznych, kt\u00f3re zdadz\u0105 egzamin w ka\u017cdej kuchni. Zainspiruj si\u0119!<\/p>\n<ul>\n<li><strong>Uchwyty w kolorze szczotkowanego z\u0142ota<\/strong> znakomicie prezentuj\u0105 si\u0119 na tle ciemnych front\u00f3w (czarnych, granatowych, grafitowych) ale niezwykle udany duet stworz\u0105 r\u00f3wnie\u017c z meblami w odcieniach kremowej bieli. Postaw na takie po\u0142\u0105czenie, je\u015bli zale\u017cy Ci na eleganckiej aran\u017cacji z klas\u0105.<\/li>\n<li><strong>B\u0142yszcz\u0105ce z\u0142ote uchwyty<\/strong> s\u0105 \u015bwietnym uzupe\u0142nieniem mebli w g\u0142\u0119bokim, d\u0119bowym kolorze, ale nie tylko. \u015amia\u0142o mo\u017cesz \u0142\u0105czy\u0107 je r\u00f3wnie\u017c z pastelami lub klasycznie: z biel\u0105 i czerni\u0105.<\/li>\n<li><strong>Srebrne uchwyty<\/strong> dobrze komponuj\u0105 si\u0119 w\u0142a\u015bciwie z ka\u017cdym kolorem front\u00f3w. W nowoczesnych kuchniach warto \u0142\u0105czy\u0107 je z czerni\u0105, biel\u0105, odcieniami szaro\u015bci lub naturalnym drewnem. B\u0119d\u0105 odpowiednim towarzystwem dla lakierowanych mebli.<\/li>\n<li><strong>Uchwyty w kolorze czarnym<\/strong> daj\u0105 wyrazisty efekt, s\u0105 wi\u0119c znakomit\u0105 dekoracj\u0105 mebli kuchennych w stylu nowoczesnym, industrialnym, skandynawskim. Zestawiaj je z biel\u0105, szarym, zieleni\u0105 lub drewnem.<\/li>\n<li><strong>Antyczny mosi\u0105dz<\/strong> to doskona\u0142a propozycja do kuchni w stylu retro, cottagecore i rustykalnych. Mosi\u0119\u017cne uchwyty warto dobra\u0107 do front\u00f3w w kolorze bielonego, postarzanego drewna.<\/li>\n<\/ul>\n<h3>Styl meblowych uchwyt\u00f3w<\/h3>\n<p>Styl uchwyt\u00f3w powinien i\u015b\u0107 w parze z og\u00f3ln\u0105 koncepcj\u0105 stylistyczn\u0105 wn\u0119trza i harmonizowa\u0107 z jego aran\u017cacj\u0105. O ile porcelanowe ga\u0142ki lub ko\u0142atki w kolorze antycznego z\u0142ota znakomicie podkre\u015bl\u0105 urod\u0119 kuchni vintage, o tyle w nowoczesnym wn\u0119trzu nie odnajd\u0105 si\u0119 wcale. Zobacz, czym charakteryzuj\u0105 si\u0119 uchwyty w poszczeg\u00f3lnych stylach i znajd\u017a odpowiedni model.<\/p>\n<p><strong>Minimalistyczne uchwyty<\/strong> cechuj\u0105 si\u0119 prostymi, geometrycznymi formami i brakiem zb\u0119dnych zdobie\u0144. S\u0105 dyskretne i funkcjonalne, a ich g\u0142\u00f3wn\u0105 zalet\u0105 jest subtelny wygl\u0105d. Dzi\u0119ki swojej prostocie idealnie komponuj\u0105 si\u0119 z g\u0142adkimi, jednolitymi frontami.<\/p>\n<p><strong>Uchwyty retro<\/strong> nawi\u0105zuj\u0105 do stylistyki dawnych lat \u2013 charakteryzuj\u0105 si\u0119 ozdobnymi detalami i zaokr\u0105glonymi kszta\u0142tami. W\u015br\u00f3d nich znajdziesz zar\u00f3wno mosi\u0119\u017cne, ceramiczne lub porcelanowe ga\u0142ki, jak i klasyczne ko\u0142atki, cz\u0119sto z patynowanym lub polerowanym wyko\u0144czeniem.<\/p>\n<p><strong>Rustykalne uchwyty<\/strong> na og\u00f3\u0142 wykonane s\u0105 z naturalnych materia\u0142\u00f3w: drewna, \u017celiwa, postarzanego metalu. Mog\u0105 mie\u0107 nieregularne kszta\u0142ty przypominaj\u0105ce r\u0119cznie wykonane zdobienia.<\/p>\n<p><strong>Uchwyty glamour<\/strong> to synonim luksusu i blasku. Wyr\u00f3\u017cniaj\u0105 je b\u0142yszcz\u0105ce wyko\u0144czenia oraz kryszta\u0142owe lub szklane elementy. Wykonane s\u0105 z materia\u0142\u00f3w takich jak polerowane metale, mosi\u0105dz czy kryszta\u0142, nierzadko z dodatkami po\u0142yskuj\u0105cego z\u0142ota lub srebra.<\/p>\n<h3>Praktyczno\u015b\u0107 uchwyt\u00f3w a Twoje upodobania<\/h3>\n<p>Je\u015bli cz\u0119sto gotujesz, w Twojej kuchni najlepiej sprawdz\u0105 si\u0119 uchwyty, kt\u00f3re s\u0105 \u0142atwe do czyszczenia i wygodne w u\u017cyciu. Natomiast, je\u015bli rzadko przyrz\u0105dzasz posi\u0142ki w domu, estetyka mo\u017ce przewa\u017ca\u0107 nad praktyczno\u015bci\u0105. Uchwyty powinny r\u00f3wnie\u017c pasowa\u0107 do og\u00f3lnej estetyki kuchni \u2013 minimalistyczne s\u0105 odpowiednie dla nowoczesnych wn\u0119trz, rustykalne lepiej komponuj\u0105 si\u0119 z klasycznym lub wiejskim stylem. Wybieraj\u0105c uchwyty, staraj si\u0119 znale\u017a\u0107 balans mi\u0119dzy estetyk\u0105 a funkcjonalno\u015bci\u0105 \u2013 w\u00f3wczas Twoja kuchnia b\u0119dzie nie tylko pi\u0119kna, ale i praktyczna na co dzie\u0144.<\/p>\n<p style=\"text-align: center;\"><strong>Czytaj r\u00f3wnie\u017c: <a href=\"https:\/\/www.brw.pl\/blog\/porzadek-w-kuchni-jakie-fronty-kuchenne-najlatwiej-utrzymac-w-czystosci\/\" target=\"_blank\" rel=\"noopener\">&#8222;Porz\u0105dek w kuchni. Jakie fronty kuchenne naj\u0142atwiej utrzyma\u0107 w czysto\u015bci?&#8221;<\/a>.\u00a0<\/strong><\/p>\n<h2><strong>Podsumowanie<\/strong><\/h2>\n<p>Wyb\u00f3r uchwyt\u00f3w do mebli kuchennych to wa\u017cny etap projektowy. Pami\u0119taj o dopasowaniu ich do stylu wn\u0119trza, kolorystyki front\u00f3w oraz Twoich codziennych potrzeb. Niezale\u017cnie od tego, czy preferujesz nowoczesny minimalizm, klasyczn\u0105 elegancj\u0119 czy blask glamour, odpowiednie uchwyty b\u0119d\u0105 idealnym dope\u0142nieniem Twojej kuchni.<\/p>\n<p style=\"text-align: center;\"><strong>Wi\u0119cej inspiracji znajdziesz w <a href=\"https:\/\/www.brw.pl\/\" target=\"_blank\" rel=\"noopener\">sklepie internetowym Black Red White<\/a>. Zapraszamy!<\/strong><\/p>\n","protected":false},"excerpt":{"rendered":"<p>Co wybra\u0107 \u2013 nowoczesne relingi, stylowe uchwyty muszelkowe, a mo\u017ce klasyczne ga\u0142ki?\u00a0Jak dobra\u0107 uchwyty do szafek kuchennych? O funkcjonalnych rozwi\u0105zaniach i trendach w projektowaniu przeczytasz w dzisiejszym artykule. Zapraszamy!<\/p>\n","protected":false},"author":21,"featured_media":36393,"comment_status":"closed","ping_status":"open","sticky":false,"template":"","format":"standard","meta":{"footnotes":""},"categories":[26,574],"tags":[],"aioseo_notices":[],"_links":{"self":[{"href":"https:\/\/www.brw.pl\/blog\/wp-json\/wp\/v2\/posts\/36392"}],"collection":[{"href":"https:\/\/www.brw.pl\/blog\/wp-json\/wp\/v2\/posts"}],"about":[{"href":"https:\/\/www.brw.pl\/blog\/wp-json\/wp\/v2\/types\/post"}],"author":[{"embeddable":true,"href":"https:\/\/www.brw.pl\/blog\/wp-json\/wp\/v2\/users\/21"}],"replies":[{"embeddable":true,"href":"https:\/\/www.brw.pl\/blog\/wp-json\/wp\/v2\/comments?post=36392"}],"version-history":[{"count":1,"href":"https:\/\/www.brw.pl\/blog\/wp-json\/wp\/v2\/posts\/36392\/revisions"}],"predecessor-version":[{"id":36403,"href":"https:\/\/www.brw.pl\/blog\/wp-json\/wp\/v2\/posts\/36392\/revisions\/36403"}],"wp:featuredmedia":[{"embeddable":true,"href":"https:\/\/www.brw.pl\/blog\/wp-json\/wp\/v2\/media\/36393"}],"wp:attachment":[{"href":"https:\/\/www.brw.pl\/blog\/wp-json\/wp\/v2\/media?parent=36392"}],"wp:term":[{"taxonomy":"category","embeddable":true,"href":"https:\/\/www.brw.pl\/blog\/wp-json\/wp\/v2\/categories?post=36392"},{"taxonomy":"post_tag","embeddable":true,"href":"https:\/\/www.brw.pl\/blog\/wp-json\/wp\/v2\/tags?post=36392"}],"curies":[{"name":"wp","href":"https:\/\/api.w.org\/{rel}","templated":true}]}}